{"id":98,"date":"2012-08-29T12:27:00","date_gmt":"2012-08-29T11:27:00","guid":{"rendered":"http:\/\/micoulou.info\/wp\/index.php\/2012\/08\/29\/excursion-en-bus\/"},"modified":"2012-08-29T12:27:00","modified_gmt":"2012-08-29T11:27:00","slug":"excursion-en-bus","status":"publish","type":"post","link":"https:\/\/www.micoulou-photos.com\/index.php\/2012\/08\/29\/excursion-en-bus\/","title":{"rendered":"excursion en bus"},"content":{"rendered":"<p>Un petit r\u00e9sum\u00e9 de l&rsquo;excursion en bus, une partie du Golden circle, un tour de 6h, assez cher, mais o\u00f9 on passe le plus grand du temps dans un bus&#8230; Cela permet d&rsquo;avoir un aper\u00e7u rapide de l&rsquo;Islande, mais cela m\u00e9riterais un temps d&rsquo;arr\u00eat beaucoup plus long.<\/p>\n<table align=\"center\" cellpadding=\"0\" cellspacing=\"0\" style=\"margin-left: auto; margin-right: auto; text-align: center;\">\n<tbody>\n<tr>\n<td style=\"text-align: center;\"><a href=\"https:\/\/i0.wp.com\/4.bp.blogspot.com\/-udWdtrm6Fbg\/UDtDEhndwAI\/AAAAAAAA1_c\/z17Xylob8_Q\/s1600\/IMGP0866.jpg\" style=\"margin-left: auto; margin-right: auto;\"><img data-recalc-dims=\"1\" fetchpriority=\"high\" decoding=\"async\" border=\"0\" height=\"214\" src=\"https:\/\/i0.wp.com\/4.bp.blogspot.com\/-udWdtrm6Fbg\/UDtDEhndwAI\/AAAAAAAA1_c\/z17Xylob8_Q\/s320\/IMGP0866.jpg?resize=320%2C214\" width=\"320\" \/><\/a><\/td>\n<\/tr>\n<tr>\n<td style=\"text-align: center;\">Haukadalur<\/td>\n<\/tr>\n<\/tbody>\n<\/table>\n<p><\/p>\n<table align=\"center\" cellpadding=\"0\" cellspacing=\"0\" style=\"margin-left: auto; margin-right: auto; text-align: center;\">\n<tbody>\n<tr>\n<td style=\"text-align: center;\"><a href=\"https:\/\/i0.wp.com\/2.bp.blogspot.com\/-hZKUiZvEosA\/UDtDMpYXM5I\/AAAAAAAA1_4\/XFRrBCRD-NY\/s1600\/IMGP0871.jpg\" style=\"margin-left: auto; margin-right: auto;\"><img data-recalc-dims=\"1\" decoding=\"async\" border=\"0\" height=\"320\" src=\"https:\/\/i0.wp.com\/2.bp.blogspot.com\/-hZKUiZvEosA\/UDtDMpYXM5I\/AAAAAAAA1_4\/XFRrBCRD-NY\/s320\/IMGP0871.jpg?resize=214%2C320\" width=\"214\" \/><\/a><\/td>\n<\/tr>\n<tr>\n<td style=\"text-align: center;\">Le geyser Strokkur, toujours actif<\/td>\n<\/tr>\n<\/tbody>\n<\/table>\n<p><\/p>\n<table align=\"center\" cellpadding=\"0\" cellspacing=\"0\" style=\"margin-left: auto; margin-right: auto; text-align: center;\">\n<tbody>\n<tr>\n<td style=\"text-align: center;\"><a href=\"https:\/\/i0.wp.com\/4.bp.blogspot.com\/-fAz9WfgNM2Y\/UDtD1h547sI\/AAAAAAAA2B8\/IbwL490A_dU\/s1600\/IMGP0892.jpg\" style=\"margin-left: auto; margin-right: auto;\"><img data-recalc-dims=\"1\" decoding=\"async\" border=\"0\" height=\"214\" src=\"https:\/\/i0.wp.com\/4.bp.blogspot.com\/-fAz9WfgNM2Y\/UDtD1h547sI\/AAAAAAAA2B8\/IbwL490A_dU\/s320\/IMGP0892.jpg?resize=320%2C214\" width=\"320\" \/><\/a><\/td>\n<\/tr>\n<tr>\n<td style=\"text-align: center;\">Le geyser Geysir, qui a donn\u00e9 son nom&#8230;<\/td>\n<\/tr>\n<\/tbody>\n<\/table>\n<p><\/p>\n<table align=\"center\" cellpadding=\"0\" cellspacing=\"0\" style=\"margin-left: auto; margin-right: auto; text-align: center;\">\n<tbody>\n<tr>\n<td style=\"text-align: center;\"><a href=\"https:\/\/i0.wp.com\/2.bp.blogspot.com\/-PvrW2h2IhHE\/UDtD3OBxF3I\/AAAAAAAA2CE\/V-omA-O653c\/s1600\/IMGP0900.jpg\" style=\"margin-left: auto; margin-right: auto;\"><img data-recalc-dims=\"1\" loading=\"lazy\" decoding=\"async\" border=\"0\" height=\"214\" src=\"https:\/\/i0.wp.com\/2.bp.blogspot.com\/-PvrW2h2IhHE\/UDtD3OBxF3I\/AAAAAAAA2CE\/V-omA-O653c\/s320\/IMGP0900.jpg?resize=320%2C214\" width=\"320\" \/><\/a><\/td>\n<\/tr>\n<tr>\n<td style=\"text-align: center;\">Un geyser vu de haut<\/td>\n<\/tr>\n<\/tbody>\n<\/table>\n<p><\/p>\n<table align=\"center\" cellpadding=\"0\" cellspacing=\"0\" style=\"margin-left: auto; margin-right: auto; text-align: center;\">\n<tbody>\n<tr>\n<td style=\"text-align: center;\"><a href=\"https:\/\/i0.wp.com\/3.bp.blogspot.com\/-hH5PQoC8Jjk\/UDtEpcgIh7I\/AAAAAAAA2E0\/yCFheDkRlvw\/s1600\/IMGP0928.jpg\" style=\"margin-left: auto; margin-right: auto;\"><img data-recalc-dims=\"1\" loading=\"lazy\" decoding=\"async\" border=\"0\" height=\"214\" src=\"https:\/\/i0.wp.com\/3.bp.blogspot.com\/-hH5PQoC8Jjk\/UDtEpcgIh7I\/AAAAAAAA2E0\/yCFheDkRlvw\/s320\/IMGP0928.jpg?resize=320%2C214\" width=\"320\" \/><\/a><\/td>\n<\/tr>\n<tr>\n<td style=\"text-align: center;\">Gullfoss<\/td>\n<\/tr>\n<\/tbody>\n<\/table>\n<p><\/p>\n<table align=\"center\" cellpadding=\"0\" cellspacing=\"0\" style=\"margin-left: auto; margin-right: auto; text-align: center;\">\n<tbody>\n<tr>\n<td style=\"text-align: center;\"><a href=\"https:\/\/i0.wp.com\/2.bp.blogspot.com\/-GH6PAXSOQB0\/UDtFKIfdQoI\/AAAAAAAA2Gk\/ZiKAtxWJIQU\/s1600\/IMGP0956.jpg\" style=\"margin-left: auto; margin-right: auto;\"><img data-recalc-dims=\"1\" loading=\"lazy\" decoding=\"async\" border=\"0\" height=\"214\" src=\"https:\/\/i0.wp.com\/2.bp.blogspot.com\/-GH6PAXSOQB0\/UDtFKIfdQoI\/AAAAAAAA2Gk\/ZiKAtxWJIQU\/s320\/IMGP0956.jpg?resize=320%2C214\" width=\"320\" \/><\/a><\/td>\n<\/tr>\n<tr>\n<td style=\"text-align: center;\">Gullfoss<\/td>\n<\/tr>\n<\/tbody>\n<\/table>\n<p><\/p>\n<table align=\"center\" cellpadding=\"0\" cellspacing=\"0\" style=\"margin-left: auto; margin-right: auto; text-align: center;\">\n<tbody>\n<tr>\n<td style=\"text-align: center;\"><a href=\"https:\/\/i0.wp.com\/4.bp.blogspot.com\/-A8EvBxe1-2s\/UDtFQQSNnJI\/AAAAAAAA2G4\/NUhZrVpIgxw\/s1600\/IMGP0962.jpg\" style=\"margin-left: auto; margin-right: auto;\"><img data-recalc-dims=\"1\" loading=\"lazy\" decoding=\"async\" border=\"0\" height=\"320\" src=\"https:\/\/i0.wp.com\/4.bp.blogspot.com\/-A8EvBxe1-2s\/UDtFQQSNnJI\/AAAAAAAA2G4\/NUhZrVpIgxw\/s320\/IMGP0962.jpg?resize=214%2C320\" width=\"214\" \/><\/a><\/td>\n<\/tr>\n<tr>\n<td style=\"text-align: center;\">\u00deingvellir avec la faille europe\/amerique<\/td>\n<\/tr>\n<\/tbody>\n<\/table>\n<p><\/p>\n<table align=\"center\" cellpadding=\"0\" cellspacing=\"0\" style=\"margin-left: auto; margin-right: auto; text-align: center;\">\n<tbody>\n<tr>\n<td style=\"text-align: center;\"><a href=\"https:\/\/i0.wp.com\/1.bp.blogspot.com\/-Dv9KgD7EJps\/UDtFWYYlkMI\/AAAAAAAA2HM\/c8SVSnfDcqI\/s1600\/IMGP0967.jpg\" style=\"margin-left: auto; margin-right: auto;\"><img data-recalc-dims=\"1\" loading=\"lazy\" decoding=\"async\" border=\"0\" height=\"214\" src=\"https:\/\/i0.wp.com\/1.bp.blogspot.com\/-Dv9KgD7EJps\/UDtFWYYlkMI\/AAAAAAAA2HM\/c8SVSnfDcqI\/s320\/IMGP0967.jpg?resize=320%2C214\" width=\"320\" \/><\/a><\/td>\n<\/tr>\n<tr>\n<td style=\"text-align: center;\">\u00deingvellir : la ou se tenait le premier parlement d&rsquo;europe<\/td>\n<\/tr>\n<\/tbody>\n<\/table>\n<p><\/p>\n<table align=\"center\" cellpadding=\"0\" cellspacing=\"0\" style=\"margin-left: auto; margin-right: auto; text-align: center;\">\n<tbody>\n<tr>\n<td style=\"text-align: center;\"><a href=\"https:\/\/i0.wp.com\/3.bp.blogspot.com\/-Mx4h4MIpZ9E\/UDtFqm94StI\/AAAAAAAA2IU\/DpffUcrCBRU\/s1600\/IMGP0975.jpg\" style=\"margin-left: auto; margin-right: auto;\"><img data-recalc-dims=\"1\" loading=\"lazy\" decoding=\"async\" border=\"0\" height=\"214\" src=\"https:\/\/i0.wp.com\/3.bp.blogspot.com\/-Mx4h4MIpZ9E\/UDtFqm94StI\/AAAAAAAA2IU\/DpffUcrCBRU\/s320\/IMGP0975.jpg?resize=320%2C214\" width=\"320\" \/><\/a><\/td>\n<\/tr>\n<tr>\n<td style=\"text-align: center;\">\u00deingvellir<\/td>\n<\/tr>\n<\/tbody>\n<\/table>\n<p><\/p>\n<table align=\"center\" cellpadding=\"0\" cellspacing=\"0\" style=\"margin-left: auto; margin-right: auto; text-align: center;\">\n<tbody>\n<tr>\n<td style=\"text-align: center;\"><a href=\"https:\/\/i0.wp.com\/3.bp.blogspot.com\/-ehuBijULudQ\/UDtI3R7oDQI\/AAAAAAAA2TE\/3VAWaIdSfSc\/s1600\/IMG_5083.jpg\" style=\"margin-left: auto; margin-right: auto;\"><img data-recalc-dims=\"1\" loading=\"lazy\" decoding=\"async\" border=\"0\" height=\"213\" src=\"https:\/\/i0.wp.com\/3.bp.blogspot.com\/-ehuBijULudQ\/UDtI3R7oDQI\/AAAAAAAA2TE\/3VAWaIdSfSc\/s320\/IMG_5083.jpg?resize=320%2C213\" width=\"320\" \/><\/a><\/td>\n<\/tr>\n<tr>\n<td style=\"text-align: center;\">Durant le trajet<\/td>\n<\/tr>\n<\/tbody>\n<\/table>\n<p><\/p>\n<table align=\"center\" cellpadding=\"0\" cellspacing=\"0\" style=\"margin-left: auto; margin-right: auto; text-align: center;\">\n<tbody>\n<tr>\n<td style=\"text-align: center;\"><a href=\"https:\/\/i0.wp.com\/3.bp.blogspot.com\/-Dx-dakloI38\/UDtIvh9qCnI\/AAAAAAAA2So\/n1O-1q7T3x8\/s1600\/IMG_5078.jpg\" style=\"margin-left: auto; margin-right: auto;\"><img data-recalc-dims=\"1\" loading=\"lazy\" decoding=\"async\" border=\"0\" height=\"212\" src=\"https:\/\/i0.wp.com\/3.bp.blogspot.com\/-Dx-dakloI38\/UDtIvh9qCnI\/AAAAAAAA2So\/n1O-1q7T3x8\/s320\/IMG_5078.jpg?resize=320%2C212\" width=\"320\" \/><\/a><\/td>\n<\/tr>\n<tr>\n<td style=\"text-align: center;\">Le volcan qui a bloqu\u00e9 les avions en 2010<\/td>\n<\/tr>\n<\/tbody>\n<\/table>\n<p><\/p>\n<div style=\"clear: both; text-align: center;\"><a href=\"https:\/\/i0.wp.com\/2.bp.blogspot.com\/-gFoFLoFjpNY\/UDtJFOgg4QI\/AAAAAAAA2Tw\/WhiL7UzweMA\/s1600\/IMG_5109.jpg\" style=\"margin-left: 1em; margin-right: 1em;\"><img data-recalc-dims=\"1\" loading=\"lazy\" decoding=\"async\" border=\"0\" height=\"213\" src=\"https:\/\/i0.wp.com\/2.bp.blogspot.com\/-gFoFLoFjpNY\/UDtJFOgg4QI\/AAAAAAAA2Tw\/WhiL7UzweMA\/s320\/IMG_5109.jpg?resize=320%2C213\" width=\"320\" \/><\/a><\/div>\n<p><\/p>\n<table align=\"center\" cellpadding=\"0\" cellspacing=\"0\" style=\"margin-left: auto; margin-right: auto; text-align: center;\">\n<tbody>\n<tr>\n<td style=\"text-align: center;\"><a href=\"https:\/\/i0.wp.com\/4.bp.blogspot.com\/-qIj8H4tOD6I\/UDtJg4kma9I\/AAAAAAAA2VU\/bdhzrBc0i3Q\/s1600\/IMG_5145.jpg\" style=\"margin-left: auto; margin-right: auto;\"><img data-recalc-dims=\"1\" loading=\"lazy\" decoding=\"async\" border=\"0\" height=\"213\" src=\"https:\/\/i0.wp.com\/4.bp.blogspot.com\/-qIj8H4tOD6I\/UDtJg4kma9I\/AAAAAAAA2VU\/bdhzrBc0i3Q\/s320\/IMG_5145.jpg?resize=320%2C213\" width=\"320\" \/><\/a><\/td>\n<\/tr>\n<tr>\n<td style=\"text-align: center;\">La faille Am\u00e9rique\/Europe, de plus loin.<\/td>\n<\/tr>\n<\/tbody>\n<\/table>\n<p><\/p>\n","protected":false},"excerpt":{"rendered":"<p>Un petit r\u00e9sum\u00e9 de l&rsquo;excursion en bus, une partie du Golden circle, un tour de 6h, assez cher, mais o\u00f9 on passe le plus grand du temps dans un bus&#8230; Cela permet d&rsquo;avoir un aper\u00e7u rapide de l&rsquo;Islande, mais cela m\u00e9riterais un temps d&rsquo;arr\u00eat beaucoup plus long. Haukadalur Le geyser Strokkur, toujours actif Le geyser [&hellip;]<\/p>\n","protected":false},"author":1,"featured_media":0,"comment_status":"open","ping_status":"open","sticky":false,"template":"","format":"standard","meta":{"jetpack_post_was_ever_published":false,"_jetpack_newsletter_access":"","_jetpack_dont_email_post_to_subs":false,"_jetpack_newsletter_tier_id":0,"_jetpack_memberships_contains_paywalled_content":false,"_jetpack_memberships_contains_paid_content":false,"footnotes":"","jetpack_publicize_message":"","jetpack_publicize_feature_enabled":true,"jetpack_social_post_already_shared":false,"jetpack_social_options":{"image_generator_settings":{"template":"highway","default_image_id":0,"font":"","enabled":false},"version":2}},"categories":[1],"tags":[],"class_list":["post-98","post","type-post","status-publish","format-standard","hentry","category-non-classe"],"yoast_head":"<!-- This site is optimized with the Yoast SEO plugin v27.5 - https:\/\/yoast.com\/product\/yoast-seo-wordpress\/ -->\n<title>excursion en bus - Micoulou Photographie<\/title>\n<meta name=\"robots\" content=\"index, follow, max-snippet:-1, max-image-preview:large, max-video-preview:-1\" \/>\n<link rel=\"canonical\" href=\"https:\/\/www.micoulou-photos.com\/index.php\/2012\/08\/29\/excursion-en-bus\/\" \/>\n<meta property=\"og:locale\" content=\"fr_FR\" \/>\n<meta property=\"og:type\" content=\"article\" \/>\n<meta property=\"og:title\" content=\"excursion en bus - Micoulou Photographie\" \/>\n<meta property=\"og:description\" content=\"Un petit r\u00e9sum\u00e9 de l&rsquo;excursion en bus, une partie du Golden circle, un tour de 6h, assez cher, mais o\u00f9 on passe le plus grand du temps dans un bus&#8230; Cela permet d&rsquo;avoir un aper\u00e7u rapide de l&rsquo;Islande, mais cela m\u00e9riterais un temps d&rsquo;arr\u00eat beaucoup plus long. Haukadalur Le geyser Strokkur, toujours actif Le geyser [&hellip;]\" \/>\n<meta property=\"og:url\" content=\"https:\/\/www.micoulou-photos.com\/index.php\/2012\/08\/29\/excursion-en-bus\/\" \/>\n<meta property=\"og:site_name\" content=\"Micoulou Photographie\" \/>\n<meta property=\"article:published_time\" content=\"2012-08-29T11:27:00+00:00\" \/>\n<meta property=\"og:image\" content=\"http:\/\/4.bp.blogspot.com\/-udWdtrm6Fbg\/UDtDEhndwAI\/AAAAAAAA1_c\/z17Xylob8_Q\/s320\/IMGP0866.jpg\" \/>\n<meta name=\"author\" content=\"micoulou\" \/>\n<meta name=\"twitter:card\" content=\"summary_large_image\" \/>\n<meta name=\"twitter:label1\" content=\"\u00c9crit par\" \/>\n\t<meta name=\"twitter:data1\" content=\"micoulou\" \/>\n\t<meta name=\"twitter:label2\" content=\"Dur\u00e9e de lecture estim\u00e9e\" \/>\n\t<meta name=\"twitter:data2\" content=\"1 minute\" \/>\n<script type=\"application\/ld+json\" class=\"yoast-schema-graph\">{\"@context\":\"https:\\\/\\\/schema.org\",\"@graph\":[{\"@type\":\"Article\",\"@id\":\"https:\\\/\\\/www.micoulou-photos.com\\\/index.php\\\/2012\\\/08\\\/29\\\/excursion-en-bus\\\/#article\",\"isPartOf\":{\"@id\":\"https:\\\/\\\/www.micoulou-photos.com\\\/index.php\\\/2012\\\/08\\\/29\\\/excursion-en-bus\\\/\"},\"author\":{\"name\":\"micoulou\",\"@id\":\"https:\\\/\\\/www.micoulou-photos.com\\\/#\\\/schema\\\/person\\\/6aedfe8ebe91da632f46e7c9d806a722\"},\"headline\":\"excursion en bus\",\"datePublished\":\"2012-08-29T11:27:00+00:00\",\"mainEntityOfPage\":{\"@id\":\"https:\\\/\\\/www.micoulou-photos.com\\\/index.php\\\/2012\\\/08\\\/29\\\/excursion-en-bus\\\/\"},\"wordCount\":115,\"commentCount\":0,\"publisher\":{\"@id\":\"https:\\\/\\\/www.micoulou-photos.com\\\/#organization\"},\"image\":{\"@id\":\"https:\\\/\\\/www.micoulou-photos.com\\\/index.php\\\/2012\\\/08\\\/29\\\/excursion-en-bus\\\/#primaryimage\"},\"thumbnailUrl\":\"http:\\\/\\\/4.bp.blogspot.com\\\/-udWdtrm6Fbg\\\/UDtDEhndwAI\\\/AAAAAAAA1_c\\\/z17Xylob8_Q\\\/s320\\\/IMGP0866.jpg\",\"inLanguage\":\"fr-FR\",\"potentialAction\":[{\"@type\":\"CommentAction\",\"name\":\"Comment\",\"target\":[\"https:\\\/\\\/www.micoulou-photos.com\\\/index.php\\\/2012\\\/08\\\/29\\\/excursion-en-bus\\\/#respond\"]}]},{\"@type\":\"WebPage\",\"@id\":\"https:\\\/\\\/www.micoulou-photos.com\\\/index.php\\\/2012\\\/08\\\/29\\\/excursion-en-bus\\\/\",\"url\":\"https:\\\/\\\/www.micoulou-photos.com\\\/index.php\\\/2012\\\/08\\\/29\\\/excursion-en-bus\\\/\",\"name\":\"excursion en bus - Micoulou Photographie\",\"isPartOf\":{\"@id\":\"https:\\\/\\\/www.micoulou-photos.com\\\/#website\"},\"primaryImageOfPage\":{\"@id\":\"https:\\\/\\\/www.micoulou-photos.com\\\/index.php\\\/2012\\\/08\\\/29\\\/excursion-en-bus\\\/#primaryimage\"},\"image\":{\"@id\":\"https:\\\/\\\/www.micoulou-photos.com\\\/index.php\\\/2012\\\/08\\\/29\\\/excursion-en-bus\\\/#primaryimage\"},\"thumbnailUrl\":\"http:\\\/\\\/4.bp.blogspot.com\\\/-udWdtrm6Fbg\\\/UDtDEhndwAI\\\/AAAAAAAA1_c\\\/z17Xylob8_Q\\\/s320\\\/IMGP0866.jpg\",\"datePublished\":\"2012-08-29T11:27:00+00:00\",\"breadcrumb\":{\"@id\":\"https:\\\/\\\/www.micoulou-photos.com\\\/index.php\\\/2012\\\/08\\\/29\\\/excursion-en-bus\\\/#breadcrumb\"},\"inLanguage\":\"fr-FR\",\"potentialAction\":[{\"@type\":\"ReadAction\",\"target\":[\"https:\\\/\\\/www.micoulou-photos.com\\\/index.php\\\/2012\\\/08\\\/29\\\/excursion-en-bus\\\/\"]}]},{\"@type\":\"ImageObject\",\"inLanguage\":\"fr-FR\",\"@id\":\"https:\\\/\\\/www.micoulou-photos.com\\\/index.php\\\/2012\\\/08\\\/29\\\/excursion-en-bus\\\/#primaryimage\",\"url\":\"http:\\\/\\\/4.bp.blogspot.com\\\/-udWdtrm6Fbg\\\/UDtDEhndwAI\\\/AAAAAAAA1_c\\\/z17Xylob8_Q\\\/s320\\\/IMGP0866.jpg\",\"contentUrl\":\"http:\\\/\\\/4.bp.blogspot.com\\\/-udWdtrm6Fbg\\\/UDtDEhndwAI\\\/AAAAAAAA1_c\\\/z17Xylob8_Q\\\/s320\\\/IMGP0866.jpg\"},{\"@type\":\"BreadcrumbList\",\"@id\":\"https:\\\/\\\/www.micoulou-photos.com\\\/index.php\\\/2012\\\/08\\\/29\\\/excursion-en-bus\\\/#breadcrumb\",\"itemListElement\":[{\"@type\":\"ListItem\",\"position\":1,\"name\":\"Accueil\",\"item\":\"https:\\\/\\\/www.micoulou-photos.com\\\/\"},{\"@type\":\"ListItem\",\"position\":2,\"name\":\"excursion en bus\"}]},{\"@type\":\"WebSite\",\"@id\":\"https:\\\/\\\/www.micoulou-photos.com\\\/#website\",\"url\":\"https:\\\/\\\/www.micoulou-photos.com\\\/\",\"name\":\"Micoulou Photographie\",\"description\":\"Photographies, Visites virtuelles et formations par Mickael Minarie\",\"publisher\":{\"@id\":\"https:\\\/\\\/www.micoulou-photos.com\\\/#organization\"},\"potentialAction\":[{\"@type\":\"SearchAction\",\"target\":{\"@type\":\"EntryPoint\",\"urlTemplate\":\"https:\\\/\\\/www.micoulou-photos.com\\\/?s={search_term_string}\"},\"query-input\":{\"@type\":\"PropertyValueSpecification\",\"valueRequired\":true,\"valueName\":\"search_term_string\"}}],\"inLanguage\":\"fr-FR\"},{\"@type\":\"Organization\",\"@id\":\"https:\\\/\\\/www.micoulou-photos.com\\\/#organization\",\"name\":\"Micoulou Photographie\",\"url\":\"https:\\\/\\\/www.micoulou-photos.com\\\/\",\"logo\":{\"@type\":\"ImageObject\",\"inLanguage\":\"fr-FR\",\"@id\":\"https:\\\/\\\/www.micoulou-photos.com\\\/#\\\/schema\\\/logo\\\/image\\\/\",\"url\":\"https:\\\/\\\/i0.wp.com\\\/www.micoulou-photos.com\\\/wp-content\\\/uploads\\\/2020\\\/05\\\/cropped-891667_552097324824916_1615181552_o-1.jpg?fit=643%2C722&ssl=1\",\"contentUrl\":\"https:\\\/\\\/i0.wp.com\\\/www.micoulou-photos.com\\\/wp-content\\\/uploads\\\/2020\\\/05\\\/cropped-891667_552097324824916_1615181552_o-1.jpg?fit=643%2C722&ssl=1\",\"width\":643,\"height\":722,\"caption\":\"Micoulou Photographie\"},\"image\":{\"@id\":\"https:\\\/\\\/www.micoulou-photos.com\\\/#\\\/schema\\\/logo\\\/image\\\/\"}},{\"@type\":\"Person\",\"@id\":\"https:\\\/\\\/www.micoulou-photos.com\\\/#\\\/schema\\\/person\\\/6aedfe8ebe91da632f46e7c9d806a722\",\"name\":\"micoulou\",\"image\":{\"@type\":\"ImageObject\",\"inLanguage\":\"fr-FR\",\"@id\":\"https:\\\/\\\/secure.gravatar.com\\\/avatar\\\/98f892eb7d267eab2faa437baa3edd708deaaa43929316c0cc7b751a04cb247b?s=96&d=mm&r=g\",\"url\":\"https:\\\/\\\/secure.gravatar.com\\\/avatar\\\/98f892eb7d267eab2faa437baa3edd708deaaa43929316c0cc7b751a04cb247b?s=96&d=mm&r=g\",\"contentUrl\":\"https:\\\/\\\/secure.gravatar.com\\\/avatar\\\/98f892eb7d267eab2faa437baa3edd708deaaa43929316c0cc7b751a04cb247b?s=96&d=mm&r=g\",\"caption\":\"micoulou\"},\"url\":\"https:\\\/\\\/www.micoulou-photos.com\\\/index.php\\\/author\\\/micoulou\\\/\"}]}<\/script>\n<!-- \/ Yoast SEO plugin. -->","yoast_head_json":{"title":"excursion en bus - Micoulou Photographie","robots":{"index":"index","follow":"follow","max-snippet":"max-snippet:-1","max-image-preview":"max-image-preview:large","max-video-preview":"max-video-preview:-1"},"canonical":"https:\/\/www.micoulou-photos.com\/index.php\/2012\/08\/29\/excursion-en-bus\/","og_locale":"fr_FR","og_type":"article","og_title":"excursion en bus - Micoulou Photographie","og_description":"Un petit r\u00e9sum\u00e9 de l&rsquo;excursion en bus, une partie du Golden circle, un tour de 6h, assez cher, mais o\u00f9 on passe le plus grand du temps dans un bus&#8230; Cela permet d&rsquo;avoir un aper\u00e7u rapide de l&rsquo;Islande, mais cela m\u00e9riterais un temps d&rsquo;arr\u00eat beaucoup plus long. Haukadalur Le geyser Strokkur, toujours actif Le geyser [&hellip;]","og_url":"https:\/\/www.micoulou-photos.com\/index.php\/2012\/08\/29\/excursion-en-bus\/","og_site_name":"Micoulou Photographie","article_published_time":"2012-08-29T11:27:00+00:00","og_image":[{"url":"http:\/\/4.bp.blogspot.com\/-udWdtrm6Fbg\/UDtDEhndwAI\/AAAAAAAA1_c\/z17Xylob8_Q\/s320\/IMGP0866.jpg","type":"","width":"","height":""}],"author":"micoulou","twitter_card":"summary_large_image","twitter_misc":{"\u00c9crit par":"micoulou","Dur\u00e9e de lecture estim\u00e9e":"1 minute"},"schema":{"@context":"https:\/\/schema.org","@graph":[{"@type":"Article","@id":"https:\/\/www.micoulou-photos.com\/index.php\/2012\/08\/29\/excursion-en-bus\/#article","isPartOf":{"@id":"https:\/\/www.micoulou-photos.com\/index.php\/2012\/08\/29\/excursion-en-bus\/"},"author":{"name":"micoulou","@id":"https:\/\/www.micoulou-photos.com\/#\/schema\/person\/6aedfe8ebe91da632f46e7c9d806a722"},"headline":"excursion en bus","datePublished":"2012-08-29T11:27:00+00:00","mainEntityOfPage":{"@id":"https:\/\/www.micoulou-photos.com\/index.php\/2012\/08\/29\/excursion-en-bus\/"},"wordCount":115,"commentCount":0,"publisher":{"@id":"https:\/\/www.micoulou-photos.com\/#organization"},"image":{"@id":"https:\/\/www.micoulou-photos.com\/index.php\/2012\/08\/29\/excursion-en-bus\/#primaryimage"},"thumbnailUrl":"http:\/\/4.bp.blogspot.com\/-udWdtrm6Fbg\/UDtDEhndwAI\/AAAAAAAA1_c\/z17Xylob8_Q\/s320\/IMGP0866.jpg","inLanguage":"fr-FR","potentialAction":[{"@type":"CommentAction","name":"Comment","target":["https:\/\/www.micoulou-photos.com\/index.php\/2012\/08\/29\/excursion-en-bus\/#respond"]}]},{"@type":"WebPage","@id":"https:\/\/www.micoulou-photos.com\/index.php\/2012\/08\/29\/excursion-en-bus\/","url":"https:\/\/www.micoulou-photos.com\/index.php\/2012\/08\/29\/excursion-en-bus\/","name":"excursion en bus - Micoulou Photographie","isPartOf":{"@id":"https:\/\/www.micoulou-photos.com\/#website"},"primaryImageOfPage":{"@id":"https:\/\/www.micoulou-photos.com\/index.php\/2012\/08\/29\/excursion-en-bus\/#primaryimage"},"image":{"@id":"https:\/\/www.micoulou-photos.com\/index.php\/2012\/08\/29\/excursion-en-bus\/#primaryimage"},"thumbnailUrl":"http:\/\/4.bp.blogspot.com\/-udWdtrm6Fbg\/UDtDEhndwAI\/AAAAAAAA1_c\/z17Xylob8_Q\/s320\/IMGP0866.jpg","datePublished":"2012-08-29T11:27:00+00:00","breadcrumb":{"@id":"https:\/\/www.micoulou-photos.com\/index.php\/2012\/08\/29\/excursion-en-bus\/#breadcrumb"},"inLanguage":"fr-FR","potentialAction":[{"@type":"ReadAction","target":["https:\/\/www.micoulou-photos.com\/index.php\/2012\/08\/29\/excursion-en-bus\/"]}]},{"@type":"ImageObject","inLanguage":"fr-FR","@id":"https:\/\/www.micoulou-photos.com\/index.php\/2012\/08\/29\/excursion-en-bus\/#primaryimage","url":"http:\/\/4.bp.blogspot.com\/-udWdtrm6Fbg\/UDtDEhndwAI\/AAAAAAAA1_c\/z17Xylob8_Q\/s320\/IMGP0866.jpg","contentUrl":"http:\/\/4.bp.blogspot.com\/-udWdtrm6Fbg\/UDtDEhndwAI\/AAAAAAAA1_c\/z17Xylob8_Q\/s320\/IMGP0866.jpg"},{"@type":"BreadcrumbList","@id":"https:\/\/www.micoulou-photos.com\/index.php\/2012\/08\/29\/excursion-en-bus\/#breadcrumb","itemListElement":[{"@type":"ListItem","position":1,"name":"Accueil","item":"https:\/\/www.micoulou-photos.com\/"},{"@type":"ListItem","position":2,"name":"excursion en bus"}]},{"@type":"WebSite","@id":"https:\/\/www.micoulou-photos.com\/#website","url":"https:\/\/www.micoulou-photos.com\/","name":"Micoulou Photographie","description":"Photographies, Visites virtuelles et formations par Mickael Minarie","publisher":{"@id":"https:\/\/www.micoulou-photos.com\/#organization"},"potentialAction":[{"@type":"SearchAction","target":{"@type":"EntryPoint","urlTemplate":"https:\/\/www.micoulou-photos.com\/?s={search_term_string}"},"query-input":{"@type":"PropertyValueSpecification","valueRequired":true,"valueName":"search_term_string"}}],"inLanguage":"fr-FR"},{"@type":"Organization","@id":"https:\/\/www.micoulou-photos.com\/#organization","name":"Micoulou Photographie","url":"https:\/\/www.micoulou-photos.com\/","logo":{"@type":"ImageObject","inLanguage":"fr-FR","@id":"https:\/\/www.micoulou-photos.com\/#\/schema\/logo\/image\/","url":"https:\/\/i0.wp.com\/www.micoulou-photos.com\/wp-content\/uploads\/2020\/05\/cropped-891667_552097324824916_1615181552_o-1.jpg?fit=643%2C722&ssl=1","contentUrl":"https:\/\/i0.wp.com\/www.micoulou-photos.com\/wp-content\/uploads\/2020\/05\/cropped-891667_552097324824916_1615181552_o-1.jpg?fit=643%2C722&ssl=1","width":643,"height":722,"caption":"Micoulou Photographie"},"image":{"@id":"https:\/\/www.micoulou-photos.com\/#\/schema\/logo\/image\/"}},{"@type":"Person","@id":"https:\/\/www.micoulou-photos.com\/#\/schema\/person\/6aedfe8ebe91da632f46e7c9d806a722","name":"micoulou","image":{"@type":"ImageObject","inLanguage":"fr-FR","@id":"https:\/\/secure.gravatar.com\/avatar\/98f892eb7d267eab2faa437baa3edd708deaaa43929316c0cc7b751a04cb247b?s=96&d=mm&r=g","url":"https:\/\/secure.gravatar.com\/avatar\/98f892eb7d267eab2faa437baa3edd708deaaa43929316c0cc7b751a04cb247b?s=96&d=mm&r=g","contentUrl":"https:\/\/secure.gravatar.com\/avatar\/98f892eb7d267eab2faa437baa3edd708deaaa43929316c0cc7b751a04cb247b?s=96&d=mm&r=g","caption":"micoulou"},"url":"https:\/\/www.micoulou-photos.com\/index.php\/author\/micoulou\/"}]}},"jetpack_publicize_connections":[],"jetpack_featured_media_url":"","jetpack_sharing_enabled":true,"jetpack_shortlink":"https:\/\/wp.me\/p7zKF4-1A","jetpack-related-posts":[{"id":108,"url":"https:\/\/www.micoulou-photos.com\/index.php\/2012\/06\/30\/rekjavik-2\/","url_meta":{"origin":98,"position":0},"title":"Rekjavik","author":"micoulou","date":"30 juin 2012","format":false,"excerpt":"Arriv\u00e9 a Reykjav\u00edk a 5h du matin mercredi, avec un voyage qui s'est plut\u00f4t bien pass\u00e9, avec un peu de perturbation au d\u00e9but, mais finalement tout a \u00e9t\u00e9 vite (dire que ca fait 3 mois que je m\u2019inqui\u00e8te pour ce moment). J'ai trouv\u00e9 assez rapidement le bus qui m'a d\u00e9pose\u2026","rel":"","context":"Dans &quot;Non class\u00e9&quot;","block_context":{"text":"Non class\u00e9","link":"https:\/\/www.micoulou-photos.com\/index.php\/category\/non-classe\/"},"img":{"alt_text":"","src":"","width":0,"height":0},"classes":[]},{"id":193,"url":"https:\/\/www.micoulou-photos.com\/index.php\/2011\/05\/07\/traversee-kingston-osoyoos\/","url_meta":{"origin":98,"position":1},"title":"travers\u00e9e Kingston &#8211; Osoyoos&#8230;","author":"micoulou","date":"7 mai 2011","format":false,"excerpt":"Bon, enfin un article sur cette travers\u00e9e... Quand on est europeen, aller d'une partie d'un pays \u00e0 l'autre est rapide, en plus on a des TGV, pandolino, HST et autres ICE... Ici, on a le choix entre l'avion (poluant et cher), le train (lent et cher) et le bus... C'est\u2026","rel":"","context":"Dans &quot;Non class\u00e9&quot;","block_context":{"text":"Non class\u00e9","link":"https:\/\/www.micoulou-photos.com\/index.php\/category\/non-classe\/"},"img":{"alt_text":"","src":"https:\/\/i0.wp.com\/1.bp.blogspot.com\/-ctAtEa9r8W4\/TcDyBNfBgfI\/AAAAAAAAhe0\/8ZhFVKdvJsc\/s320\/IMGP2019.jpg?resize=350%2C200","width":350,"height":200},"classes":[]},{"id":106,"url":"https:\/\/www.micoulou-photos.com\/index.php\/2012\/07\/17\/fin-de-lislande-koln-aberdeen-et-la-suite\/","url_meta":{"origin":98,"position":2},"title":"fin de l&rsquo;islande, koln, aberdeen et la suite&#8230;","author":"micoulou","date":"17 juillet 2012","format":false,"excerpt":"Cela fait quelques semaines sans message, et beaucoup de choses se sont pass\u00e9s, que ce soit du cote photo que personnellement... Je mettrais des que je traiterais les photos sur chaque endroit que j'ai visit\u00e9...La fin du voyage s'est donc plutot bien pass\u00e9, j'ai plutot bien reussi a rattraper mon\u2026","rel":"","context":"Dans &quot;Non class\u00e9&quot;","block_context":{"text":"Non class\u00e9","link":"https:\/\/www.micoulou-photos.com\/index.php\/category\/non-classe\/"},"img":{"alt_text":"","src":"","width":0,"height":0},"classes":[]},{"id":99,"url":"https:\/\/www.micoulou-photos.com\/index.php\/2012\/08\/28\/rekjavik\/","url_meta":{"origin":98,"position":3},"title":"Rekjavik","author":"micoulou","date":"28 ao\u00fbt 2012","format":false,"excerpt":"Rekjavik, capitale de l'islande, qui contients quelques 2\/3 des habitants de l'ile...Une ville plutot sympa et moderne... Peu de trace du pass\u00e9, les anciennes habitations etaient des fermes en bois qui n'ont pas suport\u00e9s l'epreuve du temps.Je suis rest\u00e9 4 jours l\u00e0 bas, dont une journ\u00e9e o\u00f9 j'ai pris un\u2026","rel":"","context":"Dans &quot;Non class\u00e9&quot;","block_context":{"text":"Non class\u00e9","link":"https:\/\/www.micoulou-photos.com\/index.php\/category\/non-classe\/"},"img":{"alt_text":"","src":"https:\/\/i0.wp.com\/2.bp.blogspot.com\/-a1ouA7KelAY\/UDs8ay4rEMI\/AAAAAAAA1oM\/I09OBNCBL-A\/s320\/IMGP0418.jpg?resize=350%2C200","width":350,"height":200},"classes":[]},{"id":5327,"url":"https:\/\/www.micoulou-photos.com\/index.php\/2019\/10\/24\/les-aventures-dun-aspiboy-ep5-piste-cyclable-roger-labetie\/","url_meta":{"origin":98,"position":4},"title":"Les aventures d&rsquo;un aspiboy EP5 : Piste cyclable Roger Lap\u00e9bie","author":"micoulou","date":"24 octobre 2019","format":false,"excerpt":"Je vous ai d\u00e9j\u00e0 parl\u00e9 de cette piste cyclable dans les vid\u00e9os, mais l\u00e0 j'ai pu la faire presque en int\u00e9gralit\u00e9 (j'essaye de faire le reste demain pour la vid\u00e9o sur le Pentax K100D\/K110D), avec quelques aventures sur le chemins, donc je vais vous conter cel\u00e0 ici. Le contexte :\u2026","rel":"","context":"Dans &quot;Asperger&quot;","block_context":{"text":"Asperger","link":"https:\/\/www.micoulou-photos.com\/index.php\/category\/asperger\/"},"img":{"alt_text":"","src":"https:\/\/i0.wp.com\/www.micoulou-photos.com\/wp-content\/uploads\/2019\/10\/DSC00533.jpg?fit=1200%2C802&ssl=1&resize=350%2C200","width":350,"height":200,"srcset":"https:\/\/i0.wp.com\/www.micoulou-photos.com\/wp-content\/uploads\/2019\/10\/DSC00533.jpg?fit=1200%2C802&ssl=1&resize=350%2C200 1x, https:\/\/i0.wp.com\/www.micoulou-photos.com\/wp-content\/uploads\/2019\/10\/DSC00533.jpg?fit=1200%2C802&ssl=1&resize=525%2C300 1.5x, https:\/\/i0.wp.com\/www.micoulou-photos.com\/wp-content\/uploads\/2019\/10\/DSC00533.jpg?fit=1200%2C802&ssl=1&resize=700%2C400 2x, https:\/\/i0.wp.com\/www.micoulou-photos.com\/wp-content\/uploads\/2019\/10\/DSC00533.jpg?fit=1200%2C802&ssl=1&resize=1050%2C600 3x"},"classes":[]},{"id":161,"url":"https:\/\/www.micoulou-photos.com\/index.php\/2011\/08\/16\/derniers-jours-a-fredericton\/","url_meta":{"origin":98,"position":5},"title":"Derniers jours \u00e0 Fredericton :","author":"micoulou","date":"16 ao\u00fbt 2011","format":false,"excerpt":"Bon, ben voil\u00e0, je repars apr\u00e8s quelques jours ici, dans la capitale du nouveau brunswick, ville bien sympa au deumerant\u2026On va donc reprendre depuis vendredi midi, je vais peut \u00eatre r\u00e9p\u00e9ter un peu mais bon, je n'ai pas l'article de vendredi pour v\u00e9rifier\u2026Vendredi matin, donc, j'ai fini le montage des\u2026","rel":"","context":"Dans &quot;Non class\u00e9&quot;","block_context":{"text":"Non class\u00e9","link":"https:\/\/www.micoulou-photos.com\/index.php\/category\/non-classe\/"},"img":{"alt_text":"","src":"","width":0,"height":0},"classes":[]}],"_links":{"self":[{"href":"https:\/\/www.micoulou-photos.com\/index.php\/wp-json\/wp\/v2\/posts\/98","targetHints":{"allow":["GET"]}}],"collection":[{"href":"https:\/\/www.micoulou-photos.com\/index.php\/wp-json\/wp\/v2\/posts"}],"about":[{"href":"https:\/\/www.micoulou-photos.com\/index.php\/wp-json\/wp\/v2\/types\/post"}],"author":[{"embeddable":true,"href":"https:\/\/www.micoulou-photos.com\/index.php\/wp-json\/wp\/v2\/users\/1"}],"replies":[{"embeddable":true,"href":"https:\/\/www.micoulou-photos.com\/index.php\/wp-json\/wp\/v2\/comments?post=98"}],"version-history":[{"count":0,"href":"https:\/\/www.micoulou-photos.com\/index.php\/wp-json\/wp\/v2\/posts\/98\/revisions"}],"wp:attachment":[{"href":"https:\/\/www.micoulou-photos.com\/index.php\/wp-json\/wp\/v2\/media?parent=98"}],"wp:term":[{"taxonomy":"category","embeddable":true,"href":"https:\/\/www.micoulou-photos.com\/index.php\/wp-json\/wp\/v2\/categories?post=98"},{"taxonomy":"post_tag","embeddable":true,"href":"https:\/\/www.micoulou-photos.com\/index.php\/wp-json\/wp\/v2\/tags?post=98"}],"curies":[{"name":"wp","href":"https:\/\/api.w.org\/{rel}","templated":true}]}}