{"id":94,"date":"2012-09-07T22:55:00","date_gmt":"2012-09-07T21:55:00","guid":{"rendered":"http:\/\/micoulou.info\/wp\/index.php\/2012\/09\/07\/jokulsarlon\/"},"modified":"2012-09-07T22:55:00","modified_gmt":"2012-09-07T21:55:00","slug":"jokulsarlon","status":"publish","type":"post","link":"https:\/\/www.micoulou-photos.com\/index.php\/2012\/09\/07\/jokulsarlon\/","title":{"rendered":"J\u00f6kuls\u00e1rl\u00f3n"},"content":{"rendered":"<p>Une journ\u00e9e que j&rsquo;ai pass\u00e9 avec une famille de polonais bien sympatique, avec qui je suis parti de l&rsquo;auberge direction Hofn.<br \/>Le \u00ab\u00a0clou\u00a0\u00bb de la journ\u00e9e etait le lac du glacier J\u00f6kuls\u00e1rl\u00f3n, mais il y avait pas mal d&rsquo;autre coin sympa&#8230;<\/p>\n<div style=\"clear: both; text-align: center;\"><a href=\"https:\/\/i0.wp.com\/3.bp.blogspot.com\/-ulvPjDBTvMQ\/UDytSH3gvHI\/AAAAAAAA3Ao\/9zwTj1SFZG4\/s1600\/IMGP2091.jpg\" style=\"margin-left: 1em; margin-right: 1em;\"><img data-recalc-dims=\"1\" fetchpriority=\"high\" decoding=\"async\" border=\"0\" height=\"214\" src=\"https:\/\/i0.wp.com\/3.bp.blogspot.com\/-ulvPjDBTvMQ\/UDytSH3gvHI\/AAAAAAAA3Ao\/9zwTj1SFZG4\/s320\/IMGP2091.jpg?resize=320%2C214\" width=\"320\" \/><\/a><\/div>\n<p><\/p>\n<div style=\"clear: both; text-align: center;\"><a href=\"https:\/\/i0.wp.com\/1.bp.blogspot.com\/-YYPn_x4zeD8\/UDytUuUybxI\/AAAAAAAA3A4\/sjZduwFb3Pc\/s1600\/IMGP2098.jpg\" style=\"margin-left: 1em; margin-right: 1em;\"><img data-recalc-dims=\"1\" decoding=\"async\" border=\"0\" height=\"214\" src=\"https:\/\/i0.wp.com\/1.bp.blogspot.com\/-YYPn_x4zeD8\/UDytUuUybxI\/AAAAAAAA3A4\/sjZduwFb3Pc\/s320\/IMGP2098.jpg?resize=320%2C214\" width=\"320\" \/><\/a><\/div>\n<p><\/p>\n<div style=\"clear: both; text-align: center;\"><a href=\"https:\/\/i0.wp.com\/1.bp.blogspot.com\/-wfspTPGyqz8\/UDytbTRpQQI\/AAAAAAAA3BI\/dcgJZBRRwIU\/s1600\/IMGP2101.jpg\" style=\"margin-left: 1em; margin-right: 1em;\"><img data-recalc-dims=\"1\" decoding=\"async\" border=\"0\" height=\"214\" src=\"https:\/\/i0.wp.com\/1.bp.blogspot.com\/-wfspTPGyqz8\/UDytbTRpQQI\/AAAAAAAA3BI\/dcgJZBRRwIU\/s320\/IMGP2101.jpg?resize=320%2C214\" width=\"320\" \/><\/a><\/div>\n<p><\/p>\n<div style=\"clear: both; text-align: center;\"><a href=\"https:\/\/i0.wp.com\/4.bp.blogspot.com\/-ZTItwqEk8Es\/UDytoOQa66I\/AAAAAAAA3B4\/Hb9zo3YymfU\/s1600\/IMGP2107.jpg\" style=\"margin-left: 1em; margin-right: 1em;\"><img data-recalc-dims=\"1\" loading=\"lazy\" decoding=\"async\" border=\"0\" height=\"214\" src=\"https:\/\/i0.wp.com\/4.bp.blogspot.com\/-ZTItwqEk8Es\/UDytoOQa66I\/AAAAAAAA3B4\/Hb9zo3YymfU\/s320\/IMGP2107.jpg?resize=320%2C214\" width=\"320\" \/><\/a><\/div>\n<p><\/p>\n<div style=\"clear: both; text-align: center;\"><\/div>\n<p><\/p>\n<div style=\"clear: both; text-align: center;\"><a href=\"https:\/\/i0.wp.com\/1.bp.blogspot.com\/-v9z8fXY36No\/UDytwVptFAI\/AAAAAAAA3CQ\/isrC1JzTPn0\/s1600\/IMGP2113.jpg\" style=\"margin-left: 1em; margin-right: 1em;\"><img data-recalc-dims=\"1\" loading=\"lazy\" decoding=\"async\" border=\"0\" height=\"320\" src=\"https:\/\/i0.wp.com\/1.bp.blogspot.com\/-v9z8fXY36No\/UDytwVptFAI\/AAAAAAAA3CQ\/isrC1JzTPn0\/s320\/IMGP2113.jpg?resize=214%2C320\" width=\"214\" \/><\/a><\/div>\n<p><\/p>\n<div style=\"clear: both; text-align: center;\"><a href=\"https:\/\/i0.wp.com\/3.bp.blogspot.com\/-HZZYLMKaeMU\/UDyuFIofyRI\/AAAAAAAA3DQ\/r9fs1hgN6CI\/s1600\/IMGP2123.jpg\" style=\"margin-left: 1em; margin-right: 1em;\"><img data-recalc-dims=\"1\" loading=\"lazy\" decoding=\"async\" border=\"0\" height=\"214\" src=\"https:\/\/i0.wp.com\/3.bp.blogspot.com\/-HZZYLMKaeMU\/UDyuFIofyRI\/AAAAAAAA3DQ\/r9fs1hgN6CI\/s320\/IMGP2123.jpg?resize=320%2C214\" width=\"320\" \/><\/a><\/div>\n<p><\/p>\n<div style=\"clear: both; text-align: center;\"><a href=\"https:\/\/i0.wp.com\/4.bp.blogspot.com\/-4vQzFR89CEM\/UDyuLQEte2I\/AAAAAAAA3Dg\/C0sc2IgcXT4\/s1600\/IMGP2125.jpg\" style=\"margin-left: 1em; margin-right: 1em;\"><img data-recalc-dims=\"1\" loading=\"lazy\" decoding=\"async\" border=\"0\" height=\"214\" src=\"https:\/\/i0.wp.com\/4.bp.blogspot.com\/-4vQzFR89CEM\/UDyuLQEte2I\/AAAAAAAA3Dg\/C0sc2IgcXT4\/s320\/IMGP2125.jpg?resize=320%2C214\" width=\"320\" \/><\/a><\/div>\n<p><\/p>\n<div style=\"clear: both; text-align: center;\"><\/div>\n<p><\/p>\n<div style=\"clear: both; text-align: center;\"><a href=\"https:\/\/i0.wp.com\/2.bp.blogspot.com\/-DU_gdySgv8w\/UDyufUXCNOI\/AAAAAAAA3Eg\/sI_eyuQy1ZM\/s1600\/IMGP2138.jpg\" style=\"margin-left: 1em; margin-right: 1em;\"><img data-recalc-dims=\"1\" loading=\"lazy\" decoding=\"async\" border=\"0\" height=\"214\" src=\"https:\/\/i0.wp.com\/2.bp.blogspot.com\/-DU_gdySgv8w\/UDyufUXCNOI\/AAAAAAAA3Eg\/sI_eyuQy1ZM\/s320\/IMGP2138.jpg?resize=320%2C214\" width=\"320\" \/><\/a><\/div>\n<p><\/p>\n<div style=\"clear: both; text-align: center;\"><a href=\"https:\/\/i0.wp.com\/3.bp.blogspot.com\/-VVQwjU-yw0I\/UDyuk_lgm9I\/AAAAAAAA3E4\/xlo7UhNPGdc\/s1600\/IMGP2148.jpg\" style=\"margin-left: 1em; margin-right: 1em;\"><img data-recalc-dims=\"1\" loading=\"lazy\" decoding=\"async\" border=\"0\" height=\"214\" src=\"https:\/\/i0.wp.com\/3.bp.blogspot.com\/-VVQwjU-yw0I\/UDyuk_lgm9I\/AAAAAAAA3E4\/xlo7UhNPGdc\/s320\/IMGP2148.jpg?resize=320%2C214\" width=\"320\" \/><\/a><\/div>\n<p><\/p>\n<div style=\"clear: both; text-align: center;\"><a href=\"https:\/\/i0.wp.com\/1.bp.blogspot.com\/-amO2NTF4KRI\/UDyuvsI4RwI\/AAAAAAAA3Fg\/4gL1Uy22XzM\/s1600\/IMGP2152.jpg\" style=\"margin-left: 1em; margin-right: 1em;\"><img data-recalc-dims=\"1\" loading=\"lazy\" decoding=\"async\" border=\"0\" height=\"214\" src=\"https:\/\/i0.wp.com\/1.bp.blogspot.com\/-amO2NTF4KRI\/UDyuvsI4RwI\/AAAAAAAA3Fg\/4gL1Uy22XzM\/s320\/IMGP2152.jpg?resize=320%2C214\" width=\"320\" \/><\/a><\/div>\n<p><\/p>\n<div style=\"clear: both; text-align: center;\"><a href=\"https:\/\/i0.wp.com\/1.bp.blogspot.com\/-YgO6RYzsa8k\/UDyu8TfJf5I\/AAAAAAAA3GA\/d3lZQui1qtQ\/s1600\/IMGP2157.jpg\" style=\"margin-left: 1em; margin-right: 1em;\"><img data-recalc-dims=\"1\" loading=\"lazy\" decoding=\"async\" border=\"0\" height=\"214\" src=\"https:\/\/i0.wp.com\/1.bp.blogspot.com\/-YgO6RYzsa8k\/UDyu8TfJf5I\/AAAAAAAA3GA\/d3lZQui1qtQ\/s320\/IMGP2157.jpg?resize=320%2C214\" width=\"320\" \/><\/a><\/div>\n<p><\/p>\n<div style=\"clear: both; text-align: center;\"><\/div>\n<p><\/p>\n<div style=\"clear: both; text-align: center;\"><a href=\"https:\/\/i0.wp.com\/3.bp.blogspot.com\/-f4pf7tn-jdg\/UDyvBp8EbwI\/AAAAAAAA3GY\/2xtlcAIkBU0\/s1600\/IMGP2160.jpg\" style=\"margin-left: 1em; margin-right: 1em;\"><img data-recalc-dims=\"1\" loading=\"lazy\" decoding=\"async\" border=\"0\" height=\"214\" src=\"https:\/\/i0.wp.com\/3.bp.blogspot.com\/-f4pf7tn-jdg\/UDyvBp8EbwI\/AAAAAAAA3GY\/2xtlcAIkBU0\/s320\/IMGP2160.jpg?resize=320%2C214\" width=\"320\" \/><\/a><\/div>\n<p><\/p>\n<div style=\"clear: both; text-align: center;\"><a href=\"https:\/\/i0.wp.com\/3.bp.blogspot.com\/-hVYRH_qxxMc\/UDyvNJi7xmI\/AAAAAAAA3HA\/EoTab0KVy8A\/s1600\/IMGP2166.jpg\" style=\"margin-left: 1em; margin-right: 1em;\"><img data-recalc-dims=\"1\" loading=\"lazy\" decoding=\"async\" border=\"0\" height=\"140\" src=\"https:\/\/i0.wp.com\/3.bp.blogspot.com\/-hVYRH_qxxMc\/UDyvNJi7xmI\/AAAAAAAA3HA\/EoTab0KVy8A\/s320\/IMGP2166.jpg?resize=320%2C140\" width=\"320\" \/><\/a><\/div>\n<p><\/p>\n<div style=\"clear: both; text-align: center;\"><a href=\"https:\/\/i0.wp.com\/4.bp.blogspot.com\/-L0x7GzVKKus\/UDyvxw29nzI\/AAAAAAAA3JI\/vx96SPnkP8Q\/s1600\/IMGP2193.jpg\" style=\"margin-left: 1em; margin-right: 1em;\"><img data-recalc-dims=\"1\" loading=\"lazy\" decoding=\"async\" border=\"0\" height=\"214\" src=\"https:\/\/i0.wp.com\/4.bp.blogspot.com\/-L0x7GzVKKus\/UDyvxw29nzI\/AAAAAAAA3JI\/vx96SPnkP8Q\/s320\/IMGP2193.jpg?resize=320%2C214\" width=\"320\" \/><\/a><\/div>\n<p><\/p>\n<div style=\"clear: both; text-align: center;\"><a href=\"https:\/\/i0.wp.com\/1.bp.blogspot.com\/-ltdPSJFZq4M\/UDywTLTjg9I\/AAAAAAAA3Ko\/tGu_Eva7lrY\/s1600\/IMGP2234.jpg\" style=\"margin-left: 1em; margin-right: 1em;\"><img data-recalc-dims=\"1\" loading=\"lazy\" decoding=\"async\" border=\"0\" height=\"214\" src=\"https:\/\/i0.wp.com\/1.bp.blogspot.com\/-ltdPSJFZq4M\/UDywTLTjg9I\/AAAAAAAA3Ko\/tGu_Eva7lrY\/s320\/IMGP2234.jpg?resize=320%2C214\" width=\"320\" \/><\/a><\/div>\n<p><\/p>\n<div style=\"clear: both; text-align: center;\"><a href=\"https:\/\/i0.wp.com\/4.bp.blogspot.com\/-L2bAVfbQ3Ao\/UDywoujDGSI\/AAAAAAAA3Ls\/iZ2Ux5ve-Ks\/s1600\/IMGP2274.jpg\" style=\"margin-left: 1em; margin-right: 1em;\"><img data-recalc-dims=\"1\" loading=\"lazy\" decoding=\"async\" border=\"0\" height=\"214\" src=\"https:\/\/i0.wp.com\/4.bp.blogspot.com\/-L2bAVfbQ3Ao\/UDywoujDGSI\/AAAAAAAA3Ls\/iZ2Ux5ve-Ks\/s320\/IMGP2274.jpg?resize=320%2C214\" width=\"320\" \/><\/a><\/div>\n<p><\/p>\n<div style=\"clear: both; text-align: center;\"><a href=\"https:\/\/i0.wp.com\/3.bp.blogspot.com\/-aCa-jHErpPM\/UDyxEz8-_tI\/AAAAAAAA3NA\/blkexvmZPHI\/s1600\/IMGP2291.jpg\" style=\"margin-left: 1em; margin-right: 1em;\"><img data-recalc-dims=\"1\" loading=\"lazy\" decoding=\"async\" border=\"0\" height=\"214\" src=\"https:\/\/i0.wp.com\/3.bp.blogspot.com\/-aCa-jHErpPM\/UDyxEz8-_tI\/AAAAAAAA3NA\/blkexvmZPHI\/s320\/IMGP2291.jpg?resize=320%2C214\" width=\"320\" \/><\/a><\/div>\n<p><\/p>\n<div style=\"clear: both; text-align: center;\"><a href=\"https:\/\/i0.wp.com\/2.bp.blogspot.com\/-RCfQxc45z2o\/UDyxWyMicRI\/AAAAAAAA3N4\/PNIoS07LKgI\/s1600\/IMGP2321.jpg\" style=\"margin-left: 1em; margin-right: 1em;\"><img data-recalc-dims=\"1\" loading=\"lazy\" decoding=\"async\" border=\"0\" height=\"214\" src=\"https:\/\/i0.wp.com\/2.bp.blogspot.com\/-RCfQxc45z2o\/UDyxWyMicRI\/AAAAAAAA3N4\/PNIoS07LKgI\/s320\/IMGP2321.jpg?resize=320%2C214\" width=\"320\" \/><\/a><\/div>\n<p><\/p>\n","protected":false},"excerpt":{"rendered":"<p>Une journ\u00e9e que j&rsquo;ai pass\u00e9 avec une famille de polonais bien sympatique, avec qui je suis parti de l&rsquo;auberge direction Hofn.Le \u00ab\u00a0clou\u00a0\u00bb de la journ\u00e9e etait le lac du glacier J\u00f6kuls\u00e1rl\u00f3n, mais il y avait pas mal d&rsquo;autre coin sympa&#8230;<\/p>\n","protected":false},"author":1,"featured_media":0,"comment_status":"open","ping_status":"open","sticky":false,"template":"","format":"standard","meta":{"jetpack_post_was_ever_published":false,"_jetpack_newsletter_access":"","_jetpack_dont_email_post_to_subs":false,"_jetpack_newsletter_tier_id":0,"_jetpack_memberships_contains_paywalled_content":false,"_jetpack_memberships_contains_paid_content":false,"footnotes":"","jetpack_publicize_message":"","jetpack_publicize_feature_enabled":true,"jetpack_social_post_already_shared":false,"jetpack_social_options":{"image_generator_settings":{"template":"highway","default_image_id":0,"font":"","enabled":false},"version":2}},"categories":[1],"tags":[],"class_list":["post-94","post","type-post","status-publish","format-standard","hentry","category-non-classe"],"yoast_head":"<!-- This site is optimized with the Yoast SEO plugin v27.5 - https:\/\/yoast.com\/product\/yoast-seo-wordpress\/ -->\n<title>J\u00f6kuls\u00e1rl\u00f3n - Micoulou Photographie<\/title>\n<meta name=\"robots\" content=\"index, follow, max-snippet:-1, max-image-preview:large, max-video-preview:-1\" \/>\n<link rel=\"canonical\" href=\"https:\/\/www.micoulou-photos.com\/index.php\/2012\/09\/07\/jokulsarlon\/\" \/>\n<meta property=\"og:locale\" content=\"fr_FR\" \/>\n<meta property=\"og:type\" content=\"article\" \/>\n<meta property=\"og:title\" content=\"J\u00f6kuls\u00e1rl\u00f3n - Micoulou Photographie\" \/>\n<meta property=\"og:description\" content=\"Une journ\u00e9e que j&rsquo;ai pass\u00e9 avec une famille de polonais bien sympatique, avec qui je suis parti de l&rsquo;auberge direction Hofn.Le \u00ab\u00a0clou\u00a0\u00bb de la journ\u00e9e etait le lac du glacier J\u00f6kuls\u00e1rl\u00f3n, mais il y avait pas mal d&rsquo;autre coin sympa&#8230;\" \/>\n<meta property=\"og:url\" content=\"https:\/\/www.micoulou-photos.com\/index.php\/2012\/09\/07\/jokulsarlon\/\" \/>\n<meta property=\"og:site_name\" content=\"Micoulou Photographie\" \/>\n<meta property=\"article:published_time\" content=\"2012-09-07T21:55:00+00:00\" \/>\n<meta property=\"og:image\" content=\"http:\/\/3.bp.blogspot.com\/-ulvPjDBTvMQ\/UDytSH3gvHI\/AAAAAAAA3Ao\/9zwTj1SFZG4\/s320\/IMGP2091.jpg\" \/>\n<meta name=\"author\" content=\"micoulou\" \/>\n<meta name=\"twitter:card\" content=\"summary_large_image\" \/>\n<meta name=\"twitter:label1\" content=\"\u00c9crit par\" \/>\n\t<meta name=\"twitter:data1\" content=\"micoulou\" \/>\n<script type=\"application\/ld+json\" class=\"yoast-schema-graph\">{\"@context\":\"https:\\\/\\\/schema.org\",\"@graph\":[{\"@type\":\"Article\",\"@id\":\"https:\\\/\\\/www.micoulou-photos.com\\\/index.php\\\/2012\\\/09\\\/07\\\/jokulsarlon\\\/#article\",\"isPartOf\":{\"@id\":\"https:\\\/\\\/www.micoulou-photos.com\\\/index.php\\\/2012\\\/09\\\/07\\\/jokulsarlon\\\/\"},\"author\":{\"name\":\"micoulou\",\"@id\":\"https:\\\/\\\/www.micoulou-photos.com\\\/#\\\/schema\\\/person\\\/6aedfe8ebe91da632f46e7c9d806a722\"},\"headline\":\"J\u00f6kuls\u00e1rl\u00f3n\",\"datePublished\":\"2012-09-07T21:55:00+00:00\",\"mainEntityOfPage\":{\"@id\":\"https:\\\/\\\/www.micoulou-photos.com\\\/index.php\\\/2012\\\/09\\\/07\\\/jokulsarlon\\\/\"},\"wordCount\":53,\"commentCount\":0,\"publisher\":{\"@id\":\"https:\\\/\\\/www.micoulou-photos.com\\\/#organization\"},\"image\":{\"@id\":\"https:\\\/\\\/www.micoulou-photos.com\\\/index.php\\\/2012\\\/09\\\/07\\\/jokulsarlon\\\/#primaryimage\"},\"thumbnailUrl\":\"http:\\\/\\\/3.bp.blogspot.com\\\/-ulvPjDBTvMQ\\\/UDytSH3gvHI\\\/AAAAAAAA3Ao\\\/9zwTj1SFZG4\\\/s320\\\/IMGP2091.jpg\",\"inLanguage\":\"fr-FR\",\"potentialAction\":[{\"@type\":\"CommentAction\",\"name\":\"Comment\",\"target\":[\"https:\\\/\\\/www.micoulou-photos.com\\\/index.php\\\/2012\\\/09\\\/07\\\/jokulsarlon\\\/#respond\"]}]},{\"@type\":\"WebPage\",\"@id\":\"https:\\\/\\\/www.micoulou-photos.com\\\/index.php\\\/2012\\\/09\\\/07\\\/jokulsarlon\\\/\",\"url\":\"https:\\\/\\\/www.micoulou-photos.com\\\/index.php\\\/2012\\\/09\\\/07\\\/jokulsarlon\\\/\",\"name\":\"J\u00f6kuls\u00e1rl\u00f3n - Micoulou Photographie\",\"isPartOf\":{\"@id\":\"https:\\\/\\\/www.micoulou-photos.com\\\/#website\"},\"primaryImageOfPage\":{\"@id\":\"https:\\\/\\\/www.micoulou-photos.com\\\/index.php\\\/2012\\\/09\\\/07\\\/jokulsarlon\\\/#primaryimage\"},\"image\":{\"@id\":\"https:\\\/\\\/www.micoulou-photos.com\\\/index.php\\\/2012\\\/09\\\/07\\\/jokulsarlon\\\/#primaryimage\"},\"thumbnailUrl\":\"http:\\\/\\\/3.bp.blogspot.com\\\/-ulvPjDBTvMQ\\\/UDytSH3gvHI\\\/AAAAAAAA3Ao\\\/9zwTj1SFZG4\\\/s320\\\/IMGP2091.jpg\",\"datePublished\":\"2012-09-07T21:55:00+00:00\",\"breadcrumb\":{\"@id\":\"https:\\\/\\\/www.micoulou-photos.com\\\/index.php\\\/2012\\\/09\\\/07\\\/jokulsarlon\\\/#breadcrumb\"},\"inLanguage\":\"fr-FR\",\"potentialAction\":[{\"@type\":\"ReadAction\",\"target\":[\"https:\\\/\\\/www.micoulou-photos.com\\\/index.php\\\/2012\\\/09\\\/07\\\/jokulsarlon\\\/\"]}]},{\"@type\":\"ImageObject\",\"inLanguage\":\"fr-FR\",\"@id\":\"https:\\\/\\\/www.micoulou-photos.com\\\/index.php\\\/2012\\\/09\\\/07\\\/jokulsarlon\\\/#primaryimage\",\"url\":\"http:\\\/\\\/3.bp.blogspot.com\\\/-ulvPjDBTvMQ\\\/UDytSH3gvHI\\\/AAAAAAAA3Ao\\\/9zwTj1SFZG4\\\/s320\\\/IMGP2091.jpg\",\"contentUrl\":\"http:\\\/\\\/3.bp.blogspot.com\\\/-ulvPjDBTvMQ\\\/UDytSH3gvHI\\\/AAAAAAAA3Ao\\\/9zwTj1SFZG4\\\/s320\\\/IMGP2091.jpg\"},{\"@type\":\"BreadcrumbList\",\"@id\":\"https:\\\/\\\/www.micoulou-photos.com\\\/index.php\\\/2012\\\/09\\\/07\\\/jokulsarlon\\\/#breadcrumb\",\"itemListElement\":[{\"@type\":\"ListItem\",\"position\":1,\"name\":\"Accueil\",\"item\":\"https:\\\/\\\/www.micoulou-photos.com\\\/\"},{\"@type\":\"ListItem\",\"position\":2,\"name\":\"J\u00f6kuls\u00e1rl\u00f3n\"}]},{\"@type\":\"WebSite\",\"@id\":\"https:\\\/\\\/www.micoulou-photos.com\\\/#website\",\"url\":\"https:\\\/\\\/www.micoulou-photos.com\\\/\",\"name\":\"Micoulou Photographie\",\"description\":\"Photographies, Visites virtuelles et formations par Mickael Minarie\",\"publisher\":{\"@id\":\"https:\\\/\\\/www.micoulou-photos.com\\\/#organization\"},\"potentialAction\":[{\"@type\":\"SearchAction\",\"target\":{\"@type\":\"EntryPoint\",\"urlTemplate\":\"https:\\\/\\\/www.micoulou-photos.com\\\/?s={search_term_string}\"},\"query-input\":{\"@type\":\"PropertyValueSpecification\",\"valueRequired\":true,\"valueName\":\"search_term_string\"}}],\"inLanguage\":\"fr-FR\"},{\"@type\":\"Organization\",\"@id\":\"https:\\\/\\\/www.micoulou-photos.com\\\/#organization\",\"name\":\"Micoulou Photographie\",\"url\":\"https:\\\/\\\/www.micoulou-photos.com\\\/\",\"logo\":{\"@type\":\"ImageObject\",\"inLanguage\":\"fr-FR\",\"@id\":\"https:\\\/\\\/www.micoulou-photos.com\\\/#\\\/schema\\\/logo\\\/image\\\/\",\"url\":\"https:\\\/\\\/i0.wp.com\\\/www.micoulou-photos.com\\\/wp-content\\\/uploads\\\/2020\\\/05\\\/cropped-891667_552097324824916_1615181552_o-1.jpg?fit=643%2C722&ssl=1\",\"contentUrl\":\"https:\\\/\\\/i0.wp.com\\\/www.micoulou-photos.com\\\/wp-content\\\/uploads\\\/2020\\\/05\\\/cropped-891667_552097324824916_1615181552_o-1.jpg?fit=643%2C722&ssl=1\",\"width\":643,\"height\":722,\"caption\":\"Micoulou Photographie\"},\"image\":{\"@id\":\"https:\\\/\\\/www.micoulou-photos.com\\\/#\\\/schema\\\/logo\\\/image\\\/\"}},{\"@type\":\"Person\",\"@id\":\"https:\\\/\\\/www.micoulou-photos.com\\\/#\\\/schema\\\/person\\\/6aedfe8ebe91da632f46e7c9d806a722\",\"name\":\"micoulou\",\"image\":{\"@type\":\"ImageObject\",\"inLanguage\":\"fr-FR\",\"@id\":\"https:\\\/\\\/secure.gravatar.com\\\/avatar\\\/98f892eb7d267eab2faa437baa3edd708deaaa43929316c0cc7b751a04cb247b?s=96&d=mm&r=g\",\"url\":\"https:\\\/\\\/secure.gravatar.com\\\/avatar\\\/98f892eb7d267eab2faa437baa3edd708deaaa43929316c0cc7b751a04cb247b?s=96&d=mm&r=g\",\"contentUrl\":\"https:\\\/\\\/secure.gravatar.com\\\/avatar\\\/98f892eb7d267eab2faa437baa3edd708deaaa43929316c0cc7b751a04cb247b?s=96&d=mm&r=g\",\"caption\":\"micoulou\"},\"url\":\"https:\\\/\\\/www.micoulou-photos.com\\\/index.php\\\/author\\\/micoulou\\\/\"}]}<\/script>\n<!-- \/ Yoast SEO plugin. -->","yoast_head_json":{"title":"J\u00f6kuls\u00e1rl\u00f3n - Micoulou Photographie","robots":{"index":"index","follow":"follow","max-snippet":"max-snippet:-1","max-image-preview":"max-image-preview:large","max-video-preview":"max-video-preview:-1"},"canonical":"https:\/\/www.micoulou-photos.com\/index.php\/2012\/09\/07\/jokulsarlon\/","og_locale":"fr_FR","og_type":"article","og_title":"J\u00f6kuls\u00e1rl\u00f3n - Micoulou Photographie","og_description":"Une journ\u00e9e que j&rsquo;ai pass\u00e9 avec une famille de polonais bien sympatique, avec qui je suis parti de l&rsquo;auberge direction Hofn.Le \u00ab\u00a0clou\u00a0\u00bb de la journ\u00e9e etait le lac du glacier J\u00f6kuls\u00e1rl\u00f3n, mais il y avait pas mal d&rsquo;autre coin sympa&#8230;","og_url":"https:\/\/www.micoulou-photos.com\/index.php\/2012\/09\/07\/jokulsarlon\/","og_site_name":"Micoulou Photographie","article_published_time":"2012-09-07T21:55:00+00:00","og_image":[{"url":"http:\/\/3.bp.blogspot.com\/-ulvPjDBTvMQ\/UDytSH3gvHI\/AAAAAAAA3Ao\/9zwTj1SFZG4\/s320\/IMGP2091.jpg","type":"","width":"","height":""}],"author":"micoulou","twitter_card":"summary_large_image","twitter_misc":{"\u00c9crit par":"micoulou"},"schema":{"@context":"https:\/\/schema.org","@graph":[{"@type":"Article","@id":"https:\/\/www.micoulou-photos.com\/index.php\/2012\/09\/07\/jokulsarlon\/#article","isPartOf":{"@id":"https:\/\/www.micoulou-photos.com\/index.php\/2012\/09\/07\/jokulsarlon\/"},"author":{"name":"micoulou","@id":"https:\/\/www.micoulou-photos.com\/#\/schema\/person\/6aedfe8ebe91da632f46e7c9d806a722"},"headline":"J\u00f6kuls\u00e1rl\u00f3n","datePublished":"2012-09-07T21:55:00+00:00","mainEntityOfPage":{"@id":"https:\/\/www.micoulou-photos.com\/index.php\/2012\/09\/07\/jokulsarlon\/"},"wordCount":53,"commentCount":0,"publisher":{"@id":"https:\/\/www.micoulou-photos.com\/#organization"},"image":{"@id":"https:\/\/www.micoulou-photos.com\/index.php\/2012\/09\/07\/jokulsarlon\/#primaryimage"},"thumbnailUrl":"http:\/\/3.bp.blogspot.com\/-ulvPjDBTvMQ\/UDytSH3gvHI\/AAAAAAAA3Ao\/9zwTj1SFZG4\/s320\/IMGP2091.jpg","inLanguage":"fr-FR","potentialAction":[{"@type":"CommentAction","name":"Comment","target":["https:\/\/www.micoulou-photos.com\/index.php\/2012\/09\/07\/jokulsarlon\/#respond"]}]},{"@type":"WebPage","@id":"https:\/\/www.micoulou-photos.com\/index.php\/2012\/09\/07\/jokulsarlon\/","url":"https:\/\/www.micoulou-photos.com\/index.php\/2012\/09\/07\/jokulsarlon\/","name":"J\u00f6kuls\u00e1rl\u00f3n - Micoulou Photographie","isPartOf":{"@id":"https:\/\/www.micoulou-photos.com\/#website"},"primaryImageOfPage":{"@id":"https:\/\/www.micoulou-photos.com\/index.php\/2012\/09\/07\/jokulsarlon\/#primaryimage"},"image":{"@id":"https:\/\/www.micoulou-photos.com\/index.php\/2012\/09\/07\/jokulsarlon\/#primaryimage"},"thumbnailUrl":"http:\/\/3.bp.blogspot.com\/-ulvPjDBTvMQ\/UDytSH3gvHI\/AAAAAAAA3Ao\/9zwTj1SFZG4\/s320\/IMGP2091.jpg","datePublished":"2012-09-07T21:55:00+00:00","breadcrumb":{"@id":"https:\/\/www.micoulou-photos.com\/index.php\/2012\/09\/07\/jokulsarlon\/#breadcrumb"},"inLanguage":"fr-FR","potentialAction":[{"@type":"ReadAction","target":["https:\/\/www.micoulou-photos.com\/index.php\/2012\/09\/07\/jokulsarlon\/"]}]},{"@type":"ImageObject","inLanguage":"fr-FR","@id":"https:\/\/www.micoulou-photos.com\/index.php\/2012\/09\/07\/jokulsarlon\/#primaryimage","url":"http:\/\/3.bp.blogspot.com\/-ulvPjDBTvMQ\/UDytSH3gvHI\/AAAAAAAA3Ao\/9zwTj1SFZG4\/s320\/IMGP2091.jpg","contentUrl":"http:\/\/3.bp.blogspot.com\/-ulvPjDBTvMQ\/UDytSH3gvHI\/AAAAAAAA3Ao\/9zwTj1SFZG4\/s320\/IMGP2091.jpg"},{"@type":"BreadcrumbList","@id":"https:\/\/www.micoulou-photos.com\/index.php\/2012\/09\/07\/jokulsarlon\/#breadcrumb","itemListElement":[{"@type":"ListItem","position":1,"name":"Accueil","item":"https:\/\/www.micoulou-photos.com\/"},{"@type":"ListItem","position":2,"name":"J\u00f6kuls\u00e1rl\u00f3n"}]},{"@type":"WebSite","@id":"https:\/\/www.micoulou-photos.com\/#website","url":"https:\/\/www.micoulou-photos.com\/","name":"Micoulou Photographie","description":"Photographies, Visites virtuelles et formations par Mickael Minarie","publisher":{"@id":"https:\/\/www.micoulou-photos.com\/#organization"},"potentialAction":[{"@type":"SearchAction","target":{"@type":"EntryPoint","urlTemplate":"https:\/\/www.micoulou-photos.com\/?s={search_term_string}"},"query-input":{"@type":"PropertyValueSpecification","valueRequired":true,"valueName":"search_term_string"}}],"inLanguage":"fr-FR"},{"@type":"Organization","@id":"https:\/\/www.micoulou-photos.com\/#organization","name":"Micoulou Photographie","url":"https:\/\/www.micoulou-photos.com\/","logo":{"@type":"ImageObject","inLanguage":"fr-FR","@id":"https:\/\/www.micoulou-photos.com\/#\/schema\/logo\/image\/","url":"https:\/\/i0.wp.com\/www.micoulou-photos.com\/wp-content\/uploads\/2020\/05\/cropped-891667_552097324824916_1615181552_o-1.jpg?fit=643%2C722&ssl=1","contentUrl":"https:\/\/i0.wp.com\/www.micoulou-photos.com\/wp-content\/uploads\/2020\/05\/cropped-891667_552097324824916_1615181552_o-1.jpg?fit=643%2C722&ssl=1","width":643,"height":722,"caption":"Micoulou Photographie"},"image":{"@id":"https:\/\/www.micoulou-photos.com\/#\/schema\/logo\/image\/"}},{"@type":"Person","@id":"https:\/\/www.micoulou-photos.com\/#\/schema\/person\/6aedfe8ebe91da632f46e7c9d806a722","name":"micoulou","image":{"@type":"ImageObject","inLanguage":"fr-FR","@id":"https:\/\/secure.gravatar.com\/avatar\/98f892eb7d267eab2faa437baa3edd708deaaa43929316c0cc7b751a04cb247b?s=96&d=mm&r=g","url":"https:\/\/secure.gravatar.com\/avatar\/98f892eb7d267eab2faa437baa3edd708deaaa43929316c0cc7b751a04cb247b?s=96&d=mm&r=g","contentUrl":"https:\/\/secure.gravatar.com\/avatar\/98f892eb7d267eab2faa437baa3edd708deaaa43929316c0cc7b751a04cb247b?s=96&d=mm&r=g","caption":"micoulou"},"url":"https:\/\/www.micoulou-photos.com\/index.php\/author\/micoulou\/"}]}},"jetpack_publicize_connections":[],"jetpack_featured_media_url":"","jetpack_sharing_enabled":true,"jetpack_shortlink":"https:\/\/wp.me\/p7zKF4-1w","jetpack-related-posts":[{"id":110,"url":"https:\/\/www.micoulou-photos.com\/index.php\/2012\/06\/30\/digby-2\/","url_meta":{"origin":94,"position":0},"title":"digby","author":"micoulou","date":"30 juin 2012","format":false,"excerpt":"J'ai pass\u00e9 3 jours a Digby, une des meilleures partie de mon voyage pour le moment... Alors que j'arrivais en ferry, 3 heure de travers\u00e9 dans la baie de Fundy, un acadien m'a gentiment d\u00e9pos\u00e9 directement a l'auberge de jeunesse. Cette auberge, qui est tenue par un couple quebeco-hollandais, est\u2026","rel":"","context":"Dans &quot;Non class\u00e9&quot;","block_context":{"text":"Non class\u00e9","link":"https:\/\/www.micoulou-photos.com\/index.php\/category\/non-classe\/"},"img":{"alt_text":"","src":"","width":0,"height":0},"classes":[]},{"id":99,"url":"https:\/\/www.micoulou-photos.com\/index.php\/2012\/08\/28\/rekjavik\/","url_meta":{"origin":94,"position":1},"title":"Rekjavik","author":"micoulou","date":"28 ao\u00fbt 2012","format":false,"excerpt":"Rekjavik, capitale de l'islande, qui contients quelques 2\/3 des habitants de l'ile...Une ville plutot sympa et moderne... Peu de trace du pass\u00e9, les anciennes habitations etaient des fermes en bois qui n'ont pas suport\u00e9s l'epreuve du temps.Je suis rest\u00e9 4 jours l\u00e0 bas, dont une journ\u00e9e o\u00f9 j'ai pris un\u2026","rel":"","context":"Dans &quot;Non class\u00e9&quot;","block_context":{"text":"Non class\u00e9","link":"https:\/\/www.micoulou-photos.com\/index.php\/category\/non-classe\/"},"img":{"alt_text":"","src":"https:\/\/i0.wp.com\/2.bp.blogspot.com\/-a1ouA7KelAY\/UDs8ay4rEMI\/AAAAAAAA1oM\/I09OBNCBL-A\/s320\/IMGP0418.jpg?resize=350%2C200","width":350,"height":200},"classes":[]},{"id":205,"url":"https:\/\/www.micoulou-photos.com\/index.php\/2011\/04\/16\/quelques-jours-a-riviere-du-loup\/","url_meta":{"origin":94,"position":2},"title":"Quelques jours \u00e0 Rivi\u00e8re du loup&#8230;","author":"micoulou","date":"16 avril 2011","format":false,"excerpt":"Quelques jours sans nouvelles ... Mais qui ont \u00e9t\u00e9 plutot positive pour moi...Arriv\u00e9 \u00e0 Rivi\u00e8re du loup :J'arrive \u00e0 la gare de bus, qui a \u00e9t\u00e9 deplac\u00e9 depuis que le guide du routard (2007, oui, je sais...) a \u00e9t\u00e9 \u00e9dit\u00e9... Je me retrouve un peu perdu dans la ville, enfin\u2026","rel":"","context":"Dans &quot;Non class\u00e9&quot;","block_context":{"text":"Non class\u00e9","link":"https:\/\/www.micoulou-photos.com\/index.php\/category\/non-classe\/"},"img":{"alt_text":"","src":"https:\/\/i0.wp.com\/3.bp.blogspot.com\/-XNDQhZ3EpEM\/Tae7bYztRkI\/AAAAAAAAg0g\/Q6em0QJwu8s\/s320\/IMG_0991.jpg?resize=350%2C200","width":350,"height":200},"classes":[]},{"id":183,"url":"https:\/\/www.micoulou-photos.com\/index.php\/2011\/06\/02\/dernier-jour\/","url_meta":{"origin":94,"position":3},"title":"Dernier jour&#8230;","author":"micoulou","date":"2 juin 2011","format":false,"excerpt":"Voici donc mon \"dernier jour\" puisque demain sera une journ\u00e9e de transition... O\u00f9 je n'ai pas boss\u00e9 ce matin car je me sentais pas bien, j'avais un peu de fievre avec un mal de t\u00eate... Je pense que j'ai attrap\u00e9 un gros rhume pendant un des orages que je me\u2026","rel":"","context":"Dans &quot;Non class\u00e9&quot;","block_context":{"text":"Non class\u00e9","link":"https:\/\/www.micoulou-photos.com\/index.php\/category\/non-classe\/"},"img":{"alt_text":"","src":"https:\/\/i0.wp.com\/3.bp.blogspot.com\/-LxPpARwLOCo\/Teb1gzGHjhI\/AAAAAAAAitM\/TYb1cqAKvDA\/s320\/IMG_0142.jpg?resize=350%2C200","width":350,"height":200},"classes":[]},{"id":173,"url":"https:\/\/www.micoulou-photos.com\/index.php\/2011\/06\/29\/une-journee-et-demi-a-vancouver\/","url_meta":{"origin":94,"position":4},"title":"une journ\u00e9e et demi \u00e0 Vancouver&#8230;","author":"micoulou","date":"29 juin 2011","format":false,"excerpt":"J'ai donc pris le bus hier de Keremeos \u00e0 Vancouver... Je n'etais pas tr\u00e8s bien dans le bus, j'etais de nouveau malade mais arriv\u00e9 \u00e0 Vancouver, \u00e7a allait mieux...Arriv\u00e9 dans le dortoir, quelqu'un dormais, il s'est reveill\u00e9 parce que je faisais un peu de bruit (j'arrive avec mon gros sac\u2026","rel":"","context":"Dans &quot;Non class\u00e9&quot;","block_context":{"text":"Non class\u00e9","link":"https:\/\/www.micoulou-photos.com\/index.php\/category\/non-classe\/"},"img":{"alt_text":"","src":"https:\/\/i0.wp.com\/2.bp.blogspot.com\/-hQaVKDmJhiE\/Tgqw0ijcGVI\/AAAAAAAAlP0\/QNzz1G2DPHA\/s320\/IMGP8681.jpg?resize=350%2C200","width":350,"height":200},"classes":[]},{"id":106,"url":"https:\/\/www.micoulou-photos.com\/index.php\/2012\/07\/17\/fin-de-lislande-koln-aberdeen-et-la-suite\/","url_meta":{"origin":94,"position":5},"title":"fin de l&rsquo;islande, koln, aberdeen et la suite&#8230;","author":"micoulou","date":"17 juillet 2012","format":false,"excerpt":"Cela fait quelques semaines sans message, et beaucoup de choses se sont pass\u00e9s, que ce soit du cote photo que personnellement... Je mettrais des que je traiterais les photos sur chaque endroit que j'ai visit\u00e9...La fin du voyage s'est donc plutot bien pass\u00e9, j'ai plutot bien reussi a rattraper mon\u2026","rel":"","context":"Dans &quot;Non class\u00e9&quot;","block_context":{"text":"Non class\u00e9","link":"https:\/\/www.micoulou-photos.com\/index.php\/category\/non-classe\/"},"img":{"alt_text":"","src":"","width":0,"height":0},"classes":[]}],"_links":{"self":[{"href":"https:\/\/www.micoulou-photos.com\/index.php\/wp-json\/wp\/v2\/posts\/94","targetHints":{"allow":["GET"]}}],"collection":[{"href":"https:\/\/www.micoulou-photos.com\/index.php\/wp-json\/wp\/v2\/posts"}],"about":[{"href":"https:\/\/www.micoulou-photos.com\/index.php\/wp-json\/wp\/v2\/types\/post"}],"author":[{"embeddable":true,"href":"https:\/\/www.micoulou-photos.com\/index.php\/wp-json\/wp\/v2\/users\/1"}],"replies":[{"embeddable":true,"href":"https:\/\/www.micoulou-photos.com\/index.php\/wp-json\/wp\/v2\/comments?post=94"}],"version-history":[{"count":0,"href":"https:\/\/www.micoulou-photos.com\/index.php\/wp-json\/wp\/v2\/posts\/94\/revisions"}],"wp:attachment":[{"href":"https:\/\/www.micoulou-photos.com\/index.php\/wp-json\/wp\/v2\/media?parent=94"}],"wp:term":[{"taxonomy":"category","embeddable":true,"href":"https:\/\/www.micoulou-photos.com\/index.php\/wp-json\/wp\/v2\/categories?post=94"},{"taxonomy":"post_tag","embeddable":true,"href":"https:\/\/www.micoulou-photos.com\/index.php\/wp-json\/wp\/v2\/tags?post=94"}],"curies":[{"name":"wp","href":"https:\/\/api.w.org\/{rel}","templated":true}]}}