{"id":78,"date":"2012-12-15T22:01:00","date_gmt":"2012-12-15T21:01:00","guid":{"rendered":"http:\/\/micoulou.info\/wp\/index.php\/2012\/12\/15\/marseille\/"},"modified":"2012-12-15T22:01:00","modified_gmt":"2012-12-15T21:01:00","slug":"marseille","status":"publish","type":"post","link":"https:\/\/www.micoulou-photos.com\/index.php\/2012\/12\/15\/marseille\/","title":{"rendered":"Marseille"},"content":{"rendered":"<p>Bon, on passe \u00e0 plus recent&#8230; J&rsquo;etais donc \u00e0 Marseille cet \u00e9t\u00e9, debut aout pour paser un entretien d&#8217;embauche, que je&nbsp; n&rsquo;ai pas eu mais qui m&rsquo;a permis de faire quelques photos dans la soir\u00e9e&#8230;<\/p>\n<div style=\"clear: both; text-align: center;\"><a href=\"https:\/\/i0.wp.com\/3.bp.blogspot.com\/-tkHP_gkp4Gw\/UMzkYk1NpII\/AAAAAAAA4rc\/3RN9k6pq1c8\/s1600\/img021.jpg\" style=\"margin-left: 1em; margin-right: 1em;\"><img data-recalc-dims=\"1\" fetchpriority=\"high\" decoding=\"async\" border=\"0\" height=\"320\" src=\"https:\/\/i0.wp.com\/3.bp.blogspot.com\/-tkHP_gkp4Gw\/UMzkYk1NpII\/AAAAAAAA4rc\/3RN9k6pq1c8\/s320\/img021.jpg?resize=217%2C320\" width=\"217\" \/><\/a><\/div>\n<p><\/p>\n<div style=\"clear: both; text-align: center;\"><a href=\"https:\/\/i0.wp.com\/2.bp.blogspot.com\/-3iq3siT-GVQ\/UMzkckrHgFI\/AAAAAAAA4rk\/ZGLa4oRKCHA\/s1600\/img022.jpg\" style=\"margin-left: 1em; margin-right: 1em;\"><img data-recalc-dims=\"1\" decoding=\"async\" border=\"0\" height=\"320\" src=\"https:\/\/i0.wp.com\/2.bp.blogspot.com\/-3iq3siT-GVQ\/UMzkckrHgFI\/AAAAAAAA4rk\/ZGLa4oRKCHA\/s320\/img022.jpg?resize=210%2C320\" width=\"210\" \/><\/a><\/div>\n<p><\/p>\n<div style=\"clear: both; text-align: center;\"><a href=\"https:\/\/i0.wp.com\/4.bp.blogspot.com\/-mYHv8gl6_Ms\/UMzkfPS-rnI\/AAAAAAAA4rs\/YuDOshhC3Ig\/s1600\/img023.jpg\" style=\"margin-left: 1em; margin-right: 1em;\"><img data-recalc-dims=\"1\" decoding=\"async\" border=\"0\" height=\"210\" src=\"https:\/\/i0.wp.com\/4.bp.blogspot.com\/-mYHv8gl6_Ms\/UMzkfPS-rnI\/AAAAAAAA4rs\/YuDOshhC3Ig\/s320\/img023.jpg?resize=320%2C210\" width=\"320\" \/><\/a><\/div>\n<p><\/p>\n<div style=\"clear: both; text-align: center;\"><a href=\"https:\/\/i0.wp.com\/1.bp.blogspot.com\/-SXVv2LxNXXY\/UMzkmxvZG8I\/AAAAAAAA4r0\/HWxj4LZGuf8\/s1600\/img024.jpg\" style=\"margin-left: 1em; margin-right: 1em;\"><img data-recalc-dims=\"1\" loading=\"lazy\" decoding=\"async\" border=\"0\" height=\"196\" src=\"https:\/\/i0.wp.com\/1.bp.blogspot.com\/-SXVv2LxNXXY\/UMzkmxvZG8I\/AAAAAAAA4r0\/HWxj4LZGuf8\/s320\/img024.jpg?resize=320%2C196\" width=\"320\" \/><\/a><\/div>\n<p>Minolta Hi-Matic S avec Fuji Sensia 100. Je l&rsquo;ai scann\u00e9 avec mon Epson, et il ne va vraiment pas pour les diapos&#8230;<\/p>\n","protected":false},"excerpt":{"rendered":"<p>Bon, on passe \u00e0 plus recent&#8230; J&rsquo;etais donc \u00e0 Marseille cet \u00e9t\u00e9, debut aout pour paser un entretien d&#8217;embauche, que je&nbsp; n&rsquo;ai pas eu mais qui m&rsquo;a permis de faire quelques photos dans la soir\u00e9e&#8230; Minolta Hi-Matic S avec Fuji Sensia 100. Je l&rsquo;ai scann\u00e9 avec mon Epson, et il ne va vraiment pas pour [&hellip;]<\/p>\n","protected":false},"author":1,"featured_media":0,"comment_status":"open","ping_status":"open","sticky":false,"template":"","format":"standard","meta":{"jetpack_post_was_ever_published":false,"_jetpack_newsletter_access":"","_jetpack_dont_email_post_to_subs":false,"_jetpack_newsletter_tier_id":0,"_jetpack_memberships_contains_paywalled_content":false,"_jetpack_memberships_contains_paid_content":false,"footnotes":"","jetpack_publicize_message":"","jetpack_publicize_feature_enabled":true,"jetpack_social_post_already_shared":false,"jetpack_social_options":{"image_generator_settings":{"template":"highway","default_image_id":0,"font":"","enabled":false},"version":2}},"categories":[1],"tags":[],"class_list":["post-78","post","type-post","status-publish","format-standard","hentry","category-non-classe"],"yoast_head":"<!-- This site is optimized with the Yoast SEO plugin v27.5 - https:\/\/yoast.com\/product\/yoast-seo-wordpress\/ -->\n<title>Marseille - Micoulou Photographie<\/title>\n<meta name=\"robots\" content=\"index, follow, max-snippet:-1, max-image-preview:large, max-video-preview:-1\" \/>\n<link rel=\"canonical\" href=\"https:\/\/www.micoulou-photos.com\/index.php\/2012\/12\/15\/marseille\/\" \/>\n<meta property=\"og:locale\" content=\"fr_FR\" \/>\n<meta property=\"og:type\" content=\"article\" \/>\n<meta property=\"og:title\" content=\"Marseille - Micoulou Photographie\" \/>\n<meta property=\"og:description\" content=\"Bon, on passe \u00e0 plus recent&#8230; J&rsquo;etais donc \u00e0 Marseille cet \u00e9t\u00e9, debut aout pour paser un entretien d&#8217;embauche, que je&nbsp; n&rsquo;ai pas eu mais qui m&rsquo;a permis de faire quelques photos dans la soir\u00e9e&#8230; Minolta Hi-Matic S avec Fuji Sensia 100. Je l&rsquo;ai scann\u00e9 avec mon Epson, et il ne va vraiment pas pour [&hellip;]\" \/>\n<meta property=\"og:url\" content=\"https:\/\/www.micoulou-photos.com\/index.php\/2012\/12\/15\/marseille\/\" \/>\n<meta property=\"og:site_name\" content=\"Micoulou Photographie\" \/>\n<meta property=\"article:published_time\" content=\"2012-12-15T21:01:00+00:00\" \/>\n<meta property=\"og:image\" content=\"http:\/\/3.bp.blogspot.com\/-tkHP_gkp4Gw\/UMzkYk1NpII\/AAAAAAAA4rc\/3RN9k6pq1c8\/s320\/img021.jpg\" \/>\n<meta name=\"author\" content=\"micoulou\" \/>\n<meta name=\"twitter:card\" content=\"summary_large_image\" \/>\n<meta name=\"twitter:label1\" content=\"\u00c9crit par\" \/>\n\t<meta name=\"twitter:data1\" content=\"micoulou\" \/>\n<script type=\"application\/ld+json\" class=\"yoast-schema-graph\">{\"@context\":\"https:\\\/\\\/schema.org\",\"@graph\":[{\"@type\":\"Article\",\"@id\":\"https:\\\/\\\/www.micoulou-photos.com\\\/index.php\\\/2012\\\/12\\\/15\\\/marseille\\\/#article\",\"isPartOf\":{\"@id\":\"https:\\\/\\\/www.micoulou-photos.com\\\/index.php\\\/2012\\\/12\\\/15\\\/marseille\\\/\"},\"author\":{\"name\":\"micoulou\",\"@id\":\"https:\\\/\\\/www.micoulou-photos.com\\\/#\\\/schema\\\/person\\\/6aedfe8ebe91da632f46e7c9d806a722\"},\"headline\":\"Marseille\",\"datePublished\":\"2012-12-15T21:01:00+00:00\",\"mainEntityOfPage\":{\"@id\":\"https:\\\/\\\/www.micoulou-photos.com\\\/index.php\\\/2012\\\/12\\\/15\\\/marseille\\\/\"},\"wordCount\":62,\"commentCount\":0,\"publisher\":{\"@id\":\"https:\\\/\\\/www.micoulou-photos.com\\\/#organization\"},\"image\":{\"@id\":\"https:\\\/\\\/www.micoulou-photos.com\\\/index.php\\\/2012\\\/12\\\/15\\\/marseille\\\/#primaryimage\"},\"thumbnailUrl\":\"http:\\\/\\\/3.bp.blogspot.com\\\/-tkHP_gkp4Gw\\\/UMzkYk1NpII\\\/AAAAAAAA4rc\\\/3RN9k6pq1c8\\\/s320\\\/img021.jpg\",\"inLanguage\":\"fr-FR\",\"potentialAction\":[{\"@type\":\"CommentAction\",\"name\":\"Comment\",\"target\":[\"https:\\\/\\\/www.micoulou-photos.com\\\/index.php\\\/2012\\\/12\\\/15\\\/marseille\\\/#respond\"]}]},{\"@type\":\"WebPage\",\"@id\":\"https:\\\/\\\/www.micoulou-photos.com\\\/index.php\\\/2012\\\/12\\\/15\\\/marseille\\\/\",\"url\":\"https:\\\/\\\/www.micoulou-photos.com\\\/index.php\\\/2012\\\/12\\\/15\\\/marseille\\\/\",\"name\":\"Marseille - Micoulou Photographie\",\"isPartOf\":{\"@id\":\"https:\\\/\\\/www.micoulou-photos.com\\\/#website\"},\"primaryImageOfPage\":{\"@id\":\"https:\\\/\\\/www.micoulou-photos.com\\\/index.php\\\/2012\\\/12\\\/15\\\/marseille\\\/#primaryimage\"},\"image\":{\"@id\":\"https:\\\/\\\/www.micoulou-photos.com\\\/index.php\\\/2012\\\/12\\\/15\\\/marseille\\\/#primaryimage\"},\"thumbnailUrl\":\"http:\\\/\\\/3.bp.blogspot.com\\\/-tkHP_gkp4Gw\\\/UMzkYk1NpII\\\/AAAAAAAA4rc\\\/3RN9k6pq1c8\\\/s320\\\/img021.jpg\",\"datePublished\":\"2012-12-15T21:01:00+00:00\",\"breadcrumb\":{\"@id\":\"https:\\\/\\\/www.micoulou-photos.com\\\/index.php\\\/2012\\\/12\\\/15\\\/marseille\\\/#breadcrumb\"},\"inLanguage\":\"fr-FR\",\"potentialAction\":[{\"@type\":\"ReadAction\",\"target\":[\"https:\\\/\\\/www.micoulou-photos.com\\\/index.php\\\/2012\\\/12\\\/15\\\/marseille\\\/\"]}]},{\"@type\":\"ImageObject\",\"inLanguage\":\"fr-FR\",\"@id\":\"https:\\\/\\\/www.micoulou-photos.com\\\/index.php\\\/2012\\\/12\\\/15\\\/marseille\\\/#primaryimage\",\"url\":\"http:\\\/\\\/3.bp.blogspot.com\\\/-tkHP_gkp4Gw\\\/UMzkYk1NpII\\\/AAAAAAAA4rc\\\/3RN9k6pq1c8\\\/s320\\\/img021.jpg\",\"contentUrl\":\"http:\\\/\\\/3.bp.blogspot.com\\\/-tkHP_gkp4Gw\\\/UMzkYk1NpII\\\/AAAAAAAA4rc\\\/3RN9k6pq1c8\\\/s320\\\/img021.jpg\"},{\"@type\":\"BreadcrumbList\",\"@id\":\"https:\\\/\\\/www.micoulou-photos.com\\\/index.php\\\/2012\\\/12\\\/15\\\/marseille\\\/#breadcrumb\",\"itemListElement\":[{\"@type\":\"ListItem\",\"position\":1,\"name\":\"Accueil\",\"item\":\"https:\\\/\\\/www.micoulou-photos.com\\\/\"},{\"@type\":\"ListItem\",\"position\":2,\"name\":\"Marseille\"}]},{\"@type\":\"WebSite\",\"@id\":\"https:\\\/\\\/www.micoulou-photos.com\\\/#website\",\"url\":\"https:\\\/\\\/www.micoulou-photos.com\\\/\",\"name\":\"Micoulou Photographie\",\"description\":\"Photographies, Visites virtuelles et formations par Mickael Minarie\",\"publisher\":{\"@id\":\"https:\\\/\\\/www.micoulou-photos.com\\\/#organization\"},\"potentialAction\":[{\"@type\":\"SearchAction\",\"target\":{\"@type\":\"EntryPoint\",\"urlTemplate\":\"https:\\\/\\\/www.micoulou-photos.com\\\/?s={search_term_string}\"},\"query-input\":{\"@type\":\"PropertyValueSpecification\",\"valueRequired\":true,\"valueName\":\"search_term_string\"}}],\"inLanguage\":\"fr-FR\"},{\"@type\":\"Organization\",\"@id\":\"https:\\\/\\\/www.micoulou-photos.com\\\/#organization\",\"name\":\"Micoulou Photographie\",\"url\":\"https:\\\/\\\/www.micoulou-photos.com\\\/\",\"logo\":{\"@type\":\"ImageObject\",\"inLanguage\":\"fr-FR\",\"@id\":\"https:\\\/\\\/www.micoulou-photos.com\\\/#\\\/schema\\\/logo\\\/image\\\/\",\"url\":\"https:\\\/\\\/i0.wp.com\\\/www.micoulou-photos.com\\\/wp-content\\\/uploads\\\/2020\\\/05\\\/cropped-891667_552097324824916_1615181552_o-1.jpg?fit=643%2C722&ssl=1\",\"contentUrl\":\"https:\\\/\\\/i0.wp.com\\\/www.micoulou-photos.com\\\/wp-content\\\/uploads\\\/2020\\\/05\\\/cropped-891667_552097324824916_1615181552_o-1.jpg?fit=643%2C722&ssl=1\",\"width\":643,\"height\":722,\"caption\":\"Micoulou Photographie\"},\"image\":{\"@id\":\"https:\\\/\\\/www.micoulou-photos.com\\\/#\\\/schema\\\/logo\\\/image\\\/\"}},{\"@type\":\"Person\",\"@id\":\"https:\\\/\\\/www.micoulou-photos.com\\\/#\\\/schema\\\/person\\\/6aedfe8ebe91da632f46e7c9d806a722\",\"name\":\"micoulou\",\"image\":{\"@type\":\"ImageObject\",\"inLanguage\":\"fr-FR\",\"@id\":\"https:\\\/\\\/secure.gravatar.com\\\/avatar\\\/98f892eb7d267eab2faa437baa3edd708deaaa43929316c0cc7b751a04cb247b?s=96&d=mm&r=g\",\"url\":\"https:\\\/\\\/secure.gravatar.com\\\/avatar\\\/98f892eb7d267eab2faa437baa3edd708deaaa43929316c0cc7b751a04cb247b?s=96&d=mm&r=g\",\"contentUrl\":\"https:\\\/\\\/secure.gravatar.com\\\/avatar\\\/98f892eb7d267eab2faa437baa3edd708deaaa43929316c0cc7b751a04cb247b?s=96&d=mm&r=g\",\"caption\":\"micoulou\"},\"url\":\"https:\\\/\\\/www.micoulou-photos.com\\\/index.php\\\/author\\\/micoulou\\\/\"}]}<\/script>\n<!-- \/ Yoast SEO plugin. -->","yoast_head_json":{"title":"Marseille - Micoulou Photographie","robots":{"index":"index","follow":"follow","max-snippet":"max-snippet:-1","max-image-preview":"max-image-preview:large","max-video-preview":"max-video-preview:-1"},"canonical":"https:\/\/www.micoulou-photos.com\/index.php\/2012\/12\/15\/marseille\/","og_locale":"fr_FR","og_type":"article","og_title":"Marseille - Micoulou Photographie","og_description":"Bon, on passe \u00e0 plus recent&#8230; J&rsquo;etais donc \u00e0 Marseille cet \u00e9t\u00e9, debut aout pour paser un entretien d&#8217;embauche, que je&nbsp; n&rsquo;ai pas eu mais qui m&rsquo;a permis de faire quelques photos dans la soir\u00e9e&#8230; Minolta Hi-Matic S avec Fuji Sensia 100. Je l&rsquo;ai scann\u00e9 avec mon Epson, et il ne va vraiment pas pour [&hellip;]","og_url":"https:\/\/www.micoulou-photos.com\/index.php\/2012\/12\/15\/marseille\/","og_site_name":"Micoulou Photographie","article_published_time":"2012-12-15T21:01:00+00:00","og_image":[{"url":"http:\/\/3.bp.blogspot.com\/-tkHP_gkp4Gw\/UMzkYk1NpII\/AAAAAAAA4rc\/3RN9k6pq1c8\/s320\/img021.jpg","type":"","width":"","height":""}],"author":"micoulou","twitter_card":"summary_large_image","twitter_misc":{"\u00c9crit par":"micoulou"},"schema":{"@context":"https:\/\/schema.org","@graph":[{"@type":"Article","@id":"https:\/\/www.micoulou-photos.com\/index.php\/2012\/12\/15\/marseille\/#article","isPartOf":{"@id":"https:\/\/www.micoulou-photos.com\/index.php\/2012\/12\/15\/marseille\/"},"author":{"name":"micoulou","@id":"https:\/\/www.micoulou-photos.com\/#\/schema\/person\/6aedfe8ebe91da632f46e7c9d806a722"},"headline":"Marseille","datePublished":"2012-12-15T21:01:00+00:00","mainEntityOfPage":{"@id":"https:\/\/www.micoulou-photos.com\/index.php\/2012\/12\/15\/marseille\/"},"wordCount":62,"commentCount":0,"publisher":{"@id":"https:\/\/www.micoulou-photos.com\/#organization"},"image":{"@id":"https:\/\/www.micoulou-photos.com\/index.php\/2012\/12\/15\/marseille\/#primaryimage"},"thumbnailUrl":"http:\/\/3.bp.blogspot.com\/-tkHP_gkp4Gw\/UMzkYk1NpII\/AAAAAAAA4rc\/3RN9k6pq1c8\/s320\/img021.jpg","inLanguage":"fr-FR","potentialAction":[{"@type":"CommentAction","name":"Comment","target":["https:\/\/www.micoulou-photos.com\/index.php\/2012\/12\/15\/marseille\/#respond"]}]},{"@type":"WebPage","@id":"https:\/\/www.micoulou-photos.com\/index.php\/2012\/12\/15\/marseille\/","url":"https:\/\/www.micoulou-photos.com\/index.php\/2012\/12\/15\/marseille\/","name":"Marseille - Micoulou Photographie","isPartOf":{"@id":"https:\/\/www.micoulou-photos.com\/#website"},"primaryImageOfPage":{"@id":"https:\/\/www.micoulou-photos.com\/index.php\/2012\/12\/15\/marseille\/#primaryimage"},"image":{"@id":"https:\/\/www.micoulou-photos.com\/index.php\/2012\/12\/15\/marseille\/#primaryimage"},"thumbnailUrl":"http:\/\/3.bp.blogspot.com\/-tkHP_gkp4Gw\/UMzkYk1NpII\/AAAAAAAA4rc\/3RN9k6pq1c8\/s320\/img021.jpg","datePublished":"2012-12-15T21:01:00+00:00","breadcrumb":{"@id":"https:\/\/www.micoulou-photos.com\/index.php\/2012\/12\/15\/marseille\/#breadcrumb"},"inLanguage":"fr-FR","potentialAction":[{"@type":"ReadAction","target":["https:\/\/www.micoulou-photos.com\/index.php\/2012\/12\/15\/marseille\/"]}]},{"@type":"ImageObject","inLanguage":"fr-FR","@id":"https:\/\/www.micoulou-photos.com\/index.php\/2012\/12\/15\/marseille\/#primaryimage","url":"http:\/\/3.bp.blogspot.com\/-tkHP_gkp4Gw\/UMzkYk1NpII\/AAAAAAAA4rc\/3RN9k6pq1c8\/s320\/img021.jpg","contentUrl":"http:\/\/3.bp.blogspot.com\/-tkHP_gkp4Gw\/UMzkYk1NpII\/AAAAAAAA4rc\/3RN9k6pq1c8\/s320\/img021.jpg"},{"@type":"BreadcrumbList","@id":"https:\/\/www.micoulou-photos.com\/index.php\/2012\/12\/15\/marseille\/#breadcrumb","itemListElement":[{"@type":"ListItem","position":1,"name":"Accueil","item":"https:\/\/www.micoulou-photos.com\/"},{"@type":"ListItem","position":2,"name":"Marseille"}]},{"@type":"WebSite","@id":"https:\/\/www.micoulou-photos.com\/#website","url":"https:\/\/www.micoulou-photos.com\/","name":"Micoulou Photographie","description":"Photographies, Visites virtuelles et formations par Mickael Minarie","publisher":{"@id":"https:\/\/www.micoulou-photos.com\/#organization"},"potentialAction":[{"@type":"SearchAction","target":{"@type":"EntryPoint","urlTemplate":"https:\/\/www.micoulou-photos.com\/?s={search_term_string}"},"query-input":{"@type":"PropertyValueSpecification","valueRequired":true,"valueName":"search_term_string"}}],"inLanguage":"fr-FR"},{"@type":"Organization","@id":"https:\/\/www.micoulou-photos.com\/#organization","name":"Micoulou Photographie","url":"https:\/\/www.micoulou-photos.com\/","logo":{"@type":"ImageObject","inLanguage":"fr-FR","@id":"https:\/\/www.micoulou-photos.com\/#\/schema\/logo\/image\/","url":"https:\/\/i0.wp.com\/www.micoulou-photos.com\/wp-content\/uploads\/2020\/05\/cropped-891667_552097324824916_1615181552_o-1.jpg?fit=643%2C722&ssl=1","contentUrl":"https:\/\/i0.wp.com\/www.micoulou-photos.com\/wp-content\/uploads\/2020\/05\/cropped-891667_552097324824916_1615181552_o-1.jpg?fit=643%2C722&ssl=1","width":643,"height":722,"caption":"Micoulou Photographie"},"image":{"@id":"https:\/\/www.micoulou-photos.com\/#\/schema\/logo\/image\/"}},{"@type":"Person","@id":"https:\/\/www.micoulou-photos.com\/#\/schema\/person\/6aedfe8ebe91da632f46e7c9d806a722","name":"micoulou","image":{"@type":"ImageObject","inLanguage":"fr-FR","@id":"https:\/\/secure.gravatar.com\/avatar\/98f892eb7d267eab2faa437baa3edd708deaaa43929316c0cc7b751a04cb247b?s=96&d=mm&r=g","url":"https:\/\/secure.gravatar.com\/avatar\/98f892eb7d267eab2faa437baa3edd708deaaa43929316c0cc7b751a04cb247b?s=96&d=mm&r=g","contentUrl":"https:\/\/secure.gravatar.com\/avatar\/98f892eb7d267eab2faa437baa3edd708deaaa43929316c0cc7b751a04cb247b?s=96&d=mm&r=g","caption":"micoulou"},"url":"https:\/\/www.micoulou-photos.com\/index.php\/author\/micoulou\/"}]}},"jetpack_publicize_connections":[],"jetpack_featured_media_url":"","jetpack_sharing_enabled":true,"jetpack_shortlink":"https:\/\/wp.me\/p7zKF4-1g","jetpack-related-posts":[{"id":137,"url":"https:\/\/www.micoulou-photos.com\/index.php\/2011\/11\/19\/nouvelle-et-remise-en-question\/","url_meta":{"origin":78,"position":0},"title":"Nouvelle et remise en question","author":"micoulou","date":"19 novembre 2011","format":false,"excerpt":"Bon, cel\u00e0 fait quelques temps que les message etait tr\u00e8s g\u00e9n\u00e9raliste...Comme j'avais du le dire dans un precedent message, j'avais trouv\u00e9 un job... Ce que je n'avais pas dit, c'est que \u00e0 ce moment, j'avais d\u00e9j\u00e0 pass\u00e9 2 entretiens et que j'attendais les reponses, les 2 autres jobs me motivaient\u2026","rel":"","context":"Dans &quot;Canada&quot;","block_context":{"text":"Canada","link":"https:\/\/www.micoulou-photos.com\/index.php\/category\/canada\/"},"img":{"alt_text":"","src":"","width":0,"height":0},"classes":[]},{"id":86,"url":"https:\/\/www.micoulou-photos.com\/index.php\/2012\/10\/27\/son-et-lumiere\/","url_meta":{"origin":78,"position":1},"title":"Son et lumi\u00e8re","author":"micoulou","date":"27 octobre 2012","format":false,"excerpt":"Cette \u00e9t\u00e9, alors que je revenais de Marseille et Lyon pour quelques entretien (un avait \u00e9t\u00e9 positif d'ailleurs, mais si j'avais su ce qui m'attendait, j'aurais gentiment tout arr\u00e9t\u00e9...), mes parents m'avait reserv\u00e9 un sepctacle de son et Lumiere : La revolution : Le destin des femmes a Clery St\u2026","rel":"","context":"Dans &quot;Non class\u00e9&quot;","block_context":{"text":"Non class\u00e9","link":"https:\/\/www.micoulou-photos.com\/index.php\/category\/non-classe\/"},"img":{"alt_text":"","src":"https:\/\/i0.wp.com\/2.bp.blogspot.com\/-jS4dVYc-V4g\/UIvZetzveWI\/AAAAAAAA4II\/L0zxHi1W7kc\/s320\/IMG_5391.jpg?resize=350%2C200","width":350,"height":200},"classes":[]},{"id":123,"url":"https:\/\/www.micoulou-photos.com\/index.php\/2012\/05\/14\/123\/","url_meta":{"origin":78,"position":2},"title":"Quelques photos du debut du\u2026","author":"micoulou","date":"14 mai 2012","format":false,"excerpt":"Quelques photos du debut du printemps a Montreal (oui, ca va tres vite, on passe quasiment de l'hiver a l'ete ici...) il y a deux semaine, ou j'ai suivi le canal rideau de Berri jusqu'a verdun (4h de marche A\/R).Cela m'a permit aussi de tester le couple Canon EOS D60\u2026","rel":"","context":"Dans &quot;Non class\u00e9&quot;","block_context":{"text":"Non class\u00e9","link":"https:\/\/www.micoulou-photos.com\/index.php\/category\/non-classe\/"},"img":{"alt_text":"","src":"https:\/\/i0.wp.com\/4.bp.blogspot.com\/-SBjJ8Prt05w\/T5yy8VZ9PkI\/AAAAAAAAv2w\/VK0OoMoH03k\/s320\/CRW_0076.jpg?resize=350%2C200","width":350,"height":200},"classes":[]},{"id":46,"url":"https:\/\/www.micoulou-photos.com\/index.php\/2013\/09\/06\/marseille-gare-saint-charles\/","url_meta":{"origin":78,"position":3},"title":"Marseille, gare Saint Charles","author":"micoulou","date":"6 septembre 2013","format":false,"excerpt":"En cours de scan de mes ancienne serie, voici une mini serie sur Marseille St Charles, prise en aout 2012, lors de mes entretients. Tout AU Minolta Hi-Matic, Lucky SHD 100 developp\u00e9 en semi stand dev.","rel":"","context":"Dans &quot;voyage&quot;","block_context":{"text":"voyage","link":"https:\/\/www.micoulou-photos.com\/index.php\/category\/voyage\/"},"img":{"alt_text":"","src":"https:\/\/i0.wp.com\/2.bp.blogspot.com\/-c5a1Yu1R2Ys\/UipWG5nwfEI\/AAAAAAAA9RM\/BSPEUhQpYNk\/s320\/pict050.jpg?resize=350%2C200","width":350,"height":200},"classes":[]},{"id":5327,"url":"https:\/\/www.micoulou-photos.com\/index.php\/2019\/10\/24\/les-aventures-dun-aspiboy-ep5-piste-cyclable-roger-labetie\/","url_meta":{"origin":78,"position":4},"title":"Les aventures d&rsquo;un aspiboy EP5 : Piste cyclable Roger Lap\u00e9bie","author":"micoulou","date":"24 octobre 2019","format":false,"excerpt":"Je vous ai d\u00e9j\u00e0 parl\u00e9 de cette piste cyclable dans les vid\u00e9os, mais l\u00e0 j'ai pu la faire presque en int\u00e9gralit\u00e9 (j'essaye de faire le reste demain pour la vid\u00e9o sur le Pentax K100D\/K110D), avec quelques aventures sur le chemins, donc je vais vous conter cel\u00e0 ici. Le contexte :\u2026","rel":"","context":"Dans &quot;Asperger&quot;","block_context":{"text":"Asperger","link":"https:\/\/www.micoulou-photos.com\/index.php\/category\/asperger\/"},"img":{"alt_text":"","src":"https:\/\/i0.wp.com\/www.micoulou-photos.com\/wp-content\/uploads\/2019\/10\/DSC00533.jpg?fit=1200%2C802&ssl=1&resize=350%2C200","width":350,"height":200,"srcset":"https:\/\/i0.wp.com\/www.micoulou-photos.com\/wp-content\/uploads\/2019\/10\/DSC00533.jpg?fit=1200%2C802&ssl=1&resize=350%2C200 1x, https:\/\/i0.wp.com\/www.micoulou-photos.com\/wp-content\/uploads\/2019\/10\/DSC00533.jpg?fit=1200%2C802&ssl=1&resize=525%2C300 1.5x, https:\/\/i0.wp.com\/www.micoulou-photos.com\/wp-content\/uploads\/2019\/10\/DSC00533.jpg?fit=1200%2C802&ssl=1&resize=700%2C400 2x, https:\/\/i0.wp.com\/www.micoulou-photos.com\/wp-content\/uploads\/2019\/10\/DSC00533.jpg?fit=1200%2C802&ssl=1&resize=1050%2C600 3x"},"classes":[]},{"id":2730,"url":"https:\/\/www.micoulou-photos.com\/index.php\/2016\/11\/19\/paris-sous-la-pluie\/","url_meta":{"origin":78,"position":5},"title":"Paris, sous la pluie","author":"micoulou","date":"19 novembre 2016","format":false,"excerpt":"Je suis mont\u00e9 \u00e0 Paris pour le salon de la photo le week end dernier (enfin, le week end, c\u2019\u00e9tait plut\u00f4t autour puisque j'y \u00e9tais le vendredi puis le lundi), avec quelques rencontres sympa (et malheureusement une sortie photo que je n'ai pas pu faire le samedi avec les amis\u2026","rel":"","context":"Dans &quot;voyage&quot;","block_context":{"text":"voyage","link":"https:\/\/www.micoulou-photos.com\/index.php\/category\/voyage\/"},"img":{"alt_text":"","src":"https:\/\/i0.wp.com\/www.micoulou-photos.com\/wp-content\/uploads\/2016\/11\/IMGP7501-Edit.jpg?fit=1200%2C514&ssl=1&resize=350%2C200","width":350,"height":200,"srcset":"https:\/\/i0.wp.com\/www.micoulou-photos.com\/wp-content\/uploads\/2016\/11\/IMGP7501-Edit.jpg?fit=1200%2C514&ssl=1&resize=350%2C200 1x, https:\/\/i0.wp.com\/www.micoulou-photos.com\/wp-content\/uploads\/2016\/11\/IMGP7501-Edit.jpg?fit=1200%2C514&ssl=1&resize=525%2C300 1.5x, https:\/\/i0.wp.com\/www.micoulou-photos.com\/wp-content\/uploads\/2016\/11\/IMGP7501-Edit.jpg?fit=1200%2C514&ssl=1&resize=700%2C400 2x, https:\/\/i0.wp.com\/www.micoulou-photos.com\/wp-content\/uploads\/2016\/11\/IMGP7501-Edit.jpg?fit=1200%2C514&ssl=1&resize=1050%2C600 3x"},"classes":[]}],"_links":{"self":[{"href":"https:\/\/www.micoulou-photos.com\/index.php\/wp-json\/wp\/v2\/posts\/78","targetHints":{"allow":["GET"]}}],"collection":[{"href":"https:\/\/www.micoulou-photos.com\/index.php\/wp-json\/wp\/v2\/posts"}],"about":[{"href":"https:\/\/www.micoulou-photos.com\/index.php\/wp-json\/wp\/v2\/types\/post"}],"author":[{"embeddable":true,"href":"https:\/\/www.micoulou-photos.com\/index.php\/wp-json\/wp\/v2\/users\/1"}],"replies":[{"embeddable":true,"href":"https:\/\/www.micoulou-photos.com\/index.php\/wp-json\/wp\/v2\/comments?post=78"}],"version-history":[{"count":0,"href":"https:\/\/www.micoulou-photos.com\/index.php\/wp-json\/wp\/v2\/posts\/78\/revisions"}],"wp:attachment":[{"href":"https:\/\/www.micoulou-photos.com\/index.php\/wp-json\/wp\/v2\/media?parent=78"}],"wp:term":[{"taxonomy":"category","embeddable":true,"href":"https:\/\/www.micoulou-photos.com\/index.php\/wp-json\/wp\/v2\/categories?post=78"},{"taxonomy":"post_tag","embeddable":true,"href":"https:\/\/www.micoulou-photos.com\/index.php\/wp-json\/wp\/v2\/tags?post=78"}],"curies":[{"name":"wp","href":"https:\/\/api.w.org\/{rel}","templated":true}]}}