{"id":75,"date":"2013-01-02T17:05:00","date_gmt":"2013-01-02T16:05:00","guid":{"rendered":"http:\/\/micoulou.info\/wp\/index.php\/2013\/01\/02\/ballade-a-chambery\/"},"modified":"2013-01-02T17:05:00","modified_gmt":"2013-01-02T16:05:00","slug":"ballade-a-chambery","status":"publish","type":"post","link":"https:\/\/www.micoulou-photos.com\/index.php\/2013\/01\/02\/ballade-a-chambery\/","title":{"rendered":"Ballade \u00e0 Chambery"},"content":{"rendered":"<div style=\"clear: both; text-align: center;\"><a href=\"https:\/\/i0.wp.com\/4.bp.blogspot.com\/-0r671_Z0u0E\/UOH7mlTN6cI\/AAAAAAAA4t0\/Q0V40rZ-1cw\/s1600\/IMGP0075.jpg\" style=\"margin-left: 1em; margin-right: 1em;\"><img data-recalc-dims=\"1\" fetchpriority=\"high\" decoding=\"async\" border=\"0\" height=\"164\" src=\"https:\/\/i0.wp.com\/4.bp.blogspot.com\/-0r671_Z0u0E\/UOH7mlTN6cI\/AAAAAAAA4t0\/Q0V40rZ-1cw\/s320\/IMGP0075.jpg?resize=320%2C164\" width=\"320\" \/><\/a><\/div>\n<p><\/p>\n<div style=\"clear: both; text-align: center;\"><a href=\"https:\/\/i0.wp.com\/1.bp.blogspot.com\/-C-kkpnLXz2Q\/UOH7rQarVEI\/AAAAAAAA4vE\/sMFHcUbIhlg\/s1600\/IMGP0144.jpg\" style=\"margin-left: 1em; margin-right: 1em;\"><img data-recalc-dims=\"1\" decoding=\"async\" border=\"0\" height=\"320\" src=\"https:\/\/i0.wp.com\/1.bp.blogspot.com\/-C-kkpnLXz2Q\/UOH7rQarVEI\/AAAAAAAA4vE\/sMFHcUbIhlg\/s320\/IMGP0144.jpg?resize=212%2C320\" width=\"212\" \/><\/a><\/div>\n<p><\/p>\n<div style=\"clear: both; text-align: center;\"><a href=\"https:\/\/i0.wp.com\/3.bp.blogspot.com\/-ZtW6OIh2ZMg\/UOH7pieRxNI\/AAAAAAAA4ug\/6CVp541E5qM\/s1600\/IMGP0119.jpg\" style=\"margin-left: 1em; margin-right: 1em;\"><img data-recalc-dims=\"1\" decoding=\"async\" border=\"0\" height=\"320\" src=\"https:\/\/i0.wp.com\/3.bp.blogspot.com\/-ZtW6OIh2ZMg\/UOH7pieRxNI\/AAAAAAAA4ug\/6CVp541E5qM\/s320\/IMGP0119.jpg?resize=212%2C320\" width=\"212\" \/><\/a><\/div>\n<p><\/p>\n<div style=\"clear: both; text-align: center;\"><a href=\"https:\/\/i0.wp.com\/1.bp.blogspot.com\/-g58S1I0Bzp0\/UOH7p7chSZI\/AAAAAAAA4uk\/dHMw4aGwCG4\/s1600\/IMGP0122.jpg\" style=\"margin-left: 1em; margin-right: 1em;\"><img data-recalc-dims=\"1\" loading=\"lazy\" decoding=\"async\" border=\"0\" height=\"320\" src=\"https:\/\/i0.wp.com\/1.bp.blogspot.com\/-g58S1I0Bzp0\/UOH7p7chSZI\/AAAAAAAA4uk\/dHMw4aGwCG4\/s320\/IMGP0122.jpg?resize=212%2C320\" width=\"212\" \/><\/a><\/div>\n<p><\/p>\n<div style=\"clear: both; text-align: center;\"><a href=\"https:\/\/i0.wp.com\/4.bp.blogspot.com\/-XnHIFn5L0hU\/UOH7s3eYk4I\/AAAAAAAA4vo\/UogAkBIx9WQ\/s1600\/IMGP0167.jpg\" style=\"margin-left: 1em; margin-right: 1em;\"><img data-recalc-dims=\"1\" loading=\"lazy\" decoding=\"async\" border=\"0\" height=\"211\" src=\"https:\/\/i0.wp.com\/4.bp.blogspot.com\/-XnHIFn5L0hU\/UOH7s3eYk4I\/AAAAAAAA4vo\/UogAkBIx9WQ\/s320\/IMGP0167.jpg?resize=320%2C211\" width=\"320\" \/><\/a><\/div>\n<p><\/p>\n<table align=\"center\" cellpadding=\"0\" cellspacing=\"0\" style=\"margin-left: auto; margin-right: auto; text-align: center;\">\n<tbody>\n<tr>\n<td style=\"text-align: center;\"><a href=\"https:\/\/i0.wp.com\/1.bp.blogspot.com\/-3IveFW_9mJE\/UOH7ne4vNcI\/AAAAAAAA4t8\/mfqaGyCh-bU\/s1600\/IMGP0080.jpg\" style=\"margin-left: auto; margin-right: auto;\"><img data-recalc-dims=\"1\" loading=\"lazy\" decoding=\"async\" border=\"0\" height=\"211\" src=\"https:\/\/i0.wp.com\/1.bp.blogspot.com\/-3IveFW_9mJE\/UOH7ne4vNcI\/AAAAAAAA4t8\/mfqaGyCh-bU\/s320\/IMGP0080.jpg?resize=320%2C211\" width=\"320\" \/><\/a><\/td>\n<\/tr>\n<tr>\n<td style=\"text-align: center;\">En arrivant, dans le train.<\/td>\n<\/tr>\n<\/tbody>\n<\/table>\n<p><\/p>\n<div style=\"clear: both; text-align: center;\"><a href=\"https:\/\/i0.wp.com\/4.bp.blogspot.com\/-rkmTXYv168s\/UOH7ojw9ZEI\/AAAAAAAA4uQ\/nBrYbUPEi6U\/s1600\/IMGP0099.jpg\" style=\"margin-left: 1em; margin-right: 1em;\"><img data-recalc-dims=\"1\" loading=\"lazy\" decoding=\"async\" border=\"0\" height=\"211\" src=\"https:\/\/i0.wp.com\/4.bp.blogspot.com\/-rkmTXYv168s\/UOH7ojw9ZEI\/AAAAAAAA4uQ\/nBrYbUPEi6U\/s320\/IMGP0099.jpg?resize=320%2C211\" width=\"320\" \/><\/a><\/div>\n<p><\/p>\n<div style=\"clear: both; text-align: center;\"><a href=\"https:\/\/i0.wp.com\/1.bp.blogspot.com\/-8ygQyCO78nA\/UOH7oAa2X2I\/AAAAAAAA4uM\/nFOLIPCuIgI\/s1600\/IMGP0097.jpg\" style=\"margin-left: 1em; margin-right: 1em;\"><img data-recalc-dims=\"1\" loading=\"lazy\" decoding=\"async\" border=\"0\" height=\"320\" src=\"https:\/\/i0.wp.com\/1.bp.blogspot.com\/-8ygQyCO78nA\/UOH7oAa2X2I\/AAAAAAAA4uM\/nFOLIPCuIgI\/s320\/IMGP0097.jpg?resize=212%2C320\" width=\"212\" \/><\/a><\/div>\n<p><\/p>\n<div style=\"clear: both; text-align: center;\"><a href=\"https:\/\/i0.wp.com\/2.bp.blogspot.com\/-HuJiYZFNDkw\/UOH7qlPO2PI\/AAAAAAAA4u0\/umMIPPlQJeg\/s1600\/IMGP0125.jpg\" style=\"margin-left: 1em; margin-right: 1em;\"><img data-recalc-dims=\"1\" loading=\"lazy\" decoding=\"async\" border=\"0\" height=\"320\" src=\"https:\/\/i0.wp.com\/2.bp.blogspot.com\/-HuJiYZFNDkw\/UOH7qlPO2PI\/AAAAAAAA4u0\/umMIPPlQJeg\/s320\/IMGP0125.jpg?resize=212%2C320\" width=\"212\" \/><\/a><\/div>\n<p><\/p>\n<div style=\"clear: both; text-align: center;\"><a href=\"https:\/\/i0.wp.com\/3.bp.blogspot.com\/-zOZsVnZHVfk\/UOH7st2Z3tI\/AAAAAAAA4vk\/eD60WAnN2Bg\/s1600\/IMGP0160.jpg\" style=\"margin-left: 1em; margin-right: 1em;\"><img data-recalc-dims=\"1\" loading=\"lazy\" decoding=\"async\" border=\"0\" height=\"320\" src=\"https:\/\/i0.wp.com\/3.bp.blogspot.com\/-zOZsVnZHVfk\/UOH7st2Z3tI\/AAAAAAAA4vk\/eD60WAnN2Bg\/s320\/IMGP0160.jpg?resize=212%2C320\" width=\"212\" \/><\/a><\/div>\n<p><\/p>\n<div style=\"clear: both; text-align: center;\"><a href=\"https:\/\/i0.wp.com\/4.bp.blogspot.com\/-LHD2k2s3Vvc\/UOH7sRsI7jI\/AAAAAAAA4vc\/7PQa3-bS5ac\/s1600\/IMGP0156.jpg\" style=\"margin-left: 1em; margin-right: 1em;\"><img data-recalc-dims=\"1\" loading=\"lazy\" decoding=\"async\" border=\"0\" height=\"320\" src=\"https:\/\/i0.wp.com\/4.bp.blogspot.com\/-LHD2k2s3Vvc\/UOH7sRsI7jI\/AAAAAAAA4vc\/7PQa3-bS5ac\/s320\/IMGP0156.jpg?resize=212%2C320\" width=\"212\" \/><\/a><\/div>\n<p><\/p>\n<div style=\"clear: both; text-align: center;\"><a href=\"https:\/\/i0.wp.com\/1.bp.blogspot.com\/-m5YBYaiShIE\/UOH7rjt-a8I\/AAAAAAAA4vQ\/uBpHIA23fEc\/s1600\/IMGP0154.jpg\" style=\"margin-left: 1em; margin-right: 1em;\"><img data-recalc-dims=\"1\" loading=\"lazy\" decoding=\"async\" border=\"0\" height=\"211\" src=\"https:\/\/i0.wp.com\/1.bp.blogspot.com\/-m5YBYaiShIE\/UOH7rjt-a8I\/AAAAAAAA4vQ\/uBpHIA23fEc\/s320\/IMGP0154.jpg?resize=320%2C211\" width=\"320\" \/><\/a><\/div>\n<p>Petite ballade \u00e0 Chambery, je vous donnerais d&rsquo;ici un mois la raison&#8230; Il y aura aussi bientot quelques pano assembl\u00e9s qui vont arriv\u00e9s\/\/\/<\/p>\n","protected":false},"excerpt":{"rendered":"<p>En arrivant, dans le train. Petite ballade \u00e0 Chambery, je vous donnerais d&rsquo;ici un mois la raison&#8230; Il y aura aussi bientot quelques pano assembl\u00e9s qui vont arriv\u00e9s\/\/\/<\/p>\n","protected":false},"author":1,"featured_media":0,"comment_status":"open","ping_status":"open","sticky":false,"template":"","format":"standard","meta":{"jetpack_post_was_ever_published":false,"_jetpack_newsletter_access":"","_jetpack_dont_email_post_to_subs":false,"_jetpack_newsletter_tier_id":0,"_jetpack_memberships_contains_paywalled_content":false,"_jetpack_memberships_contains_paid_content":false,"footnotes":"","jetpack_publicize_message":"","jetpack_publicize_feature_enabled":true,"jetpack_social_post_already_shared":false,"jetpack_social_options":{"image_generator_settings":{"template":"highway","default_image_id":0,"font":"","enabled":false},"version":2}},"categories":[1],"tags":[],"class_list":["post-75","post","type-post","status-publish","format-standard","hentry","category-non-classe"],"yoast_head":"<!-- This site is optimized with the Yoast SEO plugin v27.5 - https:\/\/yoast.com\/product\/yoast-seo-wordpress\/ -->\n<title>Ballade \u00e0 Chambery - Micoulou Photographie<\/title>\n<meta name=\"robots\" content=\"index, follow, max-snippet:-1, max-image-preview:large, max-video-preview:-1\" \/>\n<link rel=\"canonical\" href=\"https:\/\/www.micoulou-photos.com\/index.php\/2013\/01\/02\/ballade-a-chambery\/\" \/>\n<meta property=\"og:locale\" content=\"fr_FR\" \/>\n<meta property=\"og:type\" content=\"article\" \/>\n<meta property=\"og:title\" content=\"Ballade \u00e0 Chambery - Micoulou Photographie\" \/>\n<meta property=\"og:description\" content=\"En arrivant, dans le train. Petite ballade \u00e0 Chambery, je vous donnerais d&rsquo;ici un mois la raison&#8230; Il y aura aussi bientot quelques pano assembl\u00e9s qui vont arriv\u00e9s\/\/\/\" \/>\n<meta property=\"og:url\" content=\"https:\/\/www.micoulou-photos.com\/index.php\/2013\/01\/02\/ballade-a-chambery\/\" \/>\n<meta property=\"og:site_name\" content=\"Micoulou Photographie\" \/>\n<meta property=\"article:published_time\" content=\"2013-01-02T16:05:00+00:00\" \/>\n<meta property=\"og:image\" content=\"http:\/\/4.bp.blogspot.com\/-0r671_Z0u0E\/UOH7mlTN6cI\/AAAAAAAA4t0\/Q0V40rZ-1cw\/s320\/IMGP0075.jpg\" \/>\n<meta name=\"author\" content=\"micoulou\" \/>\n<meta name=\"twitter:card\" content=\"summary_large_image\" \/>\n<meta name=\"twitter:label1\" content=\"\u00c9crit par\" \/>\n\t<meta name=\"twitter:data1\" content=\"micoulou\" \/>\n<script type=\"application\/ld+json\" class=\"yoast-schema-graph\">{\"@context\":\"https:\\\/\\\/schema.org\",\"@graph\":[{\"@type\":\"Article\",\"@id\":\"https:\\\/\\\/www.micoulou-photos.com\\\/index.php\\\/2013\\\/01\\\/02\\\/ballade-a-chambery\\\/#article\",\"isPartOf\":{\"@id\":\"https:\\\/\\\/www.micoulou-photos.com\\\/index.php\\\/2013\\\/01\\\/02\\\/ballade-a-chambery\\\/\"},\"author\":{\"name\":\"micoulou\",\"@id\":\"https:\\\/\\\/www.micoulou-photos.com\\\/#\\\/schema\\\/person\\\/6aedfe8ebe91da632f46e7c9d806a722\"},\"headline\":\"Ballade \u00e0 Chambery\",\"datePublished\":\"2013-01-02T16:05:00+00:00\",\"mainEntityOfPage\":{\"@id\":\"https:\\\/\\\/www.micoulou-photos.com\\\/index.php\\\/2013\\\/01\\\/02\\\/ballade-a-chambery\\\/\"},\"wordCount\":32,\"commentCount\":0,\"publisher\":{\"@id\":\"https:\\\/\\\/www.micoulou-photos.com\\\/#organization\"},\"image\":{\"@id\":\"https:\\\/\\\/www.micoulou-photos.com\\\/index.php\\\/2013\\\/01\\\/02\\\/ballade-a-chambery\\\/#primaryimage\"},\"thumbnailUrl\":\"http:\\\/\\\/4.bp.blogspot.com\\\/-0r671_Z0u0E\\\/UOH7mlTN6cI\\\/AAAAAAAA4t0\\\/Q0V40rZ-1cw\\\/s320\\\/IMGP0075.jpg\",\"inLanguage\":\"fr-FR\",\"potentialAction\":[{\"@type\":\"CommentAction\",\"name\":\"Comment\",\"target\":[\"https:\\\/\\\/www.micoulou-photos.com\\\/index.php\\\/2013\\\/01\\\/02\\\/ballade-a-chambery\\\/#respond\"]}]},{\"@type\":\"WebPage\",\"@id\":\"https:\\\/\\\/www.micoulou-photos.com\\\/index.php\\\/2013\\\/01\\\/02\\\/ballade-a-chambery\\\/\",\"url\":\"https:\\\/\\\/www.micoulou-photos.com\\\/index.php\\\/2013\\\/01\\\/02\\\/ballade-a-chambery\\\/\",\"name\":\"Ballade \u00e0 Chambery - Micoulou Photographie\",\"isPartOf\":{\"@id\":\"https:\\\/\\\/www.micoulou-photos.com\\\/#website\"},\"primaryImageOfPage\":{\"@id\":\"https:\\\/\\\/www.micoulou-photos.com\\\/index.php\\\/2013\\\/01\\\/02\\\/ballade-a-chambery\\\/#primaryimage\"},\"image\":{\"@id\":\"https:\\\/\\\/www.micoulou-photos.com\\\/index.php\\\/2013\\\/01\\\/02\\\/ballade-a-chambery\\\/#primaryimage\"},\"thumbnailUrl\":\"http:\\\/\\\/4.bp.blogspot.com\\\/-0r671_Z0u0E\\\/UOH7mlTN6cI\\\/AAAAAAAA4t0\\\/Q0V40rZ-1cw\\\/s320\\\/IMGP0075.jpg\",\"datePublished\":\"2013-01-02T16:05:00+00:00\",\"breadcrumb\":{\"@id\":\"https:\\\/\\\/www.micoulou-photos.com\\\/index.php\\\/2013\\\/01\\\/02\\\/ballade-a-chambery\\\/#breadcrumb\"},\"inLanguage\":\"fr-FR\",\"potentialAction\":[{\"@type\":\"ReadAction\",\"target\":[\"https:\\\/\\\/www.micoulou-photos.com\\\/index.php\\\/2013\\\/01\\\/02\\\/ballade-a-chambery\\\/\"]}]},{\"@type\":\"ImageObject\",\"inLanguage\":\"fr-FR\",\"@id\":\"https:\\\/\\\/www.micoulou-photos.com\\\/index.php\\\/2013\\\/01\\\/02\\\/ballade-a-chambery\\\/#primaryimage\",\"url\":\"http:\\\/\\\/4.bp.blogspot.com\\\/-0r671_Z0u0E\\\/UOH7mlTN6cI\\\/AAAAAAAA4t0\\\/Q0V40rZ-1cw\\\/s320\\\/IMGP0075.jpg\",\"contentUrl\":\"http:\\\/\\\/4.bp.blogspot.com\\\/-0r671_Z0u0E\\\/UOH7mlTN6cI\\\/AAAAAAAA4t0\\\/Q0V40rZ-1cw\\\/s320\\\/IMGP0075.jpg\"},{\"@type\":\"BreadcrumbList\",\"@id\":\"https:\\\/\\\/www.micoulou-photos.com\\\/index.php\\\/2013\\\/01\\\/02\\\/ballade-a-chambery\\\/#breadcrumb\",\"itemListElement\":[{\"@type\":\"ListItem\",\"position\":1,\"name\":\"Accueil\",\"item\":\"https:\\\/\\\/www.micoulou-photos.com\\\/\"},{\"@type\":\"ListItem\",\"position\":2,\"name\":\"Ballade \u00e0 Chambery\"}]},{\"@type\":\"WebSite\",\"@id\":\"https:\\\/\\\/www.micoulou-photos.com\\\/#website\",\"url\":\"https:\\\/\\\/www.micoulou-photos.com\\\/\",\"name\":\"Micoulou Photographie\",\"description\":\"Photographies, Visites virtuelles et formations par Mickael Minarie\",\"publisher\":{\"@id\":\"https:\\\/\\\/www.micoulou-photos.com\\\/#organization\"},\"potentialAction\":[{\"@type\":\"SearchAction\",\"target\":{\"@type\":\"EntryPoint\",\"urlTemplate\":\"https:\\\/\\\/www.micoulou-photos.com\\\/?s={search_term_string}\"},\"query-input\":{\"@type\":\"PropertyValueSpecification\",\"valueRequired\":true,\"valueName\":\"search_term_string\"}}],\"inLanguage\":\"fr-FR\"},{\"@type\":\"Organization\",\"@id\":\"https:\\\/\\\/www.micoulou-photos.com\\\/#organization\",\"name\":\"Micoulou Photographie\",\"url\":\"https:\\\/\\\/www.micoulou-photos.com\\\/\",\"logo\":{\"@type\":\"ImageObject\",\"inLanguage\":\"fr-FR\",\"@id\":\"https:\\\/\\\/www.micoulou-photos.com\\\/#\\\/schema\\\/logo\\\/image\\\/\",\"url\":\"https:\\\/\\\/i0.wp.com\\\/www.micoulou-photos.com\\\/wp-content\\\/uploads\\\/2020\\\/05\\\/cropped-891667_552097324824916_1615181552_o-1.jpg?fit=643%2C722&ssl=1\",\"contentUrl\":\"https:\\\/\\\/i0.wp.com\\\/www.micoulou-photos.com\\\/wp-content\\\/uploads\\\/2020\\\/05\\\/cropped-891667_552097324824916_1615181552_o-1.jpg?fit=643%2C722&ssl=1\",\"width\":643,\"height\":722,\"caption\":\"Micoulou Photographie\"},\"image\":{\"@id\":\"https:\\\/\\\/www.micoulou-photos.com\\\/#\\\/schema\\\/logo\\\/image\\\/\"}},{\"@type\":\"Person\",\"@id\":\"https:\\\/\\\/www.micoulou-photos.com\\\/#\\\/schema\\\/person\\\/6aedfe8ebe91da632f46e7c9d806a722\",\"name\":\"micoulou\",\"image\":{\"@type\":\"ImageObject\",\"inLanguage\":\"fr-FR\",\"@id\":\"https:\\\/\\\/secure.gravatar.com\\\/avatar\\\/98f892eb7d267eab2faa437baa3edd708deaaa43929316c0cc7b751a04cb247b?s=96&d=mm&r=g\",\"url\":\"https:\\\/\\\/secure.gravatar.com\\\/avatar\\\/98f892eb7d267eab2faa437baa3edd708deaaa43929316c0cc7b751a04cb247b?s=96&d=mm&r=g\",\"contentUrl\":\"https:\\\/\\\/secure.gravatar.com\\\/avatar\\\/98f892eb7d267eab2faa437baa3edd708deaaa43929316c0cc7b751a04cb247b?s=96&d=mm&r=g\",\"caption\":\"micoulou\"},\"url\":\"https:\\\/\\\/www.micoulou-photos.com\\\/index.php\\\/author\\\/micoulou\\\/\"}]}<\/script>\n<!-- \/ Yoast SEO plugin. -->","yoast_head_json":{"title":"Ballade \u00e0 Chambery - Micoulou Photographie","robots":{"index":"index","follow":"follow","max-snippet":"max-snippet:-1","max-image-preview":"max-image-preview:large","max-video-preview":"max-video-preview:-1"},"canonical":"https:\/\/www.micoulou-photos.com\/index.php\/2013\/01\/02\/ballade-a-chambery\/","og_locale":"fr_FR","og_type":"article","og_title":"Ballade \u00e0 Chambery - Micoulou Photographie","og_description":"En arrivant, dans le train. Petite ballade \u00e0 Chambery, je vous donnerais d&rsquo;ici un mois la raison&#8230; Il y aura aussi bientot quelques pano assembl\u00e9s qui vont arriv\u00e9s\/\/\/","og_url":"https:\/\/www.micoulou-photos.com\/index.php\/2013\/01\/02\/ballade-a-chambery\/","og_site_name":"Micoulou Photographie","article_published_time":"2013-01-02T16:05:00+00:00","og_image":[{"url":"http:\/\/4.bp.blogspot.com\/-0r671_Z0u0E\/UOH7mlTN6cI\/AAAAAAAA4t0\/Q0V40rZ-1cw\/s320\/IMGP0075.jpg","type":"","width":"","height":""}],"author":"micoulou","twitter_card":"summary_large_image","twitter_misc":{"\u00c9crit par":"micoulou"},"schema":{"@context":"https:\/\/schema.org","@graph":[{"@type":"Article","@id":"https:\/\/www.micoulou-photos.com\/index.php\/2013\/01\/02\/ballade-a-chambery\/#article","isPartOf":{"@id":"https:\/\/www.micoulou-photos.com\/index.php\/2013\/01\/02\/ballade-a-chambery\/"},"author":{"name":"micoulou","@id":"https:\/\/www.micoulou-photos.com\/#\/schema\/person\/6aedfe8ebe91da632f46e7c9d806a722"},"headline":"Ballade \u00e0 Chambery","datePublished":"2013-01-02T16:05:00+00:00","mainEntityOfPage":{"@id":"https:\/\/www.micoulou-photos.com\/index.php\/2013\/01\/02\/ballade-a-chambery\/"},"wordCount":32,"commentCount":0,"publisher":{"@id":"https:\/\/www.micoulou-photos.com\/#organization"},"image":{"@id":"https:\/\/www.micoulou-photos.com\/index.php\/2013\/01\/02\/ballade-a-chambery\/#primaryimage"},"thumbnailUrl":"http:\/\/4.bp.blogspot.com\/-0r671_Z0u0E\/UOH7mlTN6cI\/AAAAAAAA4t0\/Q0V40rZ-1cw\/s320\/IMGP0075.jpg","inLanguage":"fr-FR","potentialAction":[{"@type":"CommentAction","name":"Comment","target":["https:\/\/www.micoulou-photos.com\/index.php\/2013\/01\/02\/ballade-a-chambery\/#respond"]}]},{"@type":"WebPage","@id":"https:\/\/www.micoulou-photos.com\/index.php\/2013\/01\/02\/ballade-a-chambery\/","url":"https:\/\/www.micoulou-photos.com\/index.php\/2013\/01\/02\/ballade-a-chambery\/","name":"Ballade \u00e0 Chambery - Micoulou Photographie","isPartOf":{"@id":"https:\/\/www.micoulou-photos.com\/#website"},"primaryImageOfPage":{"@id":"https:\/\/www.micoulou-photos.com\/index.php\/2013\/01\/02\/ballade-a-chambery\/#primaryimage"},"image":{"@id":"https:\/\/www.micoulou-photos.com\/index.php\/2013\/01\/02\/ballade-a-chambery\/#primaryimage"},"thumbnailUrl":"http:\/\/4.bp.blogspot.com\/-0r671_Z0u0E\/UOH7mlTN6cI\/AAAAAAAA4t0\/Q0V40rZ-1cw\/s320\/IMGP0075.jpg","datePublished":"2013-01-02T16:05:00+00:00","breadcrumb":{"@id":"https:\/\/www.micoulou-photos.com\/index.php\/2013\/01\/02\/ballade-a-chambery\/#breadcrumb"},"inLanguage":"fr-FR","potentialAction":[{"@type":"ReadAction","target":["https:\/\/www.micoulou-photos.com\/index.php\/2013\/01\/02\/ballade-a-chambery\/"]}]},{"@type":"ImageObject","inLanguage":"fr-FR","@id":"https:\/\/www.micoulou-photos.com\/index.php\/2013\/01\/02\/ballade-a-chambery\/#primaryimage","url":"http:\/\/4.bp.blogspot.com\/-0r671_Z0u0E\/UOH7mlTN6cI\/AAAAAAAA4t0\/Q0V40rZ-1cw\/s320\/IMGP0075.jpg","contentUrl":"http:\/\/4.bp.blogspot.com\/-0r671_Z0u0E\/UOH7mlTN6cI\/AAAAAAAA4t0\/Q0V40rZ-1cw\/s320\/IMGP0075.jpg"},{"@type":"BreadcrumbList","@id":"https:\/\/www.micoulou-photos.com\/index.php\/2013\/01\/02\/ballade-a-chambery\/#breadcrumb","itemListElement":[{"@type":"ListItem","position":1,"name":"Accueil","item":"https:\/\/www.micoulou-photos.com\/"},{"@type":"ListItem","position":2,"name":"Ballade \u00e0 Chambery"}]},{"@type":"WebSite","@id":"https:\/\/www.micoulou-photos.com\/#website","url":"https:\/\/www.micoulou-photos.com\/","name":"Micoulou Photographie","description":"Photographies, Visites virtuelles et formations par Mickael Minarie","publisher":{"@id":"https:\/\/www.micoulou-photos.com\/#organization"},"potentialAction":[{"@type":"SearchAction","target":{"@type":"EntryPoint","urlTemplate":"https:\/\/www.micoulou-photos.com\/?s={search_term_string}"},"query-input":{"@type":"PropertyValueSpecification","valueRequired":true,"valueName":"search_term_string"}}],"inLanguage":"fr-FR"},{"@type":"Organization","@id":"https:\/\/www.micoulou-photos.com\/#organization","name":"Micoulou Photographie","url":"https:\/\/www.micoulou-photos.com\/","logo":{"@type":"ImageObject","inLanguage":"fr-FR","@id":"https:\/\/www.micoulou-photos.com\/#\/schema\/logo\/image\/","url":"https:\/\/i0.wp.com\/www.micoulou-photos.com\/wp-content\/uploads\/2020\/05\/cropped-891667_552097324824916_1615181552_o-1.jpg?fit=643%2C722&ssl=1","contentUrl":"https:\/\/i0.wp.com\/www.micoulou-photos.com\/wp-content\/uploads\/2020\/05\/cropped-891667_552097324824916_1615181552_o-1.jpg?fit=643%2C722&ssl=1","width":643,"height":722,"caption":"Micoulou Photographie"},"image":{"@id":"https:\/\/www.micoulou-photos.com\/#\/schema\/logo\/image\/"}},{"@type":"Person","@id":"https:\/\/www.micoulou-photos.com\/#\/schema\/person\/6aedfe8ebe91da632f46e7c9d806a722","name":"micoulou","image":{"@type":"ImageObject","inLanguage":"fr-FR","@id":"https:\/\/secure.gravatar.com\/avatar\/98f892eb7d267eab2faa437baa3edd708deaaa43929316c0cc7b751a04cb247b?s=96&d=mm&r=g","url":"https:\/\/secure.gravatar.com\/avatar\/98f892eb7d267eab2faa437baa3edd708deaaa43929316c0cc7b751a04cb247b?s=96&d=mm&r=g","contentUrl":"https:\/\/secure.gravatar.com\/avatar\/98f892eb7d267eab2faa437baa3edd708deaaa43929316c0cc7b751a04cb247b?s=96&d=mm&r=g","caption":"micoulou"},"url":"https:\/\/www.micoulou-photos.com\/index.php\/author\/micoulou\/"}]}},"jetpack_publicize_connections":[],"jetpack_featured_media_url":"","jetpack_sharing_enabled":true,"jetpack_shortlink":"https:\/\/wp.me\/p7zKF4-1d","jetpack-related-posts":[{"id":38,"url":"https:\/\/www.micoulou-photos.com\/index.php\/2013\/10\/21\/ballade-sur-les-belledonnes\/","url_meta":{"origin":75,"position":0},"title":"Ballade sur les Belledonnes","author":"micoulou","date":"21 octobre 2013","format":false,"excerpt":"Alors que je suis maintenant rendu \u00e0 quelques 1500km de Chambery, je vais enfin traiter mes quelques images de montagne que j'ai faite durant ces quelques mois. Voici donc un premier aper\u00e7u, d'une randonn\u00e9e que j'ai faite en compagnie de 2 amis : Andr\u00e9as et Luc. Parti de Montmelian en\u2026","rel":"","context":"Dans &quot;voyage&quot;","block_context":{"text":"voyage","link":"https:\/\/www.micoulou-photos.com\/index.php\/category\/voyage\/"},"img":{"alt_text":"","src":"https:\/\/i0.wp.com\/1.bp.blogspot.com\/-u_e6tavl7Os\/UmRbs8Ij6zI\/AAAAAAAA-J0\/wKc3Sz1MQl8\/s320\/IMG_6546-Modifier.jpg?resize=350%2C200","width":350,"height":200},"classes":[]},{"id":22,"url":"https:\/\/www.micoulou-photos.com\/index.php\/2016\/04\/18\/turin\/","url_meta":{"origin":75,"position":1},"title":"Turin","author":"micoulou","date":"18 avril 2016","format":false,"excerpt":"Une petite ballade \u00e0 Turin, lors de mon changement de train, entre le train Chambery\/Turin et le Turin\/Naples. Le train de nuit Turin\/Naples \u00e9tait tr\u00e8s confortable et sur, malgr\u00e9s ce qu'on m'avais dit...","rel":"","context":"Dans &quot;voyage&quot;","block_context":{"text":"voyage","link":"https:\/\/www.micoulou-photos.com\/index.php\/category\/voyage\/"},"img":{"alt_text":"","src":"https:\/\/i0.wp.com\/www.micoulou-photos.com\/wp-content\/uploads\/2016\/04\/IMG_3641-Edit-1.jpg?fit=1200%2C1200&ssl=1&resize=350%2C200","width":350,"height":200,"srcset":"https:\/\/i0.wp.com\/www.micoulou-photos.com\/wp-content\/uploads\/2016\/04\/IMG_3641-Edit-1.jpg?fit=1200%2C1200&ssl=1&resize=350%2C200 1x, https:\/\/i0.wp.com\/www.micoulou-photos.com\/wp-content\/uploads\/2016\/04\/IMG_3641-Edit-1.jpg?fit=1200%2C1200&ssl=1&resize=525%2C300 1.5x, https:\/\/i0.wp.com\/www.micoulou-photos.com\/wp-content\/uploads\/2016\/04\/IMG_3641-Edit-1.jpg?fit=1200%2C1200&ssl=1&resize=700%2C400 2x, https:\/\/i0.wp.com\/www.micoulou-photos.com\/wp-content\/uploads\/2016\/04\/IMG_3641-Edit-1.jpg?fit=1200%2C1200&ssl=1&resize=1050%2C600 3x"},"classes":[]},{"id":811,"url":"https:\/\/www.micoulou-photos.com\/index.php\/2014\/03\/19\/cosplay-a-chambery\/","url_meta":{"origin":75,"position":2},"title":"Cosplay \u00e0 Chambery","author":"micoulou","date":"19 mars 2014","format":false,"excerpt":"Une s\u00e9rie d'un cosplay au Bonzai Caf\u00e9 de Chambery. Avec la troupe des \"loups infernaux\", la photo de groupe est la seule de la s\u00e9rie qui n'est pas de moi, car j'apparais sur la photo...","rel":"","context":"Dans &quot;evenementiel&quot;","block_context":{"text":"evenementiel","link":"https:\/\/www.micoulou-photos.com\/index.php\/category\/reportage\/evenementiel-reportage\/"},"img":{"alt_text":"","src":"https:\/\/i0.wp.com\/www.micoulou-photos.com\/wp-content\/uploads\/2014\/03\/IMGP4368-Modifier.jpg?fit=1024%2C678&ssl=1&resize=350%2C200","width":350,"height":200,"srcset":"https:\/\/i0.wp.com\/www.micoulou-photos.com\/wp-content\/uploads\/2014\/03\/IMGP4368-Modifier.jpg?fit=1024%2C678&ssl=1&resize=350%2C200 1x, https:\/\/i0.wp.com\/www.micoulou-photos.com\/wp-content\/uploads\/2014\/03\/IMGP4368-Modifier.jpg?fit=1024%2C678&ssl=1&resize=525%2C300 1.5x, https:\/\/i0.wp.com\/www.micoulou-photos.com\/wp-content\/uploads\/2014\/03\/IMGP4368-Modifier.jpg?fit=1024%2C678&ssl=1&resize=700%2C400 2x"},"classes":[]},{"id":53,"url":"https:\/\/www.micoulou-photos.com\/index.php\/2013\/06\/25\/sortie-fdr-cabries\/","url_meta":{"origin":75,"position":3},"title":"Sortie FDR Cabri\u00e8s","author":"micoulou","date":"25 juin 2013","format":false,"excerpt":"Avec beaucoup de retard, il m'a fallu pas mal de temps avant de trouver un scanner correct \u00e0 Chambery, voici enfin mes photos de la sortie du forum Fous De Reflex \u00e0 Cabries, o\u00f9 j'avais revu pas mal de monde du forum, que je n'avais pas vu depuis mon depart\u2026","rel":"","context":"Dans &quot;Non class\u00e9&quot;","block_context":{"text":"Non class\u00e9","link":"https:\/\/www.micoulou-photos.com\/index.php\/category\/non-classe\/"},"img":{"alt_text":"","src":"https:\/\/i0.wp.com\/3.bp.blogspot.com\/-v13bzIBlyBE\/UcoNnU22XZI\/AAAAAAAA85Q\/alAnU2kyZwk\/s320\/img047.jpg?resize=350%2C200","width":350,"height":200},"classes":[]},{"id":160,"url":"https:\/\/www.micoulou-photos.com\/index.php\/2011\/08\/20\/aberdeen-cap-breton\/","url_meta":{"origin":75,"position":4},"title":"Aberdeen &#8211; Cap Breton","author":"micoulou","date":"20 ao\u00fbt 2011","format":false,"excerpt":"Bon, ben voil\u00e0, apr\u00e8s une journ\u00e9e \u00e0 Halifax, o\u00f9 je me suis ballad\u00e9 dans la ville et visit\u00e9 le mus\u00e9e, je viens de passer 2 jours au cap breton, et il me reste toujours cette apr\u00e8s midi ici...Quand je suis arriv\u00e9 au cap breton, j'etais piqu\u00e9 de partout, surement par\u2026","rel":"","context":"Dans &quot;Non class\u00e9&quot;","block_context":{"text":"Non class\u00e9","link":"https:\/\/www.micoulou-photos.com\/index.php\/category\/non-classe\/"},"img":{"alt_text":"","src":"https:\/\/i0.wp.com\/4.bp.blogspot.com\/-Bw21QLc36Z4\/Tk--O5OnHrI\/AAAAAAAAnAw\/MbhlBHQV1J4\/s320\/IMG_3646.jpg?resize=350%2C200","width":350,"height":200},"classes":[]},{"id":39,"url":"https:\/\/www.micoulou-photos.com\/index.php\/2013\/10\/21\/visite-des-triandines\/","url_meta":{"origin":75,"position":5},"title":"Visite des triandines","author":"micoulou","date":"21 octobre 2013","format":false,"excerpt":"L'association les trandines est une association d'insertions par le travail, dans la preparation et le conditionnement de fruit et legumes. Certains b\u00e9n\u00e9voles participent aussi \u00e0des activit\u00e9s artistiques.Si vous \u00eates de la r\u00e9gion de Chamb\u00e9ry, vous pouvez les contacter ici : http:\/\/lestriandines.org : j'ai pu tenter leurs paniers de l\u00e9gumes qui\u2026","rel":"","context":"Dans &quot;Non class\u00e9&quot;","block_context":{"text":"Non class\u00e9","link":"https:\/\/www.micoulou-photos.com\/index.php\/category\/non-classe\/"},"img":{"alt_text":"","src":"https:\/\/i0.wp.com\/3.bp.blogspot.com\/-cfHnxHuGMS0\/UmTzreUIJ4I\/AAAAAAAA-Ok\/xEfqAVkkoVI\/s320\/IMGP0692.jpg?resize=350%2C200","width":350,"height":200},"classes":[]}],"_links":{"self":[{"href":"https:\/\/www.micoulou-photos.com\/index.php\/wp-json\/wp\/v2\/posts\/75","targetHints":{"allow":["GET"]}}],"collection":[{"href":"https:\/\/www.micoulou-photos.com\/index.php\/wp-json\/wp\/v2\/posts"}],"about":[{"href":"https:\/\/www.micoulou-photos.com\/index.php\/wp-json\/wp\/v2\/types\/post"}],"author":[{"embeddable":true,"href":"https:\/\/www.micoulou-photos.com\/index.php\/wp-json\/wp\/v2\/users\/1"}],"replies":[{"embeddable":true,"href":"https:\/\/www.micoulou-photos.com\/index.php\/wp-json\/wp\/v2\/comments?post=75"}],"version-history":[{"count":0,"href":"https:\/\/www.micoulou-photos.com\/index.php\/wp-json\/wp\/v2\/posts\/75\/revisions"}],"wp:attachment":[{"href":"https:\/\/www.micoulou-photos.com\/index.php\/wp-json\/wp\/v2\/media?parent=75"}],"wp:term":[{"taxonomy":"category","embeddable":true,"href":"https:\/\/www.micoulou-photos.com\/index.php\/wp-json\/wp\/v2\/categories?post=75"},{"taxonomy":"post_tag","embeddable":true,"href":"https:\/\/www.micoulou-photos.com\/index.php\/wp-json\/wp\/v2\/tags?post=75"}],"curies":[{"name":"wp","href":"https:\/\/api.w.org\/{rel}","templated":true}]}}