{"id":745,"date":"2014-01-28T22:18:38","date_gmt":"2014-01-28T22:18:38","guid":{"rendered":"http:\/\/mikeyphotography.org\/?p=745"},"modified":"2020-04-26T01:38:08","modified_gmt":"2020-04-26T00:38:08","slug":"stage-en-aubrac","status":"publish","type":"post","link":"https:\/\/www.micoulou-photos.com\/index.php\/2014\/01\/28\/stage-en-aubrac\/","title":{"rendered":"Stage en Aubrac"},"content":{"rendered":"<p><!--:fr-->Apr\u00e8s un stage photo en Aubrac le week end dernier, je vous pr\u00e9sente mes premi\u00e8res images et ma premi\u00e8re VR. Le reste suivra dans les prochains jours.<\/p>\n<div data-carousel-extra='{&quot;blog_id&quot;:1,&quot;permalink&quot;:&quot;https:\/\/www.micoulou-photos.com\/index.php\/2014\/01\/28\/stage-en-aubrac\/&quot;}' id='gallery-1' class='gallery galleryid-745 gallery-columns-3 gallery-size-thumbnail'><figure class='gallery-item'>\n\t\t\t<div class='gallery-icon portrait'>\n\t\t\t\t<a href='https:\/\/www.micoulou-photos.com\/imgp1303\/'><img decoding=\"async\" width=\"150\" height=\"150\" src=\"https:\/\/i0.wp.com\/www.micoulou-photos.com\/wp-content\/uploads\/2014\/01\/IMGP1303.jpg?resize=150%2C150&amp;ssl=1\" class=\"attachment-thumbnail size-thumbnail\" alt=\"\" aria-describedby=\"gallery-1-746\" srcset=\"https:\/\/i0.wp.com\/www.micoulou-photos.com\/wp-content\/uploads\/2014\/01\/IMGP1303.jpg?resize=150%2C150&amp;ssl=1 150w, https:\/\/i0.wp.com\/www.micoulou-photos.com\/wp-content\/uploads\/2014\/01\/IMGP1303.jpg?zoom=2&amp;resize=150%2C150&amp;ssl=1 300w, https:\/\/i0.wp.com\/www.micoulou-photos.com\/wp-content\/uploads\/2014\/01\/IMGP1303.jpg?zoom=3&amp;resize=150%2C150&amp;ssl=1 450w\" sizes=\"(max-width: 150px) 100vw, 150px\" data-attachment-id=\"746\" data-permalink=\"https:\/\/www.micoulou-photos.com\/imgp1303\/\" data-orig-file=\"https:\/\/i0.wp.com\/www.micoulou-photos.com\/wp-content\/uploads\/2014\/01\/IMGP1303.jpg?fit=530%2C800&amp;ssl=1\" data-orig-size=\"530,800\" data-comments-opened=\"1\" data-image-meta=\"{&quot;aperture&quot;:&quot;8&quot;,&quot;credit&quot;:&quot;MICKAEL_MINARIE&quot;,&quot;camera&quot;:&quot;PENTAX K-30&quot;,&quot;caption&quot;:&quot;&quot;,&quot;created_timestamp&quot;:&quot;1390575739&quot;,&quot;copyright&quot;:&quot;MIC&quot;,&quot;focal_length&quot;:&quot;31&quot;,&quot;iso&quot;:&quot;100&quot;,&quot;shutter_speed&quot;:&quot;0.003125&quot;,&quot;title&quot;:&quot;&quot;,&quot;orientation&quot;:&quot;0&quot;}\" data-image-title=\"IMGP1303\" data-image-description=\"\" data-image-caption=\"&lt;p&gt;Ussange&lt;\/p&gt;\n\" data-large-file=\"https:\/\/i0.wp.com\/www.micoulou-photos.com\/wp-content\/uploads\/2014\/01\/IMGP1303.jpg?fit=530%2C800&amp;ssl=1\" \/><\/a>\n\t\t\t<\/div>\n\t\t\t\t<figcaption class='wp-caption-text gallery-caption' id='gallery-1-746'>\n\t\t\t\tUssange\n\t\t\t\t<\/figcaption><\/figure><figure class='gallery-item'>\n\t\t\t<div class='gallery-icon portrait'>\n\t\t\t\t<a href='https:\/\/www.micoulou-photos.com\/imgp1310\/'><img decoding=\"async\" width=\"150\" height=\"150\" src=\"https:\/\/i0.wp.com\/www.micoulou-photos.com\/wp-content\/uploads\/2014\/01\/IMGP1310.jpg?resize=150%2C150&amp;ssl=1\" class=\"attachment-thumbnail size-thumbnail\" alt=\"\" aria-describedby=\"gallery-1-747\" srcset=\"https:\/\/i0.wp.com\/www.micoulou-photos.com\/wp-content\/uploads\/2014\/01\/IMGP1310.jpg?resize=150%2C150&amp;ssl=1 150w, https:\/\/i0.wp.com\/www.micoulou-photos.com\/wp-content\/uploads\/2014\/01\/IMGP1310.jpg?zoom=2&amp;resize=150%2C150&amp;ssl=1 300w, https:\/\/i0.wp.com\/www.micoulou-photos.com\/wp-content\/uploads\/2014\/01\/IMGP1310.jpg?zoom=3&amp;resize=150%2C150&amp;ssl=1 450w\" sizes=\"(max-width: 150px) 100vw, 150px\" data-attachment-id=\"747\" data-permalink=\"https:\/\/www.micoulou-photos.com\/imgp1310\/\" data-orig-file=\"https:\/\/i0.wp.com\/www.micoulou-photos.com\/wp-content\/uploads\/2014\/01\/IMGP1310.jpg?fit=554%2C800&amp;ssl=1\" data-orig-size=\"554,800\" data-comments-opened=\"1\" data-image-meta=\"{&quot;aperture&quot;:&quot;8&quot;,&quot;credit&quot;:&quot;MICKAEL_MINARIE&quot;,&quot;camera&quot;:&quot;PENTAX K-30&quot;,&quot;caption&quot;:&quot;&quot;,&quot;created_timestamp&quot;:&quot;1390576068&quot;,&quot;copyright&quot;:&quot;MIC&quot;,&quot;focal_length&quot;:&quot;31&quot;,&quot;iso&quot;:&quot;100&quot;,&quot;shutter_speed&quot;:&quot;0.008&quot;,&quot;title&quot;:&quot;&quot;,&quot;orientation&quot;:&quot;0&quot;}\" data-image-title=\"IMGP1310\" data-image-description=\"\" data-image-caption=\"&lt;p&gt;four \u00e0 pain, ussange&lt;\/p&gt;\n\" data-large-file=\"https:\/\/i0.wp.com\/www.micoulou-photos.com\/wp-content\/uploads\/2014\/01\/IMGP1310.jpg?fit=554%2C800&amp;ssl=1\" \/><\/a>\n\t\t\t<\/div>\n\t\t\t\t<figcaption class='wp-caption-text gallery-caption' id='gallery-1-747'>\n\t\t\t\tfour \u00e0 pain, ussange\n\t\t\t\t<\/figcaption><\/figure><figure class='gallery-item'>\n\t\t\t<div class='gallery-icon portrait'>\n\t\t\t\t<a href='https:\/\/www.micoulou-photos.com\/imgp1312\/'><img decoding=\"async\" width=\"150\" height=\"150\" src=\"https:\/\/i0.wp.com\/www.micoulou-photos.com\/wp-content\/uploads\/2014\/01\/IMGP1312.jpg?resize=150%2C150&amp;ssl=1\" class=\"attachment-thumbnail size-thumbnail\" alt=\"\" aria-describedby=\"gallery-1-748\" srcset=\"https:\/\/i0.wp.com\/www.micoulou-photos.com\/wp-content\/uploads\/2014\/01\/IMGP1312.jpg?resize=150%2C150&amp;ssl=1 150w, https:\/\/i0.wp.com\/www.micoulou-photos.com\/wp-content\/uploads\/2014\/01\/IMGP1312.jpg?zoom=2&amp;resize=150%2C150&amp;ssl=1 300w, https:\/\/i0.wp.com\/www.micoulou-photos.com\/wp-content\/uploads\/2014\/01\/IMGP1312.jpg?zoom=3&amp;resize=150%2C150&amp;ssl=1 450w\" sizes=\"(max-width: 150px) 100vw, 150px\" data-attachment-id=\"748\" data-permalink=\"https:\/\/www.micoulou-photos.com\/imgp1312\/\" data-orig-file=\"https:\/\/i0.wp.com\/www.micoulou-photos.com\/wp-content\/uploads\/2014\/01\/IMGP1312.jpg?fit=530%2C800&amp;ssl=1\" data-orig-size=\"530,800\" data-comments-opened=\"1\" data-image-meta=\"{&quot;aperture&quot;:&quot;8&quot;,&quot;credit&quot;:&quot;MICKAEL_MINARIE&quot;,&quot;camera&quot;:&quot;PENTAX K-30&quot;,&quot;caption&quot;:&quot;&quot;,&quot;created_timestamp&quot;:&quot;1390576205&quot;,&quot;copyright&quot;:&quot;MIC&quot;,&quot;focal_length&quot;:&quot;31&quot;,&quot;iso&quot;:&quot;100&quot;,&quot;shutter_speed&quot;:&quot;0.004&quot;,&quot;title&quot;:&quot;&quot;,&quot;orientation&quot;:&quot;0&quot;}\" data-image-title=\"IMGP1312\" data-image-description=\"\" data-image-caption=\"&lt;p&gt;Ussange&lt;\/p&gt;\n\" data-large-file=\"https:\/\/i0.wp.com\/www.micoulou-photos.com\/wp-content\/uploads\/2014\/01\/IMGP1312.jpg?fit=530%2C800&amp;ssl=1\" \/><\/a>\n\t\t\t<\/div>\n\t\t\t\t<figcaption class='wp-caption-text gallery-caption' id='gallery-1-748'>\n\t\t\t\tUssange\n\t\t\t\t<\/figcaption><\/figure><figure class='gallery-item'>\n\t\t\t<div class='gallery-icon portrait'>\n\t\t\t\t<a href='https:\/\/www.micoulou-photos.com\/imgp1314\/'><img loading=\"lazy\" decoding=\"async\" width=\"150\" height=\"150\" src=\"https:\/\/i0.wp.com\/www.micoulou-photos.com\/wp-content\/uploads\/2014\/01\/IMGP1314.jpg?resize=150%2C150&amp;ssl=1\" class=\"attachment-thumbnail size-thumbnail\" alt=\"\" aria-describedby=\"gallery-1-749\" srcset=\"https:\/\/i0.wp.com\/www.micoulou-photos.com\/wp-content\/uploads\/2014\/01\/IMGP1314.jpg?resize=150%2C150&amp;ssl=1 150w, https:\/\/i0.wp.com\/www.micoulou-photos.com\/wp-content\/uploads\/2014\/01\/IMGP1314.jpg?zoom=2&amp;resize=150%2C150&amp;ssl=1 300w, https:\/\/i0.wp.com\/www.micoulou-photos.com\/wp-content\/uploads\/2014\/01\/IMGP1314.jpg?zoom=3&amp;resize=150%2C150&amp;ssl=1 450w\" sizes=\"(max-width: 150px) 100vw, 150px\" data-attachment-id=\"749\" data-permalink=\"https:\/\/www.micoulou-photos.com\/imgp1314\/\" data-orig-file=\"https:\/\/i0.wp.com\/www.micoulou-photos.com\/wp-content\/uploads\/2014\/01\/IMGP1314.jpg?fit=530%2C800&amp;ssl=1\" data-orig-size=\"530,800\" data-comments-opened=\"1\" data-image-meta=\"{&quot;aperture&quot;:&quot;8&quot;,&quot;credit&quot;:&quot;MICKAEL_MINARIE&quot;,&quot;camera&quot;:&quot;PENTAX K-30&quot;,&quot;caption&quot;:&quot;&quot;,&quot;created_timestamp&quot;:&quot;1390576578&quot;,&quot;copyright&quot;:&quot;MIC&quot;,&quot;focal_length&quot;:&quot;10&quot;,&quot;iso&quot;:&quot;100&quot;,&quot;shutter_speed&quot;:&quot;0.008&quot;,&quot;title&quot;:&quot;&quot;,&quot;orientation&quot;:&quot;0&quot;}\" data-image-title=\"IMGP1314\" data-image-description=\"\" data-image-caption=\"&lt;p&gt;Abandon, Ussange&lt;\/p&gt;\n\" data-large-file=\"https:\/\/i0.wp.com\/www.micoulou-photos.com\/wp-content\/uploads\/2014\/01\/IMGP1314.jpg?fit=530%2C800&amp;ssl=1\" \/><\/a>\n\t\t\t<\/div>\n\t\t\t\t<figcaption class='wp-caption-text gallery-caption' id='gallery-1-749'>\n\t\t\t\tAbandon, Ussange\n\t\t\t\t<\/figcaption><\/figure><figure class='gallery-item'>\n\t\t\t<div class='gallery-icon portrait'>\n\t\t\t\t<a href='https:\/\/www.micoulou-photos.com\/imgp1324-modifier\/'><img loading=\"lazy\" decoding=\"async\" width=\"150\" height=\"150\" src=\"https:\/\/i0.wp.com\/www.micoulou-photos.com\/wp-content\/uploads\/2014\/01\/IMGP1324-Modifier.jpg?resize=150%2C150&amp;ssl=1\" class=\"attachment-thumbnail size-thumbnail\" alt=\"\" aria-describedby=\"gallery-1-750\" srcset=\"https:\/\/i0.wp.com\/www.micoulou-photos.com\/wp-content\/uploads\/2014\/01\/IMGP1324-Modifier.jpg?resize=150%2C150&amp;ssl=1 150w, https:\/\/i0.wp.com\/www.micoulou-photos.com\/wp-content\/uploads\/2014\/01\/IMGP1324-Modifier.jpg?zoom=2&amp;resize=150%2C150&amp;ssl=1 300w, https:\/\/i0.wp.com\/www.micoulou-photos.com\/wp-content\/uploads\/2014\/01\/IMGP1324-Modifier.jpg?zoom=3&amp;resize=150%2C150&amp;ssl=1 450w\" sizes=\"(max-width: 150px) 100vw, 150px\" data-attachment-id=\"750\" data-permalink=\"https:\/\/www.micoulou-photos.com\/imgp1324-modifier\/\" data-orig-file=\"https:\/\/i0.wp.com\/www.micoulou-photos.com\/wp-content\/uploads\/2014\/01\/IMGP1324-Modifier.jpg?fit=530%2C800&amp;ssl=1\" data-orig-size=\"530,800\" data-comments-opened=\"1\" data-image-meta=\"{&quot;aperture&quot;:&quot;8&quot;,&quot;credit&quot;:&quot;MICKAEL_MINARIE&quot;,&quot;camera&quot;:&quot;PENTAX K-30&quot;,&quot;caption&quot;:&quot;&quot;,&quot;created_timestamp&quot;:&quot;1390577453&quot;,&quot;copyright&quot;:&quot;MIC&quot;,&quot;focal_length&quot;:&quot;20&quot;,&quot;iso&quot;:&quot;100&quot;,&quot;shutter_speed&quot;:&quot;0.003125&quot;,&quot;title&quot;:&quot;&quot;,&quot;orientation&quot;:&quot;0&quot;}\" data-image-title=\"IMGP1324-Modifier\" data-image-description=\"\" data-image-caption=\"&lt;p&gt;Une croix, entr\u00e9e de Ussange&lt;\/p&gt;\n\" data-large-file=\"https:\/\/i0.wp.com\/www.micoulou-photos.com\/wp-content\/uploads\/2014\/01\/IMGP1324-Modifier.jpg?fit=530%2C800&amp;ssl=1\" \/><\/a>\n\t\t\t<\/div>\n\t\t\t\t<figcaption class='wp-caption-text gallery-caption' id='gallery-1-750'>\n\t\t\t\tUne croix, entr\u00e9e de Ussange\n\t\t\t\t<\/figcaption><\/figure><figure class='gallery-item'>\n\t\t\t<div class='gallery-icon portrait'>\n\t\t\t\t<a href='https:\/\/www.micoulou-photos.com\/imgp1328\/'><img loading=\"lazy\" decoding=\"async\" width=\"150\" height=\"150\" src=\"https:\/\/i0.wp.com\/www.micoulou-photos.com\/wp-content\/uploads\/2014\/01\/IMGP1328.jpg?resize=150%2C150&amp;ssl=1\" class=\"attachment-thumbnail size-thumbnail\" alt=\"\" aria-describedby=\"gallery-1-751\" srcset=\"https:\/\/i0.wp.com\/www.micoulou-photos.com\/wp-content\/uploads\/2014\/01\/IMGP1328.jpg?resize=150%2C150&amp;ssl=1 150w, https:\/\/i0.wp.com\/www.micoulou-photos.com\/wp-content\/uploads\/2014\/01\/IMGP1328.jpg?zoom=2&amp;resize=150%2C150&amp;ssl=1 300w, https:\/\/i0.wp.com\/www.micoulou-photos.com\/wp-content\/uploads\/2014\/01\/IMGP1328.jpg?zoom=3&amp;resize=150%2C150&amp;ssl=1 450w\" sizes=\"(max-width: 150px) 100vw, 150px\" data-attachment-id=\"751\" data-permalink=\"https:\/\/www.micoulou-photos.com\/imgp1328\/\" data-orig-file=\"https:\/\/i0.wp.com\/www.micoulou-photos.com\/wp-content\/uploads\/2014\/01\/IMGP1328.jpg?fit=530%2C800&amp;ssl=1\" data-orig-size=\"530,800\" data-comments-opened=\"1\" data-image-meta=\"{&quot;aperture&quot;:&quot;8&quot;,&quot;credit&quot;:&quot;MICKAEL_MINARIE&quot;,&quot;camera&quot;:&quot;PENTAX K-30&quot;,&quot;caption&quot;:&quot;&quot;,&quot;created_timestamp&quot;:&quot;1390577557&quot;,&quot;copyright&quot;:&quot;MIC&quot;,&quot;focal_length&quot;:&quot;10&quot;,&quot;iso&quot;:&quot;100&quot;,&quot;shutter_speed&quot;:&quot;0.005&quot;,&quot;title&quot;:&quot;&quot;,&quot;orientation&quot;:&quot;0&quot;}\" data-image-title=\"IMGP1328\" data-image-description=\"\" data-image-caption=\"&lt;p&gt;Ussange&lt;\/p&gt;\n\" data-large-file=\"https:\/\/i0.wp.com\/www.micoulou-photos.com\/wp-content\/uploads\/2014\/01\/IMGP1328.jpg?fit=530%2C800&amp;ssl=1\" \/><\/a>\n\t\t\t<\/div>\n\t\t\t\t<figcaption class='wp-caption-text gallery-caption' id='gallery-1-751'>\n\t\t\t\tUssange\n\t\t\t\t<\/figcaption><\/figure><figure class='gallery-item'>\n\t\t\t<div class='gallery-icon portrait'>\n\t\t\t\t<a href='https:\/\/www.micoulou-photos.com\/imgp1368\/'><img loading=\"lazy\" decoding=\"async\" width=\"150\" height=\"150\" src=\"https:\/\/i0.wp.com\/www.micoulou-photos.com\/wp-content\/uploads\/2014\/01\/IMGP1368.jpg?resize=150%2C150&amp;ssl=1\" class=\"attachment-thumbnail size-thumbnail\" alt=\"\" aria-describedby=\"gallery-1-752\" srcset=\"https:\/\/i0.wp.com\/www.micoulou-photos.com\/wp-content\/uploads\/2014\/01\/IMGP1368.jpg?resize=150%2C150&amp;ssl=1 150w, https:\/\/i0.wp.com\/www.micoulou-photos.com\/wp-content\/uploads\/2014\/01\/IMGP1368.jpg?zoom=2&amp;resize=150%2C150&amp;ssl=1 300w, https:\/\/i0.wp.com\/www.micoulou-photos.com\/wp-content\/uploads\/2014\/01\/IMGP1368.jpg?zoom=3&amp;resize=150%2C150&amp;ssl=1 450w\" sizes=\"(max-width: 150px) 100vw, 150px\" data-attachment-id=\"752\" data-permalink=\"https:\/\/www.micoulou-photos.com\/imgp1368\/\" data-orig-file=\"https:\/\/i0.wp.com\/www.micoulou-photos.com\/wp-content\/uploads\/2014\/01\/IMGP1368.jpg?fit=530%2C800&amp;ssl=1\" data-orig-size=\"530,800\" data-comments-opened=\"1\" data-image-meta=\"{&quot;aperture&quot;:&quot;9&quot;,&quot;credit&quot;:&quot;MICKAEL_MINARIE&quot;,&quot;camera&quot;:&quot;PENTAX K-30&quot;,&quot;caption&quot;:&quot;&quot;,&quot;created_timestamp&quot;:&quot;1390578501&quot;,&quot;copyright&quot;:&quot;MIC&quot;,&quot;focal_length&quot;:&quot;20&quot;,&quot;iso&quot;:&quot;100&quot;,&quot;shutter_speed&quot;:&quot;0.00625&quot;,&quot;title&quot;:&quot;&quot;,&quot;orientation&quot;:&quot;0&quot;}\" data-image-title=\"IMGP1368\" data-image-description=\"\" data-image-caption=\"&lt;p&gt;Ussange&lt;\/p&gt;\n\" data-large-file=\"https:\/\/i0.wp.com\/www.micoulou-photos.com\/wp-content\/uploads\/2014\/01\/IMGP1368.jpg?fit=530%2C800&amp;ssl=1\" \/><\/a>\n\t\t\t<\/div>\n\t\t\t\t<figcaption class='wp-caption-text gallery-caption' id='gallery-1-752'>\n\t\t\t\tUssange\n\t\t\t\t<\/figcaption><\/figure>\n\t\t<\/div>\n\n<p>&nbsp;<\/p>\n","protected":false},"excerpt":{"rendered":"<p>Apr\u00e8s un stage photo en Aubrac le week end dernier, je vous pr\u00e9sente mes premi\u00e8res images et ma premi\u00e8re VR. Le reste suivra dans les prochains jours. &nbsp;<\/p>\n","protected":false},"author":1,"featured_media":751,"comment_status":"open","ping_status":"open","sticky":false,"template":"","format":"standard","meta":{"jetpack_post_was_ever_published":false,"_jetpack_newsletter_access":"","_jetpack_dont_email_post_to_subs":true,"_jetpack_newsletter_tier_id":0,"_jetpack_memberships_contains_paywalled_content":false,"_jetpack_memberships_contains_paid_content":false,"footnotes":"","jetpack_publicize_message":"","jetpack_publicize_feature_enabled":true,"jetpack_social_post_already_shared":true,"jetpack_social_options":{"image_generator_settings":{"template":"highway","default_image_id":0,"font":"","enabled":false},"version":2}},"categories":[6],"tags":[],"class_list":["post-745","post","type-post","status-publish","format-standard","has-post-thumbnail","hentry","category-voyage"],"yoast_head":"<!-- This site is optimized with the Yoast SEO plugin v27.5 - https:\/\/yoast.com\/product\/yoast-seo-wordpress\/ -->\n<title>Stage en Aubrac - Micoulou Photographie<\/title>\n<meta name=\"robots\" content=\"index, follow, max-snippet:-1, max-image-preview:large, max-video-preview:-1\" \/>\n<link rel=\"canonical\" href=\"https:\/\/www.micoulou-photos.com\/index.php\/2014\/01\/28\/stage-en-aubrac\/\" \/>\n<meta property=\"og:locale\" content=\"fr_FR\" \/>\n<meta property=\"og:type\" content=\"article\" \/>\n<meta property=\"og:title\" content=\"Stage en Aubrac - Micoulou Photographie\" \/>\n<meta property=\"og:description\" content=\"Apr\u00e8s un stage photo en Aubrac le week end dernier, je vous pr\u00e9sente mes premi\u00e8res images et ma premi\u00e8re VR. Le reste suivra dans les prochains jours. &nbsp;\" \/>\n<meta property=\"og:url\" content=\"https:\/\/www.micoulou-photos.com\/index.php\/2014\/01\/28\/stage-en-aubrac\/\" \/>\n<meta property=\"og:site_name\" content=\"Micoulou Photographie\" \/>\n<meta property=\"article:published_time\" content=\"2014-01-28T22:18:38+00:00\" \/>\n<meta property=\"article:modified_time\" content=\"2020-04-26T00:38:08+00:00\" \/>\n<meta property=\"og:image\" content=\"https:\/\/i0.wp.com\/www.micoulou-photos.com\/wp-content\/uploads\/2014\/01\/IMGP1328.jpg?fit=530%2C800&ssl=1\" \/>\n\t<meta property=\"og:image:width\" content=\"530\" \/>\n\t<meta property=\"og:image:height\" content=\"800\" \/>\n\t<meta property=\"og:image:type\" content=\"image\/jpeg\" \/>\n<meta name=\"author\" content=\"micoulou\" \/>\n<meta name=\"twitter:card\" content=\"summary_large_image\" \/>\n<meta name=\"twitter:label1\" content=\"\u00c9crit par\" \/>\n\t<meta name=\"twitter:data1\" content=\"micoulou\" \/>\n<script type=\"application\/ld+json\" class=\"yoast-schema-graph\">{\"@context\":\"https:\\\/\\\/schema.org\",\"@graph\":[{\"@type\":\"Article\",\"@id\":\"https:\\\/\\\/www.micoulou-photos.com\\\/index.php\\\/2014\\\/01\\\/28\\\/stage-en-aubrac\\\/#article\",\"isPartOf\":{\"@id\":\"https:\\\/\\\/www.micoulou-photos.com\\\/index.php\\\/2014\\\/01\\\/28\\\/stage-en-aubrac\\\/\"},\"author\":{\"name\":\"micoulou\",\"@id\":\"https:\\\/\\\/www.micoulou-photos.com\\\/#\\\/schema\\\/person\\\/6aedfe8ebe91da632f46e7c9d806a722\"},\"headline\":\"Stage en Aubrac\",\"datePublished\":\"2014-01-28T22:18:38+00:00\",\"dateModified\":\"2020-04-26T00:38:08+00:00\",\"mainEntityOfPage\":{\"@id\":\"https:\\\/\\\/www.micoulou-photos.com\\\/index.php\\\/2014\\\/01\\\/28\\\/stage-en-aubrac\\\/\"},\"wordCount\":37,\"commentCount\":0,\"publisher\":{\"@id\":\"https:\\\/\\\/www.micoulou-photos.com\\\/#organization\"},\"image\":{\"@id\":\"https:\\\/\\\/www.micoulou-photos.com\\\/index.php\\\/2014\\\/01\\\/28\\\/stage-en-aubrac\\\/#primaryimage\"},\"thumbnailUrl\":\"https:\\\/\\\/i0.wp.com\\\/www.micoulou-photos.com\\\/wp-content\\\/uploads\\\/2014\\\/01\\\/IMGP1328.jpg?fit=530%2C800&ssl=1\",\"articleSection\":[\"voyage\"],\"inLanguage\":\"fr-FR\",\"potentialAction\":[{\"@type\":\"CommentAction\",\"name\":\"Comment\",\"target\":[\"https:\\\/\\\/www.micoulou-photos.com\\\/index.php\\\/2014\\\/01\\\/28\\\/stage-en-aubrac\\\/#respond\"]}]},{\"@type\":\"WebPage\",\"@id\":\"https:\\\/\\\/www.micoulou-photos.com\\\/index.php\\\/2014\\\/01\\\/28\\\/stage-en-aubrac\\\/\",\"url\":\"https:\\\/\\\/www.micoulou-photos.com\\\/index.php\\\/2014\\\/01\\\/28\\\/stage-en-aubrac\\\/\",\"name\":\"Stage en Aubrac - Micoulou Photographie\",\"isPartOf\":{\"@id\":\"https:\\\/\\\/www.micoulou-photos.com\\\/#website\"},\"primaryImageOfPage\":{\"@id\":\"https:\\\/\\\/www.micoulou-photos.com\\\/index.php\\\/2014\\\/01\\\/28\\\/stage-en-aubrac\\\/#primaryimage\"},\"image\":{\"@id\":\"https:\\\/\\\/www.micoulou-photos.com\\\/index.php\\\/2014\\\/01\\\/28\\\/stage-en-aubrac\\\/#primaryimage\"},\"thumbnailUrl\":\"https:\\\/\\\/i0.wp.com\\\/www.micoulou-photos.com\\\/wp-content\\\/uploads\\\/2014\\\/01\\\/IMGP1328.jpg?fit=530%2C800&ssl=1\",\"datePublished\":\"2014-01-28T22:18:38+00:00\",\"dateModified\":\"2020-04-26T00:38:08+00:00\",\"breadcrumb\":{\"@id\":\"https:\\\/\\\/www.micoulou-photos.com\\\/index.php\\\/2014\\\/01\\\/28\\\/stage-en-aubrac\\\/#breadcrumb\"},\"inLanguage\":\"fr-FR\",\"potentialAction\":[{\"@type\":\"ReadAction\",\"target\":[\"https:\\\/\\\/www.micoulou-photos.com\\\/index.php\\\/2014\\\/01\\\/28\\\/stage-en-aubrac\\\/\"]}]},{\"@type\":\"ImageObject\",\"inLanguage\":\"fr-FR\",\"@id\":\"https:\\\/\\\/www.micoulou-photos.com\\\/index.php\\\/2014\\\/01\\\/28\\\/stage-en-aubrac\\\/#primaryimage\",\"url\":\"https:\\\/\\\/i0.wp.com\\\/www.micoulou-photos.com\\\/wp-content\\\/uploads\\\/2014\\\/01\\\/IMGP1328.jpg?fit=530%2C800&ssl=1\",\"contentUrl\":\"https:\\\/\\\/i0.wp.com\\\/www.micoulou-photos.com\\\/wp-content\\\/uploads\\\/2014\\\/01\\\/IMGP1328.jpg?fit=530%2C800&ssl=1\",\"width\":530,\"height\":800,\"caption\":\"Ussange\"},{\"@type\":\"BreadcrumbList\",\"@id\":\"https:\\\/\\\/www.micoulou-photos.com\\\/index.php\\\/2014\\\/01\\\/28\\\/stage-en-aubrac\\\/#breadcrumb\",\"itemListElement\":[{\"@type\":\"ListItem\",\"position\":1,\"name\":\"Accueil\",\"item\":\"https:\\\/\\\/www.micoulou-photos.com\\\/\"},{\"@type\":\"ListItem\",\"position\":2,\"name\":\"Stage en Aubrac\"}]},{\"@type\":\"WebSite\",\"@id\":\"https:\\\/\\\/www.micoulou-photos.com\\\/#website\",\"url\":\"https:\\\/\\\/www.micoulou-photos.com\\\/\",\"name\":\"Micoulou Photographie\",\"description\":\"Photographies, Visites virtuelles et formations par Mickael Minarie\",\"publisher\":{\"@id\":\"https:\\\/\\\/www.micoulou-photos.com\\\/#organization\"},\"potentialAction\":[{\"@type\":\"SearchAction\",\"target\":{\"@type\":\"EntryPoint\",\"urlTemplate\":\"https:\\\/\\\/www.micoulou-photos.com\\\/?s={search_term_string}\"},\"query-input\":{\"@type\":\"PropertyValueSpecification\",\"valueRequired\":true,\"valueName\":\"search_term_string\"}}],\"inLanguage\":\"fr-FR\"},{\"@type\":\"Organization\",\"@id\":\"https:\\\/\\\/www.micoulou-photos.com\\\/#organization\",\"name\":\"Micoulou Photographie\",\"url\":\"https:\\\/\\\/www.micoulou-photos.com\\\/\",\"logo\":{\"@type\":\"ImageObject\",\"inLanguage\":\"fr-FR\",\"@id\":\"https:\\\/\\\/www.micoulou-photos.com\\\/#\\\/schema\\\/logo\\\/image\\\/\",\"url\":\"https:\\\/\\\/i0.wp.com\\\/www.micoulou-photos.com\\\/wp-content\\\/uploads\\\/2020\\\/05\\\/cropped-891667_552097324824916_1615181552_o-1.jpg?fit=643%2C722&ssl=1\",\"contentUrl\":\"https:\\\/\\\/i0.wp.com\\\/www.micoulou-photos.com\\\/wp-content\\\/uploads\\\/2020\\\/05\\\/cropped-891667_552097324824916_1615181552_o-1.jpg?fit=643%2C722&ssl=1\",\"width\":643,\"height\":722,\"caption\":\"Micoulou Photographie\"},\"image\":{\"@id\":\"https:\\\/\\\/www.micoulou-photos.com\\\/#\\\/schema\\\/logo\\\/image\\\/\"}},{\"@type\":\"Person\",\"@id\":\"https:\\\/\\\/www.micoulou-photos.com\\\/#\\\/schema\\\/person\\\/6aedfe8ebe91da632f46e7c9d806a722\",\"name\":\"micoulou\",\"image\":{\"@type\":\"ImageObject\",\"inLanguage\":\"fr-FR\",\"@id\":\"https:\\\/\\\/secure.gravatar.com\\\/avatar\\\/98f892eb7d267eab2faa437baa3edd708deaaa43929316c0cc7b751a04cb247b?s=96&d=mm&r=g\",\"url\":\"https:\\\/\\\/secure.gravatar.com\\\/avatar\\\/98f892eb7d267eab2faa437baa3edd708deaaa43929316c0cc7b751a04cb247b?s=96&d=mm&r=g\",\"contentUrl\":\"https:\\\/\\\/secure.gravatar.com\\\/avatar\\\/98f892eb7d267eab2faa437baa3edd708deaaa43929316c0cc7b751a04cb247b?s=96&d=mm&r=g\",\"caption\":\"micoulou\"},\"url\":\"https:\\\/\\\/www.micoulou-photos.com\\\/index.php\\\/author\\\/micoulou\\\/\"}]}<\/script>\n<!-- \/ Yoast SEO plugin. -->","yoast_head_json":{"title":"Stage en Aubrac - Micoulou Photographie","robots":{"index":"index","follow":"follow","max-snippet":"max-snippet:-1","max-image-preview":"max-image-preview:large","max-video-preview":"max-video-preview:-1"},"canonical":"https:\/\/www.micoulou-photos.com\/index.php\/2014\/01\/28\/stage-en-aubrac\/","og_locale":"fr_FR","og_type":"article","og_title":"Stage en Aubrac - Micoulou Photographie","og_description":"Apr\u00e8s un stage photo en Aubrac le week end dernier, je vous pr\u00e9sente mes premi\u00e8res images et ma premi\u00e8re VR. Le reste suivra dans les prochains jours. &nbsp;","og_url":"https:\/\/www.micoulou-photos.com\/index.php\/2014\/01\/28\/stage-en-aubrac\/","og_site_name":"Micoulou Photographie","article_published_time":"2014-01-28T22:18:38+00:00","article_modified_time":"2020-04-26T00:38:08+00:00","og_image":[{"width":530,"height":800,"url":"https:\/\/i0.wp.com\/www.micoulou-photos.com\/wp-content\/uploads\/2014\/01\/IMGP1328.jpg?fit=530%2C800&ssl=1","type":"image\/jpeg"}],"author":"micoulou","twitter_card":"summary_large_image","twitter_misc":{"\u00c9crit par":"micoulou"},"schema":{"@context":"https:\/\/schema.org","@graph":[{"@type":"Article","@id":"https:\/\/www.micoulou-photos.com\/index.php\/2014\/01\/28\/stage-en-aubrac\/#article","isPartOf":{"@id":"https:\/\/www.micoulou-photos.com\/index.php\/2014\/01\/28\/stage-en-aubrac\/"},"author":{"name":"micoulou","@id":"https:\/\/www.micoulou-photos.com\/#\/schema\/person\/6aedfe8ebe91da632f46e7c9d806a722"},"headline":"Stage en Aubrac","datePublished":"2014-01-28T22:18:38+00:00","dateModified":"2020-04-26T00:38:08+00:00","mainEntityOfPage":{"@id":"https:\/\/www.micoulou-photos.com\/index.php\/2014\/01\/28\/stage-en-aubrac\/"},"wordCount":37,"commentCount":0,"publisher":{"@id":"https:\/\/www.micoulou-photos.com\/#organization"},"image":{"@id":"https:\/\/www.micoulou-photos.com\/index.php\/2014\/01\/28\/stage-en-aubrac\/#primaryimage"},"thumbnailUrl":"https:\/\/i0.wp.com\/www.micoulou-photos.com\/wp-content\/uploads\/2014\/01\/IMGP1328.jpg?fit=530%2C800&ssl=1","articleSection":["voyage"],"inLanguage":"fr-FR","potentialAction":[{"@type":"CommentAction","name":"Comment","target":["https:\/\/www.micoulou-photos.com\/index.php\/2014\/01\/28\/stage-en-aubrac\/#respond"]}]},{"@type":"WebPage","@id":"https:\/\/www.micoulou-photos.com\/index.php\/2014\/01\/28\/stage-en-aubrac\/","url":"https:\/\/www.micoulou-photos.com\/index.php\/2014\/01\/28\/stage-en-aubrac\/","name":"Stage en Aubrac - Micoulou Photographie","isPartOf":{"@id":"https:\/\/www.micoulou-photos.com\/#website"},"primaryImageOfPage":{"@id":"https:\/\/www.micoulou-photos.com\/index.php\/2014\/01\/28\/stage-en-aubrac\/#primaryimage"},"image":{"@id":"https:\/\/www.micoulou-photos.com\/index.php\/2014\/01\/28\/stage-en-aubrac\/#primaryimage"},"thumbnailUrl":"https:\/\/i0.wp.com\/www.micoulou-photos.com\/wp-content\/uploads\/2014\/01\/IMGP1328.jpg?fit=530%2C800&ssl=1","datePublished":"2014-01-28T22:18:38+00:00","dateModified":"2020-04-26T00:38:08+00:00","breadcrumb":{"@id":"https:\/\/www.micoulou-photos.com\/index.php\/2014\/01\/28\/stage-en-aubrac\/#breadcrumb"},"inLanguage":"fr-FR","potentialAction":[{"@type":"ReadAction","target":["https:\/\/www.micoulou-photos.com\/index.php\/2014\/01\/28\/stage-en-aubrac\/"]}]},{"@type":"ImageObject","inLanguage":"fr-FR","@id":"https:\/\/www.micoulou-photos.com\/index.php\/2014\/01\/28\/stage-en-aubrac\/#primaryimage","url":"https:\/\/i0.wp.com\/www.micoulou-photos.com\/wp-content\/uploads\/2014\/01\/IMGP1328.jpg?fit=530%2C800&ssl=1","contentUrl":"https:\/\/i0.wp.com\/www.micoulou-photos.com\/wp-content\/uploads\/2014\/01\/IMGP1328.jpg?fit=530%2C800&ssl=1","width":530,"height":800,"caption":"Ussange"},{"@type":"BreadcrumbList","@id":"https:\/\/www.micoulou-photos.com\/index.php\/2014\/01\/28\/stage-en-aubrac\/#breadcrumb","itemListElement":[{"@type":"ListItem","position":1,"name":"Accueil","item":"https:\/\/www.micoulou-photos.com\/"},{"@type":"ListItem","position":2,"name":"Stage en Aubrac"}]},{"@type":"WebSite","@id":"https:\/\/www.micoulou-photos.com\/#website","url":"https:\/\/www.micoulou-photos.com\/","name":"Micoulou Photographie","description":"Photographies, Visites virtuelles et formations par Mickael Minarie","publisher":{"@id":"https:\/\/www.micoulou-photos.com\/#organization"},"potentialAction":[{"@type":"SearchAction","target":{"@type":"EntryPoint","urlTemplate":"https:\/\/www.micoulou-photos.com\/?s={search_term_string}"},"query-input":{"@type":"PropertyValueSpecification","valueRequired":true,"valueName":"search_term_string"}}],"inLanguage":"fr-FR"},{"@type":"Organization","@id":"https:\/\/www.micoulou-photos.com\/#organization","name":"Micoulou Photographie","url":"https:\/\/www.micoulou-photos.com\/","logo":{"@type":"ImageObject","inLanguage":"fr-FR","@id":"https:\/\/www.micoulou-photos.com\/#\/schema\/logo\/image\/","url":"https:\/\/i0.wp.com\/www.micoulou-photos.com\/wp-content\/uploads\/2020\/05\/cropped-891667_552097324824916_1615181552_o-1.jpg?fit=643%2C722&ssl=1","contentUrl":"https:\/\/i0.wp.com\/www.micoulou-photos.com\/wp-content\/uploads\/2020\/05\/cropped-891667_552097324824916_1615181552_o-1.jpg?fit=643%2C722&ssl=1","width":643,"height":722,"caption":"Micoulou Photographie"},"image":{"@id":"https:\/\/www.micoulou-photos.com\/#\/schema\/logo\/image\/"}},{"@type":"Person","@id":"https:\/\/www.micoulou-photos.com\/#\/schema\/person\/6aedfe8ebe91da632f46e7c9d806a722","name":"micoulou","image":{"@type":"ImageObject","inLanguage":"fr-FR","@id":"https:\/\/secure.gravatar.com\/avatar\/98f892eb7d267eab2faa437baa3edd708deaaa43929316c0cc7b751a04cb247b?s=96&d=mm&r=g","url":"https:\/\/secure.gravatar.com\/avatar\/98f892eb7d267eab2faa437baa3edd708deaaa43929316c0cc7b751a04cb247b?s=96&d=mm&r=g","contentUrl":"https:\/\/secure.gravatar.com\/avatar\/98f892eb7d267eab2faa437baa3edd708deaaa43929316c0cc7b751a04cb247b?s=96&d=mm&r=g","caption":"micoulou"},"url":"https:\/\/www.micoulou-photos.com\/index.php\/author\/micoulou\/"}]}},"jetpack_publicize_connections":[],"jetpack_featured_media_url":"https:\/\/i0.wp.com\/www.micoulou-photos.com\/wp-content\/uploads\/2014\/01\/IMGP1328.jpg?fit=530%2C800&ssl=1","jetpack_sharing_enabled":true,"jetpack_shortlink":"https:\/\/wp.me\/p7zKF4-c1","jetpack-related-posts":[{"id":769,"url":"https:\/\/www.micoulou-photos.com\/index.php\/2014\/02\/05\/aubrac\/","url_meta":{"origin":745,"position":0},"title":"Aubrac","author":"micoulou","date":"5 f\u00e9vrier 2014","format":false,"excerpt":"L'Aubrac sous la neige : Camera PENTAX K-30 Focal Length 85mm Exposure 1\/250s ISO 100 Camera PENTAX K-30 Focal Length 85mm Exposure 1\/250s ISO 100 Camera PENTAX K-30 Focal Length 85mm Exposure 1\/250s ISO 100 Camera PENTAX K-30 Focal Length 85mm Exposure 1\/250s ISO 100 Camera PENTAX K-30 Focal Length\u2026","rel":"","context":"Dans &quot;voyage&quot;","block_context":{"text":"voyage","link":"https:\/\/www.micoulou-photos.com\/index.php\/category\/voyage\/"},"img":{"alt_text":"","src":"https:\/\/i0.wp.com\/www.micoulou-photos.com\/wp-content\/uploads\/2014\/02\/panoaubrac.jpg?fit=1200%2C196&ssl=1&resize=350%2C200","width":350,"height":200,"srcset":"https:\/\/i0.wp.com\/www.micoulou-photos.com\/wp-content\/uploads\/2014\/02\/panoaubrac.jpg?fit=1200%2C196&ssl=1&resize=350%2C200 1x, https:\/\/i0.wp.com\/www.micoulou-photos.com\/wp-content\/uploads\/2014\/02\/panoaubrac.jpg?fit=1200%2C196&ssl=1&resize=525%2C300 1.5x, https:\/\/i0.wp.com\/www.micoulou-photos.com\/wp-content\/uploads\/2014\/02\/panoaubrac.jpg?fit=1200%2C196&ssl=1&resize=700%2C400 2x, https:\/\/i0.wp.com\/www.micoulou-photos.com\/wp-content\/uploads\/2014\/02\/panoaubrac.jpg?fit=1200%2C196&ssl=1&resize=1050%2C600 3x"},"classes":[]},{"id":754,"url":"https:\/\/www.micoulou-photos.com\/index.php\/2014\/01\/29\/eglise-dans-laubrac\/","url_meta":{"origin":745,"position":1},"title":"Eglise dans l&rsquo;Aubrac","author":"micoulou","date":"29 janvier 2014","format":false,"excerpt":"Une mini s\u00e9rie d'une eglise que j'ai pu visit\u00e9 ce week end dans l'Aubrac. \u00a0 Eglise Aubrac1","rel":"","context":"Dans &quot;reportage&quot;","block_context":{"text":"reportage","link":"https:\/\/www.micoulou-photos.com\/index.php\/category\/reportage\/"},"img":{"alt_text":"","src":"https:\/\/i0.wp.com\/www.micoulou-photos.com\/wp-content\/uploads\/2014\/01\/IMGP1768.jpg?fit=1024%2C678&ssl=1&resize=350%2C200","width":350,"height":200,"srcset":"https:\/\/i0.wp.com\/www.micoulou-photos.com\/wp-content\/uploads\/2014\/01\/IMGP1768.jpg?fit=1024%2C678&ssl=1&resize=350%2C200 1x, https:\/\/i0.wp.com\/www.micoulou-photos.com\/wp-content\/uploads\/2014\/01\/IMGP1768.jpg?fit=1024%2C678&ssl=1&resize=525%2C300 1.5x, https:\/\/i0.wp.com\/www.micoulou-photos.com\/wp-content\/uploads\/2014\/01\/IMGP1768.jpg?fit=1024%2C678&ssl=1&resize=700%2C400 2x"},"classes":[]},{"id":1132,"url":"https:\/\/www.micoulou-photos.com\/index.php\/2014\/10\/31\/stage-regards-sur-la-montagne\/","url_meta":{"origin":745,"position":2},"title":"stage regards sur la montagne","author":"micoulou","date":"31 octobre 2014","format":false,"excerpt":"Retour du stage organis\u00e9 par Regards sur la montagne, avec Pierrot (Pierre Bottex) et randos74 (Marc Chevalley). Voici les premi\u00e8res images. R\u00e9servez vos places pour 2015, \u00e7a vaut vraiment le coup! Vous pouvez d\u00e9s \u00e0 present les contacter sur : http:\/\/photographiedesalpes.wordpress.com\/","rel":"","context":"Dans &quot;voyage&quot;","block_context":{"text":"voyage","link":"https:\/\/www.micoulou-photos.com\/index.php\/category\/voyage\/"},"img":{"alt_text":"","src":"https:\/\/i0.wp.com\/www.micoulou-photos.com\/wp-content\/uploads\/2014\/10\/IMGP1332.jpg?fit=1024%2C678&ssl=1&resize=350%2C200","width":350,"height":200,"srcset":"https:\/\/i0.wp.com\/www.micoulou-photos.com\/wp-content\/uploads\/2014\/10\/IMGP1332.jpg?fit=1024%2C678&ssl=1&resize=350%2C200 1x, https:\/\/i0.wp.com\/www.micoulou-photos.com\/wp-content\/uploads\/2014\/10\/IMGP1332.jpg?fit=1024%2C678&ssl=1&resize=525%2C300 1.5x, https:\/\/i0.wp.com\/www.micoulou-photos.com\/wp-content\/uploads\/2014\/10\/IMGP1332.jpg?fit=1024%2C678&ssl=1&resize=700%2C400 2x"},"classes":[]},{"id":3583,"url":"https:\/\/www.micoulou-photos.com\/index.php\/2017\/09\/30\/stage-de-ceramique-enfumage-avec-manon-bertellot\/","url_meta":{"origin":745,"position":3},"title":"Stage de c\u00e9ramique enfumage avec Manon Bertellot","author":"micoulou","date":"30 septembre 2017","format":false,"excerpt":"Juste en partant de Lyon, je suis revenu dans le sud ouest, en ariege \u00e0 Artigat pour faire un stage de D\u00e9couverte des\u00a0TERRES POLIES et ENFUM\u00c9ES \u00a0\u00a0\u00a0\u00a0\u00a0\u00a0\u00a0\u00a0 Modelage, construction d\u2019un\u00a0 four primitif \u00e9ph\u00e9m\u00e8re au bois \u00a0\u00a0\u00a0\u00a0\u00a0\u00a0\u00a0\u00a0\u00a0\u00a0\u00a0\u00a0\u00a0\u00a0\u00a0\u00a0\u00a0\u00a0\u00a0\u00a0 cuissons d'enfumages \u00ab\u00a0RAKU-NU\u00a0\u00bb Je vais ici parler de la premi\u00e8re partie du stage, la\u2026","rel":"","context":"Dans &quot;alternatives ecologique&quot;","block_context":{"text":"alternatives ecologique","link":"https:\/\/www.micoulou-photos.com\/index.php\/category\/alternatives-ecologique\/"},"img":{"alt_text":"","src":"https:\/\/i0.wp.com\/www.micoulou-photos.com\/wp-content\/uploads\/2017\/09\/IMG_0931-Modifier.jpg?fit=1200%2C800&ssl=1&resize=350%2C200","width":350,"height":200,"srcset":"https:\/\/i0.wp.com\/www.micoulou-photos.com\/wp-content\/uploads\/2017\/09\/IMG_0931-Modifier.jpg?fit=1200%2C800&ssl=1&resize=350%2C200 1x, https:\/\/i0.wp.com\/www.micoulou-photos.com\/wp-content\/uploads\/2017\/09\/IMG_0931-Modifier.jpg?fit=1200%2C800&ssl=1&resize=525%2C300 1.5x, https:\/\/i0.wp.com\/www.micoulou-photos.com\/wp-content\/uploads\/2017\/09\/IMG_0931-Modifier.jpg?fit=1200%2C800&ssl=1&resize=700%2C400 2x, https:\/\/i0.wp.com\/www.micoulou-photos.com\/wp-content\/uploads\/2017\/09\/IMG_0931-Modifier.jpg?fit=1200%2C800&ssl=1&resize=1050%2C600 3x"},"classes":[]},{"id":3337,"url":"https:\/\/www.micoulou-photos.com\/index.php\/2017\/05\/26\/stage-de-construction-kerterre\/","url_meta":{"origin":745,"position":4},"title":"Stage de construction kerterre","author":"micoulou","date":"26 mai 2017","format":false,"excerpt":"Bient\u00f4t un mois sans mise \u00e0 jour du site... Je vous dois des nouvelles, pour tous ceux qui me suivent. Je voudrais \u00e9crire plusieurs articles sur ces derni\u00e8res semaines, dont ce stage kerterre, il y a tant \u00e0 dire, tellement de r\u00e9flexion personnelles, de nouveaux projets en d\u00e9coulent... Mais en\u2026","rel":"","context":"Dans &quot;alternatives ecologique&quot;","block_context":{"text":"alternatives ecologique","link":"https:\/\/www.micoulou-photos.com\/index.php\/category\/alternatives-ecologique\/"},"img":{"alt_text":"","src":"https:\/\/i0.wp.com\/www.micoulou-photos.com\/wp-content\/uploads\/2017\/05\/MI055117.jpg?fit=1200%2C795&ssl=1&resize=350%2C200","width":350,"height":200,"srcset":"https:\/\/i0.wp.com\/www.micoulou-photos.com\/wp-content\/uploads\/2017\/05\/MI055117.jpg?fit=1200%2C795&ssl=1&resize=350%2C200 1x, https:\/\/i0.wp.com\/www.micoulou-photos.com\/wp-content\/uploads\/2017\/05\/MI055117.jpg?fit=1200%2C795&ssl=1&resize=525%2C300 1.5x, https:\/\/i0.wp.com\/www.micoulou-photos.com\/wp-content\/uploads\/2017\/05\/MI055117.jpg?fit=1200%2C795&ssl=1&resize=700%2C400 2x, https:\/\/i0.wp.com\/www.micoulou-photos.com\/wp-content\/uploads\/2017\/05\/MI055117.jpg?fit=1200%2C795&ssl=1&resize=1050%2C600 3x"},"classes":[]},{"id":89,"url":"https:\/\/www.micoulou-photos.com\/index.php\/2012\/10\/07\/lyon-3\/","url_meta":{"origin":745,"position":5},"title":"Lyon","author":"micoulou","date":"7 octobre 2012","format":false,"excerpt":"Les premieres photos de Lyon, trait\u00e9s dans des conditions o\u00fa je ne devrais pas bosser (ecran pas calibr\u00e9s, machine qui s'eteint au bout de 5 minutes...) mais cela donne une premiere impression.","rel":"","context":"Dans &quot;Non class\u00e9&quot;","block_context":{"text":"Non class\u00e9","link":"https:\/\/www.micoulou-photos.com\/index.php\/category\/non-classe\/"},"img":{"alt_text":"","src":"https:\/\/i0.wp.com\/1.bp.blogspot.com\/-GKTqkMxML-A\/UHHNxR2lawI\/AAAAAAAA4Ds\/-N__KTqkfqk\/s320\/DSC05751.jpg?resize=350%2C200","width":350,"height":200},"classes":[]}],"_links":{"self":[{"href":"https:\/\/www.micoulou-photos.com\/index.php\/wp-json\/wp\/v2\/posts\/745","targetHints":{"allow":["GET"]}}],"collection":[{"href":"https:\/\/www.micoulou-photos.com\/index.php\/wp-json\/wp\/v2\/posts"}],"about":[{"href":"https:\/\/www.micoulou-photos.com\/index.php\/wp-json\/wp\/v2\/types\/post"}],"author":[{"embeddable":true,"href":"https:\/\/www.micoulou-photos.com\/index.php\/wp-json\/wp\/v2\/users\/1"}],"replies":[{"embeddable":true,"href":"https:\/\/www.micoulou-photos.com\/index.php\/wp-json\/wp\/v2\/comments?post=745"}],"version-history":[{"count":2,"href":"https:\/\/www.micoulou-photos.com\/index.php\/wp-json\/wp\/v2\/posts\/745\/revisions"}],"predecessor-version":[{"id":3955,"href":"https:\/\/www.micoulou-photos.com\/index.php\/wp-json\/wp\/v2\/posts\/745\/revisions\/3955"}],"wp:featuredmedia":[{"embeddable":true,"href":"https:\/\/www.micoulou-photos.com\/index.php\/wp-json\/wp\/v2\/media\/751"}],"wp:attachment":[{"href":"https:\/\/www.micoulou-photos.com\/index.php\/wp-json\/wp\/v2\/media?parent=745"}],"wp:term":[{"taxonomy":"category","embeddable":true,"href":"https:\/\/www.micoulou-photos.com\/index.php\/wp-json\/wp\/v2\/categories?post=745"},{"taxonomy":"post_tag","embeddable":true,"href":"https:\/\/www.micoulou-photos.com\/index.php\/wp-json\/wp\/v2\/tags?post=745"}],"curies":[{"name":"wp","href":"https:\/\/api.w.org\/{rel}","templated":true}]}}