{"id":723,"date":"2014-01-17T16:01:26","date_gmt":"2014-01-17T16:01:26","guid":{"rendered":"http:\/\/www.mikeyphotography.org\/?p=723"},"modified":"2022-10-13T11:02:53","modified_gmt":"2022-10-13T10:02:53","slug":"portraits-ambiance-polar","status":"publish","type":"post","link":"https:\/\/www.micoulou-photos.com\/index.php\/2014\/01\/17\/portraits-ambiance-polar\/","title":{"rendered":"Portraits Ambiance Polar"},"content":{"rendered":"<p><!--:en-->Some portraits realised in 2013.<\/p>\n<p>Thanks to Julie and Yann.<\/p>\n<p><!--:--><!--:fr-->Quelques portrait r\u00e9alis\u00e9 en 2013, en compagnie de Julie et de <a href=\"http:\/\/www.flickr.com\/photos\/elmarelle\">Yann<\/a> que je remercie&#8230; Un moment particulier, puisque ce sont mes premiers portraits avec une \u00ab\u00a0ambiance\u00a0\u00bb, m\u00eame si le d\u00e9veloppement des pellicules \u00e0 eu quelques soucis (fuite de lumi\u00e8re et sous d\u00e9veloppement du \u00e0 une temp\u00e9rature trop basse &lt;15\u00b0).<\/p>\n<p>R\u00e9alis\u00e9 au Zenit EM et Helios 44M.<\/p>\n<div data-carousel-extra='{&quot;blog_id&quot;:1,&quot;permalink&quot;:&quot;https:\/\/www.micoulou-photos.com\/index.php\/2014\/01\/17\/portraits-ambiance-polar\/&quot;}' id='gallery-1' class='gallery galleryid-723 gallery-columns-3 gallery-size-thumbnail'><figure class='gallery-item'>\n\t\t\t<div class='gallery-icon portrait'>\n\t\t\t\t<a href='https:\/\/www.micoulou-photos.com\/scan-140116-0008-modifier\/'><img decoding=\"async\" width=\"150\" height=\"150\" src=\"https:\/\/i0.wp.com\/www.micoulou-photos.com\/wp-content\/uploads\/2014\/01\/Scan-140116-0008-Modifier.jpg?resize=150%2C150&amp;ssl=1\" class=\"attachment-thumbnail size-thumbnail\" alt=\"\" srcset=\"https:\/\/i0.wp.com\/www.micoulou-photos.com\/wp-content\/uploads\/2014\/01\/Scan-140116-0008-Modifier.jpg?resize=150%2C150&amp;ssl=1 150w, https:\/\/i0.wp.com\/www.micoulou-photos.com\/wp-content\/uploads\/2014\/01\/Scan-140116-0008-Modifier.jpg?zoom=2&amp;resize=150%2C150&amp;ssl=1 300w, https:\/\/i0.wp.com\/www.micoulou-photos.com\/wp-content\/uploads\/2014\/01\/Scan-140116-0008-Modifier.jpg?zoom=3&amp;resize=150%2C150&amp;ssl=1 450w\" sizes=\"(max-width: 150px) 100vw, 150px\" data-attachment-id=\"724\" data-permalink=\"https:\/\/www.micoulou-photos.com\/scan-140116-0008-modifier\/\" data-orig-file=\"https:\/\/i0.wp.com\/www.micoulou-photos.com\/wp-content\/uploads\/2014\/01\/Scan-140116-0008-Modifier.jpg?fit=523%2C800&amp;ssl=1\" data-orig-size=\"523,800\" data-comments-opened=\"1\" data-image-meta=\"{&quot;aperture&quot;:&quot;0&quot;,&quot;credit&quot;:&quot;&quot;,&quot;camera&quot;:&quot;Scan Speed&quot;,&quot;caption&quot;:&quot;&quot;,&quot;created_timestamp&quot;:&quot;1389971045&quot;,&quot;copyright&quot;:&quot;&quot;,&quot;focal_length&quot;:&quot;0&quot;,&quot;iso&quot;:&quot;0&quot;,&quot;shutter_speed&quot;:&quot;0&quot;,&quot;title&quot;:&quot;&quot;,&quot;orientation&quot;:&quot;0&quot;}\" data-image-title=\"Scan-140116-0008-Modifier\" data-image-description=\"\" data-image-caption=\"\" data-large-file=\"https:\/\/i0.wp.com\/www.micoulou-photos.com\/wp-content\/uploads\/2014\/01\/Scan-140116-0008-Modifier.jpg?fit=523%2C800&amp;ssl=1\" \/><\/a>\n\t\t\t<\/div><\/figure><figure class='gallery-item'>\n\t\t\t<div class='gallery-icon portrait'>\n\t\t\t\t<a href='https:\/\/www.micoulou-photos.com\/scan-140116-0013-modifier\/'><img decoding=\"async\" width=\"150\" height=\"150\" src=\"https:\/\/i0.wp.com\/www.micoulou-photos.com\/wp-content\/uploads\/2014\/01\/Scan-140116-0013-Modifier.jpg?resize=150%2C150&amp;ssl=1\" class=\"attachment-thumbnail size-thumbnail\" alt=\"\" srcset=\"https:\/\/i0.wp.com\/www.micoulou-photos.com\/wp-content\/uploads\/2014\/01\/Scan-140116-0013-Modifier.jpg?resize=150%2C150&amp;ssl=1 150w, https:\/\/i0.wp.com\/www.micoulou-photos.com\/wp-content\/uploads\/2014\/01\/Scan-140116-0013-Modifier.jpg?zoom=2&amp;resize=150%2C150&amp;ssl=1 300w, https:\/\/i0.wp.com\/www.micoulou-photos.com\/wp-content\/uploads\/2014\/01\/Scan-140116-0013-Modifier.jpg?zoom=3&amp;resize=150%2C150&amp;ssl=1 450w\" sizes=\"(max-width: 150px) 100vw, 150px\" data-attachment-id=\"725\" data-permalink=\"https:\/\/www.micoulou-photos.com\/scan-140116-0013-modifier\/\" data-orig-file=\"https:\/\/i0.wp.com\/www.micoulou-photos.com\/wp-content\/uploads\/2014\/01\/Scan-140116-0013-Modifier.jpg?fit=572%2C800&amp;ssl=1\" data-orig-size=\"572,800\" data-comments-opened=\"1\" data-image-meta=\"{&quot;aperture&quot;:&quot;0&quot;,&quot;credit&quot;:&quot;&quot;,&quot;camera&quot;:&quot;Scan Speed&quot;,&quot;caption&quot;:&quot;&quot;,&quot;created_timestamp&quot;:&quot;1389971679&quot;,&quot;copyright&quot;:&quot;&quot;,&quot;focal_length&quot;:&quot;0&quot;,&quot;iso&quot;:&quot;0&quot;,&quot;shutter_speed&quot;:&quot;0&quot;,&quot;title&quot;:&quot;&quot;,&quot;orientation&quot;:&quot;0&quot;}\" data-image-title=\"Scan-140116-0013-Modifier\" data-image-description=\"\" data-image-caption=\"\" data-large-file=\"https:\/\/i0.wp.com\/www.micoulou-photos.com\/wp-content\/uploads\/2014\/01\/Scan-140116-0013-Modifier.jpg?fit=572%2C800&amp;ssl=1\" \/><\/a>\n\t\t\t<\/div><\/figure><figure class='gallery-item'>\n\t\t\t<div class='gallery-icon portrait'>\n\t\t\t\t<a href='https:\/\/www.micoulou-photos.com\/scan-140116-0014-modifier\/'><img decoding=\"async\" width=\"150\" height=\"150\" src=\"https:\/\/i0.wp.com\/www.micoulou-photos.com\/wp-content\/uploads\/2014\/01\/Scan-140116-0014-Modifier.jpg?resize=150%2C150&amp;ssl=1\" class=\"attachment-thumbnail size-thumbnail\" alt=\"\" srcset=\"https:\/\/i0.wp.com\/www.micoulou-photos.com\/wp-content\/uploads\/2014\/01\/Scan-140116-0014-Modifier.jpg?resize=150%2C150&amp;ssl=1 150w, https:\/\/i0.wp.com\/www.micoulou-photos.com\/wp-content\/uploads\/2014\/01\/Scan-140116-0014-Modifier.jpg?zoom=2&amp;resize=150%2C150&amp;ssl=1 300w, https:\/\/i0.wp.com\/www.micoulou-photos.com\/wp-content\/uploads\/2014\/01\/Scan-140116-0014-Modifier.jpg?zoom=3&amp;resize=150%2C150&amp;ssl=1 450w\" sizes=\"(max-width: 150px) 100vw, 150px\" data-attachment-id=\"726\" data-permalink=\"https:\/\/www.micoulou-photos.com\/scan-140116-0014-modifier\/\" data-orig-file=\"https:\/\/i0.wp.com\/www.micoulou-photos.com\/wp-content\/uploads\/2014\/01\/Scan-140116-0014-Modifier.jpg?fit=676%2C800&amp;ssl=1\" data-orig-size=\"676,800\" data-comments-opened=\"1\" data-image-meta=\"{&quot;aperture&quot;:&quot;0&quot;,&quot;credit&quot;:&quot;&quot;,&quot;camera&quot;:&quot;Scan Speed&quot;,&quot;caption&quot;:&quot;&quot;,&quot;created_timestamp&quot;:&quot;1389975500&quot;,&quot;copyright&quot;:&quot;&quot;,&quot;focal_length&quot;:&quot;0&quot;,&quot;iso&quot;:&quot;0&quot;,&quot;shutter_speed&quot;:&quot;0&quot;,&quot;title&quot;:&quot;&quot;,&quot;orientation&quot;:&quot;0&quot;}\" data-image-title=\"Scan-140116-0014-Modifier\" data-image-description=\"\" data-image-caption=\"\" data-large-file=\"https:\/\/i0.wp.com\/www.micoulou-photos.com\/wp-content\/uploads\/2014\/01\/Scan-140116-0014-Modifier.jpg?fit=676%2C800&amp;ssl=1\" \/><\/a>\n\t\t\t<\/div><\/figure><figure class='gallery-item'>\n\t\t\t<div class='gallery-icon landscape'>\n\t\t\t\t<a href='https:\/\/www.micoulou-photos.com\/scan-140116-0017-modifier\/'><img loading=\"lazy\" decoding=\"async\" width=\"150\" height=\"150\" src=\"https:\/\/i0.wp.com\/www.micoulou-photos.com\/wp-content\/uploads\/2014\/01\/Scan-140116-0017-Modifier.jpg?resize=150%2C150&amp;ssl=1\" class=\"attachment-thumbnail size-thumbnail\" alt=\"\" srcset=\"https:\/\/i0.wp.com\/www.micoulou-photos.com\/wp-content\/uploads\/2014\/01\/Scan-140116-0017-Modifier.jpg?resize=150%2C150&amp;ssl=1 150w, https:\/\/i0.wp.com\/www.micoulou-photos.com\/wp-content\/uploads\/2014\/01\/Scan-140116-0017-Modifier.jpg?zoom=2&amp;resize=150%2C150&amp;ssl=1 300w, https:\/\/i0.wp.com\/www.micoulou-photos.com\/wp-content\/uploads\/2014\/01\/Scan-140116-0017-Modifier.jpg?zoom=3&amp;resize=150%2C150&amp;ssl=1 450w\" sizes=\"(max-width: 150px) 100vw, 150px\" data-attachment-id=\"727\" data-permalink=\"https:\/\/www.micoulou-photos.com\/scan-140116-0017-modifier\/\" data-orig-file=\"https:\/\/i0.wp.com\/www.micoulou-photos.com\/wp-content\/uploads\/2014\/01\/Scan-140116-0017-Modifier.jpg?fit=1024%2C761&amp;ssl=1\" data-orig-size=\"1024,761\" data-comments-opened=\"1\" data-image-meta=\"{&quot;aperture&quot;:&quot;0&quot;,&quot;credit&quot;:&quot;&quot;,&quot;camera&quot;:&quot;Scan Speed&quot;,&quot;caption&quot;:&quot;&quot;,&quot;created_timestamp&quot;:&quot;1389975736&quot;,&quot;copyright&quot;:&quot;&quot;,&quot;focal_length&quot;:&quot;0&quot;,&quot;iso&quot;:&quot;0&quot;,&quot;shutter_speed&quot;:&quot;0&quot;,&quot;title&quot;:&quot;&quot;,&quot;orientation&quot;:&quot;0&quot;}\" data-image-title=\"Scan-140116-0017-Modifier\" data-image-description=\"\" data-image-caption=\"\" data-large-file=\"https:\/\/i0.wp.com\/www.micoulou-photos.com\/wp-content\/uploads\/2014\/01\/Scan-140116-0017-Modifier.jpg?fit=800%2C595&amp;ssl=1\" \/><\/a>\n\t\t\t<\/div><\/figure><figure class='gallery-item'>\n\t\t\t<div class='gallery-icon portrait'>\n\t\t\t\t<a href='https:\/\/www.micoulou-photos.com\/scan-140116-0022-modifier\/'><img loading=\"lazy\" decoding=\"async\" width=\"150\" height=\"150\" src=\"https:\/\/i0.wp.com\/www.micoulou-photos.com\/wp-content\/uploads\/2014\/01\/Scan-140116-0022-Modifier-1.jpg?resize=150%2C150&amp;ssl=1\" class=\"attachment-thumbnail size-thumbnail\" alt=\"\" srcset=\"https:\/\/i0.wp.com\/www.micoulou-photos.com\/wp-content\/uploads\/2014\/01\/Scan-140116-0022-Modifier-1.jpg?resize=150%2C150&amp;ssl=1 150w, https:\/\/i0.wp.com\/www.micoulou-photos.com\/wp-content\/uploads\/2014\/01\/Scan-140116-0022-Modifier-1.jpg?zoom=2&amp;resize=150%2C150&amp;ssl=1 300w, https:\/\/i0.wp.com\/www.micoulou-photos.com\/wp-content\/uploads\/2014\/01\/Scan-140116-0022-Modifier-1.jpg?zoom=3&amp;resize=150%2C150&amp;ssl=1 450w\" sizes=\"(max-width: 150px) 100vw, 150px\" data-attachment-id=\"728\" data-permalink=\"https:\/\/www.micoulou-photos.com\/scan-140116-0022-modifier\/\" data-orig-file=\"https:\/\/i0.wp.com\/www.micoulou-photos.com\/wp-content\/uploads\/2014\/01\/Scan-140116-0022-Modifier-1.jpg?fit=593%2C800&amp;ssl=1\" data-orig-size=\"593,800\" data-comments-opened=\"1\" data-image-meta=\"{&quot;aperture&quot;:&quot;0&quot;,&quot;credit&quot;:&quot;&quot;,&quot;camera&quot;:&quot;Scan Speed&quot;,&quot;caption&quot;:&quot;&quot;,&quot;created_timestamp&quot;:&quot;1389976008&quot;,&quot;copyright&quot;:&quot;&quot;,&quot;focal_length&quot;:&quot;0&quot;,&quot;iso&quot;:&quot;0&quot;,&quot;shutter_speed&quot;:&quot;0&quot;,&quot;title&quot;:&quot;&quot;,&quot;orientation&quot;:&quot;0&quot;}\" data-image-title=\"Scan-140116-0022-Modifier\" data-image-description=\"\" data-image-caption=\"\" data-large-file=\"https:\/\/i0.wp.com\/www.micoulou-photos.com\/wp-content\/uploads\/2014\/01\/Scan-140116-0022-Modifier-1.jpg?fit=593%2C800&amp;ssl=1\" \/><\/a>\n\t\t\t<\/div><\/figure><figure class='gallery-item'>\n\t\t\t<div class='gallery-icon portrait'>\n\t\t\t\t<a href='https:\/\/www.micoulou-photos.com\/scan-140116-0025-modifier\/'><img loading=\"lazy\" decoding=\"async\" width=\"150\" height=\"150\" src=\"https:\/\/i0.wp.com\/www.micoulou-photos.com\/wp-content\/uploads\/2014\/01\/Scan-140116-0025-Modifier-1.jpg?resize=150%2C150&amp;ssl=1\" class=\"attachment-thumbnail size-thumbnail\" alt=\"\" srcset=\"https:\/\/i0.wp.com\/www.micoulou-photos.com\/wp-content\/uploads\/2014\/01\/Scan-140116-0025-Modifier-1.jpg?resize=150%2C150&amp;ssl=1 150w, https:\/\/i0.wp.com\/www.micoulou-photos.com\/wp-content\/uploads\/2014\/01\/Scan-140116-0025-Modifier-1.jpg?zoom=2&amp;resize=150%2C150&amp;ssl=1 300w, https:\/\/i0.wp.com\/www.micoulou-photos.com\/wp-content\/uploads\/2014\/01\/Scan-140116-0025-Modifier-1.jpg?zoom=3&amp;resize=150%2C150&amp;ssl=1 450w\" sizes=\"(max-width: 150px) 100vw, 150px\" data-attachment-id=\"729\" data-permalink=\"https:\/\/www.micoulou-photos.com\/scan-140116-0025-modifier\/\" data-orig-file=\"https:\/\/i0.wp.com\/www.micoulou-photos.com\/wp-content\/uploads\/2014\/01\/Scan-140116-0025-Modifier-1.jpg?fit=700%2C800&amp;ssl=1\" data-orig-size=\"700,800\" data-comments-opened=\"1\" data-image-meta=\"{&quot;aperture&quot;:&quot;0&quot;,&quot;credit&quot;:&quot;&quot;,&quot;camera&quot;:&quot;Scan Speed&quot;,&quot;caption&quot;:&quot;&quot;,&quot;created_timestamp&quot;:&quot;1389976372&quot;,&quot;copyright&quot;:&quot;&quot;,&quot;focal_length&quot;:&quot;0&quot;,&quot;iso&quot;:&quot;0&quot;,&quot;shutter_speed&quot;:&quot;0&quot;,&quot;title&quot;:&quot;&quot;,&quot;orientation&quot;:&quot;0&quot;}\" data-image-title=\"Scan-140116-0025-Modifier\" data-image-description=\"\" data-image-caption=\"\" data-large-file=\"https:\/\/i0.wp.com\/www.micoulou-photos.com\/wp-content\/uploads\/2014\/01\/Scan-140116-0025-Modifier-1.jpg?fit=700%2C800&amp;ssl=1\" \/><\/a>\n\t\t\t<\/div><\/figure>\n\t\t<\/div>\n\n<p><!--:--><\/p>\n","protected":false},"excerpt":{"rendered":"<p>Some portraits realised in 2013. Thanks to Julie and Yann. Quelques portrait r\u00e9alis\u00e9 en 2013, en compagnie de Julie et de Yann que je remercie&#8230; Un moment particulier, puisque ce sont mes premiers portraits avec une \u00ab\u00a0ambiance\u00a0\u00bb, m\u00eame si le d\u00e9veloppement des pellicules \u00e0 eu quelques soucis (fuite de lumi\u00e8re et sous d\u00e9veloppement du \u00e0 [&hellip;]<\/p>\n","protected":false},"author":1,"featured_media":727,"comment_status":"open","ping_status":"open","sticky":false,"template":"","format":"standard","meta":{"jetpack_post_was_ever_published":false,"_jetpack_newsletter_access":"","_jetpack_dont_email_post_to_subs":false,"_jetpack_newsletter_tier_id":0,"_jetpack_memberships_contains_paywalled_content":false,"_jetpack_memberships_contains_paid_content":false,"footnotes":"","jetpack_publicize_message":"","jetpack_publicize_feature_enabled":true,"jetpack_social_post_already_shared":true,"jetpack_social_options":{"image_generator_settings":{"template":"highway","default_image_id":0,"font":"","enabled":false},"version":2}},"categories":[1391,155],"tags":[],"class_list":["post-723","post","type-post","status-publish","format-standard","has-post-thumbnail","hentry","category-evenementiel-reportage","category-reportage"],"yoast_head":"<!-- This site is optimized with the Yoast SEO plugin v27.5 - https:\/\/yoast.com\/product\/yoast-seo-wordpress\/ -->\n<title>Portraits Ambiance Polar - Micoulou Photographie<\/title>\n<meta name=\"robots\" content=\"index, follow, max-snippet:-1, max-image-preview:large, max-video-preview:-1\" \/>\n<link rel=\"canonical\" href=\"https:\/\/www.micoulou-photos.com\/index.php\/2014\/01\/17\/portraits-ambiance-polar\/\" \/>\n<meta property=\"og:locale\" content=\"fr_FR\" \/>\n<meta property=\"og:type\" content=\"article\" \/>\n<meta property=\"og:title\" content=\"Portraits Ambiance Polar - Micoulou Photographie\" \/>\n<meta property=\"og:description\" content=\"Some portraits realised in 2013. Thanks to Julie and Yann. Quelques portrait r\u00e9alis\u00e9 en 2013, en compagnie de Julie et de Yann que je remercie&#8230; Un moment particulier, puisque ce sont mes premiers portraits avec une \u00ab\u00a0ambiance\u00a0\u00bb, m\u00eame si le d\u00e9veloppement des pellicules \u00e0 eu quelques soucis (fuite de lumi\u00e8re et sous d\u00e9veloppement du \u00e0 [&hellip;]\" \/>\n<meta property=\"og:url\" content=\"https:\/\/www.micoulou-photos.com\/index.php\/2014\/01\/17\/portraits-ambiance-polar\/\" \/>\n<meta property=\"og:site_name\" content=\"Micoulou Photographie\" \/>\n<meta property=\"article:published_time\" content=\"2014-01-17T16:01:26+00:00\" \/>\n<meta property=\"article:modified_time\" content=\"2022-10-13T10:02:53+00:00\" \/>\n<meta property=\"og:image\" content=\"https:\/\/www.micoulou-photos.com\/wp-content\/uploads\/2014\/01\/Scan-140116-0017-Modifier.jpg\" \/>\n\t<meta property=\"og:image:width\" content=\"1024\" \/>\n\t<meta property=\"og:image:height\" content=\"761\" \/>\n\t<meta property=\"og:image:type\" content=\"image\/jpeg\" \/>\n<meta name=\"author\" content=\"micoulou\" \/>\n<meta name=\"twitter:card\" content=\"summary_large_image\" \/>\n<meta name=\"twitter:label1\" content=\"\u00c9crit par\" \/>\n\t<meta name=\"twitter:data1\" content=\"micoulou\" \/>\n<script type=\"application\/ld+json\" class=\"yoast-schema-graph\">{\"@context\":\"https:\\\/\\\/schema.org\",\"@graph\":[{\"@type\":\"Article\",\"@id\":\"https:\\\/\\\/www.micoulou-photos.com\\\/index.php\\\/2014\\\/01\\\/17\\\/portraits-ambiance-polar\\\/#article\",\"isPartOf\":{\"@id\":\"https:\\\/\\\/www.micoulou-photos.com\\\/index.php\\\/2014\\\/01\\\/17\\\/portraits-ambiance-polar\\\/\"},\"author\":{\"name\":\"micoulou\",\"@id\":\"https:\\\/\\\/www.micoulou-photos.com\\\/#\\\/schema\\\/person\\\/6aedfe8ebe91da632f46e7c9d806a722\"},\"headline\":\"Portraits Ambiance Polar\",\"datePublished\":\"2014-01-17T16:01:26+00:00\",\"dateModified\":\"2022-10-13T10:02:53+00:00\",\"mainEntityOfPage\":{\"@id\":\"https:\\\/\\\/www.micoulou-photos.com\\\/index.php\\\/2014\\\/01\\\/17\\\/portraits-ambiance-polar\\\/\"},\"wordCount\":75,\"commentCount\":0,\"publisher\":{\"@id\":\"https:\\\/\\\/www.micoulou-photos.com\\\/#organization\"},\"image\":{\"@id\":\"https:\\\/\\\/www.micoulou-photos.com\\\/index.php\\\/2014\\\/01\\\/17\\\/portraits-ambiance-polar\\\/#primaryimage\"},\"thumbnailUrl\":\"https:\\\/\\\/i0.wp.com\\\/www.micoulou-photos.com\\\/wp-content\\\/uploads\\\/2014\\\/01\\\/Scan-140116-0017-Modifier.jpg?fit=1024%2C761&ssl=1\",\"articleSection\":[\"evenementiel\",\"reportage\"],\"inLanguage\":\"fr-FR\",\"potentialAction\":[{\"@type\":\"CommentAction\",\"name\":\"Comment\",\"target\":[\"https:\\\/\\\/www.micoulou-photos.com\\\/index.php\\\/2014\\\/01\\\/17\\\/portraits-ambiance-polar\\\/#respond\"]}]},{\"@type\":\"WebPage\",\"@id\":\"https:\\\/\\\/www.micoulou-photos.com\\\/index.php\\\/2014\\\/01\\\/17\\\/portraits-ambiance-polar\\\/\",\"url\":\"https:\\\/\\\/www.micoulou-photos.com\\\/index.php\\\/2014\\\/01\\\/17\\\/portraits-ambiance-polar\\\/\",\"name\":\"Portraits Ambiance Polar - Micoulou Photographie\",\"isPartOf\":{\"@id\":\"https:\\\/\\\/www.micoulou-photos.com\\\/#website\"},\"primaryImageOfPage\":{\"@id\":\"https:\\\/\\\/www.micoulou-photos.com\\\/index.php\\\/2014\\\/01\\\/17\\\/portraits-ambiance-polar\\\/#primaryimage\"},\"image\":{\"@id\":\"https:\\\/\\\/www.micoulou-photos.com\\\/index.php\\\/2014\\\/01\\\/17\\\/portraits-ambiance-polar\\\/#primaryimage\"},\"thumbnailUrl\":\"https:\\\/\\\/i0.wp.com\\\/www.micoulou-photos.com\\\/wp-content\\\/uploads\\\/2014\\\/01\\\/Scan-140116-0017-Modifier.jpg?fit=1024%2C761&ssl=1\",\"datePublished\":\"2014-01-17T16:01:26+00:00\",\"dateModified\":\"2022-10-13T10:02:53+00:00\",\"breadcrumb\":{\"@id\":\"https:\\\/\\\/www.micoulou-photos.com\\\/index.php\\\/2014\\\/01\\\/17\\\/portraits-ambiance-polar\\\/#breadcrumb\"},\"inLanguage\":\"fr-FR\",\"potentialAction\":[{\"@type\":\"ReadAction\",\"target\":[\"https:\\\/\\\/www.micoulou-photos.com\\\/index.php\\\/2014\\\/01\\\/17\\\/portraits-ambiance-polar\\\/\"]}]},{\"@type\":\"ImageObject\",\"inLanguage\":\"fr-FR\",\"@id\":\"https:\\\/\\\/www.micoulou-photos.com\\\/index.php\\\/2014\\\/01\\\/17\\\/portraits-ambiance-polar\\\/#primaryimage\",\"url\":\"https:\\\/\\\/i0.wp.com\\\/www.micoulou-photos.com\\\/wp-content\\\/uploads\\\/2014\\\/01\\\/Scan-140116-0017-Modifier.jpg?fit=1024%2C761&ssl=1\",\"contentUrl\":\"https:\\\/\\\/i0.wp.com\\\/www.micoulou-photos.com\\\/wp-content\\\/uploads\\\/2014\\\/01\\\/Scan-140116-0017-Modifier.jpg?fit=1024%2C761&ssl=1\",\"width\":1024,\"height\":761},{\"@type\":\"BreadcrumbList\",\"@id\":\"https:\\\/\\\/www.micoulou-photos.com\\\/index.php\\\/2014\\\/01\\\/17\\\/portraits-ambiance-polar\\\/#breadcrumb\",\"itemListElement\":[{\"@type\":\"ListItem\",\"position\":1,\"name\":\"Accueil\",\"item\":\"https:\\\/\\\/www.micoulou-photos.com\\\/\"},{\"@type\":\"ListItem\",\"position\":2,\"name\":\"Portraits Ambiance Polar\"}]},{\"@type\":\"WebSite\",\"@id\":\"https:\\\/\\\/www.micoulou-photos.com\\\/#website\",\"url\":\"https:\\\/\\\/www.micoulou-photos.com\\\/\",\"name\":\"Micoulou Photographie\",\"description\":\"Photographies, Visites virtuelles et formations par Mickael Minarie\",\"publisher\":{\"@id\":\"https:\\\/\\\/www.micoulou-photos.com\\\/#organization\"},\"potentialAction\":[{\"@type\":\"SearchAction\",\"target\":{\"@type\":\"EntryPoint\",\"urlTemplate\":\"https:\\\/\\\/www.micoulou-photos.com\\\/?s={search_term_string}\"},\"query-input\":{\"@type\":\"PropertyValueSpecification\",\"valueRequired\":true,\"valueName\":\"search_term_string\"}}],\"inLanguage\":\"fr-FR\"},{\"@type\":\"Organization\",\"@id\":\"https:\\\/\\\/www.micoulou-photos.com\\\/#organization\",\"name\":\"Micoulou Photographie\",\"url\":\"https:\\\/\\\/www.micoulou-photos.com\\\/\",\"logo\":{\"@type\":\"ImageObject\",\"inLanguage\":\"fr-FR\",\"@id\":\"https:\\\/\\\/www.micoulou-photos.com\\\/#\\\/schema\\\/logo\\\/image\\\/\",\"url\":\"https:\\\/\\\/i0.wp.com\\\/www.micoulou-photos.com\\\/wp-content\\\/uploads\\\/2020\\\/05\\\/cropped-891667_552097324824916_1615181552_o-1.jpg?fit=643%2C722&ssl=1\",\"contentUrl\":\"https:\\\/\\\/i0.wp.com\\\/www.micoulou-photos.com\\\/wp-content\\\/uploads\\\/2020\\\/05\\\/cropped-891667_552097324824916_1615181552_o-1.jpg?fit=643%2C722&ssl=1\",\"width\":643,\"height\":722,\"caption\":\"Micoulou Photographie\"},\"image\":{\"@id\":\"https:\\\/\\\/www.micoulou-photos.com\\\/#\\\/schema\\\/logo\\\/image\\\/\"}},{\"@type\":\"Person\",\"@id\":\"https:\\\/\\\/www.micoulou-photos.com\\\/#\\\/schema\\\/person\\\/6aedfe8ebe91da632f46e7c9d806a722\",\"name\":\"micoulou\",\"image\":{\"@type\":\"ImageObject\",\"inLanguage\":\"fr-FR\",\"@id\":\"https:\\\/\\\/secure.gravatar.com\\\/avatar\\\/98f892eb7d267eab2faa437baa3edd708deaaa43929316c0cc7b751a04cb247b?s=96&d=mm&r=g\",\"url\":\"https:\\\/\\\/secure.gravatar.com\\\/avatar\\\/98f892eb7d267eab2faa437baa3edd708deaaa43929316c0cc7b751a04cb247b?s=96&d=mm&r=g\",\"contentUrl\":\"https:\\\/\\\/secure.gravatar.com\\\/avatar\\\/98f892eb7d267eab2faa437baa3edd708deaaa43929316c0cc7b751a04cb247b?s=96&d=mm&r=g\",\"caption\":\"micoulou\"},\"url\":\"https:\\\/\\\/www.micoulou-photos.com\\\/index.php\\\/author\\\/micoulou\\\/\"}]}<\/script>\n<!-- \/ Yoast SEO plugin. -->","yoast_head_json":{"title":"Portraits Ambiance Polar - Micoulou Photographie","robots":{"index":"index","follow":"follow","max-snippet":"max-snippet:-1","max-image-preview":"max-image-preview:large","max-video-preview":"max-video-preview:-1"},"canonical":"https:\/\/www.micoulou-photos.com\/index.php\/2014\/01\/17\/portraits-ambiance-polar\/","og_locale":"fr_FR","og_type":"article","og_title":"Portraits Ambiance Polar - Micoulou Photographie","og_description":"Some portraits realised in 2013. Thanks to Julie and Yann. Quelques portrait r\u00e9alis\u00e9 en 2013, en compagnie de Julie et de Yann que je remercie&#8230; Un moment particulier, puisque ce sont mes premiers portraits avec une \u00ab\u00a0ambiance\u00a0\u00bb, m\u00eame si le d\u00e9veloppement des pellicules \u00e0 eu quelques soucis (fuite de lumi\u00e8re et sous d\u00e9veloppement du \u00e0 [&hellip;]","og_url":"https:\/\/www.micoulou-photos.com\/index.php\/2014\/01\/17\/portraits-ambiance-polar\/","og_site_name":"Micoulou Photographie","article_published_time":"2014-01-17T16:01:26+00:00","article_modified_time":"2022-10-13T10:02:53+00:00","og_image":[{"width":1024,"height":761,"url":"https:\/\/www.micoulou-photos.com\/wp-content\/uploads\/2014\/01\/Scan-140116-0017-Modifier.jpg","type":"image\/jpeg"}],"author":"micoulou","twitter_card":"summary_large_image","twitter_misc":{"\u00c9crit par":"micoulou"},"schema":{"@context":"https:\/\/schema.org","@graph":[{"@type":"Article","@id":"https:\/\/www.micoulou-photos.com\/index.php\/2014\/01\/17\/portraits-ambiance-polar\/#article","isPartOf":{"@id":"https:\/\/www.micoulou-photos.com\/index.php\/2014\/01\/17\/portraits-ambiance-polar\/"},"author":{"name":"micoulou","@id":"https:\/\/www.micoulou-photos.com\/#\/schema\/person\/6aedfe8ebe91da632f46e7c9d806a722"},"headline":"Portraits Ambiance Polar","datePublished":"2014-01-17T16:01:26+00:00","dateModified":"2022-10-13T10:02:53+00:00","mainEntityOfPage":{"@id":"https:\/\/www.micoulou-photos.com\/index.php\/2014\/01\/17\/portraits-ambiance-polar\/"},"wordCount":75,"commentCount":0,"publisher":{"@id":"https:\/\/www.micoulou-photos.com\/#organization"},"image":{"@id":"https:\/\/www.micoulou-photos.com\/index.php\/2014\/01\/17\/portraits-ambiance-polar\/#primaryimage"},"thumbnailUrl":"https:\/\/i0.wp.com\/www.micoulou-photos.com\/wp-content\/uploads\/2014\/01\/Scan-140116-0017-Modifier.jpg?fit=1024%2C761&ssl=1","articleSection":["evenementiel","reportage"],"inLanguage":"fr-FR","potentialAction":[{"@type":"CommentAction","name":"Comment","target":["https:\/\/www.micoulou-photos.com\/index.php\/2014\/01\/17\/portraits-ambiance-polar\/#respond"]}]},{"@type":"WebPage","@id":"https:\/\/www.micoulou-photos.com\/index.php\/2014\/01\/17\/portraits-ambiance-polar\/","url":"https:\/\/www.micoulou-photos.com\/index.php\/2014\/01\/17\/portraits-ambiance-polar\/","name":"Portraits Ambiance Polar - Micoulou Photographie","isPartOf":{"@id":"https:\/\/www.micoulou-photos.com\/#website"},"primaryImageOfPage":{"@id":"https:\/\/www.micoulou-photos.com\/index.php\/2014\/01\/17\/portraits-ambiance-polar\/#primaryimage"},"image":{"@id":"https:\/\/www.micoulou-photos.com\/index.php\/2014\/01\/17\/portraits-ambiance-polar\/#primaryimage"},"thumbnailUrl":"https:\/\/i0.wp.com\/www.micoulou-photos.com\/wp-content\/uploads\/2014\/01\/Scan-140116-0017-Modifier.jpg?fit=1024%2C761&ssl=1","datePublished":"2014-01-17T16:01:26+00:00","dateModified":"2022-10-13T10:02:53+00:00","breadcrumb":{"@id":"https:\/\/www.micoulou-photos.com\/index.php\/2014\/01\/17\/portraits-ambiance-polar\/#breadcrumb"},"inLanguage":"fr-FR","potentialAction":[{"@type":"ReadAction","target":["https:\/\/www.micoulou-photos.com\/index.php\/2014\/01\/17\/portraits-ambiance-polar\/"]}]},{"@type":"ImageObject","inLanguage":"fr-FR","@id":"https:\/\/www.micoulou-photos.com\/index.php\/2014\/01\/17\/portraits-ambiance-polar\/#primaryimage","url":"https:\/\/i0.wp.com\/www.micoulou-photos.com\/wp-content\/uploads\/2014\/01\/Scan-140116-0017-Modifier.jpg?fit=1024%2C761&ssl=1","contentUrl":"https:\/\/i0.wp.com\/www.micoulou-photos.com\/wp-content\/uploads\/2014\/01\/Scan-140116-0017-Modifier.jpg?fit=1024%2C761&ssl=1","width":1024,"height":761},{"@type":"BreadcrumbList","@id":"https:\/\/www.micoulou-photos.com\/index.php\/2014\/01\/17\/portraits-ambiance-polar\/#breadcrumb","itemListElement":[{"@type":"ListItem","position":1,"name":"Accueil","item":"https:\/\/www.micoulou-photos.com\/"},{"@type":"ListItem","position":2,"name":"Portraits Ambiance Polar"}]},{"@type":"WebSite","@id":"https:\/\/www.micoulou-photos.com\/#website","url":"https:\/\/www.micoulou-photos.com\/","name":"Micoulou Photographie","description":"Photographies, Visites virtuelles et formations par Mickael Minarie","publisher":{"@id":"https:\/\/www.micoulou-photos.com\/#organization"},"potentialAction":[{"@type":"SearchAction","target":{"@type":"EntryPoint","urlTemplate":"https:\/\/www.micoulou-photos.com\/?s={search_term_string}"},"query-input":{"@type":"PropertyValueSpecification","valueRequired":true,"valueName":"search_term_string"}}],"inLanguage":"fr-FR"},{"@type":"Organization","@id":"https:\/\/www.micoulou-photos.com\/#organization","name":"Micoulou Photographie","url":"https:\/\/www.micoulou-photos.com\/","logo":{"@type":"ImageObject","inLanguage":"fr-FR","@id":"https:\/\/www.micoulou-photos.com\/#\/schema\/logo\/image\/","url":"https:\/\/i0.wp.com\/www.micoulou-photos.com\/wp-content\/uploads\/2020\/05\/cropped-891667_552097324824916_1615181552_o-1.jpg?fit=643%2C722&ssl=1","contentUrl":"https:\/\/i0.wp.com\/www.micoulou-photos.com\/wp-content\/uploads\/2020\/05\/cropped-891667_552097324824916_1615181552_o-1.jpg?fit=643%2C722&ssl=1","width":643,"height":722,"caption":"Micoulou Photographie"},"image":{"@id":"https:\/\/www.micoulou-photos.com\/#\/schema\/logo\/image\/"}},{"@type":"Person","@id":"https:\/\/www.micoulou-photos.com\/#\/schema\/person\/6aedfe8ebe91da632f46e7c9d806a722","name":"micoulou","image":{"@type":"ImageObject","inLanguage":"fr-FR","@id":"https:\/\/secure.gravatar.com\/avatar\/98f892eb7d267eab2faa437baa3edd708deaaa43929316c0cc7b751a04cb247b?s=96&d=mm&r=g","url":"https:\/\/secure.gravatar.com\/avatar\/98f892eb7d267eab2faa437baa3edd708deaaa43929316c0cc7b751a04cb247b?s=96&d=mm&r=g","contentUrl":"https:\/\/secure.gravatar.com\/avatar\/98f892eb7d267eab2faa437baa3edd708deaaa43929316c0cc7b751a04cb247b?s=96&d=mm&r=g","caption":"micoulou"},"url":"https:\/\/www.micoulou-photos.com\/index.php\/author\/micoulou\/"}]}},"jetpack_publicize_connections":[],"jetpack_featured_media_url":"https:\/\/i0.wp.com\/www.micoulou-photos.com\/wp-content\/uploads\/2014\/01\/Scan-140116-0017-Modifier.jpg?fit=1024%2C761&ssl=1","jetpack_sharing_enabled":true,"jetpack_shortlink":"https:\/\/wp.me\/p7zKF4-bF","jetpack-related-posts":[{"id":3734,"url":"https:\/\/www.micoulou-photos.com\/index.php\/2017\/11\/22\/meilleurs-portrait-2009-a-2011\/","url_meta":{"origin":723,"position":0},"title":"Meilleurs portrait 2009 \u00e0 2011","author":"micoulou","date":"22 novembre 2017","format":false,"excerpt":"Lors de la mise \u00e0 jour de mon site l'ann\u00e9e derni\u00e8re, je n'ai pas reimporter ma page portrait... Ayant r\u00e9alis\u00e9 quelques portraits entre 2009 et 2011, je les reimporte sur une page de blog. Si je peux publier mes portraits plus recents, je les publierais au fur et \u00e0 mesure.","rel":"","context":"Dans &quot;reportage&quot;","block_context":{"text":"reportage","link":"https:\/\/www.micoulou-photos.com\/index.php\/category\/reportage\/"},"img":{"alt_text":"","src":"https:\/\/i0.wp.com\/www.micoulou-photos.com\/wp-content\/uploads\/2017\/10\/IMGP2691-Modifier.jpg?fit=801%2C1200&ssl=1&resize=350%2C200","width":350,"height":200,"srcset":"https:\/\/i0.wp.com\/www.micoulou-photos.com\/wp-content\/uploads\/2017\/10\/IMGP2691-Modifier.jpg?fit=801%2C1200&ssl=1&resize=350%2C200 1x, https:\/\/i0.wp.com\/www.micoulou-photos.com\/wp-content\/uploads\/2017\/10\/IMGP2691-Modifier.jpg?fit=801%2C1200&ssl=1&resize=525%2C300 1.5x, https:\/\/i0.wp.com\/www.micoulou-photos.com\/wp-content\/uploads\/2017\/10\/IMGP2691-Modifier.jpg?fit=801%2C1200&ssl=1&resize=700%2C400 2x"},"classes":[]},{"id":41,"url":"https:\/\/www.micoulou-photos.com\/index.php\/2013\/10\/15\/test-pellicule-nb\/","url_meta":{"origin":723,"position":1},"title":"test pellicule n&#038;b","author":"micoulou","date":"15 octobre 2013","format":false,"excerpt":"Une premi\u00e8re \u00e9bauche d'un article technique \u00e0 propos du d\u00e9veloppement noir et blanc. On m'a plusieurs fois demand\u00e9 quelles pellicules et quelles r\u00e9v\u00e9lateurs choisir... Beaucoup vont r\u00e9pondre les classique TriX, HP5+ ou NEOPAN 100, pour ma part j'ai fait le choix de tester quelques rouleaux exotiques, avec de bonnes et\u2026","rel":"","context":"Dans &quot;technique&quot;","block_context":{"text":"technique","link":"https:\/\/www.micoulou-photos.com\/index.php\/category\/technique\/"},"img":{"alt_text":"","src":"https:\/\/i0.wp.com\/3.bp.blogspot.com\/-isPJjgKRLy8\/UlluL0OWRtI\/AAAAAAAA9zA\/nAX4cH9k9jQ\/s320\/Scan-131012-0023.jpg?resize=350%2C200","width":350,"height":200},"classes":[]},{"id":72,"url":"https:\/\/www.micoulou-photos.com\/index.php\/2013\/01\/22\/message-200\/","url_meta":{"origin":723,"position":2},"title":"Message 200","author":"micoulou","date":"22 janvier 2013","format":false,"excerpt":"Pour le 200e message, je vous souhaite mes meilleurs voeux pour 2013...Et je prend enfin une bonne r\u00e9solution, je me sp\u00e9cialise en photo sur les paysages d'ambiance et pano, et je rationalise mon parc, je ne garde que :-quelques boitiers Canon avec la serie des Sigma Zen.-quelques boitiers Pentax avec\u2026","rel":"","context":"Dans &quot;Non class\u00e9&quot;","block_context":{"text":"Non class\u00e9","link":"https:\/\/www.micoulou-photos.com\/index.php\/category\/non-classe\/"},"img":{"alt_text":"","src":"https:\/\/i0.wp.com\/3.bp.blogspot.com\/-YKCf7Yf8nXA\/UPvch5qWqgI\/AAAAAAAA48s\/OVEwizuTvNQ\/s320\/CRW_0167-Modifier.jpg?resize=350%2C200","width":350,"height":200},"classes":[]},{"id":4355,"url":"https:\/\/www.micoulou-photos.com\/index.php\/2018\/05\/14\/mariage-et-portrait-retouche-artistique-personnelle\/","url_meta":{"origin":723,"position":3},"title":"Mariage et portrait &#8211; retouche artistique personnelle","author":"micoulou","date":"14 mai 2018","format":false,"excerpt":"Sur mes photos de mariage et mes s\u00e9ries portraits, je peux, si vous le d\u00e9sirez travailler sur des retouches type peinture, faire des s\u00e9ries plus personnelles... Voici un exemple de mes r\u00e9alisations : \u00a0","rel":"","context":"Dans &quot;mariage&quot;","block_context":{"text":"mariage","link":"https:\/\/www.micoulou-photos.com\/index.php\/category\/reportage\/mariage-reportage\/"},"img":{"alt_text":"","src":"https:\/\/i0.wp.com\/www.micoulou-photos.com\/wp-content\/uploads\/2018\/05\/DSC02502-Modifier.jpg?fit=1200%2C800&ssl=1&resize=350%2C200","width":350,"height":200,"srcset":"https:\/\/i0.wp.com\/www.micoulou-photos.com\/wp-content\/uploads\/2018\/05\/DSC02502-Modifier.jpg?fit=1200%2C800&ssl=1&resize=350%2C200 1x, https:\/\/i0.wp.com\/www.micoulou-photos.com\/wp-content\/uploads\/2018\/05\/DSC02502-Modifier.jpg?fit=1200%2C800&ssl=1&resize=525%2C300 1.5x, https:\/\/i0.wp.com\/www.micoulou-photos.com\/wp-content\/uploads\/2018\/05\/DSC02502-Modifier.jpg?fit=1200%2C800&ssl=1&resize=700%2C400 2x, https:\/\/i0.wp.com\/www.micoulou-photos.com\/wp-content\/uploads\/2018\/05\/DSC02502-Modifier.jpg?fit=1200%2C800&ssl=1&resize=1050%2C600 3x"},"classes":[]},{"id":2303,"url":"https:\/\/www.micoulou-photos.com\/index.php\/2016\/07\/13\/festival-rue-et-vous\/","url_meta":{"origin":723,"position":4},"title":"Festival rue et Vous","author":"micoulou","date":"13 juillet 2016","format":false,"excerpt":"Festival Rue et Vous,en Gironde, au bord de la Garonne, \u00e0 Rions. Petit village m\u00e9di\u00e9val tr\u00e8s sympathique... Pas grand chose \u00e0 prendre en photo dans le village vu le monde, mais quelques images des 3 spectacles que j'ai pu voir. Spectacle paco chante la paix : Spectacle Nicolas Jules (musique\u2026","rel":"","context":"Dans &quot;concert&quot;","block_context":{"text":"concert","link":"https:\/\/www.micoulou-photos.com\/index.php\/category\/concert\/"},"img":{"alt_text":"","src":"https:\/\/i0.wp.com\/www.micoulou-photos.com\/wp-content\/uploads\/2016\/07\/MI020185.jpg?fit=1200%2C675&ssl=1&resize=350%2C200","width":350,"height":200,"srcset":"https:\/\/i0.wp.com\/www.micoulou-photos.com\/wp-content\/uploads\/2016\/07\/MI020185.jpg?fit=1200%2C675&ssl=1&resize=350%2C200 1x, https:\/\/i0.wp.com\/www.micoulou-photos.com\/wp-content\/uploads\/2016\/07\/MI020185.jpg?fit=1200%2C675&ssl=1&resize=525%2C300 1.5x, https:\/\/i0.wp.com\/www.micoulou-photos.com\/wp-content\/uploads\/2016\/07\/MI020185.jpg?fit=1200%2C675&ssl=1&resize=700%2C400 2x, https:\/\/i0.wp.com\/www.micoulou-photos.com\/wp-content\/uploads\/2016\/07\/MI020185.jpg?fit=1200%2C675&ssl=1&resize=1050%2C600 3x"},"classes":[]},{"id":51,"url":"https:\/\/www.micoulou-photos.com\/index.php\/2013\/08\/08\/developpement-argentique\/","url_meta":{"origin":723,"position":5},"title":"Developpement argentique","author":"micoulou","date":"8 ao\u00fbt 2013","format":false,"excerpt":"Bonjour \u00e0 tous,Bon, pas de blabla technique ici, c'est fini, ce n'est plus l'endroit, je me cr\u00e9\u00e9 un site entierment dedi\u00e9 sur le flux photo, le developpement argentique, et co... Je mettrais le lien ici le temps venu...En tout cas, je r\u00e9serve ce blog pour les voyages et les projets\u2026","rel":"","context":"Dans &quot;Non class\u00e9&quot;","block_context":{"text":"Non class\u00e9","link":"https:\/\/www.micoulou-photos.com\/index.php\/category\/non-classe\/"},"img":{"alt_text":"","src":"https:\/\/i0.wp.com\/1.bp.blogspot.com\/-hg43jRtVy-8\/UgOWO7ogvnI\/AAAAAAAA9Jw\/Sa7IDGeLrSo\/s320\/img127.jpg?resize=350%2C200","width":350,"height":200},"classes":[]}],"_links":{"self":[{"href":"https:\/\/www.micoulou-photos.com\/index.php\/wp-json\/wp\/v2\/posts\/723","targetHints":{"allow":["GET"]}}],"collection":[{"href":"https:\/\/www.micoulou-photos.com\/index.php\/wp-json\/wp\/v2\/posts"}],"about":[{"href":"https:\/\/www.micoulou-photos.com\/index.php\/wp-json\/wp\/v2\/types\/post"}],"author":[{"embeddable":true,"href":"https:\/\/www.micoulou-photos.com\/index.php\/wp-json\/wp\/v2\/users\/1"}],"replies":[{"embeddable":true,"href":"https:\/\/www.micoulou-photos.com\/index.php\/wp-json\/wp\/v2\/comments?post=723"}],"version-history":[{"count":3,"href":"https:\/\/www.micoulou-photos.com\/index.php\/wp-json\/wp\/v2\/posts\/723\/revisions"}],"predecessor-version":[{"id":7393,"href":"https:\/\/www.micoulou-photos.com\/index.php\/wp-json\/wp\/v2\/posts\/723\/revisions\/7393"}],"wp:featuredmedia":[{"embeddable":true,"href":"https:\/\/www.micoulou-photos.com\/index.php\/wp-json\/wp\/v2\/media\/727"}],"wp:attachment":[{"href":"https:\/\/www.micoulou-photos.com\/index.php\/wp-json\/wp\/v2\/media?parent=723"}],"wp:term":[{"taxonomy":"category","embeddable":true,"href":"https:\/\/www.micoulou-photos.com\/index.php\/wp-json\/wp\/v2\/categories?post=723"},{"taxonomy":"post_tag","embeddable":true,"href":"https:\/\/www.micoulou-photos.com\/index.php\/wp-json\/wp\/v2\/tags?post=723"}],"curies":[{"name":"wp","href":"https:\/\/api.w.org\/{rel}","templated":true}]}}