{"id":68,"date":"2013-03-12T23:31:00","date_gmt":"2013-03-12T22:31:00","guid":{"rendered":"http:\/\/micoulou.info\/wp\/index.php\/2013\/03\/12\/panorama-des-alpes\/"},"modified":"2013-03-12T23:31:00","modified_gmt":"2013-03-12T22:31:00","slug":"panorama-des-alpes","status":"publish","type":"post","link":"https:\/\/www.micoulou-photos.com\/index.php\/2013\/03\/12\/panorama-des-alpes\/","title":{"rendered":"panorama des alpes"},"content":{"rendered":"<p><\/p>\n<div style=\"clear: both; text-align: center;\"><a href=\"https:\/\/i0.wp.com\/2.bp.blogspot.com\/-qkiXMuAm-dE\/UT-sEGHQ8YI\/AAAAAAAA5YM\/ScxlQgfKzWY\/s1600\/%5BGroup%2B2%5D-DSC06377_DSC06379-3%2Bimages.jpg\" style=\"margin-left: 1em; margin-right: 1em;\"><img data-recalc-dims=\"1\" decoding=\"async\" border=\"0\" height=\"111\" src=\"https:\/\/i0.wp.com\/2.bp.blogspot.com\/-qkiXMuAm-dE\/UT-sEGHQ8YI\/AAAAAAAA5YM\/ScxlQgfKzWY\/s320\/%5BGroup%2B2%5D-DSC06377_DSC06379-3%2Bimages.jpg?resize=320%2C111\" width=\"320\" \/><\/a><\/div>\n<p><\/p>\n<div style=\"clear: both; text-align: center;\"><a href=\"https:\/\/i0.wp.com\/2.bp.blogspot.com\/-2TBFxT4gQrg\/UT-sb9MVpJI\/AAAAAAAA5YU\/qBavFnvwhg4\/s1600\/%5BGroup%2B0%5D-DSC06366-2_DSC06367-4%2Bimages.jpg\" style=\"margin-left: 1em; margin-right: 1em;\"><img data-recalc-dims=\"1\" fetchpriority=\"high\" decoding=\"async\" border=\"0\" height=\"177\" src=\"https:\/\/i0.wp.com\/2.bp.blogspot.com\/-2TBFxT4gQrg\/UT-sb9MVpJI\/AAAAAAAA5YU\/qBavFnvwhg4\/s320\/%5BGroup%2B0%5D-DSC06366-2_DSC06367-4%2Bimages.jpg?resize=320%2C177\" width=\"320\" \/><\/a><\/div>\n<p><\/p>\n<div style=\"clear: both; text-align: center;\"><a href=\"https:\/\/i0.wp.com\/1.bp.blogspot.com\/-2h8n02GgobU\/UT-ssxs3e2I\/AAAAAAAA5Yc\/AB3n5UR4lOE\/s1600\/%5BGroup%2B3%5D-DSC06394_DSC06395-2%2Bimages.jpg\" style=\"margin-left: 1em; margin-right: 1em;\"><img data-recalc-dims=\"1\" decoding=\"async\" border=\"0\" height=\"163\" src=\"https:\/\/i0.wp.com\/1.bp.blogspot.com\/-2h8n02GgobU\/UT-ssxs3e2I\/AAAAAAAA5Yc\/AB3n5UR4lOE\/s320\/%5BGroup%2B3%5D-DSC06394_DSC06395-2%2Bimages.jpg?resize=320%2C163\" width=\"320\" \/><\/a><\/div>\n<p><\/p>\n<div style=\"clear: both; text-align: center;\"><a href=\"https:\/\/i0.wp.com\/1.bp.blogspot.com\/-0IR1rJ9CV7g\/UT-swnVjRxI\/AAAAAAAA5Yk\/WU1etZHVLLs\/s1600\/%5BGroup%2B3%5D-DSC06408_DSC06411-4%2Bimages.jpg\" style=\"margin-left: 1em; margin-right: 1em;\"><img data-recalc-dims=\"1\" loading=\"lazy\" decoding=\"async\" border=\"0\" height=\"133\" src=\"https:\/\/i0.wp.com\/1.bp.blogspot.com\/-0IR1rJ9CV7g\/UT-swnVjRxI\/AAAAAAAA5Yk\/WU1etZHVLLs\/s320\/%5BGroup%2B3%5D-DSC06408_DSC06411-4%2Bimages.jpg?resize=320%2C133\" width=\"320\" \/><\/a><\/div>\n<p><\/p>\n","protected":false},"excerpt":{"rendered":"","protected":false},"author":1,"featured_media":0,"comment_status":"open","ping_status":"open","sticky":false,"template":"","format":"standard","meta":{"jetpack_post_was_ever_published":false,"_jetpack_newsletter_access":"","_jetpack_dont_email_post_to_subs":false,"_jetpack_newsletter_tier_id":0,"_jetpack_memberships_contains_paywalled_content":false,"_jetpack_memberships_contains_paid_content":false,"footnotes":"","jetpack_publicize_message":"","jetpack_publicize_feature_enabled":true,"jetpack_social_post_already_shared":false,"jetpack_social_options":{"image_generator_settings":{"template":"highway","default_image_id":0,"font":"","enabled":false},"version":2}},"categories":[1],"tags":[],"class_list":["post-68","post","type-post","status-publish","format-standard","hentry","category-non-classe"],"yoast_head":"<!-- This site is optimized with the Yoast SEO plugin v27.5 - https:\/\/yoast.com\/product\/yoast-seo-wordpress\/ -->\n<title>panorama des alpes - Micoulou Photographie<\/title>\n<meta name=\"robots\" content=\"index, follow, max-snippet:-1, max-image-preview:large, max-video-preview:-1\" \/>\n<link rel=\"canonical\" href=\"https:\/\/www.micoulou-photos.com\/index.php\/2013\/03\/12\/panorama-des-alpes\/\" \/>\n<meta property=\"og:locale\" content=\"fr_FR\" \/>\n<meta property=\"og:type\" content=\"article\" \/>\n<meta property=\"og:title\" content=\"panorama des alpes - Micoulou Photographie\" \/>\n<meta property=\"og:url\" content=\"https:\/\/www.micoulou-photos.com\/index.php\/2013\/03\/12\/panorama-des-alpes\/\" \/>\n<meta property=\"og:site_name\" content=\"Micoulou Photographie\" \/>\n<meta property=\"article:published_time\" content=\"2013-03-12T22:31:00+00:00\" \/>\n<meta property=\"og:image\" content=\"http:\/\/2.bp.blogspot.com\/-qkiXMuAm-dE\/UT-sEGHQ8YI\/AAAAAAAA5YM\/ScxlQgfKzWY\/s320\/%5BGroup+2%5D-DSC06377_DSC06379-3+images.jpg\" \/>\n<meta name=\"author\" content=\"micoulou\" \/>\n<meta name=\"twitter:card\" content=\"summary_large_image\" \/>\n<meta name=\"twitter:label1\" content=\"\u00c9crit par\" \/>\n\t<meta name=\"twitter:data1\" content=\"micoulou\" \/>\n<script type=\"application\/ld+json\" class=\"yoast-schema-graph\">{\"@context\":\"https:\\\/\\\/schema.org\",\"@graph\":[{\"@type\":\"Article\",\"@id\":\"https:\\\/\\\/www.micoulou-photos.com\\\/index.php\\\/2013\\\/03\\\/12\\\/panorama-des-alpes\\\/#article\",\"isPartOf\":{\"@id\":\"https:\\\/\\\/www.micoulou-photos.com\\\/index.php\\\/2013\\\/03\\\/12\\\/panorama-des-alpes\\\/\"},\"author\":{\"name\":\"micoulou\",\"@id\":\"https:\\\/\\\/www.micoulou-photos.com\\\/#\\\/schema\\\/person\\\/6aedfe8ebe91da632f46e7c9d806a722\"},\"headline\":\"panorama des alpes\",\"datePublished\":\"2013-03-12T22:31:00+00:00\",\"mainEntityOfPage\":{\"@id\":\"https:\\\/\\\/www.micoulou-photos.com\\\/index.php\\\/2013\\\/03\\\/12\\\/panorama-des-alpes\\\/\"},\"wordCount\":3,\"commentCount\":0,\"publisher\":{\"@id\":\"https:\\\/\\\/www.micoulou-photos.com\\\/#organization\"},\"image\":{\"@id\":\"https:\\\/\\\/www.micoulou-photos.com\\\/index.php\\\/2013\\\/03\\\/12\\\/panorama-des-alpes\\\/#primaryimage\"},\"thumbnailUrl\":\"http:\\\/\\\/2.bp.blogspot.com\\\/-qkiXMuAm-dE\\\/UT-sEGHQ8YI\\\/AAAAAAAA5YM\\\/ScxlQgfKzWY\\\/s320\\\/%5BGroup+2%5D-DSC06377_DSC06379-3+images.jpg\",\"inLanguage\":\"fr-FR\",\"potentialAction\":[{\"@type\":\"CommentAction\",\"name\":\"Comment\",\"target\":[\"https:\\\/\\\/www.micoulou-photos.com\\\/index.php\\\/2013\\\/03\\\/12\\\/panorama-des-alpes\\\/#respond\"]}]},{\"@type\":\"WebPage\",\"@id\":\"https:\\\/\\\/www.micoulou-photos.com\\\/index.php\\\/2013\\\/03\\\/12\\\/panorama-des-alpes\\\/\",\"url\":\"https:\\\/\\\/www.micoulou-photos.com\\\/index.php\\\/2013\\\/03\\\/12\\\/panorama-des-alpes\\\/\",\"name\":\"panorama des alpes - Micoulou Photographie\",\"isPartOf\":{\"@id\":\"https:\\\/\\\/www.micoulou-photos.com\\\/#website\"},\"primaryImageOfPage\":{\"@id\":\"https:\\\/\\\/www.micoulou-photos.com\\\/index.php\\\/2013\\\/03\\\/12\\\/panorama-des-alpes\\\/#primaryimage\"},\"image\":{\"@id\":\"https:\\\/\\\/www.micoulou-photos.com\\\/index.php\\\/2013\\\/03\\\/12\\\/panorama-des-alpes\\\/#primaryimage\"},\"thumbnailUrl\":\"http:\\\/\\\/2.bp.blogspot.com\\\/-qkiXMuAm-dE\\\/UT-sEGHQ8YI\\\/AAAAAAAA5YM\\\/ScxlQgfKzWY\\\/s320\\\/%5BGroup+2%5D-DSC06377_DSC06379-3+images.jpg\",\"datePublished\":\"2013-03-12T22:31:00+00:00\",\"breadcrumb\":{\"@id\":\"https:\\\/\\\/www.micoulou-photos.com\\\/index.php\\\/2013\\\/03\\\/12\\\/panorama-des-alpes\\\/#breadcrumb\"},\"inLanguage\":\"fr-FR\",\"potentialAction\":[{\"@type\":\"ReadAction\",\"target\":[\"https:\\\/\\\/www.micoulou-photos.com\\\/index.php\\\/2013\\\/03\\\/12\\\/panorama-des-alpes\\\/\"]}]},{\"@type\":\"ImageObject\",\"inLanguage\":\"fr-FR\",\"@id\":\"https:\\\/\\\/www.micoulou-photos.com\\\/index.php\\\/2013\\\/03\\\/12\\\/panorama-des-alpes\\\/#primaryimage\",\"url\":\"http:\\\/\\\/2.bp.blogspot.com\\\/-qkiXMuAm-dE\\\/UT-sEGHQ8YI\\\/AAAAAAAA5YM\\\/ScxlQgfKzWY\\\/s320\\\/%5BGroup+2%5D-DSC06377_DSC06379-3+images.jpg\",\"contentUrl\":\"http:\\\/\\\/2.bp.blogspot.com\\\/-qkiXMuAm-dE\\\/UT-sEGHQ8YI\\\/AAAAAAAA5YM\\\/ScxlQgfKzWY\\\/s320\\\/%5BGroup+2%5D-DSC06377_DSC06379-3+images.jpg\"},{\"@type\":\"BreadcrumbList\",\"@id\":\"https:\\\/\\\/www.micoulou-photos.com\\\/index.php\\\/2013\\\/03\\\/12\\\/panorama-des-alpes\\\/#breadcrumb\",\"itemListElement\":[{\"@type\":\"ListItem\",\"position\":1,\"name\":\"Accueil\",\"item\":\"https:\\\/\\\/www.micoulou-photos.com\\\/\"},{\"@type\":\"ListItem\",\"position\":2,\"name\":\"panorama des alpes\"}]},{\"@type\":\"WebSite\",\"@id\":\"https:\\\/\\\/www.micoulou-photos.com\\\/#website\",\"url\":\"https:\\\/\\\/www.micoulou-photos.com\\\/\",\"name\":\"Micoulou Photographie\",\"description\":\"Photographies, Visites virtuelles et formations par Mickael Minarie\",\"publisher\":{\"@id\":\"https:\\\/\\\/www.micoulou-photos.com\\\/#organization\"},\"potentialAction\":[{\"@type\":\"SearchAction\",\"target\":{\"@type\":\"EntryPoint\",\"urlTemplate\":\"https:\\\/\\\/www.micoulou-photos.com\\\/?s={search_term_string}\"},\"query-input\":{\"@type\":\"PropertyValueSpecification\",\"valueRequired\":true,\"valueName\":\"search_term_string\"}}],\"inLanguage\":\"fr-FR\"},{\"@type\":\"Organization\",\"@id\":\"https:\\\/\\\/www.micoulou-photos.com\\\/#organization\",\"name\":\"Micoulou Photographie\",\"url\":\"https:\\\/\\\/www.micoulou-photos.com\\\/\",\"logo\":{\"@type\":\"ImageObject\",\"inLanguage\":\"fr-FR\",\"@id\":\"https:\\\/\\\/www.micoulou-photos.com\\\/#\\\/schema\\\/logo\\\/image\\\/\",\"url\":\"https:\\\/\\\/i0.wp.com\\\/www.micoulou-photos.com\\\/wp-content\\\/uploads\\\/2020\\\/05\\\/cropped-891667_552097324824916_1615181552_o-1.jpg?fit=643%2C722&ssl=1\",\"contentUrl\":\"https:\\\/\\\/i0.wp.com\\\/www.micoulou-photos.com\\\/wp-content\\\/uploads\\\/2020\\\/05\\\/cropped-891667_552097324824916_1615181552_o-1.jpg?fit=643%2C722&ssl=1\",\"width\":643,\"height\":722,\"caption\":\"Micoulou Photographie\"},\"image\":{\"@id\":\"https:\\\/\\\/www.micoulou-photos.com\\\/#\\\/schema\\\/logo\\\/image\\\/\"}},{\"@type\":\"Person\",\"@id\":\"https:\\\/\\\/www.micoulou-photos.com\\\/#\\\/schema\\\/person\\\/6aedfe8ebe91da632f46e7c9d806a722\",\"name\":\"micoulou\",\"image\":{\"@type\":\"ImageObject\",\"inLanguage\":\"fr-FR\",\"@id\":\"https:\\\/\\\/secure.gravatar.com\\\/avatar\\\/98f892eb7d267eab2faa437baa3edd708deaaa43929316c0cc7b751a04cb247b?s=96&d=mm&r=g\",\"url\":\"https:\\\/\\\/secure.gravatar.com\\\/avatar\\\/98f892eb7d267eab2faa437baa3edd708deaaa43929316c0cc7b751a04cb247b?s=96&d=mm&r=g\",\"contentUrl\":\"https:\\\/\\\/secure.gravatar.com\\\/avatar\\\/98f892eb7d267eab2faa437baa3edd708deaaa43929316c0cc7b751a04cb247b?s=96&d=mm&r=g\",\"caption\":\"micoulou\"},\"url\":\"https:\\\/\\\/www.micoulou-photos.com\\\/index.php\\\/author\\\/micoulou\\\/\"}]}<\/script>\n<!-- \/ Yoast SEO plugin. -->","yoast_head_json":{"title":"panorama des alpes - Micoulou Photographie","robots":{"index":"index","follow":"follow","max-snippet":"max-snippet:-1","max-image-preview":"max-image-preview:large","max-video-preview":"max-video-preview:-1"},"canonical":"https:\/\/www.micoulou-photos.com\/index.php\/2013\/03\/12\/panorama-des-alpes\/","og_locale":"fr_FR","og_type":"article","og_title":"panorama des alpes - Micoulou Photographie","og_url":"https:\/\/www.micoulou-photos.com\/index.php\/2013\/03\/12\/panorama-des-alpes\/","og_site_name":"Micoulou Photographie","article_published_time":"2013-03-12T22:31:00+00:00","og_image":[{"url":"http:\/\/2.bp.blogspot.com\/-qkiXMuAm-dE\/UT-sEGHQ8YI\/AAAAAAAA5YM\/ScxlQgfKzWY\/s320\/%5BGroup+2%5D-DSC06377_DSC06379-3+images.jpg","type":"","width":"","height":""}],"author":"micoulou","twitter_card":"summary_large_image","twitter_misc":{"\u00c9crit par":"micoulou"},"schema":{"@context":"https:\/\/schema.org","@graph":[{"@type":"Article","@id":"https:\/\/www.micoulou-photos.com\/index.php\/2013\/03\/12\/panorama-des-alpes\/#article","isPartOf":{"@id":"https:\/\/www.micoulou-photos.com\/index.php\/2013\/03\/12\/panorama-des-alpes\/"},"author":{"name":"micoulou","@id":"https:\/\/www.micoulou-photos.com\/#\/schema\/person\/6aedfe8ebe91da632f46e7c9d806a722"},"headline":"panorama des alpes","datePublished":"2013-03-12T22:31:00+00:00","mainEntityOfPage":{"@id":"https:\/\/www.micoulou-photos.com\/index.php\/2013\/03\/12\/panorama-des-alpes\/"},"wordCount":3,"commentCount":0,"publisher":{"@id":"https:\/\/www.micoulou-photos.com\/#organization"},"image":{"@id":"https:\/\/www.micoulou-photos.com\/index.php\/2013\/03\/12\/panorama-des-alpes\/#primaryimage"},"thumbnailUrl":"http:\/\/2.bp.blogspot.com\/-qkiXMuAm-dE\/UT-sEGHQ8YI\/AAAAAAAA5YM\/ScxlQgfKzWY\/s320\/%5BGroup+2%5D-DSC06377_DSC06379-3+images.jpg","inLanguage":"fr-FR","potentialAction":[{"@type":"CommentAction","name":"Comment","target":["https:\/\/www.micoulou-photos.com\/index.php\/2013\/03\/12\/panorama-des-alpes\/#respond"]}]},{"@type":"WebPage","@id":"https:\/\/www.micoulou-photos.com\/index.php\/2013\/03\/12\/panorama-des-alpes\/","url":"https:\/\/www.micoulou-photos.com\/index.php\/2013\/03\/12\/panorama-des-alpes\/","name":"panorama des alpes - Micoulou Photographie","isPartOf":{"@id":"https:\/\/www.micoulou-photos.com\/#website"},"primaryImageOfPage":{"@id":"https:\/\/www.micoulou-photos.com\/index.php\/2013\/03\/12\/panorama-des-alpes\/#primaryimage"},"image":{"@id":"https:\/\/www.micoulou-photos.com\/index.php\/2013\/03\/12\/panorama-des-alpes\/#primaryimage"},"thumbnailUrl":"http:\/\/2.bp.blogspot.com\/-qkiXMuAm-dE\/UT-sEGHQ8YI\/AAAAAAAA5YM\/ScxlQgfKzWY\/s320\/%5BGroup+2%5D-DSC06377_DSC06379-3+images.jpg","datePublished":"2013-03-12T22:31:00+00:00","breadcrumb":{"@id":"https:\/\/www.micoulou-photos.com\/index.php\/2013\/03\/12\/panorama-des-alpes\/#breadcrumb"},"inLanguage":"fr-FR","potentialAction":[{"@type":"ReadAction","target":["https:\/\/www.micoulou-photos.com\/index.php\/2013\/03\/12\/panorama-des-alpes\/"]}]},{"@type":"ImageObject","inLanguage":"fr-FR","@id":"https:\/\/www.micoulou-photos.com\/index.php\/2013\/03\/12\/panorama-des-alpes\/#primaryimage","url":"http:\/\/2.bp.blogspot.com\/-qkiXMuAm-dE\/UT-sEGHQ8YI\/AAAAAAAA5YM\/ScxlQgfKzWY\/s320\/%5BGroup+2%5D-DSC06377_DSC06379-3+images.jpg","contentUrl":"http:\/\/2.bp.blogspot.com\/-qkiXMuAm-dE\/UT-sEGHQ8YI\/AAAAAAAA5YM\/ScxlQgfKzWY\/s320\/%5BGroup+2%5D-DSC06377_DSC06379-3+images.jpg"},{"@type":"BreadcrumbList","@id":"https:\/\/www.micoulou-photos.com\/index.php\/2013\/03\/12\/panorama-des-alpes\/#breadcrumb","itemListElement":[{"@type":"ListItem","position":1,"name":"Accueil","item":"https:\/\/www.micoulou-photos.com\/"},{"@type":"ListItem","position":2,"name":"panorama des alpes"}]},{"@type":"WebSite","@id":"https:\/\/www.micoulou-photos.com\/#website","url":"https:\/\/www.micoulou-photos.com\/","name":"Micoulou Photographie","description":"Photographies, Visites virtuelles et formations par Mickael Minarie","publisher":{"@id":"https:\/\/www.micoulou-photos.com\/#organization"},"potentialAction":[{"@type":"SearchAction","target":{"@type":"EntryPoint","urlTemplate":"https:\/\/www.micoulou-photos.com\/?s={search_term_string}"},"query-input":{"@type":"PropertyValueSpecification","valueRequired":true,"valueName":"search_term_string"}}],"inLanguage":"fr-FR"},{"@type":"Organization","@id":"https:\/\/www.micoulou-photos.com\/#organization","name":"Micoulou Photographie","url":"https:\/\/www.micoulou-photos.com\/","logo":{"@type":"ImageObject","inLanguage":"fr-FR","@id":"https:\/\/www.micoulou-photos.com\/#\/schema\/logo\/image\/","url":"https:\/\/i0.wp.com\/www.micoulou-photos.com\/wp-content\/uploads\/2020\/05\/cropped-891667_552097324824916_1615181552_o-1.jpg?fit=643%2C722&ssl=1","contentUrl":"https:\/\/i0.wp.com\/www.micoulou-photos.com\/wp-content\/uploads\/2020\/05\/cropped-891667_552097324824916_1615181552_o-1.jpg?fit=643%2C722&ssl=1","width":643,"height":722,"caption":"Micoulou Photographie"},"image":{"@id":"https:\/\/www.micoulou-photos.com\/#\/schema\/logo\/image\/"}},{"@type":"Person","@id":"https:\/\/www.micoulou-photos.com\/#\/schema\/person\/6aedfe8ebe91da632f46e7c9d806a722","name":"micoulou","image":{"@type":"ImageObject","inLanguage":"fr-FR","@id":"https:\/\/secure.gravatar.com\/avatar\/98f892eb7d267eab2faa437baa3edd708deaaa43929316c0cc7b751a04cb247b?s=96&d=mm&r=g","url":"https:\/\/secure.gravatar.com\/avatar\/98f892eb7d267eab2faa437baa3edd708deaaa43929316c0cc7b751a04cb247b?s=96&d=mm&r=g","contentUrl":"https:\/\/secure.gravatar.com\/avatar\/98f892eb7d267eab2faa437baa3edd708deaaa43929316c0cc7b751a04cb247b?s=96&d=mm&r=g","caption":"micoulou"},"url":"https:\/\/www.micoulou-photos.com\/index.php\/author\/micoulou\/"}]}},"jetpack_publicize_connections":[],"jetpack_featured_media_url":"","jetpack_sharing_enabled":true,"jetpack_shortlink":"https:\/\/wp.me\/p7zKF4-16","jetpack-related-posts":[{"id":52,"url":"https:\/\/www.micoulou-photos.com\/index.php\/2013\/07\/21\/annecy-en-pano\/","url_meta":{"origin":68,"position":0},"title":"Annecy en Pano","author":"micoulou","date":"21 juillet 2013","format":false,"excerpt":"Annecy en PanoBallade \u00e0 Annecy, serie de panoramique, au 10-17, 35 et 77mm, avec pour certaines la tete panofix.","rel":"","context":"Dans &quot;Non class\u00e9&quot;","block_context":{"text":"Non class\u00e9","link":"https:\/\/www.micoulou-photos.com\/index.php\/category\/non-classe\/"},"img":{"alt_text":"","src":"https:\/\/i0.wp.com\/2.bp.blogspot.com\/-RLlNuFb9JCI\/UewJdB0KpGI\/AAAAAAAA9FY\/aMw-RA2Jwo4\/s320\/%5BGroup%2B16%5D-IMGP8682_IMGP8692-11%2Bimages.jpg?resize=350%2C200","width":350,"height":200},"classes":[]},{"id":58,"url":"https:\/\/www.micoulou-photos.com\/index.php\/2013\/06\/09\/photos-du-week-end\/","url_meta":{"origin":68,"position":1},"title":"photos du week end","author":"micoulou","date":"9 juin 2013","format":false,"excerpt":"je suis de retour d'un petit week end de musique trad bien sympa, merci \u00e0 Babou.Bon, quelques images panoramiques, je suis un peu crev\u00e9 pour en traiter d'autres ce soir : la premi\u00e8re apr\u00e8s l'orage la semaine pass\u00e9e, les 2 suivante sont des assemblages de 2 photos, du groupe.","rel":"","context":"Dans &quot;Non class\u00e9&quot;","block_context":{"text":"Non class\u00e9","link":"https:\/\/www.micoulou-photos.com\/index.php\/category\/non-classe\/"},"img":{"alt_text":"","src":"https:\/\/i0.wp.com\/1.bp.blogspot.com\/-Ic9YXtMcZcA\/UbTBkwL6xaI\/AAAAAAAA6lk\/L4BOQq7Nr2g\/s320\/%5BGroup%2B6%5D-IMGP4549_IMGP4550-2%2Bimages.jpg?resize=350%2C200","width":350,"height":200},"classes":[]},{"id":70,"url":"https:\/\/www.micoulou-photos.com\/index.php\/2013\/02\/05\/pano-2\/","url_meta":{"origin":68,"position":2},"title":"Pano","author":"micoulou","date":"5 f\u00e9vrier 2013","format":false,"excerpt":"Apr\u00e8s des essais infructeux en 2008-2009, je me remets au panoramique...Quelques essais :Reprise de mon essai de 2009 en Ecosse, je n'ai helas pas gard\u00e9 mes RAW...A cot\u00e9 de St Malo, la point du groin au K20 + 120mm 2.8Cette vue de Blois seront les ultimes images avec le 5D...\u2026","rel":"","context":"Dans &quot;Non class\u00e9&quot;","block_context":{"text":"Non class\u00e9","link":"https:\/\/www.micoulou-photos.com\/index.php\/category\/non-classe\/"},"img":{"alt_text":"","src":"https:\/\/i0.wp.com\/1.bp.blogspot.com\/-Jon4HS5cRwg\/UQ6VJxrE_dI\/AAAAAAAA5FE\/xwADGXenUX0\/s320\/pano3.jpg?resize=350%2C200","width":350,"height":200},"classes":[]},{"id":3532,"url":"https:\/\/www.micoulou-photos.com\/index.php\/2017\/09\/07\/les-alpes-suisses\/","url_meta":{"origin":68,"position":3},"title":"Les alpes Suisses","author":"micoulou","date":"7 septembre 2017","format":false,"excerpt":"Apr\u00e8s 3 mois de travail acharn\u00e9 \u00e0 Lyon, j'ai pu faire un stage de m\u00e9ditation et kinomichi dans les alpes suisses, et j'ai r\u00e9alis\u00e9 une petite s\u00e9rie photo.","rel":"","context":"Dans &quot;voyage&quot;","block_context":{"text":"voyage","link":"https:\/\/www.micoulou-photos.com\/index.php\/category\/voyage\/"},"img":{"alt_text":"","src":"https:\/\/i0.wp.com\/www.micoulou-photos.com\/wp-content\/uploads\/2017\/09\/IMG_0545-Modifier.jpg?fit=1200%2C675&ssl=1&resize=350%2C200","width":350,"height":200,"srcset":"https:\/\/i0.wp.com\/www.micoulou-photos.com\/wp-content\/uploads\/2017\/09\/IMG_0545-Modifier.jpg?fit=1200%2C675&ssl=1&resize=350%2C200 1x, https:\/\/i0.wp.com\/www.micoulou-photos.com\/wp-content\/uploads\/2017\/09\/IMG_0545-Modifier.jpg?fit=1200%2C675&ssl=1&resize=525%2C300 1.5x, https:\/\/i0.wp.com\/www.micoulou-photos.com\/wp-content\/uploads\/2017\/09\/IMG_0545-Modifier.jpg?fit=1200%2C675&ssl=1&resize=700%2C400 2x, https:\/\/i0.wp.com\/www.micoulou-photos.com\/wp-content\/uploads\/2017\/09\/IMG_0545-Modifier.jpg?fit=1200%2C675&ssl=1&resize=1050%2C600 3x"},"classes":[]},{"id":23,"url":"https:\/\/www.micoulou-photos.com\/index.php\/2016\/04\/17\/panorama-de-naples\/","url_meta":{"origin":68,"position":4},"title":"Panorama de Naples","author":"micoulou","date":"17 avril 2016","format":false,"excerpt":"Quelques panoramas pris \u00e0 Naples...","rel":"","context":"Dans &quot;voyage&quot;","block_context":{"text":"voyage","link":"https:\/\/www.micoulou-photos.com\/index.php\/category\/voyage\/"},"img":{"alt_text":"","src":"https:\/\/i0.wp.com\/www.micoulou-photos.com\/wp-content\/uploads\/2016\/04\/IMG_3675.jpg?fit=1000%2C750&ssl=1&resize=350%2C200","width":350,"height":200,"srcset":"https:\/\/i0.wp.com\/www.micoulou-photos.com\/wp-content\/uploads\/2016\/04\/IMG_3675.jpg?fit=1000%2C750&ssl=1&resize=350%2C200 1x, https:\/\/i0.wp.com\/www.micoulou-photos.com\/wp-content\/uploads\/2016\/04\/IMG_3675.jpg?fit=1000%2C750&ssl=1&resize=525%2C300 1.5x, https:\/\/i0.wp.com\/www.micoulou-photos.com\/wp-content\/uploads\/2016\/04\/IMG_3675.jpg?fit=1000%2C750&ssl=1&resize=700%2C400 2x"},"classes":[]},{"id":47,"url":"https:\/\/www.micoulou-photos.com\/index.php\/2013\/08\/31\/en-se-balladant-dans-les-alpes\/","url_meta":{"origin":68,"position":5},"title":"En se balladant dans les Alpes","author":"micoulou","date":"31 ao\u00fbt 2013","format":false,"excerpt":"Dans les alpes, en se balladant dans le Vercors et \u00e0 Aime. Assembl\u00e9 rapidement avec APG depuis les JPEG sortie du K200D.","rel":"","context":"Dans &quot;voyage&quot;","block_context":{"text":"voyage","link":"https:\/\/www.micoulou-photos.com\/index.php\/category\/voyage\/"},"img":{"alt_text":"","src":"https:\/\/i0.wp.com\/1.bp.blogspot.com\/-fazXAVSdTew\/UiIfSn2KkXI\/AAAAAAAA9QU\/00NFKiZgKzY\/s320\/%255BGroup%2B1%255D-IMGP9780_IMGP9781-2%2Bimages.jpg?resize=350%2C200","width":350,"height":200},"classes":[]}],"_links":{"self":[{"href":"https:\/\/www.micoulou-photos.com\/index.php\/wp-json\/wp\/v2\/posts\/68","targetHints":{"allow":["GET"]}}],"collection":[{"href":"https:\/\/www.micoulou-photos.com\/index.php\/wp-json\/wp\/v2\/posts"}],"about":[{"href":"https:\/\/www.micoulou-photos.com\/index.php\/wp-json\/wp\/v2\/types\/post"}],"author":[{"embeddable":true,"href":"https:\/\/www.micoulou-photos.com\/index.php\/wp-json\/wp\/v2\/users\/1"}],"replies":[{"embeddable":true,"href":"https:\/\/www.micoulou-photos.com\/index.php\/wp-json\/wp\/v2\/comments?post=68"}],"version-history":[{"count":0,"href":"https:\/\/www.micoulou-photos.com\/index.php\/wp-json\/wp\/v2\/posts\/68\/revisions"}],"wp:attachment":[{"href":"https:\/\/www.micoulou-photos.com\/index.php\/wp-json\/wp\/v2\/media?parent=68"}],"wp:term":[{"taxonomy":"category","embeddable":true,"href":"https:\/\/www.micoulou-photos.com\/index.php\/wp-json\/wp\/v2\/categories?post=68"},{"taxonomy":"post_tag","embeddable":true,"href":"https:\/\/www.micoulou-photos.com\/index.php\/wp-json\/wp\/v2\/tags?post=68"}],"curies":[{"name":"wp","href":"https:\/\/api.w.org\/{rel}","templated":true}]}}