{"id":64,"date":"2013-04-14T10:37:00","date_gmt":"2013-04-14T09:37:00","guid":{"rendered":"http:\/\/micoulou.info\/wp\/index.php\/2013\/04\/14\/grenoble\/"},"modified":"2013-04-14T10:37:00","modified_gmt":"2013-04-14T09:37:00","slug":"grenoble","status":"publish","type":"post","link":"https:\/\/www.micoulou-photos.com\/index.php\/2013\/04\/14\/grenoble\/","title":{"rendered":"Grenoble"},"content":{"rendered":"<p>Une petite ballade \u00e0 Grenoble, avec Pentax K200D, 10-17mm, 35mm et 77m, toutes les images qui suivent sont des assemblages&#8230;<br \/>J&rsquo;ai trait\u00e9 et assembl\u00e9 avec mon asus N53, qui tourne enfin correctement sous mac os X (fini d&rsquo;install\u00e9 vendredi, les licences ne sont pas encore install\u00e9s, je n&rsquo;ai que les demo pour l&rsquo;instant&#8230;), mais o\u00f9 l\u2019\u00e9cran est une vrai plaie (Delta E au dessus de 5, espace SRGB de moins de 50 pourcent calibr\u00e9. Aussi, c&rsquo;est de la prise de vue \u00e0 main lev\u00e9, je suis toujours incapable de me servir d&rsquo;une t\u00e8te panoramique, apr\u00e8s avoir de nouveau pass\u00e9 3h hier \u00e0 essayer de comprendre le fonctionnement, et ou je me retrouve avec des images impossible \u00e0 assembler, j&rsquo;ai pr\u00e9f\u00e9r\u00e9 voyager l\u00e9ger sans t\u00eate et avec des photos qui elles s&rsquo;assemblent. Si certains de mes lecteurs ont des bons bouquins \u00e0 me conseiller ou de bonnes t\u00eates panoramiques, ils peuvent me mettre \u00e7a en commentaire&#8230;<\/p>\n<div style=\"clear: both; text-align: center;\"><a href=\"https:\/\/i0.wp.com\/1.bp.blogspot.com\/-DN6N_pFUNu0\/UWp3jBgYCdI\/AAAAAAAA59U\/m5b29Ece6bM\/s1600\/pano6.jpg\" style=\"margin-left: 1em; margin-right: 1em;\"><img data-recalc-dims=\"1\" decoding=\"async\" border=\"0\" height=\"88\" src=\"https:\/\/i0.wp.com\/1.bp.blogspot.com\/-DN6N_pFUNu0\/UWp3jBgYCdI\/AAAAAAAA59U\/m5b29Ece6bM\/s320\/pano6.jpg?resize=320%2C88\" width=\"320\" \/><\/a><\/div>\n<p><\/p>\n<div style=\"clear: both; text-align: center;\"><a href=\"https:\/\/i0.wp.com\/4.bp.blogspot.com\/-G_qUFBN_oSM\/UWp3RkTpNlI\/AAAAAAAA58s\/4Ls-0B5rlvI\/s1600\/pano1.jpg\" style=\"margin-left: 1em; margin-right: 1em;\"><img data-recalc-dims=\"1\" decoding=\"async\" border=\"0\" height=\"120\" src=\"https:\/\/i0.wp.com\/4.bp.blogspot.com\/-G_qUFBN_oSM\/UWp3RkTpNlI\/AAAAAAAA58s\/4Ls-0B5rlvI\/s320\/pano1.jpg?resize=320%2C120\" width=\"320\" \/><\/a><\/div>\n<p><\/p>\n<div style=\"clear: both; text-align: center;\"><a href=\"https:\/\/i0.wp.com\/4.bp.blogspot.com\/-EJo4W7zB_CQ\/UWp3UAmeHgI\/AAAAAAAA580\/v9ReaQ5sm-8\/s1600\/pano2.jpg\" style=\"margin-left: 1em; margin-right: 1em;\"><img data-recalc-dims=\"1\" decoding=\"async\" border=\"0\" height=\"144\" src=\"https:\/\/i0.wp.com\/4.bp.blogspot.com\/-EJo4W7zB_CQ\/UWp3UAmeHgI\/AAAAAAAA580\/v9ReaQ5sm-8\/s320\/pano2.jpg?resize=320%2C144\" width=\"320\" \/><\/a><\/div>\n<p><\/p>\n<div style=\"clear: both; text-align: center;\"><a href=\"https:\/\/i0.wp.com\/4.bp.blogspot.com\/-n9xGVWC758Q\/UWp3XpHFUHI\/AAAAAAAA588\/Vm5UcwqgWoc\/s1600\/pano3.jpg\" style=\"margin-left: 1em; margin-right: 1em;\"><img data-recalc-dims=\"1\" loading=\"lazy\" decoding=\"async\" border=\"0\" height=\"250\" src=\"https:\/\/i0.wp.com\/4.bp.blogspot.com\/-n9xGVWC758Q\/UWp3XpHFUHI\/AAAAAAAA588\/Vm5UcwqgWoc\/s320\/pano3.jpg?resize=320%2C250\" width=\"320\" \/><\/a><\/div>\n<p><\/p>\n<div style=\"clear: both; text-align: center;\"><a href=\"https:\/\/i0.wp.com\/2.bp.blogspot.com\/-DN2pq5KV66o\/UWp3dNI_XtI\/AAAAAAAA59E\/tCwwxhD-maA\/s1600\/pano4.jpg\" style=\"margin-left: 1em; margin-right: 1em;\"><img data-recalc-dims=\"1\" loading=\"lazy\" decoding=\"async\" border=\"0\" height=\"231\" src=\"https:\/\/i0.wp.com\/2.bp.blogspot.com\/-DN2pq5KV66o\/UWp3dNI_XtI\/AAAAAAAA59E\/tCwwxhD-maA\/s320\/pano4.jpg?resize=320%2C231\" width=\"320\" \/><\/a><\/div>\n<p><\/p>\n<div style=\"clear: both; text-align: center;\"><a href=\"https:\/\/i0.wp.com\/3.bp.blogspot.com\/-qG-7oxFWgqY\/UWp3iVlVyEI\/AAAAAAAA59Q\/sfJxxGaKDws\/s1600\/pano5.jpg\" style=\"margin-left: 1em; margin-right: 1em;\"><img data-recalc-dims=\"1\" loading=\"lazy\" decoding=\"async\" border=\"0\" height=\"320\" src=\"https:\/\/i0.wp.com\/3.bp.blogspot.com\/-qG-7oxFWgqY\/UWp3iVlVyEI\/AAAAAAAA59Q\/sfJxxGaKDws\/s320\/pano5.jpg?resize=272%2C320\" width=\"272\" \/><\/a><\/div>\n<p><!--50--><\/p>\n","protected":false},"excerpt":{"rendered":"<p>Une petite ballade \u00e0 Grenoble, avec Pentax K200D, 10-17mm, 35mm et 77m, toutes les images qui suivent sont des assemblages&#8230;J&rsquo;ai trait\u00e9 et assembl\u00e9 avec mon asus N53, qui tourne enfin correctement sous mac os X (fini d&rsquo;install\u00e9 vendredi, les licences ne sont pas encore install\u00e9s, je n&rsquo;ai que les demo pour l&rsquo;instant&#8230;), mais o\u00f9 l\u2019\u00e9cran [&hellip;]<\/p>\n","protected":false},"author":1,"featured_media":0,"comment_status":"open","ping_status":"open","sticky":false,"template":"","format":"standard","meta":{"jetpack_post_was_ever_published":false,"_jetpack_newsletter_access":"","_jetpack_dont_email_post_to_subs":false,"_jetpack_newsletter_tier_id":0,"_jetpack_memberships_contains_paywalled_content":false,"_jetpack_memberships_contains_paid_content":false,"footnotes":"","jetpack_publicize_message":"","jetpack_publicize_feature_enabled":true,"jetpack_social_post_already_shared":false,"jetpack_social_options":{"image_generator_settings":{"template":"highway","default_image_id":0,"font":"","enabled":false},"version":2}},"categories":[1],"tags":[],"class_list":["post-64","post","type-post","status-publish","format-standard","hentry","category-non-classe"],"yoast_head":"<!-- This site is optimized with the Yoast SEO plugin v27.5 - https:\/\/yoast.com\/product\/yoast-seo-wordpress\/ -->\n<title>Grenoble - Micoulou Photographie<\/title>\n<meta name=\"robots\" content=\"index, follow, max-snippet:-1, max-image-preview:large, max-video-preview:-1\" \/>\n<link rel=\"canonical\" href=\"https:\/\/www.micoulou-photos.com\/index.php\/2013\/04\/14\/grenoble\/\" \/>\n<meta property=\"og:locale\" content=\"fr_FR\" \/>\n<meta property=\"og:type\" content=\"article\" \/>\n<meta property=\"og:title\" content=\"Grenoble - Micoulou Photographie\" \/>\n<meta property=\"og:description\" content=\"Une petite ballade \u00e0 Grenoble, avec Pentax K200D, 10-17mm, 35mm et 77m, toutes les images qui suivent sont des assemblages&#8230;J&rsquo;ai trait\u00e9 et assembl\u00e9 avec mon asus N53, qui tourne enfin correctement sous mac os X (fini d&rsquo;install\u00e9 vendredi, les licences ne sont pas encore install\u00e9s, je n&rsquo;ai que les demo pour l&rsquo;instant&#8230;), mais o\u00f9 l\u2019\u00e9cran [&hellip;]\" \/>\n<meta property=\"og:url\" content=\"https:\/\/www.micoulou-photos.com\/index.php\/2013\/04\/14\/grenoble\/\" \/>\n<meta property=\"og:site_name\" content=\"Micoulou Photographie\" \/>\n<meta property=\"article:published_time\" content=\"2013-04-14T09:37:00+00:00\" \/>\n<meta property=\"og:image\" content=\"http:\/\/1.bp.blogspot.com\/-DN6N_pFUNu0\/UWp3jBgYCdI\/AAAAAAAA59U\/m5b29Ece6bM\/s320\/pano6.jpg\" \/>\n<meta name=\"author\" content=\"micoulou\" \/>\n<meta name=\"twitter:card\" content=\"summary_large_image\" \/>\n<meta name=\"twitter:label1\" content=\"\u00c9crit par\" \/>\n\t<meta name=\"twitter:data1\" content=\"micoulou\" \/>\n\t<meta name=\"twitter:label2\" content=\"Dur\u00e9e de lecture estim\u00e9e\" \/>\n\t<meta name=\"twitter:data2\" content=\"1 minute\" \/>\n<script type=\"application\/ld+json\" class=\"yoast-schema-graph\">{\"@context\":\"https:\\\/\\\/schema.org\",\"@graph\":[{\"@type\":\"Article\",\"@id\":\"https:\\\/\\\/www.micoulou-photos.com\\\/index.php\\\/2013\\\/04\\\/14\\\/grenoble\\\/#article\",\"isPartOf\":{\"@id\":\"https:\\\/\\\/www.micoulou-photos.com\\\/index.php\\\/2013\\\/04\\\/14\\\/grenoble\\\/\"},\"author\":{\"name\":\"micoulou\",\"@id\":\"https:\\\/\\\/www.micoulou-photos.com\\\/#\\\/schema\\\/person\\\/6aedfe8ebe91da632f46e7c9d806a722\"},\"headline\":\"Grenoble\",\"datePublished\":\"2013-04-14T09:37:00+00:00\",\"mainEntityOfPage\":{\"@id\":\"https:\\\/\\\/www.micoulou-photos.com\\\/index.php\\\/2013\\\/04\\\/14\\\/grenoble\\\/\"},\"wordCount\":168,\"commentCount\":1,\"publisher\":{\"@id\":\"https:\\\/\\\/www.micoulou-photos.com\\\/#organization\"},\"image\":{\"@id\":\"https:\\\/\\\/www.micoulou-photos.com\\\/index.php\\\/2013\\\/04\\\/14\\\/grenoble\\\/#primaryimage\"},\"thumbnailUrl\":\"http:\\\/\\\/1.bp.blogspot.com\\\/-DN6N_pFUNu0\\\/UWp3jBgYCdI\\\/AAAAAAAA59U\\\/m5b29Ece6bM\\\/s320\\\/pano6.jpg\",\"inLanguage\":\"fr-FR\",\"potentialAction\":[{\"@type\":\"CommentAction\",\"name\":\"Comment\",\"target\":[\"https:\\\/\\\/www.micoulou-photos.com\\\/index.php\\\/2013\\\/04\\\/14\\\/grenoble\\\/#respond\"]}]},{\"@type\":\"WebPage\",\"@id\":\"https:\\\/\\\/www.micoulou-photos.com\\\/index.php\\\/2013\\\/04\\\/14\\\/grenoble\\\/\",\"url\":\"https:\\\/\\\/www.micoulou-photos.com\\\/index.php\\\/2013\\\/04\\\/14\\\/grenoble\\\/\",\"name\":\"Grenoble - Micoulou Photographie\",\"isPartOf\":{\"@id\":\"https:\\\/\\\/www.micoulou-photos.com\\\/#website\"},\"primaryImageOfPage\":{\"@id\":\"https:\\\/\\\/www.micoulou-photos.com\\\/index.php\\\/2013\\\/04\\\/14\\\/grenoble\\\/#primaryimage\"},\"image\":{\"@id\":\"https:\\\/\\\/www.micoulou-photos.com\\\/index.php\\\/2013\\\/04\\\/14\\\/grenoble\\\/#primaryimage\"},\"thumbnailUrl\":\"http:\\\/\\\/1.bp.blogspot.com\\\/-DN6N_pFUNu0\\\/UWp3jBgYCdI\\\/AAAAAAAA59U\\\/m5b29Ece6bM\\\/s320\\\/pano6.jpg\",\"datePublished\":\"2013-04-14T09:37:00+00:00\",\"breadcrumb\":{\"@id\":\"https:\\\/\\\/www.micoulou-photos.com\\\/index.php\\\/2013\\\/04\\\/14\\\/grenoble\\\/#breadcrumb\"},\"inLanguage\":\"fr-FR\",\"potentialAction\":[{\"@type\":\"ReadAction\",\"target\":[\"https:\\\/\\\/www.micoulou-photos.com\\\/index.php\\\/2013\\\/04\\\/14\\\/grenoble\\\/\"]}]},{\"@type\":\"ImageObject\",\"inLanguage\":\"fr-FR\",\"@id\":\"https:\\\/\\\/www.micoulou-photos.com\\\/index.php\\\/2013\\\/04\\\/14\\\/grenoble\\\/#primaryimage\",\"url\":\"http:\\\/\\\/1.bp.blogspot.com\\\/-DN6N_pFUNu0\\\/UWp3jBgYCdI\\\/AAAAAAAA59U\\\/m5b29Ece6bM\\\/s320\\\/pano6.jpg\",\"contentUrl\":\"http:\\\/\\\/1.bp.blogspot.com\\\/-DN6N_pFUNu0\\\/UWp3jBgYCdI\\\/AAAAAAAA59U\\\/m5b29Ece6bM\\\/s320\\\/pano6.jpg\"},{\"@type\":\"BreadcrumbList\",\"@id\":\"https:\\\/\\\/www.micoulou-photos.com\\\/index.php\\\/2013\\\/04\\\/14\\\/grenoble\\\/#breadcrumb\",\"itemListElement\":[{\"@type\":\"ListItem\",\"position\":1,\"name\":\"Accueil\",\"item\":\"https:\\\/\\\/www.micoulou-photos.com\\\/\"},{\"@type\":\"ListItem\",\"position\":2,\"name\":\"Grenoble\"}]},{\"@type\":\"WebSite\",\"@id\":\"https:\\\/\\\/www.micoulou-photos.com\\\/#website\",\"url\":\"https:\\\/\\\/www.micoulou-photos.com\\\/\",\"name\":\"Micoulou Photographie\",\"description\":\"Photographies, Visites virtuelles et formations par Mickael Minarie\",\"publisher\":{\"@id\":\"https:\\\/\\\/www.micoulou-photos.com\\\/#organization\"},\"potentialAction\":[{\"@type\":\"SearchAction\",\"target\":{\"@type\":\"EntryPoint\",\"urlTemplate\":\"https:\\\/\\\/www.micoulou-photos.com\\\/?s={search_term_string}\"},\"query-input\":{\"@type\":\"PropertyValueSpecification\",\"valueRequired\":true,\"valueName\":\"search_term_string\"}}],\"inLanguage\":\"fr-FR\"},{\"@type\":\"Organization\",\"@id\":\"https:\\\/\\\/www.micoulou-photos.com\\\/#organization\",\"name\":\"Micoulou Photographie\",\"url\":\"https:\\\/\\\/www.micoulou-photos.com\\\/\",\"logo\":{\"@type\":\"ImageObject\",\"inLanguage\":\"fr-FR\",\"@id\":\"https:\\\/\\\/www.micoulou-photos.com\\\/#\\\/schema\\\/logo\\\/image\\\/\",\"url\":\"https:\\\/\\\/i0.wp.com\\\/www.micoulou-photos.com\\\/wp-content\\\/uploads\\\/2020\\\/05\\\/cropped-891667_552097324824916_1615181552_o-1.jpg?fit=643%2C722&ssl=1\",\"contentUrl\":\"https:\\\/\\\/i0.wp.com\\\/www.micoulou-photos.com\\\/wp-content\\\/uploads\\\/2020\\\/05\\\/cropped-891667_552097324824916_1615181552_o-1.jpg?fit=643%2C722&ssl=1\",\"width\":643,\"height\":722,\"caption\":\"Micoulou Photographie\"},\"image\":{\"@id\":\"https:\\\/\\\/www.micoulou-photos.com\\\/#\\\/schema\\\/logo\\\/image\\\/\"}},{\"@type\":\"Person\",\"@id\":\"https:\\\/\\\/www.micoulou-photos.com\\\/#\\\/schema\\\/person\\\/6aedfe8ebe91da632f46e7c9d806a722\",\"name\":\"micoulou\",\"image\":{\"@type\":\"ImageObject\",\"inLanguage\":\"fr-FR\",\"@id\":\"https:\\\/\\\/secure.gravatar.com\\\/avatar\\\/98f892eb7d267eab2faa437baa3edd708deaaa43929316c0cc7b751a04cb247b?s=96&d=mm&r=g\",\"url\":\"https:\\\/\\\/secure.gravatar.com\\\/avatar\\\/98f892eb7d267eab2faa437baa3edd708deaaa43929316c0cc7b751a04cb247b?s=96&d=mm&r=g\",\"contentUrl\":\"https:\\\/\\\/secure.gravatar.com\\\/avatar\\\/98f892eb7d267eab2faa437baa3edd708deaaa43929316c0cc7b751a04cb247b?s=96&d=mm&r=g\",\"caption\":\"micoulou\"},\"url\":\"https:\\\/\\\/www.micoulou-photos.com\\\/index.php\\\/author\\\/micoulou\\\/\"}]}<\/script>\n<!-- \/ Yoast SEO plugin. -->","yoast_head_json":{"title":"Grenoble - Micoulou Photographie","robots":{"index":"index","follow":"follow","max-snippet":"max-snippet:-1","max-image-preview":"max-image-preview:large","max-video-preview":"max-video-preview:-1"},"canonical":"https:\/\/www.micoulou-photos.com\/index.php\/2013\/04\/14\/grenoble\/","og_locale":"fr_FR","og_type":"article","og_title":"Grenoble - Micoulou Photographie","og_description":"Une petite ballade \u00e0 Grenoble, avec Pentax K200D, 10-17mm, 35mm et 77m, toutes les images qui suivent sont des assemblages&#8230;J&rsquo;ai trait\u00e9 et assembl\u00e9 avec mon asus N53, qui tourne enfin correctement sous mac os X (fini d&rsquo;install\u00e9 vendredi, les licences ne sont pas encore install\u00e9s, je n&rsquo;ai que les demo pour l&rsquo;instant&#8230;), mais o\u00f9 l\u2019\u00e9cran [&hellip;]","og_url":"https:\/\/www.micoulou-photos.com\/index.php\/2013\/04\/14\/grenoble\/","og_site_name":"Micoulou Photographie","article_published_time":"2013-04-14T09:37:00+00:00","og_image":[{"url":"http:\/\/1.bp.blogspot.com\/-DN6N_pFUNu0\/UWp3jBgYCdI\/AAAAAAAA59U\/m5b29Ece6bM\/s320\/pano6.jpg","type":"","width":"","height":""}],"author":"micoulou","twitter_card":"summary_large_image","twitter_misc":{"\u00c9crit par":"micoulou","Dur\u00e9e de lecture estim\u00e9e":"1 minute"},"schema":{"@context":"https:\/\/schema.org","@graph":[{"@type":"Article","@id":"https:\/\/www.micoulou-photos.com\/index.php\/2013\/04\/14\/grenoble\/#article","isPartOf":{"@id":"https:\/\/www.micoulou-photos.com\/index.php\/2013\/04\/14\/grenoble\/"},"author":{"name":"micoulou","@id":"https:\/\/www.micoulou-photos.com\/#\/schema\/person\/6aedfe8ebe91da632f46e7c9d806a722"},"headline":"Grenoble","datePublished":"2013-04-14T09:37:00+00:00","mainEntityOfPage":{"@id":"https:\/\/www.micoulou-photos.com\/index.php\/2013\/04\/14\/grenoble\/"},"wordCount":168,"commentCount":1,"publisher":{"@id":"https:\/\/www.micoulou-photos.com\/#organization"},"image":{"@id":"https:\/\/www.micoulou-photos.com\/index.php\/2013\/04\/14\/grenoble\/#primaryimage"},"thumbnailUrl":"http:\/\/1.bp.blogspot.com\/-DN6N_pFUNu0\/UWp3jBgYCdI\/AAAAAAAA59U\/m5b29Ece6bM\/s320\/pano6.jpg","inLanguage":"fr-FR","potentialAction":[{"@type":"CommentAction","name":"Comment","target":["https:\/\/www.micoulou-photos.com\/index.php\/2013\/04\/14\/grenoble\/#respond"]}]},{"@type":"WebPage","@id":"https:\/\/www.micoulou-photos.com\/index.php\/2013\/04\/14\/grenoble\/","url":"https:\/\/www.micoulou-photos.com\/index.php\/2013\/04\/14\/grenoble\/","name":"Grenoble - Micoulou Photographie","isPartOf":{"@id":"https:\/\/www.micoulou-photos.com\/#website"},"primaryImageOfPage":{"@id":"https:\/\/www.micoulou-photos.com\/index.php\/2013\/04\/14\/grenoble\/#primaryimage"},"image":{"@id":"https:\/\/www.micoulou-photos.com\/index.php\/2013\/04\/14\/grenoble\/#primaryimage"},"thumbnailUrl":"http:\/\/1.bp.blogspot.com\/-DN6N_pFUNu0\/UWp3jBgYCdI\/AAAAAAAA59U\/m5b29Ece6bM\/s320\/pano6.jpg","datePublished":"2013-04-14T09:37:00+00:00","breadcrumb":{"@id":"https:\/\/www.micoulou-photos.com\/index.php\/2013\/04\/14\/grenoble\/#breadcrumb"},"inLanguage":"fr-FR","potentialAction":[{"@type":"ReadAction","target":["https:\/\/www.micoulou-photos.com\/index.php\/2013\/04\/14\/grenoble\/"]}]},{"@type":"ImageObject","inLanguage":"fr-FR","@id":"https:\/\/www.micoulou-photos.com\/index.php\/2013\/04\/14\/grenoble\/#primaryimage","url":"http:\/\/1.bp.blogspot.com\/-DN6N_pFUNu0\/UWp3jBgYCdI\/AAAAAAAA59U\/m5b29Ece6bM\/s320\/pano6.jpg","contentUrl":"http:\/\/1.bp.blogspot.com\/-DN6N_pFUNu0\/UWp3jBgYCdI\/AAAAAAAA59U\/m5b29Ece6bM\/s320\/pano6.jpg"},{"@type":"BreadcrumbList","@id":"https:\/\/www.micoulou-photos.com\/index.php\/2013\/04\/14\/grenoble\/#breadcrumb","itemListElement":[{"@type":"ListItem","position":1,"name":"Accueil","item":"https:\/\/www.micoulou-photos.com\/"},{"@type":"ListItem","position":2,"name":"Grenoble"}]},{"@type":"WebSite","@id":"https:\/\/www.micoulou-photos.com\/#website","url":"https:\/\/www.micoulou-photos.com\/","name":"Micoulou Photographie","description":"Photographies, Visites virtuelles et formations par Mickael Minarie","publisher":{"@id":"https:\/\/www.micoulou-photos.com\/#organization"},"potentialAction":[{"@type":"SearchAction","target":{"@type":"EntryPoint","urlTemplate":"https:\/\/www.micoulou-photos.com\/?s={search_term_string}"},"query-input":{"@type":"PropertyValueSpecification","valueRequired":true,"valueName":"search_term_string"}}],"inLanguage":"fr-FR"},{"@type":"Organization","@id":"https:\/\/www.micoulou-photos.com\/#organization","name":"Micoulou Photographie","url":"https:\/\/www.micoulou-photos.com\/","logo":{"@type":"ImageObject","inLanguage":"fr-FR","@id":"https:\/\/www.micoulou-photos.com\/#\/schema\/logo\/image\/","url":"https:\/\/i0.wp.com\/www.micoulou-photos.com\/wp-content\/uploads\/2020\/05\/cropped-891667_552097324824916_1615181552_o-1.jpg?fit=643%2C722&ssl=1","contentUrl":"https:\/\/i0.wp.com\/www.micoulou-photos.com\/wp-content\/uploads\/2020\/05\/cropped-891667_552097324824916_1615181552_o-1.jpg?fit=643%2C722&ssl=1","width":643,"height":722,"caption":"Micoulou Photographie"},"image":{"@id":"https:\/\/www.micoulou-photos.com\/#\/schema\/logo\/image\/"}},{"@type":"Person","@id":"https:\/\/www.micoulou-photos.com\/#\/schema\/person\/6aedfe8ebe91da632f46e7c9d806a722","name":"micoulou","image":{"@type":"ImageObject","inLanguage":"fr-FR","@id":"https:\/\/secure.gravatar.com\/avatar\/98f892eb7d267eab2faa437baa3edd708deaaa43929316c0cc7b751a04cb247b?s=96&d=mm&r=g","url":"https:\/\/secure.gravatar.com\/avatar\/98f892eb7d267eab2faa437baa3edd708deaaa43929316c0cc7b751a04cb247b?s=96&d=mm&r=g","contentUrl":"https:\/\/secure.gravatar.com\/avatar\/98f892eb7d267eab2faa437baa3edd708deaaa43929316c0cc7b751a04cb247b?s=96&d=mm&r=g","caption":"micoulou"},"url":"https:\/\/www.micoulou-photos.com\/index.php\/author\/micoulou\/"}]}},"jetpack_publicize_connections":[],"jetpack_featured_media_url":"","jetpack_sharing_enabled":true,"jetpack_shortlink":"https:\/\/wp.me\/s7zKF4-grenoble","jetpack-related-posts":[{"id":1533,"url":"https:\/\/www.micoulou-photos.com\/index.php\/2013\/11\/03\/montmelian-360\/","url_meta":{"origin":64,"position":0},"title":"Montm\u00e9lian 360\u00b0","author":"micoulou","date":"3 novembre 2013","format":false,"excerpt":"Monm\u00e9lian, petite ville de Savoie, \u00e0 la fronti\u00e8re avec l'Is\u00e8re, sur la route des 3 vall\u00e9es, entre Chamb\u00e9ry, Alberville et Grenoble, ville o\u00f9 je suis rest\u00e9 6 mois. J'ai appris \u00e0 cet endroit toutes techniques de la photo panoramique, des gigapixels aux videos 360, en passant par le livepano et\u2026","rel":"","context":"Dans &quot;reportage&quot;","block_context":{"text":"reportage","link":"https:\/\/www.micoulou-photos.com\/index.php\/category\/reportage\/"},"img":{"alt_text":"","src":"https:\/\/i0.wp.com\/www.micoulou-photos.com\/wp-content\/uploads\/2013\/11\/IMG_5879.jpg?fit=1200%2C674&ssl=1&resize=350%2C200","width":350,"height":200,"srcset":"https:\/\/i0.wp.com\/www.micoulou-photos.com\/wp-content\/uploads\/2013\/11\/IMG_5879.jpg?fit=1200%2C674&ssl=1&resize=350%2C200 1x, https:\/\/i0.wp.com\/www.micoulou-photos.com\/wp-content\/uploads\/2013\/11\/IMG_5879.jpg?fit=1200%2C674&ssl=1&resize=525%2C300 1.5x, https:\/\/i0.wp.com\/www.micoulou-photos.com\/wp-content\/uploads\/2013\/11\/IMG_5879.jpg?fit=1200%2C674&ssl=1&resize=700%2C400 2x, https:\/\/i0.wp.com\/www.micoulou-photos.com\/wp-content\/uploads\/2013\/11\/IMG_5879.jpg?fit=1200%2C674&ssl=1&resize=1050%2C600 3x"},"classes":[]},{"id":52,"url":"https:\/\/www.micoulou-photos.com\/index.php\/2013\/07\/21\/annecy-en-pano\/","url_meta":{"origin":64,"position":1},"title":"Annecy en Pano","author":"micoulou","date":"21 juillet 2013","format":false,"excerpt":"Annecy en PanoBallade \u00e0 Annecy, serie de panoramique, au 10-17, 35 et 77mm, avec pour certaines la tete panofix.","rel":"","context":"Dans &quot;Non class\u00e9&quot;","block_context":{"text":"Non class\u00e9","link":"https:\/\/www.micoulou-photos.com\/index.php\/category\/non-classe\/"},"img":{"alt_text":"","src":"https:\/\/i0.wp.com\/2.bp.blogspot.com\/-RLlNuFb9JCI\/UewJdB0KpGI\/AAAAAAAA9FY\/aMw-RA2Jwo4\/s320\/%5BGroup%2B16%5D-IMGP8682_IMGP8692-11%2Bimages.jpg?resize=350%2C200","width":350,"height":200},"classes":[]},{"id":2445,"url":"https:\/\/www.micoulou-photos.com\/index.php\/2016\/09\/05\/comparaison-de-differents-scanners\/","url_meta":{"origin":64,"position":2},"title":"Comparaison de differents scanners","author":"micoulou","date":"5 septembre 2016","format":false,"excerpt":"Un petit article sur les scanners de film, qui sera mis \u00e0 jour au fur et \u00e0 mesure... Une petite histoire, j'ai commenc\u00e9 la photo assez tot, en 1991 avec un appareil jetable comme beaucoup d'enfant et en 1995 on m'a offert mon premier reflex, un zenit EM... Tout cel\u00e0\u2026","rel":"","context":"Dans &quot;technique&quot;","block_context":{"text":"technique","link":"https:\/\/www.micoulou-photos.com\/index.php\/category\/technique\/"},"img":{"alt_text":"","src":"https:\/\/i0.wp.com\/www.micoulou-photos.com\/wp-content\/uploads\/2016\/09\/IMG_1518.jpg?fit=600%2C800&ssl=1&resize=350%2C200","width":350,"height":200,"srcset":"https:\/\/i0.wp.com\/www.micoulou-photos.com\/wp-content\/uploads\/2016\/09\/IMG_1518.jpg?fit=600%2C800&ssl=1&resize=350%2C200 1x, https:\/\/i0.wp.com\/www.micoulou-photos.com\/wp-content\/uploads\/2016\/09\/IMG_1518.jpg?fit=600%2C800&ssl=1&resize=525%2C300 1.5x"},"classes":[]},{"id":3705,"url":"https:\/\/www.micoulou-photos.com\/index.php\/2017\/11\/05\/lionel-rister-potier-dart-a-grenoble\/","url_meta":{"origin":64,"position":3},"title":"Lionel Rister, potier d&rsquo;art \u00e0 Grenoble","author":"micoulou","date":"5 novembre 2017","format":false,"excerpt":"J'ai pu faire un petit reportage chez Lionel Rister, potier \u00e0 Grenob,e avec qui je pratique aussi du Kinomichi. Lionel est un potier d'art qui r\u00e9alise des pi\u00e8ces utilitaires (plat, assiettes, tasses...) en utilisant diverses techniques. Voici la r\u00e9alisation d'une pi\u00e8ce : Quelques photos de son atelier et de ses\u2026","rel":"","context":"Dans &quot;alternatives ecologique&quot;","block_context":{"text":"alternatives ecologique","link":"https:\/\/www.micoulou-photos.com\/index.php\/category\/alternatives-ecologique\/"},"img":{"alt_text":"","src":"https:\/\/i0.wp.com\/www.micoulou-photos.com\/wp-content\/uploads\/2017\/10\/MI120173-Modifier.jpg?fit=1200%2C795&ssl=1&resize=350%2C200","width":350,"height":200,"srcset":"https:\/\/i0.wp.com\/www.micoulou-photos.com\/wp-content\/uploads\/2017\/10\/MI120173-Modifier.jpg?fit=1200%2C795&ssl=1&resize=350%2C200 1x, https:\/\/i0.wp.com\/www.micoulou-photos.com\/wp-content\/uploads\/2017\/10\/MI120173-Modifier.jpg?fit=1200%2C795&ssl=1&resize=525%2C300 1.5x, https:\/\/i0.wp.com\/www.micoulou-photos.com\/wp-content\/uploads\/2017\/10\/MI120173-Modifier.jpg?fit=1200%2C795&ssl=1&resize=700%2C400 2x, https:\/\/i0.wp.com\/www.micoulou-photos.com\/wp-content\/uploads\/2017\/10\/MI120173-Modifier.jpg?fit=1200%2C795&ssl=1&resize=1050%2C600 3x"},"classes":[]},{"id":856,"url":"https:\/\/www.micoulou-photos.com\/index.php\/2014\/05\/11\/concert-de-blowzabella\/","url_meta":{"origin":64,"position":4},"title":"Concert de Blowzabella","author":"micoulou","date":"11 mai 2014","format":false,"excerpt":"Quelques images du concert de Blowzabella, groupe de musique trad anglais, lors de leurs passage \u00e0 Domene pr\u00e8s de Grenoble. Plus d'information sur ce groupe : http:\/\/www.blowzabella.com\/","rel":"","context":"Dans &quot;concert&quot;","block_context":{"text":"concert","link":"https:\/\/www.micoulou-photos.com\/index.php\/category\/concert\/"},"img":{"alt_text":"","src":"https:\/\/i0.wp.com\/www.micoulou-photos.com\/wp-content\/uploads\/2014\/05\/IMGP6760.jpg?fit=1080%2C715&ssl=1&resize=350%2C200","width":350,"height":200,"srcset":"https:\/\/i0.wp.com\/www.micoulou-photos.com\/wp-content\/uploads\/2014\/05\/IMGP6760.jpg?fit=1080%2C715&ssl=1&resize=350%2C200 1x, https:\/\/i0.wp.com\/www.micoulou-photos.com\/wp-content\/uploads\/2014\/05\/IMGP6760.jpg?fit=1080%2C715&ssl=1&resize=525%2C300 1.5x, https:\/\/i0.wp.com\/www.micoulou-photos.com\/wp-content\/uploads\/2014\/05\/IMGP6760.jpg?fit=1080%2C715&ssl=1&resize=700%2C400 2x, https:\/\/i0.wp.com\/www.micoulou-photos.com\/wp-content\/uploads\/2014\/05\/IMGP6760.jpg?fit=1080%2C715&ssl=1&resize=1050%2C600 3x"},"classes":[]},{"id":23,"url":"https:\/\/www.micoulou-photos.com\/index.php\/2016\/04\/17\/panorama-de-naples\/","url_meta":{"origin":64,"position":5},"title":"Panorama de Naples","author":"micoulou","date":"17 avril 2016","format":false,"excerpt":"Quelques panoramas pris \u00e0 Naples...","rel":"","context":"Dans &quot;voyage&quot;","block_context":{"text":"voyage","link":"https:\/\/www.micoulou-photos.com\/index.php\/category\/voyage\/"},"img":{"alt_text":"","src":"https:\/\/i0.wp.com\/www.micoulou-photos.com\/wp-content\/uploads\/2016\/04\/IMG_3675.jpg?fit=1000%2C750&ssl=1&resize=350%2C200","width":350,"height":200,"srcset":"https:\/\/i0.wp.com\/www.micoulou-photos.com\/wp-content\/uploads\/2016\/04\/IMG_3675.jpg?fit=1000%2C750&ssl=1&resize=350%2C200 1x, https:\/\/i0.wp.com\/www.micoulou-photos.com\/wp-content\/uploads\/2016\/04\/IMG_3675.jpg?fit=1000%2C750&ssl=1&resize=525%2C300 1.5x, https:\/\/i0.wp.com\/www.micoulou-photos.com\/wp-content\/uploads\/2016\/04\/IMG_3675.jpg?fit=1000%2C750&ssl=1&resize=700%2C400 2x"},"classes":[]}],"_links":{"self":[{"href":"https:\/\/www.micoulou-photos.com\/index.php\/wp-json\/wp\/v2\/posts\/64","targetHints":{"allow":["GET"]}}],"collection":[{"href":"https:\/\/www.micoulou-photos.com\/index.php\/wp-json\/wp\/v2\/posts"}],"about":[{"href":"https:\/\/www.micoulou-photos.com\/index.php\/wp-json\/wp\/v2\/types\/post"}],"author":[{"embeddable":true,"href":"https:\/\/www.micoulou-photos.com\/index.php\/wp-json\/wp\/v2\/users\/1"}],"replies":[{"embeddable":true,"href":"https:\/\/www.micoulou-photos.com\/index.php\/wp-json\/wp\/v2\/comments?post=64"}],"version-history":[{"count":0,"href":"https:\/\/www.micoulou-photos.com\/index.php\/wp-json\/wp\/v2\/posts\/64\/revisions"}],"wp:attachment":[{"href":"https:\/\/www.micoulou-photos.com\/index.php\/wp-json\/wp\/v2\/media?parent=64"}],"wp:term":[{"taxonomy":"category","embeddable":true,"href":"https:\/\/www.micoulou-photos.com\/index.php\/wp-json\/wp\/v2\/categories?post=64"},{"taxonomy":"post_tag","embeddable":true,"href":"https:\/\/www.micoulou-photos.com\/index.php\/wp-json\/wp\/v2\/tags?post=64"}],"curies":[{"name":"wp","href":"https:\/\/api.w.org\/{rel}","templated":true}]}}