{"id":6272,"date":"2020-07-20T02:12:47","date_gmt":"2020-07-20T01:12:47","guid":{"rendered":"https:\/\/www.micoulou-photos.com\/?p=6272"},"modified":"2020-07-20T02:12:53","modified_gmt":"2020-07-20T01:12:53","slug":"titi-twisters-au-cafe-en-leyre","status":"publish","type":"post","link":"https:\/\/www.micoulou-photos.com\/index.php\/2020\/07\/20\/titi-twisters-au-cafe-en-leyre\/","title":{"rendered":"titi twisters au caf\u00e9 en Leyre"},"content":{"rendered":"\n<p>Malgr\u00e9 les conditions sanitaires, quelques concerts peuvent toujours avoir lieu en petit comit\u00e9, et j&rsquo;ai eu la chance de voir le concert des titi twisters au caf\u00e9 associatif \u00ab\u00a0le caf\u00e9 en l&rsquo;Eyre\u00a0\u00bb \u00e0 Jou\u00e9 pr\u00e9s de Belin Beliet.<\/p>\n\n\n\n<figure class=\"wp-block-gallery columns-3 is-cropped wp-block-gallery-1 is-layout-flex wp-block-gallery-is-layout-flex\"><ul class=\"blocks-gallery-grid\"><li class=\"blocks-gallery-item\"><figure><img data-recalc-dims=\"1\" fetchpriority=\"high\" decoding=\"async\" width=\"800\" height=\"535\" data-attachment-id=\"6273\" data-permalink=\"https:\/\/www.micoulou-photos.com\/index.php\/2020\/07\/20\/titi-twisters-au-cafe-en-leyre\/dsc06046\/\" data-orig-file=\"https:\/\/i0.wp.com\/www.micoulou-photos.com\/wp-content\/uploads\/2020\/07\/DSC06046.jpg?fit=1200%2C802&amp;ssl=1\" data-orig-size=\"1200,802\" data-comments-opened=\"1\" data-image-meta=\"{&quot;aperture&quot;:&quot;2&quot;,&quot;credit&quot;:&quot;&quot;,&quot;camera&quot;:&quot;ILCE-7S&quot;,&quot;caption&quot;:&quot;&quot;,&quot;created_timestamp&quot;:&quot;1595107128&quot;,&quot;copyright&quot;:&quot;&quot;,&quot;focal_length&quot;:&quot;60&quot;,&quot;iso&quot;:&quot;320&quot;,&quot;shutter_speed&quot;:&quot;0.016666666666667&quot;,&quot;title&quot;:&quot;&quot;,&quot;orientation&quot;:&quot;0&quot;}\" data-image-title=\"DSC06046\" data-image-description=\"\" data-image-caption=\"&lt;p&gt;Titi twisters \u00e0 Jou\u00e9&lt;\/p&gt;\n\" data-large-file=\"https:\/\/i0.wp.com\/www.micoulou-photos.com\/wp-content\/uploads\/2020\/07\/DSC06046.jpg?fit=800%2C535&amp;ssl=1\" src=\"https:\/\/i0.wp.com\/www.micoulou-photos.com\/wp-content\/uploads\/2020\/07\/DSC06046.jpg?resize=800%2C535&#038;ssl=1\" alt=\"\" data-id=\"6273\" data-full-url=\"https:\/\/www.micoulou-photos.com\/wp-content\/uploads\/2020\/07\/DSC06046.jpg\" data-link=\"https:\/\/www.micoulou-photos.com\/?attachment_id=6273\" class=\"wp-image-6273\" srcset=\"https:\/\/i0.wp.com\/www.micoulou-photos.com\/wp-content\/uploads\/2020\/07\/DSC06046.jpg?w=1200&amp;ssl=1 1200w, https:\/\/i0.wp.com\/www.micoulou-photos.com\/wp-content\/uploads\/2020\/07\/DSC06046.jpg?resize=300%2C201&amp;ssl=1 300w\" sizes=\"(max-width: 800px) 100vw, 800px\" \/><figcaption class=\"blocks-gallery-item__caption\">Titi twisters \u00e0 Jou\u00e9<\/figcaption><\/figure><\/li><li class=\"blocks-gallery-item\"><figure><img data-recalc-dims=\"1\" decoding=\"async\" width=\"800\" height=\"535\" data-attachment-id=\"6275\" data-permalink=\"https:\/\/www.micoulou-photos.com\/index.php\/2020\/07\/20\/titi-twisters-au-cafe-en-leyre\/dsc06054\/\" data-orig-file=\"https:\/\/i0.wp.com\/www.micoulou-photos.com\/wp-content\/uploads\/2020\/07\/DSC06054.jpg?fit=1200%2C802&amp;ssl=1\" data-orig-size=\"1200,802\" data-comments-opened=\"1\" data-image-meta=\"{&quot;aperture&quot;:&quot;2&quot;,&quot;credit&quot;:&quot;&quot;,&quot;camera&quot;:&quot;ILCE-7S&quot;,&quot;caption&quot;:&quot;&quot;,&quot;created_timestamp&quot;:&quot;1595107141&quot;,&quot;copyright&quot;:&quot;&quot;,&quot;focal_length&quot;:&quot;60&quot;,&quot;iso&quot;:&quot;320&quot;,&quot;shutter_speed&quot;:&quot;0.016666666666667&quot;,&quot;title&quot;:&quot;&quot;,&quot;orientation&quot;:&quot;0&quot;}\" data-image-title=\"DSC06054\" data-image-description=\"\" data-image-caption=\"&lt;p&gt;Titi twisters \u00e0 Jou\u00e9&lt;\/p&gt;\n\" data-large-file=\"https:\/\/i0.wp.com\/www.micoulou-photos.com\/wp-content\/uploads\/2020\/07\/DSC06054.jpg?fit=800%2C535&amp;ssl=1\" src=\"https:\/\/i0.wp.com\/www.micoulou-photos.com\/wp-content\/uploads\/2020\/07\/DSC06054.jpg?resize=800%2C535&#038;ssl=1\" alt=\"\" data-id=\"6275\" data-full-url=\"https:\/\/www.micoulou-photos.com\/wp-content\/uploads\/2020\/07\/DSC06054.jpg\" data-link=\"https:\/\/www.micoulou-photos.com\/?attachment_id=6275\" class=\"wp-image-6275\" srcset=\"https:\/\/i0.wp.com\/www.micoulou-photos.com\/wp-content\/uploads\/2020\/07\/DSC06054.jpg?w=1200&amp;ssl=1 1200w, https:\/\/i0.wp.com\/www.micoulou-photos.com\/wp-content\/uploads\/2020\/07\/DSC06054.jpg?resize=300%2C201&amp;ssl=1 300w\" sizes=\"(max-width: 800px) 100vw, 800px\" \/><figcaption class=\"blocks-gallery-item__caption\">concert Titi twisters \u00e0 Jou\u00e9<\/figcaption><\/figure><\/li><li class=\"blocks-gallery-item\"><figure><img data-recalc-dims=\"1\" decoding=\"async\" width=\"800\" height=\"535\" data-attachment-id=\"6276\" data-permalink=\"https:\/\/www.micoulou-photos.com\/index.php\/2020\/07\/20\/titi-twisters-au-cafe-en-leyre\/dsc06061\/\" data-orig-file=\"https:\/\/i0.wp.com\/www.micoulou-photos.com\/wp-content\/uploads\/2020\/07\/DSC06061.jpg?fit=1200%2C802&amp;ssl=1\" data-orig-size=\"1200,802\" data-comments-opened=\"1\" data-image-meta=\"{&quot;aperture&quot;:&quot;0&quot;,&quot;credit&quot;:&quot;&quot;,&quot;camera&quot;:&quot;ILCE-7S&quot;,&quot;caption&quot;:&quot;&quot;,&quot;created_timestamp&quot;:&quot;1595108311&quot;,&quot;copyright&quot;:&quot;&quot;,&quot;focal_length&quot;:&quot;0&quot;,&quot;iso&quot;:&quot;640&quot;,&quot;shutter_speed&quot;:&quot;0.016666666666667&quot;,&quot;title&quot;:&quot;&quot;,&quot;orientation&quot;:&quot;0&quot;}\" data-image-title=\"DSC06061\" data-image-description=\"\" data-image-caption=\"&lt;p&gt;Titi twisters \u00e0 Jou\u00e9&lt;\/p&gt;\n\" data-large-file=\"https:\/\/i0.wp.com\/www.micoulou-photos.com\/wp-content\/uploads\/2020\/07\/DSC06061.jpg?fit=800%2C535&amp;ssl=1\" src=\"https:\/\/i0.wp.com\/www.micoulou-photos.com\/wp-content\/uploads\/2020\/07\/DSC06061.jpg?resize=800%2C535&#038;ssl=1\" alt=\"\" data-id=\"6276\" data-full-url=\"https:\/\/www.micoulou-photos.com\/wp-content\/uploads\/2020\/07\/DSC06061.jpg\" data-link=\"https:\/\/www.micoulou-photos.com\/?attachment_id=6276\" class=\"wp-image-6276\" srcset=\"https:\/\/i0.wp.com\/www.micoulou-photos.com\/wp-content\/uploads\/2020\/07\/DSC06061.jpg?w=1200&amp;ssl=1 1200w, https:\/\/i0.wp.com\/www.micoulou-photos.com\/wp-content\/uploads\/2020\/07\/DSC06061.jpg?resize=300%2C201&amp;ssl=1 300w\" sizes=\"(max-width: 800px) 100vw, 800px\" \/><figcaption class=\"blocks-gallery-item__caption\">Titi twisters \u00e0 Jou\u00e9<\/figcaption><\/figure><\/li><li class=\"blocks-gallery-item\"><figure><img data-recalc-dims=\"1\" loading=\"lazy\" decoding=\"async\" width=\"684\" height=\"1024\" data-attachment-id=\"6277\" data-permalink=\"https:\/\/www.micoulou-photos.com\/index.php\/2020\/07\/20\/titi-twisters-au-cafe-en-leyre\/dsc06077\/\" data-orig-file=\"https:\/\/i0.wp.com\/www.micoulou-photos.com\/wp-content\/uploads\/2020\/07\/DSC06077.jpg?fit=802%2C1200&amp;ssl=1\" data-orig-size=\"802,1200\" data-comments-opened=\"1\" data-image-meta=\"{&quot;aperture&quot;:&quot;0&quot;,&quot;credit&quot;:&quot;&quot;,&quot;camera&quot;:&quot;ILCE-7S&quot;,&quot;caption&quot;:&quot;&quot;,&quot;created_timestamp&quot;:&quot;1595108370&quot;,&quot;copyright&quot;:&quot;&quot;,&quot;focal_length&quot;:&quot;0&quot;,&quot;iso&quot;:&quot;1250&quot;,&quot;shutter_speed&quot;:&quot;0.016666666666667&quot;,&quot;title&quot;:&quot;&quot;,&quot;orientation&quot;:&quot;0&quot;}\" data-image-title=\"DSC06077\" data-image-description=\"\" data-image-caption=\"&lt;p&gt;Titi twisters \u00e0 Jou\u00e9&lt;\/p&gt;\n\" data-large-file=\"https:\/\/i0.wp.com\/www.micoulou-photos.com\/wp-content\/uploads\/2020\/07\/DSC06077.jpg?fit=684%2C1024&amp;ssl=1\" src=\"https:\/\/i0.wp.com\/www.micoulou-photos.com\/wp-content\/uploads\/2020\/07\/DSC06077.jpg?resize=684%2C1024&#038;ssl=1\" alt=\"\" data-id=\"6277\" data-full-url=\"https:\/\/www.micoulou-photos.com\/wp-content\/uploads\/2020\/07\/DSC06077.jpg\" data-link=\"https:\/\/www.micoulou-photos.com\/?attachment_id=6277\" class=\"wp-image-6277\" srcset=\"https:\/\/i0.wp.com\/www.micoulou-photos.com\/wp-content\/uploads\/2020\/07\/DSC06077.jpg?resize=684%2C1024&amp;ssl=1 684w, https:\/\/i0.wp.com\/www.micoulou-photos.com\/wp-content\/uploads\/2020\/07\/DSC06077.jpg?resize=201%2C300&amp;ssl=1 201w, https:\/\/i0.wp.com\/www.micoulou-photos.com\/wp-content\/uploads\/2020\/07\/DSC06077.jpg?w=802&amp;ssl=1 802w\" sizes=\"(max-width: 684px) 100vw, 684px\" \/><figcaption class=\"blocks-gallery-item__caption\">Titi twisters \u00e0 Jou\u00e9<\/figcaption><\/figure><\/li><li class=\"blocks-gallery-item\"><figure><img data-recalc-dims=\"1\" loading=\"lazy\" decoding=\"async\" width=\"800\" height=\"535\" data-attachment-id=\"6279\" data-permalink=\"https:\/\/www.micoulou-photos.com\/index.php\/2020\/07\/20\/titi-twisters-au-cafe-en-leyre\/dsc06084\/\" data-orig-file=\"https:\/\/i0.wp.com\/www.micoulou-photos.com\/wp-content\/uploads\/2020\/07\/DSC06084.jpg?fit=1200%2C802&amp;ssl=1\" data-orig-size=\"1200,802\" data-comments-opened=\"1\" data-image-meta=\"{&quot;aperture&quot;:&quot;0&quot;,&quot;credit&quot;:&quot;&quot;,&quot;camera&quot;:&quot;ILCE-7S&quot;,&quot;caption&quot;:&quot;&quot;,&quot;created_timestamp&quot;:&quot;1595108421&quot;,&quot;copyright&quot;:&quot;&quot;,&quot;focal_length&quot;:&quot;0&quot;,&quot;iso&quot;:&quot;640&quot;,&quot;shutter_speed&quot;:&quot;0.016666666666667&quot;,&quot;title&quot;:&quot;&quot;,&quot;orientation&quot;:&quot;0&quot;}\" data-image-title=\"DSC06084\" data-image-description=\"\" data-image-caption=\"&lt;p&gt;Titi twisters \u00e0 Jou\u00e9&lt;\/p&gt;\n\" data-large-file=\"https:\/\/i0.wp.com\/www.micoulou-photos.com\/wp-content\/uploads\/2020\/07\/DSC06084.jpg?fit=800%2C535&amp;ssl=1\" src=\"https:\/\/i0.wp.com\/www.micoulou-photos.com\/wp-content\/uploads\/2020\/07\/DSC06084.jpg?resize=800%2C535&#038;ssl=1\" alt=\"\" data-id=\"6279\" data-full-url=\"https:\/\/www.micoulou-photos.com\/wp-content\/uploads\/2020\/07\/DSC06084.jpg\" data-link=\"https:\/\/www.micoulou-photos.com\/?attachment_id=6279\" class=\"wp-image-6279\" srcset=\"https:\/\/i0.wp.com\/www.micoulou-photos.com\/wp-content\/uploads\/2020\/07\/DSC06084.jpg?w=1200&amp;ssl=1 1200w, https:\/\/i0.wp.com\/www.micoulou-photos.com\/wp-content\/uploads\/2020\/07\/DSC06084.jpg?resize=300%2C201&amp;ssl=1 300w\" sizes=\"(max-width: 800px) 100vw, 800px\" \/><figcaption class=\"blocks-gallery-item__caption\">Titi twisters \u00e0 Jou\u00e9<\/figcaption><\/figure><\/li><li class=\"blocks-gallery-item\"><figure><img data-recalc-dims=\"1\" loading=\"lazy\" decoding=\"async\" width=\"800\" height=\"535\" data-attachment-id=\"6280\" data-permalink=\"https:\/\/www.micoulou-photos.com\/index.php\/2020\/07\/20\/titi-twisters-au-cafe-en-leyre\/dsc06088\/\" data-orig-file=\"https:\/\/i0.wp.com\/www.micoulou-photos.com\/wp-content\/uploads\/2020\/07\/DSC06088.jpg?fit=1200%2C802&amp;ssl=1\" data-orig-size=\"1200,802\" data-comments-opened=\"1\" data-image-meta=\"{&quot;aperture&quot;:&quot;0&quot;,&quot;credit&quot;:&quot;&quot;,&quot;camera&quot;:&quot;ILCE-7S&quot;,&quot;caption&quot;:&quot;&quot;,&quot;created_timestamp&quot;:&quot;1595108858&quot;,&quot;copyright&quot;:&quot;&quot;,&quot;focal_length&quot;:&quot;0&quot;,&quot;iso&quot;:&quot;1000&quot;,&quot;shutter_speed&quot;:&quot;0.016666666666667&quot;,&quot;title&quot;:&quot;&quot;,&quot;orientation&quot;:&quot;0&quot;}\" data-image-title=\"DSC06088\" data-image-description=\"\" data-image-caption=\"&lt;p&gt;Titi twisters \u00e0 Jou\u00e9&lt;\/p&gt;\n\" data-large-file=\"https:\/\/i0.wp.com\/www.micoulou-photos.com\/wp-content\/uploads\/2020\/07\/DSC06088.jpg?fit=800%2C535&amp;ssl=1\" src=\"https:\/\/i0.wp.com\/www.micoulou-photos.com\/wp-content\/uploads\/2020\/07\/DSC06088.jpg?resize=800%2C535&#038;ssl=1\" alt=\"\" data-id=\"6280\" data-full-url=\"https:\/\/www.micoulou-photos.com\/wp-content\/uploads\/2020\/07\/DSC06088.jpg\" data-link=\"https:\/\/www.micoulou-photos.com\/?attachment_id=6280\" class=\"wp-image-6280\" srcset=\"https:\/\/i0.wp.com\/www.micoulou-photos.com\/wp-content\/uploads\/2020\/07\/DSC06088.jpg?w=1200&amp;ssl=1 1200w, https:\/\/i0.wp.com\/www.micoulou-photos.com\/wp-content\/uploads\/2020\/07\/DSC06088.jpg?resize=300%2C201&amp;ssl=1 300w\" sizes=\"(max-width: 800px) 100vw, 800px\" \/><figcaption class=\"blocks-gallery-item__caption\">Titi twisters \u00e0 Jou\u00e9<\/figcaption><\/figure><\/li><li class=\"blocks-gallery-item\"><figure><img data-recalc-dims=\"1\" loading=\"lazy\" decoding=\"async\" width=\"800\" height=\"535\" data-attachment-id=\"6281\" data-permalink=\"https:\/\/www.micoulou-photos.com\/index.php\/2020\/07\/20\/titi-twisters-au-cafe-en-leyre\/dsc06109\/\" data-orig-file=\"https:\/\/i0.wp.com\/www.micoulou-photos.com\/wp-content\/uploads\/2020\/07\/DSC06109.jpg?fit=1200%2C802&amp;ssl=1\" data-orig-size=\"1200,802\" data-comments-opened=\"1\" data-image-meta=\"{&quot;aperture&quot;:&quot;0&quot;,&quot;credit&quot;:&quot;&quot;,&quot;camera&quot;:&quot;ILCE-7S&quot;,&quot;caption&quot;:&quot;&quot;,&quot;created_timestamp&quot;:&quot;1595108926&quot;,&quot;copyright&quot;:&quot;&quot;,&quot;focal_length&quot;:&quot;0&quot;,&quot;iso&quot;:&quot;640&quot;,&quot;shutter_speed&quot;:&quot;0.016666666666667&quot;,&quot;title&quot;:&quot;&quot;,&quot;orientation&quot;:&quot;0&quot;}\" data-image-title=\"DSC06109\" data-image-description=\"\" data-image-caption=\"&lt;p&gt;Titi twisters \u00e0 Jou\u00e9&lt;\/p&gt;\n\" data-large-file=\"https:\/\/i0.wp.com\/www.micoulou-photos.com\/wp-content\/uploads\/2020\/07\/DSC06109.jpg?fit=800%2C535&amp;ssl=1\" src=\"https:\/\/i0.wp.com\/www.micoulou-photos.com\/wp-content\/uploads\/2020\/07\/DSC06109.jpg?resize=800%2C535&#038;ssl=1\" alt=\"\" data-id=\"6281\" data-full-url=\"https:\/\/www.micoulou-photos.com\/wp-content\/uploads\/2020\/07\/DSC06109.jpg\" data-link=\"https:\/\/www.micoulou-photos.com\/?attachment_id=6281\" class=\"wp-image-6281\" srcset=\"https:\/\/i0.wp.com\/www.micoulou-photos.com\/wp-content\/uploads\/2020\/07\/DSC06109.jpg?w=1200&amp;ssl=1 1200w, https:\/\/i0.wp.com\/www.micoulou-photos.com\/wp-content\/uploads\/2020\/07\/DSC06109.jpg?resize=300%2C201&amp;ssl=1 300w\" sizes=\"(max-width: 800px) 100vw, 800px\" \/><figcaption class=\"blocks-gallery-item__caption\">Titi twisters \u00e0 Jou\u00e9<\/figcaption><\/figure><\/li><li class=\"blocks-gallery-item\"><figure><img data-recalc-dims=\"1\" loading=\"lazy\" decoding=\"async\" width=\"800\" height=\"535\" data-attachment-id=\"6282\" data-permalink=\"https:\/\/www.micoulou-photos.com\/index.php\/2020\/07\/20\/titi-twisters-au-cafe-en-leyre\/dsc06112\/\" data-orig-file=\"https:\/\/i0.wp.com\/www.micoulou-photos.com\/wp-content\/uploads\/2020\/07\/DSC06112.jpg?fit=1200%2C802&amp;ssl=1\" data-orig-size=\"1200,802\" data-comments-opened=\"1\" data-image-meta=\"{&quot;aperture&quot;:&quot;0&quot;,&quot;credit&quot;:&quot;&quot;,&quot;camera&quot;:&quot;ILCE-7S&quot;,&quot;caption&quot;:&quot;&quot;,&quot;created_timestamp&quot;:&quot;1595108930&quot;,&quot;copyright&quot;:&quot;&quot;,&quot;focal_length&quot;:&quot;0&quot;,&quot;iso&quot;:&quot;2000&quot;,&quot;shutter_speed&quot;:&quot;0.016666666666667&quot;,&quot;title&quot;:&quot;&quot;,&quot;orientation&quot;:&quot;0&quot;}\" data-image-title=\"DSC06112\" data-image-description=\"\" data-image-caption=\"&lt;p&gt;Titi twisters \u00e0 Jou\u00e9&lt;\/p&gt;\n\" data-large-file=\"https:\/\/i0.wp.com\/www.micoulou-photos.com\/wp-content\/uploads\/2020\/07\/DSC06112.jpg?fit=800%2C535&amp;ssl=1\" src=\"https:\/\/i0.wp.com\/www.micoulou-photos.com\/wp-content\/uploads\/2020\/07\/DSC06112.jpg?resize=800%2C535&#038;ssl=1\" alt=\"\" data-id=\"6282\" data-full-url=\"https:\/\/www.micoulou-photos.com\/wp-content\/uploads\/2020\/07\/DSC06112.jpg\" data-link=\"https:\/\/www.micoulou-photos.com\/?attachment_id=6282\" class=\"wp-image-6282\" srcset=\"https:\/\/i0.wp.com\/www.micoulou-photos.com\/wp-content\/uploads\/2020\/07\/DSC06112.jpg?w=1200&amp;ssl=1 1200w, https:\/\/i0.wp.com\/www.micoulou-photos.com\/wp-content\/uploads\/2020\/07\/DSC06112.jpg?resize=300%2C201&amp;ssl=1 300w\" sizes=\"(max-width: 800px) 100vw, 800px\" \/><figcaption class=\"blocks-gallery-item__caption\">Titi twisters \u00e0 Jou\u00e9<\/figcaption><\/figure><\/li><li class=\"blocks-gallery-item\"><figure><img data-recalc-dims=\"1\" loading=\"lazy\" decoding=\"async\" width=\"800\" height=\"535\" data-attachment-id=\"6283\" data-permalink=\"https:\/\/www.micoulou-photos.com\/index.php\/2020\/07\/20\/titi-twisters-au-cafe-en-leyre\/dsc06128\/\" data-orig-file=\"https:\/\/i0.wp.com\/www.micoulou-photos.com\/wp-content\/uploads\/2020\/07\/DSC06128.jpg?fit=1200%2C802&amp;ssl=1\" data-orig-size=\"1200,802\" data-comments-opened=\"1\" data-image-meta=\"{&quot;aperture&quot;:&quot;0&quot;,&quot;credit&quot;:&quot;&quot;,&quot;camera&quot;:&quot;ILCE-7S&quot;,&quot;caption&quot;:&quot;&quot;,&quot;created_timestamp&quot;:&quot;1595110896&quot;,&quot;copyright&quot;:&quot;&quot;,&quot;focal_length&quot;:&quot;0&quot;,&quot;iso&quot;:&quot;10000&quot;,&quot;shutter_speed&quot;:&quot;0.016666666666667&quot;,&quot;title&quot;:&quot;&quot;,&quot;orientation&quot;:&quot;0&quot;}\" data-image-title=\"DSC06128\" data-image-description=\"\" data-image-caption=\"&lt;p&gt;Titi twisters \u00e0 Jou\u00e9&lt;\/p&gt;\n\" data-large-file=\"https:\/\/i0.wp.com\/www.micoulou-photos.com\/wp-content\/uploads\/2020\/07\/DSC06128.jpg?fit=800%2C535&amp;ssl=1\" src=\"https:\/\/i0.wp.com\/www.micoulou-photos.com\/wp-content\/uploads\/2020\/07\/DSC06128.jpg?resize=800%2C535&#038;ssl=1\" alt=\"\" data-id=\"6283\" data-full-url=\"https:\/\/www.micoulou-photos.com\/wp-content\/uploads\/2020\/07\/DSC06128.jpg\" data-link=\"https:\/\/www.micoulou-photos.com\/?attachment_id=6283\" class=\"wp-image-6283\" srcset=\"https:\/\/i0.wp.com\/www.micoulou-photos.com\/wp-content\/uploads\/2020\/07\/DSC06128.jpg?w=1200&amp;ssl=1 1200w, https:\/\/i0.wp.com\/www.micoulou-photos.com\/wp-content\/uploads\/2020\/07\/DSC06128.jpg?resize=300%2C201&amp;ssl=1 300w\" sizes=\"(max-width: 800px) 100vw, 800px\" \/><figcaption class=\"blocks-gallery-item__caption\">Titi twisters \u00e0 Jou\u00e9<\/figcaption><\/figure><\/li><li class=\"blocks-gallery-item\"><figure><img data-recalc-dims=\"1\" loading=\"lazy\" decoding=\"async\" width=\"684\" height=\"1024\" data-attachment-id=\"6284\" data-permalink=\"https:\/\/www.micoulou-photos.com\/index.php\/2020\/07\/20\/titi-twisters-au-cafe-en-leyre\/dsc06131\/\" data-orig-file=\"https:\/\/i0.wp.com\/www.micoulou-photos.com\/wp-content\/uploads\/2020\/07\/DSC06131.jpg?fit=802%2C1200&amp;ssl=1\" data-orig-size=\"802,1200\" data-comments-opened=\"1\" data-image-meta=\"{&quot;aperture&quot;:&quot;0&quot;,&quot;credit&quot;:&quot;&quot;,&quot;camera&quot;:&quot;ILCE-7S&quot;,&quot;caption&quot;:&quot;&quot;,&quot;created_timestamp&quot;:&quot;1595110942&quot;,&quot;copyright&quot;:&quot;&quot;,&quot;focal_length&quot;:&quot;0&quot;,&quot;iso&quot;:&quot;2000&quot;,&quot;shutter_speed&quot;:&quot;0.016666666666667&quot;,&quot;title&quot;:&quot;&quot;,&quot;orientation&quot;:&quot;0&quot;}\" data-image-title=\"DSC06131\" data-image-description=\"\" data-image-caption=\"&lt;p&gt;Titi twisters \u00e0 Jou\u00e9&lt;\/p&gt;\n\" data-large-file=\"https:\/\/i0.wp.com\/www.micoulou-photos.com\/wp-content\/uploads\/2020\/07\/DSC06131.jpg?fit=684%2C1024&amp;ssl=1\" src=\"https:\/\/i0.wp.com\/www.micoulou-photos.com\/wp-content\/uploads\/2020\/07\/DSC06131.jpg?resize=684%2C1024&#038;ssl=1\" alt=\"\" data-id=\"6284\" data-full-url=\"https:\/\/www.micoulou-photos.com\/wp-content\/uploads\/2020\/07\/DSC06131.jpg\" data-link=\"https:\/\/www.micoulou-photos.com\/?attachment_id=6284\" class=\"wp-image-6284\" srcset=\"https:\/\/i0.wp.com\/www.micoulou-photos.com\/wp-content\/uploads\/2020\/07\/DSC06131.jpg?resize=684%2C1024&amp;ssl=1 684w, https:\/\/i0.wp.com\/www.micoulou-photos.com\/wp-content\/uploads\/2020\/07\/DSC06131.jpg?resize=201%2C300&amp;ssl=1 201w, https:\/\/i0.wp.com\/www.micoulou-photos.com\/wp-content\/uploads\/2020\/07\/DSC06131.jpg?w=802&amp;ssl=1 802w\" sizes=\"(max-width: 684px) 100vw, 684px\" \/><figcaption class=\"blocks-gallery-item__caption\">Titi twisters \u00e0 Jou\u00e9<\/figcaption><\/figure><\/li><li class=\"blocks-gallery-item\"><figure><img data-recalc-dims=\"1\" loading=\"lazy\" decoding=\"async\" width=\"684\" height=\"1024\" data-attachment-id=\"6285\" data-permalink=\"https:\/\/www.micoulou-photos.com\/index.php\/2020\/07\/20\/titi-twisters-au-cafe-en-leyre\/dsc06133\/\" data-orig-file=\"https:\/\/i0.wp.com\/www.micoulou-photos.com\/wp-content\/uploads\/2020\/07\/DSC06133.jpg?fit=802%2C1200&amp;ssl=1\" data-orig-size=\"802,1200\" data-comments-opened=\"1\" data-image-meta=\"{&quot;aperture&quot;:&quot;0&quot;,&quot;credit&quot;:&quot;&quot;,&quot;camera&quot;:&quot;ILCE-7S&quot;,&quot;caption&quot;:&quot;&quot;,&quot;created_timestamp&quot;:&quot;1595110947&quot;,&quot;copyright&quot;:&quot;&quot;,&quot;focal_length&quot;:&quot;0&quot;,&quot;iso&quot;:&quot;2000&quot;,&quot;shutter_speed&quot;:&quot;0.016666666666667&quot;,&quot;title&quot;:&quot;&quot;,&quot;orientation&quot;:&quot;0&quot;}\" data-image-title=\"DSC06133\" data-image-description=\"\" data-image-caption=\"&lt;p&gt;Titi twisters \u00e0 Jou\u00e9&lt;\/p&gt;\n\" data-large-file=\"https:\/\/i0.wp.com\/www.micoulou-photos.com\/wp-content\/uploads\/2020\/07\/DSC06133.jpg?fit=684%2C1024&amp;ssl=1\" src=\"https:\/\/i0.wp.com\/www.micoulou-photos.com\/wp-content\/uploads\/2020\/07\/DSC06133.jpg?resize=684%2C1024&#038;ssl=1\" alt=\"\" data-id=\"6285\" data-full-url=\"https:\/\/www.micoulou-photos.com\/wp-content\/uploads\/2020\/07\/DSC06133.jpg\" data-link=\"https:\/\/www.micoulou-photos.com\/?attachment_id=6285\" class=\"wp-image-6285\" srcset=\"https:\/\/i0.wp.com\/www.micoulou-photos.com\/wp-content\/uploads\/2020\/07\/DSC06133.jpg?resize=684%2C1024&amp;ssl=1 684w, https:\/\/i0.wp.com\/www.micoulou-photos.com\/wp-content\/uploads\/2020\/07\/DSC06133.jpg?resize=201%2C300&amp;ssl=1 201w, https:\/\/i0.wp.com\/www.micoulou-photos.com\/wp-content\/uploads\/2020\/07\/DSC06133.jpg?w=802&amp;ssl=1 802w\" sizes=\"(max-width: 684px) 100vw, 684px\" \/><figcaption class=\"blocks-gallery-item__caption\">Titi twisters \u00e0 Jou\u00e9<\/figcaption><\/figure><\/li><li class=\"blocks-gallery-item\"><figure><img data-recalc-dims=\"1\" loading=\"lazy\" decoding=\"async\" width=\"684\" height=\"1024\" data-attachment-id=\"6286\" data-permalink=\"https:\/\/www.micoulou-photos.com\/index.php\/2020\/07\/20\/titi-twisters-au-cafe-en-leyre\/dsc06138\/\" data-orig-file=\"https:\/\/i0.wp.com\/www.micoulou-photos.com\/wp-content\/uploads\/2020\/07\/DSC06138.jpg?fit=802%2C1200&amp;ssl=1\" data-orig-size=\"802,1200\" data-comments-opened=\"1\" data-image-meta=\"{&quot;aperture&quot;:&quot;0&quot;,&quot;credit&quot;:&quot;&quot;,&quot;camera&quot;:&quot;ILCE-7S&quot;,&quot;caption&quot;:&quot;&quot;,&quot;created_timestamp&quot;:&quot;1595110955&quot;,&quot;copyright&quot;:&quot;&quot;,&quot;focal_length&quot;:&quot;0&quot;,&quot;iso&quot;:&quot;5000&quot;,&quot;shutter_speed&quot;:&quot;0.016666666666667&quot;,&quot;title&quot;:&quot;&quot;,&quot;orientation&quot;:&quot;0&quot;}\" data-image-title=\"DSC06138\" data-image-description=\"\" data-image-caption=\"&lt;p&gt;Titi twisters \u00e0 Jou\u00e9&lt;\/p&gt;\n\" data-large-file=\"https:\/\/i0.wp.com\/www.micoulou-photos.com\/wp-content\/uploads\/2020\/07\/DSC06138.jpg?fit=684%2C1024&amp;ssl=1\" src=\"https:\/\/i0.wp.com\/www.micoulou-photos.com\/wp-content\/uploads\/2020\/07\/DSC06138.jpg?resize=684%2C1024&#038;ssl=1\" alt=\"\" data-id=\"6286\" data-full-url=\"https:\/\/www.micoulou-photos.com\/wp-content\/uploads\/2020\/07\/DSC06138.jpg\" data-link=\"https:\/\/www.micoulou-photos.com\/?attachment_id=6286\" class=\"wp-image-6286\" srcset=\"https:\/\/i0.wp.com\/www.micoulou-photos.com\/wp-content\/uploads\/2020\/07\/DSC06138.jpg?resize=684%2C1024&amp;ssl=1 684w, https:\/\/i0.wp.com\/www.micoulou-photos.com\/wp-content\/uploads\/2020\/07\/DSC06138.jpg?resize=201%2C300&amp;ssl=1 201w, https:\/\/i0.wp.com\/www.micoulou-photos.com\/wp-content\/uploads\/2020\/07\/DSC06138.jpg?w=802&amp;ssl=1 802w\" sizes=\"(max-width: 684px) 100vw, 684px\" \/><figcaption class=\"blocks-gallery-item__caption\">Titi twisters \u00e0 Jou\u00e9<\/figcaption><\/figure><\/li><li class=\"blocks-gallery-item\"><figure><img data-recalc-dims=\"1\" loading=\"lazy\" decoding=\"async\" width=\"684\" height=\"1024\" data-attachment-id=\"6287\" data-permalink=\"https:\/\/www.micoulou-photos.com\/index.php\/2020\/07\/20\/titi-twisters-au-cafe-en-leyre\/dsc06141\/\" data-orig-file=\"https:\/\/i0.wp.com\/www.micoulou-photos.com\/wp-content\/uploads\/2020\/07\/DSC06141.jpg?fit=802%2C1200&amp;ssl=1\" data-orig-size=\"802,1200\" data-comments-opened=\"1\" data-image-meta=\"{&quot;aperture&quot;:&quot;0&quot;,&quot;credit&quot;:&quot;&quot;,&quot;camera&quot;:&quot;ILCE-7S&quot;,&quot;caption&quot;:&quot;&quot;,&quot;created_timestamp&quot;:&quot;1595110960&quot;,&quot;copyright&quot;:&quot;&quot;,&quot;focal_length&quot;:&quot;0&quot;,&quot;iso&quot;:&quot;5000&quot;,&quot;shutter_speed&quot;:&quot;0.016666666666667&quot;,&quot;title&quot;:&quot;&quot;,&quot;orientation&quot;:&quot;0&quot;}\" data-image-title=\"DSC06141\" data-image-description=\"\" data-image-caption=\"&lt;p&gt;Titi twisters \u00e0 Jou\u00e9&lt;\/p&gt;\n\" data-large-file=\"https:\/\/i0.wp.com\/www.micoulou-photos.com\/wp-content\/uploads\/2020\/07\/DSC06141.jpg?fit=684%2C1024&amp;ssl=1\" src=\"https:\/\/i0.wp.com\/www.micoulou-photos.com\/wp-content\/uploads\/2020\/07\/DSC06141.jpg?resize=684%2C1024&#038;ssl=1\" alt=\"\" data-id=\"6287\" data-full-url=\"https:\/\/www.micoulou-photos.com\/wp-content\/uploads\/2020\/07\/DSC06141.jpg\" data-link=\"https:\/\/www.micoulou-photos.com\/?attachment_id=6287\" class=\"wp-image-6287\" srcset=\"https:\/\/i0.wp.com\/www.micoulou-photos.com\/wp-content\/uploads\/2020\/07\/DSC06141.jpg?resize=684%2C1024&amp;ssl=1 684w, https:\/\/i0.wp.com\/www.micoulou-photos.com\/wp-content\/uploads\/2020\/07\/DSC06141.jpg?resize=201%2C300&amp;ssl=1 201w, https:\/\/i0.wp.com\/www.micoulou-photos.com\/wp-content\/uploads\/2020\/07\/DSC06141.jpg?w=802&amp;ssl=1 802w\" sizes=\"(max-width: 684px) 100vw, 684px\" \/><figcaption class=\"blocks-gallery-item__caption\">Titi twisters \u00e0 Jou\u00e9<\/figcaption><\/figure><\/li><li class=\"blocks-gallery-item\"><figure><img data-recalc-dims=\"1\" loading=\"lazy\" decoding=\"async\" width=\"684\" height=\"1024\" data-attachment-id=\"6288\" data-permalink=\"https:\/\/www.micoulou-photos.com\/index.php\/2020\/07\/20\/titi-twisters-au-cafe-en-leyre\/dsc06144\/\" data-orig-file=\"https:\/\/i0.wp.com\/www.micoulou-photos.com\/wp-content\/uploads\/2020\/07\/DSC06144.jpg?fit=802%2C1200&amp;ssl=1\" data-orig-size=\"802,1200\" data-comments-opened=\"1\" data-image-meta=\"{&quot;aperture&quot;:&quot;0&quot;,&quot;credit&quot;:&quot;&quot;,&quot;camera&quot;:&quot;ILCE-7S&quot;,&quot;caption&quot;:&quot;&quot;,&quot;created_timestamp&quot;:&quot;1595110965&quot;,&quot;copyright&quot;:&quot;&quot;,&quot;focal_length&quot;:&quot;0&quot;,&quot;iso&quot;:&quot;640&quot;,&quot;shutter_speed&quot;:&quot;0.016666666666667&quot;,&quot;title&quot;:&quot;&quot;,&quot;orientation&quot;:&quot;0&quot;}\" data-image-title=\"DSC06144\" data-image-description=\"\" data-image-caption=\"&lt;p&gt;Titi twisters \u00e0 Jou\u00e9&lt;\/p&gt;\n\" data-large-file=\"https:\/\/i0.wp.com\/www.micoulou-photos.com\/wp-content\/uploads\/2020\/07\/DSC06144.jpg?fit=684%2C1024&amp;ssl=1\" src=\"https:\/\/i0.wp.com\/www.micoulou-photos.com\/wp-content\/uploads\/2020\/07\/DSC06144.jpg?resize=684%2C1024&#038;ssl=1\" alt=\"\" data-id=\"6288\" data-full-url=\"https:\/\/www.micoulou-photos.com\/wp-content\/uploads\/2020\/07\/DSC06144.jpg\" data-link=\"https:\/\/www.micoulou-photos.com\/?attachment_id=6288\" class=\"wp-image-6288\" srcset=\"https:\/\/i0.wp.com\/www.micoulou-photos.com\/wp-content\/uploads\/2020\/07\/DSC06144.jpg?resize=684%2C1024&amp;ssl=1 684w, https:\/\/i0.wp.com\/www.micoulou-photos.com\/wp-content\/uploads\/2020\/07\/DSC06144.jpg?resize=201%2C300&amp;ssl=1 201w, https:\/\/i0.wp.com\/www.micoulou-photos.com\/wp-content\/uploads\/2020\/07\/DSC06144.jpg?w=802&amp;ssl=1 802w\" sizes=\"(max-width: 684px) 100vw, 684px\" \/><figcaption class=\"blocks-gallery-item__caption\">Titi twisters \u00e0 Jou\u00e9<\/figcaption><\/figure><\/li><li class=\"blocks-gallery-item\"><figure><img data-recalc-dims=\"1\" loading=\"lazy\" decoding=\"async\" width=\"800\" height=\"533\" data-attachment-id=\"6289\" data-permalink=\"https:\/\/www.micoulou-photos.com\/index.php\/2020\/07\/20\/titi-twisters-au-cafe-en-leyre\/dsc07097\/\" data-orig-file=\"https:\/\/i0.wp.com\/www.micoulou-photos.com\/wp-content\/uploads\/2020\/07\/DSC07097.jpg?fit=1200%2C800&amp;ssl=1\" data-orig-size=\"1200,800\" data-comments-opened=\"1\" data-image-meta=\"{&quot;aperture&quot;:&quot;2&quot;,&quot;credit&quot;:&quot;&quot;,&quot;camera&quot;:&quot;ILCE-7&quot;,&quot;caption&quot;:&quot;&quot;,&quot;created_timestamp&quot;:&quot;1595109169&quot;,&quot;copyright&quot;:&quot;&quot;,&quot;focal_length&quot;:&quot;60&quot;,&quot;iso&quot;:&quot;1600&quot;,&quot;shutter_speed&quot;:&quot;0.016666666666667&quot;,&quot;title&quot;:&quot;&quot;,&quot;orientation&quot;:&quot;0&quot;}\" data-image-title=\"DSC07097\" data-image-description=\"\" data-image-caption=\"&lt;p&gt;Titi twisters \u00e0 Jou\u00e9&lt;\/p&gt;\n\" data-large-file=\"https:\/\/i0.wp.com\/www.micoulou-photos.com\/wp-content\/uploads\/2020\/07\/DSC07097.jpg?fit=800%2C533&amp;ssl=1\" src=\"https:\/\/i0.wp.com\/www.micoulou-photos.com\/wp-content\/uploads\/2020\/07\/DSC07097.jpg?resize=800%2C533&#038;ssl=1\" alt=\"\" data-id=\"6289\" data-full-url=\"https:\/\/www.micoulou-photos.com\/wp-content\/uploads\/2020\/07\/DSC07097.jpg\" data-link=\"https:\/\/www.micoulou-photos.com\/?attachment_id=6289\" class=\"wp-image-6289\" srcset=\"https:\/\/i0.wp.com\/www.micoulou-photos.com\/wp-content\/uploads\/2020\/07\/DSC07097.jpg?w=1200&amp;ssl=1 1200w, https:\/\/i0.wp.com\/www.micoulou-photos.com\/wp-content\/uploads\/2020\/07\/DSC07097.jpg?resize=300%2C200&amp;ssl=1 300w\" sizes=\"(max-width: 800px) 100vw, 800px\" \/><figcaption class=\"blocks-gallery-item__caption\">Titi twisters \u00e0 Jou\u00e9<\/figcaption><\/figure><\/li><li class=\"blocks-gallery-item\"><figure><img data-recalc-dims=\"1\" loading=\"lazy\" decoding=\"async\" width=\"800\" height=\"533\" data-attachment-id=\"6290\" data-permalink=\"https:\/\/www.micoulou-photos.com\/index.php\/2020\/07\/20\/titi-twisters-au-cafe-en-leyre\/dsc07108\/\" data-orig-file=\"https:\/\/i0.wp.com\/www.micoulou-photos.com\/wp-content\/uploads\/2020\/07\/DSC07108.jpg?fit=1200%2C800&amp;ssl=1\" data-orig-size=\"1200,800\" data-comments-opened=\"1\" data-image-meta=\"{&quot;aperture&quot;:&quot;4&quot;,&quot;credit&quot;:&quot;&quot;,&quot;camera&quot;:&quot;ILCE-7&quot;,&quot;caption&quot;:&quot;&quot;,&quot;created_timestamp&quot;:&quot;1595110049&quot;,&quot;copyright&quot;:&quot;&quot;,&quot;focal_length&quot;:&quot;16&quot;,&quot;iso&quot;:&quot;5000&quot;,&quot;shutter_speed&quot;:&quot;0.016666666666667&quot;,&quot;title&quot;:&quot;&quot;,&quot;orientation&quot;:&quot;0&quot;}\" data-image-title=\"DSC07108\" data-image-description=\"\" data-image-caption=\"&lt;p&gt;Titi twisters \u00e0 Jou\u00e9&lt;\/p&gt;\n\" data-large-file=\"https:\/\/i0.wp.com\/www.micoulou-photos.com\/wp-content\/uploads\/2020\/07\/DSC07108.jpg?fit=800%2C533&amp;ssl=1\" src=\"https:\/\/i0.wp.com\/www.micoulou-photos.com\/wp-content\/uploads\/2020\/07\/DSC07108.jpg?resize=800%2C533&#038;ssl=1\" alt=\"\" data-id=\"6290\" data-full-url=\"https:\/\/www.micoulou-photos.com\/wp-content\/uploads\/2020\/07\/DSC07108.jpg\" data-link=\"https:\/\/www.micoulou-photos.com\/?attachment_id=6290\" class=\"wp-image-6290\" srcset=\"https:\/\/i0.wp.com\/www.micoulou-photos.com\/wp-content\/uploads\/2020\/07\/DSC07108.jpg?w=1200&amp;ssl=1 1200w, https:\/\/i0.wp.com\/www.micoulou-photos.com\/wp-content\/uploads\/2020\/07\/DSC07108.jpg?resize=300%2C200&amp;ssl=1 300w\" sizes=\"(max-width: 800px) 100vw, 800px\" \/><figcaption class=\"blocks-gallery-item__caption\">Titi twisters \u00e0 Jou\u00e9<\/figcaption><\/figure><\/li><li class=\"blocks-gallery-item\"><figure><img data-recalc-dims=\"1\" loading=\"lazy\" decoding=\"async\" width=\"800\" height=\"533\" data-attachment-id=\"6291\" data-permalink=\"https:\/\/www.micoulou-photos.com\/index.php\/2020\/07\/20\/titi-twisters-au-cafe-en-leyre\/dsc07126\/\" data-orig-file=\"https:\/\/i0.wp.com\/www.micoulou-photos.com\/wp-content\/uploads\/2020\/07\/DSC07126.jpg?fit=1200%2C800&amp;ssl=1\" data-orig-size=\"1200,800\" data-comments-opened=\"1\" data-image-meta=\"{&quot;aperture&quot;:&quot;4&quot;,&quot;credit&quot;:&quot;&quot;,&quot;camera&quot;:&quot;ILCE-7&quot;,&quot;caption&quot;:&quot;&quot;,&quot;created_timestamp&quot;:&quot;1595110806&quot;,&quot;copyright&quot;:&quot;&quot;,&quot;focal_length&quot;:&quot;35&quot;,&quot;iso&quot;:&quot;6400&quot;,&quot;shutter_speed&quot;:&quot;0.02&quot;,&quot;title&quot;:&quot;&quot;,&quot;orientation&quot;:&quot;0&quot;}\" data-image-title=\"DSC07126\" data-image-description=\"\" data-image-caption=\"&lt;p&gt;Titi twisters \u00e0 Jou\u00e9&lt;\/p&gt;\n\" data-large-file=\"https:\/\/i0.wp.com\/www.micoulou-photos.com\/wp-content\/uploads\/2020\/07\/DSC07126.jpg?fit=800%2C533&amp;ssl=1\" src=\"https:\/\/i0.wp.com\/www.micoulou-photos.com\/wp-content\/uploads\/2020\/07\/DSC07126.jpg?resize=800%2C533&#038;ssl=1\" alt=\"\" data-id=\"6291\" data-full-url=\"https:\/\/www.micoulou-photos.com\/wp-content\/uploads\/2020\/07\/DSC07126.jpg\" data-link=\"https:\/\/www.micoulou-photos.com\/?attachment_id=6291\" class=\"wp-image-6291\" srcset=\"https:\/\/i0.wp.com\/www.micoulou-photos.com\/wp-content\/uploads\/2020\/07\/DSC07126.jpg?w=1200&amp;ssl=1 1200w, https:\/\/i0.wp.com\/www.micoulou-photos.com\/wp-content\/uploads\/2020\/07\/DSC07126.jpg?resize=300%2C200&amp;ssl=1 300w\" sizes=\"(max-width: 800px) 100vw, 800px\" \/><figcaption class=\"blocks-gallery-item__caption\">Titi twisters \u00e0 Jou\u00e9<\/figcaption><\/figure><\/li><li class=\"blocks-gallery-item\"><figure><img data-recalc-dims=\"1\" loading=\"lazy\" decoding=\"async\" width=\"800\" height=\"450\" data-attachment-id=\"6292\" data-permalink=\"https:\/\/www.micoulou-photos.com\/index.php\/2020\/07\/20\/titi-twisters-au-cafe-en-leyre\/p6820508\/\" data-orig-file=\"https:\/\/i0.wp.com\/www.micoulou-photos.com\/wp-content\/uploads\/2020\/07\/P6820508.jpg?fit=1200%2C675&amp;ssl=1\" data-orig-size=\"1200,675\" data-comments-opened=\"1\" data-image-meta=\"{&quot;aperture&quot;:&quot;2.8&quot;,&quot;credit&quot;:&quot;&quot;,&quot;camera&quot;:&quot;DMC-LX100&quot;,&quot;caption&quot;:&quot;&quot;,&quot;created_timestamp&quot;:&quot;1595103504&quot;,&quot;copyright&quot;:&quot;&quot;,&quot;focal_length&quot;:&quot;29.3&quot;,&quot;iso&quot;:&quot;1600&quot;,&quot;shutter_speed&quot;:&quot;0.008&quot;,&quot;title&quot;:&quot;&quot;,&quot;orientation&quot;:&quot;0&quot;}\" data-image-title=\"P6820508\" data-image-description=\"\" data-image-caption=\"\" data-large-file=\"https:\/\/i0.wp.com\/www.micoulou-photos.com\/wp-content\/uploads\/2020\/07\/P6820508.jpg?fit=800%2C450&amp;ssl=1\" src=\"https:\/\/i0.wp.com\/www.micoulou-photos.com\/wp-content\/uploads\/2020\/07\/P6820508.jpg?resize=800%2C450&#038;ssl=1\" alt=\"\" data-id=\"6292\" data-full-url=\"https:\/\/www.micoulou-photos.com\/wp-content\/uploads\/2020\/07\/P6820508.jpg\" data-link=\"https:\/\/www.micoulou-photos.com\/?attachment_id=6292\" class=\"wp-image-6292\" srcset=\"https:\/\/i0.wp.com\/www.micoulou-photos.com\/wp-content\/uploads\/2020\/07\/P6820508.jpg?w=1200&amp;ssl=1 1200w, https:\/\/i0.wp.com\/www.micoulou-photos.com\/wp-content\/uploads\/2020\/07\/P6820508.jpg?resize=300%2C169&amp;ssl=1 300w\" sizes=\"(max-width: 800px) 100vw, 800px\" \/><figcaption class=\"blocks-gallery-item__caption\">Titi twisters \u00e0 Jou\u00e9<\/figcaption><\/figure><\/li><\/ul><\/figure>\n\n\n\n<p>J&rsquo;ai utilis\u00e9 pour ce concert le Panasonic LX100 puis les Sony Alpha 7 et Sony Alpha 7s mont\u00e9 avec les Tamron 90mm f\/2.5, le yongnuo 60mm f\/2 et le Sony Zeiss 16-35mm f\/4.<\/p>\n\n\n\n<p><\/p>\n","protected":false},"excerpt":{"rendered":"<p>Malgr\u00e9 les conditions sanitaires, quelques concerts peuvent toujours avoir lieu en petit comit\u00e9, et j&rsquo;ai eu la chance de voir le concert des titi twisters au caf\u00e9 associatif \u00ab\u00a0le caf\u00e9 en l&rsquo;Eyre\u00a0\u00bb \u00e0 Jou\u00e9 pr\u00e9s de Belin Beliet. J&rsquo;ai utilis\u00e9 pour ce concert le Panasonic LX100 puis les Sony Alpha 7 et Sony Alpha 7s [&hellip;]<\/p>\n","protected":false},"author":1,"featured_media":6273,"comment_status":"open","ping_status":"open","sticky":false,"template":"","format":"standard","meta":{"jetpack_post_was_ever_published":false,"_jetpack_newsletter_access":"","_jetpack_dont_email_post_to_subs":false,"_jetpack_newsletter_tier_id":0,"_jetpack_memberships_contains_paywalled_content":false,"_jetpack_memberships_contains_paid_content":false,"footnotes":"","jetpack_publicize_message":"","jetpack_publicize_feature_enabled":true,"jetpack_social_post_already_shared":true,"jetpack_social_options":{"image_generator_settings":{"template":"highway","default_image_id":0,"font":"","enabled":false},"version":2}},"categories":[148,155],"tags":[1301,178,418],"class_list":["post-6272","post","type-post","status-publish","format-standard","has-post-thumbnail","hentry","category-concert","category-reportage","tag-belin-beliet","tag-concert","tag-gironde"],"yoast_head":"<!-- This site is optimized with the Yoast SEO plugin v27.5 - https:\/\/yoast.com\/product\/yoast-seo-wordpress\/ -->\n<title>titi twisters au caf\u00e9 en Leyre - Micoulou Photographie<\/title>\n<meta name=\"robots\" content=\"index, follow, max-snippet:-1, max-image-preview:large, max-video-preview:-1\" \/>\n<link rel=\"canonical\" href=\"https:\/\/www.micoulou-photos.com\/index.php\/2020\/07\/20\/titi-twisters-au-cafe-en-leyre\/\" \/>\n<meta property=\"og:locale\" content=\"fr_FR\" \/>\n<meta property=\"og:type\" content=\"article\" \/>\n<meta property=\"og:title\" content=\"titi twisters au caf\u00e9 en Leyre - Micoulou Photographie\" \/>\n<meta property=\"og:description\" content=\"Malgr\u00e9 les conditions sanitaires, quelques concerts peuvent toujours avoir lieu en petit comit\u00e9, et j&rsquo;ai eu la chance de voir le concert des titi twisters au caf\u00e9 associatif \u00ab\u00a0le caf\u00e9 en l&rsquo;Eyre\u00a0\u00bb \u00e0 Jou\u00e9 pr\u00e9s de Belin Beliet. J&rsquo;ai utilis\u00e9 pour ce concert le Panasonic LX100 puis les Sony Alpha 7 et Sony Alpha 7s [&hellip;]\" \/>\n<meta property=\"og:url\" content=\"https:\/\/www.micoulou-photos.com\/index.php\/2020\/07\/20\/titi-twisters-au-cafe-en-leyre\/\" \/>\n<meta property=\"og:site_name\" content=\"Micoulou Photographie\" \/>\n<meta property=\"article:published_time\" content=\"2020-07-20T01:12:47+00:00\" \/>\n<meta property=\"article:modified_time\" content=\"2020-07-20T01:12:53+00:00\" \/>\n<meta property=\"og:image\" content=\"https:\/\/i0.wp.com\/www.micoulou-photos.com\/wp-content\/uploads\/2020\/07\/DSC06046.jpg?fit=1200%2C802&ssl=1\" \/>\n\t<meta property=\"og:image:width\" content=\"1200\" \/>\n\t<meta property=\"og:image:height\" content=\"802\" \/>\n\t<meta property=\"og:image:type\" content=\"image\/jpeg\" \/>\n<meta name=\"author\" content=\"micoulou\" \/>\n<meta name=\"twitter:card\" content=\"summary_large_image\" \/>\n<meta name=\"twitter:label1\" content=\"\u00c9crit par\" \/>\n\t<meta name=\"twitter:data1\" content=\"micoulou\" \/>\n\t<meta name=\"twitter:label2\" content=\"Dur\u00e9e de lecture estim\u00e9e\" \/>\n\t<meta name=\"twitter:data2\" content=\"1 minute\" \/>\n<script type=\"application\/ld+json\" class=\"yoast-schema-graph\">{\"@context\":\"https:\\\/\\\/schema.org\",\"@graph\":[{\"@type\":\"Article\",\"@id\":\"https:\\\/\\\/www.micoulou-photos.com\\\/index.php\\\/2020\\\/07\\\/20\\\/titi-twisters-au-cafe-en-leyre\\\/#article\",\"isPartOf\":{\"@id\":\"https:\\\/\\\/www.micoulou-photos.com\\\/index.php\\\/2020\\\/07\\\/20\\\/titi-twisters-au-cafe-en-leyre\\\/\"},\"author\":{\"name\":\"micoulou\",\"@id\":\"https:\\\/\\\/www.micoulou-photos.com\\\/#\\\/schema\\\/person\\\/6aedfe8ebe91da632f46e7c9d806a722\"},\"headline\":\"titi twisters au caf\u00e9 en Leyre\",\"datePublished\":\"2020-07-20T01:12:47+00:00\",\"dateModified\":\"2020-07-20T01:12:53+00:00\",\"mainEntityOfPage\":{\"@id\":\"https:\\\/\\\/www.micoulou-photos.com\\\/index.php\\\/2020\\\/07\\\/20\\\/titi-twisters-au-cafe-en-leyre\\\/\"},\"wordCount\":135,\"commentCount\":0,\"publisher\":{\"@id\":\"https:\\\/\\\/www.micoulou-photos.com\\\/#organization\"},\"image\":{\"@id\":\"https:\\\/\\\/www.micoulou-photos.com\\\/index.php\\\/2020\\\/07\\\/20\\\/titi-twisters-au-cafe-en-leyre\\\/#primaryimage\"},\"thumbnailUrl\":\"https:\\\/\\\/i0.wp.com\\\/www.micoulou-photos.com\\\/wp-content\\\/uploads\\\/2020\\\/07\\\/DSC06046.jpg?fit=1200%2C802&ssl=1\",\"keywords\":[\"belin beliet\",\"concert\",\"gironde\"],\"articleSection\":[\"concert\",\"reportage\"],\"inLanguage\":\"fr-FR\",\"potentialAction\":[{\"@type\":\"CommentAction\",\"name\":\"Comment\",\"target\":[\"https:\\\/\\\/www.micoulou-photos.com\\\/index.php\\\/2020\\\/07\\\/20\\\/titi-twisters-au-cafe-en-leyre\\\/#respond\"]}]},{\"@type\":\"WebPage\",\"@id\":\"https:\\\/\\\/www.micoulou-photos.com\\\/index.php\\\/2020\\\/07\\\/20\\\/titi-twisters-au-cafe-en-leyre\\\/\",\"url\":\"https:\\\/\\\/www.micoulou-photos.com\\\/index.php\\\/2020\\\/07\\\/20\\\/titi-twisters-au-cafe-en-leyre\\\/\",\"name\":\"titi twisters au caf\u00e9 en Leyre - Micoulou Photographie\",\"isPartOf\":{\"@id\":\"https:\\\/\\\/www.micoulou-photos.com\\\/#website\"},\"primaryImageOfPage\":{\"@id\":\"https:\\\/\\\/www.micoulou-photos.com\\\/index.php\\\/2020\\\/07\\\/20\\\/titi-twisters-au-cafe-en-leyre\\\/#primaryimage\"},\"image\":{\"@id\":\"https:\\\/\\\/www.micoulou-photos.com\\\/index.php\\\/2020\\\/07\\\/20\\\/titi-twisters-au-cafe-en-leyre\\\/#primaryimage\"},\"thumbnailUrl\":\"https:\\\/\\\/i0.wp.com\\\/www.micoulou-photos.com\\\/wp-content\\\/uploads\\\/2020\\\/07\\\/DSC06046.jpg?fit=1200%2C802&ssl=1\",\"datePublished\":\"2020-07-20T01:12:47+00:00\",\"dateModified\":\"2020-07-20T01:12:53+00:00\",\"breadcrumb\":{\"@id\":\"https:\\\/\\\/www.micoulou-photos.com\\\/index.php\\\/2020\\\/07\\\/20\\\/titi-twisters-au-cafe-en-leyre\\\/#breadcrumb\"},\"inLanguage\":\"fr-FR\",\"potentialAction\":[{\"@type\":\"ReadAction\",\"target\":[\"https:\\\/\\\/www.micoulou-photos.com\\\/index.php\\\/2020\\\/07\\\/20\\\/titi-twisters-au-cafe-en-leyre\\\/\"]}]},{\"@type\":\"ImageObject\",\"inLanguage\":\"fr-FR\",\"@id\":\"https:\\\/\\\/www.micoulou-photos.com\\\/index.php\\\/2020\\\/07\\\/20\\\/titi-twisters-au-cafe-en-leyre\\\/#primaryimage\",\"url\":\"https:\\\/\\\/i0.wp.com\\\/www.micoulou-photos.com\\\/wp-content\\\/uploads\\\/2020\\\/07\\\/DSC06046.jpg?fit=1200%2C802&ssl=1\",\"contentUrl\":\"https:\\\/\\\/i0.wp.com\\\/www.micoulou-photos.com\\\/wp-content\\\/uploads\\\/2020\\\/07\\\/DSC06046.jpg?fit=1200%2C802&ssl=1\",\"width\":1200,\"height\":802,\"caption\":\"Titi twisters \u00e0 Jou\u00e9\"},{\"@type\":\"BreadcrumbList\",\"@id\":\"https:\\\/\\\/www.micoulou-photos.com\\\/index.php\\\/2020\\\/07\\\/20\\\/titi-twisters-au-cafe-en-leyre\\\/#breadcrumb\",\"itemListElement\":[{\"@type\":\"ListItem\",\"position\":1,\"name\":\"Accueil\",\"item\":\"https:\\\/\\\/www.micoulou-photos.com\\\/\"},{\"@type\":\"ListItem\",\"position\":2,\"name\":\"titi twisters au caf\u00e9 en Leyre\"}]},{\"@type\":\"WebSite\",\"@id\":\"https:\\\/\\\/www.micoulou-photos.com\\\/#website\",\"url\":\"https:\\\/\\\/www.micoulou-photos.com\\\/\",\"name\":\"Micoulou Photographie\",\"description\":\"Photographies, Visites virtuelles et formations par Mickael Minarie\",\"publisher\":{\"@id\":\"https:\\\/\\\/www.micoulou-photos.com\\\/#organization\"},\"potentialAction\":[{\"@type\":\"SearchAction\",\"target\":{\"@type\":\"EntryPoint\",\"urlTemplate\":\"https:\\\/\\\/www.micoulou-photos.com\\\/?s={search_term_string}\"},\"query-input\":{\"@type\":\"PropertyValueSpecification\",\"valueRequired\":true,\"valueName\":\"search_term_string\"}}],\"inLanguage\":\"fr-FR\"},{\"@type\":\"Organization\",\"@id\":\"https:\\\/\\\/www.micoulou-photos.com\\\/#organization\",\"name\":\"Micoulou Photographie\",\"url\":\"https:\\\/\\\/www.micoulou-photos.com\\\/\",\"logo\":{\"@type\":\"ImageObject\",\"inLanguage\":\"fr-FR\",\"@id\":\"https:\\\/\\\/www.micoulou-photos.com\\\/#\\\/schema\\\/logo\\\/image\\\/\",\"url\":\"https:\\\/\\\/i0.wp.com\\\/www.micoulou-photos.com\\\/wp-content\\\/uploads\\\/2020\\\/05\\\/cropped-891667_552097324824916_1615181552_o-1.jpg?fit=643%2C722&ssl=1\",\"contentUrl\":\"https:\\\/\\\/i0.wp.com\\\/www.micoulou-photos.com\\\/wp-content\\\/uploads\\\/2020\\\/05\\\/cropped-891667_552097324824916_1615181552_o-1.jpg?fit=643%2C722&ssl=1\",\"width\":643,\"height\":722,\"caption\":\"Micoulou Photographie\"},\"image\":{\"@id\":\"https:\\\/\\\/www.micoulou-photos.com\\\/#\\\/schema\\\/logo\\\/image\\\/\"}},{\"@type\":\"Person\",\"@id\":\"https:\\\/\\\/www.micoulou-photos.com\\\/#\\\/schema\\\/person\\\/6aedfe8ebe91da632f46e7c9d806a722\",\"name\":\"micoulou\",\"image\":{\"@type\":\"ImageObject\",\"inLanguage\":\"fr-FR\",\"@id\":\"https:\\\/\\\/secure.gravatar.com\\\/avatar\\\/98f892eb7d267eab2faa437baa3edd708deaaa43929316c0cc7b751a04cb247b?s=96&d=mm&r=g\",\"url\":\"https:\\\/\\\/secure.gravatar.com\\\/avatar\\\/98f892eb7d267eab2faa437baa3edd708deaaa43929316c0cc7b751a04cb247b?s=96&d=mm&r=g\",\"contentUrl\":\"https:\\\/\\\/secure.gravatar.com\\\/avatar\\\/98f892eb7d267eab2faa437baa3edd708deaaa43929316c0cc7b751a04cb247b?s=96&d=mm&r=g\",\"caption\":\"micoulou\"},\"url\":\"https:\\\/\\\/www.micoulou-photos.com\\\/index.php\\\/author\\\/micoulou\\\/\"}]}<\/script>\n<!-- \/ Yoast SEO plugin. -->","yoast_head_json":{"title":"titi twisters au caf\u00e9 en Leyre - Micoulou Photographie","robots":{"index":"index","follow":"follow","max-snippet":"max-snippet:-1","max-image-preview":"max-image-preview:large","max-video-preview":"max-video-preview:-1"},"canonical":"https:\/\/www.micoulou-photos.com\/index.php\/2020\/07\/20\/titi-twisters-au-cafe-en-leyre\/","og_locale":"fr_FR","og_type":"article","og_title":"titi twisters au caf\u00e9 en Leyre - Micoulou Photographie","og_description":"Malgr\u00e9 les conditions sanitaires, quelques concerts peuvent toujours avoir lieu en petit comit\u00e9, et j&rsquo;ai eu la chance de voir le concert des titi twisters au caf\u00e9 associatif \u00ab\u00a0le caf\u00e9 en l&rsquo;Eyre\u00a0\u00bb \u00e0 Jou\u00e9 pr\u00e9s de Belin Beliet. J&rsquo;ai utilis\u00e9 pour ce concert le Panasonic LX100 puis les Sony Alpha 7 et Sony Alpha 7s [&hellip;]","og_url":"https:\/\/www.micoulou-photos.com\/index.php\/2020\/07\/20\/titi-twisters-au-cafe-en-leyre\/","og_site_name":"Micoulou Photographie","article_published_time":"2020-07-20T01:12:47+00:00","article_modified_time":"2020-07-20T01:12:53+00:00","og_image":[{"width":1200,"height":802,"url":"https:\/\/i0.wp.com\/www.micoulou-photos.com\/wp-content\/uploads\/2020\/07\/DSC06046.jpg?fit=1200%2C802&ssl=1","type":"image\/jpeg"}],"author":"micoulou","twitter_card":"summary_large_image","twitter_misc":{"\u00c9crit par":"micoulou","Dur\u00e9e de lecture estim\u00e9e":"1 minute"},"schema":{"@context":"https:\/\/schema.org","@graph":[{"@type":"Article","@id":"https:\/\/www.micoulou-photos.com\/index.php\/2020\/07\/20\/titi-twisters-au-cafe-en-leyre\/#article","isPartOf":{"@id":"https:\/\/www.micoulou-photos.com\/index.php\/2020\/07\/20\/titi-twisters-au-cafe-en-leyre\/"},"author":{"name":"micoulou","@id":"https:\/\/www.micoulou-photos.com\/#\/schema\/person\/6aedfe8ebe91da632f46e7c9d806a722"},"headline":"titi twisters au caf\u00e9 en Leyre","datePublished":"2020-07-20T01:12:47+00:00","dateModified":"2020-07-20T01:12:53+00:00","mainEntityOfPage":{"@id":"https:\/\/www.micoulou-photos.com\/index.php\/2020\/07\/20\/titi-twisters-au-cafe-en-leyre\/"},"wordCount":135,"commentCount":0,"publisher":{"@id":"https:\/\/www.micoulou-photos.com\/#organization"},"image":{"@id":"https:\/\/www.micoulou-photos.com\/index.php\/2020\/07\/20\/titi-twisters-au-cafe-en-leyre\/#primaryimage"},"thumbnailUrl":"https:\/\/i0.wp.com\/www.micoulou-photos.com\/wp-content\/uploads\/2020\/07\/DSC06046.jpg?fit=1200%2C802&ssl=1","keywords":["belin beliet","concert","gironde"],"articleSection":["concert","reportage"],"inLanguage":"fr-FR","potentialAction":[{"@type":"CommentAction","name":"Comment","target":["https:\/\/www.micoulou-photos.com\/index.php\/2020\/07\/20\/titi-twisters-au-cafe-en-leyre\/#respond"]}]},{"@type":"WebPage","@id":"https:\/\/www.micoulou-photos.com\/index.php\/2020\/07\/20\/titi-twisters-au-cafe-en-leyre\/","url":"https:\/\/www.micoulou-photos.com\/index.php\/2020\/07\/20\/titi-twisters-au-cafe-en-leyre\/","name":"titi twisters au caf\u00e9 en Leyre - Micoulou Photographie","isPartOf":{"@id":"https:\/\/www.micoulou-photos.com\/#website"},"primaryImageOfPage":{"@id":"https:\/\/www.micoulou-photos.com\/index.php\/2020\/07\/20\/titi-twisters-au-cafe-en-leyre\/#primaryimage"},"image":{"@id":"https:\/\/www.micoulou-photos.com\/index.php\/2020\/07\/20\/titi-twisters-au-cafe-en-leyre\/#primaryimage"},"thumbnailUrl":"https:\/\/i0.wp.com\/www.micoulou-photos.com\/wp-content\/uploads\/2020\/07\/DSC06046.jpg?fit=1200%2C802&ssl=1","datePublished":"2020-07-20T01:12:47+00:00","dateModified":"2020-07-20T01:12:53+00:00","breadcrumb":{"@id":"https:\/\/www.micoulou-photos.com\/index.php\/2020\/07\/20\/titi-twisters-au-cafe-en-leyre\/#breadcrumb"},"inLanguage":"fr-FR","potentialAction":[{"@type":"ReadAction","target":["https:\/\/www.micoulou-photos.com\/index.php\/2020\/07\/20\/titi-twisters-au-cafe-en-leyre\/"]}]},{"@type":"ImageObject","inLanguage":"fr-FR","@id":"https:\/\/www.micoulou-photos.com\/index.php\/2020\/07\/20\/titi-twisters-au-cafe-en-leyre\/#primaryimage","url":"https:\/\/i0.wp.com\/www.micoulou-photos.com\/wp-content\/uploads\/2020\/07\/DSC06046.jpg?fit=1200%2C802&ssl=1","contentUrl":"https:\/\/i0.wp.com\/www.micoulou-photos.com\/wp-content\/uploads\/2020\/07\/DSC06046.jpg?fit=1200%2C802&ssl=1","width":1200,"height":802,"caption":"Titi twisters \u00e0 Jou\u00e9"},{"@type":"BreadcrumbList","@id":"https:\/\/www.micoulou-photos.com\/index.php\/2020\/07\/20\/titi-twisters-au-cafe-en-leyre\/#breadcrumb","itemListElement":[{"@type":"ListItem","position":1,"name":"Accueil","item":"https:\/\/www.micoulou-photos.com\/"},{"@type":"ListItem","position":2,"name":"titi twisters au caf\u00e9 en Leyre"}]},{"@type":"WebSite","@id":"https:\/\/www.micoulou-photos.com\/#website","url":"https:\/\/www.micoulou-photos.com\/","name":"Micoulou Photographie","description":"Photographies, Visites virtuelles et formations par Mickael Minarie","publisher":{"@id":"https:\/\/www.micoulou-photos.com\/#organization"},"potentialAction":[{"@type":"SearchAction","target":{"@type":"EntryPoint","urlTemplate":"https:\/\/www.micoulou-photos.com\/?s={search_term_string}"},"query-input":{"@type":"PropertyValueSpecification","valueRequired":true,"valueName":"search_term_string"}}],"inLanguage":"fr-FR"},{"@type":"Organization","@id":"https:\/\/www.micoulou-photos.com\/#organization","name":"Micoulou Photographie","url":"https:\/\/www.micoulou-photos.com\/","logo":{"@type":"ImageObject","inLanguage":"fr-FR","@id":"https:\/\/www.micoulou-photos.com\/#\/schema\/logo\/image\/","url":"https:\/\/i0.wp.com\/www.micoulou-photos.com\/wp-content\/uploads\/2020\/05\/cropped-891667_552097324824916_1615181552_o-1.jpg?fit=643%2C722&ssl=1","contentUrl":"https:\/\/i0.wp.com\/www.micoulou-photos.com\/wp-content\/uploads\/2020\/05\/cropped-891667_552097324824916_1615181552_o-1.jpg?fit=643%2C722&ssl=1","width":643,"height":722,"caption":"Micoulou Photographie"},"image":{"@id":"https:\/\/www.micoulou-photos.com\/#\/schema\/logo\/image\/"}},{"@type":"Person","@id":"https:\/\/www.micoulou-photos.com\/#\/schema\/person\/6aedfe8ebe91da632f46e7c9d806a722","name":"micoulou","image":{"@type":"ImageObject","inLanguage":"fr-FR","@id":"https:\/\/secure.gravatar.com\/avatar\/98f892eb7d267eab2faa437baa3edd708deaaa43929316c0cc7b751a04cb247b?s=96&d=mm&r=g","url":"https:\/\/secure.gravatar.com\/avatar\/98f892eb7d267eab2faa437baa3edd708deaaa43929316c0cc7b751a04cb247b?s=96&d=mm&r=g","contentUrl":"https:\/\/secure.gravatar.com\/avatar\/98f892eb7d267eab2faa437baa3edd708deaaa43929316c0cc7b751a04cb247b?s=96&d=mm&r=g","caption":"micoulou"},"url":"https:\/\/www.micoulou-photos.com\/index.php\/author\/micoulou\/"}]}},"jetpack_publicize_connections":[],"jetpack_featured_media_url":"https:\/\/i0.wp.com\/www.micoulou-photos.com\/wp-content\/uploads\/2020\/07\/DSC06046.jpg?fit=1200%2C802&ssl=1","jetpack_sharing_enabled":true,"jetpack_shortlink":"https:\/\/wp.me\/p7zKF4-1Da","jetpack-related-posts":[{"id":6347,"url":"https:\/\/www.micoulou-photos.com\/index.php\/2020\/09\/19\/les-titi-twisters-au-journees-du-patrimoine\/","url_meta":{"origin":6272,"position":0},"title":"Les titi twisters au journ\u00e9es du patrimoine","author":"micoulou","date":"19 septembre 2020","format":false,"excerpt":"Un petit reportage avec un groupe local, de Belin Beliet qui jouait \u00e0 Mons lors des journ\u00e9es du patrimoine 2020. Prise de vue avec les Sony Alpha 7 et 7s, Yongnuo 40mm pour Nikon, Tamron 24mm FE f\/2.8 et Sony 90mm macro, ainsi que le Fuji XF10","rel":"","context":"Dans &quot;concert&quot;","block_context":{"text":"concert","link":"https:\/\/www.micoulou-photos.com\/index.php\/category\/concert\/"},"img":{"alt_text":"","src":"https:\/\/i0.wp.com\/www.micoulou-photos.com\/wp-content\/uploads\/2020\/09\/DSC06988.jpg?fit=1200%2C801&ssl=1&resize=350%2C200","width":350,"height":200,"srcset":"https:\/\/i0.wp.com\/www.micoulou-photos.com\/wp-content\/uploads\/2020\/09\/DSC06988.jpg?fit=1200%2C801&ssl=1&resize=350%2C200 1x, https:\/\/i0.wp.com\/www.micoulou-photos.com\/wp-content\/uploads\/2020\/09\/DSC06988.jpg?fit=1200%2C801&ssl=1&resize=525%2C300 1.5x, https:\/\/i0.wp.com\/www.micoulou-photos.com\/wp-content\/uploads\/2020\/09\/DSC06988.jpg?fit=1200%2C801&ssl=1&resize=700%2C400 2x, https:\/\/i0.wp.com\/www.micoulou-photos.com\/wp-content\/uploads\/2020\/09\/DSC06988.jpg?fit=1200%2C801&ssl=1&resize=1050%2C600 3x"},"classes":[]},{"id":3665,"url":"https:\/\/www.micoulou-photos.com\/index.php\/2017\/10\/25\/concert-a-belin-beliet\/","url_meta":{"origin":6272,"position":1},"title":"Concert \u00e0 Belin Beliet","author":"micoulou","date":"25 octobre 2017","format":false,"excerpt":"Suite des photos du concert organis\u00e9 par l'ecole de musque chaleymine \u00e0 Belin Beliet. \u00a0","rel":"","context":"Dans &quot;concert&quot;","block_context":{"text":"concert","link":"https:\/\/www.micoulou-photos.com\/index.php\/category\/concert\/"},"img":{"alt_text":"","src":"https:\/\/i0.wp.com\/www.micoulou-photos.com\/wp-content\/uploads\/2017\/10\/IMGP8529-Modifier.jpg?fit=1200%2C795&ssl=1&resize=350%2C200","width":350,"height":200,"srcset":"https:\/\/i0.wp.com\/www.micoulou-photos.com\/wp-content\/uploads\/2017\/10\/IMGP8529-Modifier.jpg?fit=1200%2C795&ssl=1&resize=350%2C200 1x, https:\/\/i0.wp.com\/www.micoulou-photos.com\/wp-content\/uploads\/2017\/10\/IMGP8529-Modifier.jpg?fit=1200%2C795&ssl=1&resize=525%2C300 1.5x, https:\/\/i0.wp.com\/www.micoulou-photos.com\/wp-content\/uploads\/2017\/10\/IMGP8529-Modifier.jpg?fit=1200%2C795&ssl=1&resize=700%2C400 2x, https:\/\/i0.wp.com\/www.micoulou-photos.com\/wp-content\/uploads\/2017\/10\/IMGP8529-Modifier.jpg?fit=1200%2C795&ssl=1&resize=1050%2C600 3x"},"classes":[]},{"id":5054,"url":"https:\/\/www.micoulou-photos.com\/index.php\/2019\/05\/07\/sapiens-chalemine\/","url_meta":{"origin":6272,"position":2},"title":"Sapiens &#8211; Chalemine","author":"micoulou","date":"7 mai 2019","format":false,"excerpt":"Une petite prestation photo que j'ai pu r\u00e9aliser pour l'ecole de musique Chalemine de Belin Beliet.","rel":"","context":"Dans &quot;concert&quot;","block_context":{"text":"concert","link":"https:\/\/www.micoulou-photos.com\/index.php\/category\/concert\/"},"img":{"alt_text":"","src":"https:\/\/i0.wp.com\/www.micoulou-photos.com\/wp-content\/uploads\/2019\/05\/DSC09762.jpg?fit=1200%2C797&ssl=1&resize=350%2C200","width":350,"height":200,"srcset":"https:\/\/i0.wp.com\/www.micoulou-photos.com\/wp-content\/uploads\/2019\/05\/DSC09762.jpg?fit=1200%2C797&ssl=1&resize=350%2C200 1x, https:\/\/i0.wp.com\/www.micoulou-photos.com\/wp-content\/uploads\/2019\/05\/DSC09762.jpg?fit=1200%2C797&ssl=1&resize=525%2C300 1.5x, https:\/\/i0.wp.com\/www.micoulou-photos.com\/wp-content\/uploads\/2019\/05\/DSC09762.jpg?fit=1200%2C797&ssl=1&resize=700%2C400 2x, https:\/\/i0.wp.com\/www.micoulou-photos.com\/wp-content\/uploads\/2019\/05\/DSC09762.jpg?fit=1200%2C797&ssl=1&resize=1050%2C600 3x"},"classes":[]},{"id":6366,"url":"https:\/\/www.micoulou-photos.com\/index.php\/2020\/09\/19\/journee-du-patrimoine-2020\/","url_meta":{"origin":6272,"position":3},"title":"Journ\u00e9e du patrimoine 2020","author":"micoulou","date":"19 septembre 2020","format":false,"excerpt":"Voici quelques photos que j'ai pu faire lors des journ\u00e9es du patrimoine 2020 de Belin Beliet, en Gironde. Alors que la journ\u00e9e \u00e9tait annul\u00e9e dans la m\u00e9tropole Bordelaise, elle a pu etre maintenue dans les endroits un peu plus recul\u00e9, avec moins de monde. Avant le concert des titi twisters,\u2026","rel":"","context":"Dans &quot;reportage&quot;","block_context":{"text":"reportage","link":"https:\/\/www.micoulou-photos.com\/index.php\/category\/reportage\/"},"img":{"alt_text":"","src":"https:\/\/i0.wp.com\/www.micoulou-photos.com\/wp-content\/uploads\/2020\/09\/DSCF0020.jpg?fit=1200%2C800&ssl=1&resize=350%2C200","width":350,"height":200,"srcset":"https:\/\/i0.wp.com\/www.micoulou-photos.com\/wp-content\/uploads\/2020\/09\/DSCF0020.jpg?fit=1200%2C800&ssl=1&resize=350%2C200 1x, https:\/\/i0.wp.com\/www.micoulou-photos.com\/wp-content\/uploads\/2020\/09\/DSCF0020.jpg?fit=1200%2C800&ssl=1&resize=525%2C300 1.5x, https:\/\/i0.wp.com\/www.micoulou-photos.com\/wp-content\/uploads\/2020\/09\/DSCF0020.jpg?fit=1200%2C800&ssl=1&resize=700%2C400 2x, https:\/\/i0.wp.com\/www.micoulou-photos.com\/wp-content\/uploads\/2020\/09\/DSCF0020.jpg?fit=1200%2C800&ssl=1&resize=1050%2C600 3x"},"classes":[]},{"id":3649,"url":"https:\/\/www.micoulou-photos.com\/index.php\/2017\/10\/16\/concert-chalemine\/","url_meta":{"origin":6272,"position":4},"title":"Concert chalemine","author":"micoulou","date":"16 octobre 2017","format":false,"excerpt":"Un petit concert que j'ai pris en photo en avril dernier. Concert de l'ecole de musique chalemine \u00e0 Belin Beliet.","rel":"","context":"Dans &quot;concert&quot;","block_context":{"text":"concert","link":"https:\/\/www.micoulou-photos.com\/index.php\/category\/concert\/"},"img":{"alt_text":"","src":"https:\/\/i0.wp.com\/www.micoulou-photos.com\/wp-content\/uploads\/2017\/10\/CRW_1510-Edit.jpg?fit=1200%2C800&ssl=1&resize=350%2C200","width":350,"height":200,"srcset":"https:\/\/i0.wp.com\/www.micoulou-photos.com\/wp-content\/uploads\/2017\/10\/CRW_1510-Edit.jpg?fit=1200%2C800&ssl=1&resize=350%2C200 1x, https:\/\/i0.wp.com\/www.micoulou-photos.com\/wp-content\/uploads\/2017\/10\/CRW_1510-Edit.jpg?fit=1200%2C800&ssl=1&resize=525%2C300 1.5x, https:\/\/i0.wp.com\/www.micoulou-photos.com\/wp-content\/uploads\/2017\/10\/CRW_1510-Edit.jpg?fit=1200%2C800&ssl=1&resize=700%2C400 2x, https:\/\/i0.wp.com\/www.micoulou-photos.com\/wp-content\/uploads\/2017\/10\/CRW_1510-Edit.jpg?fit=1200%2C800&ssl=1&resize=1050%2C600 3x"},"classes":[]},{"id":7531,"url":"https:\/\/www.micoulou-photos.com\/index.php\/2023\/10\/10\/concert-julie-lagarigue\/","url_meta":{"origin":6272,"position":5},"title":"Concert Julie Lagarigue","author":"micoulou","date":"10 octobre 2023","format":false,"excerpt":"Un petit concert dimanche dernier \u00e0 la boite \u00e0 Meuh, \u00e0 Belin Beliet Comme le concert de la veille, j'ai utilis\u00e9 le Sony Alpha 7r, Le sony Alpha 7s, Le sony Rx10mk3 et le fujifilm XF10","rel":"","context":"Dans &quot;concert&quot;","block_context":{"text":"concert","link":"https:\/\/www.micoulou-photos.com\/index.php\/category\/concert\/"},"img":{"alt_text":"","src":"https:\/\/i0.wp.com\/www.micoulou-photos.com\/wp-content\/uploads\/2023\/10\/DSC04077.webp?fit=1200%2C801&ssl=1&resize=350%2C200","width":350,"height":200,"srcset":"https:\/\/i0.wp.com\/www.micoulou-photos.com\/wp-content\/uploads\/2023\/10\/DSC04077.webp?fit=1200%2C801&ssl=1&resize=350%2C200 1x, https:\/\/i0.wp.com\/www.micoulou-photos.com\/wp-content\/uploads\/2023\/10\/DSC04077.webp?fit=1200%2C801&ssl=1&resize=525%2C300 1.5x, https:\/\/i0.wp.com\/www.micoulou-photos.com\/wp-content\/uploads\/2023\/10\/DSC04077.webp?fit=1200%2C801&ssl=1&resize=700%2C400 2x, https:\/\/i0.wp.com\/www.micoulou-photos.com\/wp-content\/uploads\/2023\/10\/DSC04077.webp?fit=1200%2C801&ssl=1&resize=1050%2C600 3x"},"classes":[]}],"_links":{"self":[{"href":"https:\/\/www.micoulou-photos.com\/index.php\/wp-json\/wp\/v2\/posts\/6272","targetHints":{"allow":["GET"]}}],"collection":[{"href":"https:\/\/www.micoulou-photos.com\/index.php\/wp-json\/wp\/v2\/posts"}],"about":[{"href":"https:\/\/www.micoulou-photos.com\/index.php\/wp-json\/wp\/v2\/types\/post"}],"author":[{"embeddable":true,"href":"https:\/\/www.micoulou-photos.com\/index.php\/wp-json\/wp\/v2\/users\/1"}],"replies":[{"embeddable":true,"href":"https:\/\/www.micoulou-photos.com\/index.php\/wp-json\/wp\/v2\/comments?post=6272"}],"version-history":[{"count":1,"href":"https:\/\/www.micoulou-photos.com\/index.php\/wp-json\/wp\/v2\/posts\/6272\/revisions"}],"predecessor-version":[{"id":6293,"href":"https:\/\/www.micoulou-photos.com\/index.php\/wp-json\/wp\/v2\/posts\/6272\/revisions\/6293"}],"wp:featuredmedia":[{"embeddable":true,"href":"https:\/\/www.micoulou-photos.com\/index.php\/wp-json\/wp\/v2\/media\/6273"}],"wp:attachment":[{"href":"https:\/\/www.micoulou-photos.com\/index.php\/wp-json\/wp\/v2\/media?parent=6272"}],"wp:term":[{"taxonomy":"category","embeddable":true,"href":"https:\/\/www.micoulou-photos.com\/index.php\/wp-json\/wp\/v2\/categories?post=6272"},{"taxonomy":"post_tag","embeddable":true,"href":"https:\/\/www.micoulou-photos.com\/index.php\/wp-json\/wp\/v2\/tags?post=6272"}],"curies":[{"name":"wp","href":"https:\/\/api.w.org\/{rel}","templated":true}]}}