{"id":6089,"date":"2020-05-26T01:27:53","date_gmt":"2020-05-26T00:27:53","guid":{"rendered":"https:\/\/www.micoulou-photos.com\/?p=6089"},"modified":"2020-09-19T23:31:04","modified_gmt":"2020-09-19T22:31:04","slug":"photos-en-confinement","status":"publish","type":"post","link":"https:\/\/www.micoulou-photos.com\/index.php\/2020\/05\/26\/photos-en-confinement\/","title":{"rendered":"photos en confinement"},"content":{"rendered":"\n<h2 class=\"wp-block-heading\">Les aventures d&rsquo;un aspiboy confin\u00e9<\/h2>\n\n\n\n<figure class=\"wp-block-gallery columns-3 is-cropped wp-block-gallery-1 is-layout-flex wp-block-gallery-is-layout-flex\"><ul class=\"blocks-gallery-grid\"><li class=\"blocks-gallery-item\"><figure><img fetchpriority=\"high\" decoding=\"async\" width=\"1600\" height=\"1067\" data-attachment-id=\"6091\" data-permalink=\"https:\/\/www.micoulou-photos.com\/index.php\/2020\/05\/26\/photos-en-confinement\/crw_6002\/\" data-orig-file=\"https:\/\/i0.wp.com\/www.micoulou-photos.com\/wp-content\/uploads\/2020\/05\/CRW_6002.jpg?fit=1600%2C1067&amp;ssl=1\" data-orig-size=\"1600,1067\" data-comments-opened=\"1\" data-image-meta=\"{&quot;aperture&quot;:&quot;3.5&quot;,&quot;credit&quot;:&quot;Mickael Minarie&quot;,&quot;camera&quot;:&quot;Canon EOS D60&quot;,&quot;caption&quot;:&quot;&quot;,&quot;created_timestamp&quot;:&quot;1588876272&quot;,&quot;copyright&quot;:&quot;&quot;,&quot;focal_length&quot;:&quot;28&quot;,&quot;iso&quot;:&quot;200&quot;,&quot;shutter_speed&quot;:&quot;0.025&quot;,&quot;title&quot;:&quot;&quot;,&quot;orientation&quot;:&quot;0&quot;}\" data-image-title=\"CRW_6002\" data-image-description=\"\" data-image-caption=\"\" data-large-file=\"https:\/\/i0.wp.com\/www.micoulou-photos.com\/wp-content\/uploads\/2020\/05\/CRW_6002.jpg?fit=800%2C533&amp;ssl=1\" src=\"https:\/\/i1.wp.com\/www.micoulou-photos.com\/wp-content\/uploads\/2020\/05\/CRW_6002.jpg?fit=800%2C533&amp;ssl=1\" alt=\"\" data-id=\"6091\" data-full-url=\"https:\/\/i1.wp.com\/www.micoulou-photos.com\/wp-content\/uploads\/2020\/05\/CRW_6002.jpg?fit=1600%2C1067&amp;ssl=1\" data-link=\"https:\/\/www.micoulou-photos.com\/?attachment_id=6091\" class=\"wp-image-6091\" srcset=\"https:\/\/i0.wp.com\/www.micoulou-photos.com\/wp-content\/uploads\/2020\/05\/CRW_6002.jpg?w=1600&amp;ssl=1 1600w, https:\/\/i0.wp.com\/www.micoulou-photos.com\/wp-content\/uploads\/2020\/05\/CRW_6002.jpg?resize=300%2C200&amp;ssl=1 300w, https:\/\/i0.wp.com\/www.micoulou-photos.com\/wp-content\/uploads\/2020\/05\/CRW_6002.jpg?resize=1200%2C800&amp;ssl=1 1200w, https:\/\/i0.wp.com\/www.micoulou-photos.com\/wp-content\/uploads\/2020\/05\/CRW_6002.jpg?resize=1536%2C1024&amp;ssl=1 1536w\" sizes=\"(max-width: 800px) 100vw, 800px\" \/><figcaption class=\"blocks-gallery-item__caption\">bord de Leyre<\/figcaption><\/figure><\/li><li class=\"blocks-gallery-item\"><figure><img decoding=\"async\" width=\"1600\" height=\"1067\" data-attachment-id=\"6092\" data-permalink=\"https:\/\/www.micoulou-photos.com\/index.php\/2020\/05\/26\/photos-en-confinement\/crw_6037-modifier\/\" data-orig-file=\"https:\/\/i0.wp.com\/www.micoulou-photos.com\/wp-content\/uploads\/2020\/05\/CRW_6037-Modifier.jpg?fit=1600%2C1067&amp;ssl=1\" data-orig-size=\"1600,1067\" data-comments-opened=\"1\" data-image-meta=\"{&quot;aperture&quot;:&quot;4.5&quot;,&quot;credit&quot;:&quot;Mickael Minarie&quot;,&quot;camera&quot;:&quot;Canon EOS D60&quot;,&quot;caption&quot;:&quot;&quot;,&quot;created_timestamp&quot;:&quot;1588876544&quot;,&quot;copyright&quot;:&quot;&quot;,&quot;focal_length&quot;:&quot;28&quot;,&quot;iso&quot;:&quot;200&quot;,&quot;shutter_speed&quot;:&quot;0.01&quot;,&quot;title&quot;:&quot;&quot;,&quot;orientation&quot;:&quot;0&quot;}\" data-image-title=\"CRW_6037-Modifier\" data-image-description=\"\" data-image-caption=\"\" data-large-file=\"https:\/\/i0.wp.com\/www.micoulou-photos.com\/wp-content\/uploads\/2020\/05\/CRW_6037-Modifier.jpg?fit=800%2C533&amp;ssl=1\" src=\"https:\/\/i1.wp.com\/www.micoulou-photos.com\/wp-content\/uploads\/2020\/05\/CRW_6037-Modifier.jpg?fit=800%2C533&amp;ssl=1\" alt=\"\" data-id=\"6092\" data-full-url=\"https:\/\/i1.wp.com\/www.micoulou-photos.com\/wp-content\/uploads\/2020\/05\/CRW_6037-Modifier.jpg?fit=1600%2C1067&amp;ssl=1\" data-link=\"https:\/\/www.micoulou-photos.com\/?attachment_id=6092\" class=\"wp-image-6092\" srcset=\"https:\/\/i0.wp.com\/www.micoulou-photos.com\/wp-content\/uploads\/2020\/05\/CRW_6037-Modifier.jpg?w=1600&amp;ssl=1 1600w, https:\/\/i0.wp.com\/www.micoulou-photos.com\/wp-content\/uploads\/2020\/05\/CRW_6037-Modifier.jpg?resize=300%2C200&amp;ssl=1 300w, https:\/\/i0.wp.com\/www.micoulou-photos.com\/wp-content\/uploads\/2020\/05\/CRW_6037-Modifier.jpg?resize=1200%2C800&amp;ssl=1 1200w, https:\/\/i0.wp.com\/www.micoulou-photos.com\/wp-content\/uploads\/2020\/05\/CRW_6037-Modifier.jpg?resize=1536%2C1024&amp;ssl=1 1536w\" sizes=\"(max-width: 800px) 100vw, 800px\" \/><figcaption class=\"blocks-gallery-item__caption\">chemin inond\u00e9<\/figcaption><\/figure><\/li><li class=\"blocks-gallery-item\"><figure><img decoding=\"async\" width=\"1600\" height=\"1067\" data-attachment-id=\"6093\" data-permalink=\"https:\/\/www.micoulou-photos.com\/index.php\/2020\/05\/26\/photos-en-confinement\/dsc03534\/\" data-orig-file=\"https:\/\/i0.wp.com\/www.micoulou-photos.com\/wp-content\/uploads\/2020\/05\/DSC03534.jpg?fit=1600%2C1067&amp;ssl=1\" data-orig-size=\"1600,1067\" data-comments-opened=\"1\" data-image-meta=\"{&quot;aperture&quot;:&quot;0&quot;,&quot;credit&quot;:&quot;&quot;,&quot;camera&quot;:&quot;ILCE-7&quot;,&quot;caption&quot;:&quot;&quot;,&quot;created_timestamp&quot;:&quot;1584553596&quot;,&quot;copyright&quot;:&quot;&quot;,&quot;focal_length&quot;:&quot;0&quot;,&quot;iso&quot;:&quot;100&quot;,&quot;shutter_speed&quot;:&quot;0.00625&quot;,&quot;title&quot;:&quot;&quot;,&quot;orientation&quot;:&quot;0&quot;}\" data-image-title=\"DSC03534\" data-image-description=\"\" data-image-caption=\"\" data-large-file=\"https:\/\/i0.wp.com\/www.micoulou-photos.com\/wp-content\/uploads\/2020\/05\/DSC03534.jpg?fit=800%2C533&amp;ssl=1\" src=\"https:\/\/i0.wp.com\/www.micoulou-photos.com\/wp-content\/uploads\/2020\/05\/DSC03534.jpg?fit=800%2C533&amp;ssl=1\" alt=\"\" data-id=\"6093\" data-full-url=\"https:\/\/i0.wp.com\/www.micoulou-photos.com\/wp-content\/uploads\/2020\/05\/DSC03534.jpg?fit=1600%2C1067&amp;ssl=1\" data-link=\"https:\/\/www.micoulou-photos.com\/?attachment_id=6093\" class=\"wp-image-6093\" srcset=\"https:\/\/i0.wp.com\/www.micoulou-photos.com\/wp-content\/uploads\/2020\/05\/DSC03534.jpg?w=1600&amp;ssl=1 1600w, https:\/\/i0.wp.com\/www.micoulou-photos.com\/wp-content\/uploads\/2020\/05\/DSC03534.jpg?resize=300%2C200&amp;ssl=1 300w, https:\/\/i0.wp.com\/www.micoulou-photos.com\/wp-content\/uploads\/2020\/05\/DSC03534.jpg?resize=1200%2C800&amp;ssl=1 1200w, https:\/\/i0.wp.com\/www.micoulou-photos.com\/wp-content\/uploads\/2020\/05\/DSC03534.jpg?resize=1536%2C1024&amp;ssl=1 1536w\" sizes=\"(max-width: 800px) 100vw, 800px\" \/><figcaption class=\"blocks-gallery-item__caption\">vue de ma fen\u00eatre\/garage.<\/figcaption><\/figure><\/li><li class=\"blocks-gallery-item\"><figure><img loading=\"lazy\" decoding=\"async\" width=\"1600\" height=\"1067\" data-attachment-id=\"6094\" data-permalink=\"https:\/\/www.micoulou-photos.com\/index.php\/2020\/05\/26\/photos-en-confinement\/dsc03607\/\" data-orig-file=\"https:\/\/i0.wp.com\/www.micoulou-photos.com\/wp-content\/uploads\/2020\/05\/DSC03607.jpg?fit=1600%2C1067&amp;ssl=1\" data-orig-size=\"1600,1067\" data-comments-opened=\"1\" data-image-meta=\"{&quot;aperture&quot;:&quot;0&quot;,&quot;credit&quot;:&quot;&quot;,&quot;camera&quot;:&quot;ILCE-7&quot;,&quot;caption&quot;:&quot;&quot;,&quot;created_timestamp&quot;:&quot;1584642420&quot;,&quot;copyright&quot;:&quot;&quot;,&quot;focal_length&quot;:&quot;0&quot;,&quot;iso&quot;:&quot;100&quot;,&quot;shutter_speed&quot;:&quot;0.033333333333333&quot;,&quot;title&quot;:&quot;&quot;,&quot;orientation&quot;:&quot;0&quot;}\" data-image-title=\"DSC03607\" data-image-description=\"\" data-image-caption=\"\" data-large-file=\"https:\/\/i0.wp.com\/www.micoulou-photos.com\/wp-content\/uploads\/2020\/05\/DSC03607.jpg?fit=800%2C533&amp;ssl=1\" src=\"https:\/\/i2.wp.com\/www.micoulou-photos.com\/wp-content\/uploads\/2020\/05\/DSC03607.jpg?fit=800%2C533&amp;ssl=1\" alt=\"\" data-id=\"6094\" data-full-url=\"https:\/\/i2.wp.com\/www.micoulou-photos.com\/wp-content\/uploads\/2020\/05\/DSC03607.jpg?fit=1600%2C1067&amp;ssl=1\" data-link=\"https:\/\/www.micoulou-photos.com\/?attachment_id=6094\" class=\"wp-image-6094\" srcset=\"https:\/\/i0.wp.com\/www.micoulou-photos.com\/wp-content\/uploads\/2020\/05\/DSC03607.jpg?w=1600&amp;ssl=1 1600w, https:\/\/i0.wp.com\/www.micoulou-photos.com\/wp-content\/uploads\/2020\/05\/DSC03607.jpg?resize=300%2C200&amp;ssl=1 300w, https:\/\/i0.wp.com\/www.micoulou-photos.com\/wp-content\/uploads\/2020\/05\/DSC03607.jpg?resize=1200%2C800&amp;ssl=1 1200w, https:\/\/i0.wp.com\/www.micoulou-photos.com\/wp-content\/uploads\/2020\/05\/DSC03607.jpg?resize=1536%2C1024&amp;ssl=1 1536w\" sizes=\"(max-width: 800px) 100vw, 800px\" \/><figcaption class=\"blocks-gallery-item__caption\">chemin<\/figcaption><\/figure><\/li><li class=\"blocks-gallery-item\"><figure><img loading=\"lazy\" decoding=\"async\" width=\"1600\" height=\"1067\" data-attachment-id=\"6095\" data-permalink=\"https:\/\/www.micoulou-photos.com\/index.php\/2020\/05\/26\/photos-en-confinement\/dsc03617\/\" data-orig-file=\"https:\/\/i0.wp.com\/www.micoulou-photos.com\/wp-content\/uploads\/2020\/05\/DSC03617.jpg?fit=1600%2C1067&amp;ssl=1\" data-orig-size=\"1600,1067\" data-comments-opened=\"1\" data-image-meta=\"{&quot;aperture&quot;:&quot;0&quot;,&quot;credit&quot;:&quot;&quot;,&quot;camera&quot;:&quot;ILCE-7&quot;,&quot;caption&quot;:&quot;&quot;,&quot;created_timestamp&quot;:&quot;1584642529&quot;,&quot;copyright&quot;:&quot;&quot;,&quot;focal_length&quot;:&quot;0&quot;,&quot;iso&quot;:&quot;100&quot;,&quot;shutter_speed&quot;:&quot;0.02&quot;,&quot;title&quot;:&quot;&quot;,&quot;orientation&quot;:&quot;0&quot;}\" data-image-title=\"DSC03617\" data-image-description=\"\" data-image-caption=\"\" data-large-file=\"https:\/\/i0.wp.com\/www.micoulou-photos.com\/wp-content\/uploads\/2020\/05\/DSC03617.jpg?fit=800%2C533&amp;ssl=1\" src=\"https:\/\/i0.wp.com\/www.micoulou-photos.com\/wp-content\/uploads\/2020\/05\/DSC03617.jpg?fit=800%2C533&amp;ssl=1\" alt=\"\" data-id=\"6095\" data-full-url=\"https:\/\/i0.wp.com\/www.micoulou-photos.com\/wp-content\/uploads\/2020\/05\/DSC03617.jpg?fit=1600%2C1067&amp;ssl=1\" data-link=\"https:\/\/www.micoulou-photos.com\/?attachment_id=6095\" class=\"wp-image-6095\" srcset=\"https:\/\/i0.wp.com\/www.micoulou-photos.com\/wp-content\/uploads\/2020\/05\/DSC03617.jpg?w=1600&amp;ssl=1 1600w, https:\/\/i0.wp.com\/www.micoulou-photos.com\/wp-content\/uploads\/2020\/05\/DSC03617.jpg?resize=300%2C200&amp;ssl=1 300w, https:\/\/i0.wp.com\/www.micoulou-photos.com\/wp-content\/uploads\/2020\/05\/DSC03617.jpg?resize=1200%2C800&amp;ssl=1 1200w, https:\/\/i0.wp.com\/www.micoulou-photos.com\/wp-content\/uploads\/2020\/05\/DSC03617.jpg?resize=1536%2C1024&amp;ssl=1 1536w\" sizes=\"(max-width: 800px) 100vw, 800px\" \/><figcaption class=\"blocks-gallery-item__caption\">pr\u00e9 \u00e0 mouton inond\u00e9<\/figcaption><\/figure><\/li><li class=\"blocks-gallery-item\"><figure><img loading=\"lazy\" decoding=\"async\" width=\"1600\" height=\"1067\" data-attachment-id=\"6096\" data-permalink=\"https:\/\/www.micoulou-photos.com\/index.php\/2020\/05\/26\/photos-en-confinement\/dsc04148\/\" data-orig-file=\"https:\/\/i0.wp.com\/www.micoulou-photos.com\/wp-content\/uploads\/2020\/05\/DSC04148.jpg?fit=1600%2C1067&amp;ssl=1\" data-orig-size=\"1600,1067\" data-comments-opened=\"1\" data-image-meta=\"{&quot;aperture&quot;:&quot;0&quot;,&quot;credit&quot;:&quot;&quot;,&quot;camera&quot;:&quot;ILCE-7&quot;,&quot;caption&quot;:&quot;&quot;,&quot;created_timestamp&quot;:&quot;1587239540&quot;,&quot;copyright&quot;:&quot;&quot;,&quot;focal_length&quot;:&quot;0&quot;,&quot;iso&quot;:&quot;100&quot;,&quot;shutter_speed&quot;:&quot;0.016666666666667&quot;,&quot;title&quot;:&quot;&quot;,&quot;orientation&quot;:&quot;0&quot;}\" data-image-title=\"DSC04148\" data-image-description=\"\" data-image-caption=\"\" data-large-file=\"https:\/\/i0.wp.com\/www.micoulou-photos.com\/wp-content\/uploads\/2020\/05\/DSC04148.jpg?fit=800%2C533&amp;ssl=1\" src=\"https:\/\/i2.wp.com\/www.micoulou-photos.com\/wp-content\/uploads\/2020\/05\/DSC04148.jpg?fit=800%2C533&amp;ssl=1\" alt=\"\" data-id=\"6096\" data-full-url=\"https:\/\/i2.wp.com\/www.micoulou-photos.com\/wp-content\/uploads\/2020\/05\/DSC04148.jpg?fit=1600%2C1067&amp;ssl=1\" data-link=\"https:\/\/www.micoulou-photos.com\/?attachment_id=6096\" class=\"wp-image-6096\" srcset=\"https:\/\/i0.wp.com\/www.micoulou-photos.com\/wp-content\/uploads\/2020\/05\/DSC04148.jpg?w=1600&amp;ssl=1 1600w, https:\/\/i0.wp.com\/www.micoulou-photos.com\/wp-content\/uploads\/2020\/05\/DSC04148.jpg?resize=300%2C200&amp;ssl=1 300w, https:\/\/i0.wp.com\/www.micoulou-photos.com\/wp-content\/uploads\/2020\/05\/DSC04148.jpg?resize=1200%2C800&amp;ssl=1 1200w, https:\/\/i0.wp.com\/www.micoulou-photos.com\/wp-content\/uploads\/2020\/05\/DSC04148.jpg?resize=1536%2C1024&amp;ssl=1 1536w\" sizes=\"(max-width: 800px) 100vw, 800px\" \/><figcaption class=\"blocks-gallery-item__caption\">arbre mousseux<\/figcaption><\/figure><\/li><li class=\"blocks-gallery-item\"><figure><img loading=\"lazy\" decoding=\"async\" width=\"1600\" height=\"1069\" data-attachment-id=\"6097\" data-permalink=\"https:\/\/www.micoulou-photos.com\/index.php\/2020\/05\/26\/photos-en-confinement\/dsc04324-hdr\/\" data-orig-file=\"https:\/\/i0.wp.com\/www.micoulou-photos.com\/wp-content\/uploads\/2020\/05\/DSC04324-HDR.jpg?fit=1600%2C1069&amp;ssl=1\" data-orig-size=\"1600,1069\" data-comments-opened=\"1\" data-image-meta=\"{&quot;aperture&quot;:&quot;0&quot;,&quot;credit&quot;:&quot;&quot;,&quot;camera&quot;:&quot;ILCE-7S&quot;,&quot;caption&quot;:&quot;&quot;,&quot;created_timestamp&quot;:&quot;1588359947&quot;,&quot;copyright&quot;:&quot;&quot;,&quot;focal_length&quot;:&quot;0&quot;,&quot;iso&quot;:&quot;100&quot;,&quot;shutter_speed&quot;:&quot;0.016666666666667&quot;,&quot;title&quot;:&quot;&quot;,&quot;orientation&quot;:&quot;0&quot;}\" data-image-title=\"DSC04324-HDR\" data-image-description=\"\" data-image-caption=\"\" data-large-file=\"https:\/\/i0.wp.com\/www.micoulou-photos.com\/wp-content\/uploads\/2020\/05\/DSC04324-HDR.jpg?fit=800%2C535&amp;ssl=1\" src=\"https:\/\/i1.wp.com\/www.micoulou-photos.com\/wp-content\/uploads\/2020\/05\/DSC04324-HDR.jpg?fit=800%2C535&amp;ssl=1\" alt=\"\" data-id=\"6097\" data-full-url=\"https:\/\/i1.wp.com\/www.micoulou-photos.com\/wp-content\/uploads\/2020\/05\/DSC04324-HDR.jpg?fit=1600%2C1069&amp;ssl=1\" data-link=\"https:\/\/www.micoulou-photos.com\/?attachment_id=6097\" class=\"wp-image-6097\" srcset=\"https:\/\/i0.wp.com\/www.micoulou-photos.com\/wp-content\/uploads\/2020\/05\/DSC04324-HDR.jpg?w=1600&amp;ssl=1 1600w, https:\/\/i0.wp.com\/www.micoulou-photos.com\/wp-content\/uploads\/2020\/05\/DSC04324-HDR.jpg?resize=300%2C200&amp;ssl=1 300w, https:\/\/i0.wp.com\/www.micoulou-photos.com\/wp-content\/uploads\/2020\/05\/DSC04324-HDR.jpg?resize=1200%2C802&amp;ssl=1 1200w, https:\/\/i0.wp.com\/www.micoulou-photos.com\/wp-content\/uploads\/2020\/05\/DSC04324-HDR.jpg?resize=1536%2C1026&amp;ssl=1 1536w\" sizes=\"(max-width: 800px) 100vw, 800px\" \/><figcaption class=\"blocks-gallery-item__caption\">bord de Leyre<\/figcaption><\/figure><\/li><li class=\"blocks-gallery-item\"><figure><img loading=\"lazy\" decoding=\"async\" width=\"1600\" height=\"1077\" data-attachment-id=\"6098\" data-permalink=\"https:\/\/www.micoulou-photos.com\/index.php\/2020\/05\/26\/photos-en-confinement\/dsc04355-modifier\/\" data-orig-file=\"https:\/\/i0.wp.com\/www.micoulou-photos.com\/wp-content\/uploads\/2020\/05\/DSC04355-Modifier.jpg?fit=1600%2C1077&amp;ssl=1\" data-orig-size=\"1600,1077\" data-comments-opened=\"1\" data-image-meta=\"{&quot;aperture&quot;:&quot;0&quot;,&quot;credit&quot;:&quot;&quot;,&quot;camera&quot;:&quot;ILCE-7S&quot;,&quot;caption&quot;:&quot;&quot;,&quot;created_timestamp&quot;:&quot;1588360093&quot;,&quot;copyright&quot;:&quot;&quot;,&quot;focal_length&quot;:&quot;0&quot;,&quot;iso&quot;:&quot;3200&quot;,&quot;shutter_speed&quot;:&quot;0.016666666666667&quot;,&quot;title&quot;:&quot;&quot;,&quot;orientation&quot;:&quot;0&quot;}\" data-image-title=\"DSC04355-Modifier\" data-image-description=\"\" data-image-caption=\"\" data-large-file=\"https:\/\/i0.wp.com\/www.micoulou-photos.com\/wp-content\/uploads\/2020\/05\/DSC04355-Modifier.jpg?fit=800%2C539&amp;ssl=1\" src=\"https:\/\/i1.wp.com\/www.micoulou-photos.com\/wp-content\/uploads\/2020\/05\/DSC04355-Modifier.jpg?fit=800%2C539&amp;ssl=1\" alt=\"\" data-id=\"6098\" data-full-url=\"https:\/\/i1.wp.com\/www.micoulou-photos.com\/wp-content\/uploads\/2020\/05\/DSC04355-Modifier.jpg?fit=1600%2C1077&amp;ssl=1\" data-link=\"https:\/\/www.micoulou-photos.com\/?attachment_id=6098\" class=\"wp-image-6098\" srcset=\"https:\/\/i0.wp.com\/www.micoulou-photos.com\/wp-content\/uploads\/2020\/05\/DSC04355-Modifier.jpg?w=1600&amp;ssl=1 1600w, https:\/\/i0.wp.com\/www.micoulou-photos.com\/wp-content\/uploads\/2020\/05\/DSC04355-Modifier.jpg?resize=300%2C202&amp;ssl=1 300w, https:\/\/i0.wp.com\/www.micoulou-photos.com\/wp-content\/uploads\/2020\/05\/DSC04355-Modifier.jpg?resize=1200%2C808&amp;ssl=1 1200w, https:\/\/i0.wp.com\/www.micoulou-photos.com\/wp-content\/uploads\/2020\/05\/DSC04355-Modifier.jpg?resize=1536%2C1034&amp;ssl=1 1536w\" sizes=\"(max-width: 800px) 100vw, 800px\" \/><figcaption class=\"blocks-gallery-item__caption\">bord de Leyre<\/figcaption><\/figure><\/li><li class=\"blocks-gallery-item\"><figure><img loading=\"lazy\" decoding=\"async\" width=\"1600\" height=\"1067\" data-attachment-id=\"6099\" data-permalink=\"https:\/\/www.micoulou-photos.com\/index.php\/2020\/05\/26\/photos-en-confinement\/dsc04382\/\" data-orig-file=\"https:\/\/i0.wp.com\/www.micoulou-photos.com\/wp-content\/uploads\/2020\/05\/DSC04382.jpg?fit=1600%2C1067&amp;ssl=1\" data-orig-size=\"1600,1067\" data-comments-opened=\"1\" data-image-meta=\"{&quot;aperture&quot;:&quot;0&quot;,&quot;credit&quot;:&quot;&quot;,&quot;camera&quot;:&quot;ILCE-7&quot;,&quot;caption&quot;:&quot;&quot;,&quot;created_timestamp&quot;:&quot;1587933276&quot;,&quot;copyright&quot;:&quot;&quot;,&quot;focal_length&quot;:&quot;0&quot;,&quot;iso&quot;:&quot;100&quot;,&quot;shutter_speed&quot;:&quot;0.0125&quot;,&quot;title&quot;:&quot;&quot;,&quot;orientation&quot;:&quot;0&quot;}\" data-image-title=\"DSC04382\" data-image-description=\"\" data-image-caption=\"\" data-large-file=\"https:\/\/i0.wp.com\/www.micoulou-photos.com\/wp-content\/uploads\/2020\/05\/DSC04382.jpg?fit=800%2C533&amp;ssl=1\" src=\"https:\/\/i2.wp.com\/www.micoulou-photos.com\/wp-content\/uploads\/2020\/05\/DSC04382.jpg?fit=800%2C533&amp;ssl=1\" alt=\"\" data-id=\"6099\" data-full-url=\"https:\/\/i2.wp.com\/www.micoulou-photos.com\/wp-content\/uploads\/2020\/05\/DSC04382.jpg?fit=1600%2C1067&amp;ssl=1\" data-link=\"https:\/\/www.micoulou-photos.com\/?attachment_id=6099\" class=\"wp-image-6099\" srcset=\"https:\/\/i0.wp.com\/www.micoulou-photos.com\/wp-content\/uploads\/2020\/05\/DSC04382.jpg?w=1600&amp;ssl=1 1600w, https:\/\/i0.wp.com\/www.micoulou-photos.com\/wp-content\/uploads\/2020\/05\/DSC04382.jpg?resize=300%2C200&amp;ssl=1 300w, https:\/\/i0.wp.com\/www.micoulou-photos.com\/wp-content\/uploads\/2020\/05\/DSC04382.jpg?resize=1200%2C800&amp;ssl=1 1200w, https:\/\/i0.wp.com\/www.micoulou-photos.com\/wp-content\/uploads\/2020\/05\/DSC04382.jpg?resize=1536%2C1024&amp;ssl=1 1536w\" sizes=\"(max-width: 800px) 100vw, 800px\" \/><figcaption class=\"blocks-gallery-item__caption\">emplacement du chateau de Belin<\/figcaption><\/figure><\/li><li class=\"blocks-gallery-item\"><figure><img loading=\"lazy\" decoding=\"async\" width=\"1600\" height=\"1069\" data-attachment-id=\"6100\" data-permalink=\"https:\/\/www.micoulou-photos.com\/index.php\/2020\/05\/26\/photos-en-confinement\/dsc04409\/\" data-orig-file=\"https:\/\/i0.wp.com\/www.micoulou-photos.com\/wp-content\/uploads\/2020\/05\/DSC04409.jpg?fit=1600%2C1069&amp;ssl=1\" data-orig-size=\"1600,1069\" data-comments-opened=\"1\" data-image-meta=\"{&quot;aperture&quot;:&quot;0&quot;,&quot;credit&quot;:&quot;&quot;,&quot;camera&quot;:&quot;ILCE-7S&quot;,&quot;caption&quot;:&quot;&quot;,&quot;created_timestamp&quot;:&quot;1588360249&quot;,&quot;copyright&quot;:&quot;&quot;,&quot;focal_length&quot;:&quot;0&quot;,&quot;iso&quot;:&quot;2500&quot;,&quot;shutter_speed&quot;:&quot;0.016666666666667&quot;,&quot;title&quot;:&quot;&quot;,&quot;orientation&quot;:&quot;0&quot;}\" data-image-title=\"DSC04409\" data-image-description=\"\" data-image-caption=\"\" data-large-file=\"https:\/\/i0.wp.com\/www.micoulou-photos.com\/wp-content\/uploads\/2020\/05\/DSC04409.jpg?fit=800%2C535&amp;ssl=1\" src=\"https:\/\/i1.wp.com\/www.micoulou-photos.com\/wp-content\/uploads\/2020\/05\/DSC04409.jpg?fit=800%2C535&amp;ssl=1\" alt=\"\" data-id=\"6100\" data-full-url=\"https:\/\/i1.wp.com\/www.micoulou-photos.com\/wp-content\/uploads\/2020\/05\/DSC04409.jpg?fit=1600%2C1069&amp;ssl=1\" data-link=\"https:\/\/www.micoulou-photos.com\/?attachment_id=6100\" class=\"wp-image-6100\" srcset=\"https:\/\/i0.wp.com\/www.micoulou-photos.com\/wp-content\/uploads\/2020\/05\/DSC04409.jpg?w=1600&amp;ssl=1 1600w, https:\/\/i0.wp.com\/www.micoulou-photos.com\/wp-content\/uploads\/2020\/05\/DSC04409.jpg?resize=300%2C200&amp;ssl=1 300w, https:\/\/i0.wp.com\/www.micoulou-photos.com\/wp-content\/uploads\/2020\/05\/DSC04409.jpg?resize=1200%2C802&amp;ssl=1 1200w, https:\/\/i0.wp.com\/www.micoulou-photos.com\/wp-content\/uploads\/2020\/05\/DSC04409.jpg?resize=1536%2C1026&amp;ssl=1 1536w\" sizes=\"(max-width: 800px) 100vw, 800px\" \/><figcaption class=\"blocks-gallery-item__caption\">bord de Leyez<\/figcaption><\/figure><\/li><li class=\"blocks-gallery-item\"><figure><img loading=\"lazy\" decoding=\"async\" width=\"1600\" height=\"1069\" data-attachment-id=\"6101\" data-permalink=\"https:\/\/www.micoulou-photos.com\/index.php\/2020\/05\/26\/photos-en-confinement\/dsc04424-2\/\" data-orig-file=\"https:\/\/i0.wp.com\/www.micoulou-photos.com\/wp-content\/uploads\/2020\/05\/DSC04424.jpg?fit=1600%2C1069&amp;ssl=1\" data-orig-size=\"1600,1069\" data-comments-opened=\"1\" data-image-meta=\"{&quot;aperture&quot;:&quot;0&quot;,&quot;credit&quot;:&quot;&quot;,&quot;camera&quot;:&quot;ILCE-7S&quot;,&quot;caption&quot;:&quot;&quot;,&quot;created_timestamp&quot;:&quot;1588360323&quot;,&quot;copyright&quot;:&quot;&quot;,&quot;focal_length&quot;:&quot;0&quot;,&quot;iso&quot;:&quot;2500&quot;,&quot;shutter_speed&quot;:&quot;0.016666666666667&quot;,&quot;title&quot;:&quot;&quot;,&quot;orientation&quot;:&quot;0&quot;}\" data-image-title=\"DSC04424\" data-image-description=\"\" data-image-caption=\"\" data-large-file=\"https:\/\/i0.wp.com\/www.micoulou-photos.com\/wp-content\/uploads\/2020\/05\/DSC04424.jpg?fit=800%2C535&amp;ssl=1\" src=\"https:\/\/i1.wp.com\/www.micoulou-photos.com\/wp-content\/uploads\/2020\/05\/DSC04424.jpg?fit=800%2C535&amp;ssl=1\" alt=\"\" data-id=\"6101\" data-full-url=\"https:\/\/i1.wp.com\/www.micoulou-photos.com\/wp-content\/uploads\/2020\/05\/DSC04424.jpg?fit=1600%2C1069&amp;ssl=1\" data-link=\"https:\/\/www.micoulou-photos.com\/?attachment_id=6101\" class=\"wp-image-6101\" srcset=\"https:\/\/i0.wp.com\/www.micoulou-photos.com\/wp-content\/uploads\/2020\/05\/DSC04424.jpg?w=1600&amp;ssl=1 1600w, https:\/\/i0.wp.com\/www.micoulou-photos.com\/wp-content\/uploads\/2020\/05\/DSC04424.jpg?resize=300%2C200&amp;ssl=1 300w, https:\/\/i0.wp.com\/www.micoulou-photos.com\/wp-content\/uploads\/2020\/05\/DSC04424.jpg?resize=1200%2C802&amp;ssl=1 1200w, https:\/\/i0.wp.com\/www.micoulou-photos.com\/wp-content\/uploads\/2020\/05\/DSC04424.jpg?resize=1536%2C1026&amp;ssl=1 1536w\" sizes=\"(max-width: 800px) 100vw, 800px\" \/><figcaption class=\"blocks-gallery-item__caption\">chemin vers la Leyre<\/figcaption><\/figure><\/li><li class=\"blocks-gallery-item\"><figure><img loading=\"lazy\" decoding=\"async\" width=\"1600\" height=\"1069\" data-attachment-id=\"6102\" data-permalink=\"https:\/\/www.micoulou-photos.com\/index.php\/2020\/05\/26\/photos-en-confinement\/dsc04448\/\" data-orig-file=\"https:\/\/i0.wp.com\/www.micoulou-photos.com\/wp-content\/uploads\/2020\/05\/DSC04448.jpg?fit=1600%2C1069&amp;ssl=1\" data-orig-size=\"1600,1069\" data-comments-opened=\"1\" data-image-meta=\"{&quot;aperture&quot;:&quot;0&quot;,&quot;credit&quot;:&quot;&quot;,&quot;camera&quot;:&quot;ILCE-7S&quot;,&quot;caption&quot;:&quot;&quot;,&quot;created_timestamp&quot;:&quot;1588360470&quot;,&quot;copyright&quot;:&quot;&quot;,&quot;focal_length&quot;:&quot;0&quot;,&quot;iso&quot;:&quot;400&quot;,&quot;shutter_speed&quot;:&quot;0.016666666666667&quot;,&quot;title&quot;:&quot;&quot;,&quot;orientation&quot;:&quot;0&quot;}\" data-image-title=\"DSC04448\" data-image-description=\"\" data-image-caption=\"\" data-large-file=\"https:\/\/i0.wp.com\/www.micoulou-photos.com\/wp-content\/uploads\/2020\/05\/DSC04448.jpg?fit=800%2C535&amp;ssl=1\" src=\"https:\/\/i1.wp.com\/www.micoulou-photos.com\/wp-content\/uploads\/2020\/05\/DSC04448.jpg?fit=800%2C535&amp;ssl=1\" alt=\"\" data-id=\"6102\" data-full-url=\"https:\/\/i1.wp.com\/www.micoulou-photos.com\/wp-content\/uploads\/2020\/05\/DSC04448.jpg?fit=1600%2C1069&amp;ssl=1\" data-link=\"https:\/\/www.micoulou-photos.com\/?attachment_id=6102\" class=\"wp-image-6102\" srcset=\"https:\/\/i0.wp.com\/www.micoulou-photos.com\/wp-content\/uploads\/2020\/05\/DSC04448.jpg?w=1600&amp;ssl=1 1600w, https:\/\/i0.wp.com\/www.micoulou-photos.com\/wp-content\/uploads\/2020\/05\/DSC04448.jpg?resize=300%2C200&amp;ssl=1 300w, https:\/\/i0.wp.com\/www.micoulou-photos.com\/wp-content\/uploads\/2020\/05\/DSC04448.jpg?resize=1200%2C802&amp;ssl=1 1200w, https:\/\/i0.wp.com\/www.micoulou-photos.com\/wp-content\/uploads\/2020\/05\/DSC04448.jpg?resize=1536%2C1026&amp;ssl=1 1536w\" sizes=\"(max-width: 800px) 100vw, 800px\" \/><figcaption class=\"blocks-gallery-item__caption\">Route de Lugo<\/figcaption><\/figure><\/li><li class=\"blocks-gallery-item\"><figure><img loading=\"lazy\" decoding=\"async\" width=\"1600\" height=\"1047\" data-attachment-id=\"6103\" data-permalink=\"https:\/\/www.micoulou-photos.com\/index.php\/2020\/05\/26\/photos-en-confinement\/dsc04468-hdr-modifier\/\" data-orig-file=\"https:\/\/i0.wp.com\/www.micoulou-photos.com\/wp-content\/uploads\/2020\/05\/DSC04468-HDR-Modifier.jpg?fit=1600%2C1047&amp;ssl=1\" data-orig-size=\"1600,1047\" data-comments-opened=\"1\" data-image-meta=\"{&quot;aperture&quot;:&quot;0&quot;,&quot;credit&quot;:&quot;&quot;,&quot;camera&quot;:&quot;ILCE-7S&quot;,&quot;caption&quot;:&quot;&quot;,&quot;created_timestamp&quot;:&quot;1588360819&quot;,&quot;copyright&quot;:&quot;&quot;,&quot;focal_length&quot;:&quot;0&quot;,&quot;iso&quot;:&quot;100&quot;,&quot;shutter_speed&quot;:&quot;0.004&quot;,&quot;title&quot;:&quot;&quot;,&quot;orientation&quot;:&quot;0&quot;}\" data-image-title=\"DSC04468-HDR-Modifier\" data-image-description=\"\" data-image-caption=\"\" data-large-file=\"https:\/\/i0.wp.com\/www.micoulou-photos.com\/wp-content\/uploads\/2020\/05\/DSC04468-HDR-Modifier.jpg?fit=800%2C523&amp;ssl=1\" src=\"https:\/\/i0.wp.com\/www.micoulou-photos.com\/wp-content\/uploads\/2020\/05\/DSC04468-HDR-Modifier.jpg?fit=800%2C523&amp;ssl=1\" alt=\"\" data-id=\"6103\" data-full-url=\"https:\/\/i0.wp.com\/www.micoulou-photos.com\/wp-content\/uploads\/2020\/05\/DSC04468-HDR-Modifier.jpg?fit=1600%2C1047&amp;ssl=1\" data-link=\"https:\/\/www.micoulou-photos.com\/?attachment_id=6103\" class=\"wp-image-6103\" srcset=\"https:\/\/i0.wp.com\/www.micoulou-photos.com\/wp-content\/uploads\/2020\/05\/DSC04468-HDR-Modifier.jpg?w=1600&amp;ssl=1 1600w, https:\/\/i0.wp.com\/www.micoulou-photos.com\/wp-content\/uploads\/2020\/05\/DSC04468-HDR-Modifier.jpg?resize=300%2C196&amp;ssl=1 300w, https:\/\/i0.wp.com\/www.micoulou-photos.com\/wp-content\/uploads\/2020\/05\/DSC04468-HDR-Modifier.jpg?resize=1200%2C785&amp;ssl=1 1200w, https:\/\/i0.wp.com\/www.micoulou-photos.com\/wp-content\/uploads\/2020\/05\/DSC04468-HDR-Modifier.jpg?resize=1536%2C1005&amp;ssl=1 1536w\" sizes=\"(max-width: 800px) 100vw, 800px\" \/><figcaption class=\"blocks-gallery-item__caption\">Leyre qui d\u00e9borde<\/figcaption><\/figure><\/li><li class=\"blocks-gallery-item\"><figure><img loading=\"lazy\" decoding=\"async\" width=\"1600\" height=\"1069\" data-attachment-id=\"6104\" data-permalink=\"https:\/\/www.micoulou-photos.com\/index.php\/2020\/05\/26\/photos-en-confinement\/dsc04530\/\" data-orig-file=\"https:\/\/i0.wp.com\/www.micoulou-photos.com\/wp-content\/uploads\/2020\/05\/DSC04530.jpg?fit=1600%2C1069&amp;ssl=1\" data-orig-size=\"1600,1069\" data-comments-opened=\"1\" data-image-meta=\"{&quot;aperture&quot;:&quot;0&quot;,&quot;credit&quot;:&quot;&quot;,&quot;camera&quot;:&quot;ILCE-7S&quot;,&quot;caption&quot;:&quot;&quot;,&quot;created_timestamp&quot;:&quot;1588361413&quot;,&quot;copyright&quot;:&quot;&quot;,&quot;focal_length&quot;:&quot;0&quot;,&quot;iso&quot;:&quot;10000&quot;,&quot;shutter_speed&quot;:&quot;0.016666666666667&quot;,&quot;title&quot;:&quot;&quot;,&quot;orientation&quot;:&quot;0&quot;}\" data-image-title=\"DSC04530\" data-image-description=\"\" data-image-caption=\"\" data-large-file=\"https:\/\/i0.wp.com\/www.micoulou-photos.com\/wp-content\/uploads\/2020\/05\/DSC04530.jpg?fit=800%2C535&amp;ssl=1\" src=\"https:\/\/i0.wp.com\/www.micoulou-photos.com\/wp-content\/uploads\/2020\/05\/DSC04530.jpg?fit=800%2C535&amp;ssl=1\" alt=\"\" data-id=\"6104\" data-full-url=\"https:\/\/i0.wp.com\/www.micoulou-photos.com\/wp-content\/uploads\/2020\/05\/DSC04530.jpg?fit=1600%2C1069&amp;ssl=1\" data-link=\"https:\/\/www.micoulou-photos.com\/?attachment_id=6104\" class=\"wp-image-6104\" srcset=\"https:\/\/i0.wp.com\/www.micoulou-photos.com\/wp-content\/uploads\/2020\/05\/DSC04530.jpg?w=1600&amp;ssl=1 1600w, https:\/\/i0.wp.com\/www.micoulou-photos.com\/wp-content\/uploads\/2020\/05\/DSC04530.jpg?resize=300%2C200&amp;ssl=1 300w, https:\/\/i0.wp.com\/www.micoulou-photos.com\/wp-content\/uploads\/2020\/05\/DSC04530.jpg?resize=1200%2C802&amp;ssl=1 1200w, https:\/\/i0.wp.com\/www.micoulou-photos.com\/wp-content\/uploads\/2020\/05\/DSC04530.jpg?resize=1536%2C1026&amp;ssl=1 1536w\" sizes=\"(max-width: 800px) 100vw, 800px\" \/><figcaption class=\"blocks-gallery-item__caption\">dans les bois de Belin<\/figcaption><\/figure><\/li><li class=\"blocks-gallery-item\"><figure><img loading=\"lazy\" decoding=\"async\" width=\"1600\" height=\"1068\" data-attachment-id=\"6105\" data-permalink=\"https:\/\/www.micoulou-photos.com\/index.php\/2020\/05\/26\/photos-en-confinement\/dsc09359\/\" data-orig-file=\"https:\/\/i0.wp.com\/www.micoulou-photos.com\/wp-content\/uploads\/2020\/05\/DSC09359.jpg?fit=1600%2C1068&amp;ssl=1\" data-orig-size=\"1600,1068\" data-comments-opened=\"1\" data-image-meta=\"{&quot;aperture&quot;:&quot;0&quot;,&quot;credit&quot;:&quot;&quot;,&quot;camera&quot;:&quot;ILCE-7R&quot;,&quot;caption&quot;:&quot;&quot;,&quot;created_timestamp&quot;:&quot;1588449350&quot;,&quot;copyright&quot;:&quot;&quot;,&quot;focal_length&quot;:&quot;0&quot;,&quot;iso&quot;:&quot;400&quot;,&quot;shutter_speed&quot;:&quot;0.016666666666667&quot;,&quot;title&quot;:&quot;&quot;,&quot;orientation&quot;:&quot;0&quot;}\" data-image-title=\"DSC09359\" data-image-description=\"\" data-image-caption=\"\" data-large-file=\"https:\/\/i0.wp.com\/www.micoulou-photos.com\/wp-content\/uploads\/2020\/05\/DSC09359.jpg?fit=800%2C534&amp;ssl=1\" src=\"https:\/\/i1.wp.com\/www.micoulou-photos.com\/wp-content\/uploads\/2020\/05\/DSC09359.jpg?fit=800%2C534&amp;ssl=1\" alt=\"\" data-id=\"6105\" data-full-url=\"https:\/\/i1.wp.com\/www.micoulou-photos.com\/wp-content\/uploads\/2020\/05\/DSC09359.jpg?fit=1600%2C1068&amp;ssl=1\" data-link=\"https:\/\/www.micoulou-photos.com\/?attachment_id=6105\" class=\"wp-image-6105\" srcset=\"https:\/\/i0.wp.com\/www.micoulou-photos.com\/wp-content\/uploads\/2020\/05\/DSC09359.jpg?w=1600&amp;ssl=1 1600w, https:\/\/i0.wp.com\/www.micoulou-photos.com\/wp-content\/uploads\/2020\/05\/DSC09359.jpg?resize=300%2C200&amp;ssl=1 300w, https:\/\/i0.wp.com\/www.micoulou-photos.com\/wp-content\/uploads\/2020\/05\/DSC09359.jpg?resize=1200%2C801&amp;ssl=1 1200w, https:\/\/i0.wp.com\/www.micoulou-photos.com\/wp-content\/uploads\/2020\/05\/DSC09359.jpg?resize=1536%2C1025&amp;ssl=1 1536w\" sizes=\"(max-width: 800px) 100vw, 800px\" \/><figcaption class=\"blocks-gallery-item__caption\">dans les bois de la landes de gascogne<\/figcaption><\/figure><\/li><li class=\"blocks-gallery-item\"><figure><img loading=\"lazy\" decoding=\"async\" width=\"1600\" height=\"1068\" data-attachment-id=\"6106\" data-permalink=\"https:\/\/www.micoulou-photos.com\/index.php\/2020\/05\/26\/photos-en-confinement\/dsc09431\/\" data-orig-file=\"https:\/\/i0.wp.com\/www.micoulou-photos.com\/wp-content\/uploads\/2020\/05\/DSC09431.jpg?fit=1600%2C1068&amp;ssl=1\" data-orig-size=\"1600,1068\" data-comments-opened=\"1\" data-image-meta=\"{&quot;aperture&quot;:&quot;0&quot;,&quot;credit&quot;:&quot;&quot;,&quot;camera&quot;:&quot;ILCE-7R&quot;,&quot;caption&quot;:&quot;&quot;,&quot;created_timestamp&quot;:&quot;1588449735&quot;,&quot;copyright&quot;:&quot;&quot;,&quot;focal_length&quot;:&quot;0&quot;,&quot;iso&quot;:&quot;160&quot;,&quot;shutter_speed&quot;:&quot;0.05&quot;,&quot;title&quot;:&quot;&quot;,&quot;orientation&quot;:&quot;0&quot;}\" data-image-title=\"DSC09431\" data-image-description=\"\" data-image-caption=\"\" data-large-file=\"https:\/\/i0.wp.com\/www.micoulou-photos.com\/wp-content\/uploads\/2020\/05\/DSC09431.jpg?fit=800%2C534&amp;ssl=1\" src=\"https:\/\/i1.wp.com\/www.micoulou-photos.com\/wp-content\/uploads\/2020\/05\/DSC09431.jpg?fit=800%2C534&amp;ssl=1\" alt=\"\" data-id=\"6106\" data-full-url=\"https:\/\/i1.wp.com\/www.micoulou-photos.com\/wp-content\/uploads\/2020\/05\/DSC09431.jpg?fit=1600%2C1068&amp;ssl=1\" data-link=\"https:\/\/www.micoulou-photos.com\/?attachment_id=6106\" class=\"wp-image-6106\" srcset=\"https:\/\/i0.wp.com\/www.micoulou-photos.com\/wp-content\/uploads\/2020\/05\/DSC09431.jpg?w=1600&amp;ssl=1 1600w, https:\/\/i0.wp.com\/www.micoulou-photos.com\/wp-content\/uploads\/2020\/05\/DSC09431.jpg?resize=300%2C200&amp;ssl=1 300w, https:\/\/i0.wp.com\/www.micoulou-photos.com\/wp-content\/uploads\/2020\/05\/DSC09431.jpg?resize=1200%2C801&amp;ssl=1 1200w, https:\/\/i0.wp.com\/www.micoulou-photos.com\/wp-content\/uploads\/2020\/05\/DSC09431.jpg?resize=1536%2C1025&amp;ssl=1 1536w\" sizes=\"(max-width: 800px) 100vw, 800px\" \/><figcaption class=\"blocks-gallery-item__caption\">entre mes 2 spots photos<\/figcaption><\/figure><\/li><li class=\"blocks-gallery-item\"><figure><img loading=\"lazy\" decoding=\"async\" width=\"1600\" height=\"1200\" data-attachment-id=\"6107\" data-permalink=\"https:\/\/www.micoulou-photos.com\/index.php\/2020\/05\/26\/photos-en-confinement\/img_0529\/\" data-orig-file=\"https:\/\/i0.wp.com\/www.micoulou-photos.com\/wp-content\/uploads\/2020\/05\/IMG_0529.jpg?fit=1600%2C1200&amp;ssl=1\" data-orig-size=\"1600,1200\" data-comments-opened=\"1\" data-image-meta=\"{&quot;aperture&quot;:&quot;2.8&quot;,&quot;credit&quot;:&quot;&quot;,&quot;camera&quot;:&quot;Canon PowerShot A430&quot;,&quot;caption&quot;:&quot;&quot;,&quot;created_timestamp&quot;:&quot;1586117377&quot;,&quot;copyright&quot;:&quot;&quot;,&quot;focal_length&quot;:&quot;5.4&quot;,&quot;iso&quot;:&quot;63&quot;,&quot;shutter_speed&quot;:&quot;0.008&quot;,&quot;title&quot;:&quot;&quot;,&quot;orientation&quot;:&quot;0&quot;}\" data-image-title=\"IMG_0529\" data-image-description=\"\" data-image-caption=\"\" data-large-file=\"https:\/\/i0.wp.com\/www.micoulou-photos.com\/wp-content\/uploads\/2020\/05\/IMG_0529.jpg?fit=800%2C600&amp;ssl=1\" src=\"https:\/\/i0.wp.com\/www.micoulou-photos.com\/wp-content\/uploads\/2020\/05\/IMG_0529.jpg?fit=800%2C600&amp;ssl=1\" alt=\"\" data-id=\"6107\" data-full-url=\"https:\/\/i0.wp.com\/www.micoulou-photos.com\/wp-content\/uploads\/2020\/05\/IMG_0529.jpg?fit=1600%2C1200&amp;ssl=1\" data-link=\"https:\/\/www.micoulou-photos.com\/?attachment_id=6107\" class=\"wp-image-6107\" srcset=\"https:\/\/i0.wp.com\/www.micoulou-photos.com\/wp-content\/uploads\/2020\/05\/IMG_0529.jpg?w=1600&amp;ssl=1 1600w, https:\/\/i0.wp.com\/www.micoulou-photos.com\/wp-content\/uploads\/2020\/05\/IMG_0529.jpg?resize=300%2C225&amp;ssl=1 300w, https:\/\/i0.wp.com\/www.micoulou-photos.com\/wp-content\/uploads\/2020\/05\/IMG_0529.jpg?resize=1200%2C900&amp;ssl=1 1200w, https:\/\/i0.wp.com\/www.micoulou-photos.com\/wp-content\/uploads\/2020\/05\/IMG_0529.jpg?resize=1536%2C1152&amp;ssl=1 1536w\" sizes=\"(max-width: 800px) 100vw, 800px\" \/><figcaption class=\"blocks-gallery-item__caption\">Emplacement du chateau d&rsquo;alienor<\/figcaption><\/figure><\/li><li class=\"blocks-gallery-item\"><figure><img loading=\"lazy\" decoding=\"async\" width=\"1600\" height=\"1200\" data-attachment-id=\"6108\" data-permalink=\"https:\/\/www.micoulou-photos.com\/index.php\/2020\/05\/26\/photos-en-confinement\/img_0533\/\" data-orig-file=\"https:\/\/i0.wp.com\/www.micoulou-photos.com\/wp-content\/uploads\/2020\/05\/IMG_0533.jpg?fit=1600%2C1200&amp;ssl=1\" data-orig-size=\"1600,1200\" data-comments-opened=\"1\" data-image-meta=\"{&quot;aperture&quot;:&quot;5.6&quot;,&quot;credit&quot;:&quot;&quot;,&quot;camera&quot;:&quot;Canon PowerShot A430&quot;,&quot;caption&quot;:&quot;&quot;,&quot;created_timestamp&quot;:&quot;1586117428&quot;,&quot;copyright&quot;:&quot;&quot;,&quot;focal_length&quot;:&quot;5.4&quot;,&quot;iso&quot;:&quot;63&quot;,&quot;shutter_speed&quot;:&quot;0.0025&quot;,&quot;title&quot;:&quot;&quot;,&quot;orientation&quot;:&quot;0&quot;}\" data-image-title=\"IMG_0533\" data-image-description=\"\" data-image-caption=\"\" data-large-file=\"https:\/\/i0.wp.com\/www.micoulou-photos.com\/wp-content\/uploads\/2020\/05\/IMG_0533.jpg?fit=800%2C600&amp;ssl=1\" src=\"https:\/\/i2.wp.com\/www.micoulou-photos.com\/wp-content\/uploads\/2020\/05\/IMG_0533.jpg?fit=800%2C600&amp;ssl=1\" alt=\"\" data-id=\"6108\" data-full-url=\"https:\/\/i2.wp.com\/www.micoulou-photos.com\/wp-content\/uploads\/2020\/05\/IMG_0533.jpg?fit=1600%2C1200&amp;ssl=1\" data-link=\"https:\/\/www.micoulou-photos.com\/?attachment_id=6108\" class=\"wp-image-6108\" srcset=\"https:\/\/i0.wp.com\/www.micoulou-photos.com\/wp-content\/uploads\/2020\/05\/IMG_0533.jpg?w=1600&amp;ssl=1 1600w, https:\/\/i0.wp.com\/www.micoulou-photos.com\/wp-content\/uploads\/2020\/05\/IMG_0533.jpg?resize=300%2C225&amp;ssl=1 300w, https:\/\/i0.wp.com\/www.micoulou-photos.com\/wp-content\/uploads\/2020\/05\/IMG_0533.jpg?resize=1200%2C900&amp;ssl=1 1200w, https:\/\/i0.wp.com\/www.micoulou-photos.com\/wp-content\/uploads\/2020\/05\/IMG_0533.jpg?resize=1536%2C1152&amp;ssl=1 1536w\" sizes=\"(max-width: 800px) 100vw, 800px\" \/><figcaption class=\"blocks-gallery-item__caption\">pr\u00e9 pr\u00e8s du chateau d&rsquo;alienor<\/figcaption><\/figure><\/li><li class=\"blocks-gallery-item\"><figure><img loading=\"lazy\" decoding=\"async\" width=\"1600\" height=\"1071\" data-attachment-id=\"6109\" data-permalink=\"https:\/\/www.micoulou-photos.com\/index.php\/2020\/05\/26\/photos-en-confinement\/imgp7800\/\" data-orig-file=\"https:\/\/i0.wp.com\/www.micoulou-photos.com\/wp-content\/uploads\/2020\/05\/IMGP7800.jpg?fit=1600%2C1071&amp;ssl=1\" data-orig-size=\"1600,1071\" data-comments-opened=\"1\" data-image-meta=\"{&quot;aperture&quot;:&quot;4&quot;,&quot;credit&quot;:&quot;&quot;,&quot;camera&quot;:&quot;PENTAX K200D&quot;,&quot;caption&quot;:&quot;&quot;,&quot;created_timestamp&quot;:&quot;1587581413&quot;,&quot;copyright&quot;:&quot;&quot;,&quot;focal_length&quot;:&quot;23&quot;,&quot;iso&quot;:&quot;200&quot;,&quot;shutter_speed&quot;:&quot;0.066666666666667&quot;,&quot;title&quot;:&quot;&quot;,&quot;orientation&quot;:&quot;0&quot;}\" data-image-title=\"IMGP7800\" data-image-description=\"\" data-image-caption=\"\" data-large-file=\"https:\/\/i0.wp.com\/www.micoulou-photos.com\/wp-content\/uploads\/2020\/05\/IMGP7800.jpg?fit=800%2C535&amp;ssl=1\" src=\"https:\/\/i1.wp.com\/www.micoulou-photos.com\/wp-content\/uploads\/2020\/05\/IMGP7800.jpg?fit=800%2C535&amp;ssl=1\" alt=\"\" data-id=\"6109\" data-full-url=\"https:\/\/i1.wp.com\/www.micoulou-photos.com\/wp-content\/uploads\/2020\/05\/IMGP7800.jpg?fit=1600%2C1071&amp;ssl=1\" data-link=\"https:\/\/www.micoulou-photos.com\/?attachment_id=6109\" class=\"wp-image-6109\" srcset=\"https:\/\/i0.wp.com\/www.micoulou-photos.com\/wp-content\/uploads\/2020\/05\/IMGP7800.jpg?w=1600&amp;ssl=1 1600w, https:\/\/i0.wp.com\/www.micoulou-photos.com\/wp-content\/uploads\/2020\/05\/IMGP7800.jpg?resize=300%2C201&amp;ssl=1 300w, https:\/\/i0.wp.com\/www.micoulou-photos.com\/wp-content\/uploads\/2020\/05\/IMGP7800.jpg?resize=1200%2C803&amp;ssl=1 1200w, https:\/\/i0.wp.com\/www.micoulou-photos.com\/wp-content\/uploads\/2020\/05\/IMGP7800.jpg?resize=1536%2C1028&amp;ssl=1 1536w\" sizes=\"(max-width: 800px) 100vw, 800px\" \/><figcaption class=\"blocks-gallery-item__caption\">abris \u00e0 mouton<\/figcaption><\/figure><\/li><li class=\"blocks-gallery-item\"><figure><img loading=\"lazy\" decoding=\"async\" width=\"1600\" height=\"1071\" data-attachment-id=\"6110\" data-permalink=\"https:\/\/www.micoulou-photos.com\/index.php\/2020\/05\/26\/photos-en-confinement\/imgp8109\/\" data-orig-file=\"https:\/\/i0.wp.com\/www.micoulou-photos.com\/wp-content\/uploads\/2020\/05\/IMGP8109.jpg?fit=1600%2C1071&amp;ssl=1\" data-orig-size=\"1600,1071\" data-comments-opened=\"1\" data-image-meta=\"{&quot;aperture&quot;:&quot;0&quot;,&quot;credit&quot;:&quot;&quot;,&quot;camera&quot;:&quot;PENTAX K200D&quot;,&quot;caption&quot;:&quot;&quot;,&quot;created_timestamp&quot;:&quot;1588536336&quot;,&quot;copyright&quot;:&quot;&quot;,&quot;focal_length&quot;:&quot;120&quot;,&quot;iso&quot;:&quot;200&quot;,&quot;shutter_speed&quot;:&quot;0.011111111111111&quot;,&quot;title&quot;:&quot;&quot;,&quot;orientation&quot;:&quot;0&quot;}\" data-image-title=\"IMGP8109\" data-image-description=\"\" data-image-caption=\"\" data-large-file=\"https:\/\/i0.wp.com\/www.micoulou-photos.com\/wp-content\/uploads\/2020\/05\/IMGP8109.jpg?fit=800%2C535&amp;ssl=1\" src=\"https:\/\/i2.wp.com\/www.micoulou-photos.com\/wp-content\/uploads\/2020\/05\/IMGP8109.jpg?fit=800%2C535&amp;ssl=1\" alt=\"\" data-id=\"6110\" data-full-url=\"https:\/\/i2.wp.com\/www.micoulou-photos.com\/wp-content\/uploads\/2020\/05\/IMGP8109.jpg?fit=1600%2C1071&amp;ssl=1\" data-link=\"https:\/\/www.micoulou-photos.com\/?attachment_id=6110\" class=\"wp-image-6110\" srcset=\"https:\/\/i0.wp.com\/www.micoulou-photos.com\/wp-content\/uploads\/2020\/05\/IMGP8109.jpg?w=1600&amp;ssl=1 1600w, https:\/\/i0.wp.com\/www.micoulou-photos.com\/wp-content\/uploads\/2020\/05\/IMGP8109.jpg?resize=300%2C201&amp;ssl=1 300w, https:\/\/i0.wp.com\/www.micoulou-photos.com\/wp-content\/uploads\/2020\/05\/IMGP8109.jpg?resize=1200%2C803&amp;ssl=1 1200w, https:\/\/i0.wp.com\/www.micoulou-photos.com\/wp-content\/uploads\/2020\/05\/IMGP8109.jpg?resize=1536%2C1028&amp;ssl=1 1536w\" sizes=\"(max-width: 800px) 100vw, 800px\" \/><figcaption class=\"blocks-gallery-item__caption\">lumi\u00e8re dans le bois<\/figcaption><\/figure><\/li><li class=\"blocks-gallery-item\"><figure><img loading=\"lazy\" decoding=\"async\" width=\"1600\" height=\"1071\" data-attachment-id=\"6111\" data-permalink=\"https:\/\/www.micoulou-photos.com\/index.php\/2020\/05\/26\/photos-en-confinement\/imgp8149\/\" data-orig-file=\"https:\/\/i0.wp.com\/www.micoulou-photos.com\/wp-content\/uploads\/2020\/05\/IMGP8149.jpg?fit=1600%2C1071&amp;ssl=1\" data-orig-size=\"1600,1071\" data-comments-opened=\"1\" data-image-meta=\"{&quot;aperture&quot;:&quot;0&quot;,&quot;credit&quot;:&quot;&quot;,&quot;camera&quot;:&quot;PENTAX K200D&quot;,&quot;caption&quot;:&quot;&quot;,&quot;created_timestamp&quot;:&quot;1588536531&quot;,&quot;copyright&quot;:&quot;&quot;,&quot;focal_length&quot;:&quot;120&quot;,&quot;iso&quot;:&quot;400&quot;,&quot;shutter_speed&quot;:&quot;0.011111111111111&quot;,&quot;title&quot;:&quot;&quot;,&quot;orientation&quot;:&quot;0&quot;}\" data-image-title=\"IMGP8149\" data-image-description=\"\" data-image-caption=\"\" data-large-file=\"https:\/\/i0.wp.com\/www.micoulou-photos.com\/wp-content\/uploads\/2020\/05\/IMGP8149.jpg?fit=800%2C535&amp;ssl=1\" src=\"https:\/\/i1.wp.com\/www.micoulou-photos.com\/wp-content\/uploads\/2020\/05\/IMGP8149.jpg?fit=800%2C535&amp;ssl=1\" alt=\"\" data-id=\"6111\" data-full-url=\"https:\/\/i1.wp.com\/www.micoulou-photos.com\/wp-content\/uploads\/2020\/05\/IMGP8149.jpg?fit=1600%2C1071&amp;ssl=1\" data-link=\"https:\/\/www.micoulou-photos.com\/?attachment_id=6111\" class=\"wp-image-6111\" srcset=\"https:\/\/i0.wp.com\/www.micoulou-photos.com\/wp-content\/uploads\/2020\/05\/IMGP8149.jpg?w=1600&amp;ssl=1 1600w, https:\/\/i0.wp.com\/www.micoulou-photos.com\/wp-content\/uploads\/2020\/05\/IMGP8149.jpg?resize=300%2C201&amp;ssl=1 300w, https:\/\/i0.wp.com\/www.micoulou-photos.com\/wp-content\/uploads\/2020\/05\/IMGP8149.jpg?resize=1200%2C803&amp;ssl=1 1200w, https:\/\/i0.wp.com\/www.micoulou-photos.com\/wp-content\/uploads\/2020\/05\/IMGP8149.jpg?resize=1536%2C1028&amp;ssl=1 1536w\" sizes=\"(max-width: 800px) 100vw, 800px\" \/><figcaption class=\"blocks-gallery-item__caption\">bord de leyre<\/figcaption><\/figure><\/li><li class=\"blocks-gallery-item\"><figure><img loading=\"lazy\" decoding=\"async\" width=\"1600\" height=\"1071\" data-attachment-id=\"6112\" data-permalink=\"https:\/\/www.micoulou-photos.com\/index.php\/2020\/05\/26\/photos-en-confinement\/imgp8252\/\" data-orig-file=\"https:\/\/i0.wp.com\/www.micoulou-photos.com\/wp-content\/uploads\/2020\/05\/IMGP8252.jpg?fit=1600%2C1071&amp;ssl=1\" data-orig-size=\"1600,1071\" data-comments-opened=\"1\" data-image-meta=\"{&quot;aperture&quot;:&quot;0&quot;,&quot;credit&quot;:&quot;&quot;,&quot;camera&quot;:&quot;PENTAX K200D&quot;,&quot;caption&quot;:&quot;&quot;,&quot;created_timestamp&quot;:&quot;1588537371&quot;,&quot;copyright&quot;:&quot;&quot;,&quot;focal_length&quot;:&quot;120&quot;,&quot;iso&quot;:&quot;200&quot;,&quot;shutter_speed&quot;:&quot;0.011111111111111&quot;,&quot;title&quot;:&quot;&quot;,&quot;orientation&quot;:&quot;0&quot;}\" data-image-title=\"IMGP8252\" data-image-description=\"\" data-image-caption=\"\" data-large-file=\"https:\/\/i0.wp.com\/www.micoulou-photos.com\/wp-content\/uploads\/2020\/05\/IMGP8252.jpg?fit=800%2C535&amp;ssl=1\" src=\"https:\/\/i1.wp.com\/www.micoulou-photos.com\/wp-content\/uploads\/2020\/05\/IMGP8252.jpg?fit=800%2C535&amp;ssl=1\" alt=\"\" data-id=\"6112\" data-full-url=\"https:\/\/i1.wp.com\/www.micoulou-photos.com\/wp-content\/uploads\/2020\/05\/IMGP8252.jpg?fit=1600%2C1071&amp;ssl=1\" data-link=\"https:\/\/www.micoulou-photos.com\/?attachment_id=6112\" class=\"wp-image-6112\" srcset=\"https:\/\/i0.wp.com\/www.micoulou-photos.com\/wp-content\/uploads\/2020\/05\/IMGP8252.jpg?w=1600&amp;ssl=1 1600w, https:\/\/i0.wp.com\/www.micoulou-photos.com\/wp-content\/uploads\/2020\/05\/IMGP8252.jpg?resize=300%2C201&amp;ssl=1 300w, https:\/\/i0.wp.com\/www.micoulou-photos.com\/wp-content\/uploads\/2020\/05\/IMGP8252.jpg?resize=1200%2C803&amp;ssl=1 1200w, https:\/\/i0.wp.com\/www.micoulou-photos.com\/wp-content\/uploads\/2020\/05\/IMGP8252.jpg?resize=1536%2C1028&amp;ssl=1 1536w\" sizes=\"(max-width: 800px) 100vw, 800px\" \/><figcaption class=\"blocks-gallery-item__caption\">chemin <\/figcaption><\/figure><\/li><li class=\"blocks-gallery-item\"><figure><img loading=\"lazy\" decoding=\"async\" width=\"1600\" height=\"900\" data-attachment-id=\"6113\" data-permalink=\"https:\/\/www.micoulou-photos.com\/index.php\/2020\/05\/26\/photos-en-confinement\/p1030200\/\" data-orig-file=\"https:\/\/i0.wp.com\/www.micoulou-photos.com\/wp-content\/uploads\/2020\/05\/P1030200.jpg?fit=1600%2C900&amp;ssl=1\" data-orig-size=\"1600,900\" data-comments-opened=\"1\" data-image-meta=\"{&quot;aperture&quot;:&quot;0&quot;,&quot;credit&quot;:&quot;&quot;,&quot;camera&quot;:&quot;&quot;,&quot;caption&quot;:&quot;&quot;,&quot;created_timestamp&quot;:&quot;0&quot;,&quot;copyright&quot;:&quot;&quot;,&quot;focal_length&quot;:&quot;0&quot;,&quot;iso&quot;:&quot;0&quot;,&quot;shutter_speed&quot;:&quot;0&quot;,&quot;title&quot;:&quot;&quot;,&quot;orientation&quot;:&quot;0&quot;}\" data-image-title=\"P1030200\" data-image-description=\"\" data-image-caption=\"\" data-large-file=\"https:\/\/i0.wp.com\/www.micoulou-photos.com\/wp-content\/uploads\/2020\/05\/P1030200.jpg?fit=800%2C450&amp;ssl=1\" src=\"https:\/\/i2.wp.com\/www.micoulou-photos.com\/wp-content\/uploads\/2020\/05\/P1030200.jpg?fit=800%2C450&amp;ssl=1\" alt=\"\" data-id=\"6113\" data-full-url=\"https:\/\/i2.wp.com\/www.micoulou-photos.com\/wp-content\/uploads\/2020\/05\/P1030200.jpg?fit=1600%2C900&amp;ssl=1\" data-link=\"https:\/\/www.micoulou-photos.com\/?attachment_id=6113\" class=\"wp-image-6113\" srcset=\"https:\/\/i0.wp.com\/www.micoulou-photos.com\/wp-content\/uploads\/2020\/05\/P1030200.jpg?w=1600&amp;ssl=1 1600w, https:\/\/i0.wp.com\/www.micoulou-photos.com\/wp-content\/uploads\/2020\/05\/P1030200.jpg?resize=300%2C169&amp;ssl=1 300w, https:\/\/i0.wp.com\/www.micoulou-photos.com\/wp-content\/uploads\/2020\/05\/P1030200.jpg?resize=1200%2C675&amp;ssl=1 1200w, https:\/\/i0.wp.com\/www.micoulou-photos.com\/wp-content\/uploads\/2020\/05\/P1030200.jpg?resize=1536%2C864&amp;ssl=1 1536w\" sizes=\"(max-width: 800px) 100vw, 800px\" \/><figcaption class=\"blocks-gallery-item__caption\">bord de Leyre<\/figcaption><\/figure><\/li><li class=\"blocks-gallery-item\"><figure><img loading=\"lazy\" decoding=\"async\" width=\"1600\" height=\"900\" data-attachment-id=\"6114\" data-permalink=\"https:\/\/www.micoulou-photos.com\/index.php\/2020\/05\/26\/photos-en-confinement\/p1030206\/\" data-orig-file=\"https:\/\/i0.wp.com\/www.micoulou-photos.com\/wp-content\/uploads\/2020\/05\/P1030206.jpg?fit=1600%2C900&amp;ssl=1\" data-orig-size=\"1600,900\" data-comments-opened=\"1\" data-image-meta=\"{&quot;aperture&quot;:&quot;2.8&quot;,&quot;credit&quot;:&quot;&quot;,&quot;camera&quot;:&quot;DMC-LX1&quot;,&quot;caption&quot;:&quot;&quot;,&quot;created_timestamp&quot;:&quot;1588792440&quot;,&quot;copyright&quot;:&quot;&quot;,&quot;focal_length&quot;:&quot;6.3&quot;,&quot;iso&quot;:&quot;200&quot;,&quot;shutter_speed&quot;:&quot;0.04&quot;,&quot;title&quot;:&quot;&quot;,&quot;orientation&quot;:&quot;0&quot;}\" data-image-title=\"P1030206\" data-image-description=\"\" data-image-caption=\"\" data-large-file=\"https:\/\/i0.wp.com\/www.micoulou-photos.com\/wp-content\/uploads\/2020\/05\/P1030206.jpg?fit=800%2C450&amp;ssl=1\" src=\"https:\/\/i1.wp.com\/www.micoulou-photos.com\/wp-content\/uploads\/2020\/05\/P1030206.jpg?fit=800%2C450&amp;ssl=1\" alt=\"\" data-id=\"6114\" data-full-url=\"https:\/\/i1.wp.com\/www.micoulou-photos.com\/wp-content\/uploads\/2020\/05\/P1030206.jpg?fit=1600%2C900&amp;ssl=1\" data-link=\"https:\/\/www.micoulou-photos.com\/?attachment_id=6114\" class=\"wp-image-6114\" srcset=\"https:\/\/i0.wp.com\/www.micoulou-photos.com\/wp-content\/uploads\/2020\/05\/P1030206.jpg?w=1600&amp;ssl=1 1600w, https:\/\/i0.wp.com\/www.micoulou-photos.com\/wp-content\/uploads\/2020\/05\/P1030206.jpg?resize=300%2C169&amp;ssl=1 300w, https:\/\/i0.wp.com\/www.micoulou-photos.com\/wp-content\/uploads\/2020\/05\/P1030206.jpg?resize=1200%2C675&amp;ssl=1 1200w, https:\/\/i0.wp.com\/www.micoulou-photos.com\/wp-content\/uploads\/2020\/05\/P1030206.jpg?resize=1536%2C864&amp;ssl=1 1536w\" sizes=\"(max-width: 800px) 100vw, 800px\" \/><figcaption class=\"blocks-gallery-item__caption\">chemin inond\u00e9 par le Ley<\/figcaption><\/figure><\/li><li class=\"blocks-gallery-item\"><figure><img loading=\"lazy\" decoding=\"async\" width=\"1600\" height=\"900\" data-attachment-id=\"6115\" data-permalink=\"https:\/\/www.micoulou-photos.com\/index.php\/2020\/05\/26\/photos-en-confinement\/p6810960\/\" data-orig-file=\"https:\/\/i0.wp.com\/www.micoulou-photos.com\/wp-content\/uploads\/2020\/05\/P6810960.jpg?fit=1600%2C900&amp;ssl=1\" data-orig-size=\"1600,900\" data-comments-opened=\"1\" data-image-meta=\"{&quot;aperture&quot;:&quot;4&quot;,&quot;credit&quot;:&quot;&quot;,&quot;camera&quot;:&quot;DMC-LX100&quot;,&quot;caption&quot;:&quot;&quot;,&quot;created_timestamp&quot;:&quot;1584490009&quot;,&quot;copyright&quot;:&quot;&quot;,&quot;focal_length&quot;:&quot;10.9&quot;,&quot;iso&quot;:&quot;200&quot;,&quot;shutter_speed&quot;:&quot;0.8&quot;,&quot;title&quot;:&quot;&quot;,&quot;orientation&quot;:&quot;0&quot;}\" data-image-title=\"P6810960\" data-image-description=\"\" data-image-caption=\"\" data-large-file=\"https:\/\/i0.wp.com\/www.micoulou-photos.com\/wp-content\/uploads\/2020\/05\/P6810960.jpg?fit=800%2C450&amp;ssl=1\" src=\"https:\/\/i2.wp.com\/www.micoulou-photos.com\/wp-content\/uploads\/2020\/05\/P6810960.jpg?fit=800%2C450&amp;ssl=1\" alt=\"\" data-id=\"6115\" data-full-url=\"https:\/\/i2.wp.com\/www.micoulou-photos.com\/wp-content\/uploads\/2020\/05\/P6810960.jpg?fit=1600%2C900&amp;ssl=1\" data-link=\"https:\/\/www.micoulou-photos.com\/?attachment_id=6115\" class=\"wp-image-6115\" srcset=\"https:\/\/i0.wp.com\/www.micoulou-photos.com\/wp-content\/uploads\/2020\/05\/P6810960.jpg?w=1600&amp;ssl=1 1600w, https:\/\/i0.wp.com\/www.micoulou-photos.com\/wp-content\/uploads\/2020\/05\/P6810960.jpg?resize=300%2C169&amp;ssl=1 300w, https:\/\/i0.wp.com\/www.micoulou-photos.com\/wp-content\/uploads\/2020\/05\/P6810960.jpg?resize=1200%2C675&amp;ssl=1 1200w, https:\/\/i0.wp.com\/www.micoulou-photos.com\/wp-content\/uploads\/2020\/05\/P6810960.jpg?resize=1536%2C864&amp;ssl=1 1536w\" sizes=\"(max-width: 800px) 100vw, 800px\" \/><figcaption class=\"blocks-gallery-item__caption\">Belin de nuit<\/figcaption><\/figure><\/li><li class=\"blocks-gallery-item\"><figure><img loading=\"lazy\" decoding=\"async\" width=\"1600\" height=\"1070\" data-attachment-id=\"6116\" data-permalink=\"https:\/\/www.micoulou-photos.com\/index.php\/2020\/05\/26\/photos-en-confinement\/p6820003\/\" data-orig-file=\"https:\/\/i0.wp.com\/www.micoulou-photos.com\/wp-content\/uploads\/2020\/05\/P6820003.jpg?fit=1600%2C1070&amp;ssl=1\" data-orig-size=\"1600,1070\" data-comments-opened=\"1\" data-image-meta=\"{&quot;aperture&quot;:&quot;5.6&quot;,&quot;credit&quot;:&quot;&quot;,&quot;camera&quot;:&quot;DMC-LX100&quot;,&quot;caption&quot;:&quot;&quot;,&quot;created_timestamp&quot;:&quot;1585423308&quot;,&quot;copyright&quot;:&quot;&quot;,&quot;focal_length&quot;:&quot;34&quot;,&quot;iso&quot;:&quot;200&quot;,&quot;shutter_speed&quot;:&quot;0.005&quot;,&quot;title&quot;:&quot;&quot;,&quot;orientation&quot;:&quot;0&quot;}\" data-image-title=\"P6820003\" data-image-description=\"\" data-image-caption=\"\" data-large-file=\"https:\/\/i0.wp.com\/www.micoulou-photos.com\/wp-content\/uploads\/2020\/05\/P6820003.jpg?fit=800%2C535&amp;ssl=1\" src=\"https:\/\/i0.wp.com\/www.micoulou-photos.com\/wp-content\/uploads\/2020\/05\/P6820003.jpg?fit=800%2C535&amp;ssl=1\" alt=\"\" data-id=\"6116\" data-full-url=\"https:\/\/i0.wp.com\/www.micoulou-photos.com\/wp-content\/uploads\/2020\/05\/P6820003.jpg?fit=1600%2C1070&amp;ssl=1\" data-link=\"https:\/\/www.micoulou-photos.com\/?attachment_id=6116\" class=\"wp-image-6116\" srcset=\"https:\/\/i0.wp.com\/www.micoulou-photos.com\/wp-content\/uploads\/2020\/05\/P6820003.jpg?w=1600&amp;ssl=1 1600w, https:\/\/i0.wp.com\/www.micoulou-photos.com\/wp-content\/uploads\/2020\/05\/P6820003.jpg?resize=300%2C201&amp;ssl=1 300w, https:\/\/i0.wp.com\/www.micoulou-photos.com\/wp-content\/uploads\/2020\/05\/P6820003.jpg?resize=1200%2C803&amp;ssl=1 1200w, https:\/\/i0.wp.com\/www.micoulou-photos.com\/wp-content\/uploads\/2020\/05\/P6820003.jpg?resize=1536%2C1027&amp;ssl=1 1536w\" sizes=\"(max-width: 800px) 100vw, 800px\" \/><figcaption class=\"blocks-gallery-item__caption\">chemin en hiver<\/figcaption><\/figure><\/li><li class=\"blocks-gallery-item\"><figure><img loading=\"lazy\" decoding=\"async\" width=\"1600\" height=\"900\" data-attachment-id=\"6117\" data-permalink=\"https:\/\/www.micoulou-photos.com\/index.php\/2020\/05\/26\/photos-en-confinement\/p6820090-modifier\/\" data-orig-file=\"https:\/\/i0.wp.com\/www.micoulou-photos.com\/wp-content\/uploads\/2020\/05\/P6820090-Modifier.jpg?fit=1600%2C900&amp;ssl=1\" data-orig-size=\"1600,900\" data-comments-opened=\"1\" data-image-meta=\"{&quot;aperture&quot;:&quot;5.6&quot;,&quot;credit&quot;:&quot;&quot;,&quot;camera&quot;:&quot;DMC-LX100&quot;,&quot;caption&quot;:&quot;&quot;,&quot;created_timestamp&quot;:&quot;1585937380&quot;,&quot;copyright&quot;:&quot;&quot;,&quot;focal_length&quot;:&quot;10.9&quot;,&quot;iso&quot;:&quot;200&quot;,&quot;shutter_speed&quot;:&quot;0.0025&quot;,&quot;title&quot;:&quot;&quot;,&quot;orientation&quot;:&quot;0&quot;}\" data-image-title=\"P6820090-Modifier\" data-image-description=\"\" data-image-caption=\"\" data-large-file=\"https:\/\/i0.wp.com\/www.micoulou-photos.com\/wp-content\/uploads\/2020\/05\/P6820090-Modifier.jpg?fit=800%2C450&amp;ssl=1\" src=\"https:\/\/i0.wp.com\/www.micoulou-photos.com\/wp-content\/uploads\/2020\/05\/P6820090-Modifier.jpg?fit=800%2C450&amp;ssl=1\" alt=\"\" data-id=\"6117\" data-full-url=\"https:\/\/i0.wp.com\/www.micoulou-photos.com\/wp-content\/uploads\/2020\/05\/P6820090-Modifier.jpg?fit=1600%2C900&amp;ssl=1\" data-link=\"https:\/\/www.micoulou-photos.com\/?attachment_id=6117\" class=\"wp-image-6117\" srcset=\"https:\/\/i0.wp.com\/www.micoulou-photos.com\/wp-content\/uploads\/2020\/05\/P6820090-Modifier.jpg?w=1600&amp;ssl=1 1600w, https:\/\/i0.wp.com\/www.micoulou-photos.com\/wp-content\/uploads\/2020\/05\/P6820090-Modifier.jpg?resize=300%2C169&amp;ssl=1 300w, https:\/\/i0.wp.com\/www.micoulou-photos.com\/wp-content\/uploads\/2020\/05\/P6820090-Modifier.jpg?resize=1200%2C675&amp;ssl=1 1200w, https:\/\/i0.wp.com\/www.micoulou-photos.com\/wp-content\/uploads\/2020\/05\/P6820090-Modifier.jpg?resize=1536%2C864&amp;ssl=1 1536w\" sizes=\"(max-width: 800px) 100vw, 800px\" \/><figcaption class=\"blocks-gallery-item__caption\">chemin en hiver<\/figcaption><\/figure><\/li><\/ul><\/figure>\n\n\n\n<p>Un autiste confin\u00e9 pendant 8 semaines ? M\u00eame si je n&rsquo;ai pas une vie sociale tr\u00e9pidante, je suis donc rest\u00e9 comme tous le monde pendant le confinement dans ces 12 m2 humide \u00e0 Belin Beliet, avec beaucoup de difficult\u00e9s. M\u00eame sans voir grand monde, je suis souvent en d\u00e9placement, pour les photos, pour aller voir mes amis partout en France et dans le monde, pour donner des formations&#8230; J&rsquo;etais ici dans ce mini logement, et j&rsquo;ai commencer \u00e0 comprendre ce que le confort du lieu de vie signifiait.<\/p>\n\n\n\n<h2 class=\"wp-block-heading\">Les difficult\u00e9s d&rsquo;organisation<\/h2>\n\n\n\n<p>J&rsquo;en ai d\u00e9j\u00e0 parl\u00e9 dans mes autres articles sur l&rsquo;autisme, et j&rsquo;ai pu le voir pendant mes formations sur les haut potentiels, il est tr\u00e8s compliqu\u00e9 pour nous de s&rsquo;organiser, si l&rsquo;on ne met pas en place une routine&#8230; Et d\u00e9m\u00e9nagement apr\u00e8s d\u00e9m\u00e9nagement, changement de carri\u00e8re apr\u00e8s changement de boulot, je n&rsquo;avais plus de routine, et je me rend compte de la difficult\u00e9 d&rsquo;en remettre une&#8230;  J&rsquo;ai r\u00e9ussi \u00e0 en mettre quelques unes en place, m\u00eame si je passe quelques jours \u00e0 travailler pendant 12-14h d&rsquo;affil\u00e9, et sans pouvoir faire de pause \u00e0 cause du confinement&#8230;<\/p>\n\n\n\n<h2 class=\"wp-block-heading\">Tenir dans un logement insalubre.<\/h2>\n\n\n\n<p>Je pensais que tenir temporairement dans un logement minuscule et tr\u00e8s humide ne serait pas un probl\u00e8me, mais cela a \u00e9t\u00e9 particuli\u00e8rement complexe. Je peux comprendre que les parisiens est eu besoin de vert, m\u00eame si le temps du confinement \u00e9tait limit\u00e9. \u00catre enferm\u00e9 dans un endroit petit et humide est particuli\u00e8rement difficile, mais j&rsquo;ai eu la chance d&rsquo;avoir une d\u00e9rogation en \u00e9tant autiste, et d&rsquo;avoir pu faire un jardin chez des amis \u00e0 quelques kilom\u00e8tres, et d\u2019\u00eatre dans la m\u00eame maison qu&rsquo;un autre artiste\/artisan avec qui j&rsquo;ai pu sympathiser, mais travailler correctement dans un appartement comme cel\u00e0 sans pouvoir vraiment sortir \u00e0 part pour prendre l&rsquo;air m&rsquo;est compliqu\u00e9 (j&rsquo;ai l&rsquo;habitude d&rsquo;aller travailler au moins une fois par semaine \u00e0 la biblioth\u00e8que de bordeaux, et de pouvoir passer du temps chez des amis en Dordogne ou chez mes parents dans le loiret, ici ben j\u2019\u00e9tais coinc\u00e9 dans \u00ab\u00a0mon garage\u00a0\u00bb.<\/p>\n\n\n\n<h2 class=\"wp-block-heading\">Cr\u00e9er<\/h2>\n\n\n\n<p>Comme vous pouvez le voir au dessus, je me suis balad\u00e9, dans le kilom\u00e8tre autoris\u00e9, dans le bois derri\u00e8re chez mois, ou dans ma rue avec mes appareils photos&#8230; Tous les appareils que j&rsquo;ai avec moi ont eu l&rsquo;occasion de prendre l&rsquo;air (j&rsquo;en ai qu&rsquo;une minorit\u00e9 avec moi, le gros de mon mat\u00e9riel est ailleurs, je manque de place ici, et le mat\u00e9riel moisi et prend l&rsquo;eau&#8230;), j&rsquo;ai pu travailler aussi mes futurs vid\u00e9os, m\u00eame si plus confinement avan\u00e7ait, moins j&rsquo;arrivais \u00e0 vraiment cr\u00e9er, et ce n&rsquo;est pas vraiment revenu.<\/p>\n\n\n\n<p>J&rsquo;ai pu suivre quelques formations, et comprendre un peu mieux le marketing&#8230; Aussi, j&rsquo;ai enfin compris des choses, j&rsquo;ai des id\u00e9es, je cr\u00e9\u00e9, un peu dans tous les sens, mais ensuite, je n&rsquo;ai pas vraiment de \u00ab\u00a0cible\u00a0\u00bb, donc difficile de me faire connaitre. Enfin, J&rsquo;ai suivi des formations sur l&rsquo;organisation et sur la cr\u00e9ation de vid\u00e9o, m\u00eame si on en arrive souvent au m\u00eame probl\u00e8mes, l&rsquo;organisation et la cible&#8230;<\/p>\n\n\n\n<p><\/p>\n\n\n\n<h2 class=\"wp-block-heading\">les doutes, les espoirs<\/h2>\n\n\n\n<p>Bref, plus on avance, et m\u00eame avec le \u00ab\u00a0d\u00e9confinement\u00a0\u00bb, je ne sais plus trop o\u00f9 je vais, je comprend une des raisons de pourquoi je coince au niveau professionnel, mais je suis perdu quand \u00e0 l&rsquo;avenir&#8230; Il y a beaucoup d&rsquo;incertitude sur la situation \u00e9conomique, sur le climat, sur ce que je dois faire pour vivre de ma passion tout en \u00e9tant soutenable pour la plan\u00e8te, aider les autres et pouvoir vivre moi m\u00eame&#8230;<\/p>\n\n\n\n<p>Bref, j&rsquo;ai plein d&rsquo;id\u00e9e, mais j&rsquo;aimerais pouvoir vivre dans un endroit plus serein.<\/p>\n","protected":false},"excerpt":{"rendered":"<p>Mon voyage en conifnement, et mes photos<\/p>\n","protected":false},"author":1,"featured_media":6090,"comment_status":"open","ping_status":"open","sticky":false,"template":"","format":"standard","meta":{"jetpack_post_was_ever_published":false,"_jetpack_newsletter_access":"","_jetpack_dont_email_post_to_subs":false,"_jetpack_newsletter_tier_id":0,"_jetpack_memberships_contains_paywalled_content":false,"_jetpack_memberships_contains_paid_content":false,"footnotes":"","jetpack_publicize_message":"","jetpack_publicize_feature_enabled":true,"jetpack_social_post_already_shared":true,"jetpack_social_options":{"image_generator_settings":{"template":"highway","default_image_id":0,"font":"","enabled":false},"version":2}},"categories":[1149,153],"tags":[1301,1436,418,217,1437],"class_list":["post-6089","post","type-post","status-publish","format-standard","has-post-thumbnail","hentry","category-asperger","category-photographie-generale","tag-belin-beliet","tag-confinement","tag-gironde","tag-photographie","tag-photographie-personnelle"],"yoast_head":"<!-- This site is optimized with the Yoast SEO plugin v27.5 - https:\/\/yoast.com\/product\/yoast-seo-wordpress\/ -->\n<title>photos en confinement - Micoulou Photographie<\/title>\n<meta name=\"robots\" content=\"index, follow, max-snippet:-1, max-image-preview:large, max-video-preview:-1\" \/>\n<link rel=\"canonical\" href=\"https:\/\/www.micoulou-photos.com\/index.php\/2020\/05\/26\/photos-en-confinement\/\" \/>\n<meta property=\"og:locale\" content=\"fr_FR\" \/>\n<meta property=\"og:type\" content=\"article\" \/>\n<meta property=\"og:title\" content=\"photos en confinement - Micoulou Photographie\" \/>\n<meta property=\"og:description\" content=\"Mon voyage en conifnement, et mes photos\" \/>\n<meta property=\"og:url\" content=\"https:\/\/www.micoulou-photos.com\/index.php\/2020\/05\/26\/photos-en-confinement\/\" \/>\n<meta property=\"og:site_name\" content=\"Micoulou Photographie\" \/>\n<meta property=\"article:published_time\" content=\"2020-05-26T00:27:53+00:00\" \/>\n<meta property=\"article:modified_time\" content=\"2020-09-19T22:31:04+00:00\" \/>\n<meta property=\"og:image\" content=\"https:\/\/i0.wp.com\/www.micoulou-photos.com\/wp-content\/uploads\/2020\/05\/DSC04472.jpg?fit=1600%2C1069&ssl=1\" \/>\n\t<meta property=\"og:image:width\" content=\"1600\" \/>\n\t<meta property=\"og:image:height\" content=\"1069\" \/>\n\t<meta property=\"og:image:type\" content=\"image\/jpeg\" \/>\n<meta name=\"author\" content=\"micoulou\" \/>\n<meta name=\"twitter:card\" content=\"summary_large_image\" \/>\n<meta name=\"twitter:label1\" content=\"\u00c9crit par\" \/>\n\t<meta name=\"twitter:data1\" content=\"micoulou\" \/>\n\t<meta name=\"twitter:label2\" content=\"Dur\u00e9e de lecture estim\u00e9e\" \/>\n\t<meta name=\"twitter:data2\" content=\"4 minutes\" \/>\n<script type=\"application\/ld+json\" class=\"yoast-schema-graph\">{\"@context\":\"https:\\\/\\\/schema.org\",\"@graph\":[{\"@type\":\"Article\",\"@id\":\"https:\\\/\\\/www.micoulou-photos.com\\\/index.php\\\/2020\\\/05\\\/26\\\/photos-en-confinement\\\/#article\",\"isPartOf\":{\"@id\":\"https:\\\/\\\/www.micoulou-photos.com\\\/index.php\\\/2020\\\/05\\\/26\\\/photos-en-confinement\\\/\"},\"author\":{\"name\":\"micoulou\",\"@id\":\"https:\\\/\\\/www.micoulou-photos.com\\\/#\\\/schema\\\/person\\\/6aedfe8ebe91da632f46e7c9d806a722\"},\"headline\":\"photos en confinement\",\"datePublished\":\"2020-05-26T00:27:53+00:00\",\"dateModified\":\"2020-09-19T22:31:04+00:00\",\"mainEntityOfPage\":{\"@id\":\"https:\\\/\\\/www.micoulou-photos.com\\\/index.php\\\/2020\\\/05\\\/26\\\/photos-en-confinement\\\/\"},\"wordCount\":781,\"commentCount\":0,\"publisher\":{\"@id\":\"https:\\\/\\\/www.micoulou-photos.com\\\/#organization\"},\"image\":{\"@id\":\"https:\\\/\\\/www.micoulou-photos.com\\\/index.php\\\/2020\\\/05\\\/26\\\/photos-en-confinement\\\/#primaryimage\"},\"thumbnailUrl\":\"https:\\\/\\\/i0.wp.com\\\/www.micoulou-photos.com\\\/wp-content\\\/uploads\\\/2020\\\/05\\\/DSC04472.jpg?fit=1600%2C1069&ssl=1\",\"keywords\":[\"belin beliet\",\"confinement\",\"gironde\",\"photographie\",\"photographie personnelle\"],\"articleSection\":[\"Asperger\",\"photographie g\u00e9n\u00e9rale\"],\"inLanguage\":\"fr-FR\",\"potentialAction\":[{\"@type\":\"CommentAction\",\"name\":\"Comment\",\"target\":[\"https:\\\/\\\/www.micoulou-photos.com\\\/index.php\\\/2020\\\/05\\\/26\\\/photos-en-confinement\\\/#respond\"]}]},{\"@type\":\"WebPage\",\"@id\":\"https:\\\/\\\/www.micoulou-photos.com\\\/index.php\\\/2020\\\/05\\\/26\\\/photos-en-confinement\\\/\",\"url\":\"https:\\\/\\\/www.micoulou-photos.com\\\/index.php\\\/2020\\\/05\\\/26\\\/photos-en-confinement\\\/\",\"name\":\"photos en confinement - Micoulou Photographie\",\"isPartOf\":{\"@id\":\"https:\\\/\\\/www.micoulou-photos.com\\\/#website\"},\"primaryImageOfPage\":{\"@id\":\"https:\\\/\\\/www.micoulou-photos.com\\\/index.php\\\/2020\\\/05\\\/26\\\/photos-en-confinement\\\/#primaryimage\"},\"image\":{\"@id\":\"https:\\\/\\\/www.micoulou-photos.com\\\/index.php\\\/2020\\\/05\\\/26\\\/photos-en-confinement\\\/#primaryimage\"},\"thumbnailUrl\":\"https:\\\/\\\/i0.wp.com\\\/www.micoulou-photos.com\\\/wp-content\\\/uploads\\\/2020\\\/05\\\/DSC04472.jpg?fit=1600%2C1069&ssl=1\",\"datePublished\":\"2020-05-26T00:27:53+00:00\",\"dateModified\":\"2020-09-19T22:31:04+00:00\",\"breadcrumb\":{\"@id\":\"https:\\\/\\\/www.micoulou-photos.com\\\/index.php\\\/2020\\\/05\\\/26\\\/photos-en-confinement\\\/#breadcrumb\"},\"inLanguage\":\"fr-FR\",\"potentialAction\":[{\"@type\":\"ReadAction\",\"target\":[\"https:\\\/\\\/www.micoulou-photos.com\\\/index.php\\\/2020\\\/05\\\/26\\\/photos-en-confinement\\\/\"]}]},{\"@type\":\"ImageObject\",\"inLanguage\":\"fr-FR\",\"@id\":\"https:\\\/\\\/www.micoulou-photos.com\\\/index.php\\\/2020\\\/05\\\/26\\\/photos-en-confinement\\\/#primaryimage\",\"url\":\"https:\\\/\\\/i0.wp.com\\\/www.micoulou-photos.com\\\/wp-content\\\/uploads\\\/2020\\\/05\\\/DSC04472.jpg?fit=1600%2C1069&ssl=1\",\"contentUrl\":\"https:\\\/\\\/i0.wp.com\\\/www.micoulou-photos.com\\\/wp-content\\\/uploads\\\/2020\\\/05\\\/DSC04472.jpg?fit=1600%2C1069&ssl=1\",\"width\":1600,\"height\":1069,\"caption\":\"bord de leyre\"},{\"@type\":\"BreadcrumbList\",\"@id\":\"https:\\\/\\\/www.micoulou-photos.com\\\/index.php\\\/2020\\\/05\\\/26\\\/photos-en-confinement\\\/#breadcrumb\",\"itemListElement\":[{\"@type\":\"ListItem\",\"position\":1,\"name\":\"Accueil\",\"item\":\"https:\\\/\\\/www.micoulou-photos.com\\\/\"},{\"@type\":\"ListItem\",\"position\":2,\"name\":\"photos en confinement\"}]},{\"@type\":\"WebSite\",\"@id\":\"https:\\\/\\\/www.micoulou-photos.com\\\/#website\",\"url\":\"https:\\\/\\\/www.micoulou-photos.com\\\/\",\"name\":\"Micoulou Photographie\",\"description\":\"Photographies, Visites virtuelles et formations par Mickael Minarie\",\"publisher\":{\"@id\":\"https:\\\/\\\/www.micoulou-photos.com\\\/#organization\"},\"potentialAction\":[{\"@type\":\"SearchAction\",\"target\":{\"@type\":\"EntryPoint\",\"urlTemplate\":\"https:\\\/\\\/www.micoulou-photos.com\\\/?s={search_term_string}\"},\"query-input\":{\"@type\":\"PropertyValueSpecification\",\"valueRequired\":true,\"valueName\":\"search_term_string\"}}],\"inLanguage\":\"fr-FR\"},{\"@type\":\"Organization\",\"@id\":\"https:\\\/\\\/www.micoulou-photos.com\\\/#organization\",\"name\":\"Micoulou Photographie\",\"url\":\"https:\\\/\\\/www.micoulou-photos.com\\\/\",\"logo\":{\"@type\":\"ImageObject\",\"inLanguage\":\"fr-FR\",\"@id\":\"https:\\\/\\\/www.micoulou-photos.com\\\/#\\\/schema\\\/logo\\\/image\\\/\",\"url\":\"https:\\\/\\\/i0.wp.com\\\/www.micoulou-photos.com\\\/wp-content\\\/uploads\\\/2020\\\/05\\\/cropped-891667_552097324824916_1615181552_o-1.jpg?fit=643%2C722&ssl=1\",\"contentUrl\":\"https:\\\/\\\/i0.wp.com\\\/www.micoulou-photos.com\\\/wp-content\\\/uploads\\\/2020\\\/05\\\/cropped-891667_552097324824916_1615181552_o-1.jpg?fit=643%2C722&ssl=1\",\"width\":643,\"height\":722,\"caption\":\"Micoulou Photographie\"},\"image\":{\"@id\":\"https:\\\/\\\/www.micoulou-photos.com\\\/#\\\/schema\\\/logo\\\/image\\\/\"}},{\"@type\":\"Person\",\"@id\":\"https:\\\/\\\/www.micoulou-photos.com\\\/#\\\/schema\\\/person\\\/6aedfe8ebe91da632f46e7c9d806a722\",\"name\":\"micoulou\",\"image\":{\"@type\":\"ImageObject\",\"inLanguage\":\"fr-FR\",\"@id\":\"https:\\\/\\\/secure.gravatar.com\\\/avatar\\\/98f892eb7d267eab2faa437baa3edd708deaaa43929316c0cc7b751a04cb247b?s=96&d=mm&r=g\",\"url\":\"https:\\\/\\\/secure.gravatar.com\\\/avatar\\\/98f892eb7d267eab2faa437baa3edd708deaaa43929316c0cc7b751a04cb247b?s=96&d=mm&r=g\",\"contentUrl\":\"https:\\\/\\\/secure.gravatar.com\\\/avatar\\\/98f892eb7d267eab2faa437baa3edd708deaaa43929316c0cc7b751a04cb247b?s=96&d=mm&r=g\",\"caption\":\"micoulou\"},\"url\":\"https:\\\/\\\/www.micoulou-photos.com\\\/index.php\\\/author\\\/micoulou\\\/\"}]}<\/script>\n<!-- \/ Yoast SEO plugin. -->","yoast_head_json":{"title":"photos en confinement - Micoulou Photographie","robots":{"index":"index","follow":"follow","max-snippet":"max-snippet:-1","max-image-preview":"max-image-preview:large","max-video-preview":"max-video-preview:-1"},"canonical":"https:\/\/www.micoulou-photos.com\/index.php\/2020\/05\/26\/photos-en-confinement\/","og_locale":"fr_FR","og_type":"article","og_title":"photos en confinement - Micoulou Photographie","og_description":"Mon voyage en conifnement, et mes photos","og_url":"https:\/\/www.micoulou-photos.com\/index.php\/2020\/05\/26\/photos-en-confinement\/","og_site_name":"Micoulou Photographie","article_published_time":"2020-05-26T00:27:53+00:00","article_modified_time":"2020-09-19T22:31:04+00:00","og_image":[{"width":1600,"height":1069,"url":"https:\/\/i0.wp.com\/www.micoulou-photos.com\/wp-content\/uploads\/2020\/05\/DSC04472.jpg?fit=1600%2C1069&ssl=1","type":"image\/jpeg"}],"author":"micoulou","twitter_card":"summary_large_image","twitter_misc":{"\u00c9crit par":"micoulou","Dur\u00e9e de lecture estim\u00e9e":"4 minutes"},"schema":{"@context":"https:\/\/schema.org","@graph":[{"@type":"Article","@id":"https:\/\/www.micoulou-photos.com\/index.php\/2020\/05\/26\/photos-en-confinement\/#article","isPartOf":{"@id":"https:\/\/www.micoulou-photos.com\/index.php\/2020\/05\/26\/photos-en-confinement\/"},"author":{"name":"micoulou","@id":"https:\/\/www.micoulou-photos.com\/#\/schema\/person\/6aedfe8ebe91da632f46e7c9d806a722"},"headline":"photos en confinement","datePublished":"2020-05-26T00:27:53+00:00","dateModified":"2020-09-19T22:31:04+00:00","mainEntityOfPage":{"@id":"https:\/\/www.micoulou-photos.com\/index.php\/2020\/05\/26\/photos-en-confinement\/"},"wordCount":781,"commentCount":0,"publisher":{"@id":"https:\/\/www.micoulou-photos.com\/#organization"},"image":{"@id":"https:\/\/www.micoulou-photos.com\/index.php\/2020\/05\/26\/photos-en-confinement\/#primaryimage"},"thumbnailUrl":"https:\/\/i0.wp.com\/www.micoulou-photos.com\/wp-content\/uploads\/2020\/05\/DSC04472.jpg?fit=1600%2C1069&ssl=1","keywords":["belin beliet","confinement","gironde","photographie","photographie personnelle"],"articleSection":["Asperger","photographie g\u00e9n\u00e9rale"],"inLanguage":"fr-FR","potentialAction":[{"@type":"CommentAction","name":"Comment","target":["https:\/\/www.micoulou-photos.com\/index.php\/2020\/05\/26\/photos-en-confinement\/#respond"]}]},{"@type":"WebPage","@id":"https:\/\/www.micoulou-photos.com\/index.php\/2020\/05\/26\/photos-en-confinement\/","url":"https:\/\/www.micoulou-photos.com\/index.php\/2020\/05\/26\/photos-en-confinement\/","name":"photos en confinement - Micoulou Photographie","isPartOf":{"@id":"https:\/\/www.micoulou-photos.com\/#website"},"primaryImageOfPage":{"@id":"https:\/\/www.micoulou-photos.com\/index.php\/2020\/05\/26\/photos-en-confinement\/#primaryimage"},"image":{"@id":"https:\/\/www.micoulou-photos.com\/index.php\/2020\/05\/26\/photos-en-confinement\/#primaryimage"},"thumbnailUrl":"https:\/\/i0.wp.com\/www.micoulou-photos.com\/wp-content\/uploads\/2020\/05\/DSC04472.jpg?fit=1600%2C1069&ssl=1","datePublished":"2020-05-26T00:27:53+00:00","dateModified":"2020-09-19T22:31:04+00:00","breadcrumb":{"@id":"https:\/\/www.micoulou-photos.com\/index.php\/2020\/05\/26\/photos-en-confinement\/#breadcrumb"},"inLanguage":"fr-FR","potentialAction":[{"@type":"ReadAction","target":["https:\/\/www.micoulou-photos.com\/index.php\/2020\/05\/26\/photos-en-confinement\/"]}]},{"@type":"ImageObject","inLanguage":"fr-FR","@id":"https:\/\/www.micoulou-photos.com\/index.php\/2020\/05\/26\/photos-en-confinement\/#primaryimage","url":"https:\/\/i0.wp.com\/www.micoulou-photos.com\/wp-content\/uploads\/2020\/05\/DSC04472.jpg?fit=1600%2C1069&ssl=1","contentUrl":"https:\/\/i0.wp.com\/www.micoulou-photos.com\/wp-content\/uploads\/2020\/05\/DSC04472.jpg?fit=1600%2C1069&ssl=1","width":1600,"height":1069,"caption":"bord de leyre"},{"@type":"BreadcrumbList","@id":"https:\/\/www.micoulou-photos.com\/index.php\/2020\/05\/26\/photos-en-confinement\/#breadcrumb","itemListElement":[{"@type":"ListItem","position":1,"name":"Accueil","item":"https:\/\/www.micoulou-photos.com\/"},{"@type":"ListItem","position":2,"name":"photos en confinement"}]},{"@type":"WebSite","@id":"https:\/\/www.micoulou-photos.com\/#website","url":"https:\/\/www.micoulou-photos.com\/","name":"Micoulou Photographie","description":"Photographies, Visites virtuelles et formations par Mickael Minarie","publisher":{"@id":"https:\/\/www.micoulou-photos.com\/#organization"},"potentialAction":[{"@type":"SearchAction","target":{"@type":"EntryPoint","urlTemplate":"https:\/\/www.micoulou-photos.com\/?s={search_term_string}"},"query-input":{"@type":"PropertyValueSpecification","valueRequired":true,"valueName":"search_term_string"}}],"inLanguage":"fr-FR"},{"@type":"Organization","@id":"https:\/\/www.micoulou-photos.com\/#organization","name":"Micoulou Photographie","url":"https:\/\/www.micoulou-photos.com\/","logo":{"@type":"ImageObject","inLanguage":"fr-FR","@id":"https:\/\/www.micoulou-photos.com\/#\/schema\/logo\/image\/","url":"https:\/\/i0.wp.com\/www.micoulou-photos.com\/wp-content\/uploads\/2020\/05\/cropped-891667_552097324824916_1615181552_o-1.jpg?fit=643%2C722&ssl=1","contentUrl":"https:\/\/i0.wp.com\/www.micoulou-photos.com\/wp-content\/uploads\/2020\/05\/cropped-891667_552097324824916_1615181552_o-1.jpg?fit=643%2C722&ssl=1","width":643,"height":722,"caption":"Micoulou Photographie"},"image":{"@id":"https:\/\/www.micoulou-photos.com\/#\/schema\/logo\/image\/"}},{"@type":"Person","@id":"https:\/\/www.micoulou-photos.com\/#\/schema\/person\/6aedfe8ebe91da632f46e7c9d806a722","name":"micoulou","image":{"@type":"ImageObject","inLanguage":"fr-FR","@id":"https:\/\/secure.gravatar.com\/avatar\/98f892eb7d267eab2faa437baa3edd708deaaa43929316c0cc7b751a04cb247b?s=96&d=mm&r=g","url":"https:\/\/secure.gravatar.com\/avatar\/98f892eb7d267eab2faa437baa3edd708deaaa43929316c0cc7b751a04cb247b?s=96&d=mm&r=g","contentUrl":"https:\/\/secure.gravatar.com\/avatar\/98f892eb7d267eab2faa437baa3edd708deaaa43929316c0cc7b751a04cb247b?s=96&d=mm&r=g","caption":"micoulou"},"url":"https:\/\/www.micoulou-photos.com\/index.php\/author\/micoulou\/"}]}},"jetpack_publicize_connections":[],"jetpack_featured_media_url":"https:\/\/i0.wp.com\/www.micoulou-photos.com\/wp-content\/uploads\/2020\/05\/DSC04472.jpg?fit=1600%2C1069&ssl=1","jetpack_sharing_enabled":true,"jetpack_shortlink":"https:\/\/wp.me\/p7zKF4-1Ad","jetpack-related-posts":[{"id":81,"url":"https:\/\/www.micoulou-photos.com\/index.php\/2012\/12\/06\/en-rentrant\/","url_meta":{"origin":6089,"position":0},"title":"En rentrant","author":"micoulou","date":"6 d\u00e9cembre 2012","format":false,"excerpt":"Quelques essais photographique, \u00e0 Lyon au Sony R1, que je publie avant qu'ils partent dans l'oubli... C'etait toujoursen septembre, en rentrant du boulot.","rel":"","context":"Dans &quot;Non class\u00e9&quot;","block_context":{"text":"Non class\u00e9","link":"https:\/\/www.micoulou-photos.com\/index.php\/category\/non-classe\/"},"img":{"alt_text":"","src":"https:\/\/i0.wp.com\/4.bp.blogspot.com\/-Z2cSAk-1X78\/UIwk1NXFu4I\/AAAAAAAA4gQ\/3dn_tm8qlDY\/s320\/DSC06236-Modifier.jpg?resize=350%2C200","width":350,"height":200},"classes":[]},{"id":69,"url":"https:\/\/www.micoulou-photos.com\/index.php\/2013\/02\/21\/nouvelles\/","url_meta":{"origin":6089,"position":1},"title":"Nouvelles","author":"micoulou","date":"21 f\u00e9vrier 2013","format":false,"excerpt":"Je donne peu de nouvelles ici, divers soucis ont fait que je n'ai pas pu poster...Bref, ma production photographique du moment est tres faible (2 pelloch en 2 semaine, 10 photos avec le K20...) mais j'ai termin\u00e9 plusieurs projet personnel et je me sens pret pour demmarer autre chose... Je\u2026","rel":"","context":"Dans &quot;Non class\u00e9&quot;","block_context":{"text":"Non class\u00e9","link":"https:\/\/www.micoulou-photos.com\/index.php\/category\/non-classe\/"},"img":{"alt_text":"","src":"https:\/\/i0.wp.com\/1.bp.blogspot.com\/-H2_2pOM-gL4\/UQ6XgTGwciI\/AAAAAAAA5Ns\/TEW7SKBw03E\/s320\/IMGP0966.jpg?resize=350%2C200","width":350,"height":200},"classes":[]},{"id":676,"url":"https:\/\/www.micoulou-photos.com\/index.php\/2014\/01\/14\/prapoutel\/","url_meta":{"origin":6089,"position":2},"title":"Prapoutel","author":"micoulou","date":"14 janvier 2014","format":false,"excerpt":"Some photos when I was at Prapoutel, taking photos of families. This is my personnal photography, I am not allowed to show the photos during my work time. La premiere partie de mes photos \"perso\", enfin celles qui me reste, lors de mon travail sur lmes pistes de ski en\u2026","rel":"","context":"Dans &quot;voyage&quot;","block_context":{"text":"voyage","link":"https:\/\/www.micoulou-photos.com\/index.php\/category\/voyage\/"},"img":{"alt_text":"","src":"https:\/\/i0.wp.com\/www.micoulou-photos.com\/wp-content\/uploads\/2014\/01\/2EEV0073-Modifier.jpg?fit=1024%2C681&ssl=1&resize=350%2C200","width":350,"height":200,"srcset":"https:\/\/i0.wp.com\/www.micoulou-photos.com\/wp-content\/uploads\/2014\/01\/2EEV0073-Modifier.jpg?fit=1024%2C681&ssl=1&resize=350%2C200 1x, https:\/\/i0.wp.com\/www.micoulou-photos.com\/wp-content\/uploads\/2014\/01\/2EEV0073-Modifier.jpg?fit=1024%2C681&ssl=1&resize=525%2C300 1.5x, https:\/\/i0.wp.com\/www.micoulou-photos.com\/wp-content\/uploads\/2014\/01\/2EEV0073-Modifier.jpg?fit=1024%2C681&ssl=1&resize=700%2C400 2x"},"classes":[]},{"id":1231,"url":"https:\/\/www.micoulou-photos.com\/index.php\/2015\/01\/12\/fin-2014-plaines-et-forets\/","url_meta":{"origin":6089,"position":3},"title":"Fin 2014 &#8211; plaines et forets","author":"micoulou","date":"12 janvier 2015","format":false,"excerpt":"Un petit best of de mes photos de cette fin d'ann\u00e9e, pas beaucoup d'exotisme, mais des essais de traitements sur des images plus classique de la campagne fran\u00e7aise.","rel":"","context":"Dans &quot;voyage&quot;","block_context":{"text":"voyage","link":"https:\/\/www.micoulou-photos.com\/index.php\/category\/voyage\/"},"img":{"alt_text":"","src":"https:\/\/i0.wp.com\/www.micoulou-photos.com\/wp-content\/uploads\/2015\/01\/MAR9822-Modifier.jpg?fit=1024%2C680&ssl=1&resize=350%2C200","width":350,"height":200,"srcset":"https:\/\/i0.wp.com\/www.micoulou-photos.com\/wp-content\/uploads\/2015\/01\/MAR9822-Modifier.jpg?fit=1024%2C680&ssl=1&resize=350%2C200 1x, https:\/\/i0.wp.com\/www.micoulou-photos.com\/wp-content\/uploads\/2015\/01\/MAR9822-Modifier.jpg?fit=1024%2C680&ssl=1&resize=525%2C300 1.5x, https:\/\/i0.wp.com\/www.micoulou-photos.com\/wp-content\/uploads\/2015\/01\/MAR9822-Modifier.jpg?fit=1024%2C680&ssl=1&resize=700%2C400 2x"},"classes":[]},{"id":6455,"url":"https:\/\/www.micoulou-photos.com\/index.php\/2021\/03\/06\/retour-sur-mon-vieux-portfolio\/","url_meta":{"origin":6089,"position":4},"title":"Retour sur mon \u00ab\u00a0vieux\u00a0\u00bb portfolio","author":"micoulou","date":"6 mars 2021","format":false,"excerpt":"Puisque Deviantart \u00e0 d\u00e9cid\u00e9 de fermer son ancien syst\u00e8me de portfolio, j'ai d\u00e9cid\u00e9 de reprendre mon ancien portfolio, celui que j'ai travaill\u00e9 au moment o\u00f9 mon niveau photographique \u00e0 mont\u00e9 en fl\u00e8che, o\u00f9 j'ai r\u00e9ussi \u00e0 sortir du tout technique pour d\u00e9marrer l'artistique. C\u2019\u00e9tait entre 2008 et 2010, entre Aberdeen\u2026","rel":"","context":"Dans &quot;photographie g\u00e9n\u00e9rale&quot;","block_context":{"text":"photographie g\u00e9n\u00e9rale","link":"https:\/\/www.micoulou-photos.com\/index.php\/category\/photographie-generale\/"},"img":{"alt_text":"","src":"https:\/\/i0.wp.com\/www.micoulou-photos.com\/wp-content\/uploads\/2021\/03\/8ec6d9f7ccb7c40bb1be0105d15204f6.jpg?fit=1200%2C798&ssl=1&resize=350%2C200","width":350,"height":200,"srcset":"https:\/\/i0.wp.com\/www.micoulou-photos.com\/wp-content\/uploads\/2021\/03\/8ec6d9f7ccb7c40bb1be0105d15204f6.jpg?fit=1200%2C798&ssl=1&resize=350%2C200 1x, https:\/\/i0.wp.com\/www.micoulou-photos.com\/wp-content\/uploads\/2021\/03\/8ec6d9f7ccb7c40bb1be0105d15204f6.jpg?fit=1200%2C798&ssl=1&resize=525%2C300 1.5x, https:\/\/i0.wp.com\/www.micoulou-photos.com\/wp-content\/uploads\/2021\/03\/8ec6d9f7ccb7c40bb1be0105d15204f6.jpg?fit=1200%2C798&ssl=1&resize=700%2C400 2x, https:\/\/i0.wp.com\/www.micoulou-photos.com\/wp-content\/uploads\/2021\/03\/8ec6d9f7ccb7c40bb1be0105d15204f6.jpg?fit=1200%2C798&ssl=1&resize=1050%2C600 3x"},"classes":[]},{"id":3330,"url":"https:\/\/www.micoulou-photos.com\/index.php\/2017\/04\/22\/le-vieux-camion\/","url_meta":{"origin":6089,"position":5},"title":"Le vieux camion&#8230;","author":"micoulou","date":"22 avril 2017","format":false,"excerpt":"Comme vous le savez peut-etre, je voyage en France, en faisant du b\u00e9n\u00e9volat et apprendre et \u00e9changer sur les \u00e9coconstructions, la simplicit\u00e9 volontaire et les personnes qui vivent en autosuffisance. En m\u2019arr\u00eatant en Dordogne, j'ai rencontr\u00e9 un famille anglaise qui construit des yourtes (j'en reparlerais dans un autre article). Ils\u2026","rel":"","context":"Dans &quot;visite virtuelle&quot;","block_context":{"text":"visite virtuelle","link":"https:\/\/www.micoulou-photos.com\/index.php\/category\/visite-virtuelle\/"},"img":{"alt_text":"","src":"https:\/\/i0.wp.com\/www.micoulou-photos.com\/wp-content\/uploads\/2017\/04\/IMG_2883.jpg?fit=800%2C1200&ssl=1&resize=350%2C200","width":350,"height":200,"srcset":"https:\/\/i0.wp.com\/www.micoulou-photos.com\/wp-content\/uploads\/2017\/04\/IMG_2883.jpg?fit=800%2C1200&ssl=1&resize=350%2C200 1x, https:\/\/i0.wp.com\/www.micoulou-photos.com\/wp-content\/uploads\/2017\/04\/IMG_2883.jpg?fit=800%2C1200&ssl=1&resize=525%2C300 1.5x, https:\/\/i0.wp.com\/www.micoulou-photos.com\/wp-content\/uploads\/2017\/04\/IMG_2883.jpg?fit=800%2C1200&ssl=1&resize=700%2C400 2x"},"classes":[]}],"_links":{"self":[{"href":"https:\/\/www.micoulou-photos.com\/index.php\/wp-json\/wp\/v2\/posts\/6089","targetHints":{"allow":["GET"]}}],"collection":[{"href":"https:\/\/www.micoulou-photos.com\/index.php\/wp-json\/wp\/v2\/posts"}],"about":[{"href":"https:\/\/www.micoulou-photos.com\/index.php\/wp-json\/wp\/v2\/types\/post"}],"author":[{"embeddable":true,"href":"https:\/\/www.micoulou-photos.com\/index.php\/wp-json\/wp\/v2\/users\/1"}],"replies":[{"embeddable":true,"href":"https:\/\/www.micoulou-photos.com\/index.php\/wp-json\/wp\/v2\/comments?post=6089"}],"version-history":[{"count":7,"href":"https:\/\/www.micoulou-photos.com\/index.php\/wp-json\/wp\/v2\/posts\/6089\/revisions"}],"predecessor-version":[{"id":6367,"href":"https:\/\/www.micoulou-photos.com\/index.php\/wp-json\/wp\/v2\/posts\/6089\/revisions\/6367"}],"wp:featuredmedia":[{"embeddable":true,"href":"https:\/\/www.micoulou-photos.com\/index.php\/wp-json\/wp\/v2\/media\/6090"}],"wp:attachment":[{"href":"https:\/\/www.micoulou-photos.com\/index.php\/wp-json\/wp\/v2\/media?parent=6089"}],"wp:term":[{"taxonomy":"category","embeddable":true,"href":"https:\/\/www.micoulou-photos.com\/index.php\/wp-json\/wp\/v2\/categories?post=6089"},{"taxonomy":"post_tag","embeddable":true,"href":"https:\/\/www.micoulou-photos.com\/index.php\/wp-json\/wp\/v2\/tags?post=6089"}],"curies":[{"name":"wp","href":"https:\/\/api.w.org\/{rel}","templated":true}]}}