{"id":52,"date":"2013-07-21T17:23:00","date_gmt":"2013-07-21T16:23:00","guid":{"rendered":"http:\/\/micoulou.info\/wp\/index.php\/2013\/07\/21\/annecy-en-pano\/"},"modified":"2013-07-21T17:23:00","modified_gmt":"2013-07-21T16:23:00","slug":"annecy-en-pano","status":"publish","type":"post","link":"https:\/\/www.micoulou-photos.com\/index.php\/2013\/07\/21\/annecy-en-pano\/","title":{"rendered":"Annecy en Pano"},"content":{"rendered":"<div style=\"clear: both; text-align: center;\"><\/div>\n<div style=\"clear: both; text-align: center;\"><\/div>\n<div style=\"clear: both; text-align: center;\"><\/div>\n<div style=\"clear: both; text-align: center;\"><\/div>\n<div style=\"clear: both; text-align: center;\"><\/div>\n<div style=\"clear: both; text-align: center;\"><\/div>\n<div style=\"clear: both; text-align: center;\"><\/div>\n<div style=\"clear: both; text-align: center;\"><\/div>\n<div style=\"clear: both; text-align: center;\"><a href=\"http:\/\/2.bp.blogspot.com\/-RLlNuFb9JCI\/UewJdB0KpGI\/AAAAAAAA9FY\/aMw-RA2Jwo4\/s1600\/%5BGroup+16%5D-IMGP8682_IMGP8692-11+images.jpg\" style=\"margin-left: 1em; margin-right: 1em;\">Annecy en Pano<\/a><\/div>\n<div style=\"clear: both; text-align: center;\"><\/div>\n<div style=\"clear: both; text-align: center;\">Ballade \u00e0 Annecy, serie de panoramique, au 10-17, 35 et 77mm, avec pour certaines la tete panofix. <\/div>\n<div style=\"clear: both; text-align: center;\"><\/div>\n<div style=\"clear: both; text-align: center;\"><\/div>\n<div style=\"clear: both; text-align: center;\"><\/div>\n<div style=\"clear: both; text-align: center;\"><\/div>\n<div style=\"clear: both; text-align: center;\"><img data-recalc-dims=\"1\" decoding=\"async\" border=\"0\" height=\"79\" src=\"https:\/\/i0.wp.com\/2.bp.blogspot.com\/-RLlNuFb9JCI\/UewJdB0KpGI\/AAAAAAAA9FY\/aMw-RA2Jwo4\/s320\/%5BGroup%2B16%5D-IMGP8682_IMGP8692-11%2Bimages.jpg?resize=320%2C79\" width=\"320\" \/><\/div>\n<p><\/p>\n<div style=\"clear: both; text-align: center;\"><a href=\"https:\/\/i0.wp.com\/4.bp.blogspot.com\/-IjQ3kVmM93Q\/UewJihTgDaI\/AAAAAAAA9Fk\/FKDKWNKJ8Ek\/s1600\/%5BGroup%2B19%5D-IMGP8771_IMGP8774-4%2Bimages.jpg\" style=\"margin-left: 1em; margin-right: 1em;\"><img data-recalc-dims=\"1\" decoding=\"async\" border=\"0\" height=\"130\" src=\"https:\/\/i0.wp.com\/4.bp.blogspot.com\/-IjQ3kVmM93Q\/UewJihTgDaI\/AAAAAAAA9Fk\/FKDKWNKJ8Ek\/s320\/%5BGroup%2B19%5D-IMGP8771_IMGP8774-4%2Bimages.jpg?resize=320%2C130\" width=\"320\" \/><\/a><\/div>\n<p><\/p>\n<div style=\"clear: both; text-align: center;\"><a href=\"https:\/\/i0.wp.com\/2.bp.blogspot.com\/-jPxwm2CqsMs\/UewJiMwTCaI\/AAAAAAAA9Fg\/ZF4gRMk43os\/s1600\/%5BGroup%2B20%5D-IMGP8819_IMGP8827-9%2Bimages.jpg\" style=\"margin-left: 1em; margin-right: 1em;\"><img data-recalc-dims=\"1\" fetchpriority=\"high\" decoding=\"async\" border=\"0\" height=\"320\" src=\"https:\/\/i0.wp.com\/2.bp.blogspot.com\/-jPxwm2CqsMs\/UewJiMwTCaI\/AAAAAAAA9Fg\/ZF4gRMk43os\/s320\/%5BGroup%2B20%5D-IMGP8819_IMGP8827-9%2Bimages.jpg?resize=320%2C320\" width=\"320\" \/><\/a><\/div>\n<p><\/p>\n<div style=\"clear: both; text-align: center;\"><a href=\"https:\/\/i0.wp.com\/1.bp.blogspot.com\/-3vY1yc2H1-Q\/UewJkuXmZEI\/AAAAAAAA9Fw\/d60_FRlkMio\/s1600\/%5BGroup%2B31%5D-IMGP8880_IMGP8881-2%2Bimages.jpg\" style=\"margin-left: 1em; margin-right: 1em;\"><img data-recalc-dims=\"1\" loading=\"lazy\" decoding=\"async\" border=\"0\" height=\"151\" src=\"https:\/\/i0.wp.com\/1.bp.blogspot.com\/-3vY1yc2H1-Q\/UewJkuXmZEI\/AAAAAAAA9Fw\/d60_FRlkMio\/s320\/%5BGroup%2B31%5D-IMGP8880_IMGP8881-2%2Bimages.jpg?resize=320%2C151\" width=\"320\" \/><\/a><\/div>\n<p><\/p>\n<div style=\"clear: both; text-align: center;\"><a href=\"https:\/\/i0.wp.com\/2.bp.blogspot.com\/-A0IOkw2rFA0\/UewJrIz98vI\/AAAAAAAA9F8\/Svp4TcpNt3M\/s1600\/%5BGroup%2B39%5D-IMGP8990_IMGP8996-7%2Bimages.jpg\" style=\"margin-left: 1em; margin-right: 1em;\"><img data-recalc-dims=\"1\" loading=\"lazy\" decoding=\"async\" border=\"0\" height=\"119\" src=\"https:\/\/i0.wp.com\/2.bp.blogspot.com\/-A0IOkw2rFA0\/UewJrIz98vI\/AAAAAAAA9F8\/Svp4TcpNt3M\/s320\/%5BGroup%2B39%5D-IMGP8990_IMGP8996-7%2Bimages.jpg?resize=320%2C119\" width=\"320\" \/><\/a><\/div>\n<p><\/p>\n<div style=\"clear: both; text-align: center;\"><a href=\"https:\/\/i0.wp.com\/4.bp.blogspot.com\/-HDTyyWi-14U\/UewJqkKSbLI\/AAAAAAAA9F4\/iPTicj5yo18\/s1600\/%5BGroup%2B41%5D-IMGP8915_IMGP8916-2%2Bimages.jpg\" style=\"margin-left: 1em; margin-right: 1em;\"><img data-recalc-dims=\"1\" loading=\"lazy\" decoding=\"async\" border=\"0\" height=\"135\" src=\"https:\/\/i0.wp.com\/4.bp.blogspot.com\/-HDTyyWi-14U\/UewJqkKSbLI\/AAAAAAAA9F4\/iPTicj5yo18\/s320\/%5BGroup%2B41%5D-IMGP8915_IMGP8916-2%2Bimages.jpg?resize=320%2C135\" width=\"320\" \/><\/a><\/div>\n<p><\/p>\n","protected":false},"excerpt":{"rendered":"<p>Annecy en Pano Ballade \u00e0 Annecy, serie de panoramique, au 10-17, 35 et 77mm, avec pour certaines la tete panofix.<\/p>\n","protected":false},"author":1,"featured_media":0,"comment_status":"open","ping_status":"open","sticky":false,"template":"","format":"standard","meta":{"jetpack_post_was_ever_published":false,"_jetpack_newsletter_access":"","_jetpack_dont_email_post_to_subs":false,"_jetpack_newsletter_tier_id":0,"_jetpack_memberships_contains_paywalled_content":false,"_jetpack_memberships_contains_paid_content":false,"footnotes":"","jetpack_publicize_message":"","jetpack_publicize_feature_enabled":true,"jetpack_social_post_already_shared":false,"jetpack_social_options":{"image_generator_settings":{"template":"highway","default_image_id":0,"font":"","enabled":false},"version":2}},"categories":[1],"tags":[],"class_list":["post-52","post","type-post","status-publish","format-standard","hentry","category-non-classe"],"yoast_head":"<!-- This site is optimized with the Yoast SEO plugin v27.5 - https:\/\/yoast.com\/product\/yoast-seo-wordpress\/ -->\n<title>Annecy en Pano - Micoulou Photographie<\/title>\n<meta name=\"robots\" content=\"index, follow, max-snippet:-1, max-image-preview:large, max-video-preview:-1\" \/>\n<link rel=\"canonical\" href=\"https:\/\/www.micoulou-photos.com\/index.php\/2013\/07\/21\/annecy-en-pano\/\" \/>\n<meta property=\"og:locale\" content=\"fr_FR\" \/>\n<meta property=\"og:type\" content=\"article\" \/>\n<meta property=\"og:title\" content=\"Annecy en Pano - Micoulou Photographie\" \/>\n<meta property=\"og:description\" content=\"Annecy en Pano Ballade \u00e0 Annecy, serie de panoramique, au 10-17, 35 et 77mm, avec pour certaines la tete panofix.\" \/>\n<meta property=\"og:url\" content=\"https:\/\/www.micoulou-photos.com\/index.php\/2013\/07\/21\/annecy-en-pano\/\" \/>\n<meta property=\"og:site_name\" content=\"Micoulou Photographie\" \/>\n<meta property=\"article:published_time\" content=\"2013-07-21T16:23:00+00:00\" \/>\n<meta property=\"og:image\" content=\"http:\/\/2.bp.blogspot.com\/-RLlNuFb9JCI\/UewJdB0KpGI\/AAAAAAAA9FY\/aMw-RA2Jwo4\/s320\/%5BGroup+16%5D-IMGP8682_IMGP8692-11+images.jpg\" \/>\n<meta name=\"author\" content=\"micoulou\" \/>\n<meta name=\"twitter:card\" content=\"summary_large_image\" \/>\n<meta name=\"twitter:label1\" content=\"\u00c9crit par\" \/>\n\t<meta name=\"twitter:data1\" content=\"micoulou\" \/>\n<script type=\"application\/ld+json\" class=\"yoast-schema-graph\">{\"@context\":\"https:\\\/\\\/schema.org\",\"@graph\":[{\"@type\":\"Article\",\"@id\":\"https:\\\/\\\/www.micoulou-photos.com\\\/index.php\\\/2013\\\/07\\\/21\\\/annecy-en-pano\\\/#article\",\"isPartOf\":{\"@id\":\"https:\\\/\\\/www.micoulou-photos.com\\\/index.php\\\/2013\\\/07\\\/21\\\/annecy-en-pano\\\/\"},\"author\":{\"name\":\"micoulou\",\"@id\":\"https:\\\/\\\/www.micoulou-photos.com\\\/#\\\/schema\\\/person\\\/6aedfe8ebe91da632f46e7c9d806a722\"},\"headline\":\"Annecy en Pano\",\"datePublished\":\"2013-07-21T16:23:00+00:00\",\"mainEntityOfPage\":{\"@id\":\"https:\\\/\\\/www.micoulou-photos.com\\\/index.php\\\/2013\\\/07\\\/21\\\/annecy-en-pano\\\/\"},\"wordCount\":21,\"commentCount\":3,\"publisher\":{\"@id\":\"https:\\\/\\\/www.micoulou-photos.com\\\/#organization\"},\"image\":{\"@id\":\"https:\\\/\\\/www.micoulou-photos.com\\\/index.php\\\/2013\\\/07\\\/21\\\/annecy-en-pano\\\/#primaryimage\"},\"thumbnailUrl\":\"http:\\\/\\\/2.bp.blogspot.com\\\/-RLlNuFb9JCI\\\/UewJdB0KpGI\\\/AAAAAAAA9FY\\\/aMw-RA2Jwo4\\\/s320\\\/%5BGroup+16%5D-IMGP8682_IMGP8692-11+images.jpg\",\"inLanguage\":\"fr-FR\",\"potentialAction\":[{\"@type\":\"CommentAction\",\"name\":\"Comment\",\"target\":[\"https:\\\/\\\/www.micoulou-photos.com\\\/index.php\\\/2013\\\/07\\\/21\\\/annecy-en-pano\\\/#respond\"]}]},{\"@type\":\"WebPage\",\"@id\":\"https:\\\/\\\/www.micoulou-photos.com\\\/index.php\\\/2013\\\/07\\\/21\\\/annecy-en-pano\\\/\",\"url\":\"https:\\\/\\\/www.micoulou-photos.com\\\/index.php\\\/2013\\\/07\\\/21\\\/annecy-en-pano\\\/\",\"name\":\"Annecy en Pano - Micoulou Photographie\",\"isPartOf\":{\"@id\":\"https:\\\/\\\/www.micoulou-photos.com\\\/#website\"},\"primaryImageOfPage\":{\"@id\":\"https:\\\/\\\/www.micoulou-photos.com\\\/index.php\\\/2013\\\/07\\\/21\\\/annecy-en-pano\\\/#primaryimage\"},\"image\":{\"@id\":\"https:\\\/\\\/www.micoulou-photos.com\\\/index.php\\\/2013\\\/07\\\/21\\\/annecy-en-pano\\\/#primaryimage\"},\"thumbnailUrl\":\"http:\\\/\\\/2.bp.blogspot.com\\\/-RLlNuFb9JCI\\\/UewJdB0KpGI\\\/AAAAAAAA9FY\\\/aMw-RA2Jwo4\\\/s320\\\/%5BGroup+16%5D-IMGP8682_IMGP8692-11+images.jpg\",\"datePublished\":\"2013-07-21T16:23:00+00:00\",\"breadcrumb\":{\"@id\":\"https:\\\/\\\/www.micoulou-photos.com\\\/index.php\\\/2013\\\/07\\\/21\\\/annecy-en-pano\\\/#breadcrumb\"},\"inLanguage\":\"fr-FR\",\"potentialAction\":[{\"@type\":\"ReadAction\",\"target\":[\"https:\\\/\\\/www.micoulou-photos.com\\\/index.php\\\/2013\\\/07\\\/21\\\/annecy-en-pano\\\/\"]}]},{\"@type\":\"ImageObject\",\"inLanguage\":\"fr-FR\",\"@id\":\"https:\\\/\\\/www.micoulou-photos.com\\\/index.php\\\/2013\\\/07\\\/21\\\/annecy-en-pano\\\/#primaryimage\",\"url\":\"http:\\\/\\\/2.bp.blogspot.com\\\/-RLlNuFb9JCI\\\/UewJdB0KpGI\\\/AAAAAAAA9FY\\\/aMw-RA2Jwo4\\\/s320\\\/%5BGroup+16%5D-IMGP8682_IMGP8692-11+images.jpg\",\"contentUrl\":\"http:\\\/\\\/2.bp.blogspot.com\\\/-RLlNuFb9JCI\\\/UewJdB0KpGI\\\/AAAAAAAA9FY\\\/aMw-RA2Jwo4\\\/s320\\\/%5BGroup+16%5D-IMGP8682_IMGP8692-11+images.jpg\"},{\"@type\":\"BreadcrumbList\",\"@id\":\"https:\\\/\\\/www.micoulou-photos.com\\\/index.php\\\/2013\\\/07\\\/21\\\/annecy-en-pano\\\/#breadcrumb\",\"itemListElement\":[{\"@type\":\"ListItem\",\"position\":1,\"name\":\"Accueil\",\"item\":\"https:\\\/\\\/www.micoulou-photos.com\\\/\"},{\"@type\":\"ListItem\",\"position\":2,\"name\":\"Annecy en Pano\"}]},{\"@type\":\"WebSite\",\"@id\":\"https:\\\/\\\/www.micoulou-photos.com\\\/#website\",\"url\":\"https:\\\/\\\/www.micoulou-photos.com\\\/\",\"name\":\"Micoulou Photographie\",\"description\":\"Photographies, Visites virtuelles et formations par Mickael Minarie\",\"publisher\":{\"@id\":\"https:\\\/\\\/www.micoulou-photos.com\\\/#organization\"},\"potentialAction\":[{\"@type\":\"SearchAction\",\"target\":{\"@type\":\"EntryPoint\",\"urlTemplate\":\"https:\\\/\\\/www.micoulou-photos.com\\\/?s={search_term_string}\"},\"query-input\":{\"@type\":\"PropertyValueSpecification\",\"valueRequired\":true,\"valueName\":\"search_term_string\"}}],\"inLanguage\":\"fr-FR\"},{\"@type\":\"Organization\",\"@id\":\"https:\\\/\\\/www.micoulou-photos.com\\\/#organization\",\"name\":\"Micoulou Photographie\",\"url\":\"https:\\\/\\\/www.micoulou-photos.com\\\/\",\"logo\":{\"@type\":\"ImageObject\",\"inLanguage\":\"fr-FR\",\"@id\":\"https:\\\/\\\/www.micoulou-photos.com\\\/#\\\/schema\\\/logo\\\/image\\\/\",\"url\":\"https:\\\/\\\/i0.wp.com\\\/www.micoulou-photos.com\\\/wp-content\\\/uploads\\\/2020\\\/05\\\/cropped-891667_552097324824916_1615181552_o-1.jpg?fit=643%2C722&ssl=1\",\"contentUrl\":\"https:\\\/\\\/i0.wp.com\\\/www.micoulou-photos.com\\\/wp-content\\\/uploads\\\/2020\\\/05\\\/cropped-891667_552097324824916_1615181552_o-1.jpg?fit=643%2C722&ssl=1\",\"width\":643,\"height\":722,\"caption\":\"Micoulou Photographie\"},\"image\":{\"@id\":\"https:\\\/\\\/www.micoulou-photos.com\\\/#\\\/schema\\\/logo\\\/image\\\/\"}},{\"@type\":\"Person\",\"@id\":\"https:\\\/\\\/www.micoulou-photos.com\\\/#\\\/schema\\\/person\\\/6aedfe8ebe91da632f46e7c9d806a722\",\"name\":\"micoulou\",\"image\":{\"@type\":\"ImageObject\",\"inLanguage\":\"fr-FR\",\"@id\":\"https:\\\/\\\/secure.gravatar.com\\\/avatar\\\/98f892eb7d267eab2faa437baa3edd708deaaa43929316c0cc7b751a04cb247b?s=96&d=mm&r=g\",\"url\":\"https:\\\/\\\/secure.gravatar.com\\\/avatar\\\/98f892eb7d267eab2faa437baa3edd708deaaa43929316c0cc7b751a04cb247b?s=96&d=mm&r=g\",\"contentUrl\":\"https:\\\/\\\/secure.gravatar.com\\\/avatar\\\/98f892eb7d267eab2faa437baa3edd708deaaa43929316c0cc7b751a04cb247b?s=96&d=mm&r=g\",\"caption\":\"micoulou\"},\"url\":\"https:\\\/\\\/www.micoulou-photos.com\\\/index.php\\\/author\\\/micoulou\\\/\"}]}<\/script>\n<!-- \/ Yoast SEO plugin. -->","yoast_head_json":{"title":"Annecy en Pano - Micoulou Photographie","robots":{"index":"index","follow":"follow","max-snippet":"max-snippet:-1","max-image-preview":"max-image-preview:large","max-video-preview":"max-video-preview:-1"},"canonical":"https:\/\/www.micoulou-photos.com\/index.php\/2013\/07\/21\/annecy-en-pano\/","og_locale":"fr_FR","og_type":"article","og_title":"Annecy en Pano - Micoulou Photographie","og_description":"Annecy en Pano Ballade \u00e0 Annecy, serie de panoramique, au 10-17, 35 et 77mm, avec pour certaines la tete panofix.","og_url":"https:\/\/www.micoulou-photos.com\/index.php\/2013\/07\/21\/annecy-en-pano\/","og_site_name":"Micoulou Photographie","article_published_time":"2013-07-21T16:23:00+00:00","og_image":[{"url":"http:\/\/2.bp.blogspot.com\/-RLlNuFb9JCI\/UewJdB0KpGI\/AAAAAAAA9FY\/aMw-RA2Jwo4\/s320\/%5BGroup+16%5D-IMGP8682_IMGP8692-11+images.jpg","type":"","width":"","height":""}],"author":"micoulou","twitter_card":"summary_large_image","twitter_misc":{"\u00c9crit par":"micoulou"},"schema":{"@context":"https:\/\/schema.org","@graph":[{"@type":"Article","@id":"https:\/\/www.micoulou-photos.com\/index.php\/2013\/07\/21\/annecy-en-pano\/#article","isPartOf":{"@id":"https:\/\/www.micoulou-photos.com\/index.php\/2013\/07\/21\/annecy-en-pano\/"},"author":{"name":"micoulou","@id":"https:\/\/www.micoulou-photos.com\/#\/schema\/person\/6aedfe8ebe91da632f46e7c9d806a722"},"headline":"Annecy en Pano","datePublished":"2013-07-21T16:23:00+00:00","mainEntityOfPage":{"@id":"https:\/\/www.micoulou-photos.com\/index.php\/2013\/07\/21\/annecy-en-pano\/"},"wordCount":21,"commentCount":3,"publisher":{"@id":"https:\/\/www.micoulou-photos.com\/#organization"},"image":{"@id":"https:\/\/www.micoulou-photos.com\/index.php\/2013\/07\/21\/annecy-en-pano\/#primaryimage"},"thumbnailUrl":"http:\/\/2.bp.blogspot.com\/-RLlNuFb9JCI\/UewJdB0KpGI\/AAAAAAAA9FY\/aMw-RA2Jwo4\/s320\/%5BGroup+16%5D-IMGP8682_IMGP8692-11+images.jpg","inLanguage":"fr-FR","potentialAction":[{"@type":"CommentAction","name":"Comment","target":["https:\/\/www.micoulou-photos.com\/index.php\/2013\/07\/21\/annecy-en-pano\/#respond"]}]},{"@type":"WebPage","@id":"https:\/\/www.micoulou-photos.com\/index.php\/2013\/07\/21\/annecy-en-pano\/","url":"https:\/\/www.micoulou-photos.com\/index.php\/2013\/07\/21\/annecy-en-pano\/","name":"Annecy en Pano - Micoulou Photographie","isPartOf":{"@id":"https:\/\/www.micoulou-photos.com\/#website"},"primaryImageOfPage":{"@id":"https:\/\/www.micoulou-photos.com\/index.php\/2013\/07\/21\/annecy-en-pano\/#primaryimage"},"image":{"@id":"https:\/\/www.micoulou-photos.com\/index.php\/2013\/07\/21\/annecy-en-pano\/#primaryimage"},"thumbnailUrl":"http:\/\/2.bp.blogspot.com\/-RLlNuFb9JCI\/UewJdB0KpGI\/AAAAAAAA9FY\/aMw-RA2Jwo4\/s320\/%5BGroup+16%5D-IMGP8682_IMGP8692-11+images.jpg","datePublished":"2013-07-21T16:23:00+00:00","breadcrumb":{"@id":"https:\/\/www.micoulou-photos.com\/index.php\/2013\/07\/21\/annecy-en-pano\/#breadcrumb"},"inLanguage":"fr-FR","potentialAction":[{"@type":"ReadAction","target":["https:\/\/www.micoulou-photos.com\/index.php\/2013\/07\/21\/annecy-en-pano\/"]}]},{"@type":"ImageObject","inLanguage":"fr-FR","@id":"https:\/\/www.micoulou-photos.com\/index.php\/2013\/07\/21\/annecy-en-pano\/#primaryimage","url":"http:\/\/2.bp.blogspot.com\/-RLlNuFb9JCI\/UewJdB0KpGI\/AAAAAAAA9FY\/aMw-RA2Jwo4\/s320\/%5BGroup+16%5D-IMGP8682_IMGP8692-11+images.jpg","contentUrl":"http:\/\/2.bp.blogspot.com\/-RLlNuFb9JCI\/UewJdB0KpGI\/AAAAAAAA9FY\/aMw-RA2Jwo4\/s320\/%5BGroup+16%5D-IMGP8682_IMGP8692-11+images.jpg"},{"@type":"BreadcrumbList","@id":"https:\/\/www.micoulou-photos.com\/index.php\/2013\/07\/21\/annecy-en-pano\/#breadcrumb","itemListElement":[{"@type":"ListItem","position":1,"name":"Accueil","item":"https:\/\/www.micoulou-photos.com\/"},{"@type":"ListItem","position":2,"name":"Annecy en Pano"}]},{"@type":"WebSite","@id":"https:\/\/www.micoulou-photos.com\/#website","url":"https:\/\/www.micoulou-photos.com\/","name":"Micoulou Photographie","description":"Photographies, Visites virtuelles et formations par Mickael Minarie","publisher":{"@id":"https:\/\/www.micoulou-photos.com\/#organization"},"potentialAction":[{"@type":"SearchAction","target":{"@type":"EntryPoint","urlTemplate":"https:\/\/www.micoulou-photos.com\/?s={search_term_string}"},"query-input":{"@type":"PropertyValueSpecification","valueRequired":true,"valueName":"search_term_string"}}],"inLanguage":"fr-FR"},{"@type":"Organization","@id":"https:\/\/www.micoulou-photos.com\/#organization","name":"Micoulou Photographie","url":"https:\/\/www.micoulou-photos.com\/","logo":{"@type":"ImageObject","inLanguage":"fr-FR","@id":"https:\/\/www.micoulou-photos.com\/#\/schema\/logo\/image\/","url":"https:\/\/i0.wp.com\/www.micoulou-photos.com\/wp-content\/uploads\/2020\/05\/cropped-891667_552097324824916_1615181552_o-1.jpg?fit=643%2C722&ssl=1","contentUrl":"https:\/\/i0.wp.com\/www.micoulou-photos.com\/wp-content\/uploads\/2020\/05\/cropped-891667_552097324824916_1615181552_o-1.jpg?fit=643%2C722&ssl=1","width":643,"height":722,"caption":"Micoulou Photographie"},"image":{"@id":"https:\/\/www.micoulou-photos.com\/#\/schema\/logo\/image\/"}},{"@type":"Person","@id":"https:\/\/www.micoulou-photos.com\/#\/schema\/person\/6aedfe8ebe91da632f46e7c9d806a722","name":"micoulou","image":{"@type":"ImageObject","inLanguage":"fr-FR","@id":"https:\/\/secure.gravatar.com\/avatar\/98f892eb7d267eab2faa437baa3edd708deaaa43929316c0cc7b751a04cb247b?s=96&d=mm&r=g","url":"https:\/\/secure.gravatar.com\/avatar\/98f892eb7d267eab2faa437baa3edd708deaaa43929316c0cc7b751a04cb247b?s=96&d=mm&r=g","contentUrl":"https:\/\/secure.gravatar.com\/avatar\/98f892eb7d267eab2faa437baa3edd708deaaa43929316c0cc7b751a04cb247b?s=96&d=mm&r=g","caption":"micoulou"},"url":"https:\/\/www.micoulou-photos.com\/index.php\/author\/micoulou\/"}]}},"jetpack_publicize_connections":[],"jetpack_featured_media_url":"","jetpack_sharing_enabled":true,"jetpack_shortlink":"https:\/\/wp.me\/p7zKF4-Q","jetpack-related-posts":[{"id":75,"url":"https:\/\/www.micoulou-photos.com\/index.php\/2013\/01\/02\/ballade-a-chambery\/","url_meta":{"origin":52,"position":0},"title":"Ballade \u00e0 Chambery","author":"micoulou","date":"2 janvier 2013","format":false,"excerpt":"En arrivant, dans le train.Petite ballade \u00e0 Chambery, je vous donnerais d'ici un mois la raison... Il y aura aussi bientot quelques pano assembl\u00e9s qui vont arriv\u00e9s\/\/\/","rel":"","context":"Dans &quot;Non class\u00e9&quot;","block_context":{"text":"Non class\u00e9","link":"https:\/\/www.micoulou-photos.com\/index.php\/category\/non-classe\/"},"img":{"alt_text":"","src":"https:\/\/i0.wp.com\/4.bp.blogspot.com\/-0r671_Z0u0E\/UOH7mlTN6cI\/AAAAAAAA4t0\/Q0V40rZ-1cw\/s320\/IMGP0075.jpg?resize=350%2C200","width":350,"height":200},"classes":[]},{"id":70,"url":"https:\/\/www.micoulou-photos.com\/index.php\/2013\/02\/05\/pano-2\/","url_meta":{"origin":52,"position":1},"title":"Pano","author":"micoulou","date":"5 f\u00e9vrier 2013","format":false,"excerpt":"Apr\u00e8s des essais infructeux en 2008-2009, je me remets au panoramique...Quelques essais :Reprise de mon essai de 2009 en Ecosse, je n'ai helas pas gard\u00e9 mes RAW...A cot\u00e9 de St Malo, la point du groin au K20 + 120mm 2.8Cette vue de Blois seront les ultimes images avec le 5D...\u2026","rel":"","context":"Dans &quot;Non class\u00e9&quot;","block_context":{"text":"Non class\u00e9","link":"https:\/\/www.micoulou-photos.com\/index.php\/category\/non-classe\/"},"img":{"alt_text":"","src":"https:\/\/i0.wp.com\/1.bp.blogspot.com\/-Jon4HS5cRwg\/UQ6VJxrE_dI\/AAAAAAAA5FE\/xwADGXenUX0\/s320\/pano3.jpg?resize=350%2C200","width":350,"height":200},"classes":[]},{"id":2389,"url":"https:\/\/www.micoulou-photos.com\/index.php\/2016\/08\/17\/la-roche-bluegrass-festival\/","url_meta":{"origin":52,"position":2},"title":"La roche bluegrass festival","author":"micoulou","date":"17 ao\u00fbt 2016","format":false,"excerpt":"Un petit passage au festival de bluegrass La roche bluegrass festival \u00e0 la Roche sur Foron, pas tr\u00e8s loin d'Annecy. J'ai pris quelques photos lors du passage du groupe Heartbeats, groupe slovaque plut\u00f4t sympa. Le festival \u00e9tait tr\u00e8s sympa, on \u00e9tait pas \u00e9cras\u00e9 par le monde et c\u2019\u00e9tait bien agr\u00e9able.","rel":"","context":"Dans &quot;concert&quot;","block_context":{"text":"concert","link":"https:\/\/www.micoulou-photos.com\/index.php\/category\/concert\/"},"img":{"alt_text":"","src":"https:\/\/i0.wp.com\/www.micoulou-photos.com\/wp-content\/uploads\/2016\/08\/MI030700.jpg?fit=1200%2C514&ssl=1&resize=350%2C200","width":350,"height":200,"srcset":"https:\/\/i0.wp.com\/www.micoulou-photos.com\/wp-content\/uploads\/2016\/08\/MI030700.jpg?fit=1200%2C514&ssl=1&resize=350%2C200 1x, https:\/\/i0.wp.com\/www.micoulou-photos.com\/wp-content\/uploads\/2016\/08\/MI030700.jpg?fit=1200%2C514&ssl=1&resize=525%2C300 1.5x, https:\/\/i0.wp.com\/www.micoulou-photos.com\/wp-content\/uploads\/2016\/08\/MI030700.jpg?fit=1200%2C514&ssl=1&resize=700%2C400 2x, https:\/\/i0.wp.com\/www.micoulou-photos.com\/wp-content\/uploads\/2016\/08\/MI030700.jpg?fit=1200%2C514&ssl=1&resize=1050%2C600 3x"},"classes":[]},{"id":2380,"url":"https:\/\/www.micoulou-photos.com\/index.php\/2016\/08\/16\/col-de-la-forclaz\/","url_meta":{"origin":52,"position":3},"title":"Col de la forclaz","author":"micoulou","date":"16 ao\u00fbt 2016","format":false,"excerpt":"Quelques images prises lors de mon passage en Haute Savoie, en ayant avec moi juste 3 petit boitier (et pas d'argentique cette fois ci : G1X, GR, K-200 avec 120mm), lors d'une ballade de Saint Jorioz au col de la forclaz.","rel":"","context":"Dans &quot;voyage&quot;","block_context":{"text":"voyage","link":"https:\/\/www.micoulou-photos.com\/index.php\/category\/voyage\/"},"img":{"alt_text":"","src":"https:\/\/i0.wp.com\/www.micoulou-photos.com\/wp-content\/uploads\/2016\/08\/MI030668.jpg?fit=1200%2C514&ssl=1&resize=350%2C200","width":350,"height":200,"srcset":"https:\/\/i0.wp.com\/www.micoulou-photos.com\/wp-content\/uploads\/2016\/08\/MI030668.jpg?fit=1200%2C514&ssl=1&resize=350%2C200 1x, https:\/\/i0.wp.com\/www.micoulou-photos.com\/wp-content\/uploads\/2016\/08\/MI030668.jpg?fit=1200%2C514&ssl=1&resize=525%2C300 1.5x, https:\/\/i0.wp.com\/www.micoulou-photos.com\/wp-content\/uploads\/2016\/08\/MI030668.jpg?fit=1200%2C514&ssl=1&resize=700%2C400 2x, https:\/\/i0.wp.com\/www.micoulou-photos.com\/wp-content\/uploads\/2016\/08\/MI030668.jpg?fit=1200%2C514&ssl=1&resize=1050%2C600 3x"},"classes":[]},{"id":59,"url":"https:\/\/www.micoulou-photos.com\/index.php\/2013\/06\/04\/pano-du-soir\/","url_meta":{"origin":52,"position":4},"title":"pano du soir","author":"micoulou","date":"4 juin 2013","format":false,"excerpt":"Quelques pano, le\u00a0 premier d'hier matin, le reste de ce soir..","rel":"","context":"Dans &quot;Non class\u00e9&quot;","block_context":{"text":"Non class\u00e9","link":"https:\/\/www.micoulou-photos.com\/index.php\/category\/non-classe\/"},"img":{"alt_text":"","src":"https:\/\/i0.wp.com\/3.bp.blogspot.com\/-5xqo_Ol6_Z0\/Ua5Z-2yXLcI\/AAAAAAAA6kk\/Y9s9_oOqfR4\/s320\/%5BGroup%2B0%5D-IMGP4347_IMGP4349-3%2Bimages.jpg?resize=350%2C200","width":350,"height":200},"classes":[]},{"id":61,"url":"https:\/\/www.micoulou-photos.com\/index.php\/2013\/05\/28\/pano\/","url_meta":{"origin":52,"position":5},"title":"pano","author":"micoulou","date":"28 mai 2013","format":false,"excerpt":"Ca fait pas mald e temps que je n'ai pas post\u00e9, plus de connexion chez moi...Quelques pano recemment fait :","rel":"","context":"Dans &quot;Non class\u00e9&quot;","block_context":{"text":"Non class\u00e9","link":"https:\/\/www.micoulou-photos.com\/index.php\/category\/non-classe\/"},"img":{"alt_text":"","src":"https:\/\/i0.wp.com\/2.bp.blogspot.com\/-M9S_e2U4eVE\/UaRsALYh95I\/AAAAAAAA6g4\/k4MyTZ3OFgg\/s320\/%5BGroup%2B1%5D-2EEV2264_2EEV2266-3%2Bimages.jpg?resize=350%2C200","width":350,"height":200},"classes":[]}],"_links":{"self":[{"href":"https:\/\/www.micoulou-photos.com\/index.php\/wp-json\/wp\/v2\/posts\/52","targetHints":{"allow":["GET"]}}],"collection":[{"href":"https:\/\/www.micoulou-photos.com\/index.php\/wp-json\/wp\/v2\/posts"}],"about":[{"href":"https:\/\/www.micoulou-photos.com\/index.php\/wp-json\/wp\/v2\/types\/post"}],"author":[{"embeddable":true,"href":"https:\/\/www.micoulou-photos.com\/index.php\/wp-json\/wp\/v2\/users\/1"}],"replies":[{"embeddable":true,"href":"https:\/\/www.micoulou-photos.com\/index.php\/wp-json\/wp\/v2\/comments?post=52"}],"version-history":[{"count":0,"href":"https:\/\/www.micoulou-photos.com\/index.php\/wp-json\/wp\/v2\/posts\/52\/revisions"}],"wp:attachment":[{"href":"https:\/\/www.micoulou-photos.com\/index.php\/wp-json\/wp\/v2\/media?parent=52"}],"wp:term":[{"taxonomy":"category","embeddable":true,"href":"https:\/\/www.micoulou-photos.com\/index.php\/wp-json\/wp\/v2\/categories?post=52"},{"taxonomy":"post_tag","embeddable":true,"href":"https:\/\/www.micoulou-photos.com\/index.php\/wp-json\/wp\/v2\/tags?post=52"}],"curies":[{"name":"wp","href":"https:\/\/api.w.org\/{rel}","templated":true}]}}