{"id":49,"date":"2013-08-14T23:00:00","date_gmt":"2013-08-14T22:00:00","guid":{"rendered":"http:\/\/micoulou.info\/wp\/index.php\/2013\/08\/14\/quartier-de-la-confluence-a-lyon\/"},"modified":"2020-04-26T02:18:39","modified_gmt":"2020-04-26T01:18:39","slug":"quartier-de-la-confluence-a-lyon","status":"publish","type":"post","link":"https:\/\/www.micoulou-photos.com\/index.php\/2013\/08\/14\/quartier-de-la-confluence-a-lyon\/","title":{"rendered":"Quartier de la confluence a Lyon"},"content":{"rendered":"<p>Quartier de la confluence a Lyon, en compagnie de JF que je remercie.<br \/>\nUne serie realise avec le Fuji GA645 (que je vends), et les derniers rouleaux de Kodak E100G. Scann\u00e9 avec le scanner Epson 4490 (que je vends aussi, eh oui, je vais repartir&#8230;) et trait\u00e9 (difficilement) avec un powerbook G4.<\/p>\n<div style=\"clear: both; text-align: center;\"><a href=\"https:\/\/i0.wp.com\/3.bp.blogspot.com\/-8zpBfP8eJHg\/Ugv9AWqzLLI\/AAAAAAAA9Lg\/GHk-_1J_yOE\/s1600\/img163.jpg\" style=\"margin-left: 1em; margin-right: 1em;\"><img data-recalc-dims=\"1\" fetchpriority=\"high\" decoding=\"async\" src=\"https:\/\/i0.wp.com\/3.bp.blogspot.com\/-8zpBfP8eJHg\/Ugv9AWqzLLI\/AAAAAAAA9Lg\/GHk-_1J_yOE\/s320\/img163.jpg?resize=253%2C320\" width=\"253\" height=\"320\" border=\"0\"><\/a><\/div>\n<div style=\"clear: both; text-align: center;\"><a href=\"https:\/\/i0.wp.com\/1.bp.blogspot.com\/-ytAZHzgrJ9k\/Ugv9CgBIcNI\/AAAAAAAA9Lw\/3-Up8_xp8dE\/s1600\/img165.jpg\" style=\"margin-left: 1em; margin-right: 1em;\"><img data-recalc-dims=\"1\" decoding=\"async\" src=\"https:\/\/i0.wp.com\/1.bp.blogspot.com\/-ytAZHzgrJ9k\/Ugv9CgBIcNI\/AAAAAAAA9Lw\/3-Up8_xp8dE\/s320\/img165.jpg?resize=247%2C320\" width=\"247\" height=\"320\" border=\"0\"><\/a><\/div>\n<div style=\"clear: both; text-align: center;\"><a href=\"https:\/\/i0.wp.com\/4.bp.blogspot.com\/-j_czRj0KUcU\/Ugv9BURvLGI\/AAAAAAAA9Lo\/DiJzG6uXmFM\/s1600\/img167.jpg\" style=\"margin-left: 1em; margin-right: 1em;\"><img data-recalc-dims=\"1\" decoding=\"async\" src=\"https:\/\/i0.wp.com\/4.bp.blogspot.com\/-j_czRj0KUcU\/Ugv9BURvLGI\/AAAAAAAA9Lo\/DiJzG6uXmFM\/s320\/img167.jpg?resize=320%2C249\" width=\"320\" height=\"249\" border=\"0\"><\/a><\/div>\n<div style=\"clear: both; text-align: center;\"><a href=\"https:\/\/i0.wp.com\/1.bp.blogspot.com\/-aaJe03jN6HI\/Ugv9SosRRUI\/AAAAAAAA9MU\/7Q7c4KqF4IA\/s1600\/img168.jpg\" style=\"margin-left: 1em; margin-right: 1em;\"><img data-recalc-dims=\"1\" loading=\"lazy\" decoding=\"async\" src=\"https:\/\/i0.wp.com\/1.bp.blogspot.com\/-aaJe03jN6HI\/Ugv9SosRRUI\/AAAAAAAA9MU\/7Q7c4KqF4IA\/s320\/img168.jpg?resize=320%2C247\" width=\"320\" height=\"247\" border=\"0\"><\/a><\/div>\n<div style=\"clear: both; text-align: center;\"><a href=\"https:\/\/i0.wp.com\/3.bp.blogspot.com\/-XD7c4aP7H5M\/Ugv9REMWHkI\/AAAAAAAA9MI\/u3b3Iu_DK9I\/s1600\/img169.jpg\" style=\"margin-left: 1em; margin-right: 1em;\"><img data-recalc-dims=\"1\" loading=\"lazy\" decoding=\"async\" src=\"https:\/\/i0.wp.com\/3.bp.blogspot.com\/-XD7c4aP7H5M\/Ugv9REMWHkI\/AAAAAAAA9MI\/u3b3Iu_DK9I\/s320\/img169.jpg?resize=249%2C320\" width=\"249\" height=\"320\" border=\"0\"><\/a><\/div>\n<div style=\"clear: both; text-align: center;\"><a href=\"https:\/\/i0.wp.com\/4.bp.blogspot.com\/-FJtTRa1qDL8\/Ugv9IKC1TBI\/AAAAAAAA9L4\/IvI3d55WOzM\/s1600\/img170.jpg\" style=\"margin-left: 1em; margin-right: 1em;\"><img data-recalc-dims=\"1\" loading=\"lazy\" decoding=\"async\" src=\"https:\/\/i0.wp.com\/4.bp.blogspot.com\/-FJtTRa1qDL8\/Ugv9IKC1TBI\/AAAAAAAA9L4\/IvI3d55WOzM\/s320\/img170.jpg?resize=320%2C249\" width=\"320\" height=\"249\" border=\"0\"><\/a><\/div>\n<div style=\"clear: both; text-align: center;\"><a href=\"https:\/\/i0.wp.com\/4.bp.blogspot.com\/---Ddr5X8WsY\/Ugv9PuucMTI\/AAAAAAAA9MA\/mlD9heqk4oo\/s1600\/img171.jpg\" style=\"margin-left: 1em; margin-right: 1em;\"><img data-recalc-dims=\"1\" loading=\"lazy\" decoding=\"async\" src=\"https:\/\/i0.wp.com\/4.bp.blogspot.com\/---Ddr5X8WsY\/Ugv9PuucMTI\/AAAAAAAA9MA\/mlD9heqk4oo\/s320\/img171.jpg?resize=247%2C320\" width=\"247\" height=\"320\" border=\"0\"><\/a><\/div>\n<div style=\"clear: both; text-align: center;\"><a href=\"https:\/\/i0.wp.com\/2.bp.blogspot.com\/-IWqp4-FlmlU\/Ugv9SpwaXEI\/AAAAAAAA9MQ\/7NZuu23Sr2k\/s1600\/img172.jpg\" style=\"margin-left: 1em; margin-right: 1em;\"><img data-recalc-dims=\"1\" loading=\"lazy\" decoding=\"async\" src=\"https:\/\/i0.wp.com\/2.bp.blogspot.com\/-IWqp4-FlmlU\/Ugv9SpwaXEI\/AAAAAAAA9MQ\/7NZuu23Sr2k\/s320\/img172.jpg?resize=320%2C249\" width=\"320\" height=\"249\" border=\"0\"><\/a><\/div>\n<div style=\"clear: both; text-align: center;\"><a href=\"https:\/\/i0.wp.com\/1.bp.blogspot.com\/-1iPi54z7x9I\/Ugv9UMKC--I\/AAAAAAAA9Mg\/fO8kZc6P30I\/s1600\/img173.jpg\" style=\"margin-left: 1em; margin-right: 1em;\"><img data-recalc-dims=\"1\" loading=\"lazy\" decoding=\"async\" src=\"https:\/\/i0.wp.com\/1.bp.blogspot.com\/-1iPi54z7x9I\/Ugv9UMKC--I\/AAAAAAAA9Mg\/fO8kZc6P30I\/s320\/img173.jpg?resize=247%2C320\" width=\"247\" height=\"320\" border=\"0\"><\/a><\/div>\n","protected":false},"excerpt":{"rendered":"<p>Quartier de la confluence a Lyon, en compagnie de JF que je remercie. Une serie realise avec le Fuji GA645 (que je vends), et les derniers rouleaux de Kodak E100G. Scann\u00e9 avec le scanner Epson 4490 (que je vends aussi, eh oui, je vais repartir&#8230;) et trait\u00e9 (difficilement) avec un powerbook G4.<\/p>\n","protected":false},"author":1,"featured_media":0,"comment_status":"open","ping_status":"open","sticky":false,"template":"","format":"standard","meta":{"jetpack_post_was_ever_published":false,"_jetpack_newsletter_access":"","_jetpack_dont_email_post_to_subs":false,"_jetpack_newsletter_tier_id":0,"_jetpack_memberships_contains_paywalled_content":false,"_jetpack_memberships_contains_paid_content":false,"footnotes":"","jetpack_publicize_message":"","jetpack_publicize_feature_enabled":true,"jetpack_social_post_already_shared":false,"jetpack_social_options":{"image_generator_settings":{"template":"highway","default_image_id":0,"font":"","enabled":false},"version":2}},"categories":[109,6],"tags":[],"class_list":["post-49","post","type-post","status-publish","format-standard","hentry","category-technique","category-voyage"],"yoast_head":"<!-- This site is optimized with the Yoast SEO plugin v27.5 - https:\/\/yoast.com\/product\/yoast-seo-wordpress\/ -->\n<title>Quartier de la confluence a Lyon - Micoulou Photographie<\/title>\n<meta name=\"robots\" content=\"index, follow, max-snippet:-1, max-image-preview:large, max-video-preview:-1\" \/>\n<link rel=\"canonical\" href=\"https:\/\/www.micoulou-photos.com\/index.php\/2013\/08\/14\/quartier-de-la-confluence-a-lyon\/\" \/>\n<meta property=\"og:locale\" content=\"fr_FR\" \/>\n<meta property=\"og:type\" content=\"article\" \/>\n<meta property=\"og:title\" content=\"Quartier de la confluence a Lyon - Micoulou Photographie\" \/>\n<meta property=\"og:description\" content=\"Quartier de la confluence a Lyon, en compagnie de JF que je remercie. Une serie realise avec le Fuji GA645 (que je vends), et les derniers rouleaux de Kodak E100G. Scann\u00e9 avec le scanner Epson 4490 (que je vends aussi, eh oui, je vais repartir&#8230;) et trait\u00e9 (difficilement) avec un powerbook G4.\" \/>\n<meta property=\"og:url\" content=\"https:\/\/www.micoulou-photos.com\/index.php\/2013\/08\/14\/quartier-de-la-confluence-a-lyon\/\" \/>\n<meta property=\"og:site_name\" content=\"Micoulou Photographie\" \/>\n<meta property=\"article:published_time\" content=\"2013-08-14T22:00:00+00:00\" \/>\n<meta property=\"article:modified_time\" content=\"2020-04-26T01:18:39+00:00\" \/>\n<meta property=\"og:image\" content=\"http:\/\/3.bp.blogspot.com\/-8zpBfP8eJHg\/Ugv9AWqzLLI\/AAAAAAAA9Lg\/GHk-_1J_yOE\/s320\/img163.jpg\" \/>\n<meta name=\"author\" content=\"micoulou\" \/>\n<meta name=\"twitter:card\" content=\"summary_large_image\" \/>\n<meta name=\"twitter:label1\" content=\"\u00c9crit par\" \/>\n\t<meta name=\"twitter:data1\" content=\"micoulou\" \/>\n<script type=\"application\/ld+json\" class=\"yoast-schema-graph\">{\"@context\":\"https:\\\/\\\/schema.org\",\"@graph\":[{\"@type\":\"Article\",\"@id\":\"https:\\\/\\\/www.micoulou-photos.com\\\/index.php\\\/2013\\\/08\\\/14\\\/quartier-de-la-confluence-a-lyon\\\/#article\",\"isPartOf\":{\"@id\":\"https:\\\/\\\/www.micoulou-photos.com\\\/index.php\\\/2013\\\/08\\\/14\\\/quartier-de-la-confluence-a-lyon\\\/\"},\"author\":{\"name\":\"micoulou\",\"@id\":\"https:\\\/\\\/www.micoulou-photos.com\\\/#\\\/schema\\\/person\\\/6aedfe8ebe91da632f46e7c9d806a722\"},\"headline\":\"Quartier de la confluence a Lyon\",\"datePublished\":\"2013-08-14T22:00:00+00:00\",\"dateModified\":\"2020-04-26T01:18:39+00:00\",\"mainEntityOfPage\":{\"@id\":\"https:\\\/\\\/www.micoulou-photos.com\\\/index.php\\\/2013\\\/08\\\/14\\\/quartier-de-la-confluence-a-lyon\\\/\"},\"wordCount\":58,\"commentCount\":0,\"publisher\":{\"@id\":\"https:\\\/\\\/www.micoulou-photos.com\\\/#organization\"},\"image\":{\"@id\":\"https:\\\/\\\/www.micoulou-photos.com\\\/index.php\\\/2013\\\/08\\\/14\\\/quartier-de-la-confluence-a-lyon\\\/#primaryimage\"},\"thumbnailUrl\":\"http:\\\/\\\/3.bp.blogspot.com\\\/-8zpBfP8eJHg\\\/Ugv9AWqzLLI\\\/AAAAAAAA9Lg\\\/GHk-_1J_yOE\\\/s320\\\/img163.jpg\",\"articleSection\":[\"technique\",\"voyage\"],\"inLanguage\":\"fr-FR\",\"potentialAction\":[{\"@type\":\"CommentAction\",\"name\":\"Comment\",\"target\":[\"https:\\\/\\\/www.micoulou-photos.com\\\/index.php\\\/2013\\\/08\\\/14\\\/quartier-de-la-confluence-a-lyon\\\/#respond\"]}]},{\"@type\":\"WebPage\",\"@id\":\"https:\\\/\\\/www.micoulou-photos.com\\\/index.php\\\/2013\\\/08\\\/14\\\/quartier-de-la-confluence-a-lyon\\\/\",\"url\":\"https:\\\/\\\/www.micoulou-photos.com\\\/index.php\\\/2013\\\/08\\\/14\\\/quartier-de-la-confluence-a-lyon\\\/\",\"name\":\"Quartier de la confluence a Lyon - Micoulou Photographie\",\"isPartOf\":{\"@id\":\"https:\\\/\\\/www.micoulou-photos.com\\\/#website\"},\"primaryImageOfPage\":{\"@id\":\"https:\\\/\\\/www.micoulou-photos.com\\\/index.php\\\/2013\\\/08\\\/14\\\/quartier-de-la-confluence-a-lyon\\\/#primaryimage\"},\"image\":{\"@id\":\"https:\\\/\\\/www.micoulou-photos.com\\\/index.php\\\/2013\\\/08\\\/14\\\/quartier-de-la-confluence-a-lyon\\\/#primaryimage\"},\"thumbnailUrl\":\"http:\\\/\\\/3.bp.blogspot.com\\\/-8zpBfP8eJHg\\\/Ugv9AWqzLLI\\\/AAAAAAAA9Lg\\\/GHk-_1J_yOE\\\/s320\\\/img163.jpg\",\"datePublished\":\"2013-08-14T22:00:00+00:00\",\"dateModified\":\"2020-04-26T01:18:39+00:00\",\"breadcrumb\":{\"@id\":\"https:\\\/\\\/www.micoulou-photos.com\\\/index.php\\\/2013\\\/08\\\/14\\\/quartier-de-la-confluence-a-lyon\\\/#breadcrumb\"},\"inLanguage\":\"fr-FR\",\"potentialAction\":[{\"@type\":\"ReadAction\",\"target\":[\"https:\\\/\\\/www.micoulou-photos.com\\\/index.php\\\/2013\\\/08\\\/14\\\/quartier-de-la-confluence-a-lyon\\\/\"]}]},{\"@type\":\"ImageObject\",\"inLanguage\":\"fr-FR\",\"@id\":\"https:\\\/\\\/www.micoulou-photos.com\\\/index.php\\\/2013\\\/08\\\/14\\\/quartier-de-la-confluence-a-lyon\\\/#primaryimage\",\"url\":\"http:\\\/\\\/3.bp.blogspot.com\\\/-8zpBfP8eJHg\\\/Ugv9AWqzLLI\\\/AAAAAAAA9Lg\\\/GHk-_1J_yOE\\\/s320\\\/img163.jpg\",\"contentUrl\":\"http:\\\/\\\/3.bp.blogspot.com\\\/-8zpBfP8eJHg\\\/Ugv9AWqzLLI\\\/AAAAAAAA9Lg\\\/GHk-_1J_yOE\\\/s320\\\/img163.jpg\"},{\"@type\":\"BreadcrumbList\",\"@id\":\"https:\\\/\\\/www.micoulou-photos.com\\\/index.php\\\/2013\\\/08\\\/14\\\/quartier-de-la-confluence-a-lyon\\\/#breadcrumb\",\"itemListElement\":[{\"@type\":\"ListItem\",\"position\":1,\"name\":\"Accueil\",\"item\":\"https:\\\/\\\/www.micoulou-photos.com\\\/\"},{\"@type\":\"ListItem\",\"position\":2,\"name\":\"Quartier de la confluence a Lyon\"}]},{\"@type\":\"WebSite\",\"@id\":\"https:\\\/\\\/www.micoulou-photos.com\\\/#website\",\"url\":\"https:\\\/\\\/www.micoulou-photos.com\\\/\",\"name\":\"Micoulou Photographie\",\"description\":\"Photographies, Visites virtuelles et formations par Mickael Minarie\",\"publisher\":{\"@id\":\"https:\\\/\\\/www.micoulou-photos.com\\\/#organization\"},\"potentialAction\":[{\"@type\":\"SearchAction\",\"target\":{\"@type\":\"EntryPoint\",\"urlTemplate\":\"https:\\\/\\\/www.micoulou-photos.com\\\/?s={search_term_string}\"},\"query-input\":{\"@type\":\"PropertyValueSpecification\",\"valueRequired\":true,\"valueName\":\"search_term_string\"}}],\"inLanguage\":\"fr-FR\"},{\"@type\":\"Organization\",\"@id\":\"https:\\\/\\\/www.micoulou-photos.com\\\/#organization\",\"name\":\"Micoulou Photographie\",\"url\":\"https:\\\/\\\/www.micoulou-photos.com\\\/\",\"logo\":{\"@type\":\"ImageObject\",\"inLanguage\":\"fr-FR\",\"@id\":\"https:\\\/\\\/www.micoulou-photos.com\\\/#\\\/schema\\\/logo\\\/image\\\/\",\"url\":\"https:\\\/\\\/i0.wp.com\\\/www.micoulou-photos.com\\\/wp-content\\\/uploads\\\/2020\\\/05\\\/cropped-891667_552097324824916_1615181552_o-1.jpg?fit=643%2C722&ssl=1\",\"contentUrl\":\"https:\\\/\\\/i0.wp.com\\\/www.micoulou-photos.com\\\/wp-content\\\/uploads\\\/2020\\\/05\\\/cropped-891667_552097324824916_1615181552_o-1.jpg?fit=643%2C722&ssl=1\",\"width\":643,\"height\":722,\"caption\":\"Micoulou Photographie\"},\"image\":{\"@id\":\"https:\\\/\\\/www.micoulou-photos.com\\\/#\\\/schema\\\/logo\\\/image\\\/\"}},{\"@type\":\"Person\",\"@id\":\"https:\\\/\\\/www.micoulou-photos.com\\\/#\\\/schema\\\/person\\\/6aedfe8ebe91da632f46e7c9d806a722\",\"name\":\"micoulou\",\"image\":{\"@type\":\"ImageObject\",\"inLanguage\":\"fr-FR\",\"@id\":\"https:\\\/\\\/secure.gravatar.com\\\/avatar\\\/98f892eb7d267eab2faa437baa3edd708deaaa43929316c0cc7b751a04cb247b?s=96&d=mm&r=g\",\"url\":\"https:\\\/\\\/secure.gravatar.com\\\/avatar\\\/98f892eb7d267eab2faa437baa3edd708deaaa43929316c0cc7b751a04cb247b?s=96&d=mm&r=g\",\"contentUrl\":\"https:\\\/\\\/secure.gravatar.com\\\/avatar\\\/98f892eb7d267eab2faa437baa3edd708deaaa43929316c0cc7b751a04cb247b?s=96&d=mm&r=g\",\"caption\":\"micoulou\"},\"url\":\"https:\\\/\\\/www.micoulou-photos.com\\\/index.php\\\/author\\\/micoulou\\\/\"}]}<\/script>\n<!-- \/ Yoast SEO plugin. -->","yoast_head_json":{"title":"Quartier de la confluence a Lyon - Micoulou Photographie","robots":{"index":"index","follow":"follow","max-snippet":"max-snippet:-1","max-image-preview":"max-image-preview:large","max-video-preview":"max-video-preview:-1"},"canonical":"https:\/\/www.micoulou-photos.com\/index.php\/2013\/08\/14\/quartier-de-la-confluence-a-lyon\/","og_locale":"fr_FR","og_type":"article","og_title":"Quartier de la confluence a Lyon - Micoulou Photographie","og_description":"Quartier de la confluence a Lyon, en compagnie de JF que je remercie. Une serie realise avec le Fuji GA645 (que je vends), et les derniers rouleaux de Kodak E100G. Scann\u00e9 avec le scanner Epson 4490 (que je vends aussi, eh oui, je vais repartir&#8230;) et trait\u00e9 (difficilement) avec un powerbook G4.","og_url":"https:\/\/www.micoulou-photos.com\/index.php\/2013\/08\/14\/quartier-de-la-confluence-a-lyon\/","og_site_name":"Micoulou Photographie","article_published_time":"2013-08-14T22:00:00+00:00","article_modified_time":"2020-04-26T01:18:39+00:00","og_image":[{"url":"http:\/\/3.bp.blogspot.com\/-8zpBfP8eJHg\/Ugv9AWqzLLI\/AAAAAAAA9Lg\/GHk-_1J_yOE\/s320\/img163.jpg","type":"","width":"","height":""}],"author":"micoulou","twitter_card":"summary_large_image","twitter_misc":{"\u00c9crit par":"micoulou"},"schema":{"@context":"https:\/\/schema.org","@graph":[{"@type":"Article","@id":"https:\/\/www.micoulou-photos.com\/index.php\/2013\/08\/14\/quartier-de-la-confluence-a-lyon\/#article","isPartOf":{"@id":"https:\/\/www.micoulou-photos.com\/index.php\/2013\/08\/14\/quartier-de-la-confluence-a-lyon\/"},"author":{"name":"micoulou","@id":"https:\/\/www.micoulou-photos.com\/#\/schema\/person\/6aedfe8ebe91da632f46e7c9d806a722"},"headline":"Quartier de la confluence a Lyon","datePublished":"2013-08-14T22:00:00+00:00","dateModified":"2020-04-26T01:18:39+00:00","mainEntityOfPage":{"@id":"https:\/\/www.micoulou-photos.com\/index.php\/2013\/08\/14\/quartier-de-la-confluence-a-lyon\/"},"wordCount":58,"commentCount":0,"publisher":{"@id":"https:\/\/www.micoulou-photos.com\/#organization"},"image":{"@id":"https:\/\/www.micoulou-photos.com\/index.php\/2013\/08\/14\/quartier-de-la-confluence-a-lyon\/#primaryimage"},"thumbnailUrl":"http:\/\/3.bp.blogspot.com\/-8zpBfP8eJHg\/Ugv9AWqzLLI\/AAAAAAAA9Lg\/GHk-_1J_yOE\/s320\/img163.jpg","articleSection":["technique","voyage"],"inLanguage":"fr-FR","potentialAction":[{"@type":"CommentAction","name":"Comment","target":["https:\/\/www.micoulou-photos.com\/index.php\/2013\/08\/14\/quartier-de-la-confluence-a-lyon\/#respond"]}]},{"@type":"WebPage","@id":"https:\/\/www.micoulou-photos.com\/index.php\/2013\/08\/14\/quartier-de-la-confluence-a-lyon\/","url":"https:\/\/www.micoulou-photos.com\/index.php\/2013\/08\/14\/quartier-de-la-confluence-a-lyon\/","name":"Quartier de la confluence a Lyon - Micoulou Photographie","isPartOf":{"@id":"https:\/\/www.micoulou-photos.com\/#website"},"primaryImageOfPage":{"@id":"https:\/\/www.micoulou-photos.com\/index.php\/2013\/08\/14\/quartier-de-la-confluence-a-lyon\/#primaryimage"},"image":{"@id":"https:\/\/www.micoulou-photos.com\/index.php\/2013\/08\/14\/quartier-de-la-confluence-a-lyon\/#primaryimage"},"thumbnailUrl":"http:\/\/3.bp.blogspot.com\/-8zpBfP8eJHg\/Ugv9AWqzLLI\/AAAAAAAA9Lg\/GHk-_1J_yOE\/s320\/img163.jpg","datePublished":"2013-08-14T22:00:00+00:00","dateModified":"2020-04-26T01:18:39+00:00","breadcrumb":{"@id":"https:\/\/www.micoulou-photos.com\/index.php\/2013\/08\/14\/quartier-de-la-confluence-a-lyon\/#breadcrumb"},"inLanguage":"fr-FR","potentialAction":[{"@type":"ReadAction","target":["https:\/\/www.micoulou-photos.com\/index.php\/2013\/08\/14\/quartier-de-la-confluence-a-lyon\/"]}]},{"@type":"ImageObject","inLanguage":"fr-FR","@id":"https:\/\/www.micoulou-photos.com\/index.php\/2013\/08\/14\/quartier-de-la-confluence-a-lyon\/#primaryimage","url":"http:\/\/3.bp.blogspot.com\/-8zpBfP8eJHg\/Ugv9AWqzLLI\/AAAAAAAA9Lg\/GHk-_1J_yOE\/s320\/img163.jpg","contentUrl":"http:\/\/3.bp.blogspot.com\/-8zpBfP8eJHg\/Ugv9AWqzLLI\/AAAAAAAA9Lg\/GHk-_1J_yOE\/s320\/img163.jpg"},{"@type":"BreadcrumbList","@id":"https:\/\/www.micoulou-photos.com\/index.php\/2013\/08\/14\/quartier-de-la-confluence-a-lyon\/#breadcrumb","itemListElement":[{"@type":"ListItem","position":1,"name":"Accueil","item":"https:\/\/www.micoulou-photos.com\/"},{"@type":"ListItem","position":2,"name":"Quartier de la confluence a Lyon"}]},{"@type":"WebSite","@id":"https:\/\/www.micoulou-photos.com\/#website","url":"https:\/\/www.micoulou-photos.com\/","name":"Micoulou Photographie","description":"Photographies, Visites virtuelles et formations par Mickael Minarie","publisher":{"@id":"https:\/\/www.micoulou-photos.com\/#organization"},"potentialAction":[{"@type":"SearchAction","target":{"@type":"EntryPoint","urlTemplate":"https:\/\/www.micoulou-photos.com\/?s={search_term_string}"},"query-input":{"@type":"PropertyValueSpecification","valueRequired":true,"valueName":"search_term_string"}}],"inLanguage":"fr-FR"},{"@type":"Organization","@id":"https:\/\/www.micoulou-photos.com\/#organization","name":"Micoulou Photographie","url":"https:\/\/www.micoulou-photos.com\/","logo":{"@type":"ImageObject","inLanguage":"fr-FR","@id":"https:\/\/www.micoulou-photos.com\/#\/schema\/logo\/image\/","url":"https:\/\/i0.wp.com\/www.micoulou-photos.com\/wp-content\/uploads\/2020\/05\/cropped-891667_552097324824916_1615181552_o-1.jpg?fit=643%2C722&ssl=1","contentUrl":"https:\/\/i0.wp.com\/www.micoulou-photos.com\/wp-content\/uploads\/2020\/05\/cropped-891667_552097324824916_1615181552_o-1.jpg?fit=643%2C722&ssl=1","width":643,"height":722,"caption":"Micoulou Photographie"},"image":{"@id":"https:\/\/www.micoulou-photos.com\/#\/schema\/logo\/image\/"}},{"@type":"Person","@id":"https:\/\/www.micoulou-photos.com\/#\/schema\/person\/6aedfe8ebe91da632f46e7c9d806a722","name":"micoulou","image":{"@type":"ImageObject","inLanguage":"fr-FR","@id":"https:\/\/secure.gravatar.com\/avatar\/98f892eb7d267eab2faa437baa3edd708deaaa43929316c0cc7b751a04cb247b?s=96&d=mm&r=g","url":"https:\/\/secure.gravatar.com\/avatar\/98f892eb7d267eab2faa437baa3edd708deaaa43929316c0cc7b751a04cb247b?s=96&d=mm&r=g","contentUrl":"https:\/\/secure.gravatar.com\/avatar\/98f892eb7d267eab2faa437baa3edd708deaaa43929316c0cc7b751a04cb247b?s=96&d=mm&r=g","caption":"micoulou"},"url":"https:\/\/www.micoulou-photos.com\/index.php\/author\/micoulou\/"}]}},"jetpack_publicize_connections":[],"jetpack_featured_media_url":"","jetpack_sharing_enabled":true,"jetpack_shortlink":"https:\/\/wp.me\/p7zKF4-N","jetpack-related-posts":[{"id":48,"url":"https:\/\/www.micoulou-photos.com\/index.php\/2013\/08\/26\/confluence-a-lyon-en-360\/","url_meta":{"origin":49,"position":0},"title":"Confluence \u00e0 Lyon en 360","author":"micoulou","date":"26 ao\u00fbt 2013","format":false,"excerpt":"Quelques images au Lomo 360, en couleur cette fois ci :","rel":"","context":"Dans &quot;voyage&quot;","block_context":{"text":"voyage","link":"https:\/\/www.micoulou-photos.com\/index.php\/category\/voyage\/"},"img":{"alt_text":"","src":"https:\/\/i0.wp.com\/1.bp.blogspot.com\/-uv7HVaPIBIo\/UhtKLxSrUpI\/AAAAAAAA9O4\/zlbvR9jVmdA\/s320\/img172.jpg?resize=350%2C200","width":350,"height":200},"classes":[]},{"id":2445,"url":"https:\/\/www.micoulou-photos.com\/index.php\/2016\/09\/05\/comparaison-de-differents-scanners\/","url_meta":{"origin":49,"position":1},"title":"Comparaison de differents scanners","author":"micoulou","date":"5 septembre 2016","format":false,"excerpt":"Un petit article sur les scanners de film, qui sera mis \u00e0 jour au fur et \u00e0 mesure... Une petite histoire, j'ai commenc\u00e9 la photo assez tot, en 1991 avec un appareil jetable comme beaucoup d'enfant et en 1995 on m'a offert mon premier reflex, un zenit EM... Tout cel\u00e0\u2026","rel":"","context":"Dans &quot;technique&quot;","block_context":{"text":"technique","link":"https:\/\/www.micoulou-photos.com\/index.php\/category\/technique\/"},"img":{"alt_text":"","src":"https:\/\/i0.wp.com\/www.micoulou-photos.com\/wp-content\/uploads\/2016\/09\/IMG_1518.jpg?fit=600%2C800&ssl=1&resize=350%2C200","width":350,"height":200,"srcset":"https:\/\/i0.wp.com\/www.micoulou-photos.com\/wp-content\/uploads\/2016\/09\/IMG_1518.jpg?fit=600%2C800&ssl=1&resize=350%2C200 1x, https:\/\/i0.wp.com\/www.micoulou-photos.com\/wp-content\/uploads\/2016\/09\/IMG_1518.jpg?fit=600%2C800&ssl=1&resize=525%2C300 1.5x"},"classes":[]},{"id":77,"url":"https:\/\/www.micoulou-photos.com\/index.php\/2012\/12\/15\/77\/","url_meta":{"origin":49,"position":2},"title":"En me baladant \u00e0 Paris...\u2026","author":"micoulou","date":"15 d\u00e9cembre 2012","format":false,"excerpt":"En me baladant \u00e0 Paris... Quelques diapos prise en septembre. Toujours scann\u00e9 \u00e0 l'Epson 4490, avec de la sensia 100.","rel":"","context":"Dans &quot;Non class\u00e9&quot;","block_context":{"text":"Non class\u00e9","link":"https:\/\/www.micoulou-photos.com\/index.php\/category\/non-classe\/"},"img":{"alt_text":"","src":"https:\/\/i0.wp.com\/1.bp.blogspot.com\/-b_5Q1K72Rrc\/UMzlSLW3vfI\/AAAAAAAA4r8\/QvS0lshxAMU\/s320\/img005.jpg?resize=350%2C200","width":350,"height":200},"classes":[]},{"id":53,"url":"https:\/\/www.micoulou-photos.com\/index.php\/2013\/06\/25\/sortie-fdr-cabries\/","url_meta":{"origin":49,"position":3},"title":"Sortie FDR Cabri\u00e8s","author":"micoulou","date":"25 juin 2013","format":false,"excerpt":"Avec beaucoup de retard, il m'a fallu pas mal de temps avant de trouver un scanner correct \u00e0 Chambery, voici enfin mes photos de la sortie du forum Fous De Reflex \u00e0 Cabries, o\u00f9 j'avais revu pas mal de monde du forum, que je n'avais pas vu depuis mon depart\u2026","rel":"","context":"Dans &quot;Non class\u00e9&quot;","block_context":{"text":"Non class\u00e9","link":"https:\/\/www.micoulou-photos.com\/index.php\/category\/non-classe\/"},"img":{"alt_text":"","src":"https:\/\/i0.wp.com\/3.bp.blogspot.com\/-v13bzIBlyBE\/UcoNnU22XZI\/AAAAAAAA85Q\/alAnU2kyZwk\/s320\/img047.jpg?resize=350%2C200","width":350,"height":200},"classes":[]},{"id":78,"url":"https:\/\/www.micoulou-photos.com\/index.php\/2012\/12\/15\/marseille\/","url_meta":{"origin":49,"position":4},"title":"Marseille","author":"micoulou","date":"15 d\u00e9cembre 2012","format":false,"excerpt":"Bon, on passe \u00e0 plus recent... J'etais donc \u00e0 Marseille cet \u00e9t\u00e9, debut aout pour paser un entretien d'embauche, que je\u00a0 n'ai pas eu mais qui m'a permis de faire quelques photos dans la soir\u00e9e...Minolta Hi-Matic S avec Fuji Sensia 100. Je l'ai scann\u00e9 avec mon Epson, et il ne\u2026","rel":"","context":"Dans &quot;Non class\u00e9&quot;","block_context":{"text":"Non class\u00e9","link":"https:\/\/www.micoulou-photos.com\/index.php\/category\/non-classe\/"},"img":{"alt_text":"","src":"https:\/\/i0.wp.com\/3.bp.blogspot.com\/-tkHP_gkp4Gw\/UMzkYk1NpII\/AAAAAAAA4rc\/3RN9k6pq1c8\/s320\/img021.jpg?resize=350%2C200","width":350,"height":200},"classes":[]},{"id":79,"url":"https:\/\/www.micoulou-photos.com\/index.php\/2012\/12\/13\/photos-argentique\/","url_meta":{"origin":49,"position":5},"title":"Photos argentique","author":"micoulou","date":"13 d\u00e9cembre 2012","format":false,"excerpt":"Avant que je passe au nouvelles photos (il y a 30 pellicules fraichement d\u00e9velopp\u00e9e depuis juillet qui attendent dans le Panodia \u00e0 etre scann\u00e9), je vais en profiter pour publier celle de avril mai, developp\u00e9 et scann\u00e9e chez Lozeau (donc le scan est mauvais...).Systeme electrique de l'appart, \u00e7a fait peur,\u2026","rel":"","context":"Dans &quot;Non class\u00e9&quot;","block_context":{"text":"Non class\u00e9","link":"https:\/\/www.micoulou-photos.com\/index.php\/category\/non-classe\/"},"img":{"alt_text":"","src":"https:\/\/i0.wp.com\/3.bp.blogspot.com\/-tr9SBC3Jhic\/T9zKicctfFI\/AAAAAAAAyiU\/UkZPF8lwFps\/s320\/000006520015.jpg?resize=350%2C200","width":350,"height":200},"classes":[]}],"_links":{"self":[{"href":"https:\/\/www.micoulou-photos.com\/index.php\/wp-json\/wp\/v2\/posts\/49","targetHints":{"allow":["GET"]}}],"collection":[{"href":"https:\/\/www.micoulou-photos.com\/index.php\/wp-json\/wp\/v2\/posts"}],"about":[{"href":"https:\/\/www.micoulou-photos.com\/index.php\/wp-json\/wp\/v2\/types\/post"}],"author":[{"embeddable":true,"href":"https:\/\/www.micoulou-photos.com\/index.php\/wp-json\/wp\/v2\/users\/1"}],"replies":[{"embeddable":true,"href":"https:\/\/www.micoulou-photos.com\/index.php\/wp-json\/wp\/v2\/comments?post=49"}],"version-history":[{"count":1,"href":"https:\/\/www.micoulou-photos.com\/index.php\/wp-json\/wp\/v2\/posts\/49\/revisions"}],"predecessor-version":[{"id":5970,"href":"https:\/\/www.micoulou-photos.com\/index.php\/wp-json\/wp\/v2\/posts\/49\/revisions\/5970"}],"wp:attachment":[{"href":"https:\/\/www.micoulou-photos.com\/index.php\/wp-json\/wp\/v2\/media?parent=49"}],"wp:term":[{"taxonomy":"category","embeddable":true,"href":"https:\/\/www.micoulou-photos.com\/index.php\/wp-json\/wp\/v2\/categories?post=49"},{"taxonomy":"post_tag","embeddable":true,"href":"https:\/\/www.micoulou-photos.com\/index.php\/wp-json\/wp\/v2\/tags?post=49"}],"curies":[{"name":"wp","href":"https:\/\/api.w.org\/{rel}","templated":true}]}}