{"id":47,"date":"2013-08-31T17:57:00","date_gmt":"2013-08-31T16:57:00","guid":{"rendered":"http:\/\/micoulou.info\/wp\/index.php\/2013\/08\/31\/en-se-balladant-dans-les-alpes\/"},"modified":"2020-04-26T02:17:21","modified_gmt":"2020-04-26T01:17:21","slug":"en-se-balladant-dans-les-alpes","status":"publish","type":"post","link":"https:\/\/www.micoulou-photos.com\/index.php\/2013\/08\/31\/en-se-balladant-dans-les-alpes\/","title":{"rendered":"En se balladant dans les Alpes"},"content":{"rendered":"<div style=\"clear: both; text-align: center;\"><a href=\"https:\/\/i0.wp.com\/1.bp.blogspot.com\/-fazXAVSdTew\/UiIfSn2KkXI\/AAAAAAAA9QU\/00NFKiZgKzY\/s1600\/%255BGroup%2B1%255D-IMGP9780_IMGP9781-2%2Bimages.jpg\" style=\"margin-left: 1em; margin-right: 1em;\"><img data-recalc-dims=\"1\" decoding=\"async\" src=\"https:\/\/i0.wp.com\/1.bp.blogspot.com\/-fazXAVSdTew\/UiIfSn2KkXI\/AAAAAAAA9QU\/00NFKiZgKzY\/s320\/%255BGroup%2B1%255D-IMGP9780_IMGP9781-2%2Bimages.jpg?resize=320%2C141\" width=\"320\" height=\"141\" border=\"0\"><\/a><\/div>\n<div style=\"clear: both; text-align: center;\"><a href=\"https:\/\/i0.wp.com\/2.bp.blogspot.com\/-tCm7xrXNMfE\/UiIfWrSSgCI\/AAAAAAAA9Qs\/0IinwFx_jLA\/s1600\/%255BGroup%2B3%255D-IMGP9789_IMGP9790-2%2Bimages.jpg\" style=\"margin-left: 1em; margin-right: 1em;\"><img data-recalc-dims=\"1\" decoding=\"async\" src=\"https:\/\/i0.wp.com\/2.bp.blogspot.com\/-tCm7xrXNMfE\/UiIfWrSSgCI\/AAAAAAAA9Qs\/0IinwFx_jLA\/s320\/%255BGroup%2B3%255D-IMGP9789_IMGP9790-2%2Bimages.jpg?resize=320%2C96\" width=\"320\" height=\"96\" border=\"0\"><\/a><\/div>\n<div style=\"clear: both; text-align: center;\"><a href=\"https:\/\/i0.wp.com\/4.bp.blogspot.com\/-1bdIWntS5l8\/UiIfXgy9KlI\/AAAAAAAA9Q0\/uhj7rw_mcGU\/s1600\/%255BGroup%2B9%255D-IMGP9859_IMGP9861-3%2Bimages.jpg\" style=\"margin-left: 1em; margin-right: 1em;\"><img data-recalc-dims=\"1\" decoding=\"async\" src=\"https:\/\/i0.wp.com\/4.bp.blogspot.com\/-1bdIWntS5l8\/UiIfXgy9KlI\/AAAAAAAA9Q0\/uhj7rw_mcGU\/s320\/%255BGroup%2B9%255D-IMGP9859_IMGP9861-3%2Bimages.jpg?resize=320%2C86\" width=\"320\" height=\"86\" border=\"0\"><\/a><\/div>\n<div style=\"clear: both; text-align: center;\"><a href=\"https:\/\/i0.wp.com\/3.bp.blogspot.com\/-5t9uSlD6Ppc\/UiIfQz6YHsI\/AAAAAAAA9QM\/bBstMCzR8ws\/s1600\/%255BGroup%2B22%255D-IMGP0197_IMGP0198-2%2Bimages.jpg\" style=\"margin-left: 1em; margin-right: 1em;\"><img data-recalc-dims=\"1\" loading=\"lazy\" decoding=\"async\" src=\"https:\/\/i0.wp.com\/3.bp.blogspot.com\/-5t9uSlD6Ppc\/UiIfQz6YHsI\/AAAAAAAA9QM\/bBstMCzR8ws\/s320\/%255BGroup%2B22%255D-IMGP0197_IMGP0198-2%2Bimages.jpg?resize=320%2C125\" width=\"320\" height=\"125\" border=\"0\"><\/a><\/div>\n<div style=\"clear: both; text-align: center;\"><a href=\"https:\/\/i0.wp.com\/3.bp.blogspot.com\/-WsamlcyaeQE\/UiIfV7c8ggI\/AAAAAAAA9Qk\/iT7f6oUYpCo\/s1600\/%255BGroup%2B22%255D-IMGP0224_IMGP0227-4%2Bimages.jpg\" style=\"margin-left: 1em; margin-right: 1em;\"><img data-recalc-dims=\"1\" loading=\"lazy\" decoding=\"async\" src=\"https:\/\/i0.wp.com\/3.bp.blogspot.com\/-WsamlcyaeQE\/UiIfV7c8ggI\/AAAAAAAA9Qk\/iT7f6oUYpCo\/s320\/%255BGroup%2B22%255D-IMGP0224_IMGP0227-4%2Bimages.jpg?resize=320%2C288\" width=\"320\" height=\"288\" border=\"0\"><\/a><\/div>\n<div style=\"clear: both; text-align: center;\"><a href=\"https:\/\/i0.wp.com\/1.bp.blogspot.com\/-rSirQ3g8-Ug\/UiIfPUr-AcI\/AAAAAAAA9QE\/IC0XJelMMsU\/s1600\/%255BGroup%2B21%255D-IMGP0166_IMGP0170-5%2Bimages.jpg\" style=\"margin-left: 1em; margin-right: 1em;\"><img data-recalc-dims=\"1\" loading=\"lazy\" decoding=\"async\" src=\"https:\/\/i0.wp.com\/1.bp.blogspot.com\/-rSirQ3g8-Ug\/UiIfPUr-AcI\/AAAAAAAA9QE\/IC0XJelMMsU\/s320\/%255BGroup%2B21%255D-IMGP0166_IMGP0170-5%2Bimages.jpg?resize=320%2C109\" width=\"320\" height=\"109\" border=\"0\"><\/a><\/div>\n<p>Dans les alpes, en se balladant dans le Vercors et \u00e0 Aime. Assembl\u00e9 rapidement avec APG depuis les JPEG sortie du K200D.<\/p>\n<div style=\"clear: both; text-align: center;\"><\/div>\n","protected":false},"excerpt":{"rendered":"<p>Dans les alpes, en se balladant dans le Vercors et \u00e0 Aime. Assembl\u00e9 rapidement avec APG depuis les JPEG sortie du K200D.<\/p>\n","protected":false},"author":1,"featured_media":0,"comment_status":"open","ping_status":"open","sticky":false,"template":"","format":"standard","meta":{"jetpack_post_was_ever_published":false,"_jetpack_newsletter_access":"","_jetpack_dont_email_post_to_subs":false,"_jetpack_newsletter_tier_id":0,"_jetpack_memberships_contains_paywalled_content":false,"_jetpack_memberships_contains_paid_content":false,"footnotes":"","jetpack_publicize_message":"","jetpack_publicize_feature_enabled":true,"jetpack_social_post_already_shared":false,"jetpack_social_options":{"image_generator_settings":{"template":"highway","default_image_id":0,"font":"","enabled":false},"version":2}},"categories":[6],"tags":[],"class_list":["post-47","post","type-post","status-publish","format-standard","hentry","category-voyage"],"yoast_head":"<!-- This site is optimized with the Yoast SEO plugin v27.5 - https:\/\/yoast.com\/product\/yoast-seo-wordpress\/ -->\n<title>En se balladant dans les Alpes - Micoulou Photographie<\/title>\n<meta name=\"robots\" content=\"index, follow, max-snippet:-1, max-image-preview:large, max-video-preview:-1\" \/>\n<link rel=\"canonical\" href=\"https:\/\/www.micoulou-photos.com\/index.php\/2013\/08\/31\/en-se-balladant-dans-les-alpes\/\" \/>\n<meta property=\"og:locale\" content=\"fr_FR\" \/>\n<meta property=\"og:type\" content=\"article\" \/>\n<meta property=\"og:title\" content=\"En se balladant dans les Alpes - Micoulou Photographie\" \/>\n<meta property=\"og:description\" content=\"Dans les alpes, en se balladant dans le Vercors et \u00e0 Aime. Assembl\u00e9 rapidement avec APG depuis les JPEG sortie du K200D.\" \/>\n<meta property=\"og:url\" content=\"https:\/\/www.micoulou-photos.com\/index.php\/2013\/08\/31\/en-se-balladant-dans-les-alpes\/\" \/>\n<meta property=\"og:site_name\" content=\"Micoulou Photographie\" \/>\n<meta property=\"article:published_time\" content=\"2013-08-31T16:57:00+00:00\" \/>\n<meta property=\"article:modified_time\" content=\"2020-04-26T01:17:21+00:00\" \/>\n<meta property=\"og:image\" content=\"http:\/\/1.bp.blogspot.com\/-fazXAVSdTew\/UiIfSn2KkXI\/AAAAAAAA9QU\/00NFKiZgKzY\/s320\/%255BGroup+1%255D-IMGP9780_IMGP9781-2+images.jpg\" \/>\n<meta name=\"author\" content=\"micoulou\" \/>\n<meta name=\"twitter:card\" content=\"summary_large_image\" \/>\n<meta name=\"twitter:label1\" content=\"\u00c9crit par\" \/>\n\t<meta name=\"twitter:data1\" content=\"micoulou\" \/>\n<script type=\"application\/ld+json\" class=\"yoast-schema-graph\">{\"@context\":\"https:\\\/\\\/schema.org\",\"@graph\":[{\"@type\":\"Article\",\"@id\":\"https:\\\/\\\/www.micoulou-photos.com\\\/index.php\\\/2013\\\/08\\\/31\\\/en-se-balladant-dans-les-alpes\\\/#article\",\"isPartOf\":{\"@id\":\"https:\\\/\\\/www.micoulou-photos.com\\\/index.php\\\/2013\\\/08\\\/31\\\/en-se-balladant-dans-les-alpes\\\/\"},\"author\":{\"name\":\"micoulou\",\"@id\":\"https:\\\/\\\/www.micoulou-photos.com\\\/#\\\/schema\\\/person\\\/6aedfe8ebe91da632f46e7c9d806a722\"},\"headline\":\"En se balladant dans les Alpes\",\"datePublished\":\"2013-08-31T16:57:00+00:00\",\"dateModified\":\"2020-04-26T01:17:21+00:00\",\"mainEntityOfPage\":{\"@id\":\"https:\\\/\\\/www.micoulou-photos.com\\\/index.php\\\/2013\\\/08\\\/31\\\/en-se-balladant-dans-les-alpes\\\/\"},\"wordCount\":28,\"commentCount\":0,\"publisher\":{\"@id\":\"https:\\\/\\\/www.micoulou-photos.com\\\/#organization\"},\"image\":{\"@id\":\"https:\\\/\\\/www.micoulou-photos.com\\\/index.php\\\/2013\\\/08\\\/31\\\/en-se-balladant-dans-les-alpes\\\/#primaryimage\"},\"thumbnailUrl\":\"http:\\\/\\\/1.bp.blogspot.com\\\/-fazXAVSdTew\\\/UiIfSn2KkXI\\\/AAAAAAAA9QU\\\/00NFKiZgKzY\\\/s320\\\/%255BGroup+1%255D-IMGP9780_IMGP9781-2+images.jpg\",\"articleSection\":[\"voyage\"],\"inLanguage\":\"fr-FR\",\"potentialAction\":[{\"@type\":\"CommentAction\",\"name\":\"Comment\",\"target\":[\"https:\\\/\\\/www.micoulou-photos.com\\\/index.php\\\/2013\\\/08\\\/31\\\/en-se-balladant-dans-les-alpes\\\/#respond\"]}]},{\"@type\":\"WebPage\",\"@id\":\"https:\\\/\\\/www.micoulou-photos.com\\\/index.php\\\/2013\\\/08\\\/31\\\/en-se-balladant-dans-les-alpes\\\/\",\"url\":\"https:\\\/\\\/www.micoulou-photos.com\\\/index.php\\\/2013\\\/08\\\/31\\\/en-se-balladant-dans-les-alpes\\\/\",\"name\":\"En se balladant dans les Alpes - Micoulou Photographie\",\"isPartOf\":{\"@id\":\"https:\\\/\\\/www.micoulou-photos.com\\\/#website\"},\"primaryImageOfPage\":{\"@id\":\"https:\\\/\\\/www.micoulou-photos.com\\\/index.php\\\/2013\\\/08\\\/31\\\/en-se-balladant-dans-les-alpes\\\/#primaryimage\"},\"image\":{\"@id\":\"https:\\\/\\\/www.micoulou-photos.com\\\/index.php\\\/2013\\\/08\\\/31\\\/en-se-balladant-dans-les-alpes\\\/#primaryimage\"},\"thumbnailUrl\":\"http:\\\/\\\/1.bp.blogspot.com\\\/-fazXAVSdTew\\\/UiIfSn2KkXI\\\/AAAAAAAA9QU\\\/00NFKiZgKzY\\\/s320\\\/%255BGroup+1%255D-IMGP9780_IMGP9781-2+images.jpg\",\"datePublished\":\"2013-08-31T16:57:00+00:00\",\"dateModified\":\"2020-04-26T01:17:21+00:00\",\"breadcrumb\":{\"@id\":\"https:\\\/\\\/www.micoulou-photos.com\\\/index.php\\\/2013\\\/08\\\/31\\\/en-se-balladant-dans-les-alpes\\\/#breadcrumb\"},\"inLanguage\":\"fr-FR\",\"potentialAction\":[{\"@type\":\"ReadAction\",\"target\":[\"https:\\\/\\\/www.micoulou-photos.com\\\/index.php\\\/2013\\\/08\\\/31\\\/en-se-balladant-dans-les-alpes\\\/\"]}]},{\"@type\":\"ImageObject\",\"inLanguage\":\"fr-FR\",\"@id\":\"https:\\\/\\\/www.micoulou-photos.com\\\/index.php\\\/2013\\\/08\\\/31\\\/en-se-balladant-dans-les-alpes\\\/#primaryimage\",\"url\":\"http:\\\/\\\/1.bp.blogspot.com\\\/-fazXAVSdTew\\\/UiIfSn2KkXI\\\/AAAAAAAA9QU\\\/00NFKiZgKzY\\\/s320\\\/%255BGroup+1%255D-IMGP9780_IMGP9781-2+images.jpg\",\"contentUrl\":\"http:\\\/\\\/1.bp.blogspot.com\\\/-fazXAVSdTew\\\/UiIfSn2KkXI\\\/AAAAAAAA9QU\\\/00NFKiZgKzY\\\/s320\\\/%255BGroup+1%255D-IMGP9780_IMGP9781-2+images.jpg\"},{\"@type\":\"BreadcrumbList\",\"@id\":\"https:\\\/\\\/www.micoulou-photos.com\\\/index.php\\\/2013\\\/08\\\/31\\\/en-se-balladant-dans-les-alpes\\\/#breadcrumb\",\"itemListElement\":[{\"@type\":\"ListItem\",\"position\":1,\"name\":\"Accueil\",\"item\":\"https:\\\/\\\/www.micoulou-photos.com\\\/\"},{\"@type\":\"ListItem\",\"position\":2,\"name\":\"En se balladant dans les Alpes\"}]},{\"@type\":\"WebSite\",\"@id\":\"https:\\\/\\\/www.micoulou-photos.com\\\/#website\",\"url\":\"https:\\\/\\\/www.micoulou-photos.com\\\/\",\"name\":\"Micoulou Photographie\",\"description\":\"Photographies, Visites virtuelles et formations par Mickael Minarie\",\"publisher\":{\"@id\":\"https:\\\/\\\/www.micoulou-photos.com\\\/#organization\"},\"potentialAction\":[{\"@type\":\"SearchAction\",\"target\":{\"@type\":\"EntryPoint\",\"urlTemplate\":\"https:\\\/\\\/www.micoulou-photos.com\\\/?s={search_term_string}\"},\"query-input\":{\"@type\":\"PropertyValueSpecification\",\"valueRequired\":true,\"valueName\":\"search_term_string\"}}],\"inLanguage\":\"fr-FR\"},{\"@type\":\"Organization\",\"@id\":\"https:\\\/\\\/www.micoulou-photos.com\\\/#organization\",\"name\":\"Micoulou Photographie\",\"url\":\"https:\\\/\\\/www.micoulou-photos.com\\\/\",\"logo\":{\"@type\":\"ImageObject\",\"inLanguage\":\"fr-FR\",\"@id\":\"https:\\\/\\\/www.micoulou-photos.com\\\/#\\\/schema\\\/logo\\\/image\\\/\",\"url\":\"https:\\\/\\\/i0.wp.com\\\/www.micoulou-photos.com\\\/wp-content\\\/uploads\\\/2020\\\/05\\\/cropped-891667_552097324824916_1615181552_o-1.jpg?fit=643%2C722&ssl=1\",\"contentUrl\":\"https:\\\/\\\/i0.wp.com\\\/www.micoulou-photos.com\\\/wp-content\\\/uploads\\\/2020\\\/05\\\/cropped-891667_552097324824916_1615181552_o-1.jpg?fit=643%2C722&ssl=1\",\"width\":643,\"height\":722,\"caption\":\"Micoulou Photographie\"},\"image\":{\"@id\":\"https:\\\/\\\/www.micoulou-photos.com\\\/#\\\/schema\\\/logo\\\/image\\\/\"}},{\"@type\":\"Person\",\"@id\":\"https:\\\/\\\/www.micoulou-photos.com\\\/#\\\/schema\\\/person\\\/6aedfe8ebe91da632f46e7c9d806a722\",\"name\":\"micoulou\",\"image\":{\"@type\":\"ImageObject\",\"inLanguage\":\"fr-FR\",\"@id\":\"https:\\\/\\\/secure.gravatar.com\\\/avatar\\\/98f892eb7d267eab2faa437baa3edd708deaaa43929316c0cc7b751a04cb247b?s=96&d=mm&r=g\",\"url\":\"https:\\\/\\\/secure.gravatar.com\\\/avatar\\\/98f892eb7d267eab2faa437baa3edd708deaaa43929316c0cc7b751a04cb247b?s=96&d=mm&r=g\",\"contentUrl\":\"https:\\\/\\\/secure.gravatar.com\\\/avatar\\\/98f892eb7d267eab2faa437baa3edd708deaaa43929316c0cc7b751a04cb247b?s=96&d=mm&r=g\",\"caption\":\"micoulou\"},\"url\":\"https:\\\/\\\/www.micoulou-photos.com\\\/index.php\\\/author\\\/micoulou\\\/\"}]}<\/script>\n<!-- \/ Yoast SEO plugin. -->","yoast_head_json":{"title":"En se balladant dans les Alpes - Micoulou Photographie","robots":{"index":"index","follow":"follow","max-snippet":"max-snippet:-1","max-image-preview":"max-image-preview:large","max-video-preview":"max-video-preview:-1"},"canonical":"https:\/\/www.micoulou-photos.com\/index.php\/2013\/08\/31\/en-se-balladant-dans-les-alpes\/","og_locale":"fr_FR","og_type":"article","og_title":"En se balladant dans les Alpes - Micoulou Photographie","og_description":"Dans les alpes, en se balladant dans le Vercors et \u00e0 Aime. Assembl\u00e9 rapidement avec APG depuis les JPEG sortie du K200D.","og_url":"https:\/\/www.micoulou-photos.com\/index.php\/2013\/08\/31\/en-se-balladant-dans-les-alpes\/","og_site_name":"Micoulou Photographie","article_published_time":"2013-08-31T16:57:00+00:00","article_modified_time":"2020-04-26T01:17:21+00:00","og_image":[{"url":"http:\/\/1.bp.blogspot.com\/-fazXAVSdTew\/UiIfSn2KkXI\/AAAAAAAA9QU\/00NFKiZgKzY\/s320\/%255BGroup+1%255D-IMGP9780_IMGP9781-2+images.jpg","type":"","width":"","height":""}],"author":"micoulou","twitter_card":"summary_large_image","twitter_misc":{"\u00c9crit par":"micoulou"},"schema":{"@context":"https:\/\/schema.org","@graph":[{"@type":"Article","@id":"https:\/\/www.micoulou-photos.com\/index.php\/2013\/08\/31\/en-se-balladant-dans-les-alpes\/#article","isPartOf":{"@id":"https:\/\/www.micoulou-photos.com\/index.php\/2013\/08\/31\/en-se-balladant-dans-les-alpes\/"},"author":{"name":"micoulou","@id":"https:\/\/www.micoulou-photos.com\/#\/schema\/person\/6aedfe8ebe91da632f46e7c9d806a722"},"headline":"En se balladant dans les Alpes","datePublished":"2013-08-31T16:57:00+00:00","dateModified":"2020-04-26T01:17:21+00:00","mainEntityOfPage":{"@id":"https:\/\/www.micoulou-photos.com\/index.php\/2013\/08\/31\/en-se-balladant-dans-les-alpes\/"},"wordCount":28,"commentCount":0,"publisher":{"@id":"https:\/\/www.micoulou-photos.com\/#organization"},"image":{"@id":"https:\/\/www.micoulou-photos.com\/index.php\/2013\/08\/31\/en-se-balladant-dans-les-alpes\/#primaryimage"},"thumbnailUrl":"http:\/\/1.bp.blogspot.com\/-fazXAVSdTew\/UiIfSn2KkXI\/AAAAAAAA9QU\/00NFKiZgKzY\/s320\/%255BGroup+1%255D-IMGP9780_IMGP9781-2+images.jpg","articleSection":["voyage"],"inLanguage":"fr-FR","potentialAction":[{"@type":"CommentAction","name":"Comment","target":["https:\/\/www.micoulou-photos.com\/index.php\/2013\/08\/31\/en-se-balladant-dans-les-alpes\/#respond"]}]},{"@type":"WebPage","@id":"https:\/\/www.micoulou-photos.com\/index.php\/2013\/08\/31\/en-se-balladant-dans-les-alpes\/","url":"https:\/\/www.micoulou-photos.com\/index.php\/2013\/08\/31\/en-se-balladant-dans-les-alpes\/","name":"En se balladant dans les Alpes - Micoulou Photographie","isPartOf":{"@id":"https:\/\/www.micoulou-photos.com\/#website"},"primaryImageOfPage":{"@id":"https:\/\/www.micoulou-photos.com\/index.php\/2013\/08\/31\/en-se-balladant-dans-les-alpes\/#primaryimage"},"image":{"@id":"https:\/\/www.micoulou-photos.com\/index.php\/2013\/08\/31\/en-se-balladant-dans-les-alpes\/#primaryimage"},"thumbnailUrl":"http:\/\/1.bp.blogspot.com\/-fazXAVSdTew\/UiIfSn2KkXI\/AAAAAAAA9QU\/00NFKiZgKzY\/s320\/%255BGroup+1%255D-IMGP9780_IMGP9781-2+images.jpg","datePublished":"2013-08-31T16:57:00+00:00","dateModified":"2020-04-26T01:17:21+00:00","breadcrumb":{"@id":"https:\/\/www.micoulou-photos.com\/index.php\/2013\/08\/31\/en-se-balladant-dans-les-alpes\/#breadcrumb"},"inLanguage":"fr-FR","potentialAction":[{"@type":"ReadAction","target":["https:\/\/www.micoulou-photos.com\/index.php\/2013\/08\/31\/en-se-balladant-dans-les-alpes\/"]}]},{"@type":"ImageObject","inLanguage":"fr-FR","@id":"https:\/\/www.micoulou-photos.com\/index.php\/2013\/08\/31\/en-se-balladant-dans-les-alpes\/#primaryimage","url":"http:\/\/1.bp.blogspot.com\/-fazXAVSdTew\/UiIfSn2KkXI\/AAAAAAAA9QU\/00NFKiZgKzY\/s320\/%255BGroup+1%255D-IMGP9780_IMGP9781-2+images.jpg","contentUrl":"http:\/\/1.bp.blogspot.com\/-fazXAVSdTew\/UiIfSn2KkXI\/AAAAAAAA9QU\/00NFKiZgKzY\/s320\/%255BGroup+1%255D-IMGP9780_IMGP9781-2+images.jpg"},{"@type":"BreadcrumbList","@id":"https:\/\/www.micoulou-photos.com\/index.php\/2013\/08\/31\/en-se-balladant-dans-les-alpes\/#breadcrumb","itemListElement":[{"@type":"ListItem","position":1,"name":"Accueil","item":"https:\/\/www.micoulou-photos.com\/"},{"@type":"ListItem","position":2,"name":"En se balladant dans les Alpes"}]},{"@type":"WebSite","@id":"https:\/\/www.micoulou-photos.com\/#website","url":"https:\/\/www.micoulou-photos.com\/","name":"Micoulou Photographie","description":"Photographies, Visites virtuelles et formations par Mickael Minarie","publisher":{"@id":"https:\/\/www.micoulou-photos.com\/#organization"},"potentialAction":[{"@type":"SearchAction","target":{"@type":"EntryPoint","urlTemplate":"https:\/\/www.micoulou-photos.com\/?s={search_term_string}"},"query-input":{"@type":"PropertyValueSpecification","valueRequired":true,"valueName":"search_term_string"}}],"inLanguage":"fr-FR"},{"@type":"Organization","@id":"https:\/\/www.micoulou-photos.com\/#organization","name":"Micoulou Photographie","url":"https:\/\/www.micoulou-photos.com\/","logo":{"@type":"ImageObject","inLanguage":"fr-FR","@id":"https:\/\/www.micoulou-photos.com\/#\/schema\/logo\/image\/","url":"https:\/\/i0.wp.com\/www.micoulou-photos.com\/wp-content\/uploads\/2020\/05\/cropped-891667_552097324824916_1615181552_o-1.jpg?fit=643%2C722&ssl=1","contentUrl":"https:\/\/i0.wp.com\/www.micoulou-photos.com\/wp-content\/uploads\/2020\/05\/cropped-891667_552097324824916_1615181552_o-1.jpg?fit=643%2C722&ssl=1","width":643,"height":722,"caption":"Micoulou Photographie"},"image":{"@id":"https:\/\/www.micoulou-photos.com\/#\/schema\/logo\/image\/"}},{"@type":"Person","@id":"https:\/\/www.micoulou-photos.com\/#\/schema\/person\/6aedfe8ebe91da632f46e7c9d806a722","name":"micoulou","image":{"@type":"ImageObject","inLanguage":"fr-FR","@id":"https:\/\/secure.gravatar.com\/avatar\/98f892eb7d267eab2faa437baa3edd708deaaa43929316c0cc7b751a04cb247b?s=96&d=mm&r=g","url":"https:\/\/secure.gravatar.com\/avatar\/98f892eb7d267eab2faa437baa3edd708deaaa43929316c0cc7b751a04cb247b?s=96&d=mm&r=g","contentUrl":"https:\/\/secure.gravatar.com\/avatar\/98f892eb7d267eab2faa437baa3edd708deaaa43929316c0cc7b751a04cb247b?s=96&d=mm&r=g","caption":"micoulou"},"url":"https:\/\/www.micoulou-photos.com\/index.php\/author\/micoulou\/"}]}},"jetpack_publicize_connections":[],"jetpack_featured_media_url":"","jetpack_sharing_enabled":true,"jetpack_shortlink":"https:\/\/wp.me\/p7zKF4-L","jetpack-related-posts":[{"id":2380,"url":"https:\/\/www.micoulou-photos.com\/index.php\/2016\/08\/16\/col-de-la-forclaz\/","url_meta":{"origin":47,"position":0},"title":"Col de la forclaz","author":"micoulou","date":"16 ao\u00fbt 2016","format":false,"excerpt":"Quelques images prises lors de mon passage en Haute Savoie, en ayant avec moi juste 3 petit boitier (et pas d'argentique cette fois ci : G1X, GR, K-200 avec 120mm), lors d'une ballade de Saint Jorioz au col de la forclaz.","rel":"","context":"Dans &quot;voyage&quot;","block_context":{"text":"voyage","link":"https:\/\/www.micoulou-photos.com\/index.php\/category\/voyage\/"},"img":{"alt_text":"","src":"https:\/\/i0.wp.com\/www.micoulou-photos.com\/wp-content\/uploads\/2016\/08\/MI030668.jpg?fit=1200%2C514&ssl=1&resize=350%2C200","width":350,"height":200,"srcset":"https:\/\/i0.wp.com\/www.micoulou-photos.com\/wp-content\/uploads\/2016\/08\/MI030668.jpg?fit=1200%2C514&ssl=1&resize=350%2C200 1x, https:\/\/i0.wp.com\/www.micoulou-photos.com\/wp-content\/uploads\/2016\/08\/MI030668.jpg?fit=1200%2C514&ssl=1&resize=525%2C300 1.5x, https:\/\/i0.wp.com\/www.micoulou-photos.com\/wp-content\/uploads\/2016\/08\/MI030668.jpg?fit=1200%2C514&ssl=1&resize=700%2C400 2x, https:\/\/i0.wp.com\/www.micoulou-photos.com\/wp-content\/uploads\/2016\/08\/MI030668.jpg?fit=1200%2C514&ssl=1&resize=1050%2C600 3x"},"classes":[]},{"id":3557,"url":"https:\/\/www.micoulou-photos.com\/index.php\/2017\/09\/19\/ballade-a-angouleme\/","url_meta":{"origin":47,"position":1},"title":"Ballade \u00e0 Angoul\u00e8me","author":"micoulou","date":"19 septembre 2017","format":false,"excerpt":"3h \u00e0 Angouleme entre 2 train, sous la brume...","rel":"","context":"Dans &quot;voyage&quot;","block_context":{"text":"voyage","link":"https:\/\/www.micoulou-photos.com\/index.php\/category\/voyage\/"},"img":{"alt_text":"","src":"https:\/\/i0.wp.com\/www.micoulou-photos.com\/wp-content\/uploads\/2017\/09\/MI110051-Modifier.jpg?fit=960%2C1200&ssl=1&resize=350%2C200","width":350,"height":200,"srcset":"https:\/\/i0.wp.com\/www.micoulou-photos.com\/wp-content\/uploads\/2017\/09\/MI110051-Modifier.jpg?fit=960%2C1200&ssl=1&resize=350%2C200 1x, https:\/\/i0.wp.com\/www.micoulou-photos.com\/wp-content\/uploads\/2017\/09\/MI110051-Modifier.jpg?fit=960%2C1200&ssl=1&resize=525%2C300 1.5x, https:\/\/i0.wp.com\/www.micoulou-photos.com\/wp-content\/uploads\/2017\/09\/MI110051-Modifier.jpg?fit=960%2C1200&ssl=1&resize=700%2C400 2x"},"classes":[]},{"id":3532,"url":"https:\/\/www.micoulou-photos.com\/index.php\/2017\/09\/07\/les-alpes-suisses\/","url_meta":{"origin":47,"position":2},"title":"Les alpes Suisses","author":"micoulou","date":"7 septembre 2017","format":false,"excerpt":"Apr\u00e8s 3 mois de travail acharn\u00e9 \u00e0 Lyon, j'ai pu faire un stage de m\u00e9ditation et kinomichi dans les alpes suisses, et j'ai r\u00e9alis\u00e9 une petite s\u00e9rie photo.","rel":"","context":"Dans &quot;voyage&quot;","block_context":{"text":"voyage","link":"https:\/\/www.micoulou-photos.com\/index.php\/category\/voyage\/"},"img":{"alt_text":"","src":"https:\/\/i0.wp.com\/www.micoulou-photos.com\/wp-content\/uploads\/2017\/09\/IMG_0545-Modifier.jpg?fit=1200%2C675&ssl=1&resize=350%2C200","width":350,"height":200,"srcset":"https:\/\/i0.wp.com\/www.micoulou-photos.com\/wp-content\/uploads\/2017\/09\/IMG_0545-Modifier.jpg?fit=1200%2C675&ssl=1&resize=350%2C200 1x, https:\/\/i0.wp.com\/www.micoulou-photos.com\/wp-content\/uploads\/2017\/09\/IMG_0545-Modifier.jpg?fit=1200%2C675&ssl=1&resize=525%2C300 1.5x, https:\/\/i0.wp.com\/www.micoulou-photos.com\/wp-content\/uploads\/2017\/09\/IMG_0545-Modifier.jpg?fit=1200%2C675&ssl=1&resize=700%2C400 2x, https:\/\/i0.wp.com\/www.micoulou-photos.com\/wp-content\/uploads\/2017\/09\/IMG_0545-Modifier.jpg?fit=1200%2C675&ssl=1&resize=1050%2C600 3x"},"classes":[]},{"id":4272,"url":"https:\/\/www.micoulou-photos.com\/index.php\/2018\/05\/07\/petite-ballade-a-blois\/","url_meta":{"origin":47,"position":3},"title":"Petite ballade \u00e0 Blois","author":"micoulou","date":"7 mai 2018","format":false,"excerpt":"En attendant ma prochaine vid\u00e9o sur le 400mm puis le Sony R1? voici quelques photos prise avec mon bon vieux Ricoh GR lors de ma formation Photoshop donn\u00e9 \u00e0 Blois il y a quelques jours...","rel":"","context":"Dans &quot;voyage&quot;","block_context":{"text":"voyage","link":"https:\/\/www.micoulou-photos.com\/index.php\/category\/voyage\/"},"img":{"alt_text":"","src":"https:\/\/i0.wp.com\/www.micoulou-photos.com\/wp-content\/uploads\/2018\/05\/MI130217-Modifier-1.jpg?fit=795%2C1200&ssl=1&resize=350%2C200","width":350,"height":200,"srcset":"https:\/\/i0.wp.com\/www.micoulou-photos.com\/wp-content\/uploads\/2018\/05\/MI130217-Modifier-1.jpg?fit=795%2C1200&ssl=1&resize=350%2C200 1x, https:\/\/i0.wp.com\/www.micoulou-photos.com\/wp-content\/uploads\/2018\/05\/MI130217-Modifier-1.jpg?fit=795%2C1200&ssl=1&resize=525%2C300 1.5x, https:\/\/i0.wp.com\/www.micoulou-photos.com\/wp-content\/uploads\/2018\/05\/MI130217-Modifier-1.jpg?fit=795%2C1200&ssl=1&resize=700%2C400 2x"},"classes":[]},{"id":2585,"url":"https:\/\/www.micoulou-photos.com\/index.php\/2016\/10\/02\/ballade-a-darwin\/","url_meta":{"origin":47,"position":4},"title":"Ballade \u00e0 Bordeaux &#8211; Darwin","author":"micoulou","date":"2 octobre 2016","format":false,"excerpt":"Le complexe darwin sur les quais de Bordeau, est une ancienne friche industrielle devenu un espace de coworking, ainsi qu'un espace artistique. Je n'ai pas eu beaucoup le temps de comprendre le fonctionnement du complexe, mais j'y retournerais surement. Les photos ont \u00e9t\u00e9 prise avec mon Sigma DP2M, trait\u00e9 avec\u2026","rel":"","context":"Dans &quot;voyage&quot;","block_context":{"text":"voyage","link":"https:\/\/www.micoulou-photos.com\/index.php\/category\/voyage\/"},"img":{"alt_text":"","src":"https:\/\/i0.wp.com\/www.micoulou-photos.com\/wp-content\/uploads\/2016\/10\/SDIM0014_DxOPsp.jpg?fit=1200%2C807&ssl=1&resize=350%2C200","width":350,"height":200,"srcset":"https:\/\/i0.wp.com\/www.micoulou-photos.com\/wp-content\/uploads\/2016\/10\/SDIM0014_DxOPsp.jpg?fit=1200%2C807&ssl=1&resize=350%2C200 1x, https:\/\/i0.wp.com\/www.micoulou-photos.com\/wp-content\/uploads\/2016\/10\/SDIM0014_DxOPsp.jpg?fit=1200%2C807&ssl=1&resize=525%2C300 1.5x, https:\/\/i0.wp.com\/www.micoulou-photos.com\/wp-content\/uploads\/2016\/10\/SDIM0014_DxOPsp.jpg?fit=1200%2C807&ssl=1&resize=700%2C400 2x, https:\/\/i0.wp.com\/www.micoulou-photos.com\/wp-content\/uploads\/2016\/10\/SDIM0014_DxOPsp.jpg?fit=1200%2C807&ssl=1&resize=1050%2C600 3x"},"classes":[]},{"id":356,"url":"https:\/\/www.micoulou-photos.com\/index.php\/2013\/11\/18\/alpes-2010\/","url_meta":{"origin":47,"position":5},"title":"Alpes 2010","author":"micoulou","date":"18 novembre 2013","format":false,"excerpt":"Quelques images des hautes alpes prises en 2010. Je ne sais pas si elle valent le coup d\u2019\u00eatre dans le best of, mais je fait au moins un petit article pour que vous puissiez vous rendre compte de mon d\u00e9but en paysage. \u00a0","rel":"","context":"Dans &quot;voyage&quot;","block_context":{"text":"voyage","link":"https:\/\/www.micoulou-photos.com\/index.php\/category\/voyage\/"},"img":{"alt_text":"CRW_4014-Modifier","src":"https:\/\/i0.wp.com\/micoulou.info\/wp\/wp-content\/uploads\/2013\/11\/CRW_4014-Modifier.jpg?resize=350%2C200","width":350,"height":200},"classes":[]}],"_links":{"self":[{"href":"https:\/\/www.micoulou-photos.com\/index.php\/wp-json\/wp\/v2\/posts\/47","targetHints":{"allow":["GET"]}}],"collection":[{"href":"https:\/\/www.micoulou-photos.com\/index.php\/wp-json\/wp\/v2\/posts"}],"about":[{"href":"https:\/\/www.micoulou-photos.com\/index.php\/wp-json\/wp\/v2\/types\/post"}],"author":[{"embeddable":true,"href":"https:\/\/www.micoulou-photos.com\/index.php\/wp-json\/wp\/v2\/users\/1"}],"replies":[{"embeddable":true,"href":"https:\/\/www.micoulou-photos.com\/index.php\/wp-json\/wp\/v2\/comments?post=47"}],"version-history":[{"count":1,"href":"https:\/\/www.micoulou-photos.com\/index.php\/wp-json\/wp\/v2\/posts\/47\/revisions"}],"predecessor-version":[{"id":5966,"href":"https:\/\/www.micoulou-photos.com\/index.php\/wp-json\/wp\/v2\/posts\/47\/revisions\/5966"}],"wp:attachment":[{"href":"https:\/\/www.micoulou-photos.com\/index.php\/wp-json\/wp\/v2\/media?parent=47"}],"wp:term":[{"taxonomy":"category","embeddable":true,"href":"https:\/\/www.micoulou-photos.com\/index.php\/wp-json\/wp\/v2\/categories?post=47"},{"taxonomy":"post_tag","embeddable":true,"href":"https:\/\/www.micoulou-photos.com\/index.php\/wp-json\/wp\/v2\/tags?post=47"}],"curies":[{"name":"wp","href":"https:\/\/api.w.org\/{rel}","templated":true}]}}