{"id":4632,"date":"2018-07-27T17:00:45","date_gmt":"2018-07-27T16:00:45","guid":{"rendered":"http:\/\/www.micoulou-photos.com\/?p=4632"},"modified":"2020-04-25T22:38:41","modified_gmt":"2020-04-25T21:38:41","slug":"mariage-cm","status":"publish","type":"post","link":"https:\/\/www.micoulou-photos.com\/index.php\/2018\/07\/27\/mariage-cm\/","title":{"rendered":"Mariage Chris et M"},"content":{"rendered":"<p>Quelques photos d&rsquo;une prestation r\u00e9alis\u00e9e d\u00e9but juillet, \u00e0 Bois d&rsquo;arcy. Un tr\u00e8s beau mariage.<\/p>\n<p>Si vous souhaitez plus d&rsquo;informations sur mes prestation mariage, n&rsquo;hesitez pas \u00e0 me contacter, j&rsquo;ai encore quelques places pour fin aout et septembre.<\/p>\n<div data-carousel-extra='{&quot;blog_id&quot;:1,&quot;permalink&quot;:&quot;https:\/\/www.micoulou-photos.com\/index.php\/2018\/07\/27\/mariage-cm\/&quot;}' id='gallery-1' class='gallery galleryid-4632 gallery-columns-3 gallery-size-thumbnail'><figure class='gallery-item'>\n\t\t\t<div class='gallery-icon portrait'>\n\t\t\t\t<a href='https:\/\/www.micoulou-photos.com\/index.php\/2018\/07\/27\/mariage-cm\/dsc06547-modifier-2-2\/'><img decoding=\"async\" width=\"150\" height=\"150\" src=\"https:\/\/i0.wp.com\/www.micoulou-photos.com\/wp-content\/uploads\/2018\/07\/DSC06547-Modifier-2-1.jpg?resize=150%2C150&amp;ssl=1\" class=\"attachment-thumbnail size-thumbnail\" alt=\"\" srcset=\"https:\/\/i0.wp.com\/www.micoulou-photos.com\/wp-content\/uploads\/2018\/07\/DSC06547-Modifier-2-1.jpg?resize=150%2C150&amp;ssl=1 150w, https:\/\/i0.wp.com\/www.micoulou-photos.com\/wp-content\/uploads\/2018\/07\/DSC06547-Modifier-2-1.jpg?zoom=2&amp;resize=150%2C150&amp;ssl=1 300w, https:\/\/i0.wp.com\/www.micoulou-photos.com\/wp-content\/uploads\/2018\/07\/DSC06547-Modifier-2-1.jpg?zoom=3&amp;resize=150%2C150&amp;ssl=1 450w\" sizes=\"(max-width: 150px) 100vw, 150px\" data-attachment-id=\"4633\" data-permalink=\"https:\/\/www.micoulou-photos.com\/index.php\/2018\/07\/27\/mariage-cm\/dsc06547-modifier-2-2\/\" data-orig-file=\"https:\/\/i0.wp.com\/www.micoulou-photos.com\/wp-content\/uploads\/2018\/07\/DSC06547-Modifier-2-1.jpg?fit=800%2C1200&amp;ssl=1\" data-orig-size=\"800,1200\" data-comments-opened=\"1\" data-image-meta=\"{&quot;aperture&quot;:&quot;0&quot;,&quot;credit&quot;:&quot;&quot;,&quot;camera&quot;:&quot;ILCE-7&quot;,&quot;caption&quot;:&quot;&quot;,&quot;created_timestamp&quot;:&quot;1530962517&quot;,&quot;copyright&quot;:&quot;&quot;,&quot;focal_length&quot;:&quot;0&quot;,&quot;iso&quot;:&quot;100&quot;,&quot;shutter_speed&quot;:&quot;0.003125&quot;,&quot;title&quot;:&quot;&quot;,&quot;orientation&quot;:&quot;0&quot;}\" data-image-title=\"DSC06547-Modifier-2\" data-image-description=\"\" data-image-caption=\"\" data-large-file=\"https:\/\/i0.wp.com\/www.micoulou-photos.com\/wp-content\/uploads\/2018\/07\/DSC06547-Modifier-2-1.jpg?fit=683%2C1024&amp;ssl=1\" \/><\/a>\n\t\t\t<\/div><\/figure><figure class='gallery-item'>\n\t\t\t<div class='gallery-icon landscape'>\n\t\t\t\t<a href='https:\/\/www.micoulou-photos.com\/index.php\/2018\/07\/27\/mariage-cm\/dsc06570-2\/'><img decoding=\"async\" width=\"150\" height=\"150\" src=\"https:\/\/i0.wp.com\/www.micoulou-photos.com\/wp-content\/uploads\/2018\/07\/DSC06570-1.jpg?resize=150%2C150&amp;ssl=1\" class=\"attachment-thumbnail size-thumbnail\" alt=\"\" srcset=\"https:\/\/i0.wp.com\/www.micoulou-photos.com\/wp-content\/uploads\/2018\/07\/DSC06570-1.jpg?resize=150%2C150&amp;ssl=1 150w, https:\/\/i0.wp.com\/www.micoulou-photos.com\/wp-content\/uploads\/2018\/07\/DSC06570-1.jpg?zoom=2&amp;resize=150%2C150&amp;ssl=1 300w, https:\/\/i0.wp.com\/www.micoulou-photos.com\/wp-content\/uploads\/2018\/07\/DSC06570-1.jpg?zoom=3&amp;resize=150%2C150&amp;ssl=1 450w\" sizes=\"(max-width: 150px) 100vw, 150px\" data-attachment-id=\"4634\" data-permalink=\"https:\/\/www.micoulou-photos.com\/index.php\/2018\/07\/27\/mariage-cm\/dsc06570-2\/\" data-orig-file=\"https:\/\/i0.wp.com\/www.micoulou-photos.com\/wp-content\/uploads\/2018\/07\/DSC06570-1.jpg?fit=1800%2C1200&amp;ssl=1\" data-orig-size=\"1800,1200\" data-comments-opened=\"1\" data-image-meta=\"{&quot;aperture&quot;:&quot;2.8&quot;,&quot;credit&quot;:&quot;&quot;,&quot;camera&quot;:&quot;ILCE-7&quot;,&quot;caption&quot;:&quot;&quot;,&quot;created_timestamp&quot;:&quot;1530963063&quot;,&quot;copyright&quot;:&quot;&quot;,&quot;focal_length&quot;:&quot;135&quot;,&quot;iso&quot;:&quot;125&quot;,&quot;shutter_speed&quot;:&quot;0.00625&quot;,&quot;title&quot;:&quot;&quot;,&quot;orientation&quot;:&quot;0&quot;}\" data-image-title=\"DSC06570\" data-image-description=\"\" data-image-caption=\"\" data-large-file=\"https:\/\/i0.wp.com\/www.micoulou-photos.com\/wp-content\/uploads\/2018\/07\/DSC06570-1.jpg?fit=800%2C533&amp;ssl=1\" \/><\/a>\n\t\t\t<\/div><\/figure><figure class='gallery-item'>\n\t\t\t<div class='gallery-icon landscape'>\n\t\t\t\t<a href='https:\/\/www.micoulou-photos.com\/index.php\/2018\/07\/27\/mariage-cm\/dsc06581-2\/'><img decoding=\"async\" width=\"150\" height=\"150\" src=\"https:\/\/i0.wp.com\/www.micoulou-photos.com\/wp-content\/uploads\/2018\/07\/DSC06581-1.jpg?resize=150%2C150&amp;ssl=1\" class=\"attachment-thumbnail size-thumbnail\" alt=\"\" srcset=\"https:\/\/i0.wp.com\/www.micoulou-photos.com\/wp-content\/uploads\/2018\/07\/DSC06581-1.jpg?resize=150%2C150&amp;ssl=1 150w, https:\/\/i0.wp.com\/www.micoulou-photos.com\/wp-content\/uploads\/2018\/07\/DSC06581-1.jpg?zoom=2&amp;resize=150%2C150&amp;ssl=1 300w, https:\/\/i0.wp.com\/www.micoulou-photos.com\/wp-content\/uploads\/2018\/07\/DSC06581-1.jpg?zoom=3&amp;resize=150%2C150&amp;ssl=1 450w\" sizes=\"(max-width: 150px) 100vw, 150px\" data-attachment-id=\"4635\" data-permalink=\"https:\/\/www.micoulou-photos.com\/index.php\/2018\/07\/27\/mariage-cm\/dsc06581-2\/\" data-orig-file=\"https:\/\/i0.wp.com\/www.micoulou-photos.com\/wp-content\/uploads\/2018\/07\/DSC06581-1.jpg?fit=1800%2C1200&amp;ssl=1\" data-orig-size=\"1800,1200\" data-comments-opened=\"1\" data-image-meta=\"{&quot;aperture&quot;:&quot;2.8&quot;,&quot;credit&quot;:&quot;&quot;,&quot;camera&quot;:&quot;ILCE-7&quot;,&quot;caption&quot;:&quot;&quot;,&quot;created_timestamp&quot;:&quot;1530963614&quot;,&quot;copyright&quot;:&quot;&quot;,&quot;focal_length&quot;:&quot;135&quot;,&quot;iso&quot;:&quot;100&quot;,&quot;shutter_speed&quot;:&quot;0.0003125&quot;,&quot;title&quot;:&quot;&quot;,&quot;orientation&quot;:&quot;0&quot;}\" data-image-title=\"DSC06581\" data-image-description=\"\" data-image-caption=\"\" data-large-file=\"https:\/\/i0.wp.com\/www.micoulou-photos.com\/wp-content\/uploads\/2018\/07\/DSC06581-1.jpg?fit=800%2C533&amp;ssl=1\" \/><\/a>\n\t\t\t<\/div><\/figure><figure class='gallery-item'>\n\t\t\t<div class='gallery-icon landscape'>\n\t\t\t\t<a href='https:\/\/www.micoulou-photos.com\/index.php\/2018\/07\/27\/mariage-cm\/dsc06585-2\/'><img loading=\"lazy\" decoding=\"async\" width=\"150\" height=\"150\" src=\"https:\/\/i0.wp.com\/www.micoulou-photos.com\/wp-content\/uploads\/2018\/07\/DSC06585-1.jpg?resize=150%2C150&amp;ssl=1\" class=\"attachment-thumbnail size-thumbnail\" alt=\"\" srcset=\"https:\/\/i0.wp.com\/www.micoulou-photos.com\/wp-content\/uploads\/2018\/07\/DSC06585-1.jpg?resize=150%2C150&amp;ssl=1 150w, https:\/\/i0.wp.com\/www.micoulou-photos.com\/wp-content\/uploads\/2018\/07\/DSC06585-1.jpg?zoom=2&amp;resize=150%2C150&amp;ssl=1 300w, https:\/\/i0.wp.com\/www.micoulou-photos.com\/wp-content\/uploads\/2018\/07\/DSC06585-1.jpg?zoom=3&amp;resize=150%2C150&amp;ssl=1 450w\" sizes=\"(max-width: 150px) 100vw, 150px\" data-attachment-id=\"4636\" data-permalink=\"https:\/\/www.micoulou-photos.com\/index.php\/2018\/07\/27\/mariage-cm\/dsc06585-2\/\" data-orig-file=\"https:\/\/i0.wp.com\/www.micoulou-photos.com\/wp-content\/uploads\/2018\/07\/DSC06585-1.jpg?fit=1800%2C1200&amp;ssl=1\" data-orig-size=\"1800,1200\" data-comments-opened=\"1\" data-image-meta=\"{&quot;aperture&quot;:&quot;2.8&quot;,&quot;credit&quot;:&quot;&quot;,&quot;camera&quot;:&quot;ILCE-7&quot;,&quot;caption&quot;:&quot;&quot;,&quot;created_timestamp&quot;:&quot;1530964167&quot;,&quot;copyright&quot;:&quot;&quot;,&quot;focal_length&quot;:&quot;135&quot;,&quot;iso&quot;:&quot;100&quot;,&quot;shutter_speed&quot;:&quot;0.00125&quot;,&quot;title&quot;:&quot;&quot;,&quot;orientation&quot;:&quot;0&quot;}\" data-image-title=\"DSC06585\" data-image-description=\"\" data-image-caption=\"\" data-large-file=\"https:\/\/i0.wp.com\/www.micoulou-photos.com\/wp-content\/uploads\/2018\/07\/DSC06585-1.jpg?fit=800%2C533&amp;ssl=1\" \/><\/a>\n\t\t\t<\/div><\/figure><figure class='gallery-item'>\n\t\t\t<div class='gallery-icon landscape'>\n\t\t\t\t<a href='https:\/\/www.micoulou-photos.com\/index.php\/2018\/07\/27\/mariage-cm\/dsc06663-2\/'><img loading=\"lazy\" decoding=\"async\" width=\"150\" height=\"150\" src=\"https:\/\/i0.wp.com\/www.micoulou-photos.com\/wp-content\/uploads\/2018\/07\/DSC06663-1.jpg?resize=150%2C150&amp;ssl=1\" class=\"attachment-thumbnail size-thumbnail\" alt=\"\" srcset=\"https:\/\/i0.wp.com\/www.micoulou-photos.com\/wp-content\/uploads\/2018\/07\/DSC06663-1.jpg?resize=150%2C150&amp;ssl=1 150w, https:\/\/i0.wp.com\/www.micoulou-photos.com\/wp-content\/uploads\/2018\/07\/DSC06663-1.jpg?zoom=2&amp;resize=150%2C150&amp;ssl=1 300w, https:\/\/i0.wp.com\/www.micoulou-photos.com\/wp-content\/uploads\/2018\/07\/DSC06663-1.jpg?zoom=3&amp;resize=150%2C150&amp;ssl=1 450w\" sizes=\"(max-width: 150px) 100vw, 150px\" data-attachment-id=\"4637\" data-permalink=\"https:\/\/www.micoulou-photos.com\/index.php\/2018\/07\/27\/mariage-cm\/dsc06663-2\/\" data-orig-file=\"https:\/\/i0.wp.com\/www.micoulou-photos.com\/wp-content\/uploads\/2018\/07\/DSC06663-1.jpg?fit=1800%2C1200&amp;ssl=1\" data-orig-size=\"1800,1200\" data-comments-opened=\"1\" data-image-meta=\"{&quot;aperture&quot;:&quot;0&quot;,&quot;credit&quot;:&quot;&quot;,&quot;camera&quot;:&quot;ILCE-7&quot;,&quot;caption&quot;:&quot;&quot;,&quot;created_timestamp&quot;:&quot;1530976081&quot;,&quot;copyright&quot;:&quot;&quot;,&quot;focal_length&quot;:&quot;0&quot;,&quot;iso&quot;:&quot;125&quot;,&quot;shutter_speed&quot;:&quot;0.016666666666667&quot;,&quot;title&quot;:&quot;&quot;,&quot;orientation&quot;:&quot;0&quot;}\" data-image-title=\"DSC06663\" data-image-description=\"\" data-image-caption=\"\" data-large-file=\"https:\/\/i0.wp.com\/www.micoulou-photos.com\/wp-content\/uploads\/2018\/07\/DSC06663-1.jpg?fit=800%2C533&amp;ssl=1\" \/><\/a>\n\t\t\t<\/div><\/figure><figure class='gallery-item'>\n\t\t\t<div class='gallery-icon portrait'>\n\t\t\t\t<a href='https:\/\/www.micoulou-photos.com\/index.php\/2018\/07\/27\/mariage-cm\/dsc06792-2\/'><img loading=\"lazy\" decoding=\"async\" width=\"150\" height=\"150\" src=\"https:\/\/i0.wp.com\/www.micoulou-photos.com\/wp-content\/uploads\/2018\/07\/DSC06792-1.jpg?resize=150%2C150&amp;ssl=1\" class=\"attachment-thumbnail size-thumbnail\" alt=\"\" srcset=\"https:\/\/i0.wp.com\/www.micoulou-photos.com\/wp-content\/uploads\/2018\/07\/DSC06792-1.jpg?resize=150%2C150&amp;ssl=1 150w, https:\/\/i0.wp.com\/www.micoulou-photos.com\/wp-content\/uploads\/2018\/07\/DSC06792-1.jpg?zoom=2&amp;resize=150%2C150&amp;ssl=1 300w, https:\/\/i0.wp.com\/www.micoulou-photos.com\/wp-content\/uploads\/2018\/07\/DSC06792-1.jpg?zoom=3&amp;resize=150%2C150&amp;ssl=1 450w\" sizes=\"(max-width: 150px) 100vw, 150px\" data-attachment-id=\"4638\" data-permalink=\"https:\/\/www.micoulou-photos.com\/index.php\/2018\/07\/27\/mariage-cm\/dsc06792-2\/\" data-orig-file=\"https:\/\/i0.wp.com\/www.micoulou-photos.com\/wp-content\/uploads\/2018\/07\/DSC06792-1.jpg?fit=960%2C1200&amp;ssl=1\" data-orig-size=\"960,1200\" data-comments-opened=\"1\" data-image-meta=\"{&quot;aperture&quot;:&quot;0&quot;,&quot;credit&quot;:&quot;&quot;,&quot;camera&quot;:&quot;ILCE-7&quot;,&quot;caption&quot;:&quot;&quot;,&quot;created_timestamp&quot;:&quot;1530977776&quot;,&quot;copyright&quot;:&quot;&quot;,&quot;focal_length&quot;:&quot;0&quot;,&quot;iso&quot;:&quot;100&quot;,&quot;shutter_speed&quot;:&quot;0.008&quot;,&quot;title&quot;:&quot;&quot;,&quot;orientation&quot;:&quot;0&quot;}\" data-image-title=\"DSC06792\" data-image-description=\"\" data-image-caption=\"\" data-large-file=\"https:\/\/i0.wp.com\/www.micoulou-photos.com\/wp-content\/uploads\/2018\/07\/DSC06792-1.jpg?fit=800%2C1000&amp;ssl=1\" \/><\/a>\n\t\t\t<\/div><\/figure><figure class='gallery-item'>\n\t\t\t<div class='gallery-icon portrait'>\n\t\t\t\t<a href='https:\/\/www.micoulou-photos.com\/index.php\/2018\/07\/27\/mariage-cm\/dsc06797-2\/'><img loading=\"lazy\" decoding=\"async\" width=\"150\" height=\"150\" src=\"https:\/\/i0.wp.com\/www.micoulou-photos.com\/wp-content\/uploads\/2018\/07\/DSC06797-1.jpg?resize=150%2C150&amp;ssl=1\" class=\"attachment-thumbnail size-thumbnail\" alt=\"\" srcset=\"https:\/\/i0.wp.com\/www.micoulou-photos.com\/wp-content\/uploads\/2018\/07\/DSC06797-1.jpg?resize=150%2C150&amp;ssl=1 150w, https:\/\/i0.wp.com\/www.micoulou-photos.com\/wp-content\/uploads\/2018\/07\/DSC06797-1.jpg?zoom=2&amp;resize=150%2C150&amp;ssl=1 300w, https:\/\/i0.wp.com\/www.micoulou-photos.com\/wp-content\/uploads\/2018\/07\/DSC06797-1.jpg?zoom=3&amp;resize=150%2C150&amp;ssl=1 450w\" sizes=\"(max-width: 150px) 100vw, 150px\" data-attachment-id=\"4639\" data-permalink=\"https:\/\/www.micoulou-photos.com\/index.php\/2018\/07\/27\/mariage-cm\/dsc06797-2\/\" data-orig-file=\"https:\/\/i0.wp.com\/www.micoulou-photos.com\/wp-content\/uploads\/2018\/07\/DSC06797-1.jpg?fit=959%2C1200&amp;ssl=1\" data-orig-size=\"959,1200\" data-comments-opened=\"1\" data-image-meta=\"{&quot;aperture&quot;:&quot;0&quot;,&quot;credit&quot;:&quot;&quot;,&quot;camera&quot;:&quot;ILCE-7&quot;,&quot;caption&quot;:&quot;&quot;,&quot;created_timestamp&quot;:&quot;1530977791&quot;,&quot;copyright&quot;:&quot;&quot;,&quot;focal_length&quot;:&quot;0&quot;,&quot;iso&quot;:&quot;100&quot;,&quot;shutter_speed&quot;:&quot;0.002&quot;,&quot;title&quot;:&quot;&quot;,&quot;orientation&quot;:&quot;0&quot;}\" data-image-title=\"DSC06797\" data-image-description=\"\" data-image-caption=\"\" data-large-file=\"https:\/\/i0.wp.com\/www.micoulou-photos.com\/wp-content\/uploads\/2018\/07\/DSC06797-1.jpg?fit=800%2C1001&amp;ssl=1\" \/><\/a>\n\t\t\t<\/div><\/figure><figure class='gallery-item'>\n\t\t\t<div class='gallery-icon landscape'>\n\t\t\t\t<a href='https:\/\/www.micoulou-photos.com\/index.php\/2018\/07\/27\/mariage-cm\/dsc06823-2\/'><img loading=\"lazy\" decoding=\"async\" width=\"150\" height=\"150\" src=\"https:\/\/i0.wp.com\/www.micoulou-photos.com\/wp-content\/uploads\/2018\/07\/DSC06823-1.jpg?resize=150%2C150&amp;ssl=1\" class=\"attachment-thumbnail size-thumbnail\" alt=\"\" srcset=\"https:\/\/i0.wp.com\/www.micoulou-photos.com\/wp-content\/uploads\/2018\/07\/DSC06823-1.jpg?resize=150%2C150&amp;ssl=1 150w, https:\/\/i0.wp.com\/www.micoulou-photos.com\/wp-content\/uploads\/2018\/07\/DSC06823-1.jpg?zoom=2&amp;resize=150%2C150&amp;ssl=1 300w, https:\/\/i0.wp.com\/www.micoulou-photos.com\/wp-content\/uploads\/2018\/07\/DSC06823-1.jpg?zoom=3&amp;resize=150%2C150&amp;ssl=1 450w\" sizes=\"(max-width: 150px) 100vw, 150px\" data-attachment-id=\"4640\" data-permalink=\"https:\/\/www.micoulou-photos.com\/index.php\/2018\/07\/27\/mariage-cm\/dsc06823-2\/\" data-orig-file=\"https:\/\/i0.wp.com\/www.micoulou-photos.com\/wp-content\/uploads\/2018\/07\/DSC06823-1.jpg?fit=1800%2C1200&amp;ssl=1\" data-orig-size=\"1800,1200\" data-comments-opened=\"1\" data-image-meta=\"{&quot;aperture&quot;:&quot;0&quot;,&quot;credit&quot;:&quot;&quot;,&quot;camera&quot;:&quot;ILCE-7&quot;,&quot;caption&quot;:&quot;&quot;,&quot;created_timestamp&quot;:&quot;1530978834&quot;,&quot;copyright&quot;:&quot;&quot;,&quot;focal_length&quot;:&quot;0&quot;,&quot;iso&quot;:&quot;100&quot;,&quot;shutter_speed&quot;:&quot;0.01&quot;,&quot;title&quot;:&quot;&quot;,&quot;orientation&quot;:&quot;0&quot;}\" data-image-title=\"DSC06823\" data-image-description=\"\" data-image-caption=\"\" data-large-file=\"https:\/\/i0.wp.com\/www.micoulou-photos.com\/wp-content\/uploads\/2018\/07\/DSC06823-1.jpg?fit=800%2C533&amp;ssl=1\" \/><\/a>\n\t\t\t<\/div><\/figure><figure class='gallery-item'>\n\t\t\t<div class='gallery-icon landscape'>\n\t\t\t\t<a href='https:\/\/www.micoulou-photos.com\/index.php\/2018\/07\/27\/mariage-cm\/dsc06880-2\/'><img loading=\"lazy\" decoding=\"async\" width=\"150\" height=\"150\" src=\"https:\/\/i0.wp.com\/www.micoulou-photos.com\/wp-content\/uploads\/2018\/07\/DSC06880-1.jpg?resize=150%2C150&amp;ssl=1\" class=\"attachment-thumbnail size-thumbnail\" alt=\"\" srcset=\"https:\/\/i0.wp.com\/www.micoulou-photos.com\/wp-content\/uploads\/2018\/07\/DSC06880-1.jpg?resize=150%2C150&amp;ssl=1 150w, https:\/\/i0.wp.com\/www.micoulou-photos.com\/wp-content\/uploads\/2018\/07\/DSC06880-1.jpg?zoom=2&amp;resize=150%2C150&amp;ssl=1 300w, https:\/\/i0.wp.com\/www.micoulou-photos.com\/wp-content\/uploads\/2018\/07\/DSC06880-1.jpg?zoom=3&amp;resize=150%2C150&amp;ssl=1 450w\" sizes=\"(max-width: 150px) 100vw, 150px\" data-attachment-id=\"4641\" data-permalink=\"https:\/\/www.micoulou-photos.com\/index.php\/2018\/07\/27\/mariage-cm\/dsc06880-2\/\" data-orig-file=\"https:\/\/i0.wp.com\/www.micoulou-photos.com\/wp-content\/uploads\/2018\/07\/DSC06880-1.jpg?fit=1800%2C1200&amp;ssl=1\" data-orig-size=\"1800,1200\" data-comments-opened=\"1\" data-image-meta=\"{&quot;aperture&quot;:&quot;0&quot;,&quot;credit&quot;:&quot;&quot;,&quot;camera&quot;:&quot;ILCE-7&quot;,&quot;caption&quot;:&quot;&quot;,&quot;created_timestamp&quot;:&quot;1530979515&quot;,&quot;copyright&quot;:&quot;&quot;,&quot;focal_length&quot;:&quot;0&quot;,&quot;iso&quot;:&quot;800&quot;,&quot;shutter_speed&quot;:&quot;0.008&quot;,&quot;title&quot;:&quot;&quot;,&quot;orientation&quot;:&quot;0&quot;}\" data-image-title=\"DSC06880\" data-image-description=\"\" data-image-caption=\"\" data-large-file=\"https:\/\/i0.wp.com\/www.micoulou-photos.com\/wp-content\/uploads\/2018\/07\/DSC06880-1.jpg?fit=800%2C533&amp;ssl=1\" \/><\/a>\n\t\t\t<\/div><\/figure><figure class='gallery-item'>\n\t\t\t<div class='gallery-icon landscape'>\n\t\t\t\t<a href='https:\/\/www.micoulou-photos.com\/index.php\/2018\/07\/27\/mariage-cm\/dsc06966-2\/'><img loading=\"lazy\" decoding=\"async\" width=\"150\" height=\"150\" src=\"https:\/\/i0.wp.com\/www.micoulou-photos.com\/wp-content\/uploads\/2018\/07\/DSC06966-1.jpg?resize=150%2C150&amp;ssl=1\" class=\"attachment-thumbnail size-thumbnail\" alt=\"\" srcset=\"https:\/\/i0.wp.com\/www.micoulou-photos.com\/wp-content\/uploads\/2018\/07\/DSC06966-1.jpg?resize=150%2C150&amp;ssl=1 150w, https:\/\/i0.wp.com\/www.micoulou-photos.com\/wp-content\/uploads\/2018\/07\/DSC06966-1.jpg?zoom=2&amp;resize=150%2C150&amp;ssl=1 300w, https:\/\/i0.wp.com\/www.micoulou-photos.com\/wp-content\/uploads\/2018\/07\/DSC06966-1.jpg?zoom=3&amp;resize=150%2C150&amp;ssl=1 450w\" sizes=\"(max-width: 150px) 100vw, 150px\" data-attachment-id=\"4642\" data-permalink=\"https:\/\/www.micoulou-photos.com\/index.php\/2018\/07\/27\/mariage-cm\/dsc06966-2\/\" data-orig-file=\"https:\/\/i0.wp.com\/www.micoulou-photos.com\/wp-content\/uploads\/2018\/07\/DSC06966-1.jpg?fit=1800%2C1200&amp;ssl=1\" data-orig-size=\"1800,1200\" data-comments-opened=\"1\" data-image-meta=\"{&quot;aperture&quot;:&quot;0&quot;,&quot;credit&quot;:&quot;&quot;,&quot;camera&quot;:&quot;ILCE-7&quot;,&quot;caption&quot;:&quot;&quot;,&quot;created_timestamp&quot;:&quot;1530980728&quot;,&quot;copyright&quot;:&quot;&quot;,&quot;focal_length&quot;:&quot;0&quot;,&quot;iso&quot;:&quot;3200&quot;,&quot;shutter_speed&quot;:&quot;0.008&quot;,&quot;title&quot;:&quot;&quot;,&quot;orientation&quot;:&quot;0&quot;}\" data-image-title=\"DSC06966\" data-image-description=\"\" data-image-caption=\"\" data-large-file=\"https:\/\/i0.wp.com\/www.micoulou-photos.com\/wp-content\/uploads\/2018\/07\/DSC06966-1.jpg?fit=800%2C533&amp;ssl=1\" \/><\/a>\n\t\t\t<\/div><\/figure><figure class='gallery-item'>\n\t\t\t<div class='gallery-icon landscape'>\n\t\t\t\t<a href='https:\/\/www.micoulou-photos.com\/index.php\/2018\/07\/27\/mariage-cm\/dsc07089-2\/'><img loading=\"lazy\" decoding=\"async\" width=\"150\" height=\"150\" src=\"https:\/\/i0.wp.com\/www.micoulou-photos.com\/wp-content\/uploads\/2018\/07\/DSC07089-1.jpg?resize=150%2C150&amp;ssl=1\" class=\"attachment-thumbnail size-thumbnail\" alt=\"\" srcset=\"https:\/\/i0.wp.com\/www.micoulou-photos.com\/wp-content\/uploads\/2018\/07\/DSC07089-1.jpg?resize=150%2C150&amp;ssl=1 150w, https:\/\/i0.wp.com\/www.micoulou-photos.com\/wp-content\/uploads\/2018\/07\/DSC07089-1.jpg?zoom=2&amp;resize=150%2C150&amp;ssl=1 300w, https:\/\/i0.wp.com\/www.micoulou-photos.com\/wp-content\/uploads\/2018\/07\/DSC07089-1.jpg?zoom=3&amp;resize=150%2C150&amp;ssl=1 450w\" sizes=\"(max-width: 150px) 100vw, 150px\" data-attachment-id=\"4643\" data-permalink=\"https:\/\/www.micoulou-photos.com\/index.php\/2018\/07\/27\/mariage-cm\/dsc07089-2\/\" data-orig-file=\"https:\/\/i0.wp.com\/www.micoulou-photos.com\/wp-content\/uploads\/2018\/07\/DSC07089-1.jpg?fit=1800%2C1200&amp;ssl=1\" data-orig-size=\"1800,1200\" data-comments-opened=\"1\" data-image-meta=\"{&quot;aperture&quot;:&quot;0&quot;,&quot;credit&quot;:&quot;&quot;,&quot;camera&quot;:&quot;ILCE-7&quot;,&quot;caption&quot;:&quot;&quot;,&quot;created_timestamp&quot;:&quot;1530981892&quot;,&quot;copyright&quot;:&quot;&quot;,&quot;focal_length&quot;:&quot;0&quot;,&quot;iso&quot;:&quot;160&quot;,&quot;shutter_speed&quot;:&quot;0.008&quot;,&quot;title&quot;:&quot;&quot;,&quot;orientation&quot;:&quot;0&quot;}\" data-image-title=\"DSC07089\" data-image-description=\"\" data-image-caption=\"\" data-large-file=\"https:\/\/i0.wp.com\/www.micoulou-photos.com\/wp-content\/uploads\/2018\/07\/DSC07089-1.jpg?fit=800%2C533&amp;ssl=1\" \/><\/a>\n\t\t\t<\/div><\/figure><figure class='gallery-item'>\n\t\t\t<div class='gallery-icon landscape'>\n\t\t\t\t<a href='https:\/\/www.micoulou-photos.com\/index.php\/2018\/07\/27\/mariage-cm\/p6160545-2\/'><img loading=\"lazy\" decoding=\"async\" width=\"150\" height=\"150\" src=\"https:\/\/i0.wp.com\/www.micoulou-photos.com\/wp-content\/uploads\/2018\/07\/P6160545-1.jpg?resize=150%2C150&amp;ssl=1\" class=\"attachment-thumbnail size-thumbnail\" alt=\"\" srcset=\"https:\/\/i0.wp.com\/www.micoulou-photos.com\/wp-content\/uploads\/2018\/07\/P6160545-1.jpg?resize=150%2C150&amp;ssl=1 150w, https:\/\/i0.wp.com\/www.micoulou-photos.com\/wp-content\/uploads\/2018\/07\/P6160545-1.jpg?zoom=2&amp;resize=150%2C150&amp;ssl=1 300w, https:\/\/i0.wp.com\/www.micoulou-photos.com\/wp-content\/uploads\/2018\/07\/P6160545-1.jpg?zoom=3&amp;resize=150%2C150&amp;ssl=1 450w\" sizes=\"(max-width: 150px) 100vw, 150px\" data-attachment-id=\"4644\" data-permalink=\"https:\/\/www.micoulou-photos.com\/index.php\/2018\/07\/27\/mariage-cm\/p6160545-2\/\" data-orig-file=\"https:\/\/i0.wp.com\/www.micoulou-photos.com\/wp-content\/uploads\/2018\/07\/P6160545-1.jpg?fit=1920%2C1080&amp;ssl=1\" data-orig-size=\"1920,1080\" data-comments-opened=\"1\" data-image-meta=\"{&quot;aperture&quot;:&quot;5.6&quot;,&quot;credit&quot;:&quot;&quot;,&quot;camera&quot;:&quot;DMC-LX100&quot;,&quot;caption&quot;:&quot;&quot;,&quot;created_timestamp&quot;:&quot;1530958836&quot;,&quot;copyright&quot;:&quot;&quot;,&quot;focal_length&quot;:&quot;10.9&quot;,&quot;iso&quot;:&quot;200&quot;,&quot;shutter_speed&quot;:&quot;0.004&quot;,&quot;title&quot;:&quot;&quot;,&quot;orientation&quot;:&quot;0&quot;}\" data-image-title=\"P6160545\" data-image-description=\"\" data-image-caption=\"\" data-large-file=\"https:\/\/i0.wp.com\/www.micoulou-photos.com\/wp-content\/uploads\/2018\/07\/P6160545-1.jpg?fit=800%2C450&amp;ssl=1\" \/><\/a>\n\t\t\t<\/div><\/figure><figure class='gallery-item'>\n\t\t\t<div class='gallery-icon landscape'>\n\t\t\t\t<a href='https:\/\/www.micoulou-photos.com\/index.php\/2018\/07\/27\/mariage-cm\/p6160547-2\/'><img loading=\"lazy\" decoding=\"async\" width=\"150\" height=\"150\" src=\"https:\/\/i0.wp.com\/www.micoulou-photos.com\/wp-content\/uploads\/2018\/07\/P6160547-1.jpg?resize=150%2C150&amp;ssl=1\" class=\"attachment-thumbnail size-thumbnail\" alt=\"\" srcset=\"https:\/\/i0.wp.com\/www.micoulou-photos.com\/wp-content\/uploads\/2018\/07\/P6160547-1.jpg?resize=150%2C150&amp;ssl=1 150w, https:\/\/i0.wp.com\/www.micoulou-photos.com\/wp-content\/uploads\/2018\/07\/P6160547-1.jpg?zoom=2&amp;resize=150%2C150&amp;ssl=1 300w, https:\/\/i0.wp.com\/www.micoulou-photos.com\/wp-content\/uploads\/2018\/07\/P6160547-1.jpg?zoom=3&amp;resize=150%2C150&amp;ssl=1 450w\" sizes=\"(max-width: 150px) 100vw, 150px\" data-attachment-id=\"4645\" data-permalink=\"https:\/\/www.micoulou-photos.com\/index.php\/2018\/07\/27\/mariage-cm\/p6160547-2\/\" data-orig-file=\"https:\/\/i0.wp.com\/www.micoulou-photos.com\/wp-content\/uploads\/2018\/07\/P6160547-1.jpg?fit=1920%2C1080&amp;ssl=1\" data-orig-size=\"1920,1080\" data-comments-opened=\"1\" data-image-meta=\"{&quot;aperture&quot;:&quot;5.6&quot;,&quot;credit&quot;:&quot;&quot;,&quot;camera&quot;:&quot;DMC-LX100&quot;,&quot;caption&quot;:&quot;&quot;,&quot;created_timestamp&quot;:&quot;1530958846&quot;,&quot;copyright&quot;:&quot;&quot;,&quot;focal_length&quot;:&quot;10.9&quot;,&quot;iso&quot;:&quot;200&quot;,&quot;shutter_speed&quot;:&quot;0.004&quot;,&quot;title&quot;:&quot;&quot;,&quot;orientation&quot;:&quot;0&quot;}\" data-image-title=\"P6160547\" data-image-description=\"\" data-image-caption=\"\" data-large-file=\"https:\/\/i0.wp.com\/www.micoulou-photos.com\/wp-content\/uploads\/2018\/07\/P6160547-1.jpg?fit=800%2C450&amp;ssl=1\" \/><\/a>\n\t\t\t<\/div><\/figure><figure class='gallery-item'>\n\t\t\t<div class='gallery-icon landscape'>\n\t\t\t\t<a href='https:\/\/www.micoulou-photos.com\/index.php\/2018\/07\/27\/mariage-cm\/p6160658-2\/'><img loading=\"lazy\" decoding=\"async\" width=\"150\" height=\"150\" src=\"https:\/\/i0.wp.com\/www.micoulou-photos.com\/wp-content\/uploads\/2018\/07\/P6160658-1.jpg?resize=150%2C150&amp;ssl=1\" class=\"attachment-thumbnail size-thumbnail\" alt=\"\" srcset=\"https:\/\/i0.wp.com\/www.micoulou-photos.com\/wp-content\/uploads\/2018\/07\/P6160658-1.jpg?resize=150%2C150&amp;ssl=1 150w, https:\/\/i0.wp.com\/www.micoulou-photos.com\/wp-content\/uploads\/2018\/07\/P6160658-1.jpg?zoom=2&amp;resize=150%2C150&amp;ssl=1 300w, https:\/\/i0.wp.com\/www.micoulou-photos.com\/wp-content\/uploads\/2018\/07\/P6160658-1.jpg?zoom=3&amp;resize=150%2C150&amp;ssl=1 450w\" sizes=\"(max-width: 150px) 100vw, 150px\" data-attachment-id=\"4646\" data-permalink=\"https:\/\/www.micoulou-photos.com\/index.php\/2018\/07\/27\/mariage-cm\/p6160658-2\/\" data-orig-file=\"https:\/\/i0.wp.com\/www.micoulou-photos.com\/wp-content\/uploads\/2018\/07\/P6160658-1.jpg?fit=1920%2C1080&amp;ssl=1\" data-orig-size=\"1920,1080\" data-comments-opened=\"1\" data-image-meta=\"{&quot;aperture&quot;:&quot;3.5&quot;,&quot;credit&quot;:&quot;&quot;,&quot;camera&quot;:&quot;DMC-LX100&quot;,&quot;caption&quot;:&quot;&quot;,&quot;created_timestamp&quot;:&quot;1530972455&quot;,&quot;copyright&quot;:&quot;&quot;,&quot;focal_length&quot;:&quot;10.9&quot;,&quot;iso&quot;:&quot;200&quot;,&quot;shutter_speed&quot;:&quot;0.008&quot;,&quot;title&quot;:&quot;&quot;,&quot;orientation&quot;:&quot;0&quot;}\" data-image-title=\"P6160658\" data-image-description=\"\" data-image-caption=\"\" data-large-file=\"https:\/\/i0.wp.com\/www.micoulou-photos.com\/wp-content\/uploads\/2018\/07\/P6160658-1.jpg?fit=800%2C450&amp;ssl=1\" \/><\/a>\n\t\t\t<\/div><\/figure><figure class='gallery-item'>\n\t\t\t<div class='gallery-icon landscape'>\n\t\t\t\t<a href='https:\/\/www.micoulou-photos.com\/index.php\/2018\/07\/27\/mariage-cm\/p6160663-2\/'><img loading=\"lazy\" decoding=\"async\" width=\"150\" height=\"150\" src=\"https:\/\/i0.wp.com\/www.micoulou-photos.com\/wp-content\/uploads\/2018\/07\/P6160663-1.jpg?resize=150%2C150&amp;ssl=1\" class=\"attachment-thumbnail size-thumbnail\" alt=\"\" srcset=\"https:\/\/i0.wp.com\/www.micoulou-photos.com\/wp-content\/uploads\/2018\/07\/P6160663-1.jpg?resize=150%2C150&amp;ssl=1 150w, https:\/\/i0.wp.com\/www.micoulou-photos.com\/wp-content\/uploads\/2018\/07\/P6160663-1.jpg?zoom=2&amp;resize=150%2C150&amp;ssl=1 300w, https:\/\/i0.wp.com\/www.micoulou-photos.com\/wp-content\/uploads\/2018\/07\/P6160663-1.jpg?zoom=3&amp;resize=150%2C150&amp;ssl=1 450w\" sizes=\"(max-width: 150px) 100vw, 150px\" data-attachment-id=\"4647\" data-permalink=\"https:\/\/www.micoulou-photos.com\/index.php\/2018\/07\/27\/mariage-cm\/p6160663-2\/\" data-orig-file=\"https:\/\/i0.wp.com\/www.micoulou-photos.com\/wp-content\/uploads\/2018\/07\/P6160663-1.jpg?fit=1920%2C1080&amp;ssl=1\" data-orig-size=\"1920,1080\" data-comments-opened=\"1\" data-image-meta=\"{&quot;aperture&quot;:&quot;3.5&quot;,&quot;credit&quot;:&quot;&quot;,&quot;camera&quot;:&quot;DMC-LX100&quot;,&quot;caption&quot;:&quot;&quot;,&quot;created_timestamp&quot;:&quot;1530972875&quot;,&quot;copyright&quot;:&quot;&quot;,&quot;focal_length&quot;:&quot;10.9&quot;,&quot;iso&quot;:&quot;200&quot;,&quot;shutter_speed&quot;:&quot;0.008&quot;,&quot;title&quot;:&quot;&quot;,&quot;orientation&quot;:&quot;0&quot;}\" data-image-title=\"P6160663\" data-image-description=\"\" data-image-caption=\"\" data-large-file=\"https:\/\/i0.wp.com\/www.micoulou-photos.com\/wp-content\/uploads\/2018\/07\/P6160663-1.jpg?fit=800%2C450&amp;ssl=1\" \/><\/a>\n\t\t\t<\/div><\/figure><figure class='gallery-item'>\n\t\t\t<div class='gallery-icon landscape'>\n\t\t\t\t<a href='https:\/\/www.micoulou-photos.com\/index.php\/2018\/07\/27\/mariage-cm\/p6160890-2\/'><img loading=\"lazy\" decoding=\"async\" width=\"150\" height=\"150\" src=\"https:\/\/i0.wp.com\/www.micoulou-photos.com\/wp-content\/uploads\/2018\/07\/P6160890-1.jpg?resize=150%2C150&amp;ssl=1\" class=\"attachment-thumbnail size-thumbnail\" alt=\"\" srcset=\"https:\/\/i0.wp.com\/www.micoulou-photos.com\/wp-content\/uploads\/2018\/07\/P6160890-1.jpg?resize=150%2C150&amp;ssl=1 150w, https:\/\/i0.wp.com\/www.micoulou-photos.com\/wp-content\/uploads\/2018\/07\/P6160890-1.jpg?zoom=2&amp;resize=150%2C150&amp;ssl=1 300w, https:\/\/i0.wp.com\/www.micoulou-photos.com\/wp-content\/uploads\/2018\/07\/P6160890-1.jpg?zoom=3&amp;resize=150%2C150&amp;ssl=1 450w\" sizes=\"(max-width: 150px) 100vw, 150px\" data-attachment-id=\"4648\" data-permalink=\"https:\/\/www.micoulou-photos.com\/index.php\/2018\/07\/27\/mariage-cm\/p6160890-2\/\" data-orig-file=\"https:\/\/i0.wp.com\/www.micoulou-photos.com\/wp-content\/uploads\/2018\/07\/P6160890-1.jpg?fit=1920%2C1080&amp;ssl=1\" data-orig-size=\"1920,1080\" data-comments-opened=\"1\" data-image-meta=\"{&quot;aperture&quot;:&quot;3.5&quot;,&quot;credit&quot;:&quot;&quot;,&quot;camera&quot;:&quot;DMC-LX100&quot;,&quot;caption&quot;:&quot;&quot;,&quot;created_timestamp&quot;:&quot;1530978255&quot;,&quot;copyright&quot;:&quot;&quot;,&quot;focal_length&quot;:&quot;12.5&quot;,&quot;iso&quot;:&quot;200&quot;,&quot;shutter_speed&quot;:&quot;0.008&quot;,&quot;title&quot;:&quot;&quot;,&quot;orientation&quot;:&quot;0&quot;}\" data-image-title=\"P6160890\" data-image-description=\"\" data-image-caption=\"\" data-large-file=\"https:\/\/i0.wp.com\/www.micoulou-photos.com\/wp-content\/uploads\/2018\/07\/P6160890-1.jpg?fit=800%2C450&amp;ssl=1\" \/><\/a>\n\t\t\t<\/div><\/figure><figure class='gallery-item'>\n\t\t\t<div class='gallery-icon landscape'>\n\t\t\t\t<a href='https:\/\/www.micoulou-photos.com\/index.php\/2018\/07\/27\/mariage-cm\/p6160922-2\/'><img loading=\"lazy\" decoding=\"async\" width=\"150\" height=\"150\" src=\"https:\/\/i0.wp.com\/www.micoulou-photos.com\/wp-content\/uploads\/2018\/07\/P6160922-1.jpg?resize=150%2C150&amp;ssl=1\" class=\"attachment-thumbnail size-thumbnail\" alt=\"\" srcset=\"https:\/\/i0.wp.com\/www.micoulou-photos.com\/wp-content\/uploads\/2018\/07\/P6160922-1.jpg?resize=150%2C150&amp;ssl=1 150w, https:\/\/i0.wp.com\/www.micoulou-photos.com\/wp-content\/uploads\/2018\/07\/P6160922-1.jpg?zoom=2&amp;resize=150%2C150&amp;ssl=1 300w, https:\/\/i0.wp.com\/www.micoulou-photos.com\/wp-content\/uploads\/2018\/07\/P6160922-1.jpg?zoom=3&amp;resize=150%2C150&amp;ssl=1 450w\" sizes=\"(max-width: 150px) 100vw, 150px\" data-attachment-id=\"4649\" data-permalink=\"https:\/\/www.micoulou-photos.com\/index.php\/2018\/07\/27\/mariage-cm\/p6160922-2\/\" data-orig-file=\"https:\/\/i0.wp.com\/www.micoulou-photos.com\/wp-content\/uploads\/2018\/07\/P6160922-1.jpg?fit=1800%2C1200&amp;ssl=1\" data-orig-size=\"1800,1200\" data-comments-opened=\"1\" data-image-meta=\"{&quot;aperture&quot;:&quot;4&quot;,&quot;credit&quot;:&quot;&quot;,&quot;camera&quot;:&quot;DMC-LX100&quot;,&quot;caption&quot;:&quot;&quot;,&quot;created_timestamp&quot;:&quot;1530978418&quot;,&quot;copyright&quot;:&quot;&quot;,&quot;focal_length&quot;:&quot;23.6&quot;,&quot;iso&quot;:&quot;200&quot;,&quot;shutter_speed&quot;:&quot;0.008&quot;,&quot;title&quot;:&quot;&quot;,&quot;orientation&quot;:&quot;0&quot;}\" data-image-title=\"P6160922\" data-image-description=\"\" data-image-caption=\"\" data-large-file=\"https:\/\/i0.wp.com\/www.micoulou-photos.com\/wp-content\/uploads\/2018\/07\/P6160922-1.jpg?fit=800%2C533&amp;ssl=1\" \/><\/a>\n\t\t\t<\/div><\/figure><figure class='gallery-item'>\n\t\t\t<div class='gallery-icon landscape'>\n\t\t\t\t<a href='https:\/\/www.micoulou-photos.com\/index.php\/2018\/07\/27\/mariage-cm\/p6170189-2\/'><img loading=\"lazy\" decoding=\"async\" width=\"150\" height=\"150\" src=\"https:\/\/i0.wp.com\/www.micoulou-photos.com\/wp-content\/uploads\/2018\/07\/P6170189-1.jpg?resize=150%2C150&amp;ssl=1\" class=\"attachment-thumbnail size-thumbnail\" alt=\"\" srcset=\"https:\/\/i0.wp.com\/www.micoulou-photos.com\/wp-content\/uploads\/2018\/07\/P6170189-1.jpg?resize=150%2C150&amp;ssl=1 150w, https:\/\/i0.wp.com\/www.micoulou-photos.com\/wp-content\/uploads\/2018\/07\/P6170189-1.jpg?zoom=2&amp;resize=150%2C150&amp;ssl=1 300w, https:\/\/i0.wp.com\/www.micoulou-photos.com\/wp-content\/uploads\/2018\/07\/P6170189-1.jpg?zoom=3&amp;resize=150%2C150&amp;ssl=1 450w\" sizes=\"(max-width: 150px) 100vw, 150px\" data-attachment-id=\"4650\" data-permalink=\"https:\/\/www.micoulou-photos.com\/index.php\/2018\/07\/27\/mariage-cm\/p6170189-2\/\" data-orig-file=\"https:\/\/i0.wp.com\/www.micoulou-photos.com\/wp-content\/uploads\/2018\/07\/P6170189-1.jpg?fit=1920%2C1080&amp;ssl=1\" data-orig-size=\"1920,1080\" data-comments-opened=\"1\" data-image-meta=\"{&quot;aperture&quot;:&quot;2.5&quot;,&quot;credit&quot;:&quot;&quot;,&quot;camera&quot;:&quot;DMC-LX100&quot;,&quot;caption&quot;:&quot;&quot;,&quot;created_timestamp&quot;:&quot;1530999893&quot;,&quot;copyright&quot;:&quot;&quot;,&quot;focal_length&quot;:&quot;17.9&quot;,&quot;iso&quot;:&quot;1250&quot;,&quot;shutter_speed&quot;:&quot;0.0125&quot;,&quot;title&quot;:&quot;&quot;,&quot;orientation&quot;:&quot;0&quot;}\" data-image-title=\"P6170189\" data-image-description=\"\" data-image-caption=\"\" data-large-file=\"https:\/\/i0.wp.com\/www.micoulou-photos.com\/wp-content\/uploads\/2018\/07\/P6170189-1.jpg?fit=800%2C450&amp;ssl=1\" \/><\/a>\n\t\t\t<\/div><\/figure><figure class='gallery-item'>\n\t\t\t<div class='gallery-icon landscape'>\n\t\t\t\t<a href='https:\/\/www.micoulou-photos.com\/index.php\/2018\/07\/27\/mariage-cm\/p6170203\/'><img loading=\"lazy\" decoding=\"async\" width=\"150\" height=\"150\" src=\"https:\/\/i0.wp.com\/www.micoulou-photos.com\/wp-content\/uploads\/2018\/07\/P6170203.jpg?resize=150%2C150&amp;ssl=1\" class=\"attachment-thumbnail size-thumbnail\" alt=\"\" srcset=\"https:\/\/i0.wp.com\/www.micoulou-photos.com\/wp-content\/uploads\/2018\/07\/P6170203.jpg?resize=150%2C150&amp;ssl=1 150w, https:\/\/i0.wp.com\/www.micoulou-photos.com\/wp-content\/uploads\/2018\/07\/P6170203.jpg?zoom=2&amp;resize=150%2C150&amp;ssl=1 300w, https:\/\/i0.wp.com\/www.micoulou-photos.com\/wp-content\/uploads\/2018\/07\/P6170203.jpg?zoom=3&amp;resize=150%2C150&amp;ssl=1 450w\" sizes=\"(max-width: 150px) 100vw, 150px\" data-attachment-id=\"4651\" data-permalink=\"https:\/\/www.micoulou-photos.com\/index.php\/2018\/07\/27\/mariage-cm\/p6170203\/\" data-orig-file=\"https:\/\/i0.wp.com\/www.micoulou-photos.com\/wp-content\/uploads\/2018\/07\/P6170203.jpg?fit=1920%2C1080&amp;ssl=1\" data-orig-size=\"1920,1080\" data-comments-opened=\"1\" data-image-meta=\"{&quot;aperture&quot;:&quot;1.7&quot;,&quot;credit&quot;:&quot;&quot;,&quot;camera&quot;:&quot;DMC-LX100&quot;,&quot;caption&quot;:&quot;&quot;,&quot;created_timestamp&quot;:&quot;1531000054&quot;,&quot;copyright&quot;:&quot;&quot;,&quot;focal_length&quot;:&quot;10.9&quot;,&quot;iso&quot;:&quot;1000&quot;,&quot;shutter_speed&quot;:&quot;0.016666666666667&quot;,&quot;title&quot;:&quot;&quot;,&quot;orientation&quot;:&quot;0&quot;}\" data-image-title=\"P6170203\" data-image-description=\"\" data-image-caption=\"\" data-large-file=\"https:\/\/i0.wp.com\/www.micoulou-photos.com\/wp-content\/uploads\/2018\/07\/P6170203.jpg?fit=800%2C450&amp;ssl=1\" \/><\/a>\n\t\t\t<\/div><\/figure>\n\t\t<\/div>\n\n","protected":false},"excerpt":{"rendered":"<p>Quelques photos d&rsquo;une prestation r\u00e9alis\u00e9e d\u00e9but juillet, \u00e0 Bois d&rsquo;arcy. Un tr\u00e8s beau mariage. Si vous souhaitez plus d&rsquo;informations sur mes prestation mariage, n&rsquo;hesitez pas \u00e0 me contacter, j&rsquo;ai encore quelques places pour fin aout et septembre.<\/p>\n","protected":false},"author":1,"featured_media":4645,"comment_status":"open","ping_status":"open","sticky":false,"template":"","format":"standard","meta":{"jetpack_post_was_ever_published":false,"_jetpack_newsletter_access":"","_jetpack_dont_email_post_to_subs":false,"_jetpack_newsletter_tier_id":0,"_jetpack_memberships_contains_paywalled_content":false,"_jetpack_memberships_contains_paid_content":false,"footnotes":"","jetpack_publicize_message":"","jetpack_publicize_feature_enabled":true,"jetpack_social_post_already_shared":true,"jetpack_social_options":{"image_generator_settings":{"template":"highway","default_image_id":0,"font":"","enabled":false},"version":2}},"categories":[1406,155],"tags":[1221,1227,440,1083,422,277,450,278,1223,971,1225,1219],"class_list":["post-4632","post","type-post","status-publish","format-standard","has-post-thumbnail","hentry","category-mariage-reportage","category-reportage","tag-bois-darcy","tag-canon-135mm-soft","tag-mariage","tag-panasonic-lx100","tag-paris","tag-pentax-77mm","tag-portrait","tag-ricoh-gr","tag-rueil-mamaison","tag-sony-alpha-7","tag-vempes","tag-wedding"],"yoast_head":"<!-- This site is optimized with the Yoast SEO plugin v27.5 - https:\/\/yoast.com\/product\/yoast-seo-wordpress\/ -->\n<title>Mariage Chris et M - Micoulou Photographie<\/title>\n<meta name=\"robots\" content=\"index, follow, max-snippet:-1, max-image-preview:large, max-video-preview:-1\" \/>\n<link rel=\"canonical\" href=\"https:\/\/www.micoulou-photos.com\/index.php\/2018\/07\/27\/mariage-cm\/\" \/>\n<meta property=\"og:locale\" content=\"fr_FR\" \/>\n<meta property=\"og:type\" content=\"article\" \/>\n<meta property=\"og:title\" content=\"Mariage Chris et M - Micoulou Photographie\" \/>\n<meta property=\"og:description\" content=\"Quelques photos d&rsquo;une prestation r\u00e9alis\u00e9e d\u00e9but juillet, \u00e0 Bois d&rsquo;arcy. Un tr\u00e8s beau mariage. Si vous souhaitez plus d&rsquo;informations sur mes prestation mariage, n&rsquo;hesitez pas \u00e0 me contacter, j&rsquo;ai encore quelques places pour fin aout et septembre.\" \/>\n<meta property=\"og:url\" content=\"https:\/\/www.micoulou-photos.com\/index.php\/2018\/07\/27\/mariage-cm\/\" \/>\n<meta property=\"og:site_name\" content=\"Micoulou Photographie\" \/>\n<meta property=\"article:published_time\" content=\"2018-07-27T16:00:45+00:00\" \/>\n<meta property=\"article:modified_time\" content=\"2020-04-25T21:38:41+00:00\" \/>\n<meta property=\"og:image\" content=\"https:\/\/i1.wp.com\/www.micoulou-photos.com\/wp-content\/uploads\/2018\/07\/P6160547-1.jpg?fit=1920%2C1080&ssl=1\" \/>\n\t<meta property=\"og:image:width\" content=\"1920\" \/>\n\t<meta property=\"og:image:height\" content=\"1080\" \/>\n\t<meta property=\"og:image:type\" content=\"image\/jpeg\" \/>\n<meta name=\"author\" content=\"micoulou\" \/>\n<meta name=\"twitter:card\" content=\"summary_large_image\" \/>\n<meta name=\"twitter:label1\" content=\"\u00c9crit par\" \/>\n\t<meta name=\"twitter:data1\" content=\"micoulou\" \/>\n<script type=\"application\/ld+json\" class=\"yoast-schema-graph\">{\"@context\":\"https:\\\/\\\/schema.org\",\"@graph\":[{\"@type\":\"Article\",\"@id\":\"https:\\\/\\\/www.micoulou-photos.com\\\/index.php\\\/2018\\\/07\\\/27\\\/mariage-cm\\\/#article\",\"isPartOf\":{\"@id\":\"https:\\\/\\\/www.micoulou-photos.com\\\/index.php\\\/2018\\\/07\\\/27\\\/mariage-cm\\\/\"},\"author\":{\"name\":\"micoulou\",\"@id\":\"https:\\\/\\\/www.micoulou-photos.com\\\/#\\\/schema\\\/person\\\/6aedfe8ebe91da632f46e7c9d806a722\"},\"headline\":\"Mariage Chris et M\",\"datePublished\":\"2018-07-27T16:00:45+00:00\",\"dateModified\":\"2020-04-25T21:38:41+00:00\",\"mainEntityOfPage\":{\"@id\":\"https:\\\/\\\/www.micoulou-photos.com\\\/index.php\\\/2018\\\/07\\\/27\\\/mariage-cm\\\/\"},\"wordCount\":50,\"commentCount\":0,\"publisher\":{\"@id\":\"https:\\\/\\\/www.micoulou-photos.com\\\/#organization\"},\"image\":{\"@id\":\"https:\\\/\\\/www.micoulou-photos.com\\\/index.php\\\/2018\\\/07\\\/27\\\/mariage-cm\\\/#primaryimage\"},\"thumbnailUrl\":\"https:\\\/\\\/i0.wp.com\\\/www.micoulou-photos.com\\\/wp-content\\\/uploads\\\/2018\\\/07\\\/P6160547-1.jpg?fit=1920%2C1080&ssl=1\",\"keywords\":[\"bois d'arcy\",\"Canon 135mm soft\",\"mariage\",\"panasonic lx100\",\"paris\",\"Pentax 77mm\",\"portrait\",\"Ricoh GR\",\"rueil mamaison\",\"sony alpha 7\",\"vempes\",\"wedding\"],\"articleSection\":[\"mariage\",\"reportage\"],\"inLanguage\":\"fr-FR\",\"potentialAction\":[{\"@type\":\"CommentAction\",\"name\":\"Comment\",\"target\":[\"https:\\\/\\\/www.micoulou-photos.com\\\/index.php\\\/2018\\\/07\\\/27\\\/mariage-cm\\\/#respond\"]}]},{\"@type\":\"WebPage\",\"@id\":\"https:\\\/\\\/www.micoulou-photos.com\\\/index.php\\\/2018\\\/07\\\/27\\\/mariage-cm\\\/\",\"url\":\"https:\\\/\\\/www.micoulou-photos.com\\\/index.php\\\/2018\\\/07\\\/27\\\/mariage-cm\\\/\",\"name\":\"Mariage Chris et M - Micoulou Photographie\",\"isPartOf\":{\"@id\":\"https:\\\/\\\/www.micoulou-photos.com\\\/#website\"},\"primaryImageOfPage\":{\"@id\":\"https:\\\/\\\/www.micoulou-photos.com\\\/index.php\\\/2018\\\/07\\\/27\\\/mariage-cm\\\/#primaryimage\"},\"image\":{\"@id\":\"https:\\\/\\\/www.micoulou-photos.com\\\/index.php\\\/2018\\\/07\\\/27\\\/mariage-cm\\\/#primaryimage\"},\"thumbnailUrl\":\"https:\\\/\\\/i0.wp.com\\\/www.micoulou-photos.com\\\/wp-content\\\/uploads\\\/2018\\\/07\\\/P6160547-1.jpg?fit=1920%2C1080&ssl=1\",\"datePublished\":\"2018-07-27T16:00:45+00:00\",\"dateModified\":\"2020-04-25T21:38:41+00:00\",\"breadcrumb\":{\"@id\":\"https:\\\/\\\/www.micoulou-photos.com\\\/index.php\\\/2018\\\/07\\\/27\\\/mariage-cm\\\/#breadcrumb\"},\"inLanguage\":\"fr-FR\",\"potentialAction\":[{\"@type\":\"ReadAction\",\"target\":[\"https:\\\/\\\/www.micoulou-photos.com\\\/index.php\\\/2018\\\/07\\\/27\\\/mariage-cm\\\/\"]}]},{\"@type\":\"ImageObject\",\"inLanguage\":\"fr-FR\",\"@id\":\"https:\\\/\\\/www.micoulou-photos.com\\\/index.php\\\/2018\\\/07\\\/27\\\/mariage-cm\\\/#primaryimage\",\"url\":\"https:\\\/\\\/i0.wp.com\\\/www.micoulou-photos.com\\\/wp-content\\\/uploads\\\/2018\\\/07\\\/P6160547-1.jpg?fit=1920%2C1080&ssl=1\",\"contentUrl\":\"https:\\\/\\\/i0.wp.com\\\/www.micoulou-photos.com\\\/wp-content\\\/uploads\\\/2018\\\/07\\\/P6160547-1.jpg?fit=1920%2C1080&ssl=1\",\"width\":1920,\"height\":1080},{\"@type\":\"BreadcrumbList\",\"@id\":\"https:\\\/\\\/www.micoulou-photos.com\\\/index.php\\\/2018\\\/07\\\/27\\\/mariage-cm\\\/#breadcrumb\",\"itemListElement\":[{\"@type\":\"ListItem\",\"position\":1,\"name\":\"Accueil\",\"item\":\"https:\\\/\\\/www.micoulou-photos.com\\\/\"},{\"@type\":\"ListItem\",\"position\":2,\"name\":\"Mariage Chris et M\"}]},{\"@type\":\"WebSite\",\"@id\":\"https:\\\/\\\/www.micoulou-photos.com\\\/#website\",\"url\":\"https:\\\/\\\/www.micoulou-photos.com\\\/\",\"name\":\"Micoulou Photographie\",\"description\":\"Photographies, Visites virtuelles et formations par Mickael Minarie\",\"publisher\":{\"@id\":\"https:\\\/\\\/www.micoulou-photos.com\\\/#organization\"},\"potentialAction\":[{\"@type\":\"SearchAction\",\"target\":{\"@type\":\"EntryPoint\",\"urlTemplate\":\"https:\\\/\\\/www.micoulou-photos.com\\\/?s={search_term_string}\"},\"query-input\":{\"@type\":\"PropertyValueSpecification\",\"valueRequired\":true,\"valueName\":\"search_term_string\"}}],\"inLanguage\":\"fr-FR\"},{\"@type\":\"Organization\",\"@id\":\"https:\\\/\\\/www.micoulou-photos.com\\\/#organization\",\"name\":\"Micoulou Photographie\",\"url\":\"https:\\\/\\\/www.micoulou-photos.com\\\/\",\"logo\":{\"@type\":\"ImageObject\",\"inLanguage\":\"fr-FR\",\"@id\":\"https:\\\/\\\/www.micoulou-photos.com\\\/#\\\/schema\\\/logo\\\/image\\\/\",\"url\":\"https:\\\/\\\/i0.wp.com\\\/www.micoulou-photos.com\\\/wp-content\\\/uploads\\\/2020\\\/05\\\/cropped-891667_552097324824916_1615181552_o-1.jpg?fit=643%2C722&ssl=1\",\"contentUrl\":\"https:\\\/\\\/i0.wp.com\\\/www.micoulou-photos.com\\\/wp-content\\\/uploads\\\/2020\\\/05\\\/cropped-891667_552097324824916_1615181552_o-1.jpg?fit=643%2C722&ssl=1\",\"width\":643,\"height\":722,\"caption\":\"Micoulou Photographie\"},\"image\":{\"@id\":\"https:\\\/\\\/www.micoulou-photos.com\\\/#\\\/schema\\\/logo\\\/image\\\/\"}},{\"@type\":\"Person\",\"@id\":\"https:\\\/\\\/www.micoulou-photos.com\\\/#\\\/schema\\\/person\\\/6aedfe8ebe91da632f46e7c9d806a722\",\"name\":\"micoulou\",\"image\":{\"@type\":\"ImageObject\",\"inLanguage\":\"fr-FR\",\"@id\":\"https:\\\/\\\/secure.gravatar.com\\\/avatar\\\/98f892eb7d267eab2faa437baa3edd708deaaa43929316c0cc7b751a04cb247b?s=96&d=mm&r=g\",\"url\":\"https:\\\/\\\/secure.gravatar.com\\\/avatar\\\/98f892eb7d267eab2faa437baa3edd708deaaa43929316c0cc7b751a04cb247b?s=96&d=mm&r=g\",\"contentUrl\":\"https:\\\/\\\/secure.gravatar.com\\\/avatar\\\/98f892eb7d267eab2faa437baa3edd708deaaa43929316c0cc7b751a04cb247b?s=96&d=mm&r=g\",\"caption\":\"micoulou\"},\"url\":\"https:\\\/\\\/www.micoulou-photos.com\\\/index.php\\\/author\\\/micoulou\\\/\"}]}<\/script>\n<!-- \/ Yoast SEO plugin. -->","yoast_head_json":{"title":"Mariage Chris et M - Micoulou Photographie","robots":{"index":"index","follow":"follow","max-snippet":"max-snippet:-1","max-image-preview":"max-image-preview:large","max-video-preview":"max-video-preview:-1"},"canonical":"https:\/\/www.micoulou-photos.com\/index.php\/2018\/07\/27\/mariage-cm\/","og_locale":"fr_FR","og_type":"article","og_title":"Mariage Chris et M - Micoulou Photographie","og_description":"Quelques photos d&rsquo;une prestation r\u00e9alis\u00e9e d\u00e9but juillet, \u00e0 Bois d&rsquo;arcy. Un tr\u00e8s beau mariage. Si vous souhaitez plus d&rsquo;informations sur mes prestation mariage, n&rsquo;hesitez pas \u00e0 me contacter, j&rsquo;ai encore quelques places pour fin aout et septembre.","og_url":"https:\/\/www.micoulou-photos.com\/index.php\/2018\/07\/27\/mariage-cm\/","og_site_name":"Micoulou Photographie","article_published_time":"2018-07-27T16:00:45+00:00","article_modified_time":"2020-04-25T21:38:41+00:00","og_image":[{"width":1920,"height":1080,"url":"https:\/\/i1.wp.com\/www.micoulou-photos.com\/wp-content\/uploads\/2018\/07\/P6160547-1.jpg?fit=1920%2C1080&ssl=1","type":"image\/jpeg"}],"author":"micoulou","twitter_card":"summary_large_image","twitter_misc":{"\u00c9crit par":"micoulou"},"schema":{"@context":"https:\/\/schema.org","@graph":[{"@type":"Article","@id":"https:\/\/www.micoulou-photos.com\/index.php\/2018\/07\/27\/mariage-cm\/#article","isPartOf":{"@id":"https:\/\/www.micoulou-photos.com\/index.php\/2018\/07\/27\/mariage-cm\/"},"author":{"name":"micoulou","@id":"https:\/\/www.micoulou-photos.com\/#\/schema\/person\/6aedfe8ebe91da632f46e7c9d806a722"},"headline":"Mariage Chris et M","datePublished":"2018-07-27T16:00:45+00:00","dateModified":"2020-04-25T21:38:41+00:00","mainEntityOfPage":{"@id":"https:\/\/www.micoulou-photos.com\/index.php\/2018\/07\/27\/mariage-cm\/"},"wordCount":50,"commentCount":0,"publisher":{"@id":"https:\/\/www.micoulou-photos.com\/#organization"},"image":{"@id":"https:\/\/www.micoulou-photos.com\/index.php\/2018\/07\/27\/mariage-cm\/#primaryimage"},"thumbnailUrl":"https:\/\/i0.wp.com\/www.micoulou-photos.com\/wp-content\/uploads\/2018\/07\/P6160547-1.jpg?fit=1920%2C1080&ssl=1","keywords":["bois d'arcy","Canon 135mm soft","mariage","panasonic lx100","paris","Pentax 77mm","portrait","Ricoh GR","rueil mamaison","sony alpha 7","vempes","wedding"],"articleSection":["mariage","reportage"],"inLanguage":"fr-FR","potentialAction":[{"@type":"CommentAction","name":"Comment","target":["https:\/\/www.micoulou-photos.com\/index.php\/2018\/07\/27\/mariage-cm\/#respond"]}]},{"@type":"WebPage","@id":"https:\/\/www.micoulou-photos.com\/index.php\/2018\/07\/27\/mariage-cm\/","url":"https:\/\/www.micoulou-photos.com\/index.php\/2018\/07\/27\/mariage-cm\/","name":"Mariage Chris et M - Micoulou Photographie","isPartOf":{"@id":"https:\/\/www.micoulou-photos.com\/#website"},"primaryImageOfPage":{"@id":"https:\/\/www.micoulou-photos.com\/index.php\/2018\/07\/27\/mariage-cm\/#primaryimage"},"image":{"@id":"https:\/\/www.micoulou-photos.com\/index.php\/2018\/07\/27\/mariage-cm\/#primaryimage"},"thumbnailUrl":"https:\/\/i0.wp.com\/www.micoulou-photos.com\/wp-content\/uploads\/2018\/07\/P6160547-1.jpg?fit=1920%2C1080&ssl=1","datePublished":"2018-07-27T16:00:45+00:00","dateModified":"2020-04-25T21:38:41+00:00","breadcrumb":{"@id":"https:\/\/www.micoulou-photos.com\/index.php\/2018\/07\/27\/mariage-cm\/#breadcrumb"},"inLanguage":"fr-FR","potentialAction":[{"@type":"ReadAction","target":["https:\/\/www.micoulou-photos.com\/index.php\/2018\/07\/27\/mariage-cm\/"]}]},{"@type":"ImageObject","inLanguage":"fr-FR","@id":"https:\/\/www.micoulou-photos.com\/index.php\/2018\/07\/27\/mariage-cm\/#primaryimage","url":"https:\/\/i0.wp.com\/www.micoulou-photos.com\/wp-content\/uploads\/2018\/07\/P6160547-1.jpg?fit=1920%2C1080&ssl=1","contentUrl":"https:\/\/i0.wp.com\/www.micoulou-photos.com\/wp-content\/uploads\/2018\/07\/P6160547-1.jpg?fit=1920%2C1080&ssl=1","width":1920,"height":1080},{"@type":"BreadcrumbList","@id":"https:\/\/www.micoulou-photos.com\/index.php\/2018\/07\/27\/mariage-cm\/#breadcrumb","itemListElement":[{"@type":"ListItem","position":1,"name":"Accueil","item":"https:\/\/www.micoulou-photos.com\/"},{"@type":"ListItem","position":2,"name":"Mariage Chris et M"}]},{"@type":"WebSite","@id":"https:\/\/www.micoulou-photos.com\/#website","url":"https:\/\/www.micoulou-photos.com\/","name":"Micoulou Photographie","description":"Photographies, Visites virtuelles et formations par Mickael Minarie","publisher":{"@id":"https:\/\/www.micoulou-photos.com\/#organization"},"potentialAction":[{"@type":"SearchAction","target":{"@type":"EntryPoint","urlTemplate":"https:\/\/www.micoulou-photos.com\/?s={search_term_string}"},"query-input":{"@type":"PropertyValueSpecification","valueRequired":true,"valueName":"search_term_string"}}],"inLanguage":"fr-FR"},{"@type":"Organization","@id":"https:\/\/www.micoulou-photos.com\/#organization","name":"Micoulou Photographie","url":"https:\/\/www.micoulou-photos.com\/","logo":{"@type":"ImageObject","inLanguage":"fr-FR","@id":"https:\/\/www.micoulou-photos.com\/#\/schema\/logo\/image\/","url":"https:\/\/i0.wp.com\/www.micoulou-photos.com\/wp-content\/uploads\/2020\/05\/cropped-891667_552097324824916_1615181552_o-1.jpg?fit=643%2C722&ssl=1","contentUrl":"https:\/\/i0.wp.com\/www.micoulou-photos.com\/wp-content\/uploads\/2020\/05\/cropped-891667_552097324824916_1615181552_o-1.jpg?fit=643%2C722&ssl=1","width":643,"height":722,"caption":"Micoulou Photographie"},"image":{"@id":"https:\/\/www.micoulou-photos.com\/#\/schema\/logo\/image\/"}},{"@type":"Person","@id":"https:\/\/www.micoulou-photos.com\/#\/schema\/person\/6aedfe8ebe91da632f46e7c9d806a722","name":"micoulou","image":{"@type":"ImageObject","inLanguage":"fr-FR","@id":"https:\/\/secure.gravatar.com\/avatar\/98f892eb7d267eab2faa437baa3edd708deaaa43929316c0cc7b751a04cb247b?s=96&d=mm&r=g","url":"https:\/\/secure.gravatar.com\/avatar\/98f892eb7d267eab2faa437baa3edd708deaaa43929316c0cc7b751a04cb247b?s=96&d=mm&r=g","contentUrl":"https:\/\/secure.gravatar.com\/avatar\/98f892eb7d267eab2faa437baa3edd708deaaa43929316c0cc7b751a04cb247b?s=96&d=mm&r=g","caption":"micoulou"},"url":"https:\/\/www.micoulou-photos.com\/index.php\/author\/micoulou\/"}]}},"jetpack_publicize_connections":[],"jetpack_featured_media_url":"https:\/\/i0.wp.com\/www.micoulou-photos.com\/wp-content\/uploads\/2018\/07\/P6160547-1.jpg?fit=1920%2C1080&ssl=1","jetpack_sharing_enabled":true,"jetpack_shortlink":"https:\/\/wp.me\/p7zKF4-1cI","jetpack-related-posts":[{"id":8598,"url":"https:\/\/www.micoulou-photos.com\/index.php\/2026\/04\/20\/mariage-de-gwen-et-loann\/","url_meta":{"origin":4632,"position":0},"title":"Mariage de Gwen et Loann","author":"micoulou","date":"20 avril 2026","format":false,"excerpt":"Un mariage que j'ai pu r\u00e9aliser \u00e0 l'hiver 2022 en Bretagne","rel":"","context":"Dans &quot;mariage&quot;","block_context":{"text":"mariage","link":"https:\/\/www.micoulou-photos.com\/index.php\/category\/reportage\/mariage-reportage\/"},"img":{"alt_text":"","src":"https:\/\/i0.wp.com\/www.micoulou-photos.com\/wp-content\/uploads\/2026\/04\/DSC02786-1.jpg?fit=1200%2C800&ssl=1&resize=350%2C200","width":350,"height":200,"srcset":"https:\/\/i0.wp.com\/www.micoulou-photos.com\/wp-content\/uploads\/2026\/04\/DSC02786-1.jpg?fit=1200%2C800&ssl=1&resize=350%2C200 1x, https:\/\/i0.wp.com\/www.micoulou-photos.com\/wp-content\/uploads\/2026\/04\/DSC02786-1.jpg?fit=1200%2C800&ssl=1&resize=525%2C300 1.5x, https:\/\/i0.wp.com\/www.micoulou-photos.com\/wp-content\/uploads\/2026\/04\/DSC02786-1.jpg?fit=1200%2C800&ssl=1&resize=700%2C400 2x, https:\/\/i0.wp.com\/www.micoulou-photos.com\/wp-content\/uploads\/2026\/04\/DSC02786-1.jpg?fit=1200%2C800&ssl=1&resize=1050%2C600 3x"},"classes":[]},{"id":5049,"url":"https:\/\/www.micoulou-photos.com\/index.php\/2019\/05\/07\/mariage-jeremie-et-jinxian\/","url_meta":{"origin":4632,"position":1},"title":"Mariage J\u00e9r\u00e9mie et Jinxian","author":"micoulou","date":"7 mai 2019","format":false,"excerpt":"Un tr\u00e8s beau mariage que j'ai eu la chance de couvrir en septembre dernier \u00e0 Avignon.","rel":"","context":"Dans &quot;mariage&quot;","block_context":{"text":"mariage","link":"https:\/\/www.micoulou-photos.com\/index.php\/category\/reportage\/mariage-reportage\/"},"img":{"alt_text":"","src":"https:\/\/i0.wp.com\/www.micoulou-photos.com\/wp-content\/uploads\/2019\/05\/P6210865.jpg?fit=1200%2C1200&ssl=1&resize=350%2C200","width":350,"height":200,"srcset":"https:\/\/i0.wp.com\/www.micoulou-photos.com\/wp-content\/uploads\/2019\/05\/P6210865.jpg?fit=1200%2C1200&ssl=1&resize=350%2C200 1x, https:\/\/i0.wp.com\/www.micoulou-photos.com\/wp-content\/uploads\/2019\/05\/P6210865.jpg?fit=1200%2C1200&ssl=1&resize=525%2C300 1.5x, https:\/\/i0.wp.com\/www.micoulou-photos.com\/wp-content\/uploads\/2019\/05\/P6210865.jpg?fit=1200%2C1200&ssl=1&resize=700%2C400 2x, https:\/\/i0.wp.com\/www.micoulou-photos.com\/wp-content\/uploads\/2019\/05\/P6210865.jpg?fit=1200%2C1200&ssl=1&resize=1050%2C600 3x"},"classes":[]},{"id":4355,"url":"https:\/\/www.micoulou-photos.com\/index.php\/2018\/05\/14\/mariage-et-portrait-retouche-artistique-personnelle\/","url_meta":{"origin":4632,"position":2},"title":"Mariage et portrait &#8211; retouche artistique personnelle","author":"micoulou","date":"14 mai 2018","format":false,"excerpt":"Sur mes photos de mariage et mes s\u00e9ries portraits, je peux, si vous le d\u00e9sirez travailler sur des retouches type peinture, faire des s\u00e9ries plus personnelles... Voici un exemple de mes r\u00e9alisations : \u00a0","rel":"","context":"Dans &quot;mariage&quot;","block_context":{"text":"mariage","link":"https:\/\/www.micoulou-photos.com\/index.php\/category\/reportage\/mariage-reportage\/"},"img":{"alt_text":"","src":"https:\/\/i0.wp.com\/www.micoulou-photos.com\/wp-content\/uploads\/2018\/05\/DSC02502-Modifier.jpg?fit=1200%2C800&ssl=1&resize=350%2C200","width":350,"height":200,"srcset":"https:\/\/i0.wp.com\/www.micoulou-photos.com\/wp-content\/uploads\/2018\/05\/DSC02502-Modifier.jpg?fit=1200%2C800&ssl=1&resize=350%2C200 1x, https:\/\/i0.wp.com\/www.micoulou-photos.com\/wp-content\/uploads\/2018\/05\/DSC02502-Modifier.jpg?fit=1200%2C800&ssl=1&resize=525%2C300 1.5x, https:\/\/i0.wp.com\/www.micoulou-photos.com\/wp-content\/uploads\/2018\/05\/DSC02502-Modifier.jpg?fit=1200%2C800&ssl=1&resize=700%2C400 2x, https:\/\/i0.wp.com\/www.micoulou-photos.com\/wp-content\/uploads\/2018\/05\/DSC02502-Modifier.jpg?fit=1200%2C800&ssl=1&resize=1050%2C600 3x"},"classes":[]},{"id":8531,"url":"https:\/\/www.micoulou-photos.com\/index.php\/2026\/04\/15\/les-mariages\/","url_meta":{"origin":4632,"position":3},"title":"Les Mariages","author":"micoulou","date":"15 avril 2026","format":false,"excerpt":"Vos souvenirs de mariage, avec une signature visuelle hors du temps. \ud83d\udce9 Discutons de votre mariageDites-moi votre date, le lieu, et ce que vous imaginez.\u2028Je vous r\u00e9pondrai rapidement pour voir si on peut cr\u00e9er quelque chose ensemble. Je photographie les mariages comme un observateur discret.\u2028Je cherche les gestes simples, les\u2026","rel":"","context":"Dans &quot;prestation pro&quot;","block_context":{"text":"prestation pro","link":"https:\/\/www.micoulou-photos.com\/index.php\/category\/prestation-pro\/"},"img":{"alt_text":"","src":"https:\/\/i0.wp.com\/www.micoulou-photos.com\/wp-content\/uploads\/2026\/04\/DSC00002.jpg?fit=1200%2C799&ssl=1&resize=350%2C200","width":350,"height":200,"srcset":"https:\/\/i0.wp.com\/www.micoulou-photos.com\/wp-content\/uploads\/2026\/04\/DSC00002.jpg?fit=1200%2C799&ssl=1&resize=350%2C200 1x, https:\/\/i0.wp.com\/www.micoulou-photos.com\/wp-content\/uploads\/2026\/04\/DSC00002.jpg?fit=1200%2C799&ssl=1&resize=525%2C300 1.5x, https:\/\/i0.wp.com\/www.micoulou-photos.com\/wp-content\/uploads\/2026\/04\/DSC00002.jpg?fit=1200%2C799&ssl=1&resize=700%2C400 2x, https:\/\/i0.wp.com\/www.micoulou-photos.com\/wp-content\/uploads\/2026\/04\/DSC00002.jpg?fit=1200%2C799&ssl=1&resize=1050%2C600 3x"},"classes":[]},{"id":16,"url":"https:\/\/www.micoulou-photos.com\/index.php\/2016\/05\/05\/mariage-de-claire-et-greame\/","url_meta":{"origin":4632,"position":4},"title":"Mariage de Claire et Greame","author":"micoulou","date":"5 mai 2016","format":false,"excerpt":"Premier mariage de l'ann\u00e9e, mariage de Claire et Greame \u00e0 Aberdeen (enfin plus exactement \u00e0 Ado house). Mariage simple, avec peu d'alcool mais o\u00f9 l'ambiance et la chaleur humaine \u00e9tait r\u00e9ellement pr\u00e9sentes.","rel":"","context":"Dans &quot;mariage&quot;","block_context":{"text":"mariage","link":"https:\/\/www.micoulou-photos.com\/index.php\/category\/reportage\/mariage-reportage\/"},"img":{"alt_text":"","src":"https:\/\/i0.wp.com\/www.micoulou-photos.com\/wp-content\/uploads\/2016\/05\/IMG_5297.jpg?fit=1000%2C750&ssl=1&resize=350%2C200","width":350,"height":200,"srcset":"https:\/\/i0.wp.com\/www.micoulou-photos.com\/wp-content\/uploads\/2016\/05\/IMG_5297.jpg?fit=1000%2C750&ssl=1&resize=350%2C200 1x, https:\/\/i0.wp.com\/www.micoulou-photos.com\/wp-content\/uploads\/2016\/05\/IMG_5297.jpg?fit=1000%2C750&ssl=1&resize=525%2C300 1.5x, https:\/\/i0.wp.com\/www.micoulou-photos.com\/wp-content\/uploads\/2016\/05\/IMG_5297.jpg?fit=1000%2C750&ssl=1&resize=700%2C400 2x"},"classes":[]},{"id":3814,"url":"https:\/\/www.micoulou-photos.com\/index.php\/2017\/11\/04\/mariage-claire-et-greame\/","url_meta":{"origin":4632,"position":5},"title":"Mariage Claire et Greame","author":"micoulou","date":"4 novembre 2017","format":false,"excerpt":"Mariage effectu\u00e9 en 2016 \u00e0 Aberdeen. J'ai r\u00e9alis\u00e9 de nouveaux traitement en noir et Blanc pour mon book mariage.","rel":"","context":"Dans &quot;mariage&quot;","block_context":{"text":"mariage","link":"https:\/\/www.micoulou-photos.com\/index.php\/category\/reportage\/mariage-reportage\/"},"img":{"alt_text":"","src":"https:\/\/i0.wp.com\/www.micoulou-photos.com\/wp-content\/uploads\/2017\/11\/IMG_5308-Modifier.jpg?fit=1200%2C900&ssl=1&resize=350%2C200","width":350,"height":200,"srcset":"https:\/\/i0.wp.com\/www.micoulou-photos.com\/wp-content\/uploads\/2017\/11\/IMG_5308-Modifier.jpg?fit=1200%2C900&ssl=1&resize=350%2C200 1x, https:\/\/i0.wp.com\/www.micoulou-photos.com\/wp-content\/uploads\/2017\/11\/IMG_5308-Modifier.jpg?fit=1200%2C900&ssl=1&resize=525%2C300 1.5x, https:\/\/i0.wp.com\/www.micoulou-photos.com\/wp-content\/uploads\/2017\/11\/IMG_5308-Modifier.jpg?fit=1200%2C900&ssl=1&resize=700%2C400 2x, https:\/\/i0.wp.com\/www.micoulou-photos.com\/wp-content\/uploads\/2017\/11\/IMG_5308-Modifier.jpg?fit=1200%2C900&ssl=1&resize=1050%2C600 3x"},"classes":[]}],"_links":{"self":[{"href":"https:\/\/www.micoulou-photos.com\/index.php\/wp-json\/wp\/v2\/posts\/4632","targetHints":{"allow":["GET"]}}],"collection":[{"href":"https:\/\/www.micoulou-photos.com\/index.php\/wp-json\/wp\/v2\/posts"}],"about":[{"href":"https:\/\/www.micoulou-photos.com\/index.php\/wp-json\/wp\/v2\/types\/post"}],"author":[{"embeddable":true,"href":"https:\/\/www.micoulou-photos.com\/index.php\/wp-json\/wp\/v2\/users\/1"}],"replies":[{"embeddable":true,"href":"https:\/\/www.micoulou-photos.com\/index.php\/wp-json\/wp\/v2\/comments?post=4632"}],"version-history":[{"count":3,"href":"https:\/\/www.micoulou-photos.com\/index.php\/wp-json\/wp\/v2\/posts\/4632\/revisions"}],"predecessor-version":[{"id":4878,"href":"https:\/\/www.micoulou-photos.com\/index.php\/wp-json\/wp\/v2\/posts\/4632\/revisions\/4878"}],"wp:featuredmedia":[{"embeddable":true,"href":"https:\/\/www.micoulou-photos.com\/index.php\/wp-json\/wp\/v2\/media\/4645"}],"wp:attachment":[{"href":"https:\/\/www.micoulou-photos.com\/index.php\/wp-json\/wp\/v2\/media?parent=4632"}],"wp:term":[{"taxonomy":"category","embeddable":true,"href":"https:\/\/www.micoulou-photos.com\/index.php\/wp-json\/wp\/v2\/categories?post=4632"},{"taxonomy":"post_tag","embeddable":true,"href":"https:\/\/www.micoulou-photos.com\/index.php\/wp-json\/wp\/v2\/tags?post=4632"}],"curies":[{"name":"wp","href":"https:\/\/api.w.org\/{rel}","templated":true}]}}