{"id":4366,"date":"2018-05-16T17:57:11","date_gmt":"2018-05-16T16:57:11","guid":{"rendered":"http:\/\/www.micoulou-photos.com\/?p=4366"},"modified":"2020-04-25T22:18:29","modified_gmt":"2020-04-25T21:18:29","slug":"photographe-autiste","status":"publish","type":"post","link":"https:\/\/www.micoulou-photos.com\/index.php\/2018\/05\/16\/photographe-autiste\/","title":{"rendered":"Photographe autiste ?"},"content":{"rendered":"<p>Bon, ben voil\u00e0, je voilais l\u2019\u00e9crire depuis 1 an cet article, mais j\u2019attendais, je voulais des r\u00e9ponses, je voulais en \u00eatre sur\u2026<br \/>\nAlors mettre \u00e7a sur un blog pro, enfin o\u00f9 je parle aussi des mes essais artistiques, de mes voyages, est-ce \u00e0 sa place ? Je ne le sais pas et j\u2019ai d\u00e9cid\u00e9 de tout centraliser ici, et tant pis si cela me fait perdre des \u00ab&nbsp;emplois&nbsp;\u00bb ou des clients, j\u2019expliquerais ensuite que je pr\u00e9f\u00e8re maintenant que les autres le sache plut\u00f4t que de me remettre dans une de ces situations qui me m\u00e8ne dans un \u00e9tat de crise profonde comme cela a \u00e9t\u00e9 le cas plusieurs fois depuis mon retour du canada\u2026<\/p>\n<h3>Pourquoi un diagnostique ?<\/h3>\n<p>Alors on commence tout de suite par le titre de l\u2019article, je sais depuis f\u00e9vrier (m\u00eame si j\u2019avais un gros doute depuis plus d\u2019un an maintenant) que je suis autiste asperger, en plus d\u2019\u00eatre passionn\u00e9 (passion \u00ab&nbsp;compulsive&nbsp;\u00bb par le mat\u00e9riel photo atypique, le mat\u00e9riel musical atypique et le vieux mat\u00e9riel informatique\u2026<br \/>\nCommen\u00e7ons par un \u00e9tat des lieux, je me suis senti diff\u00e9rent depuis tout petit, je m\u2019int\u00e9ressais \u00e0 mes cassettes et mes premi\u00e8res lectures consistaient en des revues et livres techniques sur le mat\u00e9riel audio et plus tard sur la programmation informatique et la photos (enfin, dans l\u2019informatique, ce qui m\u2019int\u00e9ressait \u00e9tait plut\u00f4t la cr\u00e9ation musicale et le dessin, donc sur les anciennes machines, cela passait par la programmation). Jusqu\u2019au coll\u00e8ge, je ne prenais absolument pas en compte comment je m\u2019habillais tant que c\u2019\u00e9tait confortable, ni les codes sociaux (ce qu\u2019il faut dire ou ne pas dire selon la personne pr\u00e9sente, si j\u2019avais quelque-chose \u00e0 dire, \u00e7a sortait, ce qui m\u2019a poser un certain nombre de probl\u00e8me). Au coll\u00e8ge et au lyc\u00e9e, j\u2019ai tent\u00e9 tant bien que mal de m\u2019int\u00e9grer, avec beaucoup d\u2019\u00e9chec \u00e0 la cl\u00e9 car je ne comprenais pas les autres, les jeux de s\u00e9ductions, la comp\u00e9tition\u2026 Je pensais \u00e0 l\u2019\u00e9poque \u00eatre le seul dans ce cas l\u00e0, et pourtant, quand je lis ici et l\u00e0 des commentaires de personnes Asperger, elles ont quasiment v\u00e9cu des situations tr\u00e8s similaires.<br \/>\nL\u2019universit\u00e9 s\u2019est pour moi beaucoup mieux pass\u00e9, j\u2019\u00e9tais aussi plus proche de mes centres d\u2019int\u00e9r\u00eats, les options que je prenais en \u00e9tudiant l\u2019informatique \u00e9tait toutes li\u00e9s \u00e0 la musique (enfin, au son plus exactement) et \u00e0 l\u2019image m\u00eame si j\u2019avais toujours des probl\u00e8mes pour le travail en bin\u00f4me ou en \u00e9quipe. Dans la deuxi\u00e8me partie de mes \u00e9tudes, en Ecosse, j\u2019ai trouv\u00e9 un travail \u00e0 mi temps dans une entreprise dans le domaine p\u00e9trolier, et l\u00e0 on travaillait en \u00e9quipe, en openspace, dans une salle tr\u00e8s \u00e9clair\u00e9e (artificiellement, il n\u2019y avait au d\u00e9but aucune fen\u00eatre), et je me suis retrouv\u00e9 dans des situation de stress et de fatigue tr\u00e8s importante assez rapidement, je n\u2019arrivais plus \u00e0 r\u00e9fl\u00e9chir, aucun m\u00e9dicament que me donnait les m\u00e9decins l\u00e0 bas ne m\u2019aidaient\u2026 Cela s\u2019est termin\u00e9 en une partie de mes examens rat\u00e9s et des soucis de sant\u00e9 important, personne n\u2019arrivait \u00e0 bien cerner le probl\u00e8me. Les soucis ont dur\u00e9 un an et demi\u2026 Retour en France, les m\u00e9decins fran\u00e7ais pensaient que le climat \u00e9cossait ne me convenait pas. Arriv\u00e9 \u00e0 Paris, ma sant\u00e9 allait un poil mieux mais ce n\u2019\u00e9tait toujours loin d\u2019\u00eatre bon, et je me suis rapidement retrouv\u00e9 dans le m\u00eame genre de situation qu\u2019en Ecosse, soucis de foi en moins. J\u2019avais la chance d\u2019avoir des \u00ab&nbsp;comp\u00e9tences&nbsp;\u00bb (je n\u2019aime pas ce mot) que les autres n\u2019avaient pas pour ne pas me faire licencier cette fois ci (et d\u2019avoir accept\u00e9 un salaire bien en dessous de mes coll\u00e8gues). Quelques crises de panique plus tard et un fort sentiment de culpabilit\u00e9, je d\u00e9missionne pour partir au Canada.<br \/>\nComme vous pouvez le voir dans les archives de ce blog (mars 2011 \u00e0 juillet 2012), je pars avec mon sac \u00e0 dos, tout seul\u2026 Cela n\u2019apparait pas trop sur mes articles, mais pourtant certains traits de l\u2019autisme sont bien pr\u00e9sent avec moi, je me perd souvent, je n\u2019ose jamais demander mon chemin ni demander un taxi, je marche souvent seul avec mon \u00ab&nbsp;petit&nbsp;\u00bb sac de 100L et 25kg (eh oui, pour ne pas me \u00ab\u00a0perdre\u00a0\u00bb j&rsquo;avais ma maison sur le dos), tout ce qui m\u2019int\u00e9resse est de trouver des ambiances int\u00e9ressante \u00e0 prendre en photo, j\u2019organisais mon voyage pr\u00e9cis\u00e9ment, et \u00e0 chaque fois j\u2019\u00e9crivais sur mon calepin comment aller \u00e0 la gare, au diff\u00e9rent endroits \u00e0 voir, tout \u00e9tait pr\u00e9vu et le moindre impr\u00e9vu \u00e9tait pour moi super stressant (\u00e0 l\u2019exception des retards des trains et bus, une fois que j\u2019\u00e9tais dans le bus ou train, je pouvais contacter l\u2019auberge ou la personne suivante que j\u2019allais voir, le wifi \u00e9tait toujours pr\u00e9sent dans le bus.<br \/>\nJe passe rapidement sur mon \u00e9pisode pro au canada, on reprend les m\u00eames ingr\u00e9dients, on ajoute une ambiance avec beaucoup de pression et on a \u00e0 peu pr\u00e8s les m\u00eames r\u00e9sultats : cerveau qui ne fonctionne plus et incompr\u00e9hension des 2 cot\u00e9s. Retour en France en 2012, et l\u00e0 en 4 ans je les accumule : 11 emplois salari\u00e9s, 12 d\u00e9m\u00e9nagements plus tard, je comprend enfin ce qui m\u2019arrive, je cherche \u00e0 m\u2019int\u00e9grer dans un moule qui n\u2019est pas mien, j\u2019ai besoin d\u2019organiser les choses (les habitudes, cocons des autistes), que les choses soient claires car je ne comprend pas les sous entendu, et quand j\u2019essaye de les comprendre, je les comprend de travers, je ne supporte pas les \u00ab stimuli \u00bb des opens spaces ni des grandes villes : je sursaute d\u00e9s que mon t\u00e9l\u00e9phone sonne, je ne supporte pas la lumi\u00e8re forte, les fortes odeurs chimiques (ben oui, m\u00eame pour le labo photo c\u2019est qu\u2019il y a un r\u00e9sultat \u00e0 la fin), je dors mal et ai des difficult\u00e9s \u00e0 me concentrer \u00e0 cot\u00e9 d\u2019un truc qui envoie des hautes fr\u00e9quences (Wifi, BT\u2026). Bon, tout \u00e7a pour dire que je me suis retrouver avec tout cela dans le livre \u00ab&nbsp;la diff\u00e9rence invisible&nbsp;\u00bb par \u00ab&nbsp;Mademoiselle Caroline &#8211; Julie Dachez&nbsp;\u00bb dans ces conditions, sauf qu\u2019\u00e0 part pour mes 2 premiers emplois, ensuite je n\u2019ai accumuler que des \u00e9checs.<br \/>\nAlors voil\u00e0 pour ma petite histoire en introduction.<\/p>\n<h2>C&rsquo;est qui l&rsquo;autisme asperger et comment \u00e7a se traduit chez toi ?<\/h2>\n<p>Alors d\u00e9j\u00e0 il y a autant d&rsquo;autisme que d&rsquo;autistes&#8230; J&rsquo;ai de grosses difficult\u00e9s \u00e0 comprendre les sous entendu, \u00e0 m\u2019int\u00e9grer dans un groupe inconnus (ou m\u00eame connus, d\u00e9s qu&rsquo;il y a plus de 3 personnes, si je ne suis pas le photographe donc o\u00f9 je suis en retrait, je panique). Je ne vais pas reconnaitre ni comprendre le mensonge intentionnel. Je vais avoir aussi beaucoup de mal \u00e0 comprendre les choses dans leurs globalit\u00e9s alors que je vais voir tout les petits d\u00e9tails. Je me souviens d&rsquo;une remarque d&rsquo;un de mes logeurs qui ne comprenait pas que j\u2019\u00e9tais capable de r\u00e9parer un macmini ou un appareil photo tr\u00e8s pr\u00e9cis\u00e9ment et que j\u2019\u00e9tais incapable de mettre une \u00e9chelle dans une voiture&#8230; On peut aussi ajouter \u00e0 cela mon b\u00e9gaiement ou d&rsquo;autres tics de langage qui peuvent \u00eatre li\u00e9s. Je ferais plusieurs autres articles une fois que j&rsquo;aurais rencontr\u00e9 d&rsquo;autres Asperger et que je pourrais donner plus de g\u00e9n\u00e9ralit\u00e9s sur la mani\u00e8re dont tout cela se traduit.<\/p>\n<h2>Pourquoi se lancer dans la photographie alors ?<\/h2>\n<p>Avec tout \u00e7a, vous allez me dire, si je ne comprend pas les consignes, cela ne va pas \u00eatre possible. Et pourtant, j\u2019ai r\u00e9ussi avec succ\u00e8s plusieurs prestations. Il y a 2 possibilit\u00e9s qui fonctionnent bien : ou j\u2019ai des contraintes techniques tr\u00e8s pr\u00e9cise et je vais appliquer cela \u00e0 la lettre, ou alors on me donne juste une direction et je vais faire de mon mieux, ma touche personnelle convient souvent bien! Sur mes s\u00e9rie personnelle, j\u2019ai besoin de prendre mon temps et d\u2019y amener ma touche personnelle, vous pouvez voir mes reportages en noir et blanc divers, ou ma s\u00e9rie des miniplan\u00e8tes autoportrait, qui n\u2019attendent qu\u2019un studio \u00e0 moi pour une suite.<\/p>\n<h2>Mais l\u2019autisme \u00e7a se soigne, non ?<\/h2>\n<p>Arg, surtout pas!! J\u2019avais besoin de me comprendre, de voir que je ne suis pas le seul et surtout d\u2019apprendre \u00e0 comprendre les neurotypique, mais surtout pas d\u2019y devenir ! La vie de neurotypique est ennuyante, une passion que l\u2019on oublie du jour au lendemain, un besoin de parader, de parler de rien, d\u00e9sol\u00e9 mais ce n\u2019est pas pour moi\u2026<\/p>\n<h2>Et la suite, sur ce blog ?<\/h2>\n<p>Je continuerais les articles sur des s\u00e9ries plus personnelles, mais aussi comme celui l\u00e0 sur l\u2019autisme Asperger, que je commence \u00e0 comprendre un peu mieux, et bien sur je continue mes reportage photo sur les alternatives et mes reportages vid\u00e9os sur le mat\u00e9riel ancien bien sur.<\/p>\n<h2>Et l\u00e0, je suis dans quel \u00e9tat ?<\/h2>\n<p>Depuis mon retour en France en 2012, je me suis \u00e9puis\u00e9 \u00e0 chercher une vie normale, que je n\u2019ai jamais voulue\u2026 Je suis d\u00e9sol\u00e9 pour ceux que j\u2019ai promis des nouvelles et o\u00f9 le retard de mail et encore plus de coup de fil (j\u2019ai rarement mon t\u00e9l\u00e9phone avec moi maintenant, et j\u2019h\u00e9site \u00e0 m&rsquo;en d\u00e9barrasser, j&rsquo;ai trop stress\u00e9 avec \u00e7a). J&rsquo;essaye de vivre plus en accord avec moi-m\u00eame, ce qui pour le moment est tr\u00e8s difficile, l&rsquo;aspect financier est compliqu\u00e9 (pour vivre de la photo et de l&rsquo;informatique en ind\u00e9pendant, il faut savoir se vendre). J&rsquo;ai accumul\u00e9 un trop plein d\u2019\u00e9checs sociaux et remonter la pente est complexe.<\/p>\n<h2>Et pourquoi cette photo d&rsquo;illustration de cet article?<\/h2>\n<p>Comme je le disais au dessus, j&rsquo;essaye de remonter la pente, j&rsquo;ai du reprendre pour quelques mois ma \u00ab\u00a0chambre d&rsquo;ado\u00a0\u00bb, avec des rep\u00e8res connus, mais mon besoin d\u2019ind\u00e9pendance se fait sentir tr\u00e8s vite, et je cherche une solution pour avoir mon vrai \u00ab\u00a0studio photographique\u00a0\u00bb. Donc c&rsquo;est une photo de cette \u00ab\u00a0chambre\u00a0\u00bb d&rsquo;ado, avec moi accompagn\u00e9 de mes antiquit\u00e9s photographique et informatique, ma collection de cassette et CD et de livre sur la photo. Ceux qui me connaissent depuis longtemps auront peut \u00eatre reconnus certains v\u00eatements, en effet, j&rsquo;ai toujours pr\u00e9f\u00e9r\u00e9 les v\u00eatements confortables, que je peux porter longtemps, tant qu&rsquo;ils reste en \u00e9tat&#8230;<\/p>\n","protected":false},"excerpt":{"rendered":"<p>Bon, ben voil\u00e0, je voilais l\u2019\u00e9crire depuis 1 an cet article, mais j\u2019attendais, je voulais des r\u00e9ponses, je voulais en \u00eatre sur\u2026 Alors mettre \u00e7a sur un blog pro, enfin o\u00f9 je parle aussi des mes essais artistiques, de mes voyages, est-ce \u00e0 sa place ? Je ne le sais pas et j\u2019ai d\u00e9cid\u00e9 de [&hellip;]<\/p>\n","protected":false},"author":1,"featured_media":4371,"comment_status":"open","ping_status":"open","sticky":false,"template":"","format":"standard","meta":{"jetpack_post_was_ever_published":false,"_jetpack_newsletter_access":"","_jetpack_dont_email_post_to_subs":false,"_jetpack_newsletter_tier_id":0,"_jetpack_memberships_contains_paywalled_content":false,"_jetpack_memberships_contains_paid_content":false,"footnotes":"","jetpack_publicize_message":"","jetpack_publicize_feature_enabled":true,"jetpack_social_post_already_shared":true,"jetpack_social_options":{"image_generator_settings":{"template":"highway","default_image_id":0,"font":"","enabled":false},"version":2}},"categories":[1149],"tags":[1153,1151,1157,1295,1414,1155,314,921,1159,1177],"class_list":["post-4366","post","type-post","status-publish","format-standard","has-post-thumbnail","hentry","category-asperger","tag-asperger","tag-autisme","tag-comportement","tag-handicap","tag-passionne","tag-perso","tag-photo","tag-photographe","tag-psychologie","tag-tsa"],"yoast_head":"<!-- This site is optimized with the Yoast SEO plugin v27.5 - https:\/\/yoast.com\/product\/yoast-seo-wordpress\/ -->\n<title>Photographe autiste ? - Micoulou Photographie<\/title>\n<meta name=\"robots\" content=\"index, follow, max-snippet:-1, max-image-preview:large, max-video-preview:-1\" \/>\n<link rel=\"canonical\" href=\"https:\/\/www.micoulou-photos.com\/index.php\/2018\/05\/16\/photographe-autiste\/\" \/>\n<meta property=\"og:locale\" content=\"fr_FR\" \/>\n<meta property=\"og:type\" content=\"article\" \/>\n<meta property=\"og:title\" content=\"Photographe autiste ? - Micoulou Photographie\" \/>\n<meta property=\"og:description\" content=\"Bon, ben voil\u00e0, je voilais l\u2019\u00e9crire depuis 1 an cet article, mais j\u2019attendais, je voulais des r\u00e9ponses, je voulais en \u00eatre sur\u2026 Alors mettre \u00e7a sur un blog pro, enfin o\u00f9 je parle aussi des mes essais artistiques, de mes voyages, est-ce \u00e0 sa place ? Je ne le sais pas et j\u2019ai d\u00e9cid\u00e9 de [&hellip;]\" \/>\n<meta property=\"og:url\" content=\"https:\/\/www.micoulou-photos.com\/index.php\/2018\/05\/16\/photographe-autiste\/\" \/>\n<meta property=\"og:site_name\" content=\"Micoulou Photographie\" \/>\n<meta property=\"article:published_time\" content=\"2018-05-16T16:57:11+00:00\" \/>\n<meta property=\"article:modified_time\" content=\"2020-04-25T21:18:29+00:00\" \/>\n<meta property=\"og:image\" content=\"https:\/\/i0.wp.com\/www.micoulou-photos.com\/wp-content\/uploads\/2018\/05\/mp-asperger1.jpg?fit=1200%2C1200&ssl=1\" \/>\n\t<meta property=\"og:image:width\" content=\"1200\" \/>\n\t<meta property=\"og:image:height\" content=\"1200\" \/>\n\t<meta property=\"og:image:type\" content=\"image\/jpeg\" \/>\n<meta name=\"author\" content=\"micoulou\" \/>\n<meta name=\"twitter:card\" content=\"summary_large_image\" \/>\n<meta name=\"twitter:label1\" content=\"\u00c9crit par\" \/>\n\t<meta name=\"twitter:data1\" content=\"micoulou\" \/>\n\t<meta name=\"twitter:label2\" content=\"Dur\u00e9e de lecture estim\u00e9e\" \/>\n\t<meta name=\"twitter:data2\" content=\"9 minutes\" \/>\n<script type=\"application\/ld+json\" class=\"yoast-schema-graph\">{\"@context\":\"https:\\\/\\\/schema.org\",\"@graph\":[{\"@type\":\"Article\",\"@id\":\"https:\\\/\\\/www.micoulou-photos.com\\\/index.php\\\/2018\\\/05\\\/16\\\/photographe-autiste\\\/#article\",\"isPartOf\":{\"@id\":\"https:\\\/\\\/www.micoulou-photos.com\\\/index.php\\\/2018\\\/05\\\/16\\\/photographe-autiste\\\/\"},\"author\":{\"name\":\"micoulou\",\"@id\":\"https:\\\/\\\/www.micoulou-photos.com\\\/#\\\/schema\\\/person\\\/6aedfe8ebe91da632f46e7c9d806a722\"},\"headline\":\"Photographe autiste ?\",\"datePublished\":\"2018-05-16T16:57:11+00:00\",\"dateModified\":\"2020-04-25T21:18:29+00:00\",\"mainEntityOfPage\":{\"@id\":\"https:\\\/\\\/www.micoulou-photos.com\\\/index.php\\\/2018\\\/05\\\/16\\\/photographe-autiste\\\/\"},\"wordCount\":1854,\"commentCount\":2,\"publisher\":{\"@id\":\"https:\\\/\\\/www.micoulou-photos.com\\\/#organization\"},\"image\":{\"@id\":\"https:\\\/\\\/www.micoulou-photos.com\\\/index.php\\\/2018\\\/05\\\/16\\\/photographe-autiste\\\/#primaryimage\"},\"thumbnailUrl\":\"https:\\\/\\\/i0.wp.com\\\/www.micoulou-photos.com\\\/wp-content\\\/uploads\\\/2018\\\/05\\\/mp-asperger1.jpg?fit=1200%2C1200&ssl=1\",\"keywords\":[\"Asperger\",\"Autisme\",\"Comportement\",\"handicap\",\"passionn\u00e9\",\"Perso\",\"photo\",\"photographe\",\"psychologie\",\"TSA\"],\"articleSection\":[\"Asperger\"],\"inLanguage\":\"fr-FR\",\"potentialAction\":[{\"@type\":\"CommentAction\",\"name\":\"Comment\",\"target\":[\"https:\\\/\\\/www.micoulou-photos.com\\\/index.php\\\/2018\\\/05\\\/16\\\/photographe-autiste\\\/#respond\"]}]},{\"@type\":\"WebPage\",\"@id\":\"https:\\\/\\\/www.micoulou-photos.com\\\/index.php\\\/2018\\\/05\\\/16\\\/photographe-autiste\\\/\",\"url\":\"https:\\\/\\\/www.micoulou-photos.com\\\/index.php\\\/2018\\\/05\\\/16\\\/photographe-autiste\\\/\",\"name\":\"Photographe autiste ? - Micoulou Photographie\",\"isPartOf\":{\"@id\":\"https:\\\/\\\/www.micoulou-photos.com\\\/#website\"},\"primaryImageOfPage\":{\"@id\":\"https:\\\/\\\/www.micoulou-photos.com\\\/index.php\\\/2018\\\/05\\\/16\\\/photographe-autiste\\\/#primaryimage\"},\"image\":{\"@id\":\"https:\\\/\\\/www.micoulou-photos.com\\\/index.php\\\/2018\\\/05\\\/16\\\/photographe-autiste\\\/#primaryimage\"},\"thumbnailUrl\":\"https:\\\/\\\/i0.wp.com\\\/www.micoulou-photos.com\\\/wp-content\\\/uploads\\\/2018\\\/05\\\/mp-asperger1.jpg?fit=1200%2C1200&ssl=1\",\"datePublished\":\"2018-05-16T16:57:11+00:00\",\"dateModified\":\"2020-04-25T21:18:29+00:00\",\"breadcrumb\":{\"@id\":\"https:\\\/\\\/www.micoulou-photos.com\\\/index.php\\\/2018\\\/05\\\/16\\\/photographe-autiste\\\/#breadcrumb\"},\"inLanguage\":\"fr-FR\",\"potentialAction\":[{\"@type\":\"ReadAction\",\"target\":[\"https:\\\/\\\/www.micoulou-photos.com\\\/index.php\\\/2018\\\/05\\\/16\\\/photographe-autiste\\\/\"]}]},{\"@type\":\"ImageObject\",\"inLanguage\":\"fr-FR\",\"@id\":\"https:\\\/\\\/www.micoulou-photos.com\\\/index.php\\\/2018\\\/05\\\/16\\\/photographe-autiste\\\/#primaryimage\",\"url\":\"https:\\\/\\\/i0.wp.com\\\/www.micoulou-photos.com\\\/wp-content\\\/uploads\\\/2018\\\/05\\\/mp-asperger1.jpg?fit=1200%2C1200&ssl=1\",\"contentUrl\":\"https:\\\/\\\/i0.wp.com\\\/www.micoulou-photos.com\\\/wp-content\\\/uploads\\\/2018\\\/05\\\/mp-asperger1.jpg?fit=1200%2C1200&ssl=1\",\"width\":1200,\"height\":1200},{\"@type\":\"BreadcrumbList\",\"@id\":\"https:\\\/\\\/www.micoulou-photos.com\\\/index.php\\\/2018\\\/05\\\/16\\\/photographe-autiste\\\/#breadcrumb\",\"itemListElement\":[{\"@type\":\"ListItem\",\"position\":1,\"name\":\"Accueil\",\"item\":\"https:\\\/\\\/www.micoulou-photos.com\\\/\"},{\"@type\":\"ListItem\",\"position\":2,\"name\":\"Photographe autiste ?\"}]},{\"@type\":\"WebSite\",\"@id\":\"https:\\\/\\\/www.micoulou-photos.com\\\/#website\",\"url\":\"https:\\\/\\\/www.micoulou-photos.com\\\/\",\"name\":\"Micoulou Photographie\",\"description\":\"Photographies, Visites virtuelles et formations par Mickael Minarie\",\"publisher\":{\"@id\":\"https:\\\/\\\/www.micoulou-photos.com\\\/#organization\"},\"potentialAction\":[{\"@type\":\"SearchAction\",\"target\":{\"@type\":\"EntryPoint\",\"urlTemplate\":\"https:\\\/\\\/www.micoulou-photos.com\\\/?s={search_term_string}\"},\"query-input\":{\"@type\":\"PropertyValueSpecification\",\"valueRequired\":true,\"valueName\":\"search_term_string\"}}],\"inLanguage\":\"fr-FR\"},{\"@type\":\"Organization\",\"@id\":\"https:\\\/\\\/www.micoulou-photos.com\\\/#organization\",\"name\":\"Micoulou Photographie\",\"url\":\"https:\\\/\\\/www.micoulou-photos.com\\\/\",\"logo\":{\"@type\":\"ImageObject\",\"inLanguage\":\"fr-FR\",\"@id\":\"https:\\\/\\\/www.micoulou-photos.com\\\/#\\\/schema\\\/logo\\\/image\\\/\",\"url\":\"https:\\\/\\\/i0.wp.com\\\/www.micoulou-photos.com\\\/wp-content\\\/uploads\\\/2020\\\/05\\\/cropped-891667_552097324824916_1615181552_o-1.jpg?fit=643%2C722&ssl=1\",\"contentUrl\":\"https:\\\/\\\/i0.wp.com\\\/www.micoulou-photos.com\\\/wp-content\\\/uploads\\\/2020\\\/05\\\/cropped-891667_552097324824916_1615181552_o-1.jpg?fit=643%2C722&ssl=1\",\"width\":643,\"height\":722,\"caption\":\"Micoulou Photographie\"},\"image\":{\"@id\":\"https:\\\/\\\/www.micoulou-photos.com\\\/#\\\/schema\\\/logo\\\/image\\\/\"}},{\"@type\":\"Person\",\"@id\":\"https:\\\/\\\/www.micoulou-photos.com\\\/#\\\/schema\\\/person\\\/6aedfe8ebe91da632f46e7c9d806a722\",\"name\":\"micoulou\",\"image\":{\"@type\":\"ImageObject\",\"inLanguage\":\"fr-FR\",\"@id\":\"https:\\\/\\\/secure.gravatar.com\\\/avatar\\\/98f892eb7d267eab2faa437baa3edd708deaaa43929316c0cc7b751a04cb247b?s=96&d=mm&r=g\",\"url\":\"https:\\\/\\\/secure.gravatar.com\\\/avatar\\\/98f892eb7d267eab2faa437baa3edd708deaaa43929316c0cc7b751a04cb247b?s=96&d=mm&r=g\",\"contentUrl\":\"https:\\\/\\\/secure.gravatar.com\\\/avatar\\\/98f892eb7d267eab2faa437baa3edd708deaaa43929316c0cc7b751a04cb247b?s=96&d=mm&r=g\",\"caption\":\"micoulou\"},\"url\":\"https:\\\/\\\/www.micoulou-photos.com\\\/index.php\\\/author\\\/micoulou\\\/\"}]}<\/script>\n<!-- \/ Yoast SEO plugin. -->","yoast_head_json":{"title":"Photographe autiste ? - Micoulou Photographie","robots":{"index":"index","follow":"follow","max-snippet":"max-snippet:-1","max-image-preview":"max-image-preview:large","max-video-preview":"max-video-preview:-1"},"canonical":"https:\/\/www.micoulou-photos.com\/index.php\/2018\/05\/16\/photographe-autiste\/","og_locale":"fr_FR","og_type":"article","og_title":"Photographe autiste ? - Micoulou Photographie","og_description":"Bon, ben voil\u00e0, je voilais l\u2019\u00e9crire depuis 1 an cet article, mais j\u2019attendais, je voulais des r\u00e9ponses, je voulais en \u00eatre sur\u2026 Alors mettre \u00e7a sur un blog pro, enfin o\u00f9 je parle aussi des mes essais artistiques, de mes voyages, est-ce \u00e0 sa place ? Je ne le sais pas et j\u2019ai d\u00e9cid\u00e9 de [&hellip;]","og_url":"https:\/\/www.micoulou-photos.com\/index.php\/2018\/05\/16\/photographe-autiste\/","og_site_name":"Micoulou Photographie","article_published_time":"2018-05-16T16:57:11+00:00","article_modified_time":"2020-04-25T21:18:29+00:00","og_image":[{"width":1200,"height":1200,"url":"https:\/\/i0.wp.com\/www.micoulou-photos.com\/wp-content\/uploads\/2018\/05\/mp-asperger1.jpg?fit=1200%2C1200&ssl=1","type":"image\/jpeg"}],"author":"micoulou","twitter_card":"summary_large_image","twitter_misc":{"\u00c9crit par":"micoulou","Dur\u00e9e de lecture estim\u00e9e":"9 minutes"},"schema":{"@context":"https:\/\/schema.org","@graph":[{"@type":"Article","@id":"https:\/\/www.micoulou-photos.com\/index.php\/2018\/05\/16\/photographe-autiste\/#article","isPartOf":{"@id":"https:\/\/www.micoulou-photos.com\/index.php\/2018\/05\/16\/photographe-autiste\/"},"author":{"name":"micoulou","@id":"https:\/\/www.micoulou-photos.com\/#\/schema\/person\/6aedfe8ebe91da632f46e7c9d806a722"},"headline":"Photographe autiste ?","datePublished":"2018-05-16T16:57:11+00:00","dateModified":"2020-04-25T21:18:29+00:00","mainEntityOfPage":{"@id":"https:\/\/www.micoulou-photos.com\/index.php\/2018\/05\/16\/photographe-autiste\/"},"wordCount":1854,"commentCount":2,"publisher":{"@id":"https:\/\/www.micoulou-photos.com\/#organization"},"image":{"@id":"https:\/\/www.micoulou-photos.com\/index.php\/2018\/05\/16\/photographe-autiste\/#primaryimage"},"thumbnailUrl":"https:\/\/i0.wp.com\/www.micoulou-photos.com\/wp-content\/uploads\/2018\/05\/mp-asperger1.jpg?fit=1200%2C1200&ssl=1","keywords":["Asperger","Autisme","Comportement","handicap","passionn\u00e9","Perso","photo","photographe","psychologie","TSA"],"articleSection":["Asperger"],"inLanguage":"fr-FR","potentialAction":[{"@type":"CommentAction","name":"Comment","target":["https:\/\/www.micoulou-photos.com\/index.php\/2018\/05\/16\/photographe-autiste\/#respond"]}]},{"@type":"WebPage","@id":"https:\/\/www.micoulou-photos.com\/index.php\/2018\/05\/16\/photographe-autiste\/","url":"https:\/\/www.micoulou-photos.com\/index.php\/2018\/05\/16\/photographe-autiste\/","name":"Photographe autiste ? - Micoulou Photographie","isPartOf":{"@id":"https:\/\/www.micoulou-photos.com\/#website"},"primaryImageOfPage":{"@id":"https:\/\/www.micoulou-photos.com\/index.php\/2018\/05\/16\/photographe-autiste\/#primaryimage"},"image":{"@id":"https:\/\/www.micoulou-photos.com\/index.php\/2018\/05\/16\/photographe-autiste\/#primaryimage"},"thumbnailUrl":"https:\/\/i0.wp.com\/www.micoulou-photos.com\/wp-content\/uploads\/2018\/05\/mp-asperger1.jpg?fit=1200%2C1200&ssl=1","datePublished":"2018-05-16T16:57:11+00:00","dateModified":"2020-04-25T21:18:29+00:00","breadcrumb":{"@id":"https:\/\/www.micoulou-photos.com\/index.php\/2018\/05\/16\/photographe-autiste\/#breadcrumb"},"inLanguage":"fr-FR","potentialAction":[{"@type":"ReadAction","target":["https:\/\/www.micoulou-photos.com\/index.php\/2018\/05\/16\/photographe-autiste\/"]}]},{"@type":"ImageObject","inLanguage":"fr-FR","@id":"https:\/\/www.micoulou-photos.com\/index.php\/2018\/05\/16\/photographe-autiste\/#primaryimage","url":"https:\/\/i0.wp.com\/www.micoulou-photos.com\/wp-content\/uploads\/2018\/05\/mp-asperger1.jpg?fit=1200%2C1200&ssl=1","contentUrl":"https:\/\/i0.wp.com\/www.micoulou-photos.com\/wp-content\/uploads\/2018\/05\/mp-asperger1.jpg?fit=1200%2C1200&ssl=1","width":1200,"height":1200},{"@type":"BreadcrumbList","@id":"https:\/\/www.micoulou-photos.com\/index.php\/2018\/05\/16\/photographe-autiste\/#breadcrumb","itemListElement":[{"@type":"ListItem","position":1,"name":"Accueil","item":"https:\/\/www.micoulou-photos.com\/"},{"@type":"ListItem","position":2,"name":"Photographe autiste ?"}]},{"@type":"WebSite","@id":"https:\/\/www.micoulou-photos.com\/#website","url":"https:\/\/www.micoulou-photos.com\/","name":"Micoulou Photographie","description":"Photographies, Visites virtuelles et formations par Mickael Minarie","publisher":{"@id":"https:\/\/www.micoulou-photos.com\/#organization"},"potentialAction":[{"@type":"SearchAction","target":{"@type":"EntryPoint","urlTemplate":"https:\/\/www.micoulou-photos.com\/?s={search_term_string}"},"query-input":{"@type":"PropertyValueSpecification","valueRequired":true,"valueName":"search_term_string"}}],"inLanguage":"fr-FR"},{"@type":"Organization","@id":"https:\/\/www.micoulou-photos.com\/#organization","name":"Micoulou Photographie","url":"https:\/\/www.micoulou-photos.com\/","logo":{"@type":"ImageObject","inLanguage":"fr-FR","@id":"https:\/\/www.micoulou-photos.com\/#\/schema\/logo\/image\/","url":"https:\/\/i0.wp.com\/www.micoulou-photos.com\/wp-content\/uploads\/2020\/05\/cropped-891667_552097324824916_1615181552_o-1.jpg?fit=643%2C722&ssl=1","contentUrl":"https:\/\/i0.wp.com\/www.micoulou-photos.com\/wp-content\/uploads\/2020\/05\/cropped-891667_552097324824916_1615181552_o-1.jpg?fit=643%2C722&ssl=1","width":643,"height":722,"caption":"Micoulou Photographie"},"image":{"@id":"https:\/\/www.micoulou-photos.com\/#\/schema\/logo\/image\/"}},{"@type":"Person","@id":"https:\/\/www.micoulou-photos.com\/#\/schema\/person\/6aedfe8ebe91da632f46e7c9d806a722","name":"micoulou","image":{"@type":"ImageObject","inLanguage":"fr-FR","@id":"https:\/\/secure.gravatar.com\/avatar\/98f892eb7d267eab2faa437baa3edd708deaaa43929316c0cc7b751a04cb247b?s=96&d=mm&r=g","url":"https:\/\/secure.gravatar.com\/avatar\/98f892eb7d267eab2faa437baa3edd708deaaa43929316c0cc7b751a04cb247b?s=96&d=mm&r=g","contentUrl":"https:\/\/secure.gravatar.com\/avatar\/98f892eb7d267eab2faa437baa3edd708deaaa43929316c0cc7b751a04cb247b?s=96&d=mm&r=g","caption":"micoulou"},"url":"https:\/\/www.micoulou-photos.com\/index.php\/author\/micoulou\/"}]}},"jetpack_publicize_connections":[],"jetpack_featured_media_url":"https:\/\/i0.wp.com\/www.micoulou-photos.com\/wp-content\/uploads\/2018\/05\/mp-asperger1.jpg?fit=1200%2C1200&ssl=1","jetpack_sharing_enabled":true,"jetpack_shortlink":"https:\/\/wp.me\/p7zKF4-18q","jetpack-related-posts":[{"id":5019,"url":"https:\/\/www.micoulou-photos.com\/index.php\/2019\/03\/18\/cest-quoi-le-syndrome-dasperger\/","url_meta":{"origin":4366,"position":0},"title":"C&rsquo;est quoi le syndrome d&rsquo;Asperger","author":"micoulou","date":"18 mars 2019","format":false,"excerpt":"Autiste toi ? Asperge quoi ? Cela va faire un an que le diagnostic officiel est arriv\u00e9, un an que je comprend pourquoi je suis diff\u00e9rent, pourquoi je suis atypique, que j'ai appris \u00e0 comprendre ma diff\u00e9rence... Je suis tomb\u00e9 cet apr\u00e8s midi sur cet article de blog : l'antre\u2026","rel":"","context":"Dans &quot;Asperger&quot;","block_context":{"text":"Asperger","link":"https:\/\/www.micoulou-photos.com\/index.php\/category\/asperger\/"},"img":{"alt_text":"","src":"https:\/\/i0.wp.com\/www.micoulou-photos.com\/wp-content\/uploads\/2019\/03\/DSC05050.jpg?fit=1200%2C801&ssl=1&resize=350%2C200","width":350,"height":200,"srcset":"https:\/\/i0.wp.com\/www.micoulou-photos.com\/wp-content\/uploads\/2019\/03\/DSC05050.jpg?fit=1200%2C801&ssl=1&resize=350%2C200 1x, https:\/\/i0.wp.com\/www.micoulou-photos.com\/wp-content\/uploads\/2019\/03\/DSC05050.jpg?fit=1200%2C801&ssl=1&resize=525%2C300 1.5x, https:\/\/i0.wp.com\/www.micoulou-photos.com\/wp-content\/uploads\/2019\/03\/DSC05050.jpg?fit=1200%2C801&ssl=1&resize=700%2C400 2x, https:\/\/i0.wp.com\/www.micoulou-photos.com\/wp-content\/uploads\/2019\/03\/DSC05050.jpg?fit=1200%2C801&ssl=1&resize=1050%2C600 3x"},"classes":[]},{"id":4376,"url":"https:\/\/www.micoulou-photos.com\/index.php\/2018\/06\/07\/empathie-autisme-et-deces\/","url_meta":{"origin":4366,"position":1},"title":"Empathie, Autisme et d\u00e9c\u00e8s.","author":"micoulou","date":"7 juin 2018","format":false,"excerpt":"Un article qui me tient \u00e0 c\u0153ur aussi, ma situation familiale actuel (d\u00e9c\u00e8s de mon grand p\u00e8re la semaine derni\u00e8re) fait que je pense que c\u2019est le bon moment pour l\u2019\u00e9crire. J\u2019aimerais d\u2019abord pr\u00e9ciser que m\u00eame si j\u2019\u00e9cris cette article en ayant lu de nombreux autres article \u00e9crit par des\u2026","rel":"","context":"Dans &quot;Asperger&quot;","block_context":{"text":"Asperger","link":"https:\/\/www.micoulou-photos.com\/index.php\/category\/asperger\/"},"img":{"alt_text":"","src":"https:\/\/i0.wp.com\/www.micoulou-photos.com\/wp-content\/uploads\/2018\/05\/MI130845-Modifier.jpg?fit=1000%2C662&ssl=1&resize=350%2C200","width":350,"height":200,"srcset":"https:\/\/i0.wp.com\/www.micoulou-photos.com\/wp-content\/uploads\/2018\/05\/MI130845-Modifier.jpg?fit=1000%2C662&ssl=1&resize=350%2C200 1x, https:\/\/i0.wp.com\/www.micoulou-photos.com\/wp-content\/uploads\/2018\/05\/MI130845-Modifier.jpg?fit=1000%2C662&ssl=1&resize=525%2C300 1.5x, https:\/\/i0.wp.com\/www.micoulou-photos.com\/wp-content\/uploads\/2018\/05\/MI130845-Modifier.jpg?fit=1000%2C662&ssl=1&resize=700%2C400 2x"},"classes":[]},{"id":32,"url":"https:\/\/www.micoulou-photos.com\/index.php\/2014\/02\/08\/filmage\/","url_meta":{"origin":4366,"position":2},"title":"filmage","author":"micoulou","date":"8 f\u00e9vrier 2014","format":false,"excerpt":"Bonsoir \u00e0 tous, Pour ce premier article de cette ann\u00e9e, je vais parl\u00e9 un peu de mon exp\u00e9rience de filmage. Je suis donc parti un peu plus de 2 semaines dans la station des 7 Laux en Is\u00e8re, dans les belledones en tant que \"photographe-filmeur\". Je ferais sur mon site\u2026","rel":"","context":"Dans &quot;Asperger&quot;","block_context":{"text":"Asperger","link":"https:\/\/www.micoulou-photos.com\/index.php\/category\/asperger\/"},"img":{"alt_text":"","src":"","width":0,"height":0},"classes":[]},{"id":239,"url":"https:\/\/www.micoulou-photos.com\/index.php\/2009\/05\/07\/nouvelles-8\/","url_meta":{"origin":4366,"position":3},"title":"nouvelles","author":"micoulou","date":"7 mai 2009","format":false,"excerpt":"Je vois que certains passent de temps en temps sur mon blogs, je n'ai rien mis depuis quelques mois, je sais...J'ai eu quelques mois occup\u00e9 et ma productions photographiques n'est pas vraiment a la hauteur, surtout des test. Les derni\u00e8res semaines, il y a eu pas mal de changement dans\u2026","rel":"","context":"Dans &quot;Non class\u00e9&quot;","block_context":{"text":"Non class\u00e9","link":"https:\/\/www.micoulou-photos.com\/index.php\/category\/non-classe\/"},"img":{"alt_text":"","src":"","width":0,"height":0},"classes":[]},{"id":5153,"url":"https:\/\/www.micoulou-photos.com\/index.php\/2019\/06\/07\/les-aventures-dun-aspiboy-vol-3-lepisode-de-la-voiture\/","url_meta":{"origin":4366,"position":4},"title":"Les aventures d&rsquo;un aspiboy vol 3 : l&rsquo;episode de la voiture","author":"micoulou","date":"7 juin 2019","format":false,"excerpt":"Cette fois-ci, un article, surement rapide, pour conter une petite m\u00e9saventure qui m'est arriv\u00e9, en voulant me comporter encore une fois \"normalement\" d'essayer de compenser mon handicap de la mauvaise mani\u00e8re... On commence par toujours par le commencement, au plus loin que je m'en souvienne, il y avait ma passion\u2026","rel":"","context":"Dans &quot;Asperger&quot;","block_context":{"text":"Asperger","link":"https:\/\/www.micoulou-photos.com\/index.php\/category\/asperger\/"},"img":{"alt_text":"","src":"https:\/\/i0.wp.com\/www.micoulou-photos.com\/wp-content\/uploads\/2019\/06\/205.jpg?fit=1200%2C800&ssl=1&resize=350%2C200","width":350,"height":200,"srcset":"https:\/\/i0.wp.com\/www.micoulou-photos.com\/wp-content\/uploads\/2019\/06\/205.jpg?fit=1200%2C800&ssl=1&resize=350%2C200 1x, https:\/\/i0.wp.com\/www.micoulou-photos.com\/wp-content\/uploads\/2019\/06\/205.jpg?fit=1200%2C800&ssl=1&resize=525%2C300 1.5x, https:\/\/i0.wp.com\/www.micoulou-photos.com\/wp-content\/uploads\/2019\/06\/205.jpg?fit=1200%2C800&ssl=1&resize=700%2C400 2x, https:\/\/i0.wp.com\/www.micoulou-photos.com\/wp-content\/uploads\/2019\/06\/205.jpg?fit=1200%2C800&ssl=1&resize=1050%2C600 3x"},"classes":[]},{"id":2851,"url":"https:\/\/www.micoulou-photos.com\/index.php\/2017\/01\/03\/apologies-des-cassettes-audio\/","url_meta":{"origin":4366,"position":5},"title":"Les cassettes audio","author":"micoulou","date":"3 janvier 2017","format":false,"excerpt":"Eh oui, j'ai os\u00e9... Un petit article musique, puisque je me suis amus\u00e9 en photos avec des cassettes... Mais pas n'importe lesquelles, puisque ce sont celles que j'ai r\u00e9\u00e9couter r\u00e9cemment... Celles de Renaud furent mes premi\u00e8res cassettes que j'ai eu, il y 29 ans maintenant, pour mes 3 ans! Enfin,\u2026","rel":"","context":"Dans &quot;Asperger&quot;","block_context":{"text":"Asperger","link":"https:\/\/www.micoulou-photos.com\/index.php\/category\/asperger\/"},"img":{"alt_text":"","src":"https:\/\/i0.wp.com\/www.micoulou-photos.com\/wp-content\/uploads\/2016\/12\/CRW_1186-Edit.jpg?fit=1200%2C554&ssl=1&resize=350%2C200","width":350,"height":200,"srcset":"https:\/\/i0.wp.com\/www.micoulou-photos.com\/wp-content\/uploads\/2016\/12\/CRW_1186-Edit.jpg?fit=1200%2C554&ssl=1&resize=350%2C200 1x, https:\/\/i0.wp.com\/www.micoulou-photos.com\/wp-content\/uploads\/2016\/12\/CRW_1186-Edit.jpg?fit=1200%2C554&ssl=1&resize=525%2C300 1.5x, https:\/\/i0.wp.com\/www.micoulou-photos.com\/wp-content\/uploads\/2016\/12\/CRW_1186-Edit.jpg?fit=1200%2C554&ssl=1&resize=700%2C400 2x, https:\/\/i0.wp.com\/www.micoulou-photos.com\/wp-content\/uploads\/2016\/12\/CRW_1186-Edit.jpg?fit=1200%2C554&ssl=1&resize=1050%2C600 3x"},"classes":[]}],"_links":{"self":[{"href":"https:\/\/www.micoulou-photos.com\/index.php\/wp-json\/wp\/v2\/posts\/4366","targetHints":{"allow":["GET"]}}],"collection":[{"href":"https:\/\/www.micoulou-photos.com\/index.php\/wp-json\/wp\/v2\/posts"}],"about":[{"href":"https:\/\/www.micoulou-photos.com\/index.php\/wp-json\/wp\/v2\/types\/post"}],"author":[{"embeddable":true,"href":"https:\/\/www.micoulou-photos.com\/index.php\/wp-json\/wp\/v2\/users\/1"}],"replies":[{"embeddable":true,"href":"https:\/\/www.micoulou-photos.com\/index.php\/wp-json\/wp\/v2\/comments?post=4366"}],"version-history":[{"count":4,"href":"https:\/\/www.micoulou-photos.com\/index.php\/wp-json\/wp\/v2\/posts\/4366\/revisions"}],"predecessor-version":[{"id":5827,"href":"https:\/\/www.micoulou-photos.com\/index.php\/wp-json\/wp\/v2\/posts\/4366\/revisions\/5827"}],"wp:featuredmedia":[{"embeddable":true,"href":"https:\/\/www.micoulou-photos.com\/index.php\/wp-json\/wp\/v2\/media\/4371"}],"wp:attachment":[{"href":"https:\/\/www.micoulou-photos.com\/index.php\/wp-json\/wp\/v2\/media?parent=4366"}],"wp:term":[{"taxonomy":"category","embeddable":true,"href":"https:\/\/www.micoulou-photos.com\/index.php\/wp-json\/wp\/v2\/categories?post=4366"},{"taxonomy":"post_tag","embeddable":true,"href":"https:\/\/www.micoulou-photos.com\/index.php\/wp-json\/wp\/v2\/tags?post=4366"}],"curies":[{"name":"wp","href":"https:\/\/api.w.org\/{rel}","templated":true}]}}