{"id":39,"date":"2013-10-21T17:16:00","date_gmt":"2013-10-21T16:16:00","guid":{"rendered":"http:\/\/micoulou.info\/wp\/index.php\/2013\/10\/21\/visite-des-triandines\/"},"modified":"2013-10-21T17:16:00","modified_gmt":"2013-10-21T16:16:00","slug":"visite-des-triandines","status":"publish","type":"post","link":"https:\/\/www.micoulou-photos.com\/index.php\/2013\/10\/21\/visite-des-triandines\/","title":{"rendered":"Visite des triandines"},"content":{"rendered":"<p>L&rsquo;association les trandines est une association d&rsquo;insertions par le travail, dans la preparation et le conditionnement de fruit et legumes. Certains b\u00e9n\u00e9voles participent aussi \u00e0des activit\u00e9s artistiques.<br \/>Si vous \u00eates de la r\u00e9gion de Chamb\u00e9ry, vous pouvez les contacter ici : http:\/\/lestriandines.org : j&rsquo;ai pu tenter leurs paniers de l\u00e9gumes qui sont excellent.<br \/>J&rsquo;ai donc pu participer \u00e0 une journ\u00e9e porte ouverte, dont voici ici quelques images, sans les acteurs de cette association, n&rsquo;ayant pas eu les accords des diff\u00e9rentes personnes.<\/p>\n<div style=\"clear: both; text-align: center;\"><\/div>\n<p><\/p>\n<div style=\"clear: both; text-align: center;\"><a href=\"https:\/\/i0.wp.com\/3.bp.blogspot.com\/-cfHnxHuGMS0\/UmTzreUIJ4I\/AAAAAAAA-Ok\/xEfqAVkkoVI\/s1600\/IMGP0692.jpg\" style=\"margin-left: 1em; margin-right: 1em;\"><img data-recalc-dims=\"1\" fetchpriority=\"high\" decoding=\"async\" border=\"0\" height=\"212\" src=\"https:\/\/i0.wp.com\/3.bp.blogspot.com\/-cfHnxHuGMS0\/UmTzreUIJ4I\/AAAAAAAA-Ok\/xEfqAVkkoVI\/s320\/IMGP0692.jpg?resize=320%2C212\" width=\"320\" \/><\/a><\/div>\n<p><\/p>\n<div style=\"clear: both; text-align: center;\"><a href=\"https:\/\/i0.wp.com\/2.bp.blogspot.com\/-zwXRDG4TCZ0\/UmTz4CIUHMI\/AAAAAAAA-PE\/pqZjc8RwgV0\/s1600\/IMGP0695.jpg\" style=\"margin-left: 1em; margin-right: 1em;\"><img data-recalc-dims=\"1\" decoding=\"async\" border=\"0\" height=\"320\" src=\"https:\/\/i0.wp.com\/2.bp.blogspot.com\/-zwXRDG4TCZ0\/UmTz4CIUHMI\/AAAAAAAA-PE\/pqZjc8RwgV0\/s320\/IMGP0695.jpg?resize=212%2C320\" width=\"212\" \/><\/a><\/div>\n<p><\/p>\n<div style=\"clear: both; text-align: center;\"><a href=\"https:\/\/i0.wp.com\/1.bp.blogspot.com\/-901owqA8338\/UmT0LEIF66I\/AAAAAAAA-QE\/LUi901uhlkQ\/s1600\/IMGP0735.jpg\" style=\"margin-left: 1em; margin-right: 1em;\"><img data-recalc-dims=\"1\" decoding=\"async\" border=\"0\" height=\"320\" src=\"https:\/\/i0.wp.com\/1.bp.blogspot.com\/-901owqA8338\/UmT0LEIF66I\/AAAAAAAA-QE\/LUi901uhlkQ\/s320\/IMGP0735.jpg?resize=212%2C320\" width=\"212\" \/><\/a><\/div>\n<p><\/p>\n<div style=\"clear: both; text-align: center;\"><a href=\"https:\/\/i0.wp.com\/2.bp.blogspot.com\/-l7Vg2Cick04\/UmT0TKBHakI\/AAAAAAAA-Qo\/BzoZHodl-3Q\/s1600\/IMGP0762.jpg\" style=\"margin-left: 1em; margin-right: 1em;\"><img data-recalc-dims=\"1\" loading=\"lazy\" decoding=\"async\" border=\"0\" height=\"320\" src=\"https:\/\/i0.wp.com\/2.bp.blogspot.com\/-l7Vg2Cick04\/UmT0TKBHakI\/AAAAAAAA-Qo\/BzoZHodl-3Q\/s320\/IMGP0762.jpg?resize=212%2C320\" width=\"212\" \/><\/a><\/div>\n<p><\/p>\n<div style=\"clear: both; text-align: center;\"><a href=\"https:\/\/i0.wp.com\/1.bp.blogspot.com\/-UFpBb5xM6PY\/UmT0a08XjII\/AAAAAAAA-RM\/5ZDXS0yRPJU\/s1600\/IMGP0767.jpg\" style=\"margin-left: 1em; margin-right: 1em;\"><img data-recalc-dims=\"1\" loading=\"lazy\" decoding=\"async\" border=\"0\" height=\"212\" src=\"https:\/\/i0.wp.com\/1.bp.blogspot.com\/-UFpBb5xM6PY\/UmT0a08XjII\/AAAAAAAA-RM\/5ZDXS0yRPJU\/s320\/IMGP0767.jpg?resize=320%2C212\" width=\"320\" \/><\/a><\/div>\n<p><\/p>\n<div style=\"clear: both; text-align: center;\"><a href=\"https:\/\/i0.wp.com\/2.bp.blogspot.com\/-CI5_WsPd_Js\/UmT0chhqatI\/AAAAAAAA-RU\/4-NpgrCdhl8\/s1600\/IMGP0768.jpg\" style=\"margin-left: 1em; margin-right: 1em;\"><img data-recalc-dims=\"1\" loading=\"lazy\" decoding=\"async\" border=\"0\" height=\"320\" src=\"https:\/\/i0.wp.com\/2.bp.blogspot.com\/-CI5_WsPd_Js\/UmT0chhqatI\/AAAAAAAA-RU\/4-NpgrCdhl8\/s320\/IMGP0768.jpg?resize=212%2C320\" width=\"212\" \/><\/a><\/div>\n<p><\/p>\n","protected":false},"excerpt":{"rendered":"<p>L&rsquo;association les trandines est une association d&rsquo;insertions par le travail, dans la preparation et le conditionnement de fruit et legumes. Certains b\u00e9n\u00e9voles participent aussi \u00e0des activit\u00e9s artistiques.Si vous \u00eates de la r\u00e9gion de Chamb\u00e9ry, vous pouvez les contacter ici : http:\/\/lestriandines.org : j&rsquo;ai pu tenter leurs paniers de l\u00e9gumes qui sont excellent.J&rsquo;ai donc pu participer [&hellip;]<\/p>\n","protected":false},"author":1,"featured_media":0,"comment_status":"open","ping_status":"open","sticky":false,"template":"","format":"standard","meta":{"jetpack_post_was_ever_published":false,"_jetpack_newsletter_access":"","_jetpack_dont_email_post_to_subs":false,"_jetpack_newsletter_tier_id":0,"_jetpack_memberships_contains_paywalled_content":false,"_jetpack_memberships_contains_paid_content":false,"footnotes":"","jetpack_publicize_message":"","jetpack_publicize_feature_enabled":true,"jetpack_social_post_already_shared":false,"jetpack_social_options":{"image_generator_settings":{"template":"highway","default_image_id":0,"font":"","enabled":false},"version":2}},"categories":[1],"tags":[],"class_list":["post-39","post","type-post","status-publish","format-standard","hentry","category-non-classe"],"yoast_head":"<!-- This site is optimized with the Yoast SEO plugin v27.5 - https:\/\/yoast.com\/product\/yoast-seo-wordpress\/ -->\n<title>Visite des triandines - Micoulou Photographie<\/title>\n<meta name=\"robots\" content=\"index, follow, max-snippet:-1, max-image-preview:large, max-video-preview:-1\" \/>\n<link rel=\"canonical\" href=\"https:\/\/www.micoulou-photos.com\/index.php\/2013\/10\/21\/visite-des-triandines\/\" \/>\n<meta property=\"og:locale\" content=\"fr_FR\" \/>\n<meta property=\"og:type\" content=\"article\" \/>\n<meta property=\"og:title\" content=\"Visite des triandines - Micoulou Photographie\" \/>\n<meta property=\"og:description\" content=\"L&rsquo;association les trandines est une association d&rsquo;insertions par le travail, dans la preparation et le conditionnement de fruit et legumes. Certains b\u00e9n\u00e9voles participent aussi \u00e0des activit\u00e9s artistiques.Si vous \u00eates de la r\u00e9gion de Chamb\u00e9ry, vous pouvez les contacter ici : http:\/\/lestriandines.org : j&rsquo;ai pu tenter leurs paniers de l\u00e9gumes qui sont excellent.J&rsquo;ai donc pu participer [&hellip;]\" \/>\n<meta property=\"og:url\" content=\"https:\/\/www.micoulou-photos.com\/index.php\/2013\/10\/21\/visite-des-triandines\/\" \/>\n<meta property=\"og:site_name\" content=\"Micoulou Photographie\" \/>\n<meta property=\"article:published_time\" content=\"2013-10-21T16:16:00+00:00\" \/>\n<meta property=\"og:image\" content=\"http:\/\/3.bp.blogspot.com\/-cfHnxHuGMS0\/UmTzreUIJ4I\/AAAAAAAA-Ok\/xEfqAVkkoVI\/s320\/IMGP0692.jpg\" \/>\n<meta name=\"author\" content=\"micoulou\" \/>\n<meta name=\"twitter:card\" content=\"summary_large_image\" \/>\n<meta name=\"twitter:label1\" content=\"\u00c9crit par\" \/>\n\t<meta name=\"twitter:data1\" content=\"micoulou\" \/>\n<script type=\"application\/ld+json\" class=\"yoast-schema-graph\">{\"@context\":\"https:\\\/\\\/schema.org\",\"@graph\":[{\"@type\":\"Article\",\"@id\":\"https:\\\/\\\/www.micoulou-photos.com\\\/index.php\\\/2013\\\/10\\\/21\\\/visite-des-triandines\\\/#article\",\"isPartOf\":{\"@id\":\"https:\\\/\\\/www.micoulou-photos.com\\\/index.php\\\/2013\\\/10\\\/21\\\/visite-des-triandines\\\/\"},\"author\":{\"name\":\"micoulou\",\"@id\":\"https:\\\/\\\/www.micoulou-photos.com\\\/#\\\/schema\\\/person\\\/6aedfe8ebe91da632f46e7c9d806a722\"},\"headline\":\"Visite des triandines\",\"datePublished\":\"2013-10-21T16:16:00+00:00\",\"mainEntityOfPage\":{\"@id\":\"https:\\\/\\\/www.micoulou-photos.com\\\/index.php\\\/2013\\\/10\\\/21\\\/visite-des-triandines\\\/\"},\"wordCount\":96,\"commentCount\":0,\"publisher\":{\"@id\":\"https:\\\/\\\/www.micoulou-photos.com\\\/#organization\"},\"image\":{\"@id\":\"https:\\\/\\\/www.micoulou-photos.com\\\/index.php\\\/2013\\\/10\\\/21\\\/visite-des-triandines\\\/#primaryimage\"},\"thumbnailUrl\":\"http:\\\/\\\/3.bp.blogspot.com\\\/-cfHnxHuGMS0\\\/UmTzreUIJ4I\\\/AAAAAAAA-Ok\\\/xEfqAVkkoVI\\\/s320\\\/IMGP0692.jpg\",\"inLanguage\":\"fr-FR\",\"potentialAction\":[{\"@type\":\"CommentAction\",\"name\":\"Comment\",\"target\":[\"https:\\\/\\\/www.micoulou-photos.com\\\/index.php\\\/2013\\\/10\\\/21\\\/visite-des-triandines\\\/#respond\"]}]},{\"@type\":\"WebPage\",\"@id\":\"https:\\\/\\\/www.micoulou-photos.com\\\/index.php\\\/2013\\\/10\\\/21\\\/visite-des-triandines\\\/\",\"url\":\"https:\\\/\\\/www.micoulou-photos.com\\\/index.php\\\/2013\\\/10\\\/21\\\/visite-des-triandines\\\/\",\"name\":\"Visite des triandines - Micoulou Photographie\",\"isPartOf\":{\"@id\":\"https:\\\/\\\/www.micoulou-photos.com\\\/#website\"},\"primaryImageOfPage\":{\"@id\":\"https:\\\/\\\/www.micoulou-photos.com\\\/index.php\\\/2013\\\/10\\\/21\\\/visite-des-triandines\\\/#primaryimage\"},\"image\":{\"@id\":\"https:\\\/\\\/www.micoulou-photos.com\\\/index.php\\\/2013\\\/10\\\/21\\\/visite-des-triandines\\\/#primaryimage\"},\"thumbnailUrl\":\"http:\\\/\\\/3.bp.blogspot.com\\\/-cfHnxHuGMS0\\\/UmTzreUIJ4I\\\/AAAAAAAA-Ok\\\/xEfqAVkkoVI\\\/s320\\\/IMGP0692.jpg\",\"datePublished\":\"2013-10-21T16:16:00+00:00\",\"breadcrumb\":{\"@id\":\"https:\\\/\\\/www.micoulou-photos.com\\\/index.php\\\/2013\\\/10\\\/21\\\/visite-des-triandines\\\/#breadcrumb\"},\"inLanguage\":\"fr-FR\",\"potentialAction\":[{\"@type\":\"ReadAction\",\"target\":[\"https:\\\/\\\/www.micoulou-photos.com\\\/index.php\\\/2013\\\/10\\\/21\\\/visite-des-triandines\\\/\"]}]},{\"@type\":\"ImageObject\",\"inLanguage\":\"fr-FR\",\"@id\":\"https:\\\/\\\/www.micoulou-photos.com\\\/index.php\\\/2013\\\/10\\\/21\\\/visite-des-triandines\\\/#primaryimage\",\"url\":\"http:\\\/\\\/3.bp.blogspot.com\\\/-cfHnxHuGMS0\\\/UmTzreUIJ4I\\\/AAAAAAAA-Ok\\\/xEfqAVkkoVI\\\/s320\\\/IMGP0692.jpg\",\"contentUrl\":\"http:\\\/\\\/3.bp.blogspot.com\\\/-cfHnxHuGMS0\\\/UmTzreUIJ4I\\\/AAAAAAAA-Ok\\\/xEfqAVkkoVI\\\/s320\\\/IMGP0692.jpg\"},{\"@type\":\"BreadcrumbList\",\"@id\":\"https:\\\/\\\/www.micoulou-photos.com\\\/index.php\\\/2013\\\/10\\\/21\\\/visite-des-triandines\\\/#breadcrumb\",\"itemListElement\":[{\"@type\":\"ListItem\",\"position\":1,\"name\":\"Accueil\",\"item\":\"https:\\\/\\\/www.micoulou-photos.com\\\/\"},{\"@type\":\"ListItem\",\"position\":2,\"name\":\"Visite des triandines\"}]},{\"@type\":\"WebSite\",\"@id\":\"https:\\\/\\\/www.micoulou-photos.com\\\/#website\",\"url\":\"https:\\\/\\\/www.micoulou-photos.com\\\/\",\"name\":\"Micoulou Photographie\",\"description\":\"Photographies, Visites virtuelles et formations par Mickael Minarie\",\"publisher\":{\"@id\":\"https:\\\/\\\/www.micoulou-photos.com\\\/#organization\"},\"potentialAction\":[{\"@type\":\"SearchAction\",\"target\":{\"@type\":\"EntryPoint\",\"urlTemplate\":\"https:\\\/\\\/www.micoulou-photos.com\\\/?s={search_term_string}\"},\"query-input\":{\"@type\":\"PropertyValueSpecification\",\"valueRequired\":true,\"valueName\":\"search_term_string\"}}],\"inLanguage\":\"fr-FR\"},{\"@type\":\"Organization\",\"@id\":\"https:\\\/\\\/www.micoulou-photos.com\\\/#organization\",\"name\":\"Micoulou Photographie\",\"url\":\"https:\\\/\\\/www.micoulou-photos.com\\\/\",\"logo\":{\"@type\":\"ImageObject\",\"inLanguage\":\"fr-FR\",\"@id\":\"https:\\\/\\\/www.micoulou-photos.com\\\/#\\\/schema\\\/logo\\\/image\\\/\",\"url\":\"https:\\\/\\\/i0.wp.com\\\/www.micoulou-photos.com\\\/wp-content\\\/uploads\\\/2020\\\/05\\\/cropped-891667_552097324824916_1615181552_o-1.jpg?fit=643%2C722&ssl=1\",\"contentUrl\":\"https:\\\/\\\/i0.wp.com\\\/www.micoulou-photos.com\\\/wp-content\\\/uploads\\\/2020\\\/05\\\/cropped-891667_552097324824916_1615181552_o-1.jpg?fit=643%2C722&ssl=1\",\"width\":643,\"height\":722,\"caption\":\"Micoulou Photographie\"},\"image\":{\"@id\":\"https:\\\/\\\/www.micoulou-photos.com\\\/#\\\/schema\\\/logo\\\/image\\\/\"}},{\"@type\":\"Person\",\"@id\":\"https:\\\/\\\/www.micoulou-photos.com\\\/#\\\/schema\\\/person\\\/6aedfe8ebe91da632f46e7c9d806a722\",\"name\":\"micoulou\",\"image\":{\"@type\":\"ImageObject\",\"inLanguage\":\"fr-FR\",\"@id\":\"https:\\\/\\\/secure.gravatar.com\\\/avatar\\\/98f892eb7d267eab2faa437baa3edd708deaaa43929316c0cc7b751a04cb247b?s=96&d=mm&r=g\",\"url\":\"https:\\\/\\\/secure.gravatar.com\\\/avatar\\\/98f892eb7d267eab2faa437baa3edd708deaaa43929316c0cc7b751a04cb247b?s=96&d=mm&r=g\",\"contentUrl\":\"https:\\\/\\\/secure.gravatar.com\\\/avatar\\\/98f892eb7d267eab2faa437baa3edd708deaaa43929316c0cc7b751a04cb247b?s=96&d=mm&r=g\",\"caption\":\"micoulou\"},\"url\":\"https:\\\/\\\/www.micoulou-photos.com\\\/index.php\\\/author\\\/micoulou\\\/\"}]}<\/script>\n<!-- \/ Yoast SEO plugin. -->","yoast_head_json":{"title":"Visite des triandines - Micoulou Photographie","robots":{"index":"index","follow":"follow","max-snippet":"max-snippet:-1","max-image-preview":"max-image-preview:large","max-video-preview":"max-video-preview:-1"},"canonical":"https:\/\/www.micoulou-photos.com\/index.php\/2013\/10\/21\/visite-des-triandines\/","og_locale":"fr_FR","og_type":"article","og_title":"Visite des triandines - Micoulou Photographie","og_description":"L&rsquo;association les trandines est une association d&rsquo;insertions par le travail, dans la preparation et le conditionnement de fruit et legumes. Certains b\u00e9n\u00e9voles participent aussi \u00e0des activit\u00e9s artistiques.Si vous \u00eates de la r\u00e9gion de Chamb\u00e9ry, vous pouvez les contacter ici : http:\/\/lestriandines.org : j&rsquo;ai pu tenter leurs paniers de l\u00e9gumes qui sont excellent.J&rsquo;ai donc pu participer [&hellip;]","og_url":"https:\/\/www.micoulou-photos.com\/index.php\/2013\/10\/21\/visite-des-triandines\/","og_site_name":"Micoulou Photographie","article_published_time":"2013-10-21T16:16:00+00:00","og_image":[{"url":"http:\/\/3.bp.blogspot.com\/-cfHnxHuGMS0\/UmTzreUIJ4I\/AAAAAAAA-Ok\/xEfqAVkkoVI\/s320\/IMGP0692.jpg","type":"","width":"","height":""}],"author":"micoulou","twitter_card":"summary_large_image","twitter_misc":{"\u00c9crit par":"micoulou"},"schema":{"@context":"https:\/\/schema.org","@graph":[{"@type":"Article","@id":"https:\/\/www.micoulou-photos.com\/index.php\/2013\/10\/21\/visite-des-triandines\/#article","isPartOf":{"@id":"https:\/\/www.micoulou-photos.com\/index.php\/2013\/10\/21\/visite-des-triandines\/"},"author":{"name":"micoulou","@id":"https:\/\/www.micoulou-photos.com\/#\/schema\/person\/6aedfe8ebe91da632f46e7c9d806a722"},"headline":"Visite des triandines","datePublished":"2013-10-21T16:16:00+00:00","mainEntityOfPage":{"@id":"https:\/\/www.micoulou-photos.com\/index.php\/2013\/10\/21\/visite-des-triandines\/"},"wordCount":96,"commentCount":0,"publisher":{"@id":"https:\/\/www.micoulou-photos.com\/#organization"},"image":{"@id":"https:\/\/www.micoulou-photos.com\/index.php\/2013\/10\/21\/visite-des-triandines\/#primaryimage"},"thumbnailUrl":"http:\/\/3.bp.blogspot.com\/-cfHnxHuGMS0\/UmTzreUIJ4I\/AAAAAAAA-Ok\/xEfqAVkkoVI\/s320\/IMGP0692.jpg","inLanguage":"fr-FR","potentialAction":[{"@type":"CommentAction","name":"Comment","target":["https:\/\/www.micoulou-photos.com\/index.php\/2013\/10\/21\/visite-des-triandines\/#respond"]}]},{"@type":"WebPage","@id":"https:\/\/www.micoulou-photos.com\/index.php\/2013\/10\/21\/visite-des-triandines\/","url":"https:\/\/www.micoulou-photos.com\/index.php\/2013\/10\/21\/visite-des-triandines\/","name":"Visite des triandines - Micoulou Photographie","isPartOf":{"@id":"https:\/\/www.micoulou-photos.com\/#website"},"primaryImageOfPage":{"@id":"https:\/\/www.micoulou-photos.com\/index.php\/2013\/10\/21\/visite-des-triandines\/#primaryimage"},"image":{"@id":"https:\/\/www.micoulou-photos.com\/index.php\/2013\/10\/21\/visite-des-triandines\/#primaryimage"},"thumbnailUrl":"http:\/\/3.bp.blogspot.com\/-cfHnxHuGMS0\/UmTzreUIJ4I\/AAAAAAAA-Ok\/xEfqAVkkoVI\/s320\/IMGP0692.jpg","datePublished":"2013-10-21T16:16:00+00:00","breadcrumb":{"@id":"https:\/\/www.micoulou-photos.com\/index.php\/2013\/10\/21\/visite-des-triandines\/#breadcrumb"},"inLanguage":"fr-FR","potentialAction":[{"@type":"ReadAction","target":["https:\/\/www.micoulou-photos.com\/index.php\/2013\/10\/21\/visite-des-triandines\/"]}]},{"@type":"ImageObject","inLanguage":"fr-FR","@id":"https:\/\/www.micoulou-photos.com\/index.php\/2013\/10\/21\/visite-des-triandines\/#primaryimage","url":"http:\/\/3.bp.blogspot.com\/-cfHnxHuGMS0\/UmTzreUIJ4I\/AAAAAAAA-Ok\/xEfqAVkkoVI\/s320\/IMGP0692.jpg","contentUrl":"http:\/\/3.bp.blogspot.com\/-cfHnxHuGMS0\/UmTzreUIJ4I\/AAAAAAAA-Ok\/xEfqAVkkoVI\/s320\/IMGP0692.jpg"},{"@type":"BreadcrumbList","@id":"https:\/\/www.micoulou-photos.com\/index.php\/2013\/10\/21\/visite-des-triandines\/#breadcrumb","itemListElement":[{"@type":"ListItem","position":1,"name":"Accueil","item":"https:\/\/www.micoulou-photos.com\/"},{"@type":"ListItem","position":2,"name":"Visite des triandines"}]},{"@type":"WebSite","@id":"https:\/\/www.micoulou-photos.com\/#website","url":"https:\/\/www.micoulou-photos.com\/","name":"Micoulou Photographie","description":"Photographies, Visites virtuelles et formations par Mickael Minarie","publisher":{"@id":"https:\/\/www.micoulou-photos.com\/#organization"},"potentialAction":[{"@type":"SearchAction","target":{"@type":"EntryPoint","urlTemplate":"https:\/\/www.micoulou-photos.com\/?s={search_term_string}"},"query-input":{"@type":"PropertyValueSpecification","valueRequired":true,"valueName":"search_term_string"}}],"inLanguage":"fr-FR"},{"@type":"Organization","@id":"https:\/\/www.micoulou-photos.com\/#organization","name":"Micoulou Photographie","url":"https:\/\/www.micoulou-photos.com\/","logo":{"@type":"ImageObject","inLanguage":"fr-FR","@id":"https:\/\/www.micoulou-photos.com\/#\/schema\/logo\/image\/","url":"https:\/\/i0.wp.com\/www.micoulou-photos.com\/wp-content\/uploads\/2020\/05\/cropped-891667_552097324824916_1615181552_o-1.jpg?fit=643%2C722&ssl=1","contentUrl":"https:\/\/i0.wp.com\/www.micoulou-photos.com\/wp-content\/uploads\/2020\/05\/cropped-891667_552097324824916_1615181552_o-1.jpg?fit=643%2C722&ssl=1","width":643,"height":722,"caption":"Micoulou Photographie"},"image":{"@id":"https:\/\/www.micoulou-photos.com\/#\/schema\/logo\/image\/"}},{"@type":"Person","@id":"https:\/\/www.micoulou-photos.com\/#\/schema\/person\/6aedfe8ebe91da632f46e7c9d806a722","name":"micoulou","image":{"@type":"ImageObject","inLanguage":"fr-FR","@id":"https:\/\/secure.gravatar.com\/avatar\/98f892eb7d267eab2faa437baa3edd708deaaa43929316c0cc7b751a04cb247b?s=96&d=mm&r=g","url":"https:\/\/secure.gravatar.com\/avatar\/98f892eb7d267eab2faa437baa3edd708deaaa43929316c0cc7b751a04cb247b?s=96&d=mm&r=g","contentUrl":"https:\/\/secure.gravatar.com\/avatar\/98f892eb7d267eab2faa437baa3edd708deaaa43929316c0cc7b751a04cb247b?s=96&d=mm&r=g","caption":"micoulou"},"url":"https:\/\/www.micoulou-photos.com\/index.php\/author\/micoulou\/"}]}},"jetpack_publicize_connections":[],"jetpack_featured_media_url":"","jetpack_sharing_enabled":true,"jetpack_shortlink":"https:\/\/wp.me\/p7zKF4-D","jetpack-related-posts":[{"id":2804,"url":"https:\/\/www.micoulou-photos.com\/index.php\/2016\/12\/19\/amap-des-oliviers\/","url_meta":{"origin":39,"position":0},"title":"AMAP des oliviers","author":"micoulou","date":"19 d\u00e9cembre 2016","format":false,"excerpt":"Un an et demi en AMAP, \u00e7a se f\u00eate, non ? En fait, pour tout vous dire, ce n'est pas ma premi\u00e8re AMAP, je faisais parti de l'AMAP montsureau \u00e0 chateau-du-loir en 2012 et je prenais des paniers bio aux jardin de cocagne de Chambery et \u00e0 l'espace Paysan de\u2026","rel":"","context":"Dans &quot;alternatives ecologique&quot;","block_context":{"text":"alternatives ecologique","link":"https:\/\/www.micoulou-photos.com\/index.php\/category\/alternatives-ecologique\/"},"img":{"alt_text":"","src":"https:\/\/i0.wp.com\/www.micoulou-photos.com\/wp-content\/uploads\/2016\/12\/IMG_0860.jpg?fit=1200%2C800&ssl=1&resize=350%2C200","width":350,"height":200,"srcset":"https:\/\/i0.wp.com\/www.micoulou-photos.com\/wp-content\/uploads\/2016\/12\/IMG_0860.jpg?fit=1200%2C800&ssl=1&resize=350%2C200 1x, https:\/\/i0.wp.com\/www.micoulou-photos.com\/wp-content\/uploads\/2016\/12\/IMG_0860.jpg?fit=1200%2C800&ssl=1&resize=525%2C300 1.5x, https:\/\/i0.wp.com\/www.micoulou-photos.com\/wp-content\/uploads\/2016\/12\/IMG_0860.jpg?fit=1200%2C800&ssl=1&resize=700%2C400 2x, https:\/\/i0.wp.com\/www.micoulou-photos.com\/wp-content\/uploads\/2016\/12\/IMG_0860.jpg?fit=1200%2C800&ssl=1&resize=1050%2C600 3x"},"classes":[]},{"id":2607,"url":"https:\/\/www.micoulou-photos.com\/index.php\/2016\/10\/13\/amap-des-oliviers-les-legumes-de-bruno\/","url_meta":{"origin":39,"position":1},"title":"AMAP des oliviers &#8211; les l\u00e9gumes de Bruno","author":"micoulou","date":"13 octobre 2016","format":false,"excerpt":"Voici enfin le premiers article d'un projet, qui va durer plusieurs ann\u00e9es, de la recherche d'une vie alternative, plus juste et plus \u00e9cologique... O\u00f9 je vais retourner rencontrer, cette fois ci principalement en Europe, ceux qui essaie, par les actions, de respecter l'environnement et l'humanit\u00e9, en marge de la soci\u00e9t\u00e9\u2026","rel":"","context":"Dans &quot;alternatives ecologique&quot;","block_context":{"text":"alternatives ecologique","link":"https:\/\/www.micoulou-photos.com\/index.php\/category\/alternatives-ecologique\/"},"img":{"alt_text":"","src":"https:\/\/i0.wp.com\/www.micoulou-photos.com\/wp-content\/uploads\/2016\/10\/SDIM0050.jpg?fit=1200%2C800&ssl=1&resize=350%2C200","width":350,"height":200,"srcset":"https:\/\/i0.wp.com\/www.micoulou-photos.com\/wp-content\/uploads\/2016\/10\/SDIM0050.jpg?fit=1200%2C800&ssl=1&resize=350%2C200 1x, https:\/\/i0.wp.com\/www.micoulou-photos.com\/wp-content\/uploads\/2016\/10\/SDIM0050.jpg?fit=1200%2C800&ssl=1&resize=525%2C300 1.5x, https:\/\/i0.wp.com\/www.micoulou-photos.com\/wp-content\/uploads\/2016\/10\/SDIM0050.jpg?fit=1200%2C800&ssl=1&resize=700%2C400 2x, https:\/\/i0.wp.com\/www.micoulou-photos.com\/wp-content\/uploads\/2016\/10\/SDIM0050.jpg?fit=1200%2C800&ssl=1&resize=1050%2C600 3x"},"classes":[]},{"id":3375,"url":"https:\/\/www.micoulou-photos.com\/index.php\/2017\/08\/05\/la-construction-des-yourtes\/","url_meta":{"origin":39,"position":2},"title":"La construction des yourtes","author":"micoulou","date":"5 ao\u00fbt 2017","format":false,"excerpt":"J'ai pu suivre, entre fevrier et avril differentes etapes de la construction des yourtes. Matt et Wendy construisent en effet, chez eux, des yourtes, de fa\u00e7on la plus ecologique possible. On commence par la structure, en bois (Matt est un travailleur du saule et osier), il poss\u00e8de \u00e0 cet effet\u2026","rel":"","context":"Dans &quot;alternatives ecologique&quot;","block_context":{"text":"alternatives ecologique","link":"https:\/\/www.micoulou-photos.com\/index.php\/category\/alternatives-ecologique\/"},"img":{"alt_text":"","src":"https:\/\/i0.wp.com\/www.micoulou-photos.com\/wp-content\/uploads\/2017\/08\/MI052289-Modifier.jpg?fit=1200%2C795&ssl=1&resize=350%2C200","width":350,"height":200,"srcset":"https:\/\/i0.wp.com\/www.micoulou-photos.com\/wp-content\/uploads\/2017\/08\/MI052289-Modifier.jpg?fit=1200%2C795&ssl=1&resize=350%2C200 1x, https:\/\/i0.wp.com\/www.micoulou-photos.com\/wp-content\/uploads\/2017\/08\/MI052289-Modifier.jpg?fit=1200%2C795&ssl=1&resize=525%2C300 1.5x, https:\/\/i0.wp.com\/www.micoulou-photos.com\/wp-content\/uploads\/2017\/08\/MI052289-Modifier.jpg?fit=1200%2C795&ssl=1&resize=700%2C400 2x, https:\/\/i0.wp.com\/www.micoulou-photos.com\/wp-content\/uploads\/2017\/08\/MI052289-Modifier.jpg?fit=1200%2C795&ssl=1&resize=1050%2C600 3x"},"classes":[]},{"id":3068,"url":"https:\/\/www.micoulou-photos.com\/index.php\/2017\/03\/10\/les-petits-plats-anglais\/","url_meta":{"origin":39,"position":3},"title":"Les petits plats anglais","author":"micoulou","date":"10 mars 2017","format":false,"excerpt":"Je viens de passer comme je l'expliquais dans mon article pr\u00e9c\u00e9dent 3 semaines dans une famille d'anglais install\u00e9 en Dordogne. Comme j'avais pu le tester il y a maintenant plus de 10 ans \u00e0 Goathland, un village du North Yorkshire o\u00f9 j'avais pu manger une d\u00e9licieuse pie(tarte sal\u00e9e) faite maison,\u2026","rel":"","context":"Dans &quot;reportage&quot;","block_context":{"text":"reportage","link":"https:\/\/www.micoulou-photos.com\/index.php\/category\/reportage\/"},"img":{"alt_text":"","src":"https:\/\/i0.wp.com\/www.micoulou-photos.com\/wp-content\/uploads\/2017\/03\/IMG_1872.jpg?fit=1200%2C675&ssl=1&resize=350%2C200","width":350,"height":200,"srcset":"https:\/\/i0.wp.com\/www.micoulou-photos.com\/wp-content\/uploads\/2017\/03\/IMG_1872.jpg?fit=1200%2C675&ssl=1&resize=350%2C200 1x, https:\/\/i0.wp.com\/www.micoulou-photos.com\/wp-content\/uploads\/2017\/03\/IMG_1872.jpg?fit=1200%2C675&ssl=1&resize=525%2C300 1.5x, https:\/\/i0.wp.com\/www.micoulou-photos.com\/wp-content\/uploads\/2017\/03\/IMG_1872.jpg?fit=1200%2C675&ssl=1&resize=700%2C400 2x, https:\/\/i0.wp.com\/www.micoulou-photos.com\/wp-content\/uploads\/2017\/03\/IMG_1872.jpg?fit=1200%2C675&ssl=1&resize=1050%2C600 3x"},"classes":[]},{"id":2952,"url":"https:\/\/www.micoulou-photos.com\/index.php\/2017\/01\/30\/3-semaines-de-helpx-dans-les-landes\/","url_meta":{"origin":39,"position":4},"title":"3 semaines de helpx dans les landes de gascogne","author":"micoulou","date":"30 janvier 2017","format":false,"excerpt":"Et voila, le premier article \u00e9crit en wwoofing \/ helpx, m\u00eame si celui la est un peu a la bourre, 2 autres suivront dans la semaine qui viendra...) Me voici donc parti pour mon projet, aller voir les alternatives, et les vivre... Ici, j\u2019\u00e9tais dans une librairie, au milieu de\u2026","rel":"","context":"Dans &quot;alternatives ecologique&quot;","block_context":{"text":"alternatives ecologique","link":"https:\/\/www.micoulou-photos.com\/index.php\/category\/alternatives-ecologique\/"},"img":{"alt_text":"","src":"https:\/\/i0.wp.com\/www.micoulou-photos.com\/wp-content\/uploads\/2017\/01\/IMG_2411-Edit.jpg?fit=1200%2C400&ssl=1&resize=350%2C200","width":350,"height":200,"srcset":"https:\/\/i0.wp.com\/www.micoulou-photos.com\/wp-content\/uploads\/2017\/01\/IMG_2411-Edit.jpg?fit=1200%2C400&ssl=1&resize=350%2C200 1x, https:\/\/i0.wp.com\/www.micoulou-photos.com\/wp-content\/uploads\/2017\/01\/IMG_2411-Edit.jpg?fit=1200%2C400&ssl=1&resize=525%2C300 1.5x, https:\/\/i0.wp.com\/www.micoulou-photos.com\/wp-content\/uploads\/2017\/01\/IMG_2411-Edit.jpg?fit=1200%2C400&ssl=1&resize=700%2C400 2x, https:\/\/i0.wp.com\/www.micoulou-photos.com\/wp-content\/uploads\/2017\/01\/IMG_2411-Edit.jpg?fit=1200%2C400&ssl=1&resize=1050%2C600 3x"},"classes":[]},{"id":204,"url":"https:\/\/www.micoulou-photos.com\/index.php\/2011\/04\/18\/2-jours-a-quebec\/","url_meta":{"origin":39,"position":5},"title":"2 jours \u00e0 Quebec","author":"micoulou","date":"18 avril 2011","format":false,"excerpt":"2 jours \u00e0 Quebec pour cloturer ce qui pourrait etre la deuxi\u00e8me \u00e9tape de mon voyage... La troisi\u00e8me etapeetant le grand saut vers l'inconnu qui commence aujourd'hui...Je suis donc revenu \u00e0 Quebec vendredi soir avec rosanne. o\u00f9 j'ai dormi la premi\u00e8re nuit au backpacker hostel. Le backpacker hostel \u00e9tait bien\u2026","rel":"","context":"Dans &quot;Non class\u00e9&quot;","block_context":{"text":"Non class\u00e9","link":"https:\/\/www.micoulou-photos.com\/index.php\/category\/non-classe\/"},"img":{"alt_text":"","src":"https:\/\/i0.wp.com\/3.bp.blogspot.com\/-sEaPK7Yf3f0\/TauNG7Xfq9I\/AAAAAAAAhBw\/BaoGPs-gHww\/s320\/IMGP0937.jpg?resize=350%2C200","width":350,"height":200},"classes":[]}],"_links":{"self":[{"href":"https:\/\/www.micoulou-photos.com\/index.php\/wp-json\/wp\/v2\/posts\/39","targetHints":{"allow":["GET"]}}],"collection":[{"href":"https:\/\/www.micoulou-photos.com\/index.php\/wp-json\/wp\/v2\/posts"}],"about":[{"href":"https:\/\/www.micoulou-photos.com\/index.php\/wp-json\/wp\/v2\/types\/post"}],"author":[{"embeddable":true,"href":"https:\/\/www.micoulou-photos.com\/index.php\/wp-json\/wp\/v2\/users\/1"}],"replies":[{"embeddable":true,"href":"https:\/\/www.micoulou-photos.com\/index.php\/wp-json\/wp\/v2\/comments?post=39"}],"version-history":[{"count":0,"href":"https:\/\/www.micoulou-photos.com\/index.php\/wp-json\/wp\/v2\/posts\/39\/revisions"}],"wp:attachment":[{"href":"https:\/\/www.micoulou-photos.com\/index.php\/wp-json\/wp\/v2\/media?parent=39"}],"wp:term":[{"taxonomy":"category","embeddable":true,"href":"https:\/\/www.micoulou-photos.com\/index.php\/wp-json\/wp\/v2\/categories?post=39"},{"taxonomy":"post_tag","embeddable":true,"href":"https:\/\/www.micoulou-photos.com\/index.php\/wp-json\/wp\/v2\/tags?post=39"}],"curies":[{"name":"wp","href":"https:\/\/api.w.org\/{rel}","templated":true}]}}