{"id":38,"date":"2013-10-21T17:30:00","date_gmt":"2013-10-21T16:30:00","guid":{"rendered":"http:\/\/micoulou.info\/wp\/index.php\/2013\/10\/21\/ballade-sur-les-belledonnes\/"},"modified":"2020-04-26T02:15:44","modified_gmt":"2020-04-26T01:15:44","slug":"ballade-sur-les-belledonnes","status":"publish","type":"post","link":"https:\/\/www.micoulou-photos.com\/index.php\/2013\/10\/21\/ballade-sur-les-belledonnes\/","title":{"rendered":"Ballade sur les Belledonnes"},"content":{"rendered":"<p>Alors que je suis maintenant rendu \u00e0 quelques 1500km de Chambery, je vais enfin traiter mes quelques images de montagne que j&rsquo;ai faite durant ces quelques mois.<br \/>\nVoici donc un premier aper\u00e7u, d&rsquo;une randonn\u00e9e que j&rsquo;ai faite en compagnie de 2 amis : Andr\u00e9as et Luc. Parti de Montmelian en velo, apr\u00e8s 30km de velo (et les dernier km que j&rsquo;ai du faire \u00e0 pied, je n&rsquo;arrivait plus \u00e0 faire le d\u00e9nivel\u00e9 en velo), et une belle ballade en montagne.<\/p>\n<table style=\"margin-left: auto; margin-right: auto; text-align: center;\" cellspacing=\"0\" cellpadding=\"0\" align=\"center\">\n<tbody>\n<tr>\n<td style=\"text-align: center;\"><a href=\"https:\/\/i0.wp.com\/1.bp.blogspot.com\/-u_e6tavl7Os\/UmRbs8Ij6zI\/AAAAAAAA-J0\/wKc3Sz1MQl8\/s1600\/IMG_6546-Modifier.jpg\" style=\"margin-left: auto; margin-right: auto;\"><img data-recalc-dims=\"1\" fetchpriority=\"high\" decoding=\"async\" src=\"https:\/\/i0.wp.com\/1.bp.blogspot.com\/-u_e6tavl7Os\/UmRbs8Ij6zI\/AAAAAAAA-J0\/wKc3Sz1MQl8\/s320\/IMG_6546-Modifier.jpg?resize=240%2C320\" width=\"240\" height=\"320\" border=\"0\"><\/a><\/td>\n<\/tr>\n<tr>\n<td style=\"text-align: center;\">La mont\u00e9e en v\u00e9lo.<\/td>\n<\/tr>\n<\/tbody>\n<\/table>\n<table style=\"margin-left: auto; margin-right: auto; text-align: center;\" cellspacing=\"0\" cellpadding=\"0\" align=\"center\">\n<tbody>\n<tr>\n<td style=\"text-align: center;\"><a href=\"https:\/\/i0.wp.com\/3.bp.blogspot.com\/-5WZmgAYCnRI\/UmRbdFOQAMI\/AAAAAAAA-JU\/THzIxh4e9L4\/s1600\/IMG_6525-Modifier.jpg\" style=\"margin-left: auto; margin-right: auto;\"><img data-recalc-dims=\"1\" decoding=\"async\" src=\"https:\/\/i0.wp.com\/3.bp.blogspot.com\/-5WZmgAYCnRI\/UmRbdFOQAMI\/AAAAAAAA-JU\/THzIxh4e9L4\/s320\/IMG_6525-Modifier.jpg?resize=320%2C240\" width=\"320\" height=\"240\" border=\"0\"><\/a><\/td>\n<\/tr>\n<tr>\n<td style=\"text-align: center;\">Arriv\u00e9 au niveau de l&rsquo;ancienne station de ski \u00ab\u00a0val pelouse\u00a0\u00bb, il faisait quasiment nuit, avec une vue sur la savoyarde, prise au compact.<\/td>\n<\/tr>\n<\/tbody>\n<\/table>\n<table style=\"margin-left: auto; margin-right: auto; text-align: center;\" cellspacing=\"0\" cellpadding=\"0\" align=\"center\">\n<tbody>\n<tr>\n<td style=\"text-align: center;\"><a href=\"https:\/\/i0.wp.com\/1.bp.blogspot.com\/-y7tgDHjt-uE\/UmRXIQtttjI\/AAAAAAAA97M\/3-96Kc-UBfo\/s1600\/IMGP0920.jpg\" style=\"margin-left: auto; margin-right: auto;\"><img data-recalc-dims=\"1\" decoding=\"async\" src=\"https:\/\/i0.wp.com\/1.bp.blogspot.com\/-y7tgDHjt-uE\/UmRXIQtttjI\/AAAAAAAA97M\/3-96Kc-UBfo\/s320\/IMGP0920.jpg?resize=212%2C320\" width=\"212\" height=\"320\" border=\"0\"><\/a><\/td>\n<\/tr>\n<tr>\n<td style=\"text-align: center;\">Dans le refuge<\/td>\n<\/tr>\n<\/tbody>\n<\/table>\n<table style=\"margin-left: auto; margin-right: auto; text-align: center;\" cellspacing=\"0\" cellpadding=\"0\" align=\"center\">\n<tbody>\n<tr>\n<td style=\"text-align: center;\"><a href=\"https:\/\/i0.wp.com\/2.bp.blogspot.com\/-TjkgnZmerZE\/UmRXMbLWm0I\/AAAAAAAA97c\/uibrcfpXThs\/s1600\/IMGP0922.jpg\" style=\"margin-left: auto; margin-right: auto;\"><img data-recalc-dims=\"1\" loading=\"lazy\" decoding=\"async\" src=\"https:\/\/i0.wp.com\/2.bp.blogspot.com\/-TjkgnZmerZE\/UmRXMbLWm0I\/AAAAAAAA97c\/uibrcfpXThs\/s320\/IMGP0922.jpg?resize=320%2C314\" width=\"320\" height=\"314\" border=\"0\"><\/a><\/td>\n<\/tr>\n<tr>\n<td style=\"text-align: center;\">Dehors, j&rsquo;ai eu la mauvaise id\u00e9e de ne pas prendre ni gorillapod ni telecommande, grosse erreur en montagne.<\/td>\n<\/tr>\n<\/tbody>\n<\/table>\n<table style=\"margin-left: auto; margin-right: auto; text-align: center;\" cellspacing=\"0\" cellpadding=\"0\" align=\"center\">\n<tbody>\n<tr>\n<td style=\"text-align: center;\"><a href=\"https:\/\/i0.wp.com\/4.bp.blogspot.com\/-AZQwqMuMmg4\/UmRXwhN5dwI\/AAAAAAAA99o\/iOXX3Z8Hptw\/s1600\/IMGP0986.jpg\" style=\"margin-left: auto; margin-right: auto;\"><img data-recalc-dims=\"1\" loading=\"lazy\" decoding=\"async\" src=\"https:\/\/i0.wp.com\/4.bp.blogspot.com\/-AZQwqMuMmg4\/UmRXwhN5dwI\/AAAAAAAA99o\/iOXX3Z8Hptw\/s320\/IMGP0986.jpg?resize=320%2C212\" width=\"320\" height=\"212\" border=\"0\"><\/a><\/td>\n<\/tr>\n<tr>\n<td style=\"text-align: center;\">Lev\u00e9 \u00e0 7h, avant le lev\u00e9 du soleil.<\/td>\n<\/tr>\n<\/tbody>\n<\/table>\n<table style=\"margin-left: auto; margin-right: auto; text-align: center;\" cellspacing=\"0\" cellpadding=\"0\" align=\"center\">\n<tbody>\n<tr>\n<td style=\"text-align: center;\"><a href=\"https:\/\/i0.wp.com\/4.bp.blogspot.com\/-YMTtAmjv4qw\/UmRYH4nW5oI\/AAAAAAAA9_E\/DIJxXSFh0Ak\/s1600\/IMGP1048.jpg\" style=\"margin-left: auto; margin-right: auto;\"><img data-recalc-dims=\"1\" loading=\"lazy\" decoding=\"async\" src=\"https:\/\/i0.wp.com\/4.bp.blogspot.com\/-YMTtAmjv4qw\/UmRYH4nW5oI\/AAAAAAAA9_E\/DIJxXSFh0Ak\/s320\/IMGP1048.jpg?resize=320%2C212\" width=\"320\" height=\"212\" border=\"0\"><\/a><\/td>\n<\/tr>\n<tr>\n<td style=\"text-align: center;\">Le soleil eclaire enfin les sommets.<\/td>\n<\/tr>\n<\/tbody>\n<\/table>\n<table style=\"margin-left: auto; margin-right: auto; text-align: center;\" cellspacing=\"0\" cellpadding=\"0\" align=\"center\">\n<tbody>\n<tr>\n<td style=\"text-align: center;\"><a href=\"https:\/\/i0.wp.com\/4.bp.blogspot.com\/-lNdnBviuOtE\/UmRZzq-OEYI\/AAAAAAAA-C8\/3lqsw0EdHaY\/s1600\/IMGP1109.jpg\" style=\"margin-left: auto; margin-right: auto;\"><img data-recalc-dims=\"1\" loading=\"lazy\" decoding=\"async\" src=\"https:\/\/i0.wp.com\/4.bp.blogspot.com\/-lNdnBviuOtE\/UmRZzq-OEYI\/AAAAAAAA-C8\/3lqsw0EdHaY\/s320\/IMGP1109.jpg?resize=320%2C212\" width=\"320\" height=\"212\" border=\"0\"><\/a><\/td>\n<\/tr>\n<tr>\n<td style=\"text-align: center;\">La mont\u00e9e vers les sommets.<\/td>\n<\/tr>\n<\/tbody>\n<\/table>\n<table style=\"margin-left: auto; margin-right: auto; text-align: center;\" cellspacing=\"0\" cellpadding=\"0\" align=\"center\">\n<tbody>\n<tr>\n<td style=\"text-align: center;\"><a href=\"https:\/\/i0.wp.com\/1.bp.blogspot.com\/-0C-hOcISeyg\/UmRZ4lsyT-I\/AAAAAAAA-DM\/bwz-ZhQ_Shw\/s1600\/IMGP1126.jpg\" style=\"margin-left: auto; margin-right: auto;\"><img data-recalc-dims=\"1\" loading=\"lazy\" decoding=\"async\" src=\"https:\/\/i0.wp.com\/1.bp.blogspot.com\/-0C-hOcISeyg\/UmRZ4lsyT-I\/AAAAAAAA-DM\/bwz-ZhQ_Shw\/s320\/IMGP1126.jpg?resize=212%2C320\" width=\"212\" height=\"320\" border=\"0\"><\/a><\/td>\n<\/tr>\n<tr>\n<td style=\"text-align: center;\">Les grands moulins de Belledone.<\/td>\n<\/tr>\n<\/tbody>\n<\/table>\n<table style=\"margin-left: auto; margin-right: auto; text-align: center;\" cellspacing=\"0\" cellpadding=\"0\" align=\"center\">\n<tbody>\n<tr>\n<td style=\"text-align: center;\"><a href=\"https:\/\/i0.wp.com\/4.bp.blogspot.com\/-GnpUYvlitXc\/UmRaZkZ6oVI\/AAAAAAAA-Fk\/f5eceOcVo3k\/s1600\/IMGP1184-Modifier.jpg\" style=\"margin-left: auto; margin-right: auto;\"><img data-recalc-dims=\"1\" loading=\"lazy\" decoding=\"async\" src=\"https:\/\/i0.wp.com\/4.bp.blogspot.com\/-GnpUYvlitXc\/UmRaZkZ6oVI\/AAAAAAAA-Fk\/f5eceOcVo3k\/s320\/IMGP1184-Modifier.jpg?resize=320%2C212\" width=\"320\" height=\"212\" border=\"0\"><\/a><\/td>\n<\/tr>\n<tr>\n<td style=\"text-align: center;\">Vu sur Saint Remy de Maurienne.<\/td>\n<\/tr>\n<\/tbody>\n<\/table>\n<table style=\"margin-left: auto; margin-right: auto; text-align: center;\" cellspacing=\"0\" cellpadding=\"0\" align=\"center\">\n<tbody>\n<tr>\n<td style=\"text-align: center;\"><a href=\"https:\/\/i0.wp.com\/1.bp.blogspot.com\/-bPghtf92oD0\/UmRaiybKeaI\/AAAAAAAA-GM\/THY6dgsaaFs\/s1600\/IMGP1217.jpg\" style=\"margin-left: auto; margin-right: auto;\"><img data-recalc-dims=\"1\" loading=\"lazy\" decoding=\"async\" src=\"https:\/\/i0.wp.com\/1.bp.blogspot.com\/-bPghtf92oD0\/UmRaiybKeaI\/AAAAAAAA-GM\/THY6dgsaaFs\/s320\/IMGP1217.jpg?resize=320%2C212\" width=\"320\" height=\"212\" border=\"0\"><\/a><\/td>\n<\/tr>\n<tr>\n<td style=\"text-align: center;\">Vu sur Chambery et Montmelian depuis le sommet.<\/td>\n<\/tr>\n<\/tbody>\n<\/table>\n<table style=\"margin-left: auto; margin-right: auto; text-align: center;\" cellspacing=\"0\" cellpadding=\"0\" align=\"center\">\n<tbody>\n<tr>\n<td style=\"text-align: center;\"><a href=\"https:\/\/i0.wp.com\/3.bp.blogspot.com\/-QO1ZyDunlUw\/UmRbMEuMXsI\/AAAAAAAA-Is\/nF5aKVimXE0\/s1600\/IMGP1358.jpg\" style=\"margin-left: auto; margin-right: auto;\"><img data-recalc-dims=\"1\" loading=\"lazy\" decoding=\"async\" src=\"https:\/\/i0.wp.com\/3.bp.blogspot.com\/-QO1ZyDunlUw\/UmRbMEuMXsI\/AAAAAAAA-Is\/nF5aKVimXE0\/s320\/IMGP1358.jpg?resize=320%2C212\" width=\"320\" height=\"212\" border=\"0\"><\/a><\/td>\n<\/tr>\n<tr>\n<td style=\"text-align: center;\">Le retour en bas, on est pas arriv\u00e9 avant le coucher du soleil (et arriv\u00e9 sans eclairage )-: ).<\/td>\n<\/tr>\n<\/tbody>\n<\/table>\n<table style=\"margin-left: auto; margin-right: auto; text-align: center;\" cellspacing=\"0\" cellpadding=\"0\" align=\"center\">\n<tbody>\n<tr>\n<td style=\"text-align: center;\"><a href=\"https:\/\/i0.wp.com\/1.bp.blogspot.com\/-emHGkezMa20\/UmRgV-q28JI\/AAAAAAAA-ME\/52jrpl4U910\/s1600\/%255BGroup%2B4%255D-IMGP1004_IMGP1015-12%2Bimages.jpg\" style=\"margin-left: auto; margin-right: auto;\"><img data-recalc-dims=\"1\" loading=\"lazy\" decoding=\"async\" src=\"https:\/\/i0.wp.com\/1.bp.blogspot.com\/-emHGkezMa20\/UmRgV-q28JI\/AAAAAAAA-ME\/52jrpl4U910\/s320\/%255BGroup%2B4%255D-IMGP1004_IMGP1015-12%2Bimages.jpg?resize=320%2C83\" width=\"320\" height=\"83\" border=\"0\"><\/a><\/td>\n<\/tr>\n<tr>\n<td style=\"text-align: center;\">Le panorama au lev\u00e9 du soleil, le manque de trepied se fait sentir.<\/td>\n<\/tr>\n<\/tbody>\n<\/table>\n","protected":false},"excerpt":{"rendered":"<p>Alors que je suis maintenant rendu \u00e0 quelques 1500km de Chambery, je vais enfin traiter mes quelques images de montagne que j&rsquo;ai faite durant ces quelques mois. Voici donc un premier aper\u00e7u, d&rsquo;une randonn\u00e9e que j&rsquo;ai faite en compagnie de 2 amis : Andr\u00e9as et Luc. Parti de Montmelian en velo, apr\u00e8s 30km de velo [&hellip;]<\/p>\n","protected":false},"author":1,"featured_media":0,"comment_status":"open","ping_status":"open","sticky":false,"template":"","format":"standard","meta":{"jetpack_post_was_ever_published":false,"_jetpack_newsletter_access":"","_jetpack_dont_email_post_to_subs":false,"_jetpack_newsletter_tier_id":0,"_jetpack_memberships_contains_paywalled_content":false,"_jetpack_memberships_contains_paid_content":false,"footnotes":"","jetpack_publicize_message":"","jetpack_publicize_feature_enabled":true,"jetpack_social_post_already_shared":false,"jetpack_social_options":{"image_generator_settings":{"template":"highway","default_image_id":0,"font":"","enabled":false},"version":2}},"categories":[6],"tags":[],"class_list":["post-38","post","type-post","status-publish","format-standard","hentry","category-voyage"],"yoast_head":"<!-- This site is optimized with the Yoast SEO plugin v27.5 - https:\/\/yoast.com\/product\/yoast-seo-wordpress\/ -->\n<title>Ballade sur les Belledonnes - Micoulou Photographie<\/title>\n<meta name=\"robots\" content=\"index, follow, max-snippet:-1, max-image-preview:large, max-video-preview:-1\" \/>\n<link rel=\"canonical\" href=\"https:\/\/www.micoulou-photos.com\/index.php\/2013\/10\/21\/ballade-sur-les-belledonnes\/\" \/>\n<meta property=\"og:locale\" content=\"fr_FR\" \/>\n<meta property=\"og:type\" content=\"article\" \/>\n<meta property=\"og:title\" content=\"Ballade sur les Belledonnes - Micoulou Photographie\" \/>\n<meta property=\"og:description\" content=\"Alors que je suis maintenant rendu \u00e0 quelques 1500km de Chambery, je vais enfin traiter mes quelques images de montagne que j&rsquo;ai faite durant ces quelques mois. Voici donc un premier aper\u00e7u, d&rsquo;une randonn\u00e9e que j&rsquo;ai faite en compagnie de 2 amis : Andr\u00e9as et Luc. Parti de Montmelian en velo, apr\u00e8s 30km de velo [&hellip;]\" \/>\n<meta property=\"og:url\" content=\"https:\/\/www.micoulou-photos.com\/index.php\/2013\/10\/21\/ballade-sur-les-belledonnes\/\" \/>\n<meta property=\"og:site_name\" content=\"Micoulou Photographie\" \/>\n<meta property=\"article:published_time\" content=\"2013-10-21T16:30:00+00:00\" \/>\n<meta property=\"article:modified_time\" content=\"2020-04-26T01:15:44+00:00\" \/>\n<meta property=\"og:image\" content=\"http:\/\/1.bp.blogspot.com\/-u_e6tavl7Os\/UmRbs8Ij6zI\/AAAAAAAA-J0\/wKc3Sz1MQl8\/s320\/IMG_6546-Modifier.jpg\" \/>\n<meta name=\"author\" content=\"micoulou\" \/>\n<meta name=\"twitter:card\" content=\"summary_large_image\" \/>\n<meta name=\"twitter:label1\" content=\"\u00c9crit par\" \/>\n\t<meta name=\"twitter:data1\" content=\"micoulou\" \/>\n\t<meta name=\"twitter:label2\" content=\"Dur\u00e9e de lecture estim\u00e9e\" \/>\n\t<meta name=\"twitter:data2\" content=\"1 minute\" \/>\n<script type=\"application\/ld+json\" class=\"yoast-schema-graph\">{\"@context\":\"https:\\\/\\\/schema.org\",\"@graph\":[{\"@type\":\"Article\",\"@id\":\"https:\\\/\\\/www.micoulou-photos.com\\\/index.php\\\/2013\\\/10\\\/21\\\/ballade-sur-les-belledonnes\\\/#article\",\"isPartOf\":{\"@id\":\"https:\\\/\\\/www.micoulou-photos.com\\\/index.php\\\/2013\\\/10\\\/21\\\/ballade-sur-les-belledonnes\\\/\"},\"author\":{\"name\":\"micoulou\",\"@id\":\"https:\\\/\\\/www.micoulou-photos.com\\\/#\\\/schema\\\/person\\\/6aedfe8ebe91da632f46e7c9d806a722\"},\"headline\":\"Ballade sur les Belledonnes\",\"datePublished\":\"2013-10-21T16:30:00+00:00\",\"dateModified\":\"2020-04-26T01:15:44+00:00\",\"mainEntityOfPage\":{\"@id\":\"https:\\\/\\\/www.micoulou-photos.com\\\/index.php\\\/2013\\\/10\\\/21\\\/ballade-sur-les-belledonnes\\\/\"},\"wordCount\":211,\"commentCount\":0,\"publisher\":{\"@id\":\"https:\\\/\\\/www.micoulou-photos.com\\\/#organization\"},\"image\":{\"@id\":\"https:\\\/\\\/www.micoulou-photos.com\\\/index.php\\\/2013\\\/10\\\/21\\\/ballade-sur-les-belledonnes\\\/#primaryimage\"},\"thumbnailUrl\":\"http:\\\/\\\/1.bp.blogspot.com\\\/-u_e6tavl7Os\\\/UmRbs8Ij6zI\\\/AAAAAAAA-J0\\\/wKc3Sz1MQl8\\\/s320\\\/IMG_6546-Modifier.jpg\",\"articleSection\":[\"voyage\"],\"inLanguage\":\"fr-FR\",\"potentialAction\":[{\"@type\":\"CommentAction\",\"name\":\"Comment\",\"target\":[\"https:\\\/\\\/www.micoulou-photos.com\\\/index.php\\\/2013\\\/10\\\/21\\\/ballade-sur-les-belledonnes\\\/#respond\"]}]},{\"@type\":\"WebPage\",\"@id\":\"https:\\\/\\\/www.micoulou-photos.com\\\/index.php\\\/2013\\\/10\\\/21\\\/ballade-sur-les-belledonnes\\\/\",\"url\":\"https:\\\/\\\/www.micoulou-photos.com\\\/index.php\\\/2013\\\/10\\\/21\\\/ballade-sur-les-belledonnes\\\/\",\"name\":\"Ballade sur les Belledonnes - Micoulou Photographie\",\"isPartOf\":{\"@id\":\"https:\\\/\\\/www.micoulou-photos.com\\\/#website\"},\"primaryImageOfPage\":{\"@id\":\"https:\\\/\\\/www.micoulou-photos.com\\\/index.php\\\/2013\\\/10\\\/21\\\/ballade-sur-les-belledonnes\\\/#primaryimage\"},\"image\":{\"@id\":\"https:\\\/\\\/www.micoulou-photos.com\\\/index.php\\\/2013\\\/10\\\/21\\\/ballade-sur-les-belledonnes\\\/#primaryimage\"},\"thumbnailUrl\":\"http:\\\/\\\/1.bp.blogspot.com\\\/-u_e6tavl7Os\\\/UmRbs8Ij6zI\\\/AAAAAAAA-J0\\\/wKc3Sz1MQl8\\\/s320\\\/IMG_6546-Modifier.jpg\",\"datePublished\":\"2013-10-21T16:30:00+00:00\",\"dateModified\":\"2020-04-26T01:15:44+00:00\",\"breadcrumb\":{\"@id\":\"https:\\\/\\\/www.micoulou-photos.com\\\/index.php\\\/2013\\\/10\\\/21\\\/ballade-sur-les-belledonnes\\\/#breadcrumb\"},\"inLanguage\":\"fr-FR\",\"potentialAction\":[{\"@type\":\"ReadAction\",\"target\":[\"https:\\\/\\\/www.micoulou-photos.com\\\/index.php\\\/2013\\\/10\\\/21\\\/ballade-sur-les-belledonnes\\\/\"]}]},{\"@type\":\"ImageObject\",\"inLanguage\":\"fr-FR\",\"@id\":\"https:\\\/\\\/www.micoulou-photos.com\\\/index.php\\\/2013\\\/10\\\/21\\\/ballade-sur-les-belledonnes\\\/#primaryimage\",\"url\":\"http:\\\/\\\/1.bp.blogspot.com\\\/-u_e6tavl7Os\\\/UmRbs8Ij6zI\\\/AAAAAAAA-J0\\\/wKc3Sz1MQl8\\\/s320\\\/IMG_6546-Modifier.jpg\",\"contentUrl\":\"http:\\\/\\\/1.bp.blogspot.com\\\/-u_e6tavl7Os\\\/UmRbs8Ij6zI\\\/AAAAAAAA-J0\\\/wKc3Sz1MQl8\\\/s320\\\/IMG_6546-Modifier.jpg\"},{\"@type\":\"BreadcrumbList\",\"@id\":\"https:\\\/\\\/www.micoulou-photos.com\\\/index.php\\\/2013\\\/10\\\/21\\\/ballade-sur-les-belledonnes\\\/#breadcrumb\",\"itemListElement\":[{\"@type\":\"ListItem\",\"position\":1,\"name\":\"Accueil\",\"item\":\"https:\\\/\\\/www.micoulou-photos.com\\\/\"},{\"@type\":\"ListItem\",\"position\":2,\"name\":\"Ballade sur les Belledonnes\"}]},{\"@type\":\"WebSite\",\"@id\":\"https:\\\/\\\/www.micoulou-photos.com\\\/#website\",\"url\":\"https:\\\/\\\/www.micoulou-photos.com\\\/\",\"name\":\"Micoulou Photographie\",\"description\":\"Photographies, Visites virtuelles et formations par Mickael Minarie\",\"publisher\":{\"@id\":\"https:\\\/\\\/www.micoulou-photos.com\\\/#organization\"},\"potentialAction\":[{\"@type\":\"SearchAction\",\"target\":{\"@type\":\"EntryPoint\",\"urlTemplate\":\"https:\\\/\\\/www.micoulou-photos.com\\\/?s={search_term_string}\"},\"query-input\":{\"@type\":\"PropertyValueSpecification\",\"valueRequired\":true,\"valueName\":\"search_term_string\"}}],\"inLanguage\":\"fr-FR\"},{\"@type\":\"Organization\",\"@id\":\"https:\\\/\\\/www.micoulou-photos.com\\\/#organization\",\"name\":\"Micoulou Photographie\",\"url\":\"https:\\\/\\\/www.micoulou-photos.com\\\/\",\"logo\":{\"@type\":\"ImageObject\",\"inLanguage\":\"fr-FR\",\"@id\":\"https:\\\/\\\/www.micoulou-photos.com\\\/#\\\/schema\\\/logo\\\/image\\\/\",\"url\":\"https:\\\/\\\/i0.wp.com\\\/www.micoulou-photos.com\\\/wp-content\\\/uploads\\\/2020\\\/05\\\/cropped-891667_552097324824916_1615181552_o-1.jpg?fit=643%2C722&ssl=1\",\"contentUrl\":\"https:\\\/\\\/i0.wp.com\\\/www.micoulou-photos.com\\\/wp-content\\\/uploads\\\/2020\\\/05\\\/cropped-891667_552097324824916_1615181552_o-1.jpg?fit=643%2C722&ssl=1\",\"width\":643,\"height\":722,\"caption\":\"Micoulou Photographie\"},\"image\":{\"@id\":\"https:\\\/\\\/www.micoulou-photos.com\\\/#\\\/schema\\\/logo\\\/image\\\/\"}},{\"@type\":\"Person\",\"@id\":\"https:\\\/\\\/www.micoulou-photos.com\\\/#\\\/schema\\\/person\\\/6aedfe8ebe91da632f46e7c9d806a722\",\"name\":\"micoulou\",\"image\":{\"@type\":\"ImageObject\",\"inLanguage\":\"fr-FR\",\"@id\":\"https:\\\/\\\/secure.gravatar.com\\\/avatar\\\/98f892eb7d267eab2faa437baa3edd708deaaa43929316c0cc7b751a04cb247b?s=96&d=mm&r=g\",\"url\":\"https:\\\/\\\/secure.gravatar.com\\\/avatar\\\/98f892eb7d267eab2faa437baa3edd708deaaa43929316c0cc7b751a04cb247b?s=96&d=mm&r=g\",\"contentUrl\":\"https:\\\/\\\/secure.gravatar.com\\\/avatar\\\/98f892eb7d267eab2faa437baa3edd708deaaa43929316c0cc7b751a04cb247b?s=96&d=mm&r=g\",\"caption\":\"micoulou\"},\"url\":\"https:\\\/\\\/www.micoulou-photos.com\\\/index.php\\\/author\\\/micoulou\\\/\"}]}<\/script>\n<!-- \/ Yoast SEO plugin. -->","yoast_head_json":{"title":"Ballade sur les Belledonnes - Micoulou Photographie","robots":{"index":"index","follow":"follow","max-snippet":"max-snippet:-1","max-image-preview":"max-image-preview:large","max-video-preview":"max-video-preview:-1"},"canonical":"https:\/\/www.micoulou-photos.com\/index.php\/2013\/10\/21\/ballade-sur-les-belledonnes\/","og_locale":"fr_FR","og_type":"article","og_title":"Ballade sur les Belledonnes - Micoulou Photographie","og_description":"Alors que je suis maintenant rendu \u00e0 quelques 1500km de Chambery, je vais enfin traiter mes quelques images de montagne que j&rsquo;ai faite durant ces quelques mois. Voici donc un premier aper\u00e7u, d&rsquo;une randonn\u00e9e que j&rsquo;ai faite en compagnie de 2 amis : Andr\u00e9as et Luc. Parti de Montmelian en velo, apr\u00e8s 30km de velo [&hellip;]","og_url":"https:\/\/www.micoulou-photos.com\/index.php\/2013\/10\/21\/ballade-sur-les-belledonnes\/","og_site_name":"Micoulou Photographie","article_published_time":"2013-10-21T16:30:00+00:00","article_modified_time":"2020-04-26T01:15:44+00:00","og_image":[{"url":"http:\/\/1.bp.blogspot.com\/-u_e6tavl7Os\/UmRbs8Ij6zI\/AAAAAAAA-J0\/wKc3Sz1MQl8\/s320\/IMG_6546-Modifier.jpg","type":"","width":"","height":""}],"author":"micoulou","twitter_card":"summary_large_image","twitter_misc":{"\u00c9crit par":"micoulou","Dur\u00e9e de lecture estim\u00e9e":"1 minute"},"schema":{"@context":"https:\/\/schema.org","@graph":[{"@type":"Article","@id":"https:\/\/www.micoulou-photos.com\/index.php\/2013\/10\/21\/ballade-sur-les-belledonnes\/#article","isPartOf":{"@id":"https:\/\/www.micoulou-photos.com\/index.php\/2013\/10\/21\/ballade-sur-les-belledonnes\/"},"author":{"name":"micoulou","@id":"https:\/\/www.micoulou-photos.com\/#\/schema\/person\/6aedfe8ebe91da632f46e7c9d806a722"},"headline":"Ballade sur les Belledonnes","datePublished":"2013-10-21T16:30:00+00:00","dateModified":"2020-04-26T01:15:44+00:00","mainEntityOfPage":{"@id":"https:\/\/www.micoulou-photos.com\/index.php\/2013\/10\/21\/ballade-sur-les-belledonnes\/"},"wordCount":211,"commentCount":0,"publisher":{"@id":"https:\/\/www.micoulou-photos.com\/#organization"},"image":{"@id":"https:\/\/www.micoulou-photos.com\/index.php\/2013\/10\/21\/ballade-sur-les-belledonnes\/#primaryimage"},"thumbnailUrl":"http:\/\/1.bp.blogspot.com\/-u_e6tavl7Os\/UmRbs8Ij6zI\/AAAAAAAA-J0\/wKc3Sz1MQl8\/s320\/IMG_6546-Modifier.jpg","articleSection":["voyage"],"inLanguage":"fr-FR","potentialAction":[{"@type":"CommentAction","name":"Comment","target":["https:\/\/www.micoulou-photos.com\/index.php\/2013\/10\/21\/ballade-sur-les-belledonnes\/#respond"]}]},{"@type":"WebPage","@id":"https:\/\/www.micoulou-photos.com\/index.php\/2013\/10\/21\/ballade-sur-les-belledonnes\/","url":"https:\/\/www.micoulou-photos.com\/index.php\/2013\/10\/21\/ballade-sur-les-belledonnes\/","name":"Ballade sur les Belledonnes - Micoulou Photographie","isPartOf":{"@id":"https:\/\/www.micoulou-photos.com\/#website"},"primaryImageOfPage":{"@id":"https:\/\/www.micoulou-photos.com\/index.php\/2013\/10\/21\/ballade-sur-les-belledonnes\/#primaryimage"},"image":{"@id":"https:\/\/www.micoulou-photos.com\/index.php\/2013\/10\/21\/ballade-sur-les-belledonnes\/#primaryimage"},"thumbnailUrl":"http:\/\/1.bp.blogspot.com\/-u_e6tavl7Os\/UmRbs8Ij6zI\/AAAAAAAA-J0\/wKc3Sz1MQl8\/s320\/IMG_6546-Modifier.jpg","datePublished":"2013-10-21T16:30:00+00:00","dateModified":"2020-04-26T01:15:44+00:00","breadcrumb":{"@id":"https:\/\/www.micoulou-photos.com\/index.php\/2013\/10\/21\/ballade-sur-les-belledonnes\/#breadcrumb"},"inLanguage":"fr-FR","potentialAction":[{"@type":"ReadAction","target":["https:\/\/www.micoulou-photos.com\/index.php\/2013\/10\/21\/ballade-sur-les-belledonnes\/"]}]},{"@type":"ImageObject","inLanguage":"fr-FR","@id":"https:\/\/www.micoulou-photos.com\/index.php\/2013\/10\/21\/ballade-sur-les-belledonnes\/#primaryimage","url":"http:\/\/1.bp.blogspot.com\/-u_e6tavl7Os\/UmRbs8Ij6zI\/AAAAAAAA-J0\/wKc3Sz1MQl8\/s320\/IMG_6546-Modifier.jpg","contentUrl":"http:\/\/1.bp.blogspot.com\/-u_e6tavl7Os\/UmRbs8Ij6zI\/AAAAAAAA-J0\/wKc3Sz1MQl8\/s320\/IMG_6546-Modifier.jpg"},{"@type":"BreadcrumbList","@id":"https:\/\/www.micoulou-photos.com\/index.php\/2013\/10\/21\/ballade-sur-les-belledonnes\/#breadcrumb","itemListElement":[{"@type":"ListItem","position":1,"name":"Accueil","item":"https:\/\/www.micoulou-photos.com\/"},{"@type":"ListItem","position":2,"name":"Ballade sur les Belledonnes"}]},{"@type":"WebSite","@id":"https:\/\/www.micoulou-photos.com\/#website","url":"https:\/\/www.micoulou-photos.com\/","name":"Micoulou Photographie","description":"Photographies, Visites virtuelles et formations par Mickael Minarie","publisher":{"@id":"https:\/\/www.micoulou-photos.com\/#organization"},"potentialAction":[{"@type":"SearchAction","target":{"@type":"EntryPoint","urlTemplate":"https:\/\/www.micoulou-photos.com\/?s={search_term_string}"},"query-input":{"@type":"PropertyValueSpecification","valueRequired":true,"valueName":"search_term_string"}}],"inLanguage":"fr-FR"},{"@type":"Organization","@id":"https:\/\/www.micoulou-photos.com\/#organization","name":"Micoulou Photographie","url":"https:\/\/www.micoulou-photos.com\/","logo":{"@type":"ImageObject","inLanguage":"fr-FR","@id":"https:\/\/www.micoulou-photos.com\/#\/schema\/logo\/image\/","url":"https:\/\/i0.wp.com\/www.micoulou-photos.com\/wp-content\/uploads\/2020\/05\/cropped-891667_552097324824916_1615181552_o-1.jpg?fit=643%2C722&ssl=1","contentUrl":"https:\/\/i0.wp.com\/www.micoulou-photos.com\/wp-content\/uploads\/2020\/05\/cropped-891667_552097324824916_1615181552_o-1.jpg?fit=643%2C722&ssl=1","width":643,"height":722,"caption":"Micoulou Photographie"},"image":{"@id":"https:\/\/www.micoulou-photos.com\/#\/schema\/logo\/image\/"}},{"@type":"Person","@id":"https:\/\/www.micoulou-photos.com\/#\/schema\/person\/6aedfe8ebe91da632f46e7c9d806a722","name":"micoulou","image":{"@type":"ImageObject","inLanguage":"fr-FR","@id":"https:\/\/secure.gravatar.com\/avatar\/98f892eb7d267eab2faa437baa3edd708deaaa43929316c0cc7b751a04cb247b?s=96&d=mm&r=g","url":"https:\/\/secure.gravatar.com\/avatar\/98f892eb7d267eab2faa437baa3edd708deaaa43929316c0cc7b751a04cb247b?s=96&d=mm&r=g","contentUrl":"https:\/\/secure.gravatar.com\/avatar\/98f892eb7d267eab2faa437baa3edd708deaaa43929316c0cc7b751a04cb247b?s=96&d=mm&r=g","caption":"micoulou"},"url":"https:\/\/www.micoulou-photos.com\/index.php\/author\/micoulou\/"}]}},"jetpack_publicize_connections":[],"jetpack_featured_media_url":"","jetpack_sharing_enabled":true,"jetpack_shortlink":"https:\/\/wp.me\/p7zKF4-C","jetpack-related-posts":[{"id":5327,"url":"https:\/\/www.micoulou-photos.com\/index.php\/2019\/10\/24\/les-aventures-dun-aspiboy-ep5-piste-cyclable-roger-labetie\/","url_meta":{"origin":38,"position":0},"title":"Les aventures d&rsquo;un aspiboy EP5 : Piste cyclable Roger Lap\u00e9bie","author":"micoulou","date":"24 octobre 2019","format":false,"excerpt":"Je vous ai d\u00e9j\u00e0 parl\u00e9 de cette piste cyclable dans les vid\u00e9os, mais l\u00e0 j'ai pu la faire presque en int\u00e9gralit\u00e9 (j'essaye de faire le reste demain pour la vid\u00e9o sur le Pentax K100D\/K110D), avec quelques aventures sur le chemins, donc je vais vous conter cel\u00e0 ici. Le contexte :\u2026","rel":"","context":"Dans &quot;Asperger&quot;","block_context":{"text":"Asperger","link":"https:\/\/www.micoulou-photos.com\/index.php\/category\/asperger\/"},"img":{"alt_text":"","src":"https:\/\/i0.wp.com\/www.micoulou-photos.com\/wp-content\/uploads\/2019\/10\/DSC00533.jpg?fit=1200%2C802&ssl=1&resize=350%2C200","width":350,"height":200,"srcset":"https:\/\/i0.wp.com\/www.micoulou-photos.com\/wp-content\/uploads\/2019\/10\/DSC00533.jpg?fit=1200%2C802&ssl=1&resize=350%2C200 1x, https:\/\/i0.wp.com\/www.micoulou-photos.com\/wp-content\/uploads\/2019\/10\/DSC00533.jpg?fit=1200%2C802&ssl=1&resize=525%2C300 1.5x, https:\/\/i0.wp.com\/www.micoulou-photos.com\/wp-content\/uploads\/2019\/10\/DSC00533.jpg?fit=1200%2C802&ssl=1&resize=700%2C400 2x, https:\/\/i0.wp.com\/www.micoulou-photos.com\/wp-content\/uploads\/2019\/10\/DSC00533.jpg?fit=1200%2C802&ssl=1&resize=1050%2C600 3x"},"classes":[]},{"id":107,"url":"https:\/\/www.micoulou-photos.com\/index.php\/2012\/06\/30\/de-lart-dorganiser-son-voyage\/","url_meta":{"origin":38,"position":1},"title":"De l&rsquo;art d&rsquo;organiser son voyage\u00a0:","author":"micoulou","date":"30 juin 2012","format":false,"excerpt":"Ou ne faites surtout pas ce que je fais...Apres mon grand voyage de l'ann\u00e9e derni\u00e8re, je voulais faire un voyage retour du m\u00eame genre, en plus court et en faisant du v\u00e9lo...Avant de partir, j'ai commenc\u00e9 tant bien que mal a m\u2019entra\u00eener a faire du v\u00e9lo... Et j'ai r\u00e9serv\u00e9 2\u2026","rel":"","context":"Dans &quot;Non class\u00e9&quot;","block_context":{"text":"Non class\u00e9","link":"https:\/\/www.micoulou-photos.com\/index.php\/category\/non-classe\/"},"img":{"alt_text":"","src":"","width":0,"height":0},"classes":[]},{"id":112,"url":"https:\/\/www.micoulou-photos.com\/index.php\/2012\/06\/23\/st-john-2\/","url_meta":{"origin":38,"position":2},"title":"St john","author":"micoulou","date":"23 juin 2012","format":false,"excerpt":"ST John au nouveau brunswick est une ville portuaire importante au canada. Je suis venu la pour aller voir les \"pots de fleurs\" de la baie de fundy mais helas, je n'ai pas pu louer de velo ni trouver de transport en commun qui y allait... Encore une ois, hors\u2026","rel":"","context":"Dans &quot;Non class\u00e9&quot;","block_context":{"text":"Non class\u00e9","link":"https:\/\/www.micoulou-photos.com\/index.php\/category\/non-classe\/"},"img":{"alt_text":"","src":"https:\/\/i0.wp.com\/4.bp.blogspot.com\/-3ndikcHAd5g\/T-YzSdX3n3I\/AAAAAAAAyxQ\/GmfS_VtrzPY\/s320\/IMGP0004.jpg?resize=350%2C200","width":350,"height":200},"classes":[]},{"id":90,"url":"https:\/\/www.micoulou-photos.com\/index.php\/2012\/10\/05\/tour-de-loire-en-velo\/","url_meta":{"origin":38,"position":3},"title":"Tour de loire en Velo","author":"micoulou","date":"5 octobre 2012","format":false,"excerpt":"Avec beaucoup de retard, voici les photos du tour de loire en velo que j'ai fait avec mes parents en aout.Le reste des photos depuis juillet va arriver, mais mon installation a Lyon + des gros soucis informatique (un portable qui s'eteint tout seul toutes les 10 minutes, c'est sympa...\u2026","rel":"","context":"Dans &quot;Non class\u00e9&quot;","block_context":{"text":"Non class\u00e9","link":"https:\/\/www.micoulou-photos.com\/index.php\/category\/non-classe\/"},"img":{"alt_text":"","src":"https:\/\/i0.wp.com\/1.bp.blogspot.com\/-FlSxY0zujk8\/UDpK0SCTZvI\/AAAAAAAA1GU\/bWKbQHWRig4\/s320\/IMGP3150.jpg?resize=350%2C200","width":350,"height":200},"classes":[]},{"id":99,"url":"https:\/\/www.micoulou-photos.com\/index.php\/2012\/08\/28\/rekjavik\/","url_meta":{"origin":38,"position":4},"title":"Rekjavik","author":"micoulou","date":"28 ao\u00fbt 2012","format":false,"excerpt":"Rekjavik, capitale de l'islande, qui contients quelques 2\/3 des habitants de l'ile...Une ville plutot sympa et moderne... Peu de trace du pass\u00e9, les anciennes habitations etaient des fermes en bois qui n'ont pas suport\u00e9s l'epreuve du temps.Je suis rest\u00e9 4 jours l\u00e0 bas, dont une journ\u00e9e o\u00f9 j'ai pris un\u2026","rel":"","context":"Dans &quot;Non class\u00e9&quot;","block_context":{"text":"Non class\u00e9","link":"https:\/\/www.micoulou-photos.com\/index.php\/category\/non-classe\/"},"img":{"alt_text":"","src":"https:\/\/i0.wp.com\/2.bp.blogspot.com\/-a1ouA7KelAY\/UDs8ay4rEMI\/AAAAAAAA1oM\/I09OBNCBL-A\/s320\/IMGP0418.jpg?resize=350%2C200","width":350,"height":200},"classes":[]},{"id":176,"url":"https:\/\/www.micoulou-photos.com\/index.php\/2011\/06\/16\/ballades-diverses\/","url_meta":{"origin":38,"position":5},"title":"Ballades diverses","author":"micoulou","date":"16 juin 2011","format":false,"excerpt":"Comme vous vous en doutez surement, je profite de ma p\u00e9riode ici pour faire chauffer un peu mes capteurs d'APN... En 2 semaines, les 2 appareils ont bien chauff\u00e9s : plus de 5000 photos, pas mal de doublons mais quand m\u00eame quelques trucs interressants dont des fleurs que je n'avais\u2026","rel":"","context":"Dans &quot;Non class\u00e9&quot;","block_context":{"text":"Non class\u00e9","link":"https:\/\/www.micoulou-photos.com\/index.php\/category\/non-classe\/"},"img":{"alt_text":"","src":"https:\/\/i0.wp.com\/4.bp.blogspot.com\/-u3qrA0ZVw74\/TfKq0BRBFoI\/AAAAAAAAjWQ\/qhBjCrKiGT4\/s320\/IMGP6228.jpg?resize=350%2C200","width":350,"height":200},"classes":[]}],"_links":{"self":[{"href":"https:\/\/www.micoulou-photos.com\/index.php\/wp-json\/wp\/v2\/posts\/38","targetHints":{"allow":["GET"]}}],"collection":[{"href":"https:\/\/www.micoulou-photos.com\/index.php\/wp-json\/wp\/v2\/posts"}],"about":[{"href":"https:\/\/www.micoulou-photos.com\/index.php\/wp-json\/wp\/v2\/types\/post"}],"author":[{"embeddable":true,"href":"https:\/\/www.micoulou-photos.com\/index.php\/wp-json\/wp\/v2\/users\/1"}],"replies":[{"embeddable":true,"href":"https:\/\/www.micoulou-photos.com\/index.php\/wp-json\/wp\/v2\/comments?post=38"}],"version-history":[{"count":1,"href":"https:\/\/www.micoulou-photos.com\/index.php\/wp-json\/wp\/v2\/posts\/38\/revisions"}],"predecessor-version":[{"id":5958,"href":"https:\/\/www.micoulou-photos.com\/index.php\/wp-json\/wp\/v2\/posts\/38\/revisions\/5958"}],"wp:attachment":[{"href":"https:\/\/www.micoulou-photos.com\/index.php\/wp-json\/wp\/v2\/media?parent=38"}],"wp:term":[{"taxonomy":"category","embeddable":true,"href":"https:\/\/www.micoulou-photos.com\/index.php\/wp-json\/wp\/v2\/categories?post=38"},{"taxonomy":"post_tag","embeddable":true,"href":"https:\/\/www.micoulou-photos.com\/index.php\/wp-json\/wp\/v2\/tags?post=38"}],"curies":[{"name":"wp","href":"https:\/\/api.w.org\/{rel}","templated":true}]}}