{"id":3765,"date":"2017-11-22T18:15:05","date_gmt":"2017-11-22T17:15:05","guid":{"rendered":"http:\/\/www.micoulou-photos.com\/?p=3765"},"modified":"2020-08-20T17:44:27","modified_gmt":"2020-08-20T16:44:27","slug":"mariage-de-ge-la-ceremonie","status":"publish","type":"post","link":"https:\/\/www.micoulou-photos.com\/index.php\/2017\/11\/22\/mariage-de-ge-la-ceremonie\/","title":{"rendered":"Mariage de G et E : la c\u00e9r\u00e9monie"},"content":{"rendered":"","protected":true},"excerpt":{"rendered":"","protected":true},"author":1,"featured_media":3723,"comment_status":"open","ping_status":"open","sticky":false,"template":"","format":"standard","meta":{"jetpack_post_was_ever_published":false,"_jetpack_newsletter_access":"","_jetpack_dont_email_post_to_subs":false,"_jetpack_newsletter_tier_id":0,"_jetpack_memberships_contains_paywalled_content":false,"_jetpack_memberships_contains_paid_content":false,"footnotes":"","jetpack_publicize_message":"","jetpack_publicize_feature_enabled":true,"jetpack_social_post_already_shared":true,"jetpack_social_options":{"image_generator_settings":{"template":"highway","default_image_id":0,"font":"","enabled":false},"version":2}},"categories":[155],"tags":[260,440,223],"class_list":["post-3765","post","type-post","status-publish","format-standard","post-password-required","hentry","category-reportage","tag-blois","tag-mariage","tag-reportage"],"yoast_head":"<!-- This site is optimized with the Yoast SEO plugin v27.5 - https:\/\/yoast.com\/product\/yoast-seo-wordpress\/ -->\n<title>Mariage de G et E : la c\u00e9r\u00e9monie - Micoulou Photographie<\/title>\n<meta name=\"robots\" content=\"index, follow, max-snippet:-1, max-image-preview:large, max-video-preview:-1\" \/>\n<link rel=\"canonical\" href=\"https:\/\/www.micoulou-photos.com\/index.php\/2017\/11\/22\/mariage-de-ge-la-ceremonie\/\" \/>\n<meta property=\"og:locale\" content=\"fr_FR\" \/>\n<meta property=\"og:type\" content=\"article\" \/>\n<meta property=\"og:title\" content=\"Mariage de G et E : la c\u00e9r\u00e9monie - Micoulou Photographie\" \/>\n<meta property=\"og:description\" content=\"Il n\u2019y a pas d\u2019extrait, car cette publication est prot\u00e9g\u00e9e.\" \/>\n<meta property=\"og:url\" content=\"https:\/\/www.micoulou-photos.com\/index.php\/2017\/11\/22\/mariage-de-ge-la-ceremonie\/\" \/>\n<meta property=\"og:site_name\" content=\"Micoulou Photographie\" \/>\n<meta property=\"article:published_time\" content=\"2017-11-22T17:15:05+00:00\" \/>\n<meta property=\"article:modified_time\" content=\"2020-08-20T16:44:27+00:00\" \/>\n<meta name=\"author\" content=\"micoulou\" \/>\n<meta name=\"twitter:card\" content=\"summary_large_image\" \/>\n<meta name=\"twitter:label1\" content=\"\u00c9crit par\" \/>\n\t<meta name=\"twitter:data1\" content=\"micoulou\" \/>\n<script type=\"application\/ld+json\" class=\"yoast-schema-graph\">{\"@context\":\"https:\\\/\\\/schema.org\",\"@graph\":[{\"@type\":\"WebPage\",\"@id\":\"https:\\\/\\\/www.micoulou-photos.com\\\/index.php\\\/2017\\\/11\\\/22\\\/mariage-de-ge-la-ceremonie\\\/\",\"url\":\"https:\\\/\\\/www.micoulou-photos.com\\\/index.php\\\/2017\\\/11\\\/22\\\/mariage-de-ge-la-ceremonie\\\/\",\"name\":\"Mariage de G et E : la c\u00e9r\u00e9monie - Micoulou Photographie\",\"isPartOf\":{\"@id\":\"https:\\\/\\\/www.micoulou-photos.com\\\/#website\"},\"datePublished\":\"2017-11-22T17:15:05+00:00\",\"dateModified\":\"2020-08-20T16:44:27+00:00\",\"breadcrumb\":{\"@id\":\"https:\\\/\\\/www.micoulou-photos.com\\\/index.php\\\/2017\\\/11\\\/22\\\/mariage-de-ge-la-ceremonie\\\/#breadcrumb\"},\"inLanguage\":\"fr-FR\"},{\"@type\":\"WebSite\",\"@id\":\"https:\\\/\\\/www.micoulou-photos.com\\\/#website\",\"url\":\"https:\\\/\\\/www.micoulou-photos.com\\\/\",\"name\":\"Micoulou Photographie\",\"description\":\"Photographies, Visites virtuelles et formations par Mickael Minarie\",\"publisher\":{\"@id\":\"https:\\\/\\\/www.micoulou-photos.com\\\/#organization\"},\"potentialAction\":[{\"@type\":\"SearchAction\",\"target\":{\"@type\":\"EntryPoint\",\"urlTemplate\":\"https:\\\/\\\/www.micoulou-photos.com\\\/?s={search_term_string}\"},\"query-input\":{\"@type\":\"PropertyValueSpecification\",\"valueRequired\":true,\"valueName\":\"search_term_string\"}}],\"inLanguage\":\"fr-FR\"},{\"@type\":\"Organization\",\"@id\":\"https:\\\/\\\/www.micoulou-photos.com\\\/#organization\",\"name\":\"Micoulou Photographie\",\"url\":\"https:\\\/\\\/www.micoulou-photos.com\\\/\",\"logo\":{\"@type\":\"ImageObject\",\"inLanguage\":\"fr-FR\",\"@id\":\"https:\\\/\\\/www.micoulou-photos.com\\\/#\\\/schema\\\/logo\\\/image\\\/\",\"url\":\"https:\\\/\\\/i0.wp.com\\\/www.micoulou-photos.com\\\/wp-content\\\/uploads\\\/2020\\\/05\\\/cropped-891667_552097324824916_1615181552_o-1.jpg?fit=643%2C722&ssl=1\",\"contentUrl\":\"https:\\\/\\\/i0.wp.com\\\/www.micoulou-photos.com\\\/wp-content\\\/uploads\\\/2020\\\/05\\\/cropped-891667_552097324824916_1615181552_o-1.jpg?fit=643%2C722&ssl=1\",\"width\":643,\"height\":722,\"caption\":\"Micoulou Photographie\"},\"image\":{\"@id\":\"https:\\\/\\\/www.micoulou-photos.com\\\/#\\\/schema\\\/logo\\\/image\\\/\"}}]}<\/script>\n<!-- \/ Yoast SEO plugin. -->","yoast_head_json":{"title":"Mariage de G et E : la c\u00e9r\u00e9monie - Micoulou Photographie","robots":{"index":"index","follow":"follow","max-snippet":"max-snippet:-1","max-image-preview":"max-image-preview:large","max-video-preview":"max-video-preview:-1"},"canonical":"https:\/\/www.micoulou-photos.com\/index.php\/2017\/11\/22\/mariage-de-ge-la-ceremonie\/","og_locale":"fr_FR","og_type":"article","og_title":"Mariage de G et E : la c\u00e9r\u00e9monie - Micoulou Photographie","og_description":"Il n\u2019y a pas d\u2019extrait, car cette publication est prot\u00e9g\u00e9e.","og_url":"https:\/\/www.micoulou-photos.com\/index.php\/2017\/11\/22\/mariage-de-ge-la-ceremonie\/","og_site_name":"Micoulou Photographie","article_published_time":"2017-11-22T17:15:05+00:00","article_modified_time":"2020-08-20T16:44:27+00:00","author":"micoulou","twitter_card":"summary_large_image","twitter_misc":{"\u00c9crit par":"micoulou"},"schema":{"@context":"https:\/\/schema.org","@graph":[{"@type":"WebPage","@id":"https:\/\/www.micoulou-photos.com\/index.php\/2017\/11\/22\/mariage-de-ge-la-ceremonie\/","url":"https:\/\/www.micoulou-photos.com\/index.php\/2017\/11\/22\/mariage-de-ge-la-ceremonie\/","name":"Mariage de G et E : la c\u00e9r\u00e9monie - Micoulou Photographie","isPartOf":{"@id":"https:\/\/www.micoulou-photos.com\/#website"},"datePublished":"2017-11-22T17:15:05+00:00","dateModified":"2020-08-20T16:44:27+00:00","breadcrumb":{"@id":"https:\/\/www.micoulou-photos.com\/index.php\/2017\/11\/22\/mariage-de-ge-la-ceremonie\/#breadcrumb"},"inLanguage":"fr-FR"},{"@type":"WebSite","@id":"https:\/\/www.micoulou-photos.com\/#website","url":"https:\/\/www.micoulou-photos.com\/","name":"Micoulou Photographie","description":"Photographies, Visites virtuelles et formations par Mickael Minarie","publisher":{"@id":"https:\/\/www.micoulou-photos.com\/#organization"},"potentialAction":[{"@type":"SearchAction","target":{"@type":"EntryPoint","urlTemplate":"https:\/\/www.micoulou-photos.com\/?s={search_term_string}"},"query-input":{"@type":"PropertyValueSpecification","valueRequired":true,"valueName":"search_term_string"}}],"inLanguage":"fr-FR"},{"@type":"Organization","@id":"https:\/\/www.micoulou-photos.com\/#organization","name":"Micoulou Photographie","url":"https:\/\/www.micoulou-photos.com\/","logo":{"@type":"ImageObject","inLanguage":"fr-FR","@id":"https:\/\/www.micoulou-photos.com\/#\/schema\/logo\/image\/","url":"https:\/\/i0.wp.com\/www.micoulou-photos.com\/wp-content\/uploads\/2020\/05\/cropped-891667_552097324824916_1615181552_o-1.jpg?fit=643%2C722&ssl=1","contentUrl":"https:\/\/i0.wp.com\/www.micoulou-photos.com\/wp-content\/uploads\/2020\/05\/cropped-891667_552097324824916_1615181552_o-1.jpg?fit=643%2C722&ssl=1","width":643,"height":722,"caption":"Micoulou Photographie"},"image":{"@id":"https:\/\/www.micoulou-photos.com\/#\/schema\/logo\/image\/"}}]}},"jetpack_publicize_connections":[],"jetpack_featured_media_url":"https:\/\/i0.wp.com\/www.micoulou-photos.com\/wp-content\/uploads\/2017\/10\/IMGP8970_DxO.jpg?fit=1793%2C1200&ssl=1","jetpack_sharing_enabled":true,"jetpack_shortlink":"https:\/\/wp.me\/p7zKF4-YJ","jetpack-related-posts":[{"id":3609,"url":"https:\/\/www.micoulou-photos.com\/index.php\/2017\/10\/10\/mariage-de-baptiste-et-aude-2011\/","url_meta":{"origin":3765,"position":0},"title":"Mariage de Baptiste et Aude 2011","author":"micoulou","date":"10 octobre 2017","format":false,"excerpt":"Nouveaux traitement du mariage que j'ai pris en photo en 2011, premier mariage en photographe officiel.","rel":"","context":"Dans &quot;mariage&quot;","block_context":{"text":"mariage","link":"https:\/\/www.micoulou-photos.com\/index.php\/category\/reportage\/mariage-reportage\/"},"img":{"alt_text":"","src":"https:\/\/i0.wp.com\/www.micoulou-photos.com\/wp-content\/uploads\/2017\/10\/CRW_6298-Modifier.jpg?fit=1200%2C800&ssl=1&resize=350%2C200","width":350,"height":200,"srcset":"https:\/\/i0.wp.com\/www.micoulou-photos.com\/wp-content\/uploads\/2017\/10\/CRW_6298-Modifier.jpg?fit=1200%2C800&ssl=1&resize=350%2C200 1x, https:\/\/i0.wp.com\/www.micoulou-photos.com\/wp-content\/uploads\/2017\/10\/CRW_6298-Modifier.jpg?fit=1200%2C800&ssl=1&resize=525%2C300 1.5x, https:\/\/i0.wp.com\/www.micoulou-photos.com\/wp-content\/uploads\/2017\/10\/CRW_6298-Modifier.jpg?fit=1200%2C800&ssl=1&resize=700%2C400 2x, https:\/\/i0.wp.com\/www.micoulou-photos.com\/wp-content\/uploads\/2017\/10\/CRW_6298-Modifier.jpg?fit=1200%2C800&ssl=1&resize=1050%2C600 3x"},"classes":[]},{"id":3787,"url":"https:\/\/www.micoulou-photos.com\/index.php\/2017\/11\/07\/mariage-nico-et-laure\/","url_meta":{"origin":3765,"position":1},"title":"Mariage Nico et L","author":"micoulou","date":"7 novembre 2017","format":false,"excerpt":"Une petite selection des photos r\u00e9alis\u00e9 \u00e0 Onzain lors du mariage de N et L","rel":"","context":"Dans &quot;mariage&quot;","block_context":{"text":"mariage","link":"https:\/\/www.micoulou-photos.com\/index.php\/category\/reportage\/mariage-reportage\/"},"img":{"alt_text":"","src":"https:\/\/i0.wp.com\/www.micoulou-photos.com\/wp-content\/uploads\/2017\/11\/IMGP8985-Modifier.jpg?fit=1200%2C795&ssl=1&resize=350%2C200","width":350,"height":200,"srcset":"https:\/\/i0.wp.com\/www.micoulou-photos.com\/wp-content\/uploads\/2017\/11\/IMGP8985-Modifier.jpg?fit=1200%2C795&ssl=1&resize=350%2C200 1x, https:\/\/i0.wp.com\/www.micoulou-photos.com\/wp-content\/uploads\/2017\/11\/IMGP8985-Modifier.jpg?fit=1200%2C795&ssl=1&resize=525%2C300 1.5x, https:\/\/i0.wp.com\/www.micoulou-photos.com\/wp-content\/uploads\/2017\/11\/IMGP8985-Modifier.jpg?fit=1200%2C795&ssl=1&resize=700%2C400 2x, https:\/\/i0.wp.com\/www.micoulou-photos.com\/wp-content\/uploads\/2017\/11\/IMGP8985-Modifier.jpg?fit=1200%2C795&ssl=1&resize=1050%2C600 3x"},"classes":[]},{"id":5049,"url":"https:\/\/www.micoulou-photos.com\/index.php\/2019\/05\/07\/mariage-jeremie-et-jinxian\/","url_meta":{"origin":3765,"position":2},"title":"Mariage J\u00e9r\u00e9mie et Jinxian","author":"micoulou","date":"7 mai 2019","format":false,"excerpt":"Un tr\u00e8s beau mariage que j'ai eu la chance de couvrir en septembre dernier \u00e0 Avignon.","rel":"","context":"Dans &quot;mariage&quot;","block_context":{"text":"mariage","link":"https:\/\/www.micoulou-photos.com\/index.php\/category\/reportage\/mariage-reportage\/"},"img":{"alt_text":"","src":"https:\/\/i0.wp.com\/www.micoulou-photos.com\/wp-content\/uploads\/2019\/05\/P6210865.jpg?fit=1200%2C1200&ssl=1&resize=350%2C200","width":350,"height":200,"srcset":"https:\/\/i0.wp.com\/www.micoulou-photos.com\/wp-content\/uploads\/2019\/05\/P6210865.jpg?fit=1200%2C1200&ssl=1&resize=350%2C200 1x, https:\/\/i0.wp.com\/www.micoulou-photos.com\/wp-content\/uploads\/2019\/05\/P6210865.jpg?fit=1200%2C1200&ssl=1&resize=525%2C300 1.5x, https:\/\/i0.wp.com\/www.micoulou-photos.com\/wp-content\/uploads\/2019\/05\/P6210865.jpg?fit=1200%2C1200&ssl=1&resize=700%2C400 2x, https:\/\/i0.wp.com\/www.micoulou-photos.com\/wp-content\/uploads\/2019\/05\/P6210865.jpg?fit=1200%2C1200&ssl=1&resize=1050%2C600 3x"},"classes":[]},{"id":8598,"url":"https:\/\/www.micoulou-photos.com\/index.php\/2026\/04\/20\/mariage-de-gwen-et-loann\/","url_meta":{"origin":3765,"position":3},"title":"Mariage de Gwen et Loann","author":"micoulou","date":"20 avril 2026","format":false,"excerpt":"Un mariage que j'ai pu r\u00e9aliser \u00e0 l'hiver 2022 en Bretagne","rel":"","context":"Dans &quot;mariage&quot;","block_context":{"text":"mariage","link":"https:\/\/www.micoulou-photos.com\/index.php\/category\/reportage\/mariage-reportage\/"},"img":{"alt_text":"","src":"https:\/\/i0.wp.com\/www.micoulou-photos.com\/wp-content\/uploads\/2026\/04\/DSC02786-1.jpg?fit=1200%2C800&ssl=1&resize=350%2C200","width":350,"height":200,"srcset":"https:\/\/i0.wp.com\/www.micoulou-photos.com\/wp-content\/uploads\/2026\/04\/DSC02786-1.jpg?fit=1200%2C800&ssl=1&resize=350%2C200 1x, https:\/\/i0.wp.com\/www.micoulou-photos.com\/wp-content\/uploads\/2026\/04\/DSC02786-1.jpg?fit=1200%2C800&ssl=1&resize=525%2C300 1.5x, https:\/\/i0.wp.com\/www.micoulou-photos.com\/wp-content\/uploads\/2026\/04\/DSC02786-1.jpg?fit=1200%2C800&ssl=1&resize=700%2C400 2x, https:\/\/i0.wp.com\/www.micoulou-photos.com\/wp-content\/uploads\/2026\/04\/DSC02786-1.jpg?fit=1200%2C800&ssl=1&resize=1050%2C600 3x"},"classes":[]},{"id":16,"url":"https:\/\/www.micoulou-photos.com\/index.php\/2016\/05\/05\/mariage-de-claire-et-greame\/","url_meta":{"origin":3765,"position":4},"title":"Mariage de Claire et Greame","author":"micoulou","date":"5 mai 2016","format":false,"excerpt":"Premier mariage de l'ann\u00e9e, mariage de Claire et Greame \u00e0 Aberdeen (enfin plus exactement \u00e0 Ado house). Mariage simple, avec peu d'alcool mais o\u00f9 l'ambiance et la chaleur humaine \u00e9tait r\u00e9ellement pr\u00e9sentes.","rel":"","context":"Dans &quot;mariage&quot;","block_context":{"text":"mariage","link":"https:\/\/www.micoulou-photos.com\/index.php\/category\/reportage\/mariage-reportage\/"},"img":{"alt_text":"","src":"https:\/\/i0.wp.com\/www.micoulou-photos.com\/wp-content\/uploads\/2016\/05\/IMG_5297.jpg?fit=1000%2C750&ssl=1&resize=350%2C200","width":350,"height":200,"srcset":"https:\/\/i0.wp.com\/www.micoulou-photos.com\/wp-content\/uploads\/2016\/05\/IMG_5297.jpg?fit=1000%2C750&ssl=1&resize=350%2C200 1x, https:\/\/i0.wp.com\/www.micoulou-photos.com\/wp-content\/uploads\/2016\/05\/IMG_5297.jpg?fit=1000%2C750&ssl=1&resize=525%2C300 1.5x, https:\/\/i0.wp.com\/www.micoulou-photos.com\/wp-content\/uploads\/2016\/05\/IMG_5297.jpg?fit=1000%2C750&ssl=1&resize=700%2C400 2x"},"classes":[]},{"id":8635,"url":"https:\/\/www.micoulou-photos.com\/index.php\/2026\/04\/21\/mariage-a-et-m-dignac\/","url_meta":{"origin":3765,"position":5},"title":"Mariage A et M (Dignac)","author":"micoulou","date":"21 avril 2026","format":false,"excerpt":"Voici un mariage que j'ai eu l'occasion de shooter il y a 2 ans, dans un cadre champ\u00eatre avec une super ambiance.","rel":"","context":"Dans &quot;evenementiel&quot;","block_context":{"text":"evenementiel","link":"https:\/\/www.micoulou-photos.com\/index.php\/category\/reportage\/evenementiel-reportage\/"},"img":{"alt_text":"","src":"https:\/\/i0.wp.com\/www.micoulou-photos.com\/wp-content\/uploads\/2026\/04\/DSC03874.jpg?fit=1200%2C800&ssl=1&resize=350%2C200","width":350,"height":200,"srcset":"https:\/\/i0.wp.com\/www.micoulou-photos.com\/wp-content\/uploads\/2026\/04\/DSC03874.jpg?fit=1200%2C800&ssl=1&resize=350%2C200 1x, https:\/\/i0.wp.com\/www.micoulou-photos.com\/wp-content\/uploads\/2026\/04\/DSC03874.jpg?fit=1200%2C800&ssl=1&resize=525%2C300 1.5x, https:\/\/i0.wp.com\/www.micoulou-photos.com\/wp-content\/uploads\/2026\/04\/DSC03874.jpg?fit=1200%2C800&ssl=1&resize=700%2C400 2x, https:\/\/i0.wp.com\/www.micoulou-photos.com\/wp-content\/uploads\/2026\/04\/DSC03874.jpg?fit=1200%2C800&ssl=1&resize=1050%2C600 3x"},"classes":[]}],"_links":{"self":[{"href":"https:\/\/www.micoulou-photos.com\/index.php\/wp-json\/wp\/v2\/posts\/3765","targetHints":{"allow":["GET"]}}],"collection":[{"href":"https:\/\/www.micoulou-photos.com\/index.php\/wp-json\/wp\/v2\/posts"}],"about":[{"href":"https:\/\/www.micoulou-photos.com\/index.php\/wp-json\/wp\/v2\/types\/post"}],"author":[{"embeddable":true,"href":"https:\/\/www.micoulou-photos.com\/index.php\/wp-json\/wp\/v2\/users\/1"}],"replies":[{"embeddable":true,"href":"https:\/\/www.micoulou-photos.com\/index.php\/wp-json\/wp\/v2\/comments?post=3765"}],"version-history":[{"count":5,"href":"https:\/\/www.micoulou-photos.com\/index.php\/wp-json\/wp\/v2\/posts\/3765\/revisions"}],"predecessor-version":[{"id":6321,"href":"https:\/\/www.micoulou-photos.com\/index.php\/wp-json\/wp\/v2\/posts\/3765\/revisions\/6321"}],"wp:featuredmedia":[{"embeddable":true,"href":"https:\/\/www.micoulou-photos.com\/index.php\/wp-json\/wp\/v2\/media\/3723"}],"wp:attachment":[{"href":"https:\/\/www.micoulou-photos.com\/index.php\/wp-json\/wp\/v2\/media?parent=3765"}],"wp:term":[{"taxonomy":"category","embeddable":true,"href":"https:\/\/www.micoulou-photos.com\/index.php\/wp-json\/wp\/v2\/categories?post=3765"},{"taxonomy":"post_tag","embeddable":true,"href":"https:\/\/www.micoulou-photos.com\/index.php\/wp-json\/wp\/v2\/tags?post=3765"}],"curies":[{"name":"wp","href":"https:\/\/api.w.org\/{rel}","templated":true}]}}