{"id":37,"date":"2013-10-21T17:55:00","date_gmt":"2013-10-21T16:55:00","guid":{"rendered":"http:\/\/micoulou.info\/wp\/index.php\/2013\/10\/21\/test-dun-vari-nd\/"},"modified":"2020-04-26T02:15:31","modified_gmt":"2020-04-26T01:15:31","slug":"test-dun-vari-nd","status":"publish","type":"post","link":"https:\/\/www.micoulou-photos.com\/index.php\/2013\/10\/21\/test-dun-vari-nd\/","title":{"rendered":"Test d&rsquo;un Vari ND."},"content":{"rendered":"<p>J&rsquo;ai pu acheter un filtre Vari ND de 52mm sur ebay pour la modique somme de 2\u20ac, frais d&rsquo;envoi compris.<br \/>\nPour le prix, je ne m&rsquo;attendait pas \u00e0 avoir une boite bien pratique avec.<br \/>\nAu niveau qualitatif, c&rsquo;est mieux que ce que je pensais au niveau piqu\u00e9, je n&rsquo;ai pas vu de perte au 18-55mm. Par contre, il est hyper sensible au flare, et il faut faire vraiment attention aux differente sources lumineuse si on ne veux pas de derive de couleurs ou de flare de toutes sortes.<br \/>\nAu niveau utilisation, ce sont 2 polarisants qu&rsquo;ils faut tourner, il est assez difficile d&rsquo;avoir une exposition homog\u00e8ne sur toute la photo, c&rsquo;est possible mais difficile.<br \/>\nAu final, \u00e7a depanne bien pour son prix, on peux faire des choses bien sympa pour voyager, sans prendre de gros risque \u00e0 trimbaler un filtre cher.<\/p>\n<div style=\"clear: both; text-align: center;\"><a href=\"https:\/\/i0.wp.com\/3.bp.blogspot.com\/-_SVMMfpRVbQ\/UmVbz0W_WPI\/AAAAAAAA-S8\/mxGXZ1TK7tc\/s1600\/IMGP0584.jpg\" style=\"margin-left: 1em; margin-right: 1em;\"><img data-recalc-dims=\"1\" fetchpriority=\"high\" decoding=\"async\" src=\"https:\/\/i0.wp.com\/3.bp.blogspot.com\/-_SVMMfpRVbQ\/UmVbz0W_WPI\/AAAAAAAA-S8\/mxGXZ1TK7tc\/s320\/IMGP0584.jpg?resize=320%2C212\" width=\"320\" height=\"212\" border=\"0\"><\/a><\/div>\n<div style=\"clear: both; text-align: center;\"><a href=\"https:\/\/i0.wp.com\/2.bp.blogspot.com\/-aevllTpMvSg\/UmVbzFuEoKI\/AAAAAAAA-S0\/LJYz53kGOPc\/s1600\/IMGP0585.jpg\" style=\"margin-left: 1em; margin-right: 1em;\"><img data-recalc-dims=\"1\" decoding=\"async\" src=\"https:\/\/i0.wp.com\/2.bp.blogspot.com\/-aevllTpMvSg\/UmVbzFuEoKI\/AAAAAAAA-S0\/LJYz53kGOPc\/s320\/IMGP0585.jpg?resize=320%2C212\" width=\"320\" height=\"212\" border=\"0\"><\/a><\/div>\n<div style=\"clear: both; text-align: center;\"><a href=\"https:\/\/i0.wp.com\/2.bp.blogspot.com\/-0rg651umQQs\/UmVb0DfkhWI\/AAAAAAAA-TA\/5LHfdUvwYOI\/s1600\/IMGP0587.jpg\" style=\"margin-left: 1em; margin-right: 1em;\"><img data-recalc-dims=\"1\" decoding=\"async\" src=\"https:\/\/i0.wp.com\/2.bp.blogspot.com\/-0rg651umQQs\/UmVb0DfkhWI\/AAAAAAAA-TA\/5LHfdUvwYOI\/s320\/IMGP0587.jpg?resize=320%2C212\" width=\"320\" height=\"212\" border=\"0\"><\/a><\/div>\n<table style=\"margin-left: auto; margin-right: auto; text-align: center;\" cellspacing=\"0\" cellpadding=\"0\" align=\"center\">\n<tbody>\n<tr>\n<td style=\"text-align: center;\"><a href=\"https:\/\/i0.wp.com\/2.bp.blogspot.com\/-URtWEkzR_lw\/UmVb1gIALWI\/AAAAAAAA-TM\/COTrllka4_U\/s1600\/IMGP0591.jpg\" style=\"margin-left: auto; margin-right: auto;\"><img data-recalc-dims=\"1\" loading=\"lazy\" decoding=\"async\" src=\"https:\/\/i0.wp.com\/2.bp.blogspot.com\/-URtWEkzR_lw\/UmVb1gIALWI\/AAAAAAAA-TM\/COTrllka4_U\/s320\/IMGP0591.jpg?resize=320%2C212\" width=\"320\" height=\"212\" border=\"0\"><\/a><\/td>\n<\/tr>\n<tr>\n<td style=\"text-align: center;\">Image avec une exposition non homog\u00e8ne.<\/td>\n<\/tr>\n<\/tbody>\n<\/table>\n<div style=\"clear: both; text-align: center;\"><\/div>\n<div style=\"clear: both; text-align: center;\"><\/div>\n<div style=\"clear: both; text-align: center;\"><a href=\"https:\/\/i0.wp.com\/1.bp.blogspot.com\/-0AmUyR4b6r0\/UmVb2HHlFeI\/AAAAAAAA-TQ\/aN1p_K0vtQ0\/s1600\/IMGP0594.jpg\" style=\"margin-left: 1em; margin-right: 1em;\"><img data-recalc-dims=\"1\" loading=\"lazy\" decoding=\"async\" src=\"https:\/\/i0.wp.com\/1.bp.blogspot.com\/-0AmUyR4b6r0\/UmVb2HHlFeI\/AAAAAAAA-TQ\/aN1p_K0vtQ0\/s320\/IMGP0594.jpg?resize=320%2C212\" width=\"320\" height=\"212\" border=\"0\"><\/a><\/p>\n<table style=\"margin-left: 1em; margin-right: 1em; text-align: center;\" cellspacing=\"0\" cellpadding=\"0\" align=\"center\">\n<tbody>\n<tr>\n<td style=\"text-align: center;\"><a href=\"https:\/\/i0.wp.com\/4.bp.blogspot.com\/-6LD8uwg-lPM\/UmWp43ucHfI\/AAAAAAAA-Ts\/J9XhY5xY5Bo\/s1600\/IMG_6616.JPG\" style=\"margin-left: auto; margin-right: auto;\"><img data-recalc-dims=\"1\" loading=\"lazy\" decoding=\"async\" src=\"https:\/\/i0.wp.com\/4.bp.blogspot.com\/-6LD8uwg-lPM\/UmWp43ucHfI\/AAAAAAAA-Ts\/J9XhY5xY5Bo\/s320\/IMG_6616.JPG?resize=320%2C240\" width=\"320\" height=\"240\" border=\"0\"><\/a><\/td>\n<\/tr>\n<tr>\n<td style=\"text-align: center;\">Le filtre dans sa boite.<\/td>\n<\/tr>\n<\/tbody>\n<\/table>\n<\/div>\n","protected":false},"excerpt":{"rendered":"<p>J&rsquo;ai pu acheter un filtre Vari ND de 52mm sur ebay pour la modique somme de 2\u20ac, frais d&rsquo;envoi compris. Pour le prix, je ne m&rsquo;attendait pas \u00e0 avoir une boite bien pratique avec. Au niveau qualitatif, c&rsquo;est mieux que ce que je pensais au niveau piqu\u00e9, je n&rsquo;ai pas vu de perte au 18-55mm. [&hellip;]<\/p>\n","protected":false},"author":1,"featured_media":0,"comment_status":"open","ping_status":"open","sticky":false,"template":"","format":"standard","meta":{"jetpack_post_was_ever_published":false,"_jetpack_newsletter_access":"","_jetpack_dont_email_post_to_subs":false,"_jetpack_newsletter_tier_id":0,"_jetpack_memberships_contains_paywalled_content":false,"_jetpack_memberships_contains_paid_content":false,"footnotes":"","jetpack_publicize_message":"","jetpack_publicize_feature_enabled":true,"jetpack_social_post_already_shared":false,"jetpack_social_options":{"image_generator_settings":{"template":"highway","default_image_id":0,"font":"","enabled":false},"version":2}},"categories":[109,6],"tags":[],"class_list":["post-37","post","type-post","status-publish","format-standard","hentry","category-technique","category-voyage"],"yoast_head":"<!-- This site is optimized with the Yoast SEO plugin v27.5 - https:\/\/yoast.com\/product\/yoast-seo-wordpress\/ -->\n<title>Test d&#039;un Vari ND. - Micoulou Photographie<\/title>\n<meta name=\"robots\" content=\"index, follow, max-snippet:-1, max-image-preview:large, max-video-preview:-1\" \/>\n<link rel=\"canonical\" href=\"https:\/\/www.micoulou-photos.com\/index.php\/2013\/10\/21\/test-dun-vari-nd\/\" \/>\n<meta property=\"og:locale\" content=\"fr_FR\" \/>\n<meta property=\"og:type\" content=\"article\" \/>\n<meta property=\"og:title\" content=\"Test d&#039;un Vari ND. - Micoulou Photographie\" \/>\n<meta property=\"og:description\" content=\"J&rsquo;ai pu acheter un filtre Vari ND de 52mm sur ebay pour la modique somme de 2\u20ac, frais d&rsquo;envoi compris. Pour le prix, je ne m&rsquo;attendait pas \u00e0 avoir une boite bien pratique avec. Au niveau qualitatif, c&rsquo;est mieux que ce que je pensais au niveau piqu\u00e9, je n&rsquo;ai pas vu de perte au 18-55mm. [&hellip;]\" \/>\n<meta property=\"og:url\" content=\"https:\/\/www.micoulou-photos.com\/index.php\/2013\/10\/21\/test-dun-vari-nd\/\" \/>\n<meta property=\"og:site_name\" content=\"Micoulou Photographie\" \/>\n<meta property=\"article:published_time\" content=\"2013-10-21T16:55:00+00:00\" \/>\n<meta property=\"article:modified_time\" content=\"2020-04-26T01:15:31+00:00\" \/>\n<meta property=\"og:image\" content=\"http:\/\/3.bp.blogspot.com\/-_SVMMfpRVbQ\/UmVbz0W_WPI\/AAAAAAAA-S8\/mxGXZ1TK7tc\/s320\/IMGP0584.jpg\" \/>\n<meta name=\"author\" content=\"micoulou\" \/>\n<meta name=\"twitter:card\" content=\"summary_large_image\" \/>\n<meta name=\"twitter:label1\" content=\"\u00c9crit par\" \/>\n\t<meta name=\"twitter:data1\" content=\"micoulou\" \/>\n\t<meta name=\"twitter:label2\" content=\"Dur\u00e9e de lecture estim\u00e9e\" \/>\n\t<meta name=\"twitter:data2\" content=\"1 minute\" \/>\n<script type=\"application\/ld+json\" class=\"yoast-schema-graph\">{\"@context\":\"https:\\\/\\\/schema.org\",\"@graph\":[{\"@type\":\"Article\",\"@id\":\"https:\\\/\\\/www.micoulou-photos.com\\\/index.php\\\/2013\\\/10\\\/21\\\/test-dun-vari-nd\\\/#article\",\"isPartOf\":{\"@id\":\"https:\\\/\\\/www.micoulou-photos.com\\\/index.php\\\/2013\\\/10\\\/21\\\/test-dun-vari-nd\\\/\"},\"author\":{\"name\":\"micoulou\",\"@id\":\"https:\\\/\\\/www.micoulou-photos.com\\\/#\\\/schema\\\/person\\\/6aedfe8ebe91da632f46e7c9d806a722\"},\"headline\":\"Test d&rsquo;un Vari ND.\",\"datePublished\":\"2013-10-21T16:55:00+00:00\",\"dateModified\":\"2020-04-26T01:15:31+00:00\",\"mainEntityOfPage\":{\"@id\":\"https:\\\/\\\/www.micoulou-photos.com\\\/index.php\\\/2013\\\/10\\\/21\\\/test-dun-vari-nd\\\/\"},\"wordCount\":164,\"commentCount\":0,\"publisher\":{\"@id\":\"https:\\\/\\\/www.micoulou-photos.com\\\/#organization\"},\"image\":{\"@id\":\"https:\\\/\\\/www.micoulou-photos.com\\\/index.php\\\/2013\\\/10\\\/21\\\/test-dun-vari-nd\\\/#primaryimage\"},\"thumbnailUrl\":\"http:\\\/\\\/3.bp.blogspot.com\\\/-_SVMMfpRVbQ\\\/UmVbz0W_WPI\\\/AAAAAAAA-S8\\\/mxGXZ1TK7tc\\\/s320\\\/IMGP0584.jpg\",\"articleSection\":[\"technique\",\"voyage\"],\"inLanguage\":\"fr-FR\",\"potentialAction\":[{\"@type\":\"CommentAction\",\"name\":\"Comment\",\"target\":[\"https:\\\/\\\/www.micoulou-photos.com\\\/index.php\\\/2013\\\/10\\\/21\\\/test-dun-vari-nd\\\/#respond\"]}]},{\"@type\":\"WebPage\",\"@id\":\"https:\\\/\\\/www.micoulou-photos.com\\\/index.php\\\/2013\\\/10\\\/21\\\/test-dun-vari-nd\\\/\",\"url\":\"https:\\\/\\\/www.micoulou-photos.com\\\/index.php\\\/2013\\\/10\\\/21\\\/test-dun-vari-nd\\\/\",\"name\":\"Test d'un Vari ND. - Micoulou Photographie\",\"isPartOf\":{\"@id\":\"https:\\\/\\\/www.micoulou-photos.com\\\/#website\"},\"primaryImageOfPage\":{\"@id\":\"https:\\\/\\\/www.micoulou-photos.com\\\/index.php\\\/2013\\\/10\\\/21\\\/test-dun-vari-nd\\\/#primaryimage\"},\"image\":{\"@id\":\"https:\\\/\\\/www.micoulou-photos.com\\\/index.php\\\/2013\\\/10\\\/21\\\/test-dun-vari-nd\\\/#primaryimage\"},\"thumbnailUrl\":\"http:\\\/\\\/3.bp.blogspot.com\\\/-_SVMMfpRVbQ\\\/UmVbz0W_WPI\\\/AAAAAAAA-S8\\\/mxGXZ1TK7tc\\\/s320\\\/IMGP0584.jpg\",\"datePublished\":\"2013-10-21T16:55:00+00:00\",\"dateModified\":\"2020-04-26T01:15:31+00:00\",\"breadcrumb\":{\"@id\":\"https:\\\/\\\/www.micoulou-photos.com\\\/index.php\\\/2013\\\/10\\\/21\\\/test-dun-vari-nd\\\/#breadcrumb\"},\"inLanguage\":\"fr-FR\",\"potentialAction\":[{\"@type\":\"ReadAction\",\"target\":[\"https:\\\/\\\/www.micoulou-photos.com\\\/index.php\\\/2013\\\/10\\\/21\\\/test-dun-vari-nd\\\/\"]}]},{\"@type\":\"ImageObject\",\"inLanguage\":\"fr-FR\",\"@id\":\"https:\\\/\\\/www.micoulou-photos.com\\\/index.php\\\/2013\\\/10\\\/21\\\/test-dun-vari-nd\\\/#primaryimage\",\"url\":\"http:\\\/\\\/3.bp.blogspot.com\\\/-_SVMMfpRVbQ\\\/UmVbz0W_WPI\\\/AAAAAAAA-S8\\\/mxGXZ1TK7tc\\\/s320\\\/IMGP0584.jpg\",\"contentUrl\":\"http:\\\/\\\/3.bp.blogspot.com\\\/-_SVMMfpRVbQ\\\/UmVbz0W_WPI\\\/AAAAAAAA-S8\\\/mxGXZ1TK7tc\\\/s320\\\/IMGP0584.jpg\"},{\"@type\":\"BreadcrumbList\",\"@id\":\"https:\\\/\\\/www.micoulou-photos.com\\\/index.php\\\/2013\\\/10\\\/21\\\/test-dun-vari-nd\\\/#breadcrumb\",\"itemListElement\":[{\"@type\":\"ListItem\",\"position\":1,\"name\":\"Accueil\",\"item\":\"https:\\\/\\\/www.micoulou-photos.com\\\/\"},{\"@type\":\"ListItem\",\"position\":2,\"name\":\"Test d&rsquo;un Vari ND.\"}]},{\"@type\":\"WebSite\",\"@id\":\"https:\\\/\\\/www.micoulou-photos.com\\\/#website\",\"url\":\"https:\\\/\\\/www.micoulou-photos.com\\\/\",\"name\":\"Micoulou Photographie\",\"description\":\"Photographies, Visites virtuelles et formations par Mickael Minarie\",\"publisher\":{\"@id\":\"https:\\\/\\\/www.micoulou-photos.com\\\/#organization\"},\"potentialAction\":[{\"@type\":\"SearchAction\",\"target\":{\"@type\":\"EntryPoint\",\"urlTemplate\":\"https:\\\/\\\/www.micoulou-photos.com\\\/?s={search_term_string}\"},\"query-input\":{\"@type\":\"PropertyValueSpecification\",\"valueRequired\":true,\"valueName\":\"search_term_string\"}}],\"inLanguage\":\"fr-FR\"},{\"@type\":\"Organization\",\"@id\":\"https:\\\/\\\/www.micoulou-photos.com\\\/#organization\",\"name\":\"Micoulou Photographie\",\"url\":\"https:\\\/\\\/www.micoulou-photos.com\\\/\",\"logo\":{\"@type\":\"ImageObject\",\"inLanguage\":\"fr-FR\",\"@id\":\"https:\\\/\\\/www.micoulou-photos.com\\\/#\\\/schema\\\/logo\\\/image\\\/\",\"url\":\"https:\\\/\\\/i0.wp.com\\\/www.micoulou-photos.com\\\/wp-content\\\/uploads\\\/2020\\\/05\\\/cropped-891667_552097324824916_1615181552_o-1.jpg?fit=643%2C722&ssl=1\",\"contentUrl\":\"https:\\\/\\\/i0.wp.com\\\/www.micoulou-photos.com\\\/wp-content\\\/uploads\\\/2020\\\/05\\\/cropped-891667_552097324824916_1615181552_o-1.jpg?fit=643%2C722&ssl=1\",\"width\":643,\"height\":722,\"caption\":\"Micoulou Photographie\"},\"image\":{\"@id\":\"https:\\\/\\\/www.micoulou-photos.com\\\/#\\\/schema\\\/logo\\\/image\\\/\"}},{\"@type\":\"Person\",\"@id\":\"https:\\\/\\\/www.micoulou-photos.com\\\/#\\\/schema\\\/person\\\/6aedfe8ebe91da632f46e7c9d806a722\",\"name\":\"micoulou\",\"image\":{\"@type\":\"ImageObject\",\"inLanguage\":\"fr-FR\",\"@id\":\"https:\\\/\\\/secure.gravatar.com\\\/avatar\\\/98f892eb7d267eab2faa437baa3edd708deaaa43929316c0cc7b751a04cb247b?s=96&d=mm&r=g\",\"url\":\"https:\\\/\\\/secure.gravatar.com\\\/avatar\\\/98f892eb7d267eab2faa437baa3edd708deaaa43929316c0cc7b751a04cb247b?s=96&d=mm&r=g\",\"contentUrl\":\"https:\\\/\\\/secure.gravatar.com\\\/avatar\\\/98f892eb7d267eab2faa437baa3edd708deaaa43929316c0cc7b751a04cb247b?s=96&d=mm&r=g\",\"caption\":\"micoulou\"},\"url\":\"https:\\\/\\\/www.micoulou-photos.com\\\/index.php\\\/author\\\/micoulou\\\/\"}]}<\/script>\n<!-- \/ Yoast SEO plugin. -->","yoast_head_json":{"title":"Test d'un Vari ND. - Micoulou Photographie","robots":{"index":"index","follow":"follow","max-snippet":"max-snippet:-1","max-image-preview":"max-image-preview:large","max-video-preview":"max-video-preview:-1"},"canonical":"https:\/\/www.micoulou-photos.com\/index.php\/2013\/10\/21\/test-dun-vari-nd\/","og_locale":"fr_FR","og_type":"article","og_title":"Test d'un Vari ND. - Micoulou Photographie","og_description":"J&rsquo;ai pu acheter un filtre Vari ND de 52mm sur ebay pour la modique somme de 2\u20ac, frais d&rsquo;envoi compris. Pour le prix, je ne m&rsquo;attendait pas \u00e0 avoir une boite bien pratique avec. Au niveau qualitatif, c&rsquo;est mieux que ce que je pensais au niveau piqu\u00e9, je n&rsquo;ai pas vu de perte au 18-55mm. [&hellip;]","og_url":"https:\/\/www.micoulou-photos.com\/index.php\/2013\/10\/21\/test-dun-vari-nd\/","og_site_name":"Micoulou Photographie","article_published_time":"2013-10-21T16:55:00+00:00","article_modified_time":"2020-04-26T01:15:31+00:00","og_image":[{"url":"http:\/\/3.bp.blogspot.com\/-_SVMMfpRVbQ\/UmVbz0W_WPI\/AAAAAAAA-S8\/mxGXZ1TK7tc\/s320\/IMGP0584.jpg","type":"","width":"","height":""}],"author":"micoulou","twitter_card":"summary_large_image","twitter_misc":{"\u00c9crit par":"micoulou","Dur\u00e9e de lecture estim\u00e9e":"1 minute"},"schema":{"@context":"https:\/\/schema.org","@graph":[{"@type":"Article","@id":"https:\/\/www.micoulou-photos.com\/index.php\/2013\/10\/21\/test-dun-vari-nd\/#article","isPartOf":{"@id":"https:\/\/www.micoulou-photos.com\/index.php\/2013\/10\/21\/test-dun-vari-nd\/"},"author":{"name":"micoulou","@id":"https:\/\/www.micoulou-photos.com\/#\/schema\/person\/6aedfe8ebe91da632f46e7c9d806a722"},"headline":"Test d&rsquo;un Vari ND.","datePublished":"2013-10-21T16:55:00+00:00","dateModified":"2020-04-26T01:15:31+00:00","mainEntityOfPage":{"@id":"https:\/\/www.micoulou-photos.com\/index.php\/2013\/10\/21\/test-dun-vari-nd\/"},"wordCount":164,"commentCount":0,"publisher":{"@id":"https:\/\/www.micoulou-photos.com\/#organization"},"image":{"@id":"https:\/\/www.micoulou-photos.com\/index.php\/2013\/10\/21\/test-dun-vari-nd\/#primaryimage"},"thumbnailUrl":"http:\/\/3.bp.blogspot.com\/-_SVMMfpRVbQ\/UmVbz0W_WPI\/AAAAAAAA-S8\/mxGXZ1TK7tc\/s320\/IMGP0584.jpg","articleSection":["technique","voyage"],"inLanguage":"fr-FR","potentialAction":[{"@type":"CommentAction","name":"Comment","target":["https:\/\/www.micoulou-photos.com\/index.php\/2013\/10\/21\/test-dun-vari-nd\/#respond"]}]},{"@type":"WebPage","@id":"https:\/\/www.micoulou-photos.com\/index.php\/2013\/10\/21\/test-dun-vari-nd\/","url":"https:\/\/www.micoulou-photos.com\/index.php\/2013\/10\/21\/test-dun-vari-nd\/","name":"Test d'un Vari ND. - Micoulou Photographie","isPartOf":{"@id":"https:\/\/www.micoulou-photos.com\/#website"},"primaryImageOfPage":{"@id":"https:\/\/www.micoulou-photos.com\/index.php\/2013\/10\/21\/test-dun-vari-nd\/#primaryimage"},"image":{"@id":"https:\/\/www.micoulou-photos.com\/index.php\/2013\/10\/21\/test-dun-vari-nd\/#primaryimage"},"thumbnailUrl":"http:\/\/3.bp.blogspot.com\/-_SVMMfpRVbQ\/UmVbz0W_WPI\/AAAAAAAA-S8\/mxGXZ1TK7tc\/s320\/IMGP0584.jpg","datePublished":"2013-10-21T16:55:00+00:00","dateModified":"2020-04-26T01:15:31+00:00","breadcrumb":{"@id":"https:\/\/www.micoulou-photos.com\/index.php\/2013\/10\/21\/test-dun-vari-nd\/#breadcrumb"},"inLanguage":"fr-FR","potentialAction":[{"@type":"ReadAction","target":["https:\/\/www.micoulou-photos.com\/index.php\/2013\/10\/21\/test-dun-vari-nd\/"]}]},{"@type":"ImageObject","inLanguage":"fr-FR","@id":"https:\/\/www.micoulou-photos.com\/index.php\/2013\/10\/21\/test-dun-vari-nd\/#primaryimage","url":"http:\/\/3.bp.blogspot.com\/-_SVMMfpRVbQ\/UmVbz0W_WPI\/AAAAAAAA-S8\/mxGXZ1TK7tc\/s320\/IMGP0584.jpg","contentUrl":"http:\/\/3.bp.blogspot.com\/-_SVMMfpRVbQ\/UmVbz0W_WPI\/AAAAAAAA-S8\/mxGXZ1TK7tc\/s320\/IMGP0584.jpg"},{"@type":"BreadcrumbList","@id":"https:\/\/www.micoulou-photos.com\/index.php\/2013\/10\/21\/test-dun-vari-nd\/#breadcrumb","itemListElement":[{"@type":"ListItem","position":1,"name":"Accueil","item":"https:\/\/www.micoulou-photos.com\/"},{"@type":"ListItem","position":2,"name":"Test d&rsquo;un Vari ND."}]},{"@type":"WebSite","@id":"https:\/\/www.micoulou-photos.com\/#website","url":"https:\/\/www.micoulou-photos.com\/","name":"Micoulou Photographie","description":"Photographies, Visites virtuelles et formations par Mickael Minarie","publisher":{"@id":"https:\/\/www.micoulou-photos.com\/#organization"},"potentialAction":[{"@type":"SearchAction","target":{"@type":"EntryPoint","urlTemplate":"https:\/\/www.micoulou-photos.com\/?s={search_term_string}"},"query-input":{"@type":"PropertyValueSpecification","valueRequired":true,"valueName":"search_term_string"}}],"inLanguage":"fr-FR"},{"@type":"Organization","@id":"https:\/\/www.micoulou-photos.com\/#organization","name":"Micoulou Photographie","url":"https:\/\/www.micoulou-photos.com\/","logo":{"@type":"ImageObject","inLanguage":"fr-FR","@id":"https:\/\/www.micoulou-photos.com\/#\/schema\/logo\/image\/","url":"https:\/\/i0.wp.com\/www.micoulou-photos.com\/wp-content\/uploads\/2020\/05\/cropped-891667_552097324824916_1615181552_o-1.jpg?fit=643%2C722&ssl=1","contentUrl":"https:\/\/i0.wp.com\/www.micoulou-photos.com\/wp-content\/uploads\/2020\/05\/cropped-891667_552097324824916_1615181552_o-1.jpg?fit=643%2C722&ssl=1","width":643,"height":722,"caption":"Micoulou Photographie"},"image":{"@id":"https:\/\/www.micoulou-photos.com\/#\/schema\/logo\/image\/"}},{"@type":"Person","@id":"https:\/\/www.micoulou-photos.com\/#\/schema\/person\/6aedfe8ebe91da632f46e7c9d806a722","name":"micoulou","image":{"@type":"ImageObject","inLanguage":"fr-FR","@id":"https:\/\/secure.gravatar.com\/avatar\/98f892eb7d267eab2faa437baa3edd708deaaa43929316c0cc7b751a04cb247b?s=96&d=mm&r=g","url":"https:\/\/secure.gravatar.com\/avatar\/98f892eb7d267eab2faa437baa3edd708deaaa43929316c0cc7b751a04cb247b?s=96&d=mm&r=g","contentUrl":"https:\/\/secure.gravatar.com\/avatar\/98f892eb7d267eab2faa437baa3edd708deaaa43929316c0cc7b751a04cb247b?s=96&d=mm&r=g","caption":"micoulou"},"url":"https:\/\/www.micoulou-photos.com\/index.php\/author\/micoulou\/"}]}},"jetpack_publicize_connections":[],"jetpack_featured_media_url":"","jetpack_sharing_enabled":true,"jetpack_shortlink":"https:\/\/wp.me\/p7zKF4-B","jetpack-related-posts":[{"id":1329,"url":"https:\/\/www.micoulou-photos.com\/index.php\/2015\/07\/19\/en-se-ballandant-sur-les-rives-du-danubes\/","url_meta":{"origin":37,"position":0},"title":"En se ballandant sur les rives du Danube","author":"micoulou","date":"19 juillet 2015","format":false,"excerpt":"Une s\u00e9rie, r\u00e9alis\u00e9e en 2013 \u00e0 Budapest, que je me d\u00e9cide enfin \u00e0 traiter... R\u00e9alis\u00e9 avec le Pentax K-30, le 18-55mm et un filtre ND Gradu\u00e9 bas de gamme, photo que j'ai ensuite trait\u00e9 pour corriger les couleurs. D'autres s\u00e9ries viendront bient\u00f4t :","rel":"","context":"Dans &quot;Hongrie&quot;","block_context":{"text":"Hongrie","link":"https:\/\/www.micoulou-photos.com\/index.php\/category\/voyage\/hongrie\/"},"img":{"alt_text":"","src":"https:\/\/i0.wp.com\/www.micoulou-photos.com\/wp-content\/uploads\/2015\/07\/IMGP3606-Modifier.jpg?fit=1200%2C795&ssl=1&resize=350%2C200","width":350,"height":200,"srcset":"https:\/\/i0.wp.com\/www.micoulou-photos.com\/wp-content\/uploads\/2015\/07\/IMGP3606-Modifier.jpg?fit=1200%2C795&ssl=1&resize=350%2C200 1x, https:\/\/i0.wp.com\/www.micoulou-photos.com\/wp-content\/uploads\/2015\/07\/IMGP3606-Modifier.jpg?fit=1200%2C795&ssl=1&resize=525%2C300 1.5x, https:\/\/i0.wp.com\/www.micoulou-photos.com\/wp-content\/uploads\/2015\/07\/IMGP3606-Modifier.jpg?fit=1200%2C795&ssl=1&resize=700%2C400 2x, https:\/\/i0.wp.com\/www.micoulou-photos.com\/wp-content\/uploads\/2015\/07\/IMGP3606-Modifier.jpg?fit=1200%2C795&ssl=1&resize=1050%2C600 3x"},"classes":[]},{"id":257,"url":"https:\/\/www.micoulou-photos.com\/index.php\/2008\/05\/21\/test-des-objo-pentax\/","url_meta":{"origin":37,"position":1},"title":"Test des objo pentax","author":"micoulou","date":"21 mai 2008","format":false,"excerpt":"Je viens de trier toutes mes photos du pentax depuis le mois de septembre, j'ai pu donc voir ce que valait mes objectifs, a peu pres...Le 18-55 n'est pas mauvais, j'ai de tr\u00e9s bonne photo si peu que l'on ferme un peu, ca pique et c'est assez contrast\u00e9, il y\u2026","rel":"","context":"Dans &quot;Non class\u00e9&quot;","block_context":{"text":"Non class\u00e9","link":"https:\/\/www.micoulou-photos.com\/index.php\/category\/non-classe\/"},"img":{"alt_text":"","src":"","width":0,"height":0},"classes":[]},{"id":139,"url":"https:\/\/www.micoulou-photos.com\/index.php\/2011\/11\/07\/week-end-a-quebec\/","url_meta":{"origin":37,"position":2},"title":"week end a Quebec","author":"micoulou","date":"7 novembre 2011","format":false,"excerpt":"J'ai pass\u00e9 le week end pr\u00e9c\u00e9dent \u00e0 Quebec\/Levis pour aller voir des amis et visiter le coin...Nous avons donc visit\u00e9 Wendake, village indien du quebec... Il est dommage de voir qu'une partie de ce patrimoine est perdu, il avait beaucoup \u00e0 nous apprendre...Le samedi soir, la fete d'haloween etait bien\u2026","rel":"","context":"Dans &quot;Non class\u00e9&quot;","block_context":{"text":"Non class\u00e9","link":"https:\/\/www.micoulou-photos.com\/index.php\/category\/non-classe\/"},"img":{"alt_text":"","src":"https:\/\/i0.wp.com\/2.bp.blogspot.com\/-LXP4JMGkICE\/TrS-2uRS7jI\/AAAAAAAApic\/67qs-wbtZHM\/s320\/IMGP6123.jpg?resize=350%2C200","width":350,"height":200},"classes":[]},{"id":2280,"url":"https:\/\/www.micoulou-photos.com\/index.php\/2016\/07\/06\/bretagne-les-pauses-longues\/","url_meta":{"origin":37,"position":3},"title":"Bretagne &#8211; Les pauses longues","author":"micoulou","date":"6 juillet 2016","format":false,"excerpt":"Quelques pauses logues en argentique, prise en Bretagne, en ce d\u00e9but de mois de juin... Quelques retour sur les pauses longues en argentique : c'est plus complexe que je le pensais, c'est difficile \u00e0 exposer correctement et une photos mal expos\u00e9e en argentique c'est souvent impossible \u00e0 scanner correctement. Pour\u2026","rel":"","context":"Dans &quot;voyage&quot;","block_context":{"text":"voyage","link":"https:\/\/www.micoulou-photos.com\/index.php\/category\/voyage\/"},"img":{"alt_text":"","src":"https:\/\/i0.wp.com\/www.micoulou-photos.com\/wp-content\/uploads\/2016\/07\/Scan-160630-0006.jpg?fit=1200%2C675&ssl=1&resize=350%2C200","width":350,"height":200,"srcset":"https:\/\/i0.wp.com\/www.micoulou-photos.com\/wp-content\/uploads\/2016\/07\/Scan-160630-0006.jpg?fit=1200%2C675&ssl=1&resize=350%2C200 1x, https:\/\/i0.wp.com\/www.micoulou-photos.com\/wp-content\/uploads\/2016\/07\/Scan-160630-0006.jpg?fit=1200%2C675&ssl=1&resize=525%2C300 1.5x, https:\/\/i0.wp.com\/www.micoulou-photos.com\/wp-content\/uploads\/2016\/07\/Scan-160630-0006.jpg?fit=1200%2C675&ssl=1&resize=700%2C400 2x, https:\/\/i0.wp.com\/www.micoulou-photos.com\/wp-content\/uploads\/2016\/07\/Scan-160630-0006.jpg?fit=1200%2C675&ssl=1&resize=1050%2C600 3x"},"classes":[]},{"id":2841,"url":"https:\/\/www.micoulou-photos.com\/index.php\/2016\/12\/28\/le-canon-10-18mm\/","url_meta":{"origin":37,"position":4},"title":"le Canon 10-18mm","author":"micoulou","date":"28 d\u00e9cembre 2016","format":false,"excerpt":"Encore une fois un article technique... Dans la m\u00eame veine que mes vid\u00e9os \"pPhot'antik\", un petit article sur du mat\u00e9riel \"low cost\"... Promis l'ann\u00e9e prochaine il y aura tr\u00e9s peu de technique ici. Le Canon 10-18mm est un objectif Cqnon pour reflex APS-C (et pouvant etre adapt\u00e9 sur Fuji X\u2026","rel":"","context":"Dans &quot;technique&quot;","block_context":{"text":"technique","link":"https:\/\/www.micoulou-photos.com\/index.php\/category\/technique\/"},"img":{"alt_text":"","src":"https:\/\/i0.wp.com\/www.micoulou-photos.com\/wp-content\/uploads\/2016\/12\/IMG_2217.jpg?fit=1200%2C514&ssl=1&resize=350%2C200","width":350,"height":200,"srcset":"https:\/\/i0.wp.com\/www.micoulou-photos.com\/wp-content\/uploads\/2016\/12\/IMG_2217.jpg?fit=1200%2C514&ssl=1&resize=350%2C200 1x, https:\/\/i0.wp.com\/www.micoulou-photos.com\/wp-content\/uploads\/2016\/12\/IMG_2217.jpg?fit=1200%2C514&ssl=1&resize=525%2C300 1.5x, https:\/\/i0.wp.com\/www.micoulou-photos.com\/wp-content\/uploads\/2016\/12\/IMG_2217.jpg?fit=1200%2C514&ssl=1&resize=700%2C400 2x, https:\/\/i0.wp.com\/www.micoulou-photos.com\/wp-content\/uploads\/2016\/12\/IMG_2217.jpg?fit=1200%2C514&ssl=1&resize=1050%2C600 3x"},"classes":[]},{"id":1183,"url":"https:\/\/www.micoulou-photos.com\/index.php\/2014\/12\/20\/photantik-2-le-yashica-35\/","url_meta":{"origin":37,"position":5},"title":"phot&rsquo;antik 2 : Le Yashica 35","author":"micoulou","date":"20 d\u00e9cembre 2014","format":false,"excerpt":"Le yashica 35 \u00e0 Voiron Le yashica 35, appareil des ann\u00e9es 60, d\u00e9but des ann\u00e9es 70 est un appareil assez commun, assez massif et plut\u00f4t agr\u00e9able \u00e0 utiliser. Il est par contre assez lourd, tout manuel (sans cellule, sans pile). La qualit\u00e9 d'image du miens est moyenne, avec un flare\u2026","rel":"","context":"Dans &quot;phot'antik&quot;","block_context":{"text":"phot'antik","link":"https:\/\/www.micoulou-photos.com\/index.php\/category\/photantik\/"},"img":{"alt_text":"","src":"https:\/\/i0.wp.com\/www.micoulou-photos.com\/wp-content\/uploads\/2014\/12\/image143.jpg?resize=350%2C200","width":350,"height":200,"srcset":"https:\/\/i0.wp.com\/www.micoulou-photos.com\/wp-content\/uploads\/2014\/12\/image143.jpg?resize=350%2C200 1x, https:\/\/i0.wp.com\/www.micoulou-photos.com\/wp-content\/uploads\/2014\/12\/image143.jpg?resize=525%2C300 1.5x, https:\/\/i0.wp.com\/www.micoulou-photos.com\/wp-content\/uploads\/2014\/12\/image143.jpg?resize=700%2C400 2x, https:\/\/i0.wp.com\/www.micoulou-photos.com\/wp-content\/uploads\/2014\/12\/image143.jpg?resize=1050%2C600 3x, https:\/\/i0.wp.com\/www.micoulou-photos.com\/wp-content\/uploads\/2014\/12\/image143.jpg?resize=1400%2C800 4x"},"classes":[]}],"_links":{"self":[{"href":"https:\/\/www.micoulou-photos.com\/index.php\/wp-json\/wp\/v2\/posts\/37","targetHints":{"allow":["GET"]}}],"collection":[{"href":"https:\/\/www.micoulou-photos.com\/index.php\/wp-json\/wp\/v2\/posts"}],"about":[{"href":"https:\/\/www.micoulou-photos.com\/index.php\/wp-json\/wp\/v2\/types\/post"}],"author":[{"embeddable":true,"href":"https:\/\/www.micoulou-photos.com\/index.php\/wp-json\/wp\/v2\/users\/1"}],"replies":[{"embeddable":true,"href":"https:\/\/www.micoulou-photos.com\/index.php\/wp-json\/wp\/v2\/comments?post=37"}],"version-history":[{"count":1,"href":"https:\/\/www.micoulou-photos.com\/index.php\/wp-json\/wp\/v2\/posts\/37\/revisions"}],"predecessor-version":[{"id":5957,"href":"https:\/\/www.micoulou-photos.com\/index.php\/wp-json\/wp\/v2\/posts\/37\/revisions\/5957"}],"wp:attachment":[{"href":"https:\/\/www.micoulou-photos.com\/index.php\/wp-json\/wp\/v2\/media?parent=37"}],"wp:term":[{"taxonomy":"category","embeddable":true,"href":"https:\/\/www.micoulou-photos.com\/index.php\/wp-json\/wp\/v2\/categories?post=37"},{"taxonomy":"post_tag","embeddable":true,"href":"https:\/\/www.micoulou-photos.com\/index.php\/wp-json\/wp\/v2\/tags?post=37"}],"curies":[{"name":"wp","href":"https:\/\/api.w.org\/{rel}","templated":true}]}}