{"id":3383,"date":"2017-06-14T20:39:44","date_gmt":"2017-06-14T19:39:44","guid":{"rendered":"http:\/\/www.micoulou-photos.com\/?p=3383"},"modified":"2020-04-25T23:14:47","modified_gmt":"2020-04-25T22:14:47","slug":"pauses-longues-en-bretagne","status":"publish","type":"post","link":"https:\/\/www.micoulou-photos.com\/index.php\/2017\/06\/14\/pauses-longues-en-bretagne\/","title":{"rendered":"Pauses longues en Bretagne"},"content":{"rendered":"<p>En attendant, encore une fois, le reste de mes s\u00e9rie (oui, j&rsquo;en ai beaucoup \u00e0 trier et traiter&#8230;), voici quelques paysages Breton en Pause longue&#8230;<\/p>\n<p><a href=\"http:\/\/www.micoulou-photos.com\/index.php\/fr\/2017\/06\/14\/pauses-longues-en-bretagne\/img_2394-modifier\/\" rel=\"attachment wp-att-3384\"><img data-recalc-dims=\"1\" fetchpriority=\"high\" decoding=\"async\" data-attachment-id=\"3384\" data-permalink=\"https:\/\/www.micoulou-photos.com\/index.php\/2017\/06\/14\/pauses-longues-en-bretagne\/img_2394-modifier\/\" data-orig-file=\"https:\/\/i0.wp.com\/www.micoulou-photos.com\/wp-content\/uploads\/2017\/06\/IMG_2394-Modifier.jpg?fit=1200%2C900&amp;ssl=1\" data-orig-size=\"1200,900\" data-comments-opened=\"1\" data-image-meta=\"{&quot;aperture&quot;:&quot;9&quot;,&quot;credit&quot;:&quot;Mickael Minarie&quot;,&quot;camera&quot;:&quot;Canon PowerShot G1 X&quot;,&quot;caption&quot;:&quot;&quot;,&quot;created_timestamp&quot;:&quot;1493394639&quot;,&quot;copyright&quot;:&quot;MICOULOU PHOTOGRAPHIE\\rwww.micoulou-photos.com&quot;,&quot;focal_length&quot;:&quot;60.4&quot;,&quot;iso&quot;:&quot;100&quot;,&quot;shutter_speed&quot;:&quot;25&quot;,&quot;title&quot;:&quot;&quot;,&quot;orientation&quot;:&quot;0&quot;}\" data-image-title=\"IMG_2394-Modifier\" data-image-description=\"\" data-image-caption=\"\" data-large-file=\"https:\/\/i0.wp.com\/www.micoulou-photos.com\/wp-content\/uploads\/2017\/06\/IMG_2394-Modifier.jpg?fit=800%2C600&amp;ssl=1\" class=\"alignnone size-medium wp-image-3384\" src=\"https:\/\/i0.wp.com\/www.micoulou-photos.com\/wp-content\/uploads\/2017\/06\/IMG_2394-Modifier-300x225.jpg?resize=300%2C225\" alt=\"\" width=\"300\" height=\"225\" srcset=\"https:\/\/i0.wp.com\/www.micoulou-photos.com\/wp-content\/uploads\/2017\/06\/IMG_2394-Modifier.jpg?resize=300%2C225&amp;ssl=1 300w, https:\/\/i0.wp.com\/www.micoulou-photos.com\/wp-content\/uploads\/2017\/06\/IMG_2394-Modifier.jpg?w=1200&amp;ssl=1 1200w, https:\/\/i0.wp.com\/www.micoulou-photos.com\/wp-content\/uploads\/2017\/06\/IMG_2394-Modifier.jpg?resize=960%2C720&amp;ssl=1 960w\" sizes=\"(max-width: 300px) 100vw, 300px\" \/><\/a> <a href=\"http:\/\/www.micoulou-photos.com\/index.php\/fr\/2017\/06\/14\/pauses-longues-en-bretagne\/img_2396-modifier\/\" rel=\"attachment wp-att-3385\"><img data-recalc-dims=\"1\" decoding=\"async\" data-attachment-id=\"3385\" data-permalink=\"https:\/\/www.micoulou-photos.com\/index.php\/2017\/06\/14\/pauses-longues-en-bretagne\/img_2396-modifier\/\" data-orig-file=\"https:\/\/i0.wp.com\/www.micoulou-photos.com\/wp-content\/uploads\/2017\/06\/IMG_2396-Modifier.jpg?fit=1200%2C1200&amp;ssl=1\" data-orig-size=\"1200,1200\" data-comments-opened=\"1\" data-image-meta=\"{&quot;aperture&quot;:&quot;8&quot;,&quot;credit&quot;:&quot;Mickael Minarie&quot;,&quot;camera&quot;:&quot;Canon PowerShot G1 X&quot;,&quot;caption&quot;:&quot;&quot;,&quot;created_timestamp&quot;:&quot;1493394886&quot;,&quot;copyright&quot;:&quot;MICOULOU PHOTOGRAPHIE\\rwww.micoulou-photos.com&quot;,&quot;focal_length&quot;:&quot;52.195&quot;,&quot;iso&quot;:&quot;100&quot;,&quot;shutter_speed&quot;:&quot;30&quot;,&quot;title&quot;:&quot;&quot;,&quot;orientation&quot;:&quot;0&quot;}\" data-image-title=\"IMG_2396-Modifier\" data-image-description=\"\" data-image-caption=\"\" data-large-file=\"https:\/\/i0.wp.com\/www.micoulou-photos.com\/wp-content\/uploads\/2017\/06\/IMG_2396-Modifier.jpg?fit=800%2C800&amp;ssl=1\" class=\"alignnone size-medium wp-image-3385\" src=\"https:\/\/i0.wp.com\/www.micoulou-photos.com\/wp-content\/uploads\/2017\/06\/IMG_2396-Modifier-300x300.jpg?resize=300%2C300\" alt=\"\" width=\"300\" height=\"300\" srcset=\"https:\/\/i0.wp.com\/www.micoulou-photos.com\/wp-content\/uploads\/2017\/06\/IMG_2396-Modifier.jpg?resize=300%2C300&amp;ssl=1 300w, https:\/\/i0.wp.com\/www.micoulou-photos.com\/wp-content\/uploads\/2017\/06\/IMG_2396-Modifier.jpg?resize=150%2C150&amp;ssl=1 150w, https:\/\/i0.wp.com\/www.micoulou-photos.com\/wp-content\/uploads\/2017\/06\/IMG_2396-Modifier.jpg?resize=1024%2C1024&amp;ssl=1 1024w, https:\/\/i0.wp.com\/www.micoulou-photos.com\/wp-content\/uploads\/2017\/06\/IMG_2396-Modifier.jpg?resize=960%2C960&amp;ssl=1 960w, https:\/\/i0.wp.com\/www.micoulou-photos.com\/wp-content\/uploads\/2017\/06\/IMG_2396-Modifier.jpg?w=1200&amp;ssl=1 1200w\" sizes=\"(max-width: 300px) 100vw, 300px\" \/><\/a><\/p>\n","protected":false},"excerpt":{"rendered":"<p>En attendant, encore une fois, le reste de mes s\u00e9rie (oui, j&rsquo;en ai beaucoup \u00e0 trier et traiter&#8230;), voici quelques paysages Breton en Pause longue&#8230;<\/p>\n","protected":false},"author":1,"featured_media":3386,"comment_status":"open","ping_status":"open","sticky":false,"template":"","format":"standard","meta":{"jetpack_post_was_ever_published":false,"_jetpack_newsletter_access":"","_jetpack_dont_email_post_to_subs":false,"_jetpack_newsletter_tier_id":0,"_jetpack_memberships_contains_paywalled_content":false,"_jetpack_memberships_contains_paid_content":false,"footnotes":"","jetpack_publicize_message":"","jetpack_publicize_feature_enabled":true,"jetpack_social_post_already_shared":true,"jetpack_social_options":{"image_generator_settings":{"template":"highway","default_image_id":0,"font":"","enabled":false},"version":2}},"categories":[6],"tags":[283,268,963],"class_list":["post-3383","post","type-post","status-publish","format-standard","has-post-thumbnail","hentry","category-voyage","tag-canon-g1x","tag-nd1000","tag-paysage-breton"],"yoast_head":"<!-- This site is optimized with the Yoast SEO plugin v27.5 - https:\/\/yoast.com\/product\/yoast-seo-wordpress\/ -->\n<title>Pauses longues en Bretagne - Micoulou Photographie<\/title>\n<meta name=\"robots\" content=\"index, follow, max-snippet:-1, max-image-preview:large, max-video-preview:-1\" \/>\n<link rel=\"canonical\" href=\"https:\/\/www.micoulou-photos.com\/index.php\/2017\/06\/14\/pauses-longues-en-bretagne\/\" \/>\n<meta property=\"og:locale\" content=\"fr_FR\" \/>\n<meta property=\"og:type\" content=\"article\" \/>\n<meta property=\"og:title\" content=\"Pauses longues en Bretagne - Micoulou Photographie\" \/>\n<meta property=\"og:description\" content=\"En attendant, encore une fois, le reste de mes s\u00e9rie (oui, j&rsquo;en ai beaucoup \u00e0 trier et traiter&#8230;), voici quelques paysages Breton en Pause longue&#8230;\" \/>\n<meta property=\"og:url\" content=\"https:\/\/www.micoulou-photos.com\/index.php\/2017\/06\/14\/pauses-longues-en-bretagne\/\" \/>\n<meta property=\"og:site_name\" content=\"Micoulou Photographie\" \/>\n<meta property=\"article:published_time\" content=\"2017-06-14T19:39:44+00:00\" \/>\n<meta property=\"article:modified_time\" content=\"2020-04-25T22:14:47+00:00\" \/>\n<meta property=\"og:image\" content=\"https:\/\/i0.wp.com\/www.micoulou-photos.com\/wp-content\/uploads\/2017\/06\/IMG_2398.jpg?fit=1200%2C900&ssl=1\" \/>\n\t<meta property=\"og:image:width\" content=\"1200\" \/>\n\t<meta property=\"og:image:height\" content=\"900\" \/>\n\t<meta property=\"og:image:type\" content=\"image\/jpeg\" \/>\n<meta name=\"author\" content=\"micoulou\" \/>\n<meta name=\"twitter:card\" content=\"summary_large_image\" \/>\n<meta name=\"twitter:label1\" content=\"\u00c9crit par\" \/>\n\t<meta name=\"twitter:data1\" content=\"micoulou\" \/>\n<script type=\"application\/ld+json\" class=\"yoast-schema-graph\">{\"@context\":\"https:\\\/\\\/schema.org\",\"@graph\":[{\"@type\":\"Article\",\"@id\":\"https:\\\/\\\/www.micoulou-photos.com\\\/index.php\\\/2017\\\/06\\\/14\\\/pauses-longues-en-bretagne\\\/#article\",\"isPartOf\":{\"@id\":\"https:\\\/\\\/www.micoulou-photos.com\\\/index.php\\\/2017\\\/06\\\/14\\\/pauses-longues-en-bretagne\\\/\"},\"author\":{\"name\":\"micoulou\",\"@id\":\"https:\\\/\\\/www.micoulou-photos.com\\\/#\\\/schema\\\/person\\\/6aedfe8ebe91da632f46e7c9d806a722\"},\"headline\":\"Pauses longues en Bretagne\",\"datePublished\":\"2017-06-14T19:39:44+00:00\",\"dateModified\":\"2020-04-25T22:14:47+00:00\",\"mainEntityOfPage\":{\"@id\":\"https:\\\/\\\/www.micoulou-photos.com\\\/index.php\\\/2017\\\/06\\\/14\\\/pauses-longues-en-bretagne\\\/\"},\"wordCount\":30,\"commentCount\":0,\"publisher\":{\"@id\":\"https:\\\/\\\/www.micoulou-photos.com\\\/#organization\"},\"image\":{\"@id\":\"https:\\\/\\\/www.micoulou-photos.com\\\/index.php\\\/2017\\\/06\\\/14\\\/pauses-longues-en-bretagne\\\/#primaryimage\"},\"thumbnailUrl\":\"https:\\\/\\\/i0.wp.com\\\/www.micoulou-photos.com\\\/wp-content\\\/uploads\\\/2017\\\/06\\\/IMG_2398.jpg?fit=1200%2C900&ssl=1\",\"keywords\":[\"Canon G1X\",\"nd1000\",\"paysage breton\"],\"articleSection\":[\"voyage\"],\"inLanguage\":\"fr-FR\",\"potentialAction\":[{\"@type\":\"CommentAction\",\"name\":\"Comment\",\"target\":[\"https:\\\/\\\/www.micoulou-photos.com\\\/index.php\\\/2017\\\/06\\\/14\\\/pauses-longues-en-bretagne\\\/#respond\"]}]},{\"@type\":\"WebPage\",\"@id\":\"https:\\\/\\\/www.micoulou-photos.com\\\/index.php\\\/2017\\\/06\\\/14\\\/pauses-longues-en-bretagne\\\/\",\"url\":\"https:\\\/\\\/www.micoulou-photos.com\\\/index.php\\\/2017\\\/06\\\/14\\\/pauses-longues-en-bretagne\\\/\",\"name\":\"Pauses longues en Bretagne - Micoulou Photographie\",\"isPartOf\":{\"@id\":\"https:\\\/\\\/www.micoulou-photos.com\\\/#website\"},\"primaryImageOfPage\":{\"@id\":\"https:\\\/\\\/www.micoulou-photos.com\\\/index.php\\\/2017\\\/06\\\/14\\\/pauses-longues-en-bretagne\\\/#primaryimage\"},\"image\":{\"@id\":\"https:\\\/\\\/www.micoulou-photos.com\\\/index.php\\\/2017\\\/06\\\/14\\\/pauses-longues-en-bretagne\\\/#primaryimage\"},\"thumbnailUrl\":\"https:\\\/\\\/i0.wp.com\\\/www.micoulou-photos.com\\\/wp-content\\\/uploads\\\/2017\\\/06\\\/IMG_2398.jpg?fit=1200%2C900&ssl=1\",\"datePublished\":\"2017-06-14T19:39:44+00:00\",\"dateModified\":\"2020-04-25T22:14:47+00:00\",\"breadcrumb\":{\"@id\":\"https:\\\/\\\/www.micoulou-photos.com\\\/index.php\\\/2017\\\/06\\\/14\\\/pauses-longues-en-bretagne\\\/#breadcrumb\"},\"inLanguage\":\"fr-FR\",\"potentialAction\":[{\"@type\":\"ReadAction\",\"target\":[\"https:\\\/\\\/www.micoulou-photos.com\\\/index.php\\\/2017\\\/06\\\/14\\\/pauses-longues-en-bretagne\\\/\"]}]},{\"@type\":\"ImageObject\",\"inLanguage\":\"fr-FR\",\"@id\":\"https:\\\/\\\/www.micoulou-photos.com\\\/index.php\\\/2017\\\/06\\\/14\\\/pauses-longues-en-bretagne\\\/#primaryimage\",\"url\":\"https:\\\/\\\/i0.wp.com\\\/www.micoulou-photos.com\\\/wp-content\\\/uploads\\\/2017\\\/06\\\/IMG_2398.jpg?fit=1200%2C900&ssl=1\",\"contentUrl\":\"https:\\\/\\\/i0.wp.com\\\/www.micoulou-photos.com\\\/wp-content\\\/uploads\\\/2017\\\/06\\\/IMG_2398.jpg?fit=1200%2C900&ssl=1\",\"width\":1200,\"height\":900},{\"@type\":\"BreadcrumbList\",\"@id\":\"https:\\\/\\\/www.micoulou-photos.com\\\/index.php\\\/2017\\\/06\\\/14\\\/pauses-longues-en-bretagne\\\/#breadcrumb\",\"itemListElement\":[{\"@type\":\"ListItem\",\"position\":1,\"name\":\"Accueil\",\"item\":\"https:\\\/\\\/www.micoulou-photos.com\\\/\"},{\"@type\":\"ListItem\",\"position\":2,\"name\":\"Pauses longues en Bretagne\"}]},{\"@type\":\"WebSite\",\"@id\":\"https:\\\/\\\/www.micoulou-photos.com\\\/#website\",\"url\":\"https:\\\/\\\/www.micoulou-photos.com\\\/\",\"name\":\"Micoulou Photographie\",\"description\":\"Photographies, Visites virtuelles et formations par Mickael Minarie\",\"publisher\":{\"@id\":\"https:\\\/\\\/www.micoulou-photos.com\\\/#organization\"},\"potentialAction\":[{\"@type\":\"SearchAction\",\"target\":{\"@type\":\"EntryPoint\",\"urlTemplate\":\"https:\\\/\\\/www.micoulou-photos.com\\\/?s={search_term_string}\"},\"query-input\":{\"@type\":\"PropertyValueSpecification\",\"valueRequired\":true,\"valueName\":\"search_term_string\"}}],\"inLanguage\":\"fr-FR\"},{\"@type\":\"Organization\",\"@id\":\"https:\\\/\\\/www.micoulou-photos.com\\\/#organization\",\"name\":\"Micoulou Photographie\",\"url\":\"https:\\\/\\\/www.micoulou-photos.com\\\/\",\"logo\":{\"@type\":\"ImageObject\",\"inLanguage\":\"fr-FR\",\"@id\":\"https:\\\/\\\/www.micoulou-photos.com\\\/#\\\/schema\\\/logo\\\/image\\\/\",\"url\":\"https:\\\/\\\/i0.wp.com\\\/www.micoulou-photos.com\\\/wp-content\\\/uploads\\\/2020\\\/05\\\/cropped-891667_552097324824916_1615181552_o-1.jpg?fit=643%2C722&ssl=1\",\"contentUrl\":\"https:\\\/\\\/i0.wp.com\\\/www.micoulou-photos.com\\\/wp-content\\\/uploads\\\/2020\\\/05\\\/cropped-891667_552097324824916_1615181552_o-1.jpg?fit=643%2C722&ssl=1\",\"width\":643,\"height\":722,\"caption\":\"Micoulou Photographie\"},\"image\":{\"@id\":\"https:\\\/\\\/www.micoulou-photos.com\\\/#\\\/schema\\\/logo\\\/image\\\/\"}},{\"@type\":\"Person\",\"@id\":\"https:\\\/\\\/www.micoulou-photos.com\\\/#\\\/schema\\\/person\\\/6aedfe8ebe91da632f46e7c9d806a722\",\"name\":\"micoulou\",\"image\":{\"@type\":\"ImageObject\",\"inLanguage\":\"fr-FR\",\"@id\":\"https:\\\/\\\/secure.gravatar.com\\\/avatar\\\/98f892eb7d267eab2faa437baa3edd708deaaa43929316c0cc7b751a04cb247b?s=96&d=mm&r=g\",\"url\":\"https:\\\/\\\/secure.gravatar.com\\\/avatar\\\/98f892eb7d267eab2faa437baa3edd708deaaa43929316c0cc7b751a04cb247b?s=96&d=mm&r=g\",\"contentUrl\":\"https:\\\/\\\/secure.gravatar.com\\\/avatar\\\/98f892eb7d267eab2faa437baa3edd708deaaa43929316c0cc7b751a04cb247b?s=96&d=mm&r=g\",\"caption\":\"micoulou\"},\"url\":\"https:\\\/\\\/www.micoulou-photos.com\\\/index.php\\\/author\\\/micoulou\\\/\"}]}<\/script>\n<!-- \/ Yoast SEO plugin. -->","yoast_head_json":{"title":"Pauses longues en Bretagne - Micoulou Photographie","robots":{"index":"index","follow":"follow","max-snippet":"max-snippet:-1","max-image-preview":"max-image-preview:large","max-video-preview":"max-video-preview:-1"},"canonical":"https:\/\/www.micoulou-photos.com\/index.php\/2017\/06\/14\/pauses-longues-en-bretagne\/","og_locale":"fr_FR","og_type":"article","og_title":"Pauses longues en Bretagne - Micoulou Photographie","og_description":"En attendant, encore une fois, le reste de mes s\u00e9rie (oui, j&rsquo;en ai beaucoup \u00e0 trier et traiter&#8230;), voici quelques paysages Breton en Pause longue&#8230;","og_url":"https:\/\/www.micoulou-photos.com\/index.php\/2017\/06\/14\/pauses-longues-en-bretagne\/","og_site_name":"Micoulou Photographie","article_published_time":"2017-06-14T19:39:44+00:00","article_modified_time":"2020-04-25T22:14:47+00:00","og_image":[{"width":1200,"height":900,"url":"https:\/\/i0.wp.com\/www.micoulou-photos.com\/wp-content\/uploads\/2017\/06\/IMG_2398.jpg?fit=1200%2C900&ssl=1","type":"image\/jpeg"}],"author":"micoulou","twitter_card":"summary_large_image","twitter_misc":{"\u00c9crit par":"micoulou"},"schema":{"@context":"https:\/\/schema.org","@graph":[{"@type":"Article","@id":"https:\/\/www.micoulou-photos.com\/index.php\/2017\/06\/14\/pauses-longues-en-bretagne\/#article","isPartOf":{"@id":"https:\/\/www.micoulou-photos.com\/index.php\/2017\/06\/14\/pauses-longues-en-bretagne\/"},"author":{"name":"micoulou","@id":"https:\/\/www.micoulou-photos.com\/#\/schema\/person\/6aedfe8ebe91da632f46e7c9d806a722"},"headline":"Pauses longues en Bretagne","datePublished":"2017-06-14T19:39:44+00:00","dateModified":"2020-04-25T22:14:47+00:00","mainEntityOfPage":{"@id":"https:\/\/www.micoulou-photos.com\/index.php\/2017\/06\/14\/pauses-longues-en-bretagne\/"},"wordCount":30,"commentCount":0,"publisher":{"@id":"https:\/\/www.micoulou-photos.com\/#organization"},"image":{"@id":"https:\/\/www.micoulou-photos.com\/index.php\/2017\/06\/14\/pauses-longues-en-bretagne\/#primaryimage"},"thumbnailUrl":"https:\/\/i0.wp.com\/www.micoulou-photos.com\/wp-content\/uploads\/2017\/06\/IMG_2398.jpg?fit=1200%2C900&ssl=1","keywords":["Canon G1X","nd1000","paysage breton"],"articleSection":["voyage"],"inLanguage":"fr-FR","potentialAction":[{"@type":"CommentAction","name":"Comment","target":["https:\/\/www.micoulou-photos.com\/index.php\/2017\/06\/14\/pauses-longues-en-bretagne\/#respond"]}]},{"@type":"WebPage","@id":"https:\/\/www.micoulou-photos.com\/index.php\/2017\/06\/14\/pauses-longues-en-bretagne\/","url":"https:\/\/www.micoulou-photos.com\/index.php\/2017\/06\/14\/pauses-longues-en-bretagne\/","name":"Pauses longues en Bretagne - Micoulou Photographie","isPartOf":{"@id":"https:\/\/www.micoulou-photos.com\/#website"},"primaryImageOfPage":{"@id":"https:\/\/www.micoulou-photos.com\/index.php\/2017\/06\/14\/pauses-longues-en-bretagne\/#primaryimage"},"image":{"@id":"https:\/\/www.micoulou-photos.com\/index.php\/2017\/06\/14\/pauses-longues-en-bretagne\/#primaryimage"},"thumbnailUrl":"https:\/\/i0.wp.com\/www.micoulou-photos.com\/wp-content\/uploads\/2017\/06\/IMG_2398.jpg?fit=1200%2C900&ssl=1","datePublished":"2017-06-14T19:39:44+00:00","dateModified":"2020-04-25T22:14:47+00:00","breadcrumb":{"@id":"https:\/\/www.micoulou-photos.com\/index.php\/2017\/06\/14\/pauses-longues-en-bretagne\/#breadcrumb"},"inLanguage":"fr-FR","potentialAction":[{"@type":"ReadAction","target":["https:\/\/www.micoulou-photos.com\/index.php\/2017\/06\/14\/pauses-longues-en-bretagne\/"]}]},{"@type":"ImageObject","inLanguage":"fr-FR","@id":"https:\/\/www.micoulou-photos.com\/index.php\/2017\/06\/14\/pauses-longues-en-bretagne\/#primaryimage","url":"https:\/\/i0.wp.com\/www.micoulou-photos.com\/wp-content\/uploads\/2017\/06\/IMG_2398.jpg?fit=1200%2C900&ssl=1","contentUrl":"https:\/\/i0.wp.com\/www.micoulou-photos.com\/wp-content\/uploads\/2017\/06\/IMG_2398.jpg?fit=1200%2C900&ssl=1","width":1200,"height":900},{"@type":"BreadcrumbList","@id":"https:\/\/www.micoulou-photos.com\/index.php\/2017\/06\/14\/pauses-longues-en-bretagne\/#breadcrumb","itemListElement":[{"@type":"ListItem","position":1,"name":"Accueil","item":"https:\/\/www.micoulou-photos.com\/"},{"@type":"ListItem","position":2,"name":"Pauses longues en Bretagne"}]},{"@type":"WebSite","@id":"https:\/\/www.micoulou-photos.com\/#website","url":"https:\/\/www.micoulou-photos.com\/","name":"Micoulou Photographie","description":"Photographies, Visites virtuelles et formations par Mickael Minarie","publisher":{"@id":"https:\/\/www.micoulou-photos.com\/#organization"},"potentialAction":[{"@type":"SearchAction","target":{"@type":"EntryPoint","urlTemplate":"https:\/\/www.micoulou-photos.com\/?s={search_term_string}"},"query-input":{"@type":"PropertyValueSpecification","valueRequired":true,"valueName":"search_term_string"}}],"inLanguage":"fr-FR"},{"@type":"Organization","@id":"https:\/\/www.micoulou-photos.com\/#organization","name":"Micoulou Photographie","url":"https:\/\/www.micoulou-photos.com\/","logo":{"@type":"ImageObject","inLanguage":"fr-FR","@id":"https:\/\/www.micoulou-photos.com\/#\/schema\/logo\/image\/","url":"https:\/\/i0.wp.com\/www.micoulou-photos.com\/wp-content\/uploads\/2020\/05\/cropped-891667_552097324824916_1615181552_o-1.jpg?fit=643%2C722&ssl=1","contentUrl":"https:\/\/i0.wp.com\/www.micoulou-photos.com\/wp-content\/uploads\/2020\/05\/cropped-891667_552097324824916_1615181552_o-1.jpg?fit=643%2C722&ssl=1","width":643,"height":722,"caption":"Micoulou Photographie"},"image":{"@id":"https:\/\/www.micoulou-photos.com\/#\/schema\/logo\/image\/"}},{"@type":"Person","@id":"https:\/\/www.micoulou-photos.com\/#\/schema\/person\/6aedfe8ebe91da632f46e7c9d806a722","name":"micoulou","image":{"@type":"ImageObject","inLanguage":"fr-FR","@id":"https:\/\/secure.gravatar.com\/avatar\/98f892eb7d267eab2faa437baa3edd708deaaa43929316c0cc7b751a04cb247b?s=96&d=mm&r=g","url":"https:\/\/secure.gravatar.com\/avatar\/98f892eb7d267eab2faa437baa3edd708deaaa43929316c0cc7b751a04cb247b?s=96&d=mm&r=g","contentUrl":"https:\/\/secure.gravatar.com\/avatar\/98f892eb7d267eab2faa437baa3edd708deaaa43929316c0cc7b751a04cb247b?s=96&d=mm&r=g","caption":"micoulou"},"url":"https:\/\/www.micoulou-photos.com\/index.php\/author\/micoulou\/"}]}},"jetpack_publicize_connections":[],"jetpack_featured_media_url":"https:\/\/i0.wp.com\/www.micoulou-photos.com\/wp-content\/uploads\/2017\/06\/IMG_2398.jpg?fit=1200%2C900&ssl=1","jetpack_sharing_enabled":true,"jetpack_shortlink":"https:\/\/wp.me\/p7zKF4-Sz","jetpack-related-posts":[{"id":2280,"url":"https:\/\/www.micoulou-photos.com\/index.php\/2016\/07\/06\/bretagne-les-pauses-longues\/","url_meta":{"origin":3383,"position":0},"title":"Bretagne &#8211; Les pauses longues","author":"micoulou","date":"6 juillet 2016","format":false,"excerpt":"Quelques pauses logues en argentique, prise en Bretagne, en ce d\u00e9but de mois de juin... Quelques retour sur les pauses longues en argentique : c'est plus complexe que je le pensais, c'est difficile \u00e0 exposer correctement et une photos mal expos\u00e9e en argentique c'est souvent impossible \u00e0 scanner correctement. Pour\u2026","rel":"","context":"Dans &quot;voyage&quot;","block_context":{"text":"voyage","link":"https:\/\/www.micoulou-photos.com\/index.php\/category\/voyage\/"},"img":{"alt_text":"","src":"https:\/\/i0.wp.com\/www.micoulou-photos.com\/wp-content\/uploads\/2016\/07\/Scan-160630-0006.jpg?fit=1200%2C675&ssl=1&resize=350%2C200","width":350,"height":200,"srcset":"https:\/\/i0.wp.com\/www.micoulou-photos.com\/wp-content\/uploads\/2016\/07\/Scan-160630-0006.jpg?fit=1200%2C675&ssl=1&resize=350%2C200 1x, https:\/\/i0.wp.com\/www.micoulou-photos.com\/wp-content\/uploads\/2016\/07\/Scan-160630-0006.jpg?fit=1200%2C675&ssl=1&resize=525%2C300 1.5x, https:\/\/i0.wp.com\/www.micoulou-photos.com\/wp-content\/uploads\/2016\/07\/Scan-160630-0006.jpg?fit=1200%2C675&ssl=1&resize=700%2C400 2x, https:\/\/i0.wp.com\/www.micoulou-photos.com\/wp-content\/uploads\/2016\/07\/Scan-160630-0006.jpg?fit=1200%2C675&ssl=1&resize=1050%2C600 3x"},"classes":[]},{"id":82,"url":"https:\/\/www.micoulou-photos.com\/index.php\/2012\/12\/06\/pauses-longues-a-lyon\/","url_meta":{"origin":3383,"position":1},"title":"Pauses longues \u00e0 Lyon","author":"micoulou","date":"6 d\u00e9cembre 2012","format":false,"excerpt":"Des essais de pauses longues, mieux reussis que ceux d'Aberdeen...","rel":"","context":"Dans &quot;Non class\u00e9&quot;","block_context":{"text":"Non class\u00e9","link":"https:\/\/www.micoulou-photos.com\/index.php\/category\/non-classe\/"},"img":{"alt_text":"","src":"https:\/\/i0.wp.com\/4.bp.blogspot.com\/-ZyJVal6edbI\/UIwiHld3BeI\/AAAAAAAA4QU\/8FW21Mlm8OU\/s320\/CRW_8659.jpg?resize=350%2C200","width":350,"height":200},"classes":[]},{"id":11,"url":"https:\/\/www.micoulou-photos.com\/index.php\/2016\/05\/14\/pauses-longues-a-aberdeen\/","url_meta":{"origin":3383,"position":2},"title":"Pauses longues \u00e0 Aberdeen","author":"micoulou","date":"14 mai 2016","format":false,"excerpt":"2 ans \u00e0 Aberdeen, et pas une seule pauses longues, il est temps de rectifier le tir... Je reposterais surement d'autres images de la serie, et j'y retournerais surement...","rel":"","context":"Dans &quot;Non class\u00e9&quot;","block_context":{"text":"Non class\u00e9","link":"https:\/\/www.micoulou-photos.com\/index.php\/category\/non-classe\/"},"img":{"alt_text":"","src":"https:\/\/i0.wp.com\/www.micoulou-photos.com\/wp-content\/uploads\/2016\/05\/IMG_5974-1.jpg?fit=1000%2C1000&ssl=1&resize=350%2C200","width":350,"height":200,"srcset":"https:\/\/i0.wp.com\/www.micoulou-photos.com\/wp-content\/uploads\/2016\/05\/IMG_5974-1.jpg?fit=1000%2C1000&ssl=1&resize=350%2C200 1x, https:\/\/i0.wp.com\/www.micoulou-photos.com\/wp-content\/uploads\/2016\/05\/IMG_5974-1.jpg?fit=1000%2C1000&ssl=1&resize=525%2C300 1.5x, https:\/\/i0.wp.com\/www.micoulou-photos.com\/wp-content\/uploads\/2016\/05\/IMG_5974-1.jpg?fit=1000%2C1000&ssl=1&resize=700%2C400 2x"},"classes":[]},{"id":2476,"url":"https:\/\/www.micoulou-photos.com\/index.php\/2016\/09\/02\/tableau-photo-saal-digital\/","url_meta":{"origin":3383,"position":3},"title":"Tableau photo saal digital","author":"micoulou","date":"2 septembre 2016","format":false,"excerpt":"En ao\u00fbt, j'ai pu voir sur Facebook que saal digital faisait des tableaux photos ( http:\/\/www.saal-digital.fr\/tableaux-photo\/ )... En effet, j'ai d\u00e9j\u00e0 pu test\u00e9 leurs impression photo (poster mais c'est s\u00fbrement de la vrai impression photo dans un gros minilab) sur papier fuji nacr\u00e9, flex et kodak metallic, certaines de ces\u2026","rel":"","context":"Dans &quot;Non class\u00e9&quot;","block_context":{"text":"Non class\u00e9","link":"https:\/\/www.micoulou-photos.com\/index.php\/category\/non-classe\/"},"img":{"alt_text":"","src":"https:\/\/i0.wp.com\/www.micoulou-photos.com\/wp-content\/uploads\/2016\/09\/IMGP6924.jpg?fit=530%2C800&ssl=1&resize=350%2C200","width":350,"height":200,"srcset":"https:\/\/i0.wp.com\/www.micoulou-photos.com\/wp-content\/uploads\/2016\/09\/IMGP6924.jpg?fit=530%2C800&ssl=1&resize=350%2C200 1x, https:\/\/i0.wp.com\/www.micoulou-photos.com\/wp-content\/uploads\/2016\/09\/IMGP6924.jpg?fit=530%2C800&ssl=1&resize=525%2C300 1.5x"},"classes":[]},{"id":8,"url":"https:\/\/www.micoulou-photos.com\/index.php\/2016\/05\/21\/glendalough-en-pause-longue\/","url_meta":{"origin":3383,"position":4},"title":"glendalough, en pause longue","author":"micoulou","date":"21 mai 2016","format":false,"excerpt":"Toujours dans l'ouest irlandais, une des ballade conseill\u00e9 par de nombreux guide \"\u00e0 la sortie de Dublin\" (bon, il y a plus d'une heure de route quand m\u00eame...)","rel":"","context":"Dans &quot;voyage&quot;","block_context":{"text":"voyage","link":"https:\/\/www.micoulou-photos.com\/index.php\/category\/voyage\/"},"img":{"alt_text":"","src":"https:\/\/i0.wp.com\/www.micoulou-photos.com\/wp-content\/uploads\/2016\/05\/IMG_6167-Panorama-Modifier-1.jpg?fit=1200%2C514&ssl=1&resize=350%2C200","width":350,"height":200,"srcset":"https:\/\/i0.wp.com\/www.micoulou-photos.com\/wp-content\/uploads\/2016\/05\/IMG_6167-Panorama-Modifier-1.jpg?fit=1200%2C514&ssl=1&resize=350%2C200 1x, https:\/\/i0.wp.com\/www.micoulou-photos.com\/wp-content\/uploads\/2016\/05\/IMG_6167-Panorama-Modifier-1.jpg?fit=1200%2C514&ssl=1&resize=525%2C300 1.5x, https:\/\/i0.wp.com\/www.micoulou-photos.com\/wp-content\/uploads\/2016\/05\/IMG_6167-Panorama-Modifier-1.jpg?fit=1200%2C514&ssl=1&resize=700%2C400 2x, https:\/\/i0.wp.com\/www.micoulou-photos.com\/wp-content\/uploads\/2016\/05\/IMG_6167-Panorama-Modifier-1.jpg?fit=1200%2C514&ssl=1&resize=1050%2C600 3x"},"classes":[]},{"id":71,"url":"https:\/\/www.micoulou-photos.com\/index.php\/2013\/01\/24\/saint-malo\/","url_meta":{"origin":3383,"position":5},"title":"Saint Malo","author":"micoulou","date":"24 janvier 2013","format":false,"excerpt":"Une sortie \u00e0 Saint Malo, avec le forum FousDeReflex, avec des gens super sympa, comme d'habitude...Je suis parti avec les Pentax K20D Pentax K-01, muni des 14, 21, 24, 40-80 et 120... C'est un bon combo pour les photos de paysage, le 14mm n'est peut etre pas aussi bon que\u2026","rel":"","context":"Dans &quot;Non class\u00e9&quot;","block_context":{"text":"Non class\u00e9","link":"https:\/\/www.micoulou-photos.com\/index.php\/category\/non-classe\/"},"img":{"alt_text":"","src":"https:\/\/i0.wp.com\/1.bp.blogspot.com\/-QZdIFGV8p-k\/UPvUxnA_kTI\/AAAAAAAA41E\/p0MmcHwpCHc\/s320\/IMGP0299.jpg?resize=350%2C200","width":350,"height":200},"classes":[]}],"_links":{"self":[{"href":"https:\/\/www.micoulou-photos.com\/index.php\/wp-json\/wp\/v2\/posts\/3383","targetHints":{"allow":["GET"]}}],"collection":[{"href":"https:\/\/www.micoulou-photos.com\/index.php\/wp-json\/wp\/v2\/posts"}],"about":[{"href":"https:\/\/www.micoulou-photos.com\/index.php\/wp-json\/wp\/v2\/types\/post"}],"author":[{"embeddable":true,"href":"https:\/\/www.micoulou-photos.com\/index.php\/wp-json\/wp\/v2\/users\/1"}],"replies":[{"embeddable":true,"href":"https:\/\/www.micoulou-photos.com\/index.php\/wp-json\/wp\/v2\/comments?post=3383"}],"version-history":[{"count":3,"href":"https:\/\/www.micoulou-photos.com\/index.php\/wp-json\/wp\/v2\/posts\/3383\/revisions"}],"predecessor-version":[{"id":5848,"href":"https:\/\/www.micoulou-photos.com\/index.php\/wp-json\/wp\/v2\/posts\/3383\/revisions\/5848"}],"wp:featuredmedia":[{"embeddable":true,"href":"https:\/\/www.micoulou-photos.com\/index.php\/wp-json\/wp\/v2\/media\/3386"}],"wp:attachment":[{"href":"https:\/\/www.micoulou-photos.com\/index.php\/wp-json\/wp\/v2\/media?parent=3383"}],"wp:term":[{"taxonomy":"category","embeddable":true,"href":"https:\/\/www.micoulou-photos.com\/index.php\/wp-json\/wp\/v2\/categories?post=3383"},{"taxonomy":"post_tag","embeddable":true,"href":"https:\/\/www.micoulou-photos.com\/index.php\/wp-json\/wp\/v2\/tags?post=3383"}],"curies":[{"name":"wp","href":"https:\/\/api.w.org\/{rel}","templated":true}]}}