{"id":32,"date":"2014-02-08T00:49:00","date_gmt":"2014-02-07T23:49:00","guid":{"rendered":"http:\/\/micoulou.info\/wp\/index.php\/2014\/02\/08\/filmage\/"},"modified":"2020-04-26T01:37:36","modified_gmt":"2020-04-26T00:37:36","slug":"filmage","status":"publish","type":"post","link":"https:\/\/www.micoulou-photos.com\/index.php\/2014\/02\/08\/filmage\/","title":{"rendered":"filmage"},"content":{"rendered":"<p>Bonsoir \u00e0 tous,<br \/>\nPour ce premier article de cette ann\u00e9e, je vais parl\u00e9 un peu de mon exp\u00e9rience de filmage. Je suis donc parti un peu plus de 2 semaines dans la station des 7 Laux en Is\u00e8re, dans les belledones en tant que \u00ab\u00a0photographe-filmeur\u00a0\u00bb. Je ferais sur mon site un article plus technique sur le filmage, et les pi\u00e8ges \u00e0 ne pas tomber et dans lequel je suis tomb\u00e9, notamment au niveau l\u00e9gal et technique, je parlerais ici plus de mon ressenti, 24h apr\u00e8s avoir quitt\u00e9 la station.<br \/>\nTout d&rsquo;abord, le m\u00e9tier de photographe-filmeur est un m\u00e9tier difficile, non pas techniquement mais socialement, il faut savoir se mettre en avant, savoir parler avec les gens, les mettre \u00e0 l&rsquo;aise, et savoir mettre \u00e0 l&rsquo;aise un enfant de 3 ans ainsi qu&rsquo;un adulte de 50 ans est bien different. Ce metier consiste donc \u00e0 aller chercher les personnes sur les pistes (ou dans les restaurants, les plages&#8230;) pour les prendre en photos, ainsi que les prendre en photos durant les differentes activit\u00e9s de la station.<br \/>\nTechniquement, rien de bien compliqu\u00e9, le responsable du magasin photo nous oblige m\u00eame \u00e0 ne faire que des JPEG, et mettre notre boitier en automatique (un peu frustrant de voir l&rsquo;appareil faire on ne sais quoi, et au final avoir des images franchement pas terrible, en tout cas bien au dessous de ce que je suis habitu\u00e9 \u00e0 sortir&#8230;). Socialement, ce travail est beaucoup plus complexe, il faut \u00eatre capable de \u00ab\u00a0d\u00e9ranger\u00a0\u00bb les gens, les bousculer pour les prendre en photo et leur faire acheter des photos, en leur faisant croire qu&rsquo;ils ont le choix (en fait, le discours est fait de tel fa\u00e7on qu&rsquo;on ne leur laisse pas vraiment le choix). Bref, cette partie a pauser beaucoup plus probl\u00e8me, et une fois que je r\u00e9ussissais de les faire venir prendre des image, je me sentais coupable et je n\u2019\u00e9tais pas capable de les diriger&#8230;<br \/>\nL&rsquo;autre gros inconv\u00e9nient \u00e0 mon gout de cette approche est le temps trop limit\u00e9 de prise de vue, 3 &#8211; 5 minute, c&rsquo;est trop court, et les photos sont toutes \u00ab\u00a0plates\u00a0\u00bb, sans \u00e9motion, ce que je cherche justement \u00e0 faire ressortir dans mes images&#8230;<br \/>\nAu final, j&rsquo;ai pu connaitre n nouveau m\u00e9tier, un nouveau milieu, celui des saisonnier, avec ces bonnes choses et ces mauvaises choses&#8230; La plupart des personnes sont l\u00e0 juste pour les vacances, ou pour toute la saison, beaucoup de relation sont superficielle, bien que ce soit un milieu plus ouvert que les autre, je verrais avec le recul si j&rsquo;aurais \u00e9t\u00e9 capable de li\u00e9 des vrais amiti\u00e9 avec certaines personnes de la station.<\/p>\n","protected":false},"excerpt":{"rendered":"<p>Bonsoir \u00e0 tous, Pour ce premier article de cette ann\u00e9e, je vais parl\u00e9 un peu de mon exp\u00e9rience de filmage. Je suis donc parti un peu plus de 2 semaines dans la station des 7 Laux en Is\u00e8re, dans les belledones en tant que \u00ab\u00a0photographe-filmeur\u00a0\u00bb. Je ferais sur mon site un article plus technique sur [&hellip;]<\/p>\n","protected":false},"author":1,"featured_media":0,"comment_status":"open","ping_status":"open","sticky":false,"template":"","format":"standard","meta":{"jetpack_post_was_ever_published":false,"_jetpack_newsletter_access":"","_jetpack_dont_email_post_to_subs":false,"_jetpack_newsletter_tier_id":0,"_jetpack_memberships_contains_paywalled_content":false,"_jetpack_memberships_contains_paid_content":false,"footnotes":"","jetpack_publicize_message":"","jetpack_publicize_feature_enabled":true,"jetpack_social_post_already_shared":false,"jetpack_social_options":{"image_generator_settings":{"template":"highway","default_image_id":0,"font":"","enabled":false},"version":2}},"categories":[1149],"tags":[],"class_list":["post-32","post","type-post","status-publish","format-standard","hentry","category-asperger"],"yoast_head":"<!-- This site is optimized with the Yoast SEO plugin v27.5 - https:\/\/yoast.com\/product\/yoast-seo-wordpress\/ -->\n<title>filmage - Micoulou Photographie<\/title>\n<meta name=\"robots\" content=\"index, follow, max-snippet:-1, max-image-preview:large, max-video-preview:-1\" \/>\n<link rel=\"canonical\" href=\"https:\/\/www.micoulou-photos.com\/index.php\/2014\/02\/08\/filmage\/\" \/>\n<meta property=\"og:locale\" content=\"fr_FR\" \/>\n<meta property=\"og:type\" content=\"article\" \/>\n<meta property=\"og:title\" content=\"filmage - Micoulou Photographie\" \/>\n<meta property=\"og:description\" content=\"Bonsoir \u00e0 tous, Pour ce premier article de cette ann\u00e9e, je vais parl\u00e9 un peu de mon exp\u00e9rience de filmage. Je suis donc parti un peu plus de 2 semaines dans la station des 7 Laux en Is\u00e8re, dans les belledones en tant que \u00ab\u00a0photographe-filmeur\u00a0\u00bb. Je ferais sur mon site un article plus technique sur [&hellip;]\" \/>\n<meta property=\"og:url\" content=\"https:\/\/www.micoulou-photos.com\/index.php\/2014\/02\/08\/filmage\/\" \/>\n<meta property=\"og:site_name\" content=\"Micoulou Photographie\" \/>\n<meta property=\"article:published_time\" content=\"2014-02-07T23:49:00+00:00\" \/>\n<meta property=\"article:modified_time\" content=\"2020-04-26T00:37:36+00:00\" \/>\n<meta name=\"author\" content=\"micoulou\" \/>\n<meta name=\"twitter:card\" content=\"summary_large_image\" \/>\n<meta name=\"twitter:label1\" content=\"\u00c9crit par\" \/>\n\t<meta name=\"twitter:data1\" content=\"micoulou\" \/>\n\t<meta name=\"twitter:label2\" content=\"Dur\u00e9e de lecture estim\u00e9e\" \/>\n\t<meta name=\"twitter:data2\" content=\"2 minutes\" \/>\n<script type=\"application\/ld+json\" class=\"yoast-schema-graph\">{\"@context\":\"https:\\\/\\\/schema.org\",\"@graph\":[{\"@type\":\"Article\",\"@id\":\"https:\\\/\\\/www.micoulou-photos.com\\\/index.php\\\/2014\\\/02\\\/08\\\/filmage\\\/#article\",\"isPartOf\":{\"@id\":\"https:\\\/\\\/www.micoulou-photos.com\\\/index.php\\\/2014\\\/02\\\/08\\\/filmage\\\/\"},\"author\":{\"name\":\"micoulou\",\"@id\":\"https:\\\/\\\/www.micoulou-photos.com\\\/#\\\/schema\\\/person\\\/6aedfe8ebe91da632f46e7c9d806a722\"},\"headline\":\"filmage\",\"datePublished\":\"2014-02-07T23:49:00+00:00\",\"dateModified\":\"2020-04-26T00:37:36+00:00\",\"mainEntityOfPage\":{\"@id\":\"https:\\\/\\\/www.micoulou-photos.com\\\/index.php\\\/2014\\\/02\\\/08\\\/filmage\\\/\"},\"wordCount\":451,\"commentCount\":0,\"publisher\":{\"@id\":\"https:\\\/\\\/www.micoulou-photos.com\\\/#organization\"},\"articleSection\":[\"Asperger\"],\"inLanguage\":\"fr-FR\",\"potentialAction\":[{\"@type\":\"CommentAction\",\"name\":\"Comment\",\"target\":[\"https:\\\/\\\/www.micoulou-photos.com\\\/index.php\\\/2014\\\/02\\\/08\\\/filmage\\\/#respond\"]}]},{\"@type\":\"WebPage\",\"@id\":\"https:\\\/\\\/www.micoulou-photos.com\\\/index.php\\\/2014\\\/02\\\/08\\\/filmage\\\/\",\"url\":\"https:\\\/\\\/www.micoulou-photos.com\\\/index.php\\\/2014\\\/02\\\/08\\\/filmage\\\/\",\"name\":\"filmage - Micoulou Photographie\",\"isPartOf\":{\"@id\":\"https:\\\/\\\/www.micoulou-photos.com\\\/#website\"},\"datePublished\":\"2014-02-07T23:49:00+00:00\",\"dateModified\":\"2020-04-26T00:37:36+00:00\",\"breadcrumb\":{\"@id\":\"https:\\\/\\\/www.micoulou-photos.com\\\/index.php\\\/2014\\\/02\\\/08\\\/filmage\\\/#breadcrumb\"},\"inLanguage\":\"fr-FR\",\"potentialAction\":[{\"@type\":\"ReadAction\",\"target\":[\"https:\\\/\\\/www.micoulou-photos.com\\\/index.php\\\/2014\\\/02\\\/08\\\/filmage\\\/\"]}]},{\"@type\":\"BreadcrumbList\",\"@id\":\"https:\\\/\\\/www.micoulou-photos.com\\\/index.php\\\/2014\\\/02\\\/08\\\/filmage\\\/#breadcrumb\",\"itemListElement\":[{\"@type\":\"ListItem\",\"position\":1,\"name\":\"Accueil\",\"item\":\"https:\\\/\\\/www.micoulou-photos.com\\\/\"},{\"@type\":\"ListItem\",\"position\":2,\"name\":\"filmage\"}]},{\"@type\":\"WebSite\",\"@id\":\"https:\\\/\\\/www.micoulou-photos.com\\\/#website\",\"url\":\"https:\\\/\\\/www.micoulou-photos.com\\\/\",\"name\":\"Micoulou Photographie\",\"description\":\"Photographies, Visites virtuelles et formations par Mickael Minarie\",\"publisher\":{\"@id\":\"https:\\\/\\\/www.micoulou-photos.com\\\/#organization\"},\"potentialAction\":[{\"@type\":\"SearchAction\",\"target\":{\"@type\":\"EntryPoint\",\"urlTemplate\":\"https:\\\/\\\/www.micoulou-photos.com\\\/?s={search_term_string}\"},\"query-input\":{\"@type\":\"PropertyValueSpecification\",\"valueRequired\":true,\"valueName\":\"search_term_string\"}}],\"inLanguage\":\"fr-FR\"},{\"@type\":\"Organization\",\"@id\":\"https:\\\/\\\/www.micoulou-photos.com\\\/#organization\",\"name\":\"Micoulou Photographie\",\"url\":\"https:\\\/\\\/www.micoulou-photos.com\\\/\",\"logo\":{\"@type\":\"ImageObject\",\"inLanguage\":\"fr-FR\",\"@id\":\"https:\\\/\\\/www.micoulou-photos.com\\\/#\\\/schema\\\/logo\\\/image\\\/\",\"url\":\"https:\\\/\\\/i0.wp.com\\\/www.micoulou-photos.com\\\/wp-content\\\/uploads\\\/2020\\\/05\\\/cropped-891667_552097324824916_1615181552_o-1.jpg?fit=643%2C722&ssl=1\",\"contentUrl\":\"https:\\\/\\\/i0.wp.com\\\/www.micoulou-photos.com\\\/wp-content\\\/uploads\\\/2020\\\/05\\\/cropped-891667_552097324824916_1615181552_o-1.jpg?fit=643%2C722&ssl=1\",\"width\":643,\"height\":722,\"caption\":\"Micoulou Photographie\"},\"image\":{\"@id\":\"https:\\\/\\\/www.micoulou-photos.com\\\/#\\\/schema\\\/logo\\\/image\\\/\"}},{\"@type\":\"Person\",\"@id\":\"https:\\\/\\\/www.micoulou-photos.com\\\/#\\\/schema\\\/person\\\/6aedfe8ebe91da632f46e7c9d806a722\",\"name\":\"micoulou\",\"image\":{\"@type\":\"ImageObject\",\"inLanguage\":\"fr-FR\",\"@id\":\"https:\\\/\\\/secure.gravatar.com\\\/avatar\\\/98f892eb7d267eab2faa437baa3edd708deaaa43929316c0cc7b751a04cb247b?s=96&d=mm&r=g\",\"url\":\"https:\\\/\\\/secure.gravatar.com\\\/avatar\\\/98f892eb7d267eab2faa437baa3edd708deaaa43929316c0cc7b751a04cb247b?s=96&d=mm&r=g\",\"contentUrl\":\"https:\\\/\\\/secure.gravatar.com\\\/avatar\\\/98f892eb7d267eab2faa437baa3edd708deaaa43929316c0cc7b751a04cb247b?s=96&d=mm&r=g\",\"caption\":\"micoulou\"},\"url\":\"https:\\\/\\\/www.micoulou-photos.com\\\/index.php\\\/author\\\/micoulou\\\/\"}]}<\/script>\n<!-- \/ Yoast SEO plugin. -->","yoast_head_json":{"title":"filmage - Micoulou Photographie","robots":{"index":"index","follow":"follow","max-snippet":"max-snippet:-1","max-image-preview":"max-image-preview:large","max-video-preview":"max-video-preview:-1"},"canonical":"https:\/\/www.micoulou-photos.com\/index.php\/2014\/02\/08\/filmage\/","og_locale":"fr_FR","og_type":"article","og_title":"filmage - Micoulou Photographie","og_description":"Bonsoir \u00e0 tous, Pour ce premier article de cette ann\u00e9e, je vais parl\u00e9 un peu de mon exp\u00e9rience de filmage. Je suis donc parti un peu plus de 2 semaines dans la station des 7 Laux en Is\u00e8re, dans les belledones en tant que \u00ab\u00a0photographe-filmeur\u00a0\u00bb. Je ferais sur mon site un article plus technique sur [&hellip;]","og_url":"https:\/\/www.micoulou-photos.com\/index.php\/2014\/02\/08\/filmage\/","og_site_name":"Micoulou Photographie","article_published_time":"2014-02-07T23:49:00+00:00","article_modified_time":"2020-04-26T00:37:36+00:00","author":"micoulou","twitter_card":"summary_large_image","twitter_misc":{"\u00c9crit par":"micoulou","Dur\u00e9e de lecture estim\u00e9e":"2 minutes"},"schema":{"@context":"https:\/\/schema.org","@graph":[{"@type":"Article","@id":"https:\/\/www.micoulou-photos.com\/index.php\/2014\/02\/08\/filmage\/#article","isPartOf":{"@id":"https:\/\/www.micoulou-photos.com\/index.php\/2014\/02\/08\/filmage\/"},"author":{"name":"micoulou","@id":"https:\/\/www.micoulou-photos.com\/#\/schema\/person\/6aedfe8ebe91da632f46e7c9d806a722"},"headline":"filmage","datePublished":"2014-02-07T23:49:00+00:00","dateModified":"2020-04-26T00:37:36+00:00","mainEntityOfPage":{"@id":"https:\/\/www.micoulou-photos.com\/index.php\/2014\/02\/08\/filmage\/"},"wordCount":451,"commentCount":0,"publisher":{"@id":"https:\/\/www.micoulou-photos.com\/#organization"},"articleSection":["Asperger"],"inLanguage":"fr-FR","potentialAction":[{"@type":"CommentAction","name":"Comment","target":["https:\/\/www.micoulou-photos.com\/index.php\/2014\/02\/08\/filmage\/#respond"]}]},{"@type":"WebPage","@id":"https:\/\/www.micoulou-photos.com\/index.php\/2014\/02\/08\/filmage\/","url":"https:\/\/www.micoulou-photos.com\/index.php\/2014\/02\/08\/filmage\/","name":"filmage - Micoulou Photographie","isPartOf":{"@id":"https:\/\/www.micoulou-photos.com\/#website"},"datePublished":"2014-02-07T23:49:00+00:00","dateModified":"2020-04-26T00:37:36+00:00","breadcrumb":{"@id":"https:\/\/www.micoulou-photos.com\/index.php\/2014\/02\/08\/filmage\/#breadcrumb"},"inLanguage":"fr-FR","potentialAction":[{"@type":"ReadAction","target":["https:\/\/www.micoulou-photos.com\/index.php\/2014\/02\/08\/filmage\/"]}]},{"@type":"BreadcrumbList","@id":"https:\/\/www.micoulou-photos.com\/index.php\/2014\/02\/08\/filmage\/#breadcrumb","itemListElement":[{"@type":"ListItem","position":1,"name":"Accueil","item":"https:\/\/www.micoulou-photos.com\/"},{"@type":"ListItem","position":2,"name":"filmage"}]},{"@type":"WebSite","@id":"https:\/\/www.micoulou-photos.com\/#website","url":"https:\/\/www.micoulou-photos.com\/","name":"Micoulou Photographie","description":"Photographies, Visites virtuelles et formations par Mickael Minarie","publisher":{"@id":"https:\/\/www.micoulou-photos.com\/#organization"},"potentialAction":[{"@type":"SearchAction","target":{"@type":"EntryPoint","urlTemplate":"https:\/\/www.micoulou-photos.com\/?s={search_term_string}"},"query-input":{"@type":"PropertyValueSpecification","valueRequired":true,"valueName":"search_term_string"}}],"inLanguage":"fr-FR"},{"@type":"Organization","@id":"https:\/\/www.micoulou-photos.com\/#organization","name":"Micoulou Photographie","url":"https:\/\/www.micoulou-photos.com\/","logo":{"@type":"ImageObject","inLanguage":"fr-FR","@id":"https:\/\/www.micoulou-photos.com\/#\/schema\/logo\/image\/","url":"https:\/\/i0.wp.com\/www.micoulou-photos.com\/wp-content\/uploads\/2020\/05\/cropped-891667_552097324824916_1615181552_o-1.jpg?fit=643%2C722&ssl=1","contentUrl":"https:\/\/i0.wp.com\/www.micoulou-photos.com\/wp-content\/uploads\/2020\/05\/cropped-891667_552097324824916_1615181552_o-1.jpg?fit=643%2C722&ssl=1","width":643,"height":722,"caption":"Micoulou Photographie"},"image":{"@id":"https:\/\/www.micoulou-photos.com\/#\/schema\/logo\/image\/"}},{"@type":"Person","@id":"https:\/\/www.micoulou-photos.com\/#\/schema\/person\/6aedfe8ebe91da632f46e7c9d806a722","name":"micoulou","image":{"@type":"ImageObject","inLanguage":"fr-FR","@id":"https:\/\/secure.gravatar.com\/avatar\/98f892eb7d267eab2faa437baa3edd708deaaa43929316c0cc7b751a04cb247b?s=96&d=mm&r=g","url":"https:\/\/secure.gravatar.com\/avatar\/98f892eb7d267eab2faa437baa3edd708deaaa43929316c0cc7b751a04cb247b?s=96&d=mm&r=g","contentUrl":"https:\/\/secure.gravatar.com\/avatar\/98f892eb7d267eab2faa437baa3edd708deaaa43929316c0cc7b751a04cb247b?s=96&d=mm&r=g","caption":"micoulou"},"url":"https:\/\/www.micoulou-photos.com\/index.php\/author\/micoulou\/"}]}},"jetpack_publicize_connections":[],"jetpack_featured_media_url":"","jetpack_sharing_enabled":true,"jetpack_shortlink":"https:\/\/wp.me\/s7zKF4-filmage","jetpack-related-posts":[{"id":5019,"url":"https:\/\/www.micoulou-photos.com\/index.php\/2019\/03\/18\/cest-quoi-le-syndrome-dasperger\/","url_meta":{"origin":32,"position":0},"title":"C&rsquo;est quoi le syndrome d&rsquo;Asperger","author":"micoulou","date":"18 mars 2019","format":false,"excerpt":"Autiste toi ? Asperge quoi ? Cela va faire un an que le diagnostic officiel est arriv\u00e9, un an que je comprend pourquoi je suis diff\u00e9rent, pourquoi je suis atypique, que j'ai appris \u00e0 comprendre ma diff\u00e9rence... Je suis tomb\u00e9 cet apr\u00e8s midi sur cet article de blog : l'antre\u2026","rel":"","context":"Dans &quot;Asperger&quot;","block_context":{"text":"Asperger","link":"https:\/\/www.micoulou-photos.com\/index.php\/category\/asperger\/"},"img":{"alt_text":"","src":"https:\/\/i0.wp.com\/www.micoulou-photos.com\/wp-content\/uploads\/2019\/03\/DSC05050.jpg?fit=1200%2C801&ssl=1&resize=350%2C200","width":350,"height":200,"srcset":"https:\/\/i0.wp.com\/www.micoulou-photos.com\/wp-content\/uploads\/2019\/03\/DSC05050.jpg?fit=1200%2C801&ssl=1&resize=350%2C200 1x, https:\/\/i0.wp.com\/www.micoulou-photos.com\/wp-content\/uploads\/2019\/03\/DSC05050.jpg?fit=1200%2C801&ssl=1&resize=525%2C300 1.5x, https:\/\/i0.wp.com\/www.micoulou-photos.com\/wp-content\/uploads\/2019\/03\/DSC05050.jpg?fit=1200%2C801&ssl=1&resize=700%2C400 2x, https:\/\/i0.wp.com\/www.micoulou-photos.com\/wp-content\/uploads\/2019\/03\/DSC05050.jpg?fit=1200%2C801&ssl=1&resize=1050%2C600 3x"},"classes":[]},{"id":35,"url":"https:\/\/www.micoulou-photos.com\/index.php\/2013\/11\/03\/nouvelles-sites-et-voyages\/","url_meta":{"origin":32,"position":1},"title":"Nouvelles, sites et voyages&#8230;","author":"micoulou","date":"3 novembre 2013","format":false,"excerpt":"Comme je le disais depuis un certain temps, je dedie maintenant ce blog principalement \u00e0 mes voyages... Il n'y aura plus d'article vraiment photographique sur ce blog... Je ne parlerais ici que de voyage, de ma vie de nomade, et les photos ne serviront qu'\u00e0 illustrer les articles en rapport\u2026","rel":"","context":"Dans &quot;Non class\u00e9&quot;","block_context":{"text":"Non class\u00e9","link":"https:\/\/www.micoulou-photos.com\/index.php\/category\/non-classe\/"},"img":{"alt_text":"","src":"","width":0,"height":0},"classes":[]},{"id":1534,"url":"https:\/\/www.micoulou-photos.com\/index.php\/2013\/08\/08\/enfin-un-site-sur-la-photo\/","url_meta":{"origin":32,"position":2},"title":"Enfin un site sur la photo!","author":"micoulou","date":"8 ao\u00fbt 2013","format":false,"excerpt":"Cela faisait longtemps que j'y pensais et que je le pr\u00e9parais dans ma t\u00eate... Le voici enfin, mon site sur la photo, le cot\u00e9 technique, la bidouille pour la r\u00e9paration et les manipulation originale, mais aussi des partie plus s\u00e9rieuse, et qui demande beaucoup plus d'application : la gestion du\u2026","rel":"","context":"Dans &quot;Non class\u00e9&quot;","block_context":{"text":"Non class\u00e9","link":"https:\/\/www.micoulou-photos.com\/index.php\/category\/non-classe\/"},"img":{"alt_text":"","src":"","width":0,"height":0},"classes":[]},{"id":4366,"url":"https:\/\/www.micoulou-photos.com\/index.php\/2018\/05\/16\/photographe-autiste\/","url_meta":{"origin":32,"position":3},"title":"Photographe autiste ?","author":"micoulou","date":"16 mai 2018","format":false,"excerpt":"Bon, ben voil\u00e0, je voilais l\u2019\u00e9crire depuis 1 an cet article, mais j\u2019attendais, je voulais des r\u00e9ponses, je voulais en \u00eatre sur\u2026 Alors mettre \u00e7a sur un blog pro, enfin o\u00f9 je parle aussi des mes essais artistiques, de mes voyages, est-ce \u00e0 sa place ? Je ne le sais\u2026","rel":"","context":"Dans &quot;Asperger&quot;","block_context":{"text":"Asperger","link":"https:\/\/www.micoulou-photos.com\/index.php\/category\/asperger\/"},"img":{"alt_text":"","src":"https:\/\/i0.wp.com\/www.micoulou-photos.com\/wp-content\/uploads\/2018\/05\/mp-asperger1.jpg?fit=1200%2C1200&ssl=1&resize=350%2C200","width":350,"height":200,"srcset":"https:\/\/i0.wp.com\/www.micoulou-photos.com\/wp-content\/uploads\/2018\/05\/mp-asperger1.jpg?fit=1200%2C1200&ssl=1&resize=350%2C200 1x, https:\/\/i0.wp.com\/www.micoulou-photos.com\/wp-content\/uploads\/2018\/05\/mp-asperger1.jpg?fit=1200%2C1200&ssl=1&resize=525%2C300 1.5x, https:\/\/i0.wp.com\/www.micoulou-photos.com\/wp-content\/uploads\/2018\/05\/mp-asperger1.jpg?fit=1200%2C1200&ssl=1&resize=700%2C400 2x, https:\/\/i0.wp.com\/www.micoulou-photos.com\/wp-content\/uploads\/2018\/05\/mp-asperger1.jpg?fit=1200%2C1200&ssl=1&resize=1050%2C600 3x"},"classes":[]},{"id":34,"url":"https:\/\/www.micoulou-photos.com\/index.php\/2013\/11\/12\/trouver-un-emploi-dans-un-pays-etranger\/","url_meta":{"origin":32,"position":4},"title":"trouver un emploi dans un pays etranger","author":"micoulou","date":"12 novembre 2013","format":false,"excerpt":"Et voil\u00e0, pour mon article de la semaine, je vais vous parler de mes r\u00e9flexions de mes derni\u00e8res semaines semaines...Pour situer le contexte pour ceux qui arriverais ici par hasard, j'ai d\u00e9cid\u00e9, lorsque j'ai perdu mon job il y a maintenant 4 mois, en juillet dernier, 'avoir une vie semi\u2026","rel":"","context":"Dans &quot;Non class\u00e9&quot;","block_context":{"text":"Non class\u00e9","link":"https:\/\/www.micoulou-photos.com\/index.php\/category\/non-classe\/"},"img":{"alt_text":"","src":"https:\/\/i0.wp.com\/2.bp.blogspot.com\/-SlhopAPNWnc\/UoIpL12KePI\/AAAAAAAA-b8\/PPPWLbKL594\/s320\/SDIM0006.jpg?resize=350%2C200","width":350,"height":200},"classes":[]},{"id":1535,"url":"https:\/\/www.micoulou-photos.com\/index.php\/2013\/08\/26\/lappareil-photo\/","url_meta":{"origin":32,"position":5},"title":"L&#039;appareil photo","author":"micoulou","date":"26 ao\u00fbt 2013","format":false,"excerpt":"On va commencer ce site par un peu de base technique : l'appareil qui permet justement de faire l'image, comment fonctionne-t-il, que choisir et pour quelle utilisation ? L'appareil photo, au cours de sa (courte) histoire, \u00e0 revetu des formes bien differentes, mais pourtant le fonctionne de base est toujours\u2026","rel":"","context":"Dans &quot;technique&quot;","block_context":{"text":"technique","link":"https:\/\/www.micoulou-photos.com\/index.php\/category\/technique\/"},"img":{"alt_text":"","src":"","width":0,"height":0},"classes":[]}],"_links":{"self":[{"href":"https:\/\/www.micoulou-photos.com\/index.php\/wp-json\/wp\/v2\/posts\/32","targetHints":{"allow":["GET"]}}],"collection":[{"href":"https:\/\/www.micoulou-photos.com\/index.php\/wp-json\/wp\/v2\/posts"}],"about":[{"href":"https:\/\/www.micoulou-photos.com\/index.php\/wp-json\/wp\/v2\/types\/post"}],"author":[{"embeddable":true,"href":"https:\/\/www.micoulou-photos.com\/index.php\/wp-json\/wp\/v2\/users\/1"}],"replies":[{"embeddable":true,"href":"https:\/\/www.micoulou-photos.com\/index.php\/wp-json\/wp\/v2\/comments?post=32"}],"version-history":[{"count":1,"href":"https:\/\/www.micoulou-photos.com\/index.php\/wp-json\/wp\/v2\/posts\/32\/revisions"}],"predecessor-version":[{"id":5930,"href":"https:\/\/www.micoulou-photos.com\/index.php\/wp-json\/wp\/v2\/posts\/32\/revisions\/5930"}],"wp:attachment":[{"href":"https:\/\/www.micoulou-photos.com\/index.php\/wp-json\/wp\/v2\/media?parent=32"}],"wp:term":[{"taxonomy":"category","embeddable":true,"href":"https:\/\/www.micoulou-photos.com\/index.php\/wp-json\/wp\/v2\/categories?post=32"},{"taxonomy":"post_tag","embeddable":true,"href":"https:\/\/www.micoulou-photos.com\/index.php\/wp-json\/wp\/v2\/tags?post=32"}],"curies":[{"name":"wp","href":"https:\/\/api.w.org\/{rel}","templated":true}]}}