{"id":3074,"date":"2017-03-26T00:04:18","date_gmt":"2017-03-25T23:04:18","guid":{"rendered":"http:\/\/micoulou.info\/wp\/?p=3074"},"modified":"2020-04-25T23:30:54","modified_gmt":"2020-04-25T22:30:54","slug":"recyclerie-repeyre","status":"publish","type":"post","link":"https:\/\/www.micoulou-photos.com\/index.php\/2017\/03\/26\/recyclerie-repeyre\/","title":{"rendered":"Recyclerie Repeyre"},"content":{"rendered":"<p>Je continue (lentement mais surement) ma s\u00e9rie sur les alternatives, avec un petit passage dans une recyclerie de Sud Gironde, la recyclerie Repeyre de Belin-B\u00e9liet.<\/p>\n<p>Qu&rsquo;est qu&rsquo;une recyclerie ou ressourcerie ? C&rsquo;est une structure qui permet la r\u00e9utilisation d&rsquo;objets ou le recyclage plut\u00f4t que l&rsquo;envoi de nos objets en d\u00e9charge ou incin\u00e9rateur. En effet, dans nos soci\u00e9t\u00e9s o\u00f9 la plupart de nos objets \u00e0 une dur\u00e9e de vie tr\u00e8s faible et un cout environnemental tr\u00e8s important, la r\u00e9utilisation de nos objets du quotidien est une alternative qui permet une \u00e9conomie importante de ressource, et \u00e9vite de jeter \u00e0 tout va.<\/p>\n<p>J&rsquo;ai pu suivre pendant une bonne heure le responsable de cette recyclerie, et discuter avec lui, d&rsquo;autres employ\u00e9s et plusieurs adh\u00e9rents, dont certains \u00e9taient \u00e0 l&rsquo;origine de cette recyclerie.<\/p>\n<p>Les objets r\u00e9cup\u00e9r\u00e9s proviennent de don ou de la d\u00e9chetterie de Belin-B\u00e9liet. Il y a pour le moment qu&rsquo;une seule zone de d\u00e9p\u00f4t sur les 5 d\u00e9charges de la communaut\u00e9 de communes, le local actuel ne permettant pas de stocker plus.<\/p>\n<figure id=\"attachment_3218\" aria-describedby=\"caption-attachment-3218\" style=\"width: 300px\" class=\"wp-caption alignnone\"><a href=\"http:\/\/www.micoulou-photos.com\/index.php\/2017\/03\/26\/recyclerie-repeyre\/imgp8254\/\" rel=\"attachment wp-att-3218\"><img data-recalc-dims=\"1\" fetchpriority=\"high\" decoding=\"async\" data-attachment-id=\"3218\" data-permalink=\"https:\/\/www.micoulou-photos.com\/index.php\/2017\/03\/26\/recyclerie-repeyre\/imgp8254\/\" data-orig-file=\"https:\/\/i0.wp.com\/www.micoulou-photos.com\/wp-content\/uploads\/2017\/03\/IMGP8254.jpg?fit=1811%2C1200&amp;ssl=1\" data-orig-size=\"1811,1200\" data-comments-opened=\"1\" data-image-meta=\"{&quot;aperture&quot;:&quot;0&quot;,&quot;credit&quot;:&quot;MICKAEL_MINARIE&quot;,&quot;camera&quot;:&quot;PENTAX K-30&quot;,&quot;caption&quot;:&quot;&quot;,&quot;created_timestamp&quot;:&quot;1486144617&quot;,&quot;copyright&quot;:&quot;MIC&quot;,&quot;focal_length&quot;:&quot;31&quot;,&quot;iso&quot;:&quot;100&quot;,&quot;shutter_speed&quot;:&quot;0.001&quot;,&quot;title&quot;:&quot;&quot;,&quot;orientation&quot;:&quot;0&quot;}\" data-image-title=\"IMGP8254\" data-image-description=\"\" data-image-caption=\"&lt;p&gt;Le local de don \u00e0 la decheterie&lt;\/p&gt;\n\" data-large-file=\"https:\/\/i0.wp.com\/www.micoulou-photos.com\/wp-content\/uploads\/2017\/03\/IMGP8254.jpg?fit=800%2C530&amp;ssl=1\" class=\"size-medium wp-image-3218\" src=\"https:\/\/i0.wp.com\/www.micoulou-photos.com\/wp-content\/uploads\/2017\/03\/IMGP8254-300x199.jpg?resize=300%2C199\" alt=\"\" width=\"300\" height=\"199\" srcset=\"https:\/\/i0.wp.com\/www.micoulou-photos.com\/wp-content\/uploads\/2017\/03\/IMGP8254.jpg?resize=300%2C199&amp;ssl=1 300w, https:\/\/i0.wp.com\/www.micoulou-photos.com\/wp-content\/uploads\/2017\/03\/IMGP8254.jpg?resize=1200%2C795&amp;ssl=1 1200w, https:\/\/i0.wp.com\/www.micoulou-photos.com\/wp-content\/uploads\/2017\/03\/IMGP8254.jpg?resize=960%2C636&amp;ssl=1 960w, https:\/\/i0.wp.com\/www.micoulou-photos.com\/wp-content\/uploads\/2017\/03\/IMGP8254.jpg?resize=1600%2C1060&amp;ssl=1 1600w, https:\/\/i0.wp.com\/www.micoulou-photos.com\/wp-content\/uploads\/2017\/03\/IMGP8254.jpg?w=1811&amp;ssl=1 1811w\" sizes=\"(max-width: 300px) 100vw, 300px\" \/><\/a><figcaption id=\"caption-attachment-3218\" class=\"wp-caption-text\">Le local de don \u00e0 la d\u00e9chetterie<\/figcaption><\/figure>\n<figure id=\"attachment_3217\" aria-describedby=\"caption-attachment-3217\" style=\"width: 199px\" class=\"wp-caption alignnone\"><a href=\"http:\/\/www.micoulou-photos.com\/index.php\/2017\/03\/26\/recyclerie-repeyre\/imgp8246\/\" rel=\"attachment wp-att-3217\"><img data-recalc-dims=\"1\" decoding=\"async\" data-attachment-id=\"3217\" data-permalink=\"https:\/\/www.micoulou-photos.com\/index.php\/2017\/03\/26\/recyclerie-repeyre\/imgp8246\/\" data-orig-file=\"https:\/\/i0.wp.com\/www.micoulou-photos.com\/wp-content\/uploads\/2017\/03\/IMGP8246.jpg?fit=795%2C1200&amp;ssl=1\" data-orig-size=\"795,1200\" data-comments-opened=\"1\" data-image-meta=\"{&quot;aperture&quot;:&quot;0&quot;,&quot;credit&quot;:&quot;MICKAEL_MINARIE&quot;,&quot;camera&quot;:&quot;PENTAX K-30&quot;,&quot;caption&quot;:&quot;&quot;,&quot;created_timestamp&quot;:&quot;1486144550&quot;,&quot;copyright&quot;:&quot;MIC&quot;,&quot;focal_length&quot;:&quot;31&quot;,&quot;iso&quot;:&quot;400&quot;,&quot;shutter_speed&quot;:&quot;0.008&quot;,&quot;title&quot;:&quot;&quot;,&quot;orientation&quot;:&quot;0&quot;}\" data-image-title=\"IMGP8246\" data-image-description=\"\" data-image-caption=\"&lt;p&gt;Les dons \u00e0 la decheterie&lt;\/p&gt;\n\" data-large-file=\"https:\/\/i0.wp.com\/www.micoulou-photos.com\/wp-content\/uploads\/2017\/03\/IMGP8246.jpg?fit=678%2C1024&amp;ssl=1\" class=\"size-medium wp-image-3217\" src=\"https:\/\/i0.wp.com\/www.micoulou-photos.com\/wp-content\/uploads\/2017\/03\/IMGP8246-199x300.jpg?resize=199%2C300\" alt=\"\" width=\"199\" height=\"300\" srcset=\"https:\/\/i0.wp.com\/www.micoulou-photos.com\/wp-content\/uploads\/2017\/03\/IMGP8246.jpg?resize=199%2C300&amp;ssl=1 199w, https:\/\/i0.wp.com\/www.micoulou-photos.com\/wp-content\/uploads\/2017\/03\/IMGP8246.jpg?resize=678%2C1024&amp;ssl=1 678w, https:\/\/i0.wp.com\/www.micoulou-photos.com\/wp-content\/uploads\/2017\/03\/IMGP8246.jpg?resize=636%2C960&amp;ssl=1 636w, https:\/\/i0.wp.com\/www.micoulou-photos.com\/wp-content\/uploads\/2017\/03\/IMGP8246.jpg?w=795&amp;ssl=1 795w\" sizes=\"(max-width: 199px) 100vw, 199px\" \/><\/a><figcaption id=\"caption-attachment-3217\" class=\"wp-caption-text\">Les dons \u00e0 la d\u00e9chetterie<\/figcaption><\/figure>\n<p>Les dons sont ensuite tri\u00e9s, si possible test\u00e9s (avec les moyens du bord des employ\u00e9s et b\u00e9n\u00e9voles, ils ne peuvent pas tout maitriser, de l&rsquo;informatique aux v\u00e9los et \u00e0 l&rsquo;\u00e9lectrom\u00e9nager&#8230;), pes\u00e9s (car il faut comptabiliser&nbsp; la quantit\u00e9 de d\u00e9chets trait\u00e9s et revendus pour \u00e9valuer l\u2019\u00e9conomie r\u00e9alis\u00e9e par les collectivit\u00e9s) et mis en vente.<\/p>\n<figure id=\"attachment_3219\" aria-describedby=\"caption-attachment-3219\" style=\"width: 300px\" class=\"wp-caption alignnone\"><a href=\"http:\/\/www.micoulou-photos.com\/index.php\/2017\/03\/26\/recyclerie-repeyre\/img_1556\/\" rel=\"attachment wp-att-3219\"><img data-recalc-dims=\"1\" decoding=\"async\" data-attachment-id=\"3219\" data-permalink=\"https:\/\/www.micoulou-photos.com\/index.php\/2017\/03\/26\/recyclerie-repeyre\/img_1556\/\" data-orig-file=\"https:\/\/i0.wp.com\/www.micoulou-photos.com\/wp-content\/uploads\/2017\/03\/IMG_1556.jpg?fit=1920%2C1183&amp;ssl=1\" data-orig-size=\"1920,1183\" data-comments-opened=\"1\" data-image-meta=\"{&quot;aperture&quot;:&quot;2.8&quot;,&quot;credit&quot;:&quot;Mickael Minarie&quot;,&quot;camera&quot;:&quot;Canon PowerShot G1 X&quot;,&quot;caption&quot;:&quot;&quot;,&quot;created_timestamp&quot;:&quot;1486146385&quot;,&quot;copyright&quot;:&quot;MICOULOU PHOTOGRAPHIE\\rwww.micoulou-photos.com&quot;,&quot;focal_length&quot;:&quot;15.1&quot;,&quot;iso&quot;:&quot;400&quot;,&quot;shutter_speed&quot;:&quot;0.033333333333333&quot;,&quot;title&quot;:&quot;&quot;,&quot;orientation&quot;:&quot;0&quot;}\" data-image-title=\"IMG_1556\" data-image-description=\"\" data-image-caption=\"&lt;p&gt;tout est pes\u00e9&lt;\/p&gt;\n\" data-large-file=\"https:\/\/i0.wp.com\/www.micoulou-photos.com\/wp-content\/uploads\/2017\/03\/IMG_1556.jpg?fit=800%2C493&amp;ssl=1\" class=\"size-medium wp-image-3219\" src=\"https:\/\/i0.wp.com\/www.micoulou-photos.com\/wp-content\/uploads\/2017\/03\/IMG_1556-300x185.jpg?resize=300%2C185\" alt=\"\" width=\"300\" height=\"185\" srcset=\"https:\/\/i0.wp.com\/www.micoulou-photos.com\/wp-content\/uploads\/2017\/03\/IMG_1556.jpg?resize=300%2C185&amp;ssl=1 300w, https:\/\/i0.wp.com\/www.micoulou-photos.com\/wp-content\/uploads\/2017\/03\/IMG_1556.jpg?resize=1200%2C739&amp;ssl=1 1200w, https:\/\/i0.wp.com\/www.micoulou-photos.com\/wp-content\/uploads\/2017\/03\/IMG_1556.jpg?resize=960%2C592&amp;ssl=1 960w, https:\/\/i0.wp.com\/www.micoulou-photos.com\/wp-content\/uploads\/2017\/03\/IMG_1556.jpg?resize=1600%2C986&amp;ssl=1 1600w, https:\/\/i0.wp.com\/www.micoulou-photos.com\/wp-content\/uploads\/2017\/03\/IMG_1556.jpg?w=1920&amp;ssl=1 1920w\" sizes=\"(max-width: 300px) 100vw, 300px\" \/><\/a><figcaption id=\"caption-attachment-3219\" class=\"wp-caption-text\">tout est pes\u00e9<\/figcaption><\/figure>\n<p>Tous les vendredis et samedis, des b\u00e9n\u00e9voles s&rsquo;occupent de la caisse pour mettre en vente tout \u00e7a.<\/p>\n<p><a href=\"http:\/\/www.micoulou-photos.com\/index.php\/2017\/03\/26\/recyclerie-repeyre\/img_1495\/\" rel=\"attachment wp-att-3220\"><img data-recalc-dims=\"1\" loading=\"lazy\" decoding=\"async\" data-attachment-id=\"3220\" data-permalink=\"https:\/\/www.micoulou-photos.com\/index.php\/2017\/03\/26\/recyclerie-repeyre\/img_1495\/\" data-orig-file=\"https:\/\/i0.wp.com\/www.micoulou-photos.com\/wp-content\/uploads\/2017\/03\/IMG_1495.jpg?fit=1200%2C1200&amp;ssl=1\" data-orig-size=\"1200,1200\" data-comments-opened=\"1\" data-image-meta=\"{&quot;aperture&quot;:&quot;3.5&quot;,&quot;credit&quot;:&quot;Mickael Minarie&quot;,&quot;camera&quot;:&quot;Canon PowerShot G1 X&quot;,&quot;caption&quot;:&quot;&quot;,&quot;created_timestamp&quot;:&quot;1486143143&quot;,&quot;copyright&quot;:&quot;MICOULOU PHOTOGRAPHIE\\rwww.micoulou-photos.com&quot;,&quot;focal_length&quot;:&quot;18.929&quot;,&quot;iso&quot;:&quot;800&quot;,&quot;shutter_speed&quot;:&quot;0.016666666666667&quot;,&quot;title&quot;:&quot;&quot;,&quot;orientation&quot;:&quot;0&quot;}\" data-image-title=\"IMG_1495\" data-image-description=\"\" data-image-caption=\"\" data-large-file=\"https:\/\/i0.wp.com\/www.micoulou-photos.com\/wp-content\/uploads\/2017\/03\/IMG_1495.jpg?fit=800%2C800&amp;ssl=1\" class=\"alignnone size-medium wp-image-3220\" src=\"https:\/\/i0.wp.com\/www.micoulou-photos.com\/wp-content\/uploads\/2017\/03\/IMG_1495-300x300.jpg?resize=300%2C300\" alt=\"\" width=\"300\" height=\"300\" srcset=\"https:\/\/i0.wp.com\/www.micoulou-photos.com\/wp-content\/uploads\/2017\/03\/IMG_1495.jpg?resize=300%2C300&amp;ssl=1 300w, https:\/\/i0.wp.com\/www.micoulou-photos.com\/wp-content\/uploads\/2017\/03\/IMG_1495.jpg?resize=150%2C150&amp;ssl=1 150w, https:\/\/i0.wp.com\/www.micoulou-photos.com\/wp-content\/uploads\/2017\/03\/IMG_1495.jpg?resize=1024%2C1024&amp;ssl=1 1024w, https:\/\/i0.wp.com\/www.micoulou-photos.com\/wp-content\/uploads\/2017\/03\/IMG_1495.jpg?resize=960%2C960&amp;ssl=1 960w, https:\/\/i0.wp.com\/www.micoulou-photos.com\/wp-content\/uploads\/2017\/03\/IMG_1495.jpg?w=1200&amp;ssl=1 1200w\" sizes=\"(max-width: 300px) 100vw, 300px\" \/><\/a><\/p>\n<p>Et voici une petite visite du magasin (des nouveaux locaux plus grands sont en construction) :<\/p>\n<p><a href=\"http:\/\/www.micoulou-photos.com\/index.php\/2017\/03\/26\/recyclerie-repeyre\/imgp8316\/\" rel=\"attachment wp-att-3242\"><img data-recalc-dims=\"1\" loading=\"lazy\" decoding=\"async\" data-attachment-id=\"3242\" data-permalink=\"https:\/\/www.micoulou-photos.com\/index.php\/2017\/03\/26\/recyclerie-repeyre\/imgp8316\/\" data-orig-file=\"https:\/\/i0.wp.com\/www.micoulou-photos.com\/wp-content\/uploads\/2017\/03\/IMGP8316.jpg?fit=1811%2C1200&amp;ssl=1\" data-orig-size=\"1811,1200\" data-comments-opened=\"1\" data-image-meta=\"{&quot;aperture&quot;:&quot;0&quot;,&quot;credit&quot;:&quot;MICKAEL_MINARIE&quot;,&quot;camera&quot;:&quot;PENTAX K-30&quot;,&quot;caption&quot;:&quot;&quot;,&quot;created_timestamp&quot;:&quot;1486147411&quot;,&quot;copyright&quot;:&quot;MIC&quot;,&quot;focal_length&quot;:&quot;31&quot;,&quot;iso&quot;:&quot;400&quot;,&quot;shutter_speed&quot;:&quot;0.04&quot;,&quot;title&quot;:&quot;&quot;,&quot;orientation&quot;:&quot;0&quot;}\" data-image-title=\"IMGP8316\" data-image-description=\"\" data-image-caption=\"\" data-large-file=\"https:\/\/i0.wp.com\/www.micoulou-photos.com\/wp-content\/uploads\/2017\/03\/IMGP8316.jpg?fit=800%2C530&amp;ssl=1\" class=\"alignnone size-medium wp-image-3242\" src=\"https:\/\/i0.wp.com\/www.micoulou-photos.com\/wp-content\/uploads\/2017\/03\/IMGP8316-300x199.jpg?resize=300%2C199\" alt=\"\" width=\"300\" height=\"199\" srcset=\"https:\/\/i0.wp.com\/www.micoulou-photos.com\/wp-content\/uploads\/2017\/03\/IMGP8316.jpg?resize=300%2C199&amp;ssl=1 300w, https:\/\/i0.wp.com\/www.micoulou-photos.com\/wp-content\/uploads\/2017\/03\/IMGP8316.jpg?resize=1200%2C795&amp;ssl=1 1200w, https:\/\/i0.wp.com\/www.micoulou-photos.com\/wp-content\/uploads\/2017\/03\/IMGP8316.jpg?resize=960%2C636&amp;ssl=1 960w, https:\/\/i0.wp.com\/www.micoulou-photos.com\/wp-content\/uploads\/2017\/03\/IMGP8316.jpg?resize=1600%2C1060&amp;ssl=1 1600w, https:\/\/i0.wp.com\/www.micoulou-photos.com\/wp-content\/uploads\/2017\/03\/IMGP8316.jpg?w=1811&amp;ssl=1 1811w\" sizes=\"(max-width: 300px) 100vw, 300px\" \/><\/a><\/p>\n<figure id=\"attachment_3241\" aria-describedby=\"caption-attachment-3241\" style=\"width: 300px\" class=\"wp-caption alignnone\"><a href=\"http:\/\/www.micoulou-photos.com\/index.php\/2017\/03\/26\/recyclerie-repeyre\/imgp8309\/\" rel=\"attachment wp-att-3241\"><img data-recalc-dims=\"1\" loading=\"lazy\" decoding=\"async\" data-attachment-id=\"3241\" data-permalink=\"https:\/\/www.micoulou-photos.com\/index.php\/2017\/03\/26\/recyclerie-repeyre\/imgp8309\/\" data-orig-file=\"https:\/\/i0.wp.com\/www.micoulou-photos.com\/wp-content\/uploads\/2017\/03\/IMGP8309.jpg?fit=1811%2C1200&amp;ssl=1\" data-orig-size=\"1811,1200\" data-comments-opened=\"1\" data-image-meta=\"{&quot;aperture&quot;:&quot;0&quot;,&quot;credit&quot;:&quot;MICKAEL_MINARIE&quot;,&quot;camera&quot;:&quot;PENTAX K-30&quot;,&quot;caption&quot;:&quot;&quot;,&quot;created_timestamp&quot;:&quot;1486147328&quot;,&quot;copyright&quot;:&quot;MIC&quot;,&quot;focal_length&quot;:&quot;31&quot;,&quot;iso&quot;:&quot;400&quot;,&quot;shutter_speed&quot;:&quot;0.04&quot;,&quot;title&quot;:&quot;&quot;,&quot;orientation&quot;:&quot;0&quot;}\" data-image-title=\"IMGP8309\" data-image-description=\"\" data-image-caption=\"&lt;p&gt;et des bibelots divers&lt;\/p&gt;\n\" data-large-file=\"https:\/\/i0.wp.com\/www.micoulou-photos.com\/wp-content\/uploads\/2017\/03\/IMGP8309.jpg?fit=800%2C530&amp;ssl=1\" class=\"size-medium wp-image-3241\" src=\"https:\/\/i0.wp.com\/www.micoulou-photos.com\/wp-content\/uploads\/2017\/03\/IMGP8309-300x199.jpg?resize=300%2C199\" alt=\"\" width=\"300\" height=\"199\" srcset=\"https:\/\/i0.wp.com\/www.micoulou-photos.com\/wp-content\/uploads\/2017\/03\/IMGP8309.jpg?resize=300%2C199&amp;ssl=1 300w, https:\/\/i0.wp.com\/www.micoulou-photos.com\/wp-content\/uploads\/2017\/03\/IMGP8309.jpg?resize=1200%2C795&amp;ssl=1 1200w, https:\/\/i0.wp.com\/www.micoulou-photos.com\/wp-content\/uploads\/2017\/03\/IMGP8309.jpg?resize=960%2C636&amp;ssl=1 960w, https:\/\/i0.wp.com\/www.micoulou-photos.com\/wp-content\/uploads\/2017\/03\/IMGP8309.jpg?resize=1600%2C1060&amp;ssl=1 1600w, https:\/\/i0.wp.com\/www.micoulou-photos.com\/wp-content\/uploads\/2017\/03\/IMGP8309.jpg?w=1811&amp;ssl=1 1811w\" sizes=\"(max-width: 300px) 100vw, 300px\" \/><\/a><figcaption id=\"caption-attachment-3241\" class=\"wp-caption-text\">et des bibelots divers<\/figcaption><\/figure>\n<figure id=\"attachment_3240\" aria-describedby=\"caption-attachment-3240\" style=\"width: 199px\" class=\"wp-caption alignnone\"><a href=\"http:\/\/www.micoulou-photos.com\/index.php\/2017\/03\/26\/recyclerie-repeyre\/imgp8302\/\" rel=\"attachment wp-att-3240\"><img data-recalc-dims=\"1\" loading=\"lazy\" decoding=\"async\" data-attachment-id=\"3240\" data-permalink=\"https:\/\/www.micoulou-photos.com\/index.php\/2017\/03\/26\/recyclerie-repeyre\/imgp8302\/\" data-orig-file=\"https:\/\/i0.wp.com\/www.micoulou-photos.com\/wp-content\/uploads\/2017\/03\/IMGP8302.jpg?fit=795%2C1200&amp;ssl=1\" data-orig-size=\"795,1200\" data-comments-opened=\"1\" data-image-meta=\"{&quot;aperture&quot;:&quot;0&quot;,&quot;credit&quot;:&quot;MICKAEL_MINARIE&quot;,&quot;camera&quot;:&quot;PENTAX K-30&quot;,&quot;caption&quot;:&quot;&quot;,&quot;created_timestamp&quot;:&quot;1486147262&quot;,&quot;copyright&quot;:&quot;MIC&quot;,&quot;focal_length&quot;:&quot;31&quot;,&quot;iso&quot;:&quot;400&quot;,&quot;shutter_speed&quot;:&quot;0.04&quot;,&quot;title&quot;:&quot;&quot;,&quot;orientation&quot;:&quot;0&quot;}\" data-image-title=\"IMGP8302\" data-image-description=\"\" data-image-caption=\"&lt;p&gt;Des chaises&lt;\/p&gt;\n\" data-large-file=\"https:\/\/i0.wp.com\/www.micoulou-photos.com\/wp-content\/uploads\/2017\/03\/IMGP8302.jpg?fit=678%2C1024&amp;ssl=1\" class=\"size-medium wp-image-3240\" src=\"https:\/\/i0.wp.com\/www.micoulou-photos.com\/wp-content\/uploads\/2017\/03\/IMGP8302-199x300.jpg?resize=199%2C300\" alt=\"\" width=\"199\" height=\"300\" srcset=\"https:\/\/i0.wp.com\/www.micoulou-photos.com\/wp-content\/uploads\/2017\/03\/IMGP8302.jpg?resize=199%2C300&amp;ssl=1 199w, https:\/\/i0.wp.com\/www.micoulou-photos.com\/wp-content\/uploads\/2017\/03\/IMGP8302.jpg?resize=678%2C1024&amp;ssl=1 678w, https:\/\/i0.wp.com\/www.micoulou-photos.com\/wp-content\/uploads\/2017\/03\/IMGP8302.jpg?resize=636%2C960&amp;ssl=1 636w, https:\/\/i0.wp.com\/www.micoulou-photos.com\/wp-content\/uploads\/2017\/03\/IMGP8302.jpg?w=795&amp;ssl=1 795w\" sizes=\"(max-width: 199px) 100vw, 199px\" \/><\/a><figcaption id=\"caption-attachment-3240\" class=\"wp-caption-text\">Des chaises<\/figcaption><\/figure>\n<figure id=\"attachment_3239\" aria-describedby=\"caption-attachment-3239\" style=\"width: 300px\" class=\"wp-caption alignnone\"><a href=\"http:\/\/www.micoulou-photos.com\/index.php\/2017\/03\/26\/recyclerie-repeyre\/imgp8298\/\" rel=\"attachment wp-att-3239\"><img data-recalc-dims=\"1\" loading=\"lazy\" decoding=\"async\" data-attachment-id=\"3239\" data-permalink=\"https:\/\/www.micoulou-photos.com\/index.php\/2017\/03\/26\/recyclerie-repeyre\/imgp8298\/\" data-orig-file=\"https:\/\/i0.wp.com\/www.micoulou-photos.com\/wp-content\/uploads\/2017\/03\/IMGP8298.jpg?fit=1811%2C1200&amp;ssl=1\" data-orig-size=\"1811,1200\" data-comments-opened=\"1\" data-image-meta=\"{&quot;aperture&quot;:&quot;0&quot;,&quot;credit&quot;:&quot;MICKAEL_MINARIE&quot;,&quot;camera&quot;:&quot;PENTAX K-30&quot;,&quot;caption&quot;:&quot;&quot;,&quot;created_timestamp&quot;:&quot;1486147192&quot;,&quot;copyright&quot;:&quot;MIC&quot;,&quot;focal_length&quot;:&quot;31&quot;,&quot;iso&quot;:&quot;400&quot;,&quot;shutter_speed&quot;:&quot;0.04&quot;,&quot;title&quot;:&quot;&quot;,&quot;orientation&quot;:&quot;0&quot;}\" data-image-title=\"IMGP8298\" data-image-description=\"\" data-image-caption=\"&lt;p&gt;une petite collection de sac&lt;\/p&gt;\n\" data-large-file=\"https:\/\/i0.wp.com\/www.micoulou-photos.com\/wp-content\/uploads\/2017\/03\/IMGP8298.jpg?fit=800%2C530&amp;ssl=1\" class=\"size-medium wp-image-3239\" src=\"https:\/\/i0.wp.com\/www.micoulou-photos.com\/wp-content\/uploads\/2017\/03\/IMGP8298-300x199.jpg?resize=300%2C199\" alt=\"\" width=\"300\" height=\"199\" srcset=\"https:\/\/i0.wp.com\/www.micoulou-photos.com\/wp-content\/uploads\/2017\/03\/IMGP8298.jpg?resize=300%2C199&amp;ssl=1 300w, https:\/\/i0.wp.com\/www.micoulou-photos.com\/wp-content\/uploads\/2017\/03\/IMGP8298.jpg?resize=1200%2C795&amp;ssl=1 1200w, https:\/\/i0.wp.com\/www.micoulou-photos.com\/wp-content\/uploads\/2017\/03\/IMGP8298.jpg?resize=960%2C636&amp;ssl=1 960w, https:\/\/i0.wp.com\/www.micoulou-photos.com\/wp-content\/uploads\/2017\/03\/IMGP8298.jpg?resize=1600%2C1060&amp;ssl=1 1600w, https:\/\/i0.wp.com\/www.micoulou-photos.com\/wp-content\/uploads\/2017\/03\/IMGP8298.jpg?w=1811&amp;ssl=1 1811w\" sizes=\"(max-width: 300px) 100vw, 300px\" \/><\/a><figcaption id=\"caption-attachment-3239\" class=\"wp-caption-text\">une petite collection de sacs<\/figcaption><\/figure>\n<p><a href=\"http:\/\/www.micoulou-photos.com\/index.php\/2017\/03\/26\/recyclerie-repeyre\/imgp8267\/\" rel=\"attachment wp-att-3238\"><img data-recalc-dims=\"1\" loading=\"lazy\" decoding=\"async\" data-attachment-id=\"3238\" data-permalink=\"https:\/\/www.micoulou-photos.com\/index.php\/2017\/03\/26\/recyclerie-repeyre\/imgp8267\/\" data-orig-file=\"https:\/\/i0.wp.com\/www.micoulou-photos.com\/wp-content\/uploads\/2017\/03\/IMGP8267.jpg?fit=1811%2C1200&amp;ssl=1\" data-orig-size=\"1811,1200\" data-comments-opened=\"1\" data-image-meta=\"{&quot;aperture&quot;:&quot;0&quot;,&quot;credit&quot;:&quot;MICKAEL_MINARIE&quot;,&quot;camera&quot;:&quot;PENTAX K-30&quot;,&quot;caption&quot;:&quot;&quot;,&quot;created_timestamp&quot;:&quot;1486146526&quot;,&quot;copyright&quot;:&quot;MIC&quot;,&quot;focal_length&quot;:&quot;31&quot;,&quot;iso&quot;:&quot;400&quot;,&quot;shutter_speed&quot;:&quot;0.02&quot;,&quot;title&quot;:&quot;&quot;,&quot;orientation&quot;:&quot;0&quot;}\" data-image-title=\"IMGP8267\" data-image-description=\"\" data-image-caption=\"\" data-large-file=\"https:\/\/i0.wp.com\/www.micoulou-photos.com\/wp-content\/uploads\/2017\/03\/IMGP8267.jpg?fit=800%2C530&amp;ssl=1\" class=\"alignnone size-medium wp-image-3238\" src=\"https:\/\/i0.wp.com\/www.micoulou-photos.com\/wp-content\/uploads\/2017\/03\/IMGP8267-300x199.jpg?resize=300%2C199\" alt=\"\" width=\"300\" height=\"199\" srcset=\"https:\/\/i0.wp.com\/www.micoulou-photos.com\/wp-content\/uploads\/2017\/03\/IMGP8267.jpg?resize=300%2C199&amp;ssl=1 300w, https:\/\/i0.wp.com\/www.micoulou-photos.com\/wp-content\/uploads\/2017\/03\/IMGP8267.jpg?resize=1200%2C795&amp;ssl=1 1200w, https:\/\/i0.wp.com\/www.micoulou-photos.com\/wp-content\/uploads\/2017\/03\/IMGP8267.jpg?resize=960%2C636&amp;ssl=1 960w, https:\/\/i0.wp.com\/www.micoulou-photos.com\/wp-content\/uploads\/2017\/03\/IMGP8267.jpg?resize=1600%2C1060&amp;ssl=1 1600w, https:\/\/i0.wp.com\/www.micoulou-photos.com\/wp-content\/uploads\/2017\/03\/IMGP8267.jpg?w=1811&amp;ssl=1 1811w\" sizes=\"(max-width: 300px) 100vw, 300px\" \/><\/a><\/p>\n<figure id=\"attachment_3237\" aria-describedby=\"caption-attachment-3237\" style=\"width: 199px\" class=\"wp-caption alignnone\"><a href=\"http:\/\/www.micoulou-photos.com\/index.php\/2017\/03\/26\/recyclerie-repeyre\/imgp8261\/\" rel=\"attachment wp-att-3237\"><img data-recalc-dims=\"1\" loading=\"lazy\" decoding=\"async\" data-attachment-id=\"3237\" data-permalink=\"https:\/\/www.micoulou-photos.com\/index.php\/2017\/03\/26\/recyclerie-repeyre\/imgp8261\/\" data-orig-file=\"https:\/\/i0.wp.com\/www.micoulou-photos.com\/wp-content\/uploads\/2017\/03\/IMGP8261.jpg?fit=795%2C1200&amp;ssl=1\" data-orig-size=\"795,1200\" data-comments-opened=\"1\" data-image-meta=\"{&quot;aperture&quot;:&quot;0&quot;,&quot;credit&quot;:&quot;MICKAEL_MINARIE&quot;,&quot;camera&quot;:&quot;PENTAX K-30&quot;,&quot;caption&quot;:&quot;&quot;,&quot;created_timestamp&quot;:&quot;1486146497&quot;,&quot;copyright&quot;:&quot;MIC&quot;,&quot;focal_length&quot;:&quot;31&quot;,&quot;iso&quot;:&quot;400&quot;,&quot;shutter_speed&quot;:&quot;0.04&quot;,&quot;title&quot;:&quot;&quot;,&quot;orientation&quot;:&quot;0&quot;}\" data-image-title=\"IMGP8261\" data-image-description=\"\" data-image-caption=\"&lt;p&gt;Des vetements enfants&lt;\/p&gt;\n\" data-large-file=\"https:\/\/i0.wp.com\/www.micoulou-photos.com\/wp-content\/uploads\/2017\/03\/IMGP8261.jpg?fit=678%2C1024&amp;ssl=1\" class=\"size-medium wp-image-3237\" src=\"https:\/\/i0.wp.com\/www.micoulou-photos.com\/wp-content\/uploads\/2017\/03\/IMGP8261-199x300.jpg?resize=199%2C300\" alt=\"\" width=\"199\" height=\"300\" srcset=\"https:\/\/i0.wp.com\/www.micoulou-photos.com\/wp-content\/uploads\/2017\/03\/IMGP8261.jpg?resize=199%2C300&amp;ssl=1 199w, https:\/\/i0.wp.com\/www.micoulou-photos.com\/wp-content\/uploads\/2017\/03\/IMGP8261.jpg?resize=678%2C1024&amp;ssl=1 678w, https:\/\/i0.wp.com\/www.micoulou-photos.com\/wp-content\/uploads\/2017\/03\/IMGP8261.jpg?resize=636%2C960&amp;ssl=1 636w, https:\/\/i0.wp.com\/www.micoulou-photos.com\/wp-content\/uploads\/2017\/03\/IMGP8261.jpg?w=795&amp;ssl=1 795w\" sizes=\"(max-width: 199px) 100vw, 199px\" \/><\/a><figcaption id=\"caption-attachment-3237\" class=\"wp-caption-text\">Des v\u00eatements enfants<\/figcaption><\/figure>\n<p><a href=\"http:\/\/www.micoulou-photos.com\/index.php\/2017\/03\/26\/recyclerie-repeyre\/imgp8236\/\" rel=\"attachment wp-att-3236\"><img data-recalc-dims=\"1\" loading=\"lazy\" decoding=\"async\" data-attachment-id=\"3236\" data-permalink=\"https:\/\/www.micoulou-photos.com\/index.php\/2017\/03\/26\/recyclerie-repeyre\/imgp8236\/\" data-orig-file=\"https:\/\/i0.wp.com\/www.micoulou-photos.com\/wp-content\/uploads\/2017\/03\/IMGP8236.jpg?fit=1811%2C1200&amp;ssl=1\" data-orig-size=\"1811,1200\" data-comments-opened=\"1\" data-image-meta=\"{&quot;aperture&quot;:&quot;0&quot;,&quot;credit&quot;:&quot;MICKAEL_MINARIE&quot;,&quot;camera&quot;:&quot;PENTAX K-30&quot;,&quot;caption&quot;:&quot;&quot;,&quot;created_timestamp&quot;:&quot;1486143644&quot;,&quot;copyright&quot;:&quot;MIC&quot;,&quot;focal_length&quot;:&quot;31&quot;,&quot;iso&quot;:&quot;400&quot;,&quot;shutter_speed&quot;:&quot;0.008&quot;,&quot;title&quot;:&quot;&quot;,&quot;orientation&quot;:&quot;0&quot;}\" data-image-title=\"IMGP8236\" data-image-description=\"\" data-image-caption=\"\" data-large-file=\"https:\/\/i0.wp.com\/www.micoulou-photos.com\/wp-content\/uploads\/2017\/03\/IMGP8236.jpg?fit=800%2C530&amp;ssl=1\" class=\"alignnone size-medium wp-image-3236\" src=\"https:\/\/i0.wp.com\/www.micoulou-photos.com\/wp-content\/uploads\/2017\/03\/IMGP8236-300x199.jpg?resize=300%2C199\" alt=\"\" width=\"300\" height=\"199\" srcset=\"https:\/\/i0.wp.com\/www.micoulou-photos.com\/wp-content\/uploads\/2017\/03\/IMGP8236.jpg?resize=300%2C199&amp;ssl=1 300w, https:\/\/i0.wp.com\/www.micoulou-photos.com\/wp-content\/uploads\/2017\/03\/IMGP8236.jpg?resize=1200%2C795&amp;ssl=1 1200w, https:\/\/i0.wp.com\/www.micoulou-photos.com\/wp-content\/uploads\/2017\/03\/IMGP8236.jpg?resize=960%2C636&amp;ssl=1 960w, https:\/\/i0.wp.com\/www.micoulou-photos.com\/wp-content\/uploads\/2017\/03\/IMGP8236.jpg?resize=1600%2C1060&amp;ssl=1 1600w, https:\/\/i0.wp.com\/www.micoulou-photos.com\/wp-content\/uploads\/2017\/03\/IMGP8236.jpg?w=1811&amp;ssl=1 1811w\" sizes=\"(max-width: 300px) 100vw, 300px\" \/><\/a><\/p>\n<figure id=\"attachment_3235\" aria-describedby=\"caption-attachment-3235\" style=\"width: 199px\" class=\"wp-caption alignnone\"><a href=\"http:\/\/www.micoulou-photos.com\/index.php\/2017\/03\/26\/recyclerie-repeyre\/imgp8233\/\" rel=\"attachment wp-att-3235\"><img data-recalc-dims=\"1\" loading=\"lazy\" decoding=\"async\" data-attachment-id=\"3235\" data-permalink=\"https:\/\/www.micoulou-photos.com\/index.php\/2017\/03\/26\/recyclerie-repeyre\/imgp8233\/\" data-orig-file=\"https:\/\/i0.wp.com\/www.micoulou-photos.com\/wp-content\/uploads\/2017\/03\/IMGP8233.jpg?fit=795%2C1200&amp;ssl=1\" data-orig-size=\"795,1200\" data-comments-opened=\"1\" data-image-meta=\"{&quot;aperture&quot;:&quot;0&quot;,&quot;credit&quot;:&quot;MICKAEL_MINARIE&quot;,&quot;camera&quot;:&quot;PENTAX K-30&quot;,&quot;caption&quot;:&quot;&quot;,&quot;created_timestamp&quot;:&quot;1486143630&quot;,&quot;copyright&quot;:&quot;MIC&quot;,&quot;focal_length&quot;:&quot;31&quot;,&quot;iso&quot;:&quot;400&quot;,&quot;shutter_speed&quot;:&quot;0.008&quot;,&quot;title&quot;:&quot;&quot;,&quot;orientation&quot;:&quot;0&quot;}\" data-image-title=\"IMGP8233\" data-image-description=\"&lt;p&gt;vetements &lt;\/p&gt;\n\" data-image-caption=\"&lt;p&gt;Quelques vetements (le rayon n&amp;rsquo;est pas tr\u00e8s rempli car une friperie est pr\u00e9sente non loin de repeyre)&lt;\/p&gt;\n\" data-large-file=\"https:\/\/i0.wp.com\/www.micoulou-photos.com\/wp-content\/uploads\/2017\/03\/IMGP8233.jpg?fit=678%2C1024&amp;ssl=1\" class=\"size-medium wp-image-3235\" src=\"https:\/\/i0.wp.com\/www.micoulou-photos.com\/wp-content\/uploads\/2017\/03\/IMGP8233-199x300.jpg?resize=199%2C300\" alt=\"\" width=\"199\" height=\"300\" srcset=\"https:\/\/i0.wp.com\/www.micoulou-photos.com\/wp-content\/uploads\/2017\/03\/IMGP8233.jpg?resize=199%2C300&amp;ssl=1 199w, https:\/\/i0.wp.com\/www.micoulou-photos.com\/wp-content\/uploads\/2017\/03\/IMGP8233.jpg?resize=678%2C1024&amp;ssl=1 678w, https:\/\/i0.wp.com\/www.micoulou-photos.com\/wp-content\/uploads\/2017\/03\/IMGP8233.jpg?resize=636%2C960&amp;ssl=1 636w, https:\/\/i0.wp.com\/www.micoulou-photos.com\/wp-content\/uploads\/2017\/03\/IMGP8233.jpg?w=795&amp;ssl=1 795w\" sizes=\"(max-width: 199px) 100vw, 199px\" \/><\/a><figcaption id=\"caption-attachment-3235\" class=\"wp-caption-text\">Quelques v\u00eatements (le rayon n&rsquo;est pas tr\u00e8s rempli car une friperie est pr\u00e9sente non loin de Repeyre)<\/figcaption><\/figure>\n<figure id=\"attachment_3234\" aria-describedby=\"caption-attachment-3234\" style=\"width: 199px\" class=\"wp-caption alignnone\"><a href=\"http:\/\/www.micoulou-photos.com\/index.php\/2017\/03\/26\/recyclerie-repeyre\/imgp8222\/\" rel=\"attachment wp-att-3234\"><img data-recalc-dims=\"1\" loading=\"lazy\" decoding=\"async\" data-attachment-id=\"3234\" data-permalink=\"https:\/\/www.micoulou-photos.com\/index.php\/2017\/03\/26\/recyclerie-repeyre\/imgp8222\/\" data-orig-file=\"https:\/\/i0.wp.com\/www.micoulou-photos.com\/wp-content\/uploads\/2017\/03\/IMGP8222.jpg?fit=795%2C1200&amp;ssl=1\" data-orig-size=\"795,1200\" data-comments-opened=\"1\" data-image-meta=\"{&quot;aperture&quot;:&quot;0&quot;,&quot;credit&quot;:&quot;MICKAEL_MINARIE&quot;,&quot;camera&quot;:&quot;PENTAX K-30&quot;,&quot;caption&quot;:&quot;&quot;,&quot;created_timestamp&quot;:&quot;1486143459&quot;,&quot;copyright&quot;:&quot;MIC&quot;,&quot;focal_length&quot;:&quot;31&quot;,&quot;iso&quot;:&quot;400&quot;,&quot;shutter_speed&quot;:&quot;0.008&quot;,&quot;title&quot;:&quot;&quot;,&quot;orientation&quot;:&quot;0&quot;}\" data-image-title=\"IMGP8222\" data-image-description=\"\" data-image-caption=\"&lt;p&gt;De la vaisselle&amp;#8230;&lt;\/p&gt;\n\" data-large-file=\"https:\/\/i0.wp.com\/www.micoulou-photos.com\/wp-content\/uploads\/2017\/03\/IMGP8222.jpg?fit=678%2C1024&amp;ssl=1\" class=\"size-medium wp-image-3234\" src=\"https:\/\/i0.wp.com\/www.micoulou-photos.com\/wp-content\/uploads\/2017\/03\/IMGP8222-199x300.jpg?resize=199%2C300\" alt=\"\" width=\"199\" height=\"300\" srcset=\"https:\/\/i0.wp.com\/www.micoulou-photos.com\/wp-content\/uploads\/2017\/03\/IMGP8222.jpg?resize=199%2C300&amp;ssl=1 199w, https:\/\/i0.wp.com\/www.micoulou-photos.com\/wp-content\/uploads\/2017\/03\/IMGP8222.jpg?resize=678%2C1024&amp;ssl=1 678w, https:\/\/i0.wp.com\/www.micoulou-photos.com\/wp-content\/uploads\/2017\/03\/IMGP8222.jpg?resize=636%2C960&amp;ssl=1 636w, https:\/\/i0.wp.com\/www.micoulou-photos.com\/wp-content\/uploads\/2017\/03\/IMGP8222.jpg?w=795&amp;ssl=1 795w\" sizes=\"(max-width: 199px) 100vw, 199px\" \/><\/a><figcaption id=\"caption-attachment-3234\" class=\"wp-caption-text\">De la vaisselle&#8230;<\/figcaption><\/figure>\n<p><a href=\"http:\/\/www.micoulou-photos.com\/index.php\/2017\/03\/26\/recyclerie-repeyre\/imgp8207\/\" rel=\"attachment wp-att-3233\"><img data-recalc-dims=\"1\" loading=\"lazy\" decoding=\"async\" data-attachment-id=\"3233\" data-permalink=\"https:\/\/www.micoulou-photos.com\/index.php\/2017\/03\/26\/recyclerie-repeyre\/imgp8207\/\" data-orig-file=\"https:\/\/i0.wp.com\/www.micoulou-photos.com\/wp-content\/uploads\/2017\/03\/IMGP8207.jpg?fit=795%2C1200&amp;ssl=1\" data-orig-size=\"795,1200\" data-comments-opened=\"1\" data-image-meta=\"{&quot;aperture&quot;:&quot;0&quot;,&quot;credit&quot;:&quot;MICKAEL_MINARIE&quot;,&quot;camera&quot;:&quot;PENTAX K-30&quot;,&quot;caption&quot;:&quot;&quot;,&quot;created_timestamp&quot;:&quot;1486143285&quot;,&quot;copyright&quot;:&quot;MIC&quot;,&quot;focal_length&quot;:&quot;31&quot;,&quot;iso&quot;:&quot;400&quot;,&quot;shutter_speed&quot;:&quot;0.02&quot;,&quot;title&quot;:&quot;&quot;,&quot;orientation&quot;:&quot;0&quot;}\" data-image-title=\"IMGP8207\" data-image-description=\"\" data-image-caption=\"\" data-large-file=\"https:\/\/i0.wp.com\/www.micoulou-photos.com\/wp-content\/uploads\/2017\/03\/IMGP8207.jpg?fit=678%2C1024&amp;ssl=1\" class=\"alignnone size-medium wp-image-3233\" src=\"https:\/\/i0.wp.com\/www.micoulou-photos.com\/wp-content\/uploads\/2017\/03\/IMGP8207-199x300.jpg?resize=199%2C300\" alt=\"\" width=\"199\" height=\"300\" srcset=\"https:\/\/i0.wp.com\/www.micoulou-photos.com\/wp-content\/uploads\/2017\/03\/IMGP8207.jpg?resize=199%2C300&amp;ssl=1 199w, https:\/\/i0.wp.com\/www.micoulou-photos.com\/wp-content\/uploads\/2017\/03\/IMGP8207.jpg?resize=678%2C1024&amp;ssl=1 678w, https:\/\/i0.wp.com\/www.micoulou-photos.com\/wp-content\/uploads\/2017\/03\/IMGP8207.jpg?resize=636%2C960&amp;ssl=1 636w, https:\/\/i0.wp.com\/www.micoulou-photos.com\/wp-content\/uploads\/2017\/03\/IMGP8207.jpg?w=795&amp;ssl=1 795w\" sizes=\"(max-width: 199px) 100vw, 199px\" \/><\/a> <a href=\"http:\/\/www.micoulou-photos.com\/index.php\/2017\/03\/26\/recyclerie-repeyre\/imgp8192\/\" rel=\"attachment wp-att-3232\"><img data-recalc-dims=\"1\" loading=\"lazy\" decoding=\"async\" data-attachment-id=\"3232\" data-permalink=\"https:\/\/www.micoulou-photos.com\/index.php\/2017\/03\/26\/recyclerie-repeyre\/imgp8192\/\" data-orig-file=\"https:\/\/i0.wp.com\/www.micoulou-photos.com\/wp-content\/uploads\/2017\/03\/IMGP8192.jpg?fit=795%2C1200&amp;ssl=1\" data-orig-size=\"795,1200\" data-comments-opened=\"1\" data-image-meta=\"{&quot;aperture&quot;:&quot;0&quot;,&quot;credit&quot;:&quot;MICKAEL_MINARIE&quot;,&quot;camera&quot;:&quot;PENTAX K-30&quot;,&quot;caption&quot;:&quot;&quot;,&quot;created_timestamp&quot;:&quot;1486143089&quot;,&quot;copyright&quot;:&quot;MIC&quot;,&quot;focal_length&quot;:&quot;31&quot;,&quot;iso&quot;:&quot;400&quot;,&quot;shutter_speed&quot;:&quot;0.008&quot;,&quot;title&quot;:&quot;&quot;,&quot;orientation&quot;:&quot;0&quot;}\" data-image-title=\"IMGP8192\" data-image-description=\"\" data-image-caption=\"\" data-large-file=\"https:\/\/i0.wp.com\/www.micoulou-photos.com\/wp-content\/uploads\/2017\/03\/IMGP8192.jpg?fit=678%2C1024&amp;ssl=1\" class=\"alignnone size-medium wp-image-3232\" src=\"https:\/\/i0.wp.com\/www.micoulou-photos.com\/wp-content\/uploads\/2017\/03\/IMGP8192-199x300.jpg?resize=199%2C300\" alt=\"\" width=\"199\" height=\"300\" srcset=\"https:\/\/i0.wp.com\/www.micoulou-photos.com\/wp-content\/uploads\/2017\/03\/IMGP8192.jpg?resize=199%2C300&amp;ssl=1 199w, https:\/\/i0.wp.com\/www.micoulou-photos.com\/wp-content\/uploads\/2017\/03\/IMGP8192.jpg?resize=678%2C1024&amp;ssl=1 678w, https:\/\/i0.wp.com\/www.micoulou-photos.com\/wp-content\/uploads\/2017\/03\/IMGP8192.jpg?resize=636%2C960&amp;ssl=1 636w, https:\/\/i0.wp.com\/www.micoulou-photos.com\/wp-content\/uploads\/2017\/03\/IMGP8192.jpg?w=795&amp;ssl=1 795w\" sizes=\"(max-width: 199px) 100vw, 199px\" \/><\/a><\/p>\n<figure id=\"attachment_3250\" aria-describedby=\"caption-attachment-3250\" style=\"width: 225px\" class=\"wp-caption alignnone\"><a href=\"http:\/\/www.micoulou-photos.com\/index.php\/2017\/03\/26\/recyclerie-repeyre\/img_1200\/\" rel=\"attachment wp-att-3250\"><img data-recalc-dims=\"1\" loading=\"lazy\" decoding=\"async\" data-attachment-id=\"3250\" data-permalink=\"https:\/\/www.micoulou-photos.com\/index.php\/2017\/03\/26\/recyclerie-repeyre\/img_1200\/\" data-orig-file=\"https:\/\/i0.wp.com\/www.micoulou-photos.com\/wp-content\/uploads\/2017\/03\/IMG_1200.jpg?fit=900%2C1200&amp;ssl=1\" data-orig-size=\"900,1200\" data-comments-opened=\"1\" data-image-meta=\"{&quot;aperture&quot;:&quot;5.6&quot;,&quot;credit&quot;:&quot;Mickael Minarie&quot;,&quot;camera&quot;:&quot;Canon PowerShot G1 X&quot;,&quot;caption&quot;:&quot;&quot;,&quot;created_timestamp&quot;:&quot;1484412502&quot;,&quot;copyright&quot;:&quot;MICOULOU PHOTOGRAPHIE\\rwww.micoulou-photos.com&quot;,&quot;focal_length&quot;:&quot;15.1&quot;,&quot;iso&quot;:&quot;100&quot;,&quot;shutter_speed&quot;:&quot;0.0125&quot;,&quot;title&quot;:&quot;&quot;,&quot;orientation&quot;:&quot;0&quot;}\" data-image-title=\"IMG_1200\" data-image-description=\"\" data-image-caption=\"&lt;p&gt;La zone de gratuit\u00e9, pour les differents objets echang\u00e9s, difficile \u00e0 vendre seul ou invendus.&lt;\/p&gt;\n\" data-large-file=\"https:\/\/i0.wp.com\/www.micoulou-photos.com\/wp-content\/uploads\/2017\/03\/IMG_1200.jpg?fit=768%2C1024&amp;ssl=1\" class=\"size-medium wp-image-3250\" src=\"https:\/\/i0.wp.com\/www.micoulou-photos.com\/wp-content\/uploads\/2017\/03\/IMG_1200-225x300.jpg?resize=225%2C300\" alt=\"\" width=\"225\" height=\"300\" srcset=\"https:\/\/i0.wp.com\/www.micoulou-photos.com\/wp-content\/uploads\/2017\/03\/IMG_1200.jpg?resize=225%2C300&amp;ssl=1 225w, https:\/\/i0.wp.com\/www.micoulou-photos.com\/wp-content\/uploads\/2017\/03\/IMG_1200.jpg?resize=768%2C1024&amp;ssl=1 768w, https:\/\/i0.wp.com\/www.micoulou-photos.com\/wp-content\/uploads\/2017\/03\/IMG_1200.jpg?resize=720%2C960&amp;ssl=1 720w, https:\/\/i0.wp.com\/www.micoulou-photos.com\/wp-content\/uploads\/2017\/03\/IMG_1200.jpg?w=900&amp;ssl=1 900w\" sizes=\"(max-width: 225px) 100vw, 225px\" \/><\/a><figcaption id=\"caption-attachment-3250\" class=\"wp-caption-text\">La zone de gratuit\u00e9, pour les differents objets echang\u00e9s, difficile \u00e0 vendre seul ou invendus.<\/figcaption><\/figure>\n<p><a href=\"http:\/\/www.micoulou-photos.com\/index.php\/2017\/03\/26\/recyclerie-repeyre\/img_2693-edit\/\" rel=\"attachment wp-att-3260\"><img data-recalc-dims=\"1\" loading=\"lazy\" decoding=\"async\" data-attachment-id=\"3260\" data-permalink=\"https:\/\/www.micoulou-photos.com\/index.php\/2017\/03\/26\/recyclerie-repeyre\/img_2693-edit\/\" data-orig-file=\"https:\/\/i0.wp.com\/www.micoulou-photos.com\/wp-content\/uploads\/2017\/03\/IMG_2693-Edit.jpg?fit=800%2C1200&amp;ssl=1\" data-orig-size=\"800,1200\" data-comments-opened=\"1\" data-image-meta=\"{&quot;aperture&quot;:&quot;4.5&quot;,&quot;credit&quot;:&quot;unknown&quot;,&quot;camera&quot;:&quot;Canon EOS 20D&quot;,&quot;caption&quot;:&quot;&quot;,&quot;created_timestamp&quot;:&quot;1490463462&quot;,&quot;copyright&quot;:&quot;&quot;,&quot;focal_length&quot;:&quot;10&quot;,&quot;iso&quot;:&quot;800&quot;,&quot;shutter_speed&quot;:&quot;0.125&quot;,&quot;title&quot;:&quot;&quot;,&quot;orientation&quot;:&quot;0&quot;}\" data-image-title=\"IMG_2693-Edit\" data-image-description=\"\" data-image-caption=\"\" data-large-file=\"https:\/\/i0.wp.com\/www.micoulou-photos.com\/wp-content\/uploads\/2017\/03\/IMG_2693-Edit.jpg?fit=683%2C1024&amp;ssl=1\" class=\"alignnone size-medium wp-image-3260\" src=\"https:\/\/i0.wp.com\/www.micoulou-photos.com\/wp-content\/uploads\/2017\/03\/IMG_2693-Edit-200x300.jpg?resize=200%2C300\" alt=\"\" width=\"200\" height=\"300\" srcset=\"https:\/\/i0.wp.com\/www.micoulou-photos.com\/wp-content\/uploads\/2017\/03\/IMG_2693-Edit.jpg?resize=200%2C300&amp;ssl=1 200w, https:\/\/i0.wp.com\/www.micoulou-photos.com\/wp-content\/uploads\/2017\/03\/IMG_2693-Edit.jpg?resize=683%2C1024&amp;ssl=1 683w, https:\/\/i0.wp.com\/www.micoulou-photos.com\/wp-content\/uploads\/2017\/03\/IMG_2693-Edit.jpg?resize=640%2C960&amp;ssl=1 640w, https:\/\/i0.wp.com\/www.micoulou-photos.com\/wp-content\/uploads\/2017\/03\/IMG_2693-Edit.jpg?w=800&amp;ssl=1 800w\" sizes=\"(max-width: 200px) 100vw, 200px\" \/><\/a><\/p>\n<figure id=\"attachment_3231\" aria-describedby=\"caption-attachment-3231\" style=\"width: 300px\" class=\"wp-caption alignnone\"><a href=\"http:\/\/www.micoulou-photos.com\/index.php\/2017\/03\/26\/recyclerie-repeyre\/imgp8190\/\" rel=\"attachment wp-att-3231\"><img data-recalc-dims=\"1\" loading=\"lazy\" decoding=\"async\" data-attachment-id=\"3231\" data-permalink=\"https:\/\/www.micoulou-photos.com\/index.php\/2017\/03\/26\/recyclerie-repeyre\/imgp8190\/\" data-orig-file=\"https:\/\/i0.wp.com\/www.micoulou-photos.com\/wp-content\/uploads\/2017\/03\/IMGP8190.jpg?fit=1811%2C1200&amp;ssl=1\" data-orig-size=\"1811,1200\" data-comments-opened=\"1\" data-image-meta=\"{&quot;aperture&quot;:&quot;0&quot;,&quot;credit&quot;:&quot;MICKAEL_MINARIE&quot;,&quot;camera&quot;:&quot;PENTAX K-30&quot;,&quot;caption&quot;:&quot;&quot;,&quot;created_timestamp&quot;:&quot;1486143079&quot;,&quot;copyright&quot;:&quot;MIC&quot;,&quot;focal_length&quot;:&quot;31&quot;,&quot;iso&quot;:&quot;400&quot;,&quot;shutter_speed&quot;:&quot;0.008&quot;,&quot;title&quot;:&quot;&quot;,&quot;orientation&quot;:&quot;0&quot;}\" data-image-title=\"IMGP8190\" data-image-description=\"\" data-image-caption=\"&lt;p&gt;la vaisselle&lt;\/p&gt;\n\" data-large-file=\"https:\/\/i0.wp.com\/www.micoulou-photos.com\/wp-content\/uploads\/2017\/03\/IMGP8190.jpg?fit=800%2C530&amp;ssl=1\" class=\"size-medium wp-image-3231\" src=\"https:\/\/i0.wp.com\/www.micoulou-photos.com\/wp-content\/uploads\/2017\/03\/IMGP8190-300x199.jpg?resize=300%2C199\" alt=\"\" width=\"300\" height=\"199\" srcset=\"https:\/\/i0.wp.com\/www.micoulou-photos.com\/wp-content\/uploads\/2017\/03\/IMGP8190.jpg?resize=300%2C199&amp;ssl=1 300w, https:\/\/i0.wp.com\/www.micoulou-photos.com\/wp-content\/uploads\/2017\/03\/IMGP8190.jpg?resize=1200%2C795&amp;ssl=1 1200w, https:\/\/i0.wp.com\/www.micoulou-photos.com\/wp-content\/uploads\/2017\/03\/IMGP8190.jpg?resize=960%2C636&amp;ssl=1 960w, https:\/\/i0.wp.com\/www.micoulou-photos.com\/wp-content\/uploads\/2017\/03\/IMGP8190.jpg?resize=1600%2C1060&amp;ssl=1 1600w, https:\/\/i0.wp.com\/www.micoulou-photos.com\/wp-content\/uploads\/2017\/03\/IMGP8190.jpg?w=1811&amp;ssl=1 1811w\" sizes=\"(max-width: 300px) 100vw, 300px\" \/><\/a><figcaption id=\"caption-attachment-3231\" class=\"wp-caption-text\">et encore de la vaisselle<\/figcaption><\/figure>\n<figure id=\"attachment_3230\" aria-describedby=\"caption-attachment-3230\" style=\"width: 300px\" class=\"wp-caption alignnone\"><a href=\"http:\/\/www.micoulou-photos.com\/index.php\/2017\/03\/26\/recyclerie-repeyre\/imgp8170\/\" rel=\"attachment wp-att-3230\"><img data-recalc-dims=\"1\" loading=\"lazy\" decoding=\"async\" data-attachment-id=\"3230\" data-permalink=\"https:\/\/www.micoulou-photos.com\/index.php\/2017\/03\/26\/recyclerie-repeyre\/imgp8170\/\" data-orig-file=\"https:\/\/i0.wp.com\/www.micoulou-photos.com\/wp-content\/uploads\/2017\/03\/IMGP8170.jpg?fit=1811%2C1200&amp;ssl=1\" data-orig-size=\"1811,1200\" data-comments-opened=\"1\" data-image-meta=\"{&quot;aperture&quot;:&quot;0&quot;,&quot;credit&quot;:&quot;MICKAEL_MINARIE&quot;,&quot;camera&quot;:&quot;PENTAX K-30&quot;,&quot;caption&quot;:&quot;&quot;,&quot;created_timestamp&quot;:&quot;1486142729&quot;,&quot;copyright&quot;:&quot;MIC&quot;,&quot;focal_length&quot;:&quot;31&quot;,&quot;iso&quot;:&quot;400&quot;,&quot;shutter_speed&quot;:&quot;0.0005&quot;,&quot;title&quot;:&quot;&quot;,&quot;orientation&quot;:&quot;0&quot;}\" data-image-title=\"IMGP8170\" data-image-description=\"\" data-image-caption=\"&lt;p&gt;la collection de velo&lt;\/p&gt;\n\" data-large-file=\"https:\/\/i0.wp.com\/www.micoulou-photos.com\/wp-content\/uploads\/2017\/03\/IMGP8170.jpg?fit=800%2C530&amp;ssl=1\" class=\"size-medium wp-image-3230\" src=\"https:\/\/i0.wp.com\/www.micoulou-photos.com\/wp-content\/uploads\/2017\/03\/IMGP8170-300x199.jpg?resize=300%2C199\" alt=\"\" width=\"300\" height=\"199\" srcset=\"https:\/\/i0.wp.com\/www.micoulou-photos.com\/wp-content\/uploads\/2017\/03\/IMGP8170.jpg?resize=300%2C199&amp;ssl=1 300w, https:\/\/i0.wp.com\/www.micoulou-photos.com\/wp-content\/uploads\/2017\/03\/IMGP8170.jpg?resize=1200%2C795&amp;ssl=1 1200w, https:\/\/i0.wp.com\/www.micoulou-photos.com\/wp-content\/uploads\/2017\/03\/IMGP8170.jpg?resize=960%2C636&amp;ssl=1 960w, https:\/\/i0.wp.com\/www.micoulou-photos.com\/wp-content\/uploads\/2017\/03\/IMGP8170.jpg?resize=1600%2C1060&amp;ssl=1 1600w, https:\/\/i0.wp.com\/www.micoulou-photos.com\/wp-content\/uploads\/2017\/03\/IMGP8170.jpg?w=1811&amp;ssl=1 1811w\" sizes=\"(max-width: 300px) 100vw, 300px\" \/><\/a><figcaption id=\"caption-attachment-3230\" class=\"wp-caption-text\">la collection de v\u00e9los. Miguel remet en \u00e9tat les v\u00e9los et organise 2 samedi par mois un atelier v\u00e9lo pour aider et apprendre \u00e0 entretenir le votre.<\/figcaption><\/figure>\n<figure id=\"attachment_3229\" aria-describedby=\"caption-attachment-3229\" style=\"width: 300px\" class=\"wp-caption alignnone\"><a href=\"http:\/\/www.micoulou-photos.com\/index.php\/2017\/03\/26\/recyclerie-repeyre\/img_1583\/\" rel=\"attachment wp-att-3229\"><img data-recalc-dims=\"1\" loading=\"lazy\" decoding=\"async\" data-attachment-id=\"3229\" data-permalink=\"https:\/\/www.micoulou-photos.com\/index.php\/2017\/03\/26\/recyclerie-repeyre\/img_1583\/\" data-orig-file=\"https:\/\/i0.wp.com\/www.micoulou-photos.com\/wp-content\/uploads\/2017\/03\/IMG_1583.jpg?fit=1600%2C1200&amp;ssl=1\" data-orig-size=\"1600,1200\" data-comments-opened=\"1\" data-image-meta=\"{&quot;aperture&quot;:&quot;2.8&quot;,&quot;credit&quot;:&quot;Mickael Minarie&quot;,&quot;camera&quot;:&quot;Canon PowerShot G1 X&quot;,&quot;caption&quot;:&quot;&quot;,&quot;created_timestamp&quot;:&quot;1486147611&quot;,&quot;copyright&quot;:&quot;MICOULOU PHOTOGRAPHIE\\rwww.micoulou-photos.com&quot;,&quot;focal_length&quot;:&quot;15.1&quot;,&quot;iso&quot;:&quot;200&quot;,&quot;shutter_speed&quot;:&quot;0.033333333333333&quot;,&quot;title&quot;:&quot;&quot;,&quot;orientation&quot;:&quot;0&quot;}\" data-image-title=\"IMG_1583\" data-image-description=\"\" data-image-caption=\"&lt;p&gt;Des luminaires de tous styles&lt;\/p&gt;\n\" data-large-file=\"https:\/\/i0.wp.com\/www.micoulou-photos.com\/wp-content\/uploads\/2017\/03\/IMG_1583.jpg?fit=800%2C600&amp;ssl=1\" class=\"size-medium wp-image-3229\" src=\"https:\/\/i0.wp.com\/www.micoulou-photos.com\/wp-content\/uploads\/2017\/03\/IMG_1583-300x225.jpg?resize=300%2C225\" alt=\"\" width=\"300\" height=\"225\" srcset=\"https:\/\/i0.wp.com\/www.micoulou-photos.com\/wp-content\/uploads\/2017\/03\/IMG_1583.jpg?resize=300%2C225&amp;ssl=1 300w, https:\/\/i0.wp.com\/www.micoulou-photos.com\/wp-content\/uploads\/2017\/03\/IMG_1583.jpg?resize=1200%2C900&amp;ssl=1 1200w, https:\/\/i0.wp.com\/www.micoulou-photos.com\/wp-content\/uploads\/2017\/03\/IMG_1583.jpg?resize=960%2C720&amp;ssl=1 960w, https:\/\/i0.wp.com\/www.micoulou-photos.com\/wp-content\/uploads\/2017\/03\/IMG_1583.jpg?w=1600&amp;ssl=1 1600w\" sizes=\"(max-width: 300px) 100vw, 300px\" \/><\/a><figcaption id=\"caption-attachment-3229\" class=\"wp-caption-text\">Des luminaires de tous styles<\/figcaption><\/figure>\n<figure id=\"attachment_3228\" aria-describedby=\"caption-attachment-3228\" style=\"width: 225px\" class=\"wp-caption alignnone\"><a href=\"http:\/\/www.micoulou-photos.com\/index.php\/2017\/03\/26\/recyclerie-repeyre\/img_1575\/\" rel=\"attachment wp-att-3228\"><img data-recalc-dims=\"1\" loading=\"lazy\" decoding=\"async\" data-attachment-id=\"3228\" data-permalink=\"https:\/\/www.micoulou-photos.com\/index.php\/2017\/03\/26\/recyclerie-repeyre\/img_1575\/\" data-orig-file=\"https:\/\/i0.wp.com\/www.micoulou-photos.com\/wp-content\/uploads\/2017\/03\/IMG_1575.jpg?fit=900%2C1200&amp;ssl=1\" data-orig-size=\"900,1200\" data-comments-opened=\"1\" data-image-meta=\"{&quot;aperture&quot;:&quot;2.8&quot;,&quot;credit&quot;:&quot;Mickael Minarie&quot;,&quot;camera&quot;:&quot;Canon PowerShot G1 X&quot;,&quot;caption&quot;:&quot;&quot;,&quot;created_timestamp&quot;:&quot;1486147273&quot;,&quot;copyright&quot;:&quot;MICOULOU PHOTOGRAPHIE\\rwww.micoulou-photos.com&quot;,&quot;focal_length&quot;:&quot;15.1&quot;,&quot;iso&quot;:&quot;1600&quot;,&quot;shutter_speed&quot;:&quot;0.125&quot;,&quot;title&quot;:&quot;&quot;,&quot;orientation&quot;:&quot;0&quot;}\" data-image-title=\"IMG_1575\" data-image-description=\"\" data-image-caption=\"&lt;p&gt;Les cd (mon rayon pr\u00e9f\u00e9r\u00e9&amp;#8230;)&lt;\/p&gt;\n\" data-large-file=\"https:\/\/i0.wp.com\/www.micoulou-photos.com\/wp-content\/uploads\/2017\/03\/IMG_1575.jpg?fit=768%2C1024&amp;ssl=1\" class=\"size-medium wp-image-3228\" src=\"https:\/\/i0.wp.com\/www.micoulou-photos.com\/wp-content\/uploads\/2017\/03\/IMG_1575-225x300.jpg?resize=225%2C300\" alt=\"\" width=\"225\" height=\"300\" srcset=\"https:\/\/i0.wp.com\/www.micoulou-photos.com\/wp-content\/uploads\/2017\/03\/IMG_1575.jpg?resize=225%2C300&amp;ssl=1 225w, https:\/\/i0.wp.com\/www.micoulou-photos.com\/wp-content\/uploads\/2017\/03\/IMG_1575.jpg?resize=768%2C1024&amp;ssl=1 768w, https:\/\/i0.wp.com\/www.micoulou-photos.com\/wp-content\/uploads\/2017\/03\/IMG_1575.jpg?resize=720%2C960&amp;ssl=1 720w, https:\/\/i0.wp.com\/www.micoulou-photos.com\/wp-content\/uploads\/2017\/03\/IMG_1575.jpg?w=900&amp;ssl=1 900w\" sizes=\"(max-width: 225px) 100vw, 225px\" \/><\/a><figcaption id=\"caption-attachment-3228\" class=\"wp-caption-text\">Les cd (mon rayon pr\u00e9f\u00e9r\u00e9&#8230;)<\/figcaption><\/figure>\n<figure id=\"attachment_3227\" aria-describedby=\"caption-attachment-3227\" style=\"width: 300px\" class=\"wp-caption alignnone\"><a href=\"http:\/\/www.micoulou-photos.com\/index.php\/2017\/03\/26\/recyclerie-repeyre\/img_1542\/\" rel=\"attachment wp-att-3227\"><img data-recalc-dims=\"1\" loading=\"lazy\" decoding=\"async\" data-attachment-id=\"3227\" data-permalink=\"https:\/\/www.micoulou-photos.com\/index.php\/2017\/03\/26\/recyclerie-repeyre\/img_1542\/\" data-orig-file=\"https:\/\/i0.wp.com\/www.micoulou-photos.com\/wp-content\/uploads\/2017\/03\/IMG_1542.jpg?fit=1200%2C1200&amp;ssl=1\" data-orig-size=\"1200,1200\" data-comments-opened=\"1\" data-image-meta=\"{&quot;aperture&quot;:&quot;2.8&quot;,&quot;credit&quot;:&quot;Mickael Minarie&quot;,&quot;camera&quot;:&quot;Canon PowerShot G1 X&quot;,&quot;caption&quot;:&quot;&quot;,&quot;created_timestamp&quot;:&quot;1486144045&quot;,&quot;copyright&quot;:&quot;MICOULOU PHOTOGRAPHIE\\rwww.micoulou-photos.com&quot;,&quot;focal_length&quot;:&quot;15.1&quot;,&quot;iso&quot;:&quot;800&quot;,&quot;shutter_speed&quot;:&quot;0.04&quot;,&quot;title&quot;:&quot;&quot;,&quot;orientation&quot;:&quot;0&quot;}\" data-image-title=\"IMG_1542\" data-image-description=\"\" data-image-caption=\"&lt;p&gt;Le rayon informatique, assez rempli en ecran et scanner&amp;#8230;&lt;\/p&gt;\n\" data-large-file=\"https:\/\/i0.wp.com\/www.micoulou-photos.com\/wp-content\/uploads\/2017\/03\/IMG_1542.jpg?fit=800%2C800&amp;ssl=1\" class=\"size-medium wp-image-3227\" src=\"https:\/\/i0.wp.com\/www.micoulou-photos.com\/wp-content\/uploads\/2017\/03\/IMG_1542-300x300.jpg?resize=300%2C300\" alt=\"\" width=\"300\" height=\"300\" srcset=\"https:\/\/i0.wp.com\/www.micoulou-photos.com\/wp-content\/uploads\/2017\/03\/IMG_1542.jpg?resize=300%2C300&amp;ssl=1 300w, https:\/\/i0.wp.com\/www.micoulou-photos.com\/wp-content\/uploads\/2017\/03\/IMG_1542.jpg?resize=150%2C150&amp;ssl=1 150w, https:\/\/i0.wp.com\/www.micoulou-photos.com\/wp-content\/uploads\/2017\/03\/IMG_1542.jpg?resize=1024%2C1024&amp;ssl=1 1024w, https:\/\/i0.wp.com\/www.micoulou-photos.com\/wp-content\/uploads\/2017\/03\/IMG_1542.jpg?resize=960%2C960&amp;ssl=1 960w, https:\/\/i0.wp.com\/www.micoulou-photos.com\/wp-content\/uploads\/2017\/03\/IMG_1542.jpg?w=1200&amp;ssl=1 1200w\" sizes=\"(max-width: 300px) 100vw, 300px\" \/><\/a><figcaption id=\"caption-attachment-3227\" class=\"wp-caption-text\">Le rayon informatique, assez rempli en \u00e9crans et scanneurs&#8230;<\/figcaption><\/figure>\n<figure id=\"attachment_3226\" aria-describedby=\"caption-attachment-3226\" style=\"width: 300px\" class=\"wp-caption alignnone\"><a href=\"http:\/\/www.micoulou-photos.com\/index.php\/2017\/03\/26\/recyclerie-repeyre\/img_1532\/\" rel=\"attachment wp-att-3226\"><img data-recalc-dims=\"1\" loading=\"lazy\" decoding=\"async\" data-attachment-id=\"3226\" data-permalink=\"https:\/\/www.micoulou-photos.com\/index.php\/2017\/03\/26\/recyclerie-repeyre\/img_1532\/\" data-orig-file=\"https:\/\/i0.wp.com\/www.micoulou-photos.com\/wp-content\/uploads\/2017\/03\/IMG_1532.jpg?fit=1200%2C1200&amp;ssl=1\" data-orig-size=\"1200,1200\" data-comments-opened=\"1\" data-image-meta=\"{&quot;aperture&quot;:&quot;3.2&quot;,&quot;credit&quot;:&quot;Mickael Minarie&quot;,&quot;camera&quot;:&quot;Canon PowerShot G1 X&quot;,&quot;caption&quot;:&quot;&quot;,&quot;created_timestamp&quot;:&quot;1486143924&quot;,&quot;copyright&quot;:&quot;MICOULOU PHOTOGRAPHIE\\rwww.micoulou-photos.com&quot;,&quot;focal_length&quot;:&quot;15.1&quot;,&quot;iso&quot;:&quot;800&quot;,&quot;shutter_speed&quot;:&quot;0.025&quot;,&quot;title&quot;:&quot;&quot;,&quot;orientation&quot;:&quot;0&quot;}\" data-image-title=\"IMG_1532\" data-image-description=\"\" data-image-caption=\"&lt;p&gt;des peluches qui n&amp;rsquo;attendent que leurs nouveaus propri\u00e9taires.&lt;\/p&gt;\n\" data-large-file=\"https:\/\/i0.wp.com\/www.micoulou-photos.com\/wp-content\/uploads\/2017\/03\/IMG_1532.jpg?fit=800%2C800&amp;ssl=1\" class=\"size-medium wp-image-3226\" src=\"https:\/\/i0.wp.com\/www.micoulou-photos.com\/wp-content\/uploads\/2017\/03\/IMG_1532-300x300.jpg?resize=300%2C300\" alt=\"\" width=\"300\" height=\"300\" srcset=\"https:\/\/i0.wp.com\/www.micoulou-photos.com\/wp-content\/uploads\/2017\/03\/IMG_1532.jpg?resize=300%2C300&amp;ssl=1 300w, https:\/\/i0.wp.com\/www.micoulou-photos.com\/wp-content\/uploads\/2017\/03\/IMG_1532.jpg?resize=150%2C150&amp;ssl=1 150w, https:\/\/i0.wp.com\/www.micoulou-photos.com\/wp-content\/uploads\/2017\/03\/IMG_1532.jpg?resize=1024%2C1024&amp;ssl=1 1024w, https:\/\/i0.wp.com\/www.micoulou-photos.com\/wp-content\/uploads\/2017\/03\/IMG_1532.jpg?resize=960%2C960&amp;ssl=1 960w, https:\/\/i0.wp.com\/www.micoulou-photos.com\/wp-content\/uploads\/2017\/03\/IMG_1532.jpg?w=1200&amp;ssl=1 1200w\" sizes=\"(max-width: 300px) 100vw, 300px\" \/><\/a><figcaption id=\"caption-attachment-3226\" class=\"wp-caption-text\">des peluches qui n&rsquo;attendent que leurs nouveaux propri\u00e9taires.<\/figcaption><\/figure>\n<figure id=\"attachment_3225\" aria-describedby=\"caption-attachment-3225\" style=\"width: 300px\" class=\"wp-caption alignnone\"><a href=\"http:\/\/www.micoulou-photos.com\/index.php\/2017\/03\/26\/recyclerie-repeyre\/img_1529\/\" rel=\"attachment wp-att-3225\"><img data-recalc-dims=\"1\" loading=\"lazy\" decoding=\"async\" data-attachment-id=\"3225\" data-permalink=\"https:\/\/www.micoulou-photos.com\/index.php\/2017\/03\/26\/recyclerie-repeyre\/img_1529\/\" data-orig-file=\"https:\/\/i0.wp.com\/www.micoulou-photos.com\/wp-content\/uploads\/2017\/03\/IMG_1529.jpg?fit=1200%2C1200&amp;ssl=1\" data-orig-size=\"1200,1200\" data-comments-opened=\"1\" data-image-meta=\"{&quot;aperture&quot;:&quot;3.2&quot;,&quot;credit&quot;:&quot;Mickael Minarie&quot;,&quot;camera&quot;:&quot;Canon PowerShot G1 X&quot;,&quot;caption&quot;:&quot;&quot;,&quot;created_timestamp&quot;:&quot;1486143862&quot;,&quot;copyright&quot;:&quot;MICOULOU PHOTOGRAPHIE\\rwww.micoulou-photos.com&quot;,&quot;focal_length&quot;:&quot;15.1&quot;,&quot;iso&quot;:&quot;800&quot;,&quot;shutter_speed&quot;:&quot;0.02&quot;,&quot;title&quot;:&quot;&quot;,&quot;orientation&quot;:&quot;0&quot;}\" data-image-title=\"IMG_1529\" data-image-description=\"\" data-image-caption=\"&lt;p&gt;le rayon enfant, bien fourni&lt;\/p&gt;\n\" data-large-file=\"https:\/\/i0.wp.com\/www.micoulou-photos.com\/wp-content\/uploads\/2017\/03\/IMG_1529.jpg?fit=800%2C800&amp;ssl=1\" class=\"size-medium wp-image-3225\" src=\"https:\/\/i0.wp.com\/www.micoulou-photos.com\/wp-content\/uploads\/2017\/03\/IMG_1529-300x300.jpg?resize=300%2C300\" alt=\"\" width=\"300\" height=\"300\" srcset=\"https:\/\/i0.wp.com\/www.micoulou-photos.com\/wp-content\/uploads\/2017\/03\/IMG_1529.jpg?resize=300%2C300&amp;ssl=1 300w, https:\/\/i0.wp.com\/www.micoulou-photos.com\/wp-content\/uploads\/2017\/03\/IMG_1529.jpg?resize=150%2C150&amp;ssl=1 150w, https:\/\/i0.wp.com\/www.micoulou-photos.com\/wp-content\/uploads\/2017\/03\/IMG_1529.jpg?resize=1024%2C1024&amp;ssl=1 1024w, https:\/\/i0.wp.com\/www.micoulou-photos.com\/wp-content\/uploads\/2017\/03\/IMG_1529.jpg?resize=960%2C960&amp;ssl=1 960w, https:\/\/i0.wp.com\/www.micoulou-photos.com\/wp-content\/uploads\/2017\/03\/IMG_1529.jpg?w=1200&amp;ssl=1 1200w\" sizes=\"(max-width: 300px) 100vw, 300px\" \/><\/a><figcaption id=\"caption-attachment-3225\" class=\"wp-caption-text\">le rayon enfant, bien fourni<\/figcaption><\/figure>\n<figure id=\"attachment_3223\" aria-describedby=\"caption-attachment-3223\" style=\"width: 300px\" class=\"wp-caption alignnone\"><a href=\"http:\/\/www.micoulou-photos.com\/index.php\/2017\/03\/26\/recyclerie-repeyre\/img_1516\/\" rel=\"attachment wp-att-3223\"><img data-recalc-dims=\"1\" loading=\"lazy\" decoding=\"async\" data-attachment-id=\"3223\" data-permalink=\"https:\/\/www.micoulou-photos.com\/index.php\/2017\/03\/26\/recyclerie-repeyre\/img_1516\/\" data-orig-file=\"https:\/\/i0.wp.com\/www.micoulou-photos.com\/wp-content\/uploads\/2017\/03\/IMG_1516.jpg?fit=1200%2C1200&amp;ssl=1\" data-orig-size=\"1200,1200\" data-comments-opened=\"1\" data-image-meta=\"{&quot;aperture&quot;:&quot;3.2&quot;,&quot;credit&quot;:&quot;Mickael Minarie&quot;,&quot;camera&quot;:&quot;Canon PowerShot G1 X&quot;,&quot;caption&quot;:&quot;&quot;,&quot;created_timestamp&quot;:&quot;1486143789&quot;,&quot;copyright&quot;:&quot;MICOULOU PHOTOGRAPHIE\\rwww.micoulou-photos.com&quot;,&quot;focal_length&quot;:&quot;15.1&quot;,&quot;iso&quot;:&quot;800&quot;,&quot;shutter_speed&quot;:&quot;0.04&quot;,&quot;title&quot;:&quot;&quot;,&quot;orientation&quot;:&quot;0&quot;}\" data-image-title=\"IMG_1516\" data-image-description=\"\" data-image-caption=\"&lt;p&gt;l&amp;rsquo;\u00e9lectrom\u00e9nager, ou comment s\u2019\u00e9quiper \u00e0 moindre frais.&lt;\/p&gt;\n\" data-large-file=\"https:\/\/i0.wp.com\/www.micoulou-photos.com\/wp-content\/uploads\/2017\/03\/IMG_1516.jpg?fit=800%2C800&amp;ssl=1\" class=\"size-medium wp-image-3223\" src=\"https:\/\/i0.wp.com\/www.micoulou-photos.com\/wp-content\/uploads\/2017\/03\/IMG_1516-300x300.jpg?resize=300%2C300\" alt=\"\" width=\"300\" height=\"300\" srcset=\"https:\/\/i0.wp.com\/www.micoulou-photos.com\/wp-content\/uploads\/2017\/03\/IMG_1516.jpg?resize=300%2C300&amp;ssl=1 300w, https:\/\/i0.wp.com\/www.micoulou-photos.com\/wp-content\/uploads\/2017\/03\/IMG_1516.jpg?resize=150%2C150&amp;ssl=1 150w, https:\/\/i0.wp.com\/www.micoulou-photos.com\/wp-content\/uploads\/2017\/03\/IMG_1516.jpg?resize=1024%2C1024&amp;ssl=1 1024w, https:\/\/i0.wp.com\/www.micoulou-photos.com\/wp-content\/uploads\/2017\/03\/IMG_1516.jpg?resize=960%2C960&amp;ssl=1 960w, https:\/\/i0.wp.com\/www.micoulou-photos.com\/wp-content\/uploads\/2017\/03\/IMG_1516.jpg?w=1200&amp;ssl=1 1200w\" sizes=\"(max-width: 300px) 100vw, 300px\" \/><\/a><figcaption id=\"caption-attachment-3223\" class=\"wp-caption-text\">l&rsquo;\u00e9lectrom\u00e9nager, ou comment s\u2019\u00e9quiper \u00e0 moindre frais.<\/figcaption><\/figure>\n<p><a href=\"http:\/\/www.micoulou-photos.com\/index.php\/2017\/03\/26\/recyclerie-repeyre\/img_1501\/\" rel=\"attachment wp-att-3222\"><img data-recalc-dims=\"1\" loading=\"lazy\" decoding=\"async\" data-attachment-id=\"3222\" data-permalink=\"https:\/\/www.micoulou-photos.com\/index.php\/2017\/03\/26\/recyclerie-repeyre\/img_1501\/\" data-orig-file=\"https:\/\/i0.wp.com\/www.micoulou-photos.com\/wp-content\/uploads\/2017\/03\/IMG_1501.jpg?fit=1200%2C1200&amp;ssl=1\" data-orig-size=\"1200,1200\" data-comments-opened=\"1\" data-image-meta=\"{&quot;aperture&quot;:&quot;3.2&quot;,&quot;credit&quot;:&quot;Mickael Minarie&quot;,&quot;camera&quot;:&quot;Canon PowerShot G1 X&quot;,&quot;caption&quot;:&quot;&quot;,&quot;created_timestamp&quot;:&quot;1486143585&quot;,&quot;copyright&quot;:&quot;MICOULOU PHOTOGRAPHIE\\rwww.micoulou-photos.com&quot;,&quot;focal_length&quot;:&quot;15.1&quot;,&quot;iso&quot;:&quot;1600&quot;,&quot;shutter_speed&quot;:&quot;0.076923076923077&quot;,&quot;title&quot;:&quot;&quot;,&quot;orientation&quot;:&quot;0&quot;}\" data-image-title=\"IMG_1501\" data-image-description=\"\" data-image-caption=\"\" data-large-file=\"https:\/\/i0.wp.com\/www.micoulou-photos.com\/wp-content\/uploads\/2017\/03\/IMG_1501.jpg?fit=800%2C800&amp;ssl=1\" class=\"alignnone size-medium wp-image-3222\" src=\"https:\/\/i0.wp.com\/www.micoulou-photos.com\/wp-content\/uploads\/2017\/03\/IMG_1501-300x300.jpg?resize=300%2C300\" alt=\"\" width=\"300\" height=\"300\" srcset=\"https:\/\/i0.wp.com\/www.micoulou-photos.com\/wp-content\/uploads\/2017\/03\/IMG_1501.jpg?resize=300%2C300&amp;ssl=1 300w, https:\/\/i0.wp.com\/www.micoulou-photos.com\/wp-content\/uploads\/2017\/03\/IMG_1501.jpg?resize=150%2C150&amp;ssl=1 150w, https:\/\/i0.wp.com\/www.micoulou-photos.com\/wp-content\/uploads\/2017\/03\/IMG_1501.jpg?resize=1024%2C1024&amp;ssl=1 1024w, https:\/\/i0.wp.com\/www.micoulou-photos.com\/wp-content\/uploads\/2017\/03\/IMG_1501.jpg?resize=960%2C960&amp;ssl=1 960w, https:\/\/i0.wp.com\/www.micoulou-photos.com\/wp-content\/uploads\/2017\/03\/IMG_1501.jpg?w=1200&amp;ssl=1 1200w\" sizes=\"(max-width: 300px) 100vw, 300px\" \/><\/a><\/p>\n<figure id=\"attachment_3221\" aria-describedby=\"caption-attachment-3221\" style=\"width: 300px\" class=\"wp-caption alignnone\"><a href=\"http:\/\/www.micoulou-photos.com\/index.php\/2017\/03\/26\/recyclerie-repeyre\/img_1498\/\" rel=\"attachment wp-att-3221\"><img data-recalc-dims=\"1\" loading=\"lazy\" decoding=\"async\" data-attachment-id=\"3221\" data-permalink=\"https:\/\/www.micoulou-photos.com\/index.php\/2017\/03\/26\/recyclerie-repeyre\/img_1498\/\" data-orig-file=\"https:\/\/i0.wp.com\/www.micoulou-photos.com\/wp-content\/uploads\/2017\/03\/IMG_1498.jpg?fit=1200%2C1200&amp;ssl=1\" data-orig-size=\"1200,1200\" data-comments-opened=\"1\" data-image-meta=\"{&quot;aperture&quot;:&quot;3.2&quot;,&quot;credit&quot;:&quot;Mickael Minarie&quot;,&quot;camera&quot;:&quot;Canon PowerShot G1 X&quot;,&quot;caption&quot;:&quot;&quot;,&quot;created_timestamp&quot;:&quot;1486143569&quot;,&quot;copyright&quot;:&quot;MICOULOU PHOTOGRAPHIE\\rwww.micoulou-photos.com&quot;,&quot;focal_length&quot;:&quot;15.1&quot;,&quot;iso&quot;:&quot;1600&quot;,&quot;shutter_speed&quot;:&quot;0.05&quot;,&quot;title&quot;:&quot;&quot;,&quot;orientation&quot;:&quot;0&quot;}\" data-image-title=\"IMG_1498\" data-image-description=\"\" data-image-caption=\"&lt;p&gt;Les livres, des classiques \u00e0 des livres plus originaux, a fouiner&amp;#8230;&lt;\/p&gt;\n\" data-large-file=\"https:\/\/i0.wp.com\/www.micoulou-photos.com\/wp-content\/uploads\/2017\/03\/IMG_1498.jpg?fit=800%2C800&amp;ssl=1\" class=\"size-medium wp-image-3221\" src=\"https:\/\/i0.wp.com\/www.micoulou-photos.com\/wp-content\/uploads\/2017\/03\/IMG_1498-300x300.jpg?resize=300%2C300\" alt=\"\" width=\"300\" height=\"300\" srcset=\"https:\/\/i0.wp.com\/www.micoulou-photos.com\/wp-content\/uploads\/2017\/03\/IMG_1498.jpg?resize=300%2C300&amp;ssl=1 300w, https:\/\/i0.wp.com\/www.micoulou-photos.com\/wp-content\/uploads\/2017\/03\/IMG_1498.jpg?resize=150%2C150&amp;ssl=1 150w, https:\/\/i0.wp.com\/www.micoulou-photos.com\/wp-content\/uploads\/2017\/03\/IMG_1498.jpg?resize=1024%2C1024&amp;ssl=1 1024w, https:\/\/i0.wp.com\/www.micoulou-photos.com\/wp-content\/uploads\/2017\/03\/IMG_1498.jpg?resize=960%2C960&amp;ssl=1 960w, https:\/\/i0.wp.com\/www.micoulou-photos.com\/wp-content\/uploads\/2017\/03\/IMG_1498.jpg?w=1200&amp;ssl=1 1200w\" sizes=\"(max-width: 300px) 100vw, 300px\" \/><\/a><figcaption id=\"caption-attachment-3221\" class=\"wp-caption-text\">Les livres, des classiques ou des livres plus originaux, \u00e0 fouiner&#8230;<\/figcaption><\/figure>\n<p>Petit bilan de cette visite : Cette recyclerie permet de cr\u00e9er 4 emplois et de r\u00e9utiliser un certain nombre de choses inutilis\u00e9es chez d&rsquo;autres et permet aux personnes qui vivent avec peu de s\u2019\u00e9quiper \u00e0 moindre frais. Il permet aussi dans mon cas par exemple de trouver des \u00ab\u00a0\u00e9quipements\u00a0\u00bb pour divers projets artistiques (un projet sur les cassettes audio est en cours, d&rsquo;autres projets de VR 360 vont aussi me demander du mat\u00e9riel dans le genre).<\/p>\n<p>Ce genre de lieu me donne l&rsquo;espoir que d&rsquo;autres exemples suivront et que le gaspillage diminuera.<\/p>\n","protected":false},"excerpt":{"rendered":"<p>Je continue (lentement mais surement) ma s\u00e9rie sur les alternatives, avec un petit passage dans une recyclerie de Sud Gironde, la recyclerie Repeyre de Belin-B\u00e9liet. Qu&rsquo;est qu&rsquo;une recyclerie ou ressourcerie ? C&rsquo;est une structure qui permet la r\u00e9utilisation d&rsquo;objets ou le recyclage plut\u00f4t que l&rsquo;envoi de nos objets en d\u00e9charge ou incin\u00e9rateur. En effet, dans [&hellip;]<\/p>\n","protected":false},"author":1,"featured_media":3251,"comment_status":"open","ping_status":"open","sticky":false,"template":"","format":"standard","meta":{"jetpack_post_was_ever_published":false,"_jetpack_newsletter_access":"","_jetpack_dont_email_post_to_subs":true,"_jetpack_newsletter_tier_id":0,"_jetpack_memberships_contains_paywalled_content":false,"_jetpack_memberships_contains_paid_content":false,"footnotes":"","jetpack_publicize_message":"","jetpack_publicize_feature_enabled":true,"jetpack_social_post_already_shared":true,"jetpack_social_options":{"image_generator_settings":{"template":"highway","default_image_id":0,"font":"","enabled":false},"version":2}},"categories":[378,155],"tags":[352,913,394,447,911],"class_list":["post-3074","post","type-post","status-publish","format-standard","has-post-thumbnail","hentry","category-alternatives-ecologique","category-reportage","tag-alternatives","tag-dechet","tag-ecologie","tag-recyclerie","tag-ressourcerie"],"yoast_head":"<!-- This site is optimized with the Yoast SEO plugin v27.5 - https:\/\/yoast.com\/product\/yoast-seo-wordpress\/ -->\n<title>Recyclerie Repeyre - Micoulou Photographie<\/title>\n<meta name=\"robots\" content=\"index, follow, max-snippet:-1, max-image-preview:large, max-video-preview:-1\" \/>\n<link rel=\"canonical\" href=\"https:\/\/www.micoulou-photos.com\/index.php\/2017\/03\/26\/recyclerie-repeyre\/\" \/>\n<meta property=\"og:locale\" content=\"fr_FR\" \/>\n<meta property=\"og:type\" content=\"article\" \/>\n<meta property=\"og:title\" content=\"Recyclerie Repeyre - Micoulou Photographie\" \/>\n<meta property=\"og:description\" content=\"Je continue (lentement mais surement) ma s\u00e9rie sur les alternatives, avec un petit passage dans une recyclerie de Sud Gironde, la recyclerie Repeyre de Belin-B\u00e9liet. Qu&rsquo;est qu&rsquo;une recyclerie ou ressourcerie ? C&rsquo;est une structure qui permet la r\u00e9utilisation d&rsquo;objets ou le recyclage plut\u00f4t que l&rsquo;envoi de nos objets en d\u00e9charge ou incin\u00e9rateur. En effet, dans [&hellip;]\" \/>\n<meta property=\"og:url\" content=\"https:\/\/www.micoulou-photos.com\/index.php\/2017\/03\/26\/recyclerie-repeyre\/\" \/>\n<meta property=\"og:site_name\" content=\"Micoulou Photographie\" \/>\n<meta property=\"article:published_time\" content=\"2017-03-25T23:04:18+00:00\" \/>\n<meta property=\"article:modified_time\" content=\"2020-04-25T22:30:54+00:00\" \/>\n<meta property=\"og:image\" content=\"https:\/\/i0.wp.com\/www.micoulou-photos.com\/wp-content\/uploads\/2017\/03\/IMG_1202-Modifier.jpg?fit=1920%2C1080&ssl=1\" \/>\n\t<meta property=\"og:image:width\" content=\"1920\" \/>\n\t<meta property=\"og:image:height\" content=\"1080\" \/>\n\t<meta property=\"og:image:type\" content=\"image\/jpeg\" \/>\n<meta name=\"author\" content=\"micoulou\" \/>\n<meta name=\"twitter:card\" content=\"summary_large_image\" \/>\n<meta name=\"twitter:label1\" content=\"\u00c9crit par\" \/>\n\t<meta name=\"twitter:data1\" content=\"micoulou\" \/>\n\t<meta name=\"twitter:label2\" content=\"Dur\u00e9e de lecture estim\u00e9e\" \/>\n\t<meta name=\"twitter:data2\" content=\"3 minutes\" \/>\n<script type=\"application\/ld+json\" class=\"yoast-schema-graph\">{\"@context\":\"https:\\\/\\\/schema.org\",\"@graph\":[{\"@type\":\"Article\",\"@id\":\"https:\\\/\\\/www.micoulou-photos.com\\\/index.php\\\/2017\\\/03\\\/26\\\/recyclerie-repeyre\\\/#article\",\"isPartOf\":{\"@id\":\"https:\\\/\\\/www.micoulou-photos.com\\\/index.php\\\/2017\\\/03\\\/26\\\/recyclerie-repeyre\\\/\"},\"author\":{\"name\":\"micoulou\",\"@id\":\"https:\\\/\\\/www.micoulou-photos.com\\\/#\\\/schema\\\/person\\\/6aedfe8ebe91da632f46e7c9d806a722\"},\"headline\":\"Recyclerie Repeyre\",\"datePublished\":\"2017-03-25T23:04:18+00:00\",\"dateModified\":\"2020-04-25T22:30:54+00:00\",\"mainEntityOfPage\":{\"@id\":\"https:\\\/\\\/www.micoulou-photos.com\\\/index.php\\\/2017\\\/03\\\/26\\\/recyclerie-repeyre\\\/\"},\"wordCount\":689,\"commentCount\":0,\"publisher\":{\"@id\":\"https:\\\/\\\/www.micoulou-photos.com\\\/#organization\"},\"image\":{\"@id\":\"https:\\\/\\\/www.micoulou-photos.com\\\/index.php\\\/2017\\\/03\\\/26\\\/recyclerie-repeyre\\\/#primaryimage\"},\"thumbnailUrl\":\"https:\\\/\\\/i0.wp.com\\\/www.micoulou-photos.com\\\/wp-content\\\/uploads\\\/2017\\\/03\\\/IMG_1202-Modifier.jpg?fit=1920%2C1080&ssl=1\",\"keywords\":[\"alternatives\",\"dechet\",\"ecologie\",\"recyclerie\",\"ressourcerie\"],\"articleSection\":[\"alternatives ecologique\",\"reportage\"],\"inLanguage\":\"fr-FR\",\"potentialAction\":[{\"@type\":\"CommentAction\",\"name\":\"Comment\",\"target\":[\"https:\\\/\\\/www.micoulou-photos.com\\\/index.php\\\/2017\\\/03\\\/26\\\/recyclerie-repeyre\\\/#respond\"]}]},{\"@type\":\"WebPage\",\"@id\":\"https:\\\/\\\/www.micoulou-photos.com\\\/index.php\\\/2017\\\/03\\\/26\\\/recyclerie-repeyre\\\/\",\"url\":\"https:\\\/\\\/www.micoulou-photos.com\\\/index.php\\\/2017\\\/03\\\/26\\\/recyclerie-repeyre\\\/\",\"name\":\"Recyclerie Repeyre - Micoulou Photographie\",\"isPartOf\":{\"@id\":\"https:\\\/\\\/www.micoulou-photos.com\\\/#website\"},\"primaryImageOfPage\":{\"@id\":\"https:\\\/\\\/www.micoulou-photos.com\\\/index.php\\\/2017\\\/03\\\/26\\\/recyclerie-repeyre\\\/#primaryimage\"},\"image\":{\"@id\":\"https:\\\/\\\/www.micoulou-photos.com\\\/index.php\\\/2017\\\/03\\\/26\\\/recyclerie-repeyre\\\/#primaryimage\"},\"thumbnailUrl\":\"https:\\\/\\\/i0.wp.com\\\/www.micoulou-photos.com\\\/wp-content\\\/uploads\\\/2017\\\/03\\\/IMG_1202-Modifier.jpg?fit=1920%2C1080&ssl=1\",\"datePublished\":\"2017-03-25T23:04:18+00:00\",\"dateModified\":\"2020-04-25T22:30:54+00:00\",\"breadcrumb\":{\"@id\":\"https:\\\/\\\/www.micoulou-photos.com\\\/index.php\\\/2017\\\/03\\\/26\\\/recyclerie-repeyre\\\/#breadcrumb\"},\"inLanguage\":\"fr-FR\",\"potentialAction\":[{\"@type\":\"ReadAction\",\"target\":[\"https:\\\/\\\/www.micoulou-photos.com\\\/index.php\\\/2017\\\/03\\\/26\\\/recyclerie-repeyre\\\/\"]}]},{\"@type\":\"ImageObject\",\"inLanguage\":\"fr-FR\",\"@id\":\"https:\\\/\\\/www.micoulou-photos.com\\\/index.php\\\/2017\\\/03\\\/26\\\/recyclerie-repeyre\\\/#primaryimage\",\"url\":\"https:\\\/\\\/i0.wp.com\\\/www.micoulou-photos.com\\\/wp-content\\\/uploads\\\/2017\\\/03\\\/IMG_1202-Modifier.jpg?fit=1920%2C1080&ssl=1\",\"contentUrl\":\"https:\\\/\\\/i0.wp.com\\\/www.micoulou-photos.com\\\/wp-content\\\/uploads\\\/2017\\\/03\\\/IMG_1202-Modifier.jpg?fit=1920%2C1080&ssl=1\",\"width\":1920,\"height\":1080},{\"@type\":\"BreadcrumbList\",\"@id\":\"https:\\\/\\\/www.micoulou-photos.com\\\/index.php\\\/2017\\\/03\\\/26\\\/recyclerie-repeyre\\\/#breadcrumb\",\"itemListElement\":[{\"@type\":\"ListItem\",\"position\":1,\"name\":\"Accueil\",\"item\":\"https:\\\/\\\/www.micoulou-photos.com\\\/\"},{\"@type\":\"ListItem\",\"position\":2,\"name\":\"Recyclerie Repeyre\"}]},{\"@type\":\"WebSite\",\"@id\":\"https:\\\/\\\/www.micoulou-photos.com\\\/#website\",\"url\":\"https:\\\/\\\/www.micoulou-photos.com\\\/\",\"name\":\"Micoulou Photographie\",\"description\":\"Photographies, Visites virtuelles et formations par Mickael Minarie\",\"publisher\":{\"@id\":\"https:\\\/\\\/www.micoulou-photos.com\\\/#organization\"},\"potentialAction\":[{\"@type\":\"SearchAction\",\"target\":{\"@type\":\"EntryPoint\",\"urlTemplate\":\"https:\\\/\\\/www.micoulou-photos.com\\\/?s={search_term_string}\"},\"query-input\":{\"@type\":\"PropertyValueSpecification\",\"valueRequired\":true,\"valueName\":\"search_term_string\"}}],\"inLanguage\":\"fr-FR\"},{\"@type\":\"Organization\",\"@id\":\"https:\\\/\\\/www.micoulou-photos.com\\\/#organization\",\"name\":\"Micoulou Photographie\",\"url\":\"https:\\\/\\\/www.micoulou-photos.com\\\/\",\"logo\":{\"@type\":\"ImageObject\",\"inLanguage\":\"fr-FR\",\"@id\":\"https:\\\/\\\/www.micoulou-photos.com\\\/#\\\/schema\\\/logo\\\/image\\\/\",\"url\":\"https:\\\/\\\/i0.wp.com\\\/www.micoulou-photos.com\\\/wp-content\\\/uploads\\\/2020\\\/05\\\/cropped-891667_552097324824916_1615181552_o-1.jpg?fit=643%2C722&ssl=1\",\"contentUrl\":\"https:\\\/\\\/i0.wp.com\\\/www.micoulou-photos.com\\\/wp-content\\\/uploads\\\/2020\\\/05\\\/cropped-891667_552097324824916_1615181552_o-1.jpg?fit=643%2C722&ssl=1\",\"width\":643,\"height\":722,\"caption\":\"Micoulou Photographie\"},\"image\":{\"@id\":\"https:\\\/\\\/www.micoulou-photos.com\\\/#\\\/schema\\\/logo\\\/image\\\/\"}},{\"@type\":\"Person\",\"@id\":\"https:\\\/\\\/www.micoulou-photos.com\\\/#\\\/schema\\\/person\\\/6aedfe8ebe91da632f46e7c9d806a722\",\"name\":\"micoulou\",\"image\":{\"@type\":\"ImageObject\",\"inLanguage\":\"fr-FR\",\"@id\":\"https:\\\/\\\/secure.gravatar.com\\\/avatar\\\/98f892eb7d267eab2faa437baa3edd708deaaa43929316c0cc7b751a04cb247b?s=96&d=mm&r=g\",\"url\":\"https:\\\/\\\/secure.gravatar.com\\\/avatar\\\/98f892eb7d267eab2faa437baa3edd708deaaa43929316c0cc7b751a04cb247b?s=96&d=mm&r=g\",\"contentUrl\":\"https:\\\/\\\/secure.gravatar.com\\\/avatar\\\/98f892eb7d267eab2faa437baa3edd708deaaa43929316c0cc7b751a04cb247b?s=96&d=mm&r=g\",\"caption\":\"micoulou\"},\"url\":\"https:\\\/\\\/www.micoulou-photos.com\\\/index.php\\\/author\\\/micoulou\\\/\"}]}<\/script>\n<!-- \/ Yoast SEO plugin. -->","yoast_head_json":{"title":"Recyclerie Repeyre - Micoulou Photographie","robots":{"index":"index","follow":"follow","max-snippet":"max-snippet:-1","max-image-preview":"max-image-preview:large","max-video-preview":"max-video-preview:-1"},"canonical":"https:\/\/www.micoulou-photos.com\/index.php\/2017\/03\/26\/recyclerie-repeyre\/","og_locale":"fr_FR","og_type":"article","og_title":"Recyclerie Repeyre - Micoulou Photographie","og_description":"Je continue (lentement mais surement) ma s\u00e9rie sur les alternatives, avec un petit passage dans une recyclerie de Sud Gironde, la recyclerie Repeyre de Belin-B\u00e9liet. Qu&rsquo;est qu&rsquo;une recyclerie ou ressourcerie ? C&rsquo;est une structure qui permet la r\u00e9utilisation d&rsquo;objets ou le recyclage plut\u00f4t que l&rsquo;envoi de nos objets en d\u00e9charge ou incin\u00e9rateur. En effet, dans [&hellip;]","og_url":"https:\/\/www.micoulou-photos.com\/index.php\/2017\/03\/26\/recyclerie-repeyre\/","og_site_name":"Micoulou Photographie","article_published_time":"2017-03-25T23:04:18+00:00","article_modified_time":"2020-04-25T22:30:54+00:00","og_image":[{"width":1920,"height":1080,"url":"https:\/\/i0.wp.com\/www.micoulou-photos.com\/wp-content\/uploads\/2017\/03\/IMG_1202-Modifier.jpg?fit=1920%2C1080&ssl=1","type":"image\/jpeg"}],"author":"micoulou","twitter_card":"summary_large_image","twitter_misc":{"\u00c9crit par":"micoulou","Dur\u00e9e de lecture estim\u00e9e":"3 minutes"},"schema":{"@context":"https:\/\/schema.org","@graph":[{"@type":"Article","@id":"https:\/\/www.micoulou-photos.com\/index.php\/2017\/03\/26\/recyclerie-repeyre\/#article","isPartOf":{"@id":"https:\/\/www.micoulou-photos.com\/index.php\/2017\/03\/26\/recyclerie-repeyre\/"},"author":{"name":"micoulou","@id":"https:\/\/www.micoulou-photos.com\/#\/schema\/person\/6aedfe8ebe91da632f46e7c9d806a722"},"headline":"Recyclerie Repeyre","datePublished":"2017-03-25T23:04:18+00:00","dateModified":"2020-04-25T22:30:54+00:00","mainEntityOfPage":{"@id":"https:\/\/www.micoulou-photos.com\/index.php\/2017\/03\/26\/recyclerie-repeyre\/"},"wordCount":689,"commentCount":0,"publisher":{"@id":"https:\/\/www.micoulou-photos.com\/#organization"},"image":{"@id":"https:\/\/www.micoulou-photos.com\/index.php\/2017\/03\/26\/recyclerie-repeyre\/#primaryimage"},"thumbnailUrl":"https:\/\/i0.wp.com\/www.micoulou-photos.com\/wp-content\/uploads\/2017\/03\/IMG_1202-Modifier.jpg?fit=1920%2C1080&ssl=1","keywords":["alternatives","dechet","ecologie","recyclerie","ressourcerie"],"articleSection":["alternatives ecologique","reportage"],"inLanguage":"fr-FR","potentialAction":[{"@type":"CommentAction","name":"Comment","target":["https:\/\/www.micoulou-photos.com\/index.php\/2017\/03\/26\/recyclerie-repeyre\/#respond"]}]},{"@type":"WebPage","@id":"https:\/\/www.micoulou-photos.com\/index.php\/2017\/03\/26\/recyclerie-repeyre\/","url":"https:\/\/www.micoulou-photos.com\/index.php\/2017\/03\/26\/recyclerie-repeyre\/","name":"Recyclerie Repeyre - Micoulou Photographie","isPartOf":{"@id":"https:\/\/www.micoulou-photos.com\/#website"},"primaryImageOfPage":{"@id":"https:\/\/www.micoulou-photos.com\/index.php\/2017\/03\/26\/recyclerie-repeyre\/#primaryimage"},"image":{"@id":"https:\/\/www.micoulou-photos.com\/index.php\/2017\/03\/26\/recyclerie-repeyre\/#primaryimage"},"thumbnailUrl":"https:\/\/i0.wp.com\/www.micoulou-photos.com\/wp-content\/uploads\/2017\/03\/IMG_1202-Modifier.jpg?fit=1920%2C1080&ssl=1","datePublished":"2017-03-25T23:04:18+00:00","dateModified":"2020-04-25T22:30:54+00:00","breadcrumb":{"@id":"https:\/\/www.micoulou-photos.com\/index.php\/2017\/03\/26\/recyclerie-repeyre\/#breadcrumb"},"inLanguage":"fr-FR","potentialAction":[{"@type":"ReadAction","target":["https:\/\/www.micoulou-photos.com\/index.php\/2017\/03\/26\/recyclerie-repeyre\/"]}]},{"@type":"ImageObject","inLanguage":"fr-FR","@id":"https:\/\/www.micoulou-photos.com\/index.php\/2017\/03\/26\/recyclerie-repeyre\/#primaryimage","url":"https:\/\/i0.wp.com\/www.micoulou-photos.com\/wp-content\/uploads\/2017\/03\/IMG_1202-Modifier.jpg?fit=1920%2C1080&ssl=1","contentUrl":"https:\/\/i0.wp.com\/www.micoulou-photos.com\/wp-content\/uploads\/2017\/03\/IMG_1202-Modifier.jpg?fit=1920%2C1080&ssl=1","width":1920,"height":1080},{"@type":"BreadcrumbList","@id":"https:\/\/www.micoulou-photos.com\/index.php\/2017\/03\/26\/recyclerie-repeyre\/#breadcrumb","itemListElement":[{"@type":"ListItem","position":1,"name":"Accueil","item":"https:\/\/www.micoulou-photos.com\/"},{"@type":"ListItem","position":2,"name":"Recyclerie Repeyre"}]},{"@type":"WebSite","@id":"https:\/\/www.micoulou-photos.com\/#website","url":"https:\/\/www.micoulou-photos.com\/","name":"Micoulou Photographie","description":"Photographies, Visites virtuelles et formations par Mickael Minarie","publisher":{"@id":"https:\/\/www.micoulou-photos.com\/#organization"},"potentialAction":[{"@type":"SearchAction","target":{"@type":"EntryPoint","urlTemplate":"https:\/\/www.micoulou-photos.com\/?s={search_term_string}"},"query-input":{"@type":"PropertyValueSpecification","valueRequired":true,"valueName":"search_term_string"}}],"inLanguage":"fr-FR"},{"@type":"Organization","@id":"https:\/\/www.micoulou-photos.com\/#organization","name":"Micoulou Photographie","url":"https:\/\/www.micoulou-photos.com\/","logo":{"@type":"ImageObject","inLanguage":"fr-FR","@id":"https:\/\/www.micoulou-photos.com\/#\/schema\/logo\/image\/","url":"https:\/\/i0.wp.com\/www.micoulou-photos.com\/wp-content\/uploads\/2020\/05\/cropped-891667_552097324824916_1615181552_o-1.jpg?fit=643%2C722&ssl=1","contentUrl":"https:\/\/i0.wp.com\/www.micoulou-photos.com\/wp-content\/uploads\/2020\/05\/cropped-891667_552097324824916_1615181552_o-1.jpg?fit=643%2C722&ssl=1","width":643,"height":722,"caption":"Micoulou Photographie"},"image":{"@id":"https:\/\/www.micoulou-photos.com\/#\/schema\/logo\/image\/"}},{"@type":"Person","@id":"https:\/\/www.micoulou-photos.com\/#\/schema\/person\/6aedfe8ebe91da632f46e7c9d806a722","name":"micoulou","image":{"@type":"ImageObject","inLanguage":"fr-FR","@id":"https:\/\/secure.gravatar.com\/avatar\/98f892eb7d267eab2faa437baa3edd708deaaa43929316c0cc7b751a04cb247b?s=96&d=mm&r=g","url":"https:\/\/secure.gravatar.com\/avatar\/98f892eb7d267eab2faa437baa3edd708deaaa43929316c0cc7b751a04cb247b?s=96&d=mm&r=g","contentUrl":"https:\/\/secure.gravatar.com\/avatar\/98f892eb7d267eab2faa437baa3edd708deaaa43929316c0cc7b751a04cb247b?s=96&d=mm&r=g","caption":"micoulou"},"url":"https:\/\/www.micoulou-photos.com\/index.php\/author\/micoulou\/"}]}},"jetpack_publicize_connections":[],"jetpack_featured_media_url":"https:\/\/i0.wp.com\/www.micoulou-photos.com\/wp-content\/uploads\/2017\/03\/IMG_1202-Modifier.jpg?fit=1920%2C1080&ssl=1","jetpack_sharing_enabled":true,"jetpack_shortlink":"https:\/\/wp.me\/p7zKF4-NA","jetpack-related-posts":[{"id":3312,"url":"https:\/\/www.micoulou-photos.com\/index.php\/2017\/04\/11\/recyclerie-repeyre-in-french\/","url_meta":{"origin":3074,"position":0},"title":"recyclerie Repeyre (in french)","author":"micoulou","date":"11 avril 2017","format":false,"excerpt":"Je continue (lentement mais surement) ma s\u00e9rie sur les alternatives, avec un petit passage dans une recyclerie de Sud Gironde, la recyclerie Repeyre de Belin-B\u00e9liet. Qu'est qu'une recyclerie ou ressourcerie ? C'est une structure qui permet la r\u00e9utilisation d'objets ou le recyclage plut\u00f4t que l'envoi de nos objets en d\u00e9charge\u2026","rel":"","context":"Dans &quot;english&quot;","block_context":{"text":"english","link":"https:\/\/www.micoulou-photos.com\/index.php\/category\/english-en\/"},"img":{"alt_text":"","src":"https:\/\/i0.wp.com\/www.micoulou-photos.com\/wp-content\/uploads\/2017\/03\/IMG_1202-Modifier.jpg?fit=1200%2C675&ssl=1&resize=350%2C200","width":350,"height":200,"srcset":"https:\/\/i0.wp.com\/www.micoulou-photos.com\/wp-content\/uploads\/2017\/03\/IMG_1202-Modifier.jpg?fit=1200%2C675&ssl=1&resize=350%2C200 1x, https:\/\/i0.wp.com\/www.micoulou-photos.com\/wp-content\/uploads\/2017\/03\/IMG_1202-Modifier.jpg?fit=1200%2C675&ssl=1&resize=525%2C300 1.5x, https:\/\/i0.wp.com\/www.micoulou-photos.com\/wp-content\/uploads\/2017\/03\/IMG_1202-Modifier.jpg?fit=1200%2C675&ssl=1&resize=700%2C400 2x, https:\/\/i0.wp.com\/www.micoulou-photos.com\/wp-content\/uploads\/2017\/03\/IMG_1202-Modifier.jpg?fit=1200%2C675&ssl=1&resize=1050%2C600 3x"},"classes":[]},{"id":3465,"url":"https:\/\/www.micoulou-photos.com\/index.php\/2017\/07\/23\/kerterre-de-mateo\/","url_meta":{"origin":3074,"position":1},"title":"Kerterre de mateo","author":"micoulou","date":"23 juillet 2017","format":false,"excerpt":"Comme je l'ecrivais sur mon premier article sur la formation kerterre, j'ai pass\u00e9 3 semaines en Bretagne pour apprendre \u00e0 construire les kerterre. Ce fut une super experience qui m'a beaucoup appris(et pas que dans la construction) et m'a permis de rencontrer 20 personnes extraordinaire... Une de ces personnes qui\u2026","rel":"","context":"Dans &quot;alternatives ecologique&quot;","block_context":{"text":"alternatives ecologique","link":"https:\/\/www.micoulou-photos.com\/index.php\/category\/alternatives-ecologique\/"},"img":{"alt_text":"","src":"https:\/\/i0.wp.com\/www.micoulou-photos.com\/wp-content\/uploads\/2017\/07\/MI100414.jpg?fit=795%2C1200&ssl=1&resize=350%2C200","width":350,"height":200,"srcset":"https:\/\/i0.wp.com\/www.micoulou-photos.com\/wp-content\/uploads\/2017\/07\/MI100414.jpg?fit=795%2C1200&ssl=1&resize=350%2C200 1x, https:\/\/i0.wp.com\/www.micoulou-photos.com\/wp-content\/uploads\/2017\/07\/MI100414.jpg?fit=795%2C1200&ssl=1&resize=525%2C300 1.5x, https:\/\/i0.wp.com\/www.micoulou-photos.com\/wp-content\/uploads\/2017\/07\/MI100414.jpg?fit=795%2C1200&ssl=1&resize=700%2C400 2x"},"classes":[]},{"id":3158,"url":"https:\/\/www.micoulou-photos.com\/index.php\/2017\/03\/13\/le-compost\/","url_meta":{"origin":3074,"position":2},"title":"Le compost","author":"micoulou","date":"13 mars 2017","format":false,"excerpt":"Alors je ne vais pas faire un tuto sur comment faire un compost, il y en a une pellet\u00e9 sur Internet, mais je vais vous parler rapidement de mon exp\u00e9rience et surtout l\u2019int\u00e9r\u00eat environnemental d'un compost. J'ai du donc faire un mini reportage sur le compost, je le remplirais surement\u2026","rel":"","context":"Dans &quot;alternatives ecologique&quot;","block_context":{"text":"alternatives ecologique","link":"https:\/\/www.micoulou-photos.com\/index.php\/category\/alternatives-ecologique\/"},"img":{"alt_text":"","src":"https:\/\/i0.wp.com\/www.micoulou-photos.com\/wp-content\/uploads\/2017\/03\/MI051960.jpg?fit=1200%2C515&ssl=1&resize=350%2C200","width":350,"height":200,"srcset":"https:\/\/i0.wp.com\/www.micoulou-photos.com\/wp-content\/uploads\/2017\/03\/MI051960.jpg?fit=1200%2C515&ssl=1&resize=350%2C200 1x, https:\/\/i0.wp.com\/www.micoulou-photos.com\/wp-content\/uploads\/2017\/03\/MI051960.jpg?fit=1200%2C515&ssl=1&resize=525%2C300 1.5x, https:\/\/i0.wp.com\/www.micoulou-photos.com\/wp-content\/uploads\/2017\/03\/MI051960.jpg?fit=1200%2C515&ssl=1&resize=700%2C400 2x, https:\/\/i0.wp.com\/www.micoulou-photos.com\/wp-content\/uploads\/2017\/03\/MI051960.jpg?fit=1200%2C515&ssl=1&resize=1050%2C600 3x"},"classes":[]},{"id":2607,"url":"https:\/\/www.micoulou-photos.com\/index.php\/2016\/10\/13\/amap-des-oliviers-les-legumes-de-bruno\/","url_meta":{"origin":3074,"position":3},"title":"AMAP des oliviers &#8211; les l\u00e9gumes de Bruno","author":"micoulou","date":"13 octobre 2016","format":false,"excerpt":"Voici enfin le premiers article d'un projet, qui va durer plusieurs ann\u00e9es, de la recherche d'une vie alternative, plus juste et plus \u00e9cologique... O\u00f9 je vais retourner rencontrer, cette fois ci principalement en Europe, ceux qui essaie, par les actions, de respecter l'environnement et l'humanit\u00e9, en marge de la soci\u00e9t\u00e9\u2026","rel":"","context":"Dans &quot;alternatives ecologique&quot;","block_context":{"text":"alternatives ecologique","link":"https:\/\/www.micoulou-photos.com\/index.php\/category\/alternatives-ecologique\/"},"img":{"alt_text":"","src":"https:\/\/i0.wp.com\/www.micoulou-photos.com\/wp-content\/uploads\/2016\/10\/SDIM0050.jpg?fit=1200%2C800&ssl=1&resize=350%2C200","width":350,"height":200,"srcset":"https:\/\/i0.wp.com\/www.micoulou-photos.com\/wp-content\/uploads\/2016\/10\/SDIM0050.jpg?fit=1200%2C800&ssl=1&resize=350%2C200 1x, https:\/\/i0.wp.com\/www.micoulou-photos.com\/wp-content\/uploads\/2016\/10\/SDIM0050.jpg?fit=1200%2C800&ssl=1&resize=525%2C300 1.5x, https:\/\/i0.wp.com\/www.micoulou-photos.com\/wp-content\/uploads\/2016\/10\/SDIM0050.jpg?fit=1200%2C800&ssl=1&resize=700%2C400 2x, https:\/\/i0.wp.com\/www.micoulou-photos.com\/wp-content\/uploads\/2016\/10\/SDIM0050.jpg?fit=1200%2C800&ssl=1&resize=1050%2C600 3x"},"classes":[]},{"id":2804,"url":"https:\/\/www.micoulou-photos.com\/index.php\/2016\/12\/19\/amap-des-oliviers\/","url_meta":{"origin":3074,"position":4},"title":"AMAP des oliviers","author":"micoulou","date":"19 d\u00e9cembre 2016","format":false,"excerpt":"Un an et demi en AMAP, \u00e7a se f\u00eate, non ? En fait, pour tout vous dire, ce n'est pas ma premi\u00e8re AMAP, je faisais parti de l'AMAP montsureau \u00e0 chateau-du-loir en 2012 et je prenais des paniers bio aux jardin de cocagne de Chambery et \u00e0 l'espace Paysan de\u2026","rel":"","context":"Dans &quot;alternatives ecologique&quot;","block_context":{"text":"alternatives ecologique","link":"https:\/\/www.micoulou-photos.com\/index.php\/category\/alternatives-ecologique\/"},"img":{"alt_text":"","src":"https:\/\/i0.wp.com\/www.micoulou-photos.com\/wp-content\/uploads\/2016\/12\/IMG_0860.jpg?fit=1200%2C800&ssl=1&resize=350%2C200","width":350,"height":200,"srcset":"https:\/\/i0.wp.com\/www.micoulou-photos.com\/wp-content\/uploads\/2016\/12\/IMG_0860.jpg?fit=1200%2C800&ssl=1&resize=350%2C200 1x, https:\/\/i0.wp.com\/www.micoulou-photos.com\/wp-content\/uploads\/2016\/12\/IMG_0860.jpg?fit=1200%2C800&ssl=1&resize=525%2C300 1.5x, https:\/\/i0.wp.com\/www.micoulou-photos.com\/wp-content\/uploads\/2016\/12\/IMG_0860.jpg?fit=1200%2C800&ssl=1&resize=700%2C400 2x, https:\/\/i0.wp.com\/www.micoulou-photos.com\/wp-content\/uploads\/2016\/12\/IMG_0860.jpg?fit=1200%2C800&ssl=1&resize=1050%2C600 3x"},"classes":[]},{"id":3624,"url":"https:\/\/www.micoulou-photos.com\/index.php\/2017\/10\/07\/stage-de-ceramique-partie-2-raku-nu\/","url_meta":{"origin":3074,"position":5},"title":"Stage de ceramique &#8211; Partie 2 Raku Nu","author":"micoulou","date":"7 octobre 2017","format":false,"excerpt":"Voici la suite de l'article sur le stage de c\u00e9ramique, apr\u00e8s la cuisson en four papier, voici la d\u00e9coration \"Raku Nu\". Le raku est une technique d'emaillage de ceramique d\u00e9velopp\u00e9 au Japon au 16eme si\u00e8cle. C'est une technique utilis\u00e9 principalement pour les service \u00e0 th\u00e9 de la c\u00e9r\u00e9monie du th\u00e9.\u2026","rel":"","context":"Dans &quot;alternatives ecologique&quot;","block_context":{"text":"alternatives ecologique","link":"https:\/\/www.micoulou-photos.com\/index.php\/category\/alternatives-ecologique\/"},"img":{"alt_text":"","src":"https:\/\/i0.wp.com\/www.micoulou-photos.com\/wp-content\/uploads\/2017\/10\/MI101379-Modifier.jpg?fit=1200%2C795&ssl=1&resize=350%2C200","width":350,"height":200,"srcset":"https:\/\/i0.wp.com\/www.micoulou-photos.com\/wp-content\/uploads\/2017\/10\/MI101379-Modifier.jpg?fit=1200%2C795&ssl=1&resize=350%2C200 1x, https:\/\/i0.wp.com\/www.micoulou-photos.com\/wp-content\/uploads\/2017\/10\/MI101379-Modifier.jpg?fit=1200%2C795&ssl=1&resize=525%2C300 1.5x, https:\/\/i0.wp.com\/www.micoulou-photos.com\/wp-content\/uploads\/2017\/10\/MI101379-Modifier.jpg?fit=1200%2C795&ssl=1&resize=700%2C400 2x, https:\/\/i0.wp.com\/www.micoulou-photos.com\/wp-content\/uploads\/2017\/10\/MI101379-Modifier.jpg?fit=1200%2C795&ssl=1&resize=1050%2C600 3x"},"classes":[]}],"_links":{"self":[{"href":"https:\/\/www.micoulou-photos.com\/index.php\/wp-json\/wp\/v2\/posts\/3074","targetHints":{"allow":["GET"]}}],"collection":[{"href":"https:\/\/www.micoulou-photos.com\/index.php\/wp-json\/wp\/v2\/posts"}],"about":[{"href":"https:\/\/www.micoulou-photos.com\/index.php\/wp-json\/wp\/v2\/types\/post"}],"author":[{"embeddable":true,"href":"https:\/\/www.micoulou-photos.com\/index.php\/wp-json\/wp\/v2\/users\/1"}],"replies":[{"embeddable":true,"href":"https:\/\/www.micoulou-photos.com\/index.php\/wp-json\/wp\/v2\/comments?post=3074"}],"version-history":[{"count":11,"href":"https:\/\/www.micoulou-photos.com\/index.php\/wp-json\/wp\/v2\/posts\/3074\/revisions"}],"predecessor-version":[{"id":5860,"href":"https:\/\/www.micoulou-photos.com\/index.php\/wp-json\/wp\/v2\/posts\/3074\/revisions\/5860"}],"wp:featuredmedia":[{"embeddable":true,"href":"https:\/\/www.micoulou-photos.com\/index.php\/wp-json\/wp\/v2\/media\/3251"}],"wp:attachment":[{"href":"https:\/\/www.micoulou-photos.com\/index.php\/wp-json\/wp\/v2\/media?parent=3074"}],"wp:term":[{"taxonomy":"category","embeddable":true,"href":"https:\/\/www.micoulou-photos.com\/index.php\/wp-json\/wp\/v2\/categories?post=3074"},{"taxonomy":"post_tag","embeddable":true,"href":"https:\/\/www.micoulou-photos.com\/index.php\/wp-json\/wp\/v2\/tags?post=3074"}],"curies":[{"name":"wp","href":"https:\/\/api.w.org\/{rel}","templated":true}]}}