{"id":30,"date":"2016-03-30T13:24:00","date_gmt":"2016-03-30T12:24:00","guid":{"rendered":"http:\/\/micoulou.info\/wp\/index.php\/2016\/03\/30\/2-ans-apres-le-voyage-reprend\/"},"modified":"2020-04-26T01:18:44","modified_gmt":"2020-04-26T00:18:44","slug":"2-ans-apres-le-voyage-reprend","status":"publish","type":"post","link":"https:\/\/www.micoulou-photos.com\/index.php\/2016\/03\/30\/2-ans-apres-le-voyage-reprend\/","title":{"rendered":"2 ans apr\u00e8s, le voyage reprend&#8230;"},"content":{"rendered":"<p>Bonjour \u00e0 tous,<\/p>\n<p>Cela fait 2 ans maintenant, plus de 2 ans que je n&rsquo;avais pas voyag\u00e9.. Mon blog photo s\u2019\u00e9tant professionnalis\u00e9, le contenu devenais de moins en moins important&#8230; Mais le blog n&rsquo;est pas mort, en tout cas, je vais le ressusciter! Mes article les plus int\u00e9ressants ou les plus insolite de mon site www.micoulou-photos.com vont \u00eatre transf\u00e9r\u00e9s ici, le reste sera transformer en site vitrine, et ce blog sera le seul et unique blog&#8230;<br \/>\nDe quoi vais-je parler ici : des 3 choses dont je vais axer ma vie professionnelle et personnelle maintenant :<\/p>\n<ol>\n<li>Les visites virtuelles, comment en faire, en vivre et mes r\u00e9alisations personnelles et pro.<\/li>\n<li>Les appareils photos bizarres et insolites<\/li>\n<li>Enfin, les modes de vie alternatifs, comment sortir du capitalisme qui nous broie, et vivre enfin en harmonie.&nbsp;<\/li>\n<\/ol>\n<p>Pour ces 3 axes, des voyages sont pr\u00e9vues, et je vous emm\u00e8nerais avec moi dans ces voyages.<br \/>\nJe vais maintenant essayer de revenir \u00e0 un rythme d&rsquo;un article construit par semaine, avec \u00e9ventuellement une vid\u00e9o li\u00e9e.<\/p>\n<div style=\"clear: both; text-align: center;\"><a href=\"https:\/\/i0.wp.com\/2.bp.blogspot.com\/-5XjvlDopqdU\/VvvSLa5dmPI\/AAAAAAAA_OU\/mevux8lFGZEB7xxbnIH5IUlsdGWPwPIbQ\/s1600\/IMG_3916-Edit-Edit.jpg?ssl=1\" style=\"margin-left: 1em; margin-right: 1em;\"><img data-recalc-dims=\"1\" decoding=\"async\" src=\"https:\/\/i0.wp.com\/2.bp.blogspot.com\/-5XjvlDopqdU\/VvvSLa5dmPI\/AAAAAAAA_OU\/mevux8lFGZEB7xxbnIH5IUlsdGWPwPIbQ\/s200\/IMG_3916-Edit-Edit.jpg?resize=178%2C200&#038;ssl=1\" width=\"178\" height=\"200\" border=\"0\"><\/a><\/div>\n","protected":false},"excerpt":{"rendered":"<p>Bonjour \u00e0 tous, Cela fait 2 ans maintenant, plus de 2 ans que je n&rsquo;avais pas voyag\u00e9.. Mon blog photo s\u2019\u00e9tant professionnalis\u00e9, le contenu devenais de moins en moins important&#8230; Mais le blog n&rsquo;est pas mort, en tout cas, je vais le ressusciter! Mes article les plus int\u00e9ressants ou les plus insolite de mon site [&hellip;]<\/p>\n","protected":false},"author":1,"featured_media":0,"comment_status":"open","ping_status":"open","sticky":false,"template":"","format":"standard","meta":{"jetpack_post_was_ever_published":false,"_jetpack_newsletter_access":"","_jetpack_dont_email_post_to_subs":false,"_jetpack_newsletter_tier_id":0,"_jetpack_memberships_contains_paywalled_content":false,"_jetpack_memberships_contains_paid_content":false,"footnotes":"","jetpack_publicize_message":"","jetpack_publicize_feature_enabled":true,"jetpack_social_post_already_shared":false,"jetpack_social_options":{"image_generator_settings":{"template":"highway","default_image_id":0,"font":"","enabled":false},"version":2}},"categories":[1149],"tags":[],"class_list":["post-30","post","type-post","status-publish","format-standard","hentry","category-asperger"],"yoast_head":"<!-- This site is optimized with the Yoast SEO plugin v27.5 - https:\/\/yoast.com\/product\/yoast-seo-wordpress\/ -->\n<title>2 ans apr\u00e8s, le voyage reprend... - Micoulou Photographie<\/title>\n<meta name=\"robots\" content=\"index, follow, max-snippet:-1, max-image-preview:large, max-video-preview:-1\" \/>\n<link rel=\"canonical\" href=\"https:\/\/www.micoulou-photos.com\/index.php\/2016\/03\/30\/2-ans-apres-le-voyage-reprend\/\" \/>\n<meta property=\"og:locale\" content=\"fr_FR\" \/>\n<meta property=\"og:type\" content=\"article\" \/>\n<meta property=\"og:title\" content=\"2 ans apr\u00e8s, le voyage reprend... - Micoulou Photographie\" \/>\n<meta property=\"og:description\" content=\"Bonjour \u00e0 tous, Cela fait 2 ans maintenant, plus de 2 ans que je n&rsquo;avais pas voyag\u00e9.. Mon blog photo s\u2019\u00e9tant professionnalis\u00e9, le contenu devenais de moins en moins important&#8230; Mais le blog n&rsquo;est pas mort, en tout cas, je vais le ressusciter! Mes article les plus int\u00e9ressants ou les plus insolite de mon site [&hellip;]\" \/>\n<meta property=\"og:url\" content=\"https:\/\/www.micoulou-photos.com\/index.php\/2016\/03\/30\/2-ans-apres-le-voyage-reprend\/\" \/>\n<meta property=\"og:site_name\" content=\"Micoulou Photographie\" \/>\n<meta property=\"article:published_time\" content=\"2016-03-30T12:24:00+00:00\" \/>\n<meta property=\"article:modified_time\" content=\"2020-04-26T00:18:44+00:00\" \/>\n<meta property=\"og:image\" content=\"https:\/\/2.bp.blogspot.com\/-5XjvlDopqdU\/VvvSLa5dmPI\/AAAAAAAA_OU\/mevux8lFGZEB7xxbnIH5IUlsdGWPwPIbQ\/s200\/IMG_3916-Edit-Edit.jpg\" \/>\n<meta name=\"author\" content=\"micoulou\" \/>\n<meta name=\"twitter:card\" content=\"summary_large_image\" \/>\n<meta name=\"twitter:label1\" content=\"\u00c9crit par\" \/>\n\t<meta name=\"twitter:data1\" content=\"micoulou\" \/>\n\t<meta name=\"twitter:label2\" content=\"Dur\u00e9e de lecture estim\u00e9e\" \/>\n\t<meta name=\"twitter:data2\" content=\"1 minute\" \/>\n<script type=\"application\/ld+json\" class=\"yoast-schema-graph\">{\"@context\":\"https:\\\/\\\/schema.org\",\"@graph\":[{\"@type\":\"Article\",\"@id\":\"https:\\\/\\\/www.micoulou-photos.com\\\/index.php\\\/2016\\\/03\\\/30\\\/2-ans-apres-le-voyage-reprend\\\/#article\",\"isPartOf\":{\"@id\":\"https:\\\/\\\/www.micoulou-photos.com\\\/index.php\\\/2016\\\/03\\\/30\\\/2-ans-apres-le-voyage-reprend\\\/\"},\"author\":{\"name\":\"micoulou\",\"@id\":\"https:\\\/\\\/www.micoulou-photos.com\\\/#\\\/schema\\\/person\\\/6aedfe8ebe91da632f46e7c9d806a722\"},\"headline\":\"2 ans apr\u00e8s, le voyage reprend&#8230;\",\"datePublished\":\"2016-03-30T12:24:00+00:00\",\"dateModified\":\"2020-04-26T00:18:44+00:00\",\"mainEntityOfPage\":{\"@id\":\"https:\\\/\\\/www.micoulou-photos.com\\\/index.php\\\/2016\\\/03\\\/30\\\/2-ans-apres-le-voyage-reprend\\\/\"},\"wordCount\":183,\"commentCount\":0,\"publisher\":{\"@id\":\"https:\\\/\\\/www.micoulou-photos.com\\\/#organization\"},\"image\":{\"@id\":\"https:\\\/\\\/www.micoulou-photos.com\\\/index.php\\\/2016\\\/03\\\/30\\\/2-ans-apres-le-voyage-reprend\\\/#primaryimage\"},\"thumbnailUrl\":\"https:\\\/\\\/2.bp.blogspot.com\\\/-5XjvlDopqdU\\\/VvvSLa5dmPI\\\/AAAAAAAA_OU\\\/mevux8lFGZEB7xxbnIH5IUlsdGWPwPIbQ\\\/s200\\\/IMG_3916-Edit-Edit.jpg\",\"articleSection\":[\"Asperger\"],\"inLanguage\":\"fr-FR\",\"potentialAction\":[{\"@type\":\"CommentAction\",\"name\":\"Comment\",\"target\":[\"https:\\\/\\\/www.micoulou-photos.com\\\/index.php\\\/2016\\\/03\\\/30\\\/2-ans-apres-le-voyage-reprend\\\/#respond\"]}]},{\"@type\":\"WebPage\",\"@id\":\"https:\\\/\\\/www.micoulou-photos.com\\\/index.php\\\/2016\\\/03\\\/30\\\/2-ans-apres-le-voyage-reprend\\\/\",\"url\":\"https:\\\/\\\/www.micoulou-photos.com\\\/index.php\\\/2016\\\/03\\\/30\\\/2-ans-apres-le-voyage-reprend\\\/\",\"name\":\"2 ans apr\u00e8s, le voyage reprend... - Micoulou Photographie\",\"isPartOf\":{\"@id\":\"https:\\\/\\\/www.micoulou-photos.com\\\/#website\"},\"primaryImageOfPage\":{\"@id\":\"https:\\\/\\\/www.micoulou-photos.com\\\/index.php\\\/2016\\\/03\\\/30\\\/2-ans-apres-le-voyage-reprend\\\/#primaryimage\"},\"image\":{\"@id\":\"https:\\\/\\\/www.micoulou-photos.com\\\/index.php\\\/2016\\\/03\\\/30\\\/2-ans-apres-le-voyage-reprend\\\/#primaryimage\"},\"thumbnailUrl\":\"https:\\\/\\\/2.bp.blogspot.com\\\/-5XjvlDopqdU\\\/VvvSLa5dmPI\\\/AAAAAAAA_OU\\\/mevux8lFGZEB7xxbnIH5IUlsdGWPwPIbQ\\\/s200\\\/IMG_3916-Edit-Edit.jpg\",\"datePublished\":\"2016-03-30T12:24:00+00:00\",\"dateModified\":\"2020-04-26T00:18:44+00:00\",\"breadcrumb\":{\"@id\":\"https:\\\/\\\/www.micoulou-photos.com\\\/index.php\\\/2016\\\/03\\\/30\\\/2-ans-apres-le-voyage-reprend\\\/#breadcrumb\"},\"inLanguage\":\"fr-FR\",\"potentialAction\":[{\"@type\":\"ReadAction\",\"target\":[\"https:\\\/\\\/www.micoulou-photos.com\\\/index.php\\\/2016\\\/03\\\/30\\\/2-ans-apres-le-voyage-reprend\\\/\"]}]},{\"@type\":\"ImageObject\",\"inLanguage\":\"fr-FR\",\"@id\":\"https:\\\/\\\/www.micoulou-photos.com\\\/index.php\\\/2016\\\/03\\\/30\\\/2-ans-apres-le-voyage-reprend\\\/#primaryimage\",\"url\":\"https:\\\/\\\/2.bp.blogspot.com\\\/-5XjvlDopqdU\\\/VvvSLa5dmPI\\\/AAAAAAAA_OU\\\/mevux8lFGZEB7xxbnIH5IUlsdGWPwPIbQ\\\/s200\\\/IMG_3916-Edit-Edit.jpg\",\"contentUrl\":\"https:\\\/\\\/2.bp.blogspot.com\\\/-5XjvlDopqdU\\\/VvvSLa5dmPI\\\/AAAAAAAA_OU\\\/mevux8lFGZEB7xxbnIH5IUlsdGWPwPIbQ\\\/s200\\\/IMG_3916-Edit-Edit.jpg\"},{\"@type\":\"BreadcrumbList\",\"@id\":\"https:\\\/\\\/www.micoulou-photos.com\\\/index.php\\\/2016\\\/03\\\/30\\\/2-ans-apres-le-voyage-reprend\\\/#breadcrumb\",\"itemListElement\":[{\"@type\":\"ListItem\",\"position\":1,\"name\":\"Accueil\",\"item\":\"https:\\\/\\\/www.micoulou-photos.com\\\/\"},{\"@type\":\"ListItem\",\"position\":2,\"name\":\"2 ans apr\u00e8s, le voyage reprend&#8230;\"}]},{\"@type\":\"WebSite\",\"@id\":\"https:\\\/\\\/www.micoulou-photos.com\\\/#website\",\"url\":\"https:\\\/\\\/www.micoulou-photos.com\\\/\",\"name\":\"Micoulou Photographie\",\"description\":\"Photographies, Visites virtuelles et formations par Mickael Minarie\",\"publisher\":{\"@id\":\"https:\\\/\\\/www.micoulou-photos.com\\\/#organization\"},\"potentialAction\":[{\"@type\":\"SearchAction\",\"target\":{\"@type\":\"EntryPoint\",\"urlTemplate\":\"https:\\\/\\\/www.micoulou-photos.com\\\/?s={search_term_string}\"},\"query-input\":{\"@type\":\"PropertyValueSpecification\",\"valueRequired\":true,\"valueName\":\"search_term_string\"}}],\"inLanguage\":\"fr-FR\"},{\"@type\":\"Organization\",\"@id\":\"https:\\\/\\\/www.micoulou-photos.com\\\/#organization\",\"name\":\"Micoulou Photographie\",\"url\":\"https:\\\/\\\/www.micoulou-photos.com\\\/\",\"logo\":{\"@type\":\"ImageObject\",\"inLanguage\":\"fr-FR\",\"@id\":\"https:\\\/\\\/www.micoulou-photos.com\\\/#\\\/schema\\\/logo\\\/image\\\/\",\"url\":\"https:\\\/\\\/i0.wp.com\\\/www.micoulou-photos.com\\\/wp-content\\\/uploads\\\/2020\\\/05\\\/cropped-891667_552097324824916_1615181552_o-1.jpg?fit=643%2C722&ssl=1\",\"contentUrl\":\"https:\\\/\\\/i0.wp.com\\\/www.micoulou-photos.com\\\/wp-content\\\/uploads\\\/2020\\\/05\\\/cropped-891667_552097324824916_1615181552_o-1.jpg?fit=643%2C722&ssl=1\",\"width\":643,\"height\":722,\"caption\":\"Micoulou Photographie\"},\"image\":{\"@id\":\"https:\\\/\\\/www.micoulou-photos.com\\\/#\\\/schema\\\/logo\\\/image\\\/\"}},{\"@type\":\"Person\",\"@id\":\"https:\\\/\\\/www.micoulou-photos.com\\\/#\\\/schema\\\/person\\\/6aedfe8ebe91da632f46e7c9d806a722\",\"name\":\"micoulou\",\"image\":{\"@type\":\"ImageObject\",\"inLanguage\":\"fr-FR\",\"@id\":\"https:\\\/\\\/secure.gravatar.com\\\/avatar\\\/98f892eb7d267eab2faa437baa3edd708deaaa43929316c0cc7b751a04cb247b?s=96&d=mm&r=g\",\"url\":\"https:\\\/\\\/secure.gravatar.com\\\/avatar\\\/98f892eb7d267eab2faa437baa3edd708deaaa43929316c0cc7b751a04cb247b?s=96&d=mm&r=g\",\"contentUrl\":\"https:\\\/\\\/secure.gravatar.com\\\/avatar\\\/98f892eb7d267eab2faa437baa3edd708deaaa43929316c0cc7b751a04cb247b?s=96&d=mm&r=g\",\"caption\":\"micoulou\"},\"url\":\"https:\\\/\\\/www.micoulou-photos.com\\\/index.php\\\/author\\\/micoulou\\\/\"}]}<\/script>\n<!-- \/ Yoast SEO plugin. -->","yoast_head_json":{"title":"2 ans apr\u00e8s, le voyage reprend... - Micoulou Photographie","robots":{"index":"index","follow":"follow","max-snippet":"max-snippet:-1","max-image-preview":"max-image-preview:large","max-video-preview":"max-video-preview:-1"},"canonical":"https:\/\/www.micoulou-photos.com\/index.php\/2016\/03\/30\/2-ans-apres-le-voyage-reprend\/","og_locale":"fr_FR","og_type":"article","og_title":"2 ans apr\u00e8s, le voyage reprend... - Micoulou Photographie","og_description":"Bonjour \u00e0 tous, Cela fait 2 ans maintenant, plus de 2 ans que je n&rsquo;avais pas voyag\u00e9.. Mon blog photo s\u2019\u00e9tant professionnalis\u00e9, le contenu devenais de moins en moins important&#8230; Mais le blog n&rsquo;est pas mort, en tout cas, je vais le ressusciter! Mes article les plus int\u00e9ressants ou les plus insolite de mon site [&hellip;]","og_url":"https:\/\/www.micoulou-photos.com\/index.php\/2016\/03\/30\/2-ans-apres-le-voyage-reprend\/","og_site_name":"Micoulou Photographie","article_published_time":"2016-03-30T12:24:00+00:00","article_modified_time":"2020-04-26T00:18:44+00:00","og_image":[{"url":"https:\/\/2.bp.blogspot.com\/-5XjvlDopqdU\/VvvSLa5dmPI\/AAAAAAAA_OU\/mevux8lFGZEB7xxbnIH5IUlsdGWPwPIbQ\/s200\/IMG_3916-Edit-Edit.jpg","type":"","width":"","height":""}],"author":"micoulou","twitter_card":"summary_large_image","twitter_misc":{"\u00c9crit par":"micoulou","Dur\u00e9e de lecture estim\u00e9e":"1 minute"},"schema":{"@context":"https:\/\/schema.org","@graph":[{"@type":"Article","@id":"https:\/\/www.micoulou-photos.com\/index.php\/2016\/03\/30\/2-ans-apres-le-voyage-reprend\/#article","isPartOf":{"@id":"https:\/\/www.micoulou-photos.com\/index.php\/2016\/03\/30\/2-ans-apres-le-voyage-reprend\/"},"author":{"name":"micoulou","@id":"https:\/\/www.micoulou-photos.com\/#\/schema\/person\/6aedfe8ebe91da632f46e7c9d806a722"},"headline":"2 ans apr\u00e8s, le voyage reprend&#8230;","datePublished":"2016-03-30T12:24:00+00:00","dateModified":"2020-04-26T00:18:44+00:00","mainEntityOfPage":{"@id":"https:\/\/www.micoulou-photos.com\/index.php\/2016\/03\/30\/2-ans-apres-le-voyage-reprend\/"},"wordCount":183,"commentCount":0,"publisher":{"@id":"https:\/\/www.micoulou-photos.com\/#organization"},"image":{"@id":"https:\/\/www.micoulou-photos.com\/index.php\/2016\/03\/30\/2-ans-apres-le-voyage-reprend\/#primaryimage"},"thumbnailUrl":"https:\/\/2.bp.blogspot.com\/-5XjvlDopqdU\/VvvSLa5dmPI\/AAAAAAAA_OU\/mevux8lFGZEB7xxbnIH5IUlsdGWPwPIbQ\/s200\/IMG_3916-Edit-Edit.jpg","articleSection":["Asperger"],"inLanguage":"fr-FR","potentialAction":[{"@type":"CommentAction","name":"Comment","target":["https:\/\/www.micoulou-photos.com\/index.php\/2016\/03\/30\/2-ans-apres-le-voyage-reprend\/#respond"]}]},{"@type":"WebPage","@id":"https:\/\/www.micoulou-photos.com\/index.php\/2016\/03\/30\/2-ans-apres-le-voyage-reprend\/","url":"https:\/\/www.micoulou-photos.com\/index.php\/2016\/03\/30\/2-ans-apres-le-voyage-reprend\/","name":"2 ans apr\u00e8s, le voyage reprend... - Micoulou Photographie","isPartOf":{"@id":"https:\/\/www.micoulou-photos.com\/#website"},"primaryImageOfPage":{"@id":"https:\/\/www.micoulou-photos.com\/index.php\/2016\/03\/30\/2-ans-apres-le-voyage-reprend\/#primaryimage"},"image":{"@id":"https:\/\/www.micoulou-photos.com\/index.php\/2016\/03\/30\/2-ans-apres-le-voyage-reprend\/#primaryimage"},"thumbnailUrl":"https:\/\/2.bp.blogspot.com\/-5XjvlDopqdU\/VvvSLa5dmPI\/AAAAAAAA_OU\/mevux8lFGZEB7xxbnIH5IUlsdGWPwPIbQ\/s200\/IMG_3916-Edit-Edit.jpg","datePublished":"2016-03-30T12:24:00+00:00","dateModified":"2020-04-26T00:18:44+00:00","breadcrumb":{"@id":"https:\/\/www.micoulou-photos.com\/index.php\/2016\/03\/30\/2-ans-apres-le-voyage-reprend\/#breadcrumb"},"inLanguage":"fr-FR","potentialAction":[{"@type":"ReadAction","target":["https:\/\/www.micoulou-photos.com\/index.php\/2016\/03\/30\/2-ans-apres-le-voyage-reprend\/"]}]},{"@type":"ImageObject","inLanguage":"fr-FR","@id":"https:\/\/www.micoulou-photos.com\/index.php\/2016\/03\/30\/2-ans-apres-le-voyage-reprend\/#primaryimage","url":"https:\/\/2.bp.blogspot.com\/-5XjvlDopqdU\/VvvSLa5dmPI\/AAAAAAAA_OU\/mevux8lFGZEB7xxbnIH5IUlsdGWPwPIbQ\/s200\/IMG_3916-Edit-Edit.jpg","contentUrl":"https:\/\/2.bp.blogspot.com\/-5XjvlDopqdU\/VvvSLa5dmPI\/AAAAAAAA_OU\/mevux8lFGZEB7xxbnIH5IUlsdGWPwPIbQ\/s200\/IMG_3916-Edit-Edit.jpg"},{"@type":"BreadcrumbList","@id":"https:\/\/www.micoulou-photos.com\/index.php\/2016\/03\/30\/2-ans-apres-le-voyage-reprend\/#breadcrumb","itemListElement":[{"@type":"ListItem","position":1,"name":"Accueil","item":"https:\/\/www.micoulou-photos.com\/"},{"@type":"ListItem","position":2,"name":"2 ans apr\u00e8s, le voyage reprend&#8230;"}]},{"@type":"WebSite","@id":"https:\/\/www.micoulou-photos.com\/#website","url":"https:\/\/www.micoulou-photos.com\/","name":"Micoulou Photographie","description":"Photographies, Visites virtuelles et formations par Mickael Minarie","publisher":{"@id":"https:\/\/www.micoulou-photos.com\/#organization"},"potentialAction":[{"@type":"SearchAction","target":{"@type":"EntryPoint","urlTemplate":"https:\/\/www.micoulou-photos.com\/?s={search_term_string}"},"query-input":{"@type":"PropertyValueSpecification","valueRequired":true,"valueName":"search_term_string"}}],"inLanguage":"fr-FR"},{"@type":"Organization","@id":"https:\/\/www.micoulou-photos.com\/#organization","name":"Micoulou Photographie","url":"https:\/\/www.micoulou-photos.com\/","logo":{"@type":"ImageObject","inLanguage":"fr-FR","@id":"https:\/\/www.micoulou-photos.com\/#\/schema\/logo\/image\/","url":"https:\/\/i0.wp.com\/www.micoulou-photos.com\/wp-content\/uploads\/2020\/05\/cropped-891667_552097324824916_1615181552_o-1.jpg?fit=643%2C722&ssl=1","contentUrl":"https:\/\/i0.wp.com\/www.micoulou-photos.com\/wp-content\/uploads\/2020\/05\/cropped-891667_552097324824916_1615181552_o-1.jpg?fit=643%2C722&ssl=1","width":643,"height":722,"caption":"Micoulou Photographie"},"image":{"@id":"https:\/\/www.micoulou-photos.com\/#\/schema\/logo\/image\/"}},{"@type":"Person","@id":"https:\/\/www.micoulou-photos.com\/#\/schema\/person\/6aedfe8ebe91da632f46e7c9d806a722","name":"micoulou","image":{"@type":"ImageObject","inLanguage":"fr-FR","@id":"https:\/\/secure.gravatar.com\/avatar\/98f892eb7d267eab2faa437baa3edd708deaaa43929316c0cc7b751a04cb247b?s=96&d=mm&r=g","url":"https:\/\/secure.gravatar.com\/avatar\/98f892eb7d267eab2faa437baa3edd708deaaa43929316c0cc7b751a04cb247b?s=96&d=mm&r=g","contentUrl":"https:\/\/secure.gravatar.com\/avatar\/98f892eb7d267eab2faa437baa3edd708deaaa43929316c0cc7b751a04cb247b?s=96&d=mm&r=g","caption":"micoulou"},"url":"https:\/\/www.micoulou-photos.com\/index.php\/author\/micoulou\/"}]}},"jetpack_publicize_connections":[],"jetpack_featured_media_url":"","jetpack_sharing_enabled":true,"jetpack_shortlink":"https:\/\/wp.me\/p7zKF4-u","jetpack-related-posts":[{"id":35,"url":"https:\/\/www.micoulou-photos.com\/index.php\/2013\/11\/03\/nouvelles-sites-et-voyages\/","url_meta":{"origin":30,"position":0},"title":"Nouvelles, sites et voyages&#8230;","author":"micoulou","date":"3 novembre 2013","format":false,"excerpt":"Comme je le disais depuis un certain temps, je dedie maintenant ce blog principalement \u00e0 mes voyages... Il n'y aura plus d'article vraiment photographique sur ce blog... Je ne parlerais ici que de voyage, de ma vie de nomade, et les photos ne serviront qu'\u00e0 illustrer les articles en rapport\u2026","rel":"","context":"Dans &quot;Non class\u00e9&quot;","block_context":{"text":"Non class\u00e9","link":"https:\/\/www.micoulou-photos.com\/index.php\/category\/non-classe\/"},"img":{"alt_text":"","src":"","width":0,"height":0},"classes":[]},{"id":226,"url":"https:\/\/www.micoulou-photos.com\/index.php\/2010\/11\/24\/du-changement-pour-une-nouvelle-vie\/","url_meta":{"origin":30,"position":1},"title":"Du changement pour une nouvelle vie","author":"micoulou","date":"24 novembre 2010","format":false,"excerpt":"Voil\u00e0, je suis a moins d'une semaine de ma d\u00e9mission, donc pour partir fin janvier...Partir o\u00f9 vous allez me demander ? Ben, d\u00e9j\u00e0 1 mois en vacances, et ensuite je partirais chercher du boulot au Canada, pour combien de temps, je ne sais pas. Mon permis de voyage est valable\u2026","rel":"","context":"Dans &quot;Non class\u00e9&quot;","block_context":{"text":"Non class\u00e9","link":"https:\/\/www.micoulou-photos.com\/index.php\/category\/non-classe\/"},"img":{"alt_text":"","src":"","width":0,"height":0},"classes":[]},{"id":3067,"url":"https:\/\/www.micoulou-photos.com\/index.php\/2017\/03\/08\/3-semaines-de-plus-de-helpx\/","url_meta":{"origin":30,"position":2},"title":"3 semaines de plus de helpx","author":"micoulou","date":"8 mars 2017","format":false,"excerpt":"Me voici de retour, apr\u00e8s 3 semaines en Dordogne, chez un couple anglais qui fait de l\u2019h\u00e9bergement insolite dans des yourtes. Je suis arriv\u00e9 sous la temp\u00eate, comme lors de mon deuxi\u00e8me helpx de l'ann\u00e9e, et Matt est venu me chercher \u00e0 la gare de montmoreau, ce qui m'a \u00e9vit\u00e9\u2026","rel":"","context":"Dans &quot;alternatives ecologique&quot;","block_context":{"text":"alternatives ecologique","link":"https:\/\/www.micoulou-photos.com\/index.php\/category\/alternatives-ecologique\/"},"img":{"alt_text":"","src":"https:\/\/i0.wp.com\/www.micoulou-photos.com\/wp-content\/uploads\/2017\/03\/IMG_1756.jpg?fit=1200%2C515&ssl=1&resize=350%2C200","width":350,"height":200,"srcset":"https:\/\/i0.wp.com\/www.micoulou-photos.com\/wp-content\/uploads\/2017\/03\/IMG_1756.jpg?fit=1200%2C515&ssl=1&resize=350%2C200 1x, https:\/\/i0.wp.com\/www.micoulou-photos.com\/wp-content\/uploads\/2017\/03\/IMG_1756.jpg?fit=1200%2C515&ssl=1&resize=525%2C300 1.5x, https:\/\/i0.wp.com\/www.micoulou-photos.com\/wp-content\/uploads\/2017\/03\/IMG_1756.jpg?fit=1200%2C515&ssl=1&resize=700%2C400 2x, https:\/\/i0.wp.com\/www.micoulou-photos.com\/wp-content\/uploads\/2017\/03\/IMG_1756.jpg?fit=1200%2C515&ssl=1&resize=1050%2C600 3x"},"classes":[]},{"id":4366,"url":"https:\/\/www.micoulou-photos.com\/index.php\/2018\/05\/16\/photographe-autiste\/","url_meta":{"origin":30,"position":3},"title":"Photographe autiste ?","author":"micoulou","date":"16 mai 2018","format":false,"excerpt":"Bon, ben voil\u00e0, je voilais l\u2019\u00e9crire depuis 1 an cet article, mais j\u2019attendais, je voulais des r\u00e9ponses, je voulais en \u00eatre sur\u2026 Alors mettre \u00e7a sur un blog pro, enfin o\u00f9 je parle aussi des mes essais artistiques, de mes voyages, est-ce \u00e0 sa place ? Je ne le sais\u2026","rel":"","context":"Dans &quot;Asperger&quot;","block_context":{"text":"Asperger","link":"https:\/\/www.micoulou-photos.com\/index.php\/category\/asperger\/"},"img":{"alt_text":"","src":"https:\/\/i0.wp.com\/www.micoulou-photos.com\/wp-content\/uploads\/2018\/05\/mp-asperger1.jpg?fit=1200%2C1200&ssl=1&resize=350%2C200","width":350,"height":200,"srcset":"https:\/\/i0.wp.com\/www.micoulou-photos.com\/wp-content\/uploads\/2018\/05\/mp-asperger1.jpg?fit=1200%2C1200&ssl=1&resize=350%2C200 1x, https:\/\/i0.wp.com\/www.micoulou-photos.com\/wp-content\/uploads\/2018\/05\/mp-asperger1.jpg?fit=1200%2C1200&ssl=1&resize=525%2C300 1.5x, https:\/\/i0.wp.com\/www.micoulou-photos.com\/wp-content\/uploads\/2018\/05\/mp-asperger1.jpg?fit=1200%2C1200&ssl=1&resize=700%2C400 2x, https:\/\/i0.wp.com\/www.micoulou-photos.com\/wp-content\/uploads\/2018\/05\/mp-asperger1.jpg?fit=1200%2C1200&ssl=1&resize=1050%2C600 3x"},"classes":[]},{"id":1534,"url":"https:\/\/www.micoulou-photos.com\/index.php\/2013\/08\/08\/enfin-un-site-sur-la-photo\/","url_meta":{"origin":30,"position":4},"title":"Enfin un site sur la photo!","author":"micoulou","date":"8 ao\u00fbt 2013","format":false,"excerpt":"Cela faisait longtemps que j'y pensais et que je le pr\u00e9parais dans ma t\u00eate... Le voici enfin, mon site sur la photo, le cot\u00e9 technique, la bidouille pour la r\u00e9paration et les manipulation originale, mais aussi des partie plus s\u00e9rieuse, et qui demande beaucoup plus d'application : la gestion du\u2026","rel":"","context":"Dans &quot;Non class\u00e9&quot;","block_context":{"text":"Non class\u00e9","link":"https:\/\/www.micoulou-photos.com\/index.php\/category\/non-classe\/"},"img":{"alt_text":"","src":"","width":0,"height":0},"classes":[]},{"id":51,"url":"https:\/\/www.micoulou-photos.com\/index.php\/2013\/08\/08\/developpement-argentique\/","url_meta":{"origin":30,"position":5},"title":"Developpement argentique","author":"micoulou","date":"8 ao\u00fbt 2013","format":false,"excerpt":"Bonjour \u00e0 tous,Bon, pas de blabla technique ici, c'est fini, ce n'est plus l'endroit, je me cr\u00e9\u00e9 un site entierment dedi\u00e9 sur le flux photo, le developpement argentique, et co... Je mettrais le lien ici le temps venu...En tout cas, je r\u00e9serve ce blog pour les voyages et les projets\u2026","rel":"","context":"Dans &quot;Non class\u00e9&quot;","block_context":{"text":"Non class\u00e9","link":"https:\/\/www.micoulou-photos.com\/index.php\/category\/non-classe\/"},"img":{"alt_text":"","src":"https:\/\/i0.wp.com\/1.bp.blogspot.com\/-hg43jRtVy-8\/UgOWO7ogvnI\/AAAAAAAA9Jw\/Sa7IDGeLrSo\/s320\/img127.jpg?resize=350%2C200","width":350,"height":200},"classes":[]}],"_links":{"self":[{"href":"https:\/\/www.micoulou-photos.com\/index.php\/wp-json\/wp\/v2\/posts\/30","targetHints":{"allow":["GET"]}}],"collection":[{"href":"https:\/\/www.micoulou-photos.com\/index.php\/wp-json\/wp\/v2\/posts"}],"about":[{"href":"https:\/\/www.micoulou-photos.com\/index.php\/wp-json\/wp\/v2\/types\/post"}],"author":[{"embeddable":true,"href":"https:\/\/www.micoulou-photos.com\/index.php\/wp-json\/wp\/v2\/users\/1"}],"replies":[{"embeddable":true,"href":"https:\/\/www.micoulou-photos.com\/index.php\/wp-json\/wp\/v2\/comments?post=30"}],"version-history":[{"count":1,"href":"https:\/\/www.micoulou-photos.com\/index.php\/wp-json\/wp\/v2\/posts\/30\/revisions"}],"predecessor-version":[{"id":5905,"href":"https:\/\/www.micoulou-photos.com\/index.php\/wp-json\/wp\/v2\/posts\/30\/revisions\/5905"}],"wp:attachment":[{"href":"https:\/\/www.micoulou-photos.com\/index.php\/wp-json\/wp\/v2\/media?parent=30"}],"wp:term":[{"taxonomy":"category","embeddable":true,"href":"https:\/\/www.micoulou-photos.com\/index.php\/wp-json\/wp\/v2\/categories?post=30"},{"taxonomy":"post_tag","embeddable":true,"href":"https:\/\/www.micoulou-photos.com\/index.php\/wp-json\/wp\/v2\/tags?post=30"}],"curies":[{"name":"wp","href":"https:\/\/api.w.org\/{rel}","templated":true}]}}