{"id":2851,"date":"2017-01-03T17:58:05","date_gmt":"2017-01-03T16:58:05","guid":{"rendered":"http:\/\/micoulou.info\/wp\/?p=2851"},"modified":"2020-04-25T23:51:06","modified_gmt":"2020-04-25T22:51:06","slug":"apologies-des-cassettes-audio","status":"publish","type":"post","link":"https:\/\/www.micoulou-photos.com\/index.php\/2017\/01\/03\/apologies-des-cassettes-audio\/","title":{"rendered":"Les cassettes audio"},"content":{"rendered":"<p>Eh oui, j&rsquo;ai os\u00e9&#8230;<\/p>\n<p>Un petit article musique, puisque je me suis amus\u00e9 en photos avec des cassettes&#8230; Mais pas n&rsquo;importe lesquelles, puisque ce sont celles que j&rsquo;ai r\u00e9\u00e9couter r\u00e9cemment&#8230; Celles de Renaud furent mes premi\u00e8res cassettes que j&rsquo;ai eu, il y 29 ans maintenant, pour mes 3 ans! Enfin, celles ci je les ai rachet\u00e9e, les miennes sont h\u00e9las a la poubelle depuis longtemps, les manges-bandes qu&rsquo;on avait \u00e9tant enfant ont fait des ravages&#8230; Avec un lecteur de qualit\u00e9, on peut appr\u00e9cier ces cassettes \u00e0 leurs juste valeur. .<\/p>\n<p>J&rsquo;ai en effet regard\u00e9 quelques vid\u00e9os sur Youtube, dont une en particulier, \u00ab\u00a0don&rsquo;t digitalize, just enjoy\u00a0\u00bb m&rsquo;a permis de me rendre compte que \u00e7a ne servait a rien de perdre du temps a num\u00e9riser des cassettes, surtout que l&rsquo;on perd en qualit\u00e9, il faut juste en profiter tant qu&rsquo;elles fonctionne (et je vous assure sur un bon lecteur, il y a peu de chance d&rsquo;avoir des probl\u00e8mes de bande qui s\u2019emm\u00eale, et&nbsp; si l&rsquo;enregistrement est bon, la diff\u00e9rence de qualit\u00e9 avec le CD est faible, et le son est bien meilleur que la plupart des MP3 compress\u00e9s a mort que l&rsquo;on peut entendre&#8230; La renaissance des cassettes (cf plusieurs articles de presse que l&rsquo;on peut trouver partout) n&rsquo;en ai pas vraiment pour moi, puisque j&rsquo;ai toujours eu un lecteur depuis mes 3 ans, comme une platine vinyle et des appareils argentiques&#8230; Continuer a utiliser les techniques du pass\u00e9 alli\u00e9es a celles du pr\u00e9sent, tout en limitant au maximum le gachi de mati\u00e8re&#8230;<\/p>\n<div data-carousel-extra='{&quot;blog_id&quot;:1,&quot;permalink&quot;:&quot;https:\/\/www.micoulou-photos.com\/index.php\/2017\/01\/03\/apologies-des-cassettes-audio\/&quot;}' id='gallery-1' class='gallery galleryid-2851 gallery-columns-3 gallery-size-thumbnail'><figure class='gallery-item'>\n\t\t\t<div class='gallery-icon landscape'>\n\t\t\t\t<a href='https:\/\/www.micoulou-photos.com\/index.php\/2017\/01\/03\/apologies-des-cassettes-audio\/crw_1146\/'><img decoding=\"async\" width=\"150\" height=\"150\" src=\"https:\/\/i0.wp.com\/www.micoulou-photos.com\/wp-content\/uploads\/2016\/12\/CRW_1146.jpg?resize=150%2C150&amp;ssl=1\" class=\"attachment-thumbnail size-thumbnail\" alt=\"\" srcset=\"https:\/\/i0.wp.com\/www.micoulou-photos.com\/wp-content\/uploads\/2016\/12\/CRW_1146.jpg?resize=150%2C150&amp;ssl=1 150w, https:\/\/i0.wp.com\/www.micoulou-photos.com\/wp-content\/uploads\/2016\/12\/CRW_1146.jpg?zoom=2&amp;resize=150%2C150&amp;ssl=1 300w, https:\/\/i0.wp.com\/www.micoulou-photos.com\/wp-content\/uploads\/2016\/12\/CRW_1146.jpg?zoom=3&amp;resize=150%2C150&amp;ssl=1 450w\" sizes=\"(max-width: 150px) 100vw, 150px\" data-attachment-id=\"2852\" data-permalink=\"https:\/\/www.micoulou-photos.com\/index.php\/2017\/01\/03\/apologies-des-cassettes-audio\/crw_1146\/\" data-orig-file=\"https:\/\/i0.wp.com\/www.micoulou-photos.com\/wp-content\/uploads\/2016\/12\/CRW_1146.jpg?fit=1920%2C628&amp;ssl=1\" data-orig-size=\"1920,628\" data-comments-opened=\"1\" data-image-meta=\"{&quot;aperture&quot;:&quot;8&quot;,&quot;credit&quot;:&quot;Mickael Minarie&quot;,&quot;camera&quot;:&quot;Canon EOS D60&quot;,&quot;caption&quot;:&quot;&quot;,&quot;created_timestamp&quot;:&quot;1479428142&quot;,&quot;copyright&quot;:&quot;&quot;,&quot;focal_length&quot;:&quot;90&quot;,&quot;iso&quot;:&quot;100&quot;,&quot;shutter_speed&quot;:&quot;0.01&quot;,&quot;title&quot;:&quot;&quot;,&quot;orientation&quot;:&quot;0&quot;}\" data-image-title=\"CRW_1146\" data-image-description=\"\" data-image-caption=\"\" data-large-file=\"https:\/\/i0.wp.com\/www.micoulou-photos.com\/wp-content\/uploads\/2016\/12\/CRW_1146.jpg?fit=800%2C262&amp;ssl=1\" \/><\/a>\n\t\t\t<\/div><\/figure><figure class='gallery-item'>\n\t\t\t<div class='gallery-icon landscape'>\n\t\t\t\t<a href='https:\/\/www.micoulou-photos.com\/index.php\/2017\/01\/03\/apologies-des-cassettes-audio\/crw_1182-edit\/'><img decoding=\"async\" width=\"150\" height=\"150\" src=\"https:\/\/i0.wp.com\/www.micoulou-photos.com\/wp-content\/uploads\/2016\/12\/CRW_1182-Edit.jpg?resize=150%2C150&amp;ssl=1\" class=\"attachment-thumbnail size-thumbnail\" alt=\"\" srcset=\"https:\/\/i0.wp.com\/www.micoulou-photos.com\/wp-content\/uploads\/2016\/12\/CRW_1182-Edit.jpg?resize=150%2C150&amp;ssl=1 150w, https:\/\/i0.wp.com\/www.micoulou-photos.com\/wp-content\/uploads\/2016\/12\/CRW_1182-Edit.jpg?zoom=2&amp;resize=150%2C150&amp;ssl=1 300w, https:\/\/i0.wp.com\/www.micoulou-photos.com\/wp-content\/uploads\/2016\/12\/CRW_1182-Edit.jpg?zoom=3&amp;resize=150%2C150&amp;ssl=1 450w\" sizes=\"(max-width: 150px) 100vw, 150px\" data-attachment-id=\"2853\" data-permalink=\"https:\/\/www.micoulou-photos.com\/index.php\/2017\/01\/03\/apologies-des-cassettes-audio\/crw_1182-edit\/\" data-orig-file=\"https:\/\/i0.wp.com\/www.micoulou-photos.com\/wp-content\/uploads\/2016\/12\/CRW_1182-Edit.jpg?fit=1800%2C1200&amp;ssl=1\" data-orig-size=\"1800,1200\" data-comments-opened=\"1\" data-image-meta=\"{&quot;aperture&quot;:&quot;3.2&quot;,&quot;credit&quot;:&quot;Mickael Minarie&quot;,&quot;camera&quot;:&quot;Canon EOS D60&quot;,&quot;caption&quot;:&quot;&quot;,&quot;created_timestamp&quot;:&quot;1481818340&quot;,&quot;copyright&quot;:&quot;&quot;,&quot;focal_length&quot;:&quot;33&quot;,&quot;iso&quot;:&quot;400&quot;,&quot;shutter_speed&quot;:&quot;0.025&quot;,&quot;title&quot;:&quot;&quot;,&quot;orientation&quot;:&quot;0&quot;}\" data-image-title=\"CRW_1182-Edit\" data-image-description=\"\" data-image-caption=\"\" data-large-file=\"https:\/\/i0.wp.com\/www.micoulou-photos.com\/wp-content\/uploads\/2016\/12\/CRW_1182-Edit.jpg?fit=800%2C533&amp;ssl=1\" \/><\/a>\n\t\t\t<\/div><\/figure><figure class='gallery-item'>\n\t\t\t<div class='gallery-icon landscape'>\n\t\t\t\t<a href='https:\/\/www.micoulou-photos.com\/index.php\/2017\/01\/03\/apologies-des-cassettes-audio\/crw_1186-edit\/'><img decoding=\"async\" width=\"150\" height=\"150\" src=\"https:\/\/i0.wp.com\/www.micoulou-photos.com\/wp-content\/uploads\/2016\/12\/CRW_1186-Edit.jpg?resize=150%2C150&amp;ssl=1\" class=\"attachment-thumbnail size-thumbnail\" alt=\"\" srcset=\"https:\/\/i0.wp.com\/www.micoulou-photos.com\/wp-content\/uploads\/2016\/12\/CRW_1186-Edit.jpg?resize=150%2C150&amp;ssl=1 150w, https:\/\/i0.wp.com\/www.micoulou-photos.com\/wp-content\/uploads\/2016\/12\/CRW_1186-Edit.jpg?zoom=2&amp;resize=150%2C150&amp;ssl=1 300w, https:\/\/i0.wp.com\/www.micoulou-photos.com\/wp-content\/uploads\/2016\/12\/CRW_1186-Edit.jpg?zoom=3&amp;resize=150%2C150&amp;ssl=1 450w\" sizes=\"(max-width: 150px) 100vw, 150px\" data-attachment-id=\"2854\" data-permalink=\"https:\/\/www.micoulou-photos.com\/index.php\/2017\/01\/03\/apologies-des-cassettes-audio\/crw_1186-edit\/\" data-orig-file=\"https:\/\/i0.wp.com\/www.micoulou-photos.com\/wp-content\/uploads\/2016\/12\/CRW_1186-Edit.jpg?fit=1920%2C887&amp;ssl=1\" data-orig-size=\"1920,887\" data-comments-opened=\"1\" data-image-meta=\"{&quot;aperture&quot;:&quot;5.6&quot;,&quot;credit&quot;:&quot;Mickael Minarie&quot;,&quot;camera&quot;:&quot;Canon EOS D60&quot;,&quot;caption&quot;:&quot;&quot;,&quot;created_timestamp&quot;:&quot;1481818518&quot;,&quot;copyright&quot;:&quot;&quot;,&quot;focal_length&quot;:&quot;31&quot;,&quot;iso&quot;:&quot;100&quot;,&quot;shutter_speed&quot;:&quot;0.016666666666667&quot;,&quot;title&quot;:&quot;&quot;,&quot;orientation&quot;:&quot;0&quot;}\" data-image-title=\"CRW_1186-Edit\" data-image-description=\"\" data-image-caption=\"\" data-large-file=\"https:\/\/i0.wp.com\/www.micoulou-photos.com\/wp-content\/uploads\/2016\/12\/CRW_1186-Edit.jpg?fit=800%2C369&amp;ssl=1\" \/><\/a>\n\t\t\t<\/div><\/figure><figure class='gallery-item'>\n\t\t\t<div class='gallery-icon landscape'>\n\t\t\t\t<a href='https:\/\/www.micoulou-photos.com\/index.php\/2017\/01\/03\/apologies-des-cassettes-audio\/imgp7249-edit\/'><img loading=\"lazy\" decoding=\"async\" width=\"150\" height=\"150\" src=\"https:\/\/i0.wp.com\/www.micoulou-photos.com\/wp-content\/uploads\/2016\/12\/IMGP7249-Edit.jpg?resize=150%2C150&amp;ssl=1\" class=\"attachment-thumbnail size-thumbnail\" alt=\"\" srcset=\"https:\/\/i0.wp.com\/www.micoulou-photos.com\/wp-content\/uploads\/2016\/12\/IMGP7249-Edit.jpg?resize=150%2C150&amp;ssl=1 150w, https:\/\/i0.wp.com\/www.micoulou-photos.com\/wp-content\/uploads\/2016\/12\/IMGP7249-Edit.jpg?zoom=2&amp;resize=150%2C150&amp;ssl=1 300w, https:\/\/i0.wp.com\/www.micoulou-photos.com\/wp-content\/uploads\/2016\/12\/IMGP7249-Edit.jpg?zoom=3&amp;resize=150%2C150&amp;ssl=1 450w\" sizes=\"(max-width: 150px) 100vw, 150px\" data-attachment-id=\"2855\" data-permalink=\"https:\/\/www.micoulou-photos.com\/index.php\/2017\/01\/03\/apologies-des-cassettes-audio\/imgp7249-edit\/\" data-orig-file=\"https:\/\/i0.wp.com\/www.micoulou-photos.com\/wp-content\/uploads\/2016\/12\/IMGP7249-Edit.jpg?fit=1812%2C1200&amp;ssl=1\" data-orig-size=\"1812,1200\" data-comments-opened=\"1\" data-image-meta=\"{&quot;aperture&quot;:&quot;2.8&quot;,&quot;credit&quot;:&quot;MICKAEL_MINARIE&quot;,&quot;camera&quot;:&quot;PENTAX K-30&quot;,&quot;caption&quot;:&quot;&quot;,&quot;created_timestamp&quot;:&quot;1479405056&quot;,&quot;copyright&quot;:&quot;MIC&quot;,&quot;focal_length&quot;:&quot;0&quot;,&quot;iso&quot;:&quot;100&quot;,&quot;shutter_speed&quot;:&quot;0.0055555555555556&quot;,&quot;title&quot;:&quot;&quot;,&quot;orientation&quot;:&quot;0&quot;}\" data-image-title=\"IMGP7249-Edit\" data-image-description=\"\" data-image-caption=\"\" data-large-file=\"https:\/\/i0.wp.com\/www.micoulou-photos.com\/wp-content\/uploads\/2016\/12\/IMGP7249-Edit.jpg?fit=800%2C530&amp;ssl=1\" \/><\/a>\n\t\t\t<\/div><\/figure><figure class='gallery-item'>\n\t\t\t<div class='gallery-icon landscape'>\n\t\t\t\t<a href='https:\/\/www.micoulou-photos.com\/index.php\/2017\/01\/03\/apologies-des-cassettes-audio\/mi051141\/'><img loading=\"lazy\" decoding=\"async\" width=\"150\" height=\"150\" src=\"https:\/\/i0.wp.com\/www.micoulou-photos.com\/wp-content\/uploads\/2016\/12\/MI051141.jpg?resize=150%2C150&amp;ssl=1\" class=\"attachment-thumbnail size-thumbnail\" alt=\"\" srcset=\"https:\/\/i0.wp.com\/www.micoulou-photos.com\/wp-content\/uploads\/2016\/12\/MI051141.jpg?resize=150%2C150&amp;ssl=1 150w, https:\/\/i0.wp.com\/www.micoulou-photos.com\/wp-content\/uploads\/2016\/12\/MI051141.jpg?zoom=2&amp;resize=150%2C150&amp;ssl=1 300w, https:\/\/i0.wp.com\/www.micoulou-photos.com\/wp-content\/uploads\/2016\/12\/MI051141.jpg?zoom=3&amp;resize=150%2C150&amp;ssl=1 450w\" sizes=\"(max-width: 150px) 100vw, 150px\" data-attachment-id=\"2856\" data-permalink=\"https:\/\/www.micoulou-photos.com\/index.php\/2017\/01\/03\/apologies-des-cassettes-audio\/mi051141\/\" data-orig-file=\"https:\/\/i0.wp.com\/www.micoulou-photos.com\/wp-content\/uploads\/2016\/12\/MI051141.jpg?fit=1920%2C837&amp;ssl=1\" data-orig-size=\"1920,837\" data-comments-opened=\"1\" data-image-meta=\"{&quot;aperture&quot;:&quot;4&quot;,&quot;credit&quot;:&quot;&quot;,&quot;camera&quot;:&quot;GR&quot;,&quot;caption&quot;:&quot;&quot;,&quot;created_timestamp&quot;:&quot;1481821896&quot;,&quot;copyright&quot;:&quot;MICKAEL_MINARIE&quot;,&quot;focal_length&quot;:&quot;18.3&quot;,&quot;iso&quot;:&quot;100&quot;,&quot;shutter_speed&quot;:&quot;0.00625&quot;,&quot;title&quot;:&quot;&quot;,&quot;orientation&quot;:&quot;0&quot;}\" data-image-title=\"MI051141\" data-image-description=\"\" data-image-caption=\"\" data-large-file=\"https:\/\/i0.wp.com\/www.micoulou-photos.com\/wp-content\/uploads\/2016\/12\/MI051141.jpg?fit=800%2C349&amp;ssl=1\" \/><\/a>\n\t\t\t<\/div><\/figure><figure class='gallery-item'>\n\t\t\t<div class='gallery-icon landscape'>\n\t\t\t\t<a href='https:\/\/www.micoulou-photos.com\/index.php\/2017\/01\/03\/apologies-des-cassettes-audio\/mi051145\/'><img loading=\"lazy\" decoding=\"async\" width=\"150\" height=\"150\" src=\"https:\/\/i0.wp.com\/www.micoulou-photos.com\/wp-content\/uploads\/2016\/12\/MI051145.jpg?resize=150%2C150&amp;ssl=1\" class=\"attachment-thumbnail size-thumbnail\" alt=\"\" srcset=\"https:\/\/i0.wp.com\/www.micoulou-photos.com\/wp-content\/uploads\/2016\/12\/MI051145.jpg?resize=150%2C150&amp;ssl=1 150w, https:\/\/i0.wp.com\/www.micoulou-photos.com\/wp-content\/uploads\/2016\/12\/MI051145.jpg?zoom=2&amp;resize=150%2C150&amp;ssl=1 300w, https:\/\/i0.wp.com\/www.micoulou-photos.com\/wp-content\/uploads\/2016\/12\/MI051145.jpg?zoom=3&amp;resize=150%2C150&amp;ssl=1 450w\" sizes=\"(max-width: 150px) 100vw, 150px\" data-attachment-id=\"2857\" data-permalink=\"https:\/\/www.micoulou-photos.com\/index.php\/2017\/01\/03\/apologies-des-cassettes-audio\/mi051145\/\" data-orig-file=\"https:\/\/i0.wp.com\/www.micoulou-photos.com\/wp-content\/uploads\/2016\/12\/MI051145.jpg?fit=1885%2C1200&amp;ssl=1\" data-orig-size=\"1885,1200\" data-comments-opened=\"1\" data-image-meta=\"{&quot;aperture&quot;:&quot;4&quot;,&quot;credit&quot;:&quot;&quot;,&quot;camera&quot;:&quot;GR&quot;,&quot;caption&quot;:&quot;&quot;,&quot;created_timestamp&quot;:&quot;1481821969&quot;,&quot;copyright&quot;:&quot;MICKAEL_MINARIE&quot;,&quot;focal_length&quot;:&quot;18.3&quot;,&quot;iso&quot;:&quot;100&quot;,&quot;shutter_speed&quot;:&quot;0.00625&quot;,&quot;title&quot;:&quot;&quot;,&quot;orientation&quot;:&quot;0&quot;}\" data-image-title=\"MI051145\" data-image-description=\"\" data-image-caption=\"\" data-large-file=\"https:\/\/i0.wp.com\/www.micoulou-photos.com\/wp-content\/uploads\/2016\/12\/MI051145.jpg?fit=800%2C509&amp;ssl=1\" \/><\/a>\n\t\t\t<\/div><\/figure><figure class='gallery-item'>\n\t\t\t<div class='gallery-icon landscape'>\n\t\t\t\t<a href='https:\/\/www.micoulou-photos.com\/index.php\/2017\/01\/03\/apologies-des-cassettes-audio\/mick0512\/'><img loading=\"lazy\" decoding=\"async\" width=\"150\" height=\"150\" src=\"https:\/\/i0.wp.com\/www.micoulou-photos.com\/wp-content\/uploads\/2016\/12\/MICK0512.jpg?resize=150%2C150&amp;ssl=1\" class=\"attachment-thumbnail size-thumbnail\" alt=\"\" srcset=\"https:\/\/i0.wp.com\/www.micoulou-photos.com\/wp-content\/uploads\/2016\/12\/MICK0512.jpg?resize=150%2C150&amp;ssl=1 150w, https:\/\/i0.wp.com\/www.micoulou-photos.com\/wp-content\/uploads\/2016\/12\/MICK0512.jpg?zoom=2&amp;resize=150%2C150&amp;ssl=1 300w, https:\/\/i0.wp.com\/www.micoulou-photos.com\/wp-content\/uploads\/2016\/12\/MICK0512.jpg?zoom=3&amp;resize=150%2C150&amp;ssl=1 450w\" sizes=\"(max-width: 150px) 100vw, 150px\" data-attachment-id=\"2858\" data-permalink=\"https:\/\/www.micoulou-photos.com\/index.php\/2017\/01\/03\/apologies-des-cassettes-audio\/mick0512\/\" data-orig-file=\"https:\/\/i0.wp.com\/www.micoulou-photos.com\/wp-content\/uploads\/2016\/12\/MICK0512.jpg?fit=1920%2C1058&amp;ssl=1\" data-orig-size=\"1920,1058\" data-comments-opened=\"1\" data-image-meta=\"{&quot;aperture&quot;:&quot;8&quot;,&quot;credit&quot;:&quot;&quot;,&quot;camera&quot;:&quot;PENTAX K20D&quot;,&quot;caption&quot;:&quot;&quot;,&quot;created_timestamp&quot;:&quot;1481817852&quot;,&quot;copyright&quot;:&quot;&quot;,&quot;focal_length&quot;:&quot;17&quot;,&quot;iso&quot;:&quot;400&quot;,&quot;shutter_speed&quot;:&quot;0.008&quot;,&quot;title&quot;:&quot;&quot;,&quot;orientation&quot;:&quot;0&quot;}\" data-image-title=\"MICK0512\" data-image-description=\"\" data-image-caption=\"\" data-large-file=\"https:\/\/i0.wp.com\/www.micoulou-photos.com\/wp-content\/uploads\/2016\/12\/MICK0512.jpg?fit=800%2C441&amp;ssl=1\" \/><\/a>\n\t\t\t<\/div><\/figure><figure class='gallery-item'>\n\t\t\t<div class='gallery-icon landscape'>\n\t\t\t\t<a href='https:\/\/www.micoulou-photos.com\/index.php\/2017\/01\/03\/apologies-des-cassettes-audio\/sdim0032-2\/'><img loading=\"lazy\" decoding=\"async\" width=\"150\" height=\"150\" src=\"https:\/\/i0.wp.com\/www.micoulou-photos.com\/wp-content\/uploads\/2016\/12\/SDIM0032.jpg?resize=150%2C150&amp;ssl=1\" class=\"attachment-thumbnail size-thumbnail\" alt=\"\" srcset=\"https:\/\/i0.wp.com\/www.micoulou-photos.com\/wp-content\/uploads\/2016\/12\/SDIM0032.jpg?resize=150%2C150&amp;ssl=1 150w, https:\/\/i0.wp.com\/www.micoulou-photos.com\/wp-content\/uploads\/2016\/12\/SDIM0032.jpg?zoom=2&amp;resize=150%2C150&amp;ssl=1 300w, https:\/\/i0.wp.com\/www.micoulou-photos.com\/wp-content\/uploads\/2016\/12\/SDIM0032.jpg?zoom=3&amp;resize=150%2C150&amp;ssl=1 450w\" sizes=\"(max-width: 150px) 100vw, 150px\" data-attachment-id=\"2859\" data-permalink=\"https:\/\/www.micoulou-photos.com\/index.php\/2017\/01\/03\/apologies-des-cassettes-audio\/sdim0032-2\/\" data-orig-file=\"https:\/\/i0.wp.com\/www.micoulou-photos.com\/wp-content\/uploads\/2016\/12\/SDIM0032.jpg?fit=1920%2C1170&amp;ssl=1\" data-orig-size=\"1920,1170\" data-comments-opened=\"1\" data-image-meta=\"{&quot;aperture&quot;:&quot;6.3&quot;,&quot;credit&quot;:&quot;&quot;,&quot;camera&quot;:&quot;SIGMA DP1&quot;,&quot;caption&quot;:&quot;&quot;,&quot;created_timestamp&quot;:&quot;1479428897&quot;,&quot;copyright&quot;:&quot;&quot;,&quot;focal_length&quot;:&quot;16.6&quot;,&quot;iso&quot;:&quot;50&quot;,&quot;shutter_speed&quot;:&quot;0.0125&quot;,&quot;title&quot;:&quot;&quot;,&quot;orientation&quot;:&quot;0&quot;}\" data-image-title=\"SDIM0032\" data-image-description=\"\" data-image-caption=\"\" data-large-file=\"https:\/\/i0.wp.com\/www.micoulou-photos.com\/wp-content\/uploads\/2016\/12\/SDIM0032.jpg?fit=800%2C487&amp;ssl=1\" \/><\/a>\n\t\t\t<\/div><\/figure>\n\t\t<\/div>\n\n<p>Tout \u00e7a pour parler tr\u00e8s bient\u00f4t des modes et de la consommation, les alternatives que je veux voir, visiter et documenter, c&rsquo;est aussi une critique des mode et de la consommation inutile, intimement li\u00e9.<\/p>\n<p><a href=\"http:\/\/www.micoulou-photos.com\/index.php\/2017\/01\/03\/apologies-des-cassettes-audio\/dsc08381_1\/\" rel=\"attachment wp-att-2921\"><img data-recalc-dims=\"1\" loading=\"lazy\" decoding=\"async\" data-attachment-id=\"2926\" data-permalink=\"https:\/\/www.micoulou-photos.com\/index.php\/2017\/01\/03\/apologies-des-cassettes-audio\/dsc08381_1\/\" data-orig-file=\"https:\/\/i0.wp.com\/www.micoulou-photos.com\/wp-content\/uploads\/2017\/01\/DSC08381_1.jpg?fit=1835%2C900&amp;ssl=1\" data-orig-size=\"1835,900\" data-comments-opened=\"1\" data-image-meta=\"{&quot;aperture&quot;:&quot;0&quot;,&quot;credit&quot;:&quot;&quot;,&quot;camera&quot;:&quot;&quot;,&quot;caption&quot;:&quot;&quot;,&quot;created_timestamp&quot;:&quot;1483396173&quot;,&quot;copyright&quot;:&quot;&quot;,&quot;focal_length&quot;:&quot;0&quot;,&quot;iso&quot;:&quot;0&quot;,&quot;shutter_speed&quot;:&quot;0&quot;,&quot;title&quot;:&quot;&quot;,&quot;orientation&quot;:&quot;0&quot;}\" data-image-title=\"DSC08381_1\" data-image-description=\"\" data-image-caption=\"\" data-large-file=\"https:\/\/i0.wp.com\/www.micoulou-photos.com\/wp-content\/uploads\/2017\/01\/DSC08381_1.jpg?fit=800%2C393&amp;ssl=1\" class=\"alignnone wp-image-2926 size-medium\" src=\"https:\/\/i0.wp.com\/www.micoulou-photos.com\/wp-content\/uploads\/2017\/01\/DSC08381_1-300x147.jpg?resize=300%2C147\" width=\"300\" height=\"147\" srcset=\"https:\/\/i0.wp.com\/www.micoulou-photos.com\/wp-content\/uploads\/2017\/01\/DSC08381_1.jpg?resize=300%2C147&amp;ssl=1 300w, https:\/\/i0.wp.com\/www.micoulou-photos.com\/wp-content\/uploads\/2017\/01\/DSC08381_1.jpg?resize=1200%2C589&amp;ssl=1 1200w, https:\/\/i0.wp.com\/www.micoulou-photos.com\/wp-content\/uploads\/2017\/01\/DSC08381_1.jpg?resize=960%2C471&amp;ssl=1 960w, https:\/\/i0.wp.com\/www.micoulou-photos.com\/wp-content\/uploads\/2017\/01\/DSC08381_1.jpg?resize=1600%2C785&amp;ssl=1 1600w, https:\/\/i0.wp.com\/www.micoulou-photos.com\/wp-content\/uploads\/2017\/01\/DSC08381_1.jpg?w=1835&amp;ssl=1 1835w\" sizes=\"(max-width: 300px) 100vw, 300px\" \/><\/a> <a href=\"http:\/\/www.micoulou-photos.com\/index.php\/2017\/01\/03\/apologies-des-cassettes-audio\/dsc08382_1\/\" rel=\"attachment wp-att-2922\"><img data-recalc-dims=\"1\" loading=\"lazy\" decoding=\"async\" data-attachment-id=\"2927\" data-permalink=\"https:\/\/www.micoulou-photos.com\/index.php\/2017\/01\/03\/apologies-des-cassettes-audio\/dsc08382_1\/\" data-orig-file=\"https:\/\/i0.wp.com\/www.micoulou-photos.com\/wp-content\/uploads\/2017\/01\/DSC08382_1.jpg?fit=1573%2C1048&amp;ssl=1\" data-orig-size=\"1573,1048\" data-comments-opened=\"1\" data-image-meta=\"{&quot;aperture&quot;:&quot;0&quot;,&quot;credit&quot;:&quot;&quot;,&quot;camera&quot;:&quot;&quot;,&quot;caption&quot;:&quot;&quot;,&quot;created_timestamp&quot;:&quot;1483396766&quot;,&quot;copyright&quot;:&quot;&quot;,&quot;focal_length&quot;:&quot;0&quot;,&quot;iso&quot;:&quot;0&quot;,&quot;shutter_speed&quot;:&quot;0&quot;,&quot;title&quot;:&quot;&quot;,&quot;orientation&quot;:&quot;0&quot;}\" data-image-title=\"DSC08382_1\" data-image-description=\"\" data-image-caption=\"\" data-large-file=\"https:\/\/i0.wp.com\/www.micoulou-photos.com\/wp-content\/uploads\/2017\/01\/DSC08382_1.jpg?fit=800%2C533&amp;ssl=1\" class=\"alignnone wp-image-2927 size-medium\" src=\"https:\/\/i0.wp.com\/www.micoulou-photos.com\/wp-content\/uploads\/2017\/01\/DSC08382_1-300x200.jpg?resize=300%2C200\" width=\"300\" height=\"200\" srcset=\"https:\/\/i0.wp.com\/www.micoulou-photos.com\/wp-content\/uploads\/2017\/01\/DSC08382_1.jpg?resize=300%2C200&amp;ssl=1 300w, https:\/\/i0.wp.com\/www.micoulou-photos.com\/wp-content\/uploads\/2017\/01\/DSC08382_1.jpg?resize=1200%2C799&amp;ssl=1 1200w, https:\/\/i0.wp.com\/www.micoulou-photos.com\/wp-content\/uploads\/2017\/01\/DSC08382_1.jpg?resize=960%2C640&amp;ssl=1 960w, https:\/\/i0.wp.com\/www.micoulou-photos.com\/wp-content\/uploads\/2017\/01\/DSC08382_1.jpg?resize=272%2C182&amp;ssl=1 272w, https:\/\/i0.wp.com\/www.micoulou-photos.com\/wp-content\/uploads\/2017\/01\/DSC08382_1.jpg?w=1573&amp;ssl=1 1573w\" sizes=\"(max-width: 300px) 100vw, 300px\" \/><\/a><\/p>\n","protected":false},"excerpt":{"rendered":"<p>Eh oui, j&rsquo;ai os\u00e9&#8230; Un petit article musique, puisque je me suis amus\u00e9 en photos avec des cassettes&#8230; Mais pas n&rsquo;importe lesquelles, puisque ce sont celles que j&rsquo;ai r\u00e9\u00e9couter r\u00e9cemment&#8230; Celles de Renaud furent mes premi\u00e8res cassettes que j&rsquo;ai eu, il y 29 ans maintenant, pour mes 3 ans! Enfin, celles ci je les ai [&hellip;]<\/p>\n","protected":false},"author":1,"featured_media":2854,"comment_status":"open","ping_status":"open","sticky":false,"template":"","format":"standard","meta":{"jetpack_post_was_ever_published":false,"_jetpack_newsletter_access":"","_jetpack_dont_email_post_to_subs":true,"_jetpack_newsletter_tier_id":0,"_jetpack_memberships_contains_paywalled_content":false,"_jetpack_memberships_contains_paid_content":false,"footnotes":"","jetpack_publicize_message":"","jetpack_publicize_feature_enabled":true,"jetpack_social_post_already_shared":true,"jetpack_social_options":{"image_generator_settings":{"template":"highway","default_image_id":0,"font":"","enabled":false},"version":2}},"categories":[1149],"tags":[407,406,411,412,203,409,410,408],"class_list":["post-2851","post","type-post","status-publish","format-standard","has-post-thumbnail","hentry","category-asperger","tag-cassette","tag-cassette-audio","tag-enfance","tag-mode","tag-musique","tag-musique-ancienne","tag-nostalgie","tag-studio"],"yoast_head":"<!-- This site is optimized with the Yoast SEO plugin v27.5 - https:\/\/yoast.com\/product\/yoast-seo-wordpress\/ -->\n<title>Les cassettes audio - Micoulou Photographie<\/title>\n<meta name=\"robots\" content=\"index, follow, max-snippet:-1, max-image-preview:large, max-video-preview:-1\" \/>\n<link rel=\"canonical\" href=\"https:\/\/www.micoulou-photos.com\/index.php\/2017\/01\/03\/apologies-des-cassettes-audio\/\" \/>\n<meta property=\"og:locale\" content=\"fr_FR\" \/>\n<meta property=\"og:type\" content=\"article\" \/>\n<meta property=\"og:title\" content=\"Les cassettes audio - Micoulou Photographie\" \/>\n<meta property=\"og:description\" content=\"Eh oui, j&rsquo;ai os\u00e9&#8230; Un petit article musique, puisque je me suis amus\u00e9 en photos avec des cassettes&#8230; Mais pas n&rsquo;importe lesquelles, puisque ce sont celles que j&rsquo;ai r\u00e9\u00e9couter r\u00e9cemment&#8230; Celles de Renaud furent mes premi\u00e8res cassettes que j&rsquo;ai eu, il y 29 ans maintenant, pour mes 3 ans! Enfin, celles ci je les ai [&hellip;]\" \/>\n<meta property=\"og:url\" content=\"https:\/\/www.micoulou-photos.com\/index.php\/2017\/01\/03\/apologies-des-cassettes-audio\/\" \/>\n<meta property=\"og:site_name\" content=\"Micoulou Photographie\" \/>\n<meta property=\"article:published_time\" content=\"2017-01-03T16:58:05+00:00\" \/>\n<meta property=\"article:modified_time\" content=\"2020-04-25T22:51:06+00:00\" \/>\n<meta property=\"og:image\" content=\"https:\/\/i2.wp.com\/www.micoulou-photos.com\/wp-content\/uploads\/2016\/12\/CRW_1186-Edit.jpg?fit=1920%2C887&ssl=1\" \/>\n\t<meta property=\"og:image:width\" content=\"1920\" \/>\n\t<meta property=\"og:image:height\" content=\"887\" \/>\n\t<meta property=\"og:image:type\" content=\"image\/jpeg\" \/>\n<meta name=\"author\" content=\"micoulou\" \/>\n<meta name=\"twitter:card\" content=\"summary_large_image\" \/>\n<meta name=\"twitter:label1\" content=\"\u00c9crit par\" \/>\n\t<meta name=\"twitter:data1\" content=\"micoulou\" \/>\n\t<meta name=\"twitter:label2\" content=\"Dur\u00e9e de lecture estim\u00e9e\" \/>\n\t<meta name=\"twitter:data2\" content=\"2 minutes\" \/>\n<script type=\"application\/ld+json\" class=\"yoast-schema-graph\">{\"@context\":\"https:\\\/\\\/schema.org\",\"@graph\":[{\"@type\":\"Article\",\"@id\":\"https:\\\/\\\/www.micoulou-photos.com\\\/index.php\\\/2017\\\/01\\\/03\\\/apologies-des-cassettes-audio\\\/#article\",\"isPartOf\":{\"@id\":\"https:\\\/\\\/www.micoulou-photos.com\\\/index.php\\\/2017\\\/01\\\/03\\\/apologies-des-cassettes-audio\\\/\"},\"author\":{\"name\":\"micoulou\",\"@id\":\"https:\\\/\\\/www.micoulou-photos.com\\\/#\\\/schema\\\/person\\\/6aedfe8ebe91da632f46e7c9d806a722\"},\"headline\":\"Les cassettes audio\",\"datePublished\":\"2017-01-03T16:58:05+00:00\",\"dateModified\":\"2020-04-25T22:51:06+00:00\",\"mainEntityOfPage\":{\"@id\":\"https:\\\/\\\/www.micoulou-photos.com\\\/index.php\\\/2017\\\/01\\\/03\\\/apologies-des-cassettes-audio\\\/\"},\"wordCount\":322,\"commentCount\":0,\"publisher\":{\"@id\":\"https:\\\/\\\/www.micoulou-photos.com\\\/#organization\"},\"image\":{\"@id\":\"https:\\\/\\\/www.micoulou-photos.com\\\/index.php\\\/2017\\\/01\\\/03\\\/apologies-des-cassettes-audio\\\/#primaryimage\"},\"thumbnailUrl\":\"https:\\\/\\\/i0.wp.com\\\/www.micoulou-photos.com\\\/wp-content\\\/uploads\\\/2016\\\/12\\\/CRW_1186-Edit.jpg?fit=1920%2C887&ssl=1\",\"keywords\":[\"cassette\",\"cassette audio\",\"enfance\",\"mode\",\"musique\",\"musique ancienne\",\"nostalgie\",\"studio\"],\"articleSection\":[\"Asperger\"],\"inLanguage\":\"fr-FR\",\"potentialAction\":[{\"@type\":\"CommentAction\",\"name\":\"Comment\",\"target\":[\"https:\\\/\\\/www.micoulou-photos.com\\\/index.php\\\/2017\\\/01\\\/03\\\/apologies-des-cassettes-audio\\\/#respond\"]}]},{\"@type\":\"WebPage\",\"@id\":\"https:\\\/\\\/www.micoulou-photos.com\\\/index.php\\\/2017\\\/01\\\/03\\\/apologies-des-cassettes-audio\\\/\",\"url\":\"https:\\\/\\\/www.micoulou-photos.com\\\/index.php\\\/2017\\\/01\\\/03\\\/apologies-des-cassettes-audio\\\/\",\"name\":\"Les cassettes audio - Micoulou Photographie\",\"isPartOf\":{\"@id\":\"https:\\\/\\\/www.micoulou-photos.com\\\/#website\"},\"primaryImageOfPage\":{\"@id\":\"https:\\\/\\\/www.micoulou-photos.com\\\/index.php\\\/2017\\\/01\\\/03\\\/apologies-des-cassettes-audio\\\/#primaryimage\"},\"image\":{\"@id\":\"https:\\\/\\\/www.micoulou-photos.com\\\/index.php\\\/2017\\\/01\\\/03\\\/apologies-des-cassettes-audio\\\/#primaryimage\"},\"thumbnailUrl\":\"https:\\\/\\\/i0.wp.com\\\/www.micoulou-photos.com\\\/wp-content\\\/uploads\\\/2016\\\/12\\\/CRW_1186-Edit.jpg?fit=1920%2C887&ssl=1\",\"datePublished\":\"2017-01-03T16:58:05+00:00\",\"dateModified\":\"2020-04-25T22:51:06+00:00\",\"breadcrumb\":{\"@id\":\"https:\\\/\\\/www.micoulou-photos.com\\\/index.php\\\/2017\\\/01\\\/03\\\/apologies-des-cassettes-audio\\\/#breadcrumb\"},\"inLanguage\":\"fr-FR\",\"potentialAction\":[{\"@type\":\"ReadAction\",\"target\":[\"https:\\\/\\\/www.micoulou-photos.com\\\/index.php\\\/2017\\\/01\\\/03\\\/apologies-des-cassettes-audio\\\/\"]}]},{\"@type\":\"ImageObject\",\"inLanguage\":\"fr-FR\",\"@id\":\"https:\\\/\\\/www.micoulou-photos.com\\\/index.php\\\/2017\\\/01\\\/03\\\/apologies-des-cassettes-audio\\\/#primaryimage\",\"url\":\"https:\\\/\\\/i0.wp.com\\\/www.micoulou-photos.com\\\/wp-content\\\/uploads\\\/2016\\\/12\\\/CRW_1186-Edit.jpg?fit=1920%2C887&ssl=1\",\"contentUrl\":\"https:\\\/\\\/i0.wp.com\\\/www.micoulou-photos.com\\\/wp-content\\\/uploads\\\/2016\\\/12\\\/CRW_1186-Edit.jpg?fit=1920%2C887&ssl=1\",\"width\":1920,\"height\":887},{\"@type\":\"BreadcrumbList\",\"@id\":\"https:\\\/\\\/www.micoulou-photos.com\\\/index.php\\\/2017\\\/01\\\/03\\\/apologies-des-cassettes-audio\\\/#breadcrumb\",\"itemListElement\":[{\"@type\":\"ListItem\",\"position\":1,\"name\":\"Accueil\",\"item\":\"https:\\\/\\\/www.micoulou-photos.com\\\/\"},{\"@type\":\"ListItem\",\"position\":2,\"name\":\"Les cassettes audio\"}]},{\"@type\":\"WebSite\",\"@id\":\"https:\\\/\\\/www.micoulou-photos.com\\\/#website\",\"url\":\"https:\\\/\\\/www.micoulou-photos.com\\\/\",\"name\":\"Micoulou Photographie\",\"description\":\"Photographies, Visites virtuelles et formations par Mickael Minarie\",\"publisher\":{\"@id\":\"https:\\\/\\\/www.micoulou-photos.com\\\/#organization\"},\"potentialAction\":[{\"@type\":\"SearchAction\",\"target\":{\"@type\":\"EntryPoint\",\"urlTemplate\":\"https:\\\/\\\/www.micoulou-photos.com\\\/?s={search_term_string}\"},\"query-input\":{\"@type\":\"PropertyValueSpecification\",\"valueRequired\":true,\"valueName\":\"search_term_string\"}}],\"inLanguage\":\"fr-FR\"},{\"@type\":\"Organization\",\"@id\":\"https:\\\/\\\/www.micoulou-photos.com\\\/#organization\",\"name\":\"Micoulou Photographie\",\"url\":\"https:\\\/\\\/www.micoulou-photos.com\\\/\",\"logo\":{\"@type\":\"ImageObject\",\"inLanguage\":\"fr-FR\",\"@id\":\"https:\\\/\\\/www.micoulou-photos.com\\\/#\\\/schema\\\/logo\\\/image\\\/\",\"url\":\"https:\\\/\\\/i0.wp.com\\\/www.micoulou-photos.com\\\/wp-content\\\/uploads\\\/2020\\\/05\\\/cropped-891667_552097324824916_1615181552_o-1.jpg?fit=643%2C722&ssl=1\",\"contentUrl\":\"https:\\\/\\\/i0.wp.com\\\/www.micoulou-photos.com\\\/wp-content\\\/uploads\\\/2020\\\/05\\\/cropped-891667_552097324824916_1615181552_o-1.jpg?fit=643%2C722&ssl=1\",\"width\":643,\"height\":722,\"caption\":\"Micoulou Photographie\"},\"image\":{\"@id\":\"https:\\\/\\\/www.micoulou-photos.com\\\/#\\\/schema\\\/logo\\\/image\\\/\"}},{\"@type\":\"Person\",\"@id\":\"https:\\\/\\\/www.micoulou-photos.com\\\/#\\\/schema\\\/person\\\/6aedfe8ebe91da632f46e7c9d806a722\",\"name\":\"micoulou\",\"image\":{\"@type\":\"ImageObject\",\"inLanguage\":\"fr-FR\",\"@id\":\"https:\\\/\\\/secure.gravatar.com\\\/avatar\\\/98f892eb7d267eab2faa437baa3edd708deaaa43929316c0cc7b751a04cb247b?s=96&d=mm&r=g\",\"url\":\"https:\\\/\\\/secure.gravatar.com\\\/avatar\\\/98f892eb7d267eab2faa437baa3edd708deaaa43929316c0cc7b751a04cb247b?s=96&d=mm&r=g\",\"contentUrl\":\"https:\\\/\\\/secure.gravatar.com\\\/avatar\\\/98f892eb7d267eab2faa437baa3edd708deaaa43929316c0cc7b751a04cb247b?s=96&d=mm&r=g\",\"caption\":\"micoulou\"},\"url\":\"https:\\\/\\\/www.micoulou-photos.com\\\/index.php\\\/author\\\/micoulou\\\/\"}]}<\/script>\n<!-- \/ Yoast SEO plugin. -->","yoast_head_json":{"title":"Les cassettes audio - Micoulou Photographie","robots":{"index":"index","follow":"follow","max-snippet":"max-snippet:-1","max-image-preview":"max-image-preview:large","max-video-preview":"max-video-preview:-1"},"canonical":"https:\/\/www.micoulou-photos.com\/index.php\/2017\/01\/03\/apologies-des-cassettes-audio\/","og_locale":"fr_FR","og_type":"article","og_title":"Les cassettes audio - Micoulou Photographie","og_description":"Eh oui, j&rsquo;ai os\u00e9&#8230; Un petit article musique, puisque je me suis amus\u00e9 en photos avec des cassettes&#8230; Mais pas n&rsquo;importe lesquelles, puisque ce sont celles que j&rsquo;ai r\u00e9\u00e9couter r\u00e9cemment&#8230; Celles de Renaud furent mes premi\u00e8res cassettes que j&rsquo;ai eu, il y 29 ans maintenant, pour mes 3 ans! Enfin, celles ci je les ai [&hellip;]","og_url":"https:\/\/www.micoulou-photos.com\/index.php\/2017\/01\/03\/apologies-des-cassettes-audio\/","og_site_name":"Micoulou Photographie","article_published_time":"2017-01-03T16:58:05+00:00","article_modified_time":"2020-04-25T22:51:06+00:00","og_image":[{"width":1920,"height":887,"url":"https:\/\/i2.wp.com\/www.micoulou-photos.com\/wp-content\/uploads\/2016\/12\/CRW_1186-Edit.jpg?fit=1920%2C887&ssl=1","type":"image\/jpeg"}],"author":"micoulou","twitter_card":"summary_large_image","twitter_misc":{"\u00c9crit par":"micoulou","Dur\u00e9e de lecture estim\u00e9e":"2 minutes"},"schema":{"@context":"https:\/\/schema.org","@graph":[{"@type":"Article","@id":"https:\/\/www.micoulou-photos.com\/index.php\/2017\/01\/03\/apologies-des-cassettes-audio\/#article","isPartOf":{"@id":"https:\/\/www.micoulou-photos.com\/index.php\/2017\/01\/03\/apologies-des-cassettes-audio\/"},"author":{"name":"micoulou","@id":"https:\/\/www.micoulou-photos.com\/#\/schema\/person\/6aedfe8ebe91da632f46e7c9d806a722"},"headline":"Les cassettes audio","datePublished":"2017-01-03T16:58:05+00:00","dateModified":"2020-04-25T22:51:06+00:00","mainEntityOfPage":{"@id":"https:\/\/www.micoulou-photos.com\/index.php\/2017\/01\/03\/apologies-des-cassettes-audio\/"},"wordCount":322,"commentCount":0,"publisher":{"@id":"https:\/\/www.micoulou-photos.com\/#organization"},"image":{"@id":"https:\/\/www.micoulou-photos.com\/index.php\/2017\/01\/03\/apologies-des-cassettes-audio\/#primaryimage"},"thumbnailUrl":"https:\/\/i0.wp.com\/www.micoulou-photos.com\/wp-content\/uploads\/2016\/12\/CRW_1186-Edit.jpg?fit=1920%2C887&ssl=1","keywords":["cassette","cassette audio","enfance","mode","musique","musique ancienne","nostalgie","studio"],"articleSection":["Asperger"],"inLanguage":"fr-FR","potentialAction":[{"@type":"CommentAction","name":"Comment","target":["https:\/\/www.micoulou-photos.com\/index.php\/2017\/01\/03\/apologies-des-cassettes-audio\/#respond"]}]},{"@type":"WebPage","@id":"https:\/\/www.micoulou-photos.com\/index.php\/2017\/01\/03\/apologies-des-cassettes-audio\/","url":"https:\/\/www.micoulou-photos.com\/index.php\/2017\/01\/03\/apologies-des-cassettes-audio\/","name":"Les cassettes audio - Micoulou Photographie","isPartOf":{"@id":"https:\/\/www.micoulou-photos.com\/#website"},"primaryImageOfPage":{"@id":"https:\/\/www.micoulou-photos.com\/index.php\/2017\/01\/03\/apologies-des-cassettes-audio\/#primaryimage"},"image":{"@id":"https:\/\/www.micoulou-photos.com\/index.php\/2017\/01\/03\/apologies-des-cassettes-audio\/#primaryimage"},"thumbnailUrl":"https:\/\/i0.wp.com\/www.micoulou-photos.com\/wp-content\/uploads\/2016\/12\/CRW_1186-Edit.jpg?fit=1920%2C887&ssl=1","datePublished":"2017-01-03T16:58:05+00:00","dateModified":"2020-04-25T22:51:06+00:00","breadcrumb":{"@id":"https:\/\/www.micoulou-photos.com\/index.php\/2017\/01\/03\/apologies-des-cassettes-audio\/#breadcrumb"},"inLanguage":"fr-FR","potentialAction":[{"@type":"ReadAction","target":["https:\/\/www.micoulou-photos.com\/index.php\/2017\/01\/03\/apologies-des-cassettes-audio\/"]}]},{"@type":"ImageObject","inLanguage":"fr-FR","@id":"https:\/\/www.micoulou-photos.com\/index.php\/2017\/01\/03\/apologies-des-cassettes-audio\/#primaryimage","url":"https:\/\/i0.wp.com\/www.micoulou-photos.com\/wp-content\/uploads\/2016\/12\/CRW_1186-Edit.jpg?fit=1920%2C887&ssl=1","contentUrl":"https:\/\/i0.wp.com\/www.micoulou-photos.com\/wp-content\/uploads\/2016\/12\/CRW_1186-Edit.jpg?fit=1920%2C887&ssl=1","width":1920,"height":887},{"@type":"BreadcrumbList","@id":"https:\/\/www.micoulou-photos.com\/index.php\/2017\/01\/03\/apologies-des-cassettes-audio\/#breadcrumb","itemListElement":[{"@type":"ListItem","position":1,"name":"Accueil","item":"https:\/\/www.micoulou-photos.com\/"},{"@type":"ListItem","position":2,"name":"Les cassettes audio"}]},{"@type":"WebSite","@id":"https:\/\/www.micoulou-photos.com\/#website","url":"https:\/\/www.micoulou-photos.com\/","name":"Micoulou Photographie","description":"Photographies, Visites virtuelles et formations par Mickael Minarie","publisher":{"@id":"https:\/\/www.micoulou-photos.com\/#organization"},"potentialAction":[{"@type":"SearchAction","target":{"@type":"EntryPoint","urlTemplate":"https:\/\/www.micoulou-photos.com\/?s={search_term_string}"},"query-input":{"@type":"PropertyValueSpecification","valueRequired":true,"valueName":"search_term_string"}}],"inLanguage":"fr-FR"},{"@type":"Organization","@id":"https:\/\/www.micoulou-photos.com\/#organization","name":"Micoulou Photographie","url":"https:\/\/www.micoulou-photos.com\/","logo":{"@type":"ImageObject","inLanguage":"fr-FR","@id":"https:\/\/www.micoulou-photos.com\/#\/schema\/logo\/image\/","url":"https:\/\/i0.wp.com\/www.micoulou-photos.com\/wp-content\/uploads\/2020\/05\/cropped-891667_552097324824916_1615181552_o-1.jpg?fit=643%2C722&ssl=1","contentUrl":"https:\/\/i0.wp.com\/www.micoulou-photos.com\/wp-content\/uploads\/2020\/05\/cropped-891667_552097324824916_1615181552_o-1.jpg?fit=643%2C722&ssl=1","width":643,"height":722,"caption":"Micoulou Photographie"},"image":{"@id":"https:\/\/www.micoulou-photos.com\/#\/schema\/logo\/image\/"}},{"@type":"Person","@id":"https:\/\/www.micoulou-photos.com\/#\/schema\/person\/6aedfe8ebe91da632f46e7c9d806a722","name":"micoulou","image":{"@type":"ImageObject","inLanguage":"fr-FR","@id":"https:\/\/secure.gravatar.com\/avatar\/98f892eb7d267eab2faa437baa3edd708deaaa43929316c0cc7b751a04cb247b?s=96&d=mm&r=g","url":"https:\/\/secure.gravatar.com\/avatar\/98f892eb7d267eab2faa437baa3edd708deaaa43929316c0cc7b751a04cb247b?s=96&d=mm&r=g","contentUrl":"https:\/\/secure.gravatar.com\/avatar\/98f892eb7d267eab2faa437baa3edd708deaaa43929316c0cc7b751a04cb247b?s=96&d=mm&r=g","caption":"micoulou"},"url":"https:\/\/www.micoulou-photos.com\/index.php\/author\/micoulou\/"}]}},"jetpack_publicize_connections":[],"jetpack_featured_media_url":"https:\/\/i0.wp.com\/www.micoulou-photos.com\/wp-content\/uploads\/2016\/12\/CRW_1186-Edit.jpg?fit=1920%2C887&ssl=1","jetpack_sharing_enabled":true,"jetpack_shortlink":"https:\/\/wp.me\/p7zKF4-JZ","jetpack-related-posts":[{"id":6626,"url":"https:\/\/www.micoulou-photos.com\/index.php\/2021\/08\/15\/techantik-le-philips-d6350\/","url_meta":{"origin":2851,"position":0},"title":"Tech&rsquo;Antik : Le philips D6350","author":"micoulou","date":"15 ao\u00fbt 2021","format":false,"excerpt":"Voici le magn\u00e9tophone que l'on retrouvait souvent en cours de langue, avec vitesse r\u00e9glable et tonalit\u00e9 reglable. Petit lecteur enregistreur de cassette assez basique mais qui reste de nos jour un bon outil pour les adeptes cr\u00e9atifs de la cassette. https:\/\/youtu.be\/lXwkKmfCcXg","rel":"","context":"Dans &quot;tech'antik&quot;","block_context":{"text":"tech'antik","link":"https:\/\/www.micoulou-photos.com\/index.php\/category\/techantik\/"},"img":{"alt_text":"","src":"https:\/\/i0.wp.com\/www.micoulou-photos.com\/wp-content\/uploads\/2021\/08\/DSC03417.jpg?fit=1200%2C800&ssl=1&resize=350%2C200","width":350,"height":200,"srcset":"https:\/\/i0.wp.com\/www.micoulou-photos.com\/wp-content\/uploads\/2021\/08\/DSC03417.jpg?fit=1200%2C800&ssl=1&resize=350%2C200 1x, https:\/\/i0.wp.com\/www.micoulou-photos.com\/wp-content\/uploads\/2021\/08\/DSC03417.jpg?fit=1200%2C800&ssl=1&resize=525%2C300 1.5x, https:\/\/i0.wp.com\/www.micoulou-photos.com\/wp-content\/uploads\/2021\/08\/DSC03417.jpg?fit=1200%2C800&ssl=1&resize=700%2C400 2x, https:\/\/i0.wp.com\/www.micoulou-photos.com\/wp-content\/uploads\/2021\/08\/DSC03417.jpg?fit=1200%2C800&ssl=1&resize=1050%2C600 3x"},"classes":[]},{"id":3074,"url":"https:\/\/www.micoulou-photos.com\/index.php\/2017\/03\/26\/recyclerie-repeyre\/","url_meta":{"origin":2851,"position":1},"title":"Recyclerie Repeyre","author":"micoulou","date":"26 mars 2017","format":false,"excerpt":"Je continue (lentement mais surement) ma s\u00e9rie sur les alternatives, avec un petit passage dans une recyclerie de Sud Gironde, la recyclerie Repeyre de Belin-B\u00e9liet. Qu'est qu'une recyclerie ou ressourcerie ? C'est une structure qui permet la r\u00e9utilisation d'objets ou le recyclage plut\u00f4t que l'envoi de nos objets en d\u00e9charge\u2026","rel":"","context":"Dans &quot;alternatives ecologique&quot;","block_context":{"text":"alternatives ecologique","link":"https:\/\/www.micoulou-photos.com\/index.php\/category\/alternatives-ecologique\/"},"img":{"alt_text":"","src":"https:\/\/i0.wp.com\/www.micoulou-photos.com\/wp-content\/uploads\/2017\/03\/IMG_1202-Modifier.jpg?fit=1200%2C675&ssl=1&resize=350%2C200","width":350,"height":200,"srcset":"https:\/\/i0.wp.com\/www.micoulou-photos.com\/wp-content\/uploads\/2017\/03\/IMG_1202-Modifier.jpg?fit=1200%2C675&ssl=1&resize=350%2C200 1x, https:\/\/i0.wp.com\/www.micoulou-photos.com\/wp-content\/uploads\/2017\/03\/IMG_1202-Modifier.jpg?fit=1200%2C675&ssl=1&resize=525%2C300 1.5x, https:\/\/i0.wp.com\/www.micoulou-photos.com\/wp-content\/uploads\/2017\/03\/IMG_1202-Modifier.jpg?fit=1200%2C675&ssl=1&resize=700%2C400 2x, https:\/\/i0.wp.com\/www.micoulou-photos.com\/wp-content\/uploads\/2017\/03\/IMG_1202-Modifier.jpg?fit=1200%2C675&ssl=1&resize=1050%2C600 3x"},"classes":[]},{"id":3312,"url":"https:\/\/www.micoulou-photos.com\/index.php\/2017\/04\/11\/recyclerie-repeyre-in-french\/","url_meta":{"origin":2851,"position":2},"title":"recyclerie Repeyre (in french)","author":"micoulou","date":"11 avril 2017","format":false,"excerpt":"Je continue (lentement mais surement) ma s\u00e9rie sur les alternatives, avec un petit passage dans une recyclerie de Sud Gironde, la recyclerie Repeyre de Belin-B\u00e9liet. Qu'est qu'une recyclerie ou ressourcerie ? C'est une structure qui permet la r\u00e9utilisation d'objets ou le recyclage plut\u00f4t que l'envoi de nos objets en d\u00e9charge\u2026","rel":"","context":"Dans &quot;english&quot;","block_context":{"text":"english","link":"https:\/\/www.micoulou-photos.com\/index.php\/category\/english-en\/"},"img":{"alt_text":"","src":"https:\/\/i0.wp.com\/www.micoulou-photos.com\/wp-content\/uploads\/2017\/03\/IMG_1202-Modifier.jpg?fit=1200%2C675&ssl=1&resize=350%2C200","width":350,"height":200,"srcset":"https:\/\/i0.wp.com\/www.micoulou-photos.com\/wp-content\/uploads\/2017\/03\/IMG_1202-Modifier.jpg?fit=1200%2C675&ssl=1&resize=350%2C200 1x, https:\/\/i0.wp.com\/www.micoulou-photos.com\/wp-content\/uploads\/2017\/03\/IMG_1202-Modifier.jpg?fit=1200%2C675&ssl=1&resize=525%2C300 1.5x, https:\/\/i0.wp.com\/www.micoulou-photos.com\/wp-content\/uploads\/2017\/03\/IMG_1202-Modifier.jpg?fit=1200%2C675&ssl=1&resize=700%2C400 2x, https:\/\/i0.wp.com\/www.micoulou-photos.com\/wp-content\/uploads\/2017\/03\/IMG_1202-Modifier.jpg?fit=1200%2C675&ssl=1&resize=1050%2C600 3x"},"classes":[]},{"id":5153,"url":"https:\/\/www.micoulou-photos.com\/index.php\/2019\/06\/07\/les-aventures-dun-aspiboy-vol-3-lepisode-de-la-voiture\/","url_meta":{"origin":2851,"position":3},"title":"Les aventures d&rsquo;un aspiboy vol 3 : l&rsquo;episode de la voiture","author":"micoulou","date":"7 juin 2019","format":false,"excerpt":"Cette fois-ci, un article, surement rapide, pour conter une petite m\u00e9saventure qui m'est arriv\u00e9, en voulant me comporter encore une fois \"normalement\" d'essayer de compenser mon handicap de la mauvaise mani\u00e8re... On commence par toujours par le commencement, au plus loin que je m'en souvienne, il y avait ma passion\u2026","rel":"","context":"Dans &quot;Asperger&quot;","block_context":{"text":"Asperger","link":"https:\/\/www.micoulou-photos.com\/index.php\/category\/asperger\/"},"img":{"alt_text":"","src":"https:\/\/i0.wp.com\/www.micoulou-photos.com\/wp-content\/uploads\/2019\/06\/205.jpg?fit=1200%2C800&ssl=1&resize=350%2C200","width":350,"height":200,"srcset":"https:\/\/i0.wp.com\/www.micoulou-photos.com\/wp-content\/uploads\/2019\/06\/205.jpg?fit=1200%2C800&ssl=1&resize=350%2C200 1x, https:\/\/i0.wp.com\/www.micoulou-photos.com\/wp-content\/uploads\/2019\/06\/205.jpg?fit=1200%2C800&ssl=1&resize=525%2C300 1.5x, https:\/\/i0.wp.com\/www.micoulou-photos.com\/wp-content\/uploads\/2019\/06\/205.jpg?fit=1200%2C800&ssl=1&resize=700%2C400 2x, https:\/\/i0.wp.com\/www.micoulou-photos.com\/wp-content\/uploads\/2019\/06\/205.jpg?fit=1200%2C800&ssl=1&resize=1050%2C600 3x"},"classes":[]},{"id":4366,"url":"https:\/\/www.micoulou-photos.com\/index.php\/2018\/05\/16\/photographe-autiste\/","url_meta":{"origin":2851,"position":4},"title":"Photographe autiste ?","author":"micoulou","date":"16 mai 2018","format":false,"excerpt":"Bon, ben voil\u00e0, je voilais l\u2019\u00e9crire depuis 1 an cet article, mais j\u2019attendais, je voulais des r\u00e9ponses, je voulais en \u00eatre sur\u2026 Alors mettre \u00e7a sur un blog pro, enfin o\u00f9 je parle aussi des mes essais artistiques, de mes voyages, est-ce \u00e0 sa place ? Je ne le sais\u2026","rel":"","context":"Dans &quot;Asperger&quot;","block_context":{"text":"Asperger","link":"https:\/\/www.micoulou-photos.com\/index.php\/category\/asperger\/"},"img":{"alt_text":"","src":"https:\/\/i0.wp.com\/www.micoulou-photos.com\/wp-content\/uploads\/2018\/05\/mp-asperger1.jpg?fit=1200%2C1200&ssl=1&resize=350%2C200","width":350,"height":200,"srcset":"https:\/\/i0.wp.com\/www.micoulou-photos.com\/wp-content\/uploads\/2018\/05\/mp-asperger1.jpg?fit=1200%2C1200&ssl=1&resize=350%2C200 1x, https:\/\/i0.wp.com\/www.micoulou-photos.com\/wp-content\/uploads\/2018\/05\/mp-asperger1.jpg?fit=1200%2C1200&ssl=1&resize=525%2C300 1.5x, https:\/\/i0.wp.com\/www.micoulou-photos.com\/wp-content\/uploads\/2018\/05\/mp-asperger1.jpg?fit=1200%2C1200&ssl=1&resize=700%2C400 2x, https:\/\/i0.wp.com\/www.micoulou-photos.com\/wp-content\/uploads\/2018\/05\/mp-asperger1.jpg?fit=1200%2C1200&ssl=1&resize=1050%2C600 3x"},"classes":[]},{"id":4717,"url":"https:\/\/www.micoulou-photos.com\/index.php\/2018\/08\/08\/2-jours-a-st-john\/","url_meta":{"origin":2851,"position":5},"title":"2 jours \u00e1 St John","author":"micoulou","date":"8 ao\u00fbt 2018","format":false,"excerpt":"Me voila sur pied, un succulent resto vegetarien de Macau et 11h de sommeil plus tard, je commence mon exploration de St John. Premier jour, lev\u00e9 a 8h, je commence a visiter la ville. Premier passage chez Tim Horton, puis petite decouverte du centre ville... Deuxi\u00e8me chose de la joun\u00e9e,\u2026","rel":"","context":"Dans &quot;Canada&quot;","block_context":{"text":"Canada","link":"https:\/\/www.micoulou-photos.com\/index.php\/category\/canada\/"},"img":{"alt_text":"","src":"https:\/\/i0.wp.com\/www.micoulou-photos.com\/wp-content\/uploads\/2018\/08\/P6190206.jpg?fit=1200%2C675&ssl=1&resize=350%2C200","width":350,"height":200,"srcset":"https:\/\/i0.wp.com\/www.micoulou-photos.com\/wp-content\/uploads\/2018\/08\/P6190206.jpg?fit=1200%2C675&ssl=1&resize=350%2C200 1x, https:\/\/i0.wp.com\/www.micoulou-photos.com\/wp-content\/uploads\/2018\/08\/P6190206.jpg?fit=1200%2C675&ssl=1&resize=525%2C300 1.5x, https:\/\/i0.wp.com\/www.micoulou-photos.com\/wp-content\/uploads\/2018\/08\/P6190206.jpg?fit=1200%2C675&ssl=1&resize=700%2C400 2x, https:\/\/i0.wp.com\/www.micoulou-photos.com\/wp-content\/uploads\/2018\/08\/P6190206.jpg?fit=1200%2C675&ssl=1&resize=1050%2C600 3x"},"classes":[]}],"_links":{"self":[{"href":"https:\/\/www.micoulou-photos.com\/index.php\/wp-json\/wp\/v2\/posts\/2851","targetHints":{"allow":["GET"]}}],"collection":[{"href":"https:\/\/www.micoulou-photos.com\/index.php\/wp-json\/wp\/v2\/posts"}],"about":[{"href":"https:\/\/www.micoulou-photos.com\/index.php\/wp-json\/wp\/v2\/types\/post"}],"author":[{"embeddable":true,"href":"https:\/\/www.micoulou-photos.com\/index.php\/wp-json\/wp\/v2\/users\/1"}],"replies":[{"embeddable":true,"href":"https:\/\/www.micoulou-photos.com\/index.php\/wp-json\/wp\/v2\/comments?post=2851"}],"version-history":[{"count":7,"href":"https:\/\/www.micoulou-photos.com\/index.php\/wp-json\/wp\/v2\/posts\/2851\/revisions"}],"predecessor-version":[{"id":5871,"href":"https:\/\/www.micoulou-photos.com\/index.php\/wp-json\/wp\/v2\/posts\/2851\/revisions\/5871"}],"wp:featuredmedia":[{"embeddable":true,"href":"https:\/\/www.micoulou-photos.com\/index.php\/wp-json\/wp\/v2\/media\/2854"}],"wp:attachment":[{"href":"https:\/\/www.micoulou-photos.com\/index.php\/wp-json\/wp\/v2\/media?parent=2851"}],"wp:term":[{"taxonomy":"category","embeddable":true,"href":"https:\/\/www.micoulou-photos.com\/index.php\/wp-json\/wp\/v2\/categories?post=2851"},{"taxonomy":"post_tag","embeddable":true,"href":"https:\/\/www.micoulou-photos.com\/index.php\/wp-json\/wp\/v2\/tags?post=2851"}],"curies":[{"name":"wp","href":"https:\/\/api.w.org\/{rel}","templated":true}]}}