{"id":2786,"date":"2016-12-15T01:03:15","date_gmt":"2016-12-15T00:03:15","guid":{"rendered":"http:\/\/micoulou.info\/wp\/?p=2786"},"modified":"2020-04-25T23:52:01","modified_gmt":"2020-04-25T22:52:01","slug":"vegepate","status":"publish","type":"post","link":"https:\/\/www.micoulou-photos.com\/index.php\/2016\/12\/15\/vegepate\/","title":{"rendered":"V\u00e9g\u00e9pat\u00e9"},"content":{"rendered":"<p>Pour la premi\u00e8re fois, je fais un petit article cuisine&#8230; Enfin, premi\u00e8re fois, il y a eu quelques photos de nourriture au canada (<a href=\"http:\/\/www.micoulou-photos.com\/index.php\/2011\/04\/12\/saison-des-sucres-a-la-cabane-a-sucre\/\">ici<\/a> ou <a href=\"http:\/\/www.micoulou-photos.com\/index.php\/2011\/05\/22\/semaine-suivante-a-sleepinglady-farm\/\">ici<\/a> par exemple).<\/p>\n<p>En effet, au Qu\u00e9bec, j&rsquo;ai connu, par l\u2019interm\u00e9diaire de Christian, puis ensuite en essayant de manger correctement, j&rsquo;en ai retrouv\u00e9 au Metro (\u00e9picerie que l&rsquo;on retrouve partout au Quebec) de la marque \u00ab\u00a0Fontaine Sant\u00e9\u00a0\u00bb. En revenant en France, bien sur, impossible de trouver ces m\u00eames v\u00e9g\u00e9pat\u00e9s, j&rsquo;ai donc d\u00e9cid\u00e9s de les refaire moi m\u00eame \u00e0 partir de recette trouv\u00e9s sur Internet, et de ce que je me souvenais du cr\u00e9ton v\u00e9g\u00e9 de mon ami Christian. La premi\u00e8re exp\u00e9rience fut un \u00e9chec cuisant, pas assez cuit, trop sal\u00e9 (normal j&rsquo;ai achet\u00e9 des graines de tournesol grill\u00e9es et sal\u00e9e), bref il fallait am\u00e9liorer tout \u00e7a&#8230; Mes diff\u00e9rentes errances ne m&rsquo;ayant pas permit d&rsquo;en refaire pendant 3 ans, j&rsquo;ai retent\u00e9 l\u2019exp\u00e9rience en arrivant \u00e0 Toulouse&#8230;<\/p>\n<p>Au bout de ma cinqui\u00e8me exp\u00e9rience, je pense avoir enfin trouv\u00e9 \u00ab\u00a0mon\u00a0\u00bb v\u00e9g\u00e9pat\u00e9 dont voici la recette.<\/p>\n<p>D&rsquo;abord :<\/p>\n<h3>les ingr\u00e9dients :<\/h3>\n<ul>\n<li>des graines de Tournesol en vrac<\/li>\n<li>des graines de lin<\/li>\n<li>du gomasio<\/li>\n<li>des carottes avec les fanes<\/li>\n<li>des pommes de terres<\/li>\n<li>un oignon<\/li>\n<li>une gousse d&rsquo;ail<\/li>\n<li>un citron<\/li>\n<li>un peu de farine compl\u00e8te<\/li>\n<li>quelques gouttes d&rsquo;huile d&rsquo;olive<\/li>\n<li>Et des \u00e9pices et autres l\u00e9gumes \u00e0 votre convenance.<\/li>\n<\/ul>\n<p>(l&rsquo;oignon, les pommes de terres et les carottes viennent de chez <a href=\"http:\/\/www.micoulou-photos.com\/index.php\/2016\/10\/13\/amap-des-oliviers-les-legumes-de-bruno\/\">Bruno<\/a>, le citron et l&rsquo;huile d&rsquo;olive des produits andalous de l&rsquo;AMAP)<\/p>\n<h3>La pr\u00e9paration :<\/h3>\n<ol>\n<li>Pr\u00e9cuire environ 2\/3 des pommes de terre<\/li>\n<li>Peler et couper en morceaux ces pommes de terres<\/li>\n<li>Nettoyer et couper en morceaux les carottes (sauf une carotte)<\/li>\n<li>Couper en morceau l&rsquo;oignon<\/li>\n<li>Peler le citron<\/li>\n<li>Mettre dans le mixer les pommes de terres, les carottes, les grains de tournesol, l&rsquo;oignon, le citron, la gousse d&rsquo;ail et mixer le tout (avec un peu d&rsquo;eau sinon le mixer se bloque)&#8230;<\/li>\n<li>Ajouter dans le mixer si vous le souhaitez les herbes ou le gingembre ou le curcuma)<\/li>\n<li>Ensuite on m\u00e9lange dans un plat le p\u00e2t\u00e9, les \u00e9pices en poudre, le gomasio et les graines de lin<\/li>\n<li>Vu que j&rsquo;ai ajout\u00e9 de l&rsquo;eau, j&rsquo;ai souvent un aspect trop liquide donc je rajoute de la farine jusqu\u2019\u00e0 avoir un aspect plus ferme<\/li>\n<li>Pour avoir un aspect plus p\u00e2t\u00e9, je r\u00e2pe et j&rsquo;ajoute la carotte restante et les pommes de terre.<\/li>\n<li>Un fois le tout m\u00e9lange, j&rsquo;ajoute une goutte d&rsquo;huile d&rsquo;olive et quelques graines de lin au dessus pour l&rsquo;aspect.<\/li>\n<li>Faire cuire 25 minutes thermostat 7-8.<\/li>\n<li>Et voil\u00e0 !<\/li>\n<\/ol>\n<p>Bon, pour les doses, je le fais \u00e0 l&rsquo;instinct, je ne mesure pas, je pense que c&rsquo;est \u00e0 vous de tester.<\/p>\n<figure id=\"attachment_2787\" aria-describedby=\"caption-attachment-2787\" style=\"width: 300px\" class=\"wp-caption alignnone\"><a href=\"http:\/\/www.micoulou-photos.com\/index.php\/2016\/12\/15\/vegepate\/img_0971\/\" rel=\"attachment wp-att-2787\"><img data-recalc-dims=\"1\" fetchpriority=\"high\" decoding=\"async\" data-attachment-id=\"2787\" data-permalink=\"https:\/\/www.micoulou-photos.com\/index.php\/2016\/12\/15\/vegepate\/img_0971\/\" data-orig-file=\"https:\/\/i0.wp.com\/www.micoulou-photos.com\/wp-content\/uploads\/2016\/12\/IMG_0971.jpg?fit=1600%2C1200&amp;ssl=1\" data-orig-size=\"1600,1200\" data-comments-opened=\"1\" data-image-meta=\"{&quot;aperture&quot;:&quot;2.8&quot;,&quot;credit&quot;:&quot;Mickael Minarie&quot;,&quot;camera&quot;:&quot;Canon PowerShot G1 X&quot;,&quot;caption&quot;:&quot;&quot;,&quot;created_timestamp&quot;:&quot;1481646207&quot;,&quot;copyright&quot;:&quot;MICOULOU PHOTOGRAPHIE\\nwww.micoulou-photos.com&quot;,&quot;focal_length&quot;:&quot;15.1&quot;,&quot;iso&quot;:&quot;250&quot;,&quot;shutter_speed&quot;:&quot;0.033333333333333&quot;,&quot;title&quot;:&quot;&quot;,&quot;orientation&quot;:&quot;0&quot;}\" data-image-title=\"img_0971\" data-image-description=\"\" data-image-caption=\"\" data-large-file=\"https:\/\/i0.wp.com\/www.micoulou-photos.com\/wp-content\/uploads\/2016\/12\/IMG_0971.jpg?fit=800%2C600&amp;ssl=1\" class=\"wp-image-2787 size-medium\" src=\"https:\/\/i0.wp.com\/www.micoulou-photos.com\/wp-content\/uploads\/2016\/12\/IMG_0971-300x225.jpg?resize=300%2C225\" alt=\"img_0971\" width=\"300\" height=\"225\" srcset=\"https:\/\/i0.wp.com\/www.micoulou-photos.com\/wp-content\/uploads\/2016\/12\/IMG_0971.jpg?resize=300%2C225&amp;ssl=1 300w, https:\/\/i0.wp.com\/www.micoulou-photos.com\/wp-content\/uploads\/2016\/12\/IMG_0971.jpg?resize=1200%2C900&amp;ssl=1 1200w, https:\/\/i0.wp.com\/www.micoulou-photos.com\/wp-content\/uploads\/2016\/12\/IMG_0971.jpg?resize=960%2C720&amp;ssl=1 960w, https:\/\/i0.wp.com\/www.micoulou-photos.com\/wp-content\/uploads\/2016\/12\/IMG_0971.jpg?w=1600&amp;ssl=1 1600w\" sizes=\"(max-width: 300px) 100vw, 300px\" \/><\/a><figcaption id=\"caption-attachment-2787\" class=\"wp-caption-text\">Dans le mixer, m\u00eame si ce fut une mauvaise id\u00e9e de laisser les fanes enti\u00e8res, \u00e7a se coinces, il vaut mieux les couper.<\/figcaption><\/figure>\n<figure id=\"attachment_2788\" aria-describedby=\"caption-attachment-2788\" style=\"width: 300px\" class=\"wp-caption alignnone\"><a href=\"http:\/\/www.micoulou-photos.com\/index.php\/2016\/12\/15\/vegepate\/img_0974\/\" rel=\"attachment wp-att-2788\"><img data-recalc-dims=\"1\" decoding=\"async\" data-attachment-id=\"2788\" data-permalink=\"https:\/\/www.micoulou-photos.com\/index.php\/2016\/12\/15\/vegepate\/img_0974\/\" data-orig-file=\"https:\/\/i0.wp.com\/www.micoulou-photos.com\/wp-content\/uploads\/2016\/12\/IMG_0974.jpg?fit=1800%2C603&amp;ssl=1\" data-orig-size=\"1800,603\" data-comments-opened=\"1\" data-image-meta=\"{&quot;aperture&quot;:&quot;2.8&quot;,&quot;credit&quot;:&quot;Mickael Minarie&quot;,&quot;camera&quot;:&quot;Canon PowerShot G1 X&quot;,&quot;caption&quot;:&quot;&quot;,&quot;created_timestamp&quot;:&quot;1481646237&quot;,&quot;copyright&quot;:&quot;MICOULOU PHOTOGRAPHIE\\nwww.micoulou-photos.com&quot;,&quot;focal_length&quot;:&quot;15.1&quot;,&quot;iso&quot;:&quot;320&quot;,&quot;shutter_speed&quot;:&quot;0.033333333333333&quot;,&quot;title&quot;:&quot;&quot;,&quot;orientation&quot;:&quot;0&quot;}\" data-image-title=\"img_0974\" data-image-description=\"\" data-image-caption=\"\" data-large-file=\"https:\/\/i0.wp.com\/www.micoulou-photos.com\/wp-content\/uploads\/2016\/12\/IMG_0974.jpg?fit=800%2C268&amp;ssl=1\" class=\"wp-image-2788 size-medium\" src=\"https:\/\/i0.wp.com\/www.micoulou-photos.com\/wp-content\/uploads\/2016\/12\/IMG_0974-300x101.jpg?resize=300%2C101\" alt=\"img_0974\" width=\"300\" height=\"101\" srcset=\"https:\/\/i0.wp.com\/www.micoulou-photos.com\/wp-content\/uploads\/2016\/12\/IMG_0974.jpg?resize=300%2C101&amp;ssl=1 300w, https:\/\/i0.wp.com\/www.micoulou-photos.com\/wp-content\/uploads\/2016\/12\/IMG_0974.jpg?resize=1200%2C402&amp;ssl=1 1200w, https:\/\/i0.wp.com\/www.micoulou-photos.com\/wp-content\/uploads\/2016\/12\/IMG_0974.jpg?resize=960%2C322&amp;ssl=1 960w, https:\/\/i0.wp.com\/www.micoulou-photos.com\/wp-content\/uploads\/2016\/12\/IMG_0974.jpg?resize=1600%2C536&amp;ssl=1 1600w, https:\/\/i0.wp.com\/www.micoulou-photos.com\/wp-content\/uploads\/2016\/12\/IMG_0974.jpg?w=1800&amp;ssl=1 1800w\" sizes=\"(max-width: 300px) 100vw, 300px\" \/><\/a><figcaption id=\"caption-attachment-2788\" class=\"wp-caption-text\">Un gros p\u00e2t\u00e9 pour 10 personnes, j&rsquo;ai pris 400g de graines de tournesol et quelques graines de lin (je n&rsquo;ai pas pass\u00e9 le paquet).<\/figcaption><\/figure>\n<figure id=\"attachment_2789\" aria-describedby=\"caption-attachment-2789\" style=\"width: 300px\" class=\"wp-caption alignnone\"><a href=\"http:\/\/www.micoulou-photos.com\/index.php\/2016\/12\/15\/vegepate\/img_0977\/\" rel=\"attachment wp-att-2789\"><img data-recalc-dims=\"1\" decoding=\"async\" data-attachment-id=\"2789\" data-permalink=\"https:\/\/www.micoulou-photos.com\/index.php\/2016\/12\/15\/vegepate\/img_0977\/\" data-orig-file=\"https:\/\/i0.wp.com\/www.micoulou-photos.com\/wp-content\/uploads\/2016\/12\/IMG_0977.jpg?fit=1600%2C1200&amp;ssl=1\" data-orig-size=\"1600,1200\" data-comments-opened=\"1\" data-image-meta=\"{&quot;aperture&quot;:&quot;2.8&quot;,&quot;credit&quot;:&quot;Mickael Minarie&quot;,&quot;camera&quot;:&quot;Canon PowerShot G1 X&quot;,&quot;caption&quot;:&quot;&quot;,&quot;created_timestamp&quot;:&quot;1481646293&quot;,&quot;copyright&quot;:&quot;MICOULOU PHOTOGRAPHIE\\nwww.micoulou-photos.com&quot;,&quot;focal_length&quot;:&quot;15.1&quot;,&quot;iso&quot;:&quot;160&quot;,&quot;shutter_speed&quot;:&quot;0.033333333333333&quot;,&quot;title&quot;:&quot;&quot;,&quot;orientation&quot;:&quot;0&quot;}\" data-image-title=\"img_0977\" data-image-description=\"\" data-image-caption=\"\" data-large-file=\"https:\/\/i0.wp.com\/www.micoulou-photos.com\/wp-content\/uploads\/2016\/12\/IMG_0977.jpg?fit=800%2C600&amp;ssl=1\" class=\"wp-image-2789 size-medium\" src=\"https:\/\/i0.wp.com\/www.micoulou-photos.com\/wp-content\/uploads\/2016\/12\/IMG_0977-300x225.jpg?resize=300%2C225\" alt=\"img_0977\" width=\"300\" height=\"225\" srcset=\"https:\/\/i0.wp.com\/www.micoulou-photos.com\/wp-content\/uploads\/2016\/12\/IMG_0977.jpg?resize=300%2C225&amp;ssl=1 300w, https:\/\/i0.wp.com\/www.micoulou-photos.com\/wp-content\/uploads\/2016\/12\/IMG_0977.jpg?resize=1200%2C900&amp;ssl=1 1200w, https:\/\/i0.wp.com\/www.micoulou-photos.com\/wp-content\/uploads\/2016\/12\/IMG_0977.jpg?resize=960%2C720&amp;ssl=1 960w, https:\/\/i0.wp.com\/www.micoulou-photos.com\/wp-content\/uploads\/2016\/12\/IMG_0977.jpg?w=1600&amp;ssl=1 1600w\" sizes=\"(max-width: 300px) 100vw, 300px\" \/><\/a><figcaption id=\"caption-attachment-2789\" class=\"wp-caption-text\">Le curcuma frais, miam&#8230; Tout \u00e7a pour 1 plat de pat\u00e9.<\/figcaption><\/figure>\n<figure id=\"attachment_2791\" aria-describedby=\"caption-attachment-2791\" style=\"width: 300px\" class=\"wp-caption alignnone\"><a href=\"http:\/\/www.micoulou-photos.com\/index.php\/2016\/12\/15\/vegepate\/img_0986\/\" rel=\"attachment wp-att-2791\"><img data-recalc-dims=\"1\" loading=\"lazy\" decoding=\"async\" data-attachment-id=\"2791\" data-permalink=\"https:\/\/www.micoulou-photos.com\/index.php\/2016\/12\/15\/vegepate\/img_0986\/\" data-orig-file=\"https:\/\/i0.wp.com\/www.micoulou-photos.com\/wp-content\/uploads\/2016\/12\/IMG_0986.jpg?fit=1600%2C1200&amp;ssl=1\" data-orig-size=\"1600,1200\" data-comments-opened=\"1\" data-image-meta=\"{&quot;aperture&quot;:&quot;2.8&quot;,&quot;credit&quot;:&quot;Mickael Minarie&quot;,&quot;camera&quot;:&quot;Canon PowerShot G1 X&quot;,&quot;caption&quot;:&quot;&quot;,&quot;created_timestamp&quot;:&quot;1481647281&quot;,&quot;copyright&quot;:&quot;MICOULOU PHOTOGRAPHIE\\nwww.micoulou-photos.com&quot;,&quot;focal_length&quot;:&quot;15.1&quot;,&quot;iso&quot;:&quot;400&quot;,&quot;shutter_speed&quot;:&quot;0.01&quot;,&quot;title&quot;:&quot;&quot;,&quot;orientation&quot;:&quot;0&quot;}\" data-image-title=\"img_0986\" data-image-description=\"\" data-image-caption=\"\" data-large-file=\"https:\/\/i0.wp.com\/www.micoulou-photos.com\/wp-content\/uploads\/2016\/12\/IMG_0986.jpg?fit=800%2C600&amp;ssl=1\" class=\"wp-image-2791 size-medium\" src=\"https:\/\/i0.wp.com\/www.micoulou-photos.com\/wp-content\/uploads\/2016\/12\/IMG_0986-300x225.jpg?resize=300%2C225\" alt=\"img_0986\" width=\"300\" height=\"225\" srcset=\"https:\/\/i0.wp.com\/www.micoulou-photos.com\/wp-content\/uploads\/2016\/12\/IMG_0986.jpg?resize=300%2C225&amp;ssl=1 300w, https:\/\/i0.wp.com\/www.micoulou-photos.com\/wp-content\/uploads\/2016\/12\/IMG_0986.jpg?resize=1200%2C900&amp;ssl=1 1200w, https:\/\/i0.wp.com\/www.micoulou-photos.com\/wp-content\/uploads\/2016\/12\/IMG_0986.jpg?resize=960%2C720&amp;ssl=1 960w, https:\/\/i0.wp.com\/www.micoulou-photos.com\/wp-content\/uploads\/2016\/12\/IMG_0986.jpg?w=1600&amp;ssl=1 1600w\" sizes=\"(max-width: 300px) 100vw, 300px\" \/><\/a><figcaption id=\"caption-attachment-2791\" class=\"wp-caption-text\">Mon deuxi\u00e8me v\u00e9g\u00e9pat\u00e9 au gingembre, j&rsquo;ai ajout\u00e9 les oignons comme \u00e7a.<\/figcaption><\/figure>\n<figure id=\"attachment_2792\" aria-describedby=\"caption-attachment-2792\" style=\"width: 300px\" class=\"wp-caption alignnone\"><a href=\"http:\/\/www.micoulou-photos.com\/index.php\/2016\/12\/15\/vegepate\/img_0989\/\" rel=\"attachment wp-att-2792\"><img data-recalc-dims=\"1\" loading=\"lazy\" decoding=\"async\" data-attachment-id=\"2792\" data-permalink=\"https:\/\/www.micoulou-photos.com\/index.php\/2016\/12\/15\/vegepate\/img_0989\/\" data-orig-file=\"https:\/\/i0.wp.com\/www.micoulou-photos.com\/wp-content\/uploads\/2016\/12\/IMG_0989.jpg?fit=1600%2C1200&amp;ssl=1\" data-orig-size=\"1600,1200\" data-comments-opened=\"1\" data-image-meta=\"{&quot;aperture&quot;:&quot;2.8&quot;,&quot;credit&quot;:&quot;Mickael Minarie&quot;,&quot;camera&quot;:&quot;Canon PowerShot G1 X&quot;,&quot;caption&quot;:&quot;&quot;,&quot;created_timestamp&quot;:&quot;1481647566&quot;,&quot;copyright&quot;:&quot;MICOULOU PHOTOGRAPHIE\\nwww.micoulou-photos.com&quot;,&quot;focal_length&quot;:&quot;15.1&quot;,&quot;iso&quot;:&quot;100&quot;,&quot;shutter_speed&quot;:&quot;0.033333333333333&quot;,&quot;title&quot;:&quot;&quot;,&quot;orientation&quot;:&quot;0&quot;}\" data-image-title=\"img_0989\" data-image-description=\"\" data-image-caption=\"\" data-large-file=\"https:\/\/i0.wp.com\/www.micoulou-photos.com\/wp-content\/uploads\/2016\/12\/IMG_0989.jpg?fit=800%2C600&amp;ssl=1\" class=\"wp-image-2792 size-medium\" src=\"https:\/\/i0.wp.com\/www.micoulou-photos.com\/wp-content\/uploads\/2016\/12\/IMG_0989-300x225.jpg?resize=300%2C225\" alt=\"img_0989\" width=\"300\" height=\"225\" srcset=\"https:\/\/i0.wp.com\/www.micoulou-photos.com\/wp-content\/uploads\/2016\/12\/IMG_0989.jpg?resize=300%2C225&amp;ssl=1 300w, https:\/\/i0.wp.com\/www.micoulou-photos.com\/wp-content\/uploads\/2016\/12\/IMG_0989.jpg?resize=1200%2C900&amp;ssl=1 1200w, https:\/\/i0.wp.com\/www.micoulou-photos.com\/wp-content\/uploads\/2016\/12\/IMG_0989.jpg?resize=960%2C720&amp;ssl=1 960w, https:\/\/i0.wp.com\/www.micoulou-photos.com\/wp-content\/uploads\/2016\/12\/IMG_0989.jpg?w=1600&amp;ssl=1 1600w\" sizes=\"(max-width: 300px) 100vw, 300px\" \/><\/a><figcaption id=\"caption-attachment-2792\" class=\"wp-caption-text\">La farine pour \u00e9viter que cela soit trop liquide. On peut l\u2019\u00e9viter si on souhaite du sans gluten, mais il faut je pense mettre de l&rsquo;huile dans le mixer au lieu de l&rsquo;eau.<\/figcaption><\/figure>\n<figure id=\"attachment_2793\" aria-describedby=\"caption-attachment-2793\" style=\"width: 300px\" class=\"wp-caption alignnone\"><a href=\"http:\/\/www.micoulou-photos.com\/index.php\/2016\/12\/15\/vegepate\/img_0992\/\" rel=\"attachment wp-att-2793\"><img data-recalc-dims=\"1\" loading=\"lazy\" decoding=\"async\" data-attachment-id=\"2793\" data-permalink=\"https:\/\/www.micoulou-photos.com\/index.php\/2016\/12\/15\/vegepate\/img_0992\/\" data-orig-file=\"https:\/\/i0.wp.com\/www.micoulou-photos.com\/wp-content\/uploads\/2016\/12\/IMG_0992.jpg?fit=1600%2C1200&amp;ssl=1\" data-orig-size=\"1600,1200\" data-comments-opened=\"1\" data-image-meta=\"{&quot;aperture&quot;:&quot;2.8&quot;,&quot;credit&quot;:&quot;Mickael Minarie&quot;,&quot;camera&quot;:&quot;Canon PowerShot G1 X&quot;,&quot;caption&quot;:&quot;&quot;,&quot;created_timestamp&quot;:&quot;1481648760&quot;,&quot;copyright&quot;:&quot;MICOULOU PHOTOGRAPHIE\\nwww.micoulou-photos.com&quot;,&quot;focal_length&quot;:&quot;15.1&quot;,&quot;iso&quot;:&quot;200&quot;,&quot;shutter_speed&quot;:&quot;0.033333333333333&quot;,&quot;title&quot;:&quot;&quot;,&quot;orientation&quot;:&quot;0&quot;}\" data-image-title=\"img_0992\" data-image-description=\"\" data-image-caption=\"\" data-large-file=\"https:\/\/i0.wp.com\/www.micoulou-photos.com\/wp-content\/uploads\/2016\/12\/IMG_0992.jpg?fit=800%2C600&amp;ssl=1\" class=\"wp-image-2793 size-medium\" src=\"https:\/\/i0.wp.com\/www.micoulou-photos.com\/wp-content\/uploads\/2016\/12\/IMG_0992-300x225.jpg?resize=300%2C225\" alt=\"img_0992\" width=\"300\" height=\"225\" srcset=\"https:\/\/i0.wp.com\/www.micoulou-photos.com\/wp-content\/uploads\/2016\/12\/IMG_0992.jpg?resize=300%2C225&amp;ssl=1 300w, https:\/\/i0.wp.com\/www.micoulou-photos.com\/wp-content\/uploads\/2016\/12\/IMG_0992.jpg?resize=1200%2C900&amp;ssl=1 1200w, https:\/\/i0.wp.com\/www.micoulou-photos.com\/wp-content\/uploads\/2016\/12\/IMG_0992.jpg?resize=960%2C720&amp;ssl=1 960w, https:\/\/i0.wp.com\/www.micoulou-photos.com\/wp-content\/uploads\/2016\/12\/IMG_0992.jpg?w=1600&amp;ssl=1 1600w\" sizes=\"(max-width: 300px) 100vw, 300px\" \/><\/a><figcaption id=\"caption-attachment-2793\" class=\"wp-caption-text\">L&rsquo;etape de fin : les carottes et patates rap\u00e9es, ce qui donne un aspect filandreux au pat\u00e9.<\/figcaption><\/figure>\n<figure id=\"attachment_2794\" aria-describedby=\"caption-attachment-2794\" style=\"width: 300px\" class=\"wp-caption alignnone\"><a href=\"http:\/\/www.micoulou-photos.com\/index.php\/2016\/12\/15\/vegepate\/img_0995\/\" rel=\"attachment wp-att-2794\"><img data-recalc-dims=\"1\" loading=\"lazy\" decoding=\"async\" data-attachment-id=\"2794\" data-permalink=\"https:\/\/www.micoulou-photos.com\/index.php\/2016\/12\/15\/vegepate\/img_0995\/\" data-orig-file=\"https:\/\/i0.wp.com\/www.micoulou-photos.com\/wp-content\/uploads\/2016\/12\/IMG_0995.jpg?fit=1800%2C914&amp;ssl=1\" data-orig-size=\"1800,914\" data-comments-opened=\"1\" data-image-meta=\"{&quot;aperture&quot;:&quot;2.8&quot;,&quot;credit&quot;:&quot;Mickael Minarie&quot;,&quot;camera&quot;:&quot;Canon PowerShot G1 X&quot;,&quot;caption&quot;:&quot;&quot;,&quot;created_timestamp&quot;:&quot;1481648912&quot;,&quot;copyright&quot;:&quot;MICOULOU PHOTOGRAPHIE\\nwww.micoulou-photos.com&quot;,&quot;focal_length&quot;:&quot;15.1&quot;,&quot;iso&quot;:&quot;500&quot;,&quot;shutter_speed&quot;:&quot;0.033333333333333&quot;,&quot;title&quot;:&quot;&quot;,&quot;orientation&quot;:&quot;0&quot;}\" data-image-title=\"img_0995\" data-image-description=\"\" data-image-caption=\"\" data-large-file=\"https:\/\/i0.wp.com\/www.micoulou-photos.com\/wp-content\/uploads\/2016\/12\/IMG_0995.jpg?fit=800%2C406&amp;ssl=1\" class=\"wp-image-2794 size-medium\" src=\"https:\/\/i0.wp.com\/www.micoulou-photos.com\/wp-content\/uploads\/2016\/12\/IMG_0995-300x152.jpg?resize=300%2C152\" alt=\"img_0995\" width=\"300\" height=\"152\" srcset=\"https:\/\/i0.wp.com\/www.micoulou-photos.com\/wp-content\/uploads\/2016\/12\/IMG_0995.jpg?resize=300%2C152&amp;ssl=1 300w, https:\/\/i0.wp.com\/www.micoulou-photos.com\/wp-content\/uploads\/2016\/12\/IMG_0995.jpg?resize=1200%2C609&amp;ssl=1 1200w, https:\/\/i0.wp.com\/www.micoulou-photos.com\/wp-content\/uploads\/2016\/12\/IMG_0995.jpg?resize=960%2C487&amp;ssl=1 960w, https:\/\/i0.wp.com\/www.micoulou-photos.com\/wp-content\/uploads\/2016\/12\/IMG_0995.jpg?resize=1600%2C812&amp;ssl=1 1600w, https:\/\/i0.wp.com\/www.micoulou-photos.com\/wp-content\/uploads\/2016\/12\/IMG_0995.jpg?w=1800&amp;ssl=1 1800w\" sizes=\"(max-width: 300px) 100vw, 300px\" \/><\/a><figcaption id=\"caption-attachment-2794\" class=\"wp-caption-text\">A la fin, avant la cuisson, c&rsquo;est bien vert&#8230;<\/figcaption><\/figure>\n<figure id=\"attachment_2795\" aria-describedby=\"caption-attachment-2795\" style=\"width: 300px\" class=\"wp-caption alignnone\"><a href=\"http:\/\/www.micoulou-photos.com\/index.php\/2016\/12\/15\/vegepate\/img_1001\/\" rel=\"attachment wp-att-2795\"><img data-recalc-dims=\"1\" loading=\"lazy\" decoding=\"async\" data-attachment-id=\"2795\" data-permalink=\"https:\/\/www.micoulou-photos.com\/index.php\/2016\/12\/15\/vegepate\/img_1001\/\" data-orig-file=\"https:\/\/i0.wp.com\/www.micoulou-photos.com\/wp-content\/uploads\/2016\/12\/IMG_1001.jpg?fit=1600%2C1200&amp;ssl=1\" data-orig-size=\"1600,1200\" data-comments-opened=\"1\" data-image-meta=\"{&quot;aperture&quot;:&quot;2.8&quot;,&quot;credit&quot;:&quot;Mickael Minarie&quot;,&quot;camera&quot;:&quot;Canon PowerShot G1 X&quot;,&quot;caption&quot;:&quot;&quot;,&quot;created_timestamp&quot;:&quot;1481649813&quot;,&quot;copyright&quot;:&quot;MICOULOU PHOTOGRAPHIE\\nwww.micoulou-photos.com&quot;,&quot;focal_length&quot;:&quot;15.1&quot;,&quot;iso&quot;:&quot;100&quot;,&quot;shutter_speed&quot;:&quot;0.033333333333333&quot;,&quot;title&quot;:&quot;&quot;,&quot;orientation&quot;:&quot;0&quot;}\" data-image-title=\"img_1001\" data-image-description=\"\" data-image-caption=\"\" data-large-file=\"https:\/\/i0.wp.com\/www.micoulou-photos.com\/wp-content\/uploads\/2016\/12\/IMG_1001.jpg?fit=800%2C600&amp;ssl=1\" class=\"wp-image-2795 size-medium\" src=\"https:\/\/i0.wp.com\/www.micoulou-photos.com\/wp-content\/uploads\/2016\/12\/IMG_1001-300x225.jpg?resize=300%2C225\" alt=\"img_1001\" width=\"300\" height=\"225\" srcset=\"https:\/\/i0.wp.com\/www.micoulou-photos.com\/wp-content\/uploads\/2016\/12\/IMG_1001.jpg?resize=300%2C225&amp;ssl=1 300w, https:\/\/i0.wp.com\/www.micoulou-photos.com\/wp-content\/uploads\/2016\/12\/IMG_1001.jpg?resize=1200%2C900&amp;ssl=1 1200w, https:\/\/i0.wp.com\/www.micoulou-photos.com\/wp-content\/uploads\/2016\/12\/IMG_1001.jpg?resize=960%2C720&amp;ssl=1 960w, https:\/\/i0.wp.com\/www.micoulou-photos.com\/wp-content\/uploads\/2016\/12\/IMG_1001.jpg?w=1600&amp;ssl=1 1600w\" sizes=\"(max-width: 300px) 100vw, 300px\" \/><\/a><figcaption id=\"caption-attachment-2795\" class=\"wp-caption-text\">Citron andalous et Gingembre biocoop&#8230;<\/figcaption><\/figure>\n<figure id=\"attachment_2797\" aria-describedby=\"caption-attachment-2797\" style=\"width: 300px\" class=\"wp-caption alignnone\"><a href=\"http:\/\/www.micoulou-photos.com\/index.php\/2016\/12\/15\/vegepate\/img_1021\/\" rel=\"attachment wp-att-2797\"><img data-recalc-dims=\"1\" loading=\"lazy\" decoding=\"async\" data-attachment-id=\"2797\" data-permalink=\"https:\/\/www.micoulou-photos.com\/index.php\/2016\/12\/15\/vegepate\/img_1021\/\" data-orig-file=\"https:\/\/i0.wp.com\/www.micoulou-photos.com\/wp-content\/uploads\/2016\/12\/IMG_1021.jpg?fit=1497%2C1200&amp;ssl=1\" data-orig-size=\"1497,1200\" data-comments-opened=\"1\" data-image-meta=\"{&quot;aperture&quot;:&quot;2.8&quot;,&quot;credit&quot;:&quot;Mickael Minarie&quot;,&quot;camera&quot;:&quot;Canon PowerShot G1 X&quot;,&quot;caption&quot;:&quot;&quot;,&quot;created_timestamp&quot;:&quot;1481668042&quot;,&quot;copyright&quot;:&quot;MICOULOU PHOTOGRAPHIE\\nwww.micoulou-photos.com&quot;,&quot;focal_length&quot;:&quot;15.1&quot;,&quot;iso&quot;:&quot;1600&quot;,&quot;shutter_speed&quot;:&quot;0.1&quot;,&quot;title&quot;:&quot;&quot;,&quot;orientation&quot;:&quot;0&quot;}\" data-image-title=\"img_1021\" data-image-description=\"\" data-image-caption=\"\" data-large-file=\"https:\/\/i0.wp.com\/www.micoulou-photos.com\/wp-content\/uploads\/2016\/12\/IMG_1021.jpg?fit=800%2C641&amp;ssl=1\" class=\"wp-image-2797 size-medium\" src=\"https:\/\/i0.wp.com\/www.micoulou-photos.com\/wp-content\/uploads\/2016\/12\/IMG_1021-300x241.jpg?resize=300%2C241\" alt=\"img_1021\" width=\"300\" height=\"241\" srcset=\"https:\/\/i0.wp.com\/www.micoulou-photos.com\/wp-content\/uploads\/2016\/12\/IMG_1021.jpg?resize=300%2C241&amp;ssl=1 300w, https:\/\/i0.wp.com\/www.micoulou-photos.com\/wp-content\/uploads\/2016\/12\/IMG_1021.jpg?resize=1200%2C962&amp;ssl=1 1200w, https:\/\/i0.wp.com\/www.micoulou-photos.com\/wp-content\/uploads\/2016\/12\/IMG_1021.jpg?resize=960%2C770&amp;ssl=1 960w, https:\/\/i0.wp.com\/www.micoulou-photos.com\/wp-content\/uploads\/2016\/12\/IMG_1021.jpg?resize=1600%2C1283&amp;ssl=1 1600w, https:\/\/i0.wp.com\/www.micoulou-photos.com\/wp-content\/uploads\/2016\/12\/IMG_1021.jpg?w=1497&amp;ssl=1 1497w\" sizes=\"(max-width: 300px) 100vw, 300px\" \/><\/a><figcaption id=\"caption-attachment-2797\" class=\"wp-caption-text\">Une fois sorti du four.<\/figcaption><\/figure>\n<p><a href=\"http:\/\/www.micoulou-photos.com\/index.php\/2016\/12\/15\/vegepate\/img_0983\/\" rel=\"attachment wp-att-2790\"><img data-recalc-dims=\"1\" loading=\"lazy\" decoding=\"async\" data-attachment-id=\"2790\" data-permalink=\"https:\/\/www.micoulou-photos.com\/index.php\/2016\/12\/15\/vegepate\/img_0983\/\" data-orig-file=\"https:\/\/i0.wp.com\/www.micoulou-photos.com\/wp-content\/uploads\/2016\/12\/IMG_0983.jpg?fit=1601%2C1200&amp;ssl=1\" data-orig-size=\"1601,1200\" data-comments-opened=\"1\" data-image-meta=\"{&quot;aperture&quot;:&quot;2.8&quot;,&quot;credit&quot;:&quot;Mickael Minarie&quot;,&quot;camera&quot;:&quot;Canon PowerShot G1 X&quot;,&quot;caption&quot;:&quot;&quot;,&quot;created_timestamp&quot;:&quot;1481646481&quot;,&quot;copyright&quot;:&quot;MICOULOU PHOTOGRAPHIE\\nwww.micoulou-photos.com&quot;,&quot;focal_length&quot;:&quot;15.1&quot;,&quot;iso&quot;:&quot;250&quot;,&quot;shutter_speed&quot;:&quot;0.033333333333333&quot;,&quot;title&quot;:&quot;&quot;,&quot;orientation&quot;:&quot;0&quot;}\" data-image-title=\"img_0983\" data-image-description=\"\" data-image-caption=\"\" data-large-file=\"https:\/\/i0.wp.com\/www.micoulou-photos.com\/wp-content\/uploads\/2016\/12\/IMG_0983.jpg?fit=800%2C599&amp;ssl=1\" class=\"alignnone size-medium wp-image-2790\" src=\"https:\/\/i0.wp.com\/www.micoulou-photos.com\/wp-content\/uploads\/2016\/12\/IMG_0983-300x225.jpg?resize=300%2C225\" alt=\"img_0983\" width=\"300\" height=\"225\" srcset=\"https:\/\/i0.wp.com\/www.micoulou-photos.com\/wp-content\/uploads\/2016\/12\/IMG_0983.jpg?resize=300%2C225&amp;ssl=1 300w, https:\/\/i0.wp.com\/www.micoulou-photos.com\/wp-content\/uploads\/2016\/12\/IMG_0983.jpg?resize=1200%2C899&amp;ssl=1 1200w, https:\/\/i0.wp.com\/www.micoulou-photos.com\/wp-content\/uploads\/2016\/12\/IMG_0983.jpg?resize=960%2C719&amp;ssl=1 960w, https:\/\/i0.wp.com\/www.micoulou-photos.com\/wp-content\/uploads\/2016\/12\/IMG_0983.jpg?resize=1600%2C1199&amp;ssl=1 1600w, https:\/\/i0.wp.com\/www.micoulou-photos.com\/wp-content\/uploads\/2016\/12\/IMG_0983.jpg?w=1601&amp;ssl=1 1601w\" sizes=\"(max-width: 300px) 100vw, 300px\" \/><\/a><\/p>\n","protected":false},"excerpt":{"rendered":"<p>Pour la premi\u00e8re fois, je fais un petit article cuisine&#8230; Enfin, premi\u00e8re fois, il y a eu quelques photos de nourriture au canada (ici ou ici par exemple). En effet, au Qu\u00e9bec, j&rsquo;ai connu, par l\u2019interm\u00e9diaire de Christian, puis ensuite en essayant de manger correctement, j&rsquo;en ai retrouv\u00e9 au Metro (\u00e9picerie que l&rsquo;on retrouve partout [&hellip;]<\/p>\n","protected":false},"author":1,"featured_media":2796,"comment_status":"open","ping_status":"open","sticky":false,"template":"","format":"standard","meta":{"jetpack_post_was_ever_published":false,"_jetpack_newsletter_access":"","_jetpack_dont_email_post_to_subs":true,"_jetpack_newsletter_tier_id":0,"_jetpack_memberships_contains_paywalled_content":false,"_jetpack_memberships_contains_paid_content":false,"footnotes":"","jetpack_publicize_message":"","jetpack_publicize_feature_enabled":true,"jetpack_social_post_already_shared":true,"jetpack_social_options":{"image_generator_settings":{"template":"highway","default_image_id":0,"font":"","enabled":false},"version":2}},"categories":[378],"tags":[388,314,223,390,392,391,389],"class_list":["post-2786","post","type-post","status-publish","format-standard","has-post-thumbnail","hentry","category-alternatives-ecologique","tag-cuisine","tag-photo","tag-reportage","tag-vegan","tag-vegepate","tag-vegetarien","tag-vegetarisme"],"yoast_head":"<!-- This site is optimized with the Yoast SEO plugin v27.5 - https:\/\/yoast.com\/product\/yoast-seo-wordpress\/ -->\n<title>V\u00e9g\u00e9pat\u00e9 - Micoulou Photographie<\/title>\n<meta name=\"robots\" content=\"index, follow, max-snippet:-1, max-image-preview:large, max-video-preview:-1\" \/>\n<link rel=\"canonical\" href=\"https:\/\/www.micoulou-photos.com\/index.php\/2016\/12\/15\/vegepate\/\" \/>\n<meta property=\"og:locale\" content=\"fr_FR\" \/>\n<meta property=\"og:type\" content=\"article\" \/>\n<meta property=\"og:title\" content=\"V\u00e9g\u00e9pat\u00e9 - Micoulou Photographie\" \/>\n<meta property=\"og:description\" content=\"Pour la premi\u00e8re fois, je fais un petit article cuisine&#8230; Enfin, premi\u00e8re fois, il y a eu quelques photos de nourriture au canada (ici ou ici par exemple). En effet, au Qu\u00e9bec, j&rsquo;ai connu, par l\u2019interm\u00e9diaire de Christian, puis ensuite en essayant de manger correctement, j&rsquo;en ai retrouv\u00e9 au Metro (\u00e9picerie que l&rsquo;on retrouve partout [&hellip;]\" \/>\n<meta property=\"og:url\" content=\"https:\/\/www.micoulou-photos.com\/index.php\/2016\/12\/15\/vegepate\/\" \/>\n<meta property=\"og:site_name\" content=\"Micoulou Photographie\" \/>\n<meta property=\"article:published_time\" content=\"2016-12-15T00:03:15+00:00\" \/>\n<meta property=\"article:modified_time\" content=\"2020-04-25T22:52:01+00:00\" \/>\n<meta property=\"og:image\" content=\"https:\/\/i2.wp.com\/www.micoulou-photos.com\/wp-content\/uploads\/2016\/12\/IMG_1007.jpg?fit=1567%2C1200&ssl=1\" \/>\n\t<meta property=\"og:image:width\" content=\"1567\" \/>\n\t<meta property=\"og:image:height\" content=\"1200\" \/>\n\t<meta property=\"og:image:type\" content=\"image\/jpeg\" \/>\n<meta name=\"author\" content=\"micoulou\" \/>\n<meta name=\"twitter:card\" content=\"summary_large_image\" \/>\n<meta name=\"twitter:label1\" content=\"\u00c9crit par\" \/>\n\t<meta name=\"twitter:data1\" content=\"micoulou\" \/>\n\t<meta name=\"twitter:label2\" content=\"Dur\u00e9e de lecture estim\u00e9e\" \/>\n\t<meta name=\"twitter:data2\" content=\"3 minutes\" \/>\n<script type=\"application\/ld+json\" class=\"yoast-schema-graph\">{\"@context\":\"https:\\\/\\\/schema.org\",\"@graph\":[{\"@type\":\"Article\",\"@id\":\"https:\\\/\\\/www.micoulou-photos.com\\\/index.php\\\/2016\\\/12\\\/15\\\/vegepate\\\/#article\",\"isPartOf\":{\"@id\":\"https:\\\/\\\/www.micoulou-photos.com\\\/index.php\\\/2016\\\/12\\\/15\\\/vegepate\\\/\"},\"author\":{\"name\":\"micoulou\",\"@id\":\"https:\\\/\\\/www.micoulou-photos.com\\\/#\\\/schema\\\/person\\\/6aedfe8ebe91da632f46e7c9d806a722\"},\"headline\":\"V\u00e9g\u00e9pat\u00e9\",\"datePublished\":\"2016-12-15T00:03:15+00:00\",\"dateModified\":\"2020-04-25T22:52:01+00:00\",\"mainEntityOfPage\":{\"@id\":\"https:\\\/\\\/www.micoulou-photos.com\\\/index.php\\\/2016\\\/12\\\/15\\\/vegepate\\\/\"},\"wordCount\":707,\"commentCount\":0,\"publisher\":{\"@id\":\"https:\\\/\\\/www.micoulou-photos.com\\\/#organization\"},\"image\":{\"@id\":\"https:\\\/\\\/www.micoulou-photos.com\\\/index.php\\\/2016\\\/12\\\/15\\\/vegepate\\\/#primaryimage\"},\"thumbnailUrl\":\"https:\\\/\\\/i0.wp.com\\\/www.micoulou-photos.com\\\/wp-content\\\/uploads\\\/2016\\\/12\\\/IMG_1007.jpg?fit=1567%2C1200&ssl=1\",\"keywords\":[\"cuisine\",\"photo\",\"reportage\",\"vegan\",\"vegepat\u00e9\",\"vegetarien\",\"v\u00e9g\u00e9tarisme\"],\"articleSection\":[\"alternatives ecologique\"],\"inLanguage\":\"fr-FR\",\"potentialAction\":[{\"@type\":\"CommentAction\",\"name\":\"Comment\",\"target\":[\"https:\\\/\\\/www.micoulou-photos.com\\\/index.php\\\/2016\\\/12\\\/15\\\/vegepate\\\/#respond\"]}]},{\"@type\":\"WebPage\",\"@id\":\"https:\\\/\\\/www.micoulou-photos.com\\\/index.php\\\/2016\\\/12\\\/15\\\/vegepate\\\/\",\"url\":\"https:\\\/\\\/www.micoulou-photos.com\\\/index.php\\\/2016\\\/12\\\/15\\\/vegepate\\\/\",\"name\":\"V\u00e9g\u00e9pat\u00e9 - Micoulou Photographie\",\"isPartOf\":{\"@id\":\"https:\\\/\\\/www.micoulou-photos.com\\\/#website\"},\"primaryImageOfPage\":{\"@id\":\"https:\\\/\\\/www.micoulou-photos.com\\\/index.php\\\/2016\\\/12\\\/15\\\/vegepate\\\/#primaryimage\"},\"image\":{\"@id\":\"https:\\\/\\\/www.micoulou-photos.com\\\/index.php\\\/2016\\\/12\\\/15\\\/vegepate\\\/#primaryimage\"},\"thumbnailUrl\":\"https:\\\/\\\/i0.wp.com\\\/www.micoulou-photos.com\\\/wp-content\\\/uploads\\\/2016\\\/12\\\/IMG_1007.jpg?fit=1567%2C1200&ssl=1\",\"datePublished\":\"2016-12-15T00:03:15+00:00\",\"dateModified\":\"2020-04-25T22:52:01+00:00\",\"breadcrumb\":{\"@id\":\"https:\\\/\\\/www.micoulou-photos.com\\\/index.php\\\/2016\\\/12\\\/15\\\/vegepate\\\/#breadcrumb\"},\"inLanguage\":\"fr-FR\",\"potentialAction\":[{\"@type\":\"ReadAction\",\"target\":[\"https:\\\/\\\/www.micoulou-photos.com\\\/index.php\\\/2016\\\/12\\\/15\\\/vegepate\\\/\"]}]},{\"@type\":\"ImageObject\",\"inLanguage\":\"fr-FR\",\"@id\":\"https:\\\/\\\/www.micoulou-photos.com\\\/index.php\\\/2016\\\/12\\\/15\\\/vegepate\\\/#primaryimage\",\"url\":\"https:\\\/\\\/i0.wp.com\\\/www.micoulou-photos.com\\\/wp-content\\\/uploads\\\/2016\\\/12\\\/IMG_1007.jpg?fit=1567%2C1200&ssl=1\",\"contentUrl\":\"https:\\\/\\\/i0.wp.com\\\/www.micoulou-photos.com\\\/wp-content\\\/uploads\\\/2016\\\/12\\\/IMG_1007.jpg?fit=1567%2C1200&ssl=1\",\"width\":1567,\"height\":1200},{\"@type\":\"BreadcrumbList\",\"@id\":\"https:\\\/\\\/www.micoulou-photos.com\\\/index.php\\\/2016\\\/12\\\/15\\\/vegepate\\\/#breadcrumb\",\"itemListElement\":[{\"@type\":\"ListItem\",\"position\":1,\"name\":\"Accueil\",\"item\":\"https:\\\/\\\/www.micoulou-photos.com\\\/\"},{\"@type\":\"ListItem\",\"position\":2,\"name\":\"V\u00e9g\u00e9pat\u00e9\"}]},{\"@type\":\"WebSite\",\"@id\":\"https:\\\/\\\/www.micoulou-photos.com\\\/#website\",\"url\":\"https:\\\/\\\/www.micoulou-photos.com\\\/\",\"name\":\"Micoulou Photographie\",\"description\":\"Photographies, Visites virtuelles et formations par Mickael Minarie\",\"publisher\":{\"@id\":\"https:\\\/\\\/www.micoulou-photos.com\\\/#organization\"},\"potentialAction\":[{\"@type\":\"SearchAction\",\"target\":{\"@type\":\"EntryPoint\",\"urlTemplate\":\"https:\\\/\\\/www.micoulou-photos.com\\\/?s={search_term_string}\"},\"query-input\":{\"@type\":\"PropertyValueSpecification\",\"valueRequired\":true,\"valueName\":\"search_term_string\"}}],\"inLanguage\":\"fr-FR\"},{\"@type\":\"Organization\",\"@id\":\"https:\\\/\\\/www.micoulou-photos.com\\\/#organization\",\"name\":\"Micoulou Photographie\",\"url\":\"https:\\\/\\\/www.micoulou-photos.com\\\/\",\"logo\":{\"@type\":\"ImageObject\",\"inLanguage\":\"fr-FR\",\"@id\":\"https:\\\/\\\/www.micoulou-photos.com\\\/#\\\/schema\\\/logo\\\/image\\\/\",\"url\":\"https:\\\/\\\/i0.wp.com\\\/www.micoulou-photos.com\\\/wp-content\\\/uploads\\\/2020\\\/05\\\/cropped-891667_552097324824916_1615181552_o-1.jpg?fit=643%2C722&ssl=1\",\"contentUrl\":\"https:\\\/\\\/i0.wp.com\\\/www.micoulou-photos.com\\\/wp-content\\\/uploads\\\/2020\\\/05\\\/cropped-891667_552097324824916_1615181552_o-1.jpg?fit=643%2C722&ssl=1\",\"width\":643,\"height\":722,\"caption\":\"Micoulou Photographie\"},\"image\":{\"@id\":\"https:\\\/\\\/www.micoulou-photos.com\\\/#\\\/schema\\\/logo\\\/image\\\/\"}},{\"@type\":\"Person\",\"@id\":\"https:\\\/\\\/www.micoulou-photos.com\\\/#\\\/schema\\\/person\\\/6aedfe8ebe91da632f46e7c9d806a722\",\"name\":\"micoulou\",\"image\":{\"@type\":\"ImageObject\",\"inLanguage\":\"fr-FR\",\"@id\":\"https:\\\/\\\/secure.gravatar.com\\\/avatar\\\/98f892eb7d267eab2faa437baa3edd708deaaa43929316c0cc7b751a04cb247b?s=96&d=mm&r=g\",\"url\":\"https:\\\/\\\/secure.gravatar.com\\\/avatar\\\/98f892eb7d267eab2faa437baa3edd708deaaa43929316c0cc7b751a04cb247b?s=96&d=mm&r=g\",\"contentUrl\":\"https:\\\/\\\/secure.gravatar.com\\\/avatar\\\/98f892eb7d267eab2faa437baa3edd708deaaa43929316c0cc7b751a04cb247b?s=96&d=mm&r=g\",\"caption\":\"micoulou\"},\"url\":\"https:\\\/\\\/www.micoulou-photos.com\\\/index.php\\\/author\\\/micoulou\\\/\"}]}<\/script>\n<!-- \/ Yoast SEO plugin. -->","yoast_head_json":{"title":"V\u00e9g\u00e9pat\u00e9 - Micoulou Photographie","robots":{"index":"index","follow":"follow","max-snippet":"max-snippet:-1","max-image-preview":"max-image-preview:large","max-video-preview":"max-video-preview:-1"},"canonical":"https:\/\/www.micoulou-photos.com\/index.php\/2016\/12\/15\/vegepate\/","og_locale":"fr_FR","og_type":"article","og_title":"V\u00e9g\u00e9pat\u00e9 - Micoulou Photographie","og_description":"Pour la premi\u00e8re fois, je fais un petit article cuisine&#8230; Enfin, premi\u00e8re fois, il y a eu quelques photos de nourriture au canada (ici ou ici par exemple). En effet, au Qu\u00e9bec, j&rsquo;ai connu, par l\u2019interm\u00e9diaire de Christian, puis ensuite en essayant de manger correctement, j&rsquo;en ai retrouv\u00e9 au Metro (\u00e9picerie que l&rsquo;on retrouve partout [&hellip;]","og_url":"https:\/\/www.micoulou-photos.com\/index.php\/2016\/12\/15\/vegepate\/","og_site_name":"Micoulou Photographie","article_published_time":"2016-12-15T00:03:15+00:00","article_modified_time":"2020-04-25T22:52:01+00:00","og_image":[{"width":1567,"height":1200,"url":"https:\/\/i2.wp.com\/www.micoulou-photos.com\/wp-content\/uploads\/2016\/12\/IMG_1007.jpg?fit=1567%2C1200&ssl=1","type":"image\/jpeg"}],"author":"micoulou","twitter_card":"summary_large_image","twitter_misc":{"\u00c9crit par":"micoulou","Dur\u00e9e de lecture estim\u00e9e":"3 minutes"},"schema":{"@context":"https:\/\/schema.org","@graph":[{"@type":"Article","@id":"https:\/\/www.micoulou-photos.com\/index.php\/2016\/12\/15\/vegepate\/#article","isPartOf":{"@id":"https:\/\/www.micoulou-photos.com\/index.php\/2016\/12\/15\/vegepate\/"},"author":{"name":"micoulou","@id":"https:\/\/www.micoulou-photos.com\/#\/schema\/person\/6aedfe8ebe91da632f46e7c9d806a722"},"headline":"V\u00e9g\u00e9pat\u00e9","datePublished":"2016-12-15T00:03:15+00:00","dateModified":"2020-04-25T22:52:01+00:00","mainEntityOfPage":{"@id":"https:\/\/www.micoulou-photos.com\/index.php\/2016\/12\/15\/vegepate\/"},"wordCount":707,"commentCount":0,"publisher":{"@id":"https:\/\/www.micoulou-photos.com\/#organization"},"image":{"@id":"https:\/\/www.micoulou-photos.com\/index.php\/2016\/12\/15\/vegepate\/#primaryimage"},"thumbnailUrl":"https:\/\/i0.wp.com\/www.micoulou-photos.com\/wp-content\/uploads\/2016\/12\/IMG_1007.jpg?fit=1567%2C1200&ssl=1","keywords":["cuisine","photo","reportage","vegan","vegepat\u00e9","vegetarien","v\u00e9g\u00e9tarisme"],"articleSection":["alternatives ecologique"],"inLanguage":"fr-FR","potentialAction":[{"@type":"CommentAction","name":"Comment","target":["https:\/\/www.micoulou-photos.com\/index.php\/2016\/12\/15\/vegepate\/#respond"]}]},{"@type":"WebPage","@id":"https:\/\/www.micoulou-photos.com\/index.php\/2016\/12\/15\/vegepate\/","url":"https:\/\/www.micoulou-photos.com\/index.php\/2016\/12\/15\/vegepate\/","name":"V\u00e9g\u00e9pat\u00e9 - Micoulou Photographie","isPartOf":{"@id":"https:\/\/www.micoulou-photos.com\/#website"},"primaryImageOfPage":{"@id":"https:\/\/www.micoulou-photos.com\/index.php\/2016\/12\/15\/vegepate\/#primaryimage"},"image":{"@id":"https:\/\/www.micoulou-photos.com\/index.php\/2016\/12\/15\/vegepate\/#primaryimage"},"thumbnailUrl":"https:\/\/i0.wp.com\/www.micoulou-photos.com\/wp-content\/uploads\/2016\/12\/IMG_1007.jpg?fit=1567%2C1200&ssl=1","datePublished":"2016-12-15T00:03:15+00:00","dateModified":"2020-04-25T22:52:01+00:00","breadcrumb":{"@id":"https:\/\/www.micoulou-photos.com\/index.php\/2016\/12\/15\/vegepate\/#breadcrumb"},"inLanguage":"fr-FR","potentialAction":[{"@type":"ReadAction","target":["https:\/\/www.micoulou-photos.com\/index.php\/2016\/12\/15\/vegepate\/"]}]},{"@type":"ImageObject","inLanguage":"fr-FR","@id":"https:\/\/www.micoulou-photos.com\/index.php\/2016\/12\/15\/vegepate\/#primaryimage","url":"https:\/\/i0.wp.com\/www.micoulou-photos.com\/wp-content\/uploads\/2016\/12\/IMG_1007.jpg?fit=1567%2C1200&ssl=1","contentUrl":"https:\/\/i0.wp.com\/www.micoulou-photos.com\/wp-content\/uploads\/2016\/12\/IMG_1007.jpg?fit=1567%2C1200&ssl=1","width":1567,"height":1200},{"@type":"BreadcrumbList","@id":"https:\/\/www.micoulou-photos.com\/index.php\/2016\/12\/15\/vegepate\/#breadcrumb","itemListElement":[{"@type":"ListItem","position":1,"name":"Accueil","item":"https:\/\/www.micoulou-photos.com\/"},{"@type":"ListItem","position":2,"name":"V\u00e9g\u00e9pat\u00e9"}]},{"@type":"WebSite","@id":"https:\/\/www.micoulou-photos.com\/#website","url":"https:\/\/www.micoulou-photos.com\/","name":"Micoulou Photographie","description":"Photographies, Visites virtuelles et formations par Mickael Minarie","publisher":{"@id":"https:\/\/www.micoulou-photos.com\/#organization"},"potentialAction":[{"@type":"SearchAction","target":{"@type":"EntryPoint","urlTemplate":"https:\/\/www.micoulou-photos.com\/?s={search_term_string}"},"query-input":{"@type":"PropertyValueSpecification","valueRequired":true,"valueName":"search_term_string"}}],"inLanguage":"fr-FR"},{"@type":"Organization","@id":"https:\/\/www.micoulou-photos.com\/#organization","name":"Micoulou Photographie","url":"https:\/\/www.micoulou-photos.com\/","logo":{"@type":"ImageObject","inLanguage":"fr-FR","@id":"https:\/\/www.micoulou-photos.com\/#\/schema\/logo\/image\/","url":"https:\/\/i0.wp.com\/www.micoulou-photos.com\/wp-content\/uploads\/2020\/05\/cropped-891667_552097324824916_1615181552_o-1.jpg?fit=643%2C722&ssl=1","contentUrl":"https:\/\/i0.wp.com\/www.micoulou-photos.com\/wp-content\/uploads\/2020\/05\/cropped-891667_552097324824916_1615181552_o-1.jpg?fit=643%2C722&ssl=1","width":643,"height":722,"caption":"Micoulou Photographie"},"image":{"@id":"https:\/\/www.micoulou-photos.com\/#\/schema\/logo\/image\/"}},{"@type":"Person","@id":"https:\/\/www.micoulou-photos.com\/#\/schema\/person\/6aedfe8ebe91da632f46e7c9d806a722","name":"micoulou","image":{"@type":"ImageObject","inLanguage":"fr-FR","@id":"https:\/\/secure.gravatar.com\/avatar\/98f892eb7d267eab2faa437baa3edd708deaaa43929316c0cc7b751a04cb247b?s=96&d=mm&r=g","url":"https:\/\/secure.gravatar.com\/avatar\/98f892eb7d267eab2faa437baa3edd708deaaa43929316c0cc7b751a04cb247b?s=96&d=mm&r=g","contentUrl":"https:\/\/secure.gravatar.com\/avatar\/98f892eb7d267eab2faa437baa3edd708deaaa43929316c0cc7b751a04cb247b?s=96&d=mm&r=g","caption":"micoulou"},"url":"https:\/\/www.micoulou-photos.com\/index.php\/author\/micoulou\/"}]}},"jetpack_publicize_connections":[],"jetpack_featured_media_url":"https:\/\/i0.wp.com\/www.micoulou-photos.com\/wp-content\/uploads\/2016\/12\/IMG_1007.jpg?fit=1567%2C1200&ssl=1","jetpack_sharing_enabled":true,"jetpack_shortlink":"https:\/\/wp.me\/s7zKF4-vegepate","jetpack-related-posts":[{"id":211,"url":"https:\/\/www.micoulou-photos.com\/index.php\/2011\/04\/05\/une-journee-sur-quebec\/","url_meta":{"origin":2786,"position":0},"title":"Une journ\u00e9e sur Quebec","author":"micoulou","date":"5 avril 2011","format":false,"excerpt":"Un petit bilan pour ma premi\u00e8re journ\u00e9e \u00e0 Quebec :Ce matin, je suis parti en m\u00eame temps que mon copain vers le quartier de Sainte Foy... Je me suis pas encore rendu compte des distances, tous est grand l\u00e0 bas, et de la neige et des arbres \u00e0 perte de\u2026","rel":"","context":"Dans &quot;Non class\u00e9&quot;","block_context":{"text":"Non class\u00e9","link":"https:\/\/www.micoulou-photos.com\/index.php\/category\/non-classe\/"},"img":{"alt_text":"","src":"","width":0,"height":0},"classes":[]},{"id":219,"url":"https:\/\/www.micoulou-photos.com\/index.php\/2011\/02\/26\/itineraire-canada\/","url_meta":{"origin":2786,"position":1},"title":"Itineraire Canada&#8230;","author":"micoulou","date":"26 f\u00e9vrier 2011","format":false,"excerpt":"Je regarde les itineraires possibles pour mon periple au Canada, et pour le moment voici ce que j'ai trouv\u00e9 :Je vais arriver sur Montreal et je passerais 2-3 jours l\u00e0 bas.Quebec : ensuite je pense passer quelques jours \u00e0 quebec city, voire les personnes que je connais, commencer \u00e0 voire\u2026","rel":"","context":"Dans &quot;Canada&quot;","block_context":{"text":"Canada","link":"https:\/\/www.micoulou-photos.com\/index.php\/category\/canada\/"},"img":{"alt_text":"","src":"","width":0,"height":0},"classes":[]},{"id":204,"url":"https:\/\/www.micoulou-photos.com\/index.php\/2011\/04\/18\/2-jours-a-quebec\/","url_meta":{"origin":2786,"position":2},"title":"2 jours \u00e0 Quebec","author":"micoulou","date":"18 avril 2011","format":false,"excerpt":"2 jours \u00e0 Quebec pour cloturer ce qui pourrait etre la deuxi\u00e8me \u00e9tape de mon voyage... La troisi\u00e8me etapeetant le grand saut vers l'inconnu qui commence aujourd'hui...Je suis donc revenu \u00e0 Quebec vendredi soir avec rosanne. o\u00f9 j'ai dormi la premi\u00e8re nuit au backpacker hostel. Le backpacker hostel \u00e9tait bien\u2026","rel":"","context":"Dans &quot;Non class\u00e9&quot;","block_context":{"text":"Non class\u00e9","link":"https:\/\/www.micoulou-photos.com\/index.php\/category\/non-classe\/"},"img":{"alt_text":"","src":"https:\/\/i0.wp.com\/3.bp.blogspot.com\/-sEaPK7Yf3f0\/TauNG7Xfq9I\/AAAAAAAAhBw\/BaoGPs-gHww\/s320\/IMGP0937.jpg?resize=350%2C200","width":350,"height":200},"classes":[]},{"id":105,"url":"https:\/\/www.micoulou-photos.com\/index.php\/2012\/07\/27\/campbelton\/","url_meta":{"origin":2786,"position":3},"title":"Campbelton","author":"micoulou","date":"27 juillet 2012","format":false,"excerpt":"\u00a0Elles sont enfin trait\u00e9s, les photos de Campbelton, premiere destination de mon periple le 18 juin, a la frontiere entre le quebec et le NB.","rel":"","context":"Dans &quot;Non class\u00e9&quot;","block_context":{"text":"Non class\u00e9","link":"https:\/\/www.micoulou-photos.com\/index.php\/category\/non-classe\/"},"img":{"alt_text":"","src":"https:\/\/i0.wp.com\/4.bp.blogspot.com\/-MFI8H3uQj04\/UBGJb-n1FEI\/AAAAAAAAy3k\/v2oH4t0jSww\/s320\/IMGP9390.jpg?resize=350%2C200","width":350,"height":200},"classes":[]},{"id":114,"url":"https:\/\/www.micoulou-photos.com\/index.php\/2012\/06\/23\/campbelton-2\/","url_meta":{"origin":2786,"position":4},"title":"Campbelton","author":"micoulou","date":"23 juin 2012","format":false,"excerpt":"L'auberge de jeunesse.voici la premi\u00e8re destination de mon voyage, Campbelton, au nouveau Brunswick... On est ici a la frontiere entre la Gasp\u00e9sie au Qu\u00e9bec et le nouveau brunswick (il suffit de traverser le pont pour passer de l'un a l'autre. C'est une ville, comme Moncton, bilingue fran\u00e7ais\/anglais. L'auberge de jeunesse\u2026","rel":"","context":"Dans &quot;Non class\u00e9&quot;","block_context":{"text":"Non class\u00e9","link":"https:\/\/www.micoulou-photos.com\/index.php\/category\/non-classe\/"},"img":{"alt_text":"","src":"https:\/\/i0.wp.com\/3.bp.blogspot.com\/-FWNEBErUze0\/T-Yb_k9nYWI\/AAAAAAAAywE\/sU1NWuIDk4Q\/s320\/IMGP9423.jpg?resize=350%2C200","width":350,"height":200},"classes":[]},{"id":210,"url":"https:\/\/www.micoulou-photos.com\/index.php\/2011\/04\/07\/quelques-jours-depuis-mon-arrivee\/","url_meta":{"origin":2786,"position":5},"title":"quelques jours depuis mon arriv\u00e9e.","author":"micoulou","date":"7 avril 2011","format":false,"excerpt":"Un petit bilan apr\u00e8s quelques jours sur Quebec... Aujourd'hui, je ne me sens pas trop bien, surement un coup de froid... J'avais bien l'impression de qu'il ne faisait franchement pas chaud, mais en regardant la m\u00e9t\u00e9o, j'ai compris que je ne r\u00eavais pas : -6\u00b0 ressentie... Je ne m'attendais vraiment\u2026","rel":"","context":"Dans &quot;Non class\u00e9&quot;","block_context":{"text":"Non class\u00e9","link":"https:\/\/www.micoulou-photos.com\/index.php\/category\/non-classe\/"},"img":{"alt_text":"","src":"https:\/\/i0.wp.com\/4.bp.blogspot.com\/-8GgSLQ1xoHI\/TZ3YVaYWR2I\/AAAAAAAAgl8\/gVZV1b1KGrs\/s320\/IMGP0091.jpg?resize=350%2C200","width":350,"height":200},"classes":[]}],"_links":{"self":[{"href":"https:\/\/www.micoulou-photos.com\/index.php\/wp-json\/wp\/v2\/posts\/2786","targetHints":{"allow":["GET"]}}],"collection":[{"href":"https:\/\/www.micoulou-photos.com\/index.php\/wp-json\/wp\/v2\/posts"}],"about":[{"href":"https:\/\/www.micoulou-photos.com\/index.php\/wp-json\/wp\/v2\/types\/post"}],"author":[{"embeddable":true,"href":"https:\/\/www.micoulou-photos.com\/index.php\/wp-json\/wp\/v2\/users\/1"}],"replies":[{"embeddable":true,"href":"https:\/\/www.micoulou-photos.com\/index.php\/wp-json\/wp\/v2\/comments?post=2786"}],"version-history":[{"count":19,"href":"https:\/\/www.micoulou-photos.com\/index.php\/wp-json\/wp\/v2\/posts\/2786\/revisions"}],"predecessor-version":[{"id":5873,"href":"https:\/\/www.micoulou-photos.com\/index.php\/wp-json\/wp\/v2\/posts\/2786\/revisions\/5873"}],"wp:featuredmedia":[{"embeddable":true,"href":"https:\/\/www.micoulou-photos.com\/index.php\/wp-json\/wp\/v2\/media\/2796"}],"wp:attachment":[{"href":"https:\/\/www.micoulou-photos.com\/index.php\/wp-json\/wp\/v2\/media?parent=2786"}],"wp:term":[{"taxonomy":"category","embeddable":true,"href":"https:\/\/www.micoulou-photos.com\/index.php\/wp-json\/wp\/v2\/categories?post=2786"},{"taxonomy":"post_tag","embeddable":true,"href":"https:\/\/www.micoulou-photos.com\/index.php\/wp-json\/wp\/v2\/tags?post=2786"}],"curies":[{"name":"wp","href":"https:\/\/api.w.org\/{rel}","templated":true}]}}