{"id":258,"date":"2008-05-16T15:04:00","date_gmt":"2008-05-16T14:04:00","guid":{"rendered":"http:\/\/micoulou.info\/wp\/index.php\/2008\/05\/16\/sigma-18mm-f3-5-ex\/"},"modified":"2008-05-16T15:04:00","modified_gmt":"2008-05-16T14:04:00","slug":"sigma-18mm-f3-5-ex","status":"publish","type":"post","link":"https:\/\/www.micoulou-photos.com\/index.php\/2008\/05\/16\/sigma-18mm-f3-5-ex\/","title":{"rendered":"Sigma 18mm f\/3.5 EX"},"content":{"rendered":"<p>Bon, une petite nouveaut\u00e9 arrive en moin de 24h apres la commande : un Sigma focale fixe 18mm compatible Full Frame pour EOS. Les critiques de Dpreview semblait dire que c&rsquo;est un objo tres piqu\u00e9. Resultat du test ce week end apres un passage sur mes deux EOS. Premiere impression : il semble de construction tres correcte, bien meilleure que mon (feu) 24-80 sigma ou que le 70-300 et il est bien lourd. Resultat du test lundi.<\/p>\n","protected":false},"excerpt":{"rendered":"<p>Bon, une petite nouveaut\u00e9 arrive en moin de 24h apres la commande : un Sigma focale fixe 18mm compatible Full Frame pour EOS. Les critiques de Dpreview semblait dire que c&rsquo;est un objo tres piqu\u00e9. Resultat du test ce week end apres un passage sur mes deux EOS. Premiere impression : il semble de construction [&hellip;]<\/p>\n","protected":false},"author":1,"featured_media":0,"comment_status":"open","ping_status":"open","sticky":false,"template":"","format":"standard","meta":{"jetpack_post_was_ever_published":false,"_jetpack_newsletter_access":"","_jetpack_dont_email_post_to_subs":false,"_jetpack_newsletter_tier_id":0,"_jetpack_memberships_contains_paywalled_content":false,"_jetpack_memberships_contains_paid_content":false,"footnotes":"","jetpack_publicize_message":"","jetpack_publicize_feature_enabled":true,"jetpack_social_post_already_shared":false,"jetpack_social_options":{"image_generator_settings":{"template":"highway","default_image_id":0,"font":"","enabled":false},"version":2}},"categories":[1],"tags":[],"class_list":["post-258","post","type-post","status-publish","format-standard","hentry","category-non-classe"],"yoast_head":"<!-- This site is optimized with the Yoast SEO plugin v27.5 - https:\/\/yoast.com\/product\/yoast-seo-wordpress\/ -->\n<title>Sigma 18mm f\/3.5 EX - Micoulou Photographie<\/title>\n<meta name=\"robots\" content=\"index, follow, max-snippet:-1, max-image-preview:large, max-video-preview:-1\" \/>\n<link rel=\"canonical\" href=\"https:\/\/www.micoulou-photos.com\/index.php\/2008\/05\/16\/sigma-18mm-f3-5-ex\/\" \/>\n<meta property=\"og:locale\" content=\"fr_FR\" \/>\n<meta property=\"og:type\" content=\"article\" \/>\n<meta property=\"og:title\" content=\"Sigma 18mm f\/3.5 EX - Micoulou Photographie\" \/>\n<meta property=\"og:description\" content=\"Bon, une petite nouveaut\u00e9 arrive en moin de 24h apres la commande : un Sigma focale fixe 18mm compatible Full Frame pour EOS. Les critiques de Dpreview semblait dire que c&rsquo;est un objo tres piqu\u00e9. Resultat du test ce week end apres un passage sur mes deux EOS. Premiere impression : il semble de construction [&hellip;]\" \/>\n<meta property=\"og:url\" content=\"https:\/\/www.micoulou-photos.com\/index.php\/2008\/05\/16\/sigma-18mm-f3-5-ex\/\" \/>\n<meta property=\"og:site_name\" content=\"Micoulou Photographie\" \/>\n<meta property=\"article:published_time\" content=\"2008-05-16T14:04:00+00:00\" \/>\n<meta name=\"author\" content=\"micoulou\" \/>\n<meta name=\"twitter:card\" content=\"summary_large_image\" \/>\n<meta name=\"twitter:label1\" content=\"\u00c9crit par\" \/>\n\t<meta name=\"twitter:data1\" content=\"micoulou\" \/>\n<script type=\"application\/ld+json\" class=\"yoast-schema-graph\">{\"@context\":\"https:\\\/\\\/schema.org\",\"@graph\":[{\"@type\":\"Article\",\"@id\":\"https:\\\/\\\/www.micoulou-photos.com\\\/index.php\\\/2008\\\/05\\\/16\\\/sigma-18mm-f3-5-ex\\\/#article\",\"isPartOf\":{\"@id\":\"https:\\\/\\\/www.micoulou-photos.com\\\/index.php\\\/2008\\\/05\\\/16\\\/sigma-18mm-f3-5-ex\\\/\"},\"author\":{\"name\":\"micoulou\",\"@id\":\"https:\\\/\\\/www.micoulou-photos.com\\\/#\\\/schema\\\/person\\\/6aedfe8ebe91da632f46e7c9d806a722\"},\"headline\":\"Sigma 18mm f\\\/3.5 EX\",\"datePublished\":\"2008-05-16T14:04:00+00:00\",\"mainEntityOfPage\":{\"@id\":\"https:\\\/\\\/www.micoulou-photos.com\\\/index.php\\\/2008\\\/05\\\/16\\\/sigma-18mm-f3-5-ex\\\/\"},\"wordCount\":80,\"commentCount\":0,\"publisher\":{\"@id\":\"https:\\\/\\\/www.micoulou-photos.com\\\/#organization\"},\"inLanguage\":\"fr-FR\",\"potentialAction\":[{\"@type\":\"CommentAction\",\"name\":\"Comment\",\"target\":[\"https:\\\/\\\/www.micoulou-photos.com\\\/index.php\\\/2008\\\/05\\\/16\\\/sigma-18mm-f3-5-ex\\\/#respond\"]}]},{\"@type\":\"WebPage\",\"@id\":\"https:\\\/\\\/www.micoulou-photos.com\\\/index.php\\\/2008\\\/05\\\/16\\\/sigma-18mm-f3-5-ex\\\/\",\"url\":\"https:\\\/\\\/www.micoulou-photos.com\\\/index.php\\\/2008\\\/05\\\/16\\\/sigma-18mm-f3-5-ex\\\/\",\"name\":\"Sigma 18mm f\\\/3.5 EX - Micoulou Photographie\",\"isPartOf\":{\"@id\":\"https:\\\/\\\/www.micoulou-photos.com\\\/#website\"},\"datePublished\":\"2008-05-16T14:04:00+00:00\",\"breadcrumb\":{\"@id\":\"https:\\\/\\\/www.micoulou-photos.com\\\/index.php\\\/2008\\\/05\\\/16\\\/sigma-18mm-f3-5-ex\\\/#breadcrumb\"},\"inLanguage\":\"fr-FR\",\"potentialAction\":[{\"@type\":\"ReadAction\",\"target\":[\"https:\\\/\\\/www.micoulou-photos.com\\\/index.php\\\/2008\\\/05\\\/16\\\/sigma-18mm-f3-5-ex\\\/\"]}]},{\"@type\":\"BreadcrumbList\",\"@id\":\"https:\\\/\\\/www.micoulou-photos.com\\\/index.php\\\/2008\\\/05\\\/16\\\/sigma-18mm-f3-5-ex\\\/#breadcrumb\",\"itemListElement\":[{\"@type\":\"ListItem\",\"position\":1,\"name\":\"Accueil\",\"item\":\"https:\\\/\\\/www.micoulou-photos.com\\\/\"},{\"@type\":\"ListItem\",\"position\":2,\"name\":\"Sigma 18mm f\\\/3.5 EX\"}]},{\"@type\":\"WebSite\",\"@id\":\"https:\\\/\\\/www.micoulou-photos.com\\\/#website\",\"url\":\"https:\\\/\\\/www.micoulou-photos.com\\\/\",\"name\":\"Micoulou Photographie\",\"description\":\"Photographies, Visites virtuelles et formations par Mickael Minarie\",\"publisher\":{\"@id\":\"https:\\\/\\\/www.micoulou-photos.com\\\/#organization\"},\"potentialAction\":[{\"@type\":\"SearchAction\",\"target\":{\"@type\":\"EntryPoint\",\"urlTemplate\":\"https:\\\/\\\/www.micoulou-photos.com\\\/?s={search_term_string}\"},\"query-input\":{\"@type\":\"PropertyValueSpecification\",\"valueRequired\":true,\"valueName\":\"search_term_string\"}}],\"inLanguage\":\"fr-FR\"},{\"@type\":\"Organization\",\"@id\":\"https:\\\/\\\/www.micoulou-photos.com\\\/#organization\",\"name\":\"Micoulou Photographie\",\"url\":\"https:\\\/\\\/www.micoulou-photos.com\\\/\",\"logo\":{\"@type\":\"ImageObject\",\"inLanguage\":\"fr-FR\",\"@id\":\"https:\\\/\\\/www.micoulou-photos.com\\\/#\\\/schema\\\/logo\\\/image\\\/\",\"url\":\"https:\\\/\\\/i0.wp.com\\\/www.micoulou-photos.com\\\/wp-content\\\/uploads\\\/2020\\\/05\\\/cropped-891667_552097324824916_1615181552_o-1.jpg?fit=643%2C722&ssl=1\",\"contentUrl\":\"https:\\\/\\\/i0.wp.com\\\/www.micoulou-photos.com\\\/wp-content\\\/uploads\\\/2020\\\/05\\\/cropped-891667_552097324824916_1615181552_o-1.jpg?fit=643%2C722&ssl=1\",\"width\":643,\"height\":722,\"caption\":\"Micoulou Photographie\"},\"image\":{\"@id\":\"https:\\\/\\\/www.micoulou-photos.com\\\/#\\\/schema\\\/logo\\\/image\\\/\"}},{\"@type\":\"Person\",\"@id\":\"https:\\\/\\\/www.micoulou-photos.com\\\/#\\\/schema\\\/person\\\/6aedfe8ebe91da632f46e7c9d806a722\",\"name\":\"micoulou\",\"image\":{\"@type\":\"ImageObject\",\"inLanguage\":\"fr-FR\",\"@id\":\"https:\\\/\\\/secure.gravatar.com\\\/avatar\\\/98f892eb7d267eab2faa437baa3edd708deaaa43929316c0cc7b751a04cb247b?s=96&d=mm&r=g\",\"url\":\"https:\\\/\\\/secure.gravatar.com\\\/avatar\\\/98f892eb7d267eab2faa437baa3edd708deaaa43929316c0cc7b751a04cb247b?s=96&d=mm&r=g\",\"contentUrl\":\"https:\\\/\\\/secure.gravatar.com\\\/avatar\\\/98f892eb7d267eab2faa437baa3edd708deaaa43929316c0cc7b751a04cb247b?s=96&d=mm&r=g\",\"caption\":\"micoulou\"},\"url\":\"https:\\\/\\\/www.micoulou-photos.com\\\/index.php\\\/author\\\/micoulou\\\/\"}]}<\/script>\n<!-- \/ Yoast SEO plugin. -->","yoast_head_json":{"title":"Sigma 18mm f\/3.5 EX - Micoulou Photographie","robots":{"index":"index","follow":"follow","max-snippet":"max-snippet:-1","max-image-preview":"max-image-preview:large","max-video-preview":"max-video-preview:-1"},"canonical":"https:\/\/www.micoulou-photos.com\/index.php\/2008\/05\/16\/sigma-18mm-f3-5-ex\/","og_locale":"fr_FR","og_type":"article","og_title":"Sigma 18mm f\/3.5 EX - Micoulou Photographie","og_description":"Bon, une petite nouveaut\u00e9 arrive en moin de 24h apres la commande : un Sigma focale fixe 18mm compatible Full Frame pour EOS. Les critiques de Dpreview semblait dire que c&rsquo;est un objo tres piqu\u00e9. Resultat du test ce week end apres un passage sur mes deux EOS. Premiere impression : il semble de construction [&hellip;]","og_url":"https:\/\/www.micoulou-photos.com\/index.php\/2008\/05\/16\/sigma-18mm-f3-5-ex\/","og_site_name":"Micoulou Photographie","article_published_time":"2008-05-16T14:04:00+00:00","author":"micoulou","twitter_card":"summary_large_image","twitter_misc":{"\u00c9crit par":"micoulou"},"schema":{"@context":"https:\/\/schema.org","@graph":[{"@type":"Article","@id":"https:\/\/www.micoulou-photos.com\/index.php\/2008\/05\/16\/sigma-18mm-f3-5-ex\/#article","isPartOf":{"@id":"https:\/\/www.micoulou-photos.com\/index.php\/2008\/05\/16\/sigma-18mm-f3-5-ex\/"},"author":{"name":"micoulou","@id":"https:\/\/www.micoulou-photos.com\/#\/schema\/person\/6aedfe8ebe91da632f46e7c9d806a722"},"headline":"Sigma 18mm f\/3.5 EX","datePublished":"2008-05-16T14:04:00+00:00","mainEntityOfPage":{"@id":"https:\/\/www.micoulou-photos.com\/index.php\/2008\/05\/16\/sigma-18mm-f3-5-ex\/"},"wordCount":80,"commentCount":0,"publisher":{"@id":"https:\/\/www.micoulou-photos.com\/#organization"},"inLanguage":"fr-FR","potentialAction":[{"@type":"CommentAction","name":"Comment","target":["https:\/\/www.micoulou-photos.com\/index.php\/2008\/05\/16\/sigma-18mm-f3-5-ex\/#respond"]}]},{"@type":"WebPage","@id":"https:\/\/www.micoulou-photos.com\/index.php\/2008\/05\/16\/sigma-18mm-f3-5-ex\/","url":"https:\/\/www.micoulou-photos.com\/index.php\/2008\/05\/16\/sigma-18mm-f3-5-ex\/","name":"Sigma 18mm f\/3.5 EX - Micoulou Photographie","isPartOf":{"@id":"https:\/\/www.micoulou-photos.com\/#website"},"datePublished":"2008-05-16T14:04:00+00:00","breadcrumb":{"@id":"https:\/\/www.micoulou-photos.com\/index.php\/2008\/05\/16\/sigma-18mm-f3-5-ex\/#breadcrumb"},"inLanguage":"fr-FR","potentialAction":[{"@type":"ReadAction","target":["https:\/\/www.micoulou-photos.com\/index.php\/2008\/05\/16\/sigma-18mm-f3-5-ex\/"]}]},{"@type":"BreadcrumbList","@id":"https:\/\/www.micoulou-photos.com\/index.php\/2008\/05\/16\/sigma-18mm-f3-5-ex\/#breadcrumb","itemListElement":[{"@type":"ListItem","position":1,"name":"Accueil","item":"https:\/\/www.micoulou-photos.com\/"},{"@type":"ListItem","position":2,"name":"Sigma 18mm f\/3.5 EX"}]},{"@type":"WebSite","@id":"https:\/\/www.micoulou-photos.com\/#website","url":"https:\/\/www.micoulou-photos.com\/","name":"Micoulou Photographie","description":"Photographies, Visites virtuelles et formations par Mickael Minarie","publisher":{"@id":"https:\/\/www.micoulou-photos.com\/#organization"},"potentialAction":[{"@type":"SearchAction","target":{"@type":"EntryPoint","urlTemplate":"https:\/\/www.micoulou-photos.com\/?s={search_term_string}"},"query-input":{"@type":"PropertyValueSpecification","valueRequired":true,"valueName":"search_term_string"}}],"inLanguage":"fr-FR"},{"@type":"Organization","@id":"https:\/\/www.micoulou-photos.com\/#organization","name":"Micoulou Photographie","url":"https:\/\/www.micoulou-photos.com\/","logo":{"@type":"ImageObject","inLanguage":"fr-FR","@id":"https:\/\/www.micoulou-photos.com\/#\/schema\/logo\/image\/","url":"https:\/\/i0.wp.com\/www.micoulou-photos.com\/wp-content\/uploads\/2020\/05\/cropped-891667_552097324824916_1615181552_o-1.jpg?fit=643%2C722&ssl=1","contentUrl":"https:\/\/i0.wp.com\/www.micoulou-photos.com\/wp-content\/uploads\/2020\/05\/cropped-891667_552097324824916_1615181552_o-1.jpg?fit=643%2C722&ssl=1","width":643,"height":722,"caption":"Micoulou Photographie"},"image":{"@id":"https:\/\/www.micoulou-photos.com\/#\/schema\/logo\/image\/"}},{"@type":"Person","@id":"https:\/\/www.micoulou-photos.com\/#\/schema\/person\/6aedfe8ebe91da632f46e7c9d806a722","name":"micoulou","image":{"@type":"ImageObject","inLanguage":"fr-FR","@id":"https:\/\/secure.gravatar.com\/avatar\/98f892eb7d267eab2faa437baa3edd708deaaa43929316c0cc7b751a04cb247b?s=96&d=mm&r=g","url":"https:\/\/secure.gravatar.com\/avatar\/98f892eb7d267eab2faa437baa3edd708deaaa43929316c0cc7b751a04cb247b?s=96&d=mm&r=g","contentUrl":"https:\/\/secure.gravatar.com\/avatar\/98f892eb7d267eab2faa437baa3edd708deaaa43929316c0cc7b751a04cb247b?s=96&d=mm&r=g","caption":"micoulou"},"url":"https:\/\/www.micoulou-photos.com\/index.php\/author\/micoulou\/"}]}},"jetpack_publicize_connections":[],"jetpack_featured_media_url":"","jetpack_sharing_enabled":true,"jetpack_shortlink":"https:\/\/wp.me\/p7zKF4-4a","jetpack-related-posts":[{"id":256,"url":"https:\/\/www.micoulou-photos.com\/index.php\/2008\/09\/20\/materiel-canon-eos\/","url_meta":{"origin":258,"position":0},"title":"Materiel Canon EOS","author":"micoulou","date":"20 septembre 2008","format":false,"excerpt":"Apres avoir investi il y a maintenant 5 mois dans le Canon EOS D30, un vieux reflex canon numerique (le premier reflex construit entierment par Canon, les plus ancien etait concu par Kodak. Il est sorti en 2000 et coutait plus de 3000\u20ac a sa sortie. J'ai achet\u00e9 ce boitier\u2026","rel":"","context":"Dans &quot;Non class\u00e9&quot;","block_context":{"text":"Non class\u00e9","link":"https:\/\/www.micoulou-photos.com\/index.php\/category\/non-classe\/"},"img":{"alt_text":"","src":"","width":0,"height":0},"classes":[]},{"id":2400,"url":"https:\/\/www.micoulou-photos.com\/index.php\/2016\/08\/18\/laventure-revolog-texture\/","url_meta":{"origin":258,"position":1},"title":"L&rsquo;aventure Revolog Texture","author":"micoulou","date":"18 ao\u00fbt 2016","format":false,"excerpt":"Pour les passionn\u00e9s de photos qui verront \u00e7a, vous me direz, \"mais qu'est-ce que c'est que cette bouse de hipster ? \" Pour les autres, vous vous demanderez peut \u00eatre quelle as \u00e9t\u00e9 cette id\u00e9e saugrenue d'utiliser des filtres photoshop comme \u00e7a ? Mais non, ce n'est pas un filtre\u2026","rel":"","context":"Dans &quot;technique&quot;","block_context":{"text":"technique","link":"https:\/\/www.micoulou-photos.com\/index.php\/category\/technique\/"},"img":{"alt_text":"","src":"https:\/\/i0.wp.com\/www.micoulou-photos.com\/wp-content\/uploads\/2016\/08\/Scan-160713-0004.jpg?fit=1200%2C804&ssl=1&resize=350%2C200","width":350,"height":200,"srcset":"https:\/\/i0.wp.com\/www.micoulou-photos.com\/wp-content\/uploads\/2016\/08\/Scan-160713-0004.jpg?fit=1200%2C804&ssl=1&resize=350%2C200 1x, https:\/\/i0.wp.com\/www.micoulou-photos.com\/wp-content\/uploads\/2016\/08\/Scan-160713-0004.jpg?fit=1200%2C804&ssl=1&resize=525%2C300 1.5x, https:\/\/i0.wp.com\/www.micoulou-photos.com\/wp-content\/uploads\/2016\/08\/Scan-160713-0004.jpg?fit=1200%2C804&ssl=1&resize=700%2C400 2x, https:\/\/i0.wp.com\/www.micoulou-photos.com\/wp-content\/uploads\/2016\/08\/Scan-160713-0004.jpg?fit=1200%2C804&ssl=1&resize=1050%2C600 3x"},"classes":[]},{"id":235,"url":"https:\/\/www.micoulou-photos.com\/index.php\/2010\/01\/26\/non-ce-blog-nest-pas-completement-mort\/","url_meta":{"origin":258,"position":2},"title":"Non, ce blog n&rsquo;est pas completement mort&#8230;","author":"micoulou","date":"26 janvier 2010","format":false,"excerpt":"Bon, je vais essayer de raviver un peu mon blog, maintenant que je suis de retour en France... Je ne sais pas si quelques personnes me suivent, enfin j'esp\u00e8re que les personnes que j'ai pu rencontr\u00e9 physiquement vont passer, eventuellement mettre un commentaire...Enfin, la prochaine fois que je les verrais\u2026","rel":"","context":"Dans &quot;Non class\u00e9&quot;","block_context":{"text":"Non class\u00e9","link":"https:\/\/www.micoulou-photos.com\/index.php\/category\/non-classe\/"},"img":{"alt_text":"","src":"","width":0,"height":0},"classes":[]},{"id":2841,"url":"https:\/\/www.micoulou-photos.com\/index.php\/2016\/12\/28\/le-canon-10-18mm\/","url_meta":{"origin":258,"position":3},"title":"le Canon 10-18mm","author":"micoulou","date":"28 d\u00e9cembre 2016","format":false,"excerpt":"Encore une fois un article technique... Dans la m\u00eame veine que mes vid\u00e9os \"pPhot'antik\", un petit article sur du mat\u00e9riel \"low cost\"... Promis l'ann\u00e9e prochaine il y aura tr\u00e9s peu de technique ici. Le Canon 10-18mm est un objectif Cqnon pour reflex APS-C (et pouvant etre adapt\u00e9 sur Fuji X\u2026","rel":"","context":"Dans &quot;technique&quot;","block_context":{"text":"technique","link":"https:\/\/www.micoulou-photos.com\/index.php\/category\/technique\/"},"img":{"alt_text":"","src":"https:\/\/i0.wp.com\/www.micoulou-photos.com\/wp-content\/uploads\/2016\/12\/IMG_2217.jpg?fit=1200%2C514&ssl=1&resize=350%2C200","width":350,"height":200,"srcset":"https:\/\/i0.wp.com\/www.micoulou-photos.com\/wp-content\/uploads\/2016\/12\/IMG_2217.jpg?fit=1200%2C514&ssl=1&resize=350%2C200 1x, https:\/\/i0.wp.com\/www.micoulou-photos.com\/wp-content\/uploads\/2016\/12\/IMG_2217.jpg?fit=1200%2C514&ssl=1&resize=525%2C300 1.5x, https:\/\/i0.wp.com\/www.micoulou-photos.com\/wp-content\/uploads\/2016\/12\/IMG_2217.jpg?fit=1200%2C514&ssl=1&resize=700%2C400 2x, https:\/\/i0.wp.com\/www.micoulou-photos.com\/wp-content\/uploads\/2016\/12\/IMG_2217.jpg?fit=1200%2C514&ssl=1&resize=1050%2C600 3x"},"classes":[]},{"id":253,"url":"https:\/\/www.micoulou-photos.com\/index.php\/2008\/09\/26\/matos-photos\/","url_meta":{"origin":258,"position":4},"title":"Matos photos","author":"micoulou","date":"26 septembre 2008","format":false,"excerpt":"Bon, avant de faire d'autre article, voici mon materiel actuel :Edit du 21 octobre...Edit du 29 juinBo\u00eetiers argentique :Canon EOS 500n(en panne)Canon EOS 650Pentax me superZenit EMPractika LM (a vendre)Olympus OM30Bo\u00eetiers numerique :Canon EOS D30Canon EOS D60Pentax K100D Pentax IST DSFuji S5ProBridges numerique :Nikon coolpix 5700Sony DSC R1Compact num\u00e9rique :\u2026","rel":"","context":"Dans &quot;Non class\u00e9&quot;","block_context":{"text":"Non class\u00e9","link":"https:\/\/www.micoulou-photos.com\/index.php\/category\/non-classe\/"},"img":{"alt_text":"","src":"","width":0,"height":0},"classes":[]},{"id":228,"url":"https:\/\/www.micoulou-photos.com\/index.php\/2010\/11\/07\/salon-de-la-photo\/","url_meta":{"origin":258,"position":5},"title":"salon de la photo","author":"micoulou","date":"7 novembre 2010","format":false,"excerpt":"Bon, mon cot\u00e9 geek reprend du dessus : quelques tests d'objo mais rapide et un petit bilan du salon de la photo.D'abord cette photo(en dessous) a \u00e9t\u00e9 s\u00e9l\u00e9ctionn\u00e9e et est expos\u00e9e au salon de la photo, donc oui je me vante un peu mais je suis assez fier : ma\u2026","rel":"","context":"Dans &quot;Non class\u00e9&quot;","block_context":{"text":"Non class\u00e9","link":"https:\/\/www.micoulou-photos.com\/index.php\/category\/non-classe\/"},"img":{"alt_text":"","src":"https:\/\/i0.wp.com\/3.bp.blogspot.com\/_XkNwbuBHhIs\/TKD8OLEfuTI\/AAAAAAAAaiA\/pSz6M9HJdY8\/s200\/SDIM0034.jpg?resize=350%2C200","width":350,"height":200},"classes":[]}],"_links":{"self":[{"href":"https:\/\/www.micoulou-photos.com\/index.php\/wp-json\/wp\/v2\/posts\/258","targetHints":{"allow":["GET"]}}],"collection":[{"href":"https:\/\/www.micoulou-photos.com\/index.php\/wp-json\/wp\/v2\/posts"}],"about":[{"href":"https:\/\/www.micoulou-photos.com\/index.php\/wp-json\/wp\/v2\/types\/post"}],"author":[{"embeddable":true,"href":"https:\/\/www.micoulou-photos.com\/index.php\/wp-json\/wp\/v2\/users\/1"}],"replies":[{"embeddable":true,"href":"https:\/\/www.micoulou-photos.com\/index.php\/wp-json\/wp\/v2\/comments?post=258"}],"version-history":[{"count":0,"href":"https:\/\/www.micoulou-photos.com\/index.php\/wp-json\/wp\/v2\/posts\/258\/revisions"}],"wp:attachment":[{"href":"https:\/\/www.micoulou-photos.com\/index.php\/wp-json\/wp\/v2\/media?parent=258"}],"wp:term":[{"taxonomy":"category","embeddable":true,"href":"https:\/\/www.micoulou-photos.com\/index.php\/wp-json\/wp\/v2\/categories?post=258"},{"taxonomy":"post_tag","embeddable":true,"href":"https:\/\/www.micoulou-photos.com\/index.php\/wp-json\/wp\/v2\/tags?post=258"}],"curies":[{"name":"wp","href":"https:\/\/api.w.org\/{rel}","templated":true}]}}