{"id":251,"date":"2008-10-14T12:42:00","date_gmt":"2008-10-14T11:42:00","guid":{"rendered":"http:\/\/micoulou.info\/wp\/index.php\/2008\/10\/14\/my-first-limited\/"},"modified":"2008-10-14T12:42:00","modified_gmt":"2008-10-14T11:42:00","slug":"my-first-limited","status":"publish","type":"post","link":"https:\/\/www.micoulou-photos.com\/index.php\/2008\/10\/14\/my-first-limited\/","title":{"rendered":"My first Limited"},"content":{"rendered":"<p><a href=\"https:\/\/i0.wp.com\/3.bp.blogspot.com\/_XkNwbuBHhIs\/SPSIIzah4UI\/AAAAAAAAF_4\/ccspdcVhk2Y\/s1600-h\/DSCN1029.JPG\"><img data-recalc-dims=\"1\" decoding=\"async\" style=\"display:block; margin:0px auto 10px; text-align:center;cursor:pointer; cursor:hand;\" src=\"https:\/\/i0.wp.com\/3.bp.blogspot.com\/_XkNwbuBHhIs\/SPSIIzah4UI\/AAAAAAAAF_4\/ccspdcVhk2Y\/s320\/DSCN1029.JPG?w=800\" border=\"0\" alt=\"\"id=\"BLOGGER_PHOTO_ID_5256976349870022978\" \/><\/a><br \/>Aujourd&rsquo;hui, j&rsquo;ai recu mon premier \u00ab\u00a0limitide\u00a0\u00bb, le 21mm. Cela me permettra de reutiliser mon Pentqx que je n&rsquo;utilisais plus que pour les photo de nuit et les portrait (M42 inside). Premiere impression, il est tout petit et agreable a utiliser. Test a venir, je suis presse de voir ce que vaut la creme des objectifs.<\/p>\n<p>Today, I received my first Pentax limited. It will permit me to reuse more often my Pentax which I used only for blow light photos and portraits. My first impression is this lens is very small and seems to be a true \u00ab\u00a0bijou\u00a0\u00bb. I am very exited to test it this afternoon.<\/p>\n","protected":false},"excerpt":{"rendered":"<p>Aujourd&rsquo;hui, j&rsquo;ai recu mon premier \u00ab\u00a0limitide\u00a0\u00bb, le 21mm. Cela me permettra de reutiliser mon Pentqx que je n&rsquo;utilisais plus que pour les photo de nuit et les portrait (M42 inside). Premiere impression, il est tout petit et agreable a utiliser. Test a venir, je suis presse de voir ce que vaut la creme des objectifs. [&hellip;]<\/p>\n","protected":false},"author":1,"featured_media":0,"comment_status":"open","ping_status":"open","sticky":false,"template":"","format":"standard","meta":{"jetpack_post_was_ever_published":false,"_jetpack_newsletter_access":"","_jetpack_dont_email_post_to_subs":false,"_jetpack_newsletter_tier_id":0,"_jetpack_memberships_contains_paywalled_content":false,"_jetpack_memberships_contains_paid_content":false,"footnotes":"","jetpack_publicize_message":"","jetpack_publicize_feature_enabled":true,"jetpack_social_post_already_shared":false,"jetpack_social_options":{"image_generator_settings":{"template":"highway","default_image_id":0,"font":"","enabled":false},"version":2}},"categories":[1],"tags":[],"class_list":["post-251","post","type-post","status-publish","format-standard","hentry","category-non-classe"],"yoast_head":"<!-- This site is optimized with the Yoast SEO plugin v27.5 - https:\/\/yoast.com\/product\/yoast-seo-wordpress\/ -->\n<title>My first Limited - Micoulou Photographie<\/title>\n<meta name=\"robots\" content=\"index, follow, max-snippet:-1, max-image-preview:large, max-video-preview:-1\" \/>\n<link rel=\"canonical\" href=\"https:\/\/www.micoulou-photos.com\/index.php\/2008\/10\/14\/my-first-limited\/\" \/>\n<meta property=\"og:locale\" content=\"fr_FR\" \/>\n<meta property=\"og:type\" content=\"article\" \/>\n<meta property=\"og:title\" content=\"My first Limited - Micoulou Photographie\" \/>\n<meta property=\"og:description\" content=\"Aujourd&rsquo;hui, j&rsquo;ai recu mon premier \u00ab\u00a0limitide\u00a0\u00bb, le 21mm. Cela me permettra de reutiliser mon Pentqx que je n&rsquo;utilisais plus que pour les photo de nuit et les portrait (M42 inside). Premiere impression, il est tout petit et agreable a utiliser. Test a venir, je suis presse de voir ce que vaut la creme des objectifs. [&hellip;]\" \/>\n<meta property=\"og:url\" content=\"https:\/\/www.micoulou-photos.com\/index.php\/2008\/10\/14\/my-first-limited\/\" \/>\n<meta property=\"og:site_name\" content=\"Micoulou Photographie\" \/>\n<meta property=\"article:published_time\" content=\"2008-10-14T11:42:00+00:00\" \/>\n<meta property=\"og:image\" content=\"http:\/\/3.bp.blogspot.com\/_XkNwbuBHhIs\/SPSIIzah4UI\/AAAAAAAAF_4\/ccspdcVhk2Y\/s320\/DSCN1029.JPG\" \/>\n<meta name=\"author\" content=\"micoulou\" \/>\n<meta name=\"twitter:card\" content=\"summary_large_image\" \/>\n<meta name=\"twitter:label1\" content=\"\u00c9crit par\" \/>\n\t<meta name=\"twitter:data1\" content=\"micoulou\" \/>\n\t<meta name=\"twitter:label2\" content=\"Dur\u00e9e de lecture estim\u00e9e\" \/>\n\t<meta name=\"twitter:data2\" content=\"1 minute\" \/>\n<script type=\"application\/ld+json\" class=\"yoast-schema-graph\">{\"@context\":\"https:\\\/\\\/schema.org\",\"@graph\":[{\"@type\":\"Article\",\"@id\":\"https:\\\/\\\/www.micoulou-photos.com\\\/index.php\\\/2008\\\/10\\\/14\\\/my-first-limited\\\/#article\",\"isPartOf\":{\"@id\":\"https:\\\/\\\/www.micoulou-photos.com\\\/index.php\\\/2008\\\/10\\\/14\\\/my-first-limited\\\/\"},\"author\":{\"name\":\"micoulou\",\"@id\":\"https:\\\/\\\/www.micoulou-photos.com\\\/#\\\/schema\\\/person\\\/6aedfe8ebe91da632f46e7c9d806a722\"},\"headline\":\"My first Limited\",\"datePublished\":\"2008-10-14T11:42:00+00:00\",\"mainEntityOfPage\":{\"@id\":\"https:\\\/\\\/www.micoulou-photos.com\\\/index.php\\\/2008\\\/10\\\/14\\\/my-first-limited\\\/\"},\"wordCount\":113,\"commentCount\":0,\"publisher\":{\"@id\":\"https:\\\/\\\/www.micoulou-photos.com\\\/#organization\"},\"image\":{\"@id\":\"https:\\\/\\\/www.micoulou-photos.com\\\/index.php\\\/2008\\\/10\\\/14\\\/my-first-limited\\\/#primaryimage\"},\"thumbnailUrl\":\"http:\\\/\\\/3.bp.blogspot.com\\\/_XkNwbuBHhIs\\\/SPSIIzah4UI\\\/AAAAAAAAF_4\\\/ccspdcVhk2Y\\\/s320\\\/DSCN1029.JPG\",\"inLanguage\":\"fr-FR\",\"potentialAction\":[{\"@type\":\"CommentAction\",\"name\":\"Comment\",\"target\":[\"https:\\\/\\\/www.micoulou-photos.com\\\/index.php\\\/2008\\\/10\\\/14\\\/my-first-limited\\\/#respond\"]}]},{\"@type\":\"WebPage\",\"@id\":\"https:\\\/\\\/www.micoulou-photos.com\\\/index.php\\\/2008\\\/10\\\/14\\\/my-first-limited\\\/\",\"url\":\"https:\\\/\\\/www.micoulou-photos.com\\\/index.php\\\/2008\\\/10\\\/14\\\/my-first-limited\\\/\",\"name\":\"My first Limited - Micoulou Photographie\",\"isPartOf\":{\"@id\":\"https:\\\/\\\/www.micoulou-photos.com\\\/#website\"},\"primaryImageOfPage\":{\"@id\":\"https:\\\/\\\/www.micoulou-photos.com\\\/index.php\\\/2008\\\/10\\\/14\\\/my-first-limited\\\/#primaryimage\"},\"image\":{\"@id\":\"https:\\\/\\\/www.micoulou-photos.com\\\/index.php\\\/2008\\\/10\\\/14\\\/my-first-limited\\\/#primaryimage\"},\"thumbnailUrl\":\"http:\\\/\\\/3.bp.blogspot.com\\\/_XkNwbuBHhIs\\\/SPSIIzah4UI\\\/AAAAAAAAF_4\\\/ccspdcVhk2Y\\\/s320\\\/DSCN1029.JPG\",\"datePublished\":\"2008-10-14T11:42:00+00:00\",\"breadcrumb\":{\"@id\":\"https:\\\/\\\/www.micoulou-photos.com\\\/index.php\\\/2008\\\/10\\\/14\\\/my-first-limited\\\/#breadcrumb\"},\"inLanguage\":\"fr-FR\",\"potentialAction\":[{\"@type\":\"ReadAction\",\"target\":[\"https:\\\/\\\/www.micoulou-photos.com\\\/index.php\\\/2008\\\/10\\\/14\\\/my-first-limited\\\/\"]}]},{\"@type\":\"ImageObject\",\"inLanguage\":\"fr-FR\",\"@id\":\"https:\\\/\\\/www.micoulou-photos.com\\\/index.php\\\/2008\\\/10\\\/14\\\/my-first-limited\\\/#primaryimage\",\"url\":\"http:\\\/\\\/3.bp.blogspot.com\\\/_XkNwbuBHhIs\\\/SPSIIzah4UI\\\/AAAAAAAAF_4\\\/ccspdcVhk2Y\\\/s320\\\/DSCN1029.JPG\",\"contentUrl\":\"http:\\\/\\\/3.bp.blogspot.com\\\/_XkNwbuBHhIs\\\/SPSIIzah4UI\\\/AAAAAAAAF_4\\\/ccspdcVhk2Y\\\/s320\\\/DSCN1029.JPG\"},{\"@type\":\"BreadcrumbList\",\"@id\":\"https:\\\/\\\/www.micoulou-photos.com\\\/index.php\\\/2008\\\/10\\\/14\\\/my-first-limited\\\/#breadcrumb\",\"itemListElement\":[{\"@type\":\"ListItem\",\"position\":1,\"name\":\"Accueil\",\"item\":\"https:\\\/\\\/www.micoulou-photos.com\\\/\"},{\"@type\":\"ListItem\",\"position\":2,\"name\":\"My first Limited\"}]},{\"@type\":\"WebSite\",\"@id\":\"https:\\\/\\\/www.micoulou-photos.com\\\/#website\",\"url\":\"https:\\\/\\\/www.micoulou-photos.com\\\/\",\"name\":\"Micoulou Photographie\",\"description\":\"Photographies, Visites virtuelles et formations par Mickael Minarie\",\"publisher\":{\"@id\":\"https:\\\/\\\/www.micoulou-photos.com\\\/#organization\"},\"potentialAction\":[{\"@type\":\"SearchAction\",\"target\":{\"@type\":\"EntryPoint\",\"urlTemplate\":\"https:\\\/\\\/www.micoulou-photos.com\\\/?s={search_term_string}\"},\"query-input\":{\"@type\":\"PropertyValueSpecification\",\"valueRequired\":true,\"valueName\":\"search_term_string\"}}],\"inLanguage\":\"fr-FR\"},{\"@type\":\"Organization\",\"@id\":\"https:\\\/\\\/www.micoulou-photos.com\\\/#organization\",\"name\":\"Micoulou Photographie\",\"url\":\"https:\\\/\\\/www.micoulou-photos.com\\\/\",\"logo\":{\"@type\":\"ImageObject\",\"inLanguage\":\"fr-FR\",\"@id\":\"https:\\\/\\\/www.micoulou-photos.com\\\/#\\\/schema\\\/logo\\\/image\\\/\",\"url\":\"https:\\\/\\\/i0.wp.com\\\/www.micoulou-photos.com\\\/wp-content\\\/uploads\\\/2020\\\/05\\\/cropped-891667_552097324824916_1615181552_o-1.jpg?fit=643%2C722&ssl=1\",\"contentUrl\":\"https:\\\/\\\/i0.wp.com\\\/www.micoulou-photos.com\\\/wp-content\\\/uploads\\\/2020\\\/05\\\/cropped-891667_552097324824916_1615181552_o-1.jpg?fit=643%2C722&ssl=1\",\"width\":643,\"height\":722,\"caption\":\"Micoulou Photographie\"},\"image\":{\"@id\":\"https:\\\/\\\/www.micoulou-photos.com\\\/#\\\/schema\\\/logo\\\/image\\\/\"}},{\"@type\":\"Person\",\"@id\":\"https:\\\/\\\/www.micoulou-photos.com\\\/#\\\/schema\\\/person\\\/6aedfe8ebe91da632f46e7c9d806a722\",\"name\":\"micoulou\",\"image\":{\"@type\":\"ImageObject\",\"inLanguage\":\"fr-FR\",\"@id\":\"https:\\\/\\\/secure.gravatar.com\\\/avatar\\\/98f892eb7d267eab2faa437baa3edd708deaaa43929316c0cc7b751a04cb247b?s=96&d=mm&r=g\",\"url\":\"https:\\\/\\\/secure.gravatar.com\\\/avatar\\\/98f892eb7d267eab2faa437baa3edd708deaaa43929316c0cc7b751a04cb247b?s=96&d=mm&r=g\",\"contentUrl\":\"https:\\\/\\\/secure.gravatar.com\\\/avatar\\\/98f892eb7d267eab2faa437baa3edd708deaaa43929316c0cc7b751a04cb247b?s=96&d=mm&r=g\",\"caption\":\"micoulou\"},\"url\":\"https:\\\/\\\/www.micoulou-photos.com\\\/index.php\\\/author\\\/micoulou\\\/\"}]}<\/script>\n<!-- \/ Yoast SEO plugin. -->","yoast_head_json":{"title":"My first Limited - Micoulou Photographie","robots":{"index":"index","follow":"follow","max-snippet":"max-snippet:-1","max-image-preview":"max-image-preview:large","max-video-preview":"max-video-preview:-1"},"canonical":"https:\/\/www.micoulou-photos.com\/index.php\/2008\/10\/14\/my-first-limited\/","og_locale":"fr_FR","og_type":"article","og_title":"My first Limited - Micoulou Photographie","og_description":"Aujourd&rsquo;hui, j&rsquo;ai recu mon premier \u00ab\u00a0limitide\u00a0\u00bb, le 21mm. Cela me permettra de reutiliser mon Pentqx que je n&rsquo;utilisais plus que pour les photo de nuit et les portrait (M42 inside). Premiere impression, il est tout petit et agreable a utiliser. Test a venir, je suis presse de voir ce que vaut la creme des objectifs. [&hellip;]","og_url":"https:\/\/www.micoulou-photos.com\/index.php\/2008\/10\/14\/my-first-limited\/","og_site_name":"Micoulou Photographie","article_published_time":"2008-10-14T11:42:00+00:00","og_image":[{"url":"http:\/\/3.bp.blogspot.com\/_XkNwbuBHhIs\/SPSIIzah4UI\/AAAAAAAAF_4\/ccspdcVhk2Y\/s320\/DSCN1029.JPG","type":"","width":"","height":""}],"author":"micoulou","twitter_card":"summary_large_image","twitter_misc":{"\u00c9crit par":"micoulou","Dur\u00e9e de lecture estim\u00e9e":"1 minute"},"schema":{"@context":"https:\/\/schema.org","@graph":[{"@type":"Article","@id":"https:\/\/www.micoulou-photos.com\/index.php\/2008\/10\/14\/my-first-limited\/#article","isPartOf":{"@id":"https:\/\/www.micoulou-photos.com\/index.php\/2008\/10\/14\/my-first-limited\/"},"author":{"name":"micoulou","@id":"https:\/\/www.micoulou-photos.com\/#\/schema\/person\/6aedfe8ebe91da632f46e7c9d806a722"},"headline":"My first Limited","datePublished":"2008-10-14T11:42:00+00:00","mainEntityOfPage":{"@id":"https:\/\/www.micoulou-photos.com\/index.php\/2008\/10\/14\/my-first-limited\/"},"wordCount":113,"commentCount":0,"publisher":{"@id":"https:\/\/www.micoulou-photos.com\/#organization"},"image":{"@id":"https:\/\/www.micoulou-photos.com\/index.php\/2008\/10\/14\/my-first-limited\/#primaryimage"},"thumbnailUrl":"http:\/\/3.bp.blogspot.com\/_XkNwbuBHhIs\/SPSIIzah4UI\/AAAAAAAAF_4\/ccspdcVhk2Y\/s320\/DSCN1029.JPG","inLanguage":"fr-FR","potentialAction":[{"@type":"CommentAction","name":"Comment","target":["https:\/\/www.micoulou-photos.com\/index.php\/2008\/10\/14\/my-first-limited\/#respond"]}]},{"@type":"WebPage","@id":"https:\/\/www.micoulou-photos.com\/index.php\/2008\/10\/14\/my-first-limited\/","url":"https:\/\/www.micoulou-photos.com\/index.php\/2008\/10\/14\/my-first-limited\/","name":"My first Limited - Micoulou Photographie","isPartOf":{"@id":"https:\/\/www.micoulou-photos.com\/#website"},"primaryImageOfPage":{"@id":"https:\/\/www.micoulou-photos.com\/index.php\/2008\/10\/14\/my-first-limited\/#primaryimage"},"image":{"@id":"https:\/\/www.micoulou-photos.com\/index.php\/2008\/10\/14\/my-first-limited\/#primaryimage"},"thumbnailUrl":"http:\/\/3.bp.blogspot.com\/_XkNwbuBHhIs\/SPSIIzah4UI\/AAAAAAAAF_4\/ccspdcVhk2Y\/s320\/DSCN1029.JPG","datePublished":"2008-10-14T11:42:00+00:00","breadcrumb":{"@id":"https:\/\/www.micoulou-photos.com\/index.php\/2008\/10\/14\/my-first-limited\/#breadcrumb"},"inLanguage":"fr-FR","potentialAction":[{"@type":"ReadAction","target":["https:\/\/www.micoulou-photos.com\/index.php\/2008\/10\/14\/my-first-limited\/"]}]},{"@type":"ImageObject","inLanguage":"fr-FR","@id":"https:\/\/www.micoulou-photos.com\/index.php\/2008\/10\/14\/my-first-limited\/#primaryimage","url":"http:\/\/3.bp.blogspot.com\/_XkNwbuBHhIs\/SPSIIzah4UI\/AAAAAAAAF_4\/ccspdcVhk2Y\/s320\/DSCN1029.JPG","contentUrl":"http:\/\/3.bp.blogspot.com\/_XkNwbuBHhIs\/SPSIIzah4UI\/AAAAAAAAF_4\/ccspdcVhk2Y\/s320\/DSCN1029.JPG"},{"@type":"BreadcrumbList","@id":"https:\/\/www.micoulou-photos.com\/index.php\/2008\/10\/14\/my-first-limited\/#breadcrumb","itemListElement":[{"@type":"ListItem","position":1,"name":"Accueil","item":"https:\/\/www.micoulou-photos.com\/"},{"@type":"ListItem","position":2,"name":"My first Limited"}]},{"@type":"WebSite","@id":"https:\/\/www.micoulou-photos.com\/#website","url":"https:\/\/www.micoulou-photos.com\/","name":"Micoulou Photographie","description":"Photographies, Visites virtuelles et formations par Mickael Minarie","publisher":{"@id":"https:\/\/www.micoulou-photos.com\/#organization"},"potentialAction":[{"@type":"SearchAction","target":{"@type":"EntryPoint","urlTemplate":"https:\/\/www.micoulou-photos.com\/?s={search_term_string}"},"query-input":{"@type":"PropertyValueSpecification","valueRequired":true,"valueName":"search_term_string"}}],"inLanguage":"fr-FR"},{"@type":"Organization","@id":"https:\/\/www.micoulou-photos.com\/#organization","name":"Micoulou Photographie","url":"https:\/\/www.micoulou-photos.com\/","logo":{"@type":"ImageObject","inLanguage":"fr-FR","@id":"https:\/\/www.micoulou-photos.com\/#\/schema\/logo\/image\/","url":"https:\/\/i0.wp.com\/www.micoulou-photos.com\/wp-content\/uploads\/2020\/05\/cropped-891667_552097324824916_1615181552_o-1.jpg?fit=643%2C722&ssl=1","contentUrl":"https:\/\/i0.wp.com\/www.micoulou-photos.com\/wp-content\/uploads\/2020\/05\/cropped-891667_552097324824916_1615181552_o-1.jpg?fit=643%2C722&ssl=1","width":643,"height":722,"caption":"Micoulou Photographie"},"image":{"@id":"https:\/\/www.micoulou-photos.com\/#\/schema\/logo\/image\/"}},{"@type":"Person","@id":"https:\/\/www.micoulou-photos.com\/#\/schema\/person\/6aedfe8ebe91da632f46e7c9d806a722","name":"micoulou","image":{"@type":"ImageObject","inLanguage":"fr-FR","@id":"https:\/\/secure.gravatar.com\/avatar\/98f892eb7d267eab2faa437baa3edd708deaaa43929316c0cc7b751a04cb247b?s=96&d=mm&r=g","url":"https:\/\/secure.gravatar.com\/avatar\/98f892eb7d267eab2faa437baa3edd708deaaa43929316c0cc7b751a04cb247b?s=96&d=mm&r=g","contentUrl":"https:\/\/secure.gravatar.com\/avatar\/98f892eb7d267eab2faa437baa3edd708deaaa43929316c0cc7b751a04cb247b?s=96&d=mm&r=g","caption":"micoulou"},"url":"https:\/\/www.micoulou-photos.com\/index.php\/author\/micoulou\/"}]}},"jetpack_publicize_connections":[],"jetpack_featured_media_url":"","jetpack_sharing_enabled":true,"jetpack_shortlink":"https:\/\/wp.me\/p7zKF4-43","jetpack-related-posts":[{"id":248,"url":"https:\/\/www.micoulou-photos.com\/index.php\/2008\/11\/08\/matos-photo\/","url_meta":{"origin":251,"position":0},"title":"Matos photo","author":"micoulou","date":"8 novembre 2008","format":false,"excerpt":"Temps de merde pour prendre des photos ? Finalement je suis rest\u00e9 au chaud chez moi pour prendre quelques photos de mon matos...Finalement en moins d'un an, j'ai accumuler pas mal de matos, quelques tresors (Sigma 90mm macro, Sigma 400mm, 70-210mm 2.8, pentax 21mm ltd, Zeiss 135mm 3.5, Helios 44M...)\u2026","rel":"","context":"Dans &quot;Non class\u00e9&quot;","block_context":{"text":"Non class\u00e9","link":"https:\/\/www.micoulou-photos.com\/index.php\/category\/non-classe\/"},"img":{"alt_text":"","src":"","width":0,"height":0},"classes":[]},{"id":260,"url":"https:\/\/www.micoulou-photos.com\/index.php\/2008\/04\/21\/test-du-carl-zeiss-jena-135mm-f3-5\/","url_meta":{"origin":251,"position":1},"title":"test du Carl Zeiss Jena 135mm f\/3.5","author":"micoulou","date":"21 avril 2008","format":false,"excerpt":"J'ai enfin recu mon adaptateur qui gardait l'infini.J'ai pu finalement le tester sur le Pentax, le Canon refuse de declencher avec l'adaptateur EOS\/M42 au cul...Tout d'abord, la plupart des photos sont sous ex avec la mesure par defaut. Ensuite, autre inconvenient, la fermeture de diaphragme est manuelle, il n'y a\u2026","rel":"","context":"Dans &quot;Non class\u00e9&quot;","block_context":{"text":"Non class\u00e9","link":"https:\/\/www.micoulou-photos.com\/index.php\/category\/non-classe\/"},"img":{"alt_text":"","src":"","width":0,"height":0},"classes":[]},{"id":241,"url":"https:\/\/www.micoulou-photos.com\/index.php\/2009\/03\/01\/tamron-135mm-ad-f2-8\/","url_meta":{"origin":251,"position":2},"title":"Tamron 135mm ad f2.8","author":"micoulou","date":"1 mars 2009","format":false,"excerpt":"J'ai cet objectif depuis decembre, il devait me permettre de remplacer mes 135mm en M42. Vu l'hiver, je n'avait pas vraiment pu le tester. C'est un objectif leger et bonmacrh\u00e9 (on arrive a le trouver a 15\u20ac). Je l'ai pour le moment test\u00e9 seulement sur le Fuji avec la bague\u2026","rel":"","context":"Dans &quot;Non class\u00e9&quot;","block_context":{"text":"Non class\u00e9","link":"https:\/\/www.micoulou-photos.com\/index.php\/category\/non-classe\/"},"img":{"alt_text":"","src":"","width":0,"height":0},"classes":[]},{"id":249,"url":"https:\/\/www.micoulou-photos.com\/index.php\/2008\/10\/28\/une-journee-avec-le-21mm\/","url_meta":{"origin":251,"position":3},"title":"Une journ\u00e9e avec le 21mm","author":"micoulou","date":"28 octobre 2008","format":false,"excerpt":"Je suis parti a Edinburgh avec mon Pentax K100D et son DA 21mm Limited ainsi que le Nikon 5700. Une grande partie des photo a ete faite avec le K100D et je viens de traiter les photos et je suis plutot content du resultat.D'abord, la focale 21mm est vraiment pratique\u2026","rel":"","context":"Dans &quot;Non class\u00e9&quot;","block_context":{"text":"Non class\u00e9","link":"https:\/\/www.micoulou-photos.com\/index.php\/category\/non-classe\/"},"img":{"alt_text":"","src":"","width":0,"height":0},"classes":[]},{"id":261,"url":"https:\/\/www.micoulou-photos.com\/index.php\/2008\/04\/21\/adaptateur-m42-pk-et-m42-eos-roxen\/","url_meta":{"origin":251,"position":4},"title":"adaptateur M42-pk et M42-eos Roxen","author":"micoulou","date":"21 avril 2008","format":false,"excerpt":"J'ai recu mes deux adaptateur. Celui pour EOS ne fonctionne pas sur mon EOS numerique mais fonctionne correctement sur l'argentique.Celui pour PK fonctionne correctement sur les deux pentax et garde l'infini, c'est celui dans collerette (j'ai aussi l'autre mais est inutilisable). Il garde l'infini sur la plupart des objectifs mais\u2026","rel":"","context":"Dans &quot;Non class\u00e9&quot;","block_context":{"text":"Non class\u00e9","link":"https:\/\/www.micoulou-photos.com\/index.php\/category\/non-classe\/"},"img":{"alt_text":"","src":"","width":0,"height":0},"classes":[]},{"id":263,"url":"https:\/\/www.micoulou-photos.com\/index.php\/2008\/04\/12\/canon-d30-piece-de-musee-ou-vrai-dslr\/","url_meta":{"origin":251,"position":5},"title":"Canon D30, pi\u00e8ce de mus\u00e9e ou vrai DSLR","author":"micoulou","date":"12 avril 2008","format":false,"excerpt":"Bon, voila, j'ai re\u00e7u mon Canon D30, le premier reflex con\u00e7u enti\u00e8rement par Canon (les plus ancien, la partie num\u00e9rique \u00e9tait faite par Kodak ou Sony).C'est un appareil photo professionnel qui sera remplac\u00e9 ensuite dans la m\u00eame gamme par le 1D et dans le m\u00eame genre par le D60. Cet\u2026","rel":"","context":"Dans &quot;Non class\u00e9&quot;","block_context":{"text":"Non class\u00e9","link":"https:\/\/www.micoulou-photos.com\/index.php\/category\/non-classe\/"},"img":{"alt_text":"","src":"","width":0,"height":0},"classes":[]}],"_links":{"self":[{"href":"https:\/\/www.micoulou-photos.com\/index.php\/wp-json\/wp\/v2\/posts\/251","targetHints":{"allow":["GET"]}}],"collection":[{"href":"https:\/\/www.micoulou-photos.com\/index.php\/wp-json\/wp\/v2\/posts"}],"about":[{"href":"https:\/\/www.micoulou-photos.com\/index.php\/wp-json\/wp\/v2\/types\/post"}],"author":[{"embeddable":true,"href":"https:\/\/www.micoulou-photos.com\/index.php\/wp-json\/wp\/v2\/users\/1"}],"replies":[{"embeddable":true,"href":"https:\/\/www.micoulou-photos.com\/index.php\/wp-json\/wp\/v2\/comments?post=251"}],"version-history":[{"count":0,"href":"https:\/\/www.micoulou-photos.com\/index.php\/wp-json\/wp\/v2\/posts\/251\/revisions"}],"wp:attachment":[{"href":"https:\/\/www.micoulou-photos.com\/index.php\/wp-json\/wp\/v2\/media?parent=251"}],"wp:term":[{"taxonomy":"category","embeddable":true,"href":"https:\/\/www.micoulou-photos.com\/index.php\/wp-json\/wp\/v2\/categories?post=251"},{"taxonomy":"post_tag","embeddable":true,"href":"https:\/\/www.micoulou-photos.com\/index.php\/wp-json\/wp\/v2\/tags?post=251"}],"curies":[{"name":"wp","href":"https:\/\/api.w.org\/{rel}","templated":true}]}}