{"id":249,"date":"2008-10-28T00:39:00","date_gmt":"2008-10-27T23:39:00","guid":{"rendered":"http:\/\/micoulou.info\/wp\/index.php\/2008\/10\/28\/une-journee-avec-le-21mm\/"},"modified":"2018-01-02T23:21:42","modified_gmt":"2018-01-02T22:21:42","slug":"une-journee-avec-le-21mm","status":"publish","type":"post","link":"https:\/\/www.micoulou-photos.com\/index.php\/2008\/10\/28\/une-journee-avec-le-21mm\/","title":{"rendered":"Une journ\u00e9e avec le 21mm"},"content":{"rendered":"<p>Je suis parti a Edinburgh avec mon Pentax K100D et son DA 21mm Limited  ainsi que le Nikon 5700. Une grande partie des photo a ete faite avec  le K100D et je viens de traiter les photos et je suis plutot content du resultat.<br \/>D&rsquo;abord, la focale 21mm est vraiment pratique en ville, elle n&rsquo;a pas de distortion trop eleve et permet de prendre des photos de rue, de personnage et d&rsquo;architecture tout en controlant le vignetage. L&rsquo;ouverture de 3.2 n&rsquo;est vraiment pas un probleme, avec la stab, on peut faire des photo a 1\/10 voire 1\/6s a cette focale. Le rendu des couleur, contraste est vraiment bon, les couleurs sont l\u00e9g\u00e8rement froide, ce qui contraste avec le 35mm ou les couleurs sont plus chaude. Le fait qu&rsquo;il soit leger fait qu&rsquo;on l&rsquo;oubli, le quick shift est vraiement pratique et la semi tropicalisation aussi.<\/p>\n<p><span style=\"font-weight: bold;\">Bref, mon premier objectif limited, que j&rsquo;ai pay\u00e9 assez cher (c&rsquo;est la premiere fois que je met ce prix la pour un objo) mais le rendu et la qualit\u00e9 de fabrication le vale vraiment.<\/span><\/p>\n<table style=\"width:auto;\">\n<tr>\n<td><img data-recalc-dims=\"1\" decoding=\"async\" src=\"https:\/\/i0.wp.com\/lh5.ggpht.com\/mickael.minarie\/SQYllM4ahdI\/AAAAAAAAGOE\/6eKxHeR8V2w\/s144\/IMGP6903.jpg?w=800\" \/><\/td>\n<\/tr>\n<tr>\n<td style=\"font-family:arial,sans-serif; font-size:11px; text-align:right\">From edinburgh 27-10<\/td>\n<\/tr>\n<\/table>\n<p>Un wool factory, en bas du chateau, prise a PO a 800 iso (flash interdit).<\/p>\n<table style=\"width:auto;\">\n<tr>\n<td><img data-recalc-dims=\"1\" decoding=\"async\" src=\"https:\/\/i0.wp.com\/lh5.ggpht.com\/mickael.minarie\/SQYlhLL6FAI\/AAAAAAAAGN0\/XgmHm4Rz-GQ\/s288\/IMGP6899.jpg?w=800\" \/><\/td>\n<\/tr>\n<tr>\n<td style=\"font-family:arial,sans-serif; font-size:11px; text-align:right\">From edinburgh 27-10<\/td>\n<\/tr>\n<\/table>\n<p>idem<\/p>\n<p>La rue qui m\u00e8ne au chateau<\/p>\n<table style=\"width:auto;\">\n<tr>\n<td><img data-recalc-dims=\"1\" decoding=\"async\" src=\"https:\/\/i0.wp.com\/lh3.ggpht.com\/mickael.minarie\/SQYjHpc2QeI\/AAAAAAAAGM0\/js2bKpS-Tag\/s288\/IMGP6840.jpg?w=800\" \/><\/td>\n<\/tr>\n<tr>\n<td style=\"font-family:arial,sans-serif; font-size:11px; text-align:right\">From edinburgh 27-10<\/td>\n<\/tr>\n<\/table>\n<p>??? Parc<\/p>\n<table style=\"width:auto;\">\n<tr>\n<td><img data-recalc-dims=\"1\" decoding=\"async\" src=\"https:\/\/i0.wp.com\/lh6.ggpht.com\/mickael.minarie\/SQYmZU8GsjI\/AAAAAAAAGOk\/H-8FFVLMQ8k\/s288\/IMGP6936.jpg?w=800\" \/><\/td>\n<\/tr>\n<tr>\n<td style=\"font-family:arial,sans-serif; font-size:11px; text-align:right\">From edinburgh 27-10<\/td>\n<\/tr>\n<\/table>\n","protected":false},"excerpt":{"rendered":"<p>Je suis parti a Edinburgh avec mon Pentax K100D et son DA 21mm Limited ainsi que le Nikon 5700. Une grande partie des photo a ete faite avec le K100D et je viens de traiter les photos et je suis plutot content du resultat.D&rsquo;abord, la focale 21mm est vraiment pratique en ville, elle n&rsquo;a pas [&hellip;]<\/p>\n","protected":false},"author":1,"featured_media":0,"comment_status":"open","ping_status":"open","sticky":false,"template":"","format":"standard","meta":{"jetpack_post_was_ever_published":false,"_jetpack_newsletter_access":"","_jetpack_dont_email_post_to_subs":false,"_jetpack_newsletter_tier_id":0,"_jetpack_memberships_contains_paywalled_content":false,"_jetpack_memberships_contains_paid_content":false,"footnotes":"","jetpack_publicize_message":"","jetpack_publicize_feature_enabled":true,"jetpack_social_post_already_shared":false,"jetpack_social_options":{"image_generator_settings":{"template":"highway","default_image_id":0,"font":"","enabled":false},"version":2}},"categories":[1],"tags":[],"class_list":["post-249","post","type-post","status-publish","format-standard","hentry","category-non-classe"],"yoast_head":"<!-- This site is optimized with the Yoast SEO plugin v27.5 - https:\/\/yoast.com\/product\/yoast-seo-wordpress\/ -->\n<title>Une journ\u00e9e avec le 21mm - Micoulou Photographie<\/title>\n<meta name=\"robots\" content=\"index, follow, max-snippet:-1, max-image-preview:large, max-video-preview:-1\" \/>\n<link rel=\"canonical\" href=\"https:\/\/www.micoulou-photos.com\/index.php\/2008\/10\/28\/une-journee-avec-le-21mm\/\" \/>\n<meta property=\"og:locale\" content=\"fr_FR\" \/>\n<meta property=\"og:type\" content=\"article\" \/>\n<meta property=\"og:title\" content=\"Une journ\u00e9e avec le 21mm - Micoulou Photographie\" \/>\n<meta property=\"og:description\" content=\"Je suis parti a Edinburgh avec mon Pentax K100D et son DA 21mm Limited ainsi que le Nikon 5700. Une grande partie des photo a ete faite avec le K100D et je viens de traiter les photos et je suis plutot content du resultat.D&rsquo;abord, la focale 21mm est vraiment pratique en ville, elle n&rsquo;a pas [&hellip;]\" \/>\n<meta property=\"og:url\" content=\"https:\/\/www.micoulou-photos.com\/index.php\/2008\/10\/28\/une-journee-avec-le-21mm\/\" \/>\n<meta property=\"og:site_name\" content=\"Micoulou Photographie\" \/>\n<meta property=\"article:published_time\" content=\"2008-10-27T23:39:00+00:00\" \/>\n<meta property=\"article:modified_time\" content=\"2018-01-02T22:21:42+00:00\" \/>\n<meta property=\"og:image\" content=\"http:\/\/lh5.ggpht.com\/mickael.minarie\/SQYllM4ahdI\/AAAAAAAAGOE\/6eKxHeR8V2w\/s144\/IMGP6903.jpg\" \/>\n<meta name=\"author\" content=\"micoulou\" \/>\n<meta name=\"twitter:card\" content=\"summary_large_image\" \/>\n<meta name=\"twitter:label1\" content=\"\u00c9crit par\" \/>\n\t<meta name=\"twitter:data1\" content=\"micoulou\" \/>\n\t<meta name=\"twitter:label2\" content=\"Dur\u00e9e de lecture estim\u00e9e\" \/>\n\t<meta name=\"twitter:data2\" content=\"1 minute\" \/>\n<script type=\"application\/ld+json\" class=\"yoast-schema-graph\">{\"@context\":\"https:\\\/\\\/schema.org\",\"@graph\":[{\"@type\":\"Article\",\"@id\":\"https:\\\/\\\/www.micoulou-photos.com\\\/index.php\\\/2008\\\/10\\\/28\\\/une-journee-avec-le-21mm\\\/#article\",\"isPartOf\":{\"@id\":\"https:\\\/\\\/www.micoulou-photos.com\\\/index.php\\\/2008\\\/10\\\/28\\\/une-journee-avec-le-21mm\\\/\"},\"author\":{\"name\":\"micoulou\",\"@id\":\"https:\\\/\\\/www.micoulou-photos.com\\\/#\\\/schema\\\/person\\\/6aedfe8ebe91da632f46e7c9d806a722\"},\"headline\":\"Une journ\u00e9e avec le 21mm\",\"datePublished\":\"2008-10-27T23:39:00+00:00\",\"dateModified\":\"2018-01-02T22:21:42+00:00\",\"mainEntityOfPage\":{\"@id\":\"https:\\\/\\\/www.micoulou-photos.com\\\/index.php\\\/2008\\\/10\\\/28\\\/une-journee-avec-le-21mm\\\/\"},\"wordCount\":230,\"commentCount\":0,\"publisher\":{\"@id\":\"https:\\\/\\\/www.micoulou-photos.com\\\/#organization\"},\"image\":{\"@id\":\"https:\\\/\\\/www.micoulou-photos.com\\\/index.php\\\/2008\\\/10\\\/28\\\/une-journee-avec-le-21mm\\\/#primaryimage\"},\"thumbnailUrl\":\"http:\\\/\\\/lh5.ggpht.com\\\/mickael.minarie\\\/SQYllM4ahdI\\\/AAAAAAAAGOE\\\/6eKxHeR8V2w\\\/s144\\\/IMGP6903.jpg\",\"inLanguage\":\"fr-FR\",\"potentialAction\":[{\"@type\":\"CommentAction\",\"name\":\"Comment\",\"target\":[\"https:\\\/\\\/www.micoulou-photos.com\\\/index.php\\\/2008\\\/10\\\/28\\\/une-journee-avec-le-21mm\\\/#respond\"]}]},{\"@type\":\"WebPage\",\"@id\":\"https:\\\/\\\/www.micoulou-photos.com\\\/index.php\\\/2008\\\/10\\\/28\\\/une-journee-avec-le-21mm\\\/\",\"url\":\"https:\\\/\\\/www.micoulou-photos.com\\\/index.php\\\/2008\\\/10\\\/28\\\/une-journee-avec-le-21mm\\\/\",\"name\":\"Une journ\u00e9e avec le 21mm - Micoulou Photographie\",\"isPartOf\":{\"@id\":\"https:\\\/\\\/www.micoulou-photos.com\\\/#website\"},\"primaryImageOfPage\":{\"@id\":\"https:\\\/\\\/www.micoulou-photos.com\\\/index.php\\\/2008\\\/10\\\/28\\\/une-journee-avec-le-21mm\\\/#primaryimage\"},\"image\":{\"@id\":\"https:\\\/\\\/www.micoulou-photos.com\\\/index.php\\\/2008\\\/10\\\/28\\\/une-journee-avec-le-21mm\\\/#primaryimage\"},\"thumbnailUrl\":\"http:\\\/\\\/lh5.ggpht.com\\\/mickael.minarie\\\/SQYllM4ahdI\\\/AAAAAAAAGOE\\\/6eKxHeR8V2w\\\/s144\\\/IMGP6903.jpg\",\"datePublished\":\"2008-10-27T23:39:00+00:00\",\"dateModified\":\"2018-01-02T22:21:42+00:00\",\"breadcrumb\":{\"@id\":\"https:\\\/\\\/www.micoulou-photos.com\\\/index.php\\\/2008\\\/10\\\/28\\\/une-journee-avec-le-21mm\\\/#breadcrumb\"},\"inLanguage\":\"fr-FR\",\"potentialAction\":[{\"@type\":\"ReadAction\",\"target\":[\"https:\\\/\\\/www.micoulou-photos.com\\\/index.php\\\/2008\\\/10\\\/28\\\/une-journee-avec-le-21mm\\\/\"]}]},{\"@type\":\"ImageObject\",\"inLanguage\":\"fr-FR\",\"@id\":\"https:\\\/\\\/www.micoulou-photos.com\\\/index.php\\\/2008\\\/10\\\/28\\\/une-journee-avec-le-21mm\\\/#primaryimage\",\"url\":\"http:\\\/\\\/lh5.ggpht.com\\\/mickael.minarie\\\/SQYllM4ahdI\\\/AAAAAAAAGOE\\\/6eKxHeR8V2w\\\/s144\\\/IMGP6903.jpg\",\"contentUrl\":\"http:\\\/\\\/lh5.ggpht.com\\\/mickael.minarie\\\/SQYllM4ahdI\\\/AAAAAAAAGOE\\\/6eKxHeR8V2w\\\/s144\\\/IMGP6903.jpg\"},{\"@type\":\"BreadcrumbList\",\"@id\":\"https:\\\/\\\/www.micoulou-photos.com\\\/index.php\\\/2008\\\/10\\\/28\\\/une-journee-avec-le-21mm\\\/#breadcrumb\",\"itemListElement\":[{\"@type\":\"ListItem\",\"position\":1,\"name\":\"Accueil\",\"item\":\"https:\\\/\\\/www.micoulou-photos.com\\\/\"},{\"@type\":\"ListItem\",\"position\":2,\"name\":\"Une journ\u00e9e avec le 21mm\"}]},{\"@type\":\"WebSite\",\"@id\":\"https:\\\/\\\/www.micoulou-photos.com\\\/#website\",\"url\":\"https:\\\/\\\/www.micoulou-photos.com\\\/\",\"name\":\"Micoulou Photographie\",\"description\":\"Photographies, Visites virtuelles et formations par Mickael Minarie\",\"publisher\":{\"@id\":\"https:\\\/\\\/www.micoulou-photos.com\\\/#organization\"},\"potentialAction\":[{\"@type\":\"SearchAction\",\"target\":{\"@type\":\"EntryPoint\",\"urlTemplate\":\"https:\\\/\\\/www.micoulou-photos.com\\\/?s={search_term_string}\"},\"query-input\":{\"@type\":\"PropertyValueSpecification\",\"valueRequired\":true,\"valueName\":\"search_term_string\"}}],\"inLanguage\":\"fr-FR\"},{\"@type\":\"Organization\",\"@id\":\"https:\\\/\\\/www.micoulou-photos.com\\\/#organization\",\"name\":\"Micoulou Photographie\",\"url\":\"https:\\\/\\\/www.micoulou-photos.com\\\/\",\"logo\":{\"@type\":\"ImageObject\",\"inLanguage\":\"fr-FR\",\"@id\":\"https:\\\/\\\/www.micoulou-photos.com\\\/#\\\/schema\\\/logo\\\/image\\\/\",\"url\":\"https:\\\/\\\/i0.wp.com\\\/www.micoulou-photos.com\\\/wp-content\\\/uploads\\\/2020\\\/05\\\/cropped-891667_552097324824916_1615181552_o-1.jpg?fit=643%2C722&ssl=1\",\"contentUrl\":\"https:\\\/\\\/i0.wp.com\\\/www.micoulou-photos.com\\\/wp-content\\\/uploads\\\/2020\\\/05\\\/cropped-891667_552097324824916_1615181552_o-1.jpg?fit=643%2C722&ssl=1\",\"width\":643,\"height\":722,\"caption\":\"Micoulou Photographie\"},\"image\":{\"@id\":\"https:\\\/\\\/www.micoulou-photos.com\\\/#\\\/schema\\\/logo\\\/image\\\/\"}},{\"@type\":\"Person\",\"@id\":\"https:\\\/\\\/www.micoulou-photos.com\\\/#\\\/schema\\\/person\\\/6aedfe8ebe91da632f46e7c9d806a722\",\"name\":\"micoulou\",\"image\":{\"@type\":\"ImageObject\",\"inLanguage\":\"fr-FR\",\"@id\":\"https:\\\/\\\/secure.gravatar.com\\\/avatar\\\/98f892eb7d267eab2faa437baa3edd708deaaa43929316c0cc7b751a04cb247b?s=96&d=mm&r=g\",\"url\":\"https:\\\/\\\/secure.gravatar.com\\\/avatar\\\/98f892eb7d267eab2faa437baa3edd708deaaa43929316c0cc7b751a04cb247b?s=96&d=mm&r=g\",\"contentUrl\":\"https:\\\/\\\/secure.gravatar.com\\\/avatar\\\/98f892eb7d267eab2faa437baa3edd708deaaa43929316c0cc7b751a04cb247b?s=96&d=mm&r=g\",\"caption\":\"micoulou\"},\"url\":\"https:\\\/\\\/www.micoulou-photos.com\\\/index.php\\\/author\\\/micoulou\\\/\"}]}<\/script>\n<!-- \/ Yoast SEO plugin. -->","yoast_head_json":{"title":"Une journ\u00e9e avec le 21mm - Micoulou Photographie","robots":{"index":"index","follow":"follow","max-snippet":"max-snippet:-1","max-image-preview":"max-image-preview:large","max-video-preview":"max-video-preview:-1"},"canonical":"https:\/\/www.micoulou-photos.com\/index.php\/2008\/10\/28\/une-journee-avec-le-21mm\/","og_locale":"fr_FR","og_type":"article","og_title":"Une journ\u00e9e avec le 21mm - Micoulou Photographie","og_description":"Je suis parti a Edinburgh avec mon Pentax K100D et son DA 21mm Limited ainsi que le Nikon 5700. Une grande partie des photo a ete faite avec le K100D et je viens de traiter les photos et je suis plutot content du resultat.D&rsquo;abord, la focale 21mm est vraiment pratique en ville, elle n&rsquo;a pas [&hellip;]","og_url":"https:\/\/www.micoulou-photos.com\/index.php\/2008\/10\/28\/une-journee-avec-le-21mm\/","og_site_name":"Micoulou Photographie","article_published_time":"2008-10-27T23:39:00+00:00","article_modified_time":"2018-01-02T22:21:42+00:00","og_image":[{"url":"http:\/\/lh5.ggpht.com\/mickael.minarie\/SQYllM4ahdI\/AAAAAAAAGOE\/6eKxHeR8V2w\/s144\/IMGP6903.jpg","type":"","width":"","height":""}],"author":"micoulou","twitter_card":"summary_large_image","twitter_misc":{"\u00c9crit par":"micoulou","Dur\u00e9e de lecture estim\u00e9e":"1 minute"},"schema":{"@context":"https:\/\/schema.org","@graph":[{"@type":"Article","@id":"https:\/\/www.micoulou-photos.com\/index.php\/2008\/10\/28\/une-journee-avec-le-21mm\/#article","isPartOf":{"@id":"https:\/\/www.micoulou-photos.com\/index.php\/2008\/10\/28\/une-journee-avec-le-21mm\/"},"author":{"name":"micoulou","@id":"https:\/\/www.micoulou-photos.com\/#\/schema\/person\/6aedfe8ebe91da632f46e7c9d806a722"},"headline":"Une journ\u00e9e avec le 21mm","datePublished":"2008-10-27T23:39:00+00:00","dateModified":"2018-01-02T22:21:42+00:00","mainEntityOfPage":{"@id":"https:\/\/www.micoulou-photos.com\/index.php\/2008\/10\/28\/une-journee-avec-le-21mm\/"},"wordCount":230,"commentCount":0,"publisher":{"@id":"https:\/\/www.micoulou-photos.com\/#organization"},"image":{"@id":"https:\/\/www.micoulou-photos.com\/index.php\/2008\/10\/28\/une-journee-avec-le-21mm\/#primaryimage"},"thumbnailUrl":"http:\/\/lh5.ggpht.com\/mickael.minarie\/SQYllM4ahdI\/AAAAAAAAGOE\/6eKxHeR8V2w\/s144\/IMGP6903.jpg","inLanguage":"fr-FR","potentialAction":[{"@type":"CommentAction","name":"Comment","target":["https:\/\/www.micoulou-photos.com\/index.php\/2008\/10\/28\/une-journee-avec-le-21mm\/#respond"]}]},{"@type":"WebPage","@id":"https:\/\/www.micoulou-photos.com\/index.php\/2008\/10\/28\/une-journee-avec-le-21mm\/","url":"https:\/\/www.micoulou-photos.com\/index.php\/2008\/10\/28\/une-journee-avec-le-21mm\/","name":"Une journ\u00e9e avec le 21mm - Micoulou Photographie","isPartOf":{"@id":"https:\/\/www.micoulou-photos.com\/#website"},"primaryImageOfPage":{"@id":"https:\/\/www.micoulou-photos.com\/index.php\/2008\/10\/28\/une-journee-avec-le-21mm\/#primaryimage"},"image":{"@id":"https:\/\/www.micoulou-photos.com\/index.php\/2008\/10\/28\/une-journee-avec-le-21mm\/#primaryimage"},"thumbnailUrl":"http:\/\/lh5.ggpht.com\/mickael.minarie\/SQYllM4ahdI\/AAAAAAAAGOE\/6eKxHeR8V2w\/s144\/IMGP6903.jpg","datePublished":"2008-10-27T23:39:00+00:00","dateModified":"2018-01-02T22:21:42+00:00","breadcrumb":{"@id":"https:\/\/www.micoulou-photos.com\/index.php\/2008\/10\/28\/une-journee-avec-le-21mm\/#breadcrumb"},"inLanguage":"fr-FR","potentialAction":[{"@type":"ReadAction","target":["https:\/\/www.micoulou-photos.com\/index.php\/2008\/10\/28\/une-journee-avec-le-21mm\/"]}]},{"@type":"ImageObject","inLanguage":"fr-FR","@id":"https:\/\/www.micoulou-photos.com\/index.php\/2008\/10\/28\/une-journee-avec-le-21mm\/#primaryimage","url":"http:\/\/lh5.ggpht.com\/mickael.minarie\/SQYllM4ahdI\/AAAAAAAAGOE\/6eKxHeR8V2w\/s144\/IMGP6903.jpg","contentUrl":"http:\/\/lh5.ggpht.com\/mickael.minarie\/SQYllM4ahdI\/AAAAAAAAGOE\/6eKxHeR8V2w\/s144\/IMGP6903.jpg"},{"@type":"BreadcrumbList","@id":"https:\/\/www.micoulou-photos.com\/index.php\/2008\/10\/28\/une-journee-avec-le-21mm\/#breadcrumb","itemListElement":[{"@type":"ListItem","position":1,"name":"Accueil","item":"https:\/\/www.micoulou-photos.com\/"},{"@type":"ListItem","position":2,"name":"Une journ\u00e9e avec le 21mm"}]},{"@type":"WebSite","@id":"https:\/\/www.micoulou-photos.com\/#website","url":"https:\/\/www.micoulou-photos.com\/","name":"Micoulou Photographie","description":"Photographies, Visites virtuelles et formations par Mickael Minarie","publisher":{"@id":"https:\/\/www.micoulou-photos.com\/#organization"},"potentialAction":[{"@type":"SearchAction","target":{"@type":"EntryPoint","urlTemplate":"https:\/\/www.micoulou-photos.com\/?s={search_term_string}"},"query-input":{"@type":"PropertyValueSpecification","valueRequired":true,"valueName":"search_term_string"}}],"inLanguage":"fr-FR"},{"@type":"Organization","@id":"https:\/\/www.micoulou-photos.com\/#organization","name":"Micoulou Photographie","url":"https:\/\/www.micoulou-photos.com\/","logo":{"@type":"ImageObject","inLanguage":"fr-FR","@id":"https:\/\/www.micoulou-photos.com\/#\/schema\/logo\/image\/","url":"https:\/\/i0.wp.com\/www.micoulou-photos.com\/wp-content\/uploads\/2020\/05\/cropped-891667_552097324824916_1615181552_o-1.jpg?fit=643%2C722&ssl=1","contentUrl":"https:\/\/i0.wp.com\/www.micoulou-photos.com\/wp-content\/uploads\/2020\/05\/cropped-891667_552097324824916_1615181552_o-1.jpg?fit=643%2C722&ssl=1","width":643,"height":722,"caption":"Micoulou Photographie"},"image":{"@id":"https:\/\/www.micoulou-photos.com\/#\/schema\/logo\/image\/"}},{"@type":"Person","@id":"https:\/\/www.micoulou-photos.com\/#\/schema\/person\/6aedfe8ebe91da632f46e7c9d806a722","name":"micoulou","image":{"@type":"ImageObject","inLanguage":"fr-FR","@id":"https:\/\/secure.gravatar.com\/avatar\/98f892eb7d267eab2faa437baa3edd708deaaa43929316c0cc7b751a04cb247b?s=96&d=mm&r=g","url":"https:\/\/secure.gravatar.com\/avatar\/98f892eb7d267eab2faa437baa3edd708deaaa43929316c0cc7b751a04cb247b?s=96&d=mm&r=g","contentUrl":"https:\/\/secure.gravatar.com\/avatar\/98f892eb7d267eab2faa437baa3edd708deaaa43929316c0cc7b751a04cb247b?s=96&d=mm&r=g","caption":"micoulou"},"url":"https:\/\/www.micoulou-photos.com\/index.php\/author\/micoulou\/"}]}},"jetpack_publicize_connections":[],"jetpack_featured_media_url":"","jetpack_sharing_enabled":true,"jetpack_shortlink":"https:\/\/wp.me\/p7zKF4-41","jetpack-related-posts":[{"id":251,"url":"https:\/\/www.micoulou-photos.com\/index.php\/2008\/10\/14\/my-first-limited\/","url_meta":{"origin":249,"position":0},"title":"My first Limited","author":"micoulou","date":"14 octobre 2008","format":false,"excerpt":"Aujourd'hui, j'ai recu mon premier \"limitide\", le 21mm. Cela me permettra de reutiliser mon Pentqx que je n'utilisais plus que pour les photo de nuit et les portrait (M42 inside). Premiere impression, il est tout petit et agreable a utiliser. Test a venir, je suis presse de voir ce que\u2026","rel":"","context":"Dans &quot;Non class\u00e9&quot;","block_context":{"text":"Non class\u00e9","link":"https:\/\/www.micoulou-photos.com\/index.php\/category\/non-classe\/"},"img":{"alt_text":"","src":"","width":0,"height":0},"classes":[]},{"id":71,"url":"https:\/\/www.micoulou-photos.com\/index.php\/2013\/01\/24\/saint-malo\/","url_meta":{"origin":249,"position":1},"title":"Saint Malo","author":"micoulou","date":"24 janvier 2013","format":false,"excerpt":"Une sortie \u00e0 Saint Malo, avec le forum FousDeReflex, avec des gens super sympa, comme d'habitude...Je suis parti avec les Pentax K20D Pentax K-01, muni des 14, 21, 24, 40-80 et 120... C'est un bon combo pour les photos de paysage, le 14mm n'est peut etre pas aussi bon que\u2026","rel":"","context":"Dans &quot;Non class\u00e9&quot;","block_context":{"text":"Non class\u00e9","link":"https:\/\/www.micoulou-photos.com\/index.php\/category\/non-classe\/"},"img":{"alt_text":"","src":"https:\/\/i0.wp.com\/1.bp.blogspot.com\/-QZdIFGV8p-k\/UPvUxnA_kTI\/AAAAAAAA41E\/p0MmcHwpCHc\/s320\/IMGP0299.jpg?resize=350%2C200","width":350,"height":200},"classes":[]},{"id":250,"url":"https:\/\/www.micoulou-photos.com\/index.php\/2008\/10\/20\/premiere-impression-du-21mm-et-du-28-70\/","url_meta":{"origin":249,"position":2},"title":"Premiere impression du 21mm et du 28-70","author":"micoulou","date":"20 octobre 2008","format":false,"excerpt":"Deux objectifs en une semaine... EH oui, j'ai vu une grosse promo. Le 21mm, je le voulais depuis longtemps, le 28-70mm, c'est plus pour remplacer le 18-55mm que je trouve de plus en plus limit\u00e9.J'ai \u00e9t\u00e9 bluff\u00e9 par le rendu du 28-70mm, qui est tr\u00e8s bon (bon piqu\u00e9, beau bokeh,\u2026","rel":"","context":"Dans &quot;Non class\u00e9&quot;","block_context":{"text":"Non class\u00e9","link":"https:\/\/www.micoulou-photos.com\/index.php\/category\/non-classe\/"},"img":{"alt_text":"","src":"","width":0,"height":0},"classes":[]},{"id":244,"url":"https:\/\/www.micoulou-photos.com\/index.php\/2009\/02\/12\/questionnement\/","url_meta":{"origin":249,"position":3},"title":"questionnement ?","author":"micoulou","date":"12 f\u00e9vrier 2009","format":false,"excerpt":"Bon, voila je me pose pas mal de questions, j'ai fait des photos l'ete dernier dont je suis fier, et depuis novembre, alors que j'ai enfin le materiel que je revais, c'est le trou noir, quasiment plus rien, enfin pas grand chose dont je suis content... Est-ce la peur de\u2026","rel":"","context":"Dans &quot;Non class\u00e9&quot;","block_context":{"text":"Non class\u00e9","link":"https:\/\/www.micoulou-photos.com\/index.php\/category\/non-classe\/"},"img":{"alt_text":"","src":"","width":0,"height":0},"classes":[]},{"id":248,"url":"https:\/\/www.micoulou-photos.com\/index.php\/2008\/11\/08\/matos-photo\/","url_meta":{"origin":249,"position":4},"title":"Matos photo","author":"micoulou","date":"8 novembre 2008","format":false,"excerpt":"Temps de merde pour prendre des photos ? Finalement je suis rest\u00e9 au chaud chez moi pour prendre quelques photos de mon matos...Finalement en moins d'un an, j'ai accumuler pas mal de matos, quelques tresors (Sigma 90mm macro, Sigma 400mm, 70-210mm 2.8, pentax 21mm ltd, Zeiss 135mm 3.5, Helios 44M...)\u2026","rel":"","context":"Dans &quot;Non class\u00e9&quot;","block_context":{"text":"Non class\u00e9","link":"https:\/\/www.micoulou-photos.com\/index.php\/category\/non-classe\/"},"img":{"alt_text":"","src":"","width":0,"height":0},"classes":[]},{"id":246,"url":"https:\/\/www.micoulou-photos.com\/index.php\/2008\/12\/26\/nouveau-materiel\/","url_meta":{"origin":249,"position":5},"title":"nouveau materiel&#8230;","author":"micoulou","date":"26 d\u00e9cembre 2008","format":false,"excerpt":"Bon, voila c'est fait, je n'ai plus de Pentax, il ne me reste plus que le 21mm ltd, le FA 35 et les 2 50mm, dont un va etre offert a mon meilleur ami. Je n'ai pas envi de revendre ces magnifiques objectifs mais je ne peux pas me racheter\u2026","rel":"","context":"Dans &quot;Non class\u00e9&quot;","block_context":{"text":"Non class\u00e9","link":"https:\/\/www.micoulou-photos.com\/index.php\/category\/non-classe\/"},"img":{"alt_text":"","src":"","width":0,"height":0},"classes":[]}],"_links":{"self":[{"href":"https:\/\/www.micoulou-photos.com\/index.php\/wp-json\/wp\/v2\/posts\/249","targetHints":{"allow":["GET"]}}],"collection":[{"href":"https:\/\/www.micoulou-photos.com\/index.php\/wp-json\/wp\/v2\/posts"}],"about":[{"href":"https:\/\/www.micoulou-photos.com\/index.php\/wp-json\/wp\/v2\/types\/post"}],"author":[{"embeddable":true,"href":"https:\/\/www.micoulou-photos.com\/index.php\/wp-json\/wp\/v2\/users\/1"}],"replies":[{"embeddable":true,"href":"https:\/\/www.micoulou-photos.com\/index.php\/wp-json\/wp\/v2\/comments?post=249"}],"version-history":[{"count":5,"href":"https:\/\/www.micoulou-photos.com\/index.php\/wp-json\/wp\/v2\/posts\/249\/revisions"}],"predecessor-version":[{"id":3992,"href":"https:\/\/www.micoulou-photos.com\/index.php\/wp-json\/wp\/v2\/posts\/249\/revisions\/3992"}],"wp:attachment":[{"href":"https:\/\/www.micoulou-photos.com\/index.php\/wp-json\/wp\/v2\/media?parent=249"}],"wp:term":[{"taxonomy":"category","embeddable":true,"href":"https:\/\/www.micoulou-photos.com\/index.php\/wp-json\/wp\/v2\/categories?post=249"},{"taxonomy":"post_tag","embeddable":true,"href":"https:\/\/www.micoulou-photos.com\/index.php\/wp-json\/wp\/v2\/tags?post=249"}],"curies":[{"name":"wp","href":"https:\/\/api.w.org\/{rel}","templated":true}]}}