{"id":244,"date":"2009-02-12T22:36:00","date_gmt":"2009-02-12T21:36:00","guid":{"rendered":"http:\/\/micoulou.info\/wp\/index.php\/2009\/02\/12\/questionnement\/"},"modified":"2009-02-12T22:36:00","modified_gmt":"2009-02-12T21:36:00","slug":"questionnement","status":"publish","type":"post","link":"https:\/\/www.micoulou-photos.com\/index.php\/2009\/02\/12\/questionnement\/","title":{"rendered":"questionnement ?"},"content":{"rendered":"<p>Bon, voila je me pose pas mal de questions, j&rsquo;ai fait des photos l&rsquo;ete dernier dont je suis fier, et depuis novembre, alors que j&rsquo;ai enfin le materiel que je revais, c&rsquo;est le trou noir, quasiment plus rien, enfin pas grand chose dont je suis content&#8230; Est-ce la peur de la feuille de l&rsquo;artiste ? Je ne sais plus si je dois revendre tout ce qui ne me sert pas et garder le meilleurs ou recommencer a zero, un <span style=\"font-style: italic;\">K10<\/span> avec un <span style=\"font-style: italic;\">21mm<\/span>, plus de question a se poser sur la dynamique ou sur les objectifs a prendre pour tel ou tel chose&#8230;<\/p>\n<p>D&rsquo;un cot\u00e9 mes meilleurs photos ont ete faite au D30 ou au K100D avec des M42 (h44-2 ou CZJ 135mm f\/3.5)&#8230; Et j&rsquo;ai appris la photo avec mon <span style=\"font-style: italic;\">Pentax<\/span>. D&rsquo;un autre cot\u00e9, maintenant que j&rsquo;ai investi et que j&rsquo;ai du vrai materiel, ca serait dommage de tout perdre.<\/p>\n<p>Je ne sais plus quoi faire, continuer ou pas ? et continuer ce blog que peu de personne regarde ou pas (j&rsquo;ai toujours pas de commentaires&#8230;, d&rsquo;un autre cot\u00e9 j&rsquo;ai eu un vote, qui est-ce ?)&#8230;<\/p>\n<p>Je pense passer plus de temps sur les forum critiques photos les prochains moi, et arreter les forum matos, j&rsquo;en ai deja beaucoup, peut etre ajouter un 35mm f\/1.8 sur Nikon et on arretera la, le K-m ca sera pour l&rsquo;annee prochaine (2010) apacher. J&rsquo;ai du materiel qui est extraordinaire (R1 : meilleur bridge, E5700 rendu des bleu tres bon, D30 premier Canon, Fuji : meilleur dynamique du monde&#8230;).<\/p>\n<p>Voila, je suis un peu perdu, que faire, si certain passent sur ce blog, ou sur flickr ou picasa, donner moi vos avis&#8230;<\/p>\n","protected":false},"excerpt":{"rendered":"<p>Bon, voila je me pose pas mal de questions, j&rsquo;ai fait des photos l&rsquo;ete dernier dont je suis fier, et depuis novembre, alors que j&rsquo;ai enfin le materiel que je revais, c&rsquo;est le trou noir, quasiment plus rien, enfin pas grand chose dont je suis content&#8230; Est-ce la peur de la feuille de l&rsquo;artiste ? [&hellip;]<\/p>\n","protected":false},"author":1,"featured_media":0,"comment_status":"open","ping_status":"open","sticky":false,"template":"","format":"standard","meta":{"jetpack_post_was_ever_published":false,"_jetpack_newsletter_access":"","_jetpack_dont_email_post_to_subs":false,"_jetpack_newsletter_tier_id":0,"_jetpack_memberships_contains_paywalled_content":false,"_jetpack_memberships_contains_paid_content":false,"footnotes":"","jetpack_publicize_message":"","jetpack_publicize_feature_enabled":true,"jetpack_social_post_already_shared":false,"jetpack_social_options":{"image_generator_settings":{"template":"highway","default_image_id":0,"font":"","enabled":false},"version":2}},"categories":[1],"tags":[],"class_list":["post-244","post","type-post","status-publish","format-standard","hentry","category-non-classe"],"yoast_head":"<!-- This site is optimized with the Yoast SEO plugin v27.5 - https:\/\/yoast.com\/product\/yoast-seo-wordpress\/ -->\n<title>questionnement ? - Micoulou Photographie<\/title>\n<meta name=\"robots\" content=\"index, follow, max-snippet:-1, max-image-preview:large, max-video-preview:-1\" \/>\n<link rel=\"canonical\" href=\"https:\/\/www.micoulou-photos.com\/index.php\/2009\/02\/12\/questionnement\/\" \/>\n<meta property=\"og:locale\" content=\"fr_FR\" \/>\n<meta property=\"og:type\" content=\"article\" \/>\n<meta property=\"og:title\" content=\"questionnement ? - Micoulou Photographie\" \/>\n<meta property=\"og:description\" content=\"Bon, voila je me pose pas mal de questions, j&rsquo;ai fait des photos l&rsquo;ete dernier dont je suis fier, et depuis novembre, alors que j&rsquo;ai enfin le materiel que je revais, c&rsquo;est le trou noir, quasiment plus rien, enfin pas grand chose dont je suis content&#8230; Est-ce la peur de la feuille de l&rsquo;artiste ? [&hellip;]\" \/>\n<meta property=\"og:url\" content=\"https:\/\/www.micoulou-photos.com\/index.php\/2009\/02\/12\/questionnement\/\" \/>\n<meta property=\"og:site_name\" content=\"Micoulou Photographie\" \/>\n<meta property=\"article:published_time\" content=\"2009-02-12T21:36:00+00:00\" \/>\n<meta name=\"author\" content=\"micoulou\" \/>\n<meta name=\"twitter:card\" content=\"summary_large_image\" \/>\n<meta name=\"twitter:label1\" content=\"\u00c9crit par\" \/>\n\t<meta name=\"twitter:data1\" content=\"micoulou\" \/>\n\t<meta name=\"twitter:label2\" content=\"Dur\u00e9e de lecture estim\u00e9e\" \/>\n\t<meta name=\"twitter:data2\" content=\"1 minute\" \/>\n<script type=\"application\/ld+json\" class=\"yoast-schema-graph\">{\"@context\":\"https:\\\/\\\/schema.org\",\"@graph\":[{\"@type\":\"Article\",\"@id\":\"https:\\\/\\\/www.micoulou-photos.com\\\/index.php\\\/2009\\\/02\\\/12\\\/questionnement\\\/#article\",\"isPartOf\":{\"@id\":\"https:\\\/\\\/www.micoulou-photos.com\\\/index.php\\\/2009\\\/02\\\/12\\\/questionnement\\\/\"},\"author\":{\"name\":\"micoulou\",\"@id\":\"https:\\\/\\\/www.micoulou-photos.com\\\/#\\\/schema\\\/person\\\/6aedfe8ebe91da632f46e7c9d806a722\"},\"headline\":\"questionnement ?\",\"datePublished\":\"2009-02-12T21:36:00+00:00\",\"mainEntityOfPage\":{\"@id\":\"https:\\\/\\\/www.micoulou-photos.com\\\/index.php\\\/2009\\\/02\\\/12\\\/questionnement\\\/\"},\"wordCount\":292,\"commentCount\":0,\"publisher\":{\"@id\":\"https:\\\/\\\/www.micoulou-photos.com\\\/#organization\"},\"inLanguage\":\"fr-FR\",\"potentialAction\":[{\"@type\":\"CommentAction\",\"name\":\"Comment\",\"target\":[\"https:\\\/\\\/www.micoulou-photos.com\\\/index.php\\\/2009\\\/02\\\/12\\\/questionnement\\\/#respond\"]}]},{\"@type\":\"WebPage\",\"@id\":\"https:\\\/\\\/www.micoulou-photos.com\\\/index.php\\\/2009\\\/02\\\/12\\\/questionnement\\\/\",\"url\":\"https:\\\/\\\/www.micoulou-photos.com\\\/index.php\\\/2009\\\/02\\\/12\\\/questionnement\\\/\",\"name\":\"questionnement ? - Micoulou Photographie\",\"isPartOf\":{\"@id\":\"https:\\\/\\\/www.micoulou-photos.com\\\/#website\"},\"datePublished\":\"2009-02-12T21:36:00+00:00\",\"breadcrumb\":{\"@id\":\"https:\\\/\\\/www.micoulou-photos.com\\\/index.php\\\/2009\\\/02\\\/12\\\/questionnement\\\/#breadcrumb\"},\"inLanguage\":\"fr-FR\",\"potentialAction\":[{\"@type\":\"ReadAction\",\"target\":[\"https:\\\/\\\/www.micoulou-photos.com\\\/index.php\\\/2009\\\/02\\\/12\\\/questionnement\\\/\"]}]},{\"@type\":\"BreadcrumbList\",\"@id\":\"https:\\\/\\\/www.micoulou-photos.com\\\/index.php\\\/2009\\\/02\\\/12\\\/questionnement\\\/#breadcrumb\",\"itemListElement\":[{\"@type\":\"ListItem\",\"position\":1,\"name\":\"Accueil\",\"item\":\"https:\\\/\\\/www.micoulou-photos.com\\\/\"},{\"@type\":\"ListItem\",\"position\":2,\"name\":\"questionnement ?\"}]},{\"@type\":\"WebSite\",\"@id\":\"https:\\\/\\\/www.micoulou-photos.com\\\/#website\",\"url\":\"https:\\\/\\\/www.micoulou-photos.com\\\/\",\"name\":\"Micoulou Photographie\",\"description\":\"Photographies, Visites virtuelles et formations par Mickael Minarie\",\"publisher\":{\"@id\":\"https:\\\/\\\/www.micoulou-photos.com\\\/#organization\"},\"potentialAction\":[{\"@type\":\"SearchAction\",\"target\":{\"@type\":\"EntryPoint\",\"urlTemplate\":\"https:\\\/\\\/www.micoulou-photos.com\\\/?s={search_term_string}\"},\"query-input\":{\"@type\":\"PropertyValueSpecification\",\"valueRequired\":true,\"valueName\":\"search_term_string\"}}],\"inLanguage\":\"fr-FR\"},{\"@type\":\"Organization\",\"@id\":\"https:\\\/\\\/www.micoulou-photos.com\\\/#organization\",\"name\":\"Micoulou Photographie\",\"url\":\"https:\\\/\\\/www.micoulou-photos.com\\\/\",\"logo\":{\"@type\":\"ImageObject\",\"inLanguage\":\"fr-FR\",\"@id\":\"https:\\\/\\\/www.micoulou-photos.com\\\/#\\\/schema\\\/logo\\\/image\\\/\",\"url\":\"https:\\\/\\\/i0.wp.com\\\/www.micoulou-photos.com\\\/wp-content\\\/uploads\\\/2020\\\/05\\\/cropped-891667_552097324824916_1615181552_o-1.jpg?fit=643%2C722&ssl=1\",\"contentUrl\":\"https:\\\/\\\/i0.wp.com\\\/www.micoulou-photos.com\\\/wp-content\\\/uploads\\\/2020\\\/05\\\/cropped-891667_552097324824916_1615181552_o-1.jpg?fit=643%2C722&ssl=1\",\"width\":643,\"height\":722,\"caption\":\"Micoulou Photographie\"},\"image\":{\"@id\":\"https:\\\/\\\/www.micoulou-photos.com\\\/#\\\/schema\\\/logo\\\/image\\\/\"}},{\"@type\":\"Person\",\"@id\":\"https:\\\/\\\/www.micoulou-photos.com\\\/#\\\/schema\\\/person\\\/6aedfe8ebe91da632f46e7c9d806a722\",\"name\":\"micoulou\",\"image\":{\"@type\":\"ImageObject\",\"inLanguage\":\"fr-FR\",\"@id\":\"https:\\\/\\\/secure.gravatar.com\\\/avatar\\\/98f892eb7d267eab2faa437baa3edd708deaaa43929316c0cc7b751a04cb247b?s=96&d=mm&r=g\",\"url\":\"https:\\\/\\\/secure.gravatar.com\\\/avatar\\\/98f892eb7d267eab2faa437baa3edd708deaaa43929316c0cc7b751a04cb247b?s=96&d=mm&r=g\",\"contentUrl\":\"https:\\\/\\\/secure.gravatar.com\\\/avatar\\\/98f892eb7d267eab2faa437baa3edd708deaaa43929316c0cc7b751a04cb247b?s=96&d=mm&r=g\",\"caption\":\"micoulou\"},\"url\":\"https:\\\/\\\/www.micoulou-photos.com\\\/index.php\\\/author\\\/micoulou\\\/\"}]}<\/script>\n<!-- \/ Yoast SEO plugin. -->","yoast_head_json":{"title":"questionnement ? - Micoulou Photographie","robots":{"index":"index","follow":"follow","max-snippet":"max-snippet:-1","max-image-preview":"max-image-preview:large","max-video-preview":"max-video-preview:-1"},"canonical":"https:\/\/www.micoulou-photos.com\/index.php\/2009\/02\/12\/questionnement\/","og_locale":"fr_FR","og_type":"article","og_title":"questionnement ? - Micoulou Photographie","og_description":"Bon, voila je me pose pas mal de questions, j&rsquo;ai fait des photos l&rsquo;ete dernier dont je suis fier, et depuis novembre, alors que j&rsquo;ai enfin le materiel que je revais, c&rsquo;est le trou noir, quasiment plus rien, enfin pas grand chose dont je suis content&#8230; Est-ce la peur de la feuille de l&rsquo;artiste ? [&hellip;]","og_url":"https:\/\/www.micoulou-photos.com\/index.php\/2009\/02\/12\/questionnement\/","og_site_name":"Micoulou Photographie","article_published_time":"2009-02-12T21:36:00+00:00","author":"micoulou","twitter_card":"summary_large_image","twitter_misc":{"\u00c9crit par":"micoulou","Dur\u00e9e de lecture estim\u00e9e":"1 minute"},"schema":{"@context":"https:\/\/schema.org","@graph":[{"@type":"Article","@id":"https:\/\/www.micoulou-photos.com\/index.php\/2009\/02\/12\/questionnement\/#article","isPartOf":{"@id":"https:\/\/www.micoulou-photos.com\/index.php\/2009\/02\/12\/questionnement\/"},"author":{"name":"micoulou","@id":"https:\/\/www.micoulou-photos.com\/#\/schema\/person\/6aedfe8ebe91da632f46e7c9d806a722"},"headline":"questionnement ?","datePublished":"2009-02-12T21:36:00+00:00","mainEntityOfPage":{"@id":"https:\/\/www.micoulou-photos.com\/index.php\/2009\/02\/12\/questionnement\/"},"wordCount":292,"commentCount":0,"publisher":{"@id":"https:\/\/www.micoulou-photos.com\/#organization"},"inLanguage":"fr-FR","potentialAction":[{"@type":"CommentAction","name":"Comment","target":["https:\/\/www.micoulou-photos.com\/index.php\/2009\/02\/12\/questionnement\/#respond"]}]},{"@type":"WebPage","@id":"https:\/\/www.micoulou-photos.com\/index.php\/2009\/02\/12\/questionnement\/","url":"https:\/\/www.micoulou-photos.com\/index.php\/2009\/02\/12\/questionnement\/","name":"questionnement ? - Micoulou Photographie","isPartOf":{"@id":"https:\/\/www.micoulou-photos.com\/#website"},"datePublished":"2009-02-12T21:36:00+00:00","breadcrumb":{"@id":"https:\/\/www.micoulou-photos.com\/index.php\/2009\/02\/12\/questionnement\/#breadcrumb"},"inLanguage":"fr-FR","potentialAction":[{"@type":"ReadAction","target":["https:\/\/www.micoulou-photos.com\/index.php\/2009\/02\/12\/questionnement\/"]}]},{"@type":"BreadcrumbList","@id":"https:\/\/www.micoulou-photos.com\/index.php\/2009\/02\/12\/questionnement\/#breadcrumb","itemListElement":[{"@type":"ListItem","position":1,"name":"Accueil","item":"https:\/\/www.micoulou-photos.com\/"},{"@type":"ListItem","position":2,"name":"questionnement ?"}]},{"@type":"WebSite","@id":"https:\/\/www.micoulou-photos.com\/#website","url":"https:\/\/www.micoulou-photos.com\/","name":"Micoulou Photographie","description":"Photographies, Visites virtuelles et formations par Mickael Minarie","publisher":{"@id":"https:\/\/www.micoulou-photos.com\/#organization"},"potentialAction":[{"@type":"SearchAction","target":{"@type":"EntryPoint","urlTemplate":"https:\/\/www.micoulou-photos.com\/?s={search_term_string}"},"query-input":{"@type":"PropertyValueSpecification","valueRequired":true,"valueName":"search_term_string"}}],"inLanguage":"fr-FR"},{"@type":"Organization","@id":"https:\/\/www.micoulou-photos.com\/#organization","name":"Micoulou Photographie","url":"https:\/\/www.micoulou-photos.com\/","logo":{"@type":"ImageObject","inLanguage":"fr-FR","@id":"https:\/\/www.micoulou-photos.com\/#\/schema\/logo\/image\/","url":"https:\/\/i0.wp.com\/www.micoulou-photos.com\/wp-content\/uploads\/2020\/05\/cropped-891667_552097324824916_1615181552_o-1.jpg?fit=643%2C722&ssl=1","contentUrl":"https:\/\/i0.wp.com\/www.micoulou-photos.com\/wp-content\/uploads\/2020\/05\/cropped-891667_552097324824916_1615181552_o-1.jpg?fit=643%2C722&ssl=1","width":643,"height":722,"caption":"Micoulou Photographie"},"image":{"@id":"https:\/\/www.micoulou-photos.com\/#\/schema\/logo\/image\/"}},{"@type":"Person","@id":"https:\/\/www.micoulou-photos.com\/#\/schema\/person\/6aedfe8ebe91da632f46e7c9d806a722","name":"micoulou","image":{"@type":"ImageObject","inLanguage":"fr-FR","@id":"https:\/\/secure.gravatar.com\/avatar\/98f892eb7d267eab2faa437baa3edd708deaaa43929316c0cc7b751a04cb247b?s=96&d=mm&r=g","url":"https:\/\/secure.gravatar.com\/avatar\/98f892eb7d267eab2faa437baa3edd708deaaa43929316c0cc7b751a04cb247b?s=96&d=mm&r=g","contentUrl":"https:\/\/secure.gravatar.com\/avatar\/98f892eb7d267eab2faa437baa3edd708deaaa43929316c0cc7b751a04cb247b?s=96&d=mm&r=g","caption":"micoulou"},"url":"https:\/\/www.micoulou-photos.com\/index.php\/author\/micoulou\/"}]}},"jetpack_publicize_connections":[],"jetpack_featured_media_url":"","jetpack_sharing_enabled":true,"jetpack_shortlink":"https:\/\/wp.me\/p7zKF4-3W","jetpack-related-posts":[{"id":243,"url":"https:\/\/www.micoulou-photos.com\/index.php\/2009\/02\/12\/materiel-actuel\/","url_meta":{"origin":244,"position":0},"title":"Materiel Actuel","author":"micoulou","date":"12 f\u00e9vrier 2009","format":false,"excerpt":"Je vais laiss\u00e9 de cote ce qui ne sert plus ou ce qui ne peut plus servir juste un petit point a la fin)...Je poss\u00e8de actuellement 4 boitiers :Le Nikon E5700 :le moins bon, date de 2004 mais il est petit(je m'en sert de compact) et le rendu est loin\u2026","rel":"","context":"Dans &quot;Non class\u00e9&quot;","block_context":{"text":"Non class\u00e9","link":"https:\/\/www.micoulou-photos.com\/index.php\/category\/non-classe\/"},"img":{"alt_text":"","src":"","width":0,"height":0},"classes":[]},{"id":246,"url":"https:\/\/www.micoulou-photos.com\/index.php\/2008\/12\/26\/nouveau-materiel\/","url_meta":{"origin":244,"position":1},"title":"nouveau materiel&#8230;","author":"micoulou","date":"26 d\u00e9cembre 2008","format":false,"excerpt":"Bon, voila c'est fait, je n'ai plus de Pentax, il ne me reste plus que le 21mm ltd, le FA 35 et les 2 50mm, dont un va etre offert a mon meilleur ami. Je n'ai pas envi de revendre ces magnifiques objectifs mais je ne peux pas me racheter\u2026","rel":"","context":"Dans &quot;Non class\u00e9&quot;","block_context":{"text":"Non class\u00e9","link":"https:\/\/www.micoulou-photos.com\/index.php\/category\/non-classe\/"},"img":{"alt_text":"","src":"","width":0,"height":0},"classes":[]},{"id":240,"url":"https:\/\/www.micoulou-photos.com\/index.php\/2009\/03\/01\/m42-sur-d60\/","url_meta":{"origin":244,"position":2},"title":"M42 sur D60","author":"micoulou","date":"1 mars 2009","format":false,"excerpt":"Bon, encore une belle journ\u00e9e, j'en ai profit\u00e9 pour sortir mon D60 et mes M42 (enfin, ceux qui etait dans le coin, l'helios 44M et le Soligor Tele-auto 135mm f\/2.8. Mes impressions : ca pique bien, la mise au point est assez precise, le viseur est bien meilleur que le\u2026","rel":"","context":"Dans &quot;Non class\u00e9&quot;","block_context":{"text":"Non class\u00e9","link":"https:\/\/www.micoulou-photos.com\/index.php\/category\/non-classe\/"},"img":{"alt_text":"","src":"","width":0,"height":0},"classes":[]},{"id":137,"url":"https:\/\/www.micoulou-photos.com\/index.php\/2011\/11\/19\/nouvelle-et-remise-en-question\/","url_meta":{"origin":244,"position":3},"title":"Nouvelle et remise en question","author":"micoulou","date":"19 novembre 2011","format":false,"excerpt":"Bon, cel\u00e0 fait quelques temps que les message etait tr\u00e8s g\u00e9n\u00e9raliste...Comme j'avais du le dire dans un precedent message, j'avais trouv\u00e9 un job... Ce que je n'avais pas dit, c'est que \u00e0 ce moment, j'avais d\u00e9j\u00e0 pass\u00e9 2 entretiens et que j'attendais les reponses, les 2 autres jobs me motivaient\u2026","rel":"","context":"Dans &quot;Canada&quot;","block_context":{"text":"Canada","link":"https:\/\/www.micoulou-photos.com\/index.php\/category\/canada\/"},"img":{"alt_text":"","src":"","width":0,"height":0},"classes":[]},{"id":4366,"url":"https:\/\/www.micoulou-photos.com\/index.php\/2018\/05\/16\/photographe-autiste\/","url_meta":{"origin":244,"position":4},"title":"Photographe autiste ?","author":"micoulou","date":"16 mai 2018","format":false,"excerpt":"Bon, ben voil\u00e0, je voilais l\u2019\u00e9crire depuis 1 an cet article, mais j\u2019attendais, je voulais des r\u00e9ponses, je voulais en \u00eatre sur\u2026 Alors mettre \u00e7a sur un blog pro, enfin o\u00f9 je parle aussi des mes essais artistiques, de mes voyages, est-ce \u00e0 sa place ? Je ne le sais\u2026","rel":"","context":"Dans &quot;Asperger&quot;","block_context":{"text":"Asperger","link":"https:\/\/www.micoulou-photos.com\/index.php\/category\/asperger\/"},"img":{"alt_text":"","src":"https:\/\/i0.wp.com\/www.micoulou-photos.com\/wp-content\/uploads\/2018\/05\/mp-asperger1.jpg?fit=1200%2C1200&ssl=1&resize=350%2C200","width":350,"height":200,"srcset":"https:\/\/i0.wp.com\/www.micoulou-photos.com\/wp-content\/uploads\/2018\/05\/mp-asperger1.jpg?fit=1200%2C1200&ssl=1&resize=350%2C200 1x, https:\/\/i0.wp.com\/www.micoulou-photos.com\/wp-content\/uploads\/2018\/05\/mp-asperger1.jpg?fit=1200%2C1200&ssl=1&resize=525%2C300 1.5x, https:\/\/i0.wp.com\/www.micoulou-photos.com\/wp-content\/uploads\/2018\/05\/mp-asperger1.jpg?fit=1200%2C1200&ssl=1&resize=700%2C400 2x, https:\/\/i0.wp.com\/www.micoulou-photos.com\/wp-content\/uploads\/2018\/05\/mp-asperger1.jpg?fit=1200%2C1200&ssl=1&resize=1050%2C600 3x"},"classes":[]},{"id":226,"url":"https:\/\/www.micoulou-photos.com\/index.php\/2010\/11\/24\/du-changement-pour-une-nouvelle-vie\/","url_meta":{"origin":244,"position":5},"title":"Du changement pour une nouvelle vie","author":"micoulou","date":"24 novembre 2010","format":false,"excerpt":"Voil\u00e0, je suis a moins d'une semaine de ma d\u00e9mission, donc pour partir fin janvier...Partir o\u00f9 vous allez me demander ? Ben, d\u00e9j\u00e0 1 mois en vacances, et ensuite je partirais chercher du boulot au Canada, pour combien de temps, je ne sais pas. Mon permis de voyage est valable\u2026","rel":"","context":"Dans &quot;Non class\u00e9&quot;","block_context":{"text":"Non class\u00e9","link":"https:\/\/www.micoulou-photos.com\/index.php\/category\/non-classe\/"},"img":{"alt_text":"","src":"","width":0,"height":0},"classes":[]}],"_links":{"self":[{"href":"https:\/\/www.micoulou-photos.com\/index.php\/wp-json\/wp\/v2\/posts\/244","targetHints":{"allow":["GET"]}}],"collection":[{"href":"https:\/\/www.micoulou-photos.com\/index.php\/wp-json\/wp\/v2\/posts"}],"about":[{"href":"https:\/\/www.micoulou-photos.com\/index.php\/wp-json\/wp\/v2\/types\/post"}],"author":[{"embeddable":true,"href":"https:\/\/www.micoulou-photos.com\/index.php\/wp-json\/wp\/v2\/users\/1"}],"replies":[{"embeddable":true,"href":"https:\/\/www.micoulou-photos.com\/index.php\/wp-json\/wp\/v2\/comments?post=244"}],"version-history":[{"count":0,"href":"https:\/\/www.micoulou-photos.com\/index.php\/wp-json\/wp\/v2\/posts\/244\/revisions"}],"wp:attachment":[{"href":"https:\/\/www.micoulou-photos.com\/index.php\/wp-json\/wp\/v2\/media?parent=244"}],"wp:term":[{"taxonomy":"category","embeddable":true,"href":"https:\/\/www.micoulou-photos.com\/index.php\/wp-json\/wp\/v2\/categories?post=244"},{"taxonomy":"post_tag","embeddable":true,"href":"https:\/\/www.micoulou-photos.com\/index.php\/wp-json\/wp\/v2\/tags?post=244"}],"curies":[{"name":"wp","href":"https:\/\/api.w.org\/{rel}","templated":true}]}}