{"id":243,"date":"2009-02-12T23:11:00","date_gmt":"2009-02-12T22:11:00","guid":{"rendered":"http:\/\/micoulou.info\/wp\/index.php\/2009\/02\/12\/materiel-actuel\/"},"modified":"2009-02-12T23:11:00","modified_gmt":"2009-02-12T22:11:00","slug":"materiel-actuel","status":"publish","type":"post","link":"https:\/\/www.micoulou-photos.com\/index.php\/2009\/02\/12\/materiel-actuel\/","title":{"rendered":"Materiel Actuel"},"content":{"rendered":"<p>Je vais laiss\u00e9 de cote ce qui ne sert plus ou ce qui ne peut plus servir juste un petit point a la fin)&#8230;<\/p>\n<p>Je poss\u00e8de actuellement 4 boitiers :<br \/><span style=\"font-weight: bold;\">Le Nikon E5700 :<\/span><br \/>le moins bon, date de 2004 mais il est petit(je m&rsquo;en sert de compact) et le rendu est loin d&rsquo;\u00eatre mauvais, le petit capteur donne un beau rendu de couleur et le piqu\u00e9 est bon (sauf au tele a PO) mais il est bruite et tr\u00e8s lent. (3 photos en 3s et ensuite, pour le RAW, c&rsquo;est 1min20 pendant lesquels on voit un magnifique sablier&#8230;). La mise au point quand il fait sombre et a l&rsquo;ouest et la mise au point manuelle inutilisable.<\/p>\n<p><span style=\"font-weight: bold;\">Le Sony R1 :<\/span><br \/>Mon deuxi\u00e8me bridge, le capteur de 10MP est mon plus gros capteur (en d\u00e9finition), l&rsquo;optique est extraordinaire (pas de retrofocus pour le GA, un piqu\u00e9 extraordinaire et un rendu tres bon, avec un microcontrastre extraordinaire. Il est gros mais pas tr\u00e8s lourd. Ca serait presque un boitier parfait mais la griffe flash d\u00e9conne et surtout, la mise au point a le m\u00eame probl\u00e8me (att\u00e9nu\u00e9&#8230;) que le Coolpix E5700. C&rsquo;est donc un super appareil pour les randos et les paysages.<\/p>\n<p><span style=\"font-weight: bold;\">Le Canon D30 :<\/span><br \/>Le premier reflex Canon, c&rsquo;est une antiquit\u00e9 mais c&rsquo;est celui qui a la plus grosse rafale de tout mes appareils (avec une carte rapide, 70 JPEG a 3.5i\/s) et j&rsquo;ai des optiques que je n&rsquo;ai pas pour le moment les moyens de me payer pour Nikon (Sigma 70-210mm 2.8, 400mm 5.6, 90mm macro 2.8 qui est tres bon (rendu diff\u00e9rents du Tamron)) et je peux monter dessus les M42 et les adaptalls. Son probl\u00e8me est son capteur ancien (3MP, c&rsquo;est bon pour du A4 mais pas au dessus, et ca bruite ) et son autofocus (le m\u00eame que l&rsquo;EOS 500n, pas pr\u00e9cis du tout).<br \/>Je poss\u00e8de aussi (je ne sais pas si je vais le garder) un D60 qui est un D30 avec un meilleur capteur, un AF un peu am\u00e9lior\u00e9 et un buffer plus gros.<\/p>\n<p><span style=\"font-weight: bold;\">Le Fuji S5Pro :<\/span><br \/>J&rsquo;en ai r\u00eav\u00e9 depuis sa sortie, la meilleure dynamique du monde, un AF de D200 rapide et pr\u00e9cis, un bon viseur, contr\u00f4le direct de la plupart des param\u00e8tres, meilleur BdB du march\u00e9, restitution de quasiment tout le spectre visible (et voir m\u00eame dans les proches Ir)&#8230;<br \/>Finalement, le bo\u00eetier en lui m\u00eame est super mais il est lourd, ce qui est un peu genant en rando et les objectifs coutent un rein. J&rsquo;ai pu me payer (d&rsquo;occase) quelques bon objo, car ils etait AF-D, donc incompatible avec les Nikon D40\/D60, et un peu lent a la mise au point avec un D200 mais ca reste rapide. J&rsquo;ai aussi perdu les focales fixes Pentax (FA35 extraordinaire des la PO, DA21 avec un rendu superbe et les M42\/takumar tout ca stabilis\u00e9) mais je gagne les adaptall avec une mesure de lumi\u00e8re fiable.<\/p>\n<p>Enfin, j&rsquo;en suis content meme si (voir billet precedent), j&rsquo;ai l&rsquo;impression de r\u00e9gresser artistiquement&#8230;<\/p>\n<p>Peut etre que j&rsquo;ai trop regarder les forum matos et que je vois trop facilement les d\u00e9faut des objectifs, sans regarder leurs qualit\u00e9 et surtout ce que je peu faire (artistiquement) avec&#8230;<\/p>\n","protected":false},"excerpt":{"rendered":"<p>Je vais laiss\u00e9 de cote ce qui ne sert plus ou ce qui ne peut plus servir juste un petit point a la fin)&#8230; Je poss\u00e8de actuellement 4 boitiers :Le Nikon E5700 :le moins bon, date de 2004 mais il est petit(je m&rsquo;en sert de compact) et le rendu est loin d&rsquo;\u00eatre mauvais, le petit [&hellip;]<\/p>\n","protected":false},"author":1,"featured_media":0,"comment_status":"open","ping_status":"open","sticky":false,"template":"","format":"standard","meta":{"jetpack_post_was_ever_published":false,"_jetpack_newsletter_access":"","_jetpack_dont_email_post_to_subs":false,"_jetpack_newsletter_tier_id":0,"_jetpack_memberships_contains_paywalled_content":false,"_jetpack_memberships_contains_paid_content":false,"footnotes":"","jetpack_publicize_message":"","jetpack_publicize_feature_enabled":true,"jetpack_social_post_already_shared":false,"jetpack_social_options":{"image_generator_settings":{"template":"highway","default_image_id":0,"font":"","enabled":false},"version":2}},"categories":[1],"tags":[],"class_list":["post-243","post","type-post","status-publish","format-standard","hentry","category-non-classe"],"yoast_head":"<!-- This site is optimized with the Yoast SEO plugin v27.5 - https:\/\/yoast.com\/product\/yoast-seo-wordpress\/ -->\n<title>Materiel Actuel - Micoulou Photographie<\/title>\n<meta name=\"robots\" content=\"index, follow, max-snippet:-1, max-image-preview:large, max-video-preview:-1\" \/>\n<link rel=\"canonical\" href=\"https:\/\/www.micoulou-photos.com\/index.php\/2009\/02\/12\/materiel-actuel\/\" \/>\n<meta property=\"og:locale\" content=\"fr_FR\" \/>\n<meta property=\"og:type\" content=\"article\" \/>\n<meta property=\"og:title\" content=\"Materiel Actuel - Micoulou Photographie\" \/>\n<meta property=\"og:description\" content=\"Je vais laiss\u00e9 de cote ce qui ne sert plus ou ce qui ne peut plus servir juste un petit point a la fin)&#8230; Je poss\u00e8de actuellement 4 boitiers :Le Nikon E5700 :le moins bon, date de 2004 mais il est petit(je m&rsquo;en sert de compact) et le rendu est loin d&rsquo;\u00eatre mauvais, le petit [&hellip;]\" \/>\n<meta property=\"og:url\" content=\"https:\/\/www.micoulou-photos.com\/index.php\/2009\/02\/12\/materiel-actuel\/\" \/>\n<meta property=\"og:site_name\" content=\"Micoulou Photographie\" \/>\n<meta property=\"article:published_time\" content=\"2009-02-12T22:11:00+00:00\" \/>\n<meta name=\"author\" content=\"micoulou\" \/>\n<meta name=\"twitter:card\" content=\"summary_large_image\" \/>\n<meta name=\"twitter:label1\" content=\"\u00c9crit par\" \/>\n\t<meta name=\"twitter:data1\" content=\"micoulou\" \/>\n\t<meta name=\"twitter:label2\" content=\"Dur\u00e9e de lecture estim\u00e9e\" \/>\n\t<meta name=\"twitter:data2\" content=\"3 minutes\" \/>\n<script type=\"application\/ld+json\" class=\"yoast-schema-graph\">{\"@context\":\"https:\\\/\\\/schema.org\",\"@graph\":[{\"@type\":\"Article\",\"@id\":\"https:\\\/\\\/www.micoulou-photos.com\\\/index.php\\\/2009\\\/02\\\/12\\\/materiel-actuel\\\/#article\",\"isPartOf\":{\"@id\":\"https:\\\/\\\/www.micoulou-photos.com\\\/index.php\\\/2009\\\/02\\\/12\\\/materiel-actuel\\\/\"},\"author\":{\"name\":\"micoulou\",\"@id\":\"https:\\\/\\\/www.micoulou-photos.com\\\/#\\\/schema\\\/person\\\/6aedfe8ebe91da632f46e7c9d806a722\"},\"headline\":\"Materiel Actuel\",\"datePublished\":\"2009-02-12T22:11:00+00:00\",\"mainEntityOfPage\":{\"@id\":\"https:\\\/\\\/www.micoulou-photos.com\\\/index.php\\\/2009\\\/02\\\/12\\\/materiel-actuel\\\/\"},\"wordCount\":570,\"commentCount\":0,\"publisher\":{\"@id\":\"https:\\\/\\\/www.micoulou-photos.com\\\/#organization\"},\"inLanguage\":\"fr-FR\",\"potentialAction\":[{\"@type\":\"CommentAction\",\"name\":\"Comment\",\"target\":[\"https:\\\/\\\/www.micoulou-photos.com\\\/index.php\\\/2009\\\/02\\\/12\\\/materiel-actuel\\\/#respond\"]}]},{\"@type\":\"WebPage\",\"@id\":\"https:\\\/\\\/www.micoulou-photos.com\\\/index.php\\\/2009\\\/02\\\/12\\\/materiel-actuel\\\/\",\"url\":\"https:\\\/\\\/www.micoulou-photos.com\\\/index.php\\\/2009\\\/02\\\/12\\\/materiel-actuel\\\/\",\"name\":\"Materiel Actuel - Micoulou Photographie\",\"isPartOf\":{\"@id\":\"https:\\\/\\\/www.micoulou-photos.com\\\/#website\"},\"datePublished\":\"2009-02-12T22:11:00+00:00\",\"breadcrumb\":{\"@id\":\"https:\\\/\\\/www.micoulou-photos.com\\\/index.php\\\/2009\\\/02\\\/12\\\/materiel-actuel\\\/#breadcrumb\"},\"inLanguage\":\"fr-FR\",\"potentialAction\":[{\"@type\":\"ReadAction\",\"target\":[\"https:\\\/\\\/www.micoulou-photos.com\\\/index.php\\\/2009\\\/02\\\/12\\\/materiel-actuel\\\/\"]}]},{\"@type\":\"BreadcrumbList\",\"@id\":\"https:\\\/\\\/www.micoulou-photos.com\\\/index.php\\\/2009\\\/02\\\/12\\\/materiel-actuel\\\/#breadcrumb\",\"itemListElement\":[{\"@type\":\"ListItem\",\"position\":1,\"name\":\"Accueil\",\"item\":\"https:\\\/\\\/www.micoulou-photos.com\\\/\"},{\"@type\":\"ListItem\",\"position\":2,\"name\":\"Materiel Actuel\"}]},{\"@type\":\"WebSite\",\"@id\":\"https:\\\/\\\/www.micoulou-photos.com\\\/#website\",\"url\":\"https:\\\/\\\/www.micoulou-photos.com\\\/\",\"name\":\"Micoulou Photographie\",\"description\":\"Photographies, Visites virtuelles et formations par Mickael Minarie\",\"publisher\":{\"@id\":\"https:\\\/\\\/www.micoulou-photos.com\\\/#organization\"},\"potentialAction\":[{\"@type\":\"SearchAction\",\"target\":{\"@type\":\"EntryPoint\",\"urlTemplate\":\"https:\\\/\\\/www.micoulou-photos.com\\\/?s={search_term_string}\"},\"query-input\":{\"@type\":\"PropertyValueSpecification\",\"valueRequired\":true,\"valueName\":\"search_term_string\"}}],\"inLanguage\":\"fr-FR\"},{\"@type\":\"Organization\",\"@id\":\"https:\\\/\\\/www.micoulou-photos.com\\\/#organization\",\"name\":\"Micoulou Photographie\",\"url\":\"https:\\\/\\\/www.micoulou-photos.com\\\/\",\"logo\":{\"@type\":\"ImageObject\",\"inLanguage\":\"fr-FR\",\"@id\":\"https:\\\/\\\/www.micoulou-photos.com\\\/#\\\/schema\\\/logo\\\/image\\\/\",\"url\":\"https:\\\/\\\/i0.wp.com\\\/www.micoulou-photos.com\\\/wp-content\\\/uploads\\\/2020\\\/05\\\/cropped-891667_552097324824916_1615181552_o-1.jpg?fit=643%2C722&ssl=1\",\"contentUrl\":\"https:\\\/\\\/i0.wp.com\\\/www.micoulou-photos.com\\\/wp-content\\\/uploads\\\/2020\\\/05\\\/cropped-891667_552097324824916_1615181552_o-1.jpg?fit=643%2C722&ssl=1\",\"width\":643,\"height\":722,\"caption\":\"Micoulou Photographie\"},\"image\":{\"@id\":\"https:\\\/\\\/www.micoulou-photos.com\\\/#\\\/schema\\\/logo\\\/image\\\/\"}},{\"@type\":\"Person\",\"@id\":\"https:\\\/\\\/www.micoulou-photos.com\\\/#\\\/schema\\\/person\\\/6aedfe8ebe91da632f46e7c9d806a722\",\"name\":\"micoulou\",\"image\":{\"@type\":\"ImageObject\",\"inLanguage\":\"fr-FR\",\"@id\":\"https:\\\/\\\/secure.gravatar.com\\\/avatar\\\/98f892eb7d267eab2faa437baa3edd708deaaa43929316c0cc7b751a04cb247b?s=96&d=mm&r=g\",\"url\":\"https:\\\/\\\/secure.gravatar.com\\\/avatar\\\/98f892eb7d267eab2faa437baa3edd708deaaa43929316c0cc7b751a04cb247b?s=96&d=mm&r=g\",\"contentUrl\":\"https:\\\/\\\/secure.gravatar.com\\\/avatar\\\/98f892eb7d267eab2faa437baa3edd708deaaa43929316c0cc7b751a04cb247b?s=96&d=mm&r=g\",\"caption\":\"micoulou\"},\"url\":\"https:\\\/\\\/www.micoulou-photos.com\\\/index.php\\\/author\\\/micoulou\\\/\"}]}<\/script>\n<!-- \/ Yoast SEO plugin. -->","yoast_head_json":{"title":"Materiel Actuel - Micoulou Photographie","robots":{"index":"index","follow":"follow","max-snippet":"max-snippet:-1","max-image-preview":"max-image-preview:large","max-video-preview":"max-video-preview:-1"},"canonical":"https:\/\/www.micoulou-photos.com\/index.php\/2009\/02\/12\/materiel-actuel\/","og_locale":"fr_FR","og_type":"article","og_title":"Materiel Actuel - Micoulou Photographie","og_description":"Je vais laiss\u00e9 de cote ce qui ne sert plus ou ce qui ne peut plus servir juste un petit point a la fin)&#8230; Je poss\u00e8de actuellement 4 boitiers :Le Nikon E5700 :le moins bon, date de 2004 mais il est petit(je m&rsquo;en sert de compact) et le rendu est loin d&rsquo;\u00eatre mauvais, le petit [&hellip;]","og_url":"https:\/\/www.micoulou-photos.com\/index.php\/2009\/02\/12\/materiel-actuel\/","og_site_name":"Micoulou Photographie","article_published_time":"2009-02-12T22:11:00+00:00","author":"micoulou","twitter_card":"summary_large_image","twitter_misc":{"\u00c9crit par":"micoulou","Dur\u00e9e de lecture estim\u00e9e":"3 minutes"},"schema":{"@context":"https:\/\/schema.org","@graph":[{"@type":"Article","@id":"https:\/\/www.micoulou-photos.com\/index.php\/2009\/02\/12\/materiel-actuel\/#article","isPartOf":{"@id":"https:\/\/www.micoulou-photos.com\/index.php\/2009\/02\/12\/materiel-actuel\/"},"author":{"name":"micoulou","@id":"https:\/\/www.micoulou-photos.com\/#\/schema\/person\/6aedfe8ebe91da632f46e7c9d806a722"},"headline":"Materiel Actuel","datePublished":"2009-02-12T22:11:00+00:00","mainEntityOfPage":{"@id":"https:\/\/www.micoulou-photos.com\/index.php\/2009\/02\/12\/materiel-actuel\/"},"wordCount":570,"commentCount":0,"publisher":{"@id":"https:\/\/www.micoulou-photos.com\/#organization"},"inLanguage":"fr-FR","potentialAction":[{"@type":"CommentAction","name":"Comment","target":["https:\/\/www.micoulou-photos.com\/index.php\/2009\/02\/12\/materiel-actuel\/#respond"]}]},{"@type":"WebPage","@id":"https:\/\/www.micoulou-photos.com\/index.php\/2009\/02\/12\/materiel-actuel\/","url":"https:\/\/www.micoulou-photos.com\/index.php\/2009\/02\/12\/materiel-actuel\/","name":"Materiel Actuel - Micoulou Photographie","isPartOf":{"@id":"https:\/\/www.micoulou-photos.com\/#website"},"datePublished":"2009-02-12T22:11:00+00:00","breadcrumb":{"@id":"https:\/\/www.micoulou-photos.com\/index.php\/2009\/02\/12\/materiel-actuel\/#breadcrumb"},"inLanguage":"fr-FR","potentialAction":[{"@type":"ReadAction","target":["https:\/\/www.micoulou-photos.com\/index.php\/2009\/02\/12\/materiel-actuel\/"]}]},{"@type":"BreadcrumbList","@id":"https:\/\/www.micoulou-photos.com\/index.php\/2009\/02\/12\/materiel-actuel\/#breadcrumb","itemListElement":[{"@type":"ListItem","position":1,"name":"Accueil","item":"https:\/\/www.micoulou-photos.com\/"},{"@type":"ListItem","position":2,"name":"Materiel Actuel"}]},{"@type":"WebSite","@id":"https:\/\/www.micoulou-photos.com\/#website","url":"https:\/\/www.micoulou-photos.com\/","name":"Micoulou Photographie","description":"Photographies, Visites virtuelles et formations par Mickael Minarie","publisher":{"@id":"https:\/\/www.micoulou-photos.com\/#organization"},"potentialAction":[{"@type":"SearchAction","target":{"@type":"EntryPoint","urlTemplate":"https:\/\/www.micoulou-photos.com\/?s={search_term_string}"},"query-input":{"@type":"PropertyValueSpecification","valueRequired":true,"valueName":"search_term_string"}}],"inLanguage":"fr-FR"},{"@type":"Organization","@id":"https:\/\/www.micoulou-photos.com\/#organization","name":"Micoulou Photographie","url":"https:\/\/www.micoulou-photos.com\/","logo":{"@type":"ImageObject","inLanguage":"fr-FR","@id":"https:\/\/www.micoulou-photos.com\/#\/schema\/logo\/image\/","url":"https:\/\/i0.wp.com\/www.micoulou-photos.com\/wp-content\/uploads\/2020\/05\/cropped-891667_552097324824916_1615181552_o-1.jpg?fit=643%2C722&ssl=1","contentUrl":"https:\/\/i0.wp.com\/www.micoulou-photos.com\/wp-content\/uploads\/2020\/05\/cropped-891667_552097324824916_1615181552_o-1.jpg?fit=643%2C722&ssl=1","width":643,"height":722,"caption":"Micoulou Photographie"},"image":{"@id":"https:\/\/www.micoulou-photos.com\/#\/schema\/logo\/image\/"}},{"@type":"Person","@id":"https:\/\/www.micoulou-photos.com\/#\/schema\/person\/6aedfe8ebe91da632f46e7c9d806a722","name":"micoulou","image":{"@type":"ImageObject","inLanguage":"fr-FR","@id":"https:\/\/secure.gravatar.com\/avatar\/98f892eb7d267eab2faa437baa3edd708deaaa43929316c0cc7b751a04cb247b?s=96&d=mm&r=g","url":"https:\/\/secure.gravatar.com\/avatar\/98f892eb7d267eab2faa437baa3edd708deaaa43929316c0cc7b751a04cb247b?s=96&d=mm&r=g","contentUrl":"https:\/\/secure.gravatar.com\/avatar\/98f892eb7d267eab2faa437baa3edd708deaaa43929316c0cc7b751a04cb247b?s=96&d=mm&r=g","caption":"micoulou"},"url":"https:\/\/www.micoulou-photos.com\/index.php\/author\/micoulou\/"}]}},"jetpack_publicize_connections":[],"jetpack_featured_media_url":"","jetpack_sharing_enabled":true,"jetpack_shortlink":"https:\/\/wp.me\/p7zKF4-3V","jetpack-related-posts":[{"id":1535,"url":"https:\/\/www.micoulou-photos.com\/index.php\/2013\/08\/26\/lappareil-photo\/","url_meta":{"origin":243,"position":0},"title":"L&#039;appareil photo","author":"micoulou","date":"26 ao\u00fbt 2013","format":false,"excerpt":"On va commencer ce site par un peu de base technique : l'appareil qui permet justement de faire l'image, comment fonctionne-t-il, que choisir et pour quelle utilisation ? L'appareil photo, au cours de sa (courte) histoire, \u00e0 revetu des formes bien differentes, mais pourtant le fonctionne de base est toujours\u2026","rel":"","context":"Dans &quot;technique&quot;","block_context":{"text":"technique","link":"https:\/\/www.micoulou-photos.com\/index.php\/category\/technique\/"},"img":{"alt_text":"","src":"","width":0,"height":0},"classes":[]},{"id":255,"url":"https:\/\/www.micoulou-photos.com\/index.php\/2008\/09\/20\/sigma-90mm-macro\/","url_meta":{"origin":243,"position":1},"title":"Sigma 90mm macro","author":"micoulou","date":"20 septembre 2008","format":false,"excerpt":"Bon, je vais commencer par celui que j'ai eu le plus recement, le 90mm macro. Je l'ai eu pour 49\u00a3 car la peinture etait partie. Les lentilles sont toutes OK. C'est, comme mon Cosina 100mm sur le Pentax, un objectif macro 1\/2, le 1\/1 est atteint avec une bonnette.Je ne\u2026","rel":"","context":"Dans &quot;Non class\u00e9&quot;","block_context":{"text":"Non class\u00e9","link":"https:\/\/www.micoulou-photos.com\/index.php\/category\/non-classe\/"},"img":{"alt_text":"","src":"","width":0,"height":0},"classes":[]},{"id":250,"url":"https:\/\/www.micoulou-photos.com\/index.php\/2008\/10\/20\/premiere-impression-du-21mm-et-du-28-70\/","url_meta":{"origin":243,"position":2},"title":"Premiere impression du 21mm et du 28-70","author":"micoulou","date":"20 octobre 2008","format":false,"excerpt":"Deux objectifs en une semaine... EH oui, j'ai vu une grosse promo. Le 21mm, je le voulais depuis longtemps, le 28-70mm, c'est plus pour remplacer le 18-55mm que je trouve de plus en plus limit\u00e9.J'ai \u00e9t\u00e9 bluff\u00e9 par le rendu du 28-70mm, qui est tr\u00e8s bon (bon piqu\u00e9, beau bokeh,\u2026","rel":"","context":"Dans &quot;Non class\u00e9&quot;","block_context":{"text":"Non class\u00e9","link":"https:\/\/www.micoulou-photos.com\/index.php\/category\/non-classe\/"},"img":{"alt_text":"","src":"","width":0,"height":0},"classes":[]},{"id":252,"url":"https:\/\/www.micoulou-photos.com\/index.php\/2008\/10\/01\/sigma-400mm-f5-6-apo-macro\/","url_meta":{"origin":243,"position":3},"title":"Sigma 400mm f5.6 APO Macro","author":"micoulou","date":"1 octobre 2008","format":false,"excerpt":"Test du Sigma 400mm f5.6 APO Macro.J'ai achet\u00e9 cet objectif il y a deux mois maintenant. Cette objectif date, pour la premiere versoin de 1989 et, la seconde, celle que je possede (APO Macro), de je crois 1996. Il n'a apparement exist\u00e9 dans sa deuxieme version qu'en monture Canon et\u2026","rel":"","context":"Dans &quot;Non class\u00e9&quot;","block_context":{"text":"Non class\u00e9","link":"https:\/\/www.micoulou-photos.com\/index.php\/category\/non-classe\/"},"img":{"alt_text":"","src":"","width":0,"height":0},"classes":[]},{"id":242,"url":"https:\/\/www.micoulou-photos.com\/index.php\/2009\/02\/22\/post-processing\/","url_meta":{"origin":243,"position":4},"title":"post processing","author":"micoulou","date":"22 f\u00e9vrier 2009","format":false,"excerpt":"Le flux de traitement des images sous Linux : Cela fait maintenant 3 ans que Linux est mon OS principal (je ne d\u00e9marre sous Windows que pour faire les test de quelques travaux universitaires qu'il faut rendre obligatoirement sous Windows) et je suis aussi photographe amateur. J'entends souvent qu'il n'est\u2026","rel":"","context":"Dans &quot;Non class\u00e9&quot;","block_context":{"text":"Non class\u00e9","link":"https:\/\/www.micoulou-photos.com\/index.php\/category\/non-classe\/"},"img":{"alt_text":"","src":"","width":0,"height":0},"classes":[]},{"id":228,"url":"https:\/\/www.micoulou-photos.com\/index.php\/2010\/11\/07\/salon-de-la-photo\/","url_meta":{"origin":243,"position":5},"title":"salon de la photo","author":"micoulou","date":"7 novembre 2010","format":false,"excerpt":"Bon, mon cot\u00e9 geek reprend du dessus : quelques tests d'objo mais rapide et un petit bilan du salon de la photo.D'abord cette photo(en dessous) a \u00e9t\u00e9 s\u00e9l\u00e9ctionn\u00e9e et est expos\u00e9e au salon de la photo, donc oui je me vante un peu mais je suis assez fier : ma\u2026","rel":"","context":"Dans &quot;Non class\u00e9&quot;","block_context":{"text":"Non class\u00e9","link":"https:\/\/www.micoulou-photos.com\/index.php\/category\/non-classe\/"},"img":{"alt_text":"","src":"https:\/\/i0.wp.com\/3.bp.blogspot.com\/_XkNwbuBHhIs\/TKD8OLEfuTI\/AAAAAAAAaiA\/pSz6M9HJdY8\/s200\/SDIM0034.jpg?resize=350%2C200","width":350,"height":200},"classes":[]}],"_links":{"self":[{"href":"https:\/\/www.micoulou-photos.com\/index.php\/wp-json\/wp\/v2\/posts\/243","targetHints":{"allow":["GET"]}}],"collection":[{"href":"https:\/\/www.micoulou-photos.com\/index.php\/wp-json\/wp\/v2\/posts"}],"about":[{"href":"https:\/\/www.micoulou-photos.com\/index.php\/wp-json\/wp\/v2\/types\/post"}],"author":[{"embeddable":true,"href":"https:\/\/www.micoulou-photos.com\/index.php\/wp-json\/wp\/v2\/users\/1"}],"replies":[{"embeddable":true,"href":"https:\/\/www.micoulou-photos.com\/index.php\/wp-json\/wp\/v2\/comments?post=243"}],"version-history":[{"count":0,"href":"https:\/\/www.micoulou-photos.com\/index.php\/wp-json\/wp\/v2\/posts\/243\/revisions"}],"wp:attachment":[{"href":"https:\/\/www.micoulou-photos.com\/index.php\/wp-json\/wp\/v2\/media?parent=243"}],"wp:term":[{"taxonomy":"category","embeddable":true,"href":"https:\/\/www.micoulou-photos.com\/index.php\/wp-json\/wp\/v2\/categories?post=243"},{"taxonomy":"post_tag","embeddable":true,"href":"https:\/\/www.micoulou-photos.com\/index.php\/wp-json\/wp\/v2\/tags?post=243"}],"curies":[{"name":"wp","href":"https:\/\/api.w.org\/{rel}","templated":true}]}}