{"id":241,"date":"2009-03-01T01:12:00","date_gmt":"2009-03-01T00:12:00","guid":{"rendered":"http:\/\/micoulou.info\/wp\/index.php\/2009\/03\/01\/tamron-135mm-ad-f2-8\/"},"modified":"2009-03-01T01:12:00","modified_gmt":"2009-03-01T00:12:00","slug":"tamron-135mm-ad-f2-8","status":"publish","type":"post","link":"https:\/\/www.micoulou-photos.com\/index.php\/2009\/03\/01\/tamron-135mm-ad-f2-8\/","title":{"rendered":"Tamron 135mm ad f2.8"},"content":{"rendered":"<p>J&rsquo;ai cet objectif depuis decembre, il devait me permettre de remplacer mes 135mm en M42. Vu l&rsquo;hiver, je n&rsquo;avait pas vraiment pu le tester. C&rsquo;est un objectif leger et bonmacrh\u00e9 (on arrive a le trouver a 15\u20ac). Je l&rsquo;ai pour le moment test\u00e9 seulement sur le Fuji avec la bague Ad2\/Nikon Ai. Mes premi\u00e8res impressions sont plutot positive, avec un bon piqu\u00e9, un bokeh assez doux (mais maleuresement avec pas mal d&rsquo;AC, le bokeh Pentax me manque&#8230;). Je l&rsquo;ai essayer de f\/2.8 a f\/11, il est bon partout mais un peu mou a PO (ca reste correct). Je le testerais et comparerais avec les autre 135mm quand j&rsquo;aurais la bague Ad2\/EOS.<\/p>\n","protected":false},"excerpt":{"rendered":"<p>J&rsquo;ai cet objectif depuis decembre, il devait me permettre de remplacer mes 135mm en M42. Vu l&rsquo;hiver, je n&rsquo;avait pas vraiment pu le tester. C&rsquo;est un objectif leger et bonmacrh\u00e9 (on arrive a le trouver a 15\u20ac). Je l&rsquo;ai pour le moment test\u00e9 seulement sur le Fuji avec la bague Ad2\/Nikon Ai. Mes premi\u00e8res impressions [&hellip;]<\/p>\n","protected":false},"author":1,"featured_media":0,"comment_status":"open","ping_status":"open","sticky":false,"template":"","format":"standard","meta":{"jetpack_post_was_ever_published":false,"_jetpack_newsletter_access":"","_jetpack_dont_email_post_to_subs":false,"_jetpack_newsletter_tier_id":0,"_jetpack_memberships_contains_paywalled_content":false,"_jetpack_memberships_contains_paid_content":false,"footnotes":"","jetpack_publicize_message":"","jetpack_publicize_feature_enabled":true,"jetpack_social_post_already_shared":false,"jetpack_social_options":{"image_generator_settings":{"template":"highway","default_image_id":0,"font":"","enabled":false},"version":2}},"categories":[1],"tags":[],"class_list":["post-241","post","type-post","status-publish","format-standard","hentry","category-non-classe"],"yoast_head":"<!-- This site is optimized with the Yoast SEO plugin v27.5 - https:\/\/yoast.com\/product\/yoast-seo-wordpress\/ -->\n<title>Tamron 135mm ad f2.8 - Micoulou Photographie<\/title>\n<meta name=\"robots\" content=\"index, follow, max-snippet:-1, max-image-preview:large, max-video-preview:-1\" \/>\n<link rel=\"canonical\" href=\"https:\/\/www.micoulou-photos.com\/index.php\/2009\/03\/01\/tamron-135mm-ad-f2-8\/\" \/>\n<meta property=\"og:locale\" content=\"fr_FR\" \/>\n<meta property=\"og:type\" content=\"article\" \/>\n<meta property=\"og:title\" content=\"Tamron 135mm ad f2.8 - Micoulou Photographie\" \/>\n<meta property=\"og:description\" content=\"J&rsquo;ai cet objectif depuis decembre, il devait me permettre de remplacer mes 135mm en M42. Vu l&rsquo;hiver, je n&rsquo;avait pas vraiment pu le tester. C&rsquo;est un objectif leger et bonmacrh\u00e9 (on arrive a le trouver a 15\u20ac). Je l&rsquo;ai pour le moment test\u00e9 seulement sur le Fuji avec la bague Ad2\/Nikon Ai. Mes premi\u00e8res impressions [&hellip;]\" \/>\n<meta property=\"og:url\" content=\"https:\/\/www.micoulou-photos.com\/index.php\/2009\/03\/01\/tamron-135mm-ad-f2-8\/\" \/>\n<meta property=\"og:site_name\" content=\"Micoulou Photographie\" \/>\n<meta property=\"article:published_time\" content=\"2009-03-01T00:12:00+00:00\" \/>\n<meta name=\"author\" content=\"micoulou\" \/>\n<meta name=\"twitter:card\" content=\"summary_large_image\" \/>\n<meta name=\"twitter:label1\" content=\"\u00c9crit par\" \/>\n\t<meta name=\"twitter:data1\" content=\"micoulou\" \/>\n\t<meta name=\"twitter:label2\" content=\"Dur\u00e9e de lecture estim\u00e9e\" \/>\n\t<meta name=\"twitter:data2\" content=\"1 minute\" \/>\n<script type=\"application\/ld+json\" class=\"yoast-schema-graph\">{\"@context\":\"https:\\\/\\\/schema.org\",\"@graph\":[{\"@type\":\"Article\",\"@id\":\"https:\\\/\\\/www.micoulou-photos.com\\\/index.php\\\/2009\\\/03\\\/01\\\/tamron-135mm-ad-f2-8\\\/#article\",\"isPartOf\":{\"@id\":\"https:\\\/\\\/www.micoulou-photos.com\\\/index.php\\\/2009\\\/03\\\/01\\\/tamron-135mm-ad-f2-8\\\/\"},\"author\":{\"name\":\"micoulou\",\"@id\":\"https:\\\/\\\/www.micoulou-photos.com\\\/#\\\/schema\\\/person\\\/6aedfe8ebe91da632f46e7c9d806a722\"},\"headline\":\"Tamron 135mm ad f2.8\",\"datePublished\":\"2009-03-01T00:12:00+00:00\",\"mainEntityOfPage\":{\"@id\":\"https:\\\/\\\/www.micoulou-photos.com\\\/index.php\\\/2009\\\/03\\\/01\\\/tamron-135mm-ad-f2-8\\\/\"},\"wordCount\":125,\"commentCount\":0,\"publisher\":{\"@id\":\"https:\\\/\\\/www.micoulou-photos.com\\\/#organization\"},\"inLanguage\":\"fr-FR\",\"potentialAction\":[{\"@type\":\"CommentAction\",\"name\":\"Comment\",\"target\":[\"https:\\\/\\\/www.micoulou-photos.com\\\/index.php\\\/2009\\\/03\\\/01\\\/tamron-135mm-ad-f2-8\\\/#respond\"]}]},{\"@type\":\"WebPage\",\"@id\":\"https:\\\/\\\/www.micoulou-photos.com\\\/index.php\\\/2009\\\/03\\\/01\\\/tamron-135mm-ad-f2-8\\\/\",\"url\":\"https:\\\/\\\/www.micoulou-photos.com\\\/index.php\\\/2009\\\/03\\\/01\\\/tamron-135mm-ad-f2-8\\\/\",\"name\":\"Tamron 135mm ad f2.8 - Micoulou Photographie\",\"isPartOf\":{\"@id\":\"https:\\\/\\\/www.micoulou-photos.com\\\/#website\"},\"datePublished\":\"2009-03-01T00:12:00+00:00\",\"breadcrumb\":{\"@id\":\"https:\\\/\\\/www.micoulou-photos.com\\\/index.php\\\/2009\\\/03\\\/01\\\/tamron-135mm-ad-f2-8\\\/#breadcrumb\"},\"inLanguage\":\"fr-FR\",\"potentialAction\":[{\"@type\":\"ReadAction\",\"target\":[\"https:\\\/\\\/www.micoulou-photos.com\\\/index.php\\\/2009\\\/03\\\/01\\\/tamron-135mm-ad-f2-8\\\/\"]}]},{\"@type\":\"BreadcrumbList\",\"@id\":\"https:\\\/\\\/www.micoulou-photos.com\\\/index.php\\\/2009\\\/03\\\/01\\\/tamron-135mm-ad-f2-8\\\/#breadcrumb\",\"itemListElement\":[{\"@type\":\"ListItem\",\"position\":1,\"name\":\"Accueil\",\"item\":\"https:\\\/\\\/www.micoulou-photos.com\\\/\"},{\"@type\":\"ListItem\",\"position\":2,\"name\":\"Tamron 135mm ad f2.8\"}]},{\"@type\":\"WebSite\",\"@id\":\"https:\\\/\\\/www.micoulou-photos.com\\\/#website\",\"url\":\"https:\\\/\\\/www.micoulou-photos.com\\\/\",\"name\":\"Micoulou Photographie\",\"description\":\"Photographies, Visites virtuelles et formations par Mickael Minarie\",\"publisher\":{\"@id\":\"https:\\\/\\\/www.micoulou-photos.com\\\/#organization\"},\"potentialAction\":[{\"@type\":\"SearchAction\",\"target\":{\"@type\":\"EntryPoint\",\"urlTemplate\":\"https:\\\/\\\/www.micoulou-photos.com\\\/?s={search_term_string}\"},\"query-input\":{\"@type\":\"PropertyValueSpecification\",\"valueRequired\":true,\"valueName\":\"search_term_string\"}}],\"inLanguage\":\"fr-FR\"},{\"@type\":\"Organization\",\"@id\":\"https:\\\/\\\/www.micoulou-photos.com\\\/#organization\",\"name\":\"Micoulou Photographie\",\"url\":\"https:\\\/\\\/www.micoulou-photos.com\\\/\",\"logo\":{\"@type\":\"ImageObject\",\"inLanguage\":\"fr-FR\",\"@id\":\"https:\\\/\\\/www.micoulou-photos.com\\\/#\\\/schema\\\/logo\\\/image\\\/\",\"url\":\"https:\\\/\\\/i0.wp.com\\\/www.micoulou-photos.com\\\/wp-content\\\/uploads\\\/2020\\\/05\\\/cropped-891667_552097324824916_1615181552_o-1.jpg?fit=643%2C722&ssl=1\",\"contentUrl\":\"https:\\\/\\\/i0.wp.com\\\/www.micoulou-photos.com\\\/wp-content\\\/uploads\\\/2020\\\/05\\\/cropped-891667_552097324824916_1615181552_o-1.jpg?fit=643%2C722&ssl=1\",\"width\":643,\"height\":722,\"caption\":\"Micoulou Photographie\"},\"image\":{\"@id\":\"https:\\\/\\\/www.micoulou-photos.com\\\/#\\\/schema\\\/logo\\\/image\\\/\"}},{\"@type\":\"Person\",\"@id\":\"https:\\\/\\\/www.micoulou-photos.com\\\/#\\\/schema\\\/person\\\/6aedfe8ebe91da632f46e7c9d806a722\",\"name\":\"micoulou\",\"image\":{\"@type\":\"ImageObject\",\"inLanguage\":\"fr-FR\",\"@id\":\"https:\\\/\\\/secure.gravatar.com\\\/avatar\\\/98f892eb7d267eab2faa437baa3edd708deaaa43929316c0cc7b751a04cb247b?s=96&d=mm&r=g\",\"url\":\"https:\\\/\\\/secure.gravatar.com\\\/avatar\\\/98f892eb7d267eab2faa437baa3edd708deaaa43929316c0cc7b751a04cb247b?s=96&d=mm&r=g\",\"contentUrl\":\"https:\\\/\\\/secure.gravatar.com\\\/avatar\\\/98f892eb7d267eab2faa437baa3edd708deaaa43929316c0cc7b751a04cb247b?s=96&d=mm&r=g\",\"caption\":\"micoulou\"},\"url\":\"https:\\\/\\\/www.micoulou-photos.com\\\/index.php\\\/author\\\/micoulou\\\/\"}]}<\/script>\n<!-- \/ Yoast SEO plugin. -->","yoast_head_json":{"title":"Tamron 135mm ad f2.8 - Micoulou Photographie","robots":{"index":"index","follow":"follow","max-snippet":"max-snippet:-1","max-image-preview":"max-image-preview:large","max-video-preview":"max-video-preview:-1"},"canonical":"https:\/\/www.micoulou-photos.com\/index.php\/2009\/03\/01\/tamron-135mm-ad-f2-8\/","og_locale":"fr_FR","og_type":"article","og_title":"Tamron 135mm ad f2.8 - Micoulou Photographie","og_description":"J&rsquo;ai cet objectif depuis decembre, il devait me permettre de remplacer mes 135mm en M42. Vu l&rsquo;hiver, je n&rsquo;avait pas vraiment pu le tester. C&rsquo;est un objectif leger et bonmacrh\u00e9 (on arrive a le trouver a 15\u20ac). Je l&rsquo;ai pour le moment test\u00e9 seulement sur le Fuji avec la bague Ad2\/Nikon Ai. Mes premi\u00e8res impressions [&hellip;]","og_url":"https:\/\/www.micoulou-photos.com\/index.php\/2009\/03\/01\/tamron-135mm-ad-f2-8\/","og_site_name":"Micoulou Photographie","article_published_time":"2009-03-01T00:12:00+00:00","author":"micoulou","twitter_card":"summary_large_image","twitter_misc":{"\u00c9crit par":"micoulou","Dur\u00e9e de lecture estim\u00e9e":"1 minute"},"schema":{"@context":"https:\/\/schema.org","@graph":[{"@type":"Article","@id":"https:\/\/www.micoulou-photos.com\/index.php\/2009\/03\/01\/tamron-135mm-ad-f2-8\/#article","isPartOf":{"@id":"https:\/\/www.micoulou-photos.com\/index.php\/2009\/03\/01\/tamron-135mm-ad-f2-8\/"},"author":{"name":"micoulou","@id":"https:\/\/www.micoulou-photos.com\/#\/schema\/person\/6aedfe8ebe91da632f46e7c9d806a722"},"headline":"Tamron 135mm ad f2.8","datePublished":"2009-03-01T00:12:00+00:00","mainEntityOfPage":{"@id":"https:\/\/www.micoulou-photos.com\/index.php\/2009\/03\/01\/tamron-135mm-ad-f2-8\/"},"wordCount":125,"commentCount":0,"publisher":{"@id":"https:\/\/www.micoulou-photos.com\/#organization"},"inLanguage":"fr-FR","potentialAction":[{"@type":"CommentAction","name":"Comment","target":["https:\/\/www.micoulou-photos.com\/index.php\/2009\/03\/01\/tamron-135mm-ad-f2-8\/#respond"]}]},{"@type":"WebPage","@id":"https:\/\/www.micoulou-photos.com\/index.php\/2009\/03\/01\/tamron-135mm-ad-f2-8\/","url":"https:\/\/www.micoulou-photos.com\/index.php\/2009\/03\/01\/tamron-135mm-ad-f2-8\/","name":"Tamron 135mm ad f2.8 - Micoulou Photographie","isPartOf":{"@id":"https:\/\/www.micoulou-photos.com\/#website"},"datePublished":"2009-03-01T00:12:00+00:00","breadcrumb":{"@id":"https:\/\/www.micoulou-photos.com\/index.php\/2009\/03\/01\/tamron-135mm-ad-f2-8\/#breadcrumb"},"inLanguage":"fr-FR","potentialAction":[{"@type":"ReadAction","target":["https:\/\/www.micoulou-photos.com\/index.php\/2009\/03\/01\/tamron-135mm-ad-f2-8\/"]}]},{"@type":"BreadcrumbList","@id":"https:\/\/www.micoulou-photos.com\/index.php\/2009\/03\/01\/tamron-135mm-ad-f2-8\/#breadcrumb","itemListElement":[{"@type":"ListItem","position":1,"name":"Accueil","item":"https:\/\/www.micoulou-photos.com\/"},{"@type":"ListItem","position":2,"name":"Tamron 135mm ad f2.8"}]},{"@type":"WebSite","@id":"https:\/\/www.micoulou-photos.com\/#website","url":"https:\/\/www.micoulou-photos.com\/","name":"Micoulou Photographie","description":"Photographies, Visites virtuelles et formations par Mickael Minarie","publisher":{"@id":"https:\/\/www.micoulou-photos.com\/#organization"},"potentialAction":[{"@type":"SearchAction","target":{"@type":"EntryPoint","urlTemplate":"https:\/\/www.micoulou-photos.com\/?s={search_term_string}"},"query-input":{"@type":"PropertyValueSpecification","valueRequired":true,"valueName":"search_term_string"}}],"inLanguage":"fr-FR"},{"@type":"Organization","@id":"https:\/\/www.micoulou-photos.com\/#organization","name":"Micoulou Photographie","url":"https:\/\/www.micoulou-photos.com\/","logo":{"@type":"ImageObject","inLanguage":"fr-FR","@id":"https:\/\/www.micoulou-photos.com\/#\/schema\/logo\/image\/","url":"https:\/\/i0.wp.com\/www.micoulou-photos.com\/wp-content\/uploads\/2020\/05\/cropped-891667_552097324824916_1615181552_o-1.jpg?fit=643%2C722&ssl=1","contentUrl":"https:\/\/i0.wp.com\/www.micoulou-photos.com\/wp-content\/uploads\/2020\/05\/cropped-891667_552097324824916_1615181552_o-1.jpg?fit=643%2C722&ssl=1","width":643,"height":722,"caption":"Micoulou Photographie"},"image":{"@id":"https:\/\/www.micoulou-photos.com\/#\/schema\/logo\/image\/"}},{"@type":"Person","@id":"https:\/\/www.micoulou-photos.com\/#\/schema\/person\/6aedfe8ebe91da632f46e7c9d806a722","name":"micoulou","image":{"@type":"ImageObject","inLanguage":"fr-FR","@id":"https:\/\/secure.gravatar.com\/avatar\/98f892eb7d267eab2faa437baa3edd708deaaa43929316c0cc7b751a04cb247b?s=96&d=mm&r=g","url":"https:\/\/secure.gravatar.com\/avatar\/98f892eb7d267eab2faa437baa3edd708deaaa43929316c0cc7b751a04cb247b?s=96&d=mm&r=g","contentUrl":"https:\/\/secure.gravatar.com\/avatar\/98f892eb7d267eab2faa437baa3edd708deaaa43929316c0cc7b751a04cb247b?s=96&d=mm&r=g","caption":"micoulou"},"url":"https:\/\/www.micoulou-photos.com\/index.php\/author\/micoulou\/"}]}},"jetpack_publicize_connections":[],"jetpack_featured_media_url":"","jetpack_sharing_enabled":true,"jetpack_shortlink":"https:\/\/wp.me\/p7zKF4-3T","jetpack-related-posts":[{"id":260,"url":"https:\/\/www.micoulou-photos.com\/index.php\/2008\/04\/21\/test-du-carl-zeiss-jena-135mm-f3-5\/","url_meta":{"origin":241,"position":0},"title":"test du Carl Zeiss Jena 135mm f\/3.5","author":"micoulou","date":"21 avril 2008","format":false,"excerpt":"J'ai enfin recu mon adaptateur qui gardait l'infini.J'ai pu finalement le tester sur le Pentax, le Canon refuse de declencher avec l'adaptateur EOS\/M42 au cul...Tout d'abord, la plupart des photos sont sous ex avec la mesure par defaut. Ensuite, autre inconvenient, la fermeture de diaphragme est manuelle, il n'y a\u2026","rel":"","context":"Dans &quot;Non class\u00e9&quot;","block_context":{"text":"Non class\u00e9","link":"https:\/\/www.micoulou-photos.com\/index.php\/category\/non-classe\/"},"img":{"alt_text":"","src":"","width":0,"height":0},"classes":[]},{"id":257,"url":"https:\/\/www.micoulou-photos.com\/index.php\/2008\/05\/21\/test-des-objo-pentax\/","url_meta":{"origin":241,"position":1},"title":"Test des objo pentax","author":"micoulou","date":"21 mai 2008","format":false,"excerpt":"Je viens de trier toutes mes photos du pentax depuis le mois de septembre, j'ai pu donc voir ce que valait mes objectifs, a peu pres...Le 18-55 n'est pas mauvais, j'ai de tr\u00e9s bonne photo si peu que l'on ferme un peu, ca pique et c'est assez contrast\u00e9, il y\u2026","rel":"","context":"Dans &quot;Non class\u00e9&quot;","block_context":{"text":"Non class\u00e9","link":"https:\/\/www.micoulou-photos.com\/index.php\/category\/non-classe\/"},"img":{"alt_text":"","src":"","width":0,"height":0},"classes":[]},{"id":240,"url":"https:\/\/www.micoulou-photos.com\/index.php\/2009\/03\/01\/m42-sur-d60\/","url_meta":{"origin":241,"position":2},"title":"M42 sur D60","author":"micoulou","date":"1 mars 2009","format":false,"excerpt":"Bon, encore une belle journ\u00e9e, j'en ai profit\u00e9 pour sortir mon D60 et mes M42 (enfin, ceux qui etait dans le coin, l'helios 44M et le Soligor Tele-auto 135mm f\/2.8. Mes impressions : ca pique bien, la mise au point est assez precise, le viseur est bien meilleur que le\u2026","rel":"","context":"Dans &quot;Non class\u00e9&quot;","block_context":{"text":"Non class\u00e9","link":"https:\/\/www.micoulou-photos.com\/index.php\/category\/non-classe\/"},"img":{"alt_text":"","src":"","width":0,"height":0},"classes":[]},{"id":253,"url":"https:\/\/www.micoulou-photos.com\/index.php\/2008\/09\/26\/matos-photos\/","url_meta":{"origin":241,"position":3},"title":"Matos photos","author":"micoulou","date":"26 septembre 2008","format":false,"excerpt":"Bon, avant de faire d'autre article, voici mon materiel actuel :Edit du 21 octobre...Edit du 29 juinBo\u00eetiers argentique :Canon EOS 500n(en panne)Canon EOS 650Pentax me superZenit EMPractika LM (a vendre)Olympus OM30Bo\u00eetiers numerique :Canon EOS D30Canon EOS D60Pentax K100D Pentax IST DSFuji S5ProBridges numerique :Nikon coolpix 5700Sony DSC R1Compact num\u00e9rique :\u2026","rel":"","context":"Dans &quot;Non class\u00e9&quot;","block_context":{"text":"Non class\u00e9","link":"https:\/\/www.micoulou-photos.com\/index.php\/category\/non-classe\/"},"img":{"alt_text":"","src":"","width":0,"height":0},"classes":[]},{"id":235,"url":"https:\/\/www.micoulou-photos.com\/index.php\/2010\/01\/26\/non-ce-blog-nest-pas-completement-mort\/","url_meta":{"origin":241,"position":4},"title":"Non, ce blog n&rsquo;est pas completement mort&#8230;","author":"micoulou","date":"26 janvier 2010","format":false,"excerpt":"Bon, je vais essayer de raviver un peu mon blog, maintenant que je suis de retour en France... Je ne sais pas si quelques personnes me suivent, enfin j'esp\u00e8re que les personnes que j'ai pu rencontr\u00e9 physiquement vont passer, eventuellement mettre un commentaire...Enfin, la prochaine fois que je les verrais\u2026","rel":"","context":"Dans &quot;Non class\u00e9&quot;","block_context":{"text":"Non class\u00e9","link":"https:\/\/www.micoulou-photos.com\/index.php\/category\/non-classe\/"},"img":{"alt_text":"","src":"","width":0,"height":0},"classes":[]},{"id":250,"url":"https:\/\/www.micoulou-photos.com\/index.php\/2008\/10\/20\/premiere-impression-du-21mm-et-du-28-70\/","url_meta":{"origin":241,"position":5},"title":"Premiere impression du 21mm et du 28-70","author":"micoulou","date":"20 octobre 2008","format":false,"excerpt":"Deux objectifs en une semaine... EH oui, j'ai vu une grosse promo. Le 21mm, je le voulais depuis longtemps, le 28-70mm, c'est plus pour remplacer le 18-55mm que je trouve de plus en plus limit\u00e9.J'ai \u00e9t\u00e9 bluff\u00e9 par le rendu du 28-70mm, qui est tr\u00e8s bon (bon piqu\u00e9, beau bokeh,\u2026","rel":"","context":"Dans &quot;Non class\u00e9&quot;","block_context":{"text":"Non class\u00e9","link":"https:\/\/www.micoulou-photos.com\/index.php\/category\/non-classe\/"},"img":{"alt_text":"","src":"","width":0,"height":0},"classes":[]}],"_links":{"self":[{"href":"https:\/\/www.micoulou-photos.com\/index.php\/wp-json\/wp\/v2\/posts\/241","targetHints":{"allow":["GET"]}}],"collection":[{"href":"https:\/\/www.micoulou-photos.com\/index.php\/wp-json\/wp\/v2\/posts"}],"about":[{"href":"https:\/\/www.micoulou-photos.com\/index.php\/wp-json\/wp\/v2\/types\/post"}],"author":[{"embeddable":true,"href":"https:\/\/www.micoulou-photos.com\/index.php\/wp-json\/wp\/v2\/users\/1"}],"replies":[{"embeddable":true,"href":"https:\/\/www.micoulou-photos.com\/index.php\/wp-json\/wp\/v2\/comments?post=241"}],"version-history":[{"count":0,"href":"https:\/\/www.micoulou-photos.com\/index.php\/wp-json\/wp\/v2\/posts\/241\/revisions"}],"wp:attachment":[{"href":"https:\/\/www.micoulou-photos.com\/index.php\/wp-json\/wp\/v2\/media?parent=241"}],"wp:term":[{"taxonomy":"category","embeddable":true,"href":"https:\/\/www.micoulou-photos.com\/index.php\/wp-json\/wp\/v2\/categories?post=241"},{"taxonomy":"post_tag","embeddable":true,"href":"https:\/\/www.micoulou-photos.com\/index.php\/wp-json\/wp\/v2\/tags?post=241"}],"curies":[{"name":"wp","href":"https:\/\/api.w.org\/{rel}","templated":true}]}}