{"id":237,"date":"2009-06-26T20:46:00","date_gmt":"2009-06-26T19:46:00","guid":{"rendered":"http:\/\/micoulou.info\/wp\/index.php\/2009\/06\/26\/ecosse-avec-kaelmn\/"},"modified":"2018-01-02T23:23:59","modified_gmt":"2018-01-02T22:23:59","slug":"ecosse-avec-kaelmn","status":"publish","type":"post","link":"https:\/\/www.micoulou-photos.com\/index.php\/2009\/06\/26\/ecosse-avec-kaelmn\/","title":{"rendered":"Ecosse avec Kaelmn"},"content":{"rendered":"<p>Pendant les 2 semaines derni\u00e8res, un ami est venu, et on a pu se ballader&#8230; Vu que j&rsquo;avais du temps, je pu me concentrer sur les prises de vues et eviter le TTG&#8230;<\/p>\n<p>Une premiere s\u00e9rie a Aberdeen, avec le Pentax IST DS et le 21mm LTD.<\/p>\n<p>Cet appareil est vraiment agreable \u00e0 utiliser, un bon viseur, AF correct en journ\u00e9e et surtout on a pas un fardeau a transporter&#8230; Et garder que le 21mm n&rsquo;a pas \u00e9t\u00e9 un probl\u00e8me, j&rsquo;ai quelques fois manquer qqs millimetre mais on cadre avec ce que l&rsquo;on a&#8230;<\/p>\n<p>Et j&rsquo;ai essayer d&rsquo;am\u00e9liorer mon traitement pour avoir un export web correct&#8230; Finalement je me remet a apprecier GIMP, pour les derniers details il se debrouille tr\u00e8s bien.<\/p>\n<table style=\"width:auto;\">\n<tr>\n<td><img data-recalc-dims=\"1\" decoding=\"async\" src=\"https:\/\/i0.wp.com\/lh3.ggpht.com\/_XkNwbuBHhIs\/SkKLZiN-x6I\/AAAAAAAALME\/ZfbLAXMHc_o\/s288\/imgp1668.jpg?w=800\" \/><\/td>\n<\/tr>\n<tr>\n<td style=\"font-family:arial,sans-serif; font-size:11px; text-align:right\">From semaine avec brice<\/td>\n<\/tr>\n<\/table>\n<table style=\"width:auto;\">\n<tr>\n<td><img data-recalc-dims=\"1\" decoding=\"async\" src=\"https:\/\/i0.wp.com\/lh5.ggpht.com\/_XkNwbuBHhIs\/SkKLaeT5ERI\/AAAAAAAALMI\/G5F26ybnYBk\/s288\/imgp1684.jpg?w=800\" \/><\/td>\n<\/tr>\n<tr>\n<td style=\"font-family:arial,sans-serif; font-size:11px; text-align:right\">From semaine avec brice<\/td>\n<\/tr>\n<\/table>\n<table style=\"width:auto;\">\n<tr>\n<td><\/td>\n<\/tr>\n<tr>\n<td style=\"font-family:arial,sans-serif; font-size:11px; text-align:right\">From semaine avec brice<\/td>\n<\/tr>\n<\/table>\n<table style=\"width:auto;\">\n<tr>\n<td><img data-recalc-dims=\"1\" decoding=\"async\" src=\"https:\/\/i0.wp.com\/lh6.ggpht.com\/_XkNwbuBHhIs\/SkPaDcCZS9I\/AAAAAAAALjA\/Vs2zJZWhd28\/s144\/imgp1822.jpg?w=800\" \/><\/td>\n<\/tr>\n<tr>\n<td style=\"font-family:arial,sans-serif; font-size:11px; text-align:right\">From semaine avec brice<\/td>\n<\/tr>\n<\/table>\n<p>Celle la mon cadrage est peut etre limite, on dirait que ca penche&#8230;<\/p>\n<table style=\"width:auto;\">\n<tr>\n<td><img data-recalc-dims=\"1\" decoding=\"async\" src=\"https:\/\/i0.wp.com\/lh6.ggpht.com\/_XkNwbuBHhIs\/SkPaEUgZKtI\/AAAAAAAALjE\/nkrxDK9jraI\/s144\/imgp1898.jpg?w=800\" \/><\/td>\n<\/tr>\n<tr>\n<td style=\"font-family:arial,sans-serif; font-size:11px; text-align:right\">From semaine avec brice<\/td>\n<\/tr>\n<\/table>\n<p>J&rsquo;aime bien le rendu de celle la mais en effet ca penche&#8230;<\/p>\n<p>Bon, prochaine serie soon<\/p>\n","protected":false},"excerpt":{"rendered":"<p>Pendant les 2 semaines derni\u00e8res, un ami est venu, et on a pu se ballader&#8230; Vu que j&rsquo;avais du temps, je pu me concentrer sur les prises de vues et eviter le TTG&#8230; Une premiere s\u00e9rie a Aberdeen, avec le Pentax IST DS et le 21mm LTD. Cet appareil est vraiment agreable \u00e0 utiliser, un [&hellip;]<\/p>\n","protected":false},"author":1,"featured_media":0,"comment_status":"open","ping_status":"open","sticky":false,"template":"","format":"standard","meta":{"jetpack_post_was_ever_published":false,"_jetpack_newsletter_access":"","_jetpack_dont_email_post_to_subs":false,"_jetpack_newsletter_tier_id":0,"_jetpack_memberships_contains_paywalled_content":false,"_jetpack_memberships_contains_paid_content":false,"footnotes":"","jetpack_publicize_message":"","jetpack_publicize_feature_enabled":true,"jetpack_social_post_already_shared":false,"jetpack_social_options":{"image_generator_settings":{"template":"highway","default_image_id":0,"font":"","enabled":false},"version":2}},"categories":[1],"tags":[],"class_list":["post-237","post","type-post","status-publish","format-standard","hentry","category-non-classe"],"yoast_head":"<!-- This site is optimized with the Yoast SEO plugin v27.5 - https:\/\/yoast.com\/product\/yoast-seo-wordpress\/ -->\n<title>Ecosse avec Kaelmn - Micoulou Photographie<\/title>\n<meta name=\"robots\" content=\"index, follow, max-snippet:-1, max-image-preview:large, max-video-preview:-1\" \/>\n<link rel=\"canonical\" href=\"https:\/\/www.micoulou-photos.com\/index.php\/2009\/06\/26\/ecosse-avec-kaelmn\/\" \/>\n<meta property=\"og:locale\" content=\"fr_FR\" \/>\n<meta property=\"og:type\" content=\"article\" \/>\n<meta property=\"og:title\" content=\"Ecosse avec Kaelmn - Micoulou Photographie\" \/>\n<meta property=\"og:description\" content=\"Pendant les 2 semaines derni\u00e8res, un ami est venu, et on a pu se ballader&#8230; Vu que j&rsquo;avais du temps, je pu me concentrer sur les prises de vues et eviter le TTG&#8230; Une premiere s\u00e9rie a Aberdeen, avec le Pentax IST DS et le 21mm LTD. Cet appareil est vraiment agreable \u00e0 utiliser, un [&hellip;]\" \/>\n<meta property=\"og:url\" content=\"https:\/\/www.micoulou-photos.com\/index.php\/2009\/06\/26\/ecosse-avec-kaelmn\/\" \/>\n<meta property=\"og:site_name\" content=\"Micoulou Photographie\" \/>\n<meta property=\"article:published_time\" content=\"2009-06-26T19:46:00+00:00\" \/>\n<meta property=\"article:modified_time\" content=\"2018-01-02T22:23:59+00:00\" \/>\n<meta property=\"og:image\" content=\"http:\/\/lh3.ggpht.com\/_XkNwbuBHhIs\/SkKLZiN-x6I\/AAAAAAAALME\/ZfbLAXMHc_o\/s288\/imgp1668.jpg\" \/>\n<meta name=\"author\" content=\"micoulou\" \/>\n<meta name=\"twitter:card\" content=\"summary_large_image\" \/>\n<meta name=\"twitter:label1\" content=\"\u00c9crit par\" \/>\n\t<meta name=\"twitter:data1\" content=\"micoulou\" \/>\n\t<meta name=\"twitter:label2\" content=\"Dur\u00e9e de lecture estim\u00e9e\" \/>\n\t<meta name=\"twitter:data2\" content=\"1 minute\" \/>\n<script type=\"application\/ld+json\" class=\"yoast-schema-graph\">{\"@context\":\"https:\\\/\\\/schema.org\",\"@graph\":[{\"@type\":\"Article\",\"@id\":\"https:\\\/\\\/www.micoulou-photos.com\\\/index.php\\\/2009\\\/06\\\/26\\\/ecosse-avec-kaelmn\\\/#article\",\"isPartOf\":{\"@id\":\"https:\\\/\\\/www.micoulou-photos.com\\\/index.php\\\/2009\\\/06\\\/26\\\/ecosse-avec-kaelmn\\\/\"},\"author\":{\"name\":\"micoulou\",\"@id\":\"https:\\\/\\\/www.micoulou-photos.com\\\/#\\\/schema\\\/person\\\/6aedfe8ebe91da632f46e7c9d806a722\"},\"headline\":\"Ecosse avec Kaelmn\",\"datePublished\":\"2009-06-26T19:46:00+00:00\",\"dateModified\":\"2018-01-02T22:23:59+00:00\",\"mainEntityOfPage\":{\"@id\":\"https:\\\/\\\/www.micoulou-photos.com\\\/index.php\\\/2009\\\/06\\\/26\\\/ecosse-avec-kaelmn\\\/\"},\"wordCount\":185,\"commentCount\":0,\"publisher\":{\"@id\":\"https:\\\/\\\/www.micoulou-photos.com\\\/#organization\"},\"image\":{\"@id\":\"https:\\\/\\\/www.micoulou-photos.com\\\/index.php\\\/2009\\\/06\\\/26\\\/ecosse-avec-kaelmn\\\/#primaryimage\"},\"thumbnailUrl\":\"http:\\\/\\\/lh3.ggpht.com\\\/_XkNwbuBHhIs\\\/SkKLZiN-x6I\\\/AAAAAAAALME\\\/ZfbLAXMHc_o\\\/s288\\\/imgp1668.jpg\",\"inLanguage\":\"fr-FR\",\"potentialAction\":[{\"@type\":\"CommentAction\",\"name\":\"Comment\",\"target\":[\"https:\\\/\\\/www.micoulou-photos.com\\\/index.php\\\/2009\\\/06\\\/26\\\/ecosse-avec-kaelmn\\\/#respond\"]}]},{\"@type\":\"WebPage\",\"@id\":\"https:\\\/\\\/www.micoulou-photos.com\\\/index.php\\\/2009\\\/06\\\/26\\\/ecosse-avec-kaelmn\\\/\",\"url\":\"https:\\\/\\\/www.micoulou-photos.com\\\/index.php\\\/2009\\\/06\\\/26\\\/ecosse-avec-kaelmn\\\/\",\"name\":\"Ecosse avec Kaelmn - Micoulou Photographie\",\"isPartOf\":{\"@id\":\"https:\\\/\\\/www.micoulou-photos.com\\\/#website\"},\"primaryImageOfPage\":{\"@id\":\"https:\\\/\\\/www.micoulou-photos.com\\\/index.php\\\/2009\\\/06\\\/26\\\/ecosse-avec-kaelmn\\\/#primaryimage\"},\"image\":{\"@id\":\"https:\\\/\\\/www.micoulou-photos.com\\\/index.php\\\/2009\\\/06\\\/26\\\/ecosse-avec-kaelmn\\\/#primaryimage\"},\"thumbnailUrl\":\"http:\\\/\\\/lh3.ggpht.com\\\/_XkNwbuBHhIs\\\/SkKLZiN-x6I\\\/AAAAAAAALME\\\/ZfbLAXMHc_o\\\/s288\\\/imgp1668.jpg\",\"datePublished\":\"2009-06-26T19:46:00+00:00\",\"dateModified\":\"2018-01-02T22:23:59+00:00\",\"breadcrumb\":{\"@id\":\"https:\\\/\\\/www.micoulou-photos.com\\\/index.php\\\/2009\\\/06\\\/26\\\/ecosse-avec-kaelmn\\\/#breadcrumb\"},\"inLanguage\":\"fr-FR\",\"potentialAction\":[{\"@type\":\"ReadAction\",\"target\":[\"https:\\\/\\\/www.micoulou-photos.com\\\/index.php\\\/2009\\\/06\\\/26\\\/ecosse-avec-kaelmn\\\/\"]}]},{\"@type\":\"ImageObject\",\"inLanguage\":\"fr-FR\",\"@id\":\"https:\\\/\\\/www.micoulou-photos.com\\\/index.php\\\/2009\\\/06\\\/26\\\/ecosse-avec-kaelmn\\\/#primaryimage\",\"url\":\"http:\\\/\\\/lh3.ggpht.com\\\/_XkNwbuBHhIs\\\/SkKLZiN-x6I\\\/AAAAAAAALME\\\/ZfbLAXMHc_o\\\/s288\\\/imgp1668.jpg\",\"contentUrl\":\"http:\\\/\\\/lh3.ggpht.com\\\/_XkNwbuBHhIs\\\/SkKLZiN-x6I\\\/AAAAAAAALME\\\/ZfbLAXMHc_o\\\/s288\\\/imgp1668.jpg\"},{\"@type\":\"BreadcrumbList\",\"@id\":\"https:\\\/\\\/www.micoulou-photos.com\\\/index.php\\\/2009\\\/06\\\/26\\\/ecosse-avec-kaelmn\\\/#breadcrumb\",\"itemListElement\":[{\"@type\":\"ListItem\",\"position\":1,\"name\":\"Accueil\",\"item\":\"https:\\\/\\\/www.micoulou-photos.com\\\/\"},{\"@type\":\"ListItem\",\"position\":2,\"name\":\"Ecosse avec Kaelmn\"}]},{\"@type\":\"WebSite\",\"@id\":\"https:\\\/\\\/www.micoulou-photos.com\\\/#website\",\"url\":\"https:\\\/\\\/www.micoulou-photos.com\\\/\",\"name\":\"Micoulou Photographie\",\"description\":\"Photographies, Visites virtuelles et formations par Mickael Minarie\",\"publisher\":{\"@id\":\"https:\\\/\\\/www.micoulou-photos.com\\\/#organization\"},\"potentialAction\":[{\"@type\":\"SearchAction\",\"target\":{\"@type\":\"EntryPoint\",\"urlTemplate\":\"https:\\\/\\\/www.micoulou-photos.com\\\/?s={search_term_string}\"},\"query-input\":{\"@type\":\"PropertyValueSpecification\",\"valueRequired\":true,\"valueName\":\"search_term_string\"}}],\"inLanguage\":\"fr-FR\"},{\"@type\":\"Organization\",\"@id\":\"https:\\\/\\\/www.micoulou-photos.com\\\/#organization\",\"name\":\"Micoulou Photographie\",\"url\":\"https:\\\/\\\/www.micoulou-photos.com\\\/\",\"logo\":{\"@type\":\"ImageObject\",\"inLanguage\":\"fr-FR\",\"@id\":\"https:\\\/\\\/www.micoulou-photos.com\\\/#\\\/schema\\\/logo\\\/image\\\/\",\"url\":\"https:\\\/\\\/i0.wp.com\\\/www.micoulou-photos.com\\\/wp-content\\\/uploads\\\/2020\\\/05\\\/cropped-891667_552097324824916_1615181552_o-1.jpg?fit=643%2C722&ssl=1\",\"contentUrl\":\"https:\\\/\\\/i0.wp.com\\\/www.micoulou-photos.com\\\/wp-content\\\/uploads\\\/2020\\\/05\\\/cropped-891667_552097324824916_1615181552_o-1.jpg?fit=643%2C722&ssl=1\",\"width\":643,\"height\":722,\"caption\":\"Micoulou Photographie\"},\"image\":{\"@id\":\"https:\\\/\\\/www.micoulou-photos.com\\\/#\\\/schema\\\/logo\\\/image\\\/\"}},{\"@type\":\"Person\",\"@id\":\"https:\\\/\\\/www.micoulou-photos.com\\\/#\\\/schema\\\/person\\\/6aedfe8ebe91da632f46e7c9d806a722\",\"name\":\"micoulou\",\"image\":{\"@type\":\"ImageObject\",\"inLanguage\":\"fr-FR\",\"@id\":\"https:\\\/\\\/secure.gravatar.com\\\/avatar\\\/98f892eb7d267eab2faa437baa3edd708deaaa43929316c0cc7b751a04cb247b?s=96&d=mm&r=g\",\"url\":\"https:\\\/\\\/secure.gravatar.com\\\/avatar\\\/98f892eb7d267eab2faa437baa3edd708deaaa43929316c0cc7b751a04cb247b?s=96&d=mm&r=g\",\"contentUrl\":\"https:\\\/\\\/secure.gravatar.com\\\/avatar\\\/98f892eb7d267eab2faa437baa3edd708deaaa43929316c0cc7b751a04cb247b?s=96&d=mm&r=g\",\"caption\":\"micoulou\"},\"url\":\"https:\\\/\\\/www.micoulou-photos.com\\\/index.php\\\/author\\\/micoulou\\\/\"}]}<\/script>\n<!-- \/ Yoast SEO plugin. -->","yoast_head_json":{"title":"Ecosse avec Kaelmn - Micoulou Photographie","robots":{"index":"index","follow":"follow","max-snippet":"max-snippet:-1","max-image-preview":"max-image-preview:large","max-video-preview":"max-video-preview:-1"},"canonical":"https:\/\/www.micoulou-photos.com\/index.php\/2009\/06\/26\/ecosse-avec-kaelmn\/","og_locale":"fr_FR","og_type":"article","og_title":"Ecosse avec Kaelmn - Micoulou Photographie","og_description":"Pendant les 2 semaines derni\u00e8res, un ami est venu, et on a pu se ballader&#8230; Vu que j&rsquo;avais du temps, je pu me concentrer sur les prises de vues et eviter le TTG&#8230; Une premiere s\u00e9rie a Aberdeen, avec le Pentax IST DS et le 21mm LTD. Cet appareil est vraiment agreable \u00e0 utiliser, un [&hellip;]","og_url":"https:\/\/www.micoulou-photos.com\/index.php\/2009\/06\/26\/ecosse-avec-kaelmn\/","og_site_name":"Micoulou Photographie","article_published_time":"2009-06-26T19:46:00+00:00","article_modified_time":"2018-01-02T22:23:59+00:00","og_image":[{"url":"http:\/\/lh3.ggpht.com\/_XkNwbuBHhIs\/SkKLZiN-x6I\/AAAAAAAALME\/ZfbLAXMHc_o\/s288\/imgp1668.jpg","type":"","width":"","height":""}],"author":"micoulou","twitter_card":"summary_large_image","twitter_misc":{"\u00c9crit par":"micoulou","Dur\u00e9e de lecture estim\u00e9e":"1 minute"},"schema":{"@context":"https:\/\/schema.org","@graph":[{"@type":"Article","@id":"https:\/\/www.micoulou-photos.com\/index.php\/2009\/06\/26\/ecosse-avec-kaelmn\/#article","isPartOf":{"@id":"https:\/\/www.micoulou-photos.com\/index.php\/2009\/06\/26\/ecosse-avec-kaelmn\/"},"author":{"name":"micoulou","@id":"https:\/\/www.micoulou-photos.com\/#\/schema\/person\/6aedfe8ebe91da632f46e7c9d806a722"},"headline":"Ecosse avec Kaelmn","datePublished":"2009-06-26T19:46:00+00:00","dateModified":"2018-01-02T22:23:59+00:00","mainEntityOfPage":{"@id":"https:\/\/www.micoulou-photos.com\/index.php\/2009\/06\/26\/ecosse-avec-kaelmn\/"},"wordCount":185,"commentCount":0,"publisher":{"@id":"https:\/\/www.micoulou-photos.com\/#organization"},"image":{"@id":"https:\/\/www.micoulou-photos.com\/index.php\/2009\/06\/26\/ecosse-avec-kaelmn\/#primaryimage"},"thumbnailUrl":"http:\/\/lh3.ggpht.com\/_XkNwbuBHhIs\/SkKLZiN-x6I\/AAAAAAAALME\/ZfbLAXMHc_o\/s288\/imgp1668.jpg","inLanguage":"fr-FR","potentialAction":[{"@type":"CommentAction","name":"Comment","target":["https:\/\/www.micoulou-photos.com\/index.php\/2009\/06\/26\/ecosse-avec-kaelmn\/#respond"]}]},{"@type":"WebPage","@id":"https:\/\/www.micoulou-photos.com\/index.php\/2009\/06\/26\/ecosse-avec-kaelmn\/","url":"https:\/\/www.micoulou-photos.com\/index.php\/2009\/06\/26\/ecosse-avec-kaelmn\/","name":"Ecosse avec Kaelmn - Micoulou Photographie","isPartOf":{"@id":"https:\/\/www.micoulou-photos.com\/#website"},"primaryImageOfPage":{"@id":"https:\/\/www.micoulou-photos.com\/index.php\/2009\/06\/26\/ecosse-avec-kaelmn\/#primaryimage"},"image":{"@id":"https:\/\/www.micoulou-photos.com\/index.php\/2009\/06\/26\/ecosse-avec-kaelmn\/#primaryimage"},"thumbnailUrl":"http:\/\/lh3.ggpht.com\/_XkNwbuBHhIs\/SkKLZiN-x6I\/AAAAAAAALME\/ZfbLAXMHc_o\/s288\/imgp1668.jpg","datePublished":"2009-06-26T19:46:00+00:00","dateModified":"2018-01-02T22:23:59+00:00","breadcrumb":{"@id":"https:\/\/www.micoulou-photos.com\/index.php\/2009\/06\/26\/ecosse-avec-kaelmn\/#breadcrumb"},"inLanguage":"fr-FR","potentialAction":[{"@type":"ReadAction","target":["https:\/\/www.micoulou-photos.com\/index.php\/2009\/06\/26\/ecosse-avec-kaelmn\/"]}]},{"@type":"ImageObject","inLanguage":"fr-FR","@id":"https:\/\/www.micoulou-photos.com\/index.php\/2009\/06\/26\/ecosse-avec-kaelmn\/#primaryimage","url":"http:\/\/lh3.ggpht.com\/_XkNwbuBHhIs\/SkKLZiN-x6I\/AAAAAAAALME\/ZfbLAXMHc_o\/s288\/imgp1668.jpg","contentUrl":"http:\/\/lh3.ggpht.com\/_XkNwbuBHhIs\/SkKLZiN-x6I\/AAAAAAAALME\/ZfbLAXMHc_o\/s288\/imgp1668.jpg"},{"@type":"BreadcrumbList","@id":"https:\/\/www.micoulou-photos.com\/index.php\/2009\/06\/26\/ecosse-avec-kaelmn\/#breadcrumb","itemListElement":[{"@type":"ListItem","position":1,"name":"Accueil","item":"https:\/\/www.micoulou-photos.com\/"},{"@type":"ListItem","position":2,"name":"Ecosse avec Kaelmn"}]},{"@type":"WebSite","@id":"https:\/\/www.micoulou-photos.com\/#website","url":"https:\/\/www.micoulou-photos.com\/","name":"Micoulou Photographie","description":"Photographies, Visites virtuelles et formations par Mickael Minarie","publisher":{"@id":"https:\/\/www.micoulou-photos.com\/#organization"},"potentialAction":[{"@type":"SearchAction","target":{"@type":"EntryPoint","urlTemplate":"https:\/\/www.micoulou-photos.com\/?s={search_term_string}"},"query-input":{"@type":"PropertyValueSpecification","valueRequired":true,"valueName":"search_term_string"}}],"inLanguage":"fr-FR"},{"@type":"Organization","@id":"https:\/\/www.micoulou-photos.com\/#organization","name":"Micoulou Photographie","url":"https:\/\/www.micoulou-photos.com\/","logo":{"@type":"ImageObject","inLanguage":"fr-FR","@id":"https:\/\/www.micoulou-photos.com\/#\/schema\/logo\/image\/","url":"https:\/\/i0.wp.com\/www.micoulou-photos.com\/wp-content\/uploads\/2020\/05\/cropped-891667_552097324824916_1615181552_o-1.jpg?fit=643%2C722&ssl=1","contentUrl":"https:\/\/i0.wp.com\/www.micoulou-photos.com\/wp-content\/uploads\/2020\/05\/cropped-891667_552097324824916_1615181552_o-1.jpg?fit=643%2C722&ssl=1","width":643,"height":722,"caption":"Micoulou Photographie"},"image":{"@id":"https:\/\/www.micoulou-photos.com\/#\/schema\/logo\/image\/"}},{"@type":"Person","@id":"https:\/\/www.micoulou-photos.com\/#\/schema\/person\/6aedfe8ebe91da632f46e7c9d806a722","name":"micoulou","image":{"@type":"ImageObject","inLanguage":"fr-FR","@id":"https:\/\/secure.gravatar.com\/avatar\/98f892eb7d267eab2faa437baa3edd708deaaa43929316c0cc7b751a04cb247b?s=96&d=mm&r=g","url":"https:\/\/secure.gravatar.com\/avatar\/98f892eb7d267eab2faa437baa3edd708deaaa43929316c0cc7b751a04cb247b?s=96&d=mm&r=g","contentUrl":"https:\/\/secure.gravatar.com\/avatar\/98f892eb7d267eab2faa437baa3edd708deaaa43929316c0cc7b751a04cb247b?s=96&d=mm&r=g","caption":"micoulou"},"url":"https:\/\/www.micoulou-photos.com\/index.php\/author\/micoulou\/"}]}},"jetpack_publicize_connections":[],"jetpack_featured_media_url":"","jetpack_sharing_enabled":true,"jetpack_shortlink":"https:\/\/wp.me\/p7zKF4-3P","jetpack-related-posts":[{"id":250,"url":"https:\/\/www.micoulou-photos.com\/index.php\/2008\/10\/20\/premiere-impression-du-21mm-et-du-28-70\/","url_meta":{"origin":237,"position":0},"title":"Premiere impression du 21mm et du 28-70","author":"micoulou","date":"20 octobre 2008","format":false,"excerpt":"Deux objectifs en une semaine... EH oui, j'ai vu une grosse promo. Le 21mm, je le voulais depuis longtemps, le 28-70mm, c'est plus pour remplacer le 18-55mm que je trouve de plus en plus limit\u00e9.J'ai \u00e9t\u00e9 bluff\u00e9 par le rendu du 28-70mm, qui est tr\u00e8s bon (bon piqu\u00e9, beau bokeh,\u2026","rel":"","context":"Dans &quot;Non class\u00e9&quot;","block_context":{"text":"Non class\u00e9","link":"https:\/\/www.micoulou-photos.com\/index.php\/category\/non-classe\/"},"img":{"alt_text":"","src":"","width":0,"height":0},"classes":[]},{"id":249,"url":"https:\/\/www.micoulou-photos.com\/index.php\/2008\/10\/28\/une-journee-avec-le-21mm\/","url_meta":{"origin":237,"position":1},"title":"Une journ\u00e9e avec le 21mm","author":"micoulou","date":"28 octobre 2008","format":false,"excerpt":"Je suis parti a Edinburgh avec mon Pentax K100D et son DA 21mm Limited ainsi que le Nikon 5700. Une grande partie des photo a ete faite avec le K100D et je viens de traiter les photos et je suis plutot content du resultat.D'abord, la focale 21mm est vraiment pratique\u2026","rel":"","context":"Dans &quot;Non class\u00e9&quot;","block_context":{"text":"Non class\u00e9","link":"https:\/\/www.micoulou-photos.com\/index.php\/category\/non-classe\/"},"img":{"alt_text":"","src":"","width":0,"height":0},"classes":[]},{"id":251,"url":"https:\/\/www.micoulou-photos.com\/index.php\/2008\/10\/14\/my-first-limited\/","url_meta":{"origin":237,"position":2},"title":"My first Limited","author":"micoulou","date":"14 octobre 2008","format":false,"excerpt":"Aujourd'hui, j'ai recu mon premier \"limitide\", le 21mm. Cela me permettra de reutiliser mon Pentqx que je n'utilisais plus que pour les photo de nuit et les portrait (M42 inside). Premiere impression, il est tout petit et agreable a utiliser. Test a venir, je suis presse de voir ce que\u2026","rel":"","context":"Dans &quot;Non class\u00e9&quot;","block_context":{"text":"Non class\u00e9","link":"https:\/\/www.micoulou-photos.com\/index.php\/category\/non-classe\/"},"img":{"alt_text":"","src":"","width":0,"height":0},"classes":[]},{"id":246,"url":"https:\/\/www.micoulou-photos.com\/index.php\/2008\/12\/26\/nouveau-materiel\/","url_meta":{"origin":237,"position":3},"title":"nouveau materiel&#8230;","author":"micoulou","date":"26 d\u00e9cembre 2008","format":false,"excerpt":"Bon, voila c'est fait, je n'ai plus de Pentax, il ne me reste plus que le 21mm ltd, le FA 35 et les 2 50mm, dont un va etre offert a mon meilleur ami. Je n'ai pas envi de revendre ces magnifiques objectifs mais je ne peux pas me racheter\u2026","rel":"","context":"Dans &quot;Non class\u00e9&quot;","block_context":{"text":"Non class\u00e9","link":"https:\/\/www.micoulou-photos.com\/index.php\/category\/non-classe\/"},"img":{"alt_text":"","src":"","width":0,"height":0},"classes":[]},{"id":248,"url":"https:\/\/www.micoulou-photos.com\/index.php\/2008\/11\/08\/matos-photo\/","url_meta":{"origin":237,"position":4},"title":"Matos photo","author":"micoulou","date":"8 novembre 2008","format":false,"excerpt":"Temps de merde pour prendre des photos ? Finalement je suis rest\u00e9 au chaud chez moi pour prendre quelques photos de mon matos...Finalement en moins d'un an, j'ai accumuler pas mal de matos, quelques tresors (Sigma 90mm macro, Sigma 400mm, 70-210mm 2.8, pentax 21mm ltd, Zeiss 135mm 3.5, Helios 44M...)\u2026","rel":"","context":"Dans &quot;Non class\u00e9&quot;","block_context":{"text":"Non class\u00e9","link":"https:\/\/www.micoulou-photos.com\/index.php\/category\/non-classe\/"},"img":{"alt_text":"","src":"","width":0,"height":0},"classes":[]},{"id":71,"url":"https:\/\/www.micoulou-photos.com\/index.php\/2013\/01\/24\/saint-malo\/","url_meta":{"origin":237,"position":5},"title":"Saint Malo","author":"micoulou","date":"24 janvier 2013","format":false,"excerpt":"Une sortie \u00e0 Saint Malo, avec le forum FousDeReflex, avec des gens super sympa, comme d'habitude...Je suis parti avec les Pentax K20D Pentax K-01, muni des 14, 21, 24, 40-80 et 120... C'est un bon combo pour les photos de paysage, le 14mm n'est peut etre pas aussi bon que\u2026","rel":"","context":"Dans &quot;Non class\u00e9&quot;","block_context":{"text":"Non class\u00e9","link":"https:\/\/www.micoulou-photos.com\/index.php\/category\/non-classe\/"},"img":{"alt_text":"","src":"https:\/\/i0.wp.com\/1.bp.blogspot.com\/-QZdIFGV8p-k\/UPvUxnA_kTI\/AAAAAAAA41E\/p0MmcHwpCHc\/s320\/IMGP0299.jpg?resize=350%2C200","width":350,"height":200},"classes":[]}],"_links":{"self":[{"href":"https:\/\/www.micoulou-photos.com\/index.php\/wp-json\/wp\/v2\/posts\/237","targetHints":{"allow":["GET"]}}],"collection":[{"href":"https:\/\/www.micoulou-photos.com\/index.php\/wp-json\/wp\/v2\/posts"}],"about":[{"href":"https:\/\/www.micoulou-photos.com\/index.php\/wp-json\/wp\/v2\/types\/post"}],"author":[{"embeddable":true,"href":"https:\/\/www.micoulou-photos.com\/index.php\/wp-json\/wp\/v2\/users\/1"}],"replies":[{"embeddable":true,"href":"https:\/\/www.micoulou-photos.com\/index.php\/wp-json\/wp\/v2\/comments?post=237"}],"version-history":[{"count":7,"href":"https:\/\/www.micoulou-photos.com\/index.php\/wp-json\/wp\/v2\/posts\/237\/revisions"}],"predecessor-version":[{"id":4015,"href":"https:\/\/www.micoulou-photos.com\/index.php\/wp-json\/wp\/v2\/posts\/237\/revisions\/4015"}],"wp:attachment":[{"href":"https:\/\/www.micoulou-photos.com\/index.php\/wp-json\/wp\/v2\/media?parent=237"}],"wp:term":[{"taxonomy":"category","embeddable":true,"href":"https:\/\/www.micoulou-photos.com\/index.php\/wp-json\/wp\/v2\/categories?post=237"},{"taxonomy":"post_tag","embeddable":true,"href":"https:\/\/www.micoulou-photos.com\/index.php\/wp-json\/wp\/v2\/tags?post=237"}],"curies":[{"name":"wp","href":"https:\/\/api.w.org\/{rel}","templated":true}]}}