{"id":236,"date":"2009-06-27T21:54:00","date_gmt":"2009-06-27T20:54:00","guid":{"rendered":"http:\/\/micoulou.info\/wp\/index.php\/2009\/06\/27\/ecosse-avec-kaelmn-2\/"},"modified":"2018-01-02T23:24:32","modified_gmt":"2018-01-02T22:24:32","slug":"ecosse-avec-kaelmn-2","status":"publish","type":"post","link":"https:\/\/www.micoulou-photos.com\/index.php\/2009\/06\/27\/ecosse-avec-kaelmn-2\/","title":{"rendered":"Ecosse avec Kaelmn -2-"},"content":{"rendered":"<p>La suite et fin de Aberdeen, une ballade de 21km avec le depart de Don street, passage par high street, passage rapide par Morrison et King street, Marishal college, Lemon tree, Union Street et visite du Maritime museum&#8230; Bon, on a eu le temps de s&rsquo;arreter a ce moment, et on repars pour le port, bridge of dee, duthie park, footdee puis la plage et enfin retour par donmouth&#8230;<\/p>\n<p>Bon, les photos de la fin :<\/p>\n<table style=\"width:auto;\">\n<tr>\n<td><img data-recalc-dims=\"1\" decoding=\"async\" src=\"https:\/\/i0.wp.com\/lh4.ggpht.com\/_XkNwbuBHhIs\/SkaFzUAMJkI\/AAAAAAAALyw\/WDbBEmc9H_o\/s144\/imgp1916.jpg?w=800\" \/><\/td>\n<\/tr>\n<tr>\n<td style=\"font-family:arial,sans-serif; font-size:11px; text-align:right\">From semaine avec brice<\/td>\n<\/tr>\n<\/table>\n<p><\/p>\n<table style=\"width:auto;\">\n<tr>\n<td><img data-recalc-dims=\"1\" decoding=\"async\" src=\"https:\/\/i0.wp.com\/lh6.ggpht.com\/_XkNwbuBHhIs\/SkaFz2zcVoI\/AAAAAAAALy0\/4B-ODVBTGvc\/s144\/imgp1929.jpg?w=800\" \/><\/td>\n<\/tr>\n<tr>\n<td style=\"font-family:arial,sans-serif; font-size:11px; text-align:right\">From semaine avec brice<\/td>\n<\/tr>\n<\/table>\n<p><\/p>\n<table style=\"width:auto;\">\n<tr>\n<td><img data-recalc-dims=\"1\" decoding=\"async\" src=\"https:\/\/i0.wp.com\/lh6.ggpht.com\/_XkNwbuBHhIs\/SkaF0JWnw2I\/AAAAAAAALy4\/-vLgrSw_5Dc\/s144\/imgp1933.jpg?w=800\" \/><\/td>\n<\/tr>\n<tr>\n<td style=\"font-family:arial,sans-serif; font-size:11px; text-align:right\">From semaine avec brice<\/td>\n<\/tr>\n<\/table>\n<p><\/p>\n<table style=\"width:auto;\">\n<tr>\n<td><img data-recalc-dims=\"1\" decoding=\"async\" src=\"https:\/\/i0.wp.com\/lh4.ggpht.com\/_XkNwbuBHhIs\/SkaF0oLDRdI\/AAAAAAAALy8\/14EMc0MU0nk\/s144\/imgp1946.jpg?w=800\" \/><\/td>\n<\/tr>\n<tr>\n<td style=\"font-family:arial,sans-serif; font-size:11px; text-align:right\">From semaine avec brice<\/td>\n<\/tr>\n<\/table>\n<p><\/p>\n<table style=\"width:auto;\">\n<tr>\n<td><img data-recalc-dims=\"1\" decoding=\"async\" src=\"https:\/\/i0.wp.com\/lh6.ggpht.com\/_XkNwbuBHhIs\/SkaRUcceENI\/AAAAAAAALzA\/xebDKLeHpiU\/s144\/imgp1957.jpg?w=800\" \/><\/td>\n<\/tr>\n<tr>\n<td style=\"font-family:arial,sans-serif; font-size:11px; text-align:right\">From semaine avec brice<\/td>\n<\/tr>\n<\/table>\n<p><\/p>\n<table style=\"width:auto;\">\n<tr>\n<td><img data-recalc-dims=\"1\" decoding=\"async\" src=\"https:\/\/i0.wp.com\/lh4.ggpht.com\/_XkNwbuBHhIs\/SkaRUyMa3JI\/AAAAAAAALzE\/i_L1OhkIxXg\/s144\/imgp1965.jpg?w=800\" \/><\/td>\n<\/tr>\n<tr>\n<td style=\"font-family:arial,sans-serif; font-size:11px; text-align:right\">From semaine avec brice<\/td>\n<\/tr>\n<\/table>\n","protected":false},"excerpt":{"rendered":"<p>La suite et fin de Aberdeen, une ballade de 21km avec le depart de Don street, passage par high street, passage rapide par Morrison et King street, Marishal college, Lemon tree, Union Street et visite du Maritime museum&#8230; Bon, on a eu le temps de s&rsquo;arreter a ce moment, et on repars pour le port, [&hellip;]<\/p>\n","protected":false},"author":1,"featured_media":0,"comment_status":"open","ping_status":"open","sticky":false,"template":"","format":"standard","meta":{"jetpack_post_was_ever_published":false,"_jetpack_newsletter_access":"","_jetpack_dont_email_post_to_subs":false,"_jetpack_newsletter_tier_id":0,"_jetpack_memberships_contains_paywalled_content":false,"_jetpack_memberships_contains_paid_content":false,"footnotes":"","jetpack_publicize_message":"","jetpack_publicize_feature_enabled":true,"jetpack_social_post_already_shared":false,"jetpack_social_options":{"image_generator_settings":{"template":"highway","default_image_id":0,"font":"","enabled":false},"version":2}},"categories":[1],"tags":[],"class_list":["post-236","post","type-post","status-publish","format-standard","hentry","category-non-classe"],"yoast_head":"<!-- This site is optimized with the Yoast SEO plugin v27.5 - https:\/\/yoast.com\/product\/yoast-seo-wordpress\/ -->\n<title>Ecosse avec Kaelmn -2- Micoulou Photographie<\/title>\n<meta name=\"robots\" content=\"index, follow, max-snippet:-1, max-image-preview:large, max-video-preview:-1\" \/>\n<link rel=\"canonical\" href=\"https:\/\/www.micoulou-photos.com\/index.php\/2009\/06\/27\/ecosse-avec-kaelmn-2\/\" \/>\n<meta property=\"og:locale\" content=\"fr_FR\" \/>\n<meta property=\"og:type\" content=\"article\" \/>\n<meta property=\"og:title\" content=\"Ecosse avec Kaelmn -2- Micoulou Photographie\" \/>\n<meta property=\"og:description\" content=\"La suite et fin de Aberdeen, une ballade de 21km avec le depart de Don street, passage par high street, passage rapide par Morrison et King street, Marishal college, Lemon tree, Union Street et visite du Maritime museum&#8230; Bon, on a eu le temps de s&rsquo;arreter a ce moment, et on repars pour le port, [&hellip;]\" \/>\n<meta property=\"og:url\" content=\"https:\/\/www.micoulou-photos.com\/index.php\/2009\/06\/27\/ecosse-avec-kaelmn-2\/\" \/>\n<meta property=\"og:site_name\" content=\"Micoulou Photographie\" \/>\n<meta property=\"article:published_time\" content=\"2009-06-27T20:54:00+00:00\" \/>\n<meta property=\"article:modified_time\" content=\"2018-01-02T22:24:32+00:00\" \/>\n<meta property=\"og:image\" content=\"http:\/\/lh4.ggpht.com\/_XkNwbuBHhIs\/SkaFzUAMJkI\/AAAAAAAALyw\/WDbBEmc9H_o\/s144\/imgp1916.jpg\" \/>\n<meta name=\"author\" content=\"micoulou\" \/>\n<meta name=\"twitter:card\" content=\"summary_large_image\" \/>\n<meta name=\"twitter:label1\" content=\"\u00c9crit par\" \/>\n\t<meta name=\"twitter:data1\" content=\"micoulou\" \/>\n<script type=\"application\/ld+json\" class=\"yoast-schema-graph\">{\"@context\":\"https:\\\/\\\/schema.org\",\"@graph\":[{\"@type\":\"Article\",\"@id\":\"https:\\\/\\\/www.micoulou-photos.com\\\/index.php\\\/2009\\\/06\\\/27\\\/ecosse-avec-kaelmn-2\\\/#article\",\"isPartOf\":{\"@id\":\"https:\\\/\\\/www.micoulou-photos.com\\\/index.php\\\/2009\\\/06\\\/27\\\/ecosse-avec-kaelmn-2\\\/\"},\"author\":{\"name\":\"micoulou\",\"@id\":\"https:\\\/\\\/www.micoulou-photos.com\\\/#\\\/schema\\\/person\\\/6aedfe8ebe91da632f46e7c9d806a722\"},\"headline\":\"Ecosse avec Kaelmn -2-\",\"datePublished\":\"2009-06-27T20:54:00+00:00\",\"dateModified\":\"2018-01-02T22:24:32+00:00\",\"mainEntityOfPage\":{\"@id\":\"https:\\\/\\\/www.micoulou-photos.com\\\/index.php\\\/2009\\\/06\\\/27\\\/ecosse-avec-kaelmn-2\\\/\"},\"wordCount\":105,\"commentCount\":0,\"publisher\":{\"@id\":\"https:\\\/\\\/www.micoulou-photos.com\\\/#organization\"},\"image\":{\"@id\":\"https:\\\/\\\/www.micoulou-photos.com\\\/index.php\\\/2009\\\/06\\\/27\\\/ecosse-avec-kaelmn-2\\\/#primaryimage\"},\"thumbnailUrl\":\"http:\\\/\\\/lh4.ggpht.com\\\/_XkNwbuBHhIs\\\/SkaFzUAMJkI\\\/AAAAAAAALyw\\\/WDbBEmc9H_o\\\/s144\\\/imgp1916.jpg\",\"inLanguage\":\"fr-FR\",\"potentialAction\":[{\"@type\":\"CommentAction\",\"name\":\"Comment\",\"target\":[\"https:\\\/\\\/www.micoulou-photos.com\\\/index.php\\\/2009\\\/06\\\/27\\\/ecosse-avec-kaelmn-2\\\/#respond\"]}]},{\"@type\":\"WebPage\",\"@id\":\"https:\\\/\\\/www.micoulou-photos.com\\\/index.php\\\/2009\\\/06\\\/27\\\/ecosse-avec-kaelmn-2\\\/\",\"url\":\"https:\\\/\\\/www.micoulou-photos.com\\\/index.php\\\/2009\\\/06\\\/27\\\/ecosse-avec-kaelmn-2\\\/\",\"name\":\"Ecosse avec Kaelmn -2- Micoulou Photographie\",\"isPartOf\":{\"@id\":\"https:\\\/\\\/www.micoulou-photos.com\\\/#website\"},\"primaryImageOfPage\":{\"@id\":\"https:\\\/\\\/www.micoulou-photos.com\\\/index.php\\\/2009\\\/06\\\/27\\\/ecosse-avec-kaelmn-2\\\/#primaryimage\"},\"image\":{\"@id\":\"https:\\\/\\\/www.micoulou-photos.com\\\/index.php\\\/2009\\\/06\\\/27\\\/ecosse-avec-kaelmn-2\\\/#primaryimage\"},\"thumbnailUrl\":\"http:\\\/\\\/lh4.ggpht.com\\\/_XkNwbuBHhIs\\\/SkaFzUAMJkI\\\/AAAAAAAALyw\\\/WDbBEmc9H_o\\\/s144\\\/imgp1916.jpg\",\"datePublished\":\"2009-06-27T20:54:00+00:00\",\"dateModified\":\"2018-01-02T22:24:32+00:00\",\"breadcrumb\":{\"@id\":\"https:\\\/\\\/www.micoulou-photos.com\\\/index.php\\\/2009\\\/06\\\/27\\\/ecosse-avec-kaelmn-2\\\/#breadcrumb\"},\"inLanguage\":\"fr-FR\",\"potentialAction\":[{\"@type\":\"ReadAction\",\"target\":[\"https:\\\/\\\/www.micoulou-photos.com\\\/index.php\\\/2009\\\/06\\\/27\\\/ecosse-avec-kaelmn-2\\\/\"]}]},{\"@type\":\"ImageObject\",\"inLanguage\":\"fr-FR\",\"@id\":\"https:\\\/\\\/www.micoulou-photos.com\\\/index.php\\\/2009\\\/06\\\/27\\\/ecosse-avec-kaelmn-2\\\/#primaryimage\",\"url\":\"http:\\\/\\\/lh4.ggpht.com\\\/_XkNwbuBHhIs\\\/SkaFzUAMJkI\\\/AAAAAAAALyw\\\/WDbBEmc9H_o\\\/s144\\\/imgp1916.jpg\",\"contentUrl\":\"http:\\\/\\\/lh4.ggpht.com\\\/_XkNwbuBHhIs\\\/SkaFzUAMJkI\\\/AAAAAAAALyw\\\/WDbBEmc9H_o\\\/s144\\\/imgp1916.jpg\"},{\"@type\":\"BreadcrumbList\",\"@id\":\"https:\\\/\\\/www.micoulou-photos.com\\\/index.php\\\/2009\\\/06\\\/27\\\/ecosse-avec-kaelmn-2\\\/#breadcrumb\",\"itemListElement\":[{\"@type\":\"ListItem\",\"position\":1,\"name\":\"Accueil\",\"item\":\"https:\\\/\\\/www.micoulou-photos.com\\\/\"},{\"@type\":\"ListItem\",\"position\":2,\"name\":\"Ecosse avec Kaelmn -2-\"}]},{\"@type\":\"WebSite\",\"@id\":\"https:\\\/\\\/www.micoulou-photos.com\\\/#website\",\"url\":\"https:\\\/\\\/www.micoulou-photos.com\\\/\",\"name\":\"Micoulou Photographie\",\"description\":\"Photographies, Visites virtuelles et formations par Mickael Minarie\",\"publisher\":{\"@id\":\"https:\\\/\\\/www.micoulou-photos.com\\\/#organization\"},\"potentialAction\":[{\"@type\":\"SearchAction\",\"target\":{\"@type\":\"EntryPoint\",\"urlTemplate\":\"https:\\\/\\\/www.micoulou-photos.com\\\/?s={search_term_string}\"},\"query-input\":{\"@type\":\"PropertyValueSpecification\",\"valueRequired\":true,\"valueName\":\"search_term_string\"}}],\"inLanguage\":\"fr-FR\"},{\"@type\":\"Organization\",\"@id\":\"https:\\\/\\\/www.micoulou-photos.com\\\/#organization\",\"name\":\"Micoulou Photographie\",\"url\":\"https:\\\/\\\/www.micoulou-photos.com\\\/\",\"logo\":{\"@type\":\"ImageObject\",\"inLanguage\":\"fr-FR\",\"@id\":\"https:\\\/\\\/www.micoulou-photos.com\\\/#\\\/schema\\\/logo\\\/image\\\/\",\"url\":\"https:\\\/\\\/i0.wp.com\\\/www.micoulou-photos.com\\\/wp-content\\\/uploads\\\/2020\\\/05\\\/cropped-891667_552097324824916_1615181552_o-1.jpg?fit=643%2C722&ssl=1\",\"contentUrl\":\"https:\\\/\\\/i0.wp.com\\\/www.micoulou-photos.com\\\/wp-content\\\/uploads\\\/2020\\\/05\\\/cropped-891667_552097324824916_1615181552_o-1.jpg?fit=643%2C722&ssl=1\",\"width\":643,\"height\":722,\"caption\":\"Micoulou Photographie\"},\"image\":{\"@id\":\"https:\\\/\\\/www.micoulou-photos.com\\\/#\\\/schema\\\/logo\\\/image\\\/\"}},{\"@type\":\"Person\",\"@id\":\"https:\\\/\\\/www.micoulou-photos.com\\\/#\\\/schema\\\/person\\\/6aedfe8ebe91da632f46e7c9d806a722\",\"name\":\"micoulou\",\"image\":{\"@type\":\"ImageObject\",\"inLanguage\":\"fr-FR\",\"@id\":\"https:\\\/\\\/secure.gravatar.com\\\/avatar\\\/98f892eb7d267eab2faa437baa3edd708deaaa43929316c0cc7b751a04cb247b?s=96&d=mm&r=g\",\"url\":\"https:\\\/\\\/secure.gravatar.com\\\/avatar\\\/98f892eb7d267eab2faa437baa3edd708deaaa43929316c0cc7b751a04cb247b?s=96&d=mm&r=g\",\"contentUrl\":\"https:\\\/\\\/secure.gravatar.com\\\/avatar\\\/98f892eb7d267eab2faa437baa3edd708deaaa43929316c0cc7b751a04cb247b?s=96&d=mm&r=g\",\"caption\":\"micoulou\"},\"url\":\"https:\\\/\\\/www.micoulou-photos.com\\\/index.php\\\/author\\\/micoulou\\\/\"}]}<\/script>\n<!-- \/ Yoast SEO plugin. -->","yoast_head_json":{"title":"Ecosse avec Kaelmn -2- Micoulou Photographie","robots":{"index":"index","follow":"follow","max-snippet":"max-snippet:-1","max-image-preview":"max-image-preview:large","max-video-preview":"max-video-preview:-1"},"canonical":"https:\/\/www.micoulou-photos.com\/index.php\/2009\/06\/27\/ecosse-avec-kaelmn-2\/","og_locale":"fr_FR","og_type":"article","og_title":"Ecosse avec Kaelmn -2- Micoulou Photographie","og_description":"La suite et fin de Aberdeen, une ballade de 21km avec le depart de Don street, passage par high street, passage rapide par Morrison et King street, Marishal college, Lemon tree, Union Street et visite du Maritime museum&#8230; Bon, on a eu le temps de s&rsquo;arreter a ce moment, et on repars pour le port, [&hellip;]","og_url":"https:\/\/www.micoulou-photos.com\/index.php\/2009\/06\/27\/ecosse-avec-kaelmn-2\/","og_site_name":"Micoulou Photographie","article_published_time":"2009-06-27T20:54:00+00:00","article_modified_time":"2018-01-02T22:24:32+00:00","og_image":[{"url":"http:\/\/lh4.ggpht.com\/_XkNwbuBHhIs\/SkaFzUAMJkI\/AAAAAAAALyw\/WDbBEmc9H_o\/s144\/imgp1916.jpg","type":"","width":"","height":""}],"author":"micoulou","twitter_card":"summary_large_image","twitter_misc":{"\u00c9crit par":"micoulou"},"schema":{"@context":"https:\/\/schema.org","@graph":[{"@type":"Article","@id":"https:\/\/www.micoulou-photos.com\/index.php\/2009\/06\/27\/ecosse-avec-kaelmn-2\/#article","isPartOf":{"@id":"https:\/\/www.micoulou-photos.com\/index.php\/2009\/06\/27\/ecosse-avec-kaelmn-2\/"},"author":{"name":"micoulou","@id":"https:\/\/www.micoulou-photos.com\/#\/schema\/person\/6aedfe8ebe91da632f46e7c9d806a722"},"headline":"Ecosse avec Kaelmn -2-","datePublished":"2009-06-27T20:54:00+00:00","dateModified":"2018-01-02T22:24:32+00:00","mainEntityOfPage":{"@id":"https:\/\/www.micoulou-photos.com\/index.php\/2009\/06\/27\/ecosse-avec-kaelmn-2\/"},"wordCount":105,"commentCount":0,"publisher":{"@id":"https:\/\/www.micoulou-photos.com\/#organization"},"image":{"@id":"https:\/\/www.micoulou-photos.com\/index.php\/2009\/06\/27\/ecosse-avec-kaelmn-2\/#primaryimage"},"thumbnailUrl":"http:\/\/lh4.ggpht.com\/_XkNwbuBHhIs\/SkaFzUAMJkI\/AAAAAAAALyw\/WDbBEmc9H_o\/s144\/imgp1916.jpg","inLanguage":"fr-FR","potentialAction":[{"@type":"CommentAction","name":"Comment","target":["https:\/\/www.micoulou-photos.com\/index.php\/2009\/06\/27\/ecosse-avec-kaelmn-2\/#respond"]}]},{"@type":"WebPage","@id":"https:\/\/www.micoulou-photos.com\/index.php\/2009\/06\/27\/ecosse-avec-kaelmn-2\/","url":"https:\/\/www.micoulou-photos.com\/index.php\/2009\/06\/27\/ecosse-avec-kaelmn-2\/","name":"Ecosse avec Kaelmn -2- Micoulou Photographie","isPartOf":{"@id":"https:\/\/www.micoulou-photos.com\/#website"},"primaryImageOfPage":{"@id":"https:\/\/www.micoulou-photos.com\/index.php\/2009\/06\/27\/ecosse-avec-kaelmn-2\/#primaryimage"},"image":{"@id":"https:\/\/www.micoulou-photos.com\/index.php\/2009\/06\/27\/ecosse-avec-kaelmn-2\/#primaryimage"},"thumbnailUrl":"http:\/\/lh4.ggpht.com\/_XkNwbuBHhIs\/SkaFzUAMJkI\/AAAAAAAALyw\/WDbBEmc9H_o\/s144\/imgp1916.jpg","datePublished":"2009-06-27T20:54:00+00:00","dateModified":"2018-01-02T22:24:32+00:00","breadcrumb":{"@id":"https:\/\/www.micoulou-photos.com\/index.php\/2009\/06\/27\/ecosse-avec-kaelmn-2\/#breadcrumb"},"inLanguage":"fr-FR","potentialAction":[{"@type":"ReadAction","target":["https:\/\/www.micoulou-photos.com\/index.php\/2009\/06\/27\/ecosse-avec-kaelmn-2\/"]}]},{"@type":"ImageObject","inLanguage":"fr-FR","@id":"https:\/\/www.micoulou-photos.com\/index.php\/2009\/06\/27\/ecosse-avec-kaelmn-2\/#primaryimage","url":"http:\/\/lh4.ggpht.com\/_XkNwbuBHhIs\/SkaFzUAMJkI\/AAAAAAAALyw\/WDbBEmc9H_o\/s144\/imgp1916.jpg","contentUrl":"http:\/\/lh4.ggpht.com\/_XkNwbuBHhIs\/SkaFzUAMJkI\/AAAAAAAALyw\/WDbBEmc9H_o\/s144\/imgp1916.jpg"},{"@type":"BreadcrumbList","@id":"https:\/\/www.micoulou-photos.com\/index.php\/2009\/06\/27\/ecosse-avec-kaelmn-2\/#breadcrumb","itemListElement":[{"@type":"ListItem","position":1,"name":"Accueil","item":"https:\/\/www.micoulou-photos.com\/"},{"@type":"ListItem","position":2,"name":"Ecosse avec Kaelmn -2-"}]},{"@type":"WebSite","@id":"https:\/\/www.micoulou-photos.com\/#website","url":"https:\/\/www.micoulou-photos.com\/","name":"Micoulou Photographie","description":"Photographies, Visites virtuelles et formations par Mickael Minarie","publisher":{"@id":"https:\/\/www.micoulou-photos.com\/#organization"},"potentialAction":[{"@type":"SearchAction","target":{"@type":"EntryPoint","urlTemplate":"https:\/\/www.micoulou-photos.com\/?s={search_term_string}"},"query-input":{"@type":"PropertyValueSpecification","valueRequired":true,"valueName":"search_term_string"}}],"inLanguage":"fr-FR"},{"@type":"Organization","@id":"https:\/\/www.micoulou-photos.com\/#organization","name":"Micoulou Photographie","url":"https:\/\/www.micoulou-photos.com\/","logo":{"@type":"ImageObject","inLanguage":"fr-FR","@id":"https:\/\/www.micoulou-photos.com\/#\/schema\/logo\/image\/","url":"https:\/\/i0.wp.com\/www.micoulou-photos.com\/wp-content\/uploads\/2020\/05\/cropped-891667_552097324824916_1615181552_o-1.jpg?fit=643%2C722&ssl=1","contentUrl":"https:\/\/i0.wp.com\/www.micoulou-photos.com\/wp-content\/uploads\/2020\/05\/cropped-891667_552097324824916_1615181552_o-1.jpg?fit=643%2C722&ssl=1","width":643,"height":722,"caption":"Micoulou Photographie"},"image":{"@id":"https:\/\/www.micoulou-photos.com\/#\/schema\/logo\/image\/"}},{"@type":"Person","@id":"https:\/\/www.micoulou-photos.com\/#\/schema\/person\/6aedfe8ebe91da632f46e7c9d806a722","name":"micoulou","image":{"@type":"ImageObject","inLanguage":"fr-FR","@id":"https:\/\/secure.gravatar.com\/avatar\/98f892eb7d267eab2faa437baa3edd708deaaa43929316c0cc7b751a04cb247b?s=96&d=mm&r=g","url":"https:\/\/secure.gravatar.com\/avatar\/98f892eb7d267eab2faa437baa3edd708deaaa43929316c0cc7b751a04cb247b?s=96&d=mm&r=g","contentUrl":"https:\/\/secure.gravatar.com\/avatar\/98f892eb7d267eab2faa437baa3edd708deaaa43929316c0cc7b751a04cb247b?s=96&d=mm&r=g","caption":"micoulou"},"url":"https:\/\/www.micoulou-photos.com\/index.php\/author\/micoulou\/"}]}},"jetpack_publicize_connections":[],"jetpack_featured_media_url":"","jetpack_sharing_enabled":true,"jetpack_shortlink":"https:\/\/wp.me\/p7zKF4-3O","jetpack-related-posts":[{"id":2290,"url":"https:\/\/www.micoulou-photos.com\/index.php\/2016\/07\/08\/naples-en-argentique\/","url_meta":{"origin":236,"position":0},"title":"Naples, en argentique","author":"micoulou","date":"8 juillet 2016","format":false,"excerpt":"Naples, au Kiev 4 avec e protopan 400.;..","rel":"","context":"Dans &quot;voyage&quot;","block_context":{"text":"voyage","link":"https:\/\/www.micoulou-photos.com\/index.php\/category\/voyage\/"},"img":{"alt_text":"","src":"https:\/\/i0.wp.com\/www.micoulou-photos.com\/wp-content\/uploads\/2016\/07\/Scan-160630-0046.jpg?fit=1200%2C800&ssl=1&resize=350%2C200","width":350,"height":200,"srcset":"https:\/\/i0.wp.com\/www.micoulou-photos.com\/wp-content\/uploads\/2016\/07\/Scan-160630-0046.jpg?fit=1200%2C800&ssl=1&resize=350%2C200 1x, https:\/\/i0.wp.com\/www.micoulou-photos.com\/wp-content\/uploads\/2016\/07\/Scan-160630-0046.jpg?fit=1200%2C800&ssl=1&resize=525%2C300 1.5x, https:\/\/i0.wp.com\/www.micoulou-photos.com\/wp-content\/uploads\/2016\/07\/Scan-160630-0046.jpg?fit=1200%2C800&ssl=1&resize=700%2C400 2x, https:\/\/i0.wp.com\/www.micoulou-photos.com\/wp-content\/uploads\/2016\/07\/Scan-160630-0046.jpg?fit=1200%2C800&ssl=1&resize=1050%2C600 3x"},"classes":[]},{"id":2556,"url":"https:\/\/www.micoulou-photos.com\/index.php\/2016\/09\/15\/theatre-le-roi-nu\/","url_meta":{"origin":236,"position":1},"title":"Th\u00e9atre le roi nu","author":"micoulou","date":"15 septembre 2016","format":false,"excerpt":"Voici mes photos de la pi\u00e8ce de th\u00e9atre \"le roi nu\" jou\u00e9 par le groupe de l'atelier\u00a0 \"le passage \u00e0 l'acte\", une super pi\u00e8ce que j'ai vraiment appr\u00e9ci\u00e9 du d\u00e9but \u00e0 fin (malgr\u00e9 mon arriv\u00e9 en retard, le th\u00e9\u00e2tre \"Le grenier th\u00e9\u00e2tre\" n'est vraiment pas facile \u00e0 trouver depuis le\u2026","rel":"","context":"Dans &quot;evenementiel&quot;","block_context":{"text":"evenementiel","link":"https:\/\/www.micoulou-photos.com\/index.php\/category\/reportage\/evenementiel-reportage\/"},"img":{"alt_text":"","src":"https:\/\/i0.wp.com\/www.micoulou-photos.com\/wp-content\/uploads\/2016\/09\/MI040006_DxO.jpg?fit=1200%2C675&ssl=1&resize=350%2C200","width":350,"height":200,"srcset":"https:\/\/i0.wp.com\/www.micoulou-photos.com\/wp-content\/uploads\/2016\/09\/MI040006_DxO.jpg?fit=1200%2C675&ssl=1&resize=350%2C200 1x, https:\/\/i0.wp.com\/www.micoulou-photos.com\/wp-content\/uploads\/2016\/09\/MI040006_DxO.jpg?fit=1200%2C675&ssl=1&resize=525%2C300 1.5x, https:\/\/i0.wp.com\/www.micoulou-photos.com\/wp-content\/uploads\/2016\/09\/MI040006_DxO.jpg?fit=1200%2C675&ssl=1&resize=700%2C400 2x, https:\/\/i0.wp.com\/www.micoulou-photos.com\/wp-content\/uploads\/2016\/09\/MI040006_DxO.jpg?fit=1200%2C675&ssl=1&resize=1050%2C600 3x"},"classes":[]},{"id":161,"url":"https:\/\/www.micoulou-photos.com\/index.php\/2011\/08\/16\/derniers-jours-a-fredericton\/","url_meta":{"origin":236,"position":2},"title":"Derniers jours \u00e0 Fredericton :","author":"micoulou","date":"16 ao\u00fbt 2011","format":false,"excerpt":"Bon, ben voil\u00e0, je repars apr\u00e8s quelques jours ici, dans la capitale du nouveau brunswick, ville bien sympa au deumerant\u2026On va donc reprendre depuis vendredi midi, je vais peut \u00eatre r\u00e9p\u00e9ter un peu mais bon, je n'ai pas l'article de vendredi pour v\u00e9rifier\u2026Vendredi matin, donc, j'ai fini le montage des\u2026","rel":"","context":"Dans &quot;Non class\u00e9&quot;","block_context":{"text":"Non class\u00e9","link":"https:\/\/www.micoulou-photos.com\/index.php\/category\/non-classe\/"},"img":{"alt_text":"","src":"","width":0,"height":0},"classes":[]},{"id":17,"url":"https:\/\/www.micoulou-photos.com\/index.php\/2016\/05\/04\/une-semaine-a-aberdeen\/","url_meta":{"origin":236,"position":3},"title":"Une semaine \u00e0 Aberdeen","author":"micoulou","date":"4 mai 2016","format":false,"excerpt":"Je viens de passer presque une semaine \u00e0 Aberdeen, en Ecosse, apr\u00e8s 4 ans d\u2019absence\u2026 Je n\u2019ai pas ressenti la m\u00eame chose que les derni\u00e8res fois, j\u2019ai l\u2019impression que la soci\u00e9t\u00e9 de consommation est pr\u00e9sente partout, qu\u2019on trouve de la \u00ab\u00a0junk food\u00a0\u00bb quasiment partout et qu\u2019il est difficile de bien\u2026","rel":"","context":"Dans &quot;voyage&quot;","block_context":{"text":"voyage","link":"https:\/\/www.micoulou-photos.com\/index.php\/category\/voyage\/"},"img":{"alt_text":"","src":"https:\/\/i0.wp.com\/www.micoulou-photos.com\/wp-content\/uploads\/2016\/05\/IMG_5896.jpg?fit=1000%2C1000&ssl=1&resize=350%2C200","width":350,"height":200,"srcset":"https:\/\/i0.wp.com\/www.micoulou-photos.com\/wp-content\/uploads\/2016\/05\/IMG_5896.jpg?fit=1000%2C1000&ssl=1&resize=350%2C200 1x, https:\/\/i0.wp.com\/www.micoulou-photos.com\/wp-content\/uploads\/2016\/05\/IMG_5896.jpg?fit=1000%2C1000&ssl=1&resize=525%2C300 1.5x, https:\/\/i0.wp.com\/www.micoulou-photos.com\/wp-content\/uploads\/2016\/05\/IMG_5896.jpg?fit=1000%2C1000&ssl=1&resize=700%2C400 2x"},"classes":[]},{"id":138,"url":"https:\/\/www.micoulou-photos.com\/index.php\/2011\/11\/19\/orientation-a-montreal\/","url_meta":{"origin":236,"position":4},"title":"Orientation \u00e0 Montreal","author":"micoulou","date":"19 novembre 2011","format":false,"excerpt":"Bon, avant de faire une petite analyse de ce qui m'est arriv\u00e9 dans les derni\u00e8res semaines, je vais parler un peu d'orientation \u00e0 Montr\u00e9al...En effet, on m'a souvent dis qu'il etait difficile de s'orienter \u00e0 Paris, je vais vous parler de Montr\u00e9al et de la logique des rue, puisque j'ai\u2026","rel":"","context":"Dans &quot;Non class\u00e9&quot;","block_context":{"text":"Non class\u00e9","link":"https:\/\/www.micoulou-photos.com\/index.php\/category\/non-classe\/"},"img":{"alt_text":"","src":"","width":0,"height":0},"classes":[]},{"id":2952,"url":"https:\/\/www.micoulou-photos.com\/index.php\/2017\/01\/30\/3-semaines-de-helpx-dans-les-landes\/","url_meta":{"origin":236,"position":5},"title":"3 semaines de helpx dans les landes de gascogne","author":"micoulou","date":"30 janvier 2017","format":false,"excerpt":"Et voila, le premier article \u00e9crit en wwoofing \/ helpx, m\u00eame si celui la est un peu a la bourre, 2 autres suivront dans la semaine qui viendra...) Me voici donc parti pour mon projet, aller voir les alternatives, et les vivre... Ici, j\u2019\u00e9tais dans une librairie, au milieu de\u2026","rel":"","context":"Dans &quot;alternatives ecologique&quot;","block_context":{"text":"alternatives ecologique","link":"https:\/\/www.micoulou-photos.com\/index.php\/category\/alternatives-ecologique\/"},"img":{"alt_text":"","src":"https:\/\/i0.wp.com\/www.micoulou-photos.com\/wp-content\/uploads\/2017\/01\/IMG_2411-Edit.jpg?fit=1200%2C400&ssl=1&resize=350%2C200","width":350,"height":200,"srcset":"https:\/\/i0.wp.com\/www.micoulou-photos.com\/wp-content\/uploads\/2017\/01\/IMG_2411-Edit.jpg?fit=1200%2C400&ssl=1&resize=350%2C200 1x, https:\/\/i0.wp.com\/www.micoulou-photos.com\/wp-content\/uploads\/2017\/01\/IMG_2411-Edit.jpg?fit=1200%2C400&ssl=1&resize=525%2C300 1.5x, https:\/\/i0.wp.com\/www.micoulou-photos.com\/wp-content\/uploads\/2017\/01\/IMG_2411-Edit.jpg?fit=1200%2C400&ssl=1&resize=700%2C400 2x, https:\/\/i0.wp.com\/www.micoulou-photos.com\/wp-content\/uploads\/2017\/01\/IMG_2411-Edit.jpg?fit=1200%2C400&ssl=1&resize=1050%2C600 3x"},"classes":[]}],"_links":{"self":[{"href":"https:\/\/www.micoulou-photos.com\/index.php\/wp-json\/wp\/v2\/posts\/236","targetHints":{"allow":["GET"]}}],"collection":[{"href":"https:\/\/www.micoulou-photos.com\/index.php\/wp-json\/wp\/v2\/posts"}],"about":[{"href":"https:\/\/www.micoulou-photos.com\/index.php\/wp-json\/wp\/v2\/types\/post"}],"author":[{"embeddable":true,"href":"https:\/\/www.micoulou-photos.com\/index.php\/wp-json\/wp\/v2\/users\/1"}],"replies":[{"embeddable":true,"href":"https:\/\/www.micoulou-photos.com\/index.php\/wp-json\/wp\/v2\/comments?post=236"}],"version-history":[{"count":7,"href":"https:\/\/www.micoulou-photos.com\/index.php\/wp-json\/wp\/v2\/posts\/236\/revisions"}],"predecessor-version":[{"id":4030,"href":"https:\/\/www.micoulou-photos.com\/index.php\/wp-json\/wp\/v2\/posts\/236\/revisions\/4030"}],"wp:attachment":[{"href":"https:\/\/www.micoulou-photos.com\/index.php\/wp-json\/wp\/v2\/media?parent=236"}],"wp:term":[{"taxonomy":"category","embeddable":true,"href":"https:\/\/www.micoulou-photos.com\/index.php\/wp-json\/wp\/v2\/categories?post=236"},{"taxonomy":"post_tag","embeddable":true,"href":"https:\/\/www.micoulou-photos.com\/index.php\/wp-json\/wp\/v2\/tags?post=236"}],"curies":[{"name":"wp","href":"https:\/\/api.w.org\/{rel}","templated":true}]}}