{"id":235,"date":"2010-01-26T20:34:00","date_gmt":"2010-01-26T19:34:00","guid":{"rendered":"http:\/\/micoulou.info\/wp\/index.php\/2010\/01\/26\/non-ce-blog-nest-pas-completement-mort\/"},"modified":"2010-01-26T20:34:00","modified_gmt":"2010-01-26T19:34:00","slug":"non-ce-blog-nest-pas-completement-mort","status":"publish","type":"post","link":"https:\/\/www.micoulou-photos.com\/index.php\/2010\/01\/26\/non-ce-blog-nest-pas-completement-mort\/","title":{"rendered":"Non, ce blog n&rsquo;est pas completement mort&#8230;"},"content":{"rendered":"<p>Bon, je vais essayer de raviver un peu mon blog, maintenant que je suis de retour en France&#8230; Je ne sais pas si quelques personnes me suivent, enfin j&rsquo;esp\u00e8re que les personnes que j&rsquo;ai pu rencontr\u00e9 physiquement vont passer, eventuellement mettre un commentaire&#8230;<br \/>Enfin, la prochaine fois que je les verrais (n&rsquo;est-ce pas fabotin, blueteye, mat(de P1 et HFR) et tous les gens de FDR ?)<\/p>\n<p>Quelles nouvelles ? Au niveau matos, pas beaucoup, j&rsquo;en ai revendu un peu, rachet\u00e9 2 objo en etat assez catastrophique&#8230; Et je compte en achet\u00e9 2-3 autres das les mois qui viennent, enfin toujours de l&rsquo;ancien a pas cher, et surtout acheter un \u00ab\u00a0vrai\u00a0\u00bb boitier&#8230;<\/p>\n<p>Au niveau artistique, apr\u00e8s avoir eu un \u00ab\u00a0blanc\u00a0\u00bb de quelques mois, ca revient&#8230; Enfin j&rsquo;en fait moin mais j&rsquo;essaye d&rsquo;am\u00e9liorer la qualit\u00e9 de mes tofs, surtout que j&rsquo;aurais peut etre des contrats \u00ab\u00a0pro\u00a0\u00bb. J&rsquo;ai aussi chang\u00e9 ma methode de traitement, pour le moment, j&rsquo;ai un macmini avec lightroom 3, je quitte linux pour le traitement d&rsquo;image mais je n&rsquo;ai rien trouv\u00e9 d&rsquo;equivalent au niveau piqu\u00e9\/bruit \u00e0 Lightroom 3&#8230; Enfin j&rsquo;ai toujours mon Quad core sous Linux connect\u00e9 a un Barco Calibrator line, une monstre de qualit\u00e4y, dommage qu&rsquo;il ne serve qu&rsquo;une journ\u00e9e par mois  cause de place sur Paris&#8230;<\/p>\n<p>Au niveau des photos, mes nouvelles galleries sont ici : http:\/\/micoulou.daportfolio.com\/<\/p>\n<p>Au niveau du matos, voici ma nouvelle config (qui est reparti sur 3 endroit, le DS est toujours sur moi) :<\/p>\n<p>-> Pentax :<br \/>Boitier : *IST DS et Me Super<br \/>Objo : Pentax 21mm ltd, Pentax M 50mm 1,7, Miranda 28mm f\/2.8<br \/>Accessoires : Flash Pentax FTZ400.<\/p>\n<p>-> Canon :<br \/>Boitier : EOS D60, EOS D30, EOS 650, EOS 500<br \/>Objo : (tout en sigma) : 18mm f\/3.5 , 28-70mm f\/2.8 , 28-70mm f\/2.8-4 DG, 24-70mm f\/3,5-5,6 AL, 90mm macro f\/2,8, 70-210mm f\/2,8, 400mm f\/5,6, 70-300mm f\/4-5,6 AL<br \/>Accessoire : bague M42, bague nikon, bague Pk<\/p>\n<p>-> Nikon :<br \/>Boitier : E5700 et FUJI S5Pro, F60 avec AF cass\u00e9<br \/>Objo : Sigma 24-60mm f\/2.8 EX DG, TOKINA ATX PRO 124, Nikkor 35-70mm f\/3,3-4,5, Micro Nikkor S 55mm f\/3,5 modifi\u00e9 AI, Nikon E 50mm F\/1,8, Nikon E 35mm f\/2,5, Nikkor AIS ED 1800mm f\/2,8 (frontale ray\u00e9e).<br \/>Accessoires : flash Nissin 622, telecommande, flash macro vivitar<\/p>\n<p>-> Sony :<br \/>Boitier : DSC R1<br \/>Accessoires : flash et bague macro<\/p>\n<p>-> Tamron Adaptall :<br \/>Objo : SP90mm f\/2,5, SP300mm f\/5,6, SP 70-210 f\/3,5-4, 135mm f\/2,8<br \/>Accessoires : bague pentax, nikon AI<\/p>\n<p>-> M42 :<br \/>Boitier : Zenit EM<br \/>Objo : <span style=\"color: rgb(255, 204, 204);\">Helios 44M2, CZJ 135mm f\/3,5 zebra, Soligor 135mm f\/2.8, <\/span><span style=\"color: rgb(255, 204, 204);\">SMC Takumar 35mm f\/3.5<\/span><br \/><span style=\"color: rgb(255, 204, 204);\">S-M-C Takumar 50mm f\/1.8<\/span><span style=\"color: rgb(255, 204, 204);\">, Sigma filter-o-matic 24mm f\/2.8<\/span><\/p>\n","protected":false},"excerpt":{"rendered":"<p>Bon, je vais essayer de raviver un peu mon blog, maintenant que je suis de retour en France&#8230; Je ne sais pas si quelques personnes me suivent, enfin j&rsquo;esp\u00e8re que les personnes que j&rsquo;ai pu rencontr\u00e9 physiquement vont passer, eventuellement mettre un commentaire&#8230;Enfin, la prochaine fois que je les verrais (n&rsquo;est-ce pas fabotin, blueteye, mat(de [&hellip;]<\/p>\n","protected":false},"author":1,"featured_media":0,"comment_status":"open","ping_status":"open","sticky":false,"template":"","format":"standard","meta":{"jetpack_post_was_ever_published":false,"_jetpack_newsletter_access":"","_jetpack_dont_email_post_to_subs":false,"_jetpack_newsletter_tier_id":0,"_jetpack_memberships_contains_paywalled_content":false,"_jetpack_memberships_contains_paid_content":false,"footnotes":"","jetpack_publicize_message":"","jetpack_publicize_feature_enabled":true,"jetpack_social_post_already_shared":false,"jetpack_social_options":{"image_generator_settings":{"template":"highway","default_image_id":0,"font":"","enabled":false},"version":2}},"categories":[1],"tags":[],"class_list":["post-235","post","type-post","status-publish","format-standard","hentry","category-non-classe"],"yoast_head":"<!-- This site is optimized with the Yoast SEO plugin v27.5 - https:\/\/yoast.com\/product\/yoast-seo-wordpress\/ -->\n<title>Non, ce blog n&#039;est pas completement mort... - Micoulou Photographie<\/title>\n<meta name=\"robots\" content=\"index, follow, max-snippet:-1, max-image-preview:large, max-video-preview:-1\" \/>\n<link rel=\"canonical\" href=\"https:\/\/www.micoulou-photos.com\/index.php\/2010\/01\/26\/non-ce-blog-nest-pas-completement-mort\/\" \/>\n<meta property=\"og:locale\" content=\"fr_FR\" \/>\n<meta property=\"og:type\" content=\"article\" \/>\n<meta property=\"og:title\" content=\"Non, ce blog n&#039;est pas completement mort... - Micoulou Photographie\" \/>\n<meta property=\"og:description\" content=\"Bon, je vais essayer de raviver un peu mon blog, maintenant que je suis de retour en France&#8230; Je ne sais pas si quelques personnes me suivent, enfin j&rsquo;esp\u00e8re que les personnes que j&rsquo;ai pu rencontr\u00e9 physiquement vont passer, eventuellement mettre un commentaire&#8230;Enfin, la prochaine fois que je les verrais (n&rsquo;est-ce pas fabotin, blueteye, mat(de [&hellip;]\" \/>\n<meta property=\"og:url\" content=\"https:\/\/www.micoulou-photos.com\/index.php\/2010\/01\/26\/non-ce-blog-nest-pas-completement-mort\/\" \/>\n<meta property=\"og:site_name\" content=\"Micoulou Photographie\" \/>\n<meta property=\"article:published_time\" content=\"2010-01-26T19:34:00+00:00\" \/>\n<meta name=\"author\" content=\"micoulou\" \/>\n<meta name=\"twitter:card\" content=\"summary_large_image\" \/>\n<meta name=\"twitter:label1\" content=\"\u00c9crit par\" \/>\n\t<meta name=\"twitter:data1\" content=\"micoulou\" \/>\n\t<meta name=\"twitter:label2\" content=\"Dur\u00e9e de lecture estim\u00e9e\" \/>\n\t<meta name=\"twitter:data2\" content=\"2 minutes\" \/>\n<script type=\"application\/ld+json\" class=\"yoast-schema-graph\">{\"@context\":\"https:\\\/\\\/schema.org\",\"@graph\":[{\"@type\":\"Article\",\"@id\":\"https:\\\/\\\/www.micoulou-photos.com\\\/index.php\\\/2010\\\/01\\\/26\\\/non-ce-blog-nest-pas-completement-mort\\\/#article\",\"isPartOf\":{\"@id\":\"https:\\\/\\\/www.micoulou-photos.com\\\/index.php\\\/2010\\\/01\\\/26\\\/non-ce-blog-nest-pas-completement-mort\\\/\"},\"author\":{\"name\":\"micoulou\",\"@id\":\"https:\\\/\\\/www.micoulou-photos.com\\\/#\\\/schema\\\/person\\\/6aedfe8ebe91da632f46e7c9d806a722\"},\"headline\":\"Non, ce blog n&rsquo;est pas completement mort&#8230;\",\"datePublished\":\"2010-01-26T19:34:00+00:00\",\"mainEntityOfPage\":{\"@id\":\"https:\\\/\\\/www.micoulou-photos.com\\\/index.php\\\/2010\\\/01\\\/26\\\/non-ce-blog-nest-pas-completement-mort\\\/\"},\"wordCount\":450,\"commentCount\":1,\"publisher\":{\"@id\":\"https:\\\/\\\/www.micoulou-photos.com\\\/#organization\"},\"inLanguage\":\"fr-FR\",\"potentialAction\":[{\"@type\":\"CommentAction\",\"name\":\"Comment\",\"target\":[\"https:\\\/\\\/www.micoulou-photos.com\\\/index.php\\\/2010\\\/01\\\/26\\\/non-ce-blog-nest-pas-completement-mort\\\/#respond\"]}]},{\"@type\":\"WebPage\",\"@id\":\"https:\\\/\\\/www.micoulou-photos.com\\\/index.php\\\/2010\\\/01\\\/26\\\/non-ce-blog-nest-pas-completement-mort\\\/\",\"url\":\"https:\\\/\\\/www.micoulou-photos.com\\\/index.php\\\/2010\\\/01\\\/26\\\/non-ce-blog-nest-pas-completement-mort\\\/\",\"name\":\"Non, ce blog n'est pas completement mort... - Micoulou Photographie\",\"isPartOf\":{\"@id\":\"https:\\\/\\\/www.micoulou-photos.com\\\/#website\"},\"datePublished\":\"2010-01-26T19:34:00+00:00\",\"breadcrumb\":{\"@id\":\"https:\\\/\\\/www.micoulou-photos.com\\\/index.php\\\/2010\\\/01\\\/26\\\/non-ce-blog-nest-pas-completement-mort\\\/#breadcrumb\"},\"inLanguage\":\"fr-FR\",\"potentialAction\":[{\"@type\":\"ReadAction\",\"target\":[\"https:\\\/\\\/www.micoulou-photos.com\\\/index.php\\\/2010\\\/01\\\/26\\\/non-ce-blog-nest-pas-completement-mort\\\/\"]}]},{\"@type\":\"BreadcrumbList\",\"@id\":\"https:\\\/\\\/www.micoulou-photos.com\\\/index.php\\\/2010\\\/01\\\/26\\\/non-ce-blog-nest-pas-completement-mort\\\/#breadcrumb\",\"itemListElement\":[{\"@type\":\"ListItem\",\"position\":1,\"name\":\"Accueil\",\"item\":\"https:\\\/\\\/www.micoulou-photos.com\\\/\"},{\"@type\":\"ListItem\",\"position\":2,\"name\":\"Non, ce blog n&rsquo;est pas completement mort&#8230;\"}]},{\"@type\":\"WebSite\",\"@id\":\"https:\\\/\\\/www.micoulou-photos.com\\\/#website\",\"url\":\"https:\\\/\\\/www.micoulou-photos.com\\\/\",\"name\":\"Micoulou Photographie\",\"description\":\"Photographies, Visites virtuelles et formations par Mickael Minarie\",\"publisher\":{\"@id\":\"https:\\\/\\\/www.micoulou-photos.com\\\/#organization\"},\"potentialAction\":[{\"@type\":\"SearchAction\",\"target\":{\"@type\":\"EntryPoint\",\"urlTemplate\":\"https:\\\/\\\/www.micoulou-photos.com\\\/?s={search_term_string}\"},\"query-input\":{\"@type\":\"PropertyValueSpecification\",\"valueRequired\":true,\"valueName\":\"search_term_string\"}}],\"inLanguage\":\"fr-FR\"},{\"@type\":\"Organization\",\"@id\":\"https:\\\/\\\/www.micoulou-photos.com\\\/#organization\",\"name\":\"Micoulou Photographie\",\"url\":\"https:\\\/\\\/www.micoulou-photos.com\\\/\",\"logo\":{\"@type\":\"ImageObject\",\"inLanguage\":\"fr-FR\",\"@id\":\"https:\\\/\\\/www.micoulou-photos.com\\\/#\\\/schema\\\/logo\\\/image\\\/\",\"url\":\"https:\\\/\\\/i0.wp.com\\\/www.micoulou-photos.com\\\/wp-content\\\/uploads\\\/2020\\\/05\\\/cropped-891667_552097324824916_1615181552_o-1.jpg?fit=643%2C722&ssl=1\",\"contentUrl\":\"https:\\\/\\\/i0.wp.com\\\/www.micoulou-photos.com\\\/wp-content\\\/uploads\\\/2020\\\/05\\\/cropped-891667_552097324824916_1615181552_o-1.jpg?fit=643%2C722&ssl=1\",\"width\":643,\"height\":722,\"caption\":\"Micoulou Photographie\"},\"image\":{\"@id\":\"https:\\\/\\\/www.micoulou-photos.com\\\/#\\\/schema\\\/logo\\\/image\\\/\"}},{\"@type\":\"Person\",\"@id\":\"https:\\\/\\\/www.micoulou-photos.com\\\/#\\\/schema\\\/person\\\/6aedfe8ebe91da632f46e7c9d806a722\",\"name\":\"micoulou\",\"image\":{\"@type\":\"ImageObject\",\"inLanguage\":\"fr-FR\",\"@id\":\"https:\\\/\\\/secure.gravatar.com\\\/avatar\\\/98f892eb7d267eab2faa437baa3edd708deaaa43929316c0cc7b751a04cb247b?s=96&d=mm&r=g\",\"url\":\"https:\\\/\\\/secure.gravatar.com\\\/avatar\\\/98f892eb7d267eab2faa437baa3edd708deaaa43929316c0cc7b751a04cb247b?s=96&d=mm&r=g\",\"contentUrl\":\"https:\\\/\\\/secure.gravatar.com\\\/avatar\\\/98f892eb7d267eab2faa437baa3edd708deaaa43929316c0cc7b751a04cb247b?s=96&d=mm&r=g\",\"caption\":\"micoulou\"},\"url\":\"https:\\\/\\\/www.micoulou-photos.com\\\/index.php\\\/author\\\/micoulou\\\/\"}]}<\/script>\n<!-- \/ Yoast SEO plugin. -->","yoast_head_json":{"title":"Non, ce blog n'est pas completement mort... - Micoulou Photographie","robots":{"index":"index","follow":"follow","max-snippet":"max-snippet:-1","max-image-preview":"max-image-preview:large","max-video-preview":"max-video-preview:-1"},"canonical":"https:\/\/www.micoulou-photos.com\/index.php\/2010\/01\/26\/non-ce-blog-nest-pas-completement-mort\/","og_locale":"fr_FR","og_type":"article","og_title":"Non, ce blog n'est pas completement mort... - Micoulou Photographie","og_description":"Bon, je vais essayer de raviver un peu mon blog, maintenant que je suis de retour en France&#8230; Je ne sais pas si quelques personnes me suivent, enfin j&rsquo;esp\u00e8re que les personnes que j&rsquo;ai pu rencontr\u00e9 physiquement vont passer, eventuellement mettre un commentaire&#8230;Enfin, la prochaine fois que je les verrais (n&rsquo;est-ce pas fabotin, blueteye, mat(de [&hellip;]","og_url":"https:\/\/www.micoulou-photos.com\/index.php\/2010\/01\/26\/non-ce-blog-nest-pas-completement-mort\/","og_site_name":"Micoulou Photographie","article_published_time":"2010-01-26T19:34:00+00:00","author":"micoulou","twitter_card":"summary_large_image","twitter_misc":{"\u00c9crit par":"micoulou","Dur\u00e9e de lecture estim\u00e9e":"2 minutes"},"schema":{"@context":"https:\/\/schema.org","@graph":[{"@type":"Article","@id":"https:\/\/www.micoulou-photos.com\/index.php\/2010\/01\/26\/non-ce-blog-nest-pas-completement-mort\/#article","isPartOf":{"@id":"https:\/\/www.micoulou-photos.com\/index.php\/2010\/01\/26\/non-ce-blog-nest-pas-completement-mort\/"},"author":{"name":"micoulou","@id":"https:\/\/www.micoulou-photos.com\/#\/schema\/person\/6aedfe8ebe91da632f46e7c9d806a722"},"headline":"Non, ce blog n&rsquo;est pas completement mort&#8230;","datePublished":"2010-01-26T19:34:00+00:00","mainEntityOfPage":{"@id":"https:\/\/www.micoulou-photos.com\/index.php\/2010\/01\/26\/non-ce-blog-nest-pas-completement-mort\/"},"wordCount":450,"commentCount":1,"publisher":{"@id":"https:\/\/www.micoulou-photos.com\/#organization"},"inLanguage":"fr-FR","potentialAction":[{"@type":"CommentAction","name":"Comment","target":["https:\/\/www.micoulou-photos.com\/index.php\/2010\/01\/26\/non-ce-blog-nest-pas-completement-mort\/#respond"]}]},{"@type":"WebPage","@id":"https:\/\/www.micoulou-photos.com\/index.php\/2010\/01\/26\/non-ce-blog-nest-pas-completement-mort\/","url":"https:\/\/www.micoulou-photos.com\/index.php\/2010\/01\/26\/non-ce-blog-nest-pas-completement-mort\/","name":"Non, ce blog n'est pas completement mort... - Micoulou Photographie","isPartOf":{"@id":"https:\/\/www.micoulou-photos.com\/#website"},"datePublished":"2010-01-26T19:34:00+00:00","breadcrumb":{"@id":"https:\/\/www.micoulou-photos.com\/index.php\/2010\/01\/26\/non-ce-blog-nest-pas-completement-mort\/#breadcrumb"},"inLanguage":"fr-FR","potentialAction":[{"@type":"ReadAction","target":["https:\/\/www.micoulou-photos.com\/index.php\/2010\/01\/26\/non-ce-blog-nest-pas-completement-mort\/"]}]},{"@type":"BreadcrumbList","@id":"https:\/\/www.micoulou-photos.com\/index.php\/2010\/01\/26\/non-ce-blog-nest-pas-completement-mort\/#breadcrumb","itemListElement":[{"@type":"ListItem","position":1,"name":"Accueil","item":"https:\/\/www.micoulou-photos.com\/"},{"@type":"ListItem","position":2,"name":"Non, ce blog n&rsquo;est pas completement mort&#8230;"}]},{"@type":"WebSite","@id":"https:\/\/www.micoulou-photos.com\/#website","url":"https:\/\/www.micoulou-photos.com\/","name":"Micoulou Photographie","description":"Photographies, Visites virtuelles et formations par Mickael Minarie","publisher":{"@id":"https:\/\/www.micoulou-photos.com\/#organization"},"potentialAction":[{"@type":"SearchAction","target":{"@type":"EntryPoint","urlTemplate":"https:\/\/www.micoulou-photos.com\/?s={search_term_string}"},"query-input":{"@type":"PropertyValueSpecification","valueRequired":true,"valueName":"search_term_string"}}],"inLanguage":"fr-FR"},{"@type":"Organization","@id":"https:\/\/www.micoulou-photos.com\/#organization","name":"Micoulou Photographie","url":"https:\/\/www.micoulou-photos.com\/","logo":{"@type":"ImageObject","inLanguage":"fr-FR","@id":"https:\/\/www.micoulou-photos.com\/#\/schema\/logo\/image\/","url":"https:\/\/i0.wp.com\/www.micoulou-photos.com\/wp-content\/uploads\/2020\/05\/cropped-891667_552097324824916_1615181552_o-1.jpg?fit=643%2C722&ssl=1","contentUrl":"https:\/\/i0.wp.com\/www.micoulou-photos.com\/wp-content\/uploads\/2020\/05\/cropped-891667_552097324824916_1615181552_o-1.jpg?fit=643%2C722&ssl=1","width":643,"height":722,"caption":"Micoulou Photographie"},"image":{"@id":"https:\/\/www.micoulou-photos.com\/#\/schema\/logo\/image\/"}},{"@type":"Person","@id":"https:\/\/www.micoulou-photos.com\/#\/schema\/person\/6aedfe8ebe91da632f46e7c9d806a722","name":"micoulou","image":{"@type":"ImageObject","inLanguage":"fr-FR","@id":"https:\/\/secure.gravatar.com\/avatar\/98f892eb7d267eab2faa437baa3edd708deaaa43929316c0cc7b751a04cb247b?s=96&d=mm&r=g","url":"https:\/\/secure.gravatar.com\/avatar\/98f892eb7d267eab2faa437baa3edd708deaaa43929316c0cc7b751a04cb247b?s=96&d=mm&r=g","contentUrl":"https:\/\/secure.gravatar.com\/avatar\/98f892eb7d267eab2faa437baa3edd708deaaa43929316c0cc7b751a04cb247b?s=96&d=mm&r=g","caption":"micoulou"},"url":"https:\/\/www.micoulou-photos.com\/index.php\/author\/micoulou\/"}]}},"jetpack_publicize_connections":[],"jetpack_featured_media_url":"","jetpack_sharing_enabled":true,"jetpack_shortlink":"https:\/\/wp.me\/p7zKF4-3N","jetpack-related-posts":[{"id":7303,"url":"https:\/\/www.micoulou-photos.com\/index.php\/2022\/10\/11\/voyage-en-sicile\/","url_meta":{"origin":235,"position":0},"title":"Voyage en Sicile","author":"micoulou","date":"11 octobre 2022","format":false,"excerpt":"Un petit r\u00e9cit de mon voyage entre Angoul\u00e8me et Palerme. Retour enfin de mes voyages, avec un train de nuit qui prend le bateau.","rel":"","context":"Dans &quot;voyage&quot;","block_context":{"text":"voyage","link":"https:\/\/www.micoulou-photos.com\/index.php\/category\/voyage\/"},"img":{"alt_text":"","src":"https:\/\/i0.wp.com\/www.micoulou-photos.com\/wp-content\/uploads\/2022\/10\/DSC08362.jpg?fit=1200%2C800&ssl=1&resize=350%2C200","width":350,"height":200,"srcset":"https:\/\/i0.wp.com\/www.micoulou-photos.com\/wp-content\/uploads\/2022\/10\/DSC08362.jpg?fit=1200%2C800&ssl=1&resize=350%2C200 1x, https:\/\/i0.wp.com\/www.micoulou-photos.com\/wp-content\/uploads\/2022\/10\/DSC08362.jpg?fit=1200%2C800&ssl=1&resize=525%2C300 1.5x, https:\/\/i0.wp.com\/www.micoulou-photos.com\/wp-content\/uploads\/2022\/10\/DSC08362.jpg?fit=1200%2C800&ssl=1&resize=700%2C400 2x, https:\/\/i0.wp.com\/www.micoulou-photos.com\/wp-content\/uploads\/2022\/10\/DSC08362.jpg?fit=1200%2C800&ssl=1&resize=1050%2C600 3x"},"classes":[]},{"id":72,"url":"https:\/\/www.micoulou-photos.com\/index.php\/2013\/01\/22\/message-200\/","url_meta":{"origin":235,"position":1},"title":"Message 200","author":"micoulou","date":"22 janvier 2013","format":false,"excerpt":"Pour le 200e message, je vous souhaite mes meilleurs voeux pour 2013...Et je prend enfin une bonne r\u00e9solution, je me sp\u00e9cialise en photo sur les paysages d'ambiance et pano, et je rationalise mon parc, je ne garde que :-quelques boitiers Canon avec la serie des Sigma Zen.-quelques boitiers Pentax avec\u2026","rel":"","context":"Dans &quot;Non class\u00e9&quot;","block_context":{"text":"Non class\u00e9","link":"https:\/\/www.micoulou-photos.com\/index.php\/category\/non-classe\/"},"img":{"alt_text":"","src":"https:\/\/i0.wp.com\/3.bp.blogspot.com\/-YKCf7Yf8nXA\/UPvch5qWqgI\/AAAAAAAA48s\/OVEwizuTvNQ\/s320\/CRW_0167-Modifier.jpg?resize=350%2C200","width":350,"height":200},"classes":[]},{"id":244,"url":"https:\/\/www.micoulou-photos.com\/index.php\/2009\/02\/12\/questionnement\/","url_meta":{"origin":235,"position":2},"title":"questionnement ?","author":"micoulou","date":"12 f\u00e9vrier 2009","format":false,"excerpt":"Bon, voila je me pose pas mal de questions, j'ai fait des photos l'ete dernier dont je suis fier, et depuis novembre, alors que j'ai enfin le materiel que je revais, c'est le trou noir, quasiment plus rien, enfin pas grand chose dont je suis content... Est-ce la peur de\u2026","rel":"","context":"Dans &quot;Non class\u00e9&quot;","block_context":{"text":"Non class\u00e9","link":"https:\/\/www.micoulou-photos.com\/index.php\/category\/non-classe\/"},"img":{"alt_text":"","src":"","width":0,"height":0},"classes":[]},{"id":238,"url":"https:\/\/www.micoulou-photos.com\/index.php\/2009\/06\/01\/essai-dun-nikkor-18-55mm-ii-et-18-70mm\/","url_meta":{"origin":235,"position":3},"title":"Essai d&rsquo;un Nikkor 18-55mm II et 18-70mm","author":"micoulou","date":"1 juin 2009","format":false,"excerpt":"Le week end dernier, j'ai eu l'occasion d'utiliser rapidement un Nikon (NIKKOR) 18-55mm II et un 18-70mm. Apr\u00e8s avoir lu pas mal de critiques de ces deux objectifs (surtout n\u00e9gatives pour le premier, mitig\u00e9 pour le second), j'ai essayer de me faire mon propre avis.Ces deux objectifs ne sont pas\u2026","rel":"","context":"Dans &quot;Non class\u00e9&quot;","block_context":{"text":"Non class\u00e9","link":"https:\/\/www.micoulou-photos.com\/index.php\/category\/non-classe\/"},"img":{"alt_text":"","src":"","width":0,"height":0},"classes":[]},{"id":116,"url":"https:\/\/www.micoulou-photos.com\/index.php\/2012\/06\/19\/nouvelles-3\/","url_meta":{"origin":235,"position":4},"title":"nouvelles","author":"micoulou","date":"19 juin 2012","format":false,"excerpt":"Mes derniers posts \u00e9taient tr\u00e8s flou, je vais pouvoir maintenant \u00eatre un peu plus clair...Que s'est il donc pass\u00e9 depuis janvier dernier ? D'abord le soucis avec la premi\u00e8re colocation a Montr\u00e9al, je crois avec le recul qu'elle \u00e9tait pr\u00e9visible, le sois disant \u00a8chef\u00a8 de la coloc voulait \u00eatre trop\u2026","rel":"","context":"Dans &quot;Non class\u00e9&quot;","block_context":{"text":"Non class\u00e9","link":"https:\/\/www.micoulou-photos.com\/index.php\/category\/non-classe\/"},"img":{"alt_text":"","src":"","width":0,"height":0},"classes":[]},{"id":38,"url":"https:\/\/www.micoulou-photos.com\/index.php\/2013\/10\/21\/ballade-sur-les-belledonnes\/","url_meta":{"origin":235,"position":5},"title":"Ballade sur les Belledonnes","author":"micoulou","date":"21 octobre 2013","format":false,"excerpt":"Alors que je suis maintenant rendu \u00e0 quelques 1500km de Chambery, je vais enfin traiter mes quelques images de montagne que j'ai faite durant ces quelques mois. Voici donc un premier aper\u00e7u, d'une randonn\u00e9e que j'ai faite en compagnie de 2 amis : Andr\u00e9as et Luc. Parti de Montmelian en\u2026","rel":"","context":"Dans &quot;voyage&quot;","block_context":{"text":"voyage","link":"https:\/\/www.micoulou-photos.com\/index.php\/category\/voyage\/"},"img":{"alt_text":"","src":"https:\/\/i0.wp.com\/1.bp.blogspot.com\/-u_e6tavl7Os\/UmRbs8Ij6zI\/AAAAAAAA-J0\/wKc3Sz1MQl8\/s320\/IMG_6546-Modifier.jpg?resize=350%2C200","width":350,"height":200},"classes":[]}],"_links":{"self":[{"href":"https:\/\/www.micoulou-photos.com\/index.php\/wp-json\/wp\/v2\/posts\/235","targetHints":{"allow":["GET"]}}],"collection":[{"href":"https:\/\/www.micoulou-photos.com\/index.php\/wp-json\/wp\/v2\/posts"}],"about":[{"href":"https:\/\/www.micoulou-photos.com\/index.php\/wp-json\/wp\/v2\/types\/post"}],"author":[{"embeddable":true,"href":"https:\/\/www.micoulou-photos.com\/index.php\/wp-json\/wp\/v2\/users\/1"}],"replies":[{"embeddable":true,"href":"https:\/\/www.micoulou-photos.com\/index.php\/wp-json\/wp\/v2\/comments?post=235"}],"version-history":[{"count":0,"href":"https:\/\/www.micoulou-photos.com\/index.php\/wp-json\/wp\/v2\/posts\/235\/revisions"}],"wp:attachment":[{"href":"https:\/\/www.micoulou-photos.com\/index.php\/wp-json\/wp\/v2\/media?parent=235"}],"wp:term":[{"taxonomy":"category","embeddable":true,"href":"https:\/\/www.micoulou-photos.com\/index.php\/wp-json\/wp\/v2\/categories?post=235"},{"taxonomy":"post_tag","embeddable":true,"href":"https:\/\/www.micoulou-photos.com\/index.php\/wp-json\/wp\/v2\/tags?post=235"}],"curies":[{"name":"wp","href":"https:\/\/api.w.org\/{rel}","templated":true}]}}