{"id":228,"date":"2010-11-07T00:16:00","date_gmt":"2010-11-06T23:16:00","guid":{"rendered":"http:\/\/micoulou.info\/wp\/index.php\/2010\/11\/07\/salon-de-la-photo\/"},"modified":"2010-11-07T00:16:00","modified_gmt":"2010-11-06T23:16:00","slug":"salon-de-la-photo","status":"publish","type":"post","link":"https:\/\/www.micoulou-photos.com\/index.php\/2010\/11\/07\/salon-de-la-photo\/","title":{"rendered":"salon de la photo"},"content":{"rendered":"<p>Bon, mon cot\u00e9 geek reprend du dessus : quelques tests d&rsquo;objo mais rapide et un petit bilan du salon de la photo.<br \/>D&rsquo;abord cette photo(en dessous) a \u00e9t\u00e9 s\u00e9l\u00e9ctionn\u00e9e et est expos\u00e9e au salon de la photo, donc oui je me vante un peu mais je suis assez fier : ma premi\u00e8re photo expos\u00e9e dans un salon nationale et de plus il semble qu\u00a0\u00bbelle a \u00e9t\u00e9 s\u00e9l\u00e9ctionn\u00e9e parmis un panel assez grand de photo&#8230;). Bon vous allez me dire : qu&rsquo;est ce que j&rsquo;ai gagn\u00e9 : ben cette phoo imprim\u00e9e en digigraphie et des contacts chez Sigma et \u00e7a \u00e0a n&rsquo;a pas de prix&#8230; Le rendu au format A2 est bluffant et le prochain qui me dit que 4,5MP est insuffisant, ben faut qu&rsquo;il ouvre les yeux.<\/p>\n<div style=\"clear: both; text-align: center;\"><a href=\"https:\/\/i0.wp.com\/3.bp.blogspot.com\/_XkNwbuBHhIs\/TKD8OLEfuTI\/AAAAAAAAaiA\/pSz6M9HJdY8\/s1600\/SDIM0034.jpg\" style=\"clear: left; float: left; margin-bottom: 1em; margin-right: 1em;\"><img data-recalc-dims=\"1\" decoding=\"async\" border=\"0\" height=\"133\" src=\"https:\/\/i0.wp.com\/3.bp.blogspot.com\/_XkNwbuBHhIs\/TKD8OLEfuTI\/AAAAAAAAaiA\/pSz6M9HJdY8\/s200\/SDIM0034.jpg?resize=200%2C133\" width=\"200\" \/><\/a><\/div>\n<p>Sinon, on reste chez Sigma : le SD1 me semble bluffant, mon SD10 serait r\u00e9parable et les images aux boitiers Sigma, en grand sont vraiment splendides&#8230; Le rendu est franchement meilleurs que les autres (bon, OK au prix d&rsquo;un boitier lent, d&rsquo;un traitement qui prend du temps mais les effort sont recompens\u00e9s). Les Pro en Sigma sont super accessible et les gens de chez Sigma super sympa (enfin, ceux qui etait dans la partis boitier, la parti obkectifs ce sont surement des etudiants embauch\u00e9s sp\u00e9cialement pour le salon de la photo).<\/p>\n<table cellpadding=\"0\" cellspacing=\"0\" style=\"float: right; margin-left: 1em; text-align: right;\">\n<tbody>\n<tr>\n<td style=\"text-align: center;\"><a href=\"https:\/\/i0.wp.com\/1.bp.blogspot.com\/_XkNwbuBHhIs\/TNXfoWcm7hI\/AAAAAAAAcHw\/xklzxHmJSnI\/s1600\/IMGP0006.jpg\" style=\"clear: right; margin-bottom: 1em; margin-left: auto; margin-right: auto;\"><img data-recalc-dims=\"1\" decoding=\"async\" border=\"0\" height=\"132\" src=\"https:\/\/i0.wp.com\/1.bp.blogspot.com\/_XkNwbuBHhIs\/TNXfoWcm7hI\/AAAAAAAAcHw\/xklzxHmJSnI\/s200\/IMGP0006.jpg?resize=200%2C132\" width=\"200\" \/><\/a><\/td>\n<\/tr>\n<tr>\n<td style=\"text-align: center;\">Au 8-16mm. Sans grand interet \u00e0 part montrer l&rsquo;angle impressionnant.<\/td>\n<\/tr>\n<\/tbody>\n<\/table>\n<p>La suite chez Sigma : le test sur mon Pentax de quelques cailloux:<\/p>\n<ul>\n<li>Le 8-16mm :Me semble tr\u00e8s bon mais d&rsquo;un usage tr\u00e8s sp\u00e9cifique. L&rsquo;angle de vue est impressionnant; Le rendu semble bon et l&rsquo;AF quasi instantan\u00e9.<\/li>\n<li>Le 30mm 1,4 est sympa mais je ne suis pas plus enchant\u00e9 que ca. Le rendu est bon sans etre exceptionnel, le piqu\u00e9 moyen, le rendu des couleurs aussi. L&rsquo;AF est plutot reactif.<\/li>\n<li>\n<table cellpadding=\"0\" cellspacing=\"0\" style=\"float: right; margin-left: 1em; text-align: right;\">\n<tbody>\n<tr>\n<td style=\"text-align: center;\"><a href=\"https:\/\/i0.wp.com\/2.bp.blogspot.com\/_XkNwbuBHhIs\/TNXgYo4Q9wI\/AAAAAAAAcH0\/_sJuWBowAH8\/s1600\/IMGP0012.jpg\" style=\"margin-left: auto; margin-right: auto;\"><img data-recalc-dims=\"1\" decoding=\"async\" border=\"0\" height=\"132\" src=\"https:\/\/i0.wp.com\/2.bp.blogspot.com\/_XkNwbuBHhIs\/TNXgYo4Q9wI\/AAAAAAAAcH0\/_sJuWBowAH8\/s200\/IMGP0012.jpg?resize=200%2C132\" width=\"200\" \/><\/a><\/td>\n<\/tr>\n<tr>\n<td style=\"text-align: center;\">Au 30mm 1,4<\/td>\n<\/tr>\n<\/tbody>\n<\/table>\n<p>Le 17-50mm 2,8 OS : me semble excellent, de la m\u00eame veine que le 24-60mm 2,8 mais aussi gros et bien plus cher. Le rendu est excellent et le piq\u00e9 aussi. Par contre, l&rsquo;AF pompe mechamment sur mon kx et je me voit mal utiliser cela en reportage&#8230; Dommage. Il faudrait peut \u00eatre que je test un autre exemplaire.<\/li>\n<li>\n<table cellpadding=\"0\" cellspacing=\"0\" style=\"float: right; text-align: right;\">\n<tbody>\n<tr>\n<td style=\"text-align: center;\"><a href=\"https:\/\/i0.wp.com\/3.bp.blogspot.com\/_XkNwbuBHhIs\/TNXhYxEgVFI\/AAAAAAAAcH4\/GNntCMNwpiI\/s1600\/IMGP0016.jpg\" style=\"margin-left: auto; margin-right: auto;\"><img data-recalc-dims=\"1\" loading=\"lazy\" decoding=\"async\" border=\"0\" height=\"132\" src=\"https:\/\/i0.wp.com\/3.bp.blogspot.com\/_XkNwbuBHhIs\/TNXhYxEgVFI\/AAAAAAAAcH4\/GNntCMNwpiI\/s200\/IMGP0016.jpg?resize=200%2C132\" width=\"200\" \/><\/a><\/td>\n<\/tr>\n<tr>\n<td style=\"text-align: center;\">Au 17-50<\/td>\n<\/tr>\n<\/tbody>\n<\/table>\n<table cellpadding=\"0\" cellspacing=\"0\" style=\"float: right; text-align: right;\">\n<tbody>\n<tr>\n<td style=\"text-align: center;\"><\/td>\n<td style=\"text-align: center;\"><a href=\"https:\/\/i0.wp.com\/4.bp.blogspot.com\/_XkNwbuBHhIs\/TNXhZFeTHLI\/AAAAAAAAcH8\/0fMJW0A9qv4\/s1600\/IMGP0018.jpg\" style=\"margin-left: auto; margin-right: auto;\"><img data-recalc-dims=\"1\" loading=\"lazy\" decoding=\"async\" border=\"0\" height=\"132\" src=\"https:\/\/i0.wp.com\/4.bp.blogspot.com\/_XkNwbuBHhIs\/TNXhZFeTHLI\/AAAAAAAAcH8\/0fMJW0A9qv4\/s200\/IMGP0018.jpg?resize=200%2C132\" width=\"200\" \/>&nbsp;<\/a><\/td>\n<td style=\"text-align: center;\">&nbsp;<\/td>\n<\/tr>\n<tr>\n<td style=\"text-align: center;\">Au 17-50<\/td>\n<\/tr>\n<\/tbody>\n<\/table>\n<\/li>\n<\/ul>\n<div style=\"clear: both; text-align: center;\"><\/div>\n","protected":false},"excerpt":{"rendered":"<p>Bon, mon cot\u00e9 geek reprend du dessus : quelques tests d&rsquo;objo mais rapide et un petit bilan du salon de la photo.D&rsquo;abord cette photo(en dessous) a \u00e9t\u00e9 s\u00e9l\u00e9ctionn\u00e9e et est expos\u00e9e au salon de la photo, donc oui je me vante un peu mais je suis assez fier : ma premi\u00e8re photo expos\u00e9e dans un [&hellip;]<\/p>\n","protected":false},"author":1,"featured_media":0,"comment_status":"open","ping_status":"open","sticky":false,"template":"","format":"standard","meta":{"jetpack_post_was_ever_published":false,"_jetpack_newsletter_access":"","_jetpack_dont_email_post_to_subs":false,"_jetpack_newsletter_tier_id":0,"_jetpack_memberships_contains_paywalled_content":false,"_jetpack_memberships_contains_paid_content":false,"footnotes":"","jetpack_publicize_message":"","jetpack_publicize_feature_enabled":true,"jetpack_social_post_already_shared":false,"jetpack_social_options":{"image_generator_settings":{"template":"highway","default_image_id":0,"font":"","enabled":false},"version":2}},"categories":[1],"tags":[],"class_list":["post-228","post","type-post","status-publish","format-standard","hentry","category-non-classe"],"yoast_head":"<!-- This site is optimized with the Yoast SEO plugin v27.5 - https:\/\/yoast.com\/product\/yoast-seo-wordpress\/ -->\n<title>salon de la photo - Micoulou Photographie<\/title>\n<meta name=\"robots\" content=\"index, follow, max-snippet:-1, max-image-preview:large, max-video-preview:-1\" \/>\n<link rel=\"canonical\" href=\"https:\/\/www.micoulou-photos.com\/index.php\/2010\/11\/07\/salon-de-la-photo\/\" \/>\n<meta property=\"og:locale\" content=\"fr_FR\" \/>\n<meta property=\"og:type\" content=\"article\" \/>\n<meta property=\"og:title\" content=\"salon de la photo - Micoulou Photographie\" \/>\n<meta property=\"og:description\" content=\"Bon, mon cot\u00e9 geek reprend du dessus : quelques tests d&rsquo;objo mais rapide et un petit bilan du salon de la photo.D&rsquo;abord cette photo(en dessous) a \u00e9t\u00e9 s\u00e9l\u00e9ctionn\u00e9e et est expos\u00e9e au salon de la photo, donc oui je me vante un peu mais je suis assez fier : ma premi\u00e8re photo expos\u00e9e dans un [&hellip;]\" \/>\n<meta property=\"og:url\" content=\"https:\/\/www.micoulou-photos.com\/index.php\/2010\/11\/07\/salon-de-la-photo\/\" \/>\n<meta property=\"og:site_name\" content=\"Micoulou Photographie\" \/>\n<meta property=\"article:published_time\" content=\"2010-11-06T23:16:00+00:00\" \/>\n<meta property=\"og:image\" content=\"http:\/\/3.bp.blogspot.com\/_XkNwbuBHhIs\/TKD8OLEfuTI\/AAAAAAAAaiA\/pSz6M9HJdY8\/s200\/SDIM0034.jpg\" \/>\n<meta name=\"author\" content=\"micoulou\" \/>\n<meta name=\"twitter:card\" content=\"summary_large_image\" \/>\n<meta name=\"twitter:label1\" content=\"\u00c9crit par\" \/>\n\t<meta name=\"twitter:data1\" content=\"micoulou\" \/>\n\t<meta name=\"twitter:label2\" content=\"Dur\u00e9e de lecture estim\u00e9e\" \/>\n\t<meta name=\"twitter:data2\" content=\"2 minutes\" \/>\n<script type=\"application\/ld+json\" class=\"yoast-schema-graph\">{\"@context\":\"https:\\\/\\\/schema.org\",\"@graph\":[{\"@type\":\"Article\",\"@id\":\"https:\\\/\\\/www.micoulou-photos.com\\\/index.php\\\/2010\\\/11\\\/07\\\/salon-de-la-photo\\\/#article\",\"isPartOf\":{\"@id\":\"https:\\\/\\\/www.micoulou-photos.com\\\/index.php\\\/2010\\\/11\\\/07\\\/salon-de-la-photo\\\/\"},\"author\":{\"name\":\"micoulou\",\"@id\":\"https:\\\/\\\/www.micoulou-photos.com\\\/#\\\/schema\\\/person\\\/6aedfe8ebe91da632f46e7c9d806a722\"},\"headline\":\"salon de la photo\",\"datePublished\":\"2010-11-06T23:16:00+00:00\",\"mainEntityOfPage\":{\"@id\":\"https:\\\/\\\/www.micoulou-photos.com\\\/index.php\\\/2010\\\/11\\\/07\\\/salon-de-la-photo\\\/\"},\"wordCount\":396,\"commentCount\":0,\"publisher\":{\"@id\":\"https:\\\/\\\/www.micoulou-photos.com\\\/#organization\"},\"image\":{\"@id\":\"https:\\\/\\\/www.micoulou-photos.com\\\/index.php\\\/2010\\\/11\\\/07\\\/salon-de-la-photo\\\/#primaryimage\"},\"thumbnailUrl\":\"http:\\\/\\\/3.bp.blogspot.com\\\/_XkNwbuBHhIs\\\/TKD8OLEfuTI\\\/AAAAAAAAaiA\\\/pSz6M9HJdY8\\\/s200\\\/SDIM0034.jpg\",\"inLanguage\":\"fr-FR\",\"potentialAction\":[{\"@type\":\"CommentAction\",\"name\":\"Comment\",\"target\":[\"https:\\\/\\\/www.micoulou-photos.com\\\/index.php\\\/2010\\\/11\\\/07\\\/salon-de-la-photo\\\/#respond\"]}]},{\"@type\":\"WebPage\",\"@id\":\"https:\\\/\\\/www.micoulou-photos.com\\\/index.php\\\/2010\\\/11\\\/07\\\/salon-de-la-photo\\\/\",\"url\":\"https:\\\/\\\/www.micoulou-photos.com\\\/index.php\\\/2010\\\/11\\\/07\\\/salon-de-la-photo\\\/\",\"name\":\"salon de la photo - Micoulou Photographie\",\"isPartOf\":{\"@id\":\"https:\\\/\\\/www.micoulou-photos.com\\\/#website\"},\"primaryImageOfPage\":{\"@id\":\"https:\\\/\\\/www.micoulou-photos.com\\\/index.php\\\/2010\\\/11\\\/07\\\/salon-de-la-photo\\\/#primaryimage\"},\"image\":{\"@id\":\"https:\\\/\\\/www.micoulou-photos.com\\\/index.php\\\/2010\\\/11\\\/07\\\/salon-de-la-photo\\\/#primaryimage\"},\"thumbnailUrl\":\"http:\\\/\\\/3.bp.blogspot.com\\\/_XkNwbuBHhIs\\\/TKD8OLEfuTI\\\/AAAAAAAAaiA\\\/pSz6M9HJdY8\\\/s200\\\/SDIM0034.jpg\",\"datePublished\":\"2010-11-06T23:16:00+00:00\",\"breadcrumb\":{\"@id\":\"https:\\\/\\\/www.micoulou-photos.com\\\/index.php\\\/2010\\\/11\\\/07\\\/salon-de-la-photo\\\/#breadcrumb\"},\"inLanguage\":\"fr-FR\",\"potentialAction\":[{\"@type\":\"ReadAction\",\"target\":[\"https:\\\/\\\/www.micoulou-photos.com\\\/index.php\\\/2010\\\/11\\\/07\\\/salon-de-la-photo\\\/\"]}]},{\"@type\":\"ImageObject\",\"inLanguage\":\"fr-FR\",\"@id\":\"https:\\\/\\\/www.micoulou-photos.com\\\/index.php\\\/2010\\\/11\\\/07\\\/salon-de-la-photo\\\/#primaryimage\",\"url\":\"http:\\\/\\\/3.bp.blogspot.com\\\/_XkNwbuBHhIs\\\/TKD8OLEfuTI\\\/AAAAAAAAaiA\\\/pSz6M9HJdY8\\\/s200\\\/SDIM0034.jpg\",\"contentUrl\":\"http:\\\/\\\/3.bp.blogspot.com\\\/_XkNwbuBHhIs\\\/TKD8OLEfuTI\\\/AAAAAAAAaiA\\\/pSz6M9HJdY8\\\/s200\\\/SDIM0034.jpg\"},{\"@type\":\"BreadcrumbList\",\"@id\":\"https:\\\/\\\/www.micoulou-photos.com\\\/index.php\\\/2010\\\/11\\\/07\\\/salon-de-la-photo\\\/#breadcrumb\",\"itemListElement\":[{\"@type\":\"ListItem\",\"position\":1,\"name\":\"Accueil\",\"item\":\"https:\\\/\\\/www.micoulou-photos.com\\\/\"},{\"@type\":\"ListItem\",\"position\":2,\"name\":\"salon de la photo\"}]},{\"@type\":\"WebSite\",\"@id\":\"https:\\\/\\\/www.micoulou-photos.com\\\/#website\",\"url\":\"https:\\\/\\\/www.micoulou-photos.com\\\/\",\"name\":\"Micoulou Photographie\",\"description\":\"Photographies, Visites virtuelles et formations par Mickael Minarie\",\"publisher\":{\"@id\":\"https:\\\/\\\/www.micoulou-photos.com\\\/#organization\"},\"potentialAction\":[{\"@type\":\"SearchAction\",\"target\":{\"@type\":\"EntryPoint\",\"urlTemplate\":\"https:\\\/\\\/www.micoulou-photos.com\\\/?s={search_term_string}\"},\"query-input\":{\"@type\":\"PropertyValueSpecification\",\"valueRequired\":true,\"valueName\":\"search_term_string\"}}],\"inLanguage\":\"fr-FR\"},{\"@type\":\"Organization\",\"@id\":\"https:\\\/\\\/www.micoulou-photos.com\\\/#organization\",\"name\":\"Micoulou Photographie\",\"url\":\"https:\\\/\\\/www.micoulou-photos.com\\\/\",\"logo\":{\"@type\":\"ImageObject\",\"inLanguage\":\"fr-FR\",\"@id\":\"https:\\\/\\\/www.micoulou-photos.com\\\/#\\\/schema\\\/logo\\\/image\\\/\",\"url\":\"https:\\\/\\\/i0.wp.com\\\/www.micoulou-photos.com\\\/wp-content\\\/uploads\\\/2020\\\/05\\\/cropped-891667_552097324824916_1615181552_o-1.jpg?fit=643%2C722&ssl=1\",\"contentUrl\":\"https:\\\/\\\/i0.wp.com\\\/www.micoulou-photos.com\\\/wp-content\\\/uploads\\\/2020\\\/05\\\/cropped-891667_552097324824916_1615181552_o-1.jpg?fit=643%2C722&ssl=1\",\"width\":643,\"height\":722,\"caption\":\"Micoulou Photographie\"},\"image\":{\"@id\":\"https:\\\/\\\/www.micoulou-photos.com\\\/#\\\/schema\\\/logo\\\/image\\\/\"}},{\"@type\":\"Person\",\"@id\":\"https:\\\/\\\/www.micoulou-photos.com\\\/#\\\/schema\\\/person\\\/6aedfe8ebe91da632f46e7c9d806a722\",\"name\":\"micoulou\",\"image\":{\"@type\":\"ImageObject\",\"inLanguage\":\"fr-FR\",\"@id\":\"https:\\\/\\\/secure.gravatar.com\\\/avatar\\\/98f892eb7d267eab2faa437baa3edd708deaaa43929316c0cc7b751a04cb247b?s=96&d=mm&r=g\",\"url\":\"https:\\\/\\\/secure.gravatar.com\\\/avatar\\\/98f892eb7d267eab2faa437baa3edd708deaaa43929316c0cc7b751a04cb247b?s=96&d=mm&r=g\",\"contentUrl\":\"https:\\\/\\\/secure.gravatar.com\\\/avatar\\\/98f892eb7d267eab2faa437baa3edd708deaaa43929316c0cc7b751a04cb247b?s=96&d=mm&r=g\",\"caption\":\"micoulou\"},\"url\":\"https:\\\/\\\/www.micoulou-photos.com\\\/index.php\\\/author\\\/micoulou\\\/\"}]}<\/script>\n<!-- \/ Yoast SEO plugin. -->","yoast_head_json":{"title":"salon de la photo - Micoulou Photographie","robots":{"index":"index","follow":"follow","max-snippet":"max-snippet:-1","max-image-preview":"max-image-preview:large","max-video-preview":"max-video-preview:-1"},"canonical":"https:\/\/www.micoulou-photos.com\/index.php\/2010\/11\/07\/salon-de-la-photo\/","og_locale":"fr_FR","og_type":"article","og_title":"salon de la photo - Micoulou Photographie","og_description":"Bon, mon cot\u00e9 geek reprend du dessus : quelques tests d&rsquo;objo mais rapide et un petit bilan du salon de la photo.D&rsquo;abord cette photo(en dessous) a \u00e9t\u00e9 s\u00e9l\u00e9ctionn\u00e9e et est expos\u00e9e au salon de la photo, donc oui je me vante un peu mais je suis assez fier : ma premi\u00e8re photo expos\u00e9e dans un [&hellip;]","og_url":"https:\/\/www.micoulou-photos.com\/index.php\/2010\/11\/07\/salon-de-la-photo\/","og_site_name":"Micoulou Photographie","article_published_time":"2010-11-06T23:16:00+00:00","og_image":[{"url":"http:\/\/3.bp.blogspot.com\/_XkNwbuBHhIs\/TKD8OLEfuTI\/AAAAAAAAaiA\/pSz6M9HJdY8\/s200\/SDIM0034.jpg","type":"","width":"","height":""}],"author":"micoulou","twitter_card":"summary_large_image","twitter_misc":{"\u00c9crit par":"micoulou","Dur\u00e9e de lecture estim\u00e9e":"2 minutes"},"schema":{"@context":"https:\/\/schema.org","@graph":[{"@type":"Article","@id":"https:\/\/www.micoulou-photos.com\/index.php\/2010\/11\/07\/salon-de-la-photo\/#article","isPartOf":{"@id":"https:\/\/www.micoulou-photos.com\/index.php\/2010\/11\/07\/salon-de-la-photo\/"},"author":{"name":"micoulou","@id":"https:\/\/www.micoulou-photos.com\/#\/schema\/person\/6aedfe8ebe91da632f46e7c9d806a722"},"headline":"salon de la photo","datePublished":"2010-11-06T23:16:00+00:00","mainEntityOfPage":{"@id":"https:\/\/www.micoulou-photos.com\/index.php\/2010\/11\/07\/salon-de-la-photo\/"},"wordCount":396,"commentCount":0,"publisher":{"@id":"https:\/\/www.micoulou-photos.com\/#organization"},"image":{"@id":"https:\/\/www.micoulou-photos.com\/index.php\/2010\/11\/07\/salon-de-la-photo\/#primaryimage"},"thumbnailUrl":"http:\/\/3.bp.blogspot.com\/_XkNwbuBHhIs\/TKD8OLEfuTI\/AAAAAAAAaiA\/pSz6M9HJdY8\/s200\/SDIM0034.jpg","inLanguage":"fr-FR","potentialAction":[{"@type":"CommentAction","name":"Comment","target":["https:\/\/www.micoulou-photos.com\/index.php\/2010\/11\/07\/salon-de-la-photo\/#respond"]}]},{"@type":"WebPage","@id":"https:\/\/www.micoulou-photos.com\/index.php\/2010\/11\/07\/salon-de-la-photo\/","url":"https:\/\/www.micoulou-photos.com\/index.php\/2010\/11\/07\/salon-de-la-photo\/","name":"salon de la photo - Micoulou Photographie","isPartOf":{"@id":"https:\/\/www.micoulou-photos.com\/#website"},"primaryImageOfPage":{"@id":"https:\/\/www.micoulou-photos.com\/index.php\/2010\/11\/07\/salon-de-la-photo\/#primaryimage"},"image":{"@id":"https:\/\/www.micoulou-photos.com\/index.php\/2010\/11\/07\/salon-de-la-photo\/#primaryimage"},"thumbnailUrl":"http:\/\/3.bp.blogspot.com\/_XkNwbuBHhIs\/TKD8OLEfuTI\/AAAAAAAAaiA\/pSz6M9HJdY8\/s200\/SDIM0034.jpg","datePublished":"2010-11-06T23:16:00+00:00","breadcrumb":{"@id":"https:\/\/www.micoulou-photos.com\/index.php\/2010\/11\/07\/salon-de-la-photo\/#breadcrumb"},"inLanguage":"fr-FR","potentialAction":[{"@type":"ReadAction","target":["https:\/\/www.micoulou-photos.com\/index.php\/2010\/11\/07\/salon-de-la-photo\/"]}]},{"@type":"ImageObject","inLanguage":"fr-FR","@id":"https:\/\/www.micoulou-photos.com\/index.php\/2010\/11\/07\/salon-de-la-photo\/#primaryimage","url":"http:\/\/3.bp.blogspot.com\/_XkNwbuBHhIs\/TKD8OLEfuTI\/AAAAAAAAaiA\/pSz6M9HJdY8\/s200\/SDIM0034.jpg","contentUrl":"http:\/\/3.bp.blogspot.com\/_XkNwbuBHhIs\/TKD8OLEfuTI\/AAAAAAAAaiA\/pSz6M9HJdY8\/s200\/SDIM0034.jpg"},{"@type":"BreadcrumbList","@id":"https:\/\/www.micoulou-photos.com\/index.php\/2010\/11\/07\/salon-de-la-photo\/#breadcrumb","itemListElement":[{"@type":"ListItem","position":1,"name":"Accueil","item":"https:\/\/www.micoulou-photos.com\/"},{"@type":"ListItem","position":2,"name":"salon de la photo"}]},{"@type":"WebSite","@id":"https:\/\/www.micoulou-photos.com\/#website","url":"https:\/\/www.micoulou-photos.com\/","name":"Micoulou Photographie","description":"Photographies, Visites virtuelles et formations par Mickael Minarie","publisher":{"@id":"https:\/\/www.micoulou-photos.com\/#organization"},"potentialAction":[{"@type":"SearchAction","target":{"@type":"EntryPoint","urlTemplate":"https:\/\/www.micoulou-photos.com\/?s={search_term_string}"},"query-input":{"@type":"PropertyValueSpecification","valueRequired":true,"valueName":"search_term_string"}}],"inLanguage":"fr-FR"},{"@type":"Organization","@id":"https:\/\/www.micoulou-photos.com\/#organization","name":"Micoulou Photographie","url":"https:\/\/www.micoulou-photos.com\/","logo":{"@type":"ImageObject","inLanguage":"fr-FR","@id":"https:\/\/www.micoulou-photos.com\/#\/schema\/logo\/image\/","url":"https:\/\/i0.wp.com\/www.micoulou-photos.com\/wp-content\/uploads\/2020\/05\/cropped-891667_552097324824916_1615181552_o-1.jpg?fit=643%2C722&ssl=1","contentUrl":"https:\/\/i0.wp.com\/www.micoulou-photos.com\/wp-content\/uploads\/2020\/05\/cropped-891667_552097324824916_1615181552_o-1.jpg?fit=643%2C722&ssl=1","width":643,"height":722,"caption":"Micoulou Photographie"},"image":{"@id":"https:\/\/www.micoulou-photos.com\/#\/schema\/logo\/image\/"}},{"@type":"Person","@id":"https:\/\/www.micoulou-photos.com\/#\/schema\/person\/6aedfe8ebe91da632f46e7c9d806a722","name":"micoulou","image":{"@type":"ImageObject","inLanguage":"fr-FR","@id":"https:\/\/secure.gravatar.com\/avatar\/98f892eb7d267eab2faa437baa3edd708deaaa43929316c0cc7b751a04cb247b?s=96&d=mm&r=g","url":"https:\/\/secure.gravatar.com\/avatar\/98f892eb7d267eab2faa437baa3edd708deaaa43929316c0cc7b751a04cb247b?s=96&d=mm&r=g","contentUrl":"https:\/\/secure.gravatar.com\/avatar\/98f892eb7d267eab2faa437baa3edd708deaaa43929316c0cc7b751a04cb247b?s=96&d=mm&r=g","caption":"micoulou"},"url":"https:\/\/www.micoulou-photos.com\/index.php\/author\/micoulou\/"}]}},"jetpack_publicize_connections":[],"jetpack_featured_media_url":"","jetpack_sharing_enabled":true,"jetpack_shortlink":"https:\/\/wp.me\/p7zKF4-3G","jetpack-related-posts":[{"id":257,"url":"https:\/\/www.micoulou-photos.com\/index.php\/2008\/05\/21\/test-des-objo-pentax\/","url_meta":{"origin":228,"position":0},"title":"Test des objo pentax","author":"micoulou","date":"21 mai 2008","format":false,"excerpt":"Je viens de trier toutes mes photos du pentax depuis le mois de septembre, j'ai pu donc voir ce que valait mes objectifs, a peu pres...Le 18-55 n'est pas mauvais, j'ai de tr\u00e9s bonne photo si peu que l'on ferme un peu, ca pique et c'est assez contrast\u00e9, il y\u2026","rel":"","context":"Dans &quot;Non class\u00e9&quot;","block_context":{"text":"Non class\u00e9","link":"https:\/\/www.micoulou-photos.com\/index.php\/category\/non-classe\/"},"img":{"alt_text":"","src":"","width":0,"height":0},"classes":[]},{"id":227,"url":"https:\/\/www.micoulou-photos.com\/index.php\/2010\/11\/07\/salon-de-la-photo-suite\/","url_meta":{"origin":228,"position":1},"title":"salon de la photo -suite-","author":"micoulou","date":"7 novembre 2010","format":false,"excerpt":"Toujours au Salon de la photo, au stand Pentax ...Les boitiers :Le 645D : je reste sur mon avis du mois de juin sur la prise en main : excellente, ca quasiment mieux que les Canon\/Nikon Pro je trouve... J'ai pu cette fois ci prendre des images avec. M\u00eame \u00e0\u2026","rel":"","context":"Dans &quot;Non class\u00e9&quot;","block_context":{"text":"Non class\u00e9","link":"https:\/\/www.micoulou-photos.com\/index.php\/category\/non-classe\/"},"img":{"alt_text":"","src":"https:\/\/i0.wp.com\/3.bp.blogspot.com\/_XkNwbuBHhIs\/TNXmvAwWNrI\/AAAAAAAAcIQ\/kO5k0m77h8I\/s200\/IMGP0005.jpg?resize=350%2C200","width":350,"height":200},"classes":[]},{"id":142,"url":"https:\/\/www.micoulou-photos.com\/index.php\/2011\/10\/23\/retour-sur-mes-test\/","url_meta":{"origin":228,"position":2},"title":"Retour sur mes test","author":"micoulou","date":"23 octobre 2011","format":false,"excerpt":"Bon, vous avez pu remarquer, ces derniers temps, j'ai fait quelques tests de soft de traitement d'images ainsi que de traitement video...J'ai vu que d'autres blogs me citaient, et pas forcement en bien... En effet, j'ai \u00e9t\u00e9 s\u00e9v\u00e8re sur mes tests... Mais j'ai trait\u00e9 de mani\u00e8re egalitaire les softs libre\u2026","rel":"","context":"Dans &quot;Non class\u00e9&quot;","block_context":{"text":"Non class\u00e9","link":"https:\/\/www.micoulou-photos.com\/index.php\/category\/non-classe\/"},"img":{"alt_text":"","src":"","width":0,"height":0},"classes":[]},{"id":264,"url":"https:\/\/www.micoulou-photos.com\/index.php\/2008\/04\/12\/reparation-du-sigma-24-70\/","url_meta":{"origin":228,"position":3},"title":"reparation du sigma 24-70&#8230;","author":"micoulou","date":"12 avril 2008","format":false,"excerpt":"Apr\u00e8s avoir fait la gaffe de tomber avec l'appareil photo dans le sac (ca faisait deux jour que je l'avais le D30. L'appareil n'a rien, mes cours et l'objectif si, la premi\u00e8re bague s'est d\u00e9solidaris\u00e9 du corps de l'objectif, et l'interrupteur AF\/MF est coinc\u00e9 sur MF avec le moteur toujours\u2026","rel":"","context":"Dans &quot;Non class\u00e9&quot;","block_context":{"text":"Non class\u00e9","link":"https:\/\/www.micoulou-photos.com\/index.php\/category\/non-classe\/"},"img":{"alt_text":"","src":"","width":0,"height":0},"classes":[]},{"id":250,"url":"https:\/\/www.micoulou-photos.com\/index.php\/2008\/10\/20\/premiere-impression-du-21mm-et-du-28-70\/","url_meta":{"origin":228,"position":4},"title":"Premiere impression du 21mm et du 28-70","author":"micoulou","date":"20 octobre 2008","format":false,"excerpt":"Deux objectifs en une semaine... EH oui, j'ai vu une grosse promo. Le 21mm, je le voulais depuis longtemps, le 28-70mm, c'est plus pour remplacer le 18-55mm que je trouve de plus en plus limit\u00e9.J'ai \u00e9t\u00e9 bluff\u00e9 par le rendu du 28-70mm, qui est tr\u00e8s bon (bon piqu\u00e9, beau bokeh,\u2026","rel":"","context":"Dans &quot;Non class\u00e9&quot;","block_context":{"text":"Non class\u00e9","link":"https:\/\/www.micoulou-photos.com\/index.php\/category\/non-classe\/"},"img":{"alt_text":"","src":"","width":0,"height":0},"classes":[]},{"id":2445,"url":"https:\/\/www.micoulou-photos.com\/index.php\/2016\/09\/05\/comparaison-de-differents-scanners\/","url_meta":{"origin":228,"position":5},"title":"Comparaison de differents scanners","author":"micoulou","date":"5 septembre 2016","format":false,"excerpt":"Un petit article sur les scanners de film, qui sera mis \u00e0 jour au fur et \u00e0 mesure... Une petite histoire, j'ai commenc\u00e9 la photo assez tot, en 1991 avec un appareil jetable comme beaucoup d'enfant et en 1995 on m'a offert mon premier reflex, un zenit EM... Tout cel\u00e0\u2026","rel":"","context":"Dans &quot;technique&quot;","block_context":{"text":"technique","link":"https:\/\/www.micoulou-photos.com\/index.php\/category\/technique\/"},"img":{"alt_text":"","src":"https:\/\/i0.wp.com\/www.micoulou-photos.com\/wp-content\/uploads\/2016\/09\/IMG_1518.jpg?fit=600%2C800&ssl=1&resize=350%2C200","width":350,"height":200,"srcset":"https:\/\/i0.wp.com\/www.micoulou-photos.com\/wp-content\/uploads\/2016\/09\/IMG_1518.jpg?fit=600%2C800&ssl=1&resize=350%2C200 1x, https:\/\/i0.wp.com\/www.micoulou-photos.com\/wp-content\/uploads\/2016\/09\/IMG_1518.jpg?fit=600%2C800&ssl=1&resize=525%2C300 1.5x"},"classes":[]}],"_links":{"self":[{"href":"https:\/\/www.micoulou-photos.com\/index.php\/wp-json\/wp\/v2\/posts\/228","targetHints":{"allow":["GET"]}}],"collection":[{"href":"https:\/\/www.micoulou-photos.com\/index.php\/wp-json\/wp\/v2\/posts"}],"about":[{"href":"https:\/\/www.micoulou-photos.com\/index.php\/wp-json\/wp\/v2\/types\/post"}],"author":[{"embeddable":true,"href":"https:\/\/www.micoulou-photos.com\/index.php\/wp-json\/wp\/v2\/users\/1"}],"replies":[{"embeddable":true,"href":"https:\/\/www.micoulou-photos.com\/index.php\/wp-json\/wp\/v2\/comments?post=228"}],"version-history":[{"count":0,"href":"https:\/\/www.micoulou-photos.com\/index.php\/wp-json\/wp\/v2\/posts\/228\/revisions"}],"wp:attachment":[{"href":"https:\/\/www.micoulou-photos.com\/index.php\/wp-json\/wp\/v2\/media?parent=228"}],"wp:term":[{"taxonomy":"category","embeddable":true,"href":"https:\/\/www.micoulou-photos.com\/index.php\/wp-json\/wp\/v2\/categories?post=228"},{"taxonomy":"post_tag","embeddable":true,"href":"https:\/\/www.micoulou-photos.com\/index.php\/wp-json\/wp\/v2\/tags?post=228"}],"curies":[{"name":"wp","href":"https:\/\/api.w.org\/{rel}","templated":true}]}}