{"id":221,"date":"2011-01-07T17:55:00","date_gmt":"2011-01-07T16:55:00","guid":{"rendered":"http:\/\/micoulou.info\/wp\/index.php\/2011\/01\/07\/bonne-annee\/"},"modified":"2011-01-07T17:55:00","modified_gmt":"2011-01-07T16:55:00","slug":"bonne-annee","status":"publish","type":"post","link":"https:\/\/www.micoulou-photos.com\/index.php\/2011\/01\/07\/bonne-annee\/","title":{"rendered":"Bonne ann\u00e9e"},"content":{"rendered":"<p>Bonne ann\u00e9e \u00e0 tous ceux qui me suivent&#8230;<\/p>\n<p>J&rsquo;ai re\u00e7u mon attestation d\u00e9finitive pour la Canada le 24 d\u00e9cembre (beau cadeau) juste apr\u00e8s une bonne grippe. Je dois maintenant preparer mon demenagement, mes voyages en fevrier mars&#8230; La photo est un peu laiss\u00e9 de cot\u00e9, j&rsquo;ai bien scann\u00e9 2 pelloch mais je ne retrouve plus les fichiers pour le moment&#8230;<br \/>J&rsquo;ai aussi chang\u00e9 de machine, que je n&rsquo;ai toujours pas r\u00e9install\u00e9 (un macbook noir), je suis donc finalement repass\u00e9 sur mon vieux portable Acer, qui avec 2go de RAM tient plut\u00f4t bien la route, mais il manque d&rsquo;un port firewire pour brancher tous mes DD externe et d&rsquo;une sortie \u00e9cran correcte (c&rsquo;est tout trouble sur mon EIZO). Des photos de d\u00e9cembre arriveront donc ici, mais au compte goutte, quand j&rsquo;aurais le temps de les traiter.<\/p>\n","protected":false},"excerpt":{"rendered":"<p>Bonne ann\u00e9e \u00e0 tous ceux qui me suivent&#8230; J&rsquo;ai re\u00e7u mon attestation d\u00e9finitive pour la Canada le 24 d\u00e9cembre (beau cadeau) juste apr\u00e8s une bonne grippe. Je dois maintenant preparer mon demenagement, mes voyages en fevrier mars&#8230; La photo est un peu laiss\u00e9 de cot\u00e9, j&rsquo;ai bien scann\u00e9 2 pelloch mais je ne retrouve plus [&hellip;]<\/p>\n","protected":false},"author":1,"featured_media":0,"comment_status":"open","ping_status":"open","sticky":false,"template":"","format":"standard","meta":{"jetpack_post_was_ever_published":false,"_jetpack_newsletter_access":"","_jetpack_dont_email_post_to_subs":false,"_jetpack_newsletter_tier_id":0,"_jetpack_memberships_contains_paywalled_content":false,"_jetpack_memberships_contains_paid_content":false,"footnotes":"","jetpack_publicize_message":"","jetpack_publicize_feature_enabled":true,"jetpack_social_post_already_shared":false,"jetpack_social_options":{"image_generator_settings":{"template":"highway","default_image_id":0,"font":"","enabled":false},"version":2}},"categories":[1],"tags":[],"class_list":["post-221","post","type-post","status-publish","format-standard","hentry","category-non-classe"],"yoast_head":"<!-- This site is optimized with the Yoast SEO plugin v27.5 - https:\/\/yoast.com\/product\/yoast-seo-wordpress\/ -->\n<title>Bonne ann\u00e9e - Micoulou Photographie<\/title>\n<meta name=\"robots\" content=\"index, follow, max-snippet:-1, max-image-preview:large, max-video-preview:-1\" \/>\n<link rel=\"canonical\" href=\"https:\/\/www.micoulou-photos.com\/index.php\/2011\/01\/07\/bonne-annee\/\" \/>\n<meta property=\"og:locale\" content=\"fr_FR\" \/>\n<meta property=\"og:type\" content=\"article\" \/>\n<meta property=\"og:title\" content=\"Bonne ann\u00e9e - Micoulou Photographie\" \/>\n<meta property=\"og:description\" content=\"Bonne ann\u00e9e \u00e0 tous ceux qui me suivent&#8230; J&rsquo;ai re\u00e7u mon attestation d\u00e9finitive pour la Canada le 24 d\u00e9cembre (beau cadeau) juste apr\u00e8s une bonne grippe. Je dois maintenant preparer mon demenagement, mes voyages en fevrier mars&#8230; La photo est un peu laiss\u00e9 de cot\u00e9, j&rsquo;ai bien scann\u00e9 2 pelloch mais je ne retrouve plus [&hellip;]\" \/>\n<meta property=\"og:url\" content=\"https:\/\/www.micoulou-photos.com\/index.php\/2011\/01\/07\/bonne-annee\/\" \/>\n<meta property=\"og:site_name\" content=\"Micoulou Photographie\" \/>\n<meta property=\"article:published_time\" content=\"2011-01-07T16:55:00+00:00\" \/>\n<meta name=\"author\" content=\"micoulou\" \/>\n<meta name=\"twitter:card\" content=\"summary_large_image\" \/>\n<meta name=\"twitter:label1\" content=\"\u00c9crit par\" \/>\n\t<meta name=\"twitter:data1\" content=\"micoulou\" \/>\n\t<meta name=\"twitter:label2\" content=\"Dur\u00e9e de lecture estim\u00e9e\" \/>\n\t<meta name=\"twitter:data2\" content=\"1 minute\" \/>\n<script type=\"application\/ld+json\" class=\"yoast-schema-graph\">{\"@context\":\"https:\\\/\\\/schema.org\",\"@graph\":[{\"@type\":\"Article\",\"@id\":\"https:\\\/\\\/www.micoulou-photos.com\\\/index.php\\\/2011\\\/01\\\/07\\\/bonne-annee\\\/#article\",\"isPartOf\":{\"@id\":\"https:\\\/\\\/www.micoulou-photos.com\\\/index.php\\\/2011\\\/01\\\/07\\\/bonne-annee\\\/\"},\"author\":{\"name\":\"micoulou\",\"@id\":\"https:\\\/\\\/www.micoulou-photos.com\\\/#\\\/schema\\\/person\\\/6aedfe8ebe91da632f46e7c9d806a722\"},\"headline\":\"Bonne ann\u00e9e\",\"datePublished\":\"2011-01-07T16:55:00+00:00\",\"mainEntityOfPage\":{\"@id\":\"https:\\\/\\\/www.micoulou-photos.com\\\/index.php\\\/2011\\\/01\\\/07\\\/bonne-annee\\\/\"},\"wordCount\":151,\"commentCount\":0,\"publisher\":{\"@id\":\"https:\\\/\\\/www.micoulou-photos.com\\\/#organization\"},\"inLanguage\":\"fr-FR\",\"potentialAction\":[{\"@type\":\"CommentAction\",\"name\":\"Comment\",\"target\":[\"https:\\\/\\\/www.micoulou-photos.com\\\/index.php\\\/2011\\\/01\\\/07\\\/bonne-annee\\\/#respond\"]}]},{\"@type\":\"WebPage\",\"@id\":\"https:\\\/\\\/www.micoulou-photos.com\\\/index.php\\\/2011\\\/01\\\/07\\\/bonne-annee\\\/\",\"url\":\"https:\\\/\\\/www.micoulou-photos.com\\\/index.php\\\/2011\\\/01\\\/07\\\/bonne-annee\\\/\",\"name\":\"Bonne ann\u00e9e - Micoulou Photographie\",\"isPartOf\":{\"@id\":\"https:\\\/\\\/www.micoulou-photos.com\\\/#website\"},\"datePublished\":\"2011-01-07T16:55:00+00:00\",\"breadcrumb\":{\"@id\":\"https:\\\/\\\/www.micoulou-photos.com\\\/index.php\\\/2011\\\/01\\\/07\\\/bonne-annee\\\/#breadcrumb\"},\"inLanguage\":\"fr-FR\",\"potentialAction\":[{\"@type\":\"ReadAction\",\"target\":[\"https:\\\/\\\/www.micoulou-photos.com\\\/index.php\\\/2011\\\/01\\\/07\\\/bonne-annee\\\/\"]}]},{\"@type\":\"BreadcrumbList\",\"@id\":\"https:\\\/\\\/www.micoulou-photos.com\\\/index.php\\\/2011\\\/01\\\/07\\\/bonne-annee\\\/#breadcrumb\",\"itemListElement\":[{\"@type\":\"ListItem\",\"position\":1,\"name\":\"Accueil\",\"item\":\"https:\\\/\\\/www.micoulou-photos.com\\\/\"},{\"@type\":\"ListItem\",\"position\":2,\"name\":\"Bonne ann\u00e9e\"}]},{\"@type\":\"WebSite\",\"@id\":\"https:\\\/\\\/www.micoulou-photos.com\\\/#website\",\"url\":\"https:\\\/\\\/www.micoulou-photos.com\\\/\",\"name\":\"Micoulou Photographie\",\"description\":\"Photographies, Visites virtuelles et formations par Mickael Minarie\",\"publisher\":{\"@id\":\"https:\\\/\\\/www.micoulou-photos.com\\\/#organization\"},\"potentialAction\":[{\"@type\":\"SearchAction\",\"target\":{\"@type\":\"EntryPoint\",\"urlTemplate\":\"https:\\\/\\\/www.micoulou-photos.com\\\/?s={search_term_string}\"},\"query-input\":{\"@type\":\"PropertyValueSpecification\",\"valueRequired\":true,\"valueName\":\"search_term_string\"}}],\"inLanguage\":\"fr-FR\"},{\"@type\":\"Organization\",\"@id\":\"https:\\\/\\\/www.micoulou-photos.com\\\/#organization\",\"name\":\"Micoulou Photographie\",\"url\":\"https:\\\/\\\/www.micoulou-photos.com\\\/\",\"logo\":{\"@type\":\"ImageObject\",\"inLanguage\":\"fr-FR\",\"@id\":\"https:\\\/\\\/www.micoulou-photos.com\\\/#\\\/schema\\\/logo\\\/image\\\/\",\"url\":\"https:\\\/\\\/i0.wp.com\\\/www.micoulou-photos.com\\\/wp-content\\\/uploads\\\/2020\\\/05\\\/cropped-891667_552097324824916_1615181552_o-1.jpg?fit=643%2C722&ssl=1\",\"contentUrl\":\"https:\\\/\\\/i0.wp.com\\\/www.micoulou-photos.com\\\/wp-content\\\/uploads\\\/2020\\\/05\\\/cropped-891667_552097324824916_1615181552_o-1.jpg?fit=643%2C722&ssl=1\",\"width\":643,\"height\":722,\"caption\":\"Micoulou Photographie\"},\"image\":{\"@id\":\"https:\\\/\\\/www.micoulou-photos.com\\\/#\\\/schema\\\/logo\\\/image\\\/\"}},{\"@type\":\"Person\",\"@id\":\"https:\\\/\\\/www.micoulou-photos.com\\\/#\\\/schema\\\/person\\\/6aedfe8ebe91da632f46e7c9d806a722\",\"name\":\"micoulou\",\"image\":{\"@type\":\"ImageObject\",\"inLanguage\":\"fr-FR\",\"@id\":\"https:\\\/\\\/secure.gravatar.com\\\/avatar\\\/98f892eb7d267eab2faa437baa3edd708deaaa43929316c0cc7b751a04cb247b?s=96&d=mm&r=g\",\"url\":\"https:\\\/\\\/secure.gravatar.com\\\/avatar\\\/98f892eb7d267eab2faa437baa3edd708deaaa43929316c0cc7b751a04cb247b?s=96&d=mm&r=g\",\"contentUrl\":\"https:\\\/\\\/secure.gravatar.com\\\/avatar\\\/98f892eb7d267eab2faa437baa3edd708deaaa43929316c0cc7b751a04cb247b?s=96&d=mm&r=g\",\"caption\":\"micoulou\"},\"url\":\"https:\\\/\\\/www.micoulou-photos.com\\\/index.php\\\/author\\\/micoulou\\\/\"}]}<\/script>\n<!-- \/ Yoast SEO plugin. -->","yoast_head_json":{"title":"Bonne ann\u00e9e - Micoulou Photographie","robots":{"index":"index","follow":"follow","max-snippet":"max-snippet:-1","max-image-preview":"max-image-preview:large","max-video-preview":"max-video-preview:-1"},"canonical":"https:\/\/www.micoulou-photos.com\/index.php\/2011\/01\/07\/bonne-annee\/","og_locale":"fr_FR","og_type":"article","og_title":"Bonne ann\u00e9e - Micoulou Photographie","og_description":"Bonne ann\u00e9e \u00e0 tous ceux qui me suivent&#8230; J&rsquo;ai re\u00e7u mon attestation d\u00e9finitive pour la Canada le 24 d\u00e9cembre (beau cadeau) juste apr\u00e8s une bonne grippe. Je dois maintenant preparer mon demenagement, mes voyages en fevrier mars&#8230; La photo est un peu laiss\u00e9 de cot\u00e9, j&rsquo;ai bien scann\u00e9 2 pelloch mais je ne retrouve plus [&hellip;]","og_url":"https:\/\/www.micoulou-photos.com\/index.php\/2011\/01\/07\/bonne-annee\/","og_site_name":"Micoulou Photographie","article_published_time":"2011-01-07T16:55:00+00:00","author":"micoulou","twitter_card":"summary_large_image","twitter_misc":{"\u00c9crit par":"micoulou","Dur\u00e9e de lecture estim\u00e9e":"1 minute"},"schema":{"@context":"https:\/\/schema.org","@graph":[{"@type":"Article","@id":"https:\/\/www.micoulou-photos.com\/index.php\/2011\/01\/07\/bonne-annee\/#article","isPartOf":{"@id":"https:\/\/www.micoulou-photos.com\/index.php\/2011\/01\/07\/bonne-annee\/"},"author":{"name":"micoulou","@id":"https:\/\/www.micoulou-photos.com\/#\/schema\/person\/6aedfe8ebe91da632f46e7c9d806a722"},"headline":"Bonne ann\u00e9e","datePublished":"2011-01-07T16:55:00+00:00","mainEntityOfPage":{"@id":"https:\/\/www.micoulou-photos.com\/index.php\/2011\/01\/07\/bonne-annee\/"},"wordCount":151,"commentCount":0,"publisher":{"@id":"https:\/\/www.micoulou-photos.com\/#organization"},"inLanguage":"fr-FR","potentialAction":[{"@type":"CommentAction","name":"Comment","target":["https:\/\/www.micoulou-photos.com\/index.php\/2011\/01\/07\/bonne-annee\/#respond"]}]},{"@type":"WebPage","@id":"https:\/\/www.micoulou-photos.com\/index.php\/2011\/01\/07\/bonne-annee\/","url":"https:\/\/www.micoulou-photos.com\/index.php\/2011\/01\/07\/bonne-annee\/","name":"Bonne ann\u00e9e - Micoulou Photographie","isPartOf":{"@id":"https:\/\/www.micoulou-photos.com\/#website"},"datePublished":"2011-01-07T16:55:00+00:00","breadcrumb":{"@id":"https:\/\/www.micoulou-photos.com\/index.php\/2011\/01\/07\/bonne-annee\/#breadcrumb"},"inLanguage":"fr-FR","potentialAction":[{"@type":"ReadAction","target":["https:\/\/www.micoulou-photos.com\/index.php\/2011\/01\/07\/bonne-annee\/"]}]},{"@type":"BreadcrumbList","@id":"https:\/\/www.micoulou-photos.com\/index.php\/2011\/01\/07\/bonne-annee\/#breadcrumb","itemListElement":[{"@type":"ListItem","position":1,"name":"Accueil","item":"https:\/\/www.micoulou-photos.com\/"},{"@type":"ListItem","position":2,"name":"Bonne ann\u00e9e"}]},{"@type":"WebSite","@id":"https:\/\/www.micoulou-photos.com\/#website","url":"https:\/\/www.micoulou-photos.com\/","name":"Micoulou Photographie","description":"Photographies, Visites virtuelles et formations par Mickael Minarie","publisher":{"@id":"https:\/\/www.micoulou-photos.com\/#organization"},"potentialAction":[{"@type":"SearchAction","target":{"@type":"EntryPoint","urlTemplate":"https:\/\/www.micoulou-photos.com\/?s={search_term_string}"},"query-input":{"@type":"PropertyValueSpecification","valueRequired":true,"valueName":"search_term_string"}}],"inLanguage":"fr-FR"},{"@type":"Organization","@id":"https:\/\/www.micoulou-photos.com\/#organization","name":"Micoulou Photographie","url":"https:\/\/www.micoulou-photos.com\/","logo":{"@type":"ImageObject","inLanguage":"fr-FR","@id":"https:\/\/www.micoulou-photos.com\/#\/schema\/logo\/image\/","url":"https:\/\/i0.wp.com\/www.micoulou-photos.com\/wp-content\/uploads\/2020\/05\/cropped-891667_552097324824916_1615181552_o-1.jpg?fit=643%2C722&ssl=1","contentUrl":"https:\/\/i0.wp.com\/www.micoulou-photos.com\/wp-content\/uploads\/2020\/05\/cropped-891667_552097324824916_1615181552_o-1.jpg?fit=643%2C722&ssl=1","width":643,"height":722,"caption":"Micoulou Photographie"},"image":{"@id":"https:\/\/www.micoulou-photos.com\/#\/schema\/logo\/image\/"}},{"@type":"Person","@id":"https:\/\/www.micoulou-photos.com\/#\/schema\/person\/6aedfe8ebe91da632f46e7c9d806a722","name":"micoulou","image":{"@type":"ImageObject","inLanguage":"fr-FR","@id":"https:\/\/secure.gravatar.com\/avatar\/98f892eb7d267eab2faa437baa3edd708deaaa43929316c0cc7b751a04cb247b?s=96&d=mm&r=g","url":"https:\/\/secure.gravatar.com\/avatar\/98f892eb7d267eab2faa437baa3edd708deaaa43929316c0cc7b751a04cb247b?s=96&d=mm&r=g","contentUrl":"https:\/\/secure.gravatar.com\/avatar\/98f892eb7d267eab2faa437baa3edd708deaaa43929316c0cc7b751a04cb247b?s=96&d=mm&r=g","caption":"micoulou"},"url":"https:\/\/www.micoulou-photos.com\/index.php\/author\/micoulou\/"}]}},"jetpack_publicize_connections":[],"jetpack_featured_media_url":"","jetpack_sharing_enabled":true,"jetpack_shortlink":"https:\/\/wp.me\/p7zKF4-3z","jetpack-related-posts":[{"id":155,"url":"https:\/\/www.micoulou-photos.com\/index.php\/2011\/10\/05\/retour-au-canada\/","url_meta":{"origin":221,"position":0},"title":"Retour au Canada","author":"micoulou","date":"5 octobre 2011","format":false,"excerpt":"Me voil\u00e0 de retour, apr\u00e8s un mois sans message...je suis donc revenu en France pendant 3 semaines, pour faire les photos du mariage d'un de mes amis, revoir mes amis et la famille... Cel\u00e0 fait bizarre de les revoir et de devoir repartir si vite...J'ai donc pass\u00e9 quelques jours en\u2026","rel":"","context":"Dans &quot;Non class\u00e9&quot;","block_context":{"text":"Non class\u00e9","link":"https:\/\/www.micoulou-photos.com\/index.php\/category\/non-classe\/"},"img":{"alt_text":"","src":"https:\/\/i0.wp.com\/2.bp.blogspot.com\/-XK-aeeIkXkU\/Tn8W4XhjRZI\/AAAAAAAAodk\/HKIi_JuUX9Q\/s320\/CRW_6749.jpg?resize=350%2C200","width":350,"height":200},"classes":[]},{"id":172,"url":"https:\/\/www.micoulou-photos.com\/index.php\/2011\/07\/02\/coucou-depuis-sacramento\/","url_meta":{"origin":221,"position":1},"title":"coucou depuis Sacramento&#8230;","author":"micoulou","date":"2 juillet 2011","format":false,"excerpt":"Un petit coucou depuis le starbuck de la gare de sacramento en Californie o\u00f9 je me prend un Th\u00e9 Chai et une banane (il y a des oeufs dans toutes les patisseries...). Je vais faire un tour pour visiter la ville.Apparement, mon train pour chicago aura 1h30 de retard, bon\u2026","rel":"","context":"Dans &quot;Non class\u00e9&quot;","block_context":{"text":"Non class\u00e9","link":"https:\/\/www.micoulou-photos.com\/index.php\/category\/non-classe\/"},"img":{"alt_text":"","src":"","width":0,"height":0},"classes":[]},{"id":157,"url":"https:\/\/www.micoulou-photos.com\/index.php\/2011\/09\/06\/nouvelles-7\/","url_meta":{"origin":221,"position":2},"title":"nouvelles","author":"micoulou","date":"6 septembre 2011","format":false,"excerpt":"Bonjour,Voil\u00e0, l'aventure se termine, enfin pas completement mais en partie... Je ne bouge plus pour quelques mois... Dans l'immediat, je recherche un emploi, je ne peux donc pas vraiment savoir comment va se passer la suite mais ce fut une tr\u00e8s bonne experience...Bon, il faudra que je vous parle des\u2026","rel":"","context":"Dans &quot;Non class\u00e9&quot;","block_context":{"text":"Non class\u00e9","link":"https:\/\/www.micoulou-photos.com\/index.php\/category\/non-classe\/"},"img":{"alt_text":"","src":"","width":0,"height":0},"classes":[]},{"id":150,"url":"https:\/\/www.micoulou-photos.com\/index.php\/2011\/10\/10\/courge-squash\/","url_meta":{"origin":221,"position":3},"title":"Courge \/ Squash","author":"micoulou","date":"10 octobre 2011","format":false,"excerpt":"Je suis toujours au Canada, donc on revient un peu sur le voyage : comme vous le savez, j'ai travaill\u00e9 en mai dans un champ de courge... Et j'ai gout\u00e9 les courges spaghetti en juin, mais il y en a plein d'autre ici au canada... J'ai donc \u00e9t\u00e9 au march\u00e9\u2026","rel":"","context":"Dans &quot;Non class\u00e9&quot;","block_context":{"text":"Non class\u00e9","link":"https:\/\/www.micoulou-photos.com\/index.php\/category\/non-classe\/"},"img":{"alt_text":"","src":"https:\/\/i0.wp.com\/3.bp.blogspot.com\/-jkK4YH4meHg\/TpJqKJhPz7I\/AAAAAAAAoxE\/OigNyTK9vTQ\/s320\/IMGP5798.jpg?resize=350%2C200","width":350,"height":200},"classes":[]},{"id":226,"url":"https:\/\/www.micoulou-photos.com\/index.php\/2010\/11\/24\/du-changement-pour-une-nouvelle-vie\/","url_meta":{"origin":221,"position":4},"title":"Du changement pour une nouvelle vie","author":"micoulou","date":"24 novembre 2010","format":false,"excerpt":"Voil\u00e0, je suis a moins d'une semaine de ma d\u00e9mission, donc pour partir fin janvier...Partir o\u00f9 vous allez me demander ? Ben, d\u00e9j\u00e0 1 mois en vacances, et ensuite je partirais chercher du boulot au Canada, pour combien de temps, je ne sais pas. Mon permis de voyage est valable\u2026","rel":"","context":"Dans &quot;Non class\u00e9&quot;","block_context":{"text":"Non class\u00e9","link":"https:\/\/www.micoulou-photos.com\/index.php\/category\/non-classe\/"},"img":{"alt_text":"","src":"","width":0,"height":0},"classes":[]},{"id":224,"url":"https:\/\/www.micoulou-photos.com\/index.php\/2010\/12\/12\/canada\/","url_meta":{"origin":221,"position":5},"title":"Canada.","author":"micoulou","date":"12 d\u00e9cembre 2010","format":false,"excerpt":"Quelques nouvelles du Canada :Je dois finalement passer une visite m\u00e9dicale demain, elle n'etait pas pr\u00e9vu mais en discutant avec du monde, certains personnes doivent, au hasard la passer pour principalement verifier nos dependences au drogues... Le stress est donc enfin descendu, de toute fa\u00e7on verdict demain.La pr\u00e9paration mentale avance,\u2026","rel":"","context":"Dans &quot;Canada&quot;","block_context":{"text":"Canada","link":"https:\/\/www.micoulou-photos.com\/index.php\/category\/canada\/"},"img":{"alt_text":"","src":"","width":0,"height":0},"classes":[]}],"_links":{"self":[{"href":"https:\/\/www.micoulou-photos.com\/index.php\/wp-json\/wp\/v2\/posts\/221","targetHints":{"allow":["GET"]}}],"collection":[{"href":"https:\/\/www.micoulou-photos.com\/index.php\/wp-json\/wp\/v2\/posts"}],"about":[{"href":"https:\/\/www.micoulou-photos.com\/index.php\/wp-json\/wp\/v2\/types\/post"}],"author":[{"embeddable":true,"href":"https:\/\/www.micoulou-photos.com\/index.php\/wp-json\/wp\/v2\/users\/1"}],"replies":[{"embeddable":true,"href":"https:\/\/www.micoulou-photos.com\/index.php\/wp-json\/wp\/v2\/comments?post=221"}],"version-history":[{"count":0,"href":"https:\/\/www.micoulou-photos.com\/index.php\/wp-json\/wp\/v2\/posts\/221\/revisions"}],"wp:attachment":[{"href":"https:\/\/www.micoulou-photos.com\/index.php\/wp-json\/wp\/v2\/media?parent=221"}],"wp:term":[{"taxonomy":"category","embeddable":true,"href":"https:\/\/www.micoulou-photos.com\/index.php\/wp-json\/wp\/v2\/categories?post=221"},{"taxonomy":"post_tag","embeddable":true,"href":"https:\/\/www.micoulou-photos.com\/index.php\/wp-json\/wp\/v2\/tags?post=221"}],"curies":[{"name":"wp","href":"https:\/\/api.w.org\/{rel}","templated":true}]}}