{"id":220,"date":"2011-02-25T23:27:00","date_gmt":"2011-02-25T22:27:00","guid":{"rendered":"http:\/\/micoulou.info\/wp\/index.php\/2011\/02\/25\/nouveaux-traitements-et-nouvelles-de-mon-voyage\/"},"modified":"2011-02-25T23:27:00","modified_gmt":"2011-02-25T22:27:00","slug":"nouveaux-traitements-et-nouvelles-de-mon-voyage","status":"publish","type":"post","link":"https:\/\/www.micoulou-photos.com\/index.php\/2011\/02\/25\/nouveaux-traitements-et-nouvelles-de-mon-voyage\/","title":{"rendered":"nouveaux traitements et nouvelles de mon voyage&#8230;"},"content":{"rendered":"<p>Coucou \u00e0 tous les suiveurs de ce blog,<\/p>\n<p>Je voulais depuis quelques temps faire de nouveau post, mais des soucis de PC, puis de macbook (je delaisse le PC, vu qu&rsquo;il va etre vendu prochainement, je ne l&rsquo;ai pas reinstall\u00e9, je ne garde que le macbook pour partir au Canada).<br \/>J&rsquo;ai retrait\u00e9 quelques images de l&rsquo;\u00c9cosse, d&rsquo;autres attendent sur ma biblioth\u00e8que lightroom&#8230; Celles qui sont publiques sont dispos <a href=\"http:\/\/www.fousdereflex.com\/viewtopic.php?p=833979#p833979\">ici<\/a> et <a href=\"http:\/\/www.fousdereflex.com\/viewtopic.php?p=834064#p834064\">ici<\/a>.<br \/>Pour le Canada, je pense finalement partir au moins 3 mois en Colombie britannique, faires divers boulot agricoles, du woofing et des photos&#8230; <br \/>A partir du mois de septembre, je prendrais ma d\u00e9cision sur ce que je ferais dans le futur, pour le moment, j&rsquo;attends de faire les diff\u00e9rentes exp\u00e9riences et voir ce qui me convient le mieux.<br \/>Voil\u00e0 pour les nouvelles, de nouvelles photos arriveront, avec une explications de mes nouveaux traitements.<\/p>\n","protected":false},"excerpt":{"rendered":"<p>Coucou \u00e0 tous les suiveurs de ce blog, Je voulais depuis quelques temps faire de nouveau post, mais des soucis de PC, puis de macbook (je delaisse le PC, vu qu&rsquo;il va etre vendu prochainement, je ne l&rsquo;ai pas reinstall\u00e9, je ne garde que le macbook pour partir au Canada).J&rsquo;ai retrait\u00e9 quelques images de l&rsquo;\u00c9cosse, [&hellip;]<\/p>\n","protected":false},"author":1,"featured_media":0,"comment_status":"open","ping_status":"open","sticky":false,"template":"","format":"standard","meta":{"jetpack_post_was_ever_published":false,"_jetpack_newsletter_access":"","_jetpack_dont_email_post_to_subs":false,"_jetpack_newsletter_tier_id":0,"_jetpack_memberships_contains_paywalled_content":false,"_jetpack_memberships_contains_paid_content":false,"footnotes":"","jetpack_publicize_message":"","jetpack_publicize_feature_enabled":true,"jetpack_social_post_already_shared":false,"jetpack_social_options":{"image_generator_settings":{"template":"highway","default_image_id":0,"font":"","enabled":false},"version":2}},"categories":[1],"tags":[],"class_list":["post-220","post","type-post","status-publish","format-standard","hentry","category-non-classe"],"yoast_head":"<!-- This site is optimized with the Yoast SEO plugin v27.5 - https:\/\/yoast.com\/product\/yoast-seo-wordpress\/ -->\n<title>nouveaux traitements et nouvelles de mon voyage... - Micoulou Photographie<\/title>\n<meta name=\"robots\" content=\"index, follow, max-snippet:-1, max-image-preview:large, max-video-preview:-1\" \/>\n<link rel=\"canonical\" href=\"https:\/\/www.micoulou-photos.com\/index.php\/2011\/02\/25\/nouveaux-traitements-et-nouvelles-de-mon-voyage\/\" \/>\n<meta property=\"og:locale\" content=\"fr_FR\" \/>\n<meta property=\"og:type\" content=\"article\" \/>\n<meta property=\"og:title\" content=\"nouveaux traitements et nouvelles de mon voyage... - Micoulou Photographie\" \/>\n<meta property=\"og:description\" content=\"Coucou \u00e0 tous les suiveurs de ce blog, Je voulais depuis quelques temps faire de nouveau post, mais des soucis de PC, puis de macbook (je delaisse le PC, vu qu&rsquo;il va etre vendu prochainement, je ne l&rsquo;ai pas reinstall\u00e9, je ne garde que le macbook pour partir au Canada).J&rsquo;ai retrait\u00e9 quelques images de l&rsquo;\u00c9cosse, [&hellip;]\" \/>\n<meta property=\"og:url\" content=\"https:\/\/www.micoulou-photos.com\/index.php\/2011\/02\/25\/nouveaux-traitements-et-nouvelles-de-mon-voyage\/\" \/>\n<meta property=\"og:site_name\" content=\"Micoulou Photographie\" \/>\n<meta property=\"article:published_time\" content=\"2011-02-25T22:27:00+00:00\" \/>\n<meta name=\"author\" content=\"micoulou\" \/>\n<meta name=\"twitter:card\" content=\"summary_large_image\" \/>\n<meta name=\"twitter:label1\" content=\"\u00c9crit par\" \/>\n\t<meta name=\"twitter:data1\" content=\"micoulou\" \/>\n\t<meta name=\"twitter:label2\" content=\"Dur\u00e9e de lecture estim\u00e9e\" \/>\n\t<meta name=\"twitter:data2\" content=\"1 minute\" \/>\n<script type=\"application\/ld+json\" class=\"yoast-schema-graph\">{\"@context\":\"https:\\\/\\\/schema.org\",\"@graph\":[{\"@type\":\"Article\",\"@id\":\"https:\\\/\\\/www.micoulou-photos.com\\\/index.php\\\/2011\\\/02\\\/25\\\/nouveaux-traitements-et-nouvelles-de-mon-voyage\\\/#article\",\"isPartOf\":{\"@id\":\"https:\\\/\\\/www.micoulou-photos.com\\\/index.php\\\/2011\\\/02\\\/25\\\/nouveaux-traitements-et-nouvelles-de-mon-voyage\\\/\"},\"author\":{\"name\":\"micoulou\",\"@id\":\"https:\\\/\\\/www.micoulou-photos.com\\\/#\\\/schema\\\/person\\\/6aedfe8ebe91da632f46e7c9d806a722\"},\"headline\":\"nouveaux traitements et nouvelles de mon voyage&#8230;\",\"datePublished\":\"2011-02-25T22:27:00+00:00\",\"mainEntityOfPage\":{\"@id\":\"https:\\\/\\\/www.micoulou-photos.com\\\/index.php\\\/2011\\\/02\\\/25\\\/nouveaux-traitements-et-nouvelles-de-mon-voyage\\\/\"},\"wordCount\":159,\"commentCount\":0,\"publisher\":{\"@id\":\"https:\\\/\\\/www.micoulou-photos.com\\\/#organization\"},\"inLanguage\":\"fr-FR\",\"potentialAction\":[{\"@type\":\"CommentAction\",\"name\":\"Comment\",\"target\":[\"https:\\\/\\\/www.micoulou-photos.com\\\/index.php\\\/2011\\\/02\\\/25\\\/nouveaux-traitements-et-nouvelles-de-mon-voyage\\\/#respond\"]}]},{\"@type\":\"WebPage\",\"@id\":\"https:\\\/\\\/www.micoulou-photos.com\\\/index.php\\\/2011\\\/02\\\/25\\\/nouveaux-traitements-et-nouvelles-de-mon-voyage\\\/\",\"url\":\"https:\\\/\\\/www.micoulou-photos.com\\\/index.php\\\/2011\\\/02\\\/25\\\/nouveaux-traitements-et-nouvelles-de-mon-voyage\\\/\",\"name\":\"nouveaux traitements et nouvelles de mon voyage... - Micoulou Photographie\",\"isPartOf\":{\"@id\":\"https:\\\/\\\/www.micoulou-photos.com\\\/#website\"},\"datePublished\":\"2011-02-25T22:27:00+00:00\",\"breadcrumb\":{\"@id\":\"https:\\\/\\\/www.micoulou-photos.com\\\/index.php\\\/2011\\\/02\\\/25\\\/nouveaux-traitements-et-nouvelles-de-mon-voyage\\\/#breadcrumb\"},\"inLanguage\":\"fr-FR\",\"potentialAction\":[{\"@type\":\"ReadAction\",\"target\":[\"https:\\\/\\\/www.micoulou-photos.com\\\/index.php\\\/2011\\\/02\\\/25\\\/nouveaux-traitements-et-nouvelles-de-mon-voyage\\\/\"]}]},{\"@type\":\"BreadcrumbList\",\"@id\":\"https:\\\/\\\/www.micoulou-photos.com\\\/index.php\\\/2011\\\/02\\\/25\\\/nouveaux-traitements-et-nouvelles-de-mon-voyage\\\/#breadcrumb\",\"itemListElement\":[{\"@type\":\"ListItem\",\"position\":1,\"name\":\"Accueil\",\"item\":\"https:\\\/\\\/www.micoulou-photos.com\\\/\"},{\"@type\":\"ListItem\",\"position\":2,\"name\":\"nouveaux traitements et nouvelles de mon voyage&#8230;\"}]},{\"@type\":\"WebSite\",\"@id\":\"https:\\\/\\\/www.micoulou-photos.com\\\/#website\",\"url\":\"https:\\\/\\\/www.micoulou-photos.com\\\/\",\"name\":\"Micoulou Photographie\",\"description\":\"Photographies, Visites virtuelles et formations par Mickael Minarie\",\"publisher\":{\"@id\":\"https:\\\/\\\/www.micoulou-photos.com\\\/#organization\"},\"potentialAction\":[{\"@type\":\"SearchAction\",\"target\":{\"@type\":\"EntryPoint\",\"urlTemplate\":\"https:\\\/\\\/www.micoulou-photos.com\\\/?s={search_term_string}\"},\"query-input\":{\"@type\":\"PropertyValueSpecification\",\"valueRequired\":true,\"valueName\":\"search_term_string\"}}],\"inLanguage\":\"fr-FR\"},{\"@type\":\"Organization\",\"@id\":\"https:\\\/\\\/www.micoulou-photos.com\\\/#organization\",\"name\":\"Micoulou Photographie\",\"url\":\"https:\\\/\\\/www.micoulou-photos.com\\\/\",\"logo\":{\"@type\":\"ImageObject\",\"inLanguage\":\"fr-FR\",\"@id\":\"https:\\\/\\\/www.micoulou-photos.com\\\/#\\\/schema\\\/logo\\\/image\\\/\",\"url\":\"https:\\\/\\\/i0.wp.com\\\/www.micoulou-photos.com\\\/wp-content\\\/uploads\\\/2020\\\/05\\\/cropped-891667_552097324824916_1615181552_o-1.jpg?fit=643%2C722&ssl=1\",\"contentUrl\":\"https:\\\/\\\/i0.wp.com\\\/www.micoulou-photos.com\\\/wp-content\\\/uploads\\\/2020\\\/05\\\/cropped-891667_552097324824916_1615181552_o-1.jpg?fit=643%2C722&ssl=1\",\"width\":643,\"height\":722,\"caption\":\"Micoulou Photographie\"},\"image\":{\"@id\":\"https:\\\/\\\/www.micoulou-photos.com\\\/#\\\/schema\\\/logo\\\/image\\\/\"}},{\"@type\":\"Person\",\"@id\":\"https:\\\/\\\/www.micoulou-photos.com\\\/#\\\/schema\\\/person\\\/6aedfe8ebe91da632f46e7c9d806a722\",\"name\":\"micoulou\",\"image\":{\"@type\":\"ImageObject\",\"inLanguage\":\"fr-FR\",\"@id\":\"https:\\\/\\\/secure.gravatar.com\\\/avatar\\\/98f892eb7d267eab2faa437baa3edd708deaaa43929316c0cc7b751a04cb247b?s=96&d=mm&r=g\",\"url\":\"https:\\\/\\\/secure.gravatar.com\\\/avatar\\\/98f892eb7d267eab2faa437baa3edd708deaaa43929316c0cc7b751a04cb247b?s=96&d=mm&r=g\",\"contentUrl\":\"https:\\\/\\\/secure.gravatar.com\\\/avatar\\\/98f892eb7d267eab2faa437baa3edd708deaaa43929316c0cc7b751a04cb247b?s=96&d=mm&r=g\",\"caption\":\"micoulou\"},\"url\":\"https:\\\/\\\/www.micoulou-photos.com\\\/index.php\\\/author\\\/micoulou\\\/\"}]}<\/script>\n<!-- \/ Yoast SEO plugin. -->","yoast_head_json":{"title":"nouveaux traitements et nouvelles de mon voyage... - Micoulou Photographie","robots":{"index":"index","follow":"follow","max-snippet":"max-snippet:-1","max-image-preview":"max-image-preview:large","max-video-preview":"max-video-preview:-1"},"canonical":"https:\/\/www.micoulou-photos.com\/index.php\/2011\/02\/25\/nouveaux-traitements-et-nouvelles-de-mon-voyage\/","og_locale":"fr_FR","og_type":"article","og_title":"nouveaux traitements et nouvelles de mon voyage... - Micoulou Photographie","og_description":"Coucou \u00e0 tous les suiveurs de ce blog, Je voulais depuis quelques temps faire de nouveau post, mais des soucis de PC, puis de macbook (je delaisse le PC, vu qu&rsquo;il va etre vendu prochainement, je ne l&rsquo;ai pas reinstall\u00e9, je ne garde que le macbook pour partir au Canada).J&rsquo;ai retrait\u00e9 quelques images de l&rsquo;\u00c9cosse, [&hellip;]","og_url":"https:\/\/www.micoulou-photos.com\/index.php\/2011\/02\/25\/nouveaux-traitements-et-nouvelles-de-mon-voyage\/","og_site_name":"Micoulou Photographie","article_published_time":"2011-02-25T22:27:00+00:00","author":"micoulou","twitter_card":"summary_large_image","twitter_misc":{"\u00c9crit par":"micoulou","Dur\u00e9e de lecture estim\u00e9e":"1 minute"},"schema":{"@context":"https:\/\/schema.org","@graph":[{"@type":"Article","@id":"https:\/\/www.micoulou-photos.com\/index.php\/2011\/02\/25\/nouveaux-traitements-et-nouvelles-de-mon-voyage\/#article","isPartOf":{"@id":"https:\/\/www.micoulou-photos.com\/index.php\/2011\/02\/25\/nouveaux-traitements-et-nouvelles-de-mon-voyage\/"},"author":{"name":"micoulou","@id":"https:\/\/www.micoulou-photos.com\/#\/schema\/person\/6aedfe8ebe91da632f46e7c9d806a722"},"headline":"nouveaux traitements et nouvelles de mon voyage&#8230;","datePublished":"2011-02-25T22:27:00+00:00","mainEntityOfPage":{"@id":"https:\/\/www.micoulou-photos.com\/index.php\/2011\/02\/25\/nouveaux-traitements-et-nouvelles-de-mon-voyage\/"},"wordCount":159,"commentCount":0,"publisher":{"@id":"https:\/\/www.micoulou-photos.com\/#organization"},"inLanguage":"fr-FR","potentialAction":[{"@type":"CommentAction","name":"Comment","target":["https:\/\/www.micoulou-photos.com\/index.php\/2011\/02\/25\/nouveaux-traitements-et-nouvelles-de-mon-voyage\/#respond"]}]},{"@type":"WebPage","@id":"https:\/\/www.micoulou-photos.com\/index.php\/2011\/02\/25\/nouveaux-traitements-et-nouvelles-de-mon-voyage\/","url":"https:\/\/www.micoulou-photos.com\/index.php\/2011\/02\/25\/nouveaux-traitements-et-nouvelles-de-mon-voyage\/","name":"nouveaux traitements et nouvelles de mon voyage... - Micoulou Photographie","isPartOf":{"@id":"https:\/\/www.micoulou-photos.com\/#website"},"datePublished":"2011-02-25T22:27:00+00:00","breadcrumb":{"@id":"https:\/\/www.micoulou-photos.com\/index.php\/2011\/02\/25\/nouveaux-traitements-et-nouvelles-de-mon-voyage\/#breadcrumb"},"inLanguage":"fr-FR","potentialAction":[{"@type":"ReadAction","target":["https:\/\/www.micoulou-photos.com\/index.php\/2011\/02\/25\/nouveaux-traitements-et-nouvelles-de-mon-voyage\/"]}]},{"@type":"BreadcrumbList","@id":"https:\/\/www.micoulou-photos.com\/index.php\/2011\/02\/25\/nouveaux-traitements-et-nouvelles-de-mon-voyage\/#breadcrumb","itemListElement":[{"@type":"ListItem","position":1,"name":"Accueil","item":"https:\/\/www.micoulou-photos.com\/"},{"@type":"ListItem","position":2,"name":"nouveaux traitements et nouvelles de mon voyage&#8230;"}]},{"@type":"WebSite","@id":"https:\/\/www.micoulou-photos.com\/#website","url":"https:\/\/www.micoulou-photos.com\/","name":"Micoulou Photographie","description":"Photographies, Visites virtuelles et formations par Mickael Minarie","publisher":{"@id":"https:\/\/www.micoulou-photos.com\/#organization"},"potentialAction":[{"@type":"SearchAction","target":{"@type":"EntryPoint","urlTemplate":"https:\/\/www.micoulou-photos.com\/?s={search_term_string}"},"query-input":{"@type":"PropertyValueSpecification","valueRequired":true,"valueName":"search_term_string"}}],"inLanguage":"fr-FR"},{"@type":"Organization","@id":"https:\/\/www.micoulou-photos.com\/#organization","name":"Micoulou Photographie","url":"https:\/\/www.micoulou-photos.com\/","logo":{"@type":"ImageObject","inLanguage":"fr-FR","@id":"https:\/\/www.micoulou-photos.com\/#\/schema\/logo\/image\/","url":"https:\/\/i0.wp.com\/www.micoulou-photos.com\/wp-content\/uploads\/2020\/05\/cropped-891667_552097324824916_1615181552_o-1.jpg?fit=643%2C722&ssl=1","contentUrl":"https:\/\/i0.wp.com\/www.micoulou-photos.com\/wp-content\/uploads\/2020\/05\/cropped-891667_552097324824916_1615181552_o-1.jpg?fit=643%2C722&ssl=1","width":643,"height":722,"caption":"Micoulou Photographie"},"image":{"@id":"https:\/\/www.micoulou-photos.com\/#\/schema\/logo\/image\/"}},{"@type":"Person","@id":"https:\/\/www.micoulou-photos.com\/#\/schema\/person\/6aedfe8ebe91da632f46e7c9d806a722","name":"micoulou","image":{"@type":"ImageObject","inLanguage":"fr-FR","@id":"https:\/\/secure.gravatar.com\/avatar\/98f892eb7d267eab2faa437baa3edd708deaaa43929316c0cc7b751a04cb247b?s=96&d=mm&r=g","url":"https:\/\/secure.gravatar.com\/avatar\/98f892eb7d267eab2faa437baa3edd708deaaa43929316c0cc7b751a04cb247b?s=96&d=mm&r=g","contentUrl":"https:\/\/secure.gravatar.com\/avatar\/98f892eb7d267eab2faa437baa3edd708deaaa43929316c0cc7b751a04cb247b?s=96&d=mm&r=g","caption":"micoulou"},"url":"https:\/\/www.micoulou-photos.com\/index.php\/author\/micoulou\/"}]}},"jetpack_publicize_connections":[],"jetpack_featured_media_url":"","jetpack_sharing_enabled":true,"jetpack_shortlink":"https:\/\/wp.me\/p7zKF4-3y","jetpack-related-posts":[{"id":80,"url":"https:\/\/www.micoulou-photos.com\/index.php\/2012\/12\/11\/bernes-suite\/","url_meta":{"origin":220,"position":0},"title":"Bernes, suite","author":"micoulou","date":"11 d\u00e9cembre 2012","format":false,"excerpt":"Un petit message rapide pour poster quelques \"vieilles\" photos de Berne prise en septembre avec mon vieux R1. Le tout trait\u00e9 avec Photivo sur un mauvais ecran (j'ai enfin r\u00e9cup\u00e9rer un vieux Macbook pro, moins puissant(Early 2008 : Core 2 Duo 2.4 contre i7qm sur l'ASUS) mais avec un bien\u2026","rel":"","context":"Dans &quot;Non class\u00e9&quot;","block_context":{"text":"Non class\u00e9","link":"https:\/\/www.micoulou-photos.com\/index.php\/category\/non-classe\/"},"img":{"alt_text":"","src":"https:\/\/i0.wp.com\/2.bp.blogspot.com\/-yhJGN3XG7NQ\/UIwnVonhWeI\/AAAAAAAA4ms\/qmujVHpgOgo\/s320\/DSC06112-Modifier.jpg?resize=350%2C200","width":350,"height":200},"classes":[]},{"id":134,"url":"https:\/\/www.micoulou-photos.com\/index.php\/2012\/01\/16\/test-de-lightroom-4\/","url_meta":{"origin":220,"position":1},"title":"Test de Lightroom 4","author":"micoulou","date":"16 janvier 2012","format":false,"excerpt":"Suite a des soucis techniques avec mon macbook, j'ai donc pris un macmini pour le remplacer. N'ayant pas les finances pour celui que je voulais au depart, j'ai donc achet\u00e9 celui de base (core i5 2.3, 2go RAM CG integr\u00e9) et c'est aussi une occasion pour tenter la nouvelle version\u2026","rel":"","context":"Dans &quot;Non class\u00e9&quot;","block_context":{"text":"Non class\u00e9","link":"https:\/\/www.micoulou-photos.com\/index.php\/category\/non-classe\/"},"img":{"alt_text":"","src":"https:\/\/i0.wp.com\/2.bp.blogspot.com\/-00jd9EdispU\/TxORCLLYEsI\/AAAAAAAAqhM\/oZDhKAeOBx8\/s320\/Capture%2Bd%25E2%2580%2599e%25CC%2581cran%2B2012-01-15%2Ba%25CC%2580%2B21.42.49.png?resize=350%2C200","width":350,"height":200},"classes":[]},{"id":84,"url":"https:\/\/www.micoulou-photos.com\/index.php\/2012\/10\/31\/one-month-of-woofing\/","url_meta":{"origin":220,"position":2},"title":"one month of woofing","author":"micoulou","date":"31 octobre 2012","format":false,"excerpt":"Cela fait un peu plus d'un an... Un moi \u00e0 sleeping lady farm en colombie britannique, en tant que \"helper\"...J'ai donc remasteris\u00e9 tous \u00e7a, avant de faire du menage dans mes rushs, exporter une version HD, essayer de corriger 2-3 petits trucs... Avec un macbook pro un peu plus rapide\u2026","rel":"","context":"Dans &quot;Non class\u00e9&quot;","block_context":{"text":"Non class\u00e9","link":"https:\/\/www.micoulou-photos.com\/index.php\/category\/non-classe\/"},"img":{"alt_text":"","src":"","width":0,"height":0},"classes":[]},{"id":3419,"url":"https:\/\/www.micoulou-photos.com\/index.php\/2017\/06\/29\/enferme\/","url_meta":{"origin":220,"position":3},"title":"Enferm\u00e9 dans le carr\u00e9","author":"micoulou","date":"29 juin 2017","format":false,"excerpt":"Apr\u00e8s ce petit article sur les kerterres, construction ronde, plein d'espoir... Voici un autre article, plus noir... J'ai donc fait le choix, ou l'erreur de retourner un peu en ville, pendant 3 mois, pour pouvoir avoir le budget de r\u00e9aliser mes projets et de ne plus jamais d\u00e9pendre d'un boulot\u2026","rel":"","context":"Dans &quot;voyage&quot;","block_context":{"text":"voyage","link":"https:\/\/www.micoulou-photos.com\/index.php\/category\/voyage\/"},"img":{"alt_text":"","src":"https:\/\/i0.wp.com\/www.micoulou-photos.com\/wp-content\/uploads\/2017\/06\/DSC01618.jpg?fit=1200%2C673&ssl=1&resize=350%2C200","width":350,"height":200,"srcset":"https:\/\/i0.wp.com\/www.micoulou-photos.com\/wp-content\/uploads\/2017\/06\/DSC01618.jpg?fit=1200%2C673&ssl=1&resize=350%2C200 1x, https:\/\/i0.wp.com\/www.micoulou-photos.com\/wp-content\/uploads\/2017\/06\/DSC01618.jpg?fit=1200%2C673&ssl=1&resize=525%2C300 1.5x, https:\/\/i0.wp.com\/www.micoulou-photos.com\/wp-content\/uploads\/2017\/06\/DSC01618.jpg?fit=1200%2C673&ssl=1&resize=700%2C400 2x, https:\/\/i0.wp.com\/www.micoulou-photos.com\/wp-content\/uploads\/2017\/06\/DSC01618.jpg?fit=1200%2C673&ssl=1&resize=1050%2C600 3x"},"classes":[]},{"id":4717,"url":"https:\/\/www.micoulou-photos.com\/index.php\/2018\/08\/08\/2-jours-a-st-john\/","url_meta":{"origin":220,"position":4},"title":"2 jours \u00e1 St John","author":"micoulou","date":"8 ao\u00fbt 2018","format":false,"excerpt":"Me voila sur pied, un succulent resto vegetarien de Macau et 11h de sommeil plus tard, je commence mon exploration de St John. Premier jour, lev\u00e9 a 8h, je commence a visiter la ville. Premier passage chez Tim Horton, puis petite decouverte du centre ville... Deuxi\u00e8me chose de la joun\u00e9e,\u2026","rel":"","context":"Dans &quot;Canada&quot;","block_context":{"text":"Canada","link":"https:\/\/www.micoulou-photos.com\/index.php\/category\/canada\/"},"img":{"alt_text":"","src":"https:\/\/i0.wp.com\/www.micoulou-photos.com\/wp-content\/uploads\/2018\/08\/P6190206.jpg?fit=1200%2C675&ssl=1&resize=350%2C200","width":350,"height":200,"srcset":"https:\/\/i0.wp.com\/www.micoulou-photos.com\/wp-content\/uploads\/2018\/08\/P6190206.jpg?fit=1200%2C675&ssl=1&resize=350%2C200 1x, https:\/\/i0.wp.com\/www.micoulou-photos.com\/wp-content\/uploads\/2018\/08\/P6190206.jpg?fit=1200%2C675&ssl=1&resize=525%2C300 1.5x, https:\/\/i0.wp.com\/www.micoulou-photos.com\/wp-content\/uploads\/2018\/08\/P6190206.jpg?fit=1200%2C675&ssl=1&resize=700%2C400 2x, https:\/\/i0.wp.com\/www.micoulou-photos.com\/wp-content\/uploads\/2018\/08\/P6190206.jpg?fit=1200%2C675&ssl=1&resize=1050%2C600 3x"},"classes":[]},{"id":226,"url":"https:\/\/www.micoulou-photos.com\/index.php\/2010\/11\/24\/du-changement-pour-une-nouvelle-vie\/","url_meta":{"origin":220,"position":5},"title":"Du changement pour une nouvelle vie","author":"micoulou","date":"24 novembre 2010","format":false,"excerpt":"Voil\u00e0, je suis a moins d'une semaine de ma d\u00e9mission, donc pour partir fin janvier...Partir o\u00f9 vous allez me demander ? Ben, d\u00e9j\u00e0 1 mois en vacances, et ensuite je partirais chercher du boulot au Canada, pour combien de temps, je ne sais pas. Mon permis de voyage est valable\u2026","rel":"","context":"Dans &quot;Non class\u00e9&quot;","block_context":{"text":"Non class\u00e9","link":"https:\/\/www.micoulou-photos.com\/index.php\/category\/non-classe\/"},"img":{"alt_text":"","src":"","width":0,"height":0},"classes":[]}],"_links":{"self":[{"href":"https:\/\/www.micoulou-photos.com\/index.php\/wp-json\/wp\/v2\/posts\/220","targetHints":{"allow":["GET"]}}],"collection":[{"href":"https:\/\/www.micoulou-photos.com\/index.php\/wp-json\/wp\/v2\/posts"}],"about":[{"href":"https:\/\/www.micoulou-photos.com\/index.php\/wp-json\/wp\/v2\/types\/post"}],"author":[{"embeddable":true,"href":"https:\/\/www.micoulou-photos.com\/index.php\/wp-json\/wp\/v2\/users\/1"}],"replies":[{"embeddable":true,"href":"https:\/\/www.micoulou-photos.com\/index.php\/wp-json\/wp\/v2\/comments?post=220"}],"version-history":[{"count":0,"href":"https:\/\/www.micoulou-photos.com\/index.php\/wp-json\/wp\/v2\/posts\/220\/revisions"}],"wp:attachment":[{"href":"https:\/\/www.micoulou-photos.com\/index.php\/wp-json\/wp\/v2\/media?parent=220"}],"wp:term":[{"taxonomy":"category","embeddable":true,"href":"https:\/\/www.micoulou-photos.com\/index.php\/wp-json\/wp\/v2\/categories?post=220"},{"taxonomy":"post_tag","embeddable":true,"href":"https:\/\/www.micoulou-photos.com\/index.php\/wp-json\/wp\/v2\/tags?post=220"}],"curies":[{"name":"wp","href":"https:\/\/api.w.org\/{rel}","templated":true}]}}