{"id":2195,"date":"2016-06-24T14:44:04","date_gmt":"2016-06-24T13:44:04","guid":{"rendered":"http:\/\/micoulou.info\/wp\/?p=2195"},"modified":"2020-04-26T01:00:55","modified_gmt":"2020-04-26T00:00:55","slug":"loiret-a-lancienne","status":"publish","type":"post","link":"https:\/\/www.micoulou-photos.com\/index.php\/2016\/06\/24\/loiret-a-lancienne\/","title":{"rendered":"Loiret, \u00e0 l&rsquo;ancienne"},"content":{"rendered":"<p>Pour faire suite \u00e0 ma s\u00e9rie Voironnaise, il y a maintenant presque 2 ans, je poste une s\u00e9rie faite le week end dernier \u00e0 Orl\u00e9ans, avec le Loiret toujours assez haut&#8230;<\/p>\n<p>La s\u00e9rie est r\u00e9alis\u00e9 avec de la SVEMA 64 p\u00e9rim\u00e9 en 91, et le Fed 4.<\/p>\n<div data-carousel-extra='{&quot;blog_id&quot;:1,&quot;permalink&quot;:&quot;https:\/\/www.micoulou-photos.com\/index.php\/2016\/06\/24\/loiret-a-lancienne\/&quot;}' id='gallery-1' class='gallery galleryid-2195 gallery-columns-3 gallery-size-thumbnail'><figure class='gallery-item'>\n\t\t\t<div class='gallery-icon portrait'>\n\t\t\t\t<a href='https:\/\/www.micoulou-photos.com\/index.php\/2016\/06\/24\/loiret-a-lancienne\/scan-160622-0029\/'><img decoding=\"async\" width=\"150\" height=\"150\" src=\"https:\/\/i0.wp.com\/www.micoulou-photos.com\/wp-content\/uploads\/2016\/06\/Scan-160622-0029.jpg?resize=150%2C150&amp;ssl=1\" class=\"attachment-thumbnail size-thumbnail\" alt=\"\" aria-describedby=\"gallery-1-2197\" srcset=\"https:\/\/i0.wp.com\/www.micoulou-photos.com\/wp-content\/uploads\/2016\/06\/Scan-160622-0029.jpg?resize=150%2C150&amp;ssl=1 150w, https:\/\/i0.wp.com\/www.micoulou-photos.com\/wp-content\/uploads\/2016\/06\/Scan-160622-0029.jpg?zoom=2&amp;resize=150%2C150&amp;ssl=1 300w, https:\/\/i0.wp.com\/www.micoulou-photos.com\/wp-content\/uploads\/2016\/06\/Scan-160622-0029.jpg?zoom=3&amp;resize=150%2C150&amp;ssl=1 450w\" sizes=\"(max-width: 150px) 100vw, 150px\" data-attachment-id=\"2197\" data-permalink=\"https:\/\/www.micoulou-photos.com\/index.php\/2016\/06\/24\/loiret-a-lancienne\/scan-160622-0029\/\" data-orig-file=\"https:\/\/i0.wp.com\/www.micoulou-photos.com\/wp-content\/uploads\/2016\/06\/Scan-160622-0029.jpg?fit=826%2C1200&amp;ssl=1\" data-orig-size=\"826,1200\" data-comments-opened=\"1\" data-image-meta=\"{&quot;aperture&quot;:&quot;0&quot;,&quot;credit&quot;:&quot;&quot;,&quot;camera&quot;:&quot;Scan Dual IV&quot;,&quot;caption&quot;:&quot;&quot;,&quot;created_timestamp&quot;:&quot;0&quot;,&quot;copyright&quot;:&quot;&quot;,&quot;focal_length&quot;:&quot;0&quot;,&quot;iso&quot;:&quot;0&quot;,&quot;shutter_speed&quot;:&quot;0&quot;,&quot;title&quot;:&quot;&quot;,&quot;orientation&quot;:&quot;0&quot;}\" data-image-title=\"Scan-160622-0029\" data-image-description=\"\" data-image-caption=\"&lt;p&gt;pont du loiret&lt;\/p&gt;\n\" data-large-file=\"https:\/\/i0.wp.com\/www.micoulou-photos.com\/wp-content\/uploads\/2016\/06\/Scan-160622-0029.jpg?fit=705%2C1024&amp;ssl=1\" \/><\/a>\n\t\t\t<\/div>\n\t\t\t\t<figcaption class='wp-caption-text gallery-caption' id='gallery-1-2197'>\n\t\t\t\tpont du loiret\n\t\t\t\t<\/figcaption><\/figure><figure class='gallery-item'>\n\t\t\t<div class='gallery-icon landscape'>\n\t\t\t\t<a href='https:\/\/www.micoulou-photos.com\/index.php\/2016\/06\/24\/loiret-a-lancienne\/scan-160622-0031\/'><img decoding=\"async\" width=\"150\" height=\"150\" src=\"https:\/\/i0.wp.com\/www.micoulou-photos.com\/wp-content\/uploads\/2016\/06\/Scan-160622-0031.jpg?resize=150%2C150&amp;ssl=1\" class=\"attachment-thumbnail size-thumbnail\" alt=\"\" aria-describedby=\"gallery-1-2198\" srcset=\"https:\/\/i0.wp.com\/www.micoulou-photos.com\/wp-content\/uploads\/2016\/06\/Scan-160622-0031.jpg?resize=150%2C150&amp;ssl=1 150w, https:\/\/i0.wp.com\/www.micoulou-photos.com\/wp-content\/uploads\/2016\/06\/Scan-160622-0031.jpg?zoom=2&amp;resize=150%2C150&amp;ssl=1 300w, https:\/\/i0.wp.com\/www.micoulou-photos.com\/wp-content\/uploads\/2016\/06\/Scan-160622-0031.jpg?zoom=3&amp;resize=150%2C150&amp;ssl=1 450w\" sizes=\"(max-width: 150px) 100vw, 150px\" data-attachment-id=\"2198\" data-permalink=\"https:\/\/www.micoulou-photos.com\/index.php\/2016\/06\/24\/loiret-a-lancienne\/scan-160622-0031\/\" data-orig-file=\"https:\/\/i0.wp.com\/www.micoulou-photos.com\/wp-content\/uploads\/2016\/06\/Scan-160622-0031.jpg?fit=1200%2C757&amp;ssl=1\" data-orig-size=\"1200,757\" data-comments-opened=\"1\" data-image-meta=\"{&quot;aperture&quot;:&quot;0&quot;,&quot;credit&quot;:&quot;&quot;,&quot;camera&quot;:&quot;Scan Dual IV&quot;,&quot;caption&quot;:&quot;&quot;,&quot;created_timestamp&quot;:&quot;0&quot;,&quot;copyright&quot;:&quot;&quot;,&quot;focal_length&quot;:&quot;0&quot;,&quot;iso&quot;:&quot;0&quot;,&quot;shutter_speed&quot;:&quot;0&quot;,&quot;title&quot;:&quot;&quot;,&quot;orientation&quot;:&quot;0&quot;}\" data-image-title=\"Scan-160622-0031\" data-image-description=\"\" data-image-caption=\"&lt;p&gt;Tram d&amp;rsquo;orleans&lt;\/p&gt;\n\" data-large-file=\"https:\/\/i0.wp.com\/www.micoulou-photos.com\/wp-content\/uploads\/2016\/06\/Scan-160622-0031.jpg?fit=800%2C505&amp;ssl=1\" \/><\/a>\n\t\t\t<\/div>\n\t\t\t\t<figcaption class='wp-caption-text gallery-caption' id='gallery-1-2198'>\n\t\t\t\tTram d&rsquo;orleans\n\t\t\t\t<\/figcaption><\/figure><figure class='gallery-item'>\n\t\t\t<div class='gallery-icon landscape'>\n\t\t\t\t<a href='https:\/\/www.micoulou-photos.com\/index.php\/2016\/06\/24\/loiret-a-lancienne\/scan-160622-0032\/'><img decoding=\"async\" width=\"150\" height=\"150\" src=\"https:\/\/i0.wp.com\/www.micoulou-photos.com\/wp-content\/uploads\/2016\/06\/Scan-160622-0032.jpg?resize=150%2C150&amp;ssl=1\" class=\"attachment-thumbnail size-thumbnail\" alt=\"\" aria-describedby=\"gallery-1-2199\" srcset=\"https:\/\/i0.wp.com\/www.micoulou-photos.com\/wp-content\/uploads\/2016\/06\/Scan-160622-0032.jpg?resize=150%2C150&amp;ssl=1 150w, https:\/\/i0.wp.com\/www.micoulou-photos.com\/wp-content\/uploads\/2016\/06\/Scan-160622-0032.jpg?zoom=2&amp;resize=150%2C150&amp;ssl=1 300w, https:\/\/i0.wp.com\/www.micoulou-photos.com\/wp-content\/uploads\/2016\/06\/Scan-160622-0032.jpg?zoom=3&amp;resize=150%2C150&amp;ssl=1 450w\" sizes=\"(max-width: 150px) 100vw, 150px\" data-attachment-id=\"2199\" data-permalink=\"https:\/\/www.micoulou-photos.com\/index.php\/2016\/06\/24\/loiret-a-lancienne\/scan-160622-0032\/\" data-orig-file=\"https:\/\/i0.wp.com\/www.micoulou-photos.com\/wp-content\/uploads\/2016\/06\/Scan-160622-0032.jpg?fit=1200%2C757&amp;ssl=1\" data-orig-size=\"1200,757\" data-comments-opened=\"1\" data-image-meta=\"{&quot;aperture&quot;:&quot;0&quot;,&quot;credit&quot;:&quot;&quot;,&quot;camera&quot;:&quot;Scan Dual IV&quot;,&quot;caption&quot;:&quot;&quot;,&quot;created_timestamp&quot;:&quot;0&quot;,&quot;copyright&quot;:&quot;&quot;,&quot;focal_length&quot;:&quot;0&quot;,&quot;iso&quot;:&quot;0&quot;,&quot;shutter_speed&quot;:&quot;0&quot;,&quot;title&quot;:&quot;&quot;,&quot;orientation&quot;:&quot;0&quot;}\" data-image-title=\"Scan-160622-0032\" data-image-description=\"\" data-image-caption=\"&lt;p&gt;Le loiret, bien haut&amp;#8230;&lt;\/p&gt;\n\" data-large-file=\"https:\/\/i0.wp.com\/www.micoulou-photos.com\/wp-content\/uploads\/2016\/06\/Scan-160622-0032.jpg?fit=800%2C505&amp;ssl=1\" \/><\/a>\n\t\t\t<\/div>\n\t\t\t\t<figcaption class='wp-caption-text gallery-caption' id='gallery-1-2199'>\n\t\t\t\tLe loiret, bien haut&#8230;\n\t\t\t\t<\/figcaption><\/figure><figure class='gallery-item'>\n\t\t\t<div class='gallery-icon landscape'>\n\t\t\t\t<a href='https:\/\/www.micoulou-photos.com\/index.php\/2016\/06\/24\/loiret-a-lancienne\/scan-160622-0033\/'><img loading=\"lazy\" decoding=\"async\" width=\"150\" height=\"150\" src=\"https:\/\/i0.wp.com\/www.micoulou-photos.com\/wp-content\/uploads\/2016\/06\/Scan-160622-0033.jpg?resize=150%2C150&amp;ssl=1\" class=\"attachment-thumbnail size-thumbnail\" alt=\"\" aria-describedby=\"gallery-1-2200\" srcset=\"https:\/\/i0.wp.com\/www.micoulou-photos.com\/wp-content\/uploads\/2016\/06\/Scan-160622-0033.jpg?resize=150%2C150&amp;ssl=1 150w, https:\/\/i0.wp.com\/www.micoulou-photos.com\/wp-content\/uploads\/2016\/06\/Scan-160622-0033.jpg?zoom=2&amp;resize=150%2C150&amp;ssl=1 300w, https:\/\/i0.wp.com\/www.micoulou-photos.com\/wp-content\/uploads\/2016\/06\/Scan-160622-0033.jpg?zoom=3&amp;resize=150%2C150&amp;ssl=1 450w\" sizes=\"(max-width: 150px) 100vw, 150px\" data-attachment-id=\"2200\" data-permalink=\"https:\/\/www.micoulou-photos.com\/index.php\/2016\/06\/24\/loiret-a-lancienne\/scan-160622-0033\/\" data-orig-file=\"https:\/\/i0.wp.com\/www.micoulou-photos.com\/wp-content\/uploads\/2016\/06\/Scan-160622-0033.jpg?fit=1200%2C757&amp;ssl=1\" data-orig-size=\"1200,757\" data-comments-opened=\"1\" data-image-meta=\"{&quot;aperture&quot;:&quot;0&quot;,&quot;credit&quot;:&quot;&quot;,&quot;camera&quot;:&quot;Scan Dual IV&quot;,&quot;caption&quot;:&quot;&quot;,&quot;created_timestamp&quot;:&quot;0&quot;,&quot;copyright&quot;:&quot;&quot;,&quot;focal_length&quot;:&quot;0&quot;,&quot;iso&quot;:&quot;0&quot;,&quot;shutter_speed&quot;:&quot;0&quot;,&quot;title&quot;:&quot;&quot;,&quot;orientation&quot;:&quot;0&quot;}\" data-image-title=\"Scan-160622-0033\" data-image-description=\"\" data-image-caption=\"&lt;p&gt;Le loiret&lt;\/p&gt;\n\" data-large-file=\"https:\/\/i0.wp.com\/www.micoulou-photos.com\/wp-content\/uploads\/2016\/06\/Scan-160622-0033.jpg?fit=800%2C505&amp;ssl=1\" \/><\/a>\n\t\t\t<\/div>\n\t\t\t\t<figcaption class='wp-caption-text gallery-caption' id='gallery-1-2200'>\n\t\t\t\tLe loiret\n\t\t\t\t<\/figcaption><\/figure><figure class='gallery-item'>\n\t\t\t<div class='gallery-icon portrait'>\n\t\t\t\t<a href='https:\/\/www.micoulou-photos.com\/index.php\/2016\/06\/24\/loiret-a-lancienne\/scan-160622-0036\/'><img loading=\"lazy\" decoding=\"async\" width=\"150\" height=\"150\" src=\"https:\/\/i0.wp.com\/www.micoulou-photos.com\/wp-content\/uploads\/2016\/06\/Scan-160622-0036.jpg?resize=150%2C150&amp;ssl=1\" class=\"attachment-thumbnail size-thumbnail\" alt=\"\" aria-describedby=\"gallery-1-2201\" srcset=\"https:\/\/i0.wp.com\/www.micoulou-photos.com\/wp-content\/uploads\/2016\/06\/Scan-160622-0036.jpg?resize=150%2C150&amp;ssl=1 150w, https:\/\/i0.wp.com\/www.micoulou-photos.com\/wp-content\/uploads\/2016\/06\/Scan-160622-0036.jpg?zoom=2&amp;resize=150%2C150&amp;ssl=1 300w, https:\/\/i0.wp.com\/www.micoulou-photos.com\/wp-content\/uploads\/2016\/06\/Scan-160622-0036.jpg?zoom=3&amp;resize=150%2C150&amp;ssl=1 450w\" sizes=\"(max-width: 150px) 100vw, 150px\" data-attachment-id=\"2201\" data-permalink=\"https:\/\/www.micoulou-photos.com\/index.php\/2016\/06\/24\/loiret-a-lancienne\/scan-160622-0036\/\" data-orig-file=\"https:\/\/i0.wp.com\/www.micoulou-photos.com\/wp-content\/uploads\/2016\/06\/Scan-160622-0036.jpg?fit=782%2C1200&amp;ssl=1\" data-orig-size=\"782,1200\" data-comments-opened=\"1\" data-image-meta=\"{&quot;aperture&quot;:&quot;0&quot;,&quot;credit&quot;:&quot;&quot;,&quot;camera&quot;:&quot;Scan Dual IV&quot;,&quot;caption&quot;:&quot;&quot;,&quot;created_timestamp&quot;:&quot;0&quot;,&quot;copyright&quot;:&quot;&quot;,&quot;focal_length&quot;:&quot;0&quot;,&quot;iso&quot;:&quot;0&quot;,&quot;shutter_speed&quot;:&quot;0&quot;,&quot;title&quot;:&quot;&quot;,&quot;orientation&quot;:&quot;0&quot;}\" data-image-title=\"Scan-160622-0036\" data-image-description=\"\" data-image-caption=\"&lt;p&gt;La cathedrale d&amp;rsquo;Orl\u00e9ans&lt;\/p&gt;\n\" data-large-file=\"https:\/\/i0.wp.com\/www.micoulou-photos.com\/wp-content\/uploads\/2016\/06\/Scan-160622-0036.jpg?fit=667%2C1024&amp;ssl=1\" \/><\/a>\n\t\t\t<\/div>\n\t\t\t\t<figcaption class='wp-caption-text gallery-caption' id='gallery-1-2201'>\n\t\t\t\tLa cathedrale d&rsquo;Orl\u00e9ans\n\t\t\t\t<\/figcaption><\/figure><figure class='gallery-item'>\n\t\t\t<div class='gallery-icon portrait'>\n\t\t\t\t<a href='https:\/\/www.micoulou-photos.com\/index.php\/2016\/06\/24\/loiret-a-lancienne\/scan-160622-0037\/'><img loading=\"lazy\" decoding=\"async\" width=\"150\" height=\"150\" src=\"https:\/\/i0.wp.com\/www.micoulou-photos.com\/wp-content\/uploads\/2016\/06\/Scan-160622-0037.jpg?resize=150%2C150&amp;ssl=1\" class=\"attachment-thumbnail size-thumbnail\" alt=\"\" srcset=\"https:\/\/i0.wp.com\/www.micoulou-photos.com\/wp-content\/uploads\/2016\/06\/Scan-160622-0037.jpg?resize=150%2C150&amp;ssl=1 150w, https:\/\/i0.wp.com\/www.micoulou-photos.com\/wp-content\/uploads\/2016\/06\/Scan-160622-0037.jpg?zoom=2&amp;resize=150%2C150&amp;ssl=1 300w, https:\/\/i0.wp.com\/www.micoulou-photos.com\/wp-content\/uploads\/2016\/06\/Scan-160622-0037.jpg?zoom=3&amp;resize=150%2C150&amp;ssl=1 450w\" sizes=\"(max-width: 150px) 100vw, 150px\" data-attachment-id=\"2202\" data-permalink=\"https:\/\/www.micoulou-photos.com\/index.php\/2016\/06\/24\/loiret-a-lancienne\/scan-160622-0037\/\" data-orig-file=\"https:\/\/i0.wp.com\/www.micoulou-photos.com\/wp-content\/uploads\/2016\/06\/Scan-160622-0037.jpg?fit=782%2C1200&amp;ssl=1\" data-orig-size=\"782,1200\" data-comments-opened=\"1\" data-image-meta=\"{&quot;aperture&quot;:&quot;0&quot;,&quot;credit&quot;:&quot;&quot;,&quot;camera&quot;:&quot;Scan Dual IV&quot;,&quot;caption&quot;:&quot;&quot;,&quot;created_timestamp&quot;:&quot;0&quot;,&quot;copyright&quot;:&quot;&quot;,&quot;focal_length&quot;:&quot;0&quot;,&quot;iso&quot;:&quot;0&quot;,&quot;shutter_speed&quot;:&quot;0&quot;,&quot;title&quot;:&quot;&quot;,&quot;orientation&quot;:&quot;0&quot;}\" data-image-title=\"Scan-160622-0037\" data-image-description=\"\" data-image-caption=\"\" data-large-file=\"https:\/\/i0.wp.com\/www.micoulou-photos.com\/wp-content\/uploads\/2016\/06\/Scan-160622-0037.jpg?fit=667%2C1024&amp;ssl=1\" \/><\/a>\n\t\t\t<\/div><\/figure><figure class='gallery-item'>\n\t\t\t<div class='gallery-icon portrait'>\n\t\t\t\t<a href='https:\/\/www.micoulou-photos.com\/index.php\/2016\/06\/24\/loiret-a-lancienne\/scan-160622-0038\/'><img loading=\"lazy\" decoding=\"async\" width=\"150\" height=\"150\" src=\"https:\/\/i0.wp.com\/www.micoulou-photos.com\/wp-content\/uploads\/2016\/06\/Scan-160622-0038.jpg?resize=150%2C150&amp;ssl=1\" class=\"attachment-thumbnail size-thumbnail\" alt=\"\" aria-describedby=\"gallery-1-2203\" srcset=\"https:\/\/i0.wp.com\/www.micoulou-photos.com\/wp-content\/uploads\/2016\/06\/Scan-160622-0038.jpg?resize=150%2C150&amp;ssl=1 150w, https:\/\/i0.wp.com\/www.micoulou-photos.com\/wp-content\/uploads\/2016\/06\/Scan-160622-0038.jpg?zoom=2&amp;resize=150%2C150&amp;ssl=1 300w, https:\/\/i0.wp.com\/www.micoulou-photos.com\/wp-content\/uploads\/2016\/06\/Scan-160622-0038.jpg?zoom=3&amp;resize=150%2C150&amp;ssl=1 450w\" sizes=\"(max-width: 150px) 100vw, 150px\" data-attachment-id=\"2203\" data-permalink=\"https:\/\/www.micoulou-photos.com\/index.php\/2016\/06\/24\/loiret-a-lancienne\/scan-160622-0038\/\" data-orig-file=\"https:\/\/i0.wp.com\/www.micoulou-photos.com\/wp-content\/uploads\/2016\/06\/Scan-160622-0038.jpg?fit=782%2C1200&amp;ssl=1\" data-orig-size=\"782,1200\" data-comments-opened=\"1\" data-image-meta=\"{&quot;aperture&quot;:&quot;0&quot;,&quot;credit&quot;:&quot;&quot;,&quot;camera&quot;:&quot;Scan Dual IV&quot;,&quot;caption&quot;:&quot;&quot;,&quot;created_timestamp&quot;:&quot;0&quot;,&quot;copyright&quot;:&quot;&quot;,&quot;focal_length&quot;:&quot;0&quot;,&quot;iso&quot;:&quot;0&quot;,&quot;shutter_speed&quot;:&quot;0&quot;,&quot;title&quot;:&quot;&quot;,&quot;orientation&quot;:&quot;0&quot;}\" data-image-title=\"Scan-160622-0038\" data-image-description=\"\" data-image-caption=\"&lt;p&gt;La cathedrale d&amp;rsquo;Orl\u00e9ans&lt;\/p&gt;\n\" data-large-file=\"https:\/\/i0.wp.com\/www.micoulou-photos.com\/wp-content\/uploads\/2016\/06\/Scan-160622-0038.jpg?fit=667%2C1024&amp;ssl=1\" \/><\/a>\n\t\t\t<\/div>\n\t\t\t\t<figcaption class='wp-caption-text gallery-caption' id='gallery-1-2203'>\n\t\t\t\tLa cathedrale d&rsquo;Orl\u00e9ans\n\t\t\t\t<\/figcaption><\/figure><figure class='gallery-item'>\n\t\t\t<div class='gallery-icon landscape'>\n\t\t\t\t<a href='https:\/\/www.micoulou-photos.com\/index.php\/2016\/06\/24\/loiret-a-lancienne\/scan-160622-0039\/'><img loading=\"lazy\" decoding=\"async\" width=\"150\" height=\"150\" src=\"https:\/\/i0.wp.com\/www.micoulou-photos.com\/wp-content\/uploads\/2016\/06\/Scan-160622-0039.jpg?resize=150%2C150&amp;ssl=1\" class=\"attachment-thumbnail size-thumbnail\" alt=\"\" aria-describedby=\"gallery-1-2204\" srcset=\"https:\/\/i0.wp.com\/www.micoulou-photos.com\/wp-content\/uploads\/2016\/06\/Scan-160622-0039.jpg?resize=150%2C150&amp;ssl=1 150w, https:\/\/i0.wp.com\/www.micoulou-photos.com\/wp-content\/uploads\/2016\/06\/Scan-160622-0039.jpg?zoom=2&amp;resize=150%2C150&amp;ssl=1 300w, https:\/\/i0.wp.com\/www.micoulou-photos.com\/wp-content\/uploads\/2016\/06\/Scan-160622-0039.jpg?zoom=3&amp;resize=150%2C150&amp;ssl=1 450w\" sizes=\"(max-width: 150px) 100vw, 150px\" data-attachment-id=\"2204\" data-permalink=\"https:\/\/www.micoulou-photos.com\/index.php\/2016\/06\/24\/loiret-a-lancienne\/scan-160622-0039\/\" data-orig-file=\"https:\/\/i0.wp.com\/www.micoulou-photos.com\/wp-content\/uploads\/2016\/06\/Scan-160622-0039.jpg?fit=1200%2C782&amp;ssl=1\" data-orig-size=\"1200,782\" data-comments-opened=\"1\" data-image-meta=\"{&quot;aperture&quot;:&quot;0&quot;,&quot;credit&quot;:&quot;&quot;,&quot;camera&quot;:&quot;Scan Dual IV&quot;,&quot;caption&quot;:&quot;&quot;,&quot;created_timestamp&quot;:&quot;0&quot;,&quot;copyright&quot;:&quot;&quot;,&quot;focal_length&quot;:&quot;0&quot;,&quot;iso&quot;:&quot;0&quot;,&quot;shutter_speed&quot;:&quot;0&quot;,&quot;title&quot;:&quot;&quot;,&quot;orientation&quot;:&quot;0&quot;}\" data-image-title=\"Scan-160622-0039\" data-image-description=\"\" data-image-caption=\"&lt;p&gt;Les halles d&amp;rsquo;Orl\u00e9ans&lt;\/p&gt;\n\" data-large-file=\"https:\/\/i0.wp.com\/www.micoulou-photos.com\/wp-content\/uploads\/2016\/06\/Scan-160622-0039.jpg?fit=800%2C521&amp;ssl=1\" \/><\/a>\n\t\t\t<\/div>\n\t\t\t\t<figcaption class='wp-caption-text gallery-caption' id='gallery-1-2204'>\n\t\t\t\tLes halles d&rsquo;Orl\u00e9ans\n\t\t\t\t<\/figcaption><\/figure><figure class='gallery-item'>\n\t\t\t<div class='gallery-icon portrait'>\n\t\t\t\t<a href='https:\/\/www.micoulou-photos.com\/index.php\/2016\/06\/24\/loiret-a-lancienne\/scan-160622-0040\/'><img loading=\"lazy\" decoding=\"async\" width=\"150\" height=\"150\" src=\"https:\/\/i0.wp.com\/www.micoulou-photos.com\/wp-content\/uploads\/2016\/06\/Scan-160622-0040.jpg?resize=150%2C150&amp;ssl=1\" class=\"attachment-thumbnail size-thumbnail\" alt=\"\" aria-describedby=\"gallery-1-2205\" srcset=\"https:\/\/i0.wp.com\/www.micoulou-photos.com\/wp-content\/uploads\/2016\/06\/Scan-160622-0040.jpg?resize=150%2C150&amp;ssl=1 150w, https:\/\/i0.wp.com\/www.micoulou-photos.com\/wp-content\/uploads\/2016\/06\/Scan-160622-0040.jpg?zoom=2&amp;resize=150%2C150&amp;ssl=1 300w, https:\/\/i0.wp.com\/www.micoulou-photos.com\/wp-content\/uploads\/2016\/06\/Scan-160622-0040.jpg?zoom=3&amp;resize=150%2C150&amp;ssl=1 450w\" sizes=\"(max-width: 150px) 100vw, 150px\" data-attachment-id=\"2205\" data-permalink=\"https:\/\/www.micoulou-photos.com\/index.php\/2016\/06\/24\/loiret-a-lancienne\/scan-160622-0040\/\" data-orig-file=\"https:\/\/i0.wp.com\/www.micoulou-photos.com\/wp-content\/uploads\/2016\/06\/Scan-160622-0040.jpg?fit=782%2C1200&amp;ssl=1\" data-orig-size=\"782,1200\" data-comments-opened=\"1\" data-image-meta=\"{&quot;aperture&quot;:&quot;0&quot;,&quot;credit&quot;:&quot;&quot;,&quot;camera&quot;:&quot;Scan Dual IV&quot;,&quot;caption&quot;:&quot;&quot;,&quot;created_timestamp&quot;:&quot;0&quot;,&quot;copyright&quot;:&quot;&quot;,&quot;focal_length&quot;:&quot;0&quot;,&quot;iso&quot;:&quot;0&quot;,&quot;shutter_speed&quot;:&quot;0&quot;,&quot;title&quot;:&quot;&quot;,&quot;orientation&quot;:&quot;0&quot;}\" data-image-title=\"Scan-160622-0040\" data-image-description=\"\" data-image-caption=\"&lt;p&gt;Un arret de tramway&lt;\/p&gt;\n\" data-large-file=\"https:\/\/i0.wp.com\/www.micoulou-photos.com\/wp-content\/uploads\/2016\/06\/Scan-160622-0040.jpg?fit=667%2C1024&amp;ssl=1\" \/><\/a>\n\t\t\t<\/div>\n\t\t\t\t<figcaption class='wp-caption-text gallery-caption' id='gallery-1-2205'>\n\t\t\t\tUn arret de tramway\n\t\t\t\t<\/figcaption><\/figure><figure class='gallery-item'>\n\t\t\t<div class='gallery-icon portrait'>\n\t\t\t\t<a href='https:\/\/www.micoulou-photos.com\/index.php\/2016\/06\/24\/loiret-a-lancienne\/scan-160622-0041\/'><img loading=\"lazy\" decoding=\"async\" width=\"150\" height=\"150\" src=\"https:\/\/i0.wp.com\/www.micoulou-photos.com\/wp-content\/uploads\/2016\/06\/Scan-160622-0041.jpg?resize=150%2C150&amp;ssl=1\" class=\"attachment-thumbnail size-thumbnail\" alt=\"\" srcset=\"https:\/\/i0.wp.com\/www.micoulou-photos.com\/wp-content\/uploads\/2016\/06\/Scan-160622-0041.jpg?resize=150%2C150&amp;ssl=1 150w, https:\/\/i0.wp.com\/www.micoulou-photos.com\/wp-content\/uploads\/2016\/06\/Scan-160622-0041.jpg?zoom=2&amp;resize=150%2C150&amp;ssl=1 300w, https:\/\/i0.wp.com\/www.micoulou-photos.com\/wp-content\/uploads\/2016\/06\/Scan-160622-0041.jpg?zoom=3&amp;resize=150%2C150&amp;ssl=1 450w\" sizes=\"(max-width: 150px) 100vw, 150px\" data-attachment-id=\"2206\" data-permalink=\"https:\/\/www.micoulou-photos.com\/index.php\/2016\/06\/24\/loiret-a-lancienne\/scan-160622-0041\/\" data-orig-file=\"https:\/\/i0.wp.com\/www.micoulou-photos.com\/wp-content\/uploads\/2016\/06\/Scan-160622-0041.jpg?fit=782%2C1200&amp;ssl=1\" data-orig-size=\"782,1200\" data-comments-opened=\"1\" data-image-meta=\"{&quot;aperture&quot;:&quot;0&quot;,&quot;credit&quot;:&quot;&quot;,&quot;camera&quot;:&quot;Scan Dual IV&quot;,&quot;caption&quot;:&quot;&quot;,&quot;created_timestamp&quot;:&quot;0&quot;,&quot;copyright&quot;:&quot;&quot;,&quot;focal_length&quot;:&quot;0&quot;,&quot;iso&quot;:&quot;0&quot;,&quot;shutter_speed&quot;:&quot;0&quot;,&quot;title&quot;:&quot;&quot;,&quot;orientation&quot;:&quot;0&quot;}\" data-image-title=\"Scan-160622-0041\" data-image-description=\"\" data-image-caption=\"\" data-large-file=\"https:\/\/i0.wp.com\/www.micoulou-photos.com\/wp-content\/uploads\/2016\/06\/Scan-160622-0041.jpg?fit=667%2C1024&amp;ssl=1\" \/><\/a>\n\t\t\t<\/div><\/figure><figure class='gallery-item'>\n\t\t\t<div class='gallery-icon portrait'>\n\t\t\t\t<a href='https:\/\/www.micoulou-photos.com\/index.php\/2016\/06\/24\/loiret-a-lancienne\/scan-160622-0042\/'><img loading=\"lazy\" decoding=\"async\" width=\"150\" height=\"150\" src=\"https:\/\/i0.wp.com\/www.micoulou-photos.com\/wp-content\/uploads\/2016\/06\/Scan-160622-0042.jpg?resize=150%2C150&amp;ssl=1\" class=\"attachment-thumbnail size-thumbnail\" alt=\"\" aria-describedby=\"gallery-1-2207\" srcset=\"https:\/\/i0.wp.com\/www.micoulou-photos.com\/wp-content\/uploads\/2016\/06\/Scan-160622-0042.jpg?resize=150%2C150&amp;ssl=1 150w, https:\/\/i0.wp.com\/www.micoulou-photos.com\/wp-content\/uploads\/2016\/06\/Scan-160622-0042.jpg?zoom=2&amp;resize=150%2C150&amp;ssl=1 300w, https:\/\/i0.wp.com\/www.micoulou-photos.com\/wp-content\/uploads\/2016\/06\/Scan-160622-0042.jpg?zoom=3&amp;resize=150%2C150&amp;ssl=1 450w\" sizes=\"(max-width: 150px) 100vw, 150px\" data-attachment-id=\"2207\" data-permalink=\"https:\/\/www.micoulou-photos.com\/index.php\/2016\/06\/24\/loiret-a-lancienne\/scan-160622-0042\/\" data-orig-file=\"https:\/\/i0.wp.com\/www.micoulou-photos.com\/wp-content\/uploads\/2016\/06\/Scan-160622-0042.jpg?fit=780%2C1200&amp;ssl=1\" data-orig-size=\"780,1200\" data-comments-opened=\"1\" data-image-meta=\"{&quot;aperture&quot;:&quot;0&quot;,&quot;credit&quot;:&quot;&quot;,&quot;camera&quot;:&quot;Scan Dual IV&quot;,&quot;caption&quot;:&quot;&quot;,&quot;created_timestamp&quot;:&quot;0&quot;,&quot;copyright&quot;:&quot;&quot;,&quot;focal_length&quot;:&quot;0&quot;,&quot;iso&quot;:&quot;0&quot;,&quot;shutter_speed&quot;:&quot;0&quot;,&quot;title&quot;:&quot;&quot;,&quot;orientation&quot;:&quot;0&quot;}\" data-image-title=\"Scan-160622-0042\" data-image-description=\"\" data-image-caption=\"&lt;p&gt;La cathedrale d&amp;rsquo;Orl\u00e9ans&lt;\/p&gt;\n\" data-large-file=\"https:\/\/i0.wp.com\/www.micoulou-photos.com\/wp-content\/uploads\/2016\/06\/Scan-160622-0042.jpg?fit=666%2C1024&amp;ssl=1\" \/><\/a>\n\t\t\t<\/div>\n\t\t\t\t<figcaption class='wp-caption-text gallery-caption' id='gallery-1-2207'>\n\t\t\t\tLa cathedrale d&rsquo;Orl\u00e9ans\n\t\t\t\t<\/figcaption><\/figure><figure class='gallery-item'>\n\t\t\t<div class='gallery-icon portrait'>\n\t\t\t\t<a href='https:\/\/www.micoulou-photos.com\/index.php\/2016\/06\/24\/loiret-a-lancienne\/scan-160622-0043\/'><img loading=\"lazy\" decoding=\"async\" width=\"150\" height=\"150\" src=\"https:\/\/i0.wp.com\/www.micoulou-photos.com\/wp-content\/uploads\/2016\/06\/Scan-160622-0043.jpg?resize=150%2C150&amp;ssl=1\" class=\"attachment-thumbnail size-thumbnail\" alt=\"\" aria-describedby=\"gallery-1-2208\" srcset=\"https:\/\/i0.wp.com\/www.micoulou-photos.com\/wp-content\/uploads\/2016\/06\/Scan-160622-0043.jpg?resize=150%2C150&amp;ssl=1 150w, https:\/\/i0.wp.com\/www.micoulou-photos.com\/wp-content\/uploads\/2016\/06\/Scan-160622-0043.jpg?zoom=2&amp;resize=150%2C150&amp;ssl=1 300w, https:\/\/i0.wp.com\/www.micoulou-photos.com\/wp-content\/uploads\/2016\/06\/Scan-160622-0043.jpg?zoom=3&amp;resize=150%2C150&amp;ssl=1 450w\" sizes=\"(max-width: 150px) 100vw, 150px\" data-attachment-id=\"2208\" data-permalink=\"https:\/\/www.micoulou-photos.com\/index.php\/2016\/06\/24\/loiret-a-lancienne\/scan-160622-0043\/\" data-orig-file=\"https:\/\/i0.wp.com\/www.micoulou-photos.com\/wp-content\/uploads\/2016\/06\/Scan-160622-0043.jpg?fit=763%2C1200&amp;ssl=1\" data-orig-size=\"763,1200\" data-comments-opened=\"1\" data-image-meta=\"{&quot;aperture&quot;:&quot;0&quot;,&quot;credit&quot;:&quot;&quot;,&quot;camera&quot;:&quot;Scan Dual IV&quot;,&quot;caption&quot;:&quot;&quot;,&quot;created_timestamp&quot;:&quot;0&quot;,&quot;copyright&quot;:&quot;&quot;,&quot;focal_length&quot;:&quot;0&quot;,&quot;iso&quot;:&quot;0&quot;,&quot;shutter_speed&quot;:&quot;0&quot;,&quot;title&quot;:&quot;&quot;,&quot;orientation&quot;:&quot;0&quot;}\" data-image-title=\"Scan-160622-0043\" data-image-description=\"\" data-image-caption=\"&lt;p&gt;La cathedrale d&amp;rsquo;Orl\u00e9ans&lt;\/p&gt;\n\" data-large-file=\"https:\/\/i0.wp.com\/www.micoulou-photos.com\/wp-content\/uploads\/2016\/06\/Scan-160622-0043.jpg?fit=651%2C1024&amp;ssl=1\" \/><\/a>\n\t\t\t<\/div>\n\t\t\t\t<figcaption class='wp-caption-text gallery-caption' id='gallery-1-2208'>\n\t\t\t\tLa cathedrale d&rsquo;Orl\u00e9ans\n\t\t\t\t<\/figcaption><\/figure>\n\t\t<\/div>\n\n","protected":false},"excerpt":{"rendered":"<p>Pour faire suite \u00e0 ma s\u00e9rie Voironnaise, il y a maintenant presque 2 ans, je poste une s\u00e9rie faite le week end dernier \u00e0 Orl\u00e9ans, avec le Loiret toujours assez haut&#8230; La s\u00e9rie est r\u00e9alis\u00e9 avec de la SVEMA 64 p\u00e9rim\u00e9 en 91, et le Fed 4.<\/p>\n","protected":false},"author":1,"featured_media":2199,"comment_status":"open","ping_status":"open","sticky":false,"template":"","format":"standard","meta":{"jetpack_post_was_ever_published":false,"_jetpack_newsletter_access":"","_jetpack_dont_email_post_to_subs":false,"_jetpack_newsletter_tier_id":0,"_jetpack_memberships_contains_paywalled_content":false,"_jetpack_memberships_contains_paid_content":false,"footnotes":"","jetpack_publicize_message":"","jetpack_publicize_feature_enabled":true,"jetpack_social_post_already_shared":true,"jetpack_social_options":{"image_generator_settings":{"template":"highway","default_image_id":0,"font":"","enabled":false},"version":2}},"categories":[6],"tags":[237,240,196,236,239,238],"class_list":["post-2195","post","type-post","status-publish","format-standard","has-post-thumbnail","hentry","category-voyage","tag-cathedrale","tag-fed-4","tag-loiret","tag-orleans","tag-rodinal","tag-svema64"],"yoast_head":"<!-- This site is optimized with the Yoast SEO plugin v27.5 - https:\/\/yoast.com\/product\/yoast-seo-wordpress\/ -->\n<title>Loiret, \u00e0 l&#039;ancienne - Micoulou Photographie<\/title>\n<meta name=\"robots\" content=\"index, follow, max-snippet:-1, max-image-preview:large, max-video-preview:-1\" \/>\n<link rel=\"canonical\" href=\"https:\/\/www.micoulou-photos.com\/index.php\/2016\/06\/24\/loiret-a-lancienne\/\" \/>\n<meta property=\"og:locale\" content=\"fr_FR\" \/>\n<meta property=\"og:type\" content=\"article\" \/>\n<meta property=\"og:title\" content=\"Loiret, \u00e0 l&#039;ancienne - Micoulou Photographie\" \/>\n<meta property=\"og:description\" content=\"Pour faire suite \u00e0 ma s\u00e9rie Voironnaise, il y a maintenant presque 2 ans, je poste une s\u00e9rie faite le week end dernier \u00e0 Orl\u00e9ans, avec le Loiret toujours assez haut&#8230; La s\u00e9rie est r\u00e9alis\u00e9 avec de la SVEMA 64 p\u00e9rim\u00e9 en 91, et le Fed 4.\" \/>\n<meta property=\"og:url\" content=\"https:\/\/www.micoulou-photos.com\/index.php\/2016\/06\/24\/loiret-a-lancienne\/\" \/>\n<meta property=\"og:site_name\" content=\"Micoulou Photographie\" \/>\n<meta property=\"article:published_time\" content=\"2016-06-24T13:44:04+00:00\" \/>\n<meta property=\"article:modified_time\" content=\"2020-04-26T00:00:55+00:00\" \/>\n<meta property=\"og:image\" content=\"https:\/\/i0.wp.com\/www.micoulou-photos.com\/wp-content\/uploads\/2016\/06\/Scan-160622-0032.jpg?fit=1200%2C757&ssl=1\" \/>\n\t<meta property=\"og:image:width\" content=\"1200\" \/>\n\t<meta property=\"og:image:height\" content=\"757\" \/>\n\t<meta property=\"og:image:type\" content=\"image\/jpeg\" \/>\n<meta name=\"author\" content=\"micoulou\" \/>\n<meta name=\"twitter:card\" content=\"summary_large_image\" \/>\n<meta name=\"twitter:label1\" content=\"\u00c9crit par\" \/>\n\t<meta name=\"twitter:data1\" content=\"micoulou\" \/>\n<script type=\"application\/ld+json\" class=\"yoast-schema-graph\">{\"@context\":\"https:\\\/\\\/schema.org\",\"@graph\":[{\"@type\":\"Article\",\"@id\":\"https:\\\/\\\/www.micoulou-photos.com\\\/index.php\\\/2016\\\/06\\\/24\\\/loiret-a-lancienne\\\/#article\",\"isPartOf\":{\"@id\":\"https:\\\/\\\/www.micoulou-photos.com\\\/index.php\\\/2016\\\/06\\\/24\\\/loiret-a-lancienne\\\/\"},\"author\":{\"name\":\"micoulou\",\"@id\":\"https:\\\/\\\/www.micoulou-photos.com\\\/#\\\/schema\\\/person\\\/6aedfe8ebe91da632f46e7c9d806a722\"},\"headline\":\"Loiret, \u00e0 l&rsquo;ancienne\",\"datePublished\":\"2016-06-24T13:44:04+00:00\",\"dateModified\":\"2020-04-26T00:00:55+00:00\",\"mainEntityOfPage\":{\"@id\":\"https:\\\/\\\/www.micoulou-photos.com\\\/index.php\\\/2016\\\/06\\\/24\\\/loiret-a-lancienne\\\/\"},\"wordCount\":52,\"commentCount\":0,\"publisher\":{\"@id\":\"https:\\\/\\\/www.micoulou-photos.com\\\/#organization\"},\"image\":{\"@id\":\"https:\\\/\\\/www.micoulou-photos.com\\\/index.php\\\/2016\\\/06\\\/24\\\/loiret-a-lancienne\\\/#primaryimage\"},\"thumbnailUrl\":\"https:\\\/\\\/i0.wp.com\\\/www.micoulou-photos.com\\\/wp-content\\\/uploads\\\/2016\\\/06\\\/Scan-160622-0032.jpg?fit=1200%2C757&ssl=1\",\"keywords\":[\"Cathedrale\",\"FED 4\",\"loiret\",\"Orleans\",\"RODINAL\",\"SVEMA64\"],\"articleSection\":[\"voyage\"],\"inLanguage\":\"fr-FR\",\"potentialAction\":[{\"@type\":\"CommentAction\",\"name\":\"Comment\",\"target\":[\"https:\\\/\\\/www.micoulou-photos.com\\\/index.php\\\/2016\\\/06\\\/24\\\/loiret-a-lancienne\\\/#respond\"]}]},{\"@type\":\"WebPage\",\"@id\":\"https:\\\/\\\/www.micoulou-photos.com\\\/index.php\\\/2016\\\/06\\\/24\\\/loiret-a-lancienne\\\/\",\"url\":\"https:\\\/\\\/www.micoulou-photos.com\\\/index.php\\\/2016\\\/06\\\/24\\\/loiret-a-lancienne\\\/\",\"name\":\"Loiret, \u00e0 l'ancienne - Micoulou Photographie\",\"isPartOf\":{\"@id\":\"https:\\\/\\\/www.micoulou-photos.com\\\/#website\"},\"primaryImageOfPage\":{\"@id\":\"https:\\\/\\\/www.micoulou-photos.com\\\/index.php\\\/2016\\\/06\\\/24\\\/loiret-a-lancienne\\\/#primaryimage\"},\"image\":{\"@id\":\"https:\\\/\\\/www.micoulou-photos.com\\\/index.php\\\/2016\\\/06\\\/24\\\/loiret-a-lancienne\\\/#primaryimage\"},\"thumbnailUrl\":\"https:\\\/\\\/i0.wp.com\\\/www.micoulou-photos.com\\\/wp-content\\\/uploads\\\/2016\\\/06\\\/Scan-160622-0032.jpg?fit=1200%2C757&ssl=1\",\"datePublished\":\"2016-06-24T13:44:04+00:00\",\"dateModified\":\"2020-04-26T00:00:55+00:00\",\"breadcrumb\":{\"@id\":\"https:\\\/\\\/www.micoulou-photos.com\\\/index.php\\\/2016\\\/06\\\/24\\\/loiret-a-lancienne\\\/#breadcrumb\"},\"inLanguage\":\"fr-FR\",\"potentialAction\":[{\"@type\":\"ReadAction\",\"target\":[\"https:\\\/\\\/www.micoulou-photos.com\\\/index.php\\\/2016\\\/06\\\/24\\\/loiret-a-lancienne\\\/\"]}]},{\"@type\":\"ImageObject\",\"inLanguage\":\"fr-FR\",\"@id\":\"https:\\\/\\\/www.micoulou-photos.com\\\/index.php\\\/2016\\\/06\\\/24\\\/loiret-a-lancienne\\\/#primaryimage\",\"url\":\"https:\\\/\\\/i0.wp.com\\\/www.micoulou-photos.com\\\/wp-content\\\/uploads\\\/2016\\\/06\\\/Scan-160622-0032.jpg?fit=1200%2C757&ssl=1\",\"contentUrl\":\"https:\\\/\\\/i0.wp.com\\\/www.micoulou-photos.com\\\/wp-content\\\/uploads\\\/2016\\\/06\\\/Scan-160622-0032.jpg?fit=1200%2C757&ssl=1\",\"width\":1200,\"height\":757,\"caption\":\"Le loiret, bien haut...\"},{\"@type\":\"BreadcrumbList\",\"@id\":\"https:\\\/\\\/www.micoulou-photos.com\\\/index.php\\\/2016\\\/06\\\/24\\\/loiret-a-lancienne\\\/#breadcrumb\",\"itemListElement\":[{\"@type\":\"ListItem\",\"position\":1,\"name\":\"Accueil\",\"item\":\"https:\\\/\\\/www.micoulou-photos.com\\\/\"},{\"@type\":\"ListItem\",\"position\":2,\"name\":\"Loiret, \u00e0 l&rsquo;ancienne\"}]},{\"@type\":\"WebSite\",\"@id\":\"https:\\\/\\\/www.micoulou-photos.com\\\/#website\",\"url\":\"https:\\\/\\\/www.micoulou-photos.com\\\/\",\"name\":\"Micoulou Photographie\",\"description\":\"Photographies, Visites virtuelles et formations par Mickael Minarie\",\"publisher\":{\"@id\":\"https:\\\/\\\/www.micoulou-photos.com\\\/#organization\"},\"potentialAction\":[{\"@type\":\"SearchAction\",\"target\":{\"@type\":\"EntryPoint\",\"urlTemplate\":\"https:\\\/\\\/www.micoulou-photos.com\\\/?s={search_term_string}\"},\"query-input\":{\"@type\":\"PropertyValueSpecification\",\"valueRequired\":true,\"valueName\":\"search_term_string\"}}],\"inLanguage\":\"fr-FR\"},{\"@type\":\"Organization\",\"@id\":\"https:\\\/\\\/www.micoulou-photos.com\\\/#organization\",\"name\":\"Micoulou Photographie\",\"url\":\"https:\\\/\\\/www.micoulou-photos.com\\\/\",\"logo\":{\"@type\":\"ImageObject\",\"inLanguage\":\"fr-FR\",\"@id\":\"https:\\\/\\\/www.micoulou-photos.com\\\/#\\\/schema\\\/logo\\\/image\\\/\",\"url\":\"https:\\\/\\\/i0.wp.com\\\/www.micoulou-photos.com\\\/wp-content\\\/uploads\\\/2020\\\/05\\\/cropped-891667_552097324824916_1615181552_o-1.jpg?fit=643%2C722&ssl=1\",\"contentUrl\":\"https:\\\/\\\/i0.wp.com\\\/www.micoulou-photos.com\\\/wp-content\\\/uploads\\\/2020\\\/05\\\/cropped-891667_552097324824916_1615181552_o-1.jpg?fit=643%2C722&ssl=1\",\"width\":643,\"height\":722,\"caption\":\"Micoulou Photographie\"},\"image\":{\"@id\":\"https:\\\/\\\/www.micoulou-photos.com\\\/#\\\/schema\\\/logo\\\/image\\\/\"}},{\"@type\":\"Person\",\"@id\":\"https:\\\/\\\/www.micoulou-photos.com\\\/#\\\/schema\\\/person\\\/6aedfe8ebe91da632f46e7c9d806a722\",\"name\":\"micoulou\",\"image\":{\"@type\":\"ImageObject\",\"inLanguage\":\"fr-FR\",\"@id\":\"https:\\\/\\\/secure.gravatar.com\\\/avatar\\\/98f892eb7d267eab2faa437baa3edd708deaaa43929316c0cc7b751a04cb247b?s=96&d=mm&r=g\",\"url\":\"https:\\\/\\\/secure.gravatar.com\\\/avatar\\\/98f892eb7d267eab2faa437baa3edd708deaaa43929316c0cc7b751a04cb247b?s=96&d=mm&r=g\",\"contentUrl\":\"https:\\\/\\\/secure.gravatar.com\\\/avatar\\\/98f892eb7d267eab2faa437baa3edd708deaaa43929316c0cc7b751a04cb247b?s=96&d=mm&r=g\",\"caption\":\"micoulou\"},\"url\":\"https:\\\/\\\/www.micoulou-photos.com\\\/index.php\\\/author\\\/micoulou\\\/\"}]}<\/script>\n<!-- \/ Yoast SEO plugin. -->","yoast_head_json":{"title":"Loiret, \u00e0 l'ancienne - Micoulou Photographie","robots":{"index":"index","follow":"follow","max-snippet":"max-snippet:-1","max-image-preview":"max-image-preview:large","max-video-preview":"max-video-preview:-1"},"canonical":"https:\/\/www.micoulou-photos.com\/index.php\/2016\/06\/24\/loiret-a-lancienne\/","og_locale":"fr_FR","og_type":"article","og_title":"Loiret, \u00e0 l'ancienne - Micoulou Photographie","og_description":"Pour faire suite \u00e0 ma s\u00e9rie Voironnaise, il y a maintenant presque 2 ans, je poste une s\u00e9rie faite le week end dernier \u00e0 Orl\u00e9ans, avec le Loiret toujours assez haut&#8230; La s\u00e9rie est r\u00e9alis\u00e9 avec de la SVEMA 64 p\u00e9rim\u00e9 en 91, et le Fed 4.","og_url":"https:\/\/www.micoulou-photos.com\/index.php\/2016\/06\/24\/loiret-a-lancienne\/","og_site_name":"Micoulou Photographie","article_published_time":"2016-06-24T13:44:04+00:00","article_modified_time":"2020-04-26T00:00:55+00:00","og_image":[{"width":1200,"height":757,"url":"https:\/\/i0.wp.com\/www.micoulou-photos.com\/wp-content\/uploads\/2016\/06\/Scan-160622-0032.jpg?fit=1200%2C757&ssl=1","type":"image\/jpeg"}],"author":"micoulou","twitter_card":"summary_large_image","twitter_misc":{"\u00c9crit par":"micoulou"},"schema":{"@context":"https:\/\/schema.org","@graph":[{"@type":"Article","@id":"https:\/\/www.micoulou-photos.com\/index.php\/2016\/06\/24\/loiret-a-lancienne\/#article","isPartOf":{"@id":"https:\/\/www.micoulou-photos.com\/index.php\/2016\/06\/24\/loiret-a-lancienne\/"},"author":{"name":"micoulou","@id":"https:\/\/www.micoulou-photos.com\/#\/schema\/person\/6aedfe8ebe91da632f46e7c9d806a722"},"headline":"Loiret, \u00e0 l&rsquo;ancienne","datePublished":"2016-06-24T13:44:04+00:00","dateModified":"2020-04-26T00:00:55+00:00","mainEntityOfPage":{"@id":"https:\/\/www.micoulou-photos.com\/index.php\/2016\/06\/24\/loiret-a-lancienne\/"},"wordCount":52,"commentCount":0,"publisher":{"@id":"https:\/\/www.micoulou-photos.com\/#organization"},"image":{"@id":"https:\/\/www.micoulou-photos.com\/index.php\/2016\/06\/24\/loiret-a-lancienne\/#primaryimage"},"thumbnailUrl":"https:\/\/i0.wp.com\/www.micoulou-photos.com\/wp-content\/uploads\/2016\/06\/Scan-160622-0032.jpg?fit=1200%2C757&ssl=1","keywords":["Cathedrale","FED 4","loiret","Orleans","RODINAL","SVEMA64"],"articleSection":["voyage"],"inLanguage":"fr-FR","potentialAction":[{"@type":"CommentAction","name":"Comment","target":["https:\/\/www.micoulou-photos.com\/index.php\/2016\/06\/24\/loiret-a-lancienne\/#respond"]}]},{"@type":"WebPage","@id":"https:\/\/www.micoulou-photos.com\/index.php\/2016\/06\/24\/loiret-a-lancienne\/","url":"https:\/\/www.micoulou-photos.com\/index.php\/2016\/06\/24\/loiret-a-lancienne\/","name":"Loiret, \u00e0 l'ancienne - Micoulou Photographie","isPartOf":{"@id":"https:\/\/www.micoulou-photos.com\/#website"},"primaryImageOfPage":{"@id":"https:\/\/www.micoulou-photos.com\/index.php\/2016\/06\/24\/loiret-a-lancienne\/#primaryimage"},"image":{"@id":"https:\/\/www.micoulou-photos.com\/index.php\/2016\/06\/24\/loiret-a-lancienne\/#primaryimage"},"thumbnailUrl":"https:\/\/i0.wp.com\/www.micoulou-photos.com\/wp-content\/uploads\/2016\/06\/Scan-160622-0032.jpg?fit=1200%2C757&ssl=1","datePublished":"2016-06-24T13:44:04+00:00","dateModified":"2020-04-26T00:00:55+00:00","breadcrumb":{"@id":"https:\/\/www.micoulou-photos.com\/index.php\/2016\/06\/24\/loiret-a-lancienne\/#breadcrumb"},"inLanguage":"fr-FR","potentialAction":[{"@type":"ReadAction","target":["https:\/\/www.micoulou-photos.com\/index.php\/2016\/06\/24\/loiret-a-lancienne\/"]}]},{"@type":"ImageObject","inLanguage":"fr-FR","@id":"https:\/\/www.micoulou-photos.com\/index.php\/2016\/06\/24\/loiret-a-lancienne\/#primaryimage","url":"https:\/\/i0.wp.com\/www.micoulou-photos.com\/wp-content\/uploads\/2016\/06\/Scan-160622-0032.jpg?fit=1200%2C757&ssl=1","contentUrl":"https:\/\/i0.wp.com\/www.micoulou-photos.com\/wp-content\/uploads\/2016\/06\/Scan-160622-0032.jpg?fit=1200%2C757&ssl=1","width":1200,"height":757,"caption":"Le loiret, bien haut..."},{"@type":"BreadcrumbList","@id":"https:\/\/www.micoulou-photos.com\/index.php\/2016\/06\/24\/loiret-a-lancienne\/#breadcrumb","itemListElement":[{"@type":"ListItem","position":1,"name":"Accueil","item":"https:\/\/www.micoulou-photos.com\/"},{"@type":"ListItem","position":2,"name":"Loiret, \u00e0 l&rsquo;ancienne"}]},{"@type":"WebSite","@id":"https:\/\/www.micoulou-photos.com\/#website","url":"https:\/\/www.micoulou-photos.com\/","name":"Micoulou Photographie","description":"Photographies, Visites virtuelles et formations par Mickael Minarie","publisher":{"@id":"https:\/\/www.micoulou-photos.com\/#organization"},"potentialAction":[{"@type":"SearchAction","target":{"@type":"EntryPoint","urlTemplate":"https:\/\/www.micoulou-photos.com\/?s={search_term_string}"},"query-input":{"@type":"PropertyValueSpecification","valueRequired":true,"valueName":"search_term_string"}}],"inLanguage":"fr-FR"},{"@type":"Organization","@id":"https:\/\/www.micoulou-photos.com\/#organization","name":"Micoulou Photographie","url":"https:\/\/www.micoulou-photos.com\/","logo":{"@type":"ImageObject","inLanguage":"fr-FR","@id":"https:\/\/www.micoulou-photos.com\/#\/schema\/logo\/image\/","url":"https:\/\/i0.wp.com\/www.micoulou-photos.com\/wp-content\/uploads\/2020\/05\/cropped-891667_552097324824916_1615181552_o-1.jpg?fit=643%2C722&ssl=1","contentUrl":"https:\/\/i0.wp.com\/www.micoulou-photos.com\/wp-content\/uploads\/2020\/05\/cropped-891667_552097324824916_1615181552_o-1.jpg?fit=643%2C722&ssl=1","width":643,"height":722,"caption":"Micoulou Photographie"},"image":{"@id":"https:\/\/www.micoulou-photos.com\/#\/schema\/logo\/image\/"}},{"@type":"Person","@id":"https:\/\/www.micoulou-photos.com\/#\/schema\/person\/6aedfe8ebe91da632f46e7c9d806a722","name":"micoulou","image":{"@type":"ImageObject","inLanguage":"fr-FR","@id":"https:\/\/secure.gravatar.com\/avatar\/98f892eb7d267eab2faa437baa3edd708deaaa43929316c0cc7b751a04cb247b?s=96&d=mm&r=g","url":"https:\/\/secure.gravatar.com\/avatar\/98f892eb7d267eab2faa437baa3edd708deaaa43929316c0cc7b751a04cb247b?s=96&d=mm&r=g","contentUrl":"https:\/\/secure.gravatar.com\/avatar\/98f892eb7d267eab2faa437baa3edd708deaaa43929316c0cc7b751a04cb247b?s=96&d=mm&r=g","caption":"micoulou"},"url":"https:\/\/www.micoulou-photos.com\/index.php\/author\/micoulou\/"}]}},"jetpack_publicize_connections":[],"jetpack_featured_media_url":"https:\/\/i0.wp.com\/www.micoulou-photos.com\/wp-content\/uploads\/2016\/06\/Scan-160622-0032.jpg?fit=1200%2C757&ssl=1","jetpack_sharing_enabled":true,"jetpack_shortlink":"https:\/\/wp.me\/p7zKF4-zp","jetpack-related-posts":[{"id":1275,"url":"https:\/\/www.micoulou-photos.com\/index.php\/2015\/05\/22\/photantik-ep4-le-fed-3\/","url_meta":{"origin":2195,"position":0},"title":"Phot&rsquo;antik Ep4 : Le FED 3","author":"micoulou","date":"22 mai 2015","format":false,"excerpt":"Appareil tr\u00e8s commun en Russie, bas\u00e9 sur le Leica III (tr\u00e9sor de guerre apr\u00e8s la seconde guerre mondiale), le FED 3, si on oublie ses quelques soucis de fiabilit\u00e9 du aux stockage des milliers d'appareils russe produit est un appareil tr\u00e8s agr\u00e9able \u00e0 utiliser... J'ai fait une s\u00e9rie au salon\u2026","rel":"","context":"Dans &quot;phot'antik&quot;","block_context":{"text":"phot'antik","link":"https:\/\/www.micoulou-photos.com\/index.php\/category\/photantik\/"},"img":{"alt_text":"","src":"https:\/\/i0.wp.com\/img.youtube.com\/vi\/xi_yiurrmkk\/0.jpg?resize=350%2C200","width":350,"height":200},"classes":[]},{"id":801,"url":"https:\/\/www.micoulou-photos.com\/index.php\/2014\/03\/09\/eglise-de-trainou\/","url_meta":{"origin":2195,"position":1},"title":"Eglise de Trainou","author":"micoulou","date":"9 mars 2014","format":false,"excerpt":"Une petite VR de l'\u00e9glise de Trainou. Trainou est une petite ville du Loiret (45) de plus de 3000 habitant o\u00f9 j'ai pass\u00e9 mon enfance. Bien que ce soit une ville ancienne, elle n'a gard\u00e9 que peu de traces de son pass\u00e9, les ruines du ch\u00e2teau ne sont plus visibles,\u2026","rel":"","context":"Dans &quot;reportage&quot;","block_context":{"text":"reportage","link":"https:\/\/www.micoulou-photos.com\/index.php\/category\/reportage\/"},"img":{"alt_text":"","src":"https:\/\/i0.wp.com\/www.micoulou-photos.com\/wp-content\/uploads\/2014\/03\/eglise-web.jpg?fit=905%2C891&ssl=1&resize=350%2C200","width":350,"height":200,"srcset":"https:\/\/i0.wp.com\/www.micoulou-photos.com\/wp-content\/uploads\/2014\/03\/eglise-web.jpg?fit=905%2C891&ssl=1&resize=350%2C200 1x, https:\/\/i0.wp.com\/www.micoulou-photos.com\/wp-content\/uploads\/2014\/03\/eglise-web.jpg?fit=905%2C891&ssl=1&resize=525%2C300 1.5x, https:\/\/i0.wp.com\/www.micoulou-photos.com\/wp-content\/uploads\/2014\/03\/eglise-web.jpg?fit=905%2C891&ssl=1&resize=700%2C400 2x"},"classes":[]},{"id":1231,"url":"https:\/\/www.micoulou-photos.com\/index.php\/2015\/01\/12\/fin-2014-plaines-et-forets\/","url_meta":{"origin":2195,"position":2},"title":"Fin 2014 &#8211; plaines et forets","author":"micoulou","date":"12 janvier 2015","format":false,"excerpt":"Un petit best of de mes photos de cette fin d'ann\u00e9e, pas beaucoup d'exotisme, mais des essais de traitements sur des images plus classique de la campagne fran\u00e7aise.","rel":"","context":"Dans &quot;voyage&quot;","block_context":{"text":"voyage","link":"https:\/\/www.micoulou-photos.com\/index.php\/category\/voyage\/"},"img":{"alt_text":"","src":"https:\/\/i0.wp.com\/www.micoulou-photos.com\/wp-content\/uploads\/2015\/01\/MAR9822-Modifier.jpg?fit=1024%2C680&ssl=1&resize=350%2C200","width":350,"height":200,"srcset":"https:\/\/i0.wp.com\/www.micoulou-photos.com\/wp-content\/uploads\/2015\/01\/MAR9822-Modifier.jpg?fit=1024%2C680&ssl=1&resize=350%2C200 1x, https:\/\/i0.wp.com\/www.micoulou-photos.com\/wp-content\/uploads\/2015\/01\/MAR9822-Modifier.jpg?fit=1024%2C680&ssl=1&resize=525%2C300 1.5x, https:\/\/i0.wp.com\/www.micoulou-photos.com\/wp-content\/uploads\/2015\/01\/MAR9822-Modifier.jpg?fit=1024%2C680&ssl=1&resize=700%2C400 2x"},"classes":[]},{"id":4256,"url":"https:\/\/www.micoulou-photos.com\/index.php\/2018\/04\/10\/photantik-foret-dorleans-au-lever-du-soleil\/","url_meta":{"origin":2195,"position":3},"title":"Phot&rsquo;Antik : Foret d&rsquo;Orl\u00e9ans au lever du soleil","author":"micoulou","date":"10 avril 2018","format":false,"excerpt":"Voici une petite serie r\u00e9alis\u00e9 pour Phot'Antik : je suis parti avec mon Alpha 7 et mon Sigma 18mm. Comme je l'explique dans la vid\u00e9o, mes objectifs Sigma datent des ann\u00e9es 90, et sont coinc\u00e9 \u00e0 pleine ouverture quand ils sont mont\u00e9 sur Sony. \u00a0","rel":"","context":"Dans &quot;phot'antik&quot;","block_context":{"text":"phot'antik","link":"https:\/\/www.micoulou-photos.com\/index.php\/category\/photantik\/"},"img":{"alt_text":"","src":"https:\/\/i0.wp.com\/www.micoulou-photos.com\/wp-content\/uploads\/2018\/04\/Sans-titre-1.jpg?fit=1200%2C675&ssl=1&resize=350%2C200","width":350,"height":200,"srcset":"https:\/\/i0.wp.com\/www.micoulou-photos.com\/wp-content\/uploads\/2018\/04\/Sans-titre-1.jpg?fit=1200%2C675&ssl=1&resize=350%2C200 1x, https:\/\/i0.wp.com\/www.micoulou-photos.com\/wp-content\/uploads\/2018\/04\/Sans-titre-1.jpg?fit=1200%2C675&ssl=1&resize=525%2C300 1.5x, https:\/\/i0.wp.com\/www.micoulou-photos.com\/wp-content\/uploads\/2018\/04\/Sans-titre-1.jpg?fit=1200%2C675&ssl=1&resize=700%2C400 2x, https:\/\/i0.wp.com\/www.micoulou-photos.com\/wp-content\/uploads\/2018\/04\/Sans-titre-1.jpg?fit=1200%2C675&ssl=1&resize=1050%2C600 3x"},"classes":[]},{"id":4293,"url":"https:\/\/www.micoulou-photos.com\/index.php\/2018\/05\/11\/le-sigma-400mm-a-mirroir\/","url_meta":{"origin":2195,"position":4},"title":"Le sigma 400mm \u00e0 mirroir","author":"micoulou","date":"11 mai 2018","format":false,"excerpt":"\u00a0 J'ai test\u00e9, sur une s\u00e9rie en foret un Sigma 400mm catadioptrique. Je donne dans cette vid\u00e9o quelques informations technique sur ce genre d'objectif \u00e0 miroir et \u00e0 ouverture fixe, tr\u00e8s pr\u00e9sent dans les ann\u00e9es 70-80, on en voit quasiment plus en circulation. Vous pouvez voir ci dessous ainsi qu'\u00e0\u2026","rel":"","context":"Dans &quot;phot'antik&quot;","block_context":{"text":"phot'antik","link":"https:\/\/www.micoulou-photos.com\/index.php\/category\/photantik\/"},"img":{"alt_text":"","src":"https:\/\/i0.wp.com\/www.micoulou-photos.com\/wp-content\/uploads\/2018\/05\/DSC02984.jpg?fit=1200%2C800&ssl=1&resize=350%2C200","width":350,"height":200,"srcset":"https:\/\/i0.wp.com\/www.micoulou-photos.com\/wp-content\/uploads\/2018\/05\/DSC02984.jpg?fit=1200%2C800&ssl=1&resize=350%2C200 1x, https:\/\/i0.wp.com\/www.micoulou-photos.com\/wp-content\/uploads\/2018\/05\/DSC02984.jpg?fit=1200%2C800&ssl=1&resize=525%2C300 1.5x, https:\/\/i0.wp.com\/www.micoulou-photos.com\/wp-content\/uploads\/2018\/05\/DSC02984.jpg?fit=1200%2C800&ssl=1&resize=700%2C400 2x, https:\/\/i0.wp.com\/www.micoulou-photos.com\/wp-content\/uploads\/2018\/05\/DSC02984.jpg?fit=1200%2C800&ssl=1&resize=1050%2C600 3x"},"classes":[]},{"id":737,"url":"https:\/\/www.micoulou-photos.com\/index.php\/2014\/01\/20\/orleans\/","url_meta":{"origin":2195,"position":5},"title":"Orl\u00e9ans","author":"micoulou","date":"20 janvier 2014","format":false,"excerpt":"De passage \u00e0 Orl\u00e9ans, voici 2 petites VR de l\u2019ext\u00e9rieur de la cath\u00e9drale. Je tenterais l\u2019int\u00e9rieur lors de mes prochains passages.","rel":"","context":"Dans &quot;reportage&quot;","block_context":{"text":"reportage","link":"https:\/\/www.micoulou-photos.com\/index.php\/category\/reportage\/"},"img":{"alt_text":"","src":"https:\/\/i0.wp.com\/www.micoulou-photos.com\/wp-content\/uploads\/2014\/01\/IMGP1171.jpg?fit=1024%2C678&ssl=1&resize=350%2C200","width":350,"height":200,"srcset":"https:\/\/i0.wp.com\/www.micoulou-photos.com\/wp-content\/uploads\/2014\/01\/IMGP1171.jpg?fit=1024%2C678&ssl=1&resize=350%2C200 1x, https:\/\/i0.wp.com\/www.micoulou-photos.com\/wp-content\/uploads\/2014\/01\/IMGP1171.jpg?fit=1024%2C678&ssl=1&resize=525%2C300 1.5x, https:\/\/i0.wp.com\/www.micoulou-photos.com\/wp-content\/uploads\/2014\/01\/IMGP1171.jpg?fit=1024%2C678&ssl=1&resize=700%2C400 2x"},"classes":[]}],"_links":{"self":[{"href":"https:\/\/www.micoulou-photos.com\/index.php\/wp-json\/wp\/v2\/posts\/2195","targetHints":{"allow":["GET"]}}],"collection":[{"href":"https:\/\/www.micoulou-photos.com\/index.php\/wp-json\/wp\/v2\/posts"}],"about":[{"href":"https:\/\/www.micoulou-photos.com\/index.php\/wp-json\/wp\/v2\/types\/post"}],"author":[{"embeddable":true,"href":"https:\/\/www.micoulou-photos.com\/index.php\/wp-json\/wp\/v2\/users\/1"}],"replies":[{"embeddable":true,"href":"https:\/\/www.micoulou-photos.com\/index.php\/wp-json\/wp\/v2\/comments?post=2195"}],"version-history":[{"count":2,"href":"https:\/\/www.micoulou-photos.com\/index.php\/wp-json\/wp\/v2\/posts\/2195\/revisions"}],"predecessor-version":[{"id":2209,"href":"https:\/\/www.micoulou-photos.com\/index.php\/wp-json\/wp\/v2\/posts\/2195\/revisions\/2209"}],"wp:featuredmedia":[{"embeddable":true,"href":"https:\/\/www.micoulou-photos.com\/index.php\/wp-json\/wp\/v2\/media\/2199"}],"wp:attachment":[{"href":"https:\/\/www.micoulou-photos.com\/index.php\/wp-json\/wp\/v2\/media?parent=2195"}],"wp:term":[{"taxonomy":"category","embeddable":true,"href":"https:\/\/www.micoulou-photos.com\/index.php\/wp-json\/wp\/v2\/categories?post=2195"},{"taxonomy":"post_tag","embeddable":true,"href":"https:\/\/www.micoulou-photos.com\/index.php\/wp-json\/wp\/v2\/tags?post=2195"}],"curies":[{"name":"wp","href":"https:\/\/api.w.org\/{rel}","templated":true}]}}