{"id":213,"date":"2011-04-03T22:05:00","date_gmt":"2011-04-03T21:05:00","guid":{"rendered":"http:\/\/micoulou.info\/wp\/index.php\/2011\/04\/03\/paysage-de-saltburn\/"},"modified":"2011-04-03T22:05:00","modified_gmt":"2011-04-03T21:05:00","slug":"paysage-de-saltburn","status":"publish","type":"post","link":"https:\/\/www.micoulou-photos.com\/index.php\/2011\/04\/03\/paysage-de-saltburn\/","title":{"rendered":"paysage de Saltburn"},"content":{"rendered":"<p>Durant mon \u00ab\u00a0p\u00e9riple\u00a0\u00bb en Grande bretagne, j&rsquo;ai pu aller faire un tour du cot\u00e9 de Saltburn. Ayant discut\u00e9 un peu trop longtemps avec un copain, nous devions au d\u00e9part faire Middlesbrough-Redcar-Saltburn \u00e0 pied, nous avons finalement pris le train. Bien nous \u00e0 pris, nous avons d&rsquo;abord visit\u00e9 un petit parc, o\u00f9 j&rsquo;ai essayer de jouer avec les arbres et la lumi\u00e8re, tout en discutant&#8230; Nous sommes ensuite arriv\u00e9 sur la plage, juste au bon moment avec une lumi\u00e8re rasante, je me suis amus\u00e9 \u00e0 prendre un chien et la passerrelle. Enfin, nous sommes mont\u00e9s sur une falaise juste en face de la plage, ce qui m&rsquo;a permis de prendre quelques images impressionnantes, avec les industries de redcar en arri\u00e8re plan.<\/p>\n<div style=\"clear: both; text-align: center;\"><a href=\"https:\/\/i0.wp.com\/4.bp.blogspot.com\/-yfUCJM9gBb0\/TZDV7vtMpHI\/AAAAAAAAgQA\/vb7D5UCuzFA\/s1600\/IMG_0777.jpg\" style=\"margin-left: 1em; margin-right: 1em;\"><img data-recalc-dims=\"1\" fetchpriority=\"high\" decoding=\"async\" border=\"0\" height=\"213\" src=\"https:\/\/i0.wp.com\/4.bp.blogspot.com\/-yfUCJM9gBb0\/TZDV7vtMpHI\/AAAAAAAAgQA\/vb7D5UCuzFA\/s320\/IMG_0777.jpg?resize=320%2C213\" width=\"320\" \/><\/a><\/div>\n<p><\/p>\n<div style=\"clear: both; text-align: center;\"><a href=\"https:\/\/i0.wp.com\/4.bp.blogspot.com\/-fwOeOe_9G7w\/TZDVvApvHeI\/AAAAAAAAgPk\/ebkkrT9a3Ns\/s1600\/IMG_0769.jpg\" style=\"margin-left: 1em; margin-right: 1em;\"><img data-recalc-dims=\"1\" decoding=\"async\" border=\"0\" height=\"213\" src=\"https:\/\/i0.wp.com\/4.bp.blogspot.com\/-fwOeOe_9G7w\/TZDVvApvHeI\/AAAAAAAAgPk\/ebkkrT9a3Ns\/s320\/IMG_0769.jpg?resize=320%2C213\" width=\"320\" \/><\/a><\/div>\n<p><\/p>\n<div style=\"clear: both; text-align: center;\"><a href=\"https:\/\/i0.wp.com\/1.bp.blogspot.com\/-ydfDhxZ_2E0\/TZDV643bOdI\/AAAAAAAAgP8\/J08C5w6rzls\/s1600\/IMG_0779.jpg\" style=\"margin-left: 1em; margin-right: 1em;\"><img data-recalc-dims=\"1\" decoding=\"async\" border=\"0\" height=\"213\" src=\"https:\/\/i0.wp.com\/1.bp.blogspot.com\/-ydfDhxZ_2E0\/TZDV643bOdI\/AAAAAAAAgP8\/J08C5w6rzls\/s320\/IMG_0779.jpg?resize=320%2C213\" width=\"320\" \/><\/a><\/div>\n<p><\/p>\n<div style=\"clear: both; text-align: center;\"><a href=\"https:\/\/i0.wp.com\/1.bp.blogspot.com\/-epqeYNetHGo\/TZDZyVRxJ3I\/AAAAAAAAgV4\/uUEHjJrfP6g\/s1600\/IMGP9546.jpg\" style=\"margin-left: 1em; margin-right: 1em;\"><img data-recalc-dims=\"1\" loading=\"lazy\" decoding=\"async\" border=\"0\" height=\"212\" src=\"https:\/\/i0.wp.com\/1.bp.blogspot.com\/-epqeYNetHGo\/TZDZyVRxJ3I\/AAAAAAAAgV4\/uUEHjJrfP6g\/s320\/IMGP9546.jpg?resize=320%2C212\" width=\"320\" \/><\/a><\/div>\n<p><\/p>\n<div style=\"clear: both; text-align: center;\"><\/div>\n<div style=\"clear: both; text-align: center;\"><a href=\"https:\/\/i0.wp.com\/1.bp.blogspot.com\/-nLTKRAF-I1Q\/TZDaC-fkfsI\/AAAAAAAAgWc\/56PpOIuhD5I\/s1600\/IMGP9563.jpg\" style=\"margin-left: 1em; margin-right: 1em;\"><img data-recalc-dims=\"1\" loading=\"lazy\" decoding=\"async\" border=\"0\" height=\"212\" src=\"https:\/\/i0.wp.com\/1.bp.blogspot.com\/-nLTKRAF-I1Q\/TZDaC-fkfsI\/AAAAAAAAgWc\/56PpOIuhD5I\/s320\/IMGP9563.jpg?resize=320%2C212\" width=\"320\" \/><\/a><\/div>\n<p>&nbsp;&nbsp; Ces images ont \u00e9t\u00e9 prises en partie avec mon compact (S95) et avec le Pentax k-x et le 77mm. Le rendu du 77 est impressionnant, mais le compact se debrouille plus que bien. Avec de la bonne lumi\u00e8re, un bon compact on peux reussir \u00e0 faire des images plutot impressionnantes!<\/p>\n","protected":false},"excerpt":{"rendered":"<p>Durant mon \u00ab\u00a0p\u00e9riple\u00a0\u00bb en Grande bretagne, j&rsquo;ai pu aller faire un tour du cot\u00e9 de Saltburn. Ayant discut\u00e9 un peu trop longtemps avec un copain, nous devions au d\u00e9part faire Middlesbrough-Redcar-Saltburn \u00e0 pied, nous avons finalement pris le train. Bien nous \u00e0 pris, nous avons d&rsquo;abord visit\u00e9 un petit parc, o\u00f9 j&rsquo;ai essayer de jouer [&hellip;]<\/p>\n","protected":false},"author":1,"featured_media":0,"comment_status":"open","ping_status":"open","sticky":false,"template":"","format":"standard","meta":{"jetpack_post_was_ever_published":false,"_jetpack_newsletter_access":"","_jetpack_dont_email_post_to_subs":false,"_jetpack_newsletter_tier_id":0,"_jetpack_memberships_contains_paywalled_content":false,"_jetpack_memberships_contains_paid_content":false,"footnotes":"","jetpack_publicize_message":"","jetpack_publicize_feature_enabled":true,"jetpack_social_post_already_shared":false,"jetpack_social_options":{"image_generator_settings":{"template":"highway","default_image_id":0,"font":"","enabled":false},"version":2}},"categories":[1],"tags":[],"class_list":["post-213","post","type-post","status-publish","format-standard","hentry","category-non-classe"],"yoast_head":"<!-- This site is optimized with the Yoast SEO plugin v27.5 - https:\/\/yoast.com\/product\/yoast-seo-wordpress\/ -->\n<title>paysage de Saltburn - Micoulou Photographie<\/title>\n<meta name=\"robots\" content=\"index, follow, max-snippet:-1, max-image-preview:large, max-video-preview:-1\" \/>\n<link rel=\"canonical\" href=\"https:\/\/www.micoulou-photos.com\/index.php\/2011\/04\/03\/paysage-de-saltburn\/\" \/>\n<meta property=\"og:locale\" content=\"fr_FR\" \/>\n<meta property=\"og:type\" content=\"article\" \/>\n<meta property=\"og:title\" content=\"paysage de Saltburn - Micoulou Photographie\" \/>\n<meta property=\"og:description\" content=\"Durant mon \u00ab\u00a0p\u00e9riple\u00a0\u00bb en Grande bretagne, j&rsquo;ai pu aller faire un tour du cot\u00e9 de Saltburn. Ayant discut\u00e9 un peu trop longtemps avec un copain, nous devions au d\u00e9part faire Middlesbrough-Redcar-Saltburn \u00e0 pied, nous avons finalement pris le train. Bien nous \u00e0 pris, nous avons d&rsquo;abord visit\u00e9 un petit parc, o\u00f9 j&rsquo;ai essayer de jouer [&hellip;]\" \/>\n<meta property=\"og:url\" content=\"https:\/\/www.micoulou-photos.com\/index.php\/2011\/04\/03\/paysage-de-saltburn\/\" \/>\n<meta property=\"og:site_name\" content=\"Micoulou Photographie\" \/>\n<meta property=\"article:published_time\" content=\"2011-04-03T21:05:00+00:00\" \/>\n<meta property=\"og:image\" content=\"http:\/\/4.bp.blogspot.com\/-yfUCJM9gBb0\/TZDV7vtMpHI\/AAAAAAAAgQA\/vb7D5UCuzFA\/s320\/IMG_0777.jpg\" \/>\n<meta name=\"author\" content=\"micoulou\" \/>\n<meta name=\"twitter:card\" content=\"summary_large_image\" \/>\n<meta name=\"twitter:label1\" content=\"\u00c9crit par\" \/>\n\t<meta name=\"twitter:data1\" content=\"micoulou\" \/>\n\t<meta name=\"twitter:label2\" content=\"Dur\u00e9e de lecture estim\u00e9e\" \/>\n\t<meta name=\"twitter:data2\" content=\"1 minute\" \/>\n<script type=\"application\/ld+json\" class=\"yoast-schema-graph\">{\"@context\":\"https:\\\/\\\/schema.org\",\"@graph\":[{\"@type\":\"Article\",\"@id\":\"https:\\\/\\\/www.micoulou-photos.com\\\/index.php\\\/2011\\\/04\\\/03\\\/paysage-de-saltburn\\\/#article\",\"isPartOf\":{\"@id\":\"https:\\\/\\\/www.micoulou-photos.com\\\/index.php\\\/2011\\\/04\\\/03\\\/paysage-de-saltburn\\\/\"},\"author\":{\"name\":\"micoulou\",\"@id\":\"https:\\\/\\\/www.micoulou-photos.com\\\/#\\\/schema\\\/person\\\/6aedfe8ebe91da632f46e7c9d806a722\"},\"headline\":\"paysage de Saltburn\",\"datePublished\":\"2011-04-03T21:05:00+00:00\",\"mainEntityOfPage\":{\"@id\":\"https:\\\/\\\/www.micoulou-photos.com\\\/index.php\\\/2011\\\/04\\\/03\\\/paysage-de-saltburn\\\/\"},\"wordCount\":181,\"commentCount\":0,\"publisher\":{\"@id\":\"https:\\\/\\\/www.micoulou-photos.com\\\/#organization\"},\"image\":{\"@id\":\"https:\\\/\\\/www.micoulou-photos.com\\\/index.php\\\/2011\\\/04\\\/03\\\/paysage-de-saltburn\\\/#primaryimage\"},\"thumbnailUrl\":\"http:\\\/\\\/4.bp.blogspot.com\\\/-yfUCJM9gBb0\\\/TZDV7vtMpHI\\\/AAAAAAAAgQA\\\/vb7D5UCuzFA\\\/s320\\\/IMG_0777.jpg\",\"inLanguage\":\"fr-FR\",\"potentialAction\":[{\"@type\":\"CommentAction\",\"name\":\"Comment\",\"target\":[\"https:\\\/\\\/www.micoulou-photos.com\\\/index.php\\\/2011\\\/04\\\/03\\\/paysage-de-saltburn\\\/#respond\"]}]},{\"@type\":\"WebPage\",\"@id\":\"https:\\\/\\\/www.micoulou-photos.com\\\/index.php\\\/2011\\\/04\\\/03\\\/paysage-de-saltburn\\\/\",\"url\":\"https:\\\/\\\/www.micoulou-photos.com\\\/index.php\\\/2011\\\/04\\\/03\\\/paysage-de-saltburn\\\/\",\"name\":\"paysage de Saltburn - Micoulou Photographie\",\"isPartOf\":{\"@id\":\"https:\\\/\\\/www.micoulou-photos.com\\\/#website\"},\"primaryImageOfPage\":{\"@id\":\"https:\\\/\\\/www.micoulou-photos.com\\\/index.php\\\/2011\\\/04\\\/03\\\/paysage-de-saltburn\\\/#primaryimage\"},\"image\":{\"@id\":\"https:\\\/\\\/www.micoulou-photos.com\\\/index.php\\\/2011\\\/04\\\/03\\\/paysage-de-saltburn\\\/#primaryimage\"},\"thumbnailUrl\":\"http:\\\/\\\/4.bp.blogspot.com\\\/-yfUCJM9gBb0\\\/TZDV7vtMpHI\\\/AAAAAAAAgQA\\\/vb7D5UCuzFA\\\/s320\\\/IMG_0777.jpg\",\"datePublished\":\"2011-04-03T21:05:00+00:00\",\"breadcrumb\":{\"@id\":\"https:\\\/\\\/www.micoulou-photos.com\\\/index.php\\\/2011\\\/04\\\/03\\\/paysage-de-saltburn\\\/#breadcrumb\"},\"inLanguage\":\"fr-FR\",\"potentialAction\":[{\"@type\":\"ReadAction\",\"target\":[\"https:\\\/\\\/www.micoulou-photos.com\\\/index.php\\\/2011\\\/04\\\/03\\\/paysage-de-saltburn\\\/\"]}]},{\"@type\":\"ImageObject\",\"inLanguage\":\"fr-FR\",\"@id\":\"https:\\\/\\\/www.micoulou-photos.com\\\/index.php\\\/2011\\\/04\\\/03\\\/paysage-de-saltburn\\\/#primaryimage\",\"url\":\"http:\\\/\\\/4.bp.blogspot.com\\\/-yfUCJM9gBb0\\\/TZDV7vtMpHI\\\/AAAAAAAAgQA\\\/vb7D5UCuzFA\\\/s320\\\/IMG_0777.jpg\",\"contentUrl\":\"http:\\\/\\\/4.bp.blogspot.com\\\/-yfUCJM9gBb0\\\/TZDV7vtMpHI\\\/AAAAAAAAgQA\\\/vb7D5UCuzFA\\\/s320\\\/IMG_0777.jpg\"},{\"@type\":\"BreadcrumbList\",\"@id\":\"https:\\\/\\\/www.micoulou-photos.com\\\/index.php\\\/2011\\\/04\\\/03\\\/paysage-de-saltburn\\\/#breadcrumb\",\"itemListElement\":[{\"@type\":\"ListItem\",\"position\":1,\"name\":\"Accueil\",\"item\":\"https:\\\/\\\/www.micoulou-photos.com\\\/\"},{\"@type\":\"ListItem\",\"position\":2,\"name\":\"paysage de Saltburn\"}]},{\"@type\":\"WebSite\",\"@id\":\"https:\\\/\\\/www.micoulou-photos.com\\\/#website\",\"url\":\"https:\\\/\\\/www.micoulou-photos.com\\\/\",\"name\":\"Micoulou Photographie\",\"description\":\"Photographies, Visites virtuelles et formations par Mickael Minarie\",\"publisher\":{\"@id\":\"https:\\\/\\\/www.micoulou-photos.com\\\/#organization\"},\"potentialAction\":[{\"@type\":\"SearchAction\",\"target\":{\"@type\":\"EntryPoint\",\"urlTemplate\":\"https:\\\/\\\/www.micoulou-photos.com\\\/?s={search_term_string}\"},\"query-input\":{\"@type\":\"PropertyValueSpecification\",\"valueRequired\":true,\"valueName\":\"search_term_string\"}}],\"inLanguage\":\"fr-FR\"},{\"@type\":\"Organization\",\"@id\":\"https:\\\/\\\/www.micoulou-photos.com\\\/#organization\",\"name\":\"Micoulou Photographie\",\"url\":\"https:\\\/\\\/www.micoulou-photos.com\\\/\",\"logo\":{\"@type\":\"ImageObject\",\"inLanguage\":\"fr-FR\",\"@id\":\"https:\\\/\\\/www.micoulou-photos.com\\\/#\\\/schema\\\/logo\\\/image\\\/\",\"url\":\"https:\\\/\\\/i0.wp.com\\\/www.micoulou-photos.com\\\/wp-content\\\/uploads\\\/2020\\\/05\\\/cropped-891667_552097324824916_1615181552_o-1.jpg?fit=643%2C722&ssl=1\",\"contentUrl\":\"https:\\\/\\\/i0.wp.com\\\/www.micoulou-photos.com\\\/wp-content\\\/uploads\\\/2020\\\/05\\\/cropped-891667_552097324824916_1615181552_o-1.jpg?fit=643%2C722&ssl=1\",\"width\":643,\"height\":722,\"caption\":\"Micoulou Photographie\"},\"image\":{\"@id\":\"https:\\\/\\\/www.micoulou-photos.com\\\/#\\\/schema\\\/logo\\\/image\\\/\"}},{\"@type\":\"Person\",\"@id\":\"https:\\\/\\\/www.micoulou-photos.com\\\/#\\\/schema\\\/person\\\/6aedfe8ebe91da632f46e7c9d806a722\",\"name\":\"micoulou\",\"image\":{\"@type\":\"ImageObject\",\"inLanguage\":\"fr-FR\",\"@id\":\"https:\\\/\\\/secure.gravatar.com\\\/avatar\\\/98f892eb7d267eab2faa437baa3edd708deaaa43929316c0cc7b751a04cb247b?s=96&d=mm&r=g\",\"url\":\"https:\\\/\\\/secure.gravatar.com\\\/avatar\\\/98f892eb7d267eab2faa437baa3edd708deaaa43929316c0cc7b751a04cb247b?s=96&d=mm&r=g\",\"contentUrl\":\"https:\\\/\\\/secure.gravatar.com\\\/avatar\\\/98f892eb7d267eab2faa437baa3edd708deaaa43929316c0cc7b751a04cb247b?s=96&d=mm&r=g\",\"caption\":\"micoulou\"},\"url\":\"https:\\\/\\\/www.micoulou-photos.com\\\/index.php\\\/author\\\/micoulou\\\/\"}]}<\/script>\n<!-- \/ Yoast SEO plugin. -->","yoast_head_json":{"title":"paysage de Saltburn - Micoulou Photographie","robots":{"index":"index","follow":"follow","max-snippet":"max-snippet:-1","max-image-preview":"max-image-preview:large","max-video-preview":"max-video-preview:-1"},"canonical":"https:\/\/www.micoulou-photos.com\/index.php\/2011\/04\/03\/paysage-de-saltburn\/","og_locale":"fr_FR","og_type":"article","og_title":"paysage de Saltburn - Micoulou Photographie","og_description":"Durant mon \u00ab\u00a0p\u00e9riple\u00a0\u00bb en Grande bretagne, j&rsquo;ai pu aller faire un tour du cot\u00e9 de Saltburn. Ayant discut\u00e9 un peu trop longtemps avec un copain, nous devions au d\u00e9part faire Middlesbrough-Redcar-Saltburn \u00e0 pied, nous avons finalement pris le train. Bien nous \u00e0 pris, nous avons d&rsquo;abord visit\u00e9 un petit parc, o\u00f9 j&rsquo;ai essayer de jouer [&hellip;]","og_url":"https:\/\/www.micoulou-photos.com\/index.php\/2011\/04\/03\/paysage-de-saltburn\/","og_site_name":"Micoulou Photographie","article_published_time":"2011-04-03T21:05:00+00:00","og_image":[{"url":"http:\/\/4.bp.blogspot.com\/-yfUCJM9gBb0\/TZDV7vtMpHI\/AAAAAAAAgQA\/vb7D5UCuzFA\/s320\/IMG_0777.jpg","type":"","width":"","height":""}],"author":"micoulou","twitter_card":"summary_large_image","twitter_misc":{"\u00c9crit par":"micoulou","Dur\u00e9e de lecture estim\u00e9e":"1 minute"},"schema":{"@context":"https:\/\/schema.org","@graph":[{"@type":"Article","@id":"https:\/\/www.micoulou-photos.com\/index.php\/2011\/04\/03\/paysage-de-saltburn\/#article","isPartOf":{"@id":"https:\/\/www.micoulou-photos.com\/index.php\/2011\/04\/03\/paysage-de-saltburn\/"},"author":{"name":"micoulou","@id":"https:\/\/www.micoulou-photos.com\/#\/schema\/person\/6aedfe8ebe91da632f46e7c9d806a722"},"headline":"paysage de Saltburn","datePublished":"2011-04-03T21:05:00+00:00","mainEntityOfPage":{"@id":"https:\/\/www.micoulou-photos.com\/index.php\/2011\/04\/03\/paysage-de-saltburn\/"},"wordCount":181,"commentCount":0,"publisher":{"@id":"https:\/\/www.micoulou-photos.com\/#organization"},"image":{"@id":"https:\/\/www.micoulou-photos.com\/index.php\/2011\/04\/03\/paysage-de-saltburn\/#primaryimage"},"thumbnailUrl":"http:\/\/4.bp.blogspot.com\/-yfUCJM9gBb0\/TZDV7vtMpHI\/AAAAAAAAgQA\/vb7D5UCuzFA\/s320\/IMG_0777.jpg","inLanguage":"fr-FR","potentialAction":[{"@type":"CommentAction","name":"Comment","target":["https:\/\/www.micoulou-photos.com\/index.php\/2011\/04\/03\/paysage-de-saltburn\/#respond"]}]},{"@type":"WebPage","@id":"https:\/\/www.micoulou-photos.com\/index.php\/2011\/04\/03\/paysage-de-saltburn\/","url":"https:\/\/www.micoulou-photos.com\/index.php\/2011\/04\/03\/paysage-de-saltburn\/","name":"paysage de Saltburn - Micoulou Photographie","isPartOf":{"@id":"https:\/\/www.micoulou-photos.com\/#website"},"primaryImageOfPage":{"@id":"https:\/\/www.micoulou-photos.com\/index.php\/2011\/04\/03\/paysage-de-saltburn\/#primaryimage"},"image":{"@id":"https:\/\/www.micoulou-photos.com\/index.php\/2011\/04\/03\/paysage-de-saltburn\/#primaryimage"},"thumbnailUrl":"http:\/\/4.bp.blogspot.com\/-yfUCJM9gBb0\/TZDV7vtMpHI\/AAAAAAAAgQA\/vb7D5UCuzFA\/s320\/IMG_0777.jpg","datePublished":"2011-04-03T21:05:00+00:00","breadcrumb":{"@id":"https:\/\/www.micoulou-photos.com\/index.php\/2011\/04\/03\/paysage-de-saltburn\/#breadcrumb"},"inLanguage":"fr-FR","potentialAction":[{"@type":"ReadAction","target":["https:\/\/www.micoulou-photos.com\/index.php\/2011\/04\/03\/paysage-de-saltburn\/"]}]},{"@type":"ImageObject","inLanguage":"fr-FR","@id":"https:\/\/www.micoulou-photos.com\/index.php\/2011\/04\/03\/paysage-de-saltburn\/#primaryimage","url":"http:\/\/4.bp.blogspot.com\/-yfUCJM9gBb0\/TZDV7vtMpHI\/AAAAAAAAgQA\/vb7D5UCuzFA\/s320\/IMG_0777.jpg","contentUrl":"http:\/\/4.bp.blogspot.com\/-yfUCJM9gBb0\/TZDV7vtMpHI\/AAAAAAAAgQA\/vb7D5UCuzFA\/s320\/IMG_0777.jpg"},{"@type":"BreadcrumbList","@id":"https:\/\/www.micoulou-photos.com\/index.php\/2011\/04\/03\/paysage-de-saltburn\/#breadcrumb","itemListElement":[{"@type":"ListItem","position":1,"name":"Accueil","item":"https:\/\/www.micoulou-photos.com\/"},{"@type":"ListItem","position":2,"name":"paysage de Saltburn"}]},{"@type":"WebSite","@id":"https:\/\/www.micoulou-photos.com\/#website","url":"https:\/\/www.micoulou-photos.com\/","name":"Micoulou Photographie","description":"Photographies, Visites virtuelles et formations par Mickael Minarie","publisher":{"@id":"https:\/\/www.micoulou-photos.com\/#organization"},"potentialAction":[{"@type":"SearchAction","target":{"@type":"EntryPoint","urlTemplate":"https:\/\/www.micoulou-photos.com\/?s={search_term_string}"},"query-input":{"@type":"PropertyValueSpecification","valueRequired":true,"valueName":"search_term_string"}}],"inLanguage":"fr-FR"},{"@type":"Organization","@id":"https:\/\/www.micoulou-photos.com\/#organization","name":"Micoulou Photographie","url":"https:\/\/www.micoulou-photos.com\/","logo":{"@type":"ImageObject","inLanguage":"fr-FR","@id":"https:\/\/www.micoulou-photos.com\/#\/schema\/logo\/image\/","url":"https:\/\/i0.wp.com\/www.micoulou-photos.com\/wp-content\/uploads\/2020\/05\/cropped-891667_552097324824916_1615181552_o-1.jpg?fit=643%2C722&ssl=1","contentUrl":"https:\/\/i0.wp.com\/www.micoulou-photos.com\/wp-content\/uploads\/2020\/05\/cropped-891667_552097324824916_1615181552_o-1.jpg?fit=643%2C722&ssl=1","width":643,"height":722,"caption":"Micoulou Photographie"},"image":{"@id":"https:\/\/www.micoulou-photos.com\/#\/schema\/logo\/image\/"}},{"@type":"Person","@id":"https:\/\/www.micoulou-photos.com\/#\/schema\/person\/6aedfe8ebe91da632f46e7c9d806a722","name":"micoulou","image":{"@type":"ImageObject","inLanguage":"fr-FR","@id":"https:\/\/secure.gravatar.com\/avatar\/98f892eb7d267eab2faa437baa3edd708deaaa43929316c0cc7b751a04cb247b?s=96&d=mm&r=g","url":"https:\/\/secure.gravatar.com\/avatar\/98f892eb7d267eab2faa437baa3edd708deaaa43929316c0cc7b751a04cb247b?s=96&d=mm&r=g","contentUrl":"https:\/\/secure.gravatar.com\/avatar\/98f892eb7d267eab2faa437baa3edd708deaaa43929316c0cc7b751a04cb247b?s=96&d=mm&r=g","caption":"micoulou"},"url":"https:\/\/www.micoulou-photos.com\/index.php\/author\/micoulou\/"}]}},"jetpack_publicize_connections":[],"jetpack_featured_media_url":"","jetpack_sharing_enabled":true,"jetpack_shortlink":"https:\/\/wp.me\/p7zKF4-3r","jetpack-related-posts":[{"id":200,"url":"https:\/\/www.micoulou-photos.com\/index.php\/2011\/04\/23\/trois-rivieres\/","url_meta":{"origin":213,"position":0},"title":"Trois Rivi\u00e8res","author":"micoulou","date":"23 avril 2011","format":false,"excerpt":"Comme je ne l'ai pas encore racont\u00e9, voici mon p\u00e9riple rapide \u00e0 trois rivi\u00e8res...Apr\u00e8s la superbe lumi\u00e8re du premier soir o\u00f9 j'etais parti prendre des photos (voir l'article en dessous), mais o\u00f9 malheuresement, je me suis rendu compte en rentrant que mon boitier etait cass\u00e9... (il a pris un coup,\u2026","rel":"","context":"Dans &quot;Non class\u00e9&quot;","block_context":{"text":"Non class\u00e9","link":"https:\/\/www.micoulou-photos.com\/index.php\/category\/non-classe\/"},"img":{"alt_text":"","src":"https:\/\/i0.wp.com\/4.bp.blogspot.com\/-uF4YKr1WXnY\/TbSG1HEbWUI\/AAAAAAAAhIw\/jUodnVzd-Zs\/s320\/IMGP1120.jpg?resize=350%2C200","width":350,"height":200},"classes":[]},{"id":32,"url":"https:\/\/www.micoulou-photos.com\/index.php\/2014\/02\/08\/filmage\/","url_meta":{"origin":213,"position":1},"title":"filmage","author":"micoulou","date":"8 f\u00e9vrier 2014","format":false,"excerpt":"Bonsoir \u00e0 tous, Pour ce premier article de cette ann\u00e9e, je vais parl\u00e9 un peu de mon exp\u00e9rience de filmage. Je suis donc parti un peu plus de 2 semaines dans la station des 7 Laux en Is\u00e8re, dans les belledones en tant que \"photographe-filmeur\". Je ferais sur mon site\u2026","rel":"","context":"Dans &quot;Asperger&quot;","block_context":{"text":"Asperger","link":"https:\/\/www.micoulou-photos.com\/index.php\/category\/asperger\/"},"img":{"alt_text":"","src":"","width":0,"height":0},"classes":[]},{"id":202,"url":"https:\/\/www.micoulou-photos.com\/index.php\/2011\/04\/21\/quick-update\/","url_meta":{"origin":213,"position":2},"title":"Quick update","author":"micoulou","date":"21 avril 2011","format":false,"excerpt":"Une petite update rapide... Je pref\u00e8re attendre un peu avant de mettre quelque chose de plus long... Mes 2 jours \u00e0 Rivi\u00e8re du loup se sont bien pass\u00e9s, j'ai rencontr\u00e9 2 personnes sympa et j'ai visit\u00e9 le mus\u00e9e de la prison quebecoise bien interressant.Depuis hier soir, les erreurs et les\u2026","rel":"","context":"Dans &quot;Non class\u00e9&quot;","block_context":{"text":"Non class\u00e9","link":"https:\/\/www.micoulou-photos.com\/index.php\/category\/non-classe\/"},"img":{"alt_text":"","src":"","width":0,"height":0},"classes":[]},{"id":212,"url":"https:\/\/www.micoulou-photos.com\/index.php\/2011\/04\/03\/pause-lente-sur-aberdeen\/","url_meta":{"origin":213,"position":3},"title":"pause lente sur Aberdeen","author":"micoulou","date":"3 avril 2011","format":false,"excerpt":"Durant mes premi\u00e8res semaines \u00e0 Aberdeen, nous avions, avec quelques personnes du club escalade fait un ballade de nuit sur le port et la plage du sud d'Aberdeen. A l'epoque, j'avai bien pris un trepied, mais j'ai fait toutes mes images en sous exposant comme un porc, le tout \u00e0\u2026","rel":"","context":"Dans &quot;Non class\u00e9&quot;","block_context":{"text":"Non class\u00e9","link":"https:\/\/www.micoulou-photos.com\/index.php\/category\/non-classe\/"},"img":{"alt_text":"","src":"https:\/\/i0.wp.com\/1.bp.blogspot.com\/-IASDkmXbtXo\/TZDXznJhthI\/AAAAAAAAgSc\/Eu0qADglzRs\/s320\/IMG_0863.jpg?resize=350%2C200","width":350,"height":200},"classes":[]},{"id":193,"url":"https:\/\/www.micoulou-photos.com\/index.php\/2011\/05\/07\/traversee-kingston-osoyoos\/","url_meta":{"origin":213,"position":4},"title":"travers\u00e9e Kingston &#8211; Osoyoos&#8230;","author":"micoulou","date":"7 mai 2011","format":false,"excerpt":"Bon, enfin un article sur cette travers\u00e9e... Quand on est europeen, aller d'une partie d'un pays \u00e0 l'autre est rapide, en plus on a des TGV, pandolino, HST et autres ICE... Ici, on a le choix entre l'avion (poluant et cher), le train (lent et cher) et le bus... C'est\u2026","rel":"","context":"Dans &quot;Non class\u00e9&quot;","block_context":{"text":"Non class\u00e9","link":"https:\/\/www.micoulou-photos.com\/index.php\/category\/non-classe\/"},"img":{"alt_text":"","src":"https:\/\/i0.wp.com\/1.bp.blogspot.com\/-ctAtEa9r8W4\/TcDyBNfBgfI\/AAAAAAAAhe0\/8ZhFVKdvJsc\/s320\/IMGP2019.jpg?resize=350%2C200","width":350,"height":200},"classes":[]},{"id":5327,"url":"https:\/\/www.micoulou-photos.com\/index.php\/2019\/10\/24\/les-aventures-dun-aspiboy-ep5-piste-cyclable-roger-labetie\/","url_meta":{"origin":213,"position":5},"title":"Les aventures d&rsquo;un aspiboy EP5 : Piste cyclable Roger Lap\u00e9bie","author":"micoulou","date":"24 octobre 2019","format":false,"excerpt":"Je vous ai d\u00e9j\u00e0 parl\u00e9 de cette piste cyclable dans les vid\u00e9os, mais l\u00e0 j'ai pu la faire presque en int\u00e9gralit\u00e9 (j'essaye de faire le reste demain pour la vid\u00e9o sur le Pentax K100D\/K110D), avec quelques aventures sur le chemins, donc je vais vous conter cel\u00e0 ici. Le contexte :\u2026","rel":"","context":"Dans &quot;Asperger&quot;","block_context":{"text":"Asperger","link":"https:\/\/www.micoulou-photos.com\/index.php\/category\/asperger\/"},"img":{"alt_text":"","src":"https:\/\/i0.wp.com\/www.micoulou-photos.com\/wp-content\/uploads\/2019\/10\/DSC00533.jpg?fit=1200%2C802&ssl=1&resize=350%2C200","width":350,"height":200,"srcset":"https:\/\/i0.wp.com\/www.micoulou-photos.com\/wp-content\/uploads\/2019\/10\/DSC00533.jpg?fit=1200%2C802&ssl=1&resize=350%2C200 1x, https:\/\/i0.wp.com\/www.micoulou-photos.com\/wp-content\/uploads\/2019\/10\/DSC00533.jpg?fit=1200%2C802&ssl=1&resize=525%2C300 1.5x, https:\/\/i0.wp.com\/www.micoulou-photos.com\/wp-content\/uploads\/2019\/10\/DSC00533.jpg?fit=1200%2C802&ssl=1&resize=700%2C400 2x, https:\/\/i0.wp.com\/www.micoulou-photos.com\/wp-content\/uploads\/2019\/10\/DSC00533.jpg?fit=1200%2C802&ssl=1&resize=1050%2C600 3x"},"classes":[]}],"_links":{"self":[{"href":"https:\/\/www.micoulou-photos.com\/index.php\/wp-json\/wp\/v2\/posts\/213","targetHints":{"allow":["GET"]}}],"collection":[{"href":"https:\/\/www.micoulou-photos.com\/index.php\/wp-json\/wp\/v2\/posts"}],"about":[{"href":"https:\/\/www.micoulou-photos.com\/index.php\/wp-json\/wp\/v2\/types\/post"}],"author":[{"embeddable":true,"href":"https:\/\/www.micoulou-photos.com\/index.php\/wp-json\/wp\/v2\/users\/1"}],"replies":[{"embeddable":true,"href":"https:\/\/www.micoulou-photos.com\/index.php\/wp-json\/wp\/v2\/comments?post=213"}],"version-history":[{"count":0,"href":"https:\/\/www.micoulou-photos.com\/index.php\/wp-json\/wp\/v2\/posts\/213\/revisions"}],"wp:attachment":[{"href":"https:\/\/www.micoulou-photos.com\/index.php\/wp-json\/wp\/v2\/media?parent=213"}],"wp:term":[{"taxonomy":"category","embeddable":true,"href":"https:\/\/www.micoulou-photos.com\/index.php\/wp-json\/wp\/v2\/categories?post=213"},{"taxonomy":"post_tag","embeddable":true,"href":"https:\/\/www.micoulou-photos.com\/index.php\/wp-json\/wp\/v2\/tags?post=213"}],"curies":[{"name":"wp","href":"https:\/\/api.w.org\/{rel}","templated":true}]}}