{"id":210,"date":"2011-04-07T16:45:00","date_gmt":"2011-04-07T15:45:00","guid":{"rendered":"http:\/\/micoulou.info\/wp\/index.php\/2011\/04\/07\/quelques-jours-depuis-mon-arrivee\/"},"modified":"2011-04-07T16:45:00","modified_gmt":"2011-04-07T15:45:00","slug":"quelques-jours-depuis-mon-arrivee","status":"publish","type":"post","link":"https:\/\/www.micoulou-photos.com\/index.php\/2011\/04\/07\/quelques-jours-depuis-mon-arrivee\/","title":{"rendered":"quelques jours depuis mon arriv\u00e9e."},"content":{"rendered":"<p>Un petit bilan apr\u00e8s quelques jours sur Quebec&#8230; Aujourd&rsquo;hui, je ne me sens pas trop bien, surement un coup de froid&#8230; J&rsquo;avais bien l&rsquo;impression de qu&rsquo;il ne faisait franchement pas chaud, mais en regardant la m\u00e9t\u00e9o, j&rsquo;ai compris que je ne r\u00eavais pas : -6\u00b0 ressentie&#8230; Je ne m&rsquo;attendais vraiment pas \u00e0 \u00e7a.<br \/>Sinon, la nourriture n&rsquo;est pas mauvais, il suffit d&rsquo;\u00e9viter les fast food&#8230; C&rsquo;est plut\u00f4t bon!<br \/>Je n&rsquo;ai pas encore pris de photos vraiment int\u00e9ressantes, je vais vous faire part de quelques unes, m\u00eame si le niveau est quand m\u00eame tr\u00e8s bas&#8230;<\/p>\n<table align=\"center\" cellpadding=\"0\" cellspacing=\"0\" style=\"margin-left: auto; margin-right: auto; text-align: center;\">\n<tbody>\n<tr>\n<td style=\"text-align: center;\"><a href=\"https:\/\/i0.wp.com\/4.bp.blogspot.com\/-8GgSLQ1xoHI\/TZ3YVaYWR2I\/AAAAAAAAgl8\/gVZV1b1KGrs\/s1600\/IMGP0091.jpg\" style=\"margin-left: auto; margin-right: auto;\"><img data-recalc-dims=\"1\" fetchpriority=\"high\" decoding=\"async\" border=\"0\" height=\"320\" src=\"https:\/\/i0.wp.com\/4.bp.blogspot.com\/-8GgSLQ1xoHI\/TZ3YVaYWR2I\/AAAAAAAAgl8\/gVZV1b1KGrs\/s320\/IMGP0091.jpg?resize=212%2C320\" width=\"212\" \/><\/a><\/td>\n<\/tr>\n<tr>\n<td style=\"text-align: center;\">Montr\u00e9al depuis le mont royal<\/td>\n<\/tr>\n<\/tbody>\n<\/table>\n<p><\/p>\n<table align=\"center\" cellpadding=\"0\" cellspacing=\"0\" style=\"margin-left: auto; margin-right: auto; text-align: center;\">\n<tbody>\n<tr>\n<td style=\"text-align: center;\"><a href=\"https:\/\/i0.wp.com\/1.bp.blogspot.com\/-D3c4ZMs5W7M\/TZ3YV9iqZXI\/AAAAAAAAgmA\/1rABcTAmlR0\/s1600\/IMGP0120.jpg\" style=\"margin-left: auto; margin-right: auto;\"><img data-recalc-dims=\"1\" decoding=\"async\" border=\"0\" height=\"320\" src=\"https:\/\/i0.wp.com\/1.bp.blogspot.com\/-D3c4ZMs5W7M\/TZ3YV9iqZXI\/AAAAAAAAgmA\/1rABcTAmlR0\/s320\/IMGP0120.jpg?resize=212%2C320\" width=\"212\" \/><\/a><\/td>\n<\/tr>\n<tr>\n<td style=\"text-align: center;\">Mont Royal<\/td>\n<\/tr>\n<\/tbody>\n<\/table>\n<p><\/p>\n<table align=\"center\" cellpadding=\"0\" cellspacing=\"0\" style=\"margin-left: auto; margin-right: auto; text-align: center;\">\n<tbody>\n<tr>\n<td style=\"text-align: center;\"><a href=\"https:\/\/i0.wp.com\/4.bp.blogspot.com\/-6yK_NzH_yi4\/TZ3YWPC6VQI\/AAAAAAAAgmY\/Iht4IS5vBxs\/s1600\/IMGP0133.jpg\" style=\"margin-left: auto; margin-right: auto;\"><img data-recalc-dims=\"1\" decoding=\"async\" border=\"0\" height=\"320\" src=\"https:\/\/i0.wp.com\/4.bp.blogspot.com\/-6yK_NzH_yi4\/TZ3YWPC6VQI\/AAAAAAAAgmY\/Iht4IS5vBxs\/s320\/IMGP0133.jpg?resize=212%2C320\" width=\"212\" \/><\/a><\/td>\n<\/tr>\n<tr>\n<td style=\"text-align: center;\">sortie de la gare de quebec<\/td>\n<\/tr>\n<\/tbody>\n<\/table>\n<p><\/p>\n<table align=\"center\" cellpadding=\"0\" cellspacing=\"0\" style=\"margin-left: auto; margin-right: auto; text-align: center;\">\n<tbody>\n<tr>\n<td style=\"text-align: center;\"><a href=\"https:\/\/i0.wp.com\/3.bp.blogspot.com\/-O2HC2gNcZ2g\/TZ3YU37JS4I\/AAAAAAAAglo\/KWQ8uDXtprM\/s1600\/IMGP0078.jpg\" style=\"margin-left: auto; margin-right: auto;\"><img data-recalc-dims=\"1\" loading=\"lazy\" decoding=\"async\" border=\"0\" height=\"212\" src=\"https:\/\/i0.wp.com\/3.bp.blogspot.com\/-O2HC2gNcZ2g\/TZ3YU37JS4I\/AAAAAAAAglo\/KWQ8uDXtprM\/s320\/IMGP0078.jpg?resize=320%2C212\" width=\"320\" \/><\/a><\/td>\n<\/tr>\n<tr>\n<td style=\"text-align: center;\">drapeaux qu\u00e9b\u00e9cois et montr\u00e9alais<\/td>\n<\/tr>\n<\/tbody>\n<\/table>\n<p><\/p>\n<table align=\"center\" cellpadding=\"0\" cellspacing=\"0\" style=\"margin-left: auto; margin-right: auto; text-align: center;\">\n<tbody>\n<tr>\n<td style=\"text-align: center;\"><a href=\"https:\/\/i0.wp.com\/1.bp.blogspot.com\/-4cvkzzPxHOY\/TZ3YUYmxUFI\/AAAAAAAAglc\/FFDJuMay37w\/s1600\/IMG_0946.jpg\" style=\"margin-left: auto; margin-right: auto;\"><img data-recalc-dims=\"1\" loading=\"lazy\" decoding=\"async\" border=\"0\" height=\"213\" src=\"https:\/\/i0.wp.com\/1.bp.blogspot.com\/-4cvkzzPxHOY\/TZ3YUYmxUFI\/AAAAAAAAglc\/FFDJuMay37w\/s320\/IMG_0946.jpg?resize=320%2C213\" width=\"320\" \/><\/a><\/td>\n<\/tr>\n<tr>\n<td style=\"text-align: center;\">Fromage qu\u00e9b\u00e9cois, un peu cher mais tr\u00e8s bon.<\/td>\n<\/tr>\n<\/tbody>\n<\/table>\n<p><\/p>\n<table align=\"center\" cellpadding=\"0\" cellspacing=\"0\" style=\"margin-left: auto; margin-right: auto; text-align: center;\">\n<tbody>\n<tr>\n<td style=\"text-align: center;\"><a href=\"https:\/\/i0.wp.com\/1.bp.blogspot.com\/--o5NXsvllEk\/TZ3YWVaTfVI\/AAAAAAAAgmg\/vQDzrw5DBtU\/s1600\/IMGP0134.jpg\" style=\"margin-left: auto; margin-right: auto;\"><img data-recalc-dims=\"1\" loading=\"lazy\" decoding=\"async\" border=\"0\" height=\"212\" src=\"https:\/\/i0.wp.com\/1.bp.blogspot.com\/--o5NXsvllEk\/TZ3YWVaTfVI\/AAAAAAAAgmg\/vQDzrw5DBtU\/s320\/IMGP0134.jpg?resize=320%2C212\" width=\"320\" \/><\/a><\/td>\n<\/tr>\n<tr>\n<td style=\"text-align: center;\">Papetier de quebec<\/td>\n<\/tr>\n<\/tbody>\n<\/table>\n<p><\/p>\n<table align=\"center\" cellpadding=\"0\" cellspacing=\"0\" style=\"margin-left: auto; margin-right: auto; text-align: center;\">\n<tbody>\n<tr>\n<td style=\"text-align: center;\"><a href=\"https:\/\/i0.wp.com\/1.bp.blogspot.com\/-yEcECaU4ibI\/TZ3YW3_0ZrI\/AAAAAAAAgms\/HaXfD8j5JOg\/s1600\/IMGP0148.jpg\" style=\"margin-left: auto; margin-right: auto;\"><img data-recalc-dims=\"1\" loading=\"lazy\" decoding=\"async\" border=\"0\" height=\"212\" src=\"https:\/\/i0.wp.com\/1.bp.blogspot.com\/-yEcECaU4ibI\/TZ3YW3_0ZrI\/AAAAAAAAgms\/HaXfD8j5JOg\/s320\/IMGP0148.jpg?resize=320%2C212\" width=\"320\" \/><\/a><\/td>\n<\/tr>\n<tr>\n<td style=\"text-align: center;\">Resto v\u00e9g\u00e9tarien zen de quebec, d\u00e9licieux.<\/td>\n<\/tr>\n<\/tbody>\n<\/table>\n<p><\/p>\n<table align=\"center\" cellpadding=\"0\" cellspacing=\"0\" style=\"margin-left: auto; margin-right: auto; text-align: center;\">\n<tbody>\n<tr>\n<td style=\"text-align: center;\"><a href=\"https:\/\/i0.wp.com\/1.bp.blogspot.com\/-_UKyIj1_3vc\/TZ3YXUGtSkI\/AAAAAAAAgm8\/If-Z3oHiqF4\/s1600\/IMGP0156.jpg\" style=\"margin-left: auto; margin-right: auto;\"><img data-recalc-dims=\"1\" loading=\"lazy\" decoding=\"async\" border=\"0\" height=\"320\" src=\"https:\/\/i0.wp.com\/1.bp.blogspot.com\/-_UKyIj1_3vc\/TZ3YXUGtSkI\/AAAAAAAAgm8\/If-Z3oHiqF4\/s320\/IMGP0156.jpg?resize=203%2C320\" width=\"203\" \/><\/a><\/td>\n<\/tr>\n<tr>\n<td style=\"text-align: center;\">maison de quebec<\/td>\n<\/tr>\n<\/tbody>\n<\/table>\n<p><\/p>\n<table align=\"center\" cellpadding=\"0\" cellspacing=\"0\" style=\"margin-left: auto; margin-right: auto; text-align: center;\">\n<tbody>\n<tr>\n<td style=\"text-align: center;\"><a href=\"https:\/\/i0.wp.com\/4.bp.blogspot.com\/-7WtdOwMqRT0\/TZ3YWzt2e7I\/AAAAAAAAgm4\/5UcClRXR9PM\/s1600\/IMGP0147.jpg\" style=\"margin-left: auto; margin-right: auto;\"><img data-recalc-dims=\"1\" loading=\"lazy\" decoding=\"async\" border=\"0\" height=\"320\" src=\"https:\/\/i0.wp.com\/4.bp.blogspot.com\/-7WtdOwMqRT0\/TZ3YWzt2e7I\/AAAAAAAAgm4\/5UcClRXR9PM\/s320\/IMGP0147.jpg?resize=212%2C320\" width=\"212\" \/><\/a><\/td>\n<\/tr>\n<tr>\n<td style=\"text-align: center;\">petit parc pas loin de la gare<\/td>\n<\/tr>\n<\/tbody>\n<\/table>\n<p><\/p>\n<table align=\"center\" cellpadding=\"0\" cellspacing=\"0\" style=\"margin-left: auto; margin-right: auto; text-align: center;\">\n<tbody>\n<tr>\n<td style=\"text-align: center;\"><a href=\"https:\/\/i0.wp.com\/2.bp.blogspot.com\/-PRZQ_g5GZa4\/TZ3YXd0J8YI\/AAAAAAAAgnA\/5ttKEz86mMw\/s1600\/IMGP0155.jpg\" style=\"margin-left: auto; margin-right: auto;\"><img data-recalc-dims=\"1\" loading=\"lazy\" decoding=\"async\" border=\"0\" height=\"320\" src=\"https:\/\/i0.wp.com\/2.bp.blogspot.com\/-PRZQ_g5GZa4\/TZ3YXd0J8YI\/AAAAAAAAgnA\/5ttKEz86mMw\/s320\/IMGP0155.jpg?resize=212%2C320\" width=\"212\" \/><\/a><\/td>\n<\/tr>\n<tr>\n<td style=\"text-align: center;\">maison \u00e0 architecture coloniale<\/td>\n<\/tr>\n<\/tbody>\n<\/table>\n<p><\/p>\n<table align=\"center\" cellpadding=\"0\" cellspacing=\"0\" style=\"margin-left: auto; margin-right: auto; text-align: center;\">\n<tbody>\n<tr>\n<td style=\"text-align: center;\"><a href=\"https:\/\/i0.wp.com\/4.bp.blogspot.com\/-_I8RVOPlQDw\/TZ3YYCT9I7I\/AAAAAAAAgnU\/taYB8QVDtVs\/s1600\/IMGP0166.jpg\" style=\"margin-left: auto; margin-right: auto;\"><img data-recalc-dims=\"1\" loading=\"lazy\" decoding=\"async\" border=\"0\" height=\"320\" src=\"https:\/\/i0.wp.com\/4.bp.blogspot.com\/-_I8RVOPlQDw\/TZ3YYCT9I7I\/AAAAAAAAgnU\/taYB8QVDtVs\/s320\/IMGP0166.jpg?resize=212%2C320\" width=\"212\" \/><\/a><\/td>\n<\/tr>\n<tr>\n<td style=\"text-align: center;\">vieux Quebec<\/td>\n<\/tr>\n<\/tbody>\n<\/table>\n","protected":false},"excerpt":{"rendered":"<p>Un petit bilan apr\u00e8s quelques jours sur Quebec&#8230; Aujourd&rsquo;hui, je ne me sens pas trop bien, surement un coup de froid&#8230; J&rsquo;avais bien l&rsquo;impression de qu&rsquo;il ne faisait franchement pas chaud, mais en regardant la m\u00e9t\u00e9o, j&rsquo;ai compris que je ne r\u00eavais pas : -6\u00b0 ressentie&#8230; Je ne m&rsquo;attendais vraiment pas \u00e0 \u00e7a.Sinon, la nourriture [&hellip;]<\/p>\n","protected":false},"author":1,"featured_media":0,"comment_status":"open","ping_status":"open","sticky":false,"template":"","format":"standard","meta":{"jetpack_post_was_ever_published":false,"_jetpack_newsletter_access":"","_jetpack_dont_email_post_to_subs":false,"_jetpack_newsletter_tier_id":0,"_jetpack_memberships_contains_paywalled_content":false,"_jetpack_memberships_contains_paid_content":false,"footnotes":"","jetpack_publicize_message":"","jetpack_publicize_feature_enabled":true,"jetpack_social_post_already_shared":false,"jetpack_social_options":{"image_generator_settings":{"template":"highway","default_image_id":0,"font":"","enabled":false},"version":2}},"categories":[1],"tags":[],"class_list":["post-210","post","type-post","status-publish","format-standard","hentry","category-non-classe"],"yoast_head":"<!-- This site is optimized with the Yoast SEO plugin v27.5 - https:\/\/yoast.com\/product\/yoast-seo-wordpress\/ -->\n<title>quelques jours depuis mon arriv\u00e9e. - Micoulou Photographie<\/title>\n<meta name=\"robots\" content=\"index, follow, max-snippet:-1, max-image-preview:large, max-video-preview:-1\" \/>\n<link rel=\"canonical\" href=\"https:\/\/www.micoulou-photos.com\/index.php\/2011\/04\/07\/quelques-jours-depuis-mon-arrivee\/\" \/>\n<meta property=\"og:locale\" content=\"fr_FR\" \/>\n<meta property=\"og:type\" content=\"article\" \/>\n<meta property=\"og:title\" content=\"quelques jours depuis mon arriv\u00e9e. - Micoulou Photographie\" \/>\n<meta property=\"og:description\" content=\"Un petit bilan apr\u00e8s quelques jours sur Quebec&#8230; Aujourd&rsquo;hui, je ne me sens pas trop bien, surement un coup de froid&#8230; J&rsquo;avais bien l&rsquo;impression de qu&rsquo;il ne faisait franchement pas chaud, mais en regardant la m\u00e9t\u00e9o, j&rsquo;ai compris que je ne r\u00eavais pas : -6\u00b0 ressentie&#8230; Je ne m&rsquo;attendais vraiment pas \u00e0 \u00e7a.Sinon, la nourriture [&hellip;]\" \/>\n<meta property=\"og:url\" content=\"https:\/\/www.micoulou-photos.com\/index.php\/2011\/04\/07\/quelques-jours-depuis-mon-arrivee\/\" \/>\n<meta property=\"og:site_name\" content=\"Micoulou Photographie\" \/>\n<meta property=\"article:published_time\" content=\"2011-04-07T15:45:00+00:00\" \/>\n<meta property=\"og:image\" content=\"http:\/\/4.bp.blogspot.com\/-8GgSLQ1xoHI\/TZ3YVaYWR2I\/AAAAAAAAgl8\/gVZV1b1KGrs\/s320\/IMGP0091.jpg\" \/>\n<meta name=\"author\" content=\"micoulou\" \/>\n<meta name=\"twitter:card\" content=\"summary_large_image\" \/>\n<meta name=\"twitter:label1\" content=\"\u00c9crit par\" \/>\n\t<meta name=\"twitter:data1\" content=\"micoulou\" \/>\n\t<meta name=\"twitter:label2\" content=\"Dur\u00e9e de lecture estim\u00e9e\" \/>\n\t<meta name=\"twitter:data2\" content=\"1 minute\" \/>\n<script type=\"application\/ld+json\" class=\"yoast-schema-graph\">{\"@context\":\"https:\\\/\\\/schema.org\",\"@graph\":[{\"@type\":\"Article\",\"@id\":\"https:\\\/\\\/www.micoulou-photos.com\\\/index.php\\\/2011\\\/04\\\/07\\\/quelques-jours-depuis-mon-arrivee\\\/#article\",\"isPartOf\":{\"@id\":\"https:\\\/\\\/www.micoulou-photos.com\\\/index.php\\\/2011\\\/04\\\/07\\\/quelques-jours-depuis-mon-arrivee\\\/\"},\"author\":{\"name\":\"micoulou\",\"@id\":\"https:\\\/\\\/www.micoulou-photos.com\\\/#\\\/schema\\\/person\\\/6aedfe8ebe91da632f46e7c9d806a722\"},\"headline\":\"quelques jours depuis mon arriv\u00e9e.\",\"datePublished\":\"2011-04-07T15:45:00+00:00\",\"mainEntityOfPage\":{\"@id\":\"https:\\\/\\\/www.micoulou-photos.com\\\/index.php\\\/2011\\\/04\\\/07\\\/quelques-jours-depuis-mon-arrivee\\\/\"},\"wordCount\":176,\"commentCount\":0,\"publisher\":{\"@id\":\"https:\\\/\\\/www.micoulou-photos.com\\\/#organization\"},\"image\":{\"@id\":\"https:\\\/\\\/www.micoulou-photos.com\\\/index.php\\\/2011\\\/04\\\/07\\\/quelques-jours-depuis-mon-arrivee\\\/#primaryimage\"},\"thumbnailUrl\":\"http:\\\/\\\/4.bp.blogspot.com\\\/-8GgSLQ1xoHI\\\/TZ3YVaYWR2I\\\/AAAAAAAAgl8\\\/gVZV1b1KGrs\\\/s320\\\/IMGP0091.jpg\",\"inLanguage\":\"fr-FR\",\"potentialAction\":[{\"@type\":\"CommentAction\",\"name\":\"Comment\",\"target\":[\"https:\\\/\\\/www.micoulou-photos.com\\\/index.php\\\/2011\\\/04\\\/07\\\/quelques-jours-depuis-mon-arrivee\\\/#respond\"]}]},{\"@type\":\"WebPage\",\"@id\":\"https:\\\/\\\/www.micoulou-photos.com\\\/index.php\\\/2011\\\/04\\\/07\\\/quelques-jours-depuis-mon-arrivee\\\/\",\"url\":\"https:\\\/\\\/www.micoulou-photos.com\\\/index.php\\\/2011\\\/04\\\/07\\\/quelques-jours-depuis-mon-arrivee\\\/\",\"name\":\"quelques jours depuis mon arriv\u00e9e. - Micoulou Photographie\",\"isPartOf\":{\"@id\":\"https:\\\/\\\/www.micoulou-photos.com\\\/#website\"},\"primaryImageOfPage\":{\"@id\":\"https:\\\/\\\/www.micoulou-photos.com\\\/index.php\\\/2011\\\/04\\\/07\\\/quelques-jours-depuis-mon-arrivee\\\/#primaryimage\"},\"image\":{\"@id\":\"https:\\\/\\\/www.micoulou-photos.com\\\/index.php\\\/2011\\\/04\\\/07\\\/quelques-jours-depuis-mon-arrivee\\\/#primaryimage\"},\"thumbnailUrl\":\"http:\\\/\\\/4.bp.blogspot.com\\\/-8GgSLQ1xoHI\\\/TZ3YVaYWR2I\\\/AAAAAAAAgl8\\\/gVZV1b1KGrs\\\/s320\\\/IMGP0091.jpg\",\"datePublished\":\"2011-04-07T15:45:00+00:00\",\"breadcrumb\":{\"@id\":\"https:\\\/\\\/www.micoulou-photos.com\\\/index.php\\\/2011\\\/04\\\/07\\\/quelques-jours-depuis-mon-arrivee\\\/#breadcrumb\"},\"inLanguage\":\"fr-FR\",\"potentialAction\":[{\"@type\":\"ReadAction\",\"target\":[\"https:\\\/\\\/www.micoulou-photos.com\\\/index.php\\\/2011\\\/04\\\/07\\\/quelques-jours-depuis-mon-arrivee\\\/\"]}]},{\"@type\":\"ImageObject\",\"inLanguage\":\"fr-FR\",\"@id\":\"https:\\\/\\\/www.micoulou-photos.com\\\/index.php\\\/2011\\\/04\\\/07\\\/quelques-jours-depuis-mon-arrivee\\\/#primaryimage\",\"url\":\"http:\\\/\\\/4.bp.blogspot.com\\\/-8GgSLQ1xoHI\\\/TZ3YVaYWR2I\\\/AAAAAAAAgl8\\\/gVZV1b1KGrs\\\/s320\\\/IMGP0091.jpg\",\"contentUrl\":\"http:\\\/\\\/4.bp.blogspot.com\\\/-8GgSLQ1xoHI\\\/TZ3YVaYWR2I\\\/AAAAAAAAgl8\\\/gVZV1b1KGrs\\\/s320\\\/IMGP0091.jpg\"},{\"@type\":\"BreadcrumbList\",\"@id\":\"https:\\\/\\\/www.micoulou-photos.com\\\/index.php\\\/2011\\\/04\\\/07\\\/quelques-jours-depuis-mon-arrivee\\\/#breadcrumb\",\"itemListElement\":[{\"@type\":\"ListItem\",\"position\":1,\"name\":\"Accueil\",\"item\":\"https:\\\/\\\/www.micoulou-photos.com\\\/\"},{\"@type\":\"ListItem\",\"position\":2,\"name\":\"quelques jours depuis mon arriv\u00e9e.\"}]},{\"@type\":\"WebSite\",\"@id\":\"https:\\\/\\\/www.micoulou-photos.com\\\/#website\",\"url\":\"https:\\\/\\\/www.micoulou-photos.com\\\/\",\"name\":\"Micoulou Photographie\",\"description\":\"Photographies, Visites virtuelles et formations par Mickael Minarie\",\"publisher\":{\"@id\":\"https:\\\/\\\/www.micoulou-photos.com\\\/#organization\"},\"potentialAction\":[{\"@type\":\"SearchAction\",\"target\":{\"@type\":\"EntryPoint\",\"urlTemplate\":\"https:\\\/\\\/www.micoulou-photos.com\\\/?s={search_term_string}\"},\"query-input\":{\"@type\":\"PropertyValueSpecification\",\"valueRequired\":true,\"valueName\":\"search_term_string\"}}],\"inLanguage\":\"fr-FR\"},{\"@type\":\"Organization\",\"@id\":\"https:\\\/\\\/www.micoulou-photos.com\\\/#organization\",\"name\":\"Micoulou Photographie\",\"url\":\"https:\\\/\\\/www.micoulou-photos.com\\\/\",\"logo\":{\"@type\":\"ImageObject\",\"inLanguage\":\"fr-FR\",\"@id\":\"https:\\\/\\\/www.micoulou-photos.com\\\/#\\\/schema\\\/logo\\\/image\\\/\",\"url\":\"https:\\\/\\\/i0.wp.com\\\/www.micoulou-photos.com\\\/wp-content\\\/uploads\\\/2020\\\/05\\\/cropped-891667_552097324824916_1615181552_o-1.jpg?fit=643%2C722&ssl=1\",\"contentUrl\":\"https:\\\/\\\/i0.wp.com\\\/www.micoulou-photos.com\\\/wp-content\\\/uploads\\\/2020\\\/05\\\/cropped-891667_552097324824916_1615181552_o-1.jpg?fit=643%2C722&ssl=1\",\"width\":643,\"height\":722,\"caption\":\"Micoulou Photographie\"},\"image\":{\"@id\":\"https:\\\/\\\/www.micoulou-photos.com\\\/#\\\/schema\\\/logo\\\/image\\\/\"}},{\"@type\":\"Person\",\"@id\":\"https:\\\/\\\/www.micoulou-photos.com\\\/#\\\/schema\\\/person\\\/6aedfe8ebe91da632f46e7c9d806a722\",\"name\":\"micoulou\",\"image\":{\"@type\":\"ImageObject\",\"inLanguage\":\"fr-FR\",\"@id\":\"https:\\\/\\\/secure.gravatar.com\\\/avatar\\\/98f892eb7d267eab2faa437baa3edd708deaaa43929316c0cc7b751a04cb247b?s=96&d=mm&r=g\",\"url\":\"https:\\\/\\\/secure.gravatar.com\\\/avatar\\\/98f892eb7d267eab2faa437baa3edd708deaaa43929316c0cc7b751a04cb247b?s=96&d=mm&r=g\",\"contentUrl\":\"https:\\\/\\\/secure.gravatar.com\\\/avatar\\\/98f892eb7d267eab2faa437baa3edd708deaaa43929316c0cc7b751a04cb247b?s=96&d=mm&r=g\",\"caption\":\"micoulou\"},\"url\":\"https:\\\/\\\/www.micoulou-photos.com\\\/index.php\\\/author\\\/micoulou\\\/\"}]}<\/script>\n<!-- \/ Yoast SEO plugin. -->","yoast_head_json":{"title":"quelques jours depuis mon arriv\u00e9e. - Micoulou Photographie","robots":{"index":"index","follow":"follow","max-snippet":"max-snippet:-1","max-image-preview":"max-image-preview:large","max-video-preview":"max-video-preview:-1"},"canonical":"https:\/\/www.micoulou-photos.com\/index.php\/2011\/04\/07\/quelques-jours-depuis-mon-arrivee\/","og_locale":"fr_FR","og_type":"article","og_title":"quelques jours depuis mon arriv\u00e9e. - Micoulou Photographie","og_description":"Un petit bilan apr\u00e8s quelques jours sur Quebec&#8230; Aujourd&rsquo;hui, je ne me sens pas trop bien, surement un coup de froid&#8230; J&rsquo;avais bien l&rsquo;impression de qu&rsquo;il ne faisait franchement pas chaud, mais en regardant la m\u00e9t\u00e9o, j&rsquo;ai compris que je ne r\u00eavais pas : -6\u00b0 ressentie&#8230; Je ne m&rsquo;attendais vraiment pas \u00e0 \u00e7a.Sinon, la nourriture [&hellip;]","og_url":"https:\/\/www.micoulou-photos.com\/index.php\/2011\/04\/07\/quelques-jours-depuis-mon-arrivee\/","og_site_name":"Micoulou Photographie","article_published_time":"2011-04-07T15:45:00+00:00","og_image":[{"url":"http:\/\/4.bp.blogspot.com\/-8GgSLQ1xoHI\/TZ3YVaYWR2I\/AAAAAAAAgl8\/gVZV1b1KGrs\/s320\/IMGP0091.jpg","type":"","width":"","height":""}],"author":"micoulou","twitter_card":"summary_large_image","twitter_misc":{"\u00c9crit par":"micoulou","Dur\u00e9e de lecture estim\u00e9e":"1 minute"},"schema":{"@context":"https:\/\/schema.org","@graph":[{"@type":"Article","@id":"https:\/\/www.micoulou-photos.com\/index.php\/2011\/04\/07\/quelques-jours-depuis-mon-arrivee\/#article","isPartOf":{"@id":"https:\/\/www.micoulou-photos.com\/index.php\/2011\/04\/07\/quelques-jours-depuis-mon-arrivee\/"},"author":{"name":"micoulou","@id":"https:\/\/www.micoulou-photos.com\/#\/schema\/person\/6aedfe8ebe91da632f46e7c9d806a722"},"headline":"quelques jours depuis mon arriv\u00e9e.","datePublished":"2011-04-07T15:45:00+00:00","mainEntityOfPage":{"@id":"https:\/\/www.micoulou-photos.com\/index.php\/2011\/04\/07\/quelques-jours-depuis-mon-arrivee\/"},"wordCount":176,"commentCount":0,"publisher":{"@id":"https:\/\/www.micoulou-photos.com\/#organization"},"image":{"@id":"https:\/\/www.micoulou-photos.com\/index.php\/2011\/04\/07\/quelques-jours-depuis-mon-arrivee\/#primaryimage"},"thumbnailUrl":"http:\/\/4.bp.blogspot.com\/-8GgSLQ1xoHI\/TZ3YVaYWR2I\/AAAAAAAAgl8\/gVZV1b1KGrs\/s320\/IMGP0091.jpg","inLanguage":"fr-FR","potentialAction":[{"@type":"CommentAction","name":"Comment","target":["https:\/\/www.micoulou-photos.com\/index.php\/2011\/04\/07\/quelques-jours-depuis-mon-arrivee\/#respond"]}]},{"@type":"WebPage","@id":"https:\/\/www.micoulou-photos.com\/index.php\/2011\/04\/07\/quelques-jours-depuis-mon-arrivee\/","url":"https:\/\/www.micoulou-photos.com\/index.php\/2011\/04\/07\/quelques-jours-depuis-mon-arrivee\/","name":"quelques jours depuis mon arriv\u00e9e. - Micoulou Photographie","isPartOf":{"@id":"https:\/\/www.micoulou-photos.com\/#website"},"primaryImageOfPage":{"@id":"https:\/\/www.micoulou-photos.com\/index.php\/2011\/04\/07\/quelques-jours-depuis-mon-arrivee\/#primaryimage"},"image":{"@id":"https:\/\/www.micoulou-photos.com\/index.php\/2011\/04\/07\/quelques-jours-depuis-mon-arrivee\/#primaryimage"},"thumbnailUrl":"http:\/\/4.bp.blogspot.com\/-8GgSLQ1xoHI\/TZ3YVaYWR2I\/AAAAAAAAgl8\/gVZV1b1KGrs\/s320\/IMGP0091.jpg","datePublished":"2011-04-07T15:45:00+00:00","breadcrumb":{"@id":"https:\/\/www.micoulou-photos.com\/index.php\/2011\/04\/07\/quelques-jours-depuis-mon-arrivee\/#breadcrumb"},"inLanguage":"fr-FR","potentialAction":[{"@type":"ReadAction","target":["https:\/\/www.micoulou-photos.com\/index.php\/2011\/04\/07\/quelques-jours-depuis-mon-arrivee\/"]}]},{"@type":"ImageObject","inLanguage":"fr-FR","@id":"https:\/\/www.micoulou-photos.com\/index.php\/2011\/04\/07\/quelques-jours-depuis-mon-arrivee\/#primaryimage","url":"http:\/\/4.bp.blogspot.com\/-8GgSLQ1xoHI\/TZ3YVaYWR2I\/AAAAAAAAgl8\/gVZV1b1KGrs\/s320\/IMGP0091.jpg","contentUrl":"http:\/\/4.bp.blogspot.com\/-8GgSLQ1xoHI\/TZ3YVaYWR2I\/AAAAAAAAgl8\/gVZV1b1KGrs\/s320\/IMGP0091.jpg"},{"@type":"BreadcrumbList","@id":"https:\/\/www.micoulou-photos.com\/index.php\/2011\/04\/07\/quelques-jours-depuis-mon-arrivee\/#breadcrumb","itemListElement":[{"@type":"ListItem","position":1,"name":"Accueil","item":"https:\/\/www.micoulou-photos.com\/"},{"@type":"ListItem","position":2,"name":"quelques jours depuis mon arriv\u00e9e."}]},{"@type":"WebSite","@id":"https:\/\/www.micoulou-photos.com\/#website","url":"https:\/\/www.micoulou-photos.com\/","name":"Micoulou Photographie","description":"Photographies, Visites virtuelles et formations par Mickael Minarie","publisher":{"@id":"https:\/\/www.micoulou-photos.com\/#organization"},"potentialAction":[{"@type":"SearchAction","target":{"@type":"EntryPoint","urlTemplate":"https:\/\/www.micoulou-photos.com\/?s={search_term_string}"},"query-input":{"@type":"PropertyValueSpecification","valueRequired":true,"valueName":"search_term_string"}}],"inLanguage":"fr-FR"},{"@type":"Organization","@id":"https:\/\/www.micoulou-photos.com\/#organization","name":"Micoulou Photographie","url":"https:\/\/www.micoulou-photos.com\/","logo":{"@type":"ImageObject","inLanguage":"fr-FR","@id":"https:\/\/www.micoulou-photos.com\/#\/schema\/logo\/image\/","url":"https:\/\/i0.wp.com\/www.micoulou-photos.com\/wp-content\/uploads\/2020\/05\/cropped-891667_552097324824916_1615181552_o-1.jpg?fit=643%2C722&ssl=1","contentUrl":"https:\/\/i0.wp.com\/www.micoulou-photos.com\/wp-content\/uploads\/2020\/05\/cropped-891667_552097324824916_1615181552_o-1.jpg?fit=643%2C722&ssl=1","width":643,"height":722,"caption":"Micoulou Photographie"},"image":{"@id":"https:\/\/www.micoulou-photos.com\/#\/schema\/logo\/image\/"}},{"@type":"Person","@id":"https:\/\/www.micoulou-photos.com\/#\/schema\/person\/6aedfe8ebe91da632f46e7c9d806a722","name":"micoulou","image":{"@type":"ImageObject","inLanguage":"fr-FR","@id":"https:\/\/secure.gravatar.com\/avatar\/98f892eb7d267eab2faa437baa3edd708deaaa43929316c0cc7b751a04cb247b?s=96&d=mm&r=g","url":"https:\/\/secure.gravatar.com\/avatar\/98f892eb7d267eab2faa437baa3edd708deaaa43929316c0cc7b751a04cb247b?s=96&d=mm&r=g","contentUrl":"https:\/\/secure.gravatar.com\/avatar\/98f892eb7d267eab2faa437baa3edd708deaaa43929316c0cc7b751a04cb247b?s=96&d=mm&r=g","caption":"micoulou"},"url":"https:\/\/www.micoulou-photos.com\/index.php\/author\/micoulou\/"}]}},"jetpack_publicize_connections":[],"jetpack_featured_media_url":"","jetpack_sharing_enabled":true,"jetpack_shortlink":"https:\/\/wp.me\/p7zKF4-3o","jetpack-related-posts":[{"id":204,"url":"https:\/\/www.micoulou-photos.com\/index.php\/2011\/04\/18\/2-jours-a-quebec\/","url_meta":{"origin":210,"position":0},"title":"2 jours \u00e0 Quebec","author":"micoulou","date":"18 avril 2011","format":false,"excerpt":"2 jours \u00e0 Quebec pour cloturer ce qui pourrait etre la deuxi\u00e8me \u00e9tape de mon voyage... La troisi\u00e8me etapeetant le grand saut vers l'inconnu qui commence aujourd'hui...Je suis donc revenu \u00e0 Quebec vendredi soir avec rosanne. o\u00f9 j'ai dormi la premi\u00e8re nuit au backpacker hostel. Le backpacker hostel \u00e9tait bien\u2026","rel":"","context":"Dans &quot;Non class\u00e9&quot;","block_context":{"text":"Non class\u00e9","link":"https:\/\/www.micoulou-photos.com\/index.php\/category\/non-classe\/"},"img":{"alt_text":"","src":"https:\/\/i0.wp.com\/3.bp.blogspot.com\/-sEaPK7Yf3f0\/TauNG7Xfq9I\/AAAAAAAAhBw\/BaoGPs-gHww\/s320\/IMGP0937.jpg?resize=350%2C200","width":350,"height":200},"classes":[]},{"id":202,"url":"https:\/\/www.micoulou-photos.com\/index.php\/2011\/04\/21\/quick-update\/","url_meta":{"origin":210,"position":1},"title":"Quick update","author":"micoulou","date":"21 avril 2011","format":false,"excerpt":"Une petite update rapide... Je pref\u00e8re attendre un peu avant de mettre quelque chose de plus long... Mes 2 jours \u00e0 Rivi\u00e8re du loup se sont bien pass\u00e9s, j'ai rencontr\u00e9 2 personnes sympa et j'ai visit\u00e9 le mus\u00e9e de la prison quebecoise bien interressant.Depuis hier soir, les erreurs et les\u2026","rel":"","context":"Dans &quot;Non class\u00e9&quot;","block_context":{"text":"Non class\u00e9","link":"https:\/\/www.micoulou-photos.com\/index.php\/category\/non-classe\/"},"img":{"alt_text":"","src":"","width":0,"height":0},"classes":[]},{"id":171,"url":"https:\/\/www.micoulou-photos.com\/index.php\/2011\/07\/11\/new-york\/","url_meta":{"origin":210,"position":2},"title":"New york","author":"micoulou","date":"11 juillet 2011","format":false,"excerpt":"Voici enfin quelques nouvelles rapides... J'ai prevu quelques message avec une description plus detaill\u00e9 du voyage en train et de Vancouver...York, j'y suis toujours donc pas de bilan... J'ai pass\u00e9 5 jours avec mon oncle et mon cousin, les visites faites etaient bien, cel\u00e0 fait plaisir de revoir du monde\u2026","rel":"","context":"Dans &quot;voyage&quot;","block_context":{"text":"voyage","link":"https:\/\/www.micoulou-photos.com\/index.php\/category\/voyage\/"},"img":{"alt_text":"","src":"","width":0,"height":0},"classes":[]},{"id":159,"url":"https:\/\/www.micoulou-photos.com\/index.php\/2011\/08\/30\/fin-de-litinerance\/","url_meta":{"origin":210,"position":3},"title":"fin de l&rsquo;itinerance&#8230;","author":"micoulou","date":"30 ao\u00fbt 2011","format":false,"excerpt":"Bon, enfin quelques nouvelles\u2026 De la fin du voyage itin\u00e9rant\u2026Je ne sais plus trop bien o\u00f9 j'en \u00e9tait, n'ayant pas internet depuis plusieurs jours\u2026Voil\u00e0, je vais reprendre depuis Halifax :Je suis donc arriv\u00e9 \u00e0 l'auberge \u00e0 minuit et demi, il m'attendait pour fermer\u2026 Arriv\u00e9 dans la chambre, la lampe de\u2026","rel":"","context":"Dans &quot;Canada&quot;","block_context":{"text":"Canada","link":"https:\/\/www.micoulou-photos.com\/index.php\/category\/canada\/"},"img":{"alt_text":"","src":"https:\/\/i0.wp.com\/3.bp.blogspot.com\/-Hw77HfVNa-A\/TlwCkMcznyI\/AAAAAAAAnNc\/6Gz95bgDbdM\/s320\/IMGP3897.jpg?resize=350%2C200","width":350,"height":200},"classes":[]},{"id":175,"url":"https:\/\/www.micoulou-photos.com\/index.php\/2011\/06\/25\/le-cauchemar-eveille\/","url_meta":{"origin":210,"position":4},"title":"Le cauchemar \u00e9veill\u00e9&#8230;","author":"micoulou","date":"25 juin 2011","format":false,"excerpt":"Le cauchemar...Bon, voil\u00e0, apr\u00e8s presque 3 mois o\u00f9 tous se passait mieux que pr\u00e9vu il fallait que \u00e7a d\u00e9raille... Me voil\u00e0 donc dans un motel miteux de Keremeos \u00e0 85$ la nuit, avec de la fi\u00e8vre et de l\u2019orage dehors...Bon, je vais commencer depuis le d\u00e9but... En mars, alors que\u2026","rel":"","context":"Dans &quot;Canada&quot;","block_context":{"text":"Canada","link":"https:\/\/www.micoulou-photos.com\/index.php\/category\/canada\/"},"img":{"alt_text":"","src":"","width":0,"height":0},"classes":[]},{"id":211,"url":"https:\/\/www.micoulou-photos.com\/index.php\/2011\/04\/05\/une-journee-sur-quebec\/","url_meta":{"origin":210,"position":5},"title":"Une journ\u00e9e sur Quebec","author":"micoulou","date":"5 avril 2011","format":false,"excerpt":"Un petit bilan pour ma premi\u00e8re journ\u00e9e \u00e0 Quebec :Ce matin, je suis parti en m\u00eame temps que mon copain vers le quartier de Sainte Foy... Je me suis pas encore rendu compte des distances, tous est grand l\u00e0 bas, et de la neige et des arbres \u00e0 perte de\u2026","rel":"","context":"Dans &quot;Non class\u00e9&quot;","block_context":{"text":"Non class\u00e9","link":"https:\/\/www.micoulou-photos.com\/index.php\/category\/non-classe\/"},"img":{"alt_text":"","src":"","width":0,"height":0},"classes":[]}],"_links":{"self":[{"href":"https:\/\/www.micoulou-photos.com\/index.php\/wp-json\/wp\/v2\/posts\/210","targetHints":{"allow":["GET"]}}],"collection":[{"href":"https:\/\/www.micoulou-photos.com\/index.php\/wp-json\/wp\/v2\/posts"}],"about":[{"href":"https:\/\/www.micoulou-photos.com\/index.php\/wp-json\/wp\/v2\/types\/post"}],"author":[{"embeddable":true,"href":"https:\/\/www.micoulou-photos.com\/index.php\/wp-json\/wp\/v2\/users\/1"}],"replies":[{"embeddable":true,"href":"https:\/\/www.micoulou-photos.com\/index.php\/wp-json\/wp\/v2\/comments?post=210"}],"version-history":[{"count":0,"href":"https:\/\/www.micoulou-photos.com\/index.php\/wp-json\/wp\/v2\/posts\/210\/revisions"}],"wp:attachment":[{"href":"https:\/\/www.micoulou-photos.com\/index.php\/wp-json\/wp\/v2\/media?parent=210"}],"wp:term":[{"taxonomy":"category","embeddable":true,"href":"https:\/\/www.micoulou-photos.com\/index.php\/wp-json\/wp\/v2\/categories?post=210"},{"taxonomy":"post_tag","embeddable":true,"href":"https:\/\/www.micoulou-photos.com\/index.php\/wp-json\/wp\/v2\/tags?post=210"}],"curies":[{"name":"wp","href":"https:\/\/api.w.org\/{rel}","templated":true}]}}