{"id":204,"date":"2011-04-18T03:06:00","date_gmt":"2011-04-18T02:06:00","guid":{"rendered":"http:\/\/micoulou.info\/wp\/index.php\/2011\/04\/18\/2-jours-a-quebec\/"},"modified":"2011-04-18T03:06:00","modified_gmt":"2011-04-18T02:06:00","slug":"2-jours-a-quebec","status":"publish","type":"post","link":"https:\/\/www.micoulou-photos.com\/index.php\/2011\/04\/18\/2-jours-a-quebec\/","title":{"rendered":"2 jours \u00e0 Quebec"},"content":{"rendered":"<p>2 jours \u00e0 Quebec pour cloturer ce qui pourrait etre la deuxi\u00e8me \u00e9tape de mon voyage&#8230; La troisi\u00e8me etapeetant le grand saut vers l&rsquo;inconnu qui commence aujourd&rsquo;hui&#8230;<br \/>Je suis donc revenu \u00e0 Quebec vendredi soir avec rosanne. o\u00f9 j&rsquo;ai dormi la premi\u00e8re nuit au backpacker hostel. Le backpacker hostel \u00e9tait bien sympa, j&rsquo;ai pu rencontr\u00e9 rapidement 3 fran\u00e7ais et un hollandais.<br \/>Nous avons aussi visit\u00e9 le march\u00e9 du vieux port, o\u00f9 j&rsquo;ai pu gouter du vin et du cidre des glace, bien meilleur que le vin que je connaissais (le cidre, c&rsquo;\u00e9tait plut\u00f4t diff\u00e9rent mais pas mauvais non plus), des chips de l\u00e9gumes bien bon aussi et divers produit locaux \u00e0 base de miel ou de sirop d&rsquo;\u00e9rable.<br \/>On a \u00e9t\u00e9 samedi au parc des Moulins de quebec, l&rsquo;ancien zoo national du quebec qui a ferm\u00e9 en 2006. J&rsquo;ai \u00e9t\u00e9 inspir\u00e9 par les photos de pixel mais je n&rsquo;ai pas reussi \u00e0 atteindre son niveau&#8230; De plus, la lumi\u00e8re n&rsquo;etait vraiment pas avec nous, il pleuvait et il a commenc\u00e9 \u00e0 neiger \u00e0 6h du soir.<br \/>Le samedi soir, j&rsquo;ai dormis \u00e0 l&rsquo;auberge international de Quebec, bien mal m&rsquo;en as pris car cette auberge fait tr\u00e8s industriel, sans aucun charge et o\u00f9 je n&rsquo;ai reussi \u00e0 rencontrer personne.<br \/>Aujourd&rsquo;hui, le temps n&rsquo;etait vraiment pas avec nous, nous avons \u00e9t\u00e9 boire un coup chez un chocolatier, puis nous avons, avec rosanne, puis chacun nos bus respectif.<\/p>\n<table align=\"center\" cellpadding=\"0\" cellspacing=\"0\" style=\"margin-left: auto; margin-right: auto; text-align: center;\">\n<tbody>\n<tr>\n<td style=\"text-align: center;\"><a href=\"https:\/\/i0.wp.com\/3.bp.blogspot.com\/-sEaPK7Yf3f0\/TauNG7Xfq9I\/AAAAAAAAhBw\/BaoGPs-gHww\/s1600\/IMGP0937.jpg\" style=\"margin-left: auto; margin-right: auto;\"><img data-recalc-dims=\"1\" fetchpriority=\"high\" decoding=\"async\" border=\"0\" height=\"212\" src=\"https:\/\/i0.wp.com\/3.bp.blogspot.com\/-sEaPK7Yf3f0\/TauNG7Xfq9I\/AAAAAAAAhBw\/BaoGPs-gHww\/s320\/IMGP0937.jpg?resize=320%2C212\" width=\"320\" \/><\/a><\/td>\n<\/tr>\n<tr>\n<td style=\"text-align: center;\">Quebec, avec la gare du palais en arri\u00e8re plan.<\/td>\n<\/tr>\n<\/tbody>\n<\/table>\n<p><\/p>\n<table align=\"center\" cellpadding=\"0\" cellspacing=\"0\" style=\"margin-left: auto; margin-right: auto; text-align: center;\">\n<tbody>\n<tr>\n<td style=\"text-align: center;\"><a href=\"https:\/\/i0.wp.com\/1.bp.blogspot.com\/-CmHbX3pltuk\/TauNHlIgvaI\/AAAAAAAAhB4\/yk0GlX_Q3Co\/s1600\/IMGP0940.jpg\" style=\"margin-left: auto; margin-right: auto;\"><img data-recalc-dims=\"1\" decoding=\"async\" border=\"0\" height=\"320\" src=\"https:\/\/i0.wp.com\/1.bp.blogspot.com\/-CmHbX3pltuk\/TauNHlIgvaI\/AAAAAAAAhB4\/yk0GlX_Q3Co\/s320\/IMGP0940.jpg?resize=212%2C320\" width=\"212\" \/><\/a><\/td>\n<\/tr>\n<tr>\n<td style=\"text-align: center;\">March\u00e9 du vieux port.<\/td>\n<\/tr>\n<\/tbody>\n<\/table>\n<p><\/p>\n<table align=\"center\" cellpadding=\"0\" cellspacing=\"0\" style=\"margin-left: auto; margin-right: auto; text-align: center;\">\n<tbody>\n<tr>\n<td style=\"text-align: center;\"><a href=\"https:\/\/i0.wp.com\/2.bp.blogspot.com\/-icZeHPgOOdk\/TauNRqiPiBI\/AAAAAAAAhCM\/RIMfksHrXNk\/s1600\/IMGP0956.jpg\" style=\"margin-left: auto; margin-right: auto;\"><img data-recalc-dims=\"1\" decoding=\"async\" border=\"0\" height=\"320\" src=\"https:\/\/i0.wp.com\/2.bp.blogspot.com\/-icZeHPgOOdk\/TauNRqiPiBI\/AAAAAAAAhCM\/RIMfksHrXNk\/s320\/IMGP0956.jpg?resize=212%2C320\" width=\"212\" \/><\/a><\/td>\n<\/tr>\n<tr>\n<td style=\"text-align: center;\">Parc des moulins, reconstitution d&rsquo;un moulin \u00e0 vent sur les bases d&rsquo;un moulin \u00e0 eau (et oui&#8230;)<\/td>\n<\/tr>\n<\/tbody>\n<\/table>\n<p><\/p>\n<table align=\"center\" cellpadding=\"0\" cellspacing=\"0\" style=\"margin-left: auto; margin-right: auto; text-align: center;\">\n<tbody>\n<tr>\n<td style=\"text-align: center;\"><a href=\"https:\/\/i0.wp.com\/4.bp.blogspot.com\/-8dGeG9Vb73Y\/TauNY2Z0kuI\/AAAAAAAAhCo\/36bFGbmE3S8\/s1600\/IMGP0980.jpg\" style=\"margin-left: auto; margin-right: auto;\"><img data-recalc-dims=\"1\" loading=\"lazy\" decoding=\"async\" border=\"0\" height=\"320\" src=\"https:\/\/i0.wp.com\/4.bp.blogspot.com\/-8dGeG9Vb73Y\/TauNY2Z0kuI\/AAAAAAAAhCo\/36bFGbmE3S8\/s320\/IMGP0980.jpg?resize=212%2C320\" width=\"212\" \/><\/a><\/td>\n<\/tr>\n<tr>\n<td style=\"text-align: center;\">Parc des moulins, j&rsquo;ai compris pourquoi certaines zones \u00e9taient ferm\u00e9s, ici c&rsquo;\u00e9tait plut\u00f4t dangereux de se balader.<\/td>\n<\/tr>\n<\/tbody>\n<\/table>\n<p><\/p>\n<table align=\"center\" cellpadding=\"0\" cellspacing=\"0\" style=\"margin-left: auto; margin-right: auto; text-align: center;\">\n<tbody>\n<tr>\n<td style=\"text-align: center;\"><a href=\"https:\/\/i0.wp.com\/2.bp.blogspot.com\/-oSqzzER0WEw\/TauNVPdmPII\/AAAAAAAAhCc\/EBef-CaaPys\/s1600\/IMGP0960.jpg\" style=\"margin-left: auto; margin-right: auto;\"><img data-recalc-dims=\"1\" loading=\"lazy\" decoding=\"async\" border=\"0\" height=\"320\" src=\"https:\/\/i0.wp.com\/2.bp.blogspot.com\/-oSqzzER0WEw\/TauNVPdmPII\/AAAAAAAAhCc\/EBef-CaaPys\/s320\/IMGP0960.jpg?resize=212%2C320\" width=\"212\" \/><\/a><\/td>\n<\/tr>\n<tr>\n<td style=\"text-align: center;\">Parc des moulins, les anciens locaux administratifs transform\u00e9 en biblioth\u00e8que et salle d&rsquo;exposition.<\/td>\n<\/tr>\n<\/tbody>\n<\/table>\n","protected":false},"excerpt":{"rendered":"<p>2 jours \u00e0 Quebec pour cloturer ce qui pourrait etre la deuxi\u00e8me \u00e9tape de mon voyage&#8230; La troisi\u00e8me etapeetant le grand saut vers l&rsquo;inconnu qui commence aujourd&rsquo;hui&#8230;Je suis donc revenu \u00e0 Quebec vendredi soir avec rosanne. o\u00f9 j&rsquo;ai dormi la premi\u00e8re nuit au backpacker hostel. Le backpacker hostel \u00e9tait bien sympa, j&rsquo;ai pu rencontr\u00e9 rapidement [&hellip;]<\/p>\n","protected":false},"author":1,"featured_media":0,"comment_status":"open","ping_status":"open","sticky":false,"template":"","format":"standard","meta":{"jetpack_post_was_ever_published":false,"_jetpack_newsletter_access":"","_jetpack_dont_email_post_to_subs":false,"_jetpack_newsletter_tier_id":0,"_jetpack_memberships_contains_paywalled_content":false,"_jetpack_memberships_contains_paid_content":false,"footnotes":"","jetpack_publicize_message":"","jetpack_publicize_feature_enabled":true,"jetpack_social_post_already_shared":false,"jetpack_social_options":{"image_generator_settings":{"template":"highway","default_image_id":0,"font":"","enabled":false},"version":2}},"categories":[1],"tags":[],"class_list":["post-204","post","type-post","status-publish","format-standard","hentry","category-non-classe"],"yoast_head":"<!-- This site is optimized with the Yoast SEO plugin v27.5 - https:\/\/yoast.com\/product\/yoast-seo-wordpress\/ -->\n<title>2 jours \u00e0 Quebec - Micoulou Photographie<\/title>\n<meta name=\"robots\" content=\"index, follow, max-snippet:-1, max-image-preview:large, max-video-preview:-1\" \/>\n<link rel=\"canonical\" href=\"https:\/\/www.micoulou-photos.com\/index.php\/2011\/04\/18\/2-jours-a-quebec\/\" \/>\n<meta property=\"og:locale\" content=\"fr_FR\" \/>\n<meta property=\"og:type\" content=\"article\" \/>\n<meta property=\"og:title\" content=\"2 jours \u00e0 Quebec - Micoulou Photographie\" \/>\n<meta property=\"og:description\" content=\"2 jours \u00e0 Quebec pour cloturer ce qui pourrait etre la deuxi\u00e8me \u00e9tape de mon voyage&#8230; La troisi\u00e8me etapeetant le grand saut vers l&rsquo;inconnu qui commence aujourd&rsquo;hui&#8230;Je suis donc revenu \u00e0 Quebec vendredi soir avec rosanne. o\u00f9 j&rsquo;ai dormi la premi\u00e8re nuit au backpacker hostel. Le backpacker hostel \u00e9tait bien sympa, j&rsquo;ai pu rencontr\u00e9 rapidement [&hellip;]\" \/>\n<meta property=\"og:url\" content=\"https:\/\/www.micoulou-photos.com\/index.php\/2011\/04\/18\/2-jours-a-quebec\/\" \/>\n<meta property=\"og:site_name\" content=\"Micoulou Photographie\" \/>\n<meta property=\"article:published_time\" content=\"2011-04-18T02:06:00+00:00\" \/>\n<meta property=\"og:image\" content=\"http:\/\/3.bp.blogspot.com\/-sEaPK7Yf3f0\/TauNG7Xfq9I\/AAAAAAAAhBw\/BaoGPs-gHww\/s320\/IMGP0937.jpg\" \/>\n<meta name=\"author\" content=\"micoulou\" \/>\n<meta name=\"twitter:card\" content=\"summary_large_image\" \/>\n<meta name=\"twitter:label1\" content=\"\u00c9crit par\" \/>\n\t<meta name=\"twitter:data1\" content=\"micoulou\" \/>\n\t<meta name=\"twitter:label2\" content=\"Dur\u00e9e de lecture estim\u00e9e\" \/>\n\t<meta name=\"twitter:data2\" content=\"1 minute\" \/>\n<script type=\"application\/ld+json\" class=\"yoast-schema-graph\">{\"@context\":\"https:\\\/\\\/schema.org\",\"@graph\":[{\"@type\":\"Article\",\"@id\":\"https:\\\/\\\/www.micoulou-photos.com\\\/index.php\\\/2011\\\/04\\\/18\\\/2-jours-a-quebec\\\/#article\",\"isPartOf\":{\"@id\":\"https:\\\/\\\/www.micoulou-photos.com\\\/index.php\\\/2011\\\/04\\\/18\\\/2-jours-a-quebec\\\/\"},\"author\":{\"name\":\"micoulou\",\"@id\":\"https:\\\/\\\/www.micoulou-photos.com\\\/#\\\/schema\\\/person\\\/6aedfe8ebe91da632f46e7c9d806a722\"},\"headline\":\"2 jours \u00e0 Quebec\",\"datePublished\":\"2011-04-18T02:06:00+00:00\",\"mainEntityOfPage\":{\"@id\":\"https:\\\/\\\/www.micoulou-photos.com\\\/index.php\\\/2011\\\/04\\\/18\\\/2-jours-a-quebec\\\/\"},\"wordCount\":319,\"commentCount\":1,\"publisher\":{\"@id\":\"https:\\\/\\\/www.micoulou-photos.com\\\/#organization\"},\"image\":{\"@id\":\"https:\\\/\\\/www.micoulou-photos.com\\\/index.php\\\/2011\\\/04\\\/18\\\/2-jours-a-quebec\\\/#primaryimage\"},\"thumbnailUrl\":\"http:\\\/\\\/3.bp.blogspot.com\\\/-sEaPK7Yf3f0\\\/TauNG7Xfq9I\\\/AAAAAAAAhBw\\\/BaoGPs-gHww\\\/s320\\\/IMGP0937.jpg\",\"inLanguage\":\"fr-FR\",\"potentialAction\":[{\"@type\":\"CommentAction\",\"name\":\"Comment\",\"target\":[\"https:\\\/\\\/www.micoulou-photos.com\\\/index.php\\\/2011\\\/04\\\/18\\\/2-jours-a-quebec\\\/#respond\"]}]},{\"@type\":\"WebPage\",\"@id\":\"https:\\\/\\\/www.micoulou-photos.com\\\/index.php\\\/2011\\\/04\\\/18\\\/2-jours-a-quebec\\\/\",\"url\":\"https:\\\/\\\/www.micoulou-photos.com\\\/index.php\\\/2011\\\/04\\\/18\\\/2-jours-a-quebec\\\/\",\"name\":\"2 jours \u00e0 Quebec - Micoulou Photographie\",\"isPartOf\":{\"@id\":\"https:\\\/\\\/www.micoulou-photos.com\\\/#website\"},\"primaryImageOfPage\":{\"@id\":\"https:\\\/\\\/www.micoulou-photos.com\\\/index.php\\\/2011\\\/04\\\/18\\\/2-jours-a-quebec\\\/#primaryimage\"},\"image\":{\"@id\":\"https:\\\/\\\/www.micoulou-photos.com\\\/index.php\\\/2011\\\/04\\\/18\\\/2-jours-a-quebec\\\/#primaryimage\"},\"thumbnailUrl\":\"http:\\\/\\\/3.bp.blogspot.com\\\/-sEaPK7Yf3f0\\\/TauNG7Xfq9I\\\/AAAAAAAAhBw\\\/BaoGPs-gHww\\\/s320\\\/IMGP0937.jpg\",\"datePublished\":\"2011-04-18T02:06:00+00:00\",\"breadcrumb\":{\"@id\":\"https:\\\/\\\/www.micoulou-photos.com\\\/index.php\\\/2011\\\/04\\\/18\\\/2-jours-a-quebec\\\/#breadcrumb\"},\"inLanguage\":\"fr-FR\",\"potentialAction\":[{\"@type\":\"ReadAction\",\"target\":[\"https:\\\/\\\/www.micoulou-photos.com\\\/index.php\\\/2011\\\/04\\\/18\\\/2-jours-a-quebec\\\/\"]}]},{\"@type\":\"ImageObject\",\"inLanguage\":\"fr-FR\",\"@id\":\"https:\\\/\\\/www.micoulou-photos.com\\\/index.php\\\/2011\\\/04\\\/18\\\/2-jours-a-quebec\\\/#primaryimage\",\"url\":\"http:\\\/\\\/3.bp.blogspot.com\\\/-sEaPK7Yf3f0\\\/TauNG7Xfq9I\\\/AAAAAAAAhBw\\\/BaoGPs-gHww\\\/s320\\\/IMGP0937.jpg\",\"contentUrl\":\"http:\\\/\\\/3.bp.blogspot.com\\\/-sEaPK7Yf3f0\\\/TauNG7Xfq9I\\\/AAAAAAAAhBw\\\/BaoGPs-gHww\\\/s320\\\/IMGP0937.jpg\"},{\"@type\":\"BreadcrumbList\",\"@id\":\"https:\\\/\\\/www.micoulou-photos.com\\\/index.php\\\/2011\\\/04\\\/18\\\/2-jours-a-quebec\\\/#breadcrumb\",\"itemListElement\":[{\"@type\":\"ListItem\",\"position\":1,\"name\":\"Accueil\",\"item\":\"https:\\\/\\\/www.micoulou-photos.com\\\/\"},{\"@type\":\"ListItem\",\"position\":2,\"name\":\"2 jours \u00e0 Quebec\"}]},{\"@type\":\"WebSite\",\"@id\":\"https:\\\/\\\/www.micoulou-photos.com\\\/#website\",\"url\":\"https:\\\/\\\/www.micoulou-photos.com\\\/\",\"name\":\"Micoulou Photographie\",\"description\":\"Photographies, Visites virtuelles et formations par Mickael Minarie\",\"publisher\":{\"@id\":\"https:\\\/\\\/www.micoulou-photos.com\\\/#organization\"},\"potentialAction\":[{\"@type\":\"SearchAction\",\"target\":{\"@type\":\"EntryPoint\",\"urlTemplate\":\"https:\\\/\\\/www.micoulou-photos.com\\\/?s={search_term_string}\"},\"query-input\":{\"@type\":\"PropertyValueSpecification\",\"valueRequired\":true,\"valueName\":\"search_term_string\"}}],\"inLanguage\":\"fr-FR\"},{\"@type\":\"Organization\",\"@id\":\"https:\\\/\\\/www.micoulou-photos.com\\\/#organization\",\"name\":\"Micoulou Photographie\",\"url\":\"https:\\\/\\\/www.micoulou-photos.com\\\/\",\"logo\":{\"@type\":\"ImageObject\",\"inLanguage\":\"fr-FR\",\"@id\":\"https:\\\/\\\/www.micoulou-photos.com\\\/#\\\/schema\\\/logo\\\/image\\\/\",\"url\":\"https:\\\/\\\/i0.wp.com\\\/www.micoulou-photos.com\\\/wp-content\\\/uploads\\\/2020\\\/05\\\/cropped-891667_552097324824916_1615181552_o-1.jpg?fit=643%2C722&ssl=1\",\"contentUrl\":\"https:\\\/\\\/i0.wp.com\\\/www.micoulou-photos.com\\\/wp-content\\\/uploads\\\/2020\\\/05\\\/cropped-891667_552097324824916_1615181552_o-1.jpg?fit=643%2C722&ssl=1\",\"width\":643,\"height\":722,\"caption\":\"Micoulou Photographie\"},\"image\":{\"@id\":\"https:\\\/\\\/www.micoulou-photos.com\\\/#\\\/schema\\\/logo\\\/image\\\/\"}},{\"@type\":\"Person\",\"@id\":\"https:\\\/\\\/www.micoulou-photos.com\\\/#\\\/schema\\\/person\\\/6aedfe8ebe91da632f46e7c9d806a722\",\"name\":\"micoulou\",\"image\":{\"@type\":\"ImageObject\",\"inLanguage\":\"fr-FR\",\"@id\":\"https:\\\/\\\/secure.gravatar.com\\\/avatar\\\/98f892eb7d267eab2faa437baa3edd708deaaa43929316c0cc7b751a04cb247b?s=96&d=mm&r=g\",\"url\":\"https:\\\/\\\/secure.gravatar.com\\\/avatar\\\/98f892eb7d267eab2faa437baa3edd708deaaa43929316c0cc7b751a04cb247b?s=96&d=mm&r=g\",\"contentUrl\":\"https:\\\/\\\/secure.gravatar.com\\\/avatar\\\/98f892eb7d267eab2faa437baa3edd708deaaa43929316c0cc7b751a04cb247b?s=96&d=mm&r=g\",\"caption\":\"micoulou\"},\"url\":\"https:\\\/\\\/www.micoulou-photos.com\\\/index.php\\\/author\\\/micoulou\\\/\"}]}<\/script>\n<!-- \/ Yoast SEO plugin. -->","yoast_head_json":{"title":"2 jours \u00e0 Quebec - Micoulou Photographie","robots":{"index":"index","follow":"follow","max-snippet":"max-snippet:-1","max-image-preview":"max-image-preview:large","max-video-preview":"max-video-preview:-1"},"canonical":"https:\/\/www.micoulou-photos.com\/index.php\/2011\/04\/18\/2-jours-a-quebec\/","og_locale":"fr_FR","og_type":"article","og_title":"2 jours \u00e0 Quebec - Micoulou Photographie","og_description":"2 jours \u00e0 Quebec pour cloturer ce qui pourrait etre la deuxi\u00e8me \u00e9tape de mon voyage&#8230; La troisi\u00e8me etapeetant le grand saut vers l&rsquo;inconnu qui commence aujourd&rsquo;hui&#8230;Je suis donc revenu \u00e0 Quebec vendredi soir avec rosanne. o\u00f9 j&rsquo;ai dormi la premi\u00e8re nuit au backpacker hostel. Le backpacker hostel \u00e9tait bien sympa, j&rsquo;ai pu rencontr\u00e9 rapidement [&hellip;]","og_url":"https:\/\/www.micoulou-photos.com\/index.php\/2011\/04\/18\/2-jours-a-quebec\/","og_site_name":"Micoulou Photographie","article_published_time":"2011-04-18T02:06:00+00:00","og_image":[{"url":"http:\/\/3.bp.blogspot.com\/-sEaPK7Yf3f0\/TauNG7Xfq9I\/AAAAAAAAhBw\/BaoGPs-gHww\/s320\/IMGP0937.jpg","type":"","width":"","height":""}],"author":"micoulou","twitter_card":"summary_large_image","twitter_misc":{"\u00c9crit par":"micoulou","Dur\u00e9e de lecture estim\u00e9e":"1 minute"},"schema":{"@context":"https:\/\/schema.org","@graph":[{"@type":"Article","@id":"https:\/\/www.micoulou-photos.com\/index.php\/2011\/04\/18\/2-jours-a-quebec\/#article","isPartOf":{"@id":"https:\/\/www.micoulou-photos.com\/index.php\/2011\/04\/18\/2-jours-a-quebec\/"},"author":{"name":"micoulou","@id":"https:\/\/www.micoulou-photos.com\/#\/schema\/person\/6aedfe8ebe91da632f46e7c9d806a722"},"headline":"2 jours \u00e0 Quebec","datePublished":"2011-04-18T02:06:00+00:00","mainEntityOfPage":{"@id":"https:\/\/www.micoulou-photos.com\/index.php\/2011\/04\/18\/2-jours-a-quebec\/"},"wordCount":319,"commentCount":1,"publisher":{"@id":"https:\/\/www.micoulou-photos.com\/#organization"},"image":{"@id":"https:\/\/www.micoulou-photos.com\/index.php\/2011\/04\/18\/2-jours-a-quebec\/#primaryimage"},"thumbnailUrl":"http:\/\/3.bp.blogspot.com\/-sEaPK7Yf3f0\/TauNG7Xfq9I\/AAAAAAAAhBw\/BaoGPs-gHww\/s320\/IMGP0937.jpg","inLanguage":"fr-FR","potentialAction":[{"@type":"CommentAction","name":"Comment","target":["https:\/\/www.micoulou-photos.com\/index.php\/2011\/04\/18\/2-jours-a-quebec\/#respond"]}]},{"@type":"WebPage","@id":"https:\/\/www.micoulou-photos.com\/index.php\/2011\/04\/18\/2-jours-a-quebec\/","url":"https:\/\/www.micoulou-photos.com\/index.php\/2011\/04\/18\/2-jours-a-quebec\/","name":"2 jours \u00e0 Quebec - Micoulou Photographie","isPartOf":{"@id":"https:\/\/www.micoulou-photos.com\/#website"},"primaryImageOfPage":{"@id":"https:\/\/www.micoulou-photos.com\/index.php\/2011\/04\/18\/2-jours-a-quebec\/#primaryimage"},"image":{"@id":"https:\/\/www.micoulou-photos.com\/index.php\/2011\/04\/18\/2-jours-a-quebec\/#primaryimage"},"thumbnailUrl":"http:\/\/3.bp.blogspot.com\/-sEaPK7Yf3f0\/TauNG7Xfq9I\/AAAAAAAAhBw\/BaoGPs-gHww\/s320\/IMGP0937.jpg","datePublished":"2011-04-18T02:06:00+00:00","breadcrumb":{"@id":"https:\/\/www.micoulou-photos.com\/index.php\/2011\/04\/18\/2-jours-a-quebec\/#breadcrumb"},"inLanguage":"fr-FR","potentialAction":[{"@type":"ReadAction","target":["https:\/\/www.micoulou-photos.com\/index.php\/2011\/04\/18\/2-jours-a-quebec\/"]}]},{"@type":"ImageObject","inLanguage":"fr-FR","@id":"https:\/\/www.micoulou-photos.com\/index.php\/2011\/04\/18\/2-jours-a-quebec\/#primaryimage","url":"http:\/\/3.bp.blogspot.com\/-sEaPK7Yf3f0\/TauNG7Xfq9I\/AAAAAAAAhBw\/BaoGPs-gHww\/s320\/IMGP0937.jpg","contentUrl":"http:\/\/3.bp.blogspot.com\/-sEaPK7Yf3f0\/TauNG7Xfq9I\/AAAAAAAAhBw\/BaoGPs-gHww\/s320\/IMGP0937.jpg"},{"@type":"BreadcrumbList","@id":"https:\/\/www.micoulou-photos.com\/index.php\/2011\/04\/18\/2-jours-a-quebec\/#breadcrumb","itemListElement":[{"@type":"ListItem","position":1,"name":"Accueil","item":"https:\/\/www.micoulou-photos.com\/"},{"@type":"ListItem","position":2,"name":"2 jours \u00e0 Quebec"}]},{"@type":"WebSite","@id":"https:\/\/www.micoulou-photos.com\/#website","url":"https:\/\/www.micoulou-photos.com\/","name":"Micoulou Photographie","description":"Photographies, Visites virtuelles et formations par Mickael Minarie","publisher":{"@id":"https:\/\/www.micoulou-photos.com\/#organization"},"potentialAction":[{"@type":"SearchAction","target":{"@type":"EntryPoint","urlTemplate":"https:\/\/www.micoulou-photos.com\/?s={search_term_string}"},"query-input":{"@type":"PropertyValueSpecification","valueRequired":true,"valueName":"search_term_string"}}],"inLanguage":"fr-FR"},{"@type":"Organization","@id":"https:\/\/www.micoulou-photos.com\/#organization","name":"Micoulou Photographie","url":"https:\/\/www.micoulou-photos.com\/","logo":{"@type":"ImageObject","inLanguage":"fr-FR","@id":"https:\/\/www.micoulou-photos.com\/#\/schema\/logo\/image\/","url":"https:\/\/i0.wp.com\/www.micoulou-photos.com\/wp-content\/uploads\/2020\/05\/cropped-891667_552097324824916_1615181552_o-1.jpg?fit=643%2C722&ssl=1","contentUrl":"https:\/\/i0.wp.com\/www.micoulou-photos.com\/wp-content\/uploads\/2020\/05\/cropped-891667_552097324824916_1615181552_o-1.jpg?fit=643%2C722&ssl=1","width":643,"height":722,"caption":"Micoulou Photographie"},"image":{"@id":"https:\/\/www.micoulou-photos.com\/#\/schema\/logo\/image\/"}},{"@type":"Person","@id":"https:\/\/www.micoulou-photos.com\/#\/schema\/person\/6aedfe8ebe91da632f46e7c9d806a722","name":"micoulou","image":{"@type":"ImageObject","inLanguage":"fr-FR","@id":"https:\/\/secure.gravatar.com\/avatar\/98f892eb7d267eab2faa437baa3edd708deaaa43929316c0cc7b751a04cb247b?s=96&d=mm&r=g","url":"https:\/\/secure.gravatar.com\/avatar\/98f892eb7d267eab2faa437baa3edd708deaaa43929316c0cc7b751a04cb247b?s=96&d=mm&r=g","contentUrl":"https:\/\/secure.gravatar.com\/avatar\/98f892eb7d267eab2faa437baa3edd708deaaa43929316c0cc7b751a04cb247b?s=96&d=mm&r=g","caption":"micoulou"},"url":"https:\/\/www.micoulou-photos.com\/index.php\/author\/micoulou\/"}]}},"jetpack_publicize_connections":[],"jetpack_featured_media_url":"","jetpack_sharing_enabled":true,"jetpack_shortlink":"https:\/\/wp.me\/p7zKF4-3i","jetpack-related-posts":[{"id":211,"url":"https:\/\/www.micoulou-photos.com\/index.php\/2011\/04\/05\/une-journee-sur-quebec\/","url_meta":{"origin":204,"position":0},"title":"Une journ\u00e9e sur Quebec","author":"micoulou","date":"5 avril 2011","format":false,"excerpt":"Un petit bilan pour ma premi\u00e8re journ\u00e9e \u00e0 Quebec :Ce matin, je suis parti en m\u00eame temps que mon copain vers le quartier de Sainte Foy... Je me suis pas encore rendu compte des distances, tous est grand l\u00e0 bas, et de la neige et des arbres \u00e0 perte de\u2026","rel":"","context":"Dans &quot;Non class\u00e9&quot;","block_context":{"text":"Non class\u00e9","link":"https:\/\/www.micoulou-photos.com\/index.php\/category\/non-classe\/"},"img":{"alt_text":"","src":"","width":0,"height":0},"classes":[]},{"id":210,"url":"https:\/\/www.micoulou-photos.com\/index.php\/2011\/04\/07\/quelques-jours-depuis-mon-arrivee\/","url_meta":{"origin":204,"position":1},"title":"quelques jours depuis mon arriv\u00e9e.","author":"micoulou","date":"7 avril 2011","format":false,"excerpt":"Un petit bilan apr\u00e8s quelques jours sur Quebec... Aujourd'hui, je ne me sens pas trop bien, surement un coup de froid... J'avais bien l'impression de qu'il ne faisait franchement pas chaud, mais en regardant la m\u00e9t\u00e9o, j'ai compris que je ne r\u00eavais pas : -6\u00b0 ressentie... Je ne m'attendais vraiment\u2026","rel":"","context":"Dans &quot;Non class\u00e9&quot;","block_context":{"text":"Non class\u00e9","link":"https:\/\/www.micoulou-photos.com\/index.php\/category\/non-classe\/"},"img":{"alt_text":"","src":"https:\/\/i0.wp.com\/4.bp.blogspot.com\/-8GgSLQ1xoHI\/TZ3YVaYWR2I\/AAAAAAAAgl8\/gVZV1b1KGrs\/s320\/IMGP0091.jpg?resize=350%2C200","width":350,"height":200},"classes":[]},{"id":139,"url":"https:\/\/www.micoulou-photos.com\/index.php\/2011\/11\/07\/week-end-a-quebec\/","url_meta":{"origin":204,"position":2},"title":"week end a Quebec","author":"micoulou","date":"7 novembre 2011","format":false,"excerpt":"J'ai pass\u00e9 le week end pr\u00e9c\u00e9dent \u00e0 Quebec\/Levis pour aller voir des amis et visiter le coin...Nous avons donc visit\u00e9 Wendake, village indien du quebec... Il est dommage de voir qu'une partie de ce patrimoine est perdu, il avait beaucoup \u00e0 nous apprendre...Le samedi soir, la fete d'haloween etait bien\u2026","rel":"","context":"Dans &quot;Non class\u00e9&quot;","block_context":{"text":"Non class\u00e9","link":"https:\/\/www.micoulou-photos.com\/index.php\/category\/non-classe\/"},"img":{"alt_text":"","src":"https:\/\/i0.wp.com\/2.bp.blogspot.com\/-LXP4JMGkICE\/TrS-2uRS7jI\/AAAAAAAApic\/67qs-wbtZHM\/s320\/IMGP6123.jpg?resize=350%2C200","width":350,"height":200},"classes":[]},{"id":149,"url":"https:\/\/www.micoulou-photos.com\/index.php\/2011\/10\/10\/festival-des-lanternes-a-quebec\/","url_meta":{"origin":204,"position":3},"title":"Festival des lanternes \u00e0 Quebec","author":"micoulou","date":"10 octobre 2011","format":false,"excerpt":"Bon, je passe mes journ\u00e9es \u00e0 la recherche d'emploi, mais je sors un peu le soir...Voici donc le festival des lanternes chinoises au jardin botanique de Qu\u00e9bec : c'\u00e9tait pas mal mais envahi de monde, il \u00e9tait donc difficile de faire des photo, de plus, on \u00e9tait \u00e9cras\u00e9 \u00e0 certains\u2026","rel":"","context":"Dans &quot;Non class\u00e9&quot;","block_context":{"text":"Non class\u00e9","link":"https:\/\/www.micoulou-photos.com\/index.php\/category\/non-classe\/"},"img":{"alt_text":"","src":"https:\/\/i0.wp.com\/2.bp.blogspot.com\/-_vnPBpgQ81w\/TpJocTBpIYI\/AAAAAAAAors\/HSiITg0A3oE\/s320\/IMG_3727.jpg?resize=350%2C200","width":350,"height":200},"classes":[]},{"id":219,"url":"https:\/\/www.micoulou-photos.com\/index.php\/2011\/02\/26\/itineraire-canada\/","url_meta":{"origin":204,"position":4},"title":"Itineraire Canada&#8230;","author":"micoulou","date":"26 f\u00e9vrier 2011","format":false,"excerpt":"Je regarde les itineraires possibles pour mon periple au Canada, et pour le moment voici ce que j'ai trouv\u00e9 :Je vais arriver sur Montreal et je passerais 2-3 jours l\u00e0 bas.Quebec : ensuite je pense passer quelques jours \u00e0 quebec city, voire les personnes que je connais, commencer \u00e0 voire\u2026","rel":"","context":"Dans &quot;Canada&quot;","block_context":{"text":"Canada","link":"https:\/\/www.micoulou-photos.com\/index.php\/category\/canada\/"},"img":{"alt_text":"","src":"","width":0,"height":0},"classes":[]},{"id":163,"url":"https:\/\/www.micoulou-photos.com\/index.php\/2011\/08\/08\/retour-en-terrain-presque-connu\/","url_meta":{"origin":204,"position":5},"title":"retour en terrain (presque) connu","author":"micoulou","date":"8 ao\u00fbt 2011","format":false,"excerpt":"Bonjour \u00e0 tous les lecteurs de ce blog,Comme vous le savez peut etre, le wwoofing est termin\u00e9 pour moi pour le moment, il est tant de continuer le voyage et bientot de revenir dans un travail en informatique...Je suis donc repass\u00e9 \u00e0 Montreal et \u00e0 Quebec... Peu de photos en\u2026","rel":"","context":"Dans &quot;Non class\u00e9&quot;","block_context":{"text":"Non class\u00e9","link":"https:\/\/www.micoulou-photos.com\/index.php\/category\/non-classe\/"},"img":{"alt_text":"","src":"","width":0,"height":0},"classes":[]}],"_links":{"self":[{"href":"https:\/\/www.micoulou-photos.com\/index.php\/wp-json\/wp\/v2\/posts\/204","targetHints":{"allow":["GET"]}}],"collection":[{"href":"https:\/\/www.micoulou-photos.com\/index.php\/wp-json\/wp\/v2\/posts"}],"about":[{"href":"https:\/\/www.micoulou-photos.com\/index.php\/wp-json\/wp\/v2\/types\/post"}],"author":[{"embeddable":true,"href":"https:\/\/www.micoulou-photos.com\/index.php\/wp-json\/wp\/v2\/users\/1"}],"replies":[{"embeddable":true,"href":"https:\/\/www.micoulou-photos.com\/index.php\/wp-json\/wp\/v2\/comments?post=204"}],"version-history":[{"count":0,"href":"https:\/\/www.micoulou-photos.com\/index.php\/wp-json\/wp\/v2\/posts\/204\/revisions"}],"wp:attachment":[{"href":"https:\/\/www.micoulou-photos.com\/index.php\/wp-json\/wp\/v2\/media?parent=204"}],"wp:term":[{"taxonomy":"category","embeddable":true,"href":"https:\/\/www.micoulou-photos.com\/index.php\/wp-json\/wp\/v2\/categories?post=204"},{"taxonomy":"post_tag","embeddable":true,"href":"https:\/\/www.micoulou-photos.com\/index.php\/wp-json\/wp\/v2\/tags?post=204"}],"curies":[{"name":"wp","href":"https:\/\/api.w.org\/{rel}","templated":true}]}}