{"id":183,"date":"2011-06-02T03:38:00","date_gmt":"2011-06-02T02:38:00","guid":{"rendered":"http:\/\/micoulou.info\/wp\/index.php\/2011\/06\/02\/dernier-jour\/"},"modified":"2011-06-02T03:38:00","modified_gmt":"2011-06-02T02:38:00","slug":"dernier-jour","status":"publish","type":"post","link":"https:\/\/www.micoulou-photos.com\/index.php\/2011\/06\/02\/dernier-jour\/","title":{"rendered":"Dernier jour&#8230;"},"content":{"rendered":"<p>Voici donc mon \u00ab\u00a0dernier jour\u00a0\u00bb puisque demain sera une journ\u00e9e de transition&#8230; O\u00f9 je n&rsquo;ai pas boss\u00e9 ce matin car je me sentais pas bien, j&rsquo;avais un peu de fievre avec un mal de t\u00eate&#8230; Je pense que j&rsquo;ai attrap\u00e9 un gros rhume pendant un des orages que je me suis pris vendredi ou lundi dernier&#8230; Dommage car une des 2 personnes qui est arriv\u00e9 aujourd&rsquo;hui \u00e0 l&rsquo;air bien sympa et je n&rsquo;ai pas encore pu beaucoup parler avec elle (une japonaise qui vient des montagnes du nord du japon.<br \/>Je suis quand m\u00eame sorti prendre quelques photos ce soir, avec Jonas que je remercie pour m&rsquo;avoir emmener au lac d&rsquo;Osoyoos, m\u00eame si la lumi\u00e8re n&rsquo;etait pas vraiment avec nous&#8230;<\/p>\n<table align=\"center\" cellpadding=\"0\" cellspacing=\"0\" style=\"margin-left: auto; margin-right: auto; text-align: center;\">\n<tbody>\n<tr>\n<td style=\"text-align: center;\"><a href=\"https:\/\/i0.wp.com\/3.bp.blogspot.com\/-LxPpARwLOCo\/Teb1gzGHjhI\/AAAAAAAAitM\/TYb1cqAKvDA\/s1600\/IMG_0142.jpg\" style=\"margin-left: auto; margin-right: auto;\"><img data-recalc-dims=\"1\" fetchpriority=\"high\" decoding=\"async\" border=\"0\" height=\"213\" src=\"https:\/\/i0.wp.com\/3.bp.blogspot.com\/-LxPpARwLOCo\/Teb1gzGHjhI\/AAAAAAAAitM\/TYb1cqAKvDA\/s320\/IMG_0142.jpg?resize=320%2C213\" width=\"320\" \/><\/a><\/td>\n<\/tr>\n<tr>\n<td style=\"text-align: center;\">Verger, au EOS 30D<\/td>\n<\/tr>\n<\/tbody>\n<\/table>\n<p><\/p>\n<div style=\"clear: both; text-align: center;\"><a href=\"https:\/\/i0.wp.com\/2.bp.blogspot.com\/-_3_pLEB0qAc\/Teb1orE3luI\/AAAAAAAAitY\/5zTGabciwRY\/s1600\/IMGP4055.jpg\" style=\"margin-left: 1em; margin-right: 1em;\"><img data-recalc-dims=\"1\" decoding=\"async\" border=\"0\" height=\"320\" src=\"https:\/\/i0.wp.com\/2.bp.blogspot.com\/-_3_pLEB0qAc\/Teb1orE3luI\/AAAAAAAAitY\/5zTGabciwRY\/s320\/IMGP4055.jpg?resize=212%2C320\" width=\"212\" \/><\/a><\/div>\n<p><\/p>\n<div style=\"clear: both; text-align: center;\"><a href=\"https:\/\/i0.wp.com\/1.bp.blogspot.com\/-jh0tpTqPnZc\/Teb1pQthsQI\/AAAAAAAAitg\/yhUZWytAHOY\/s1600\/IMGP4057.jpg\" style=\"margin-left: 1em; margin-right: 1em;\"><img data-recalc-dims=\"1\" decoding=\"async\" border=\"0\" height=\"320\" src=\"https:\/\/i0.wp.com\/1.bp.blogspot.com\/-jh0tpTqPnZc\/Teb1pQthsQI\/AAAAAAAAitg\/yhUZWytAHOY\/s320\/IMGP4057.jpg?resize=212%2C320\" width=\"212\" \/><\/a><\/div>\n<p><\/p>\n<div style=\"clear: both; text-align: center;\"><a href=\"https:\/\/i0.wp.com\/3.bp.blogspot.com\/-KacMnH1Dg8w\/Teb2AtNO8TI\/AAAAAAAAiuk\/MLakc6lgBUw\/s1600\/IMGP4110.jpg\" style=\"margin-left: 1em; margin-right: 1em;\"><img data-recalc-dims=\"1\" loading=\"lazy\" decoding=\"async\" border=\"0\" height=\"320\" src=\"https:\/\/i0.wp.com\/3.bp.blogspot.com\/-KacMnH1Dg8w\/Teb2AtNO8TI\/AAAAAAAAiuk\/MLakc6lgBUw\/s320\/IMGP4110.jpg?resize=212%2C320\" width=\"212\" \/><\/a><\/div>\n<p><\/p>\n<table align=\"center\" cellpadding=\"0\" cellspacing=\"0\" style=\"margin-left: auto; margin-right: auto; text-align: center;\">\n<tbody>\n<tr>\n<td style=\"text-align: center;\"><a href=\"https:\/\/i0.wp.com\/2.bp.blogspot.com\/-WYvQyFLZA2U\/Teb2OfrH_NI\/AAAAAAAAivI\/j0C4T_iNNwc\/s1600\/IMGP4133.jpg\" style=\"margin-left: auto; margin-right: auto;\"><img data-recalc-dims=\"1\" loading=\"lazy\" decoding=\"async\" border=\"0\" height=\"212\" src=\"https:\/\/i0.wp.com\/2.bp.blogspot.com\/-WYvQyFLZA2U\/Teb2OfrH_NI\/AAAAAAAAivI\/j0C4T_iNNwc\/s320\/IMGP4133.jpg?resize=320%2C212\" width=\"320\" \/><\/a><\/td>\n<\/tr>\n<tr>\n<td style=\"text-align: center;\">Lac d&rsquo;osoyoos, lac sal\u00e9.<\/td>\n<\/tr>\n<\/tbody>\n<\/table>\n<p><\/p>\n<div style=\"clear: both; text-align: center;\"><a href=\"https:\/\/i0.wp.com\/1.bp.blogspot.com\/-ynFMBlD3E7g\/Teb2caDpUkI\/AAAAAAAAiv0\/-D3AAGUhIrE\/s1600\/IMGP4150.jpg\" style=\"margin-left: 1em; margin-right: 1em;\"><img data-recalc-dims=\"1\" loading=\"lazy\" decoding=\"async\" border=\"0\" height=\"212\" src=\"https:\/\/i0.wp.com\/1.bp.blogspot.com\/-ynFMBlD3E7g\/Teb2caDpUkI\/AAAAAAAAiv0\/-D3AAGUhIrE\/s320\/IMGP4150.jpg?resize=320%2C212\" width=\"320\" \/><\/a><\/div>\n<p>J&rsquo;ai pu aussi faire 3 images avec son Canon 30D, un boitier bien sympa, avec un rendu proche de mon D60 mais avec une dynamique l\u00e9g\u00e8rement meilleure et un vrai AF.<\/p>\n","protected":false},"excerpt":{"rendered":"<p>Voici donc mon \u00ab\u00a0dernier jour\u00a0\u00bb puisque demain sera une journ\u00e9e de transition&#8230; O\u00f9 je n&rsquo;ai pas boss\u00e9 ce matin car je me sentais pas bien, j&rsquo;avais un peu de fievre avec un mal de t\u00eate&#8230; Je pense que j&rsquo;ai attrap\u00e9 un gros rhume pendant un des orages que je me suis pris vendredi ou lundi [&hellip;]<\/p>\n","protected":false},"author":1,"featured_media":0,"comment_status":"open","ping_status":"open","sticky":false,"template":"","format":"standard","meta":{"jetpack_post_was_ever_published":false,"_jetpack_newsletter_access":"","_jetpack_dont_email_post_to_subs":false,"_jetpack_newsletter_tier_id":0,"_jetpack_memberships_contains_paywalled_content":false,"_jetpack_memberships_contains_paid_content":false,"footnotes":"","jetpack_publicize_message":"","jetpack_publicize_feature_enabled":true,"jetpack_social_post_already_shared":false,"jetpack_social_options":{"image_generator_settings":{"template":"highway","default_image_id":0,"font":"","enabled":false},"version":2}},"categories":[1],"tags":[],"class_list":["post-183","post","type-post","status-publish","format-standard","hentry","category-non-classe"],"yoast_head":"<!-- This site is optimized with the Yoast SEO plugin v27.5 - https:\/\/yoast.com\/product\/yoast-seo-wordpress\/ -->\n<title>Dernier jour... - Micoulou Photographie<\/title>\n<meta name=\"robots\" content=\"index, follow, max-snippet:-1, max-image-preview:large, max-video-preview:-1\" \/>\n<link rel=\"canonical\" href=\"https:\/\/www.micoulou-photos.com\/index.php\/2011\/06\/02\/dernier-jour\/\" \/>\n<meta property=\"og:locale\" content=\"fr_FR\" \/>\n<meta property=\"og:type\" content=\"article\" \/>\n<meta property=\"og:title\" content=\"Dernier jour... - Micoulou Photographie\" \/>\n<meta property=\"og:description\" content=\"Voici donc mon \u00ab\u00a0dernier jour\u00a0\u00bb puisque demain sera une journ\u00e9e de transition&#8230; O\u00f9 je n&rsquo;ai pas boss\u00e9 ce matin car je me sentais pas bien, j&rsquo;avais un peu de fievre avec un mal de t\u00eate&#8230; Je pense que j&rsquo;ai attrap\u00e9 un gros rhume pendant un des orages que je me suis pris vendredi ou lundi [&hellip;]\" \/>\n<meta property=\"og:url\" content=\"https:\/\/www.micoulou-photos.com\/index.php\/2011\/06\/02\/dernier-jour\/\" \/>\n<meta property=\"og:site_name\" content=\"Micoulou Photographie\" \/>\n<meta property=\"article:published_time\" content=\"2011-06-02T02:38:00+00:00\" \/>\n<meta property=\"og:image\" content=\"http:\/\/3.bp.blogspot.com\/-LxPpARwLOCo\/Teb1gzGHjhI\/AAAAAAAAitM\/TYb1cqAKvDA\/s320\/IMG_0142.jpg\" \/>\n<meta name=\"author\" content=\"micoulou\" \/>\n<meta name=\"twitter:card\" content=\"summary_large_image\" \/>\n<meta name=\"twitter:label1\" content=\"\u00c9crit par\" \/>\n\t<meta name=\"twitter:data1\" content=\"micoulou\" \/>\n\t<meta name=\"twitter:label2\" content=\"Dur\u00e9e de lecture estim\u00e9e\" \/>\n\t<meta name=\"twitter:data2\" content=\"1 minute\" \/>\n<script type=\"application\/ld+json\" class=\"yoast-schema-graph\">{\"@context\":\"https:\\\/\\\/schema.org\",\"@graph\":[{\"@type\":\"Article\",\"@id\":\"https:\\\/\\\/www.micoulou-photos.com\\\/index.php\\\/2011\\\/06\\\/02\\\/dernier-jour\\\/#article\",\"isPartOf\":{\"@id\":\"https:\\\/\\\/www.micoulou-photos.com\\\/index.php\\\/2011\\\/06\\\/02\\\/dernier-jour\\\/\"},\"author\":{\"name\":\"micoulou\",\"@id\":\"https:\\\/\\\/www.micoulou-photos.com\\\/#\\\/schema\\\/person\\\/6aedfe8ebe91da632f46e7c9d806a722\"},\"headline\":\"Dernier jour&#8230;\",\"datePublished\":\"2011-06-02T02:38:00+00:00\",\"mainEntityOfPage\":{\"@id\":\"https:\\\/\\\/www.micoulou-photos.com\\\/index.php\\\/2011\\\/06\\\/02\\\/dernier-jour\\\/\"},\"wordCount\":176,\"commentCount\":0,\"publisher\":{\"@id\":\"https:\\\/\\\/www.micoulou-photos.com\\\/#organization\"},\"image\":{\"@id\":\"https:\\\/\\\/www.micoulou-photos.com\\\/index.php\\\/2011\\\/06\\\/02\\\/dernier-jour\\\/#primaryimage\"},\"thumbnailUrl\":\"http:\\\/\\\/3.bp.blogspot.com\\\/-LxPpARwLOCo\\\/Teb1gzGHjhI\\\/AAAAAAAAitM\\\/TYb1cqAKvDA\\\/s320\\\/IMG_0142.jpg\",\"inLanguage\":\"fr-FR\",\"potentialAction\":[{\"@type\":\"CommentAction\",\"name\":\"Comment\",\"target\":[\"https:\\\/\\\/www.micoulou-photos.com\\\/index.php\\\/2011\\\/06\\\/02\\\/dernier-jour\\\/#respond\"]}]},{\"@type\":\"WebPage\",\"@id\":\"https:\\\/\\\/www.micoulou-photos.com\\\/index.php\\\/2011\\\/06\\\/02\\\/dernier-jour\\\/\",\"url\":\"https:\\\/\\\/www.micoulou-photos.com\\\/index.php\\\/2011\\\/06\\\/02\\\/dernier-jour\\\/\",\"name\":\"Dernier jour... - Micoulou Photographie\",\"isPartOf\":{\"@id\":\"https:\\\/\\\/www.micoulou-photos.com\\\/#website\"},\"primaryImageOfPage\":{\"@id\":\"https:\\\/\\\/www.micoulou-photos.com\\\/index.php\\\/2011\\\/06\\\/02\\\/dernier-jour\\\/#primaryimage\"},\"image\":{\"@id\":\"https:\\\/\\\/www.micoulou-photos.com\\\/index.php\\\/2011\\\/06\\\/02\\\/dernier-jour\\\/#primaryimage\"},\"thumbnailUrl\":\"http:\\\/\\\/3.bp.blogspot.com\\\/-LxPpARwLOCo\\\/Teb1gzGHjhI\\\/AAAAAAAAitM\\\/TYb1cqAKvDA\\\/s320\\\/IMG_0142.jpg\",\"datePublished\":\"2011-06-02T02:38:00+00:00\",\"breadcrumb\":{\"@id\":\"https:\\\/\\\/www.micoulou-photos.com\\\/index.php\\\/2011\\\/06\\\/02\\\/dernier-jour\\\/#breadcrumb\"},\"inLanguage\":\"fr-FR\",\"potentialAction\":[{\"@type\":\"ReadAction\",\"target\":[\"https:\\\/\\\/www.micoulou-photos.com\\\/index.php\\\/2011\\\/06\\\/02\\\/dernier-jour\\\/\"]}]},{\"@type\":\"ImageObject\",\"inLanguage\":\"fr-FR\",\"@id\":\"https:\\\/\\\/www.micoulou-photos.com\\\/index.php\\\/2011\\\/06\\\/02\\\/dernier-jour\\\/#primaryimage\",\"url\":\"http:\\\/\\\/3.bp.blogspot.com\\\/-LxPpARwLOCo\\\/Teb1gzGHjhI\\\/AAAAAAAAitM\\\/TYb1cqAKvDA\\\/s320\\\/IMG_0142.jpg\",\"contentUrl\":\"http:\\\/\\\/3.bp.blogspot.com\\\/-LxPpARwLOCo\\\/Teb1gzGHjhI\\\/AAAAAAAAitM\\\/TYb1cqAKvDA\\\/s320\\\/IMG_0142.jpg\"},{\"@type\":\"BreadcrumbList\",\"@id\":\"https:\\\/\\\/www.micoulou-photos.com\\\/index.php\\\/2011\\\/06\\\/02\\\/dernier-jour\\\/#breadcrumb\",\"itemListElement\":[{\"@type\":\"ListItem\",\"position\":1,\"name\":\"Accueil\",\"item\":\"https:\\\/\\\/www.micoulou-photos.com\\\/\"},{\"@type\":\"ListItem\",\"position\":2,\"name\":\"Dernier jour&#8230;\"}]},{\"@type\":\"WebSite\",\"@id\":\"https:\\\/\\\/www.micoulou-photos.com\\\/#website\",\"url\":\"https:\\\/\\\/www.micoulou-photos.com\\\/\",\"name\":\"Micoulou Photographie\",\"description\":\"Photographies, Visites virtuelles et formations par Mickael Minarie\",\"publisher\":{\"@id\":\"https:\\\/\\\/www.micoulou-photos.com\\\/#organization\"},\"potentialAction\":[{\"@type\":\"SearchAction\",\"target\":{\"@type\":\"EntryPoint\",\"urlTemplate\":\"https:\\\/\\\/www.micoulou-photos.com\\\/?s={search_term_string}\"},\"query-input\":{\"@type\":\"PropertyValueSpecification\",\"valueRequired\":true,\"valueName\":\"search_term_string\"}}],\"inLanguage\":\"fr-FR\"},{\"@type\":\"Organization\",\"@id\":\"https:\\\/\\\/www.micoulou-photos.com\\\/#organization\",\"name\":\"Micoulou Photographie\",\"url\":\"https:\\\/\\\/www.micoulou-photos.com\\\/\",\"logo\":{\"@type\":\"ImageObject\",\"inLanguage\":\"fr-FR\",\"@id\":\"https:\\\/\\\/www.micoulou-photos.com\\\/#\\\/schema\\\/logo\\\/image\\\/\",\"url\":\"https:\\\/\\\/i0.wp.com\\\/www.micoulou-photos.com\\\/wp-content\\\/uploads\\\/2020\\\/05\\\/cropped-891667_552097324824916_1615181552_o-1.jpg?fit=643%2C722&ssl=1\",\"contentUrl\":\"https:\\\/\\\/i0.wp.com\\\/www.micoulou-photos.com\\\/wp-content\\\/uploads\\\/2020\\\/05\\\/cropped-891667_552097324824916_1615181552_o-1.jpg?fit=643%2C722&ssl=1\",\"width\":643,\"height\":722,\"caption\":\"Micoulou Photographie\"},\"image\":{\"@id\":\"https:\\\/\\\/www.micoulou-photos.com\\\/#\\\/schema\\\/logo\\\/image\\\/\"}},{\"@type\":\"Person\",\"@id\":\"https:\\\/\\\/www.micoulou-photos.com\\\/#\\\/schema\\\/person\\\/6aedfe8ebe91da632f46e7c9d806a722\",\"name\":\"micoulou\",\"image\":{\"@type\":\"ImageObject\",\"inLanguage\":\"fr-FR\",\"@id\":\"https:\\\/\\\/secure.gravatar.com\\\/avatar\\\/98f892eb7d267eab2faa437baa3edd708deaaa43929316c0cc7b751a04cb247b?s=96&d=mm&r=g\",\"url\":\"https:\\\/\\\/secure.gravatar.com\\\/avatar\\\/98f892eb7d267eab2faa437baa3edd708deaaa43929316c0cc7b751a04cb247b?s=96&d=mm&r=g\",\"contentUrl\":\"https:\\\/\\\/secure.gravatar.com\\\/avatar\\\/98f892eb7d267eab2faa437baa3edd708deaaa43929316c0cc7b751a04cb247b?s=96&d=mm&r=g\",\"caption\":\"micoulou\"},\"url\":\"https:\\\/\\\/www.micoulou-photos.com\\\/index.php\\\/author\\\/micoulou\\\/\"}]}<\/script>\n<!-- \/ Yoast SEO plugin. -->","yoast_head_json":{"title":"Dernier jour... - Micoulou Photographie","robots":{"index":"index","follow":"follow","max-snippet":"max-snippet:-1","max-image-preview":"max-image-preview:large","max-video-preview":"max-video-preview:-1"},"canonical":"https:\/\/www.micoulou-photos.com\/index.php\/2011\/06\/02\/dernier-jour\/","og_locale":"fr_FR","og_type":"article","og_title":"Dernier jour... - Micoulou Photographie","og_description":"Voici donc mon \u00ab\u00a0dernier jour\u00a0\u00bb puisque demain sera une journ\u00e9e de transition&#8230; O\u00f9 je n&rsquo;ai pas boss\u00e9 ce matin car je me sentais pas bien, j&rsquo;avais un peu de fievre avec un mal de t\u00eate&#8230; Je pense que j&rsquo;ai attrap\u00e9 un gros rhume pendant un des orages que je me suis pris vendredi ou lundi [&hellip;]","og_url":"https:\/\/www.micoulou-photos.com\/index.php\/2011\/06\/02\/dernier-jour\/","og_site_name":"Micoulou Photographie","article_published_time":"2011-06-02T02:38:00+00:00","og_image":[{"url":"http:\/\/3.bp.blogspot.com\/-LxPpARwLOCo\/Teb1gzGHjhI\/AAAAAAAAitM\/TYb1cqAKvDA\/s320\/IMG_0142.jpg","type":"","width":"","height":""}],"author":"micoulou","twitter_card":"summary_large_image","twitter_misc":{"\u00c9crit par":"micoulou","Dur\u00e9e de lecture estim\u00e9e":"1 minute"},"schema":{"@context":"https:\/\/schema.org","@graph":[{"@type":"Article","@id":"https:\/\/www.micoulou-photos.com\/index.php\/2011\/06\/02\/dernier-jour\/#article","isPartOf":{"@id":"https:\/\/www.micoulou-photos.com\/index.php\/2011\/06\/02\/dernier-jour\/"},"author":{"name":"micoulou","@id":"https:\/\/www.micoulou-photos.com\/#\/schema\/person\/6aedfe8ebe91da632f46e7c9d806a722"},"headline":"Dernier jour&#8230;","datePublished":"2011-06-02T02:38:00+00:00","mainEntityOfPage":{"@id":"https:\/\/www.micoulou-photos.com\/index.php\/2011\/06\/02\/dernier-jour\/"},"wordCount":176,"commentCount":0,"publisher":{"@id":"https:\/\/www.micoulou-photos.com\/#organization"},"image":{"@id":"https:\/\/www.micoulou-photos.com\/index.php\/2011\/06\/02\/dernier-jour\/#primaryimage"},"thumbnailUrl":"http:\/\/3.bp.blogspot.com\/-LxPpARwLOCo\/Teb1gzGHjhI\/AAAAAAAAitM\/TYb1cqAKvDA\/s320\/IMG_0142.jpg","inLanguage":"fr-FR","potentialAction":[{"@type":"CommentAction","name":"Comment","target":["https:\/\/www.micoulou-photos.com\/index.php\/2011\/06\/02\/dernier-jour\/#respond"]}]},{"@type":"WebPage","@id":"https:\/\/www.micoulou-photos.com\/index.php\/2011\/06\/02\/dernier-jour\/","url":"https:\/\/www.micoulou-photos.com\/index.php\/2011\/06\/02\/dernier-jour\/","name":"Dernier jour... - Micoulou Photographie","isPartOf":{"@id":"https:\/\/www.micoulou-photos.com\/#website"},"primaryImageOfPage":{"@id":"https:\/\/www.micoulou-photos.com\/index.php\/2011\/06\/02\/dernier-jour\/#primaryimage"},"image":{"@id":"https:\/\/www.micoulou-photos.com\/index.php\/2011\/06\/02\/dernier-jour\/#primaryimage"},"thumbnailUrl":"http:\/\/3.bp.blogspot.com\/-LxPpARwLOCo\/Teb1gzGHjhI\/AAAAAAAAitM\/TYb1cqAKvDA\/s320\/IMG_0142.jpg","datePublished":"2011-06-02T02:38:00+00:00","breadcrumb":{"@id":"https:\/\/www.micoulou-photos.com\/index.php\/2011\/06\/02\/dernier-jour\/#breadcrumb"},"inLanguage":"fr-FR","potentialAction":[{"@type":"ReadAction","target":["https:\/\/www.micoulou-photos.com\/index.php\/2011\/06\/02\/dernier-jour\/"]}]},{"@type":"ImageObject","inLanguage":"fr-FR","@id":"https:\/\/www.micoulou-photos.com\/index.php\/2011\/06\/02\/dernier-jour\/#primaryimage","url":"http:\/\/3.bp.blogspot.com\/-LxPpARwLOCo\/Teb1gzGHjhI\/AAAAAAAAitM\/TYb1cqAKvDA\/s320\/IMG_0142.jpg","contentUrl":"http:\/\/3.bp.blogspot.com\/-LxPpARwLOCo\/Teb1gzGHjhI\/AAAAAAAAitM\/TYb1cqAKvDA\/s320\/IMG_0142.jpg"},{"@type":"BreadcrumbList","@id":"https:\/\/www.micoulou-photos.com\/index.php\/2011\/06\/02\/dernier-jour\/#breadcrumb","itemListElement":[{"@type":"ListItem","position":1,"name":"Accueil","item":"https:\/\/www.micoulou-photos.com\/"},{"@type":"ListItem","position":2,"name":"Dernier jour&#8230;"}]},{"@type":"WebSite","@id":"https:\/\/www.micoulou-photos.com\/#website","url":"https:\/\/www.micoulou-photos.com\/","name":"Micoulou Photographie","description":"Photographies, Visites virtuelles et formations par Mickael Minarie","publisher":{"@id":"https:\/\/www.micoulou-photos.com\/#organization"},"potentialAction":[{"@type":"SearchAction","target":{"@type":"EntryPoint","urlTemplate":"https:\/\/www.micoulou-photos.com\/?s={search_term_string}"},"query-input":{"@type":"PropertyValueSpecification","valueRequired":true,"valueName":"search_term_string"}}],"inLanguage":"fr-FR"},{"@type":"Organization","@id":"https:\/\/www.micoulou-photos.com\/#organization","name":"Micoulou Photographie","url":"https:\/\/www.micoulou-photos.com\/","logo":{"@type":"ImageObject","inLanguage":"fr-FR","@id":"https:\/\/www.micoulou-photos.com\/#\/schema\/logo\/image\/","url":"https:\/\/i0.wp.com\/www.micoulou-photos.com\/wp-content\/uploads\/2020\/05\/cropped-891667_552097324824916_1615181552_o-1.jpg?fit=643%2C722&ssl=1","contentUrl":"https:\/\/i0.wp.com\/www.micoulou-photos.com\/wp-content\/uploads\/2020\/05\/cropped-891667_552097324824916_1615181552_o-1.jpg?fit=643%2C722&ssl=1","width":643,"height":722,"caption":"Micoulou Photographie"},"image":{"@id":"https:\/\/www.micoulou-photos.com\/#\/schema\/logo\/image\/"}},{"@type":"Person","@id":"https:\/\/www.micoulou-photos.com\/#\/schema\/person\/6aedfe8ebe91da632f46e7c9d806a722","name":"micoulou","image":{"@type":"ImageObject","inLanguage":"fr-FR","@id":"https:\/\/secure.gravatar.com\/avatar\/98f892eb7d267eab2faa437baa3edd708deaaa43929316c0cc7b751a04cb247b?s=96&d=mm&r=g","url":"https:\/\/secure.gravatar.com\/avatar\/98f892eb7d267eab2faa437baa3edd708deaaa43929316c0cc7b751a04cb247b?s=96&d=mm&r=g","contentUrl":"https:\/\/secure.gravatar.com\/avatar\/98f892eb7d267eab2faa437baa3edd708deaaa43929316c0cc7b751a04cb247b?s=96&d=mm&r=g","caption":"micoulou"},"url":"https:\/\/www.micoulou-photos.com\/index.php\/author\/micoulou\/"}]}},"jetpack_publicize_connections":[],"jetpack_featured_media_url":"","jetpack_sharing_enabled":true,"jetpack_shortlink":"https:\/\/wp.me\/p7zKF4-2X","jetpack-related-posts":[{"id":175,"url":"https:\/\/www.micoulou-photos.com\/index.php\/2011\/06\/25\/le-cauchemar-eveille\/","url_meta":{"origin":183,"position":0},"title":"Le cauchemar \u00e9veill\u00e9&#8230;","author":"micoulou","date":"25 juin 2011","format":false,"excerpt":"Le cauchemar...Bon, voil\u00e0, apr\u00e8s presque 3 mois o\u00f9 tous se passait mieux que pr\u00e9vu il fallait que \u00e7a d\u00e9raille... Me voil\u00e0 donc dans un motel miteux de Keremeos \u00e0 85$ la nuit, avec de la fi\u00e8vre et de l\u2019orage dehors...Bon, je vais commencer depuis le d\u00e9but... En mars, alors que\u2026","rel":"","context":"Dans &quot;Canada&quot;","block_context":{"text":"Canada","link":"https:\/\/www.micoulou-photos.com\/index.php\/category\/canada\/"},"img":{"alt_text":"","src":"","width":0,"height":0},"classes":[]},{"id":116,"url":"https:\/\/www.micoulou-photos.com\/index.php\/2012\/06\/19\/nouvelles-3\/","url_meta":{"origin":183,"position":1},"title":"nouvelles","author":"micoulou","date":"19 juin 2012","format":false,"excerpt":"Mes derniers posts \u00e9taient tr\u00e8s flou, je vais pouvoir maintenant \u00eatre un peu plus clair...Que s'est il donc pass\u00e9 depuis janvier dernier ? D'abord le soucis avec la premi\u00e8re colocation a Montr\u00e9al, je crois avec le recul qu'elle \u00e9tait pr\u00e9visible, le sois disant \u00a8chef\u00a8 de la coloc voulait \u00eatre trop\u2026","rel":"","context":"Dans &quot;Non class\u00e9&quot;","block_context":{"text":"Non class\u00e9","link":"https:\/\/www.micoulou-photos.com\/index.php\/category\/non-classe\/"},"img":{"alt_text":"","src":"","width":0,"height":0},"classes":[]},{"id":161,"url":"https:\/\/www.micoulou-photos.com\/index.php\/2011\/08\/16\/derniers-jours-a-fredericton\/","url_meta":{"origin":183,"position":2},"title":"Derniers jours \u00e0 Fredericton :","author":"micoulou","date":"16 ao\u00fbt 2011","format":false,"excerpt":"Bon, ben voil\u00e0, je repars apr\u00e8s quelques jours ici, dans la capitale du nouveau brunswick, ville bien sympa au deumerant\u2026On va donc reprendre depuis vendredi midi, je vais peut \u00eatre r\u00e9p\u00e9ter un peu mais bon, je n'ai pas l'article de vendredi pour v\u00e9rifier\u2026Vendredi matin, donc, j'ai fini le montage des\u2026","rel":"","context":"Dans &quot;Non class\u00e9&quot;","block_context":{"text":"Non class\u00e9","link":"https:\/\/www.micoulou-photos.com\/index.php\/category\/non-classe\/"},"img":{"alt_text":"","src":"","width":0,"height":0},"classes":[]},{"id":170,"url":"https:\/\/www.micoulou-photos.com\/index.php\/2011\/07\/14\/train-et-new-york\/","url_meta":{"origin":183,"position":3},"title":"Train et New york","author":"micoulou","date":"14 juillet 2011","format":false,"excerpt":"Bon, voici enfin quelques nouvelles, ainsi que des r\u00e9flexions qui me sont venues durant ce voyage\u2026 Apr\u00e8s plus de 15 jours avec le minimum sur mon blog, il y aura de la lecture\u2026 Je vais essayer de bien mettre en page cela, et de le rendre lisible en plusieurs parties,\u2026","rel":"","context":"Dans &quot;Canada&quot;","block_context":{"text":"Canada","link":"https:\/\/www.micoulou-photos.com\/index.php\/category\/canada\/"},"img":{"alt_text":"","src":"","width":0,"height":0},"classes":[]},{"id":147,"url":"https:\/\/www.micoulou-photos.com\/index.php\/2011\/10\/13\/nouvelles-6\/","url_meta":{"origin":183,"position":4},"title":"Nouvelles","author":"micoulou","date":"13 octobre 2011","format":false,"excerpt":"Bon, vous allez me dire, en 3 jours, que s'est il pass\u00e9 pour que je redonne des nouvelles de nouveaux...En fait, j'ai eu un entretien hier, et j'ai sign\u00e9... Un peu dans la continuit\u00e9 de ce que j'ai fait au figaro et au studio photo, mais avec plus de dev,\u2026","rel":"","context":"Dans &quot;Non class\u00e9&quot;","block_context":{"text":"Non class\u00e9","link":"https:\/\/www.micoulou-photos.com\/index.php\/category\/non-classe\/"},"img":{"alt_text":"","src":"","width":0,"height":0},"classes":[]},{"id":4885,"url":"https:\/\/www.micoulou-photos.com\/index.php\/2018\/12\/02\/les-aventures-dun-aspiboy-vol-1\/","url_meta":{"origin":183,"position":5},"title":"Les aventures d&rsquo;un aspiboy &#8211; Vol 1","author":"micoulou","date":"2 d\u00e9cembre 2018","format":false,"excerpt":"Je vais essayer, une fois par mois, de vous raconter quelques unes de mes \u201caventures\u201d, juste pour pouvoir de mon cot\u00e9 prendre un peu de recul sur ces situations\u2026\u2028Cette semaine a \u00e9t\u00e9 particuli\u00e8rement charg\u00e9e\u2026\u2028On commence donc par le d\u00e9but, je signe il y a 2 mois une formation Photoshop Element\u2026","rel":"","context":"Dans &quot;Asperger&quot;","block_context":{"text":"Asperger","link":"https:\/\/www.micoulou-photos.com\/index.php\/category\/asperger\/"},"img":{"alt_text":"","src":"https:\/\/i0.wp.com\/www.micoulou-photos.com\/wp-content\/uploads\/2018\/12\/DSC02876-Modifier.jpg?fit=1200%2C800&ssl=1&resize=350%2C200","width":350,"height":200,"srcset":"https:\/\/i0.wp.com\/www.micoulou-photos.com\/wp-content\/uploads\/2018\/12\/DSC02876-Modifier.jpg?fit=1200%2C800&ssl=1&resize=350%2C200 1x, https:\/\/i0.wp.com\/www.micoulou-photos.com\/wp-content\/uploads\/2018\/12\/DSC02876-Modifier.jpg?fit=1200%2C800&ssl=1&resize=525%2C300 1.5x, https:\/\/i0.wp.com\/www.micoulou-photos.com\/wp-content\/uploads\/2018\/12\/DSC02876-Modifier.jpg?fit=1200%2C800&ssl=1&resize=700%2C400 2x, https:\/\/i0.wp.com\/www.micoulou-photos.com\/wp-content\/uploads\/2018\/12\/DSC02876-Modifier.jpg?fit=1200%2C800&ssl=1&resize=1050%2C600 3x"},"classes":[]}],"_links":{"self":[{"href":"https:\/\/www.micoulou-photos.com\/index.php\/wp-json\/wp\/v2\/posts\/183","targetHints":{"allow":["GET"]}}],"collection":[{"href":"https:\/\/www.micoulou-photos.com\/index.php\/wp-json\/wp\/v2\/posts"}],"about":[{"href":"https:\/\/www.micoulou-photos.com\/index.php\/wp-json\/wp\/v2\/types\/post"}],"author":[{"embeddable":true,"href":"https:\/\/www.micoulou-photos.com\/index.php\/wp-json\/wp\/v2\/users\/1"}],"replies":[{"embeddable":true,"href":"https:\/\/www.micoulou-photos.com\/index.php\/wp-json\/wp\/v2\/comments?post=183"}],"version-history":[{"count":0,"href":"https:\/\/www.micoulou-photos.com\/index.php\/wp-json\/wp\/v2\/posts\/183\/revisions"}],"wp:attachment":[{"href":"https:\/\/www.micoulou-photos.com\/index.php\/wp-json\/wp\/v2\/media?parent=183"}],"wp:term":[{"taxonomy":"category","embeddable":true,"href":"https:\/\/www.micoulou-photos.com\/index.php\/wp-json\/wp\/v2\/categories?post=183"},{"taxonomy":"post_tag","embeddable":true,"href":"https:\/\/www.micoulou-photos.com\/index.php\/wp-json\/wp\/v2\/tags?post=183"}],"curies":[{"name":"wp","href":"https:\/\/api.w.org\/{rel}","templated":true}]}}