{"id":177,"date":"2011-06-16T04:43:00","date_gmt":"2011-06-16T03:43:00","guid":{"rendered":"http:\/\/micoulou.info\/wp\/index.php\/2011\/06\/16\/1-semaine-et-demi-a-almighty-summit-estate\/"},"modified":"2011-06-16T04:43:00","modified_gmt":"2011-06-16T03:43:00","slug":"1-semaine-et-demi-a-almighty-summit-estate","status":"publish","type":"post","link":"https:\/\/www.micoulou-photos.com\/index.php\/2011\/06\/16\/1-semaine-et-demi-a-almighty-summit-estate\/","title":{"rendered":"1 semaine et demi \u00e0 Almighty Summit Estate"},"content":{"rendered":"<p>Cel\u00e0 ait maintenant une semaine et demi que je suis ici, et finalement pour encore 5 jours&#8230;<br \/>Je remercie les 2 proprietaires du gite de m&rsquo;autoriser \u00e0 rester plus longtemps malgr\u00e9s le fait que l&rsquo;on ai depass\u00e9 le nombre de place disponibles&#8230;<br \/>Le travail est toujours sympa et on a fait plusieurs sorties dans le coin (rock creek et osoyoos). J&rsquo;ai pu voir un d\u00e9fil\u00e9 d&rsquo;anciennes voitures americaines.<br \/>Au niveau du travail, on a demont\u00e9 une cabane en ruine bien ancienne, et on r\u00e9utilise les planches pour diverses constructions (voir photos).<br \/>La famille s&rsquo;occupe aussi depuis samedi dernier d&rsquo;un adolescent, qui s&rsquo;interresse aussi \u00e0 l&rsquo;informatique donc j&rsquo;ai pu pas mal discut\u00e9 avec lui. De nouveaux volontaires quebecois ainsi qu&rsquo;un suisse sont arriv\u00e9 avec nous, on est maintenant 9, on mange donc plus souvent ensemble qu&rsquo;avec la famille car elle ne peut plus nous faire \u00e0 manger \u00e0 chaque fois.<\/p>\n<p>Je devrais repartir \u00e0 Cathedral Lake aujourd&rsquo;hui, mais cel\u00e0 a encore \u00e9t\u00e9 retard\u00e9 \u00e0 lundi&#8230; Apparement, si la route n&rsquo;est toujours pas ouverte, on fera le reste \u00e0 pied., il va donc peut etre falloir que j&rsquo;all\u00e8ge mon sac.<\/p>\n<table align=\"center\" cellpadding=\"0\" cellspacing=\"0\" style=\"margin-left: auto; margin-right: auto; text-align: center;\">\n<tbody>\n<tr>\n<td style=\"text-align: center;\"><a href=\"https:\/\/i0.wp.com\/2.bp.blogspot.com\/-mmtSvZWdtdI\/Tfl5o2UaQLI\/AAAAAAAAj_Q\/nr6LiHzirZk\/s1600\/IMG_1815.jpg\" style=\"margin-left: auto; margin-right: auto;\"><img data-recalc-dims=\"1\" fetchpriority=\"high\" decoding=\"async\" border=\"0\" height=\"213\" src=\"https:\/\/i0.wp.com\/2.bp.blogspot.com\/-mmtSvZWdtdI\/Tfl5o2UaQLI\/AAAAAAAAj_Q\/nr6LiHzirZk\/s320\/IMG_1815.jpg?resize=320%2C213\" width=\"320\" \/><\/a><\/td>\n<\/tr>\n<tr>\n<td style=\"text-align: center;\">Ma derni\u00e8re nuit \u00e0 sleeping lady farm&#8230; La tente defonc\u00e9 teait ma chambre&#8230;<\/td>\n<\/tr>\n<\/tbody>\n<\/table>\n<p><\/p>\n<table align=\"center\" cellpadding=\"0\" cellspacing=\"0\" style=\"margin-left: auto; margin-right: auto; text-align: center;\">\n<tbody>\n<tr>\n<td style=\"text-align: center;\"><a href=\"https:\/\/i0.wp.com\/1.bp.blogspot.com\/-xL9LS9Tptyg\/Tfl5qytYNWI\/AAAAAAAAj_U\/7qYljlK2oJ8\/s1600\/IMG_2149.jpg\" style=\"margin-left: auto; margin-right: auto;\"><img data-recalc-dims=\"1\" decoding=\"async\" border=\"0\" height=\"213\" src=\"https:\/\/i0.wp.com\/1.bp.blogspot.com\/-xL9LS9Tptyg\/Tfl5qytYNWI\/AAAAAAAAj_U\/7qYljlK2oJ8\/s320\/IMG_2149.jpg?resize=320%2C213\" width=\"320\" \/><\/a><\/td>\n<\/tr>\n<tr>\n<td style=\"text-align: center;\">Marty en train de demonter le plancher de la cabane.<\/td>\n<\/tr>\n<\/tbody>\n<\/table>\n<p><\/p>\n<table align=\"center\" cellpadding=\"0\" cellspacing=\"0\" style=\"margin-left: auto; margin-right: auto; text-align: center;\">\n<tbody>\n<tr>\n<td style=\"text-align: center;\"><a href=\"https:\/\/i0.wp.com\/4.bp.blogspot.com\/-ttV2DqKDEHc\/Tfl5sreuUqI\/AAAAAAAAj_Y\/OLVyDbhEHyE\/s1600\/IMG_2156.jpg\" style=\"margin-left: auto; margin-right: auto;\"><img data-recalc-dims=\"1\" decoding=\"async\" border=\"0\" height=\"213\" src=\"https:\/\/i0.wp.com\/4.bp.blogspot.com\/-ttV2DqKDEHc\/Tfl5sreuUqI\/AAAAAAAAj_Y\/OLVyDbhEHyE\/s320\/IMG_2156.jpg?resize=320%2C213\" width=\"320\" \/><\/a><\/td>\n<\/tr>\n<tr>\n<td style=\"text-align: center;\">La cabane qu&rsquo;il fallait demonter.<\/td>\n<\/tr>\n<\/tbody>\n<\/table>\n<p><\/p>\n<table align=\"center\" cellpadding=\"0\" cellspacing=\"0\" style=\"margin-left: auto; margin-right: auto; text-align: center;\">\n<tbody>\n<tr>\n<td style=\"text-align: center;\"><a href=\"https:\/\/i0.wp.com\/1.bp.blogspot.com\/-GAlyVpmY0cI\/Tfl5vXj1u_I\/AAAAAAAAj_c\/tolRbG_aO38\/s1600\/IMG_2254.jpg\" style=\"margin-left: auto; margin-right: auto;\"><img data-recalc-dims=\"1\" loading=\"lazy\" decoding=\"async\" border=\"0\" height=\"213\" src=\"https:\/\/i0.wp.com\/1.bp.blogspot.com\/-GAlyVpmY0cI\/Tfl5vXj1u_I\/AAAAAAAAj_c\/tolRbG_aO38\/s320\/IMG_2254.jpg?resize=320%2C213\" width=\"320\" \/><\/a><\/td>\n<\/tr>\n<tr>\n<td style=\"text-align: center;\">Avec les planches : une isolation d&rsquo;une maison ainsi qu&rsquo;un reservoir \u00e0 fioul du groupe \u00e9l\u00e9ctrogn\u00e8ne : quand le temps est reelement mauvais, les capteurs solaires ne suffisent malheuresement pas (surtout avec tous ce qui est micro onde, cafeti\u00e8re, s\u00e8che cheveux et outils de travaux&#8230;).<\/td>\n<\/tr>\n<\/tbody>\n<\/table>\n<p><\/p>\n<table align=\"center\" cellpadding=\"0\" cellspacing=\"0\" style=\"margin-left: auto; margin-right: auto; text-align: center;\">\n<tbody>\n<tr>\n<td style=\"text-align: center;\"><a href=\"https:\/\/i0.wp.com\/4.bp.blogspot.com\/-BKk8ES3sveA\/Tfl5wmU7hOI\/AAAAAAAAj_g\/PuT4QHbP908\/s1600\/IMG_2368.jpg\" style=\"margin-left: auto; margin-right: auto;\"><img data-recalc-dims=\"1\" loading=\"lazy\" decoding=\"async\" border=\"0\" height=\"320\" src=\"https:\/\/i0.wp.com\/4.bp.blogspot.com\/-BKk8ES3sveA\/Tfl5wmU7hOI\/AAAAAAAAj_g\/PuT4QHbP908\/s320\/IMG_2368.jpg?resize=213%2C320\" width=\"213\" \/><\/a><\/td>\n<\/tr>\n<tr>\n<td style=\"text-align: center;\">Le porche que l&rsquo;on a mont\u00e9 et prot\u00e9g\u00e9 avec les planches.<\/td>\n<\/tr>\n<\/tbody>\n<\/table>\n<p><\/p>\n<div style=\"clear: both; text-align: center;\"><a href=\"https:\/\/i0.wp.com\/1.bp.blogspot.com\/-GdkFNS1upLI\/Tfl5xhXjKGI\/AAAAAAAAj_k\/swuQAoqjFtw\/s1600\/IMG_2370.jpg\" style=\"margin-left: 1em; margin-right: 1em;\"><img data-recalc-dims=\"1\" loading=\"lazy\" decoding=\"async\" border=\"0\" height=\"320\" src=\"https:\/\/i0.wp.com\/1.bp.blogspot.com\/-GdkFNS1upLI\/Tfl5xhXjKGI\/AAAAAAAAj_k\/swuQAoqjFtw\/s320\/IMG_2370.jpg?resize=213%2C320\" width=\"213\" \/><\/a><\/div>\n<p><\/p>\n<table align=\"center\" cellpadding=\"0\" cellspacing=\"0\" style=\"margin-left: auto; margin-right: auto; text-align: center;\">\n<tbody>\n<tr>\n<td style=\"text-align: center;\"><a href=\"https:\/\/i0.wp.com\/1.bp.blogspot.com\/-xOhREcYa0X8\/Tfl5ymR0ipI\/AAAAAAAAj_s\/p2_YM_IBHhQ\/s1600\/IMG_2371.jpg\" style=\"margin-left: auto; margin-right: auto;\"><img data-recalc-dims=\"1\" loading=\"lazy\" decoding=\"async\" border=\"0\" height=\"320\" src=\"https:\/\/i0.wp.com\/1.bp.blogspot.com\/-xOhREcYa0X8\/Tfl5ymR0ipI\/AAAAAAAAj_s\/p2_YM_IBHhQ\/s320\/IMG_2371.jpg?resize=213%2C320\" width=\"213\" \/><\/a><\/td>\n<\/tr>\n<tr>\n<td style=\"text-align: center;\">L&rsquo;interieur du porche.<\/td>\n<\/tr>\n<\/tbody>\n<\/table>\n<p><\/p>\n<div style=\"clear: both; text-align: center;\"><a href=\"https:\/\/i0.wp.com\/3.bp.blogspot.com\/-lQkb-xqfJgo\/Tfl51Rkww5I\/AAAAAAAAj_w\/3pqcTWskUv0\/s1600\/IMGP6133.jpg\" style=\"margin-left: 1em; margin-right: 1em;\"><img data-recalc-dims=\"1\" loading=\"lazy\" decoding=\"async\" border=\"0\" height=\"320\" src=\"https:\/\/i0.wp.com\/3.bp.blogspot.com\/-lQkb-xqfJgo\/Tfl51Rkww5I\/AAAAAAAAj_w\/3pqcTWskUv0\/s320\/IMGP6133.jpg?resize=212%2C320\" width=\"212\" \/><\/a><\/div>\n","protected":false},"excerpt":{"rendered":"<p>Cel\u00e0 ait maintenant une semaine et demi que je suis ici, et finalement pour encore 5 jours&#8230;Je remercie les 2 proprietaires du gite de m&rsquo;autoriser \u00e0 rester plus longtemps malgr\u00e9s le fait que l&rsquo;on ai depass\u00e9 le nombre de place disponibles&#8230;Le travail est toujours sympa et on a fait plusieurs sorties dans le coin (rock [&hellip;]<\/p>\n","protected":false},"author":1,"featured_media":0,"comment_status":"open","ping_status":"open","sticky":false,"template":"","format":"standard","meta":{"jetpack_post_was_ever_published":false,"_jetpack_newsletter_access":"","_jetpack_dont_email_post_to_subs":false,"_jetpack_newsletter_tier_id":0,"_jetpack_memberships_contains_paywalled_content":false,"_jetpack_memberships_contains_paid_content":false,"footnotes":"","jetpack_publicize_message":"","jetpack_publicize_feature_enabled":true,"jetpack_social_post_already_shared":false,"jetpack_social_options":{"image_generator_settings":{"template":"highway","default_image_id":0,"font":"","enabled":false},"version":2}},"categories":[1],"tags":[],"class_list":["post-177","post","type-post","status-publish","format-standard","hentry","category-non-classe"],"yoast_head":"<!-- This site is optimized with the Yoast SEO plugin v27.5 - https:\/\/yoast.com\/product\/yoast-seo-wordpress\/ -->\n<title>1 semaine et demi \u00e0 Almighty Summit Estate - Micoulou Photographie<\/title>\n<meta name=\"robots\" content=\"index, follow, max-snippet:-1, max-image-preview:large, max-video-preview:-1\" \/>\n<link rel=\"canonical\" href=\"https:\/\/www.micoulou-photos.com\/index.php\/2011\/06\/16\/1-semaine-et-demi-a-almighty-summit-estate\/\" \/>\n<meta property=\"og:locale\" content=\"fr_FR\" \/>\n<meta property=\"og:type\" content=\"article\" \/>\n<meta property=\"og:title\" content=\"1 semaine et demi \u00e0 Almighty Summit Estate - Micoulou Photographie\" \/>\n<meta property=\"og:description\" content=\"Cel\u00e0 ait maintenant une semaine et demi que je suis ici, et finalement pour encore 5 jours&#8230;Je remercie les 2 proprietaires du gite de m&rsquo;autoriser \u00e0 rester plus longtemps malgr\u00e9s le fait que l&rsquo;on ai depass\u00e9 le nombre de place disponibles&#8230;Le travail est toujours sympa et on a fait plusieurs sorties dans le coin (rock [&hellip;]\" \/>\n<meta property=\"og:url\" content=\"https:\/\/www.micoulou-photos.com\/index.php\/2011\/06\/16\/1-semaine-et-demi-a-almighty-summit-estate\/\" \/>\n<meta property=\"og:site_name\" content=\"Micoulou Photographie\" \/>\n<meta property=\"article:published_time\" content=\"2011-06-16T03:43:00+00:00\" \/>\n<meta property=\"og:image\" content=\"http:\/\/2.bp.blogspot.com\/-mmtSvZWdtdI\/Tfl5o2UaQLI\/AAAAAAAAj_Q\/nr6LiHzirZk\/s320\/IMG_1815.jpg\" \/>\n<meta name=\"author\" content=\"micoulou\" \/>\n<meta name=\"twitter:card\" content=\"summary_large_image\" \/>\n<meta name=\"twitter:label1\" content=\"\u00c9crit par\" \/>\n\t<meta name=\"twitter:data1\" content=\"micoulou\" \/>\n\t<meta name=\"twitter:label2\" content=\"Dur\u00e9e de lecture estim\u00e9e\" \/>\n\t<meta name=\"twitter:data2\" content=\"1 minute\" \/>\n<script type=\"application\/ld+json\" class=\"yoast-schema-graph\">{\"@context\":\"https:\\\/\\\/schema.org\",\"@graph\":[{\"@type\":\"Article\",\"@id\":\"https:\\\/\\\/www.micoulou-photos.com\\\/index.php\\\/2011\\\/06\\\/16\\\/1-semaine-et-demi-a-almighty-summit-estate\\\/#article\",\"isPartOf\":{\"@id\":\"https:\\\/\\\/www.micoulou-photos.com\\\/index.php\\\/2011\\\/06\\\/16\\\/1-semaine-et-demi-a-almighty-summit-estate\\\/\"},\"author\":{\"name\":\"micoulou\",\"@id\":\"https:\\\/\\\/www.micoulou-photos.com\\\/#\\\/schema\\\/person\\\/6aedfe8ebe91da632f46e7c9d806a722\"},\"headline\":\"1 semaine et demi \u00e0 Almighty Summit Estate\",\"datePublished\":\"2011-06-16T03:43:00+00:00\",\"mainEntityOfPage\":{\"@id\":\"https:\\\/\\\/www.micoulou-photos.com\\\/index.php\\\/2011\\\/06\\\/16\\\/1-semaine-et-demi-a-almighty-summit-estate\\\/\"},\"wordCount\":296,\"commentCount\":1,\"publisher\":{\"@id\":\"https:\\\/\\\/www.micoulou-photos.com\\\/#organization\"},\"image\":{\"@id\":\"https:\\\/\\\/www.micoulou-photos.com\\\/index.php\\\/2011\\\/06\\\/16\\\/1-semaine-et-demi-a-almighty-summit-estate\\\/#primaryimage\"},\"thumbnailUrl\":\"http:\\\/\\\/2.bp.blogspot.com\\\/-mmtSvZWdtdI\\\/Tfl5o2UaQLI\\\/AAAAAAAAj_Q\\\/nr6LiHzirZk\\\/s320\\\/IMG_1815.jpg\",\"inLanguage\":\"fr-FR\",\"potentialAction\":[{\"@type\":\"CommentAction\",\"name\":\"Comment\",\"target\":[\"https:\\\/\\\/www.micoulou-photos.com\\\/index.php\\\/2011\\\/06\\\/16\\\/1-semaine-et-demi-a-almighty-summit-estate\\\/#respond\"]}]},{\"@type\":\"WebPage\",\"@id\":\"https:\\\/\\\/www.micoulou-photos.com\\\/index.php\\\/2011\\\/06\\\/16\\\/1-semaine-et-demi-a-almighty-summit-estate\\\/\",\"url\":\"https:\\\/\\\/www.micoulou-photos.com\\\/index.php\\\/2011\\\/06\\\/16\\\/1-semaine-et-demi-a-almighty-summit-estate\\\/\",\"name\":\"1 semaine et demi \u00e0 Almighty Summit Estate - Micoulou Photographie\",\"isPartOf\":{\"@id\":\"https:\\\/\\\/www.micoulou-photos.com\\\/#website\"},\"primaryImageOfPage\":{\"@id\":\"https:\\\/\\\/www.micoulou-photos.com\\\/index.php\\\/2011\\\/06\\\/16\\\/1-semaine-et-demi-a-almighty-summit-estate\\\/#primaryimage\"},\"image\":{\"@id\":\"https:\\\/\\\/www.micoulou-photos.com\\\/index.php\\\/2011\\\/06\\\/16\\\/1-semaine-et-demi-a-almighty-summit-estate\\\/#primaryimage\"},\"thumbnailUrl\":\"http:\\\/\\\/2.bp.blogspot.com\\\/-mmtSvZWdtdI\\\/Tfl5o2UaQLI\\\/AAAAAAAAj_Q\\\/nr6LiHzirZk\\\/s320\\\/IMG_1815.jpg\",\"datePublished\":\"2011-06-16T03:43:00+00:00\",\"breadcrumb\":{\"@id\":\"https:\\\/\\\/www.micoulou-photos.com\\\/index.php\\\/2011\\\/06\\\/16\\\/1-semaine-et-demi-a-almighty-summit-estate\\\/#breadcrumb\"},\"inLanguage\":\"fr-FR\",\"potentialAction\":[{\"@type\":\"ReadAction\",\"target\":[\"https:\\\/\\\/www.micoulou-photos.com\\\/index.php\\\/2011\\\/06\\\/16\\\/1-semaine-et-demi-a-almighty-summit-estate\\\/\"]}]},{\"@type\":\"ImageObject\",\"inLanguage\":\"fr-FR\",\"@id\":\"https:\\\/\\\/www.micoulou-photos.com\\\/index.php\\\/2011\\\/06\\\/16\\\/1-semaine-et-demi-a-almighty-summit-estate\\\/#primaryimage\",\"url\":\"http:\\\/\\\/2.bp.blogspot.com\\\/-mmtSvZWdtdI\\\/Tfl5o2UaQLI\\\/AAAAAAAAj_Q\\\/nr6LiHzirZk\\\/s320\\\/IMG_1815.jpg\",\"contentUrl\":\"http:\\\/\\\/2.bp.blogspot.com\\\/-mmtSvZWdtdI\\\/Tfl5o2UaQLI\\\/AAAAAAAAj_Q\\\/nr6LiHzirZk\\\/s320\\\/IMG_1815.jpg\"},{\"@type\":\"BreadcrumbList\",\"@id\":\"https:\\\/\\\/www.micoulou-photos.com\\\/index.php\\\/2011\\\/06\\\/16\\\/1-semaine-et-demi-a-almighty-summit-estate\\\/#breadcrumb\",\"itemListElement\":[{\"@type\":\"ListItem\",\"position\":1,\"name\":\"Accueil\",\"item\":\"https:\\\/\\\/www.micoulou-photos.com\\\/\"},{\"@type\":\"ListItem\",\"position\":2,\"name\":\"1 semaine et demi \u00e0 Almighty Summit Estate\"}]},{\"@type\":\"WebSite\",\"@id\":\"https:\\\/\\\/www.micoulou-photos.com\\\/#website\",\"url\":\"https:\\\/\\\/www.micoulou-photos.com\\\/\",\"name\":\"Micoulou Photographie\",\"description\":\"Photographies, Visites virtuelles et formations par Mickael Minarie\",\"publisher\":{\"@id\":\"https:\\\/\\\/www.micoulou-photos.com\\\/#organization\"},\"potentialAction\":[{\"@type\":\"SearchAction\",\"target\":{\"@type\":\"EntryPoint\",\"urlTemplate\":\"https:\\\/\\\/www.micoulou-photos.com\\\/?s={search_term_string}\"},\"query-input\":{\"@type\":\"PropertyValueSpecification\",\"valueRequired\":true,\"valueName\":\"search_term_string\"}}],\"inLanguage\":\"fr-FR\"},{\"@type\":\"Organization\",\"@id\":\"https:\\\/\\\/www.micoulou-photos.com\\\/#organization\",\"name\":\"Micoulou Photographie\",\"url\":\"https:\\\/\\\/www.micoulou-photos.com\\\/\",\"logo\":{\"@type\":\"ImageObject\",\"inLanguage\":\"fr-FR\",\"@id\":\"https:\\\/\\\/www.micoulou-photos.com\\\/#\\\/schema\\\/logo\\\/image\\\/\",\"url\":\"https:\\\/\\\/i0.wp.com\\\/www.micoulou-photos.com\\\/wp-content\\\/uploads\\\/2020\\\/05\\\/cropped-891667_552097324824916_1615181552_o-1.jpg?fit=643%2C722&ssl=1\",\"contentUrl\":\"https:\\\/\\\/i0.wp.com\\\/www.micoulou-photos.com\\\/wp-content\\\/uploads\\\/2020\\\/05\\\/cropped-891667_552097324824916_1615181552_o-1.jpg?fit=643%2C722&ssl=1\",\"width\":643,\"height\":722,\"caption\":\"Micoulou Photographie\"},\"image\":{\"@id\":\"https:\\\/\\\/www.micoulou-photos.com\\\/#\\\/schema\\\/logo\\\/image\\\/\"}},{\"@type\":\"Person\",\"@id\":\"https:\\\/\\\/www.micoulou-photos.com\\\/#\\\/schema\\\/person\\\/6aedfe8ebe91da632f46e7c9d806a722\",\"name\":\"micoulou\",\"image\":{\"@type\":\"ImageObject\",\"inLanguage\":\"fr-FR\",\"@id\":\"https:\\\/\\\/secure.gravatar.com\\\/avatar\\\/98f892eb7d267eab2faa437baa3edd708deaaa43929316c0cc7b751a04cb247b?s=96&d=mm&r=g\",\"url\":\"https:\\\/\\\/secure.gravatar.com\\\/avatar\\\/98f892eb7d267eab2faa437baa3edd708deaaa43929316c0cc7b751a04cb247b?s=96&d=mm&r=g\",\"contentUrl\":\"https:\\\/\\\/secure.gravatar.com\\\/avatar\\\/98f892eb7d267eab2faa437baa3edd708deaaa43929316c0cc7b751a04cb247b?s=96&d=mm&r=g\",\"caption\":\"micoulou\"},\"url\":\"https:\\\/\\\/www.micoulou-photos.com\\\/index.php\\\/author\\\/micoulou\\\/\"}]}<\/script>\n<!-- \/ Yoast SEO plugin. -->","yoast_head_json":{"title":"1 semaine et demi \u00e0 Almighty Summit Estate - Micoulou Photographie","robots":{"index":"index","follow":"follow","max-snippet":"max-snippet:-1","max-image-preview":"max-image-preview:large","max-video-preview":"max-video-preview:-1"},"canonical":"https:\/\/www.micoulou-photos.com\/index.php\/2011\/06\/16\/1-semaine-et-demi-a-almighty-summit-estate\/","og_locale":"fr_FR","og_type":"article","og_title":"1 semaine et demi \u00e0 Almighty Summit Estate - Micoulou Photographie","og_description":"Cel\u00e0 ait maintenant une semaine et demi que je suis ici, et finalement pour encore 5 jours&#8230;Je remercie les 2 proprietaires du gite de m&rsquo;autoriser \u00e0 rester plus longtemps malgr\u00e9s le fait que l&rsquo;on ai depass\u00e9 le nombre de place disponibles&#8230;Le travail est toujours sympa et on a fait plusieurs sorties dans le coin (rock [&hellip;]","og_url":"https:\/\/www.micoulou-photos.com\/index.php\/2011\/06\/16\/1-semaine-et-demi-a-almighty-summit-estate\/","og_site_name":"Micoulou Photographie","article_published_time":"2011-06-16T03:43:00+00:00","og_image":[{"url":"http:\/\/2.bp.blogspot.com\/-mmtSvZWdtdI\/Tfl5o2UaQLI\/AAAAAAAAj_Q\/nr6LiHzirZk\/s320\/IMG_1815.jpg","type":"","width":"","height":""}],"author":"micoulou","twitter_card":"summary_large_image","twitter_misc":{"\u00c9crit par":"micoulou","Dur\u00e9e de lecture estim\u00e9e":"1 minute"},"schema":{"@context":"https:\/\/schema.org","@graph":[{"@type":"Article","@id":"https:\/\/www.micoulou-photos.com\/index.php\/2011\/06\/16\/1-semaine-et-demi-a-almighty-summit-estate\/#article","isPartOf":{"@id":"https:\/\/www.micoulou-photos.com\/index.php\/2011\/06\/16\/1-semaine-et-demi-a-almighty-summit-estate\/"},"author":{"name":"micoulou","@id":"https:\/\/www.micoulou-photos.com\/#\/schema\/person\/6aedfe8ebe91da632f46e7c9d806a722"},"headline":"1 semaine et demi \u00e0 Almighty Summit Estate","datePublished":"2011-06-16T03:43:00+00:00","mainEntityOfPage":{"@id":"https:\/\/www.micoulou-photos.com\/index.php\/2011\/06\/16\/1-semaine-et-demi-a-almighty-summit-estate\/"},"wordCount":296,"commentCount":1,"publisher":{"@id":"https:\/\/www.micoulou-photos.com\/#organization"},"image":{"@id":"https:\/\/www.micoulou-photos.com\/index.php\/2011\/06\/16\/1-semaine-et-demi-a-almighty-summit-estate\/#primaryimage"},"thumbnailUrl":"http:\/\/2.bp.blogspot.com\/-mmtSvZWdtdI\/Tfl5o2UaQLI\/AAAAAAAAj_Q\/nr6LiHzirZk\/s320\/IMG_1815.jpg","inLanguage":"fr-FR","potentialAction":[{"@type":"CommentAction","name":"Comment","target":["https:\/\/www.micoulou-photos.com\/index.php\/2011\/06\/16\/1-semaine-et-demi-a-almighty-summit-estate\/#respond"]}]},{"@type":"WebPage","@id":"https:\/\/www.micoulou-photos.com\/index.php\/2011\/06\/16\/1-semaine-et-demi-a-almighty-summit-estate\/","url":"https:\/\/www.micoulou-photos.com\/index.php\/2011\/06\/16\/1-semaine-et-demi-a-almighty-summit-estate\/","name":"1 semaine et demi \u00e0 Almighty Summit Estate - Micoulou Photographie","isPartOf":{"@id":"https:\/\/www.micoulou-photos.com\/#website"},"primaryImageOfPage":{"@id":"https:\/\/www.micoulou-photos.com\/index.php\/2011\/06\/16\/1-semaine-et-demi-a-almighty-summit-estate\/#primaryimage"},"image":{"@id":"https:\/\/www.micoulou-photos.com\/index.php\/2011\/06\/16\/1-semaine-et-demi-a-almighty-summit-estate\/#primaryimage"},"thumbnailUrl":"http:\/\/2.bp.blogspot.com\/-mmtSvZWdtdI\/Tfl5o2UaQLI\/AAAAAAAAj_Q\/nr6LiHzirZk\/s320\/IMG_1815.jpg","datePublished":"2011-06-16T03:43:00+00:00","breadcrumb":{"@id":"https:\/\/www.micoulou-photos.com\/index.php\/2011\/06\/16\/1-semaine-et-demi-a-almighty-summit-estate\/#breadcrumb"},"inLanguage":"fr-FR","potentialAction":[{"@type":"ReadAction","target":["https:\/\/www.micoulou-photos.com\/index.php\/2011\/06\/16\/1-semaine-et-demi-a-almighty-summit-estate\/"]}]},{"@type":"ImageObject","inLanguage":"fr-FR","@id":"https:\/\/www.micoulou-photos.com\/index.php\/2011\/06\/16\/1-semaine-et-demi-a-almighty-summit-estate\/#primaryimage","url":"http:\/\/2.bp.blogspot.com\/-mmtSvZWdtdI\/Tfl5o2UaQLI\/AAAAAAAAj_Q\/nr6LiHzirZk\/s320\/IMG_1815.jpg","contentUrl":"http:\/\/2.bp.blogspot.com\/-mmtSvZWdtdI\/Tfl5o2UaQLI\/AAAAAAAAj_Q\/nr6LiHzirZk\/s320\/IMG_1815.jpg"},{"@type":"BreadcrumbList","@id":"https:\/\/www.micoulou-photos.com\/index.php\/2011\/06\/16\/1-semaine-et-demi-a-almighty-summit-estate\/#breadcrumb","itemListElement":[{"@type":"ListItem","position":1,"name":"Accueil","item":"https:\/\/www.micoulou-photos.com\/"},{"@type":"ListItem","position":2,"name":"1 semaine et demi \u00e0 Almighty Summit Estate"}]},{"@type":"WebSite","@id":"https:\/\/www.micoulou-photos.com\/#website","url":"https:\/\/www.micoulou-photos.com\/","name":"Micoulou Photographie","description":"Photographies, Visites virtuelles et formations par Mickael Minarie","publisher":{"@id":"https:\/\/www.micoulou-photos.com\/#organization"},"potentialAction":[{"@type":"SearchAction","target":{"@type":"EntryPoint","urlTemplate":"https:\/\/www.micoulou-photos.com\/?s={search_term_string}"},"query-input":{"@type":"PropertyValueSpecification","valueRequired":true,"valueName":"search_term_string"}}],"inLanguage":"fr-FR"},{"@type":"Organization","@id":"https:\/\/www.micoulou-photos.com\/#organization","name":"Micoulou Photographie","url":"https:\/\/www.micoulou-photos.com\/","logo":{"@type":"ImageObject","inLanguage":"fr-FR","@id":"https:\/\/www.micoulou-photos.com\/#\/schema\/logo\/image\/","url":"https:\/\/i0.wp.com\/www.micoulou-photos.com\/wp-content\/uploads\/2020\/05\/cropped-891667_552097324824916_1615181552_o-1.jpg?fit=643%2C722&ssl=1","contentUrl":"https:\/\/i0.wp.com\/www.micoulou-photos.com\/wp-content\/uploads\/2020\/05\/cropped-891667_552097324824916_1615181552_o-1.jpg?fit=643%2C722&ssl=1","width":643,"height":722,"caption":"Micoulou Photographie"},"image":{"@id":"https:\/\/www.micoulou-photos.com\/#\/schema\/logo\/image\/"}},{"@type":"Person","@id":"https:\/\/www.micoulou-photos.com\/#\/schema\/person\/6aedfe8ebe91da632f46e7c9d806a722","name":"micoulou","image":{"@type":"ImageObject","inLanguage":"fr-FR","@id":"https:\/\/secure.gravatar.com\/avatar\/98f892eb7d267eab2faa437baa3edd708deaaa43929316c0cc7b751a04cb247b?s=96&d=mm&r=g","url":"https:\/\/secure.gravatar.com\/avatar\/98f892eb7d267eab2faa437baa3edd708deaaa43929316c0cc7b751a04cb247b?s=96&d=mm&r=g","contentUrl":"https:\/\/secure.gravatar.com\/avatar\/98f892eb7d267eab2faa437baa3edd708deaaa43929316c0cc7b751a04cb247b?s=96&d=mm&r=g","caption":"micoulou"},"url":"https:\/\/www.micoulou-photos.com\/index.php\/author\/micoulou\/"}]}},"jetpack_publicize_connections":[],"jetpack_featured_media_url":"","jetpack_sharing_enabled":true,"jetpack_shortlink":"https:\/\/wp.me\/p7zKF4-2R","jetpack-related-posts":[{"id":189,"url":"https:\/\/www.micoulou-photos.com\/index.php\/2011\/05\/15\/10-jours-de-woofing\/","url_meta":{"origin":177,"position":0},"title":"10 jours de woofing","author":"micoulou","date":"15 mai 2011","format":false,"excerpt":"Cela fait maintenant une semaine et demi que je suis volontaire (\"helper\") dans une exploitation agricole de BC qui cultive des courges (squash) et qui a un vignoble, en cours d'agrandissement...Le nouveau vignoble...Cette ferme se trouve dans la vall\u00e9e de l'okanagan, plus exactement dans la vall\u00e9e de la Similkameen, entre\u2026","rel":"","context":"Dans &quot;Non class\u00e9&quot;","block_context":{"text":"Non class\u00e9","link":"https:\/\/www.micoulou-photos.com\/index.php\/category\/non-classe\/"},"img":{"alt_text":"","src":"https:\/\/i0.wp.com\/1.bp.blogspot.com\/-do1UXp_jGTU\/Tc4JFO7ayeI\/AAAAAAAAh50\/dxUSnprNHcw\/s320\/IMGP2681.jpg?resize=350%2C200","width":350,"height":200},"classes":[]},{"id":179,"url":"https:\/\/www.micoulou-photos.com\/index.php\/2011\/06\/10\/3-jours-dans-les-montagnes\/","url_meta":{"origin":177,"position":1},"title":"3 jours dans les montagnes","author":"micoulou","date":"10 juin 2011","format":false,"excerpt":"Paysage vu de l\u00e0 o\u00f9 les proprietaires logent.Apr\u00e8s l'orage. Maison des proprietaires.Apr\u00e8s l'orage.Nettoyer le \"d\u00e9bris\" puis les bruler (ce qui ne brule pas, il faut l'emmener une 10aines de km plus loin dans des conteners.Brume le lendemain d'orage.Cela fait maintenant 3 jours que je suis \u00e0 almighty summit estate et\u2026","rel":"","context":"Dans &quot;voyage&quot;","block_context":{"text":"voyage","link":"https:\/\/www.micoulou-photos.com\/index.php\/category\/voyage\/"},"img":{"alt_text":"","src":"https:\/\/i0.wp.com\/3.bp.blogspot.com\/-YDXe3ac62uY\/Te2Q5IZcUBI\/AAAAAAAAi-M\/405vQ8vPj_Q\/s320\/IMGP5895.jpg?resize=350%2C200","width":350,"height":200},"classes":[]},{"id":2952,"url":"https:\/\/www.micoulou-photos.com\/index.php\/2017\/01\/30\/3-semaines-de-helpx-dans-les-landes\/","url_meta":{"origin":177,"position":2},"title":"3 semaines de helpx dans les landes de gascogne","author":"micoulou","date":"30 janvier 2017","format":false,"excerpt":"Et voila, le premier article \u00e9crit en wwoofing \/ helpx, m\u00eame si celui la est un peu a la bourre, 2 autres suivront dans la semaine qui viendra...) Me voici donc parti pour mon projet, aller voir les alternatives, et les vivre... Ici, j\u2019\u00e9tais dans une librairie, au milieu de\u2026","rel":"","context":"Dans &quot;alternatives ecologique&quot;","block_context":{"text":"alternatives ecologique","link":"https:\/\/www.micoulou-photos.com\/index.php\/category\/alternatives-ecologique\/"},"img":{"alt_text":"","src":"https:\/\/i0.wp.com\/www.micoulou-photos.com\/wp-content\/uploads\/2017\/01\/IMG_2411-Edit.jpg?fit=1200%2C400&ssl=1&resize=350%2C200","width":350,"height":200,"srcset":"https:\/\/i0.wp.com\/www.micoulou-photos.com\/wp-content\/uploads\/2017\/01\/IMG_2411-Edit.jpg?fit=1200%2C400&ssl=1&resize=350%2C200 1x, https:\/\/i0.wp.com\/www.micoulou-photos.com\/wp-content\/uploads\/2017\/01\/IMG_2411-Edit.jpg?fit=1200%2C400&ssl=1&resize=525%2C300 1.5x, https:\/\/i0.wp.com\/www.micoulou-photos.com\/wp-content\/uploads\/2017\/01\/IMG_2411-Edit.jpg?fit=1200%2C400&ssl=1&resize=700%2C400 2x, https:\/\/i0.wp.com\/www.micoulou-photos.com\/wp-content\/uploads\/2017\/01\/IMG_2411-Edit.jpg?fit=1200%2C400&ssl=1&resize=1050%2C600 3x"},"classes":[]},{"id":3068,"url":"https:\/\/www.micoulou-photos.com\/index.php\/2017\/03\/10\/les-petits-plats-anglais\/","url_meta":{"origin":177,"position":3},"title":"Les petits plats anglais","author":"micoulou","date":"10 mars 2017","format":false,"excerpt":"Je viens de passer comme je l'expliquais dans mon article pr\u00e9c\u00e9dent 3 semaines dans une famille d'anglais install\u00e9 en Dordogne. Comme j'avais pu le tester il y a maintenant plus de 10 ans \u00e0 Goathland, un village du North Yorkshire o\u00f9 j'avais pu manger une d\u00e9licieuse pie(tarte sal\u00e9e) faite maison,\u2026","rel":"","context":"Dans &quot;reportage&quot;","block_context":{"text":"reportage","link":"https:\/\/www.micoulou-photos.com\/index.php\/category\/reportage\/"},"img":{"alt_text":"","src":"https:\/\/i0.wp.com\/www.micoulou-photos.com\/wp-content\/uploads\/2017\/03\/IMG_1872.jpg?fit=1200%2C675&ssl=1&resize=350%2C200","width":350,"height":200,"srcset":"https:\/\/i0.wp.com\/www.micoulou-photos.com\/wp-content\/uploads\/2017\/03\/IMG_1872.jpg?fit=1200%2C675&ssl=1&resize=350%2C200 1x, https:\/\/i0.wp.com\/www.micoulou-photos.com\/wp-content\/uploads\/2017\/03\/IMG_1872.jpg?fit=1200%2C675&ssl=1&resize=525%2C300 1.5x, https:\/\/i0.wp.com\/www.micoulou-photos.com\/wp-content\/uploads\/2017\/03\/IMG_1872.jpg?fit=1200%2C675&ssl=1&resize=700%2C400 2x, https:\/\/i0.wp.com\/www.micoulou-photos.com\/wp-content\/uploads\/2017\/03\/IMG_1872.jpg?fit=1200%2C675&ssl=1&resize=1050%2C600 3x"},"classes":[]},{"id":5327,"url":"https:\/\/www.micoulou-photos.com\/index.php\/2019\/10\/24\/les-aventures-dun-aspiboy-ep5-piste-cyclable-roger-labetie\/","url_meta":{"origin":177,"position":4},"title":"Les aventures d&rsquo;un aspiboy EP5 : Piste cyclable Roger Lap\u00e9bie","author":"micoulou","date":"24 octobre 2019","format":false,"excerpt":"Je vous ai d\u00e9j\u00e0 parl\u00e9 de cette piste cyclable dans les vid\u00e9os, mais l\u00e0 j'ai pu la faire presque en int\u00e9gralit\u00e9 (j'essaye de faire le reste demain pour la vid\u00e9o sur le Pentax K100D\/K110D), avec quelques aventures sur le chemins, donc je vais vous conter cel\u00e0 ici. Le contexte :\u2026","rel":"","context":"Dans &quot;Asperger&quot;","block_context":{"text":"Asperger","link":"https:\/\/www.micoulou-photos.com\/index.php\/category\/asperger\/"},"img":{"alt_text":"","src":"https:\/\/i0.wp.com\/www.micoulou-photos.com\/wp-content\/uploads\/2019\/10\/DSC00533.jpg?fit=1200%2C802&ssl=1&resize=350%2C200","width":350,"height":200,"srcset":"https:\/\/i0.wp.com\/www.micoulou-photos.com\/wp-content\/uploads\/2019\/10\/DSC00533.jpg?fit=1200%2C802&ssl=1&resize=350%2C200 1x, https:\/\/i0.wp.com\/www.micoulou-photos.com\/wp-content\/uploads\/2019\/10\/DSC00533.jpg?fit=1200%2C802&ssl=1&resize=525%2C300 1.5x, https:\/\/i0.wp.com\/www.micoulou-photos.com\/wp-content\/uploads\/2019\/10\/DSC00533.jpg?fit=1200%2C802&ssl=1&resize=700%2C400 2x, https:\/\/i0.wp.com\/www.micoulou-photos.com\/wp-content\/uploads\/2019\/10\/DSC00533.jpg?fit=1200%2C802&ssl=1&resize=1050%2C600 3x"},"classes":[]},{"id":3067,"url":"https:\/\/www.micoulou-photos.com\/index.php\/2017\/03\/08\/3-semaines-de-plus-de-helpx\/","url_meta":{"origin":177,"position":5},"title":"3 semaines de plus de helpx","author":"micoulou","date":"8 mars 2017","format":false,"excerpt":"Me voici de retour, apr\u00e8s 3 semaines en Dordogne, chez un couple anglais qui fait de l\u2019h\u00e9bergement insolite dans des yourtes. Je suis arriv\u00e9 sous la temp\u00eate, comme lors de mon deuxi\u00e8me helpx de l'ann\u00e9e, et Matt est venu me chercher \u00e0 la gare de montmoreau, ce qui m'a \u00e9vit\u00e9\u2026","rel":"","context":"Dans &quot;alternatives ecologique&quot;","block_context":{"text":"alternatives ecologique","link":"https:\/\/www.micoulou-photos.com\/index.php\/category\/alternatives-ecologique\/"},"img":{"alt_text":"","src":"https:\/\/i0.wp.com\/www.micoulou-photos.com\/wp-content\/uploads\/2017\/03\/IMG_1756.jpg?fit=1200%2C515&ssl=1&resize=350%2C200","width":350,"height":200,"srcset":"https:\/\/i0.wp.com\/www.micoulou-photos.com\/wp-content\/uploads\/2017\/03\/IMG_1756.jpg?fit=1200%2C515&ssl=1&resize=350%2C200 1x, https:\/\/i0.wp.com\/www.micoulou-photos.com\/wp-content\/uploads\/2017\/03\/IMG_1756.jpg?fit=1200%2C515&ssl=1&resize=525%2C300 1.5x, https:\/\/i0.wp.com\/www.micoulou-photos.com\/wp-content\/uploads\/2017\/03\/IMG_1756.jpg?fit=1200%2C515&ssl=1&resize=700%2C400 2x, https:\/\/i0.wp.com\/www.micoulou-photos.com\/wp-content\/uploads\/2017\/03\/IMG_1756.jpg?fit=1200%2C515&ssl=1&resize=1050%2C600 3x"},"classes":[]}],"_links":{"self":[{"href":"https:\/\/www.micoulou-photos.com\/index.php\/wp-json\/wp\/v2\/posts\/177","targetHints":{"allow":["GET"]}}],"collection":[{"href":"https:\/\/www.micoulou-photos.com\/index.php\/wp-json\/wp\/v2\/posts"}],"about":[{"href":"https:\/\/www.micoulou-photos.com\/index.php\/wp-json\/wp\/v2\/types\/post"}],"author":[{"embeddable":true,"href":"https:\/\/www.micoulou-photos.com\/index.php\/wp-json\/wp\/v2\/users\/1"}],"replies":[{"embeddable":true,"href":"https:\/\/www.micoulou-photos.com\/index.php\/wp-json\/wp\/v2\/comments?post=177"}],"version-history":[{"count":0,"href":"https:\/\/www.micoulou-photos.com\/index.php\/wp-json\/wp\/v2\/posts\/177\/revisions"}],"wp:attachment":[{"href":"https:\/\/www.micoulou-photos.com\/index.php\/wp-json\/wp\/v2\/media?parent=177"}],"wp:term":[{"taxonomy":"category","embeddable":true,"href":"https:\/\/www.micoulou-photos.com\/index.php\/wp-json\/wp\/v2\/categories?post=177"},{"taxonomy":"post_tag","embeddable":true,"href":"https:\/\/www.micoulou-photos.com\/index.php\/wp-json\/wp\/v2\/tags?post=177"}],"curies":[{"name":"wp","href":"https:\/\/api.w.org\/{rel}","templated":true}]}}