{"id":175,"date":"2011-06-25T23:36:00","date_gmt":"2011-06-25T22:36:00","guid":{"rendered":"http:\/\/micoulou.info\/wp\/index.php\/2011\/06\/25\/le-cauchemar-eveille\/"},"modified":"2011-06-25T23:36:00","modified_gmt":"2011-06-25T22:36:00","slug":"le-cauchemar-eveille","status":"publish","type":"post","link":"https:\/\/www.micoulou-photos.com\/index.php\/2011\/06\/25\/le-cauchemar-eveille\/","title":{"rendered":"Le cauchemar \u00e9veill\u00e9&#8230;"},"content":{"rendered":"<p>Le cauchemar&#8230;<\/p>\n<p>Bon, voil\u00e0, apr\u00e8s presque 3 mois o\u00f9 tous se passait mieux que pr\u00e9vu il fallait que \u00e7a d\u00e9raille&#8230; Me voil\u00e0 donc dans un motel miteux de Keremeos \u00e0 85$ la nuit, avec de la fi\u00e8vre et de l\u2019orage dehors&#8230;<br \/>Bon, je vais commencer depuis le d\u00e9but&#8230; En mars, alors que j\u2019avais mis sur mon profil Helpx que j\u2019aimais la photo, la montagne et l\u2019escalade un certain Richard me contact pour faire du b\u00e9n\u00e9volat dans son chalet de montagne, dans un parc provincial loin de tout&#8230; Je regarde le site internet, cela me semble magnifique&#8230; Super, je vais passer tout le mois de juin l\u00e0 bas \u00e0 prendre les meilleures photo de ma vie et rencontrer un tas de voyageurs&#8230;<br \/>Le 2 juin arrive, j\u2019attends donc Richard \u00e0 l&rsquo;arr\u00eat de bus qui me me dit qu\u2019il y a trop de neige et donc qu\u2019il ne peux pas monter l\u00e0 haut, c\u2019est une question d\u2019une petite semaine tout au plus, en attendant, il m&#8217;emm\u00e8ne chez une autre personne qu\u2019il connait et je me retrouve finalement apr\u00e8s quelques coup de fil \u00e0 la ferme d\u2019o\u00f9 je venais&#8230; L\u2019ambiance \u00e9tait super mais je voulais voire autre chose, le travail l\u00e0 bas n&rsquo;\u00e9tait pas vraiment enrichissant ni int\u00e9ressant&#8230;<br \/>4 jours ont pass\u00e9 et une amie que j\u2019avais rencontr\u00e9 \u00e0 SleepingLady farm m\u2019appelle et me dit qu\u2019il y a un cr\u00e9neau de dispo pour un volontaire juste pour la semaine&#8230; SUPER, je pars directement mais il m\u2019avertisse qu\u2019il y a du monde qui vient la semaine d\u2019apr\u00e8s et qu\u2019ils ne peuvent pas cuisiner pour plus de 6 donc que je devrais partir le lundi d\u2019apr\u00e8s&#8230; Je me dis aucun soucis, cela fera 10 jours donc je serais l\u00e0 bas.<br \/>Perdu, le samedi un autre email, finalement ce sera que le mercredi&#8230; Je contacte une autre ferme qui me dit qu\u2019il peut me prendre mais en m\u00eame temps, Ulricht, le propri\u00e9taire du gite o\u00f9 je suis me dis que pour 3 jours, il y a aucun soucis donc j\u2019annule avec la ferme de Yako&#8230;<br \/>Le mardi, un autre email : finalement ouverture du gite le 21&#8230; Catastrophe, je ne sais o\u00f9 aller, je ne peux pas vraiment redemander \u00e0 Yako et je sens que l\u2019on ai trop nombreux pour Ulricht et Brigitta, bon, je leur demande quand m\u00eame et c\u2019est OK, \u00e0 la place d\u2019une s\u00e9ance photo pour leur site internet&#8230; Les nouveaux arrivant dans le gite, un suisse et trois qu\u00e9b\u00e9cois sont super sympa, on sympathise bien tous ensemble donc je ne regrette pas du tout d&rsquo;\u00eatre rest\u00e9&#8230;<br \/>Mardi 21 arrive, YES, on fait la tourn\u00e9e des vignobles puis direction la gare des bus o\u00f9 je revois Richard&#8230; Il y a une autre volontaire et les autres sont des employ\u00e9s, ils sont sympa mais je sens que l\u2019ambiance n\u2019est vraiment pas la m\u00eame que les 2 pr\u00e9c\u00e9dents endroits.<br \/>On attend donc 1h tout le monde au camp de base puis on prends les v\u00e9hicules de l\u2019arm\u00e9e pour monter l\u00e0 haut&#8230; En effet, il n\u2019y a pas de route pour monter au gite, juste un petit sentier de randonn\u00e9 et seuls des camions de l\u2019arm\u00e9e, 4&#215;4 mais pas tr\u00e8s large permette de passer dessus en emportant du monde et du mat\u00e9riel.<br \/>Arriv\u00e9 aux deux derniers kilom\u00e8tres, on met les chaine mais au bout d\u2019un kilom\u00e8tre, le camion avec les bagages s&#8217;emp\u00eatre dans la neige&#8230; Je commence donc \u00e0 monter mon sac puis finalement le deuxi\u00e8me camion peut passer, on met donc les bagages dans le camion (je dois donc redescendre avec mon sac&#8230;) mais il s&#8217;emp\u00eatre de nouveaux \u00e0 100m du gite, je fais donc plusieurs aller retour avec les bagages(il n\u2019y a rien l\u00e0 haut, et personne \u00e0 l\u2019ann\u00e9e donc il faut tout monter, nourriture, mat\u00e9riel pour les b\u00e2timent, gaz et gasoil, pour le bois de construction et de chauffage, il y a de quoi l\u00e0 haut), je m\u2019enfonce dans la neige (environ 1.5m de neige) et je suis gel\u00e9 car mes chaussures sont tremp\u00e9s (ben oui, apr\u00e8s 3 mois de voyages, elles ne sont plus compl\u00e8tement \u00e9tanches et de toute fa\u00e7on la neige passe par dessus&#8230;) et j\u2019ai bien soif&#8230; Damned! les canalisations ont gel\u00e9 donc il faut boire l\u2019eau du lac&#8230; Pas beaucoup d&rsquo;\u00e9lectricit\u00e9 non plus(il faut monter du gasoil pour le g\u00e9n\u00e9rateur et le capteur solaire est pour le moment HS apparemment) et les baraquement pour les volontaires sont sous la neige, donc on a acc\u00e8s au gite pour la semaine&#8230;<br \/>Le premier soir, \u00e7a se passe bien mais je me sens tr\u00e8s fatigu\u00e9&#8230;<br \/>Le lendemain matin, le boulot consiste \u00e0 d\u00e9blayer les entr\u00e9es des diff\u00e9rentes cabines ainsi que la route&#8230; M\u00eame soucis que la veille, la neige rentre dans mes chaussures et je suis gel\u00e9 apr\u00e8s 4h&#8230;<br \/>Le midi, on mange puis je commence \u00e0 sentir mon ventre qui me secoue un peu, cela doit \u00eatre l\u2019eau du lac&#8230; Puis une heure \u00e0 pr\u00e8s, je vois tout clignoter et j\u2019ai du mal \u00e0 respirer&#8230; Je suis incapable de porter ma pelle&#8230; Je fait une pause mais le soir cela ne va pas mieux (enfin, si je respire normalement&#8230;). Tout le monde me dit que c\u2019est l&rsquo;altitude, on est \u00e0 plus de 2000m&#8230; Bon, OK, dodo \u00e0 8h&#8230;<br \/>Mon appareil photo \u00e0 arr\u00eater de fonctionner correctement ce jour l\u00e0.<br \/>Le lendemain (donc jeudi), j\u2019ai de la fi\u00e8vre, je tousse mais j\u2019aide quand m\u00eame \u00e0 d\u00e9blayer pendant 1h et je demande \u00e0 arr\u00eater car je me sens pas bien&#8230; Je rentre, j\u2019aide \u00e0 la cuisine puis je demande si ils ont internet&#8230; Ils me disent qu\u2019ils ont des soucis donc je passe la fin de matin\u00e9e et une partie de l\u2019apr\u00e8s midi \u00e0 regarder ce qu\u2019ils se passent, je me sens pas tr\u00e8s bien mais j\u2019essai quand m\u00eame d\u2019aider. Je comprend au bout de quelques temps ce qu\u2019il se passe: quand l\u2019on change la fr\u00e9quence du satellite, le demodulateur change aussi les coordonn\u00e9es GPS de l\u2019endroit o\u00f9 l\u2019on se trouve, avec les bonnes coordonn\u00e9es, le t\u00e9l\u00e9phone et le r\u00e9seau administratif fonctionne&#8230; Je vois la liste de mes emails et je vois qu\u2019un de mes trains est annul\u00e9. Bon, je regarderais plus tard il faut que je regarde le satellite pour la connexion de tous le monde maintenant&#8230; Je monte sur le toi et je vois que la t\u00eate de l\u2019antenne parabolique est cass\u00e9, bon, tant pis, pas d\u2019Internet&#8230;<br \/>Le soir, je me sens vraiment mal et je ne peux rien manger.<br \/>Le vendredi, 39\u00b0 de fi\u00e8vre au r\u00e9veil&#8230; Bon, \u00e7a ne va pas, je demande si il peuvent me d\u00e9poser chez le m\u00e9decin quand ils iront en ville&#8230; Au moment de partir en ville, cela a \u00e9t\u00e9 annul\u00e9 car il y a un arbre sur la route donc le temps de le retirer fera qu\u2019on reviendra trop tard et il n\u2019est pas question de rentrer la nuit, le chemin est beaucoup trop dangereux.<br \/>Il y a de nouveau plus d\u2019eau du tout, je me passe de boire&#8230;<br \/>J\u2019ai pass\u00e9 toute la journ\u00e9e au lit, de toute fa\u00e7on, il fait -1\u00b0 dehors et il neige&#8230; Lors de mes aller retour entre le gite principal et celui o\u00f9 on dors, j\u2019ai vu pas mal d\u2019animaux mais j\u2019\u00e9tais vraiment mal en point pour prendre des photos.<br \/>Ce matin, cela va un peu mieux mais de toute fa\u00e7on, je suis trop mal en point pour faire quelque chose ici, il fait -5\u00b0 et je n\u2019ai vraiment pas l&rsquo;\u00e9quipement pour cette temp\u00e9rature, je pense qu\u2019il vaut mieux que je parte. RDV pris avec le m\u00e9decin \u00e0 11h&#8230;<br \/>On prend de nouveau le camion, qui est bien plein car un groupe qui devait rester 3 jours repars, la plupart des chemins de randonn\u00e9es sont impraticables et ils n\u2019ont pas non plus l\u2019\u00e9quipement pour cela.<br \/>Au milieu du chemin : glissement de terrain : il faut venir avec un tracteur pour d\u00e9blayer le chemin, cela prend 2 bonnes heures&#8230; On arrive donc en ville en retard, je dois payer un suppl\u00e9ment pour le m\u00e9decin car on est samedi apr\u00e8s midi et la conclusion tombe : angine blanche&#8230; Donc je prend la d\u00e9cision de rester ici, car je suis de toute fa\u00e7on inutile en cuisine car c\u2019est contagieux et je ne me sens vraiment pas en \u00e9tat de travailler ni le bois ni de bouger la neige&#8230; Plus qu\u2019a voir ce que je fais apr\u00e8s&#8230; Hier, j\u2019\u00e9tais d\u00e9moralis\u00e9 et j\u2019avais envi de rentrer tout de suite et d&rsquo;arr\u00eater le voyage&#8230; Finalement, je suis ici, je continue&#8230;<\/p>\n","protected":false},"excerpt":{"rendered":"<p>Le cauchemar&#8230; Bon, voil\u00e0, apr\u00e8s presque 3 mois o\u00f9 tous se passait mieux que pr\u00e9vu il fallait que \u00e7a d\u00e9raille&#8230; Me voil\u00e0 donc dans un motel miteux de Keremeos \u00e0 85$ la nuit, avec de la fi\u00e8vre et de l\u2019orage dehors&#8230;Bon, je vais commencer depuis le d\u00e9but&#8230; En mars, alors que j\u2019avais mis sur mon [&hellip;]<\/p>\n","protected":false},"author":1,"featured_media":0,"comment_status":"open","ping_status":"open","sticky":false,"template":"","format":"standard","meta":{"jetpack_post_was_ever_published":false,"_jetpack_newsletter_access":"","_jetpack_dont_email_post_to_subs":false,"_jetpack_newsletter_tier_id":0,"_jetpack_memberships_contains_paywalled_content":false,"_jetpack_memberships_contains_paid_content":false,"footnotes":"","jetpack_publicize_message":"","jetpack_publicize_feature_enabled":true,"jetpack_social_post_already_shared":false,"jetpack_social_options":{"image_generator_settings":{"template":"highway","default_image_id":0,"font":"","enabled":false},"version":2}},"categories":[42],"tags":[],"class_list":["post-175","post","type-post","status-publish","format-standard","hentry","category-canada"],"yoast_head":"<!-- This site is optimized with the Yoast SEO plugin v27.5 - https:\/\/yoast.com\/product\/yoast-seo-wordpress\/ -->\n<title>Le cauchemar \u00e9veill\u00e9... - Micoulou Photographie<\/title>\n<meta name=\"robots\" content=\"index, follow, max-snippet:-1, max-image-preview:large, max-video-preview:-1\" \/>\n<link rel=\"canonical\" href=\"https:\/\/www.micoulou-photos.com\/index.php\/2011\/06\/25\/le-cauchemar-eveille\/\" \/>\n<meta property=\"og:locale\" content=\"fr_FR\" \/>\n<meta property=\"og:type\" content=\"article\" \/>\n<meta property=\"og:title\" content=\"Le cauchemar \u00e9veill\u00e9... - Micoulou Photographie\" \/>\n<meta property=\"og:description\" content=\"Le cauchemar&#8230; Bon, voil\u00e0, apr\u00e8s presque 3 mois o\u00f9 tous se passait mieux que pr\u00e9vu il fallait que \u00e7a d\u00e9raille&#8230; Me voil\u00e0 donc dans un motel miteux de Keremeos \u00e0 85$ la nuit, avec de la fi\u00e8vre et de l\u2019orage dehors&#8230;Bon, je vais commencer depuis le d\u00e9but&#8230; En mars, alors que j\u2019avais mis sur mon [&hellip;]\" \/>\n<meta property=\"og:url\" content=\"https:\/\/www.micoulou-photos.com\/index.php\/2011\/06\/25\/le-cauchemar-eveille\/\" \/>\n<meta property=\"og:site_name\" content=\"Micoulou Photographie\" \/>\n<meta property=\"article:published_time\" content=\"2011-06-25T22:36:00+00:00\" \/>\n<meta name=\"author\" content=\"micoulou\" \/>\n<meta name=\"twitter:card\" content=\"summary_large_image\" \/>\n<meta name=\"twitter:label1\" content=\"\u00c9crit par\" \/>\n\t<meta name=\"twitter:data1\" content=\"micoulou\" \/>\n\t<meta name=\"twitter:label2\" content=\"Dur\u00e9e de lecture estim\u00e9e\" \/>\n\t<meta name=\"twitter:data2\" content=\"8 minutes\" \/>\n<script type=\"application\/ld+json\" class=\"yoast-schema-graph\">{\"@context\":\"https:\\\/\\\/schema.org\",\"@graph\":[{\"@type\":\"Article\",\"@id\":\"https:\\\/\\\/www.micoulou-photos.com\\\/index.php\\\/2011\\\/06\\\/25\\\/le-cauchemar-eveille\\\/#article\",\"isPartOf\":{\"@id\":\"https:\\\/\\\/www.micoulou-photos.com\\\/index.php\\\/2011\\\/06\\\/25\\\/le-cauchemar-eveille\\\/\"},\"author\":{\"name\":\"micoulou\",\"@id\":\"https:\\\/\\\/www.micoulou-photos.com\\\/#\\\/schema\\\/person\\\/6aedfe8ebe91da632f46e7c9d806a722\"},\"headline\":\"Le cauchemar \u00e9veill\u00e9&#8230;\",\"datePublished\":\"2011-06-25T22:36:00+00:00\",\"mainEntityOfPage\":{\"@id\":\"https:\\\/\\\/www.micoulou-photos.com\\\/index.php\\\/2011\\\/06\\\/25\\\/le-cauchemar-eveille\\\/\"},\"wordCount\":1537,\"commentCount\":2,\"publisher\":{\"@id\":\"https:\\\/\\\/www.micoulou-photos.com\\\/#organization\"},\"articleSection\":[\"Canada\"],\"inLanguage\":\"fr-FR\",\"potentialAction\":[{\"@type\":\"CommentAction\",\"name\":\"Comment\",\"target\":[\"https:\\\/\\\/www.micoulou-photos.com\\\/index.php\\\/2011\\\/06\\\/25\\\/le-cauchemar-eveille\\\/#respond\"]}]},{\"@type\":\"WebPage\",\"@id\":\"https:\\\/\\\/www.micoulou-photos.com\\\/index.php\\\/2011\\\/06\\\/25\\\/le-cauchemar-eveille\\\/\",\"url\":\"https:\\\/\\\/www.micoulou-photos.com\\\/index.php\\\/2011\\\/06\\\/25\\\/le-cauchemar-eveille\\\/\",\"name\":\"Le cauchemar \u00e9veill\u00e9... - Micoulou Photographie\",\"isPartOf\":{\"@id\":\"https:\\\/\\\/www.micoulou-photos.com\\\/#website\"},\"datePublished\":\"2011-06-25T22:36:00+00:00\",\"breadcrumb\":{\"@id\":\"https:\\\/\\\/www.micoulou-photos.com\\\/index.php\\\/2011\\\/06\\\/25\\\/le-cauchemar-eveille\\\/#breadcrumb\"},\"inLanguage\":\"fr-FR\",\"potentialAction\":[{\"@type\":\"ReadAction\",\"target\":[\"https:\\\/\\\/www.micoulou-photos.com\\\/index.php\\\/2011\\\/06\\\/25\\\/le-cauchemar-eveille\\\/\"]}]},{\"@type\":\"BreadcrumbList\",\"@id\":\"https:\\\/\\\/www.micoulou-photos.com\\\/index.php\\\/2011\\\/06\\\/25\\\/le-cauchemar-eveille\\\/#breadcrumb\",\"itemListElement\":[{\"@type\":\"ListItem\",\"position\":1,\"name\":\"Accueil\",\"item\":\"https:\\\/\\\/www.micoulou-photos.com\\\/\"},{\"@type\":\"ListItem\",\"position\":2,\"name\":\"Le cauchemar \u00e9veill\u00e9&#8230;\"}]},{\"@type\":\"WebSite\",\"@id\":\"https:\\\/\\\/www.micoulou-photos.com\\\/#website\",\"url\":\"https:\\\/\\\/www.micoulou-photos.com\\\/\",\"name\":\"Micoulou Photographie\",\"description\":\"Photographies, Visites virtuelles et formations par Mickael Minarie\",\"publisher\":{\"@id\":\"https:\\\/\\\/www.micoulou-photos.com\\\/#organization\"},\"potentialAction\":[{\"@type\":\"SearchAction\",\"target\":{\"@type\":\"EntryPoint\",\"urlTemplate\":\"https:\\\/\\\/www.micoulou-photos.com\\\/?s={search_term_string}\"},\"query-input\":{\"@type\":\"PropertyValueSpecification\",\"valueRequired\":true,\"valueName\":\"search_term_string\"}}],\"inLanguage\":\"fr-FR\"},{\"@type\":\"Organization\",\"@id\":\"https:\\\/\\\/www.micoulou-photos.com\\\/#organization\",\"name\":\"Micoulou Photographie\",\"url\":\"https:\\\/\\\/www.micoulou-photos.com\\\/\",\"logo\":{\"@type\":\"ImageObject\",\"inLanguage\":\"fr-FR\",\"@id\":\"https:\\\/\\\/www.micoulou-photos.com\\\/#\\\/schema\\\/logo\\\/image\\\/\",\"url\":\"https:\\\/\\\/i0.wp.com\\\/www.micoulou-photos.com\\\/wp-content\\\/uploads\\\/2020\\\/05\\\/cropped-891667_552097324824916_1615181552_o-1.jpg?fit=643%2C722&ssl=1\",\"contentUrl\":\"https:\\\/\\\/i0.wp.com\\\/www.micoulou-photos.com\\\/wp-content\\\/uploads\\\/2020\\\/05\\\/cropped-891667_552097324824916_1615181552_o-1.jpg?fit=643%2C722&ssl=1\",\"width\":643,\"height\":722,\"caption\":\"Micoulou Photographie\"},\"image\":{\"@id\":\"https:\\\/\\\/www.micoulou-photos.com\\\/#\\\/schema\\\/logo\\\/image\\\/\"}},{\"@type\":\"Person\",\"@id\":\"https:\\\/\\\/www.micoulou-photos.com\\\/#\\\/schema\\\/person\\\/6aedfe8ebe91da632f46e7c9d806a722\",\"name\":\"micoulou\",\"image\":{\"@type\":\"ImageObject\",\"inLanguage\":\"fr-FR\",\"@id\":\"https:\\\/\\\/secure.gravatar.com\\\/avatar\\\/98f892eb7d267eab2faa437baa3edd708deaaa43929316c0cc7b751a04cb247b?s=96&d=mm&r=g\",\"url\":\"https:\\\/\\\/secure.gravatar.com\\\/avatar\\\/98f892eb7d267eab2faa437baa3edd708deaaa43929316c0cc7b751a04cb247b?s=96&d=mm&r=g\",\"contentUrl\":\"https:\\\/\\\/secure.gravatar.com\\\/avatar\\\/98f892eb7d267eab2faa437baa3edd708deaaa43929316c0cc7b751a04cb247b?s=96&d=mm&r=g\",\"caption\":\"micoulou\"},\"url\":\"https:\\\/\\\/www.micoulou-photos.com\\\/index.php\\\/author\\\/micoulou\\\/\"}]}<\/script>\n<!-- \/ Yoast SEO plugin. -->","yoast_head_json":{"title":"Le cauchemar \u00e9veill\u00e9... - Micoulou Photographie","robots":{"index":"index","follow":"follow","max-snippet":"max-snippet:-1","max-image-preview":"max-image-preview:large","max-video-preview":"max-video-preview:-1"},"canonical":"https:\/\/www.micoulou-photos.com\/index.php\/2011\/06\/25\/le-cauchemar-eveille\/","og_locale":"fr_FR","og_type":"article","og_title":"Le cauchemar \u00e9veill\u00e9... - Micoulou Photographie","og_description":"Le cauchemar&#8230; Bon, voil\u00e0, apr\u00e8s presque 3 mois o\u00f9 tous se passait mieux que pr\u00e9vu il fallait que \u00e7a d\u00e9raille&#8230; Me voil\u00e0 donc dans un motel miteux de Keremeos \u00e0 85$ la nuit, avec de la fi\u00e8vre et de l\u2019orage dehors&#8230;Bon, je vais commencer depuis le d\u00e9but&#8230; En mars, alors que j\u2019avais mis sur mon [&hellip;]","og_url":"https:\/\/www.micoulou-photos.com\/index.php\/2011\/06\/25\/le-cauchemar-eveille\/","og_site_name":"Micoulou Photographie","article_published_time":"2011-06-25T22:36:00+00:00","author":"micoulou","twitter_card":"summary_large_image","twitter_misc":{"\u00c9crit par":"micoulou","Dur\u00e9e de lecture estim\u00e9e":"8 minutes"},"schema":{"@context":"https:\/\/schema.org","@graph":[{"@type":"Article","@id":"https:\/\/www.micoulou-photos.com\/index.php\/2011\/06\/25\/le-cauchemar-eveille\/#article","isPartOf":{"@id":"https:\/\/www.micoulou-photos.com\/index.php\/2011\/06\/25\/le-cauchemar-eveille\/"},"author":{"name":"micoulou","@id":"https:\/\/www.micoulou-photos.com\/#\/schema\/person\/6aedfe8ebe91da632f46e7c9d806a722"},"headline":"Le cauchemar \u00e9veill\u00e9&#8230;","datePublished":"2011-06-25T22:36:00+00:00","mainEntityOfPage":{"@id":"https:\/\/www.micoulou-photos.com\/index.php\/2011\/06\/25\/le-cauchemar-eveille\/"},"wordCount":1537,"commentCount":2,"publisher":{"@id":"https:\/\/www.micoulou-photos.com\/#organization"},"articleSection":["Canada"],"inLanguage":"fr-FR","potentialAction":[{"@type":"CommentAction","name":"Comment","target":["https:\/\/www.micoulou-photos.com\/index.php\/2011\/06\/25\/le-cauchemar-eveille\/#respond"]}]},{"@type":"WebPage","@id":"https:\/\/www.micoulou-photos.com\/index.php\/2011\/06\/25\/le-cauchemar-eveille\/","url":"https:\/\/www.micoulou-photos.com\/index.php\/2011\/06\/25\/le-cauchemar-eveille\/","name":"Le cauchemar \u00e9veill\u00e9... - Micoulou Photographie","isPartOf":{"@id":"https:\/\/www.micoulou-photos.com\/#website"},"datePublished":"2011-06-25T22:36:00+00:00","breadcrumb":{"@id":"https:\/\/www.micoulou-photos.com\/index.php\/2011\/06\/25\/le-cauchemar-eveille\/#breadcrumb"},"inLanguage":"fr-FR","potentialAction":[{"@type":"ReadAction","target":["https:\/\/www.micoulou-photos.com\/index.php\/2011\/06\/25\/le-cauchemar-eveille\/"]}]},{"@type":"BreadcrumbList","@id":"https:\/\/www.micoulou-photos.com\/index.php\/2011\/06\/25\/le-cauchemar-eveille\/#breadcrumb","itemListElement":[{"@type":"ListItem","position":1,"name":"Accueil","item":"https:\/\/www.micoulou-photos.com\/"},{"@type":"ListItem","position":2,"name":"Le cauchemar \u00e9veill\u00e9&#8230;"}]},{"@type":"WebSite","@id":"https:\/\/www.micoulou-photos.com\/#website","url":"https:\/\/www.micoulou-photos.com\/","name":"Micoulou Photographie","description":"Photographies, Visites virtuelles et formations par Mickael Minarie","publisher":{"@id":"https:\/\/www.micoulou-photos.com\/#organization"},"potentialAction":[{"@type":"SearchAction","target":{"@type":"EntryPoint","urlTemplate":"https:\/\/www.micoulou-photos.com\/?s={search_term_string}"},"query-input":{"@type":"PropertyValueSpecification","valueRequired":true,"valueName":"search_term_string"}}],"inLanguage":"fr-FR"},{"@type":"Organization","@id":"https:\/\/www.micoulou-photos.com\/#organization","name":"Micoulou Photographie","url":"https:\/\/www.micoulou-photos.com\/","logo":{"@type":"ImageObject","inLanguage":"fr-FR","@id":"https:\/\/www.micoulou-photos.com\/#\/schema\/logo\/image\/","url":"https:\/\/i0.wp.com\/www.micoulou-photos.com\/wp-content\/uploads\/2020\/05\/cropped-891667_552097324824916_1615181552_o-1.jpg?fit=643%2C722&ssl=1","contentUrl":"https:\/\/i0.wp.com\/www.micoulou-photos.com\/wp-content\/uploads\/2020\/05\/cropped-891667_552097324824916_1615181552_o-1.jpg?fit=643%2C722&ssl=1","width":643,"height":722,"caption":"Micoulou Photographie"},"image":{"@id":"https:\/\/www.micoulou-photos.com\/#\/schema\/logo\/image\/"}},{"@type":"Person","@id":"https:\/\/www.micoulou-photos.com\/#\/schema\/person\/6aedfe8ebe91da632f46e7c9d806a722","name":"micoulou","image":{"@type":"ImageObject","inLanguage":"fr-FR","@id":"https:\/\/secure.gravatar.com\/avatar\/98f892eb7d267eab2faa437baa3edd708deaaa43929316c0cc7b751a04cb247b?s=96&d=mm&r=g","url":"https:\/\/secure.gravatar.com\/avatar\/98f892eb7d267eab2faa437baa3edd708deaaa43929316c0cc7b751a04cb247b?s=96&d=mm&r=g","contentUrl":"https:\/\/secure.gravatar.com\/avatar\/98f892eb7d267eab2faa437baa3edd708deaaa43929316c0cc7b751a04cb247b?s=96&d=mm&r=g","caption":"micoulou"},"url":"https:\/\/www.micoulou-photos.com\/index.php\/author\/micoulou\/"}]}},"jetpack_publicize_connections":[],"jetpack_featured_media_url":"","jetpack_sharing_enabled":true,"jetpack_shortlink":"https:\/\/wp.me\/p7zKF4-2P","jetpack-related-posts":[{"id":226,"url":"https:\/\/www.micoulou-photos.com\/index.php\/2010\/11\/24\/du-changement-pour-une-nouvelle-vie\/","url_meta":{"origin":175,"position":0},"title":"Du changement pour une nouvelle vie","author":"micoulou","date":"24 novembre 2010","format":false,"excerpt":"Voil\u00e0, je suis a moins d'une semaine de ma d\u00e9mission, donc pour partir fin janvier...Partir o\u00f9 vous allez me demander ? Ben, d\u00e9j\u00e0 1 mois en vacances, et ensuite je partirais chercher du boulot au Canada, pour combien de temps, je ne sais pas. Mon permis de voyage est valable\u2026","rel":"","context":"Dans &quot;Non class\u00e9&quot;","block_context":{"text":"Non class\u00e9","link":"https:\/\/www.micoulou-photos.com\/index.php\/category\/non-classe\/"},"img":{"alt_text":"","src":"","width":0,"height":0},"classes":[]},{"id":155,"url":"https:\/\/www.micoulou-photos.com\/index.php\/2011\/10\/05\/retour-au-canada\/","url_meta":{"origin":175,"position":1},"title":"Retour au Canada","author":"micoulou","date":"5 octobre 2011","format":false,"excerpt":"Me voil\u00e0 de retour, apr\u00e8s un mois sans message...je suis donc revenu en France pendant 3 semaines, pour faire les photos du mariage d'un de mes amis, revoir mes amis et la famille... Cel\u00e0 fait bizarre de les revoir et de devoir repartir si vite...J'ai donc pass\u00e9 quelques jours en\u2026","rel":"","context":"Dans &quot;Non class\u00e9&quot;","block_context":{"text":"Non class\u00e9","link":"https:\/\/www.micoulou-photos.com\/index.php\/category\/non-classe\/"},"img":{"alt_text":"","src":"https:\/\/i0.wp.com\/2.bp.blogspot.com\/-XK-aeeIkXkU\/Tn8W4XhjRZI\/AAAAAAAAodk\/HKIi_JuUX9Q\/s320\/CRW_6749.jpg?resize=350%2C200","width":350,"height":200},"classes":[]},{"id":51,"url":"https:\/\/www.micoulou-photos.com\/index.php\/2013\/08\/08\/developpement-argentique\/","url_meta":{"origin":175,"position":2},"title":"Developpement argentique","author":"micoulou","date":"8 ao\u00fbt 2013","format":false,"excerpt":"Bonjour \u00e0 tous,Bon, pas de blabla technique ici, c'est fini, ce n'est plus l'endroit, je me cr\u00e9\u00e9 un site entierment dedi\u00e9 sur le flux photo, le developpement argentique, et co... Je mettrais le lien ici le temps venu...En tout cas, je r\u00e9serve ce blog pour les voyages et les projets\u2026","rel":"","context":"Dans &quot;Non class\u00e9&quot;","block_context":{"text":"Non class\u00e9","link":"https:\/\/www.micoulou-photos.com\/index.php\/category\/non-classe\/"},"img":{"alt_text":"","src":"https:\/\/i0.wp.com\/1.bp.blogspot.com\/-hg43jRtVy-8\/UgOWO7ogvnI\/AAAAAAAA9Jw\/Sa7IDGeLrSo\/s320\/img127.jpg?resize=350%2C200","width":350,"height":200},"classes":[]},{"id":135,"url":"https:\/\/www.micoulou-photos.com\/index.php\/2011\/12\/15\/nouvelles-5\/","url_meta":{"origin":175,"position":3},"title":"Nouvelles","author":"micoulou","date":"15 d\u00e9cembre 2011","format":false,"excerpt":"Bonjour \u00e0 tous,Il m'est arriv\u00e9 un certain nombre de chose depuis fin octobre et la premiere perte de mon emploi... EH, oui, j'ai recherch\u00e9 un emploi pendant 1 mois avec un CV qui n'allait pas du tout... Je retravaille maintenant, toujours dans la premiere boite, bon l'instant c'est encore recent\u2026","rel":"","context":"Dans &quot;Non class\u00e9&quot;","block_context":{"text":"Non class\u00e9","link":"https:\/\/www.micoulou-photos.com\/index.php\/category\/non-classe\/"},"img":{"alt_text":"","src":"https:\/\/i0.wp.com\/1.bp.blogspot.com\/-2yiLXpD3Mag\/TuTahGfsqSI\/AAAAAAAAqZ4\/JJZIO-2s1Do\/s320\/SDIM0087.jpg?resize=350%2C200","width":350,"height":200},"classes":[]},{"id":116,"url":"https:\/\/www.micoulou-photos.com\/index.php\/2012\/06\/19\/nouvelles-3\/","url_meta":{"origin":175,"position":4},"title":"nouvelles","author":"micoulou","date":"19 juin 2012","format":false,"excerpt":"Mes derniers posts \u00e9taient tr\u00e8s flou, je vais pouvoir maintenant \u00eatre un peu plus clair...Que s'est il donc pass\u00e9 depuis janvier dernier ? D'abord le soucis avec la premi\u00e8re colocation a Montr\u00e9al, je crois avec le recul qu'elle \u00e9tait pr\u00e9visible, le sois disant \u00a8chef\u00a8 de la coloc voulait \u00eatre trop\u2026","rel":"","context":"Dans &quot;Non class\u00e9&quot;","block_context":{"text":"Non class\u00e9","link":"https:\/\/www.micoulou-photos.com\/index.php\/category\/non-classe\/"},"img":{"alt_text":"","src":"","width":0,"height":0},"classes":[]},{"id":147,"url":"https:\/\/www.micoulou-photos.com\/index.php\/2011\/10\/13\/nouvelles-6\/","url_meta":{"origin":175,"position":5},"title":"Nouvelles","author":"micoulou","date":"13 octobre 2011","format":false,"excerpt":"Bon, vous allez me dire, en 3 jours, que s'est il pass\u00e9 pour que je redonne des nouvelles de nouveaux...En fait, j'ai eu un entretien hier, et j'ai sign\u00e9... Un peu dans la continuit\u00e9 de ce que j'ai fait au figaro et au studio photo, mais avec plus de dev,\u2026","rel":"","context":"Dans &quot;Non class\u00e9&quot;","block_context":{"text":"Non class\u00e9","link":"https:\/\/www.micoulou-photos.com\/index.php\/category\/non-classe\/"},"img":{"alt_text":"","src":"","width":0,"height":0},"classes":[]}],"_links":{"self":[{"href":"https:\/\/www.micoulou-photos.com\/index.php\/wp-json\/wp\/v2\/posts\/175","targetHints":{"allow":["GET"]}}],"collection":[{"href":"https:\/\/www.micoulou-photos.com\/index.php\/wp-json\/wp\/v2\/posts"}],"about":[{"href":"https:\/\/www.micoulou-photos.com\/index.php\/wp-json\/wp\/v2\/types\/post"}],"author":[{"embeddable":true,"href":"https:\/\/www.micoulou-photos.com\/index.php\/wp-json\/wp\/v2\/users\/1"}],"replies":[{"embeddable":true,"href":"https:\/\/www.micoulou-photos.com\/index.php\/wp-json\/wp\/v2\/comments?post=175"}],"version-history":[{"count":0,"href":"https:\/\/www.micoulou-photos.com\/index.php\/wp-json\/wp\/v2\/posts\/175\/revisions"}],"wp:attachment":[{"href":"https:\/\/www.micoulou-photos.com\/index.php\/wp-json\/wp\/v2\/media?parent=175"}],"wp:term":[{"taxonomy":"category","embeddable":true,"href":"https:\/\/www.micoulou-photos.com\/index.php\/wp-json\/wp\/v2\/categories?post=175"},{"taxonomy":"post_tag","embeddable":true,"href":"https:\/\/www.micoulou-photos.com\/index.php\/wp-json\/wp\/v2\/tags?post=175"}],"curies":[{"name":"wp","href":"https:\/\/api.w.org\/{rel}","templated":true}]}}