{"id":172,"date":"2011-07-02T15:01:00","date_gmt":"2011-07-02T14:01:00","guid":{"rendered":"http:\/\/micoulou.info\/wp\/index.php\/2011\/07\/02\/coucou-depuis-sacramento\/"},"modified":"2011-07-02T15:01:00","modified_gmt":"2011-07-02T14:01:00","slug":"coucou-depuis-sacramento","status":"publish","type":"post","link":"https:\/\/www.micoulou-photos.com\/index.php\/2011\/07\/02\/coucou-depuis-sacramento\/","title":{"rendered":"coucou depuis Sacramento&#8230;"},"content":{"rendered":"<p>Un petit coucou depuis le starbuck de la gare de sacramento en Californie o\u00f9 je me prend un Th\u00e9 Chai et une banane (il y a des oeufs dans toutes les patisseries&#8230;). Je vais faire un tour pour visiter la ville.<br \/>Apparement, mon train pour chicago aura 1h30 de retard, bon j&rsquo;ai toute l&rsquo;apr\u00e8s midi l\u00e0 bas donc \u00e7a fera juste un peu moins de temps pour changer&#8230;<br \/>Le trajet s&rsquo;est bien pass\u00e9, j&rsquo;ai prevu un long message sur mon blog mais l\u00e0 je n&rsquo;ai pas vraiment le temps de tout taper, je vais aller visiter la ville.<br \/>Bonjour \u00e0 tous ceux qui me suivent et bon courage o\u00f9 que vous soyez&#8230;<br \/>Et c&rsquo;etait mon 100eme message sur mon blog (-; , avec plus de 4000 visites(hors moi) maintenant, merci \u00e0 vous tous.<\/p>\n","protected":false},"excerpt":{"rendered":"<p>Un petit coucou depuis le starbuck de la gare de sacramento en Californie o\u00f9 je me prend un Th\u00e9 Chai et une banane (il y a des oeufs dans toutes les patisseries&#8230;). Je vais faire un tour pour visiter la ville.Apparement, mon train pour chicago aura 1h30 de retard, bon j&rsquo;ai toute l&rsquo;apr\u00e8s midi l\u00e0 [&hellip;]<\/p>\n","protected":false},"author":1,"featured_media":0,"comment_status":"open","ping_status":"open","sticky":false,"template":"","format":"standard","meta":{"jetpack_post_was_ever_published":false,"_jetpack_newsletter_access":"","_jetpack_dont_email_post_to_subs":false,"_jetpack_newsletter_tier_id":0,"_jetpack_memberships_contains_paywalled_content":false,"_jetpack_memberships_contains_paid_content":false,"footnotes":"","jetpack_publicize_message":"","jetpack_publicize_feature_enabled":true,"jetpack_social_post_already_shared":false,"jetpack_social_options":{"image_generator_settings":{"template":"highway","default_image_id":0,"font":"","enabled":false},"version":2}},"categories":[1],"tags":[],"class_list":["post-172","post","type-post","status-publish","format-standard","hentry","category-non-classe"],"yoast_head":"<!-- This site is optimized with the Yoast SEO plugin v27.5 - https:\/\/yoast.com\/product\/yoast-seo-wordpress\/ -->\n<title>coucou depuis Sacramento... - Micoulou Photographie<\/title>\n<meta name=\"robots\" content=\"index, follow, max-snippet:-1, max-image-preview:large, max-video-preview:-1\" \/>\n<link rel=\"canonical\" href=\"https:\/\/www.micoulou-photos.com\/index.php\/2011\/07\/02\/coucou-depuis-sacramento\/\" \/>\n<meta property=\"og:locale\" content=\"fr_FR\" \/>\n<meta property=\"og:type\" content=\"article\" \/>\n<meta property=\"og:title\" content=\"coucou depuis Sacramento... - Micoulou Photographie\" \/>\n<meta property=\"og:description\" content=\"Un petit coucou depuis le starbuck de la gare de sacramento en Californie o\u00f9 je me prend un Th\u00e9 Chai et une banane (il y a des oeufs dans toutes les patisseries&#8230;). Je vais faire un tour pour visiter la ville.Apparement, mon train pour chicago aura 1h30 de retard, bon j&rsquo;ai toute l&rsquo;apr\u00e8s midi l\u00e0 [&hellip;]\" \/>\n<meta property=\"og:url\" content=\"https:\/\/www.micoulou-photos.com\/index.php\/2011\/07\/02\/coucou-depuis-sacramento\/\" \/>\n<meta property=\"og:site_name\" content=\"Micoulou Photographie\" \/>\n<meta property=\"article:published_time\" content=\"2011-07-02T14:01:00+00:00\" \/>\n<meta name=\"author\" content=\"micoulou\" \/>\n<meta name=\"twitter:card\" content=\"summary_large_image\" \/>\n<meta name=\"twitter:label1\" content=\"\u00c9crit par\" \/>\n\t<meta name=\"twitter:data1\" content=\"micoulou\" \/>\n\t<meta name=\"twitter:label2\" content=\"Dur\u00e9e de lecture estim\u00e9e\" \/>\n\t<meta name=\"twitter:data2\" content=\"1 minute\" \/>\n<script type=\"application\/ld+json\" class=\"yoast-schema-graph\">{\"@context\":\"https:\\\/\\\/schema.org\",\"@graph\":[{\"@type\":\"Article\",\"@id\":\"https:\\\/\\\/www.micoulou-photos.com\\\/index.php\\\/2011\\\/07\\\/02\\\/coucou-depuis-sacramento\\\/#article\",\"isPartOf\":{\"@id\":\"https:\\\/\\\/www.micoulou-photos.com\\\/index.php\\\/2011\\\/07\\\/02\\\/coucou-depuis-sacramento\\\/\"},\"author\":{\"name\":\"micoulou\",\"@id\":\"https:\\\/\\\/www.micoulou-photos.com\\\/#\\\/schema\\\/person\\\/6aedfe8ebe91da632f46e7c9d806a722\"},\"headline\":\"coucou depuis Sacramento&#8230;\",\"datePublished\":\"2011-07-02T14:01:00+00:00\",\"mainEntityOfPage\":{\"@id\":\"https:\\\/\\\/www.micoulou-photos.com\\\/index.php\\\/2011\\\/07\\\/02\\\/coucou-depuis-sacramento\\\/\"},\"wordCount\":140,\"commentCount\":0,\"publisher\":{\"@id\":\"https:\\\/\\\/www.micoulou-photos.com\\\/#organization\"},\"inLanguage\":\"fr-FR\",\"potentialAction\":[{\"@type\":\"CommentAction\",\"name\":\"Comment\",\"target\":[\"https:\\\/\\\/www.micoulou-photos.com\\\/index.php\\\/2011\\\/07\\\/02\\\/coucou-depuis-sacramento\\\/#respond\"]}]},{\"@type\":\"WebPage\",\"@id\":\"https:\\\/\\\/www.micoulou-photos.com\\\/index.php\\\/2011\\\/07\\\/02\\\/coucou-depuis-sacramento\\\/\",\"url\":\"https:\\\/\\\/www.micoulou-photos.com\\\/index.php\\\/2011\\\/07\\\/02\\\/coucou-depuis-sacramento\\\/\",\"name\":\"coucou depuis Sacramento... - Micoulou Photographie\",\"isPartOf\":{\"@id\":\"https:\\\/\\\/www.micoulou-photos.com\\\/#website\"},\"datePublished\":\"2011-07-02T14:01:00+00:00\",\"breadcrumb\":{\"@id\":\"https:\\\/\\\/www.micoulou-photos.com\\\/index.php\\\/2011\\\/07\\\/02\\\/coucou-depuis-sacramento\\\/#breadcrumb\"},\"inLanguage\":\"fr-FR\",\"potentialAction\":[{\"@type\":\"ReadAction\",\"target\":[\"https:\\\/\\\/www.micoulou-photos.com\\\/index.php\\\/2011\\\/07\\\/02\\\/coucou-depuis-sacramento\\\/\"]}]},{\"@type\":\"BreadcrumbList\",\"@id\":\"https:\\\/\\\/www.micoulou-photos.com\\\/index.php\\\/2011\\\/07\\\/02\\\/coucou-depuis-sacramento\\\/#breadcrumb\",\"itemListElement\":[{\"@type\":\"ListItem\",\"position\":1,\"name\":\"Accueil\",\"item\":\"https:\\\/\\\/www.micoulou-photos.com\\\/\"},{\"@type\":\"ListItem\",\"position\":2,\"name\":\"coucou depuis Sacramento&#8230;\"}]},{\"@type\":\"WebSite\",\"@id\":\"https:\\\/\\\/www.micoulou-photos.com\\\/#website\",\"url\":\"https:\\\/\\\/www.micoulou-photos.com\\\/\",\"name\":\"Micoulou Photographie\",\"description\":\"Photographies, Visites virtuelles et formations par Mickael Minarie\",\"publisher\":{\"@id\":\"https:\\\/\\\/www.micoulou-photos.com\\\/#organization\"},\"potentialAction\":[{\"@type\":\"SearchAction\",\"target\":{\"@type\":\"EntryPoint\",\"urlTemplate\":\"https:\\\/\\\/www.micoulou-photos.com\\\/?s={search_term_string}\"},\"query-input\":{\"@type\":\"PropertyValueSpecification\",\"valueRequired\":true,\"valueName\":\"search_term_string\"}}],\"inLanguage\":\"fr-FR\"},{\"@type\":\"Organization\",\"@id\":\"https:\\\/\\\/www.micoulou-photos.com\\\/#organization\",\"name\":\"Micoulou Photographie\",\"url\":\"https:\\\/\\\/www.micoulou-photos.com\\\/\",\"logo\":{\"@type\":\"ImageObject\",\"inLanguage\":\"fr-FR\",\"@id\":\"https:\\\/\\\/www.micoulou-photos.com\\\/#\\\/schema\\\/logo\\\/image\\\/\",\"url\":\"https:\\\/\\\/i0.wp.com\\\/www.micoulou-photos.com\\\/wp-content\\\/uploads\\\/2020\\\/05\\\/cropped-891667_552097324824916_1615181552_o-1.jpg?fit=643%2C722&ssl=1\",\"contentUrl\":\"https:\\\/\\\/i0.wp.com\\\/www.micoulou-photos.com\\\/wp-content\\\/uploads\\\/2020\\\/05\\\/cropped-891667_552097324824916_1615181552_o-1.jpg?fit=643%2C722&ssl=1\",\"width\":643,\"height\":722,\"caption\":\"Micoulou Photographie\"},\"image\":{\"@id\":\"https:\\\/\\\/www.micoulou-photos.com\\\/#\\\/schema\\\/logo\\\/image\\\/\"}},{\"@type\":\"Person\",\"@id\":\"https:\\\/\\\/www.micoulou-photos.com\\\/#\\\/schema\\\/person\\\/6aedfe8ebe91da632f46e7c9d806a722\",\"name\":\"micoulou\",\"image\":{\"@type\":\"ImageObject\",\"inLanguage\":\"fr-FR\",\"@id\":\"https:\\\/\\\/secure.gravatar.com\\\/avatar\\\/98f892eb7d267eab2faa437baa3edd708deaaa43929316c0cc7b751a04cb247b?s=96&d=mm&r=g\",\"url\":\"https:\\\/\\\/secure.gravatar.com\\\/avatar\\\/98f892eb7d267eab2faa437baa3edd708deaaa43929316c0cc7b751a04cb247b?s=96&d=mm&r=g\",\"contentUrl\":\"https:\\\/\\\/secure.gravatar.com\\\/avatar\\\/98f892eb7d267eab2faa437baa3edd708deaaa43929316c0cc7b751a04cb247b?s=96&d=mm&r=g\",\"caption\":\"micoulou\"},\"url\":\"https:\\\/\\\/www.micoulou-photos.com\\\/index.php\\\/author\\\/micoulou\\\/\"}]}<\/script>\n<!-- \/ Yoast SEO plugin. -->","yoast_head_json":{"title":"coucou depuis Sacramento... - Micoulou Photographie","robots":{"index":"index","follow":"follow","max-snippet":"max-snippet:-1","max-image-preview":"max-image-preview:large","max-video-preview":"max-video-preview:-1"},"canonical":"https:\/\/www.micoulou-photos.com\/index.php\/2011\/07\/02\/coucou-depuis-sacramento\/","og_locale":"fr_FR","og_type":"article","og_title":"coucou depuis Sacramento... - Micoulou Photographie","og_description":"Un petit coucou depuis le starbuck de la gare de sacramento en Californie o\u00f9 je me prend un Th\u00e9 Chai et une banane (il y a des oeufs dans toutes les patisseries&#8230;). Je vais faire un tour pour visiter la ville.Apparement, mon train pour chicago aura 1h30 de retard, bon j&rsquo;ai toute l&rsquo;apr\u00e8s midi l\u00e0 [&hellip;]","og_url":"https:\/\/www.micoulou-photos.com\/index.php\/2011\/07\/02\/coucou-depuis-sacramento\/","og_site_name":"Micoulou Photographie","article_published_time":"2011-07-02T14:01:00+00:00","author":"micoulou","twitter_card":"summary_large_image","twitter_misc":{"\u00c9crit par":"micoulou","Dur\u00e9e de lecture estim\u00e9e":"1 minute"},"schema":{"@context":"https:\/\/schema.org","@graph":[{"@type":"Article","@id":"https:\/\/www.micoulou-photos.com\/index.php\/2011\/07\/02\/coucou-depuis-sacramento\/#article","isPartOf":{"@id":"https:\/\/www.micoulou-photos.com\/index.php\/2011\/07\/02\/coucou-depuis-sacramento\/"},"author":{"name":"micoulou","@id":"https:\/\/www.micoulou-photos.com\/#\/schema\/person\/6aedfe8ebe91da632f46e7c9d806a722"},"headline":"coucou depuis Sacramento&#8230;","datePublished":"2011-07-02T14:01:00+00:00","mainEntityOfPage":{"@id":"https:\/\/www.micoulou-photos.com\/index.php\/2011\/07\/02\/coucou-depuis-sacramento\/"},"wordCount":140,"commentCount":0,"publisher":{"@id":"https:\/\/www.micoulou-photos.com\/#organization"},"inLanguage":"fr-FR","potentialAction":[{"@type":"CommentAction","name":"Comment","target":["https:\/\/www.micoulou-photos.com\/index.php\/2011\/07\/02\/coucou-depuis-sacramento\/#respond"]}]},{"@type":"WebPage","@id":"https:\/\/www.micoulou-photos.com\/index.php\/2011\/07\/02\/coucou-depuis-sacramento\/","url":"https:\/\/www.micoulou-photos.com\/index.php\/2011\/07\/02\/coucou-depuis-sacramento\/","name":"coucou depuis Sacramento... - Micoulou Photographie","isPartOf":{"@id":"https:\/\/www.micoulou-photos.com\/#website"},"datePublished":"2011-07-02T14:01:00+00:00","breadcrumb":{"@id":"https:\/\/www.micoulou-photos.com\/index.php\/2011\/07\/02\/coucou-depuis-sacramento\/#breadcrumb"},"inLanguage":"fr-FR","potentialAction":[{"@type":"ReadAction","target":["https:\/\/www.micoulou-photos.com\/index.php\/2011\/07\/02\/coucou-depuis-sacramento\/"]}]},{"@type":"BreadcrumbList","@id":"https:\/\/www.micoulou-photos.com\/index.php\/2011\/07\/02\/coucou-depuis-sacramento\/#breadcrumb","itemListElement":[{"@type":"ListItem","position":1,"name":"Accueil","item":"https:\/\/www.micoulou-photos.com\/"},{"@type":"ListItem","position":2,"name":"coucou depuis Sacramento&#8230;"}]},{"@type":"WebSite","@id":"https:\/\/www.micoulou-photos.com\/#website","url":"https:\/\/www.micoulou-photos.com\/","name":"Micoulou Photographie","description":"Photographies, Visites virtuelles et formations par Mickael Minarie","publisher":{"@id":"https:\/\/www.micoulou-photos.com\/#organization"},"potentialAction":[{"@type":"SearchAction","target":{"@type":"EntryPoint","urlTemplate":"https:\/\/www.micoulou-photos.com\/?s={search_term_string}"},"query-input":{"@type":"PropertyValueSpecification","valueRequired":true,"valueName":"search_term_string"}}],"inLanguage":"fr-FR"},{"@type":"Organization","@id":"https:\/\/www.micoulou-photos.com\/#organization","name":"Micoulou Photographie","url":"https:\/\/www.micoulou-photos.com\/","logo":{"@type":"ImageObject","inLanguage":"fr-FR","@id":"https:\/\/www.micoulou-photos.com\/#\/schema\/logo\/image\/","url":"https:\/\/i0.wp.com\/www.micoulou-photos.com\/wp-content\/uploads\/2020\/05\/cropped-891667_552097324824916_1615181552_o-1.jpg?fit=643%2C722&ssl=1","contentUrl":"https:\/\/i0.wp.com\/www.micoulou-photos.com\/wp-content\/uploads\/2020\/05\/cropped-891667_552097324824916_1615181552_o-1.jpg?fit=643%2C722&ssl=1","width":643,"height":722,"caption":"Micoulou Photographie"},"image":{"@id":"https:\/\/www.micoulou-photos.com\/#\/schema\/logo\/image\/"}},{"@type":"Person","@id":"https:\/\/www.micoulou-photos.com\/#\/schema\/person\/6aedfe8ebe91da632f46e7c9d806a722","name":"micoulou","image":{"@type":"ImageObject","inLanguage":"fr-FR","@id":"https:\/\/secure.gravatar.com\/avatar\/98f892eb7d267eab2faa437baa3edd708deaaa43929316c0cc7b751a04cb247b?s=96&d=mm&r=g","url":"https:\/\/secure.gravatar.com\/avatar\/98f892eb7d267eab2faa437baa3edd708deaaa43929316c0cc7b751a04cb247b?s=96&d=mm&r=g","contentUrl":"https:\/\/secure.gravatar.com\/avatar\/98f892eb7d267eab2faa437baa3edd708deaaa43929316c0cc7b751a04cb247b?s=96&d=mm&r=g","caption":"micoulou"},"url":"https:\/\/www.micoulou-photos.com\/index.php\/author\/micoulou\/"}]}},"jetpack_publicize_connections":[],"jetpack_featured_media_url":"","jetpack_sharing_enabled":true,"jetpack_shortlink":"https:\/\/wp.me\/p7zKF4-2M","jetpack-related-posts":[{"id":170,"url":"https:\/\/www.micoulou-photos.com\/index.php\/2011\/07\/14\/train-et-new-york\/","url_meta":{"origin":172,"position":0},"title":"Train et New york","author":"micoulou","date":"14 juillet 2011","format":false,"excerpt":"Bon, voici enfin quelques nouvelles, ainsi que des r\u00e9flexions qui me sont venues durant ce voyage\u2026 Apr\u00e8s plus de 15 jours avec le minimum sur mon blog, il y aura de la lecture\u2026 Je vais essayer de bien mettre en page cela, et de le rendre lisible en plusieurs parties,\u2026","rel":"","context":"Dans &quot;Canada&quot;","block_context":{"text":"Canada","link":"https:\/\/www.micoulou-photos.com\/index.php\/category\/canada\/"},"img":{"alt_text":"","src":"","width":0,"height":0},"classes":[]},{"id":173,"url":"https:\/\/www.micoulou-photos.com\/index.php\/2011\/06\/29\/une-journee-et-demi-a-vancouver\/","url_meta":{"origin":172,"position":1},"title":"une journ\u00e9e et demi \u00e0 Vancouver&#8230;","author":"micoulou","date":"29 juin 2011","format":false,"excerpt":"J'ai donc pris le bus hier de Keremeos \u00e0 Vancouver... Je n'etais pas tr\u00e8s bien dans le bus, j'etais de nouveau malade mais arriv\u00e9 \u00e0 Vancouver, \u00e7a allait mieux...Arriv\u00e9 dans le dortoir, quelqu'un dormais, il s'est reveill\u00e9 parce que je faisais un peu de bruit (j'arrive avec mon gros sac\u2026","rel":"","context":"Dans &quot;Non class\u00e9&quot;","block_context":{"text":"Non class\u00e9","link":"https:\/\/www.micoulou-photos.com\/index.php\/category\/non-classe\/"},"img":{"alt_text":"","src":"https:\/\/i0.wp.com\/2.bp.blogspot.com\/-hQaVKDmJhiE\/Tgqw0ijcGVI\/AAAAAAAAlP0\/QNzz1G2DPHA\/s320\/IMGP8681.jpg?resize=350%2C200","width":350,"height":200},"classes":[]},{"id":35,"url":"https:\/\/www.micoulou-photos.com\/index.php\/2013\/11\/03\/nouvelles-sites-et-voyages\/","url_meta":{"origin":172,"position":2},"title":"Nouvelles, sites et voyages&#8230;","author":"micoulou","date":"3 novembre 2013","format":false,"excerpt":"Comme je le disais depuis un certain temps, je dedie maintenant ce blog principalement \u00e0 mes voyages... Il n'y aura plus d'article vraiment photographique sur ce blog... Je ne parlerais ici que de voyage, de ma vie de nomade, et les photos ne serviront qu'\u00e0 illustrer les articles en rapport\u2026","rel":"","context":"Dans &quot;Non class\u00e9&quot;","block_context":{"text":"Non class\u00e9","link":"https:\/\/www.micoulou-photos.com\/index.php\/category\/non-classe\/"},"img":{"alt_text":"","src":"","width":0,"height":0},"classes":[]},{"id":205,"url":"https:\/\/www.micoulou-photos.com\/index.php\/2011\/04\/16\/quelques-jours-a-riviere-du-loup\/","url_meta":{"origin":172,"position":3},"title":"Quelques jours \u00e0 Rivi\u00e8re du loup&#8230;","author":"micoulou","date":"16 avril 2011","format":false,"excerpt":"Quelques jours sans nouvelles ... Mais qui ont \u00e9t\u00e9 plutot positive pour moi...Arriv\u00e9 \u00e0 Rivi\u00e8re du loup :J'arrive \u00e0 la gare de bus, qui a \u00e9t\u00e9 deplac\u00e9 depuis que le guide du routard (2007, oui, je sais...) a \u00e9t\u00e9 \u00e9dit\u00e9... Je me retrouve un peu perdu dans la ville, enfin\u2026","rel":"","context":"Dans &quot;Non class\u00e9&quot;","block_context":{"text":"Non class\u00e9","link":"https:\/\/www.micoulou-photos.com\/index.php\/category\/non-classe\/"},"img":{"alt_text":"","src":"https:\/\/i0.wp.com\/3.bp.blogspot.com\/-XNDQhZ3EpEM\/Tae7bYztRkI\/AAAAAAAAg0g\/Q6em0QJwu8s\/s320\/IMG_0991.jpg?resize=350%2C200","width":350,"height":200},"classes":[]},{"id":161,"url":"https:\/\/www.micoulou-photos.com\/index.php\/2011\/08\/16\/derniers-jours-a-fredericton\/","url_meta":{"origin":172,"position":4},"title":"Derniers jours \u00e0 Fredericton :","author":"micoulou","date":"16 ao\u00fbt 2011","format":false,"excerpt":"Bon, ben voil\u00e0, je repars apr\u00e8s quelques jours ici, dans la capitale du nouveau brunswick, ville bien sympa au deumerant\u2026On va donc reprendre depuis vendredi midi, je vais peut \u00eatre r\u00e9p\u00e9ter un peu mais bon, je n'ai pas l'article de vendredi pour v\u00e9rifier\u2026Vendredi matin, donc, j'ai fini le montage des\u2026","rel":"","context":"Dans &quot;Non class\u00e9&quot;","block_context":{"text":"Non class\u00e9","link":"https:\/\/www.micoulou-photos.com\/index.php\/category\/non-classe\/"},"img":{"alt_text":"","src":"","width":0,"height":0},"classes":[]},{"id":18,"url":"https:\/\/www.micoulou-photos.com\/index.php\/2016\/04\/27\/retour-a-aberdeen\/","url_meta":{"origin":172,"position":5},"title":"Retour \u00e0 Aberdeen","author":"micoulou","date":"27 avril 2016","format":false,"excerpt":"Juillet 2012, la graduation de Slimane, ce fut la raison de mon retour plus rapide que pr\u00e9vu du Canada, et la derni\u00e8re fois que j\u2019ai \u00e9t\u00e9 en \u00c9cosse\u2026. De 2006 \u00e0 2012, il n\u2019y a pas eu une ann\u00e9e sans que je revienne en \u00c9cosse\u2026 Puis ces 4 longues ann\u00e9es\u2026\u2026","rel":"","context":"Dans &quot;ecosse&quot;","block_context":{"text":"ecosse","link":"https:\/\/www.micoulou-photos.com\/index.php\/category\/voyage\/ecosse\/"},"img":{"alt_text":"","src":"https:\/\/i0.wp.com\/www.micoulou-photos.com\/wp-content\/uploads\/2016\/04\/IMGP4028-1.jpg?fit=662%2C1000&ssl=1&resize=350%2C200","width":350,"height":200,"srcset":"https:\/\/i0.wp.com\/www.micoulou-photos.com\/wp-content\/uploads\/2016\/04\/IMGP4028-1.jpg?fit=662%2C1000&ssl=1&resize=350%2C200 1x, https:\/\/i0.wp.com\/www.micoulou-photos.com\/wp-content\/uploads\/2016\/04\/IMGP4028-1.jpg?fit=662%2C1000&ssl=1&resize=525%2C300 1.5x"},"classes":[]}],"_links":{"self":[{"href":"https:\/\/www.micoulou-photos.com\/index.php\/wp-json\/wp\/v2\/posts\/172","targetHints":{"allow":["GET"]}}],"collection":[{"href":"https:\/\/www.micoulou-photos.com\/index.php\/wp-json\/wp\/v2\/posts"}],"about":[{"href":"https:\/\/www.micoulou-photos.com\/index.php\/wp-json\/wp\/v2\/types\/post"}],"author":[{"embeddable":true,"href":"https:\/\/www.micoulou-photos.com\/index.php\/wp-json\/wp\/v2\/users\/1"}],"replies":[{"embeddable":true,"href":"https:\/\/www.micoulou-photos.com\/index.php\/wp-json\/wp\/v2\/comments?post=172"}],"version-history":[{"count":0,"href":"https:\/\/www.micoulou-photos.com\/index.php\/wp-json\/wp\/v2\/posts\/172\/revisions"}],"wp:attachment":[{"href":"https:\/\/www.micoulou-photos.com\/index.php\/wp-json\/wp\/v2\/media?parent=172"}],"wp:term":[{"taxonomy":"category","embeddable":true,"href":"https:\/\/www.micoulou-photos.com\/index.php\/wp-json\/wp\/v2\/categories?post=172"},{"taxonomy":"post_tag","embeddable":true,"href":"https:\/\/www.micoulou-photos.com\/index.php\/wp-json\/wp\/v2\/tags?post=172"}],"curies":[{"name":"wp","href":"https:\/\/api.w.org\/{rel}","templated":true}]}}