{"id":17,"date":"2016-05-04T23:31:00","date_gmt":"2016-05-04T22:31:00","guid":{"rendered":""},"modified":"2020-04-26T01:11:51","modified_gmt":"2020-04-26T00:11:51","slug":"une-semaine-a-aberdeen","status":"publish","type":"post","link":"https:\/\/www.micoulou-photos.com\/index.php\/2016\/05\/04\/une-semaine-a-aberdeen\/","title":{"rendered":"Une semaine \u00e0 Aberdeen"},"content":{"rendered":"<p>Je viens de passer presque une semaine \u00e0 Aberdeen, en Ecosse, apr\u00e8s 4 ans d\u2019absence\u2026 Je n\u2019ai pas ressenti la m\u00eame chose que les derni\u00e8res fois, j\u2019ai l\u2019impression que la soci\u00e9t\u00e9 de consommation est pr\u00e9sente partout, qu\u2019on trouve de la \u00ab\u00a0junk food\u00a0\u00bb quasiment partout et qu\u2019il est difficile de bien manger\u2026 Le temps \u00e0 passer et j\u2019ai chang\u00e9, je recherche plus d\u2019authenticit\u00e9, de vrai et cela est bien plus difficile \u00e0 trouver que le reste\u2026 Mais les gens qui pensent profond\u00e9ment sont pourtant bien pr\u00e9sent \u00e0 Aberdeen, certains de mes amis sont toujours l\u00e0. J\u2019ai peu avanc\u00e9 ma recherche de vie alternative pendant ces jours ci, car je n\u2019\u00e9tais pas vraiment l\u00e0 pour \u00e7a cette fois ci, mais j\u2019ai trouv\u00e9 les premi\u00e8res informations pour mon prochain passage.<br \/>\nJ\u2019ai r\u00e9alis\u00e9 un reportage pour le mariage de Claire et Greame, je vous pr\u00e9senterais quelques unes des photos dans un prochain article.<br \/>\nJe vous propose ici quelques photos d\u2019Aberdeen prise hier, j\u2019ai fait le traitement rapidement, je le referais plus proprement \u00e0 mon retour.<\/p>\n<div data-carousel-extra='{&quot;blog_id&quot;:1,&quot;permalink&quot;:&quot;https:\/\/www.micoulou-photos.com\/index.php\/2016\/05\/04\/une-semaine-a-aberdeen\/&quot;}' id='gallery-1' class='gallery galleryid-17 gallery-columns-3 gallery-size-thumbnail'><figure class='gallery-item'>\n\t\t\t<div class='gallery-icon landscape'>\n\t\t\t\t<a href='https:\/\/www.micoulou-photos.com\/index.php\/2016\/05\/04\/une-semaine-a-aberdeen\/img_5896\/'><img decoding=\"async\" width=\"150\" height=\"150\" src=\"https:\/\/i0.wp.com\/www.micoulou-photos.com\/wp-content\/uploads\/2016\/05\/IMG_5896.jpg?resize=150%2C150&amp;ssl=1\" class=\"attachment-thumbnail size-thumbnail\" alt=\"\" srcset=\"https:\/\/i0.wp.com\/www.micoulou-photos.com\/wp-content\/uploads\/2016\/05\/IMG_5896.jpg?w=1000&amp;ssl=1 1000w, https:\/\/i0.wp.com\/www.micoulou-photos.com\/wp-content\/uploads\/2016\/05\/IMG_5896.jpg?resize=150%2C150&amp;ssl=1 150w, https:\/\/i0.wp.com\/www.micoulou-photos.com\/wp-content\/uploads\/2016\/05\/IMG_5896.jpg?resize=300%2C300&amp;ssl=1 300w, https:\/\/i0.wp.com\/www.micoulou-photos.com\/wp-content\/uploads\/2016\/05\/IMG_5896.jpg?resize=768%2C768&amp;ssl=1 768w, https:\/\/i0.wp.com\/www.micoulou-photos.com\/wp-content\/uploads\/2016\/05\/IMG_5896.jpg?resize=960%2C960&amp;ssl=1 960w\" sizes=\"(max-width: 150px) 100vw, 150px\" data-attachment-id=\"1695\" data-permalink=\"https:\/\/www.micoulou-photos.com\/index.php\/2016\/05\/04\/une-semaine-a-aberdeen\/img_5896\/\" data-orig-file=\"https:\/\/i0.wp.com\/www.micoulou-photos.com\/wp-content\/uploads\/2016\/05\/IMG_5896.jpg?fit=1000%2C1000&amp;ssl=1\" data-orig-size=\"1000,1000\" data-comments-opened=\"1\" data-image-meta=\"{&quot;aperture&quot;:&quot;5.6&quot;,&quot;credit&quot;:&quot;Mickael Minarie&quot;,&quot;camera&quot;:&quot;Canon PowerShot G1 X&quot;,&quot;caption&quot;:&quot;&quot;,&quot;created_timestamp&quot;:&quot;1462206011&quot;,&quot;copyright&quot;:&quot;MICOULOU PHOTOGRAPHIE\\rwww.micoulou-photos.com&quot;,&quot;focal_length&quot;:&quot;15.1&quot;,&quot;iso&quot;:&quot;100&quot;,&quot;shutter_speed&quot;:&quot;0.001&quot;,&quot;title&quot;:&quot;&quot;,&quot;orientation&quot;:&quot;0&quot;}\" data-image-title=\"IMG_5896\" data-image-description=\"\" data-image-caption=\"\" data-large-file=\"https:\/\/i0.wp.com\/www.micoulou-photos.com\/wp-content\/uploads\/2016\/05\/IMG_5896.jpg?fit=800%2C800&amp;ssl=1\" \/><\/a>\n\t\t\t<\/div><\/figure><figure class='gallery-item'>\n\t\t\t<div class='gallery-icon portrait'>\n\t\t\t\t<a href='https:\/\/www.micoulou-photos.com\/index.php\/2016\/05\/04\/une-semaine-a-aberdeen\/img_5928\/'><img decoding=\"async\" width=\"150\" height=\"150\" src=\"https:\/\/i0.wp.com\/www.micoulou-photos.com\/wp-content\/uploads\/2016\/05\/IMG_5928.jpg?resize=150%2C150&amp;ssl=1\" class=\"attachment-thumbnail size-thumbnail\" alt=\"\" srcset=\"https:\/\/i0.wp.com\/www.micoulou-photos.com\/wp-content\/uploads\/2016\/05\/IMG_5928.jpg?resize=150%2C150&amp;ssl=1 150w, https:\/\/i0.wp.com\/www.micoulou-photos.com\/wp-content\/uploads\/2016\/05\/IMG_5928.jpg?zoom=2&amp;resize=150%2C150&amp;ssl=1 300w, https:\/\/i0.wp.com\/www.micoulou-photos.com\/wp-content\/uploads\/2016\/05\/IMG_5928.jpg?zoom=3&amp;resize=150%2C150&amp;ssl=1 450w\" sizes=\"(max-width: 150px) 100vw, 150px\" data-attachment-id=\"1696\" data-permalink=\"https:\/\/www.micoulou-photos.com\/index.php\/2016\/05\/04\/une-semaine-a-aberdeen\/img_5928\/\" data-orig-file=\"https:\/\/i0.wp.com\/www.micoulou-photos.com\/wp-content\/uploads\/2016\/05\/IMG_5928.jpg?fit=750%2C1000&amp;ssl=1\" data-orig-size=\"750,1000\" data-comments-opened=\"1\" data-image-meta=\"{&quot;aperture&quot;:&quot;5.6&quot;,&quot;credit&quot;:&quot;Mickael Minarie&quot;,&quot;camera&quot;:&quot;Canon PowerShot G1 X&quot;,&quot;caption&quot;:&quot;&quot;,&quot;created_timestamp&quot;:&quot;1462214566&quot;,&quot;copyright&quot;:&quot;MICOULOU PHOTOGRAPHIE\\rwww.micoulou-photos.com&quot;,&quot;focal_length&quot;:&quot;15.1&quot;,&quot;iso&quot;:&quot;100&quot;,&quot;shutter_speed&quot;:&quot;0.005&quot;,&quot;title&quot;:&quot;&quot;,&quot;orientation&quot;:&quot;0&quot;}\" data-image-title=\"IMG_5928\" data-image-description=\"\" data-image-caption=\"\" data-large-file=\"https:\/\/i0.wp.com\/www.micoulou-photos.com\/wp-content\/uploads\/2016\/05\/IMG_5928.jpg?fit=750%2C1000&amp;ssl=1\" \/><\/a>\n\t\t\t<\/div><\/figure>\n\t\t<\/div>\n\n","protected":false},"excerpt":{"rendered":"<p>Je viens de passer presque une semaine \u00e0 Aberdeen, en Ecosse, apr\u00e8s 4 ans d\u2019absence\u2026 Je n\u2019ai pas ressenti la m\u00eame chose que les derni\u00e8res fois, j\u2019ai l\u2019impression que la soci\u00e9t\u00e9 de consommation est pr\u00e9sente partout, qu\u2019on trouve de la \u00ab\u00a0junk food\u00a0\u00bb quasiment partout et qu\u2019il est difficile de bien manger\u2026 Le temps \u00e0 passer [&hellip;]<\/p>\n","protected":false},"author":1,"featured_media":1695,"comment_status":"open","ping_status":"open","sticky":false,"template":"","format":"standard","meta":{"jetpack_post_was_ever_published":false,"_jetpack_newsletter_access":"","_jetpack_dont_email_post_to_subs":true,"_jetpack_newsletter_tier_id":0,"_jetpack_memberships_contains_paywalled_content":false,"_jetpack_memberships_contains_paid_content":false,"footnotes":"","jetpack_publicize_message":"","jetpack_publicize_feature_enabled":true,"jetpack_social_post_already_shared":false,"jetpack_social_options":{"image_generator_settings":{"template":"highway","default_image_id":0,"font":"","enabled":false},"version":2}},"categories":[6],"tags":[],"class_list":["post-17","post","type-post","status-publish","format-standard","has-post-thumbnail","hentry","category-voyage"],"yoast_head":"<!-- This site is optimized with the Yoast SEO plugin v27.5 - https:\/\/yoast.com\/product\/yoast-seo-wordpress\/ -->\n<title>Une semaine \u00e0 Aberdeen - Micoulou Photographie<\/title>\n<meta name=\"robots\" content=\"index, follow, max-snippet:-1, max-image-preview:large, max-video-preview:-1\" \/>\n<link rel=\"canonical\" href=\"https:\/\/www.micoulou-photos.com\/index.php\/2016\/05\/04\/une-semaine-a-aberdeen\/\" \/>\n<meta property=\"og:locale\" content=\"fr_FR\" \/>\n<meta property=\"og:type\" content=\"article\" \/>\n<meta property=\"og:title\" content=\"Une semaine \u00e0 Aberdeen - Micoulou Photographie\" \/>\n<meta property=\"og:description\" content=\"Je viens de passer presque une semaine \u00e0 Aberdeen, en Ecosse, apr\u00e8s 4 ans d\u2019absence\u2026 Je n\u2019ai pas ressenti la m\u00eame chose que les derni\u00e8res fois, j\u2019ai l\u2019impression que la soci\u00e9t\u00e9 de consommation est pr\u00e9sente partout, qu\u2019on trouve de la \u00ab\u00a0junk food\u00a0\u00bb quasiment partout et qu\u2019il est difficile de bien manger\u2026 Le temps \u00e0 passer [&hellip;]\" \/>\n<meta property=\"og:url\" content=\"https:\/\/www.micoulou-photos.com\/index.php\/2016\/05\/04\/une-semaine-a-aberdeen\/\" \/>\n<meta property=\"og:site_name\" content=\"Micoulou Photographie\" \/>\n<meta property=\"article:published_time\" content=\"2016-05-04T22:31:00+00:00\" \/>\n<meta property=\"article:modified_time\" content=\"2020-04-26T00:11:51+00:00\" \/>\n<meta property=\"og:image\" content=\"https:\/\/i0.wp.com\/www.micoulou-photos.com\/wp-content\/uploads\/2016\/05\/IMG_5896.jpg?fit=1000%2C1000&ssl=1\" \/>\n\t<meta property=\"og:image:width\" content=\"1000\" \/>\n\t<meta property=\"og:image:height\" content=\"1000\" \/>\n\t<meta property=\"og:image:type\" content=\"image\/jpeg\" \/>\n<meta name=\"author\" content=\"micoulou\" \/>\n<meta name=\"twitter:card\" content=\"summary_large_image\" \/>\n<meta name=\"twitter:label1\" content=\"\u00c9crit par\" \/>\n\t<meta name=\"twitter:data1\" content=\"micoulou\" \/>\n\t<meta name=\"twitter:label2\" content=\"Dur\u00e9e de lecture estim\u00e9e\" \/>\n\t<meta name=\"twitter:data2\" content=\"1 minute\" \/>\n<script type=\"application\/ld+json\" class=\"yoast-schema-graph\">{\"@context\":\"https:\\\/\\\/schema.org\",\"@graph\":[{\"@type\":\"Article\",\"@id\":\"https:\\\/\\\/www.micoulou-photos.com\\\/index.php\\\/2016\\\/05\\\/04\\\/une-semaine-a-aberdeen\\\/#article\",\"isPartOf\":{\"@id\":\"https:\\\/\\\/www.micoulou-photos.com\\\/index.php\\\/2016\\\/05\\\/04\\\/une-semaine-a-aberdeen\\\/\"},\"author\":{\"name\":\"micoulou\",\"@id\":\"https:\\\/\\\/www.micoulou-photos.com\\\/#\\\/schema\\\/person\\\/6aedfe8ebe91da632f46e7c9d806a722\"},\"headline\":\"Une semaine \u00e0 Aberdeen\",\"datePublished\":\"2016-05-04T22:31:00+00:00\",\"dateModified\":\"2020-04-26T00:11:51+00:00\",\"mainEntityOfPage\":{\"@id\":\"https:\\\/\\\/www.micoulou-photos.com\\\/index.php\\\/2016\\\/05\\\/04\\\/une-semaine-a-aberdeen\\\/\"},\"wordCount\":194,\"commentCount\":0,\"publisher\":{\"@id\":\"https:\\\/\\\/www.micoulou-photos.com\\\/#organization\"},\"image\":{\"@id\":\"https:\\\/\\\/www.micoulou-photos.com\\\/index.php\\\/2016\\\/05\\\/04\\\/une-semaine-a-aberdeen\\\/#primaryimage\"},\"thumbnailUrl\":\"https:\\\/\\\/i0.wp.com\\\/www.micoulou-photos.com\\\/wp-content\\\/uploads\\\/2016\\\/05\\\/IMG_5896.jpg?fit=1000%2C1000&ssl=1\",\"articleSection\":[\"voyage\"],\"inLanguage\":\"fr-FR\",\"potentialAction\":[{\"@type\":\"CommentAction\",\"name\":\"Comment\",\"target\":[\"https:\\\/\\\/www.micoulou-photos.com\\\/index.php\\\/2016\\\/05\\\/04\\\/une-semaine-a-aberdeen\\\/#respond\"]}]},{\"@type\":\"WebPage\",\"@id\":\"https:\\\/\\\/www.micoulou-photos.com\\\/index.php\\\/2016\\\/05\\\/04\\\/une-semaine-a-aberdeen\\\/\",\"url\":\"https:\\\/\\\/www.micoulou-photos.com\\\/index.php\\\/2016\\\/05\\\/04\\\/une-semaine-a-aberdeen\\\/\",\"name\":\"Une semaine \u00e0 Aberdeen - Micoulou Photographie\",\"isPartOf\":{\"@id\":\"https:\\\/\\\/www.micoulou-photos.com\\\/#website\"},\"primaryImageOfPage\":{\"@id\":\"https:\\\/\\\/www.micoulou-photos.com\\\/index.php\\\/2016\\\/05\\\/04\\\/une-semaine-a-aberdeen\\\/#primaryimage\"},\"image\":{\"@id\":\"https:\\\/\\\/www.micoulou-photos.com\\\/index.php\\\/2016\\\/05\\\/04\\\/une-semaine-a-aberdeen\\\/#primaryimage\"},\"thumbnailUrl\":\"https:\\\/\\\/i0.wp.com\\\/www.micoulou-photos.com\\\/wp-content\\\/uploads\\\/2016\\\/05\\\/IMG_5896.jpg?fit=1000%2C1000&ssl=1\",\"datePublished\":\"2016-05-04T22:31:00+00:00\",\"dateModified\":\"2020-04-26T00:11:51+00:00\",\"breadcrumb\":{\"@id\":\"https:\\\/\\\/www.micoulou-photos.com\\\/index.php\\\/2016\\\/05\\\/04\\\/une-semaine-a-aberdeen\\\/#breadcrumb\"},\"inLanguage\":\"fr-FR\",\"potentialAction\":[{\"@type\":\"ReadAction\",\"target\":[\"https:\\\/\\\/www.micoulou-photos.com\\\/index.php\\\/2016\\\/05\\\/04\\\/une-semaine-a-aberdeen\\\/\"]}]},{\"@type\":\"ImageObject\",\"inLanguage\":\"fr-FR\",\"@id\":\"https:\\\/\\\/www.micoulou-photos.com\\\/index.php\\\/2016\\\/05\\\/04\\\/une-semaine-a-aberdeen\\\/#primaryimage\",\"url\":\"https:\\\/\\\/i0.wp.com\\\/www.micoulou-photos.com\\\/wp-content\\\/uploads\\\/2016\\\/05\\\/IMG_5896.jpg?fit=1000%2C1000&ssl=1\",\"contentUrl\":\"https:\\\/\\\/i0.wp.com\\\/www.micoulou-photos.com\\\/wp-content\\\/uploads\\\/2016\\\/05\\\/IMG_5896.jpg?fit=1000%2C1000&ssl=1\",\"width\":1000,\"height\":1000},{\"@type\":\"BreadcrumbList\",\"@id\":\"https:\\\/\\\/www.micoulou-photos.com\\\/index.php\\\/2016\\\/05\\\/04\\\/une-semaine-a-aberdeen\\\/#breadcrumb\",\"itemListElement\":[{\"@type\":\"ListItem\",\"position\":1,\"name\":\"Accueil\",\"item\":\"https:\\\/\\\/www.micoulou-photos.com\\\/\"},{\"@type\":\"ListItem\",\"position\":2,\"name\":\"Une semaine \u00e0 Aberdeen\"}]},{\"@type\":\"WebSite\",\"@id\":\"https:\\\/\\\/www.micoulou-photos.com\\\/#website\",\"url\":\"https:\\\/\\\/www.micoulou-photos.com\\\/\",\"name\":\"Micoulou Photographie\",\"description\":\"Photographies, Visites virtuelles et formations par Mickael Minarie\",\"publisher\":{\"@id\":\"https:\\\/\\\/www.micoulou-photos.com\\\/#organization\"},\"potentialAction\":[{\"@type\":\"SearchAction\",\"target\":{\"@type\":\"EntryPoint\",\"urlTemplate\":\"https:\\\/\\\/www.micoulou-photos.com\\\/?s={search_term_string}\"},\"query-input\":{\"@type\":\"PropertyValueSpecification\",\"valueRequired\":true,\"valueName\":\"search_term_string\"}}],\"inLanguage\":\"fr-FR\"},{\"@type\":\"Organization\",\"@id\":\"https:\\\/\\\/www.micoulou-photos.com\\\/#organization\",\"name\":\"Micoulou Photographie\",\"url\":\"https:\\\/\\\/www.micoulou-photos.com\\\/\",\"logo\":{\"@type\":\"ImageObject\",\"inLanguage\":\"fr-FR\",\"@id\":\"https:\\\/\\\/www.micoulou-photos.com\\\/#\\\/schema\\\/logo\\\/image\\\/\",\"url\":\"https:\\\/\\\/i0.wp.com\\\/www.micoulou-photos.com\\\/wp-content\\\/uploads\\\/2020\\\/05\\\/cropped-891667_552097324824916_1615181552_o-1.jpg?fit=643%2C722&ssl=1\",\"contentUrl\":\"https:\\\/\\\/i0.wp.com\\\/www.micoulou-photos.com\\\/wp-content\\\/uploads\\\/2020\\\/05\\\/cropped-891667_552097324824916_1615181552_o-1.jpg?fit=643%2C722&ssl=1\",\"width\":643,\"height\":722,\"caption\":\"Micoulou Photographie\"},\"image\":{\"@id\":\"https:\\\/\\\/www.micoulou-photos.com\\\/#\\\/schema\\\/logo\\\/image\\\/\"}},{\"@type\":\"Person\",\"@id\":\"https:\\\/\\\/www.micoulou-photos.com\\\/#\\\/schema\\\/person\\\/6aedfe8ebe91da632f46e7c9d806a722\",\"name\":\"micoulou\",\"image\":{\"@type\":\"ImageObject\",\"inLanguage\":\"fr-FR\",\"@id\":\"https:\\\/\\\/secure.gravatar.com\\\/avatar\\\/98f892eb7d267eab2faa437baa3edd708deaaa43929316c0cc7b751a04cb247b?s=96&d=mm&r=g\",\"url\":\"https:\\\/\\\/secure.gravatar.com\\\/avatar\\\/98f892eb7d267eab2faa437baa3edd708deaaa43929316c0cc7b751a04cb247b?s=96&d=mm&r=g\",\"contentUrl\":\"https:\\\/\\\/secure.gravatar.com\\\/avatar\\\/98f892eb7d267eab2faa437baa3edd708deaaa43929316c0cc7b751a04cb247b?s=96&d=mm&r=g\",\"caption\":\"micoulou\"},\"url\":\"https:\\\/\\\/www.micoulou-photos.com\\\/index.php\\\/author\\\/micoulou\\\/\"}]}<\/script>\n<!-- \/ Yoast SEO plugin. -->","yoast_head_json":{"title":"Une semaine \u00e0 Aberdeen - Micoulou Photographie","robots":{"index":"index","follow":"follow","max-snippet":"max-snippet:-1","max-image-preview":"max-image-preview:large","max-video-preview":"max-video-preview:-1"},"canonical":"https:\/\/www.micoulou-photos.com\/index.php\/2016\/05\/04\/une-semaine-a-aberdeen\/","og_locale":"fr_FR","og_type":"article","og_title":"Une semaine \u00e0 Aberdeen - Micoulou Photographie","og_description":"Je viens de passer presque une semaine \u00e0 Aberdeen, en Ecosse, apr\u00e8s 4 ans d\u2019absence\u2026 Je n\u2019ai pas ressenti la m\u00eame chose que les derni\u00e8res fois, j\u2019ai l\u2019impression que la soci\u00e9t\u00e9 de consommation est pr\u00e9sente partout, qu\u2019on trouve de la \u00ab\u00a0junk food\u00a0\u00bb quasiment partout et qu\u2019il est difficile de bien manger\u2026 Le temps \u00e0 passer [&hellip;]","og_url":"https:\/\/www.micoulou-photos.com\/index.php\/2016\/05\/04\/une-semaine-a-aberdeen\/","og_site_name":"Micoulou Photographie","article_published_time":"2016-05-04T22:31:00+00:00","article_modified_time":"2020-04-26T00:11:51+00:00","og_image":[{"width":1000,"height":1000,"url":"https:\/\/i0.wp.com\/www.micoulou-photos.com\/wp-content\/uploads\/2016\/05\/IMG_5896.jpg?fit=1000%2C1000&ssl=1","type":"image\/jpeg"}],"author":"micoulou","twitter_card":"summary_large_image","twitter_misc":{"\u00c9crit par":"micoulou","Dur\u00e9e de lecture estim\u00e9e":"1 minute"},"schema":{"@context":"https:\/\/schema.org","@graph":[{"@type":"Article","@id":"https:\/\/www.micoulou-photos.com\/index.php\/2016\/05\/04\/une-semaine-a-aberdeen\/#article","isPartOf":{"@id":"https:\/\/www.micoulou-photos.com\/index.php\/2016\/05\/04\/une-semaine-a-aberdeen\/"},"author":{"name":"micoulou","@id":"https:\/\/www.micoulou-photos.com\/#\/schema\/person\/6aedfe8ebe91da632f46e7c9d806a722"},"headline":"Une semaine \u00e0 Aberdeen","datePublished":"2016-05-04T22:31:00+00:00","dateModified":"2020-04-26T00:11:51+00:00","mainEntityOfPage":{"@id":"https:\/\/www.micoulou-photos.com\/index.php\/2016\/05\/04\/une-semaine-a-aberdeen\/"},"wordCount":194,"commentCount":0,"publisher":{"@id":"https:\/\/www.micoulou-photos.com\/#organization"},"image":{"@id":"https:\/\/www.micoulou-photos.com\/index.php\/2016\/05\/04\/une-semaine-a-aberdeen\/#primaryimage"},"thumbnailUrl":"https:\/\/i0.wp.com\/www.micoulou-photos.com\/wp-content\/uploads\/2016\/05\/IMG_5896.jpg?fit=1000%2C1000&ssl=1","articleSection":["voyage"],"inLanguage":"fr-FR","potentialAction":[{"@type":"CommentAction","name":"Comment","target":["https:\/\/www.micoulou-photos.com\/index.php\/2016\/05\/04\/une-semaine-a-aberdeen\/#respond"]}]},{"@type":"WebPage","@id":"https:\/\/www.micoulou-photos.com\/index.php\/2016\/05\/04\/une-semaine-a-aberdeen\/","url":"https:\/\/www.micoulou-photos.com\/index.php\/2016\/05\/04\/une-semaine-a-aberdeen\/","name":"Une semaine \u00e0 Aberdeen - Micoulou Photographie","isPartOf":{"@id":"https:\/\/www.micoulou-photos.com\/#website"},"primaryImageOfPage":{"@id":"https:\/\/www.micoulou-photos.com\/index.php\/2016\/05\/04\/une-semaine-a-aberdeen\/#primaryimage"},"image":{"@id":"https:\/\/www.micoulou-photos.com\/index.php\/2016\/05\/04\/une-semaine-a-aberdeen\/#primaryimage"},"thumbnailUrl":"https:\/\/i0.wp.com\/www.micoulou-photos.com\/wp-content\/uploads\/2016\/05\/IMG_5896.jpg?fit=1000%2C1000&ssl=1","datePublished":"2016-05-04T22:31:00+00:00","dateModified":"2020-04-26T00:11:51+00:00","breadcrumb":{"@id":"https:\/\/www.micoulou-photos.com\/index.php\/2016\/05\/04\/une-semaine-a-aberdeen\/#breadcrumb"},"inLanguage":"fr-FR","potentialAction":[{"@type":"ReadAction","target":["https:\/\/www.micoulou-photos.com\/index.php\/2016\/05\/04\/une-semaine-a-aberdeen\/"]}]},{"@type":"ImageObject","inLanguage":"fr-FR","@id":"https:\/\/www.micoulou-photos.com\/index.php\/2016\/05\/04\/une-semaine-a-aberdeen\/#primaryimage","url":"https:\/\/i0.wp.com\/www.micoulou-photos.com\/wp-content\/uploads\/2016\/05\/IMG_5896.jpg?fit=1000%2C1000&ssl=1","contentUrl":"https:\/\/i0.wp.com\/www.micoulou-photos.com\/wp-content\/uploads\/2016\/05\/IMG_5896.jpg?fit=1000%2C1000&ssl=1","width":1000,"height":1000},{"@type":"BreadcrumbList","@id":"https:\/\/www.micoulou-photos.com\/index.php\/2016\/05\/04\/une-semaine-a-aberdeen\/#breadcrumb","itemListElement":[{"@type":"ListItem","position":1,"name":"Accueil","item":"https:\/\/www.micoulou-photos.com\/"},{"@type":"ListItem","position":2,"name":"Une semaine \u00e0 Aberdeen"}]},{"@type":"WebSite","@id":"https:\/\/www.micoulou-photos.com\/#website","url":"https:\/\/www.micoulou-photos.com\/","name":"Micoulou Photographie","description":"Photographies, Visites virtuelles et formations par Mickael Minarie","publisher":{"@id":"https:\/\/www.micoulou-photos.com\/#organization"},"potentialAction":[{"@type":"SearchAction","target":{"@type":"EntryPoint","urlTemplate":"https:\/\/www.micoulou-photos.com\/?s={search_term_string}"},"query-input":{"@type":"PropertyValueSpecification","valueRequired":true,"valueName":"search_term_string"}}],"inLanguage":"fr-FR"},{"@type":"Organization","@id":"https:\/\/www.micoulou-photos.com\/#organization","name":"Micoulou Photographie","url":"https:\/\/www.micoulou-photos.com\/","logo":{"@type":"ImageObject","inLanguage":"fr-FR","@id":"https:\/\/www.micoulou-photos.com\/#\/schema\/logo\/image\/","url":"https:\/\/i0.wp.com\/www.micoulou-photos.com\/wp-content\/uploads\/2020\/05\/cropped-891667_552097324824916_1615181552_o-1.jpg?fit=643%2C722&ssl=1","contentUrl":"https:\/\/i0.wp.com\/www.micoulou-photos.com\/wp-content\/uploads\/2020\/05\/cropped-891667_552097324824916_1615181552_o-1.jpg?fit=643%2C722&ssl=1","width":643,"height":722,"caption":"Micoulou Photographie"},"image":{"@id":"https:\/\/www.micoulou-photos.com\/#\/schema\/logo\/image\/"}},{"@type":"Person","@id":"https:\/\/www.micoulou-photos.com\/#\/schema\/person\/6aedfe8ebe91da632f46e7c9d806a722","name":"micoulou","image":{"@type":"ImageObject","inLanguage":"fr-FR","@id":"https:\/\/secure.gravatar.com\/avatar\/98f892eb7d267eab2faa437baa3edd708deaaa43929316c0cc7b751a04cb247b?s=96&d=mm&r=g","url":"https:\/\/secure.gravatar.com\/avatar\/98f892eb7d267eab2faa437baa3edd708deaaa43929316c0cc7b751a04cb247b?s=96&d=mm&r=g","contentUrl":"https:\/\/secure.gravatar.com\/avatar\/98f892eb7d267eab2faa437baa3edd708deaaa43929316c0cc7b751a04cb247b?s=96&d=mm&r=g","caption":"micoulou"},"url":"https:\/\/www.micoulou-photos.com\/index.php\/author\/micoulou\/"}]}},"jetpack_publicize_connections":[],"jetpack_featured_media_url":"https:\/\/i0.wp.com\/www.micoulou-photos.com\/wp-content\/uploads\/2016\/05\/IMG_5896.jpg?fit=1000%2C1000&ssl=1","jetpack_sharing_enabled":true,"jetpack_shortlink":"https:\/\/wp.me\/p7zKF4-h","jetpack-related-posts":[{"id":212,"url":"https:\/\/www.micoulou-photos.com\/index.php\/2011\/04\/03\/pause-lente-sur-aberdeen\/","url_meta":{"origin":17,"position":0},"title":"pause lente sur Aberdeen","author":"micoulou","date":"3 avril 2011","format":false,"excerpt":"Durant mes premi\u00e8res semaines \u00e0 Aberdeen, nous avions, avec quelques personnes du club escalade fait un ballade de nuit sur le port et la plage du sud d'Aberdeen. A l'epoque, j'avai bien pris un trepied, mais j'ai fait toutes mes images en sous exposant comme un porc, le tout \u00e0\u2026","rel":"","context":"Dans &quot;Non class\u00e9&quot;","block_context":{"text":"Non class\u00e9","link":"https:\/\/www.micoulou-photos.com\/index.php\/category\/non-classe\/"},"img":{"alt_text":"","src":"https:\/\/i0.wp.com\/1.bp.blogspot.com\/-IASDkmXbtXo\/TZDXznJhthI\/AAAAAAAAgSc\/Eu0qADglzRs\/s320\/IMG_0863.jpg?resize=350%2C200","width":350,"height":200},"classes":[]},{"id":18,"url":"https:\/\/www.micoulou-photos.com\/index.php\/2016\/04\/27\/retour-a-aberdeen\/","url_meta":{"origin":17,"position":1},"title":"Retour \u00e0 Aberdeen","author":"micoulou","date":"27 avril 2016","format":false,"excerpt":"Juillet 2012, la graduation de Slimane, ce fut la raison de mon retour plus rapide que pr\u00e9vu du Canada, et la derni\u00e8re fois que j\u2019ai \u00e9t\u00e9 en \u00c9cosse\u2026. De 2006 \u00e0 2012, il n\u2019y a pas eu une ann\u00e9e sans que je revienne en \u00c9cosse\u2026 Puis ces 4 longues ann\u00e9es\u2026\u2026","rel":"","context":"Dans &quot;ecosse&quot;","block_context":{"text":"ecosse","link":"https:\/\/www.micoulou-photos.com\/index.php\/category\/voyage\/ecosse\/"},"img":{"alt_text":"","src":"https:\/\/i0.wp.com\/www.micoulou-photos.com\/wp-content\/uploads\/2016\/04\/IMGP4028-1.jpg?fit=662%2C1000&ssl=1&resize=350%2C200","width":350,"height":200,"srcset":"https:\/\/i0.wp.com\/www.micoulou-photos.com\/wp-content\/uploads\/2016\/04\/IMGP4028-1.jpg?fit=662%2C1000&ssl=1&resize=350%2C200 1x, https:\/\/i0.wp.com\/www.micoulou-photos.com\/wp-content\/uploads\/2016\/04\/IMGP4028-1.jpg?fit=662%2C1000&ssl=1&resize=525%2C300 1.5x"},"classes":[]},{"id":106,"url":"https:\/\/www.micoulou-photos.com\/index.php\/2012\/07\/17\/fin-de-lislande-koln-aberdeen-et-la-suite\/","url_meta":{"origin":17,"position":2},"title":"fin de l&rsquo;islande, koln, aberdeen et la suite&#8230;","author":"micoulou","date":"17 juillet 2012","format":false,"excerpt":"Cela fait quelques semaines sans message, et beaucoup de choses se sont pass\u00e9s, que ce soit du cote photo que personnellement... Je mettrais des que je traiterais les photos sur chaque endroit que j'ai visit\u00e9...La fin du voyage s'est donc plutot bien pass\u00e9, j'ai plutot bien reussi a rattraper mon\u2026","rel":"","context":"Dans &quot;Non class\u00e9&quot;","block_context":{"text":"Non class\u00e9","link":"https:\/\/www.micoulou-photos.com\/index.php\/category\/non-classe\/"},"img":{"alt_text":"","src":"","width":0,"height":0},"classes":[]},{"id":160,"url":"https:\/\/www.micoulou-photos.com\/index.php\/2011\/08\/20\/aberdeen-cap-breton\/","url_meta":{"origin":17,"position":3},"title":"Aberdeen &#8211; Cap Breton","author":"micoulou","date":"20 ao\u00fbt 2011","format":false,"excerpt":"Bon, ben voil\u00e0, apr\u00e8s une journ\u00e9e \u00e0 Halifax, o\u00f9 je me suis ballad\u00e9 dans la ville et visit\u00e9 le mus\u00e9e, je viens de passer 2 jours au cap breton, et il me reste toujours cette apr\u00e8s midi ici...Quand je suis arriv\u00e9 au cap breton, j'etais piqu\u00e9 de partout, surement par\u2026","rel":"","context":"Dans &quot;Non class\u00e9&quot;","block_context":{"text":"Non class\u00e9","link":"https:\/\/www.micoulou-photos.com\/index.php\/category\/non-classe\/"},"img":{"alt_text":"","src":"https:\/\/i0.wp.com\/4.bp.blogspot.com\/-Bw21QLc36Z4\/Tk--O5OnHrI\/AAAAAAAAnAw\/MbhlBHQV1J4\/s320\/IMG_3646.jpg?resize=350%2C200","width":350,"height":200},"classes":[]},{"id":2410,"url":"https:\/\/www.micoulou-photos.com\/index.php\/2016\/08\/19\/essai-de-topaz-glow-2\/","url_meta":{"origin":17,"position":4},"title":"Essai de Topaz Glow 2","author":"micoulou","date":"19 ao\u00fbt 2016","format":false,"excerpt":"Un petit test de logiciel, cela fait longtemps, non ? Ayant re\u00e7u une pub de la sortie de ce logiciel (payant), je me suis tent\u00e9 par la version de d\u00e9monstration 30 jours... Qu'est-ce qu'il a dans le ventre ? Que peut ont sortir avec ? J'ai donc choisis 15 images\u2026","rel":"","context":"Dans &quot;Non class\u00e9&quot;","block_context":{"text":"Non class\u00e9","link":"https:\/\/www.micoulou-photos.com\/index.php\/category\/non-classe\/"},"img":{"alt_text":"","src":"https:\/\/i0.wp.com\/www.micoulou-photos.com\/wp-content\/uploads\/2016\/08\/IMGP5372-Edit.jpg?fit=1200%2C795&ssl=1&resize=350%2C200","width":350,"height":200,"srcset":"https:\/\/i0.wp.com\/www.micoulou-photos.com\/wp-content\/uploads\/2016\/08\/IMGP5372-Edit.jpg?fit=1200%2C795&ssl=1&resize=350%2C200 1x, https:\/\/i0.wp.com\/www.micoulou-photos.com\/wp-content\/uploads\/2016\/08\/IMGP5372-Edit.jpg?fit=1200%2C795&ssl=1&resize=525%2C300 1.5x, https:\/\/i0.wp.com\/www.micoulou-photos.com\/wp-content\/uploads\/2016\/08\/IMGP5372-Edit.jpg?fit=1200%2C795&ssl=1&resize=700%2C400 2x, https:\/\/i0.wp.com\/www.micoulou-photos.com\/wp-content\/uploads\/2016\/08\/IMGP5372-Edit.jpg?fit=1200%2C795&ssl=1&resize=1050%2C600 3x"},"classes":[]},{"id":13,"url":"https:\/\/www.micoulou-photos.com\/index.php\/2016\/05\/14\/aberdeen-de-nuit\/","url_meta":{"origin":17,"position":5},"title":"Aberdeen de nuit","author":"micoulou","date":"14 mai 2016","format":false,"excerpt":"Aberdeen, \u00e0 l'heure bleue... En se baladant dans les environs de marischal college, h\u00e9las devenu l\u2019\u00e9quivalent des services municipaux, la partie \"magique\" des universit\u00e9s s'est \u00e9teinte, et l\u2019\u00e9glise accol\u00e9e aux b\u00e2timents, une des plus anciennes d'Aberdeen (premi\u00e8re photo) est menac\u00e9e de destruction.","rel":"","context":"Dans &quot;ecosse&quot;","block_context":{"text":"ecosse","link":"https:\/\/www.micoulou-photos.com\/index.php\/category\/voyage\/ecosse\/"},"img":{"alt_text":"","src":"https:\/\/i0.wp.com\/www.micoulou-photos.com\/wp-content\/uploads\/2016\/05\/IMG_5868-1.jpg?fit=719%2C1000&ssl=1&resize=350%2C200","width":350,"height":200,"srcset":"https:\/\/i0.wp.com\/www.micoulou-photos.com\/wp-content\/uploads\/2016\/05\/IMG_5868-1.jpg?fit=719%2C1000&ssl=1&resize=350%2C200 1x, https:\/\/i0.wp.com\/www.micoulou-photos.com\/wp-content\/uploads\/2016\/05\/IMG_5868-1.jpg?fit=719%2C1000&ssl=1&resize=525%2C300 1.5x, https:\/\/i0.wp.com\/www.micoulou-photos.com\/wp-content\/uploads\/2016\/05\/IMG_5868-1.jpg?fit=719%2C1000&ssl=1&resize=700%2C400 2x"},"classes":[]}],"_links":{"self":[{"href":"https:\/\/www.micoulou-photos.com\/index.php\/wp-json\/wp\/v2\/posts\/17","targetHints":{"allow":["GET"]}}],"collection":[{"href":"https:\/\/www.micoulou-photos.com\/index.php\/wp-json\/wp\/v2\/posts"}],"about":[{"href":"https:\/\/www.micoulou-photos.com\/index.php\/wp-json\/wp\/v2\/types\/post"}],"author":[{"embeddable":true,"href":"https:\/\/www.micoulou-photos.com\/index.php\/wp-json\/wp\/v2\/users\/1"}],"replies":[{"embeddable":true,"href":"https:\/\/www.micoulou-photos.com\/index.php\/wp-json\/wp\/v2\/comments?post=17"}],"version-history":[{"count":2,"href":"https:\/\/www.micoulou-photos.com\/index.php\/wp-json\/wp\/v2\/posts\/17\/revisions"}],"predecessor-version":[{"id":1698,"href":"https:\/\/www.micoulou-photos.com\/index.php\/wp-json\/wp\/v2\/posts\/17\/revisions\/1698"}],"wp:featuredmedia":[{"embeddable":true,"href":"https:\/\/www.micoulou-photos.com\/index.php\/wp-json\/wp\/v2\/media\/1695"}],"wp:attachment":[{"href":"https:\/\/www.micoulou-photos.com\/index.php\/wp-json\/wp\/v2\/media?parent=17"}],"wp:term":[{"taxonomy":"category","embeddable":true,"href":"https:\/\/www.micoulou-photos.com\/index.php\/wp-json\/wp\/v2\/categories?post=17"},{"taxonomy":"post_tag","embeddable":true,"href":"https:\/\/www.micoulou-photos.com\/index.php\/wp-json\/wp\/v2\/tags?post=17"}],"curies":[{"name":"wp","href":"https:\/\/api.w.org\/{rel}","templated":true}]}}