{"id":162,"date":"2011-08-13T04:27:00","date_gmt":"2011-08-13T03:27:00","guid":{"rendered":"http:\/\/micoulou.info\/wp\/index.php\/2011\/08\/13\/riviere-du-loup-et-fredericton\/"},"modified":"2011-08-13T04:27:00","modified_gmt":"2011-08-13T03:27:00","slug":"riviere-du-loup-et-fredericton","status":"publish","type":"post","link":"https:\/\/www.micoulou-photos.com\/index.php\/2011\/08\/13\/riviere-du-loup-et-fredericton\/","title":{"rendered":"Riviere du loup et Fredericton"},"content":{"rendered":"<p>Quelques nouvelles en direct de Fredericton dans l&rsquo;Auberge de jeunesse&#8230;<br \/>Voil\u00e0, apr\u00e8s quelques jours \u00e0 Rivi\u00e8re du loup, o\u00f9 l&rsquo;ambiance dans l&rsquo;auberge etait bien differente de ce que j&rsquo;avais connu cette hivers : des repas organis\u00e9 par l&rsquo;equipe, des chute differentes de ce que j&rsquo;ai vu, un mus\u00e9e gratuit&#8230; Et encore une fois, des magnifiques rencontres, dont deux personnes avec qui je pense garder contact&#8230;<\/p>\n<p>Le mus\u00e9e etait bien interressant, sur l&rsquo;histoire de Rivi\u00e8re du Loup, qui est une ville qui est n\u00e9e avec le chemin de fer, ainsi qu&rsquo;avec le seigneur Fraser (eh oui, il y a dej\u00e0 des photo du chateau Fraser, de Fraserburgh sur ma gallerie, ben ils ont travers\u00e9 l&rsquo;ocean&#8230;). et qui mainteant vit du toursime, ainsi que des services&#8230;<br \/>Samedi, quelques heures de bus direction Fredericton, o\u00f9 je vais faire mon deuxi\u00e8me couchsurfing&#8230;<br \/>Encoe une fois, une superbe experience, avec un neo brunswickois qui m&rsquo;a fait visit\u00e9 la ville, qui travaille aussi dans l&rsquo;informatique, aime les programmes libres, trouve Java lourd&#8230; Et est un fan de Python aussi, donc peut etre un peu d&rsquo;aide pour un futur job&#8230; J&rsquo;ai d&rsquo;ailleurs re\u00e7u plusieurs offre de boulot en Python mais au Quebec&#8230; Cel\u00e0 ne me derangerais pas de travailler ici, la ville est super agreable.<br \/>Hier, visite de la ville avec l&rsquo;office du tourisme puis retour chez Will&#8230; Pas trop de photo hier, la lumi\u00e8re etaient moisie&#8230; Aujourd&rsquo;hui, une belle lumi\u00e8re, j&rsquo;ai quitt\u00e9 Will car il a un mariage ce week end et dors maintenant \u00e0 l&rsquo;auberge de jeunesse. J&rsquo;ai fait quelques images sympa ce soir, je suis en train de les traiter&#8230; J&rsquo;ai remarqu\u00e9 que le viseur de mon appareil photo etait crade, j&rsquo;ai voulu le nettoyer ce soir et malheurement il etait en fait cass\u00e9, bon on va se debrouiller avec \u00e7a, vivement que je retravaille que je me repaye un boitier&#8230;<br \/>J&rsquo;essaye depuis trois jour d&rsquo;avoir un numero de telephone canadien, je suis en echec pour le moment, d\u00e9s que j&rsquo;essaye quelque chose il me demande une adresse ici ou un numero de telephone fixe&#8230; Super&#8230; Donc pour avoir un boulot il faut un telephone, et pour un telephone il faut une adresse, sauf que je ne veut pas m&rsquo;installer avant de savoir o\u00f9 je bosse&#8230; Bref, je trouverais bien une solution, ou je donnerais une adresse bidon&#8230;<\/p>\n<table align=\"center\" cellpadding=\"0\" cellspacing=\"0\" style=\"margin-left: auto; margin-right: auto; text-align: center;\">\n<tbody>\n<tr>\n<td style=\"text-align: center;\"><a href=\"https:\/\/i0.wp.com\/1.bp.blogspot.com\/-ZprsIIzL34E\/TkXYhDTyNOI\/AAAAAAAAmmQ\/pEaxDcasQsI\/s1600\/IMGP2201.jpg\" style=\"margin-left: auto; margin-right: auto;\"><img data-recalc-dims=\"1\" fetchpriority=\"high\" decoding=\"async\" border=\"0\" height=\"212\" src=\"https:\/\/i0.wp.com\/1.bp.blogspot.com\/-ZprsIIzL34E\/TkXYhDTyNOI\/AAAAAAAAmmQ\/pEaxDcasQsI\/s320\/IMGP2201.jpg?resize=320%2C212\" width=\"320\" \/><\/a><\/td>\n<\/tr>\n<tr>\n<td style=\"text-align: center;\">Essai avec l&rsquo;eau des chutes<\/td>\n<\/tr>\n<\/tbody>\n<\/table>\n<p><\/p>\n<div style=\"clear: both; text-align: center;\"><a href=\"http:\/\/3.bp.blogspot.com\/-kNTC-Hh3mnI\/TkXYoX9I9hI\/AAAAAAAAmmY\/75NCoV9CDyc\/s1600\/IMGP2203.jpg\" style=\"margin-left: 1em; margin-right: 1em;\"><br \/><\/a><\/div>\n<p><\/p>\n<table align=\"center\" cellpadding=\"0\" cellspacing=\"0\" style=\"margin-left: auto; margin-right: auto; text-align: center;\">\n<tbody>\n<tr>\n<td style=\"text-align: center;\"><a href=\"https:\/\/i0.wp.com\/3.bp.blogspot.com\/-6a1cUxls7X8\/TkWcAUrEaNI\/AAAAAAAAmhY\/BElZPNdvRbg\/s1600\/IMGP2098.jpg\" style=\"margin-left: auto; margin-right: auto;\"><img data-recalc-dims=\"1\" decoding=\"async\" border=\"0\" height=\"212\" src=\"https:\/\/i0.wp.com\/3.bp.blogspot.com\/-6a1cUxls7X8\/TkWcAUrEaNI\/AAAAAAAAmhY\/BElZPNdvRbg\/s320\/IMGP2098.jpg?resize=320%2C212\" width=\"320\" \/><\/a><\/td>\n<\/tr>\n<tr>\n<td style=\"text-align: center;\">chutes de riviere du loup en \u00e9t\u00e9<\/td>\n<\/tr>\n<\/tbody>\n<\/table>\n<div style=\"clear: both; text-align: center;\"><a href=\"http:\/\/2.bp.blogspot.com\/-_cKULih6d0o\/TkWchvEBrWI\/AAAAAAAAmhk\/flVZJpUKeBc\/s1600\/IMGP2101.jpg\" style=\"margin-left: 1em; margin-right: 1em;\"><br \/><\/a><\/div>\n<p><\/p>\n<table align=\"center\" cellpadding=\"0\" cellspacing=\"0\" style=\"margin-left: auto; margin-right: auto; text-align: center;\">\n<tbody>\n<tr>\n<td style=\"text-align: center;\"><a href=\"https:\/\/i0.wp.com\/4.bp.blogspot.com\/-9wrmZH8TNLU\/TkWdeawGukI\/AAAAAAAAmh8\/k0ryahH4Wfo\/s1600\/IMGP2108.jpg\" style=\"margin-left: auto; margin-right: auto;\"><img data-recalc-dims=\"1\" decoding=\"async\" border=\"0\" height=\"320\" src=\"https:\/\/i0.wp.com\/4.bp.blogspot.com\/-9wrmZH8TNLU\/TkWdeawGukI\/AAAAAAAAmh8\/k0ryahH4Wfo\/s320\/IMGP2108.jpg?resize=212%2C320\" width=\"212\" \/><\/a><\/td>\n<\/tr>\n<tr>\n<td style=\"text-align: center;\">La barriere, la m\u00eame que quelques pages precedente, mais en \u00e9t\u00e9&#8230;<\/td>\n<\/tr>\n<\/tbody>\n<\/table>\n<p><\/p>\n<table align=\"center\" cellpadding=\"0\" cellspacing=\"0\" style=\"margin-left: auto; margin-right: auto; text-align: center;\">\n<tbody>\n<tr>\n<td style=\"text-align: center;\"><a href=\"https:\/\/i0.wp.com\/1.bp.blogspot.com\/-cUXOj3YfaBk\/TkWi0huxnYI\/AAAAAAAAmjM\/1i8CVenmPf0\/s1600\/IMGP2139.jpg\" style=\"margin-left: auto; margin-right: auto;\"><img data-recalc-dims=\"1\" loading=\"lazy\" decoding=\"async\" border=\"0\" height=\"320\" src=\"https:\/\/i0.wp.com\/1.bp.blogspot.com\/-cUXOj3YfaBk\/TkWi0huxnYI\/AAAAAAAAmjM\/1i8CVenmPf0\/s320\/IMGP2139.jpg?resize=212%2C320\" width=\"212\" \/><\/a><\/td>\n<\/tr>\n<tr>\n<td style=\"text-align: center;\">Joli champignon&#8230; mortel&#8230;<\/td>\n<\/tr>\n<\/tbody>\n<\/table>\n<table align=\"center\" cellpadding=\"0\" cellspacing=\"0\" style=\"margin-left: auto; margin-right: auto; text-align: center;\">\n<tbody>\n<tr>\n<td style=\"text-align: center;\"><a href=\"https:\/\/i0.wp.com\/3.bp.blogspot.com\/-vAiQ7ZXl-R4\/TkXeWkGmOxI\/AAAAAAAAmog\/9whJdjkcruE\/s1600\/IMGP2244.jpg\" style=\"margin-left: auto; margin-right: auto;\"><img data-recalc-dims=\"1\" loading=\"lazy\" decoding=\"async\" border=\"0\" height=\"320\" src=\"https:\/\/i0.wp.com\/3.bp.blogspot.com\/-vAiQ7ZXl-R4\/TkXeWkGmOxI\/AAAAAAAAmog\/9whJdjkcruE\/s320\/IMGP2244.jpg?resize=212%2C320\" width=\"212\" \/><\/a><\/td>\n<\/tr>\n<tr>\n<td style=\"text-align: center;\">Cathedrale de Fredericton<\/td>\n<\/tr>\n<\/tbody>\n<\/table>\n<p><\/p>\n<div style=\"clear: both; text-align: center;\"><a href=\"https:\/\/i0.wp.com\/2.bp.blogspot.com\/-TJzSLcNvIqA\/TkXiYj48jaI\/AAAAAAAAmqs\/ncF8e29Vnbw\/s1600\/IMGP2312.jpg\" style=\"margin-left: 1em; margin-right: 1em;\"><img data-recalc-dims=\"1\" loading=\"lazy\" decoding=\"async\" border=\"0\" height=\"320\" src=\"https:\/\/i0.wp.com\/2.bp.blogspot.com\/-TJzSLcNvIqA\/TkXiYj48jaI\/AAAAAAAAmqs\/ncF8e29Vnbw\/s320\/IMGP2312.jpg?resize=212%2C320\" width=\"212\" \/><\/a><\/div>\n<p><\/p>\n<div style=\"clear: both; text-align: center;\"><a href=\"https:\/\/i0.wp.com\/1.bp.blogspot.com\/-0PagpybH9e8\/TkXbpdk4mvI\/AAAAAAAAmnM\/053AkBmFxKs\/s1600\/IMGP2218.jpg\" style=\"margin-left: 1em; margin-right: 1em;\"><img data-recalc-dims=\"1\" loading=\"lazy\" decoding=\"async\" border=\"0\" height=\"212\" src=\"https:\/\/i0.wp.com\/1.bp.blogspot.com\/-0PagpybH9e8\/TkXbpdk4mvI\/AAAAAAAAmnM\/053AkBmFxKs\/s320\/IMGP2218.jpg?resize=320%2C212\" width=\"320\" \/><\/a><\/div>\n<p><\/p>\n<div style=\"clear: both; text-align: center;\"><a href=\"https:\/\/i0.wp.com\/4.bp.blogspot.com\/-V1NLFnlYPWI\/TkXcgSChykI\/AAAAAAAAmnw\/JRfjmKfp5Go\/s1600\/IMGP2231.jpg\" style=\"margin-left: 1em; margin-right: 1em;\"><img data-recalc-dims=\"1\" loading=\"lazy\" decoding=\"async\" border=\"0\" height=\"212\" src=\"https:\/\/i0.wp.com\/4.bp.blogspot.com\/-V1NLFnlYPWI\/TkXcgSChykI\/AAAAAAAAmnw\/JRfjmKfp5Go\/s320\/IMGP2231.jpg?resize=320%2C212\" width=\"320\" \/><\/a><\/div>\n<p><\/p>\n","protected":false},"excerpt":{"rendered":"<p>Quelques nouvelles en direct de Fredericton dans l&rsquo;Auberge de jeunesse&#8230;Voil\u00e0, apr\u00e8s quelques jours \u00e0 Rivi\u00e8re du loup, o\u00f9 l&rsquo;ambiance dans l&rsquo;auberge etait bien differente de ce que j&rsquo;avais connu cette hivers : des repas organis\u00e9 par l&rsquo;equipe, des chute differentes de ce que j&rsquo;ai vu, un mus\u00e9e gratuit&#8230; Et encore une fois, des magnifiques rencontres, [&hellip;]<\/p>\n","protected":false},"author":1,"featured_media":0,"comment_status":"open","ping_status":"open","sticky":false,"template":"","format":"standard","meta":{"jetpack_post_was_ever_published":false,"_jetpack_newsletter_access":"","_jetpack_dont_email_post_to_subs":false,"_jetpack_newsletter_tier_id":0,"_jetpack_memberships_contains_paywalled_content":false,"_jetpack_memberships_contains_paid_content":false,"footnotes":"","jetpack_publicize_message":"","jetpack_publicize_feature_enabled":true,"jetpack_social_post_already_shared":false,"jetpack_social_options":{"image_generator_settings":{"template":"highway","default_image_id":0,"font":"","enabled":false},"version":2}},"categories":[1],"tags":[],"class_list":["post-162","post","type-post","status-publish","format-standard","hentry","category-non-classe"],"yoast_head":"<!-- This site is optimized with the Yoast SEO plugin v27.5 - https:\/\/yoast.com\/product\/yoast-seo-wordpress\/ -->\n<title>Riviere du loup et Fredericton - Micoulou Photographie<\/title>\n<meta name=\"robots\" content=\"index, follow, max-snippet:-1, max-image-preview:large, max-video-preview:-1\" \/>\n<link rel=\"canonical\" href=\"https:\/\/www.micoulou-photos.com\/index.php\/2011\/08\/13\/riviere-du-loup-et-fredericton\/\" \/>\n<meta property=\"og:locale\" content=\"fr_FR\" \/>\n<meta property=\"og:type\" content=\"article\" \/>\n<meta property=\"og:title\" content=\"Riviere du loup et Fredericton - Micoulou Photographie\" \/>\n<meta property=\"og:description\" content=\"Quelques nouvelles en direct de Fredericton dans l&rsquo;Auberge de jeunesse&#8230;Voil\u00e0, apr\u00e8s quelques jours \u00e0 Rivi\u00e8re du loup, o\u00f9 l&rsquo;ambiance dans l&rsquo;auberge etait bien differente de ce que j&rsquo;avais connu cette hivers : des repas organis\u00e9 par l&rsquo;equipe, des chute differentes de ce que j&rsquo;ai vu, un mus\u00e9e gratuit&#8230; Et encore une fois, des magnifiques rencontres, [&hellip;]\" \/>\n<meta property=\"og:url\" content=\"https:\/\/www.micoulou-photos.com\/index.php\/2011\/08\/13\/riviere-du-loup-et-fredericton\/\" \/>\n<meta property=\"og:site_name\" content=\"Micoulou Photographie\" \/>\n<meta property=\"article:published_time\" content=\"2011-08-13T03:27:00+00:00\" \/>\n<meta property=\"og:image\" content=\"http:\/\/1.bp.blogspot.com\/-ZprsIIzL34E\/TkXYhDTyNOI\/AAAAAAAAmmQ\/pEaxDcasQsI\/s320\/IMGP2201.jpg\" \/>\n<meta name=\"author\" content=\"micoulou\" \/>\n<meta name=\"twitter:card\" content=\"summary_large_image\" \/>\n<meta name=\"twitter:label1\" content=\"\u00c9crit par\" \/>\n\t<meta name=\"twitter:data1\" content=\"micoulou\" \/>\n\t<meta name=\"twitter:label2\" content=\"Dur\u00e9e de lecture estim\u00e9e\" \/>\n\t<meta name=\"twitter:data2\" content=\"2 minutes\" \/>\n<script type=\"application\/ld+json\" class=\"yoast-schema-graph\">{\"@context\":\"https:\\\/\\\/schema.org\",\"@graph\":[{\"@type\":\"Article\",\"@id\":\"https:\\\/\\\/www.micoulou-photos.com\\\/index.php\\\/2011\\\/08\\\/13\\\/riviere-du-loup-et-fredericton\\\/#article\",\"isPartOf\":{\"@id\":\"https:\\\/\\\/www.micoulou-photos.com\\\/index.php\\\/2011\\\/08\\\/13\\\/riviere-du-loup-et-fredericton\\\/\"},\"author\":{\"name\":\"micoulou\",\"@id\":\"https:\\\/\\\/www.micoulou-photos.com\\\/#\\\/schema\\\/person\\\/6aedfe8ebe91da632f46e7c9d806a722\"},\"headline\":\"Riviere du loup et Fredericton\",\"datePublished\":\"2011-08-13T03:27:00+00:00\",\"mainEntityOfPage\":{\"@id\":\"https:\\\/\\\/www.micoulou-photos.com\\\/index.php\\\/2011\\\/08\\\/13\\\/riviere-du-loup-et-fredericton\\\/\"},\"wordCount\":453,\"commentCount\":0,\"publisher\":{\"@id\":\"https:\\\/\\\/www.micoulou-photos.com\\\/#organization\"},\"image\":{\"@id\":\"https:\\\/\\\/www.micoulou-photos.com\\\/index.php\\\/2011\\\/08\\\/13\\\/riviere-du-loup-et-fredericton\\\/#primaryimage\"},\"thumbnailUrl\":\"http:\\\/\\\/1.bp.blogspot.com\\\/-ZprsIIzL34E\\\/TkXYhDTyNOI\\\/AAAAAAAAmmQ\\\/pEaxDcasQsI\\\/s320\\\/IMGP2201.jpg\",\"inLanguage\":\"fr-FR\",\"potentialAction\":[{\"@type\":\"CommentAction\",\"name\":\"Comment\",\"target\":[\"https:\\\/\\\/www.micoulou-photos.com\\\/index.php\\\/2011\\\/08\\\/13\\\/riviere-du-loup-et-fredericton\\\/#respond\"]}]},{\"@type\":\"WebPage\",\"@id\":\"https:\\\/\\\/www.micoulou-photos.com\\\/index.php\\\/2011\\\/08\\\/13\\\/riviere-du-loup-et-fredericton\\\/\",\"url\":\"https:\\\/\\\/www.micoulou-photos.com\\\/index.php\\\/2011\\\/08\\\/13\\\/riviere-du-loup-et-fredericton\\\/\",\"name\":\"Riviere du loup et Fredericton - Micoulou Photographie\",\"isPartOf\":{\"@id\":\"https:\\\/\\\/www.micoulou-photos.com\\\/#website\"},\"primaryImageOfPage\":{\"@id\":\"https:\\\/\\\/www.micoulou-photos.com\\\/index.php\\\/2011\\\/08\\\/13\\\/riviere-du-loup-et-fredericton\\\/#primaryimage\"},\"image\":{\"@id\":\"https:\\\/\\\/www.micoulou-photos.com\\\/index.php\\\/2011\\\/08\\\/13\\\/riviere-du-loup-et-fredericton\\\/#primaryimage\"},\"thumbnailUrl\":\"http:\\\/\\\/1.bp.blogspot.com\\\/-ZprsIIzL34E\\\/TkXYhDTyNOI\\\/AAAAAAAAmmQ\\\/pEaxDcasQsI\\\/s320\\\/IMGP2201.jpg\",\"datePublished\":\"2011-08-13T03:27:00+00:00\",\"breadcrumb\":{\"@id\":\"https:\\\/\\\/www.micoulou-photos.com\\\/index.php\\\/2011\\\/08\\\/13\\\/riviere-du-loup-et-fredericton\\\/#breadcrumb\"},\"inLanguage\":\"fr-FR\",\"potentialAction\":[{\"@type\":\"ReadAction\",\"target\":[\"https:\\\/\\\/www.micoulou-photos.com\\\/index.php\\\/2011\\\/08\\\/13\\\/riviere-du-loup-et-fredericton\\\/\"]}]},{\"@type\":\"ImageObject\",\"inLanguage\":\"fr-FR\",\"@id\":\"https:\\\/\\\/www.micoulou-photos.com\\\/index.php\\\/2011\\\/08\\\/13\\\/riviere-du-loup-et-fredericton\\\/#primaryimage\",\"url\":\"http:\\\/\\\/1.bp.blogspot.com\\\/-ZprsIIzL34E\\\/TkXYhDTyNOI\\\/AAAAAAAAmmQ\\\/pEaxDcasQsI\\\/s320\\\/IMGP2201.jpg\",\"contentUrl\":\"http:\\\/\\\/1.bp.blogspot.com\\\/-ZprsIIzL34E\\\/TkXYhDTyNOI\\\/AAAAAAAAmmQ\\\/pEaxDcasQsI\\\/s320\\\/IMGP2201.jpg\"},{\"@type\":\"BreadcrumbList\",\"@id\":\"https:\\\/\\\/www.micoulou-photos.com\\\/index.php\\\/2011\\\/08\\\/13\\\/riviere-du-loup-et-fredericton\\\/#breadcrumb\",\"itemListElement\":[{\"@type\":\"ListItem\",\"position\":1,\"name\":\"Accueil\",\"item\":\"https:\\\/\\\/www.micoulou-photos.com\\\/\"},{\"@type\":\"ListItem\",\"position\":2,\"name\":\"Riviere du loup et Fredericton\"}]},{\"@type\":\"WebSite\",\"@id\":\"https:\\\/\\\/www.micoulou-photos.com\\\/#website\",\"url\":\"https:\\\/\\\/www.micoulou-photos.com\\\/\",\"name\":\"Micoulou Photographie\",\"description\":\"Photographies, Visites virtuelles et formations par Mickael Minarie\",\"publisher\":{\"@id\":\"https:\\\/\\\/www.micoulou-photos.com\\\/#organization\"},\"potentialAction\":[{\"@type\":\"SearchAction\",\"target\":{\"@type\":\"EntryPoint\",\"urlTemplate\":\"https:\\\/\\\/www.micoulou-photos.com\\\/?s={search_term_string}\"},\"query-input\":{\"@type\":\"PropertyValueSpecification\",\"valueRequired\":true,\"valueName\":\"search_term_string\"}}],\"inLanguage\":\"fr-FR\"},{\"@type\":\"Organization\",\"@id\":\"https:\\\/\\\/www.micoulou-photos.com\\\/#organization\",\"name\":\"Micoulou Photographie\",\"url\":\"https:\\\/\\\/www.micoulou-photos.com\\\/\",\"logo\":{\"@type\":\"ImageObject\",\"inLanguage\":\"fr-FR\",\"@id\":\"https:\\\/\\\/www.micoulou-photos.com\\\/#\\\/schema\\\/logo\\\/image\\\/\",\"url\":\"https:\\\/\\\/i0.wp.com\\\/www.micoulou-photos.com\\\/wp-content\\\/uploads\\\/2020\\\/05\\\/cropped-891667_552097324824916_1615181552_o-1.jpg?fit=643%2C722&ssl=1\",\"contentUrl\":\"https:\\\/\\\/i0.wp.com\\\/www.micoulou-photos.com\\\/wp-content\\\/uploads\\\/2020\\\/05\\\/cropped-891667_552097324824916_1615181552_o-1.jpg?fit=643%2C722&ssl=1\",\"width\":643,\"height\":722,\"caption\":\"Micoulou Photographie\"},\"image\":{\"@id\":\"https:\\\/\\\/www.micoulou-photos.com\\\/#\\\/schema\\\/logo\\\/image\\\/\"}},{\"@type\":\"Person\",\"@id\":\"https:\\\/\\\/www.micoulou-photos.com\\\/#\\\/schema\\\/person\\\/6aedfe8ebe91da632f46e7c9d806a722\",\"name\":\"micoulou\",\"image\":{\"@type\":\"ImageObject\",\"inLanguage\":\"fr-FR\",\"@id\":\"https:\\\/\\\/secure.gravatar.com\\\/avatar\\\/98f892eb7d267eab2faa437baa3edd708deaaa43929316c0cc7b751a04cb247b?s=96&d=mm&r=g\",\"url\":\"https:\\\/\\\/secure.gravatar.com\\\/avatar\\\/98f892eb7d267eab2faa437baa3edd708deaaa43929316c0cc7b751a04cb247b?s=96&d=mm&r=g\",\"contentUrl\":\"https:\\\/\\\/secure.gravatar.com\\\/avatar\\\/98f892eb7d267eab2faa437baa3edd708deaaa43929316c0cc7b751a04cb247b?s=96&d=mm&r=g\",\"caption\":\"micoulou\"},\"url\":\"https:\\\/\\\/www.micoulou-photos.com\\\/index.php\\\/author\\\/micoulou\\\/\"}]}<\/script>\n<!-- \/ Yoast SEO plugin. -->","yoast_head_json":{"title":"Riviere du loup et Fredericton - Micoulou Photographie","robots":{"index":"index","follow":"follow","max-snippet":"max-snippet:-1","max-image-preview":"max-image-preview:large","max-video-preview":"max-video-preview:-1"},"canonical":"https:\/\/www.micoulou-photos.com\/index.php\/2011\/08\/13\/riviere-du-loup-et-fredericton\/","og_locale":"fr_FR","og_type":"article","og_title":"Riviere du loup et Fredericton - Micoulou Photographie","og_description":"Quelques nouvelles en direct de Fredericton dans l&rsquo;Auberge de jeunesse&#8230;Voil\u00e0, apr\u00e8s quelques jours \u00e0 Rivi\u00e8re du loup, o\u00f9 l&rsquo;ambiance dans l&rsquo;auberge etait bien differente de ce que j&rsquo;avais connu cette hivers : des repas organis\u00e9 par l&rsquo;equipe, des chute differentes de ce que j&rsquo;ai vu, un mus\u00e9e gratuit&#8230; Et encore une fois, des magnifiques rencontres, [&hellip;]","og_url":"https:\/\/www.micoulou-photos.com\/index.php\/2011\/08\/13\/riviere-du-loup-et-fredericton\/","og_site_name":"Micoulou Photographie","article_published_time":"2011-08-13T03:27:00+00:00","og_image":[{"url":"http:\/\/1.bp.blogspot.com\/-ZprsIIzL34E\/TkXYhDTyNOI\/AAAAAAAAmmQ\/pEaxDcasQsI\/s320\/IMGP2201.jpg","type":"","width":"","height":""}],"author":"micoulou","twitter_card":"summary_large_image","twitter_misc":{"\u00c9crit par":"micoulou","Dur\u00e9e de lecture estim\u00e9e":"2 minutes"},"schema":{"@context":"https:\/\/schema.org","@graph":[{"@type":"Article","@id":"https:\/\/www.micoulou-photos.com\/index.php\/2011\/08\/13\/riviere-du-loup-et-fredericton\/#article","isPartOf":{"@id":"https:\/\/www.micoulou-photos.com\/index.php\/2011\/08\/13\/riviere-du-loup-et-fredericton\/"},"author":{"name":"micoulou","@id":"https:\/\/www.micoulou-photos.com\/#\/schema\/person\/6aedfe8ebe91da632f46e7c9d806a722"},"headline":"Riviere du loup et Fredericton","datePublished":"2011-08-13T03:27:00+00:00","mainEntityOfPage":{"@id":"https:\/\/www.micoulou-photos.com\/index.php\/2011\/08\/13\/riviere-du-loup-et-fredericton\/"},"wordCount":453,"commentCount":0,"publisher":{"@id":"https:\/\/www.micoulou-photos.com\/#organization"},"image":{"@id":"https:\/\/www.micoulou-photos.com\/index.php\/2011\/08\/13\/riviere-du-loup-et-fredericton\/#primaryimage"},"thumbnailUrl":"http:\/\/1.bp.blogspot.com\/-ZprsIIzL34E\/TkXYhDTyNOI\/AAAAAAAAmmQ\/pEaxDcasQsI\/s320\/IMGP2201.jpg","inLanguage":"fr-FR","potentialAction":[{"@type":"CommentAction","name":"Comment","target":["https:\/\/www.micoulou-photos.com\/index.php\/2011\/08\/13\/riviere-du-loup-et-fredericton\/#respond"]}]},{"@type":"WebPage","@id":"https:\/\/www.micoulou-photos.com\/index.php\/2011\/08\/13\/riviere-du-loup-et-fredericton\/","url":"https:\/\/www.micoulou-photos.com\/index.php\/2011\/08\/13\/riviere-du-loup-et-fredericton\/","name":"Riviere du loup et Fredericton - Micoulou Photographie","isPartOf":{"@id":"https:\/\/www.micoulou-photos.com\/#website"},"primaryImageOfPage":{"@id":"https:\/\/www.micoulou-photos.com\/index.php\/2011\/08\/13\/riviere-du-loup-et-fredericton\/#primaryimage"},"image":{"@id":"https:\/\/www.micoulou-photos.com\/index.php\/2011\/08\/13\/riviere-du-loup-et-fredericton\/#primaryimage"},"thumbnailUrl":"http:\/\/1.bp.blogspot.com\/-ZprsIIzL34E\/TkXYhDTyNOI\/AAAAAAAAmmQ\/pEaxDcasQsI\/s320\/IMGP2201.jpg","datePublished":"2011-08-13T03:27:00+00:00","breadcrumb":{"@id":"https:\/\/www.micoulou-photos.com\/index.php\/2011\/08\/13\/riviere-du-loup-et-fredericton\/#breadcrumb"},"inLanguage":"fr-FR","potentialAction":[{"@type":"ReadAction","target":["https:\/\/www.micoulou-photos.com\/index.php\/2011\/08\/13\/riviere-du-loup-et-fredericton\/"]}]},{"@type":"ImageObject","inLanguage":"fr-FR","@id":"https:\/\/www.micoulou-photos.com\/index.php\/2011\/08\/13\/riviere-du-loup-et-fredericton\/#primaryimage","url":"http:\/\/1.bp.blogspot.com\/-ZprsIIzL34E\/TkXYhDTyNOI\/AAAAAAAAmmQ\/pEaxDcasQsI\/s320\/IMGP2201.jpg","contentUrl":"http:\/\/1.bp.blogspot.com\/-ZprsIIzL34E\/TkXYhDTyNOI\/AAAAAAAAmmQ\/pEaxDcasQsI\/s320\/IMGP2201.jpg"},{"@type":"BreadcrumbList","@id":"https:\/\/www.micoulou-photos.com\/index.php\/2011\/08\/13\/riviere-du-loup-et-fredericton\/#breadcrumb","itemListElement":[{"@type":"ListItem","position":1,"name":"Accueil","item":"https:\/\/www.micoulou-photos.com\/"},{"@type":"ListItem","position":2,"name":"Riviere du loup et Fredericton"}]},{"@type":"WebSite","@id":"https:\/\/www.micoulou-photos.com\/#website","url":"https:\/\/www.micoulou-photos.com\/","name":"Micoulou Photographie","description":"Photographies, Visites virtuelles et formations par Mickael Minarie","publisher":{"@id":"https:\/\/www.micoulou-photos.com\/#organization"},"potentialAction":[{"@type":"SearchAction","target":{"@type":"EntryPoint","urlTemplate":"https:\/\/www.micoulou-photos.com\/?s={search_term_string}"},"query-input":{"@type":"PropertyValueSpecification","valueRequired":true,"valueName":"search_term_string"}}],"inLanguage":"fr-FR"},{"@type":"Organization","@id":"https:\/\/www.micoulou-photos.com\/#organization","name":"Micoulou Photographie","url":"https:\/\/www.micoulou-photos.com\/","logo":{"@type":"ImageObject","inLanguage":"fr-FR","@id":"https:\/\/www.micoulou-photos.com\/#\/schema\/logo\/image\/","url":"https:\/\/i0.wp.com\/www.micoulou-photos.com\/wp-content\/uploads\/2020\/05\/cropped-891667_552097324824916_1615181552_o-1.jpg?fit=643%2C722&ssl=1","contentUrl":"https:\/\/i0.wp.com\/www.micoulou-photos.com\/wp-content\/uploads\/2020\/05\/cropped-891667_552097324824916_1615181552_o-1.jpg?fit=643%2C722&ssl=1","width":643,"height":722,"caption":"Micoulou Photographie"},"image":{"@id":"https:\/\/www.micoulou-photos.com\/#\/schema\/logo\/image\/"}},{"@type":"Person","@id":"https:\/\/www.micoulou-photos.com\/#\/schema\/person\/6aedfe8ebe91da632f46e7c9d806a722","name":"micoulou","image":{"@type":"ImageObject","inLanguage":"fr-FR","@id":"https:\/\/secure.gravatar.com\/avatar\/98f892eb7d267eab2faa437baa3edd708deaaa43929316c0cc7b751a04cb247b?s=96&d=mm&r=g","url":"https:\/\/secure.gravatar.com\/avatar\/98f892eb7d267eab2faa437baa3edd708deaaa43929316c0cc7b751a04cb247b?s=96&d=mm&r=g","contentUrl":"https:\/\/secure.gravatar.com\/avatar\/98f892eb7d267eab2faa437baa3edd708deaaa43929316c0cc7b751a04cb247b?s=96&d=mm&r=g","caption":"micoulou"},"url":"https:\/\/www.micoulou-photos.com\/index.php\/author\/micoulou\/"}]}},"jetpack_publicize_connections":[],"jetpack_featured_media_url":"","jetpack_sharing_enabled":true,"jetpack_shortlink":"https:\/\/wp.me\/p7zKF4-2C","jetpack-related-posts":[{"id":205,"url":"https:\/\/www.micoulou-photos.com\/index.php\/2011\/04\/16\/quelques-jours-a-riviere-du-loup\/","url_meta":{"origin":162,"position":0},"title":"Quelques jours \u00e0 Rivi\u00e8re du loup&#8230;","author":"micoulou","date":"16 avril 2011","format":false,"excerpt":"Quelques jours sans nouvelles ... Mais qui ont \u00e9t\u00e9 plutot positive pour moi...Arriv\u00e9 \u00e0 Rivi\u00e8re du loup :J'arrive \u00e0 la gare de bus, qui a \u00e9t\u00e9 deplac\u00e9 depuis que le guide du routard (2007, oui, je sais...) a \u00e9t\u00e9 \u00e9dit\u00e9... Je me retrouve un peu perdu dans la ville, enfin\u2026","rel":"","context":"Dans &quot;Non class\u00e9&quot;","block_context":{"text":"Non class\u00e9","link":"https:\/\/www.micoulou-photos.com\/index.php\/category\/non-classe\/"},"img":{"alt_text":"","src":"https:\/\/i0.wp.com\/3.bp.blogspot.com\/-XNDQhZ3EpEM\/Tae7bYztRkI\/AAAAAAAAg0g\/Q6em0QJwu8s\/s320\/IMG_0991.jpg?resize=350%2C200","width":350,"height":200},"classes":[]},{"id":163,"url":"https:\/\/www.micoulou-photos.com\/index.php\/2011\/08\/08\/retour-en-terrain-presque-connu\/","url_meta":{"origin":162,"position":1},"title":"retour en terrain (presque) connu","author":"micoulou","date":"8 ao\u00fbt 2011","format":false,"excerpt":"Bonjour \u00e0 tous les lecteurs de ce blog,Comme vous le savez peut etre, le wwoofing est termin\u00e9 pour moi pour le moment, il est tant de continuer le voyage et bientot de revenir dans un travail en informatique...Je suis donc repass\u00e9 \u00e0 Montreal et \u00e0 Quebec... Peu de photos en\u2026","rel":"","context":"Dans &quot;Non class\u00e9&quot;","block_context":{"text":"Non class\u00e9","link":"https:\/\/www.micoulou-photos.com\/index.php\/category\/non-classe\/"},"img":{"alt_text":"","src":"","width":0,"height":0},"classes":[]},{"id":113,"url":"https:\/\/www.micoulou-photos.com\/index.php\/2012\/06\/23\/moncton-et-fredericton\/","url_meta":{"origin":162,"position":2},"title":"Moncton et fredericton","author":"micoulou","date":"23 juin 2012","format":false,"excerpt":"Je suis repass\u00e9 rapidement a Moncton et Fredericton... Pas grand chose a Moncton, en plus pas de moyen de stoquer mon sac quelquepart donc je me suis peu balad\u00e9... A Fredericton par contre, je suis rest\u00e9 quelques heures la bas, et j'ai essay\u00e9 de faire des photos creatives au meme\u2026","rel":"","context":"Dans &quot;Non class\u00e9&quot;","block_context":{"text":"Non class\u00e9","link":"https:\/\/www.micoulou-photos.com\/index.php\/category\/non-classe\/"},"img":{"alt_text":"","src":"https:\/\/i0.wp.com\/4.bp.blogspot.com\/-b8Sga-SyKxQ\/T-YclZnHROI\/AAAAAAAAywo\/zqpBp5xIUOI\/s320\/IMGP9557.jpg?resize=350%2C200","width":350,"height":200},"classes":[]},{"id":161,"url":"https:\/\/www.micoulou-photos.com\/index.php\/2011\/08\/16\/derniers-jours-a-fredericton\/","url_meta":{"origin":162,"position":3},"title":"Derniers jours \u00e0 Fredericton :","author":"micoulou","date":"16 ao\u00fbt 2011","format":false,"excerpt":"Bon, ben voil\u00e0, je repars apr\u00e8s quelques jours ici, dans la capitale du nouveau brunswick, ville bien sympa au deumerant\u2026On va donc reprendre depuis vendredi midi, je vais peut \u00eatre r\u00e9p\u00e9ter un peu mais bon, je n'ai pas l'article de vendredi pour v\u00e9rifier\u2026Vendredi matin, donc, j'ai fini le montage des\u2026","rel":"","context":"Dans &quot;Non class\u00e9&quot;","block_context":{"text":"Non class\u00e9","link":"https:\/\/www.micoulou-photos.com\/index.php\/category\/non-classe\/"},"img":{"alt_text":"","src":"","width":0,"height":0},"classes":[]},{"id":207,"url":"https:\/\/www.micoulou-photos.com\/index.php\/2011\/04\/12\/arrive-a-riviere-du-loup\/","url_meta":{"origin":162,"position":4},"title":"arriv\u00e9 \u00e0 Rivi\u00e8re du loup","author":"micoulou","date":"12 avril 2011","format":false,"excerpt":"L'aventure commence, je suis maintenant seul...Je suis arriv\u00e9 \u00e0 l'auberge de jeunesse de Rivi\u00e8re du Loup ce midi, petite bourgade de 10000 habitant, sur la route entre quebec et les territoires maritimes. Ce fut un grand centre ferroviaire, mais avec l'arriv\u00e9 de l'autoroute dans les ann\u00e9e 60, la plupart des\u2026","rel":"","context":"Dans &quot;Non class\u00e9&quot;","block_context":{"text":"Non class\u00e9","link":"https:\/\/www.micoulou-photos.com\/index.php\/category\/non-classe\/"},"img":{"alt_text":"","src":"","width":0,"height":0},"classes":[]},{"id":160,"url":"https:\/\/www.micoulou-photos.com\/index.php\/2011\/08\/20\/aberdeen-cap-breton\/","url_meta":{"origin":162,"position":5},"title":"Aberdeen &#8211; Cap Breton","author":"micoulou","date":"20 ao\u00fbt 2011","format":false,"excerpt":"Bon, ben voil\u00e0, apr\u00e8s une journ\u00e9e \u00e0 Halifax, o\u00f9 je me suis ballad\u00e9 dans la ville et visit\u00e9 le mus\u00e9e, je viens de passer 2 jours au cap breton, et il me reste toujours cette apr\u00e8s midi ici...Quand je suis arriv\u00e9 au cap breton, j'etais piqu\u00e9 de partout, surement par\u2026","rel":"","context":"Dans &quot;Non class\u00e9&quot;","block_context":{"text":"Non class\u00e9","link":"https:\/\/www.micoulou-photos.com\/index.php\/category\/non-classe\/"},"img":{"alt_text":"","src":"https:\/\/i0.wp.com\/4.bp.blogspot.com\/-Bw21QLc36Z4\/Tk--O5OnHrI\/AAAAAAAAnAw\/MbhlBHQV1J4\/s320\/IMG_3646.jpg?resize=350%2C200","width":350,"height":200},"classes":[]}],"_links":{"self":[{"href":"https:\/\/www.micoulou-photos.com\/index.php\/wp-json\/wp\/v2\/posts\/162","targetHints":{"allow":["GET"]}}],"collection":[{"href":"https:\/\/www.micoulou-photos.com\/index.php\/wp-json\/wp\/v2\/posts"}],"about":[{"href":"https:\/\/www.micoulou-photos.com\/index.php\/wp-json\/wp\/v2\/types\/post"}],"author":[{"embeddable":true,"href":"https:\/\/www.micoulou-photos.com\/index.php\/wp-json\/wp\/v2\/users\/1"}],"replies":[{"embeddable":true,"href":"https:\/\/www.micoulou-photos.com\/index.php\/wp-json\/wp\/v2\/comments?post=162"}],"version-history":[{"count":0,"href":"https:\/\/www.micoulou-photos.com\/index.php\/wp-json\/wp\/v2\/posts\/162\/revisions"}],"wp:attachment":[{"href":"https:\/\/www.micoulou-photos.com\/index.php\/wp-json\/wp\/v2\/media?parent=162"}],"wp:term":[{"taxonomy":"category","embeddable":true,"href":"https:\/\/www.micoulou-photos.com\/index.php\/wp-json\/wp\/v2\/categories?post=162"},{"taxonomy":"post_tag","embeddable":true,"href":"https:\/\/www.micoulou-photos.com\/index.php\/wp-json\/wp\/v2\/tags?post=162"}],"curies":[{"name":"wp","href":"https:\/\/api.w.org\/{rel}","templated":true}]}}