{"id":159,"date":"2011-08-30T19:15:00","date_gmt":"2011-08-30T18:15:00","guid":{"rendered":"http:\/\/micoulou.info\/wp\/index.php\/2011\/08\/30\/fin-de-litinerance\/"},"modified":"2011-08-30T19:15:00","modified_gmt":"2011-08-30T18:15:00","slug":"fin-de-litinerance","status":"publish","type":"post","link":"https:\/\/www.micoulou-photos.com\/index.php\/2011\/08\/30\/fin-de-litinerance\/","title":{"rendered":"fin de l&rsquo;itinerance&#8230;"},"content":{"rendered":"<p>Bon, enfin quelques nouvelles\u2026 De la fin du voyage itin\u00e9rant\u2026<\/p>\n<p>Je ne sais plus trop bien o\u00f9 j&rsquo;en \u00e9tait, n&rsquo;ayant pas internet depuis plusieurs jours\u2026<\/p>\n<p>Voil\u00e0, je vais reprendre depuis Halifax :<br \/>Je suis donc arriv\u00e9 \u00e0 l&rsquo;auberge \u00e0 minuit et demi, il m&rsquo;attendait pour fermer\u2026 Arriv\u00e9 dans la chambre, la lampe de chevet \u00e9tait bris\u00e9e donc j&rsquo;ai du me d\u00e9brouiller \u00e0 tangon de me changer et de prendre ma trousse de toilette puis dodo\u2026<br \/>Le lendemain, visite de Halifax, ballade dans la ville puis j&rsquo;ai \u00e9t\u00e9 jusqu&rsquo;au pont qui m\u00e8ne \u00e0 Dartmouth \u00e0 pied, o\u00f9 je suis tomb\u00e9 sur une des plus vieille \u00e9glise du cana, une \u00e9glise allemande du 18eme si\u00e8cle tout en bois\u2026<br \/>Ensuite, je suis revenu sur mes pas visiter le mus\u00e9e d&rsquo;Halifax, qui racontait l&rsquo;histoire de la marine d&rsquo;Halifax avec quelques maquette et description de \u00ab\u00a0grand\u00a0\u00bb bateau, tout les &lsquo;vapeurs\u00a0\u00bb puis le titanic et son ferre jumeau dont je ne me souviens plus du nom.<br \/>Le soir, j&rsquo;arrive \u00e0 l&rsquo;auberge, seul, on me propose de me joindre \u00e0 une table, o\u00f9 je fais quelques rencontre temporaires.<br \/>Le lendemain, direction Aberdeen, au cap breton, \u00e0 \u00ab\u00a0quelques\u00a0\u00bb kilometres (30 en fait, difficilement faisable \u00e0 pied) du cabot trail, une des plus belles vue du monde\u2026<br \/>Arriv\u00e9 sur place, je me suis rendu compte que je me suis fait piquer par des punaises de lit \u00e0 Fredericton (surement \u00e0 l&rsquo;auberge qui n&rsquo;\u00e9tait pas la plus propre) donc j&rsquo;ai du faire un nettoyage complet de mes affaires donc le premier jour s&rsquo;est resum\u00e9 \u00e0 rester \u00e0 l&rsquo;auberge et rencontrer les voyageurs du \u00ab\u00a0Salty Bear\u00a0\u00bb.<br \/>Le jour d&rsquo;apr\u00e8s, j&rsquo;ai fait du bateau \u00e0 voile touristique \u00e0 Baddeck, endroit bien sympa mais le bateau \u00e9tait un peu trop touristique, on ne pouvait rien faire dessus, vu que l&rsquo;on \u00e9tait une 30aine sur un petit rafiot.<br \/>J&rsquo;ai fait tomber mon k-x sur le bateau, ce qui m&rsquo;a valu un arr\u00eat de fonctionnement d&rsquo;une bonne heure avant qu&rsquo;il se remette \u00e0 fonctionner (je n&rsquo;ai aucune id\u00e9e de ce qui s&rsquo;est pass\u00e9). On a fait un barbecue le soir avec les diff\u00e9rentes personnes pr\u00e9sentes \u00e0 l&rsquo;auberge, on a d&rsquo;ailleurs appris \u00e0 faire un esp\u00e8ce de pain \u00e0 la braise, pas mauvais mais un peu lourd.<br \/>Le jour suivant, j&rsquo;ai rencontr\u00e9 une am\u00e9ricaine \u00e2g\u00e9e qui nous \u00e0 emmen\u00e9, une qu\u00e9b\u00e9coise et moi au coeur du sentier cabot o\u00f9 nous avons rencontr\u00e9 des ours puis des moises.<br \/>Le dernier jour, j&rsquo;ai essay\u00e9 de faire un tour dans un parc provincial, o\u00f9 j&rsquo;ai mis un temps fou \u00e0 trouver les sentier, je pensais de plus que les sentiers \u00e9taient simple, bien indiqu\u00e9\u2026 Ce qui n&rsquo;\u00e9tait pas le cas, pour une fois que je ne prenais pas mes chaussures de randonnes, je me suis retrouv\u00e9 en flip flop dans une foret pres d&rsquo;un mar\u00e9cage (donc bouff\u00e9 par les moustiques) avec une carte pas \u00e0 jour et des sentiers qu&rsquo;il fallait deviner\u2026 Je n&rsquo;ai pas \u00e9t\u00e9 jusqu&rsquo;au point de vue, le temps \u00e9tait trop limit\u00e9, je devais rentrer le soir avec le shuttle de Flying Scotsman (le chauffeur est super sympa, un mec d&rsquo;Aberdeen, enfin plus exactement d&rsquo;Inverurie, je vous le conseille fortement si vous avez ce trajet l\u00e0 \u00e0 faire).<br \/>Le lendemain, rebalade dans Halifax, mais plus dans le parc cette fois ci, avec des belle vue ainsi que des partie de l&rsquo;ancienne d\u00e9fense militaire. Le soir, quelques photos de nuit et une r\u00e9ponse de la personne qui doit m&rsquo;h\u00e9berger, je sais donc o\u00f9 je vais passer les 2 nuit suivantes!<br \/>Enfin, donc les 3 jours (et 2 nuits) \u00e0 Moncton, chez un acadien\u2026 encore une fois gr\u00e2ce au coachsurfing, une belle rencontre et 2 jours bien sympathiques de pass\u00e9 avec lui.<br \/>Le soir, nous avons \u00e9t\u00e9 au bar rencontr\u00e9 quelques un de ces amis et le lendemain, visite rapide de la r\u00e9gion, avec quelques ruines bien sympas en photos. D&rsquo;ailleurs, cela m&rsquo;a permis de voir ce que j&rsquo;ai souvent entendu mais jamais vu sur la pollution au Canada : des industries s&rsquo;installe \u00e0 un endroit, pollue le site puis d\u00e9m\u00e9nage en laissant tout en plan\u2026 Ici, c&rsquo;\u00e9tait une fabrication de placo, on pouvait reconnaitre les tas de cartons et de placo malgr\u00e9 l&rsquo;effet de l&rsquo;humidit\u00e9, puis des silo de mati\u00e8re premi\u00e8re, qui s&rsquo;effondre dans le fleuve\u2026<br \/>Le lendemain, direction mon train et visite express de Moncton avec l&rsquo;APN. Dans le train, un concert folk \u00e9tait organis\u00e9, moi qui regrettait de ne pas en avoir vu \u00e0 Halifax et Aberdeen\u2026 Bien sympa, mais avec un style bien diff\u00e9rents de la musique \u00e9cossaise, en fait un esp\u00e8ce de m\u00e9lange entre folk et country, pas d\u00e9sagr\u00e9able \u00e0 mes oreilles.<br \/>Mes parents sont arriv\u00e9 jeudi, je ne les ai pas vu ce jour l\u00e0\u2026<br \/>Vendredi, visite express de la ville de Quebec, de l&rsquo;ile d&rsquo;Orleans, des chutes montmorency et de la basilique Ste Anne. J&rsquo;ai appris pas mal de chose sur Quebec que je ne savait pas au niveau de son histoire (les guides papiers de l&rsquo;office de tourisme manquent d&rsquo;infos), et cela m&rsquo;a refait envi de revenir sur l&rsquo;ile d&rsquo;Orl\u00e9ans, en v\u00e9lo\u2026<br \/>La basilique Sainte Anne est splendide, malgr\u00e9 qu&rsquo;elle soit super r\u00e9cente, elle est d\u00e9cor\u00e9e de partout.<br \/>Le jour d&rsquo;apr\u00e8s, on a fait un tour au march\u00e9 du vieux port, mang\u00e9 dans un resto pour touristes de Quebec et fait du magasinage en vieille ville.<br \/>Hier, jour du marathon, qui a \u00e9t\u00e9 annul\u00e9 \u00e0 cause de la temp\u00eate : j&rsquo;ai donc rejoins ma m\u00e8re \u00e0 11h, qui \u00e9tait d\u00e9j\u00e0 arriv\u00e9 puisque seul le semi marathon avait eu lieux (c&rsquo;est quand m\u00eame plus rapide que le marathon complet) puis je leur ai fait essay\u00e9 une Poutine chez Ashton\u2026<br \/>Pendant ce temps, la pluie et les rafales de vents avaient commenc\u00e9e\u2026 On a du annul\u00e9 ce qui \u00e9tait de pr\u00e9vu le soir, je suis rentr\u00e9, en m&rsquo;arr\u00eatant encore une fois un arr\u00eat de bus trop loin\u2026 Et l\u00e0, j&rsquo;ai compris ce que c&rsquo;\u00e9tait de faire 500m en courant (enfin, j&rsquo;essayais de courir) avec un vent de face \u00e0 plus de 100kmh et des trombes d&rsquo;eau. En arrivant, un bon bain puis un peu de rangement et enfin, j&rsquo;ai termin\u00e9 hier soir ma video du train.<br \/>Je n&rsquo;ai pas acc\u00e8s regulierment \u00e0 Internet, donc je ne sais pas quand tout le bazar que j&rsquo;ai de retard seta uploader.<\/p>\n<div style=\"clear: both; text-align: center;\"><a href=\"https:\/\/i0.wp.com\/3.bp.blogspot.com\/-Hw77HfVNa-A\/TlwCkMcznyI\/AAAAAAAAnNc\/6Gz95bgDbdM\/s1600\/IMGP3897.jpg\" style=\"margin-left: 1em; margin-right: 1em;\"><img data-recalc-dims=\"1\" fetchpriority=\"high\" decoding=\"async\" border=\"0\" height=\"212\" src=\"https:\/\/i0.wp.com\/3.bp.blogspot.com\/-Hw77HfVNa-A\/TlwCkMcznyI\/AAAAAAAAnNc\/6Gz95bgDbdM\/s320\/IMGP3897.jpg?resize=320%2C212\" width=\"320\" \/><\/a><\/div>\n<p><\/p>\n<div style=\"clear: both; text-align: center;\"><a href=\"https:\/\/i0.wp.com\/3.bp.blogspot.com\/-vDs6dpUHKgI\/TlwChySwTnI\/AAAAAAAAnNU\/jYUzs724fus\/s1600\/IMGP3898.jpg\" style=\"margin-left: 1em; margin-right: 1em;\"><img data-recalc-dims=\"1\" decoding=\"async\" border=\"0\" height=\"212\" src=\"https:\/\/i0.wp.com\/3.bp.blogspot.com\/-vDs6dpUHKgI\/TlwChySwTnI\/AAAAAAAAnNU\/jYUzs724fus\/s320\/IMGP3898.jpg?resize=320%2C212\" width=\"320\" \/><\/a><\/div>\n<p><\/p>\n<div style=\"clear: both; text-align: center;\"><a href=\"https:\/\/i0.wp.com\/4.bp.blogspot.com\/-lECd1TQv6wg\/TlwDAezWHiI\/AAAAAAAAnOA\/pSxsjTSjeQI\/s1600\/IMGP3909.jpg\" style=\"margin-left: 1em; margin-right: 1em;\"><img data-recalc-dims=\"1\" decoding=\"async\" border=\"0\" height=\"212\" src=\"https:\/\/i0.wp.com\/4.bp.blogspot.com\/-lECd1TQv6wg\/TlwDAezWHiI\/AAAAAAAAnOA\/pSxsjTSjeQI\/s320\/IMGP3909.jpg?resize=320%2C212\" width=\"320\" \/><\/a><\/div>\n<p><\/p>\n<div style=\"clear: both; text-align: center;\"><a href=\"https:\/\/i0.wp.com\/1.bp.blogspot.com\/-buK-Puz9lxI\/TlwBXOY55pI\/AAAAAAAAnLU\/Dh2Uh7y6MtY\/s1600\/IMGP3854.jpg\" style=\"margin-left: 1em; margin-right: 1em;\"><img data-recalc-dims=\"1\" loading=\"lazy\" decoding=\"async\" border=\"0\" height=\"320\" src=\"https:\/\/i0.wp.com\/1.bp.blogspot.com\/-buK-Puz9lxI\/TlwBXOY55pI\/AAAAAAAAnLU\/Dh2Uh7y6MtY\/s320\/IMGP3854.jpg?resize=212%2C320\" width=\"212\" \/><\/a><\/div>\n<p><\/p>\n","protected":false},"excerpt":{"rendered":"<p>Bon, enfin quelques nouvelles\u2026 De la fin du voyage itin\u00e9rant\u2026 Je ne sais plus trop bien o\u00f9 j&rsquo;en \u00e9tait, n&rsquo;ayant pas internet depuis plusieurs jours\u2026 Voil\u00e0, je vais reprendre depuis Halifax :Je suis donc arriv\u00e9 \u00e0 l&rsquo;auberge \u00e0 minuit et demi, il m&rsquo;attendait pour fermer\u2026 Arriv\u00e9 dans la chambre, la lampe de chevet \u00e9tait bris\u00e9e [&hellip;]<\/p>\n","protected":false},"author":1,"featured_media":0,"comment_status":"open","ping_status":"open","sticky":false,"template":"","format":"standard","meta":{"jetpack_post_was_ever_published":false,"_jetpack_newsletter_access":"","_jetpack_dont_email_post_to_subs":false,"_jetpack_newsletter_tier_id":0,"_jetpack_memberships_contains_paywalled_content":false,"_jetpack_memberships_contains_paid_content":false,"footnotes":"","jetpack_publicize_message":"","jetpack_publicize_feature_enabled":true,"jetpack_social_post_already_shared":false,"jetpack_social_options":{"image_generator_settings":{"template":"highway","default_image_id":0,"font":"","enabled":false},"version":2}},"categories":[42],"tags":[],"class_list":["post-159","post","type-post","status-publish","format-standard","hentry","category-canada"],"yoast_head":"<!-- This site is optimized with the Yoast SEO plugin v27.5 - https:\/\/yoast.com\/product\/yoast-seo-wordpress\/ -->\n<title>fin de l&#039;itinerance... - Micoulou Photographie<\/title>\n<meta name=\"robots\" content=\"index, follow, max-snippet:-1, max-image-preview:large, max-video-preview:-1\" \/>\n<link rel=\"canonical\" href=\"https:\/\/www.micoulou-photos.com\/index.php\/2011\/08\/30\/fin-de-litinerance\/\" \/>\n<meta property=\"og:locale\" content=\"fr_FR\" \/>\n<meta property=\"og:type\" content=\"article\" \/>\n<meta property=\"og:title\" content=\"fin de l&#039;itinerance... - Micoulou Photographie\" \/>\n<meta property=\"og:description\" content=\"Bon, enfin quelques nouvelles\u2026 De la fin du voyage itin\u00e9rant\u2026 Je ne sais plus trop bien o\u00f9 j&rsquo;en \u00e9tait, n&rsquo;ayant pas internet depuis plusieurs jours\u2026 Voil\u00e0, je vais reprendre depuis Halifax :Je suis donc arriv\u00e9 \u00e0 l&rsquo;auberge \u00e0 minuit et demi, il m&rsquo;attendait pour fermer\u2026 Arriv\u00e9 dans la chambre, la lampe de chevet \u00e9tait bris\u00e9e [&hellip;]\" \/>\n<meta property=\"og:url\" content=\"https:\/\/www.micoulou-photos.com\/index.php\/2011\/08\/30\/fin-de-litinerance\/\" \/>\n<meta property=\"og:site_name\" content=\"Micoulou Photographie\" \/>\n<meta property=\"article:published_time\" content=\"2011-08-30T18:15:00+00:00\" \/>\n<meta property=\"og:image\" content=\"http:\/\/3.bp.blogspot.com\/-Hw77HfVNa-A\/TlwCkMcznyI\/AAAAAAAAnNc\/6Gz95bgDbdM\/s320\/IMGP3897.jpg\" \/>\n<meta name=\"author\" content=\"micoulou\" \/>\n<meta name=\"twitter:card\" content=\"summary_large_image\" \/>\n<meta name=\"twitter:label1\" content=\"\u00c9crit par\" \/>\n\t<meta name=\"twitter:data1\" content=\"micoulou\" \/>\n\t<meta name=\"twitter:label2\" content=\"Dur\u00e9e de lecture estim\u00e9e\" \/>\n\t<meta name=\"twitter:data2\" content=\"5 minutes\" \/>\n<script type=\"application\/ld+json\" class=\"yoast-schema-graph\">{\"@context\":\"https:\\\/\\\/schema.org\",\"@graph\":[{\"@type\":\"Article\",\"@id\":\"https:\\\/\\\/www.micoulou-photos.com\\\/index.php\\\/2011\\\/08\\\/30\\\/fin-de-litinerance\\\/#article\",\"isPartOf\":{\"@id\":\"https:\\\/\\\/www.micoulou-photos.com\\\/index.php\\\/2011\\\/08\\\/30\\\/fin-de-litinerance\\\/\"},\"author\":{\"name\":\"micoulou\",\"@id\":\"https:\\\/\\\/www.micoulou-photos.com\\\/#\\\/schema\\\/person\\\/6aedfe8ebe91da632f46e7c9d806a722\"},\"headline\":\"fin de l&rsquo;itinerance&#8230;\",\"datePublished\":\"2011-08-30T18:15:00+00:00\",\"mainEntityOfPage\":{\"@id\":\"https:\\\/\\\/www.micoulou-photos.com\\\/index.php\\\/2011\\\/08\\\/30\\\/fin-de-litinerance\\\/\"},\"wordCount\":1126,\"commentCount\":0,\"publisher\":{\"@id\":\"https:\\\/\\\/www.micoulou-photos.com\\\/#organization\"},\"image\":{\"@id\":\"https:\\\/\\\/www.micoulou-photos.com\\\/index.php\\\/2011\\\/08\\\/30\\\/fin-de-litinerance\\\/#primaryimage\"},\"thumbnailUrl\":\"http:\\\/\\\/3.bp.blogspot.com\\\/-Hw77HfVNa-A\\\/TlwCkMcznyI\\\/AAAAAAAAnNc\\\/6Gz95bgDbdM\\\/s320\\\/IMGP3897.jpg\",\"articleSection\":[\"Canada\"],\"inLanguage\":\"fr-FR\",\"potentialAction\":[{\"@type\":\"CommentAction\",\"name\":\"Comment\",\"target\":[\"https:\\\/\\\/www.micoulou-photos.com\\\/index.php\\\/2011\\\/08\\\/30\\\/fin-de-litinerance\\\/#respond\"]}]},{\"@type\":\"WebPage\",\"@id\":\"https:\\\/\\\/www.micoulou-photos.com\\\/index.php\\\/2011\\\/08\\\/30\\\/fin-de-litinerance\\\/\",\"url\":\"https:\\\/\\\/www.micoulou-photos.com\\\/index.php\\\/2011\\\/08\\\/30\\\/fin-de-litinerance\\\/\",\"name\":\"fin de l'itinerance... - Micoulou Photographie\",\"isPartOf\":{\"@id\":\"https:\\\/\\\/www.micoulou-photos.com\\\/#website\"},\"primaryImageOfPage\":{\"@id\":\"https:\\\/\\\/www.micoulou-photos.com\\\/index.php\\\/2011\\\/08\\\/30\\\/fin-de-litinerance\\\/#primaryimage\"},\"image\":{\"@id\":\"https:\\\/\\\/www.micoulou-photos.com\\\/index.php\\\/2011\\\/08\\\/30\\\/fin-de-litinerance\\\/#primaryimage\"},\"thumbnailUrl\":\"http:\\\/\\\/3.bp.blogspot.com\\\/-Hw77HfVNa-A\\\/TlwCkMcznyI\\\/AAAAAAAAnNc\\\/6Gz95bgDbdM\\\/s320\\\/IMGP3897.jpg\",\"datePublished\":\"2011-08-30T18:15:00+00:00\",\"breadcrumb\":{\"@id\":\"https:\\\/\\\/www.micoulou-photos.com\\\/index.php\\\/2011\\\/08\\\/30\\\/fin-de-litinerance\\\/#breadcrumb\"},\"inLanguage\":\"fr-FR\",\"potentialAction\":[{\"@type\":\"ReadAction\",\"target\":[\"https:\\\/\\\/www.micoulou-photos.com\\\/index.php\\\/2011\\\/08\\\/30\\\/fin-de-litinerance\\\/\"]}]},{\"@type\":\"ImageObject\",\"inLanguage\":\"fr-FR\",\"@id\":\"https:\\\/\\\/www.micoulou-photos.com\\\/index.php\\\/2011\\\/08\\\/30\\\/fin-de-litinerance\\\/#primaryimage\",\"url\":\"http:\\\/\\\/3.bp.blogspot.com\\\/-Hw77HfVNa-A\\\/TlwCkMcznyI\\\/AAAAAAAAnNc\\\/6Gz95bgDbdM\\\/s320\\\/IMGP3897.jpg\",\"contentUrl\":\"http:\\\/\\\/3.bp.blogspot.com\\\/-Hw77HfVNa-A\\\/TlwCkMcznyI\\\/AAAAAAAAnNc\\\/6Gz95bgDbdM\\\/s320\\\/IMGP3897.jpg\"},{\"@type\":\"BreadcrumbList\",\"@id\":\"https:\\\/\\\/www.micoulou-photos.com\\\/index.php\\\/2011\\\/08\\\/30\\\/fin-de-litinerance\\\/#breadcrumb\",\"itemListElement\":[{\"@type\":\"ListItem\",\"position\":1,\"name\":\"Accueil\",\"item\":\"https:\\\/\\\/www.micoulou-photos.com\\\/\"},{\"@type\":\"ListItem\",\"position\":2,\"name\":\"fin de l&rsquo;itinerance&#8230;\"}]},{\"@type\":\"WebSite\",\"@id\":\"https:\\\/\\\/www.micoulou-photos.com\\\/#website\",\"url\":\"https:\\\/\\\/www.micoulou-photos.com\\\/\",\"name\":\"Micoulou Photographie\",\"description\":\"Photographies, Visites virtuelles et formations par Mickael Minarie\",\"publisher\":{\"@id\":\"https:\\\/\\\/www.micoulou-photos.com\\\/#organization\"},\"potentialAction\":[{\"@type\":\"SearchAction\",\"target\":{\"@type\":\"EntryPoint\",\"urlTemplate\":\"https:\\\/\\\/www.micoulou-photos.com\\\/?s={search_term_string}\"},\"query-input\":{\"@type\":\"PropertyValueSpecification\",\"valueRequired\":true,\"valueName\":\"search_term_string\"}}],\"inLanguage\":\"fr-FR\"},{\"@type\":\"Organization\",\"@id\":\"https:\\\/\\\/www.micoulou-photos.com\\\/#organization\",\"name\":\"Micoulou Photographie\",\"url\":\"https:\\\/\\\/www.micoulou-photos.com\\\/\",\"logo\":{\"@type\":\"ImageObject\",\"inLanguage\":\"fr-FR\",\"@id\":\"https:\\\/\\\/www.micoulou-photos.com\\\/#\\\/schema\\\/logo\\\/image\\\/\",\"url\":\"https:\\\/\\\/i0.wp.com\\\/www.micoulou-photos.com\\\/wp-content\\\/uploads\\\/2020\\\/05\\\/cropped-891667_552097324824916_1615181552_o-1.jpg?fit=643%2C722&ssl=1\",\"contentUrl\":\"https:\\\/\\\/i0.wp.com\\\/www.micoulou-photos.com\\\/wp-content\\\/uploads\\\/2020\\\/05\\\/cropped-891667_552097324824916_1615181552_o-1.jpg?fit=643%2C722&ssl=1\",\"width\":643,\"height\":722,\"caption\":\"Micoulou Photographie\"},\"image\":{\"@id\":\"https:\\\/\\\/www.micoulou-photos.com\\\/#\\\/schema\\\/logo\\\/image\\\/\"}},{\"@type\":\"Person\",\"@id\":\"https:\\\/\\\/www.micoulou-photos.com\\\/#\\\/schema\\\/person\\\/6aedfe8ebe91da632f46e7c9d806a722\",\"name\":\"micoulou\",\"image\":{\"@type\":\"ImageObject\",\"inLanguage\":\"fr-FR\",\"@id\":\"https:\\\/\\\/secure.gravatar.com\\\/avatar\\\/98f892eb7d267eab2faa437baa3edd708deaaa43929316c0cc7b751a04cb247b?s=96&d=mm&r=g\",\"url\":\"https:\\\/\\\/secure.gravatar.com\\\/avatar\\\/98f892eb7d267eab2faa437baa3edd708deaaa43929316c0cc7b751a04cb247b?s=96&d=mm&r=g\",\"contentUrl\":\"https:\\\/\\\/secure.gravatar.com\\\/avatar\\\/98f892eb7d267eab2faa437baa3edd708deaaa43929316c0cc7b751a04cb247b?s=96&d=mm&r=g\",\"caption\":\"micoulou\"},\"url\":\"https:\\\/\\\/www.micoulou-photos.com\\\/index.php\\\/author\\\/micoulou\\\/\"}]}<\/script>\n<!-- \/ Yoast SEO plugin. -->","yoast_head_json":{"title":"fin de l'itinerance... - Micoulou Photographie","robots":{"index":"index","follow":"follow","max-snippet":"max-snippet:-1","max-image-preview":"max-image-preview:large","max-video-preview":"max-video-preview:-1"},"canonical":"https:\/\/www.micoulou-photos.com\/index.php\/2011\/08\/30\/fin-de-litinerance\/","og_locale":"fr_FR","og_type":"article","og_title":"fin de l'itinerance... - Micoulou Photographie","og_description":"Bon, enfin quelques nouvelles\u2026 De la fin du voyage itin\u00e9rant\u2026 Je ne sais plus trop bien o\u00f9 j&rsquo;en \u00e9tait, n&rsquo;ayant pas internet depuis plusieurs jours\u2026 Voil\u00e0, je vais reprendre depuis Halifax :Je suis donc arriv\u00e9 \u00e0 l&rsquo;auberge \u00e0 minuit et demi, il m&rsquo;attendait pour fermer\u2026 Arriv\u00e9 dans la chambre, la lampe de chevet \u00e9tait bris\u00e9e [&hellip;]","og_url":"https:\/\/www.micoulou-photos.com\/index.php\/2011\/08\/30\/fin-de-litinerance\/","og_site_name":"Micoulou Photographie","article_published_time":"2011-08-30T18:15:00+00:00","og_image":[{"url":"http:\/\/3.bp.blogspot.com\/-Hw77HfVNa-A\/TlwCkMcznyI\/AAAAAAAAnNc\/6Gz95bgDbdM\/s320\/IMGP3897.jpg","type":"","width":"","height":""}],"author":"micoulou","twitter_card":"summary_large_image","twitter_misc":{"\u00c9crit par":"micoulou","Dur\u00e9e de lecture estim\u00e9e":"5 minutes"},"schema":{"@context":"https:\/\/schema.org","@graph":[{"@type":"Article","@id":"https:\/\/www.micoulou-photos.com\/index.php\/2011\/08\/30\/fin-de-litinerance\/#article","isPartOf":{"@id":"https:\/\/www.micoulou-photos.com\/index.php\/2011\/08\/30\/fin-de-litinerance\/"},"author":{"name":"micoulou","@id":"https:\/\/www.micoulou-photos.com\/#\/schema\/person\/6aedfe8ebe91da632f46e7c9d806a722"},"headline":"fin de l&rsquo;itinerance&#8230;","datePublished":"2011-08-30T18:15:00+00:00","mainEntityOfPage":{"@id":"https:\/\/www.micoulou-photos.com\/index.php\/2011\/08\/30\/fin-de-litinerance\/"},"wordCount":1126,"commentCount":0,"publisher":{"@id":"https:\/\/www.micoulou-photos.com\/#organization"},"image":{"@id":"https:\/\/www.micoulou-photos.com\/index.php\/2011\/08\/30\/fin-de-litinerance\/#primaryimage"},"thumbnailUrl":"http:\/\/3.bp.blogspot.com\/-Hw77HfVNa-A\/TlwCkMcznyI\/AAAAAAAAnNc\/6Gz95bgDbdM\/s320\/IMGP3897.jpg","articleSection":["Canada"],"inLanguage":"fr-FR","potentialAction":[{"@type":"CommentAction","name":"Comment","target":["https:\/\/www.micoulou-photos.com\/index.php\/2011\/08\/30\/fin-de-litinerance\/#respond"]}]},{"@type":"WebPage","@id":"https:\/\/www.micoulou-photos.com\/index.php\/2011\/08\/30\/fin-de-litinerance\/","url":"https:\/\/www.micoulou-photos.com\/index.php\/2011\/08\/30\/fin-de-litinerance\/","name":"fin de l'itinerance... - Micoulou Photographie","isPartOf":{"@id":"https:\/\/www.micoulou-photos.com\/#website"},"primaryImageOfPage":{"@id":"https:\/\/www.micoulou-photos.com\/index.php\/2011\/08\/30\/fin-de-litinerance\/#primaryimage"},"image":{"@id":"https:\/\/www.micoulou-photos.com\/index.php\/2011\/08\/30\/fin-de-litinerance\/#primaryimage"},"thumbnailUrl":"http:\/\/3.bp.blogspot.com\/-Hw77HfVNa-A\/TlwCkMcznyI\/AAAAAAAAnNc\/6Gz95bgDbdM\/s320\/IMGP3897.jpg","datePublished":"2011-08-30T18:15:00+00:00","breadcrumb":{"@id":"https:\/\/www.micoulou-photos.com\/index.php\/2011\/08\/30\/fin-de-litinerance\/#breadcrumb"},"inLanguage":"fr-FR","potentialAction":[{"@type":"ReadAction","target":["https:\/\/www.micoulou-photos.com\/index.php\/2011\/08\/30\/fin-de-litinerance\/"]}]},{"@type":"ImageObject","inLanguage":"fr-FR","@id":"https:\/\/www.micoulou-photos.com\/index.php\/2011\/08\/30\/fin-de-litinerance\/#primaryimage","url":"http:\/\/3.bp.blogspot.com\/-Hw77HfVNa-A\/TlwCkMcznyI\/AAAAAAAAnNc\/6Gz95bgDbdM\/s320\/IMGP3897.jpg","contentUrl":"http:\/\/3.bp.blogspot.com\/-Hw77HfVNa-A\/TlwCkMcznyI\/AAAAAAAAnNc\/6Gz95bgDbdM\/s320\/IMGP3897.jpg"},{"@type":"BreadcrumbList","@id":"https:\/\/www.micoulou-photos.com\/index.php\/2011\/08\/30\/fin-de-litinerance\/#breadcrumb","itemListElement":[{"@type":"ListItem","position":1,"name":"Accueil","item":"https:\/\/www.micoulou-photos.com\/"},{"@type":"ListItem","position":2,"name":"fin de l&rsquo;itinerance&#8230;"}]},{"@type":"WebSite","@id":"https:\/\/www.micoulou-photos.com\/#website","url":"https:\/\/www.micoulou-photos.com\/","name":"Micoulou Photographie","description":"Photographies, Visites virtuelles et formations par Mickael Minarie","publisher":{"@id":"https:\/\/www.micoulou-photos.com\/#organization"},"potentialAction":[{"@type":"SearchAction","target":{"@type":"EntryPoint","urlTemplate":"https:\/\/www.micoulou-photos.com\/?s={search_term_string}"},"query-input":{"@type":"PropertyValueSpecification","valueRequired":true,"valueName":"search_term_string"}}],"inLanguage":"fr-FR"},{"@type":"Organization","@id":"https:\/\/www.micoulou-photos.com\/#organization","name":"Micoulou Photographie","url":"https:\/\/www.micoulou-photos.com\/","logo":{"@type":"ImageObject","inLanguage":"fr-FR","@id":"https:\/\/www.micoulou-photos.com\/#\/schema\/logo\/image\/","url":"https:\/\/i0.wp.com\/www.micoulou-photos.com\/wp-content\/uploads\/2020\/05\/cropped-891667_552097324824916_1615181552_o-1.jpg?fit=643%2C722&ssl=1","contentUrl":"https:\/\/i0.wp.com\/www.micoulou-photos.com\/wp-content\/uploads\/2020\/05\/cropped-891667_552097324824916_1615181552_o-1.jpg?fit=643%2C722&ssl=1","width":643,"height":722,"caption":"Micoulou Photographie"},"image":{"@id":"https:\/\/www.micoulou-photos.com\/#\/schema\/logo\/image\/"}},{"@type":"Person","@id":"https:\/\/www.micoulou-photos.com\/#\/schema\/person\/6aedfe8ebe91da632f46e7c9d806a722","name":"micoulou","image":{"@type":"ImageObject","inLanguage":"fr-FR","@id":"https:\/\/secure.gravatar.com\/avatar\/98f892eb7d267eab2faa437baa3edd708deaaa43929316c0cc7b751a04cb247b?s=96&d=mm&r=g","url":"https:\/\/secure.gravatar.com\/avatar\/98f892eb7d267eab2faa437baa3edd708deaaa43929316c0cc7b751a04cb247b?s=96&d=mm&r=g","contentUrl":"https:\/\/secure.gravatar.com\/avatar\/98f892eb7d267eab2faa437baa3edd708deaaa43929316c0cc7b751a04cb247b?s=96&d=mm&r=g","caption":"micoulou"},"url":"https:\/\/www.micoulou-photos.com\/index.php\/author\/micoulou\/"}]}},"jetpack_publicize_connections":[],"jetpack_featured_media_url":"","jetpack_sharing_enabled":true,"jetpack_shortlink":"https:\/\/wp.me\/p7zKF4-2z","jetpack-related-posts":[{"id":160,"url":"https:\/\/www.micoulou-photos.com\/index.php\/2011\/08\/20\/aberdeen-cap-breton\/","url_meta":{"origin":159,"position":0},"title":"Aberdeen &#8211; Cap Breton","author":"micoulou","date":"20 ao\u00fbt 2011","format":false,"excerpt":"Bon, ben voil\u00e0, apr\u00e8s une journ\u00e9e \u00e0 Halifax, o\u00f9 je me suis ballad\u00e9 dans la ville et visit\u00e9 le mus\u00e9e, je viens de passer 2 jours au cap breton, et il me reste toujours cette apr\u00e8s midi ici...Quand je suis arriv\u00e9 au cap breton, j'etais piqu\u00e9 de partout, surement par\u2026","rel":"","context":"Dans &quot;Non class\u00e9&quot;","block_context":{"text":"Non class\u00e9","link":"https:\/\/www.micoulou-photos.com\/index.php\/category\/non-classe\/"},"img":{"alt_text":"","src":"https:\/\/i0.wp.com\/4.bp.blogspot.com\/-Bw21QLc36Z4\/Tk--O5OnHrI\/AAAAAAAAnAw\/MbhlBHQV1J4\/s320\/IMG_3646.jpg?resize=350%2C200","width":350,"height":200},"classes":[]},{"id":100,"url":"https:\/\/www.micoulou-photos.com\/index.php\/2012\/08\/28\/lavion\/","url_meta":{"origin":159,"position":1},"title":"L&rsquo;avion","author":"micoulou","date":"28 ao\u00fbt 2012","format":false,"excerpt":"Entre Halifax et Rekjavik, j'ai reussi \u00e0 survivre \u00e0 3h d'avion... J'ai stress\u00e9 plusieurs semaines avant de pouvoir le prendre, et cel\u00e0 s'est finalement bien pass\u00e9... Quelques turbulences en passant le Newfoundland, puis la travers\u00e9 de l'atlantique fut rapide et tranquille... Par contre, je n'ai pas dormis, le stress etait\u2026","rel":"","context":"Dans &quot;Non class\u00e9&quot;","block_context":{"text":"Non class\u00e9","link":"https:\/\/www.micoulou-photos.com\/index.php\/category\/non-classe\/"},"img":{"alt_text":"","src":"https:\/\/i0.wp.com\/3.bp.blogspot.com\/-TMRkvcbxj_c\/UDpDnjZfJnI\/AAAAAAAA1DE\/xwOfoVJBNgg\/s320\/IMGP0378.jpg?resize=350%2C200","width":350,"height":200},"classes":[]},{"id":109,"url":"https:\/\/www.micoulou-photos.com\/index.php\/2012\/06\/30\/halifax-2\/","url_meta":{"origin":159,"position":2},"title":"Halifax","author":"micoulou","date":"30 juin 2012","format":false,"excerpt":"J'ai pass\u00e9 une journ\u00e9e a Halifax, le temps \u00e9tait tr\u00e8s brumeux le premier jour, je me suis quand m\u00eame balader, m\u00eame si le genre de photo de nuit que je voulais faire, le projet est tomb\u00e9 a l'eau... Le lendemain, il a plu a saut tout la journ\u00e9e... Alors que\u2026","rel":"","context":"Dans &quot;Non class\u00e9&quot;","block_context":{"text":"Non class\u00e9","link":"https:\/\/www.micoulou-photos.com\/index.php\/category\/non-classe\/"},"img":{"alt_text":"","src":"","width":0,"height":0},"classes":[]},{"id":161,"url":"https:\/\/www.micoulou-photos.com\/index.php\/2011\/08\/16\/derniers-jours-a-fredericton\/","url_meta":{"origin":159,"position":3},"title":"Derniers jours \u00e0 Fredericton :","author":"micoulou","date":"16 ao\u00fbt 2011","format":false,"excerpt":"Bon, ben voil\u00e0, je repars apr\u00e8s quelques jours ici, dans la capitale du nouveau brunswick, ville bien sympa au deumerant\u2026On va donc reprendre depuis vendredi midi, je vais peut \u00eatre r\u00e9p\u00e9ter un peu mais bon, je n'ai pas l'article de vendredi pour v\u00e9rifier\u2026Vendredi matin, donc, j'ai fini le montage des\u2026","rel":"","context":"Dans &quot;Non class\u00e9&quot;","block_context":{"text":"Non class\u00e9","link":"https:\/\/www.micoulou-photos.com\/index.php\/category\/non-classe\/"},"img":{"alt_text":"","src":"","width":0,"height":0},"classes":[]},{"id":115,"url":"https:\/\/www.micoulou-photos.com\/index.php\/2012\/06\/21\/train-locean-entre-montreal-et-campbelton\/","url_meta":{"origin":159,"position":4},"title":"Train \u00ab\u00a0L&rsquo;Ocean\u00a0\u00bb entre Montr\u00e9al et Campbelton","author":"micoulou","date":"21 juin 2012","format":false,"excerpt":"J'ai donc repris, pour commencer mon voyage, le train l'Ocean, avec Via Rail... Je me suis arret\u00e9 a Campbelton mais je l'ai repris le lendemain matin de Campbelton a Moncton (le train va jusqu'a Halifax, le trajet total est de 18h).Le paysage etait sympa, meme si on passe dans la\u2026","rel":"","context":"Dans &quot;Non class\u00e9&quot;","block_context":{"text":"Non class\u00e9","link":"https:\/\/www.micoulou-photos.com\/index.php\/category\/non-classe\/"},"img":{"alt_text":"","src":"https:\/\/i0.wp.com\/3.bp.blogspot.com\/-e5rux8G1fN4\/T-KCC-5t-_I\/AAAAAAAAyuw\/FdyXopJdOTc\/s320\/IMG_4995.JPG?resize=350%2C200","width":350,"height":200},"classes":[]},{"id":154,"url":"https:\/\/www.micoulou-photos.com\/index.php\/2011\/10\/07\/test-de-lightzone-mac\/","url_meta":{"origin":159,"position":5},"title":"test de Lightzone Mac","author":"micoulou","date":"7 octobre 2011","format":false,"excerpt":"Apr\u00e8s mon retour au Canada, il est temps de reprendre mes tests que j'avais commenc\u00e9 avant de partir : les outils de traitements des Raws sous mac et Linux...Je continue donc avec Lightzone, je vous ferais un bilan complet \u00e0 la fin...Lightzone, je l'avais d\u00e9j\u00e0 utilis\u00e9 lors de mes test,\u2026","rel":"","context":"Dans &quot;Non class\u00e9&quot;","block_context":{"text":"Non class\u00e9","link":"https:\/\/www.micoulou-photos.com\/index.php\/category\/non-classe\/"},"img":{"alt_text":"","src":"https:\/\/i0.wp.com\/1.bp.blogspot.com\/-Qeu-XR-fnLU\/To46vBFeX5I\/AAAAAAAAopo\/WLZXtXksl4k\/s320\/Capture%2Bd%25E2%2580%2599%25C3%25A9cran%2B2011-10-06%2B%25C3%25A0%2B19.30.06.png?resize=350%2C200","width":350,"height":200},"classes":[]}],"_links":{"self":[{"href":"https:\/\/www.micoulou-photos.com\/index.php\/wp-json\/wp\/v2\/posts\/159","targetHints":{"allow":["GET"]}}],"collection":[{"href":"https:\/\/www.micoulou-photos.com\/index.php\/wp-json\/wp\/v2\/posts"}],"about":[{"href":"https:\/\/www.micoulou-photos.com\/index.php\/wp-json\/wp\/v2\/types\/post"}],"author":[{"embeddable":true,"href":"https:\/\/www.micoulou-photos.com\/index.php\/wp-json\/wp\/v2\/users\/1"}],"replies":[{"embeddable":true,"href":"https:\/\/www.micoulou-photos.com\/index.php\/wp-json\/wp\/v2\/comments?post=159"}],"version-history":[{"count":0,"href":"https:\/\/www.micoulou-photos.com\/index.php\/wp-json\/wp\/v2\/posts\/159\/revisions"}],"wp:attachment":[{"href":"https:\/\/www.micoulou-photos.com\/index.php\/wp-json\/wp\/v2\/media?parent=159"}],"wp:term":[{"taxonomy":"category","embeddable":true,"href":"https:\/\/www.micoulou-photos.com\/index.php\/wp-json\/wp\/v2\/categories?post=159"},{"taxonomy":"post_tag","embeddable":true,"href":"https:\/\/www.micoulou-photos.com\/index.php\/wp-json\/wp\/v2\/tags?post=159"}],"curies":[{"name":"wp","href":"https:\/\/api.w.org\/{rel}","templated":true}]}}