{"id":155,"date":"2011-10-05T04:35:00","date_gmt":"2011-10-05T03:35:00","guid":{"rendered":"http:\/\/micoulou.info\/wp\/index.php\/2011\/10\/05\/retour-au-canada\/"},"modified":"2011-10-05T04:35:00","modified_gmt":"2011-10-05T03:35:00","slug":"retour-au-canada","status":"publish","type":"post","link":"https:\/\/www.micoulou-photos.com\/index.php\/2011\/10\/05\/retour-au-canada\/","title":{"rendered":"Retour au Canada"},"content":{"rendered":"<p>Me voil\u00e0 de retour, apr\u00e8s un mois sans message&#8230;<br \/>je suis donc revenu en France pendant 3 semaines, pour faire les photos du mariage d&rsquo;un de mes amis, revoir mes amis et la famille&#8230; Cel\u00e0 fait bizarre de les revoir et de devoir repartir si vite&#8230;<\/p>\n<p>J&rsquo;ai donc pass\u00e9 quelques jours en France, chez mes parents, dans l&rsquo;est (chez mon grand pere et mon oncle) ainsi que dans le massif central et Rhone Alpes.<br \/>Je vais avoir quelques photos \u00e0 montrer ici dans les jours qui viennent. J&rsquo;ai ressorti pour l&rsquo;occasion le Fuji GA645, c&rsquo;est vraiment un bon appareil mais dommage qu&rsquo;il soit si compliqu\u00e9 de faire developp\u00e9 correctement un pellicule de nos jour&#8230; Je d\u00e9conseille aussi de faire un mariage en officiel avec un appareil qui \u00e0 un fonctionnement al\u00e9atoire, je me suis debrouiller mais cel\u00e0 aurait \u00e9t\u00e9 sans doute mieux avec un boitier fiable, et surtout beaucoup moins prise de t\u00eate&#8230;<\/p>\n<p>Je suis revenu au Quebec dimanche, en avion&#8230; Le voyage etait plutot mouvement\u00e9, la prochaine fois je saurais qu&rsquo;il ne faut pas prendre l&rsquo;avion en intersaison, \u00e7a remue bien et j&rsquo;ai \u00e9t\u00e9 bien malade&#8230; Je recherche actuellement un job, j&rsquo;ai 4 pistes interressante \u00e0 Montr\u00e9al, je verrais laquelle se concretise.<br \/>Je vais continuer mes tests de programme photos et videos dans les prochains jours.<br \/>J&rsquo;ai enfin mis mon album de Paris en ligne ici : http:\/\/fr.blurb.com\/bookstore\/detail\/1985994 .<\/p>\n<p>Et pour ceux qui me suivent sur Facebook, je vous conseille d&rsquo;utiliser Google+, les connections auto \u00e0 Facebook commencent \u00e0 me gaver au plus haut point au point de le bloquer completement&#8230; Donc j&rsquo;utilise pour le moment un autre navigateur pour publier quelques trucs, mais il n&rsquo;est pas impossible que je finisse par tout ferm\u00e9 si le bouton \u00ab\u00a0j&rsquo;aime\u00a0\u00bb continue \u00e0 pululer&#8230;<\/p>\n<table align=\"center\" cellpadding=\"0\" cellspacing=\"0\" style=\"margin-left: auto; margin-right: auto; text-align: center;\">\n<tbody>\n<tr>\n<td style=\"text-align: center;\"><a href=\"https:\/\/i0.wp.com\/2.bp.blogspot.com\/-XK-aeeIkXkU\/Tn8W4XhjRZI\/AAAAAAAAodk\/HKIi_JuUX9Q\/s1600\/CRW_6749.jpg\" style=\"margin-left: auto; margin-right: auto;\"><img data-recalc-dims=\"1\" fetchpriority=\"high\" decoding=\"async\" border=\"0\" height=\"320\" src=\"https:\/\/i0.wp.com\/2.bp.blogspot.com\/-XK-aeeIkXkU\/Tn8W4XhjRZI\/AAAAAAAAodk\/HKIi_JuUX9Q\/s320\/CRW_6749.jpg?resize=213%2C320\" width=\"213\" \/><\/a><\/td>\n<\/tr>\n<tr>\n<td style=\"text-align: center;\">Photo prise dans l&rsquo;est&#8230;<\/td>\n<\/tr>\n<\/tbody>\n<\/table>\n<table align=\"center\" cellpadding=\"0\" cellspacing=\"0\" style=\"margin-left: auto; margin-right: auto; text-align: center;\">\n<tbody>\n<tr>\n<td style=\"text-align: center;\"><a href=\"https:\/\/i0.wp.com\/1.bp.blogspot.com\/-NxR0Aivc75U\/ToTEGsHBcYI\/AAAAAAAAomI\/jdJKBjkP1Ic\/s1600\/CRW_6823.jpg\" style=\"margin-left: auto; margin-right: auto;\"><img data-recalc-dims=\"1\" decoding=\"async\" border=\"0\" height=\"213\" src=\"https:\/\/i0.wp.com\/1.bp.blogspot.com\/-NxR0Aivc75U\/ToTEGsHBcYI\/AAAAAAAAomI\/jdJKBjkP1Ic\/s320\/CRW_6823.jpg?resize=320%2C213\" width=\"320\" \/><\/a><\/td>\n<\/tr>\n<tr>\n<td style=\"text-align: center;\">Chez mes parents : fin de l&rsquo;\u00e9t\u00e9&#8230;<\/td>\n<\/tr>\n<\/tbody>\n<\/table>\n<p><\/p>\n<table align=\"center\" cellpadding=\"0\" cellspacing=\"0\" style=\"margin-left: auto; margin-right: auto; text-align: center;\">\n<tbody>\n<tr>\n<td style=\"text-align: center;\"><a href=\"https:\/\/i0.wp.com\/3.bp.blogspot.com\/-1YYWTnexkpg\/ToTET-OcLoI\/AAAAAAAAomU\/mT-C7z6ey4w\/s1600\/CRW_6835.jpg\" style=\"margin-left: auto; margin-right: auto;\"><img data-recalc-dims=\"1\" decoding=\"async\" border=\"0\" height=\"213\" src=\"https:\/\/i0.wp.com\/3.bp.blogspot.com\/-1YYWTnexkpg\/ToTET-OcLoI\/AAAAAAAAomU\/mT-C7z6ey4w\/s320\/CRW_6835.jpg?resize=320%2C213\" width=\"320\" \/><\/a><\/td>\n<\/tr>\n<tr>\n<td style=\"text-align: center;\">Les poires, qui attendent d&rsquo;etre cueillies.<\/td>\n<\/tr>\n<\/tbody>\n<\/table>\n<p><\/p>\n<table align=\"center\" cellpadding=\"0\" cellspacing=\"0\" style=\"margin-left: auto; margin-right: auto; text-align: center;\">\n<tbody>\n<tr>\n<td style=\"text-align: center;\"><a href=\"https:\/\/i0.wp.com\/1.bp.blogspot.com\/-BvnhYGQ0GOU\/ToTGRyUSnMI\/AAAAAAAAook\/dK0azvePNek\/s1600\/CRW_6968.jpg\" style=\"margin-left: auto; margin-right: auto;\"><img data-recalc-dims=\"1\" loading=\"lazy\" decoding=\"async\" border=\"0\" height=\"213\" src=\"https:\/\/i0.wp.com\/1.bp.blogspot.com\/-BvnhYGQ0GOU\/ToTGRyUSnMI\/AAAAAAAAook\/dK0azvePNek\/s320\/CRW_6968.jpg?resize=320%2C213\" width=\"320\" \/><\/a><\/td>\n<\/tr>\n<tr>\n<td style=\"text-align: center;\">Couch\u00e9 de soleil.<\/td>\n<\/tr>\n<\/tbody>\n<\/table>\n<table align=\"center\" cellpadding=\"0\" cellspacing=\"0\" style=\"margin-left: auto; margin-right: auto; text-align: center;\">\n<tbody>\n<tr>\n<td style=\"text-align: center;\"><a href=\"https:\/\/i0.wp.com\/4.bp.blogspot.com\/-ieA4eCkWpIM\/Tn0BRFbtxeI\/AAAAAAAAn-E\/wjEBu-SEpOY\/s1600\/CRW_6795.jpg\" style=\"margin-left: auto; margin-right: auto;\"><img data-recalc-dims=\"1\" loading=\"lazy\" decoding=\"async\" border=\"0\" height=\"320\" src=\"https:\/\/i0.wp.com\/4.bp.blogspot.com\/-ieA4eCkWpIM\/Tn0BRFbtxeI\/AAAAAAAAn-E\/wjEBu-SEpOY\/s320\/CRW_6795.jpg?resize=213%2C320\" width=\"213\" \/><\/a><\/td>\n<\/tr>\n<tr>\n<td style=\"text-align: center;\">La vilette, Paris&#8230;<\/td>\n<\/tr>\n<\/tbody>\n<\/table>\n","protected":false},"excerpt":{"rendered":"<p>Me voil\u00e0 de retour, apr\u00e8s un mois sans message&#8230;je suis donc revenu en France pendant 3 semaines, pour faire les photos du mariage d&rsquo;un de mes amis, revoir mes amis et la famille&#8230; Cel\u00e0 fait bizarre de les revoir et de devoir repartir si vite&#8230; J&rsquo;ai donc pass\u00e9 quelques jours en France, chez mes parents, [&hellip;]<\/p>\n","protected":false},"author":1,"featured_media":0,"comment_status":"open","ping_status":"open","sticky":false,"template":"","format":"standard","meta":{"jetpack_post_was_ever_published":false,"_jetpack_newsletter_access":"","_jetpack_dont_email_post_to_subs":false,"_jetpack_newsletter_tier_id":0,"_jetpack_memberships_contains_paywalled_content":false,"_jetpack_memberships_contains_paid_content":false,"footnotes":"","jetpack_publicize_message":"","jetpack_publicize_feature_enabled":true,"jetpack_social_post_already_shared":false,"jetpack_social_options":{"image_generator_settings":{"template":"highway","default_image_id":0,"font":"","enabled":false},"version":2}},"categories":[1],"tags":[],"class_list":["post-155","post","type-post","status-publish","format-standard","hentry","category-non-classe"],"yoast_head":"<!-- This site is optimized with the Yoast SEO plugin v27.5 - https:\/\/yoast.com\/product\/yoast-seo-wordpress\/ -->\n<title>Retour au Canada - Micoulou Photographie<\/title>\n<meta name=\"robots\" content=\"index, follow, max-snippet:-1, max-image-preview:large, max-video-preview:-1\" \/>\n<link rel=\"canonical\" href=\"https:\/\/www.micoulou-photos.com\/index.php\/2011\/10\/05\/retour-au-canada\/\" \/>\n<meta property=\"og:locale\" content=\"fr_FR\" \/>\n<meta property=\"og:type\" content=\"article\" \/>\n<meta property=\"og:title\" content=\"Retour au Canada - Micoulou Photographie\" \/>\n<meta property=\"og:description\" content=\"Me voil\u00e0 de retour, apr\u00e8s un mois sans message&#8230;je suis donc revenu en France pendant 3 semaines, pour faire les photos du mariage d&rsquo;un de mes amis, revoir mes amis et la famille&#8230; Cel\u00e0 fait bizarre de les revoir et de devoir repartir si vite&#8230; J&rsquo;ai donc pass\u00e9 quelques jours en France, chez mes parents, [&hellip;]\" \/>\n<meta property=\"og:url\" content=\"https:\/\/www.micoulou-photos.com\/index.php\/2011\/10\/05\/retour-au-canada\/\" \/>\n<meta property=\"og:site_name\" content=\"Micoulou Photographie\" \/>\n<meta property=\"article:published_time\" content=\"2011-10-05T03:35:00+00:00\" \/>\n<meta property=\"og:image\" content=\"http:\/\/2.bp.blogspot.com\/-XK-aeeIkXkU\/Tn8W4XhjRZI\/AAAAAAAAodk\/HKIi_JuUX9Q\/s320\/CRW_6749.jpg\" \/>\n<meta name=\"author\" content=\"micoulou\" \/>\n<meta name=\"twitter:card\" content=\"summary_large_image\" \/>\n<meta name=\"twitter:label1\" content=\"\u00c9crit par\" \/>\n\t<meta name=\"twitter:data1\" content=\"micoulou\" \/>\n\t<meta name=\"twitter:label2\" content=\"Dur\u00e9e de lecture estim\u00e9e\" \/>\n\t<meta name=\"twitter:data2\" content=\"2 minutes\" \/>\n<script type=\"application\/ld+json\" class=\"yoast-schema-graph\">{\"@context\":\"https:\\\/\\\/schema.org\",\"@graph\":[{\"@type\":\"Article\",\"@id\":\"https:\\\/\\\/www.micoulou-photos.com\\\/index.php\\\/2011\\\/10\\\/05\\\/retour-au-canada\\\/#article\",\"isPartOf\":{\"@id\":\"https:\\\/\\\/www.micoulou-photos.com\\\/index.php\\\/2011\\\/10\\\/05\\\/retour-au-canada\\\/\"},\"author\":{\"name\":\"micoulou\",\"@id\":\"https:\\\/\\\/www.micoulou-photos.com\\\/#\\\/schema\\\/person\\\/6aedfe8ebe91da632f46e7c9d806a722\"},\"headline\":\"Retour au Canada\",\"datePublished\":\"2011-10-05T03:35:00+00:00\",\"mainEntityOfPage\":{\"@id\":\"https:\\\/\\\/www.micoulou-photos.com\\\/index.php\\\/2011\\\/10\\\/05\\\/retour-au-canada\\\/\"},\"wordCount\":336,\"commentCount\":0,\"publisher\":{\"@id\":\"https:\\\/\\\/www.micoulou-photos.com\\\/#organization\"},\"image\":{\"@id\":\"https:\\\/\\\/www.micoulou-photos.com\\\/index.php\\\/2011\\\/10\\\/05\\\/retour-au-canada\\\/#primaryimage\"},\"thumbnailUrl\":\"http:\\\/\\\/2.bp.blogspot.com\\\/-XK-aeeIkXkU\\\/Tn8W4XhjRZI\\\/AAAAAAAAodk\\\/HKIi_JuUX9Q\\\/s320\\\/CRW_6749.jpg\",\"inLanguage\":\"fr-FR\",\"potentialAction\":[{\"@type\":\"CommentAction\",\"name\":\"Comment\",\"target\":[\"https:\\\/\\\/www.micoulou-photos.com\\\/index.php\\\/2011\\\/10\\\/05\\\/retour-au-canada\\\/#respond\"]}]},{\"@type\":\"WebPage\",\"@id\":\"https:\\\/\\\/www.micoulou-photos.com\\\/index.php\\\/2011\\\/10\\\/05\\\/retour-au-canada\\\/\",\"url\":\"https:\\\/\\\/www.micoulou-photos.com\\\/index.php\\\/2011\\\/10\\\/05\\\/retour-au-canada\\\/\",\"name\":\"Retour au Canada - Micoulou Photographie\",\"isPartOf\":{\"@id\":\"https:\\\/\\\/www.micoulou-photos.com\\\/#website\"},\"primaryImageOfPage\":{\"@id\":\"https:\\\/\\\/www.micoulou-photos.com\\\/index.php\\\/2011\\\/10\\\/05\\\/retour-au-canada\\\/#primaryimage\"},\"image\":{\"@id\":\"https:\\\/\\\/www.micoulou-photos.com\\\/index.php\\\/2011\\\/10\\\/05\\\/retour-au-canada\\\/#primaryimage\"},\"thumbnailUrl\":\"http:\\\/\\\/2.bp.blogspot.com\\\/-XK-aeeIkXkU\\\/Tn8W4XhjRZI\\\/AAAAAAAAodk\\\/HKIi_JuUX9Q\\\/s320\\\/CRW_6749.jpg\",\"datePublished\":\"2011-10-05T03:35:00+00:00\",\"breadcrumb\":{\"@id\":\"https:\\\/\\\/www.micoulou-photos.com\\\/index.php\\\/2011\\\/10\\\/05\\\/retour-au-canada\\\/#breadcrumb\"},\"inLanguage\":\"fr-FR\",\"potentialAction\":[{\"@type\":\"ReadAction\",\"target\":[\"https:\\\/\\\/www.micoulou-photos.com\\\/index.php\\\/2011\\\/10\\\/05\\\/retour-au-canada\\\/\"]}]},{\"@type\":\"ImageObject\",\"inLanguage\":\"fr-FR\",\"@id\":\"https:\\\/\\\/www.micoulou-photos.com\\\/index.php\\\/2011\\\/10\\\/05\\\/retour-au-canada\\\/#primaryimage\",\"url\":\"http:\\\/\\\/2.bp.blogspot.com\\\/-XK-aeeIkXkU\\\/Tn8W4XhjRZI\\\/AAAAAAAAodk\\\/HKIi_JuUX9Q\\\/s320\\\/CRW_6749.jpg\",\"contentUrl\":\"http:\\\/\\\/2.bp.blogspot.com\\\/-XK-aeeIkXkU\\\/Tn8W4XhjRZI\\\/AAAAAAAAodk\\\/HKIi_JuUX9Q\\\/s320\\\/CRW_6749.jpg\"},{\"@type\":\"BreadcrumbList\",\"@id\":\"https:\\\/\\\/www.micoulou-photos.com\\\/index.php\\\/2011\\\/10\\\/05\\\/retour-au-canada\\\/#breadcrumb\",\"itemListElement\":[{\"@type\":\"ListItem\",\"position\":1,\"name\":\"Accueil\",\"item\":\"https:\\\/\\\/www.micoulou-photos.com\\\/\"},{\"@type\":\"ListItem\",\"position\":2,\"name\":\"Retour au Canada\"}]},{\"@type\":\"WebSite\",\"@id\":\"https:\\\/\\\/www.micoulou-photos.com\\\/#website\",\"url\":\"https:\\\/\\\/www.micoulou-photos.com\\\/\",\"name\":\"Micoulou Photographie\",\"description\":\"Photographies, Visites virtuelles et formations par Mickael Minarie\",\"publisher\":{\"@id\":\"https:\\\/\\\/www.micoulou-photos.com\\\/#organization\"},\"potentialAction\":[{\"@type\":\"SearchAction\",\"target\":{\"@type\":\"EntryPoint\",\"urlTemplate\":\"https:\\\/\\\/www.micoulou-photos.com\\\/?s={search_term_string}\"},\"query-input\":{\"@type\":\"PropertyValueSpecification\",\"valueRequired\":true,\"valueName\":\"search_term_string\"}}],\"inLanguage\":\"fr-FR\"},{\"@type\":\"Organization\",\"@id\":\"https:\\\/\\\/www.micoulou-photos.com\\\/#organization\",\"name\":\"Micoulou Photographie\",\"url\":\"https:\\\/\\\/www.micoulou-photos.com\\\/\",\"logo\":{\"@type\":\"ImageObject\",\"inLanguage\":\"fr-FR\",\"@id\":\"https:\\\/\\\/www.micoulou-photos.com\\\/#\\\/schema\\\/logo\\\/image\\\/\",\"url\":\"https:\\\/\\\/i0.wp.com\\\/www.micoulou-photos.com\\\/wp-content\\\/uploads\\\/2020\\\/05\\\/cropped-891667_552097324824916_1615181552_o-1.jpg?fit=643%2C722&ssl=1\",\"contentUrl\":\"https:\\\/\\\/i0.wp.com\\\/www.micoulou-photos.com\\\/wp-content\\\/uploads\\\/2020\\\/05\\\/cropped-891667_552097324824916_1615181552_o-1.jpg?fit=643%2C722&ssl=1\",\"width\":643,\"height\":722,\"caption\":\"Micoulou Photographie\"},\"image\":{\"@id\":\"https:\\\/\\\/www.micoulou-photos.com\\\/#\\\/schema\\\/logo\\\/image\\\/\"}},{\"@type\":\"Person\",\"@id\":\"https:\\\/\\\/www.micoulou-photos.com\\\/#\\\/schema\\\/person\\\/6aedfe8ebe91da632f46e7c9d806a722\",\"name\":\"micoulou\",\"image\":{\"@type\":\"ImageObject\",\"inLanguage\":\"fr-FR\",\"@id\":\"https:\\\/\\\/secure.gravatar.com\\\/avatar\\\/98f892eb7d267eab2faa437baa3edd708deaaa43929316c0cc7b751a04cb247b?s=96&d=mm&r=g\",\"url\":\"https:\\\/\\\/secure.gravatar.com\\\/avatar\\\/98f892eb7d267eab2faa437baa3edd708deaaa43929316c0cc7b751a04cb247b?s=96&d=mm&r=g\",\"contentUrl\":\"https:\\\/\\\/secure.gravatar.com\\\/avatar\\\/98f892eb7d267eab2faa437baa3edd708deaaa43929316c0cc7b751a04cb247b?s=96&d=mm&r=g\",\"caption\":\"micoulou\"},\"url\":\"https:\\\/\\\/www.micoulou-photos.com\\\/index.php\\\/author\\\/micoulou\\\/\"}]}<\/script>\n<!-- \/ Yoast SEO plugin. -->","yoast_head_json":{"title":"Retour au Canada - Micoulou Photographie","robots":{"index":"index","follow":"follow","max-snippet":"max-snippet:-1","max-image-preview":"max-image-preview:large","max-video-preview":"max-video-preview:-1"},"canonical":"https:\/\/www.micoulou-photos.com\/index.php\/2011\/10\/05\/retour-au-canada\/","og_locale":"fr_FR","og_type":"article","og_title":"Retour au Canada - Micoulou Photographie","og_description":"Me voil\u00e0 de retour, apr\u00e8s un mois sans message&#8230;je suis donc revenu en France pendant 3 semaines, pour faire les photos du mariage d&rsquo;un de mes amis, revoir mes amis et la famille&#8230; Cel\u00e0 fait bizarre de les revoir et de devoir repartir si vite&#8230; J&rsquo;ai donc pass\u00e9 quelques jours en France, chez mes parents, [&hellip;]","og_url":"https:\/\/www.micoulou-photos.com\/index.php\/2011\/10\/05\/retour-au-canada\/","og_site_name":"Micoulou Photographie","article_published_time":"2011-10-05T03:35:00+00:00","og_image":[{"url":"http:\/\/2.bp.blogspot.com\/-XK-aeeIkXkU\/Tn8W4XhjRZI\/AAAAAAAAodk\/HKIi_JuUX9Q\/s320\/CRW_6749.jpg","type":"","width":"","height":""}],"author":"micoulou","twitter_card":"summary_large_image","twitter_misc":{"\u00c9crit par":"micoulou","Dur\u00e9e de lecture estim\u00e9e":"2 minutes"},"schema":{"@context":"https:\/\/schema.org","@graph":[{"@type":"Article","@id":"https:\/\/www.micoulou-photos.com\/index.php\/2011\/10\/05\/retour-au-canada\/#article","isPartOf":{"@id":"https:\/\/www.micoulou-photos.com\/index.php\/2011\/10\/05\/retour-au-canada\/"},"author":{"name":"micoulou","@id":"https:\/\/www.micoulou-photos.com\/#\/schema\/person\/6aedfe8ebe91da632f46e7c9d806a722"},"headline":"Retour au Canada","datePublished":"2011-10-05T03:35:00+00:00","mainEntityOfPage":{"@id":"https:\/\/www.micoulou-photos.com\/index.php\/2011\/10\/05\/retour-au-canada\/"},"wordCount":336,"commentCount":0,"publisher":{"@id":"https:\/\/www.micoulou-photos.com\/#organization"},"image":{"@id":"https:\/\/www.micoulou-photos.com\/index.php\/2011\/10\/05\/retour-au-canada\/#primaryimage"},"thumbnailUrl":"http:\/\/2.bp.blogspot.com\/-XK-aeeIkXkU\/Tn8W4XhjRZI\/AAAAAAAAodk\/HKIi_JuUX9Q\/s320\/CRW_6749.jpg","inLanguage":"fr-FR","potentialAction":[{"@type":"CommentAction","name":"Comment","target":["https:\/\/www.micoulou-photos.com\/index.php\/2011\/10\/05\/retour-au-canada\/#respond"]}]},{"@type":"WebPage","@id":"https:\/\/www.micoulou-photos.com\/index.php\/2011\/10\/05\/retour-au-canada\/","url":"https:\/\/www.micoulou-photos.com\/index.php\/2011\/10\/05\/retour-au-canada\/","name":"Retour au Canada - Micoulou Photographie","isPartOf":{"@id":"https:\/\/www.micoulou-photos.com\/#website"},"primaryImageOfPage":{"@id":"https:\/\/www.micoulou-photos.com\/index.php\/2011\/10\/05\/retour-au-canada\/#primaryimage"},"image":{"@id":"https:\/\/www.micoulou-photos.com\/index.php\/2011\/10\/05\/retour-au-canada\/#primaryimage"},"thumbnailUrl":"http:\/\/2.bp.blogspot.com\/-XK-aeeIkXkU\/Tn8W4XhjRZI\/AAAAAAAAodk\/HKIi_JuUX9Q\/s320\/CRW_6749.jpg","datePublished":"2011-10-05T03:35:00+00:00","breadcrumb":{"@id":"https:\/\/www.micoulou-photos.com\/index.php\/2011\/10\/05\/retour-au-canada\/#breadcrumb"},"inLanguage":"fr-FR","potentialAction":[{"@type":"ReadAction","target":["https:\/\/www.micoulou-photos.com\/index.php\/2011\/10\/05\/retour-au-canada\/"]}]},{"@type":"ImageObject","inLanguage":"fr-FR","@id":"https:\/\/www.micoulou-photos.com\/index.php\/2011\/10\/05\/retour-au-canada\/#primaryimage","url":"http:\/\/2.bp.blogspot.com\/-XK-aeeIkXkU\/Tn8W4XhjRZI\/AAAAAAAAodk\/HKIi_JuUX9Q\/s320\/CRW_6749.jpg","contentUrl":"http:\/\/2.bp.blogspot.com\/-XK-aeeIkXkU\/Tn8W4XhjRZI\/AAAAAAAAodk\/HKIi_JuUX9Q\/s320\/CRW_6749.jpg"},{"@type":"BreadcrumbList","@id":"https:\/\/www.micoulou-photos.com\/index.php\/2011\/10\/05\/retour-au-canada\/#breadcrumb","itemListElement":[{"@type":"ListItem","position":1,"name":"Accueil","item":"https:\/\/www.micoulou-photos.com\/"},{"@type":"ListItem","position":2,"name":"Retour au Canada"}]},{"@type":"WebSite","@id":"https:\/\/www.micoulou-photos.com\/#website","url":"https:\/\/www.micoulou-photos.com\/","name":"Micoulou Photographie","description":"Photographies, Visites virtuelles et formations par Mickael Minarie","publisher":{"@id":"https:\/\/www.micoulou-photos.com\/#organization"},"potentialAction":[{"@type":"SearchAction","target":{"@type":"EntryPoint","urlTemplate":"https:\/\/www.micoulou-photos.com\/?s={search_term_string}"},"query-input":{"@type":"PropertyValueSpecification","valueRequired":true,"valueName":"search_term_string"}}],"inLanguage":"fr-FR"},{"@type":"Organization","@id":"https:\/\/www.micoulou-photos.com\/#organization","name":"Micoulou Photographie","url":"https:\/\/www.micoulou-photos.com\/","logo":{"@type":"ImageObject","inLanguage":"fr-FR","@id":"https:\/\/www.micoulou-photos.com\/#\/schema\/logo\/image\/","url":"https:\/\/i0.wp.com\/www.micoulou-photos.com\/wp-content\/uploads\/2020\/05\/cropped-891667_552097324824916_1615181552_o-1.jpg?fit=643%2C722&ssl=1","contentUrl":"https:\/\/i0.wp.com\/www.micoulou-photos.com\/wp-content\/uploads\/2020\/05\/cropped-891667_552097324824916_1615181552_o-1.jpg?fit=643%2C722&ssl=1","width":643,"height":722,"caption":"Micoulou Photographie"},"image":{"@id":"https:\/\/www.micoulou-photos.com\/#\/schema\/logo\/image\/"}},{"@type":"Person","@id":"https:\/\/www.micoulou-photos.com\/#\/schema\/person\/6aedfe8ebe91da632f46e7c9d806a722","name":"micoulou","image":{"@type":"ImageObject","inLanguage":"fr-FR","@id":"https:\/\/secure.gravatar.com\/avatar\/98f892eb7d267eab2faa437baa3edd708deaaa43929316c0cc7b751a04cb247b?s=96&d=mm&r=g","url":"https:\/\/secure.gravatar.com\/avatar\/98f892eb7d267eab2faa437baa3edd708deaaa43929316c0cc7b751a04cb247b?s=96&d=mm&r=g","contentUrl":"https:\/\/secure.gravatar.com\/avatar\/98f892eb7d267eab2faa437baa3edd708deaaa43929316c0cc7b751a04cb247b?s=96&d=mm&r=g","caption":"micoulou"},"url":"https:\/\/www.micoulou-photos.com\/index.php\/author\/micoulou\/"}]}},"jetpack_publicize_connections":[],"jetpack_featured_media_url":"","jetpack_sharing_enabled":true,"jetpack_shortlink":"https:\/\/wp.me\/p7zKF4-2v","jetpack-related-posts":[{"id":6089,"url":"https:\/\/www.micoulou-photos.com\/index.php\/2020\/05\/26\/photos-en-confinement\/","url_meta":{"origin":155,"position":0},"title":"photos en confinement","author":"micoulou","date":"26 mai 2020","format":false,"excerpt":"Mon voyage en conifnement, et mes photos","rel":"","context":"Dans &quot;Asperger&quot;","block_context":{"text":"Asperger","link":"https:\/\/www.micoulou-photos.com\/index.php\/category\/asperger\/"},"img":{"alt_text":"bord de leyre","src":"https:\/\/i0.wp.com\/www.micoulou-photos.com\/wp-content\/uploads\/2020\/05\/DSC04472.jpg?fit=1200%2C802&ssl=1&resize=350%2C200","width":350,"height":200,"srcset":"https:\/\/i0.wp.com\/www.micoulou-photos.com\/wp-content\/uploads\/2020\/05\/DSC04472.jpg?fit=1200%2C802&ssl=1&resize=350%2C200 1x, https:\/\/i0.wp.com\/www.micoulou-photos.com\/wp-content\/uploads\/2020\/05\/DSC04472.jpg?fit=1200%2C802&ssl=1&resize=525%2C300 1.5x, https:\/\/i0.wp.com\/www.micoulou-photos.com\/wp-content\/uploads\/2020\/05\/DSC04472.jpg?fit=1200%2C802&ssl=1&resize=700%2C400 2x, https:\/\/i0.wp.com\/www.micoulou-photos.com\/wp-content\/uploads\/2020\/05\/DSC04472.jpg?fit=1200%2C802&ssl=1&resize=1050%2C600 3x"},"classes":[]},{"id":162,"url":"https:\/\/www.micoulou-photos.com\/index.php\/2011\/08\/13\/riviere-du-loup-et-fredericton\/","url_meta":{"origin":155,"position":1},"title":"Riviere du loup et Fredericton","author":"micoulou","date":"13 ao\u00fbt 2011","format":false,"excerpt":"Quelques nouvelles en direct de Fredericton dans l'Auberge de jeunesse...Voil\u00e0, apr\u00e8s quelques jours \u00e0 Rivi\u00e8re du loup, o\u00f9 l'ambiance dans l'auberge etait bien differente de ce que j'avais connu cette hivers : des repas organis\u00e9 par l'equipe, des chute differentes de ce que j'ai vu, un mus\u00e9e gratuit... Et encore\u2026","rel":"","context":"Dans &quot;Non class\u00e9&quot;","block_context":{"text":"Non class\u00e9","link":"https:\/\/www.micoulou-photos.com\/index.php\/category\/non-classe\/"},"img":{"alt_text":"","src":"https:\/\/i0.wp.com\/1.bp.blogspot.com\/-ZprsIIzL34E\/TkXYhDTyNOI\/AAAAAAAAmmQ\/pEaxDcasQsI\/s320\/IMGP2201.jpg?resize=350%2C200","width":350,"height":200},"classes":[]},{"id":4717,"url":"https:\/\/www.micoulou-photos.com\/index.php\/2018\/08\/08\/2-jours-a-st-john\/","url_meta":{"origin":155,"position":2},"title":"2 jours \u00e1 St John","author":"micoulou","date":"8 ao\u00fbt 2018","format":false,"excerpt":"Me voila sur pied, un succulent resto vegetarien de Macau et 11h de sommeil plus tard, je commence mon exploration de St John. Premier jour, lev\u00e9 a 8h, je commence a visiter la ville. Premier passage chez Tim Horton, puis petite decouverte du centre ville... Deuxi\u00e8me chose de la joun\u00e9e,\u2026","rel":"","context":"Dans &quot;Canada&quot;","block_context":{"text":"Canada","link":"https:\/\/www.micoulou-photos.com\/index.php\/category\/canada\/"},"img":{"alt_text":"","src":"https:\/\/i0.wp.com\/www.micoulou-photos.com\/wp-content\/uploads\/2018\/08\/P6190206.jpg?fit=1200%2C675&ssl=1&resize=350%2C200","width":350,"height":200,"srcset":"https:\/\/i0.wp.com\/www.micoulou-photos.com\/wp-content\/uploads\/2018\/08\/P6190206.jpg?fit=1200%2C675&ssl=1&resize=350%2C200 1x, https:\/\/i0.wp.com\/www.micoulou-photos.com\/wp-content\/uploads\/2018\/08\/P6190206.jpg?fit=1200%2C675&ssl=1&resize=525%2C300 1.5x, https:\/\/i0.wp.com\/www.micoulou-photos.com\/wp-content\/uploads\/2018\/08\/P6190206.jpg?fit=1200%2C675&ssl=1&resize=700%2C400 2x, https:\/\/i0.wp.com\/www.micoulou-photos.com\/wp-content\/uploads\/2018\/08\/P6190206.jpg?fit=1200%2C675&ssl=1&resize=1050%2C600 3x"},"classes":[]},{"id":163,"url":"https:\/\/www.micoulou-photos.com\/index.php\/2011\/08\/08\/retour-en-terrain-presque-connu\/","url_meta":{"origin":155,"position":3},"title":"retour en terrain (presque) connu","author":"micoulou","date":"8 ao\u00fbt 2011","format":false,"excerpt":"Bonjour \u00e0 tous les lecteurs de ce blog,Comme vous le savez peut etre, le wwoofing est termin\u00e9 pour moi pour le moment, il est tant de continuer le voyage et bientot de revenir dans un travail en informatique...Je suis donc repass\u00e9 \u00e0 Montreal et \u00e0 Quebec... Peu de photos en\u2026","rel":"","context":"Dans &quot;Non class\u00e9&quot;","block_context":{"text":"Non class\u00e9","link":"https:\/\/www.micoulou-photos.com\/index.php\/category\/non-classe\/"},"img":{"alt_text":"","src":"","width":0,"height":0},"classes":[]},{"id":17,"url":"https:\/\/www.micoulou-photos.com\/index.php\/2016\/05\/04\/une-semaine-a-aberdeen\/","url_meta":{"origin":155,"position":4},"title":"Une semaine \u00e0 Aberdeen","author":"micoulou","date":"4 mai 2016","format":false,"excerpt":"Je viens de passer presque une semaine \u00e0 Aberdeen, en Ecosse, apr\u00e8s 4 ans d\u2019absence\u2026 Je n\u2019ai pas ressenti la m\u00eame chose que les derni\u00e8res fois, j\u2019ai l\u2019impression que la soci\u00e9t\u00e9 de consommation est pr\u00e9sente partout, qu\u2019on trouve de la \u00ab\u00a0junk food\u00a0\u00bb quasiment partout et qu\u2019il est difficile de bien\u2026","rel":"","context":"Dans &quot;voyage&quot;","block_context":{"text":"voyage","link":"https:\/\/www.micoulou-photos.com\/index.php\/category\/voyage\/"},"img":{"alt_text":"","src":"https:\/\/i0.wp.com\/www.micoulou-photos.com\/wp-content\/uploads\/2016\/05\/IMG_5896.jpg?fit=1000%2C1000&ssl=1&resize=350%2C200","width":350,"height":200,"srcset":"https:\/\/i0.wp.com\/www.micoulou-photos.com\/wp-content\/uploads\/2016\/05\/IMG_5896.jpg?fit=1000%2C1000&ssl=1&resize=350%2C200 1x, https:\/\/i0.wp.com\/www.micoulou-photos.com\/wp-content\/uploads\/2016\/05\/IMG_5896.jpg?fit=1000%2C1000&ssl=1&resize=525%2C300 1.5x, https:\/\/i0.wp.com\/www.micoulou-photos.com\/wp-content\/uploads\/2016\/05\/IMG_5896.jpg?fit=1000%2C1000&ssl=1&resize=700%2C400 2x"},"classes":[]},{"id":182,"url":"https:\/\/www.micoulou-photos.com\/index.php\/2011\/06\/04\/retour-a-la-meme-case\/","url_meta":{"origin":155,"position":5},"title":"Retour&#8230; \u00e0 la m\u00eame case&#8230;","author":"micoulou","date":"4 juin 2011","format":false,"excerpt":"Bon, je vous donne finalement quelques nouvelles... depuis Sleepinglady farm...J'ai donc \u00e9t\u00e9 hier \u00e0 la gare des bus de Keremeos, o\u00f9 je devais rencontrer la personne qui devait m'emmener au lodge qui est \u00e0 1h30 de 4x4 de Keremeos (40km dans les montagnes...). Arriv\u00e9 \u00e0 la gare des bus, une\u2026","rel":"","context":"Dans &quot;Non class\u00e9&quot;","block_context":{"text":"Non class\u00e9","link":"https:\/\/www.micoulou-photos.com\/index.php\/category\/non-classe\/"},"img":{"alt_text":"","src":"","width":0,"height":0},"classes":[]}],"_links":{"self":[{"href":"https:\/\/www.micoulou-photos.com\/index.php\/wp-json\/wp\/v2\/posts\/155","targetHints":{"allow":["GET"]}}],"collection":[{"href":"https:\/\/www.micoulou-photos.com\/index.php\/wp-json\/wp\/v2\/posts"}],"about":[{"href":"https:\/\/www.micoulou-photos.com\/index.php\/wp-json\/wp\/v2\/types\/post"}],"author":[{"embeddable":true,"href":"https:\/\/www.micoulou-photos.com\/index.php\/wp-json\/wp\/v2\/users\/1"}],"replies":[{"embeddable":true,"href":"https:\/\/www.micoulou-photos.com\/index.php\/wp-json\/wp\/v2\/comments?post=155"}],"version-history":[{"count":1,"href":"https:\/\/www.micoulou-photos.com\/index.php\/wp-json\/wp\/v2\/posts\/155\/revisions"}],"predecessor-version":[{"id":2474,"href":"https:\/\/www.micoulou-photos.com\/index.php\/wp-json\/wp\/v2\/posts\/155\/revisions\/2474"}],"wp:attachment":[{"href":"https:\/\/www.micoulou-photos.com\/index.php\/wp-json\/wp\/v2\/media?parent=155"}],"wp:term":[{"taxonomy":"category","embeddable":true,"href":"https:\/\/www.micoulou-photos.com\/index.php\/wp-json\/wp\/v2\/categories?post=155"},{"taxonomy":"post_tag","embeddable":true,"href":"https:\/\/www.micoulou-photos.com\/index.php\/wp-json\/wp\/v2\/tags?post=155"}],"curies":[{"name":"wp","href":"https:\/\/api.w.org\/{rel}","templated":true}]}}