{"id":1539,"date":"2015-11-21T23:29:59","date_gmt":"2015-11-21T23:29:59","guid":{"rendered":"http:\/\/www.micoulou-photos.com\/?p=1531"},"modified":"2020-04-26T01:20:15","modified_gmt":"2020-04-26T00:20:15","slug":"exposition-a-loubens","status":"publish","type":"post","link":"https:\/\/www.micoulou-photos.com\/index.php\/2015\/11\/21\/exposition-a-loubens\/","title":{"rendered":"Exposition \u00e0 Loubens"},"content":{"rendered":"<p>[:fr]Ma premi\u00e8re (et j&rsquo;espere pas derni\u00e8re), expo d\u00e9butera le 29 novembre jusqu&rsquo;au 12 janvier, \u00e0 l&rsquo;auberge de Loubens Lauragais, dans le lauragais pas loin de Toulouse.<\/p>\n<p>Le vernissage aura lieu le 29, venez nombreux !<\/p>\n<p><img data-recalc-dims=\"1\" fetchpriority=\"high\" decoding=\"async\" class=\"alignnone size-large wp-image-1532\" src=\"https:\/\/i0.wp.com\/micoulou.info\/wp\/wp-content\/uploads\/2015\/11\/EXPO-PHOTO-mickael-723x1024.jpg?resize=723%2C1024\" alt=\"EXPO PHOTO mickael\" width=\"723\" height=\"1024\">[:]<\/p>\n","protected":false},"excerpt":{"rendered":"<p>[:fr]Ma premi\u00e8re (et j&rsquo;espere pas derni\u00e8re), expo d\u00e9butera le 29 novembre jusqu&rsquo;au 12 janvier, \u00e0 l&rsquo;auberge de Loubens Lauragais, dans le lauragais pas loin de Toulouse. Le vernissage aura lieu le 29, venez nombreux ! [:]<\/p>\n","protected":false},"author":1,"featured_media":527,"comment_status":"open","ping_status":"open","sticky":false,"template":"","format":"standard","meta":{"jetpack_post_was_ever_published":false,"_jetpack_newsletter_access":"","_jetpack_dont_email_post_to_subs":true,"_jetpack_newsletter_tier_id":0,"_jetpack_memberships_contains_paywalled_content":false,"_jetpack_memberships_contains_paid_content":false,"footnotes":"","jetpack_publicize_message":"","jetpack_publicize_feature_enabled":true,"jetpack_social_post_already_shared":true,"jetpack_social_options":{"image_generator_settings":{"template":"highway","default_image_id":0,"font":"","enabled":false},"version":2}},"categories":[],"tags":[],"class_list":["post-1539","post","type-post","status-publish","format-standard","has-post-thumbnail","hentry"],"yoast_head":"<!-- This site is optimized with the Yoast SEO plugin v27.5 - https:\/\/yoast.com\/product\/yoast-seo-wordpress\/ -->\n<title>Exposition \u00e0 Loubens - Micoulou Photographie<\/title>\n<meta name=\"robots\" content=\"index, follow, max-snippet:-1, max-image-preview:large, max-video-preview:-1\" \/>\n<link rel=\"canonical\" href=\"https:\/\/www.micoulou-photos.com\/index.php\/2015\/11\/21\/exposition-a-loubens\/\" \/>\n<meta property=\"og:locale\" content=\"fr_FR\" \/>\n<meta property=\"og:type\" content=\"article\" \/>\n<meta property=\"og:title\" content=\"Exposition \u00e0 Loubens - Micoulou Photographie\" \/>\n<meta property=\"og:description\" content=\"[:fr]Ma premi\u00e8re (et j&rsquo;espere pas derni\u00e8re), expo d\u00e9butera le 29 novembre jusqu&rsquo;au 12 janvier, \u00e0 l&rsquo;auberge de Loubens Lauragais, dans le lauragais pas loin de Toulouse. Le vernissage aura lieu le 29, venez nombreux ! [:]\" \/>\n<meta property=\"og:url\" content=\"https:\/\/www.micoulou-photos.com\/index.php\/2015\/11\/21\/exposition-a-loubens\/\" \/>\n<meta property=\"og:site_name\" content=\"Micoulou Photographie\" \/>\n<meta property=\"article:published_time\" content=\"2015-11-21T23:29:59+00:00\" \/>\n<meta property=\"article:modified_time\" content=\"2020-04-26T00:20:15+00:00\" \/>\n<meta property=\"og:image\" content=\"https:\/\/i2.wp.com\/www.micoulou-photos.com\/wp-content\/uploads\/2014\/01\/IMG_2573.jpg?fit=1000%2C1000&ssl=1\" \/>\n\t<meta property=\"og:image:width\" content=\"1000\" \/>\n\t<meta property=\"og:image:height\" content=\"1000\" \/>\n\t<meta property=\"og:image:type\" content=\"image\/jpeg\" \/>\n<meta name=\"author\" content=\"micoulou\" \/>\n<meta name=\"twitter:card\" content=\"summary_large_image\" \/>\n<meta name=\"twitter:label1\" content=\"\u00c9crit par\" \/>\n\t<meta name=\"twitter:data1\" content=\"micoulou\" \/>\n<script type=\"application\/ld+json\" class=\"yoast-schema-graph\">{\"@context\":\"https:\\\/\\\/schema.org\",\"@graph\":[{\"@type\":\"Article\",\"@id\":\"https:\\\/\\\/www.micoulou-photos.com\\\/index.php\\\/2015\\\/11\\\/21\\\/exposition-a-loubens\\\/#article\",\"isPartOf\":{\"@id\":\"https:\\\/\\\/www.micoulou-photos.com\\\/index.php\\\/2015\\\/11\\\/21\\\/exposition-a-loubens\\\/\"},\"author\":{\"name\":\"micoulou\",\"@id\":\"https:\\\/\\\/www.micoulou-photos.com\\\/#\\\/schema\\\/person\\\/6aedfe8ebe91da632f46e7c9d806a722\"},\"headline\":\"Exposition \u00e0 Loubens\",\"datePublished\":\"2015-11-21T23:29:59+00:00\",\"dateModified\":\"2020-04-26T00:20:15+00:00\",\"mainEntityOfPage\":{\"@id\":\"https:\\\/\\\/www.micoulou-photos.com\\\/index.php\\\/2015\\\/11\\\/21\\\/exposition-a-loubens\\\/\"},\"wordCount\":39,\"commentCount\":0,\"publisher\":{\"@id\":\"https:\\\/\\\/www.micoulou-photos.com\\\/#organization\"},\"image\":{\"@id\":\"https:\\\/\\\/www.micoulou-photos.com\\\/index.php\\\/2015\\\/11\\\/21\\\/exposition-a-loubens\\\/#primaryimage\"},\"thumbnailUrl\":\"https:\\\/\\\/i0.wp.com\\\/www.micoulou-photos.com\\\/wp-content\\\/uploads\\\/2014\\\/01\\\/IMG_2573.jpg?fit=1000%2C1000&ssl=1\",\"inLanguage\":\"fr-FR\",\"potentialAction\":[{\"@type\":\"CommentAction\",\"name\":\"Comment\",\"target\":[\"https:\\\/\\\/www.micoulou-photos.com\\\/index.php\\\/2015\\\/11\\\/21\\\/exposition-a-loubens\\\/#respond\"]}]},{\"@type\":\"WebPage\",\"@id\":\"https:\\\/\\\/www.micoulou-photos.com\\\/index.php\\\/2015\\\/11\\\/21\\\/exposition-a-loubens\\\/\",\"url\":\"https:\\\/\\\/www.micoulou-photos.com\\\/index.php\\\/2015\\\/11\\\/21\\\/exposition-a-loubens\\\/\",\"name\":\"Exposition \u00e0 Loubens - Micoulou Photographie\",\"isPartOf\":{\"@id\":\"https:\\\/\\\/www.micoulou-photos.com\\\/#website\"},\"primaryImageOfPage\":{\"@id\":\"https:\\\/\\\/www.micoulou-photos.com\\\/index.php\\\/2015\\\/11\\\/21\\\/exposition-a-loubens\\\/#primaryimage\"},\"image\":{\"@id\":\"https:\\\/\\\/www.micoulou-photos.com\\\/index.php\\\/2015\\\/11\\\/21\\\/exposition-a-loubens\\\/#primaryimage\"},\"thumbnailUrl\":\"https:\\\/\\\/i0.wp.com\\\/www.micoulou-photos.com\\\/wp-content\\\/uploads\\\/2014\\\/01\\\/IMG_2573.jpg?fit=1000%2C1000&ssl=1\",\"datePublished\":\"2015-11-21T23:29:59+00:00\",\"dateModified\":\"2020-04-26T00:20:15+00:00\",\"breadcrumb\":{\"@id\":\"https:\\\/\\\/www.micoulou-photos.com\\\/index.php\\\/2015\\\/11\\\/21\\\/exposition-a-loubens\\\/#breadcrumb\"},\"inLanguage\":\"fr-FR\",\"potentialAction\":[{\"@type\":\"ReadAction\",\"target\":[\"https:\\\/\\\/www.micoulou-photos.com\\\/index.php\\\/2015\\\/11\\\/21\\\/exposition-a-loubens\\\/\"]}]},{\"@type\":\"ImageObject\",\"inLanguage\":\"fr-FR\",\"@id\":\"https:\\\/\\\/www.micoulou-photos.com\\\/index.php\\\/2015\\\/11\\\/21\\\/exposition-a-loubens\\\/#primaryimage\",\"url\":\"https:\\\/\\\/i0.wp.com\\\/www.micoulou-photos.com\\\/wp-content\\\/uploads\\\/2014\\\/01\\\/IMG_2573.jpg?fit=1000%2C1000&ssl=1\",\"contentUrl\":\"https:\\\/\\\/i0.wp.com\\\/www.micoulou-photos.com\\\/wp-content\\\/uploads\\\/2014\\\/01\\\/IMG_2573.jpg?fit=1000%2C1000&ssl=1\",\"width\":1000,\"height\":1000},{\"@type\":\"BreadcrumbList\",\"@id\":\"https:\\\/\\\/www.micoulou-photos.com\\\/index.php\\\/2015\\\/11\\\/21\\\/exposition-a-loubens\\\/#breadcrumb\",\"itemListElement\":[{\"@type\":\"ListItem\",\"position\":1,\"name\":\"Accueil\",\"item\":\"https:\\\/\\\/www.micoulou-photos.com\\\/\"},{\"@type\":\"ListItem\",\"position\":2,\"name\":\"Exposition \u00e0 Loubens\"}]},{\"@type\":\"WebSite\",\"@id\":\"https:\\\/\\\/www.micoulou-photos.com\\\/#website\",\"url\":\"https:\\\/\\\/www.micoulou-photos.com\\\/\",\"name\":\"Micoulou Photographie\",\"description\":\"Photographies, Visites virtuelles et formations par Mickael Minarie\",\"publisher\":{\"@id\":\"https:\\\/\\\/www.micoulou-photos.com\\\/#organization\"},\"potentialAction\":[{\"@type\":\"SearchAction\",\"target\":{\"@type\":\"EntryPoint\",\"urlTemplate\":\"https:\\\/\\\/www.micoulou-photos.com\\\/?s={search_term_string}\"},\"query-input\":{\"@type\":\"PropertyValueSpecification\",\"valueRequired\":true,\"valueName\":\"search_term_string\"}}],\"inLanguage\":\"fr-FR\"},{\"@type\":\"Organization\",\"@id\":\"https:\\\/\\\/www.micoulou-photos.com\\\/#organization\",\"name\":\"Micoulou Photographie\",\"url\":\"https:\\\/\\\/www.micoulou-photos.com\\\/\",\"logo\":{\"@type\":\"ImageObject\",\"inLanguage\":\"fr-FR\",\"@id\":\"https:\\\/\\\/www.micoulou-photos.com\\\/#\\\/schema\\\/logo\\\/image\\\/\",\"url\":\"https:\\\/\\\/i0.wp.com\\\/www.micoulou-photos.com\\\/wp-content\\\/uploads\\\/2020\\\/05\\\/cropped-891667_552097324824916_1615181552_o-1.jpg?fit=643%2C722&ssl=1\",\"contentUrl\":\"https:\\\/\\\/i0.wp.com\\\/www.micoulou-photos.com\\\/wp-content\\\/uploads\\\/2020\\\/05\\\/cropped-891667_552097324824916_1615181552_o-1.jpg?fit=643%2C722&ssl=1\",\"width\":643,\"height\":722,\"caption\":\"Micoulou Photographie\"},\"image\":{\"@id\":\"https:\\\/\\\/www.micoulou-photos.com\\\/#\\\/schema\\\/logo\\\/image\\\/\"}},{\"@type\":\"Person\",\"@id\":\"https:\\\/\\\/www.micoulou-photos.com\\\/#\\\/schema\\\/person\\\/6aedfe8ebe91da632f46e7c9d806a722\",\"name\":\"micoulou\",\"image\":{\"@type\":\"ImageObject\",\"inLanguage\":\"fr-FR\",\"@id\":\"https:\\\/\\\/secure.gravatar.com\\\/avatar\\\/98f892eb7d267eab2faa437baa3edd708deaaa43929316c0cc7b751a04cb247b?s=96&d=mm&r=g\",\"url\":\"https:\\\/\\\/secure.gravatar.com\\\/avatar\\\/98f892eb7d267eab2faa437baa3edd708deaaa43929316c0cc7b751a04cb247b?s=96&d=mm&r=g\",\"contentUrl\":\"https:\\\/\\\/secure.gravatar.com\\\/avatar\\\/98f892eb7d267eab2faa437baa3edd708deaaa43929316c0cc7b751a04cb247b?s=96&d=mm&r=g\",\"caption\":\"micoulou\"},\"url\":\"https:\\\/\\\/www.micoulou-photos.com\\\/index.php\\\/author\\\/micoulou\\\/\"}]}<\/script>\n<!-- \/ Yoast SEO plugin. -->","yoast_head_json":{"title":"Exposition \u00e0 Loubens - Micoulou Photographie","robots":{"index":"index","follow":"follow","max-snippet":"max-snippet:-1","max-image-preview":"max-image-preview:large","max-video-preview":"max-video-preview:-1"},"canonical":"https:\/\/www.micoulou-photos.com\/index.php\/2015\/11\/21\/exposition-a-loubens\/","og_locale":"fr_FR","og_type":"article","og_title":"Exposition \u00e0 Loubens - Micoulou Photographie","og_description":"[:fr]Ma premi\u00e8re (et j&rsquo;espere pas derni\u00e8re), expo d\u00e9butera le 29 novembre jusqu&rsquo;au 12 janvier, \u00e0 l&rsquo;auberge de Loubens Lauragais, dans le lauragais pas loin de Toulouse. Le vernissage aura lieu le 29, venez nombreux ! [:]","og_url":"https:\/\/www.micoulou-photos.com\/index.php\/2015\/11\/21\/exposition-a-loubens\/","og_site_name":"Micoulou Photographie","article_published_time":"2015-11-21T23:29:59+00:00","article_modified_time":"2020-04-26T00:20:15+00:00","og_image":[{"width":1000,"height":1000,"url":"https:\/\/i2.wp.com\/www.micoulou-photos.com\/wp-content\/uploads\/2014\/01\/IMG_2573.jpg?fit=1000%2C1000&ssl=1","type":"image\/jpeg"}],"author":"micoulou","twitter_card":"summary_large_image","twitter_misc":{"\u00c9crit par":"micoulou"},"schema":{"@context":"https:\/\/schema.org","@graph":[{"@type":"Article","@id":"https:\/\/www.micoulou-photos.com\/index.php\/2015\/11\/21\/exposition-a-loubens\/#article","isPartOf":{"@id":"https:\/\/www.micoulou-photos.com\/index.php\/2015\/11\/21\/exposition-a-loubens\/"},"author":{"name":"micoulou","@id":"https:\/\/www.micoulou-photos.com\/#\/schema\/person\/6aedfe8ebe91da632f46e7c9d806a722"},"headline":"Exposition \u00e0 Loubens","datePublished":"2015-11-21T23:29:59+00:00","dateModified":"2020-04-26T00:20:15+00:00","mainEntityOfPage":{"@id":"https:\/\/www.micoulou-photos.com\/index.php\/2015\/11\/21\/exposition-a-loubens\/"},"wordCount":39,"commentCount":0,"publisher":{"@id":"https:\/\/www.micoulou-photos.com\/#organization"},"image":{"@id":"https:\/\/www.micoulou-photos.com\/index.php\/2015\/11\/21\/exposition-a-loubens\/#primaryimage"},"thumbnailUrl":"https:\/\/i0.wp.com\/www.micoulou-photos.com\/wp-content\/uploads\/2014\/01\/IMG_2573.jpg?fit=1000%2C1000&ssl=1","inLanguage":"fr-FR","potentialAction":[{"@type":"CommentAction","name":"Comment","target":["https:\/\/www.micoulou-photos.com\/index.php\/2015\/11\/21\/exposition-a-loubens\/#respond"]}]},{"@type":"WebPage","@id":"https:\/\/www.micoulou-photos.com\/index.php\/2015\/11\/21\/exposition-a-loubens\/","url":"https:\/\/www.micoulou-photos.com\/index.php\/2015\/11\/21\/exposition-a-loubens\/","name":"Exposition \u00e0 Loubens - Micoulou Photographie","isPartOf":{"@id":"https:\/\/www.micoulou-photos.com\/#website"},"primaryImageOfPage":{"@id":"https:\/\/www.micoulou-photos.com\/index.php\/2015\/11\/21\/exposition-a-loubens\/#primaryimage"},"image":{"@id":"https:\/\/www.micoulou-photos.com\/index.php\/2015\/11\/21\/exposition-a-loubens\/#primaryimage"},"thumbnailUrl":"https:\/\/i0.wp.com\/www.micoulou-photos.com\/wp-content\/uploads\/2014\/01\/IMG_2573.jpg?fit=1000%2C1000&ssl=1","datePublished":"2015-11-21T23:29:59+00:00","dateModified":"2020-04-26T00:20:15+00:00","breadcrumb":{"@id":"https:\/\/www.micoulou-photos.com\/index.php\/2015\/11\/21\/exposition-a-loubens\/#breadcrumb"},"inLanguage":"fr-FR","potentialAction":[{"@type":"ReadAction","target":["https:\/\/www.micoulou-photos.com\/index.php\/2015\/11\/21\/exposition-a-loubens\/"]}]},{"@type":"ImageObject","inLanguage":"fr-FR","@id":"https:\/\/www.micoulou-photos.com\/index.php\/2015\/11\/21\/exposition-a-loubens\/#primaryimage","url":"https:\/\/i0.wp.com\/www.micoulou-photos.com\/wp-content\/uploads\/2014\/01\/IMG_2573.jpg?fit=1000%2C1000&ssl=1","contentUrl":"https:\/\/i0.wp.com\/www.micoulou-photos.com\/wp-content\/uploads\/2014\/01\/IMG_2573.jpg?fit=1000%2C1000&ssl=1","width":1000,"height":1000},{"@type":"BreadcrumbList","@id":"https:\/\/www.micoulou-photos.com\/index.php\/2015\/11\/21\/exposition-a-loubens\/#breadcrumb","itemListElement":[{"@type":"ListItem","position":1,"name":"Accueil","item":"https:\/\/www.micoulou-photos.com\/"},{"@type":"ListItem","position":2,"name":"Exposition \u00e0 Loubens"}]},{"@type":"WebSite","@id":"https:\/\/www.micoulou-photos.com\/#website","url":"https:\/\/www.micoulou-photos.com\/","name":"Micoulou Photographie","description":"Photographies, Visites virtuelles et formations par Mickael Minarie","publisher":{"@id":"https:\/\/www.micoulou-photos.com\/#organization"},"potentialAction":[{"@type":"SearchAction","target":{"@type":"EntryPoint","urlTemplate":"https:\/\/www.micoulou-photos.com\/?s={search_term_string}"},"query-input":{"@type":"PropertyValueSpecification","valueRequired":true,"valueName":"search_term_string"}}],"inLanguage":"fr-FR"},{"@type":"Organization","@id":"https:\/\/www.micoulou-photos.com\/#organization","name":"Micoulou Photographie","url":"https:\/\/www.micoulou-photos.com\/","logo":{"@type":"ImageObject","inLanguage":"fr-FR","@id":"https:\/\/www.micoulou-photos.com\/#\/schema\/logo\/image\/","url":"https:\/\/i0.wp.com\/www.micoulou-photos.com\/wp-content\/uploads\/2020\/05\/cropped-891667_552097324824916_1615181552_o-1.jpg?fit=643%2C722&ssl=1","contentUrl":"https:\/\/i0.wp.com\/www.micoulou-photos.com\/wp-content\/uploads\/2020\/05\/cropped-891667_552097324824916_1615181552_o-1.jpg?fit=643%2C722&ssl=1","width":643,"height":722,"caption":"Micoulou Photographie"},"image":{"@id":"https:\/\/www.micoulou-photos.com\/#\/schema\/logo\/image\/"}},{"@type":"Person","@id":"https:\/\/www.micoulou-photos.com\/#\/schema\/person\/6aedfe8ebe91da632f46e7c9d806a722","name":"micoulou","image":{"@type":"ImageObject","inLanguage":"fr-FR","@id":"https:\/\/secure.gravatar.com\/avatar\/98f892eb7d267eab2faa437baa3edd708deaaa43929316c0cc7b751a04cb247b?s=96&d=mm&r=g","url":"https:\/\/secure.gravatar.com\/avatar\/98f892eb7d267eab2faa437baa3edd708deaaa43929316c0cc7b751a04cb247b?s=96&d=mm&r=g","contentUrl":"https:\/\/secure.gravatar.com\/avatar\/98f892eb7d267eab2faa437baa3edd708deaaa43929316c0cc7b751a04cb247b?s=96&d=mm&r=g","caption":"micoulou"},"url":"https:\/\/www.micoulou-photos.com\/index.php\/author\/micoulou\/"}]}},"jetpack_publicize_connections":[],"jetpack_featured_media_url":"https:\/\/i0.wp.com\/www.micoulou-photos.com\/wp-content\/uploads\/2014\/01\/IMG_2573.jpg?fit=1000%2C1000&ssl=1","jetpack_sharing_enabled":true,"jetpack_shortlink":"https:\/\/wp.me\/p7zKF4-oP","jetpack-related-posts":[{"id":1593,"url":"https:\/\/www.micoulou-photos.com\/index.php\/2016\/05\/29\/animaux-sur-saltee-island\/","url_meta":{"origin":1539,"position":0},"title":"animaux sur Saltee island","author":"micoulou","date":"29 mai 2016","format":false,"excerpt":"","rel":"","context":"Dans &quot;voyage&quot;","block_context":{"text":"voyage","link":"https:\/\/www.micoulou-photos.com\/index.php\/category\/voyage\/"},"img":{"alt_text":"","src":"https:\/\/i0.wp.com\/www.micoulou-photos.com\/wp-content\/uploads\/2016\/05\/IMGP5283-Edit.jpg?fit=1200%2C514&ssl=1&resize=350%2C200","width":350,"height":200,"srcset":"https:\/\/i0.wp.com\/www.micoulou-photos.com\/wp-content\/uploads\/2016\/05\/IMGP5283-Edit.jpg?fit=1200%2C514&ssl=1&resize=350%2C200 1x, https:\/\/i0.wp.com\/www.micoulou-photos.com\/wp-content\/uploads\/2016\/05\/IMGP5283-Edit.jpg?fit=1200%2C514&ssl=1&resize=525%2C300 1.5x, https:\/\/i0.wp.com\/www.micoulou-photos.com\/wp-content\/uploads\/2016\/05\/IMGP5283-Edit.jpg?fit=1200%2C514&ssl=1&resize=700%2C400 2x, https:\/\/i0.wp.com\/www.micoulou-photos.com\/wp-content\/uploads\/2016\/05\/IMGP5283-Edit.jpg?fit=1200%2C514&ssl=1&resize=1050%2C600 3x"},"classes":[]},{"id":754,"url":"https:\/\/www.micoulou-photos.com\/index.php\/2014\/01\/29\/eglise-dans-laubrac\/","url_meta":{"origin":1539,"position":1},"title":"Eglise dans l&rsquo;Aubrac","author":"micoulou","date":"29 janvier 2014","format":false,"excerpt":"Une mini s\u00e9rie d'une eglise que j'ai pu visit\u00e9 ce week end dans l'Aubrac. \u00a0 Eglise Aubrac1","rel":"","context":"Dans &quot;reportage&quot;","block_context":{"text":"reportage","link":"https:\/\/www.micoulou-photos.com\/index.php\/category\/reportage\/"},"img":{"alt_text":"","src":"https:\/\/i0.wp.com\/www.micoulou-photos.com\/wp-content\/uploads\/2014\/01\/IMGP1768.jpg?fit=1024%2C678&ssl=1&resize=350%2C200","width":350,"height":200,"srcset":"https:\/\/i0.wp.com\/www.micoulou-photos.com\/wp-content\/uploads\/2014\/01\/IMGP1768.jpg?fit=1024%2C678&ssl=1&resize=350%2C200 1x, https:\/\/i0.wp.com\/www.micoulou-photos.com\/wp-content\/uploads\/2014\/01\/IMGP1768.jpg?fit=1024%2C678&ssl=1&resize=525%2C300 1.5x, https:\/\/i0.wp.com\/www.micoulou-photos.com\/wp-content\/uploads\/2014\/01\/IMGP1768.jpg?fit=1024%2C678&ssl=1&resize=700%2C400 2x"},"classes":[]},{"id":4379,"url":"https:\/\/www.micoulou-photos.com\/index.php\/2018\/05\/29\/la-champenoise-2018\/","url_meta":{"origin":1539,"position":2},"title":"La champenoise 2018","author":"micoulou","date":"29 mai 2018","format":false,"excerpt":"Voil\u00e0, j'ai pu faire quelques photos lors de la course la champenoise le weekend dernier. Ce n'est pas forcement le type de photo que je fais habituellement, mais cela m'a permis de voir autre chose apr\u00e8s le triste evenement familial de la semaine pass\u00e9. Mes photos sont sous licence cc-by-nc-sa,\u2026","rel":"","context":"Dans &quot;evenementiel&quot;","block_context":{"text":"evenementiel","link":"https:\/\/www.micoulou-photos.com\/index.php\/category\/reportage\/evenementiel-reportage\/"},"img":{"alt_text":"","src":"https:\/\/i0.wp.com\/www.micoulou-photos.com\/wp-content\/uploads\/2018\/05\/DSC04901-1.jpg?fit=1200%2C800&ssl=1&resize=350%2C200","width":350,"height":200,"srcset":"https:\/\/i0.wp.com\/www.micoulou-photos.com\/wp-content\/uploads\/2018\/05\/DSC04901-1.jpg?fit=1200%2C800&ssl=1&resize=350%2C200 1x, https:\/\/i0.wp.com\/www.micoulou-photos.com\/wp-content\/uploads\/2018\/05\/DSC04901-1.jpg?fit=1200%2C800&ssl=1&resize=525%2C300 1.5x, https:\/\/i0.wp.com\/www.micoulou-photos.com\/wp-content\/uploads\/2018\/05\/DSC04901-1.jpg?fit=1200%2C800&ssl=1&resize=700%2C400 2x, https:\/\/i0.wp.com\/www.micoulou-photos.com\/wp-content\/uploads\/2018\/05\/DSC04901-1.jpg?fit=1200%2C800&ssl=1&resize=1050%2C600 3x"},"classes":[]},{"id":98,"url":"https:\/\/www.micoulou-photos.com\/index.php\/2012\/08\/29\/excursion-en-bus\/","url_meta":{"origin":1539,"position":3},"title":"excursion en bus","author":"micoulou","date":"29 ao\u00fbt 2012","format":false,"excerpt":"Un petit r\u00e9sum\u00e9 de l'excursion en bus, une partie du Golden circle, un tour de 6h, assez cher, mais o\u00f9 on passe le plus grand du temps dans un bus... Cela permet d'avoir un aper\u00e7u rapide de l'Islande, mais cela m\u00e9riterais un temps d'arr\u00eat beaucoup plus long.HaukadalurLe geyser Strokkur, toujours\u2026","rel":"","context":"Dans &quot;Non class\u00e9&quot;","block_context":{"text":"Non class\u00e9","link":"https:\/\/www.micoulou-photos.com\/index.php\/category\/non-classe\/"},"img":{"alt_text":"","src":"https:\/\/i0.wp.com\/4.bp.blogspot.com\/-udWdtrm6Fbg\/UDtDEhndwAI\/AAAAAAAA1_c\/z17Xylob8_Q\/s320\/IMGP0866.jpg?resize=350%2C200","width":350,"height":200},"classes":[]},{"id":3419,"url":"https:\/\/www.micoulou-photos.com\/index.php\/2017\/06\/29\/enferme\/","url_meta":{"origin":1539,"position":4},"title":"Enferm\u00e9 dans le carr\u00e9","author":"micoulou","date":"29 juin 2017","format":false,"excerpt":"Apr\u00e8s ce petit article sur les kerterres, construction ronde, plein d'espoir... Voici un autre article, plus noir... J'ai donc fait le choix, ou l'erreur de retourner un peu en ville, pendant 3 mois, pour pouvoir avoir le budget de r\u00e9aliser mes projets et de ne plus jamais d\u00e9pendre d'un boulot\u2026","rel":"","context":"Dans &quot;voyage&quot;","block_context":{"text":"voyage","link":"https:\/\/www.micoulou-photos.com\/index.php\/category\/voyage\/"},"img":{"alt_text":"","src":"https:\/\/i0.wp.com\/www.micoulou-photos.com\/wp-content\/uploads\/2017\/06\/DSC01618.jpg?fit=1200%2C673&ssl=1&resize=350%2C200","width":350,"height":200,"srcset":"https:\/\/i0.wp.com\/www.micoulou-photos.com\/wp-content\/uploads\/2017\/06\/DSC01618.jpg?fit=1200%2C673&ssl=1&resize=350%2C200 1x, https:\/\/i0.wp.com\/www.micoulou-photos.com\/wp-content\/uploads\/2017\/06\/DSC01618.jpg?fit=1200%2C673&ssl=1&resize=525%2C300 1.5x, https:\/\/i0.wp.com\/www.micoulou-photos.com\/wp-content\/uploads\/2017\/06\/DSC01618.jpg?fit=1200%2C673&ssl=1&resize=700%2C400 2x, https:\/\/i0.wp.com\/www.micoulou-photos.com\/wp-content\/uploads\/2017\/06\/DSC01618.jpg?fit=1200%2C673&ssl=1&resize=1050%2C600 3x"},"classes":[]},{"id":127,"url":"https:\/\/www.micoulou-photos.com\/index.php\/2012\/03\/29\/quelques-images-a-lef-m\/","url_meta":{"origin":1539,"position":5},"title":"quelques images \u00e0 l&rsquo;EF-M","author":"micoulou","date":"29 mars 2012","format":false,"excerpt":"En janvier, juste avant d'avoir mes petits soucis imprevus, j'ai craqu\u00e9 pour un Canon EF-M (en fait, j'ai achet\u00e9 un lot, un EOS Rebel X pour un copain et un EF-M, tout manuel, pour moi). Ce petit boitier, tout plastique et pas cher, est un plaisir \u00e0 utiliser : pas\u2026","rel":"","context":"Dans &quot;Non class\u00e9&quot;","block_context":{"text":"Non class\u00e9","link":"https:\/\/www.micoulou-photos.com\/index.php\/category\/non-classe\/"},"img":{"alt_text":"","src":"https:\/\/i0.wp.com\/3.bp.blogspot.com\/-s7Cu8kmAhoU\/T2oVNY_M1MI\/AAAAAAAAtSQ\/w24MrwdD8wE\/s320\/000000890001.jpg?resize=350%2C200","width":350,"height":200},"classes":[]}],"_links":{"self":[{"href":"https:\/\/www.micoulou-photos.com\/index.php\/wp-json\/wp\/v2\/posts\/1539","targetHints":{"allow":["GET"]}}],"collection":[{"href":"https:\/\/www.micoulou-photos.com\/index.php\/wp-json\/wp\/v2\/posts"}],"about":[{"href":"https:\/\/www.micoulou-photos.com\/index.php\/wp-json\/wp\/v2\/types\/post"}],"author":[{"embeddable":true,"href":"https:\/\/www.micoulou-photos.com\/index.php\/wp-json\/wp\/v2\/users\/1"}],"replies":[{"embeddable":true,"href":"https:\/\/www.micoulou-photos.com\/index.php\/wp-json\/wp\/v2\/comments?post=1539"}],"version-history":[{"count":3,"href":"https:\/\/www.micoulou-photos.com\/index.php\/wp-json\/wp\/v2\/posts\/1539\/revisions"}],"predecessor-version":[{"id":5908,"href":"https:\/\/www.micoulou-photos.com\/index.php\/wp-json\/wp\/v2\/posts\/1539\/revisions\/5908"}],"wp:featuredmedia":[{"embeddable":true,"href":"https:\/\/www.micoulou-photos.com\/index.php\/wp-json\/wp\/v2\/media\/527"}],"wp:attachment":[{"href":"https:\/\/www.micoulou-photos.com\/index.php\/wp-json\/wp\/v2\/media?parent=1539"}],"wp:term":[{"taxonomy":"category","embeddable":true,"href":"https:\/\/www.micoulou-photos.com\/index.php\/wp-json\/wp\/v2\/categories?post=1539"},{"taxonomy":"post_tag","embeddable":true,"href":"https:\/\/www.micoulou-photos.com\/index.php\/wp-json\/wp\/v2\/tags?post=1539"}],"curies":[{"name":"wp","href":"https:\/\/api.w.org\/{rel}","templated":true}]}}